{"id":6980,"date":"2023-11-09T10:55:39","date_gmt":"2023-11-09T08:55:39","guid":{"rendered":"https:\/\/allasorias.hu\/hirek\/?p=6980"},"modified":"2023-11-09T11:01:01","modified_gmt":"2023-11-09T09:01:01","slug":"segitik-a-kisgyermekesek-munkaba-jutasat","status":"publish","type":"post","link":"https:\/\/allasorias.hu\/hirek\/segitik-a-kisgyermekesek-munkaba-jutasat\/","title":{"rendered":"Seg\u00edtik a kisgyermekesek munk\u00e1ba jut\u00e1s\u00e1t"},"content":{"rendered":"<p><strong>T\u00e1mogatj\u00e1k p\u00e1ly\u00e1zat \u00fatj\u00e1n a kisgyermekek b\u00f6lcs\u0151dei elhelyez\u00e9s\u00e9t, 5,5 milli\u00e1rd forintos keret\u00f6sszegre \u00faj ig\u00e9nyl\u00e9seket j\u00f6v\u0151 \u00e9vt\u0151l lehet beny\u00fajtani, ugyanakkor a t\u00e1mogat\u00e1sok kifizet\u00e9se visszamen\u0151legesen is lehets\u00e9ges lesz. <\/strong><\/p>\n<p>Hamarosan \u00fajra ig\u00e9nyelhet\u0151 lesz a kisgyerekek b\u00f6lcs\u0151dei elhelyez\u00e9s\u00e9t \u00e9s ez\u00e1ltal az \u0151ket nevel\u0151k munkaer\u0151piacra t\u00f6rt\u00e9n\u0151 visszat\u00e9r\u00e9s\u00e9t seg\u00edt\u0151 t\u00e1mogat\u00e1s \u2013 jelentette be a Kultur\u00e1lis \u00e9s Innov\u00e1ci\u00f3s Miniszt\u00e9rium csal\u00e1dok\u00e9rt felel\u0151s \u00e1llamtitk\u00e1ra. \u00a0Hornung \u00c1gnes a Magyar \u00c1llamkincst\u00e1r \u2013 2019-ben indult \u00e9s id\u00e9n v\u00e9get \u00e9rt \u2013 b\u00f6lcs\u0151dei elhelyez\u00e9st t\u00e1mogat\u00f3 projektj\u00e9nek z\u00e1r\u00f3rendezv\u00e9ny\u00e9n k\u00f6z\u00f6lte, hogy v\u00e1rhat\u00f3an a kor\u00e1bbi 40 ezer forint\u00e1l magasabb \u00f6sszegre lehet majd p\u00e1ly\u00e1zni, \u00e9s a t\u00e1mogat\u00e1sra fenntart\u00f3i form\u00e1t\u00f3l f\u00fcggetlen\u00fcl valamennyi b\u00f6lcs\u0151dei ell\u00e1t\u00e1sban r\u00e9szes\u00fcl\u0151 kisgyermek sz\u00fcl\u0151je jogosult lesz.<\/p>\n<p>Kiemelten t\u00e1mogatj\u00e1k majd a kev\u00e9sb\u00e9 fejlett r\u00e9gi\u00f3kat, \u00e9s 30 sz\u00e1zal\u00e9kkal magasabb \u00f6sszeget ig\u00e9nyelhetnek az egyed\u00fcl\u00e1ll\u00f3 \u00e9s a menek\u00fclt h\u00e1tter\u0171 sz\u00fcl\u0151k, valamint a tart\u00f3san beteg vagy fogyat\u00e9koss\u00e1ggal \u00e9l\u0151 gyermeket nevel\u0151k, a rendszeres gyermekv\u00e9delmi kedvezm\u00e9nyre jogosultak, tov\u00e1bb\u00e1 a saj\u00e1tos nevel\u00e9si ig\u00e9ny\u0171 vagy korai fejleszt\u00e9sre jogosult csal\u00e1dok \u2013 ismertette az \u00e1llamtitk\u00e1r. Megeml\u00edtette azt is, hogy az 5,5 milli\u00e1rd forintos keret\u00f6sszegre \u00faj ig\u00e9nyl\u00e9seket j\u00f6v\u0151 \u00e9vt\u0151l lehet beny\u00fajtani, ugyanakkor a t\u00e1mogat\u00e1sok kifizet\u00e9se visszamen\u0151legesen is lehets\u00e9ges lesz.<\/p>\n<h2>T\u00f6bb mint harmincf\u00e9le t\u00e1mogat\u00e1si forma<\/h2>\n<p>Az \u00e1llamtitk\u00e1r arr\u00f3l is besz\u00e9lt, hogy a 13 \u00e9ve elind\u00edtott csal\u00e1dbar\u00e1t fordulat k\u00e9t f\u0151 pill\u00e9re az eszme \u00e9s az eszk\u00f6zrendszer, amelyek kieg\u00e9sz\u00edtik egym\u00e1st: egyr\u00e9szt szeretn\u00e9k az embereket meger\u0151s\u00edteni abban, hogy csal\u00e1dban \u00e9lni j\u00f3, m\u00e1sr\u00e9szt pedig bevezettek t\u00f6bb mint harmincf\u00e9le t\u00e1mogat\u00e1si form\u00e1t, amelyek a teljes \u00e9letutat lefedik, \u00e9s ez\u00e1ltal kisz\u00e1m\u00edthat\u00f3s\u00e1got biztos\u00edtanak az \u00e1llampolg\u00e1roknak. Bug\u00e1r Csaba, a Magyar \u00c1llamkincst\u00e1r eln\u00f6ke elmondta, hogy a b\u00f6lcs\u0151dei elhelyez\u00e9st t\u00e1mogat\u00f3 \u00e9s ez\u00e1ltal a sz\u00fcl\u0151k munkahelyi visszat\u00e9r\u00e9s\u00e9t seg\u00edt\u0151 projekt 2019-ben indult \u00e9s h\u00e1rom \u00e9vig tartott, a csal\u00e1dok havonta legfeljebb 40 ezer forint \u00e9rt\u00e9kben ig\u00e9nyelhettek t\u00e1mogat\u00e1st az orsz\u00e1g teljes ter\u00fclet\u00e9n annak \u00e9rdek\u00e9ben, hogy finansz\u00edrozni tudj\u00e1k a b\u00f6lcs\u0151dei elhelyez\u00e9st.<\/p>\n<p>A programot a konvergenciar\u00e9gi\u00f3kban eur\u00f3pai uni\u00f3s, K\u00f6z\u00e9p-Magyarorsz\u00e1gon pedig korm\u00e1nyzati forr\u00e1sb\u00f3l val\u00f3s\u00edtott\u00e1k meg, a h\u00e1rom \u00e9v alatt 10 300 gyerek elhelyez\u00e9s\u00e9hez j\u00e1rultak hozz\u00e1 2,6 milli\u00e1rd forint \u00e9rt\u00e9kben, ennek k\u00f6sz\u00f6nhet\u0151en 9700 kisgyerekes sz\u00fcl\u0151 tudott visszat\u00e9rni a munk\u00e1ba \u2013 ismertette az eln\u00f6k. Elmondta azt is, hogy a p\u00e1ly\u00e1z\u00f3k majdnem fele a K\u00f6z\u00e9p-Magyarorsz\u00e1gi r\u00e9gi\u00f3b\u00f3l ker\u00fclt ki, a kev\u00e9sb\u00e9 fejlett r\u00e9gi\u00f3k k\u00f6z\u00fcl pedig az \u00c9szak-Alf\u00f6ldr\u0151l \u00e9s a K\u00f6z\u00e9p-Dun\u00e1nt\u00falr\u00f3l \u00e9rkezett a legt\u00f6bb, a Nyugat-Dun\u00e1nt\u00falr\u00f3l pedig a legkevesebb ig\u00e9nyl\u00e9s.<\/p>\n<h2>Rekordmagas foglalkoztatotts\u00e1g<\/h2>\n<p>Z\u00f6ld-Nagy Vikt\u00f3ria, a Gazdas\u00e1gfejleszt\u00e9si Miniszt\u00e9rium munkaer\u0151piac\u00e9rt, munkav\u00e9delem\u00e9rt \u00e9s foglalkoztat\u00e1sfel\u00fcgyelet\u00e9rt felel\u0151s helyettes \u00e1llamtitk\u00e1ra azt mondta, hogy az elm\u00falt id\u0151szakban a kedvez\u0151tlen gazdas\u00e1gi k\u00f6rnyezet ellen\u00e9re is <a href=\"https:\/\/allasorias.hu\/hirek\/a-teljes-foglalkoztatottsag-kozeleben-allunk\/\">rekordmagas a foglalkoztatotts\u00e1g<\/a>, az idei \u00e9v els\u0151 h\u00e1romnegyed\u00e9v\u00e9ben 83 ezerrel b\u0151v\u00fclt a foglalkoztatotts\u00e1g, k\u00f6z\u00fcl\u00fck 48 ezren teljes munkaid\u0151ben dolgoznak. K\u00f6z\u00f6lte azt is, hogy 2030-ig a korm\u00e1ny szeretn\u00e9 a foglalkoztatotts\u00e1got a jelenlegi 74 sz\u00e1zal\u00e9kr\u00f3l 80 sz\u00e1zal\u00e9kra n\u00f6velni, tov\u00e1bb\u00e1 a magyar munkaer\u0151 teljes\u00edt\u0151k\u00e9pess\u00e9g\u00e9t k\u00fcl\u00f6nb\u00f6z\u0151 k\u00e9pz\u00e9sekkel n\u00f6velni, valamint el\u00e9rni, hogy min\u00e9l eg\u00e9szs\u00e9gesebb \u00e9s biztons\u00e1gosabb helyen tudjanak a munkav\u00e1llal\u00f3k dolgozni.<\/p>\n<p>Z\u00f6ld-Nagy Vikt\u00f3ria kih\u00edv\u00e1sk\u00e9nt eml\u00edtette, hogy 2030-ig v\u00e1rhat\u00f3an mintegy 300 ezer ember \u201et\u0171nik el\u201d a magyar munkaer\u0151piacr\u00f3l, mert nyugd\u00edjba megy, \u0151ket majd p\u00f3tolni kell, ez\u00e9rt vizsg\u00e1lj\u00e1k hol van m\u00e9g potenci\u00e1lis munkaer\u0151tartal\u00e9k. A kisgyermeket nevel\u0151 sz\u00fcl\u0151k \u00e9pp ebbe a kateg\u00f3ri\u00e1ba tartoznak, ez\u00e9rt fontosak azok a t\u00e1mogat\u00e1sok, amelyek seg\u00edtenek nekik visszat\u00e9rni a munkaer\u0151piacra \u2013 emelte ki a helyettes \u00e1llamtitk\u00e1r, hozz\u00e1t\u00e9ve, hogy 2010 \u00f3ta a kisgyereket nevel\u0151k foglalkoztatotts\u00e1ga 12 sz\u00e1zal\u00e9kkal n\u0151tt.<\/p>\n<p>Forr\u00e1s: <a href=\"https:\/\/168.hu\/itthon\/hornung-agnes-allamkincstar-bolcsode-tamogatas-269804\" target=\"_blank\" rel=\"nofollow noopener noreferrer\">168.hu<\/a><\/p>\n","protected":false},"excerpt":{"rendered":"<p>T\u00e1mogatj\u00e1k p\u00e1ly\u00e1zat \u00fatj\u00e1n a kisgyermekek b\u00f6lcs\u0151dei elhelyez\u00e9s\u00e9t, 5,5 milli\u00e1rd forintos keret\u00f6sszegre \u00faj ig\u00e9nyl\u00e9seket j\u00f6v\u0151 \u00e9vt\u0151l lehet beny\u00fajtani, ugyanakkor a t\u00e1mogat\u00e1sok kifizet\u00e9se visszamen\u0151legesen is lehets\u00e9ges lesz. Hamarosan \u00fajra ig\u00e9nyelhet\u0151 lesz a kisgyerekek b\u00f6lcs\u0151dei elhelyez\u00e9s\u00e9t \u00e9s ez\u00e1ltal az \u0151ket nevel\u0151k munkaer\u0151piacra t\u00f6rt\u00e9n\u0151 visszat\u00e9r\u00e9s\u00e9t seg\u00edt\u0151 t\u00e1mogat\u00e1s \u2013 jelentette be a Kultur\u00e1lis \u00e9s Innov\u00e1ci\u00f3s Miniszt\u00e9rium csal\u00e1dok\u00e9rt felel\u0151s \u00e1llamtitk\u00e1ra. \u00a0Hornung [&hellip;]<\/p>\n","protected":false},"author":1,"featured_media":6986,"comment_status":"open","ping_status":"open","sticky":false,"template":"","format":"standard","meta":{"_monsterinsights_skip_tracking":false,"footnotes":""},"categories":[200],"tags":[644,645,592],"class_list":["post-6980","post","type-post","status-publish","format-standard","has-post-thumbnail","hentry","category-munkaeropiac","tag-bolcsode","tag-kisgyermekesek-tamogatasa","tag-tamogatas"],"aioseo_notices":[],"aioseo_head":"\n\t\t<!-- All in One SEO 5.0.0.1 - aioseo.com -->\n\t<meta name=\"description\" content=\"T\u00e1mogatj\u00e1k p\u00e1ly\u00e1zat \u00fatj\u00e1n a kisgyermekek b\u00f6lcs\u0151dei elhelyez\u00e9s\u00e9t, 5,5 milli\u00e1rd forintos keret\u00f6sszegre \u00faj ig\u00e9nyl\u00e9seket j\u00f6v\u0151 \u00e9vt\u0151l lehet beny\u00fajtani\" \/>\n\t<meta name=\"robots\" content=\"max-image-preview:large\" \/>\n\t<meta name=\"author\" content=\"Juh\u00e1sz P\u00e9ter\"\/>\n\t<meta name=\"keywords\" content=\"b\u00f6lcs\u0151de,kisgyermekesek t\u00e1mogat\u00e1sa,t\u00e1mogat\u00e1s\" \/>\n\t<link rel=\"canonical\" href=\"https:\/\/allasorias.hu\/hirek\/segitik-a-kisgyermekesek-munkaba-jutasat\/\" \/>\n\t<meta name=\"generator\" content=\"All in One SEO (AIOSEO) 5.0.0.1\" \/>\n\t\t<meta property=\"og:locale\" content=\"hu_HU\" \/>\n\t\t<meta property=\"og:site_name\" content=\"AllasOrias.hu | H\u00edrek-lapszemle | \u00dczleti h\u00edrek az \u00e1ll\u00e1s \u00e9s a munka vil\u00e1g\u00e1b\u00f3l\" \/>\n\t\t<meta property=\"og:type\" content=\"article\" \/>\n\t\t<meta property=\"og:title\" content=\"Seg\u00edtik a kisgyermekesek munk\u00e1ba jut\u00e1s\u00e1t | Allasorias.hu\" \/>\n\t\t<meta property=\"og:description\" content=\"T\u00e1mogatj\u00e1k p\u00e1ly\u00e1zat \u00fatj\u00e1n a kisgyermekek b\u00f6lcs\u0151dei elhelyez\u00e9s\u00e9t, 5,5 milli\u00e1rd forintos keret\u00f6sszegre \u00faj ig\u00e9nyl\u00e9seket j\u00f6v\u0151 \u00e9vt\u0151l lehet beny\u00fajtani\" \/>\n\t\t<meta property=\"og:url\" content=\"https:\/\/allasorias.hu\/hirek\/segitik-a-kisgyermekesek-munkaba-jutasat\/\" \/>\n\t\t<meta property=\"og:image\" content=\"https:\/\/allasorias.hu\/hirek\/wp-content\/uploads\/2023\/11\/kisgyermekesek-tamogatasa-1.jpg\" \/>\n\t\t<meta property=\"og:image:secure_url\" content=\"https:\/\/allasorias.hu\/hirek\/wp-content\/uploads\/2023\/11\/kisgyermekesek-tamogatasa-1.jpg\" \/>\n\t\t<meta property=\"og:image:width\" content=\"1280\" \/>\n\t\t<meta property=\"og:image:height\" content=\"853\" \/>\n\t\t<meta property=\"article:published_time\" content=\"2023-11-09T08:55:39+00:00\" \/>\n\t\t<meta property=\"article:modified_time\" content=\"2023-11-09T09:01:01+00:00\" \/>\n\t\t<meta property=\"article:publisher\" content=\"https:\/\/www.facebook.com\/allasorias\" \/>\n\t\t<meta name=\"twitter:card\" content=\"summary_large_image\" \/>\n\t\t<meta name=\"twitter:title\" content=\"Seg\u00edtik a kisgyermekesek munk\u00e1ba jut\u00e1s\u00e1t | Allasorias.hu\" \/>\n\t\t<meta name=\"twitter:description\" content=\"T\u00e1mogatj\u00e1k p\u00e1ly\u00e1zat \u00fatj\u00e1n a kisgyermekek b\u00f6lcs\u0151dei elhelyez\u00e9s\u00e9t, 5,5 milli\u00e1rd forintos keret\u00f6sszegre \u00faj ig\u00e9nyl\u00e9seket j\u00f6v\u0151 \u00e9vt\u0151l lehet beny\u00fajtani\" \/>\n\t\t<meta name=\"twitter:image\" content=\"https:\/\/allasorias.hu\/hirek\/wp-content\/uploads\/2023\/11\/kisgyermekesek-tamogatasa-1.jpg\" \/>\n\t\t<meta name=\"twitter:label1\" content=\"Written by\" \/>\n\t\t<meta name=\"twitter:data1\" content=\"Juh\u00e1sz P\u00e9ter\" \/>\n\t\t<meta name=\"twitter:label2\" content=\"Est. reading time\" \/>\n\t\t<meta name=\"twitter:data2\" content=\"4 minutes\" \/>\n\t\t<script type=\"application\/ld+json\" class=\"aioseo-schema\">\n\t\t\t{\"@context\":\"https:\\\/\\\/schema.org\",\"@graph\":[{\"@type\":\"Article\",\"@id\":\"https:\\\/\\\/allasorias.hu\\\/hirek\\\/segitik-a-kisgyermekesek-munkaba-jutasat\\\/#article\",\"name\":\"Seg\\u00edtik a kisgyermekesek munk\\u00e1ba jut\\u00e1s\\u00e1t | Allasorias.hu\",\"headline\":\"Seg\\u00edtik a kisgyermekesek munk\\u00e1ba jut\\u00e1s\\u00e1t\",\"author\":{\"@id\":\"https:\\\/\\\/allasorias.hu\\\/hirek\\\/author\\\/admin-allasorias\\\/#author\"},\"publisher\":{\"@id\":\"https:\\\/\\\/allasorias.hu\\\/hirek\\\/#organization\"},\"image\":{\"@type\":\"ImageObject\",\"url\":\"https:\\\/\\\/allasorias.hu\\\/hirek\\\/wp-content\\\/uploads\\\/2023\\\/11\\\/kisgyermekesek-tamogatasa-1.jpg\",\"width\":1280,\"height\":853,\"caption\":\"Seg\\u00edtik a kisgyermekesek munk\\u00e1ba jut\\u00e1s\\u00e1t - Allasorias.hu\\\/Hirek\"},\"datePublished\":\"2023-11-09T10:55:39+02:00\",\"dateModified\":\"2023-11-09T11:01:01+02:00\",\"inLanguage\":\"hu-HU\",\"mainEntityOfPage\":{\"@id\":\"https:\\\/\\\/allasorias.hu\\\/hirek\\\/segitik-a-kisgyermekesek-munkaba-jutasat\\\/#webpage\"},\"isPartOf\":{\"@id\":\"https:\\\/\\\/allasorias.hu\\\/hirek\\\/segitik-a-kisgyermekesek-munkaba-jutasat\\\/#webpage\"},\"articleSection\":\"Munkaer\\u0151piac, b\\u00f6lcs\\u0151de, kisgyermekesek t\\u00e1mogat\\u00e1sa, t\\u00e1mogat\\u00e1s\"},{\"@type\":\"BreadcrumbList\",\"@id\":\"https:\\\/\\\/allasorias.hu\\\/hirek\\\/segitik-a-kisgyermekesek-munkaba-jutasat\\\/#breadcrumblist\",\"itemListElement\":[{\"@type\":\"ListItem\",\"@id\":\"https:\\\/\\\/allasorias.hu\\\/hirek#listItem\",\"position\":1,\"name\":\"Home\",\"item\":\"https:\\\/\\\/allasorias.hu\\\/hirek\",\"nextItem\":{\"@type\":\"ListItem\",\"@id\":\"https:\\\/\\\/allasorias.hu\\\/hirek\\\/temak\\\/munkaeropiac\\\/#listItem\",\"name\":\"Munkaer\\u0151piac\"}},{\"@type\":\"ListItem\",\"@id\":\"https:\\\/\\\/allasorias.hu\\\/hirek\\\/temak\\\/munkaeropiac\\\/#listItem\",\"position\":2,\"name\":\"Munkaer\\u0151piac\",\"item\":\"https:\\\/\\\/allasorias.hu\\\/hirek\\\/temak\\\/munkaeropiac\\\/\",\"nextItem\":{\"@type\":\"ListItem\",\"@id\":\"https:\\\/\\\/allasorias.hu\\\/hirek\\\/segitik-a-kisgyermekesek-munkaba-jutasat\\\/#listItem\",\"name\":\"Seg\\u00edtik a kisgyermekesek munk\\u00e1ba jut\\u00e1s\\u00e1t\"},\"previousItem\":{\"@type\":\"ListItem\",\"@id\":\"https:\\\/\\\/allasorias.hu\\\/hirek#listItem\",\"name\":\"Home\"}},{\"@type\":\"ListItem\",\"@id\":\"https:\\\/\\\/allasorias.hu\\\/hirek\\\/segitik-a-kisgyermekesek-munkaba-jutasat\\\/#listItem\",\"position\":3,\"name\":\"Seg\\u00edtik a kisgyermekesek munk\\u00e1ba jut\\u00e1s\\u00e1t\",\"previousItem\":{\"@type\":\"ListItem\",\"@id\":\"https:\\\/\\\/allasorias.hu\\\/hirek\\\/temak\\\/munkaeropiac\\\/#listItem\",\"name\":\"Munkaer\\u0151piac\"}}]},{\"@type\":\"Organization\",\"@id\":\"https:\\\/\\\/allasorias.hu\\\/hirek\\\/#organization\",\"name\":\"AllasOrias.hu | H\\u00edrek-lapszemle\",\"description\":\"\\u00dczleti h\\u00edrek az \\u00e1ll\\u00e1s \\u00e9s a munka vil\\u00e1g\\u00e1b\\u00f3l\",\"url\":\"https:\\\/\\\/allasorias.hu\\\/hirek\\\/\",\"logo\":{\"@type\":\"ImageObject\",\"url\":\"https:\\\/\\\/allasorias.hu\\\/hirek\\\/wp-content\\\/uploads\\\/2022\\\/10\\\/allasorias_site_facebok_logo.png\",\"@id\":\"https:\\\/\\\/allasorias.hu\\\/hirek\\\/segitik-a-kisgyermekesek-munkaba-jutasat\\\/#organizationLogo\"},\"image\":{\"@id\":\"https:\\\/\\\/allasorias.hu\\\/hirek\\\/segitik-a-kisgyermekesek-munkaba-jutasat\\\/#organizationLogo\"},\"sameAs\":[\"https:\\\/\\\/www.facebook.com\\\/allasorias\",\"https:\\\/\\\/www.linkedin.com\\\/company\\\/allasorias\"]},{\"@type\":\"Person\",\"@id\":\"https:\\\/\\\/allasorias.hu\\\/hirek\\\/author\\\/admin-allasorias\\\/#author\",\"url\":\"https:\\\/\\\/allasorias.hu\\\/hirek\\\/author\\\/admin-allasorias\\\/\",\"name\":\"Juh\\u00e1sz P\\u00e9ter\",\"image\":{\"@type\":\"ImageObject\",\"@id\":\"https:\\\/\\\/allasorias.hu\\\/hirek\\\/segitik-a-kisgyermekesek-munkaba-jutasat\\\/#authorImage\",\"url\":\"https:\\\/\\\/secure.gravatar.com\\\/avatar\\\/36e6bcb83148978b992977cb0f54d22feb0cce8a0a849a9410532bb2623ba4c6?s=96&d=mm&r=g\",\"width\":96,\"height\":96,\"caption\":\"Juh\\u00e1sz P\\u00e9ter\"}},{\"@type\":\"WebPage\",\"@id\":\"https:\\\/\\\/allasorias.hu\\\/hirek\\\/segitik-a-kisgyermekesek-munkaba-jutasat\\\/#webpage\",\"url\":\"https:\\\/\\\/allasorias.hu\\\/hirek\\\/segitik-a-kisgyermekesek-munkaba-jutasat\\\/\",\"name\":\"Seg\\u00edtik a kisgyermekesek munk\\u00e1ba jut\\u00e1s\\u00e1t | Allasorias.hu\",\"description\":\"T\\u00e1mogatj\\u00e1k p\\u00e1ly\\u00e1zat \\u00fatj\\u00e1n a kisgyermekek b\\u00f6lcs\\u0151dei elhelyez\\u00e9s\\u00e9t, 5,5 milli\\u00e1rd forintos keret\\u00f6sszegre \\u00faj ig\\u00e9nyl\\u00e9seket j\\u00f6v\\u0151 \\u00e9vt\\u0151l lehet beny\\u00fajtani\",\"inLanguage\":\"hu-HU\",\"isPartOf\":{\"@id\":\"https:\\\/\\\/allasorias.hu\\\/hirek\\\/#website\"},\"breadcrumb\":{\"@id\":\"https:\\\/\\\/allasorias.hu\\\/hirek\\\/segitik-a-kisgyermekesek-munkaba-jutasat\\\/#breadcrumblist\"},\"author\":{\"@id\":\"https:\\\/\\\/allasorias.hu\\\/hirek\\\/author\\\/admin-allasorias\\\/#author\"},\"creator\":{\"@id\":\"https:\\\/\\\/allasorias.hu\\\/hirek\\\/author\\\/admin-allasorias\\\/#author\"},\"image\":{\"@type\":\"ImageObject\",\"url\":\"https:\\\/\\\/allasorias.hu\\\/hirek\\\/wp-content\\\/uploads\\\/2023\\\/11\\\/kisgyermekesek-tamogatasa-1.jpg\",\"@id\":\"https:\\\/\\\/allasorias.hu\\\/hirek\\\/segitik-a-kisgyermekesek-munkaba-jutasat\\\/#mainImage\",\"width\":1280,\"height\":853,\"caption\":\"Seg\\u00edtik a kisgyermekesek munk\\u00e1ba jut\\u00e1s\\u00e1t - Allasorias.hu\\\/Hirek\"},\"primaryImageOfPage\":{\"@id\":\"https:\\\/\\\/allasorias.hu\\\/hirek\\\/segitik-a-kisgyermekesek-munkaba-jutasat\\\/#mainImage\"},\"datePublished\":\"2023-11-09T10:55:39+02:00\",\"dateModified\":\"2023-11-09T11:01:01+02:00\"},{\"@type\":\"WebSite\",\"@id\":\"https:\\\/\\\/allasorias.hu\\\/hirek\\\/#website\",\"url\":\"https:\\\/\\\/allasorias.hu\\\/hirek\\\/\",\"name\":\"AllasOrias.hu | H\\u00edrek-lapszemle\",\"description\":\"\\u00dczleti h\\u00edrek az \\u00e1ll\\u00e1s \\u00e9s a munka vil\\u00e1g\\u00e1b\\u00f3l\",\"inLanguage\":\"hu-HU\",\"publisher\":{\"@id\":\"https:\\\/\\\/allasorias.hu\\\/hirek\\\/#organization\"}}]}\n\t\t<\/script>\n\t\t<!-- All in One SEO -->\n\n","aioseo_head_json":{"title":"Seg\u00edtik a kisgyermekesek munk\u00e1ba jut\u00e1s\u00e1t | Allasorias.hu","description":"T\u00e1mogatj\u00e1k p\u00e1ly\u00e1zat \u00fatj\u00e1n a kisgyermekek b\u00f6lcs\u0151dei elhelyez\u00e9s\u00e9t, 5,5 milli\u00e1rd forintos keret\u00f6sszegre \u00faj ig\u00e9nyl\u00e9seket j\u00f6v\u0151 \u00e9vt\u0151l lehet beny\u00fajtani","canonical_url":"https:\/\/allasorias.hu\/hirek\/segitik-a-kisgyermekesek-munkaba-jutasat\/","robots":"max-image-preview:large","keywords":"b\u00f6lcs\u0151de,kisgyermekesek t\u00e1mogat\u00e1sa,t\u00e1mogat\u00e1s","webmasterTools":{"miscellaneous":""},"schema":{"@context":"https:\/\/schema.org","@graph":[{"@type":"Article","@id":"https:\/\/allasorias.hu\/hirek\/segitik-a-kisgyermekesek-munkaba-jutasat\/#article","name":"Seg\u00edtik a kisgyermekesek munk\u00e1ba jut\u00e1s\u00e1t | Allasorias.hu","headline":"Seg\u00edtik a kisgyermekesek munk\u00e1ba jut\u00e1s\u00e1t","author":{"@id":"https:\/\/allasorias.hu\/hirek\/author\/admin-allasorias\/#author"},"publisher":{"@id":"https:\/\/allasorias.hu\/hirek\/#organization"},"image":{"@type":"ImageObject","url":"https:\/\/allasorias.hu\/hirek\/wp-content\/uploads\/2023\/11\/kisgyermekesek-tamogatasa-1.jpg","width":1280,"height":853,"caption":"Seg\u00edtik a kisgyermekesek munk\u00e1ba jut\u00e1s\u00e1t - Allasorias.hu\/Hirek"},"datePublished":"2023-11-09T10:55:39+02:00","dateModified":"2023-11-09T11:01:01+02:00","inLanguage":"hu-HU","mainEntityOfPage":{"@id":"https:\/\/allasorias.hu\/hirek\/segitik-a-kisgyermekesek-munkaba-jutasat\/#webpage"},"isPartOf":{"@id":"https:\/\/allasorias.hu\/hirek\/segitik-a-kisgyermekesek-munkaba-jutasat\/#webpage"},"articleSection":"Munkaer\u0151piac, b\u00f6lcs\u0151de, kisgyermekesek t\u00e1mogat\u00e1sa, t\u00e1mogat\u00e1s"},{"@type":"BreadcrumbList","@id":"https:\/\/allasorias.hu\/hirek\/segitik-a-kisgyermekesek-munkaba-jutasat\/#breadcrumblist","itemListElement":[{"@type":"ListItem","@id":"https:\/\/allasorias.hu\/hirek#listItem","position":1,"name":"Home","item":"https:\/\/allasorias.hu\/hirek","nextItem":{"@type":"ListItem","@id":"https:\/\/allasorias.hu\/hirek\/temak\/munkaeropiac\/#listItem","name":"Munkaer\u0151piac"}},{"@type":"ListItem","@id":"https:\/\/allasorias.hu\/hirek\/temak\/munkaeropiac\/#listItem","position":2,"name":"Munkaer\u0151piac","item":"https:\/\/allasorias.hu\/hirek\/temak\/munkaeropiac\/","nextItem":{"@type":"ListItem","@id":"https:\/\/allasorias.hu\/hirek\/segitik-a-kisgyermekesek-munkaba-jutasat\/#listItem","name":"Seg\u00edtik a kisgyermekesek munk\u00e1ba jut\u00e1s\u00e1t"},"previousItem":{"@type":"ListItem","@id":"https:\/\/allasorias.hu\/hirek#listItem","name":"Home"}},{"@type":"ListItem","@id":"https:\/\/allasorias.hu\/hirek\/segitik-a-kisgyermekesek-munkaba-jutasat\/#listItem","position":3,"name":"Seg\u00edtik a kisgyermekesek munk\u00e1ba jut\u00e1s\u00e1t","previousItem":{"@type":"ListItem","@id":"https:\/\/allasorias.hu\/hirek\/temak\/munkaeropiac\/#listItem","name":"Munkaer\u0151piac"}}]},{"@type":"Organization","@id":"https:\/\/allasorias.hu\/hirek\/#organization","name":"AllasOrias.hu | H\u00edrek-lapszemle","description":"\u00dczleti h\u00edrek az \u00e1ll\u00e1s \u00e9s a munka vil\u00e1g\u00e1b\u00f3l","url":"https:\/\/allasorias.hu\/hirek\/","logo":{"@type":"ImageObject","url":"https:\/\/allasorias.hu\/hirek\/wp-content\/uploads\/2022\/10\/allasorias_site_facebok_logo.png","@id":"https:\/\/allasorias.hu\/hirek\/segitik-a-kisgyermekesek-munkaba-jutasat\/#organizationLogo"},"image":{"@id":"https:\/\/allasorias.hu\/hirek\/segitik-a-kisgyermekesek-munkaba-jutasat\/#organizationLogo"},"sameAs":["https:\/\/www.facebook.com\/allasorias","https:\/\/www.linkedin.com\/company\/allasorias"]},{"@type":"Person","@id":"https:\/\/allasorias.hu\/hirek\/author\/admin-allasorias\/#author","url":"https:\/\/allasorias.hu\/hirek\/author\/admin-allasorias\/","name":"Juh\u00e1sz P\u00e9ter","image":{"@type":"ImageObject","@id":"https:\/\/allasorias.hu\/hirek\/segitik-a-kisgyermekesek-munkaba-jutasat\/#authorImage","url":"https:\/\/secure.gravatar.com\/avatar\/36e6bcb83148978b992977cb0f54d22feb0cce8a0a849a9410532bb2623ba4c6?s=96&d=mm&r=g","width":96,"height":96,"caption":"Juh\u00e1sz P\u00e9ter"}},{"@type":"WebPage","@id":"https:\/\/allasorias.hu\/hirek\/segitik-a-kisgyermekesek-munkaba-jutasat\/#webpage","url":"https:\/\/allasorias.hu\/hirek\/segitik-a-kisgyermekesek-munkaba-jutasat\/","name":"Seg\u00edtik a kisgyermekesek munk\u00e1ba jut\u00e1s\u00e1t | Allasorias.hu","description":"T\u00e1mogatj\u00e1k p\u00e1ly\u00e1zat \u00fatj\u00e1n a kisgyermekek b\u00f6lcs\u0151dei elhelyez\u00e9s\u00e9t, 5,5 milli\u00e1rd forintos keret\u00f6sszegre \u00faj ig\u00e9nyl\u00e9seket j\u00f6v\u0151 \u00e9vt\u0151l lehet beny\u00fajtani","inLanguage":"hu-HU","isPartOf":{"@id":"https:\/\/allasorias.hu\/hirek\/#website"},"breadcrumb":{"@id":"https:\/\/allasorias.hu\/hirek\/segitik-a-kisgyermekesek-munkaba-jutasat\/#breadcrumblist"},"author":{"@id":"https:\/\/allasorias.hu\/hirek\/author\/admin-allasorias\/#author"},"creator":{"@id":"https:\/\/allasorias.hu\/hirek\/author\/admin-allasorias\/#author"},"image":{"@type":"ImageObject","url":"https:\/\/allasorias.hu\/hirek\/wp-content\/uploads\/2023\/11\/kisgyermekesek-tamogatasa-1.jpg","@id":"https:\/\/allasorias.hu\/hirek\/segitik-a-kisgyermekesek-munkaba-jutasat\/#mainImage","width":1280,"height":853,"caption":"Seg\u00edtik a kisgyermekesek munk\u00e1ba jut\u00e1s\u00e1t - Allasorias.hu\/Hirek"},"primaryImageOfPage":{"@id":"https:\/\/allasorias.hu\/hirek\/segitik-a-kisgyermekesek-munkaba-jutasat\/#mainImage"},"datePublished":"2023-11-09T10:55:39+02:00","dateModified":"2023-11-09T11:01:01+02:00"},{"@type":"WebSite","@id":"https:\/\/allasorias.hu\/hirek\/#website","url":"https:\/\/allasorias.hu\/hirek\/","name":"AllasOrias.hu | H\u00edrek-lapszemle","description":"\u00dczleti h\u00edrek az \u00e1ll\u00e1s \u00e9s a munka vil\u00e1g\u00e1b\u00f3l","inLanguage":"hu-HU","publisher":{"@id":"https:\/\/allasorias.hu\/hirek\/#organization"}}]},"og:locale":"hu_HU","og:site_name":"AllasOrias.hu | H\u00edrek-lapszemle | \u00dczleti h\u00edrek az \u00e1ll\u00e1s \u00e9s a munka vil\u00e1g\u00e1b\u00f3l","og:type":"article","og:title":"Seg\u00edtik a kisgyermekesek munk\u00e1ba jut\u00e1s\u00e1t | Allasorias.hu","og:description":"T\u00e1mogatj\u00e1k p\u00e1ly\u00e1zat \u00fatj\u00e1n a kisgyermekek b\u00f6lcs\u0151dei elhelyez\u00e9s\u00e9t, 5,5 milli\u00e1rd forintos keret\u00f6sszegre \u00faj ig\u00e9nyl\u00e9seket j\u00f6v\u0151 \u00e9vt\u0151l lehet beny\u00fajtani","og:url":"https:\/\/allasorias.hu\/hirek\/segitik-a-kisgyermekesek-munkaba-jutasat\/","og:image":"https:\/\/allasorias.hu\/hirek\/wp-content\/uploads\/2023\/11\/kisgyermekesek-tamogatasa-1.jpg","og:image:secure_url":"https:\/\/allasorias.hu\/hirek\/wp-content\/uploads\/2023\/11\/kisgyermekesek-tamogatasa-1.jpg","og:image:width":1280,"og:image:height":853,"article:published_time":"2023-11-09T08:55:39+00:00","article:modified_time":"2023-11-09T09:01:01+00:00","article:publisher":"https:\/\/www.facebook.com\/allasorias","twitter:card":"summary_large_image","twitter:title":"Seg\u00edtik a kisgyermekesek munk\u00e1ba jut\u00e1s\u00e1t | Allasorias.hu","twitter:description":"T\u00e1mogatj\u00e1k p\u00e1ly\u00e1zat \u00fatj\u00e1n a kisgyermekek b\u00f6lcs\u0151dei elhelyez\u00e9s\u00e9t, 5,5 milli\u00e1rd forintos keret\u00f6sszegre \u00faj ig\u00e9nyl\u00e9seket j\u00f6v\u0151 \u00e9vt\u0151l lehet beny\u00fajtani","twitter:image":"https:\/\/allasorias.hu\/hirek\/wp-content\/uploads\/2023\/11\/kisgyermekesek-tamogatasa-1.jpg","twitter:label1":"Written by","twitter:data1":"Juh\u00e1sz P\u00e9ter","twitter:label2":"Est. reading time","twitter:data2":"4 minutes"},"aioseo_meta_data":{"post_id":"6980","title":"#post_title | Allasorias.hu","description":"T\u00e1mogatj\u00e1k p\u00e1ly\u00e1zat \u00fatj\u00e1n a kisgyermekek b\u00f6lcs\u0151dei elhelyez\u00e9s\u00e9t, 5,5 milli\u00e1rd forintos keret\u00f6sszegre \u00faj ig\u00e9nyl\u00e9seket j\u00f6v\u0151 \u00e9vt\u0151l lehet beny\u00fajtani","keywords":[],"keyphrases":{"focus":{"keyphrase":"","score":0,"analysis":{"keyphraseInTitle":{"score":0,"maxScore":9,"error":1}}},"additional":[]},"primary_term":null,"canonical_url":null,"og_title":null,"og_description":null,"og_object_type":"default","og_image_type":"default","og_image_url":null,"og_image_width":null,"og_image_height":null,"og_image_custom_url":null,"og_image_custom_fields":null,"og_video":"","og_custom_url":null,"og_article_section":null,"og_article_tags":[],"twitter_use_og":true,"twitter_card":"default","twitter_image_type":"default","twitter_image_url":null,"twitter_image_custom_url":null,"twitter_image_custom_fields":null,"twitter_title":null,"twitter_description":null,"schema":{"blockGraphs":[],"customGraphs":[],"default":{"data":{"Article":[],"Course":[],"Dataset":[],"FAQPage":[],"Movie":[],"Person":[],"Product":[],"ProductReview":[],"Car":[],"Recipe":[],"Service":[],"SoftwareApplication":[],"WebPage":[]},"graphName":"Article","isEnabled":true},"graphs":[]},"schema_type":"default","schema_type_options":null,"pillar_content":false,"robots_default":true,"robots_noindex":false,"robots_noarchive":false,"robots_nosnippet":false,"robots_nofollow":false,"robots_noimageindex":false,"robots_noodp":false,"robots_notranslate":false,"robots_max_snippet":"-1","robots_max_videopreview":"-1","robots_max_imagepreview":"large","priority":null,"frequency":"default","location":null,"local_seo":null,"breadcrumb_settings":null,"limit_modified_date":false,"ai":null,"created":"2023-11-09 08:34:39","updated":"2025-10-02 19:12:29","seo_analyzer_scan_date":null,"focus_keyword":null,"additional_keywords":null,"truseo_locale":null},"aioseo_breadcrumb":"<div class=\"aioseo-breadcrumbs\"><span class=\"aioseo-breadcrumb\">\n\t\t\t<a href=\"https:\/\/allasorias.hu\/hirek\" title=\"Home\">Home<\/a>\n\t\t<\/span><span class=\"aioseo-breadcrumb-separator\">&raquo;<\/span><span class=\"aioseo-breadcrumb\">\n\t\t\t<a href=\"https:\/\/allasorias.hu\/hirek\/temak\/munkaeropiac\/\" title=\"Munkaer\u0151piac\">Munkaer\u0151piac<\/a>\n\t\t<\/span><span class=\"aioseo-breadcrumb-separator\">&raquo;<\/span><span class=\"aioseo-breadcrumb\">\n\t\t\tSeg\u00edtik a kisgyermekesek munk\u00e1ba jut\u00e1s\u00e1t\n\t\t<\/span><\/div>","aioseo_breadcrumb_json":[{"label":"Home","link":"https:\/\/allasorias.hu\/hirek"},{"label":"Munkaer\u0151piac","link":"https:\/\/allasorias.hu\/hirek\/temak\/munkaeropiac\/"},{"label":"Seg\u00edtik a kisgyermekesek munk\u00e1ba jut\u00e1s\u00e1t","link":"https:\/\/allasorias.hu\/hirek\/segitik-a-kisgyermekesek-munkaba-jutasat\/"}],"_links":{"self":[{"href":"https:\/\/allasorias.hu\/hirek\/wp-json\/wp\/v2\/posts\/6980","targetHints":{"allow":["GET"]}}],"collection":[{"href":"https:\/\/allasorias.hu\/hirek\/wp-json\/wp\/v2\/posts"}],"about":[{"href":"https:\/\/allasorias.hu\/hirek\/wp-json\/wp\/v2\/types\/post"}],"author":[{"embeddable":true,"href":"https:\/\/allasorias.hu\/hirek\/wp-json\/wp\/v2\/users\/1"}],"replies":[{"embeddable":true,"href":"https:\/\/allasorias.hu\/hirek\/wp-json\/wp\/v2\/comments?post=6980"}],"version-history":[{"count":4,"href":"https:\/\/allasorias.hu\/hirek\/wp-json\/wp\/v2\/posts\/6980\/revisions"}],"predecessor-version":[{"id":6985,"href":"https:\/\/allasorias.hu\/hirek\/wp-json\/wp\/v2\/posts\/6980\/revisions\/6985"}],"wp:featuredmedia":[{"embeddable":true,"href":"https:\/\/allasorias.hu\/hirek\/wp-json\/wp\/v2\/media\/6986"}],"wp:attachment":[{"href":"https:\/\/allasorias.hu\/hirek\/wp-json\/wp\/v2\/media?parent=6980"}],"wp:term":[{"taxonomy":"category","embeddable":true,"href":"https:\/\/allasorias.hu\/hirek\/wp-json\/wp\/v2\/categories?post=6980"},{"taxonomy":"post_tag","embeddable":true,"href":"https:\/\/allasorias.hu\/hirek\/wp-json\/wp\/v2\/tags?post=6980"}],"curies":[{"name":"wp","href":"https:\/\/api.w.org\/{rel}","templated":true}]}}