{"id":6976,"date":"2023-11-08T10:09:42","date_gmt":"2023-11-08T08:09:42","guid":{"rendered":"https:\/\/allasorias.hu\/hirek\/?p=6976"},"modified":"2023-11-08T10:20:32","modified_gmt":"2023-11-08T08:20:32","slug":"az-informatikusok-keresnek-a-legjobban","status":"publish","type":"post","link":"https:\/\/allasorias.hu\/hirek\/az-informatikusok-keresnek-a-legjobban\/","title":{"rendered":"Az informatikusok keresnek a legjobban"},"content":{"rendered":"<p><strong>\u00dagy t\u0171nik a felm\u00e9r\u00e9sekb\u0151l, hogy haz\u00e1nkban <a href=\"https:\/\/allasorias.hu\/hirek\/tobbet-keresnek-az-informatikusok\/\">az informatikusok keresnek a legjobban<\/a>. Ugyanakkor vezetnek a m\u00e9rn\u00f6k\u00f6k \u00e9s a jog\u00e1szok is.<\/strong><\/p>\n<p>Vajon melyik diploma \u00e9r most legt\u00f6bben a munkaer\u0151piacon? Az Eduline elemz\u00e9s\u00e9b\u0151l kider\u00fcl, hogy a diplomaszerz\u00e9st k\u00f6vet\u0151en milyen szakm\u00e1k ut\u00e1n j\u00e1rnak a legmagasabb fizet\u00e9sek. Frissen az egyetemr\u0151l kiker\u00fclve az egyik legfontosabb k\u00e9rd\u00e9s, hogy mennyit is lehet keresni a megszerzett diplom\u00e1val. A felm\u00e9r\u00e9sek szerint az \u00e1llamtudom\u00e1nyi (azaz a katonai), a m\u00e9rn\u00f6ki, valamint az informatikai k\u00e9pz\u00e9sek diplom\u00e1ival lehet a legmagasabb brutt\u00f3 \u00e1tlagfizet\u00e9st megkeresni.<\/p>\n<p>Ezekkel a k\u00e9pz\u00e9sekkel ak\u00e1r havi t\u00f6bb mint f\u00e9lmilli\u00f3s kezd\u0151fizet\u00e9st is zsebre tehetsz \u2013 sz\u00e1mol be az Eduline a Diplom\u00e1s P\u00e1lyak\u00f6vet\u00e9si Rendszer legfrissebb adatair\u00f3l. Az alapszakos v\u00e9gzetts\u00e9g\u0171ek tekintet\u00e9ben a legmagasabb b\u00e9rt \u00e1tlagosan az informatikai k\u00e9pz\u00e9seken diplom\u00e1z\u00f3k kapj\u00e1k, ez \u00e1tlagosan havonta\u00a0 brutt\u00f3 536 794 forintot jelent, m\u00e1sodik helyen a m\u0171szaki k\u00e9pz\u00e9sek okleveles hallgat\u00f3i \u00e1llnak brutt\u00f3 477 578 forinttal, a harmadikon pedig az \u00e1llamtudom\u00e1nyi k\u00e9pz\u00e9sek hallgat\u00f3i brutt\u00f3 466 354 forinttal.<\/p>\n<p>Forr\u00e1s: <a href=\"https:\/\/www.hazipatika.com\/eletmod\/otthon\/cikkek\/ezzel-a-diplomaval-kaphatod-a-legtobb-fizetest\" target=\"_blank\" rel=\"nofollow noopener noreferrer\">hazipatika.com<\/a><\/p>\n","protected":false},"excerpt":{"rendered":"<p>\u00dagy t\u0171nik a felm\u00e9r\u00e9sekb\u0151l, hogy haz\u00e1nkban az informatikusok keresnek a legjobban. Ugyanakkor vezetnek a m\u00e9rn\u00f6k\u00f6k \u00e9s a jog\u00e1szok is. Vajon melyik diploma \u00e9r most legt\u00f6bben a munkaer\u0151piacon? Az Eduline elemz\u00e9s\u00e9b\u0151l kider\u00fcl, hogy a diplomaszerz\u00e9st k\u00f6vet\u0151en milyen szakm\u00e1k ut\u00e1n j\u00e1rnak a legmagasabb fizet\u00e9sek. Frissen az egyetemr\u0151l kiker\u00fclve az egyik legfontosabb k\u00e9rd\u00e9s, hogy mennyit is lehet keresni [&hellip;]<\/p>\n","protected":false},"author":1,"featured_media":6977,"comment_status":"open","ping_status":"open","sticky":false,"template":"","format":"standard","meta":{"_monsterinsights_skip_tracking":false,"footnotes":""},"categories":[200],"tags":[229,257,235],"class_list":["post-6976","post","type-post","status-publish","format-standard","has-post-thumbnail","hentry","category-munkaeropiac","tag-berek","tag-fizetesek","tag-informatika"],"aioseo_notices":[],"aioseo_head":"\n\t\t<!-- All in One SEO 5.0.0.1 - aioseo.com -->\n\t<meta name=\"description\" content=\"\u00dagy t\u0171nik a felm\u00e9r\u00e9sekb\u0151l, hogy haz\u00e1nkban az informatikusok keresnek a legjobban. Ugyanakkor vezetnek a m\u00e9rn\u00f6k\u00f6k \u00e9s a jog\u00e1szok is.\" \/>\n\t<meta name=\"robots\" content=\"max-image-preview:large\" \/>\n\t<meta name=\"author\" content=\"Juh\u00e1sz P\u00e9ter\"\/>\n\t<meta name=\"keywords\" content=\"b\u00e9rek,fizet\u00e9sek,informatika\" \/>\n\t<link rel=\"canonical\" href=\"https:\/\/allasorias.hu\/hirek\/az-informatikusok-keresnek-a-legjobban\/\" \/>\n\t<meta name=\"generator\" content=\"All in One SEO (AIOSEO) 5.0.0.1\" \/>\n\t\t<meta property=\"og:locale\" content=\"hu_HU\" \/>\n\t\t<meta property=\"og:site_name\" content=\"AllasOrias.hu | H\u00edrek-lapszemle | \u00dczleti h\u00edrek az \u00e1ll\u00e1s \u00e9s a munka vil\u00e1g\u00e1b\u00f3l\" \/>\n\t\t<meta property=\"og:type\" content=\"article\" \/>\n\t\t<meta property=\"og:title\" content=\"Az informatikusok keresnek a legjobban | Allasorias.hu\/Hirek\" \/>\n\t\t<meta property=\"og:description\" content=\"\u00dagy t\u0171nik a felm\u00e9r\u00e9sekb\u0151l, hogy haz\u00e1nkban az informatikusok keresnek a legjobban. Ugyanakkor vezetnek a m\u00e9rn\u00f6k\u00f6k \u00e9s a jog\u00e1szok is.\" \/>\n\t\t<meta property=\"og:url\" content=\"https:\/\/allasorias.hu\/hirek\/az-informatikusok-keresnek-a-legjobban\/\" \/>\n\t\t<meta property=\"og:image\" content=\"https:\/\/allasorias.hu\/hirek\/wp-content\/uploads\/2023\/11\/informatikus-allasok.jpg\" \/>\n\t\t<meta property=\"og:image:secure_url\" content=\"https:\/\/allasorias.hu\/hirek\/wp-content\/uploads\/2023\/11\/informatikus-allasok.jpg\" \/>\n\t\t<meta property=\"og:image:width\" content=\"1280\" \/>\n\t\t<meta property=\"og:image:height\" content=\"720\" \/>\n\t\t<meta property=\"article:published_time\" content=\"2023-11-08T08:09:42+00:00\" \/>\n\t\t<meta property=\"article:modified_time\" content=\"2023-11-08T08:20:32+00:00\" \/>\n\t\t<meta property=\"article:publisher\" content=\"https:\/\/www.facebook.com\/allasorias\" \/>\n\t\t<meta name=\"twitter:card\" content=\"summary_large_image\" \/>\n\t\t<meta name=\"twitter:title\" content=\"Az informatikusok keresnek a legjobban | Allasorias.hu\/Hirek\" \/>\n\t\t<meta name=\"twitter:description\" content=\"\u00dagy t\u0171nik a felm\u00e9r\u00e9sekb\u0151l, hogy haz\u00e1nkban az informatikusok keresnek a legjobban. Ugyanakkor vezetnek a m\u00e9rn\u00f6k\u00f6k \u00e9s a jog\u00e1szok is.\" \/>\n\t\t<meta name=\"twitter:image\" content=\"https:\/\/allasorias.hu\/hirek\/wp-content\/uploads\/2023\/11\/informatikus-allasok.jpg\" \/>\n\t\t<meta name=\"twitter:label1\" content=\"Written by\" \/>\n\t\t<meta name=\"twitter:data1\" content=\"Juh\u00e1sz P\u00e9ter\" \/>\n\t\t<meta name=\"twitter:label2\" content=\"Est. reading time\" \/>\n\t\t<meta name=\"twitter:data2\" content=\"1 minute\" \/>\n\t\t<script type=\"application\/ld+json\" class=\"aioseo-schema\">\n\t\t\t{\"@context\":\"https:\\\/\\\/schema.org\",\"@graph\":[{\"@type\":\"Article\",\"@id\":\"https:\\\/\\\/allasorias.hu\\\/hirek\\\/az-informatikusok-keresnek-a-legjobban\\\/#article\",\"name\":\"Az informatikusok keresnek a legjobban | Allasorias.hu\\\/Hirek\",\"headline\":\"Az informatikusok keresnek a legjobban\",\"author\":{\"@id\":\"https:\\\/\\\/allasorias.hu\\\/hirek\\\/author\\\/admin-allasorias\\\/#author\"},\"publisher\":{\"@id\":\"https:\\\/\\\/allasorias.hu\\\/hirek\\\/#organization\"},\"image\":{\"@type\":\"ImageObject\",\"url\":\"https:\\\/\\\/allasorias.hu\\\/hirek\\\/wp-content\\\/uploads\\\/2023\\\/11\\\/informatikus-allasok.jpg\",\"width\":1280,\"height\":720,\"caption\":\"Nyugaton m\\u00e1r nem annyira keresik az informatikusokat  - Allasorias.hu\\\/Hirek\"},\"datePublished\":\"2023-11-08T10:09:42+02:00\",\"dateModified\":\"2023-11-08T10:20:32+02:00\",\"inLanguage\":\"hu-HU\",\"mainEntityOfPage\":{\"@id\":\"https:\\\/\\\/allasorias.hu\\\/hirek\\\/az-informatikusok-keresnek-a-legjobban\\\/#webpage\"},\"isPartOf\":{\"@id\":\"https:\\\/\\\/allasorias.hu\\\/hirek\\\/az-informatikusok-keresnek-a-legjobban\\\/#webpage\"},\"articleSection\":\"Munkaer\\u0151piac, b\\u00e9rek, fizet\\u00e9sek, Informatika\"},{\"@type\":\"BreadcrumbList\",\"@id\":\"https:\\\/\\\/allasorias.hu\\\/hirek\\\/az-informatikusok-keresnek-a-legjobban\\\/#breadcrumblist\",\"itemListElement\":[{\"@type\":\"ListItem\",\"@id\":\"https:\\\/\\\/allasorias.hu\\\/hirek#listItem\",\"position\":1,\"name\":\"Home\",\"item\":\"https:\\\/\\\/allasorias.hu\\\/hirek\",\"nextItem\":{\"@type\":\"ListItem\",\"@id\":\"https:\\\/\\\/allasorias.hu\\\/hirek\\\/temak\\\/munkaeropiac\\\/#listItem\",\"name\":\"Munkaer\\u0151piac\"}},{\"@type\":\"ListItem\",\"@id\":\"https:\\\/\\\/allasorias.hu\\\/hirek\\\/temak\\\/munkaeropiac\\\/#listItem\",\"position\":2,\"name\":\"Munkaer\\u0151piac\",\"item\":\"https:\\\/\\\/allasorias.hu\\\/hirek\\\/temak\\\/munkaeropiac\\\/\",\"nextItem\":{\"@type\":\"ListItem\",\"@id\":\"https:\\\/\\\/allasorias.hu\\\/hirek\\\/az-informatikusok-keresnek-a-legjobban\\\/#listItem\",\"name\":\"Az informatikusok keresnek a legjobban\"},\"previousItem\":{\"@type\":\"ListItem\",\"@id\":\"https:\\\/\\\/allasorias.hu\\\/hirek#listItem\",\"name\":\"Home\"}},{\"@type\":\"ListItem\",\"@id\":\"https:\\\/\\\/allasorias.hu\\\/hirek\\\/az-informatikusok-keresnek-a-legjobban\\\/#listItem\",\"position\":3,\"name\":\"Az informatikusok keresnek a legjobban\",\"previousItem\":{\"@type\":\"ListItem\",\"@id\":\"https:\\\/\\\/allasorias.hu\\\/hirek\\\/temak\\\/munkaeropiac\\\/#listItem\",\"name\":\"Munkaer\\u0151piac\"}}]},{\"@type\":\"Organization\",\"@id\":\"https:\\\/\\\/allasorias.hu\\\/hirek\\\/#organization\",\"name\":\"AllasOrias.hu | H\\u00edrek-lapszemle\",\"description\":\"\\u00dczleti h\\u00edrek az \\u00e1ll\\u00e1s \\u00e9s a munka vil\\u00e1g\\u00e1b\\u00f3l\",\"url\":\"https:\\\/\\\/allasorias.hu\\\/hirek\\\/\",\"logo\":{\"@type\":\"ImageObject\",\"url\":\"https:\\\/\\\/allasorias.hu\\\/hirek\\\/wp-content\\\/uploads\\\/2022\\\/10\\\/allasorias_site_facebok_logo.png\",\"@id\":\"https:\\\/\\\/allasorias.hu\\\/hirek\\\/az-informatikusok-keresnek-a-legjobban\\\/#organizationLogo\"},\"image\":{\"@id\":\"https:\\\/\\\/allasorias.hu\\\/hirek\\\/az-informatikusok-keresnek-a-legjobban\\\/#organizationLogo\"},\"sameAs\":[\"https:\\\/\\\/www.facebook.com\\\/allasorias\",\"https:\\\/\\\/www.linkedin.com\\\/company\\\/allasorias\"]},{\"@type\":\"Person\",\"@id\":\"https:\\\/\\\/allasorias.hu\\\/hirek\\\/author\\\/admin-allasorias\\\/#author\",\"url\":\"https:\\\/\\\/allasorias.hu\\\/hirek\\\/author\\\/admin-allasorias\\\/\",\"name\":\"Juh\\u00e1sz P\\u00e9ter\",\"image\":{\"@type\":\"ImageObject\",\"@id\":\"https:\\\/\\\/allasorias.hu\\\/hirek\\\/az-informatikusok-keresnek-a-legjobban\\\/#authorImage\",\"url\":\"https:\\\/\\\/secure.gravatar.com\\\/avatar\\\/36e6bcb83148978b992977cb0f54d22feb0cce8a0a849a9410532bb2623ba4c6?s=96&d=mm&r=g\",\"width\":96,\"height\":96,\"caption\":\"Juh\\u00e1sz P\\u00e9ter\"}},{\"@type\":\"WebPage\",\"@id\":\"https:\\\/\\\/allasorias.hu\\\/hirek\\\/az-informatikusok-keresnek-a-legjobban\\\/#webpage\",\"url\":\"https:\\\/\\\/allasorias.hu\\\/hirek\\\/az-informatikusok-keresnek-a-legjobban\\\/\",\"name\":\"Az informatikusok keresnek a legjobban | Allasorias.hu\\\/Hirek\",\"description\":\"\\u00dagy t\\u0171nik a felm\\u00e9r\\u00e9sekb\\u0151l, hogy haz\\u00e1nkban az informatikusok keresnek a legjobban. Ugyanakkor vezetnek a m\\u00e9rn\\u00f6k\\u00f6k \\u00e9s a jog\\u00e1szok is.\",\"inLanguage\":\"hu-HU\",\"isPartOf\":{\"@id\":\"https:\\\/\\\/allasorias.hu\\\/hirek\\\/#website\"},\"breadcrumb\":{\"@id\":\"https:\\\/\\\/allasorias.hu\\\/hirek\\\/az-informatikusok-keresnek-a-legjobban\\\/#breadcrumblist\"},\"author\":{\"@id\":\"https:\\\/\\\/allasorias.hu\\\/hirek\\\/author\\\/admin-allasorias\\\/#author\"},\"creator\":{\"@id\":\"https:\\\/\\\/allasorias.hu\\\/hirek\\\/author\\\/admin-allasorias\\\/#author\"},\"image\":{\"@type\":\"ImageObject\",\"url\":\"https:\\\/\\\/allasorias.hu\\\/hirek\\\/wp-content\\\/uploads\\\/2023\\\/11\\\/informatikus-allasok.jpg\",\"@id\":\"https:\\\/\\\/allasorias.hu\\\/hirek\\\/az-informatikusok-keresnek-a-legjobban\\\/#mainImage\",\"width\":1280,\"height\":720,\"caption\":\"Nyugaton m\\u00e1r nem annyira keresik az informatikusokat  - Allasorias.hu\\\/Hirek\"},\"primaryImageOfPage\":{\"@id\":\"https:\\\/\\\/allasorias.hu\\\/hirek\\\/az-informatikusok-keresnek-a-legjobban\\\/#mainImage\"},\"datePublished\":\"2023-11-08T10:09:42+02:00\",\"dateModified\":\"2023-11-08T10:20:32+02:00\"},{\"@type\":\"WebSite\",\"@id\":\"https:\\\/\\\/allasorias.hu\\\/hirek\\\/#website\",\"url\":\"https:\\\/\\\/allasorias.hu\\\/hirek\\\/\",\"name\":\"AllasOrias.hu | H\\u00edrek-lapszemle\",\"description\":\"\\u00dczleti h\\u00edrek az \\u00e1ll\\u00e1s \\u00e9s a munka vil\\u00e1g\\u00e1b\\u00f3l\",\"inLanguage\":\"hu-HU\",\"publisher\":{\"@id\":\"https:\\\/\\\/allasorias.hu\\\/hirek\\\/#organization\"}}]}\n\t\t<\/script>\n\t\t<!-- All in One SEO -->\n\n","aioseo_head_json":{"title":"Az informatikusok keresnek a legjobban | Allasorias.hu\/Hirek","description":"\u00dagy t\u0171nik a felm\u00e9r\u00e9sekb\u0151l, hogy haz\u00e1nkban az informatikusok keresnek a legjobban. Ugyanakkor vezetnek a m\u00e9rn\u00f6k\u00f6k \u00e9s a jog\u00e1szok is.","canonical_url":"https:\/\/allasorias.hu\/hirek\/az-informatikusok-keresnek-a-legjobban\/","robots":"max-image-preview:large","keywords":"b\u00e9rek,fizet\u00e9sek,informatika","webmasterTools":{"miscellaneous":""},"schema":{"@context":"https:\/\/schema.org","@graph":[{"@type":"Article","@id":"https:\/\/allasorias.hu\/hirek\/az-informatikusok-keresnek-a-legjobban\/#article","name":"Az informatikusok keresnek a legjobban | Allasorias.hu\/Hirek","headline":"Az informatikusok keresnek a legjobban","author":{"@id":"https:\/\/allasorias.hu\/hirek\/author\/admin-allasorias\/#author"},"publisher":{"@id":"https:\/\/allasorias.hu\/hirek\/#organization"},"image":{"@type":"ImageObject","url":"https:\/\/allasorias.hu\/hirek\/wp-content\/uploads\/2023\/11\/informatikus-allasok.jpg","width":1280,"height":720,"caption":"Nyugaton m\u00e1r nem annyira keresik az informatikusokat  - Allasorias.hu\/Hirek"},"datePublished":"2023-11-08T10:09:42+02:00","dateModified":"2023-11-08T10:20:32+02:00","inLanguage":"hu-HU","mainEntityOfPage":{"@id":"https:\/\/allasorias.hu\/hirek\/az-informatikusok-keresnek-a-legjobban\/#webpage"},"isPartOf":{"@id":"https:\/\/allasorias.hu\/hirek\/az-informatikusok-keresnek-a-legjobban\/#webpage"},"articleSection":"Munkaer\u0151piac, b\u00e9rek, fizet\u00e9sek, Informatika"},{"@type":"BreadcrumbList","@id":"https:\/\/allasorias.hu\/hirek\/az-informatikusok-keresnek-a-legjobban\/#breadcrumblist","itemListElement":[{"@type":"ListItem","@id":"https:\/\/allasorias.hu\/hirek#listItem","position":1,"name":"Home","item":"https:\/\/allasorias.hu\/hirek","nextItem":{"@type":"ListItem","@id":"https:\/\/allasorias.hu\/hirek\/temak\/munkaeropiac\/#listItem","name":"Munkaer\u0151piac"}},{"@type":"ListItem","@id":"https:\/\/allasorias.hu\/hirek\/temak\/munkaeropiac\/#listItem","position":2,"name":"Munkaer\u0151piac","item":"https:\/\/allasorias.hu\/hirek\/temak\/munkaeropiac\/","nextItem":{"@type":"ListItem","@id":"https:\/\/allasorias.hu\/hirek\/az-informatikusok-keresnek-a-legjobban\/#listItem","name":"Az informatikusok keresnek a legjobban"},"previousItem":{"@type":"ListItem","@id":"https:\/\/allasorias.hu\/hirek#listItem","name":"Home"}},{"@type":"ListItem","@id":"https:\/\/allasorias.hu\/hirek\/az-informatikusok-keresnek-a-legjobban\/#listItem","position":3,"name":"Az informatikusok keresnek a legjobban","previousItem":{"@type":"ListItem","@id":"https:\/\/allasorias.hu\/hirek\/temak\/munkaeropiac\/#listItem","name":"Munkaer\u0151piac"}}]},{"@type":"Organization","@id":"https:\/\/allasorias.hu\/hirek\/#organization","name":"AllasOrias.hu | H\u00edrek-lapszemle","description":"\u00dczleti h\u00edrek az \u00e1ll\u00e1s \u00e9s a munka vil\u00e1g\u00e1b\u00f3l","url":"https:\/\/allasorias.hu\/hirek\/","logo":{"@type":"ImageObject","url":"https:\/\/allasorias.hu\/hirek\/wp-content\/uploads\/2022\/10\/allasorias_site_facebok_logo.png","@id":"https:\/\/allasorias.hu\/hirek\/az-informatikusok-keresnek-a-legjobban\/#organizationLogo"},"image":{"@id":"https:\/\/allasorias.hu\/hirek\/az-informatikusok-keresnek-a-legjobban\/#organizationLogo"},"sameAs":["https:\/\/www.facebook.com\/allasorias","https:\/\/www.linkedin.com\/company\/allasorias"]},{"@type":"Person","@id":"https:\/\/allasorias.hu\/hirek\/author\/admin-allasorias\/#author","url":"https:\/\/allasorias.hu\/hirek\/author\/admin-allasorias\/","name":"Juh\u00e1sz P\u00e9ter","image":{"@type":"ImageObject","@id":"https:\/\/allasorias.hu\/hirek\/az-informatikusok-keresnek-a-legjobban\/#authorImage","url":"https:\/\/secure.gravatar.com\/avatar\/36e6bcb83148978b992977cb0f54d22feb0cce8a0a849a9410532bb2623ba4c6?s=96&d=mm&r=g","width":96,"height":96,"caption":"Juh\u00e1sz P\u00e9ter"}},{"@type":"WebPage","@id":"https:\/\/allasorias.hu\/hirek\/az-informatikusok-keresnek-a-legjobban\/#webpage","url":"https:\/\/allasorias.hu\/hirek\/az-informatikusok-keresnek-a-legjobban\/","name":"Az informatikusok keresnek a legjobban | Allasorias.hu\/Hirek","description":"\u00dagy t\u0171nik a felm\u00e9r\u00e9sekb\u0151l, hogy haz\u00e1nkban az informatikusok keresnek a legjobban. Ugyanakkor vezetnek a m\u00e9rn\u00f6k\u00f6k \u00e9s a jog\u00e1szok is.","inLanguage":"hu-HU","isPartOf":{"@id":"https:\/\/allasorias.hu\/hirek\/#website"},"breadcrumb":{"@id":"https:\/\/allasorias.hu\/hirek\/az-informatikusok-keresnek-a-legjobban\/#breadcrumblist"},"author":{"@id":"https:\/\/allasorias.hu\/hirek\/author\/admin-allasorias\/#author"},"creator":{"@id":"https:\/\/allasorias.hu\/hirek\/author\/admin-allasorias\/#author"},"image":{"@type":"ImageObject","url":"https:\/\/allasorias.hu\/hirek\/wp-content\/uploads\/2023\/11\/informatikus-allasok.jpg","@id":"https:\/\/allasorias.hu\/hirek\/az-informatikusok-keresnek-a-legjobban\/#mainImage","width":1280,"height":720,"caption":"Nyugaton m\u00e1r nem annyira keresik az informatikusokat  - Allasorias.hu\/Hirek"},"primaryImageOfPage":{"@id":"https:\/\/allasorias.hu\/hirek\/az-informatikusok-keresnek-a-legjobban\/#mainImage"},"datePublished":"2023-11-08T10:09:42+02:00","dateModified":"2023-11-08T10:20:32+02:00"},{"@type":"WebSite","@id":"https:\/\/allasorias.hu\/hirek\/#website","url":"https:\/\/allasorias.hu\/hirek\/","name":"AllasOrias.hu | H\u00edrek-lapszemle","description":"\u00dczleti h\u00edrek az \u00e1ll\u00e1s \u00e9s a munka vil\u00e1g\u00e1b\u00f3l","inLanguage":"hu-HU","publisher":{"@id":"https:\/\/allasorias.hu\/hirek\/#organization"}}]},"og:locale":"hu_HU","og:site_name":"AllasOrias.hu | H\u00edrek-lapszemle | \u00dczleti h\u00edrek az \u00e1ll\u00e1s \u00e9s a munka vil\u00e1g\u00e1b\u00f3l","og:type":"article","og:title":"Az informatikusok keresnek a legjobban | Allasorias.hu\/Hirek","og:description":"\u00dagy t\u0171nik a felm\u00e9r\u00e9sekb\u0151l, hogy haz\u00e1nkban az informatikusok keresnek a legjobban. Ugyanakkor vezetnek a m\u00e9rn\u00f6k\u00f6k \u00e9s a jog\u00e1szok is.","og:url":"https:\/\/allasorias.hu\/hirek\/az-informatikusok-keresnek-a-legjobban\/","og:image":"https:\/\/allasorias.hu\/hirek\/wp-content\/uploads\/2023\/11\/informatikus-allasok.jpg","og:image:secure_url":"https:\/\/allasorias.hu\/hirek\/wp-content\/uploads\/2023\/11\/informatikus-allasok.jpg","og:image:width":1280,"og:image:height":720,"article:published_time":"2023-11-08T08:09:42+00:00","article:modified_time":"2023-11-08T08:20:32+00:00","article:publisher":"https:\/\/www.facebook.com\/allasorias","twitter:card":"summary_large_image","twitter:title":"Az informatikusok keresnek a legjobban | Allasorias.hu\/Hirek","twitter:description":"\u00dagy t\u0171nik a felm\u00e9r\u00e9sekb\u0151l, hogy haz\u00e1nkban az informatikusok keresnek a legjobban. Ugyanakkor vezetnek a m\u00e9rn\u00f6k\u00f6k \u00e9s a jog\u00e1szok is.","twitter:image":"https:\/\/allasorias.hu\/hirek\/wp-content\/uploads\/2023\/11\/informatikus-allasok.jpg","twitter:label1":"Written by","twitter:data1":"Juh\u00e1sz P\u00e9ter","twitter:label2":"Est. reading time","twitter:data2":"1 minute"},"aioseo_meta_data":{"post_id":"6976","title":"#post_title | Allasorias.hu\/Hirek","description":"\u00dagy t\u0171nik a felm\u00e9r\u00e9sekb\u0151l, hogy haz\u00e1nkban az informatikusok keresnek a legjobban. Ugyanakkor vezetnek a m\u00e9rn\u00f6k\u00f6k \u00e9s a jog\u00e1szok is.","keywords":[],"keyphrases":{"focus":{"keyphrase":"","score":0,"analysis":{"keyphraseInTitle":{"score":0,"maxScore":9,"error":1}}},"additional":[]},"primary_term":null,"canonical_url":null,"og_title":null,"og_description":null,"og_object_type":"default","og_image_type":"default","og_image_url":null,"og_image_width":null,"og_image_height":null,"og_image_custom_url":null,"og_image_custom_fields":null,"og_video":"","og_custom_url":null,"og_article_section":null,"og_article_tags":[],"twitter_use_og":true,"twitter_card":"default","twitter_image_type":"default","twitter_image_url":null,"twitter_image_custom_url":null,"twitter_image_custom_fields":null,"twitter_title":null,"twitter_description":null,"schema":{"blockGraphs":[],"customGraphs":[],"default":{"data":{"Article":[],"Course":[],"Dataset":[],"FAQPage":[],"Movie":[],"Person":[],"Product":[],"ProductReview":[],"Car":[],"Recipe":[],"Service":[],"SoftwareApplication":[],"WebPage":[]},"graphName":"Article","isEnabled":true},"graphs":[]},"schema_type":"default","schema_type_options":null,"pillar_content":false,"robots_default":true,"robots_noindex":false,"robots_noarchive":false,"robots_nosnippet":false,"robots_nofollow":false,"robots_noimageindex":false,"robots_noodp":false,"robots_notranslate":false,"robots_max_snippet":"-1","robots_max_videopreview":"-1","robots_max_imagepreview":"large","priority":null,"frequency":"default","location":null,"local_seo":null,"breadcrumb_settings":null,"limit_modified_date":false,"ai":null,"created":"2023-11-08 07:56:16","updated":"2025-10-02 19:12:29","seo_analyzer_scan_date":null,"focus_keyword":null,"additional_keywords":null,"truseo_locale":null},"aioseo_breadcrumb":"<div class=\"aioseo-breadcrumbs\"><span class=\"aioseo-breadcrumb\">\n\t\t\t<a href=\"https:\/\/allasorias.hu\/hirek\" title=\"Home\">Home<\/a>\n\t\t<\/span><span class=\"aioseo-breadcrumb-separator\">&raquo;<\/span><span class=\"aioseo-breadcrumb\">\n\t\t\t<a href=\"https:\/\/allasorias.hu\/hirek\/temak\/munkaeropiac\/\" title=\"Munkaer\u0151piac\">Munkaer\u0151piac<\/a>\n\t\t<\/span><span class=\"aioseo-breadcrumb-separator\">&raquo;<\/span><span class=\"aioseo-breadcrumb\">\n\t\t\tAz informatikusok keresnek a legjobban\n\t\t<\/span><\/div>","aioseo_breadcrumb_json":[{"label":"Home","link":"https:\/\/allasorias.hu\/hirek"},{"label":"Munkaer\u0151piac","link":"https:\/\/allasorias.hu\/hirek\/temak\/munkaeropiac\/"},{"label":"Az informatikusok keresnek a legjobban","link":"https:\/\/allasorias.hu\/hirek\/az-informatikusok-keresnek-a-legjobban\/"}],"_links":{"self":[{"href":"https:\/\/allasorias.hu\/hirek\/wp-json\/wp\/v2\/posts\/6976","targetHints":{"allow":["GET"]}}],"collection":[{"href":"https:\/\/allasorias.hu\/hirek\/wp-json\/wp\/v2\/posts"}],"about":[{"href":"https:\/\/allasorias.hu\/hirek\/wp-json\/wp\/v2\/types\/post"}],"author":[{"embeddable":true,"href":"https:\/\/allasorias.hu\/hirek\/wp-json\/wp\/v2\/users\/1"}],"replies":[{"embeddable":true,"href":"https:\/\/allasorias.hu\/hirek\/wp-json\/wp\/v2\/comments?post=6976"}],"version-history":[{"count":2,"href":"https:\/\/allasorias.hu\/hirek\/wp-json\/wp\/v2\/posts\/6976\/revisions"}],"predecessor-version":[{"id":6979,"href":"https:\/\/allasorias.hu\/hirek\/wp-json\/wp\/v2\/posts\/6976\/revisions\/6979"}],"wp:featuredmedia":[{"embeddable":true,"href":"https:\/\/allasorias.hu\/hirek\/wp-json\/wp\/v2\/media\/6977"}],"wp:attachment":[{"href":"https:\/\/allasorias.hu\/hirek\/wp-json\/wp\/v2\/media?parent=6976"}],"wp:term":[{"taxonomy":"category","embeddable":true,"href":"https:\/\/allasorias.hu\/hirek\/wp-json\/wp\/v2\/categories?post=6976"},{"taxonomy":"post_tag","embeddable":true,"href":"https:\/\/allasorias.hu\/hirek\/wp-json\/wp\/v2\/tags?post=6976"}],"curies":[{"name":"wp","href":"https:\/\/api.w.org\/{rel}","templated":true}]}}