{"id":6963,"date":"2023-11-03T10:38:31","date_gmt":"2023-11-03T08:38:31","guid":{"rendered":"https:\/\/allasorias.hu\/hirek\/?p=6963"},"modified":"2023-11-03T10:40:38","modified_gmt":"2023-11-03T08:40:38","slug":"munkaeropiaci-helyzet-az-unioban","status":"publish","type":"post","link":"https:\/\/allasorias.hu\/hirek\/munkaeropiaci-helyzet-az-unioban\/","title":{"rendered":"Munkaer\u0151piaci helyzet az uni\u00f3ban"},"content":{"rendered":"<p><strong>\u201cEgyszer\u0171s\u00edteni kell a v\u00e1llalkoz\u00e1sok adminisztrat\u00edv szab\u00e1lyait, ha n\u00f6velj\u00fck az EU versenyk\u00e9pess\u00e9g\u00e9t. Csak a szoci\u00e1lis partnerekkel egy\u00fcttm\u0171k\u00f6dve tudunk min\u0151s\u00e9gi munkahelyeket, valamint fenntarthat\u00f3 n\u00f6veked\u00e9st biztos\u00edtani.&#8221;- mondta az Eur\u00f3pai Uni\u00f3 eln\u00f6ke a munkaer\u0151piaci helyzetr\u0151l tartott tan\u00e1cskoz\u00e1son. <\/strong><\/p>\n<p>A Br\u00fcsszelben tartott Eur\u00f3pai Szoci\u00e1lis Cs\u00facson (Tripartite Social Summit) az uni\u00f3s vezet\u0151k \u00e9s partnereik gy\u0171ltek \u00f6ssze, hogy megvitass\u00e1k az Eur\u00f3pai Uni\u00f3 legfontosabb gazdas\u00e1gi k\u00e9rd\u00e9seit. A tal\u00e1lkoz\u00f3 f\u0151 t\u00e9m\u00e1ja: \u201e<em>A sikeres eur\u00f3pai gazdas\u00e1g alapjai munkav\u00e1llal\u00f3k \u00e9s a v\u00e1llalatok sz\u00e1m\u00e1ra<\/em>\u201d \u2013 t\u00e1j\u00e9koztatott err\u0151l a Munkaad\u00f3k \u00e9s Gy\u00e1riparosok Orsz\u00e1gos Sz\u00f6vets\u00e9ge. A cs\u00facstal\u00e1lkoz\u00f3t Ursula von der Leyen vezette, Charles Michellel az Eur\u00f3pai Tan\u00e1cs eln\u00f6k\u00e9vel.<\/p>\n<p>Az \u00e9vente k\u00e9t alkalommal megrendezett esem\u00e9nyen a jelenlegi \u00e9s a soron k\u00f6vetkez\u0151 k\u00e9t EU Tan\u00e1cs\u00e1nak eln\u00f6ks\u00e9g\u00e9t k\u00e9pvisel\u0151 k\u00fcld\u00f6ttek, az eur\u00f3pai int\u00e9zm\u00e9nyek vezet\u0151i, az eur\u00f3pai szoci\u00e1lis partnerek vezet\u0151i, valamint Spanyolorsz\u00e1g, Belgium \u00e9s Magyarorsz\u00e1g (a jelenlegi \u00e9s a soron k\u00f6vetkez\u0151 eln\u00f6ks\u00e9gi orsz\u00e1gok) nemzeti munkav\u00e1llal\u00f3i \u00e9s munk\u00e1ltat\u00f3i szervezetei vesznek r\u00e9szt. A megbesz\u00e9l\u00e9sek f\u0151 t\u00e9m\u00e1ja az <a href=\"https:\/\/allasorias.hu\/hirek\/atlathatobba-tennek-az-europai-munkaeropiacot\/\">eur\u00f3pai munkaer\u0151hi\u00e1ny<\/a> kezel\u00e9s\u00e9 volt.<\/p>\n<p>&#8222;<em>Mivel a k\u00f6r\u00fcl\u00f6tt\u00fcnk l\u00e9v\u0151 vil\u00e1g gyorsabban v\u00e1ltozik, mint valaha, a szoci\u00e1lis partnerek \u00e1llnak a gazdas\u00e1gi \u00e9s t\u00e1rsadalmi kih\u00edv\u00e1sokra adott v\u00e1laszaink k\u00f6z\u00e9ppontj\u00e1ban. V\u00e1llalkoz\u00e1sok milli\u00f3i keresnek munkaer\u0151t, ez\u00e9rt jav\u00edtanunk kell a munkaer\u0151piachoz val\u00f3 hozz\u00e1f\u00e9r\u00e9st, \u00e9s seg\u00edten\u00fcnk kell a munkav\u00e1llal\u00f3kat a sz\u00fcks\u00e9ges k\u00e9szs\u00e9gek megszerz\u00e9s\u00e9ben.<\/em>\u201d &#8211; mondta besz\u00e9d\u00e9ben Ursula von der Leyen, az Eur\u00f3pai Bizotts\u00e1g eln\u00f6ke.<\/p>\n<h2>A munkak\u00e9pes n\u00e9pess\u00e9g f\u00e9lmilli\u00f3van cs\u00f6kken 2050-re<\/h2>\n<p>A magyar \u00fczleti szf\u00e9ra munk\u00e1ltat\u00f3inak \u00e9rdekeit dr. Rolek Ferenc, a Munkaad\u00f3k \u00e9s Gy\u00e1riparosok Orsz\u00e1gos Sz\u00f6vets\u00e9ge-BusinessHungary (MGYOSZ) k\u00e9pviselte. Felsz\u00f3lal\u00e1s\u00e1ban kiemelte a jelenlegi bizonytalans\u00e1gokkal teli geopolitikai helyzetb\u0151l ad\u00f3d\u00f3 neh\u00e9zs\u00e9geket, azonban hozz\u00e1tette, hogy a megfelel\u0151 strat\u00e9gi\u00e1val \u00e9s szakpolitikai d\u00f6nt\u00e9sekkel az Eur\u00f3pai Uni\u00f3 cs\u00f6kkentheti a munkaad\u00f3kat \u00e9rint\u0151 bizonytalans\u00e1got. \u201c<em>Az el\u0151rejelz\u00e9sek szerint a munkak\u00e9pes kor\u00fa n\u00e9pess\u00e9g az EU-ban 35 milli\u00f3val, Magyarorsz\u00e1gon pedig f\u00e9lmilli\u00f3val cs\u00f6kken 2050-re.<\/em>\u201d &#8211; mondta Rolek &#8211; \u201c<em>Ez\u00e9rt kulcsfontoss\u00e1g\u00fa, hogy az EU hossz\u00fa t\u00e1v\u00fa strat\u00e9gi\u00e1t dolgozzon ki a demogr\u00e1fiai trendek megford\u00edt\u00e1s\u00e1ra a gazdas\u00e1g t\u00e1mogat\u00e1sa \u00e9rdek\u00e9ben. A vend\u00e9gmunk\u00e1sok fogad\u00e1s\u00e1nak pedig c\u00e9lzottnak, szelekt\u00edvnek \u00e9s kontrol\u00e1ltnak kell lennie.<\/em>\u201d<\/p>\n<p>Felsz\u00f3lal\u00e1s\u00e1ban a k\u00f6z\u00e9p-kelet-eur\u00f3pai orsz\u00e1gok EU-n bel\u00fcli specifikus probl\u00e9m\u00e1j\u00e1ra is kit\u00e9rt: \u201c<em>A munkaer\u0151hi\u00e1ny \u00e9s annak kezel\u00e9si m\u00f3djai r\u00e9gi\u00f3nk\u00e9nt \u00e9s orsz\u00e1gonk\u00e9nt elt\u00e9r\u0151ek. A munkaer\u0151 mozg\u00e1s\u00e1nak ir\u00e1nya az EU-n bel\u00fcl kelet-nyugati ir\u00e1ny\u00fa. Ez\u00e9rt a k\u00f6z\u00e9p-kelet-eur\u00f3pai r\u00e9gi\u00f3, ezen bel\u00fcl Magyarorsz\u00e1g ennek a bels\u0151 munkaer\u0151-v\u00e1ndorl\u00e1snak a vesztese. A demogr\u00e1fiai cs\u00f6kken\u00e9sre hozz\u00e1ad\u00f3dva ez lass\u00edtja az \u00e9rintett orsz\u00e1gok gazdas\u00e1gi n\u00f6veked\u00e9st, \u00e9s jelent\u0151sen g\u00e1tolja ezen orsz\u00e1gok felz\u00e1rk\u00f3z\u00e1s\u00e1t.<\/em>\u201d Besz\u00e9de v\u00e9g\u00e9n dr. Rolek Ferenc javasolta az EU d\u00f6nt\u00e9shoz\u00f3inak egy olyan p\u00e9nz\u00fcgyi mechanizmus kialak\u00edt\u00e1s\u00e1t, amely a munkaer\u0151 szabad mozg\u00e1s\u00e1nak fenntart\u00e1sa mellett, igazs\u00e1gosan kompenz\u00e1lja a k\u00f6z\u00e9p-kelet-eur\u00f3pai orsz\u00e1gokat az EU-n bel\u00fcli munkaer\u0151 elsz\u00edv\u00e1sb\u00f3l ered\u0151 jelent\u0151s vesztes\u00e9gek\u00e9rt.<\/p>\n<p>Forr\u00e1s: <a href=\"https:\/\/www.hrportal.hu\/c\/ekkora-munkaerohiany-varhato-magyarorszagon-20231103.html\" target=\"_blank\" rel=\"nofollow noopener noreferrer\">hrportal.hu<\/a><\/p>\n","protected":false},"excerpt":{"rendered":"<p>\u201cEgyszer\u0171s\u00edteni kell a v\u00e1llalkoz\u00e1sok adminisztrat\u00edv szab\u00e1lyait, ha n\u00f6velj\u00fck az EU versenyk\u00e9pess\u00e9g\u00e9t. Csak a szoci\u00e1lis partnerekkel egy\u00fcttm\u0171k\u00f6dve tudunk min\u0151s\u00e9gi munkahelyeket, valamint fenntarthat\u00f3 n\u00f6veked\u00e9st biztos\u00edtani.&#8221;- mondta az Eur\u00f3pai Uni\u00f3 eln\u00f6ke a munkaer\u0151piaci helyzetr\u0151l tartott tan\u00e1cskoz\u00e1son. A Br\u00fcsszelben tartott Eur\u00f3pai Szoci\u00e1lis Cs\u00facson (Tripartite Social Summit) az uni\u00f3s vezet\u0151k \u00e9s partnereik gy\u0171ltek \u00f6ssze, hogy megvitass\u00e1k az Eur\u00f3pai Uni\u00f3 legfontosabb [&hellip;]<\/p>\n","protected":false},"author":1,"featured_media":6964,"comment_status":"open","ping_status":"open","sticky":false,"template":"","format":"standard","meta":{"_monsterinsights_skip_tracking":false,"footnotes":""},"categories":[198],"tags":[641,642],"class_list":["post-6963","post","type-post","status-publish","format-standard","has-post-thumbnail","hentry","category-gazdasag","tag-europai-szocialis-csucson","tag-europai-unio"],"aioseo_notices":[],"aioseo_head":"\n\t\t<!-- All in One SEO 5.0.0.1 - aioseo.com -->\n\t<meta name=\"description\" content=\"A Br\u00fcsszelben tartott Eur\u00f3pai Szoci\u00e1lis Cs\u00facson az uni\u00f3s vezet\u0151k \u00e9s partnereik gy\u0171ltek \u00f6ssze, hogy megvitass\u00e1k az Eur\u00f3pai Uni\u00f3 legfontosabb gazdas\u00e1gi k\u00e9rd\u00e9seit.\" \/>\n\t<meta name=\"robots\" content=\"max-image-preview:large\" \/>\n\t<meta name=\"author\" content=\"Juh\u00e1sz P\u00e9ter\"\/>\n\t<meta name=\"keywords\" content=\"eur\u00f3pai szoci\u00e1lis cs\u00facson,eur\u00f3pai uni\u00f3\" \/>\n\t<link rel=\"canonical\" href=\"https:\/\/allasorias.hu\/hirek\/munkaeropiaci-helyzet-az-unioban\/\" \/>\n\t<meta name=\"generator\" content=\"All in One SEO (AIOSEO) 5.0.0.1\" \/>\n\t\t<meta property=\"og:locale\" content=\"hu_HU\" \/>\n\t\t<meta property=\"og:site_name\" content=\"AllasOrias.hu | H\u00edrek-lapszemle | \u00dczleti h\u00edrek az \u00e1ll\u00e1s \u00e9s a munka vil\u00e1g\u00e1b\u00f3l\" \/>\n\t\t<meta property=\"og:type\" content=\"article\" \/>\n\t\t<meta property=\"og:title\" content=\"Munkaer\u0151piaci helyzet az uni\u00f3ban | Allasorias.hu\/Hirek\" \/>\n\t\t<meta property=\"og:description\" content=\"A Br\u00fcsszelben tartott Eur\u00f3pai Szoci\u00e1lis Cs\u00facson az uni\u00f3s vezet\u0151k \u00e9s partnereik gy\u0171ltek \u00f6ssze, hogy megvitass\u00e1k az Eur\u00f3pai Uni\u00f3 legfontosabb gazdas\u00e1gi k\u00e9rd\u00e9seit.\" \/>\n\t\t<meta property=\"og:url\" content=\"https:\/\/allasorias.hu\/hirek\/munkaeropiaci-helyzet-az-unioban\/\" \/>\n\t\t<meta property=\"og:image\" content=\"https:\/\/allasorias.hu\/hirek\/wp-content\/uploads\/2023\/11\/europai-szocialis-csucs.jpg\" \/>\n\t\t<meta property=\"og:image:secure_url\" content=\"https:\/\/allasorias.hu\/hirek\/wp-content\/uploads\/2023\/11\/europai-szocialis-csucs.jpg\" \/>\n\t\t<meta property=\"og:image:width\" content=\"1280\" \/>\n\t\t<meta property=\"og:image:height\" content=\"853\" \/>\n\t\t<meta property=\"article:published_time\" content=\"2023-11-03T08:38:31+00:00\" \/>\n\t\t<meta property=\"article:modified_time\" content=\"2023-11-03T08:40:38+00:00\" \/>\n\t\t<meta property=\"article:publisher\" content=\"https:\/\/www.facebook.com\/allasorias\" \/>\n\t\t<meta name=\"twitter:card\" content=\"summary_large_image\" \/>\n\t\t<meta name=\"twitter:title\" content=\"Munkaer\u0151piaci helyzet az uni\u00f3ban | Allasorias.hu\/Hirek\" \/>\n\t\t<meta name=\"twitter:description\" content=\"A Br\u00fcsszelben tartott Eur\u00f3pai Szoci\u00e1lis Cs\u00facson az uni\u00f3s vezet\u0151k \u00e9s partnereik gy\u0171ltek \u00f6ssze, hogy megvitass\u00e1k az Eur\u00f3pai Uni\u00f3 legfontosabb gazdas\u00e1gi k\u00e9rd\u00e9seit.\" \/>\n\t\t<meta name=\"twitter:image\" content=\"https:\/\/allasorias.hu\/hirek\/wp-content\/uploads\/2023\/11\/europai-szocialis-csucs.jpg\" \/>\n\t\t<meta name=\"twitter:label1\" content=\"Written by\" \/>\n\t\t<meta name=\"twitter:data1\" content=\"Juh\u00e1sz P\u00e9ter\" \/>\n\t\t<meta name=\"twitter:label2\" content=\"Est. reading time\" \/>\n\t\t<meta name=\"twitter:data2\" content=\"3 minutes\" \/>\n\t\t<script type=\"application\/ld+json\" class=\"aioseo-schema\">\n\t\t\t{\"@context\":\"https:\\\/\\\/schema.org\",\"@graph\":[{\"@type\":\"Article\",\"@id\":\"https:\\\/\\\/allasorias.hu\\\/hirek\\\/munkaeropiaci-helyzet-az-unioban\\\/#article\",\"name\":\"Munkaer\\u0151piaci helyzet az uni\\u00f3ban | Allasorias.hu\\\/Hirek\",\"headline\":\"Munkaer\\u0151piaci helyzet az uni\\u00f3ban\",\"author\":{\"@id\":\"https:\\\/\\\/allasorias.hu\\\/hirek\\\/author\\\/admin-allasorias\\\/#author\"},\"publisher\":{\"@id\":\"https:\\\/\\\/allasorias.hu\\\/hirek\\\/#organization\"},\"image\":{\"@type\":\"ImageObject\",\"url\":\"https:\\\/\\\/allasorias.hu\\\/hirek\\\/wp-content\\\/uploads\\\/2023\\\/11\\\/europai-szocialis-csucs.jpg\",\"width\":1280,\"height\":853,\"caption\":\"Munkaer\\u0151piaci helyzet az uni\\u00f3ban - Allasorias.hu\\\/Hirek\"},\"datePublished\":\"2023-11-03T10:38:31+02:00\",\"dateModified\":\"2023-11-03T10:40:38+02:00\",\"inLanguage\":\"hu-HU\",\"mainEntityOfPage\":{\"@id\":\"https:\\\/\\\/allasorias.hu\\\/hirek\\\/munkaeropiaci-helyzet-az-unioban\\\/#webpage\"},\"isPartOf\":{\"@id\":\"https:\\\/\\\/allasorias.hu\\\/hirek\\\/munkaeropiaci-helyzet-az-unioban\\\/#webpage\"},\"articleSection\":\"Gazdas\\u00e1g, Eur\\u00f3pai Szoci\\u00e1lis Cs\\u00facson, Eur\\u00f3pai uni\\u00f3\"},{\"@type\":\"BreadcrumbList\",\"@id\":\"https:\\\/\\\/allasorias.hu\\\/hirek\\\/munkaeropiaci-helyzet-az-unioban\\\/#breadcrumblist\",\"itemListElement\":[{\"@type\":\"ListItem\",\"@id\":\"https:\\\/\\\/allasorias.hu\\\/hirek#listItem\",\"position\":1,\"name\":\"Home\",\"item\":\"https:\\\/\\\/allasorias.hu\\\/hirek\",\"nextItem\":{\"@type\":\"ListItem\",\"@id\":\"https:\\\/\\\/allasorias.hu\\\/hirek\\\/temak\\\/gazdasag\\\/#listItem\",\"name\":\"Gazdas\\u00e1g\"}},{\"@type\":\"ListItem\",\"@id\":\"https:\\\/\\\/allasorias.hu\\\/hirek\\\/temak\\\/gazdasag\\\/#listItem\",\"position\":2,\"name\":\"Gazdas\\u00e1g\",\"item\":\"https:\\\/\\\/allasorias.hu\\\/hirek\\\/temak\\\/gazdasag\\\/\",\"nextItem\":{\"@type\":\"ListItem\",\"@id\":\"https:\\\/\\\/allasorias.hu\\\/hirek\\\/munkaeropiaci-helyzet-az-unioban\\\/#listItem\",\"name\":\"Munkaer\\u0151piaci helyzet az uni\\u00f3ban\"},\"previousItem\":{\"@type\":\"ListItem\",\"@id\":\"https:\\\/\\\/allasorias.hu\\\/hirek#listItem\",\"name\":\"Home\"}},{\"@type\":\"ListItem\",\"@id\":\"https:\\\/\\\/allasorias.hu\\\/hirek\\\/munkaeropiaci-helyzet-az-unioban\\\/#listItem\",\"position\":3,\"name\":\"Munkaer\\u0151piaci helyzet az uni\\u00f3ban\",\"previousItem\":{\"@type\":\"ListItem\",\"@id\":\"https:\\\/\\\/allasorias.hu\\\/hirek\\\/temak\\\/gazdasag\\\/#listItem\",\"name\":\"Gazdas\\u00e1g\"}}]},{\"@type\":\"Organization\",\"@id\":\"https:\\\/\\\/allasorias.hu\\\/hirek\\\/#organization\",\"name\":\"AllasOrias.hu | H\\u00edrek-lapszemle\",\"description\":\"\\u00dczleti h\\u00edrek az \\u00e1ll\\u00e1s \\u00e9s a munka vil\\u00e1g\\u00e1b\\u00f3l\",\"url\":\"https:\\\/\\\/allasorias.hu\\\/hirek\\\/\",\"logo\":{\"@type\":\"ImageObject\",\"url\":\"https:\\\/\\\/allasorias.hu\\\/hirek\\\/wp-content\\\/uploads\\\/2022\\\/10\\\/allasorias_site_facebok_logo.png\",\"@id\":\"https:\\\/\\\/allasorias.hu\\\/hirek\\\/munkaeropiaci-helyzet-az-unioban\\\/#organizationLogo\"},\"image\":{\"@id\":\"https:\\\/\\\/allasorias.hu\\\/hirek\\\/munkaeropiaci-helyzet-az-unioban\\\/#organizationLogo\"},\"sameAs\":[\"https:\\\/\\\/www.facebook.com\\\/allasorias\",\"https:\\\/\\\/www.linkedin.com\\\/company\\\/allasorias\"]},{\"@type\":\"Person\",\"@id\":\"https:\\\/\\\/allasorias.hu\\\/hirek\\\/author\\\/admin-allasorias\\\/#author\",\"url\":\"https:\\\/\\\/allasorias.hu\\\/hirek\\\/author\\\/admin-allasorias\\\/\",\"name\":\"Juh\\u00e1sz P\\u00e9ter\",\"image\":{\"@type\":\"ImageObject\",\"@id\":\"https:\\\/\\\/allasorias.hu\\\/hirek\\\/munkaeropiaci-helyzet-az-unioban\\\/#authorImage\",\"url\":\"https:\\\/\\\/secure.gravatar.com\\\/avatar\\\/36e6bcb83148978b992977cb0f54d22feb0cce8a0a849a9410532bb2623ba4c6?s=96&d=mm&r=g\",\"width\":96,\"height\":96,\"caption\":\"Juh\\u00e1sz P\\u00e9ter\"}},{\"@type\":\"WebPage\",\"@id\":\"https:\\\/\\\/allasorias.hu\\\/hirek\\\/munkaeropiaci-helyzet-az-unioban\\\/#webpage\",\"url\":\"https:\\\/\\\/allasorias.hu\\\/hirek\\\/munkaeropiaci-helyzet-az-unioban\\\/\",\"name\":\"Munkaer\\u0151piaci helyzet az uni\\u00f3ban | Allasorias.hu\\\/Hirek\",\"description\":\"A Br\\u00fcsszelben tartott Eur\\u00f3pai Szoci\\u00e1lis Cs\\u00facson az uni\\u00f3s vezet\\u0151k \\u00e9s partnereik gy\\u0171ltek \\u00f6ssze, hogy megvitass\\u00e1k az Eur\\u00f3pai Uni\\u00f3 legfontosabb gazdas\\u00e1gi k\\u00e9rd\\u00e9seit.\",\"inLanguage\":\"hu-HU\",\"isPartOf\":{\"@id\":\"https:\\\/\\\/allasorias.hu\\\/hirek\\\/#website\"},\"breadcrumb\":{\"@id\":\"https:\\\/\\\/allasorias.hu\\\/hirek\\\/munkaeropiaci-helyzet-az-unioban\\\/#breadcrumblist\"},\"author\":{\"@id\":\"https:\\\/\\\/allasorias.hu\\\/hirek\\\/author\\\/admin-allasorias\\\/#author\"},\"creator\":{\"@id\":\"https:\\\/\\\/allasorias.hu\\\/hirek\\\/author\\\/admin-allasorias\\\/#author\"},\"image\":{\"@type\":\"ImageObject\",\"url\":\"https:\\\/\\\/allasorias.hu\\\/hirek\\\/wp-content\\\/uploads\\\/2023\\\/11\\\/europai-szocialis-csucs.jpg\",\"@id\":\"https:\\\/\\\/allasorias.hu\\\/hirek\\\/munkaeropiaci-helyzet-az-unioban\\\/#mainImage\",\"width\":1280,\"height\":853,\"caption\":\"Munkaer\\u0151piaci helyzet az uni\\u00f3ban - Allasorias.hu\\\/Hirek\"},\"primaryImageOfPage\":{\"@id\":\"https:\\\/\\\/allasorias.hu\\\/hirek\\\/munkaeropiaci-helyzet-az-unioban\\\/#mainImage\"},\"datePublished\":\"2023-11-03T10:38:31+02:00\",\"dateModified\":\"2023-11-03T10:40:38+02:00\"},{\"@type\":\"WebSite\",\"@id\":\"https:\\\/\\\/allasorias.hu\\\/hirek\\\/#website\",\"url\":\"https:\\\/\\\/allasorias.hu\\\/hirek\\\/\",\"name\":\"AllasOrias.hu | H\\u00edrek-lapszemle\",\"description\":\"\\u00dczleti h\\u00edrek az \\u00e1ll\\u00e1s \\u00e9s a munka vil\\u00e1g\\u00e1b\\u00f3l\",\"inLanguage\":\"hu-HU\",\"publisher\":{\"@id\":\"https:\\\/\\\/allasorias.hu\\\/hirek\\\/#organization\"}}]}\n\t\t<\/script>\n\t\t<!-- All in One SEO -->\n\n","aioseo_head_json":{"title":"Munkaer\u0151piaci helyzet az uni\u00f3ban | Allasorias.hu\/Hirek","description":"A Br\u00fcsszelben tartott Eur\u00f3pai Szoci\u00e1lis Cs\u00facson az uni\u00f3s vezet\u0151k \u00e9s partnereik gy\u0171ltek \u00f6ssze, hogy megvitass\u00e1k az Eur\u00f3pai Uni\u00f3 legfontosabb gazdas\u00e1gi k\u00e9rd\u00e9seit.","canonical_url":"https:\/\/allasorias.hu\/hirek\/munkaeropiaci-helyzet-az-unioban\/","robots":"max-image-preview:large","keywords":"eur\u00f3pai szoci\u00e1lis cs\u00facson,eur\u00f3pai uni\u00f3","webmasterTools":{"miscellaneous":""},"schema":{"@context":"https:\/\/schema.org","@graph":[{"@type":"Article","@id":"https:\/\/allasorias.hu\/hirek\/munkaeropiaci-helyzet-az-unioban\/#article","name":"Munkaer\u0151piaci helyzet az uni\u00f3ban | Allasorias.hu\/Hirek","headline":"Munkaer\u0151piaci helyzet az uni\u00f3ban","author":{"@id":"https:\/\/allasorias.hu\/hirek\/author\/admin-allasorias\/#author"},"publisher":{"@id":"https:\/\/allasorias.hu\/hirek\/#organization"},"image":{"@type":"ImageObject","url":"https:\/\/allasorias.hu\/hirek\/wp-content\/uploads\/2023\/11\/europai-szocialis-csucs.jpg","width":1280,"height":853,"caption":"Munkaer\u0151piaci helyzet az uni\u00f3ban - Allasorias.hu\/Hirek"},"datePublished":"2023-11-03T10:38:31+02:00","dateModified":"2023-11-03T10:40:38+02:00","inLanguage":"hu-HU","mainEntityOfPage":{"@id":"https:\/\/allasorias.hu\/hirek\/munkaeropiaci-helyzet-az-unioban\/#webpage"},"isPartOf":{"@id":"https:\/\/allasorias.hu\/hirek\/munkaeropiaci-helyzet-az-unioban\/#webpage"},"articleSection":"Gazdas\u00e1g, Eur\u00f3pai Szoci\u00e1lis Cs\u00facson, Eur\u00f3pai uni\u00f3"},{"@type":"BreadcrumbList","@id":"https:\/\/allasorias.hu\/hirek\/munkaeropiaci-helyzet-az-unioban\/#breadcrumblist","itemListElement":[{"@type":"ListItem","@id":"https:\/\/allasorias.hu\/hirek#listItem","position":1,"name":"Home","item":"https:\/\/allasorias.hu\/hirek","nextItem":{"@type":"ListItem","@id":"https:\/\/allasorias.hu\/hirek\/temak\/gazdasag\/#listItem","name":"Gazdas\u00e1g"}},{"@type":"ListItem","@id":"https:\/\/allasorias.hu\/hirek\/temak\/gazdasag\/#listItem","position":2,"name":"Gazdas\u00e1g","item":"https:\/\/allasorias.hu\/hirek\/temak\/gazdasag\/","nextItem":{"@type":"ListItem","@id":"https:\/\/allasorias.hu\/hirek\/munkaeropiaci-helyzet-az-unioban\/#listItem","name":"Munkaer\u0151piaci helyzet az uni\u00f3ban"},"previousItem":{"@type":"ListItem","@id":"https:\/\/allasorias.hu\/hirek#listItem","name":"Home"}},{"@type":"ListItem","@id":"https:\/\/allasorias.hu\/hirek\/munkaeropiaci-helyzet-az-unioban\/#listItem","position":3,"name":"Munkaer\u0151piaci helyzet az uni\u00f3ban","previousItem":{"@type":"ListItem","@id":"https:\/\/allasorias.hu\/hirek\/temak\/gazdasag\/#listItem","name":"Gazdas\u00e1g"}}]},{"@type":"Organization","@id":"https:\/\/allasorias.hu\/hirek\/#organization","name":"AllasOrias.hu | H\u00edrek-lapszemle","description":"\u00dczleti h\u00edrek az \u00e1ll\u00e1s \u00e9s a munka vil\u00e1g\u00e1b\u00f3l","url":"https:\/\/allasorias.hu\/hirek\/","logo":{"@type":"ImageObject","url":"https:\/\/allasorias.hu\/hirek\/wp-content\/uploads\/2022\/10\/allasorias_site_facebok_logo.png","@id":"https:\/\/allasorias.hu\/hirek\/munkaeropiaci-helyzet-az-unioban\/#organizationLogo"},"image":{"@id":"https:\/\/allasorias.hu\/hirek\/munkaeropiaci-helyzet-az-unioban\/#organizationLogo"},"sameAs":["https:\/\/www.facebook.com\/allasorias","https:\/\/www.linkedin.com\/company\/allasorias"]},{"@type":"Person","@id":"https:\/\/allasorias.hu\/hirek\/author\/admin-allasorias\/#author","url":"https:\/\/allasorias.hu\/hirek\/author\/admin-allasorias\/","name":"Juh\u00e1sz P\u00e9ter","image":{"@type":"ImageObject","@id":"https:\/\/allasorias.hu\/hirek\/munkaeropiaci-helyzet-az-unioban\/#authorImage","url":"https:\/\/secure.gravatar.com\/avatar\/36e6bcb83148978b992977cb0f54d22feb0cce8a0a849a9410532bb2623ba4c6?s=96&d=mm&r=g","width":96,"height":96,"caption":"Juh\u00e1sz P\u00e9ter"}},{"@type":"WebPage","@id":"https:\/\/allasorias.hu\/hirek\/munkaeropiaci-helyzet-az-unioban\/#webpage","url":"https:\/\/allasorias.hu\/hirek\/munkaeropiaci-helyzet-az-unioban\/","name":"Munkaer\u0151piaci helyzet az uni\u00f3ban | Allasorias.hu\/Hirek","description":"A Br\u00fcsszelben tartott Eur\u00f3pai Szoci\u00e1lis Cs\u00facson az uni\u00f3s vezet\u0151k \u00e9s partnereik gy\u0171ltek \u00f6ssze, hogy megvitass\u00e1k az Eur\u00f3pai Uni\u00f3 legfontosabb gazdas\u00e1gi k\u00e9rd\u00e9seit.","inLanguage":"hu-HU","isPartOf":{"@id":"https:\/\/allasorias.hu\/hirek\/#website"},"breadcrumb":{"@id":"https:\/\/allasorias.hu\/hirek\/munkaeropiaci-helyzet-az-unioban\/#breadcrumblist"},"author":{"@id":"https:\/\/allasorias.hu\/hirek\/author\/admin-allasorias\/#author"},"creator":{"@id":"https:\/\/allasorias.hu\/hirek\/author\/admin-allasorias\/#author"},"image":{"@type":"ImageObject","url":"https:\/\/allasorias.hu\/hirek\/wp-content\/uploads\/2023\/11\/europai-szocialis-csucs.jpg","@id":"https:\/\/allasorias.hu\/hirek\/munkaeropiaci-helyzet-az-unioban\/#mainImage","width":1280,"height":853,"caption":"Munkaer\u0151piaci helyzet az uni\u00f3ban - Allasorias.hu\/Hirek"},"primaryImageOfPage":{"@id":"https:\/\/allasorias.hu\/hirek\/munkaeropiaci-helyzet-az-unioban\/#mainImage"},"datePublished":"2023-11-03T10:38:31+02:00","dateModified":"2023-11-03T10:40:38+02:00"},{"@type":"WebSite","@id":"https:\/\/allasorias.hu\/hirek\/#website","url":"https:\/\/allasorias.hu\/hirek\/","name":"AllasOrias.hu | H\u00edrek-lapszemle","description":"\u00dczleti h\u00edrek az \u00e1ll\u00e1s \u00e9s a munka vil\u00e1g\u00e1b\u00f3l","inLanguage":"hu-HU","publisher":{"@id":"https:\/\/allasorias.hu\/hirek\/#organization"}}]},"og:locale":"hu_HU","og:site_name":"AllasOrias.hu | H\u00edrek-lapszemle | \u00dczleti h\u00edrek az \u00e1ll\u00e1s \u00e9s a munka vil\u00e1g\u00e1b\u00f3l","og:type":"article","og:title":"Munkaer\u0151piaci helyzet az uni\u00f3ban | Allasorias.hu\/Hirek","og:description":"A Br\u00fcsszelben tartott Eur\u00f3pai Szoci\u00e1lis Cs\u00facson az uni\u00f3s vezet\u0151k \u00e9s partnereik gy\u0171ltek \u00f6ssze, hogy megvitass\u00e1k az Eur\u00f3pai Uni\u00f3 legfontosabb gazdas\u00e1gi k\u00e9rd\u00e9seit.","og:url":"https:\/\/allasorias.hu\/hirek\/munkaeropiaci-helyzet-az-unioban\/","og:image":"https:\/\/allasorias.hu\/hirek\/wp-content\/uploads\/2023\/11\/europai-szocialis-csucs.jpg","og:image:secure_url":"https:\/\/allasorias.hu\/hirek\/wp-content\/uploads\/2023\/11\/europai-szocialis-csucs.jpg","og:image:width":1280,"og:image:height":853,"article:published_time":"2023-11-03T08:38:31+00:00","article:modified_time":"2023-11-03T08:40:38+00:00","article:publisher":"https:\/\/www.facebook.com\/allasorias","twitter:card":"summary_large_image","twitter:title":"Munkaer\u0151piaci helyzet az uni\u00f3ban | Allasorias.hu\/Hirek","twitter:description":"A Br\u00fcsszelben tartott Eur\u00f3pai Szoci\u00e1lis Cs\u00facson az uni\u00f3s vezet\u0151k \u00e9s partnereik gy\u0171ltek \u00f6ssze, hogy megvitass\u00e1k az Eur\u00f3pai Uni\u00f3 legfontosabb gazdas\u00e1gi k\u00e9rd\u00e9seit.","twitter:image":"https:\/\/allasorias.hu\/hirek\/wp-content\/uploads\/2023\/11\/europai-szocialis-csucs.jpg","twitter:label1":"Written by","twitter:data1":"Juh\u00e1sz P\u00e9ter","twitter:label2":"Est. reading time","twitter:data2":"3 minutes"},"aioseo_meta_data":{"post_id":"6963","title":"#post_title | Allasorias.hu\/Hirek","description":"A Br\u00fcsszelben tartott Eur\u00f3pai Szoci\u00e1lis Cs\u00facson az uni\u00f3s vezet\u0151k \u00e9s partnereik gy\u0171ltek \u00f6ssze, hogy megvitass\u00e1k az Eur\u00f3pai Uni\u00f3 legfontosabb gazdas\u00e1gi k\u00e9rd\u00e9seit.","keywords":[],"keyphrases":{"focus":{"keyphrase":"","score":0,"analysis":{"keyphraseInTitle":{"score":0,"maxScore":9,"error":1}}},"additional":[]},"primary_term":null,"canonical_url":null,"og_title":null,"og_description":null,"og_object_type":"default","og_image_type":"default","og_image_url":null,"og_image_width":null,"og_image_height":null,"og_image_custom_url":null,"og_image_custom_fields":null,"og_video":"","og_custom_url":null,"og_article_section":null,"og_article_tags":[],"twitter_use_og":true,"twitter_card":"default","twitter_image_type":"default","twitter_image_url":null,"twitter_image_custom_url":null,"twitter_image_custom_fields":null,"twitter_title":null,"twitter_description":null,"schema":{"blockGraphs":[],"customGraphs":[],"default":{"data":{"Article":[],"Course":[],"Dataset":[],"FAQPage":[],"Movie":[],"Person":[],"Product":[],"ProductReview":[],"Car":[],"Recipe":[],"Service":[],"SoftwareApplication":[],"WebPage":[]},"graphName":"Article","isEnabled":true},"graphs":[]},"schema_type":"default","schema_type_options":null,"pillar_content":false,"robots_default":true,"robots_noindex":false,"robots_noarchive":false,"robots_nosnippet":false,"robots_nofollow":false,"robots_noimageindex":false,"robots_noodp":false,"robots_notranslate":false,"robots_max_snippet":"-1","robots_max_videopreview":"-1","robots_max_imagepreview":"large","priority":null,"frequency":"default","location":null,"local_seo":null,"breadcrumb_settings":null,"limit_modified_date":false,"ai":null,"created":"2023-11-03 08:23:31","updated":"2025-10-02 19:11:18","seo_analyzer_scan_date":null,"focus_keyword":null,"additional_keywords":null,"truseo_locale":null},"aioseo_breadcrumb":"<div class=\"aioseo-breadcrumbs\"><span class=\"aioseo-breadcrumb\">\n\t\t\t<a href=\"https:\/\/allasorias.hu\/hirek\" title=\"Home\">Home<\/a>\n\t\t<\/span><span class=\"aioseo-breadcrumb-separator\">&raquo;<\/span><span class=\"aioseo-breadcrumb\">\n\t\t\t<a href=\"https:\/\/allasorias.hu\/hirek\/temak\/gazdasag\/\" title=\"Gazdas\u00e1g\">Gazdas\u00e1g<\/a>\n\t\t<\/span><span class=\"aioseo-breadcrumb-separator\">&raquo;<\/span><span class=\"aioseo-breadcrumb\">\n\t\t\tMunkaer\u0151piaci helyzet az uni\u00f3ban\n\t\t<\/span><\/div>","aioseo_breadcrumb_json":[{"label":"Home","link":"https:\/\/allasorias.hu\/hirek"},{"label":"Gazdas\u00e1g","link":"https:\/\/allasorias.hu\/hirek\/temak\/gazdasag\/"},{"label":"Munkaer\u0151piaci helyzet az uni\u00f3ban","link":"https:\/\/allasorias.hu\/hirek\/munkaeropiaci-helyzet-az-unioban\/"}],"_links":{"self":[{"href":"https:\/\/allasorias.hu\/hirek\/wp-json\/wp\/v2\/posts\/6963","targetHints":{"allow":["GET"]}}],"collection":[{"href":"https:\/\/allasorias.hu\/hirek\/wp-json\/wp\/v2\/posts"}],"about":[{"href":"https:\/\/allasorias.hu\/hirek\/wp-json\/wp\/v2\/types\/post"}],"author":[{"embeddable":true,"href":"https:\/\/allasorias.hu\/hirek\/wp-json\/wp\/v2\/users\/1"}],"replies":[{"embeddable":true,"href":"https:\/\/allasorias.hu\/hirek\/wp-json\/wp\/v2\/comments?post=6963"}],"version-history":[{"count":2,"href":"https:\/\/allasorias.hu\/hirek\/wp-json\/wp\/v2\/posts\/6963\/revisions"}],"predecessor-version":[{"id":6966,"href":"https:\/\/allasorias.hu\/hirek\/wp-json\/wp\/v2\/posts\/6963\/revisions\/6966"}],"wp:featuredmedia":[{"embeddable":true,"href":"https:\/\/allasorias.hu\/hirek\/wp-json\/wp\/v2\/media\/6964"}],"wp:attachment":[{"href":"https:\/\/allasorias.hu\/hirek\/wp-json\/wp\/v2\/media?parent=6963"}],"wp:term":[{"taxonomy":"category","embeddable":true,"href":"https:\/\/allasorias.hu\/hirek\/wp-json\/wp\/v2\/categories?post=6963"},{"taxonomy":"post_tag","embeddable":true,"href":"https:\/\/allasorias.hu\/hirek\/wp-json\/wp\/v2\/tags?post=6963"}],"curies":[{"name":"wp","href":"https:\/\/api.w.org\/{rel}","templated":true}]}}