{"id":6958,"date":"2023-11-02T11:28:52","date_gmt":"2023-11-02T09:28:52","guid":{"rendered":"https:\/\/allasorias.hu\/hirek\/?p=6958"},"modified":"2023-11-02T11:32:50","modified_gmt":"2023-11-02T09:32:50","slug":"nehez-helyzetben-a-vallalkozasok","status":"publish","type":"post","link":"https:\/\/allasorias.hu\/hirek\/nehez-helyzetben-a-vallalkozasok\/","title":{"rendered":"Neh\u00e9z helyzetben a v\u00e1llalkoz\u00e1sok"},"content":{"rendered":"<p><strong>Folyamatosan cs\u00f6kken a magyarorsz\u00e1gi c\u00e9gek sz\u00e1ma, ami az\u00e9rt is aggaszt\u00f3, mert a m\u0171k\u00f6d\u0151 v\u00e1llalkoz\u00e1sok l\u00e1nctartoz\u00e1sba ker\u00fclhetnek \u2013 v\u00e9li egy szak\u00e9rt\u0151. <\/strong><\/p>\n<p>Csorbai Hajnalka, az OPTEN strat\u00e9giai igazgat\u00f3ja szerint aggaszt\u00f3, hogy id\u00e9n <a href=\"https:\/\/allasorias.hu\/hirek\/sok-vallalkozas-szunt-meg-hazankban\/\">k\u00f6r\u00fclbel\u00fcl 17 ezer c\u00e9g ker\u00fclt felsz\u00e1mol\u00e1s al\u00e1<\/a>, \u00e9s ez a sz\u00e1m az \u00e9v v\u00e9g\u00e9re meghaladhatja a h\u00faszezret, ami t\u00f6bb mint dupl\u00e1ja a 2008-2009-es v\u00e1ls\u00e1gban tapasztalt adathoz. A felsz\u00e1mol\u00e1s az\u00e9rt vesz\u00e9lyes, mert ak\u00e1r ad\u00f3ss\u00e1got is hagyhat maga ut\u00e1n az \u00e9rintett c\u00e9g. A c\u00e9gek sz\u00e1ma Magyarorsz\u00e1gon tavaly szeptemberben tet\u0151z\u00f6tt, az\u00f3ta folyamatos a cs\u00f6kken\u00e9s, \u00e9s visszaesett a c\u00e9galap\u00edt\u00e1si kedv is.<\/p>\n<p>A mintegy 500 ezer magyar v\u00e1llalkoz\u00e1sb\u00f3l alig 60 ezernek az \u00e9ves bev\u00e9tele \u00e9ri el a 100 milli\u00f3 forintot.\u00a0 Jelent\u0151s a k\u00e9nyszerv\u00e1llakoz\u00e1sok sz\u00e1ma. Az Opten napokban nyilv\u00e1noss\u00e1gra hozott elemz\u00e9se szerint az elm\u00falt \u00f6t \u00e9vben id\u0151ar\u00e1nyosan id\u00e9n alakult a legkevesebb p\u00e9ld\u00e1ul az \u00e9p\u00edt\u0151ipariban is: 3,7 ezer. Az id\u00e9n megsz\u0171nt c\u00e9gek sz\u00e1ma \u2013 3,71 ezer \u2013 m\u00e1r most 26 sz\u00e1zal\u00e9kkal t\u00f6bb, mint a tavalyi \u00e9v eg\u00e9sze, \u00e9s az elm\u00falt hat \u00e9v egyike sor\u00e1n sem volt annyi c\u00e9gmegsz\u0171n\u00e9s, mint az id\u00e9n. A legszembet\u0171n\u0151bb az \u00faj felsz\u00e1mol\u00e1si elj\u00e1r\u00e1sok idei n\u00f6veked\u00e9se, ami m\u00e1r most k\u00f6zel k\u00e9tszerese a tavalyinak, t\u00f6bb mint h\u00e1romszorosa a 2021. \u00e9vinek \u00e9s 4-5-sz\u00f6r\u00f6se az azt megel\u0151z\u0151 \u00e9veknek.<\/p>\n<p>Forr\u00e1s: <a href=\"https:\/\/www.atv.hu\/belfold\/20231102\/sulyos-a-helyzet-ketszer-annyi-magyar-ceg-csodolt-be-mint-a-vilagvalsag-idejen\" target=\"_blank\" rel=\"nofollow noopener\">atv.hu<\/a><\/p>\n","protected":false},"excerpt":{"rendered":"<p>Folyamatosan cs\u00f6kken a magyarorsz\u00e1gi c\u00e9gek sz\u00e1ma, ami az\u00e9rt is aggaszt\u00f3, mert a m\u0171k\u00f6d\u0151 v\u00e1llalkoz\u00e1sok l\u00e1nctartoz\u00e1sba ker\u00fclhetnek \u2013 v\u00e9li egy szak\u00e9rt\u0151. Csorbai Hajnalka, az OPTEN strat\u00e9giai igazgat\u00f3ja szerint aggaszt\u00f3, hogy id\u00e9n k\u00f6r\u00fclbel\u00fcl 17 ezer c\u00e9g ker\u00fclt felsz\u00e1mol\u00e1s al\u00e1, \u00e9s ez a sz\u00e1m az \u00e9v v\u00e9g\u00e9re meghaladhatja a h\u00faszezret, ami t\u00f6bb mint dupl\u00e1ja a 2008-2009-es v\u00e1ls\u00e1gban tapasztalt [&hellip;]<\/p>\n","protected":false},"author":1,"featured_media":6959,"comment_status":"open","ping_status":"open","sticky":false,"template":"","format":"standard","meta":{"_monsterinsights_skip_tracking":false,"footnotes":""},"categories":[198],"tags":[639,640],"class_list":["post-6958","post","type-post","status-publish","format-standard","has-post-thumbnail","hentry","category-gazdasag","tag-magyar-cegek","tag-vallalkozasok"],"aioseo_notices":[],"aioseo_head":"\n\t\t<!-- All in One SEO 5.0.0.1 - aioseo.com -->\n\t<meta name=\"description\" content=\"Folyamatosan cs\u00f6kken a magyarorsz\u00e1gi c\u00e9gek sz\u00e1ma, ami az\u00e9rt is aggaszt\u00f3, mert a m\u0171k\u00f6d\u0151 v\u00e1llalkoz\u00e1sok l\u00e1nctartoz\u00e1sba ker\u00fclhetnek \u2013 v\u00e9li egy szak\u00e9rt\u0151.\" \/>\n\t<meta name=\"robots\" content=\"max-image-preview:large\" \/>\n\t<meta name=\"author\" content=\"Juh\u00e1sz P\u00e9ter\"\/>\n\t<meta name=\"keywords\" content=\"magyar c\u00e9gek,v\u00e1llalkoz\u00e1sok\" \/>\n\t<link rel=\"canonical\" href=\"https:\/\/allasorias.hu\/hirek\/nehez-helyzetben-a-vallalkozasok\/\" \/>\n\t<meta name=\"generator\" content=\"All in One SEO (AIOSEO) 5.0.0.1\" \/>\n\t\t<meta property=\"og:locale\" content=\"hu_HU\" \/>\n\t\t<meta property=\"og:site_name\" content=\"AllasOrias.hu | H\u00edrek-lapszemle | \u00dczleti h\u00edrek az \u00e1ll\u00e1s \u00e9s a munka vil\u00e1g\u00e1b\u00f3l\" \/>\n\t\t<meta property=\"og:type\" content=\"article\" \/>\n\t\t<meta property=\"og:title\" content=\"Neh\u00e9z helyzetben a v\u00e1llalkoz\u00e1sok | Allasorias.hu\/Hirek\" \/>\n\t\t<meta property=\"og:description\" content=\"Folyamatosan cs\u00f6kken a magyarorsz\u00e1gi c\u00e9gek sz\u00e1ma, ami az\u00e9rt is aggaszt\u00f3, mert a m\u0171k\u00f6d\u0151 v\u00e1llalkoz\u00e1sok l\u00e1nctartoz\u00e1sba ker\u00fclhetnek \u2013 v\u00e9li egy szak\u00e9rt\u0151.\" \/>\n\t\t<meta property=\"og:url\" content=\"https:\/\/allasorias.hu\/hirek\/nehez-helyzetben-a-vallalkozasok\/\" \/>\n\t\t<meta property=\"og:image\" content=\"https:\/\/allasorias.hu\/hirek\/wp-content\/uploads\/2023\/11\/csokken-a-magyar-cegek-szama.jpg\" \/>\n\t\t<meta property=\"og:image:secure_url\" content=\"https:\/\/allasorias.hu\/hirek\/wp-content\/uploads\/2023\/11\/csokken-a-magyar-cegek-szama.jpg\" \/>\n\t\t<meta property=\"og:image:width\" content=\"1280\" \/>\n\t\t<meta property=\"og:image:height\" content=\"853\" \/>\n\t\t<meta property=\"article:published_time\" content=\"2023-11-02T09:28:52+00:00\" \/>\n\t\t<meta property=\"article:modified_time\" content=\"2023-11-02T09:32:50+00:00\" \/>\n\t\t<meta property=\"article:publisher\" content=\"https:\/\/www.facebook.com\/allasorias\" \/>\n\t\t<meta name=\"twitter:card\" content=\"summary_large_image\" \/>\n\t\t<meta name=\"twitter:title\" content=\"Neh\u00e9z helyzetben a v\u00e1llalkoz\u00e1sok | Allasorias.hu\/Hirek\" \/>\n\t\t<meta name=\"twitter:description\" content=\"Folyamatosan cs\u00f6kken a magyarorsz\u00e1gi c\u00e9gek sz\u00e1ma, ami az\u00e9rt is aggaszt\u00f3, mert a m\u0171k\u00f6d\u0151 v\u00e1llalkoz\u00e1sok l\u00e1nctartoz\u00e1sba ker\u00fclhetnek \u2013 v\u00e9li egy szak\u00e9rt\u0151.\" \/>\n\t\t<meta name=\"twitter:image\" content=\"https:\/\/allasorias.hu\/hirek\/wp-content\/uploads\/2023\/11\/csokken-a-magyar-cegek-szama.jpg\" \/>\n\t\t<meta name=\"twitter:label1\" content=\"Written by\" \/>\n\t\t<meta name=\"twitter:data1\" content=\"Juh\u00e1sz P\u00e9ter\" \/>\n\t\t<meta name=\"twitter:label2\" content=\"Est. reading time\" \/>\n\t\t<meta name=\"twitter:data2\" content=\"1 minute\" \/>\n\t\t<script type=\"application\/ld+json\" class=\"aioseo-schema\">\n\t\t\t{\"@context\":\"https:\\\/\\\/schema.org\",\"@graph\":[{\"@type\":\"Article\",\"@id\":\"https:\\\/\\\/allasorias.hu\\\/hirek\\\/nehez-helyzetben-a-vallalkozasok\\\/#article\",\"name\":\"Neh\\u00e9z helyzetben a v\\u00e1llalkoz\\u00e1sok | Allasorias.hu\\\/Hirek\",\"headline\":\"Neh\\u00e9z helyzetben a v\\u00e1llalkoz\\u00e1sok\",\"author\":{\"@id\":\"https:\\\/\\\/allasorias.hu\\\/hirek\\\/author\\\/admin-allasorias\\\/#author\"},\"publisher\":{\"@id\":\"https:\\\/\\\/allasorias.hu\\\/hirek\\\/#organization\"},\"image\":{\"@type\":\"ImageObject\",\"url\":\"https:\\\/\\\/allasorias.hu\\\/hirek\\\/wp-content\\\/uploads\\\/2023\\\/11\\\/csokken-a-magyar-cegek-szama.jpg\",\"width\":1280,\"height\":853,\"caption\":\"Neh\\u00e9z helyzetben a v\\u00e1llalkoz\\u00e1sok - Allasorias.hu\\\/Hirek\"},\"datePublished\":\"2023-11-02T11:28:52+02:00\",\"dateModified\":\"2023-11-02T11:32:50+02:00\",\"inLanguage\":\"hu-HU\",\"mainEntityOfPage\":{\"@id\":\"https:\\\/\\\/allasorias.hu\\\/hirek\\\/nehez-helyzetben-a-vallalkozasok\\\/#webpage\"},\"isPartOf\":{\"@id\":\"https:\\\/\\\/allasorias.hu\\\/hirek\\\/nehez-helyzetben-a-vallalkozasok\\\/#webpage\"},\"articleSection\":\"Gazdas\\u00e1g, magyar c\\u00e9gek, v\\u00e1llalkoz\\u00e1sok\"},{\"@type\":\"BreadcrumbList\",\"@id\":\"https:\\\/\\\/allasorias.hu\\\/hirek\\\/nehez-helyzetben-a-vallalkozasok\\\/#breadcrumblist\",\"itemListElement\":[{\"@type\":\"ListItem\",\"@id\":\"https:\\\/\\\/allasorias.hu\\\/hirek#listItem\",\"position\":1,\"name\":\"Home\",\"item\":\"https:\\\/\\\/allasorias.hu\\\/hirek\",\"nextItem\":{\"@type\":\"ListItem\",\"@id\":\"https:\\\/\\\/allasorias.hu\\\/hirek\\\/temak\\\/gazdasag\\\/#listItem\",\"name\":\"Gazdas\\u00e1g\"}},{\"@type\":\"ListItem\",\"@id\":\"https:\\\/\\\/allasorias.hu\\\/hirek\\\/temak\\\/gazdasag\\\/#listItem\",\"position\":2,\"name\":\"Gazdas\\u00e1g\",\"item\":\"https:\\\/\\\/allasorias.hu\\\/hirek\\\/temak\\\/gazdasag\\\/\",\"nextItem\":{\"@type\":\"ListItem\",\"@id\":\"https:\\\/\\\/allasorias.hu\\\/hirek\\\/nehez-helyzetben-a-vallalkozasok\\\/#listItem\",\"name\":\"Neh\\u00e9z helyzetben a v\\u00e1llalkoz\\u00e1sok\"},\"previousItem\":{\"@type\":\"ListItem\",\"@id\":\"https:\\\/\\\/allasorias.hu\\\/hirek#listItem\",\"name\":\"Home\"}},{\"@type\":\"ListItem\",\"@id\":\"https:\\\/\\\/allasorias.hu\\\/hirek\\\/nehez-helyzetben-a-vallalkozasok\\\/#listItem\",\"position\":3,\"name\":\"Neh\\u00e9z helyzetben a v\\u00e1llalkoz\\u00e1sok\",\"previousItem\":{\"@type\":\"ListItem\",\"@id\":\"https:\\\/\\\/allasorias.hu\\\/hirek\\\/temak\\\/gazdasag\\\/#listItem\",\"name\":\"Gazdas\\u00e1g\"}}]},{\"@type\":\"Organization\",\"@id\":\"https:\\\/\\\/allasorias.hu\\\/hirek\\\/#organization\",\"name\":\"AllasOrias.hu | H\\u00edrek-lapszemle\",\"description\":\"\\u00dczleti h\\u00edrek az \\u00e1ll\\u00e1s \\u00e9s a munka vil\\u00e1g\\u00e1b\\u00f3l\",\"url\":\"https:\\\/\\\/allasorias.hu\\\/hirek\\\/\",\"logo\":{\"@type\":\"ImageObject\",\"url\":\"https:\\\/\\\/allasorias.hu\\\/hirek\\\/wp-content\\\/uploads\\\/2022\\\/10\\\/allasorias_site_facebok_logo.png\",\"@id\":\"https:\\\/\\\/allasorias.hu\\\/hirek\\\/nehez-helyzetben-a-vallalkozasok\\\/#organizationLogo\"},\"image\":{\"@id\":\"https:\\\/\\\/allasorias.hu\\\/hirek\\\/nehez-helyzetben-a-vallalkozasok\\\/#organizationLogo\"},\"sameAs\":[\"https:\\\/\\\/www.facebook.com\\\/allasorias\",\"https:\\\/\\\/www.linkedin.com\\\/company\\\/allasorias\"]},{\"@type\":\"Person\",\"@id\":\"https:\\\/\\\/allasorias.hu\\\/hirek\\\/author\\\/admin-allasorias\\\/#author\",\"url\":\"https:\\\/\\\/allasorias.hu\\\/hirek\\\/author\\\/admin-allasorias\\\/\",\"name\":\"Juh\\u00e1sz P\\u00e9ter\",\"image\":{\"@type\":\"ImageObject\",\"@id\":\"https:\\\/\\\/allasorias.hu\\\/hirek\\\/nehez-helyzetben-a-vallalkozasok\\\/#authorImage\",\"url\":\"https:\\\/\\\/secure.gravatar.com\\\/avatar\\\/36e6bcb83148978b992977cb0f54d22feb0cce8a0a849a9410532bb2623ba4c6?s=96&d=mm&r=g\",\"width\":96,\"height\":96,\"caption\":\"Juh\\u00e1sz P\\u00e9ter\"}},{\"@type\":\"WebPage\",\"@id\":\"https:\\\/\\\/allasorias.hu\\\/hirek\\\/nehez-helyzetben-a-vallalkozasok\\\/#webpage\",\"url\":\"https:\\\/\\\/allasorias.hu\\\/hirek\\\/nehez-helyzetben-a-vallalkozasok\\\/\",\"name\":\"Neh\\u00e9z helyzetben a v\\u00e1llalkoz\\u00e1sok | Allasorias.hu\\\/Hirek\",\"description\":\"Folyamatosan cs\\u00f6kken a magyarorsz\\u00e1gi c\\u00e9gek sz\\u00e1ma, ami az\\u00e9rt is aggaszt\\u00f3, mert a m\\u0171k\\u00f6d\\u0151 v\\u00e1llalkoz\\u00e1sok l\\u00e1nctartoz\\u00e1sba ker\\u00fclhetnek \\u2013 v\\u00e9li egy szak\\u00e9rt\\u0151.\",\"inLanguage\":\"hu-HU\",\"isPartOf\":{\"@id\":\"https:\\\/\\\/allasorias.hu\\\/hirek\\\/#website\"},\"breadcrumb\":{\"@id\":\"https:\\\/\\\/allasorias.hu\\\/hirek\\\/nehez-helyzetben-a-vallalkozasok\\\/#breadcrumblist\"},\"author\":{\"@id\":\"https:\\\/\\\/allasorias.hu\\\/hirek\\\/author\\\/admin-allasorias\\\/#author\"},\"creator\":{\"@id\":\"https:\\\/\\\/allasorias.hu\\\/hirek\\\/author\\\/admin-allasorias\\\/#author\"},\"image\":{\"@type\":\"ImageObject\",\"url\":\"https:\\\/\\\/allasorias.hu\\\/hirek\\\/wp-content\\\/uploads\\\/2023\\\/11\\\/csokken-a-magyar-cegek-szama.jpg\",\"@id\":\"https:\\\/\\\/allasorias.hu\\\/hirek\\\/nehez-helyzetben-a-vallalkozasok\\\/#mainImage\",\"width\":1280,\"height\":853,\"caption\":\"Neh\\u00e9z helyzetben a v\\u00e1llalkoz\\u00e1sok - Allasorias.hu\\\/Hirek\"},\"primaryImageOfPage\":{\"@id\":\"https:\\\/\\\/allasorias.hu\\\/hirek\\\/nehez-helyzetben-a-vallalkozasok\\\/#mainImage\"},\"datePublished\":\"2023-11-02T11:28:52+02:00\",\"dateModified\":\"2023-11-02T11:32:50+02:00\"},{\"@type\":\"WebSite\",\"@id\":\"https:\\\/\\\/allasorias.hu\\\/hirek\\\/#website\",\"url\":\"https:\\\/\\\/allasorias.hu\\\/hirek\\\/\",\"name\":\"AllasOrias.hu | H\\u00edrek-lapszemle\",\"description\":\"\\u00dczleti h\\u00edrek az \\u00e1ll\\u00e1s \\u00e9s a munka vil\\u00e1g\\u00e1b\\u00f3l\",\"inLanguage\":\"hu-HU\",\"publisher\":{\"@id\":\"https:\\\/\\\/allasorias.hu\\\/hirek\\\/#organization\"}}]}\n\t\t<\/script>\n\t\t<!-- All in One SEO -->\n\n","aioseo_head_json":{"title":"Neh\u00e9z helyzetben a v\u00e1llalkoz\u00e1sok | Allasorias.hu\/Hirek","description":"Folyamatosan cs\u00f6kken a magyarorsz\u00e1gi c\u00e9gek sz\u00e1ma, ami az\u00e9rt is aggaszt\u00f3, mert a m\u0171k\u00f6d\u0151 v\u00e1llalkoz\u00e1sok l\u00e1nctartoz\u00e1sba ker\u00fclhetnek \u2013 v\u00e9li egy szak\u00e9rt\u0151.","canonical_url":"https:\/\/allasorias.hu\/hirek\/nehez-helyzetben-a-vallalkozasok\/","robots":"max-image-preview:large","keywords":"magyar c\u00e9gek,v\u00e1llalkoz\u00e1sok","webmasterTools":{"miscellaneous":""},"schema":{"@context":"https:\/\/schema.org","@graph":[{"@type":"Article","@id":"https:\/\/allasorias.hu\/hirek\/nehez-helyzetben-a-vallalkozasok\/#article","name":"Neh\u00e9z helyzetben a v\u00e1llalkoz\u00e1sok | Allasorias.hu\/Hirek","headline":"Neh\u00e9z helyzetben a v\u00e1llalkoz\u00e1sok","author":{"@id":"https:\/\/allasorias.hu\/hirek\/author\/admin-allasorias\/#author"},"publisher":{"@id":"https:\/\/allasorias.hu\/hirek\/#organization"},"image":{"@type":"ImageObject","url":"https:\/\/allasorias.hu\/hirek\/wp-content\/uploads\/2023\/11\/csokken-a-magyar-cegek-szama.jpg","width":1280,"height":853,"caption":"Neh\u00e9z helyzetben a v\u00e1llalkoz\u00e1sok - Allasorias.hu\/Hirek"},"datePublished":"2023-11-02T11:28:52+02:00","dateModified":"2023-11-02T11:32:50+02:00","inLanguage":"hu-HU","mainEntityOfPage":{"@id":"https:\/\/allasorias.hu\/hirek\/nehez-helyzetben-a-vallalkozasok\/#webpage"},"isPartOf":{"@id":"https:\/\/allasorias.hu\/hirek\/nehez-helyzetben-a-vallalkozasok\/#webpage"},"articleSection":"Gazdas\u00e1g, magyar c\u00e9gek, v\u00e1llalkoz\u00e1sok"},{"@type":"BreadcrumbList","@id":"https:\/\/allasorias.hu\/hirek\/nehez-helyzetben-a-vallalkozasok\/#breadcrumblist","itemListElement":[{"@type":"ListItem","@id":"https:\/\/allasorias.hu\/hirek#listItem","position":1,"name":"Home","item":"https:\/\/allasorias.hu\/hirek","nextItem":{"@type":"ListItem","@id":"https:\/\/allasorias.hu\/hirek\/temak\/gazdasag\/#listItem","name":"Gazdas\u00e1g"}},{"@type":"ListItem","@id":"https:\/\/allasorias.hu\/hirek\/temak\/gazdasag\/#listItem","position":2,"name":"Gazdas\u00e1g","item":"https:\/\/allasorias.hu\/hirek\/temak\/gazdasag\/","nextItem":{"@type":"ListItem","@id":"https:\/\/allasorias.hu\/hirek\/nehez-helyzetben-a-vallalkozasok\/#listItem","name":"Neh\u00e9z helyzetben a v\u00e1llalkoz\u00e1sok"},"previousItem":{"@type":"ListItem","@id":"https:\/\/allasorias.hu\/hirek#listItem","name":"Home"}},{"@type":"ListItem","@id":"https:\/\/allasorias.hu\/hirek\/nehez-helyzetben-a-vallalkozasok\/#listItem","position":3,"name":"Neh\u00e9z helyzetben a v\u00e1llalkoz\u00e1sok","previousItem":{"@type":"ListItem","@id":"https:\/\/allasorias.hu\/hirek\/temak\/gazdasag\/#listItem","name":"Gazdas\u00e1g"}}]},{"@type":"Organization","@id":"https:\/\/allasorias.hu\/hirek\/#organization","name":"AllasOrias.hu | H\u00edrek-lapszemle","description":"\u00dczleti h\u00edrek az \u00e1ll\u00e1s \u00e9s a munka vil\u00e1g\u00e1b\u00f3l","url":"https:\/\/allasorias.hu\/hirek\/","logo":{"@type":"ImageObject","url":"https:\/\/allasorias.hu\/hirek\/wp-content\/uploads\/2022\/10\/allasorias_site_facebok_logo.png","@id":"https:\/\/allasorias.hu\/hirek\/nehez-helyzetben-a-vallalkozasok\/#organizationLogo"},"image":{"@id":"https:\/\/allasorias.hu\/hirek\/nehez-helyzetben-a-vallalkozasok\/#organizationLogo"},"sameAs":["https:\/\/www.facebook.com\/allasorias","https:\/\/www.linkedin.com\/company\/allasorias"]},{"@type":"Person","@id":"https:\/\/allasorias.hu\/hirek\/author\/admin-allasorias\/#author","url":"https:\/\/allasorias.hu\/hirek\/author\/admin-allasorias\/","name":"Juh\u00e1sz P\u00e9ter","image":{"@type":"ImageObject","@id":"https:\/\/allasorias.hu\/hirek\/nehez-helyzetben-a-vallalkozasok\/#authorImage","url":"https:\/\/secure.gravatar.com\/avatar\/36e6bcb83148978b992977cb0f54d22feb0cce8a0a849a9410532bb2623ba4c6?s=96&d=mm&r=g","width":96,"height":96,"caption":"Juh\u00e1sz P\u00e9ter"}},{"@type":"WebPage","@id":"https:\/\/allasorias.hu\/hirek\/nehez-helyzetben-a-vallalkozasok\/#webpage","url":"https:\/\/allasorias.hu\/hirek\/nehez-helyzetben-a-vallalkozasok\/","name":"Neh\u00e9z helyzetben a v\u00e1llalkoz\u00e1sok | Allasorias.hu\/Hirek","description":"Folyamatosan cs\u00f6kken a magyarorsz\u00e1gi c\u00e9gek sz\u00e1ma, ami az\u00e9rt is aggaszt\u00f3, mert a m\u0171k\u00f6d\u0151 v\u00e1llalkoz\u00e1sok l\u00e1nctartoz\u00e1sba ker\u00fclhetnek \u2013 v\u00e9li egy szak\u00e9rt\u0151.","inLanguage":"hu-HU","isPartOf":{"@id":"https:\/\/allasorias.hu\/hirek\/#website"},"breadcrumb":{"@id":"https:\/\/allasorias.hu\/hirek\/nehez-helyzetben-a-vallalkozasok\/#breadcrumblist"},"author":{"@id":"https:\/\/allasorias.hu\/hirek\/author\/admin-allasorias\/#author"},"creator":{"@id":"https:\/\/allasorias.hu\/hirek\/author\/admin-allasorias\/#author"},"image":{"@type":"ImageObject","url":"https:\/\/allasorias.hu\/hirek\/wp-content\/uploads\/2023\/11\/csokken-a-magyar-cegek-szama.jpg","@id":"https:\/\/allasorias.hu\/hirek\/nehez-helyzetben-a-vallalkozasok\/#mainImage","width":1280,"height":853,"caption":"Neh\u00e9z helyzetben a v\u00e1llalkoz\u00e1sok - Allasorias.hu\/Hirek"},"primaryImageOfPage":{"@id":"https:\/\/allasorias.hu\/hirek\/nehez-helyzetben-a-vallalkozasok\/#mainImage"},"datePublished":"2023-11-02T11:28:52+02:00","dateModified":"2023-11-02T11:32:50+02:00"},{"@type":"WebSite","@id":"https:\/\/allasorias.hu\/hirek\/#website","url":"https:\/\/allasorias.hu\/hirek\/","name":"AllasOrias.hu | H\u00edrek-lapszemle","description":"\u00dczleti h\u00edrek az \u00e1ll\u00e1s \u00e9s a munka vil\u00e1g\u00e1b\u00f3l","inLanguage":"hu-HU","publisher":{"@id":"https:\/\/allasorias.hu\/hirek\/#organization"}}]},"og:locale":"hu_HU","og:site_name":"AllasOrias.hu | H\u00edrek-lapszemle | \u00dczleti h\u00edrek az \u00e1ll\u00e1s \u00e9s a munka vil\u00e1g\u00e1b\u00f3l","og:type":"article","og:title":"Neh\u00e9z helyzetben a v\u00e1llalkoz\u00e1sok | Allasorias.hu\/Hirek","og:description":"Folyamatosan cs\u00f6kken a magyarorsz\u00e1gi c\u00e9gek sz\u00e1ma, ami az\u00e9rt is aggaszt\u00f3, mert a m\u0171k\u00f6d\u0151 v\u00e1llalkoz\u00e1sok l\u00e1nctartoz\u00e1sba ker\u00fclhetnek \u2013 v\u00e9li egy szak\u00e9rt\u0151.","og:url":"https:\/\/allasorias.hu\/hirek\/nehez-helyzetben-a-vallalkozasok\/","og:image":"https:\/\/allasorias.hu\/hirek\/wp-content\/uploads\/2023\/11\/csokken-a-magyar-cegek-szama.jpg","og:image:secure_url":"https:\/\/allasorias.hu\/hirek\/wp-content\/uploads\/2023\/11\/csokken-a-magyar-cegek-szama.jpg","og:image:width":1280,"og:image:height":853,"article:published_time":"2023-11-02T09:28:52+00:00","article:modified_time":"2023-11-02T09:32:50+00:00","article:publisher":"https:\/\/www.facebook.com\/allasorias","twitter:card":"summary_large_image","twitter:title":"Neh\u00e9z helyzetben a v\u00e1llalkoz\u00e1sok | Allasorias.hu\/Hirek","twitter:description":"Folyamatosan cs\u00f6kken a magyarorsz\u00e1gi c\u00e9gek sz\u00e1ma, ami az\u00e9rt is aggaszt\u00f3, mert a m\u0171k\u00f6d\u0151 v\u00e1llalkoz\u00e1sok l\u00e1nctartoz\u00e1sba ker\u00fclhetnek \u2013 v\u00e9li egy szak\u00e9rt\u0151.","twitter:image":"https:\/\/allasorias.hu\/hirek\/wp-content\/uploads\/2023\/11\/csokken-a-magyar-cegek-szama.jpg","twitter:label1":"Written by","twitter:data1":"Juh\u00e1sz P\u00e9ter","twitter:label2":"Est. reading time","twitter:data2":"1 minute"},"aioseo_meta_data":{"post_id":"6958","title":"#post_title | Allasorias.hu\/Hirek","description":"Folyamatosan cs\u00f6kken a magyarorsz\u00e1gi c\u00e9gek sz\u00e1ma, ami az\u00e9rt is aggaszt\u00f3, mert a m\u0171k\u00f6d\u0151 v\u00e1llalkoz\u00e1sok l\u00e1nctartoz\u00e1sba ker\u00fclhetnek \u2013 v\u00e9li egy szak\u00e9rt\u0151.","keywords":[],"keyphrases":{"focus":{"keyphrase":"","score":0,"analysis":{"keyphraseInTitle":{"score":0,"maxScore":9,"error":1}}},"additional":[]},"primary_term":null,"canonical_url":null,"og_title":null,"og_description":null,"og_object_type":"default","og_image_type":"default","og_image_url":null,"og_image_width":null,"og_image_height":null,"og_image_custom_url":null,"og_image_custom_fields":null,"og_video":"","og_custom_url":null,"og_article_section":null,"og_article_tags":[],"twitter_use_og":true,"twitter_card":"default","twitter_image_type":"default","twitter_image_url":null,"twitter_image_custom_url":null,"twitter_image_custom_fields":null,"twitter_title":null,"twitter_description":null,"schema":{"blockGraphs":[],"customGraphs":[],"default":{"data":{"Article":[],"Course":[],"Dataset":[],"FAQPage":[],"Movie":[],"Person":[],"Product":[],"ProductReview":[],"Car":[],"Recipe":[],"Service":[],"SoftwareApplication":[],"WebPage":[]},"graphName":"Article","isEnabled":true},"graphs":[]},"schema_type":"default","schema_type_options":null,"pillar_content":false,"robots_default":true,"robots_noindex":false,"robots_noarchive":false,"robots_nosnippet":false,"robots_nofollow":false,"robots_noimageindex":false,"robots_noodp":false,"robots_notranslate":false,"robots_max_snippet":"-1","robots_max_videopreview":"-1","robots_max_imagepreview":"large","priority":null,"frequency":"default","location":null,"local_seo":null,"breadcrumb_settings":null,"limit_modified_date":false,"ai":null,"created":"2023-11-02 09:22:40","updated":"2025-10-02 19:11:18","seo_analyzer_scan_date":null,"focus_keyword":null,"additional_keywords":null,"truseo_locale":null},"aioseo_breadcrumb":"<div class=\"aioseo-breadcrumbs\"><span class=\"aioseo-breadcrumb\">\n\t\t\t<a href=\"https:\/\/allasorias.hu\/hirek\" title=\"Home\">Home<\/a>\n\t\t<\/span><span class=\"aioseo-breadcrumb-separator\">&raquo;<\/span><span class=\"aioseo-breadcrumb\">\n\t\t\t<a href=\"https:\/\/allasorias.hu\/hirek\/temak\/gazdasag\/\" title=\"Gazdas\u00e1g\">Gazdas\u00e1g<\/a>\n\t\t<\/span><span class=\"aioseo-breadcrumb-separator\">&raquo;<\/span><span class=\"aioseo-breadcrumb\">\n\t\t\tNeh\u00e9z helyzetben a v\u00e1llalkoz\u00e1sok\n\t\t<\/span><\/div>","aioseo_breadcrumb_json":[{"label":"Home","link":"https:\/\/allasorias.hu\/hirek"},{"label":"Gazdas\u00e1g","link":"https:\/\/allasorias.hu\/hirek\/temak\/gazdasag\/"},{"label":"Neh\u00e9z helyzetben a v\u00e1llalkoz\u00e1sok","link":"https:\/\/allasorias.hu\/hirek\/nehez-helyzetben-a-vallalkozasok\/"}],"_links":{"self":[{"href":"https:\/\/allasorias.hu\/hirek\/wp-json\/wp\/v2\/posts\/6958","targetHints":{"allow":["GET"]}}],"collection":[{"href":"https:\/\/allasorias.hu\/hirek\/wp-json\/wp\/v2\/posts"}],"about":[{"href":"https:\/\/allasorias.hu\/hirek\/wp-json\/wp\/v2\/types\/post"}],"author":[{"embeddable":true,"href":"https:\/\/allasorias.hu\/hirek\/wp-json\/wp\/v2\/users\/1"}],"replies":[{"embeddable":true,"href":"https:\/\/allasorias.hu\/hirek\/wp-json\/wp\/v2\/comments?post=6958"}],"version-history":[{"count":2,"href":"https:\/\/allasorias.hu\/hirek\/wp-json\/wp\/v2\/posts\/6958\/revisions"}],"predecessor-version":[{"id":6961,"href":"https:\/\/allasorias.hu\/hirek\/wp-json\/wp\/v2\/posts\/6958\/revisions\/6961"}],"wp:featuredmedia":[{"embeddable":true,"href":"https:\/\/allasorias.hu\/hirek\/wp-json\/wp\/v2\/media\/6959"}],"wp:attachment":[{"href":"https:\/\/allasorias.hu\/hirek\/wp-json\/wp\/v2\/media?parent=6958"}],"wp:term":[{"taxonomy":"category","embeddable":true,"href":"https:\/\/allasorias.hu\/hirek\/wp-json\/wp\/v2\/categories?post=6958"},{"taxonomy":"post_tag","embeddable":true,"href":"https:\/\/allasorias.hu\/hirek\/wp-json\/wp\/v2\/tags?post=6958"}],"curies":[{"name":"wp","href":"https:\/\/api.w.org\/{rel}","templated":true}]}}