{"id":6910,"date":"2023-10-17T09:59:03","date_gmt":"2023-10-17T07:59:03","guid":{"rendered":"https:\/\/allasorias.hu\/hirek\/?p=6910"},"modified":"2025-05-09T09:50:57","modified_gmt":"2025-05-09T07:50:57","slug":"a-magyar-kolonia-mar-a-legnepesebb-ausztriaban","status":"publish","type":"post","link":"https:\/\/allasorias.hu\/hirek\/a-magyar-kolonia-mar-a-legnepesebb-ausztriaban\/","title":{"rendered":"A magyar kol\u00f3nia m\u00e1r a legn\u00e9pesebb Ausztri\u00e1ban"},"content":{"rendered":"<p><strong>Az osztr\u00e1k t\u00e1rsadalombiztos\u00edt\u00f3 j\u00faliusi adataib\u00f3l kider\u00fclt, hogy a ny\u00e1r k\u00f6zep\u00e9n \u00f6sszesen 126 656 magyar \u00e1llampolg\u00e1r dolgozott Ausztri\u00e1ban. Ez a sz\u00e1m rendk\u00edv\u00fcl magas, ami majdnem egy Gy\u0151r m\u00e9ret\u0171 (132 ezer lakos) v\u00e1ros l\u00e9leksz\u00e1m\u00e1val egyezik meg \u2013 \u00edrja a vg.hu<\/strong><\/p>\n<p>A legfrissebb kimutat\u00e1s szerint az Ausztri\u00e1ban dolgoz\u00f3 magyarok m\u00e1r t\u00f6bb mint 126 ezren vannak. Ez a pap\u00edrforma, hiszen az osztr\u00e1koknak kiemelt c\u00e9lpontja a hazai munkaer\u0151 megszerz\u00e9se. A ny\u00e1r k\u00f6z\u00e9ps\u0151 h\u00f3napja alatt 1938 f\u0151vel n\u0151tt a magyar munkav\u00e1llal\u00f3k sz\u00e1ma Ausztri\u00e1ban, ami fel\u00fclm\u00falja az \u00e1zsiai \u00e9s az afrikai betelep\u00fcl\u0151k sz\u00e1m\u00e1t is. Sz\u00e1mos p\u00e9lda\u00a0 van r\u00e1 itthon, hogy ausztriai \u00e1ll\u00e1sokra <a href=\"https:\/\/allasorias.hu\/hirek\/a-kulfoldi-cegek-varjak-a-magyar-munkaerot\/\">k\u00fcl\u00f6nb\u00f6z\u0151 fejvad\u00e1sz c\u00e9gek kifejezetten magyar munkaer\u0151t toboroznak.<\/a><\/p>\n<p>A tavasz v\u00e9g\u00e9n 119 595 f\u0151t \u00e9rt el a hazai t\u00e1bor, a ny\u00e1r elej\u00e9n 124 718-at, a ny\u00e1r k\u00f6zep\u00e9n pedig 126 656-ot. Ebb\u0151l l\u00e1tszik, hogy a n\u00f6veked\u00e9s intenzit\u00e1sa lanyhul, amit alapvet\u0151en a kinti mez\u0151gazdas\u00e1gi munk\u00e1k, illetve a ny\u00e1ri turisztikai szezon beindul\u00e1sa gerjesztett. A 123 696 f\u0151s, ezzel m\u00e1sodik helyezett n\u00e9metn\u00e9l h\u00e1romezer f\u0151vel n\u00e9pesebb k\u00fclf\u00f6ldi k\u00f6z\u00f6ss\u00e9get alkot. J\u00f3l mutatja, milyen tekint\u00e9lyes l\u00e9tsz\u00e1m, hogy a harmadik rom\u00e1nok csak 82 005 f\u0151vel vannak jelen az osztr\u00e1k munkaer\u0151piacon. J\u00faliusban \u00f6sszesen 1 004 925 f\u0151 k\u00fclf\u00f6ldi \u00e1llampolg\u00e1r dolgozott Ausztri\u00e1ban, vagyis k\u00f6z\u00fcl\u00fck majdnem pontosan minden nyolcadik magyar volt. A legt\u00f6bben Als\u00f3-Ausztri\u00e1ban keresik a kenyer\u00fcket, eg\u00e9szen pontosan t\u00f6bb mint 23 ezren.<\/p>\n<p>Forr\u00e1s: <a href=\"https:\/\/www.economx.hu\/gazdasag\/ausztria-magyar-munkaero-novekedes-turisztika.776321.html\" target=\"_blank\" rel=\"nofollow noopener noreferrer\">economx.hu<\/a><\/p>\n","protected":false},"excerpt":{"rendered":"<p>Az osztr\u00e1k t\u00e1rsadalombiztos\u00edt\u00f3 j\u00faliusi adataib\u00f3l kider\u00fclt, hogy a ny\u00e1r k\u00f6zep\u00e9n \u00f6sszesen 126 656 magyar \u00e1llampolg\u00e1r dolgozott Ausztri\u00e1ban. Ez a sz\u00e1m rendk\u00edv\u00fcl magas, ami majdnem egy Gy\u0151r m\u00e9ret\u0171 (132 ezer lakos) v\u00e1ros l\u00e9leksz\u00e1m\u00e1val egyezik meg \u2013 \u00edrja a vg.hu A legfrissebb kimutat\u00e1s szerint az Ausztri\u00e1ban dolgoz\u00f3 magyarok m\u00e1r t\u00f6bb mint 126 ezren vannak. Ez a pap\u00edrforma, [&hellip;]<\/p>\n","protected":false},"author":1,"featured_media":6911,"comment_status":"closed","ping_status":"closed","sticky":false,"template":"","format":"standard","meta":{"_monsterinsights_skip_tracking":false,"footnotes":""},"categories":[201],"tags":[402,580,628],"class_list":["post-6910","post","type-post","status-publish","format-standard","has-post-thumbnail","hentry","category-kulfold","tag-ausztria","tag-kulfoldi-munka","tag-osztrak"],"aioseo_notices":[],"aioseo_head":"\n\t\t<!-- All in One SEO 5.0.0.1 - aioseo.com -->\n\t<meta name=\"description\" content=\"Az osztr\u00e1k t\u00e1rsadalombiztos\u00edt\u00f3 j\u00faliusi adataib\u00f3l kider\u00fclt, hogy a ny\u00e1r k\u00f6zep\u00e9n \u00f6sszesen 126 656 magyar \u00e1llampolg\u00e1r dolgozott Ausztri\u00e1ban.\" \/>\n\t<meta name=\"robots\" content=\"max-image-preview:large\" \/>\n\t<meta name=\"author\" content=\"Juh\u00e1sz P\u00e9ter\"\/>\n\t<meta name=\"keywords\" content=\"ausztria,k\u00fclf\u00f6ldi munka,osztr\u00e1k\" \/>\n\t<link rel=\"canonical\" href=\"https:\/\/allasorias.hu\/hirek\/a-magyar-kolonia-mar-a-legnepesebb-ausztriaban\/\" \/>\n\t<meta name=\"generator\" content=\"All in One SEO (AIOSEO) 5.0.0.1\" \/>\n\t\t<meta property=\"og:locale\" content=\"hu_HU\" \/>\n\t\t<meta property=\"og:site_name\" content=\"AllasOrias.hu | H\u00edrek-lapszemle | \u00dczleti h\u00edrek az \u00e1ll\u00e1s \u00e9s a munka vil\u00e1g\u00e1b\u00f3l\" \/>\n\t\t<meta property=\"og:type\" content=\"article\" \/>\n\t\t<meta property=\"og:title\" content=\"Magyar kol\u00f3nia l\u00e9tsz\u00e1ma n\u0151tt Ausztri\u00e1ban\" \/>\n\t\t<meta property=\"og:description\" content=\"Az osztr\u00e1k t\u00e1rsadalombiztos\u00edt\u00f3 j\u00faliusi adataib\u00f3l kider\u00fclt, hogy a ny\u00e1r k\u00f6zep\u00e9n \u00f6sszesen 126 656 magyar \u00e1llampolg\u00e1r dolgozott Ausztri\u00e1ban.\" \/>\n\t\t<meta property=\"og:url\" content=\"https:\/\/allasorias.hu\/hirek\/a-magyar-kolonia-mar-a-legnepesebb-ausztriaban\/\" \/>\n\t\t<meta property=\"og:image\" content=\"https:\/\/allasorias.hu\/hirek\/wp-content\/uploads\/2023\/10\/magyar-munkaero-ausztriaban.jpg\" \/>\n\t\t<meta property=\"og:image:secure_url\" content=\"https:\/\/allasorias.hu\/hirek\/wp-content\/uploads\/2023\/10\/magyar-munkaero-ausztriaban.jpg\" \/>\n\t\t<meta property=\"og:image:width\" content=\"1280\" \/>\n\t\t<meta property=\"og:image:height\" content=\"699\" \/>\n\t\t<meta property=\"article:published_time\" content=\"2023-10-17T07:59:03+00:00\" \/>\n\t\t<meta property=\"article:modified_time\" content=\"2025-05-09T07:50:57+00:00\" \/>\n\t\t<meta property=\"article:publisher\" content=\"https:\/\/www.facebook.com\/allasorias\" \/>\n\t\t<meta name=\"twitter:card\" content=\"summary_large_image\" \/>\n\t\t<meta name=\"twitter:title\" content=\"Magyar kol\u00f3nia l\u00e9tsz\u00e1ma n\u0151tt Ausztri\u00e1ban\" \/>\n\t\t<meta name=\"twitter:description\" content=\"Az osztr\u00e1k t\u00e1rsadalombiztos\u00edt\u00f3 j\u00faliusi adataib\u00f3l kider\u00fclt, hogy a ny\u00e1r k\u00f6zep\u00e9n \u00f6sszesen 126 656 magyar \u00e1llampolg\u00e1r dolgozott Ausztri\u00e1ban.\" \/>\n\t\t<meta name=\"twitter:image\" content=\"https:\/\/allasorias.hu\/hirek\/wp-content\/uploads\/2023\/10\/magyar-munkaero-ausztriaban.jpg\" \/>\n\t\t<meta name=\"twitter:label1\" content=\"Written by\" \/>\n\t\t<meta name=\"twitter:data1\" content=\"Juh\u00e1sz P\u00e9ter\" \/>\n\t\t<meta name=\"twitter:label2\" content=\"Est. reading time\" \/>\n\t\t<meta name=\"twitter:data2\" content=\"2 minutes\" \/>\n\t\t<script type=\"application\/ld+json\" class=\"aioseo-schema\">\n\t\t\t{\"@context\":\"https:\\\/\\\/schema.org\",\"@graph\":[{\"@type\":\"Article\",\"@id\":\"https:\\\/\\\/allasorias.hu\\\/hirek\\\/a-magyar-kolonia-mar-a-legnepesebb-ausztriaban\\\/#article\",\"name\":\"Magyar kol\\u00f3nia l\\u00e9tsz\\u00e1ma n\\u0151tt Ausztri\\u00e1ban\",\"headline\":\"A magyar kol\\u00f3nia m\\u00e1r a legn\\u00e9pesebb Ausztri\\u00e1ban\",\"author\":{\"@id\":\"https:\\\/\\\/allasorias.hu\\\/hirek\\\/author\\\/admin-allasorias\\\/#author\"},\"publisher\":{\"@id\":\"https:\\\/\\\/allasorias.hu\\\/hirek\\\/#organization\"},\"image\":{\"@type\":\"ImageObject\",\"url\":\"https:\\\/\\\/allasorias.hu\\\/hirek\\\/wp-content\\\/uploads\\\/2023\\\/10\\\/magyar-munkaero-ausztriaban.jpg\",\"width\":1280,\"height\":699,\"caption\":\"A magyar kol\\u00f3nia m\\u00e1r a legn\\u00e9pesebb Ausztri\\u00e1ban - Allasorias.hu\\\/Hirek\"},\"datePublished\":\"2023-10-17T09:59:03+02:00\",\"dateModified\":\"2025-05-09T09:50:57+02:00\",\"inLanguage\":\"hu-HU\",\"mainEntityOfPage\":{\"@id\":\"https:\\\/\\\/allasorias.hu\\\/hirek\\\/a-magyar-kolonia-mar-a-legnepesebb-ausztriaban\\\/#webpage\"},\"isPartOf\":{\"@id\":\"https:\\\/\\\/allasorias.hu\\\/hirek\\\/a-magyar-kolonia-mar-a-legnepesebb-ausztriaban\\\/#webpage\"},\"articleSection\":\"K\\u00fclf\\u00f6ld, Ausztria, k\\u00fclf\\u00f6ldi munka, osztr\\u00e1k\"},{\"@type\":\"BreadcrumbList\",\"@id\":\"https:\\\/\\\/allasorias.hu\\\/hirek\\\/a-magyar-kolonia-mar-a-legnepesebb-ausztriaban\\\/#breadcrumblist\",\"itemListElement\":[{\"@type\":\"ListItem\",\"@id\":\"https:\\\/\\\/allasorias.hu\\\/hirek#listItem\",\"position\":1,\"name\":\"Home\",\"item\":\"https:\\\/\\\/allasorias.hu\\\/hirek\",\"nextItem\":{\"@type\":\"ListItem\",\"@id\":\"https:\\\/\\\/allasorias.hu\\\/hirek\\\/temak\\\/kulfold\\\/#listItem\",\"name\":\"K\\u00fclf\\u00f6ld\"}},{\"@type\":\"ListItem\",\"@id\":\"https:\\\/\\\/allasorias.hu\\\/hirek\\\/temak\\\/kulfold\\\/#listItem\",\"position\":2,\"name\":\"K\\u00fclf\\u00f6ld\",\"item\":\"https:\\\/\\\/allasorias.hu\\\/hirek\\\/temak\\\/kulfold\\\/\",\"nextItem\":{\"@type\":\"ListItem\",\"@id\":\"https:\\\/\\\/allasorias.hu\\\/hirek\\\/a-magyar-kolonia-mar-a-legnepesebb-ausztriaban\\\/#listItem\",\"name\":\"A magyar kol\\u00f3nia m\\u00e1r a legn\\u00e9pesebb Ausztri\\u00e1ban\"},\"previousItem\":{\"@type\":\"ListItem\",\"@id\":\"https:\\\/\\\/allasorias.hu\\\/hirek#listItem\",\"name\":\"Home\"}},{\"@type\":\"ListItem\",\"@id\":\"https:\\\/\\\/allasorias.hu\\\/hirek\\\/a-magyar-kolonia-mar-a-legnepesebb-ausztriaban\\\/#listItem\",\"position\":3,\"name\":\"A magyar kol\\u00f3nia m\\u00e1r a legn\\u00e9pesebb Ausztri\\u00e1ban\",\"previousItem\":{\"@type\":\"ListItem\",\"@id\":\"https:\\\/\\\/allasorias.hu\\\/hirek\\\/temak\\\/kulfold\\\/#listItem\",\"name\":\"K\\u00fclf\\u00f6ld\"}}]},{\"@type\":\"Organization\",\"@id\":\"https:\\\/\\\/allasorias.hu\\\/hirek\\\/#organization\",\"name\":\"AllasOrias.hu | H\\u00edrek-lapszemle\",\"description\":\"\\u00dczleti h\\u00edrek az \\u00e1ll\\u00e1s \\u00e9s a munka vil\\u00e1g\\u00e1b\\u00f3l\",\"url\":\"https:\\\/\\\/allasorias.hu\\\/hirek\\\/\",\"logo\":{\"@type\":\"ImageObject\",\"url\":\"https:\\\/\\\/allasorias.hu\\\/hirek\\\/wp-content\\\/uploads\\\/2022\\\/10\\\/allasorias_site_facebok_logo.png\",\"@id\":\"https:\\\/\\\/allasorias.hu\\\/hirek\\\/a-magyar-kolonia-mar-a-legnepesebb-ausztriaban\\\/#organizationLogo\"},\"image\":{\"@id\":\"https:\\\/\\\/allasorias.hu\\\/hirek\\\/a-magyar-kolonia-mar-a-legnepesebb-ausztriaban\\\/#organizationLogo\"},\"sameAs\":[\"https:\\\/\\\/www.facebook.com\\\/allasorias\",\"https:\\\/\\\/www.linkedin.com\\\/company\\\/allasorias\"]},{\"@type\":\"Person\",\"@id\":\"https:\\\/\\\/allasorias.hu\\\/hirek\\\/author\\\/admin-allasorias\\\/#author\",\"url\":\"https:\\\/\\\/allasorias.hu\\\/hirek\\\/author\\\/admin-allasorias\\\/\",\"name\":\"Juh\\u00e1sz P\\u00e9ter\",\"image\":{\"@type\":\"ImageObject\",\"@id\":\"https:\\\/\\\/allasorias.hu\\\/hirek\\\/a-magyar-kolonia-mar-a-legnepesebb-ausztriaban\\\/#authorImage\",\"url\":\"https:\\\/\\\/secure.gravatar.com\\\/avatar\\\/36e6bcb83148978b992977cb0f54d22feb0cce8a0a849a9410532bb2623ba4c6?s=96&d=mm&r=g\",\"width\":96,\"height\":96,\"caption\":\"Juh\\u00e1sz P\\u00e9ter\"}},{\"@type\":\"WebPage\",\"@id\":\"https:\\\/\\\/allasorias.hu\\\/hirek\\\/a-magyar-kolonia-mar-a-legnepesebb-ausztriaban\\\/#webpage\",\"url\":\"https:\\\/\\\/allasorias.hu\\\/hirek\\\/a-magyar-kolonia-mar-a-legnepesebb-ausztriaban\\\/\",\"name\":\"Magyar kol\\u00f3nia l\\u00e9tsz\\u00e1ma n\\u0151tt Ausztri\\u00e1ban\",\"description\":\"Az osztr\\u00e1k t\\u00e1rsadalombiztos\\u00edt\\u00f3 j\\u00faliusi adataib\\u00f3l kider\\u00fclt, hogy a ny\\u00e1r k\\u00f6zep\\u00e9n \\u00f6sszesen 126 656 magyar \\u00e1llampolg\\u00e1r dolgozott Ausztri\\u00e1ban.\",\"inLanguage\":\"hu-HU\",\"isPartOf\":{\"@id\":\"https:\\\/\\\/allasorias.hu\\\/hirek\\\/#website\"},\"breadcrumb\":{\"@id\":\"https:\\\/\\\/allasorias.hu\\\/hirek\\\/a-magyar-kolonia-mar-a-legnepesebb-ausztriaban\\\/#breadcrumblist\"},\"author\":{\"@id\":\"https:\\\/\\\/allasorias.hu\\\/hirek\\\/author\\\/admin-allasorias\\\/#author\"},\"creator\":{\"@id\":\"https:\\\/\\\/allasorias.hu\\\/hirek\\\/author\\\/admin-allasorias\\\/#author\"},\"image\":{\"@type\":\"ImageObject\",\"url\":\"https:\\\/\\\/allasorias.hu\\\/hirek\\\/wp-content\\\/uploads\\\/2023\\\/10\\\/magyar-munkaero-ausztriaban.jpg\",\"@id\":\"https:\\\/\\\/allasorias.hu\\\/hirek\\\/a-magyar-kolonia-mar-a-legnepesebb-ausztriaban\\\/#mainImage\",\"width\":1280,\"height\":699,\"caption\":\"A magyar kol\\u00f3nia m\\u00e1r a legn\\u00e9pesebb Ausztri\\u00e1ban - Allasorias.hu\\\/Hirek\"},\"primaryImageOfPage\":{\"@id\":\"https:\\\/\\\/allasorias.hu\\\/hirek\\\/a-magyar-kolonia-mar-a-legnepesebb-ausztriaban\\\/#mainImage\"},\"datePublished\":\"2023-10-17T09:59:03+02:00\",\"dateModified\":\"2025-05-09T09:50:57+02:00\"},{\"@type\":\"WebSite\",\"@id\":\"https:\\\/\\\/allasorias.hu\\\/hirek\\\/#website\",\"url\":\"https:\\\/\\\/allasorias.hu\\\/hirek\\\/\",\"name\":\"AllasOrias.hu | H\\u00edrek-lapszemle\",\"description\":\"\\u00dczleti h\\u00edrek az \\u00e1ll\\u00e1s \\u00e9s a munka vil\\u00e1g\\u00e1b\\u00f3l\",\"inLanguage\":\"hu-HU\",\"publisher\":{\"@id\":\"https:\\\/\\\/allasorias.hu\\\/hirek\\\/#organization\"}}]}\n\t\t<\/script>\n\t\t<!-- All in One SEO -->\n\n","aioseo_head_json":{"title":"Magyar kol\u00f3nia l\u00e9tsz\u00e1ma n\u0151tt Ausztri\u00e1ban","description":"Az osztr\u00e1k t\u00e1rsadalombiztos\u00edt\u00f3 j\u00faliusi adataib\u00f3l kider\u00fclt, hogy a ny\u00e1r k\u00f6zep\u00e9n \u00f6sszesen 126 656 magyar \u00e1llampolg\u00e1r dolgozott Ausztri\u00e1ban.","canonical_url":"https:\/\/allasorias.hu\/hirek\/a-magyar-kolonia-mar-a-legnepesebb-ausztriaban\/","robots":"max-image-preview:large","keywords":"ausztria,k\u00fclf\u00f6ldi munka,osztr\u00e1k","webmasterTools":{"miscellaneous":""},"schema":{"@context":"https:\/\/schema.org","@graph":[{"@type":"Article","@id":"https:\/\/allasorias.hu\/hirek\/a-magyar-kolonia-mar-a-legnepesebb-ausztriaban\/#article","name":"Magyar kol\u00f3nia l\u00e9tsz\u00e1ma n\u0151tt Ausztri\u00e1ban","headline":"A magyar kol\u00f3nia m\u00e1r a legn\u00e9pesebb Ausztri\u00e1ban","author":{"@id":"https:\/\/allasorias.hu\/hirek\/author\/admin-allasorias\/#author"},"publisher":{"@id":"https:\/\/allasorias.hu\/hirek\/#organization"},"image":{"@type":"ImageObject","url":"https:\/\/allasorias.hu\/hirek\/wp-content\/uploads\/2023\/10\/magyar-munkaero-ausztriaban.jpg","width":1280,"height":699,"caption":"A magyar kol\u00f3nia m\u00e1r a legn\u00e9pesebb Ausztri\u00e1ban - Allasorias.hu\/Hirek"},"datePublished":"2023-10-17T09:59:03+02:00","dateModified":"2025-05-09T09:50:57+02:00","inLanguage":"hu-HU","mainEntityOfPage":{"@id":"https:\/\/allasorias.hu\/hirek\/a-magyar-kolonia-mar-a-legnepesebb-ausztriaban\/#webpage"},"isPartOf":{"@id":"https:\/\/allasorias.hu\/hirek\/a-magyar-kolonia-mar-a-legnepesebb-ausztriaban\/#webpage"},"articleSection":"K\u00fclf\u00f6ld, Ausztria, k\u00fclf\u00f6ldi munka, osztr\u00e1k"},{"@type":"BreadcrumbList","@id":"https:\/\/allasorias.hu\/hirek\/a-magyar-kolonia-mar-a-legnepesebb-ausztriaban\/#breadcrumblist","itemListElement":[{"@type":"ListItem","@id":"https:\/\/allasorias.hu\/hirek#listItem","position":1,"name":"Home","item":"https:\/\/allasorias.hu\/hirek","nextItem":{"@type":"ListItem","@id":"https:\/\/allasorias.hu\/hirek\/temak\/kulfold\/#listItem","name":"K\u00fclf\u00f6ld"}},{"@type":"ListItem","@id":"https:\/\/allasorias.hu\/hirek\/temak\/kulfold\/#listItem","position":2,"name":"K\u00fclf\u00f6ld","item":"https:\/\/allasorias.hu\/hirek\/temak\/kulfold\/","nextItem":{"@type":"ListItem","@id":"https:\/\/allasorias.hu\/hirek\/a-magyar-kolonia-mar-a-legnepesebb-ausztriaban\/#listItem","name":"A magyar kol\u00f3nia m\u00e1r a legn\u00e9pesebb Ausztri\u00e1ban"},"previousItem":{"@type":"ListItem","@id":"https:\/\/allasorias.hu\/hirek#listItem","name":"Home"}},{"@type":"ListItem","@id":"https:\/\/allasorias.hu\/hirek\/a-magyar-kolonia-mar-a-legnepesebb-ausztriaban\/#listItem","position":3,"name":"A magyar kol\u00f3nia m\u00e1r a legn\u00e9pesebb Ausztri\u00e1ban","previousItem":{"@type":"ListItem","@id":"https:\/\/allasorias.hu\/hirek\/temak\/kulfold\/#listItem","name":"K\u00fclf\u00f6ld"}}]},{"@type":"Organization","@id":"https:\/\/allasorias.hu\/hirek\/#organization","name":"AllasOrias.hu | H\u00edrek-lapszemle","description":"\u00dczleti h\u00edrek az \u00e1ll\u00e1s \u00e9s a munka vil\u00e1g\u00e1b\u00f3l","url":"https:\/\/allasorias.hu\/hirek\/","logo":{"@type":"ImageObject","url":"https:\/\/allasorias.hu\/hirek\/wp-content\/uploads\/2022\/10\/allasorias_site_facebok_logo.png","@id":"https:\/\/allasorias.hu\/hirek\/a-magyar-kolonia-mar-a-legnepesebb-ausztriaban\/#organizationLogo"},"image":{"@id":"https:\/\/allasorias.hu\/hirek\/a-magyar-kolonia-mar-a-legnepesebb-ausztriaban\/#organizationLogo"},"sameAs":["https:\/\/www.facebook.com\/allasorias","https:\/\/www.linkedin.com\/company\/allasorias"]},{"@type":"Person","@id":"https:\/\/allasorias.hu\/hirek\/author\/admin-allasorias\/#author","url":"https:\/\/allasorias.hu\/hirek\/author\/admin-allasorias\/","name":"Juh\u00e1sz P\u00e9ter","image":{"@type":"ImageObject","@id":"https:\/\/allasorias.hu\/hirek\/a-magyar-kolonia-mar-a-legnepesebb-ausztriaban\/#authorImage","url":"https:\/\/secure.gravatar.com\/avatar\/36e6bcb83148978b992977cb0f54d22feb0cce8a0a849a9410532bb2623ba4c6?s=96&d=mm&r=g","width":96,"height":96,"caption":"Juh\u00e1sz P\u00e9ter"}},{"@type":"WebPage","@id":"https:\/\/allasorias.hu\/hirek\/a-magyar-kolonia-mar-a-legnepesebb-ausztriaban\/#webpage","url":"https:\/\/allasorias.hu\/hirek\/a-magyar-kolonia-mar-a-legnepesebb-ausztriaban\/","name":"Magyar kol\u00f3nia l\u00e9tsz\u00e1ma n\u0151tt Ausztri\u00e1ban","description":"Az osztr\u00e1k t\u00e1rsadalombiztos\u00edt\u00f3 j\u00faliusi adataib\u00f3l kider\u00fclt, hogy a ny\u00e1r k\u00f6zep\u00e9n \u00f6sszesen 126 656 magyar \u00e1llampolg\u00e1r dolgozott Ausztri\u00e1ban.","inLanguage":"hu-HU","isPartOf":{"@id":"https:\/\/allasorias.hu\/hirek\/#website"},"breadcrumb":{"@id":"https:\/\/allasorias.hu\/hirek\/a-magyar-kolonia-mar-a-legnepesebb-ausztriaban\/#breadcrumblist"},"author":{"@id":"https:\/\/allasorias.hu\/hirek\/author\/admin-allasorias\/#author"},"creator":{"@id":"https:\/\/allasorias.hu\/hirek\/author\/admin-allasorias\/#author"},"image":{"@type":"ImageObject","url":"https:\/\/allasorias.hu\/hirek\/wp-content\/uploads\/2023\/10\/magyar-munkaero-ausztriaban.jpg","@id":"https:\/\/allasorias.hu\/hirek\/a-magyar-kolonia-mar-a-legnepesebb-ausztriaban\/#mainImage","width":1280,"height":699,"caption":"A magyar kol\u00f3nia m\u00e1r a legn\u00e9pesebb Ausztri\u00e1ban - Allasorias.hu\/Hirek"},"primaryImageOfPage":{"@id":"https:\/\/allasorias.hu\/hirek\/a-magyar-kolonia-mar-a-legnepesebb-ausztriaban\/#mainImage"},"datePublished":"2023-10-17T09:59:03+02:00","dateModified":"2025-05-09T09:50:57+02:00"},{"@type":"WebSite","@id":"https:\/\/allasorias.hu\/hirek\/#website","url":"https:\/\/allasorias.hu\/hirek\/","name":"AllasOrias.hu | H\u00edrek-lapszemle","description":"\u00dczleti h\u00edrek az \u00e1ll\u00e1s \u00e9s a munka vil\u00e1g\u00e1b\u00f3l","inLanguage":"hu-HU","publisher":{"@id":"https:\/\/allasorias.hu\/hirek\/#organization"}}]},"og:locale":"hu_HU","og:site_name":"AllasOrias.hu | H\u00edrek-lapszemle | \u00dczleti h\u00edrek az \u00e1ll\u00e1s \u00e9s a munka vil\u00e1g\u00e1b\u00f3l","og:type":"article","og:title":"Magyar kol\u00f3nia l\u00e9tsz\u00e1ma n\u0151tt Ausztri\u00e1ban","og:description":"Az osztr\u00e1k t\u00e1rsadalombiztos\u00edt\u00f3 j\u00faliusi adataib\u00f3l kider\u00fclt, hogy a ny\u00e1r k\u00f6zep\u00e9n \u00f6sszesen 126 656 magyar \u00e1llampolg\u00e1r dolgozott Ausztri\u00e1ban.","og:url":"https:\/\/allasorias.hu\/hirek\/a-magyar-kolonia-mar-a-legnepesebb-ausztriaban\/","og:image":"https:\/\/allasorias.hu\/hirek\/wp-content\/uploads\/2023\/10\/magyar-munkaero-ausztriaban.jpg","og:image:secure_url":"https:\/\/allasorias.hu\/hirek\/wp-content\/uploads\/2023\/10\/magyar-munkaero-ausztriaban.jpg","og:image:width":1280,"og:image:height":699,"article:published_time":"2023-10-17T07:59:03+00:00","article:modified_time":"2025-05-09T07:50:57+00:00","article:publisher":"https:\/\/www.facebook.com\/allasorias","twitter:card":"summary_large_image","twitter:title":"Magyar kol\u00f3nia l\u00e9tsz\u00e1ma n\u0151tt Ausztri\u00e1ban","twitter:description":"Az osztr\u00e1k t\u00e1rsadalombiztos\u00edt\u00f3 j\u00faliusi adataib\u00f3l kider\u00fclt, hogy a ny\u00e1r k\u00f6zep\u00e9n \u00f6sszesen 126 656 magyar \u00e1llampolg\u00e1r dolgozott Ausztri\u00e1ban.","twitter:image":"https:\/\/allasorias.hu\/hirek\/wp-content\/uploads\/2023\/10\/magyar-munkaero-ausztriaban.jpg","twitter:label1":"Written by","twitter:data1":"Juh\u00e1sz P\u00e9ter","twitter:label2":"Est. reading time","twitter:data2":"2 minutes"},"aioseo_meta_data":{"post_id":"6910","title":"Magyar kol\u00f3nia l\u00e9tsz\u00e1ma n\u0151tt Ausztri\u00e1ban","description":"Az osztr\u00e1k t\u00e1rsadalombiztos\u00edt\u00f3 j\u00faliusi adataib\u00f3l kider\u00fclt, hogy a ny\u00e1r k\u00f6zep\u00e9n \u00f6sszesen 126 656 magyar \u00e1llampolg\u00e1r dolgozott Ausztri\u00e1ban.","keywords":null,"keyphrases":{"focus":{"keyphrase":"","score":0,"analysis":{"keyphraseInTitle":{"score":0,"maxScore":9,"error":1}}},"additional":[]},"primary_term":null,"canonical_url":null,"og_title":null,"og_description":null,"og_object_type":"default","og_image_type":"default","og_image_url":null,"og_image_width":null,"og_image_height":null,"og_image_custom_url":null,"og_image_custom_fields":null,"og_video":"","og_custom_url":null,"og_article_section":null,"og_article_tags":null,"twitter_use_og":true,"twitter_card":"default","twitter_image_type":"default","twitter_image_url":null,"twitter_image_custom_url":null,"twitter_image_custom_fields":null,"twitter_title":null,"twitter_description":null,"schema":{"blockGraphs":[],"customGraphs":[],"default":{"data":{"Article":[],"Course":[],"Dataset":[],"FAQPage":[],"Movie":[],"Person":[],"Product":[],"ProductReview":[],"Car":[],"Recipe":[],"Service":[],"SoftwareApplication":[],"WebPage":[]},"graphName":"Article","isEnabled":true},"graphs":[]},"schema_type":"default","schema_type_options":null,"pillar_content":false,"robots_default":true,"robots_noindex":false,"robots_noarchive":false,"robots_nosnippet":false,"robots_nofollow":false,"robots_noimageindex":false,"robots_noodp":false,"robots_notranslate":false,"robots_max_snippet":"-1","robots_max_videopreview":"-1","robots_max_imagepreview":"large","priority":null,"frequency":"default","location":null,"local_seo":null,"breadcrumb_settings":null,"limit_modified_date":false,"ai":null,"created":"2023-10-17 07:38:26","updated":"2025-10-02 19:09:26","seo_analyzer_scan_date":null,"focus_keyword":null,"additional_keywords":null,"truseo_locale":null},"aioseo_breadcrumb":"<div class=\"aioseo-breadcrumbs\"><span class=\"aioseo-breadcrumb\">\n\t\t\t<a href=\"https:\/\/allasorias.hu\/hirek\" title=\"Home\">Home<\/a>\n\t\t<\/span><span class=\"aioseo-breadcrumb-separator\">&raquo;<\/span><span class=\"aioseo-breadcrumb\">\n\t\t\t<a href=\"https:\/\/allasorias.hu\/hirek\/temak\/kulfold\/\" title=\"K\u00fclf\u00f6ld\">K\u00fclf\u00f6ld<\/a>\n\t\t<\/span><span class=\"aioseo-breadcrumb-separator\">&raquo;<\/span><span class=\"aioseo-breadcrumb\">\n\t\t\tA magyar kol\u00f3nia m\u00e1r a legn\u00e9pesebb Ausztri\u00e1ban\n\t\t<\/span><\/div>","aioseo_breadcrumb_json":[{"label":"Home","link":"https:\/\/allasorias.hu\/hirek"},{"label":"K\u00fclf\u00f6ld","link":"https:\/\/allasorias.hu\/hirek\/temak\/kulfold\/"},{"label":"A magyar kol\u00f3nia m\u00e1r a legn\u00e9pesebb Ausztri\u00e1ban","link":"https:\/\/allasorias.hu\/hirek\/a-magyar-kolonia-mar-a-legnepesebb-ausztriaban\/"}],"_links":{"self":[{"href":"https:\/\/allasorias.hu\/hirek\/wp-json\/wp\/v2\/posts\/6910","targetHints":{"allow":["GET"]}}],"collection":[{"href":"https:\/\/allasorias.hu\/hirek\/wp-json\/wp\/v2\/posts"}],"about":[{"href":"https:\/\/allasorias.hu\/hirek\/wp-json\/wp\/v2\/types\/post"}],"author":[{"embeddable":true,"href":"https:\/\/allasorias.hu\/hirek\/wp-json\/wp\/v2\/users\/1"}],"replies":[{"embeddable":true,"href":"https:\/\/allasorias.hu\/hirek\/wp-json\/wp\/v2\/comments?post=6910"}],"version-history":[{"count":3,"href":"https:\/\/allasorias.hu\/hirek\/wp-json\/wp\/v2\/posts\/6910\/revisions"}],"predecessor-version":[{"id":6914,"href":"https:\/\/allasorias.hu\/hirek\/wp-json\/wp\/v2\/posts\/6910\/revisions\/6914"}],"wp:featuredmedia":[{"embeddable":true,"href":"https:\/\/allasorias.hu\/hirek\/wp-json\/wp\/v2\/media\/6911"}],"wp:attachment":[{"href":"https:\/\/allasorias.hu\/hirek\/wp-json\/wp\/v2\/media?parent=6910"}],"wp:term":[{"taxonomy":"category","embeddable":true,"href":"https:\/\/allasorias.hu\/hirek\/wp-json\/wp\/v2\/categories?post=6910"},{"taxonomy":"post_tag","embeddable":true,"href":"https:\/\/allasorias.hu\/hirek\/wp-json\/wp\/v2\/tags?post=6910"}],"curies":[{"name":"wp","href":"https:\/\/api.w.org\/{rel}","templated":true}]}}