{"id":6900,"date":"2023-10-13T09:17:12","date_gmt":"2023-10-13T07:17:12","guid":{"rendered":"https:\/\/allasorias.hu\/hirek\/?p=6900"},"modified":"2023-10-13T09:19:04","modified_gmt":"2023-10-13T07:19:04","slug":"a-nok-tobbet-kommunikalnak-a-munkahelyeken","status":"publish","type":"post","link":"https:\/\/allasorias.hu\/hirek\/a-nok-tobbet-kommunikalnak-a-munkahelyeken\/","title":{"rendered":"A n\u0151k t\u00f6bbet kommunik\u00e1lnak a munkahelyeken"},"content":{"rendered":"<p><strong>A n\u0151k t\u00f6bbet kommunik\u00e1lnak a munkahelyeiken, mint a f\u00e9rfiak. A t\u00e1rsadalmi interakci\u00f3k m\u00e9rt\u00e9ke szakm\u00e1nk\u00e9nt is v\u00e1ltoz\u00f3, ami a bels\u0151 \u00e9s a k\u00fcls\u0151 kommunik\u00e1ci\u00f3t illeti.<\/strong><\/p>\n<p><em>Az Eur\u00f3pai Uni\u00f3ban foglalkoztatottak 33,6 sz\u00e1zal\u00e9ka sz\u00e1molt be arr\u00f3l, hogy munkaidej\u00e9nek legal\u00e1bb fel\u00e9t ford\u00edtja <a href=\"https:\/\/allasorias.hu\/blog\/temak\/kommunikacio\/\">bels\u0151 kommunik\u00e1ci\u00f3ra<\/a><\/em> \u2013 k\u00f6z\u00f6lte az Eur\u00f3pai Uni\u00f3 statisztikai hivatala, az Eurostat. A jelent\u00e9s szerint a p\u00e9nz\u00fcgyi \u00e9s biztos\u00edt\u00e1si ter\u00fcleten, az oktat\u00e1sban, valamint a sz\u00e1ll\u00e1s- \u00e9s vend\u00e9gl\u00e1t\u00e1sban foglalkoztatottak t\u00f6bb mint 55 sz\u00e1zal\u00e9ka a munkaidej\u00e9nek legal\u00e1bb fel\u00e9t t\u00f6lti m\u00e1sokkal val\u00f3 kapcsolattart\u00e1ssal.<\/p>\n<p>Ezzel szemben a b\u00e1ny\u00e1szatban \u00e9s a mez\u0151gazdas\u00e1gi ter\u00fcleten dolgoz\u00f3k t\u00f6bb mint 40 sz\u00e1zal\u00e9ka nyilatkozott \u00fagy, hogy munkaidej\u00e9nek csak kis r\u00e9sz\u00e9t vagy egy\u00e1ltal\u00e1n nem t\u00f6lti t\u00e1rsadalmi interakci\u00f3kkal. Az Eur\u00f3pai Uni\u00f3ban a 15-74 \u00e9ves foglalkoztatottak 33,6 sz\u00e1zal\u00e9ka sz\u00e1molt be arr\u00f3l, hogy munkaidej\u00e9nek legal\u00e1bb fel\u00e9t ford\u00edtja bels\u0151 kommunik\u00e1ci\u00f3ra. A megk\u00e9rdezettek 29,5 sz\u00e1zal\u00e9ka t\u00f6lti el a munkaid\u0151 legal\u00e1bb fel\u00e9t k\u00fcls\u0151 kommunik\u00e1ci\u00f3val \u2013 ismertette a 2022-es adatait az Eurostat.<\/p>\n<h2>A n\u0151kn\u00e9l nagyabb ar\u00e1ny\u00fa a k\u00fcls\u0151 kommunik\u00e1ci\u00f3<\/h2>\n<p>Meg\u00e1llap\u00edtott\u00e1k, hogy a foglalkoztatott n\u0151k \u00e1ltal\u00e1noss\u00e1gban nagyobb ar\u00e1nyban ford\u00edtott\u00e1k munkaidej\u00fck legal\u00e1bb fel\u00e9t kommunik\u00e1ci\u00f3ra, mint a f\u00e9rfiak. A legjelent\u0151sebb k\u00fcl\u00f6nbs\u00e9g a f\u00e9rfiak \u00e9s n\u0151k k\u00f6z\u00f6tt a 15-29 \u00e9ves korcsoportban volt megfigyelhet\u0151, k\u00fcl\u00f6n\u00f6sen a k\u00fcls\u0151 kommunik\u00e1ci\u00f3ban, ahol a n\u0151k 39,6 sz\u00e1zal\u00e9ka, m\u00edg a f\u00e9rfiak 24,2 sz\u00e1zal\u00e9ka jelezte, hogy munkaidej\u00e9nek fel\u00e9t k\u00fcls\u0151 kommunik\u00e1ci\u00f3ra ford\u00edtja.<\/p>\n<p>A f\u00e9rfiak szinte minden korcsoportban \u2013 a 60-74 \u00e9vesek kiv\u00e9tel\u00e9vel \u2013 l\u00e9nyegesen nagyobb ar\u00e1nyban haszn\u00e1lt\u00e1k bels\u0151 kommunik\u00e1ci\u00f3t a k\u00fcls\u0151 kommunik\u00e1ci\u00f3hoz k\u00e9pest. A 15-29 \u00e9ves korcsoportban a foglalkoztatott f\u00e9rfiak 34,6 sz\u00e1zal\u00e9ka ford\u00edtotta munkaidej\u00e9nek legal\u00e1bb fel\u00e9t bels\u0151 kommunik\u00e1ci\u00f3ra, m\u00edg 24,2 sz\u00e1zal\u00e9kuk arr\u00f3l sz\u00e1molt be, hogy munkaidej\u00e9nek legal\u00e1bb 50 sz\u00e1zal\u00e9k\u00e1t k\u00fcls\u0151 kommunik\u00e1ci\u00f3ra ford\u00edtotta. A 30-44 \u00e9ves korcsoportban ezek az ar\u00e1nyok 35,3 \u00e9s 25,7 sz\u00e1zal\u00e9kban oszlottak meg. A 45-59 \u00e9ves korcsoportban a dolgoz\u00f3k 32 sz\u00e1zal\u00e9ka v\u00e1llalaton bel\u00fcli kommunik\u00e1ci\u00f3t haszn\u00e1lt, a 24,5 sz\u00e1zal\u00e9ka pedig k\u00fcls\u0151 kommunik\u00e1ci\u00f3t \u2013 der\u00fclt ki az uni\u00f3 statisztikai hivatal\u00e1nak jelent\u00e9s\u00e9b\u0151l.<\/p>\n<p>Forr\u00e1s: <a href=\"https:\/\/index.hu\/kulfold\/2023\/10\/13\/eurostat-adatok-kommunikacio-europai-unio-magyarorszag-munkaido-dolgozok\/\" target=\"_blank\" rel=\"nofollow noopener noreferrer\">index.hu<\/a><\/p>\n","protected":false},"excerpt":{"rendered":"<p>A n\u0151k t\u00f6bbet kommunik\u00e1lnak a munkahelyeiken, mint a f\u00e9rfiak. A t\u00e1rsadalmi interakci\u00f3k m\u00e9rt\u00e9ke szakm\u00e1nk\u00e9nt is v\u00e1ltoz\u00f3, ami a bels\u0151 \u00e9s a k\u00fcls\u0151 kommunik\u00e1ci\u00f3t illeti. Az Eur\u00f3pai Uni\u00f3ban foglalkoztatottak 33,6 sz\u00e1zal\u00e9ka sz\u00e1molt be arr\u00f3l, hogy munkaidej\u00e9nek legal\u00e1bb fel\u00e9t ford\u00edtja bels\u0151 kommunik\u00e1ci\u00f3ra \u2013 k\u00f6z\u00f6lte az Eur\u00f3pai Uni\u00f3 statisztikai hivatala, az Eurostat. A jelent\u00e9s szerint a p\u00e9nz\u00fcgyi \u00e9s [&hellip;]<\/p>\n","protected":false},"author":1,"featured_media":6901,"comment_status":"open","ping_status":"open","sticky":false,"template":"","format":"standard","meta":{"_monsterinsights_skip_tracking":false,"footnotes":""},"categories":[200],"tags":[625,626],"class_list":["post-6900","post","type-post","status-publish","format-standard","has-post-thumbnail","hentry","category-munkaeropiac","tag-kommunikacio","tag-tarsadalmi-interakcio"],"aioseo_notices":[],"aioseo_head":"\n\t\t<!-- All in One SEO 5.0.0.1 - aioseo.com -->\n\t<meta name=\"description\" content=\"A n\u0151k t\u00f6bbet kommunik\u00e1lnak a munkahelyeiken, mint a f\u00e9rfiak. A t\u00e1rsadalmi interakci\u00f3k m\u00e9rt\u00e9ke szakm\u00e1nk\u00e9nt is v\u00e1ltoz\u00f3, ami a bels\u0151\u00fcls\u0151 kommunik\u00e1ci\u00f3t illeti.\" \/>\n\t<meta name=\"robots\" content=\"max-image-preview:large\" \/>\n\t<meta name=\"author\" content=\"Juh\u00e1sz P\u00e9ter\"\/>\n\t<meta name=\"keywords\" content=\"kommunik\u00e1ci\u00f3,t\u00e1rsadalmi interakci\u00f3\" \/>\n\t<link rel=\"canonical\" href=\"https:\/\/allasorias.hu\/hirek\/a-nok-tobbet-kommunikalnak-a-munkahelyeken\/\" \/>\n\t<meta name=\"generator\" content=\"All in One SEO (AIOSEO) 5.0.0.1\" \/>\n\t\t<meta property=\"og:locale\" content=\"hu_HU\" \/>\n\t\t<meta property=\"og:site_name\" content=\"AllasOrias.hu | H\u00edrek-lapszemle | \u00dczleti h\u00edrek az \u00e1ll\u00e1s \u00e9s a munka vil\u00e1g\u00e1b\u00f3l\" \/>\n\t\t<meta property=\"og:type\" content=\"article\" \/>\n\t\t<meta property=\"og:title\" content=\"A n\u0151k t\u00f6bbet kommunik\u00e1lnak a munkahelyeken | Allasorias.\" \/>\n\t\t<meta property=\"og:description\" content=\"A n\u0151k t\u00f6bbet kommunik\u00e1lnak a munkahelyeiken, mint a f\u00e9rfiak. A t\u00e1rsadalmi interakci\u00f3k m\u00e9rt\u00e9ke szakm\u00e1nk\u00e9nt is v\u00e1ltoz\u00f3, ami a bels\u0151\u00fcls\u0151 kommunik\u00e1ci\u00f3t illeti.\" \/>\n\t\t<meta property=\"og:url\" content=\"https:\/\/allasorias.hu\/hirek\/a-nok-tobbet-kommunikalnak-a-munkahelyeken\/\" \/>\n\t\t<meta property=\"og:image\" content=\"https:\/\/allasorias.hu\/hirek\/wp-content\/uploads\/2023\/10\/munkahelyi-kommunikacio.jpg\" \/>\n\t\t<meta property=\"og:image:secure_url\" content=\"https:\/\/allasorias.hu\/hirek\/wp-content\/uploads\/2023\/10\/munkahelyi-kommunikacio.jpg\" \/>\n\t\t<meta property=\"og:image:width\" content=\"1280\" \/>\n\t\t<meta property=\"og:image:height\" content=\"853\" \/>\n\t\t<meta property=\"article:published_time\" content=\"2023-10-13T07:17:12+00:00\" \/>\n\t\t<meta property=\"article:modified_time\" content=\"2023-10-13T07:19:04+00:00\" \/>\n\t\t<meta property=\"article:publisher\" content=\"https:\/\/www.facebook.com\/allasorias\" \/>\n\t\t<meta name=\"twitter:card\" content=\"summary_large_image\" \/>\n\t\t<meta name=\"twitter:title\" content=\"A n\u0151k t\u00f6bbet kommunik\u00e1lnak a munkahelyeken | Allasorias.\" \/>\n\t\t<meta name=\"twitter:description\" content=\"A n\u0151k t\u00f6bbet kommunik\u00e1lnak a munkahelyeiken, mint a f\u00e9rfiak. A t\u00e1rsadalmi interakci\u00f3k m\u00e9rt\u00e9ke szakm\u00e1nk\u00e9nt is v\u00e1ltoz\u00f3, ami a bels\u0151\u00fcls\u0151 kommunik\u00e1ci\u00f3t illeti.\" \/>\n\t\t<meta name=\"twitter:image\" content=\"https:\/\/allasorias.hu\/hirek\/wp-content\/uploads\/2023\/10\/munkahelyi-kommunikacio.jpg\" \/>\n\t\t<meta name=\"twitter:label1\" content=\"Written by\" \/>\n\t\t<meta name=\"twitter:data1\" content=\"Juh\u00e1sz P\u00e9ter\" \/>\n\t\t<meta name=\"twitter:label2\" content=\"Est. reading time\" \/>\n\t\t<meta name=\"twitter:data2\" content=\"2 minutes\" \/>\n\t\t<script type=\"application\/ld+json\" class=\"aioseo-schema\">\n\t\t\t{\"@context\":\"https:\\\/\\\/schema.org\",\"@graph\":[{\"@type\":\"Article\",\"@id\":\"https:\\\/\\\/allasorias.hu\\\/hirek\\\/a-nok-tobbet-kommunikalnak-a-munkahelyeken\\\/#article\",\"name\":\"A n\\u0151k t\\u00f6bbet kommunik\\u00e1lnak a munkahelyeken | Allasorias.\",\"headline\":\"A n\\u0151k t\\u00f6bbet kommunik\\u00e1lnak a munkahelyeken\",\"author\":{\"@id\":\"https:\\\/\\\/allasorias.hu\\\/hirek\\\/author\\\/admin-allasorias\\\/#author\"},\"publisher\":{\"@id\":\"https:\\\/\\\/allasorias.hu\\\/hirek\\\/#organization\"},\"image\":{\"@type\":\"ImageObject\",\"url\":\"https:\\\/\\\/allasorias.hu\\\/hirek\\\/wp-content\\\/uploads\\\/2023\\\/10\\\/munkahelyi-kommunikacio.jpg\",\"width\":1280,\"height\":853,\"caption\":\"A n\\u0151k t\\u00f6bbet kommunik\\u00e1lnak a munkahelyeken - Allasorias.hu\\\/Hirek\"},\"datePublished\":\"2023-10-13T09:17:12+02:00\",\"dateModified\":\"2023-10-13T09:19:04+02:00\",\"inLanguage\":\"hu-HU\",\"mainEntityOfPage\":{\"@id\":\"https:\\\/\\\/allasorias.hu\\\/hirek\\\/a-nok-tobbet-kommunikalnak-a-munkahelyeken\\\/#webpage\"},\"isPartOf\":{\"@id\":\"https:\\\/\\\/allasorias.hu\\\/hirek\\\/a-nok-tobbet-kommunikalnak-a-munkahelyeken\\\/#webpage\"},\"articleSection\":\"Munkaer\\u0151piac, kommunik\\u00e1ci\\u00f3, t\\u00e1rsadalmi interakci\\u00f3\"},{\"@type\":\"BreadcrumbList\",\"@id\":\"https:\\\/\\\/allasorias.hu\\\/hirek\\\/a-nok-tobbet-kommunikalnak-a-munkahelyeken\\\/#breadcrumblist\",\"itemListElement\":[{\"@type\":\"ListItem\",\"@id\":\"https:\\\/\\\/allasorias.hu\\\/hirek#listItem\",\"position\":1,\"name\":\"Home\",\"item\":\"https:\\\/\\\/allasorias.hu\\\/hirek\",\"nextItem\":{\"@type\":\"ListItem\",\"@id\":\"https:\\\/\\\/allasorias.hu\\\/hirek\\\/temak\\\/munkaeropiac\\\/#listItem\",\"name\":\"Munkaer\\u0151piac\"}},{\"@type\":\"ListItem\",\"@id\":\"https:\\\/\\\/allasorias.hu\\\/hirek\\\/temak\\\/munkaeropiac\\\/#listItem\",\"position\":2,\"name\":\"Munkaer\\u0151piac\",\"item\":\"https:\\\/\\\/allasorias.hu\\\/hirek\\\/temak\\\/munkaeropiac\\\/\",\"nextItem\":{\"@type\":\"ListItem\",\"@id\":\"https:\\\/\\\/allasorias.hu\\\/hirek\\\/a-nok-tobbet-kommunikalnak-a-munkahelyeken\\\/#listItem\",\"name\":\"A n\\u0151k t\\u00f6bbet kommunik\\u00e1lnak a munkahelyeken\"},\"previousItem\":{\"@type\":\"ListItem\",\"@id\":\"https:\\\/\\\/allasorias.hu\\\/hirek#listItem\",\"name\":\"Home\"}},{\"@type\":\"ListItem\",\"@id\":\"https:\\\/\\\/allasorias.hu\\\/hirek\\\/a-nok-tobbet-kommunikalnak-a-munkahelyeken\\\/#listItem\",\"position\":3,\"name\":\"A n\\u0151k t\\u00f6bbet kommunik\\u00e1lnak a munkahelyeken\",\"previousItem\":{\"@type\":\"ListItem\",\"@id\":\"https:\\\/\\\/allasorias.hu\\\/hirek\\\/temak\\\/munkaeropiac\\\/#listItem\",\"name\":\"Munkaer\\u0151piac\"}}]},{\"@type\":\"Organization\",\"@id\":\"https:\\\/\\\/allasorias.hu\\\/hirek\\\/#organization\",\"name\":\"AllasOrias.hu | H\\u00edrek-lapszemle\",\"description\":\"\\u00dczleti h\\u00edrek az \\u00e1ll\\u00e1s \\u00e9s a munka vil\\u00e1g\\u00e1b\\u00f3l\",\"url\":\"https:\\\/\\\/allasorias.hu\\\/hirek\\\/\",\"logo\":{\"@type\":\"ImageObject\",\"url\":\"https:\\\/\\\/allasorias.hu\\\/hirek\\\/wp-content\\\/uploads\\\/2022\\\/10\\\/allasorias_site_facebok_logo.png\",\"@id\":\"https:\\\/\\\/allasorias.hu\\\/hirek\\\/a-nok-tobbet-kommunikalnak-a-munkahelyeken\\\/#organizationLogo\"},\"image\":{\"@id\":\"https:\\\/\\\/allasorias.hu\\\/hirek\\\/a-nok-tobbet-kommunikalnak-a-munkahelyeken\\\/#organizationLogo\"},\"sameAs\":[\"https:\\\/\\\/www.facebook.com\\\/allasorias\",\"https:\\\/\\\/www.linkedin.com\\\/company\\\/allasorias\"]},{\"@type\":\"Person\",\"@id\":\"https:\\\/\\\/allasorias.hu\\\/hirek\\\/author\\\/admin-allasorias\\\/#author\",\"url\":\"https:\\\/\\\/allasorias.hu\\\/hirek\\\/author\\\/admin-allasorias\\\/\",\"name\":\"Juh\\u00e1sz P\\u00e9ter\",\"image\":{\"@type\":\"ImageObject\",\"@id\":\"https:\\\/\\\/allasorias.hu\\\/hirek\\\/a-nok-tobbet-kommunikalnak-a-munkahelyeken\\\/#authorImage\",\"url\":\"https:\\\/\\\/secure.gravatar.com\\\/avatar\\\/36e6bcb83148978b992977cb0f54d22feb0cce8a0a849a9410532bb2623ba4c6?s=96&d=mm&r=g\",\"width\":96,\"height\":96,\"caption\":\"Juh\\u00e1sz P\\u00e9ter\"}},{\"@type\":\"WebPage\",\"@id\":\"https:\\\/\\\/allasorias.hu\\\/hirek\\\/a-nok-tobbet-kommunikalnak-a-munkahelyeken\\\/#webpage\",\"url\":\"https:\\\/\\\/allasorias.hu\\\/hirek\\\/a-nok-tobbet-kommunikalnak-a-munkahelyeken\\\/\",\"name\":\"A n\\u0151k t\\u00f6bbet kommunik\\u00e1lnak a munkahelyeken | Allasorias.\",\"description\":\"A n\\u0151k t\\u00f6bbet kommunik\\u00e1lnak a munkahelyeiken, mint a f\\u00e9rfiak. A t\\u00e1rsadalmi interakci\\u00f3k m\\u00e9rt\\u00e9ke szakm\\u00e1nk\\u00e9nt is v\\u00e1ltoz\\u00f3, ami a bels\\u0151\\u00fcls\\u0151 kommunik\\u00e1ci\\u00f3t illeti.\",\"inLanguage\":\"hu-HU\",\"isPartOf\":{\"@id\":\"https:\\\/\\\/allasorias.hu\\\/hirek\\\/#website\"},\"breadcrumb\":{\"@id\":\"https:\\\/\\\/allasorias.hu\\\/hirek\\\/a-nok-tobbet-kommunikalnak-a-munkahelyeken\\\/#breadcrumblist\"},\"author\":{\"@id\":\"https:\\\/\\\/allasorias.hu\\\/hirek\\\/author\\\/admin-allasorias\\\/#author\"},\"creator\":{\"@id\":\"https:\\\/\\\/allasorias.hu\\\/hirek\\\/author\\\/admin-allasorias\\\/#author\"},\"image\":{\"@type\":\"ImageObject\",\"url\":\"https:\\\/\\\/allasorias.hu\\\/hirek\\\/wp-content\\\/uploads\\\/2023\\\/10\\\/munkahelyi-kommunikacio.jpg\",\"@id\":\"https:\\\/\\\/allasorias.hu\\\/hirek\\\/a-nok-tobbet-kommunikalnak-a-munkahelyeken\\\/#mainImage\",\"width\":1280,\"height\":853,\"caption\":\"A n\\u0151k t\\u00f6bbet kommunik\\u00e1lnak a munkahelyeken - Allasorias.hu\\\/Hirek\"},\"primaryImageOfPage\":{\"@id\":\"https:\\\/\\\/allasorias.hu\\\/hirek\\\/a-nok-tobbet-kommunikalnak-a-munkahelyeken\\\/#mainImage\"},\"datePublished\":\"2023-10-13T09:17:12+02:00\",\"dateModified\":\"2023-10-13T09:19:04+02:00\"},{\"@type\":\"WebSite\",\"@id\":\"https:\\\/\\\/allasorias.hu\\\/hirek\\\/#website\",\"url\":\"https:\\\/\\\/allasorias.hu\\\/hirek\\\/\",\"name\":\"AllasOrias.hu | H\\u00edrek-lapszemle\",\"description\":\"\\u00dczleti h\\u00edrek az \\u00e1ll\\u00e1s \\u00e9s a munka vil\\u00e1g\\u00e1b\\u00f3l\",\"inLanguage\":\"hu-HU\",\"publisher\":{\"@id\":\"https:\\\/\\\/allasorias.hu\\\/hirek\\\/#organization\"}}]}\n\t\t<\/script>\n\t\t<!-- All in One SEO -->\n\n","aioseo_head_json":{"title":"A n\u0151k t\u00f6bbet kommunik\u00e1lnak a munkahelyeken | Allasorias.","description":"A n\u0151k t\u00f6bbet kommunik\u00e1lnak a munkahelyeiken, mint a f\u00e9rfiak. A t\u00e1rsadalmi interakci\u00f3k m\u00e9rt\u00e9ke szakm\u00e1nk\u00e9nt is v\u00e1ltoz\u00f3, ami a bels\u0151\u00fcls\u0151 kommunik\u00e1ci\u00f3t illeti.","canonical_url":"https:\/\/allasorias.hu\/hirek\/a-nok-tobbet-kommunikalnak-a-munkahelyeken\/","robots":"max-image-preview:large","keywords":"kommunik\u00e1ci\u00f3,t\u00e1rsadalmi interakci\u00f3","webmasterTools":{"miscellaneous":""},"schema":{"@context":"https:\/\/schema.org","@graph":[{"@type":"Article","@id":"https:\/\/allasorias.hu\/hirek\/a-nok-tobbet-kommunikalnak-a-munkahelyeken\/#article","name":"A n\u0151k t\u00f6bbet kommunik\u00e1lnak a munkahelyeken | Allasorias.","headline":"A n\u0151k t\u00f6bbet kommunik\u00e1lnak a munkahelyeken","author":{"@id":"https:\/\/allasorias.hu\/hirek\/author\/admin-allasorias\/#author"},"publisher":{"@id":"https:\/\/allasorias.hu\/hirek\/#organization"},"image":{"@type":"ImageObject","url":"https:\/\/allasorias.hu\/hirek\/wp-content\/uploads\/2023\/10\/munkahelyi-kommunikacio.jpg","width":1280,"height":853,"caption":"A n\u0151k t\u00f6bbet kommunik\u00e1lnak a munkahelyeken - Allasorias.hu\/Hirek"},"datePublished":"2023-10-13T09:17:12+02:00","dateModified":"2023-10-13T09:19:04+02:00","inLanguage":"hu-HU","mainEntityOfPage":{"@id":"https:\/\/allasorias.hu\/hirek\/a-nok-tobbet-kommunikalnak-a-munkahelyeken\/#webpage"},"isPartOf":{"@id":"https:\/\/allasorias.hu\/hirek\/a-nok-tobbet-kommunikalnak-a-munkahelyeken\/#webpage"},"articleSection":"Munkaer\u0151piac, kommunik\u00e1ci\u00f3, t\u00e1rsadalmi interakci\u00f3"},{"@type":"BreadcrumbList","@id":"https:\/\/allasorias.hu\/hirek\/a-nok-tobbet-kommunikalnak-a-munkahelyeken\/#breadcrumblist","itemListElement":[{"@type":"ListItem","@id":"https:\/\/allasorias.hu\/hirek#listItem","position":1,"name":"Home","item":"https:\/\/allasorias.hu\/hirek","nextItem":{"@type":"ListItem","@id":"https:\/\/allasorias.hu\/hirek\/temak\/munkaeropiac\/#listItem","name":"Munkaer\u0151piac"}},{"@type":"ListItem","@id":"https:\/\/allasorias.hu\/hirek\/temak\/munkaeropiac\/#listItem","position":2,"name":"Munkaer\u0151piac","item":"https:\/\/allasorias.hu\/hirek\/temak\/munkaeropiac\/","nextItem":{"@type":"ListItem","@id":"https:\/\/allasorias.hu\/hirek\/a-nok-tobbet-kommunikalnak-a-munkahelyeken\/#listItem","name":"A n\u0151k t\u00f6bbet kommunik\u00e1lnak a munkahelyeken"},"previousItem":{"@type":"ListItem","@id":"https:\/\/allasorias.hu\/hirek#listItem","name":"Home"}},{"@type":"ListItem","@id":"https:\/\/allasorias.hu\/hirek\/a-nok-tobbet-kommunikalnak-a-munkahelyeken\/#listItem","position":3,"name":"A n\u0151k t\u00f6bbet kommunik\u00e1lnak a munkahelyeken","previousItem":{"@type":"ListItem","@id":"https:\/\/allasorias.hu\/hirek\/temak\/munkaeropiac\/#listItem","name":"Munkaer\u0151piac"}}]},{"@type":"Organization","@id":"https:\/\/allasorias.hu\/hirek\/#organization","name":"AllasOrias.hu | H\u00edrek-lapszemle","description":"\u00dczleti h\u00edrek az \u00e1ll\u00e1s \u00e9s a munka vil\u00e1g\u00e1b\u00f3l","url":"https:\/\/allasorias.hu\/hirek\/","logo":{"@type":"ImageObject","url":"https:\/\/allasorias.hu\/hirek\/wp-content\/uploads\/2022\/10\/allasorias_site_facebok_logo.png","@id":"https:\/\/allasorias.hu\/hirek\/a-nok-tobbet-kommunikalnak-a-munkahelyeken\/#organizationLogo"},"image":{"@id":"https:\/\/allasorias.hu\/hirek\/a-nok-tobbet-kommunikalnak-a-munkahelyeken\/#organizationLogo"},"sameAs":["https:\/\/www.facebook.com\/allasorias","https:\/\/www.linkedin.com\/company\/allasorias"]},{"@type":"Person","@id":"https:\/\/allasorias.hu\/hirek\/author\/admin-allasorias\/#author","url":"https:\/\/allasorias.hu\/hirek\/author\/admin-allasorias\/","name":"Juh\u00e1sz P\u00e9ter","image":{"@type":"ImageObject","@id":"https:\/\/allasorias.hu\/hirek\/a-nok-tobbet-kommunikalnak-a-munkahelyeken\/#authorImage","url":"https:\/\/secure.gravatar.com\/avatar\/36e6bcb83148978b992977cb0f54d22feb0cce8a0a849a9410532bb2623ba4c6?s=96&d=mm&r=g","width":96,"height":96,"caption":"Juh\u00e1sz P\u00e9ter"}},{"@type":"WebPage","@id":"https:\/\/allasorias.hu\/hirek\/a-nok-tobbet-kommunikalnak-a-munkahelyeken\/#webpage","url":"https:\/\/allasorias.hu\/hirek\/a-nok-tobbet-kommunikalnak-a-munkahelyeken\/","name":"A n\u0151k t\u00f6bbet kommunik\u00e1lnak a munkahelyeken | Allasorias.","description":"A n\u0151k t\u00f6bbet kommunik\u00e1lnak a munkahelyeiken, mint a f\u00e9rfiak. A t\u00e1rsadalmi interakci\u00f3k m\u00e9rt\u00e9ke szakm\u00e1nk\u00e9nt is v\u00e1ltoz\u00f3, ami a bels\u0151\u00fcls\u0151 kommunik\u00e1ci\u00f3t illeti.","inLanguage":"hu-HU","isPartOf":{"@id":"https:\/\/allasorias.hu\/hirek\/#website"},"breadcrumb":{"@id":"https:\/\/allasorias.hu\/hirek\/a-nok-tobbet-kommunikalnak-a-munkahelyeken\/#breadcrumblist"},"author":{"@id":"https:\/\/allasorias.hu\/hirek\/author\/admin-allasorias\/#author"},"creator":{"@id":"https:\/\/allasorias.hu\/hirek\/author\/admin-allasorias\/#author"},"image":{"@type":"ImageObject","url":"https:\/\/allasorias.hu\/hirek\/wp-content\/uploads\/2023\/10\/munkahelyi-kommunikacio.jpg","@id":"https:\/\/allasorias.hu\/hirek\/a-nok-tobbet-kommunikalnak-a-munkahelyeken\/#mainImage","width":1280,"height":853,"caption":"A n\u0151k t\u00f6bbet kommunik\u00e1lnak a munkahelyeken - Allasorias.hu\/Hirek"},"primaryImageOfPage":{"@id":"https:\/\/allasorias.hu\/hirek\/a-nok-tobbet-kommunikalnak-a-munkahelyeken\/#mainImage"},"datePublished":"2023-10-13T09:17:12+02:00","dateModified":"2023-10-13T09:19:04+02:00"},{"@type":"WebSite","@id":"https:\/\/allasorias.hu\/hirek\/#website","url":"https:\/\/allasorias.hu\/hirek\/","name":"AllasOrias.hu | H\u00edrek-lapszemle","description":"\u00dczleti h\u00edrek az \u00e1ll\u00e1s \u00e9s a munka vil\u00e1g\u00e1b\u00f3l","inLanguage":"hu-HU","publisher":{"@id":"https:\/\/allasorias.hu\/hirek\/#organization"}}]},"og:locale":"hu_HU","og:site_name":"AllasOrias.hu | H\u00edrek-lapszemle | \u00dczleti h\u00edrek az \u00e1ll\u00e1s \u00e9s a munka vil\u00e1g\u00e1b\u00f3l","og:type":"article","og:title":"A n\u0151k t\u00f6bbet kommunik\u00e1lnak a munkahelyeken | Allasorias.","og:description":"A n\u0151k t\u00f6bbet kommunik\u00e1lnak a munkahelyeiken, mint a f\u00e9rfiak. A t\u00e1rsadalmi interakci\u00f3k m\u00e9rt\u00e9ke szakm\u00e1nk\u00e9nt is v\u00e1ltoz\u00f3, ami a bels\u0151\u00fcls\u0151 kommunik\u00e1ci\u00f3t illeti.","og:url":"https:\/\/allasorias.hu\/hirek\/a-nok-tobbet-kommunikalnak-a-munkahelyeken\/","og:image":"https:\/\/allasorias.hu\/hirek\/wp-content\/uploads\/2023\/10\/munkahelyi-kommunikacio.jpg","og:image:secure_url":"https:\/\/allasorias.hu\/hirek\/wp-content\/uploads\/2023\/10\/munkahelyi-kommunikacio.jpg","og:image:width":1280,"og:image:height":853,"article:published_time":"2023-10-13T07:17:12+00:00","article:modified_time":"2023-10-13T07:19:04+00:00","article:publisher":"https:\/\/www.facebook.com\/allasorias","twitter:card":"summary_large_image","twitter:title":"A n\u0151k t\u00f6bbet kommunik\u00e1lnak a munkahelyeken | Allasorias.","twitter:description":"A n\u0151k t\u00f6bbet kommunik\u00e1lnak a munkahelyeiken, mint a f\u00e9rfiak. A t\u00e1rsadalmi interakci\u00f3k m\u00e9rt\u00e9ke szakm\u00e1nk\u00e9nt is v\u00e1ltoz\u00f3, ami a bels\u0151\u00fcls\u0151 kommunik\u00e1ci\u00f3t illeti.","twitter:image":"https:\/\/allasorias.hu\/hirek\/wp-content\/uploads\/2023\/10\/munkahelyi-kommunikacio.jpg","twitter:label1":"Written by","twitter:data1":"Juh\u00e1sz P\u00e9ter","twitter:label2":"Est. reading time","twitter:data2":"2 minutes"},"aioseo_meta_data":{"post_id":"6900","title":"#post_title | Allasorias.","description":"A n\u0151k t\u00f6bbet kommunik\u00e1lnak a munkahelyeiken, mint a f\u00e9rfiak. A t\u00e1rsadalmi interakci\u00f3k m\u00e9rt\u00e9ke szakm\u00e1nk\u00e9nt is v\u00e1ltoz\u00f3, ami a bels\u0151\u00fcls\u0151 kommunik\u00e1ci\u00f3t illeti.","keywords":[],"keyphrases":{"focus":{"keyphrase":"","score":0,"analysis":{"keyphraseInTitle":{"score":0,"maxScore":9,"error":1}}},"additional":[]},"primary_term":null,"canonical_url":null,"og_title":null,"og_description":null,"og_object_type":"default","og_image_type":"default","og_image_url":null,"og_image_width":null,"og_image_height":null,"og_image_custom_url":null,"og_image_custom_fields":null,"og_video":"","og_custom_url":null,"og_article_section":null,"og_article_tags":[],"twitter_use_og":true,"twitter_card":"default","twitter_image_type":"default","twitter_image_url":null,"twitter_image_custom_url":null,"twitter_image_custom_fields":null,"twitter_title":null,"twitter_description":null,"schema":{"blockGraphs":[],"customGraphs":[],"default":{"data":{"Article":[],"Course":[],"Dataset":[],"FAQPage":[],"Movie":[],"Person":[],"Product":[],"ProductReview":[],"Car":[],"Recipe":[],"Service":[],"SoftwareApplication":[],"WebPage":[]},"graphName":"Article","isEnabled":true},"graphs":[]},"schema_type":"default","schema_type_options":null,"pillar_content":false,"robots_default":true,"robots_noindex":false,"robots_noarchive":false,"robots_nosnippet":false,"robots_nofollow":false,"robots_noimageindex":false,"robots_noodp":false,"robots_notranslate":false,"robots_max_snippet":"-1","robots_max_videopreview":"-1","robots_max_imagepreview":"large","priority":null,"frequency":"default","location":null,"local_seo":null,"breadcrumb_settings":null,"limit_modified_date":false,"ai":null,"created":"2023-10-13 07:03:15","updated":"2025-10-02 19:08:31","seo_analyzer_scan_date":null,"focus_keyword":null,"additional_keywords":null,"truseo_locale":null},"aioseo_breadcrumb":"<div class=\"aioseo-breadcrumbs\"><span class=\"aioseo-breadcrumb\">\n\t\t\t<a href=\"https:\/\/allasorias.hu\/hirek\" title=\"Home\">Home<\/a>\n\t\t<\/span><span class=\"aioseo-breadcrumb-separator\">&raquo;<\/span><span class=\"aioseo-breadcrumb\">\n\t\t\t<a href=\"https:\/\/allasorias.hu\/hirek\/temak\/munkaeropiac\/\" title=\"Munkaer\u0151piac\">Munkaer\u0151piac<\/a>\n\t\t<\/span><span class=\"aioseo-breadcrumb-separator\">&raquo;<\/span><span class=\"aioseo-breadcrumb\">\n\t\t\tA n\u0151k t\u00f6bbet kommunik\u00e1lnak a munkahelyeken\n\t\t<\/span><\/div>","aioseo_breadcrumb_json":[{"label":"Home","link":"https:\/\/allasorias.hu\/hirek"},{"label":"Munkaer\u0151piac","link":"https:\/\/allasorias.hu\/hirek\/temak\/munkaeropiac\/"},{"label":"A n\u0151k t\u00f6bbet kommunik\u00e1lnak a munkahelyeken","link":"https:\/\/allasorias.hu\/hirek\/a-nok-tobbet-kommunikalnak-a-munkahelyeken\/"}],"_links":{"self":[{"href":"https:\/\/allasorias.hu\/hirek\/wp-json\/wp\/v2\/posts\/6900","targetHints":{"allow":["GET"]}}],"collection":[{"href":"https:\/\/allasorias.hu\/hirek\/wp-json\/wp\/v2\/posts"}],"about":[{"href":"https:\/\/allasorias.hu\/hirek\/wp-json\/wp\/v2\/types\/post"}],"author":[{"embeddable":true,"href":"https:\/\/allasorias.hu\/hirek\/wp-json\/wp\/v2\/users\/1"}],"replies":[{"embeddable":true,"href":"https:\/\/allasorias.hu\/hirek\/wp-json\/wp\/v2\/comments?post=6900"}],"version-history":[{"count":2,"href":"https:\/\/allasorias.hu\/hirek\/wp-json\/wp\/v2\/posts\/6900\/revisions"}],"predecessor-version":[{"id":6903,"href":"https:\/\/allasorias.hu\/hirek\/wp-json\/wp\/v2\/posts\/6900\/revisions\/6903"}],"wp:featuredmedia":[{"embeddable":true,"href":"https:\/\/allasorias.hu\/hirek\/wp-json\/wp\/v2\/media\/6901"}],"wp:attachment":[{"href":"https:\/\/allasorias.hu\/hirek\/wp-json\/wp\/v2\/media?parent=6900"}],"wp:term":[{"taxonomy":"category","embeddable":true,"href":"https:\/\/allasorias.hu\/hirek\/wp-json\/wp\/v2\/categories?post=6900"},{"taxonomy":"post_tag","embeddable":true,"href":"https:\/\/allasorias.hu\/hirek\/wp-json\/wp\/v2\/tags?post=6900"}],"curies":[{"name":"wp","href":"https:\/\/api.w.org\/{rel}","templated":true}]}}