{"id":6882,"date":"2023-10-11T12:56:17","date_gmt":"2023-10-11T10:56:17","guid":{"rendered":"https:\/\/allasorias.hu\/hirek\/?p=6882"},"modified":"2023-10-11T12:58:52","modified_gmt":"2023-10-11T10:58:52","slug":"targyalnak-a-beremelesekrol","status":"publish","type":"post","link":"https:\/\/allasorias.hu\/hirek\/targyalnak-a-beremelesekrol\/","title":{"rendered":"T\u00e1rgyalnak a b\u00e9remel\u00e9sekr\u0151l"},"content":{"rendered":"<p><strong>A gazdas\u00e1gfejleszt\u00e9si miniszter az \u00c9MI \u00c9p\u00edt\u00e9s\u00fcgyi Min\u0151s\u00e9gellen\u0151rz\u0151 Innov\u00e1ci\u00f3s Nonprofit Kft. \u00faj csarnok\u00e1nak \u00e1tad\u00f3j\u00e1n t\u00f6bbek k\u00f6z\u00f6tt arr\u00f3l is besz\u00e9lt, hogy j\u00f6v\u0151re 5-6 sz\u00e1zal\u00e9kos infl\u00e1ci\u00f3val sz\u00e1molva 4-5 sz\u00e1zal\u00e9kos, vagy af\u00f6l\u00f6tti re\u00e1lb\u00e9rn\u00f6veked\u00e9s is lehet.<\/strong><\/p>\n<p>A gazdas\u00e1gfejleszt\u00e9si miniszter szerint j\u00f6v\u0151re 4-5 sz\u00e1zal\u00e9kos, vagy af\u00f6l\u00f6tti re\u00e1lb\u00e9rn\u00f6veked\u00e9s j\u00f6het. Re\u00e1lis a 10-15 sz\u00e1zal\u00e9kos <a href=\"https:\/\/allasorias.hu\/hirek\/ugy-tunik-hogy-lesz-minimalber-emeles\/\">minim\u00e1lb\u00e9r emel\u00e9s<\/a>, okt\u00f3ber v\u00e9g\u00e9re-november elej\u00e9re megsz\u00fclethet a meg\u00e1llapod\u00e1s &#8211; nyilatkozta Nagy M\u00e1rton az atv.hu-nak. Azt mondta, hogy az egys\u00e9ges minim\u00e1lb\u00e9rhez arra van sz\u00fcks\u00e9g, hogy a minim\u00e1lb\u00e9r \u00e9s a garant\u00e1lt b\u00e9rminimum \u00f6sszez\u00e1r\u00f3djon. &#8222;<em>Ennek id\u0151t kell adni, ez nem egyik \u00e9vr\u0151l a m\u00e1sik \u00e9vre val\u00f3sul meg, figyelembe kell venni a v\u00e1llalkoz\u00e1sok teherb\u00edr\u00f3k\u00e9pess\u00e9g\u00e9t is<\/em>&#8221; &#8211; fejtette ki.<\/p>\n<p>Forr\u00e1s: <a href=\"https:\/\/www.hrportal.hu\/c\/ennyivel-emelkedhet-a-minimalber-novembertol-nagy-marton-szerint-20231010.html\" target=\"_blank\" rel=\"nofollow noopener noreferrer\">hrportal.hu<\/a><\/p>\n","protected":false},"excerpt":{"rendered":"<p>A gazdas\u00e1gfejleszt\u00e9si miniszter az \u00c9MI \u00c9p\u00edt\u00e9s\u00fcgyi Min\u0151s\u00e9gellen\u0151rz\u0151 Innov\u00e1ci\u00f3s Nonprofit Kft. \u00faj csarnok\u00e1nak \u00e1tad\u00f3j\u00e1n t\u00f6bbek k\u00f6z\u00f6tt arr\u00f3l is besz\u00e9lt, hogy j\u00f6v\u0151re 5-6 sz\u00e1zal\u00e9kos infl\u00e1ci\u00f3val sz\u00e1molva 4-5 sz\u00e1zal\u00e9kos, vagy af\u00f6l\u00f6tti re\u00e1lb\u00e9rn\u00f6veked\u00e9s is lehet. A gazdas\u00e1gfejleszt\u00e9si miniszter szerint j\u00f6v\u0151re 4-5 sz\u00e1zal\u00e9kos, vagy af\u00f6l\u00f6tti re\u00e1lb\u00e9rn\u00f6veked\u00e9s j\u00f6het. Re\u00e1lis a 10-15 sz\u00e1zal\u00e9kos minim\u00e1lb\u00e9r emel\u00e9s, okt\u00f3ber v\u00e9g\u00e9re-november elej\u00e9re megsz\u00fclethet a meg\u00e1llapod\u00e1s &#8211; [&hellip;]<\/p>\n","protected":false},"author":1,"featured_media":6886,"comment_status":"open","ping_status":"open","sticky":false,"template":"","format":"standard","meta":{"_monsterinsights_skip_tracking":false,"footnotes":""},"categories":[198],"tags":[256,600,316],"class_list":["post-6882","post","type-post","status-publish","format-standard","has-post-thumbnail","hentry","category-gazdasag","tag-beremeles","tag-minimalber-emeles","tag-targyalas"],"aioseo_notices":[],"aioseo_head":"\n\t\t<!-- All in One SEO 5.0.0.1 - aioseo.com -->\n\t<meta name=\"description\" content=\"A gazdas\u00e1gfejleszt\u00e9si miniszter t\u00f6bbek k\u00f6z\u00f6tt arr\u00f3l is besz\u00e9lt, hogy j\u00f6v\u0151re 4-5 sz\u00e1zal\u00e9kos, vagy af\u00f6l\u00f6tti re\u00e1lb\u00e9rn\u00f6veked\u00e9s is lehet.\" \/>\n\t<meta name=\"robots\" content=\"max-image-preview:large\" \/>\n\t<meta name=\"author\" content=\"Juh\u00e1sz P\u00e9ter\"\/>\n\t<meta name=\"keywords\" content=\"b\u00e9remel\u00e9s,minim\u00e1lb\u00e9r emel\u00e9s,t\u00e1rgyal\u00e1s\" \/>\n\t<link rel=\"canonical\" href=\"https:\/\/allasorias.hu\/hirek\/targyalnak-a-beremelesekrol\/\" \/>\n\t<meta name=\"generator\" content=\"All in One SEO (AIOSEO) 5.0.0.1\" \/>\n\t\t<meta property=\"og:locale\" content=\"hu_HU\" \/>\n\t\t<meta property=\"og:site_name\" content=\"AllasOrias.hu | H\u00edrek-lapszemle | \u00dczleti h\u00edrek az \u00e1ll\u00e1s \u00e9s a munka vil\u00e1g\u00e1b\u00f3l\" \/>\n\t\t<meta property=\"og:type\" content=\"article\" \/>\n\t\t<meta property=\"og:title\" content=\"T\u00e1rgyalnak a b\u00e9remel\u00e9sekr\u0151l | Allasorias.hu\/Hirek\" \/>\n\t\t<meta property=\"og:description\" content=\"A gazdas\u00e1gfejleszt\u00e9si miniszter t\u00f6bbek k\u00f6z\u00f6tt arr\u00f3l is besz\u00e9lt, hogy j\u00f6v\u0151re 4-5 sz\u00e1zal\u00e9kos, vagy af\u00f6l\u00f6tti re\u00e1lb\u00e9rn\u00f6veked\u00e9s is lehet.\" \/>\n\t\t<meta property=\"og:url\" content=\"https:\/\/allasorias.hu\/hirek\/targyalnak-a-beremelesekrol\/\" \/>\n\t\t<meta property=\"og:image\" content=\"https:\/\/allasorias.hu\/hirek\/wp-content\/uploads\/2023\/10\/beremeles-targyalas.jpg\" \/>\n\t\t<meta property=\"og:image:secure_url\" content=\"https:\/\/allasorias.hu\/hirek\/wp-content\/uploads\/2023\/10\/beremeles-targyalas.jpg\" \/>\n\t\t<meta property=\"og:image:width\" content=\"1280\" \/>\n\t\t<meta property=\"og:image:height\" content=\"853\" \/>\n\t\t<meta property=\"article:published_time\" content=\"2023-10-11T10:56:17+00:00\" \/>\n\t\t<meta property=\"article:modified_time\" content=\"2023-10-11T10:58:52+00:00\" \/>\n\t\t<meta property=\"article:publisher\" content=\"https:\/\/www.facebook.com\/allasorias\" \/>\n\t\t<meta name=\"twitter:card\" content=\"summary_large_image\" \/>\n\t\t<meta name=\"twitter:title\" content=\"T\u00e1rgyalnak a b\u00e9remel\u00e9sekr\u0151l | Allasorias.hu\/Hirek\" \/>\n\t\t<meta name=\"twitter:description\" content=\"A gazdas\u00e1gfejleszt\u00e9si miniszter t\u00f6bbek k\u00f6z\u00f6tt arr\u00f3l is besz\u00e9lt, hogy j\u00f6v\u0151re 4-5 sz\u00e1zal\u00e9kos, vagy af\u00f6l\u00f6tti re\u00e1lb\u00e9rn\u00f6veked\u00e9s is lehet.\" \/>\n\t\t<meta name=\"twitter:image\" content=\"https:\/\/allasorias.hu\/hirek\/wp-content\/uploads\/2023\/10\/beremeles-targyalas.jpg\" \/>\n\t\t<meta name=\"twitter:label1\" content=\"Written by\" \/>\n\t\t<meta name=\"twitter:data1\" content=\"Juh\u00e1sz P\u00e9ter\" \/>\n\t\t<meta name=\"twitter:label2\" content=\"Est. reading time\" \/>\n\t\t<meta name=\"twitter:data2\" content=\"1 minute\" \/>\n\t\t<script type=\"application\/ld+json\" class=\"aioseo-schema\">\n\t\t\t{\"@context\":\"https:\\\/\\\/schema.org\",\"@graph\":[{\"@type\":\"Article\",\"@id\":\"https:\\\/\\\/allasorias.hu\\\/hirek\\\/targyalnak-a-beremelesekrol\\\/#article\",\"name\":\"T\\u00e1rgyalnak a b\\u00e9remel\\u00e9sekr\\u0151l | Allasorias.hu\\\/Hirek\",\"headline\":\"T\\u00e1rgyalnak a b\\u00e9remel\\u00e9sekr\\u0151l\",\"author\":{\"@id\":\"https:\\\/\\\/allasorias.hu\\\/hirek\\\/author\\\/admin-allasorias\\\/#author\"},\"publisher\":{\"@id\":\"https:\\\/\\\/allasorias.hu\\\/hirek\\\/#organization\"},\"image\":{\"@type\":\"ImageObject\",\"url\":\"https:\\\/\\\/allasorias.hu\\\/hirek\\\/wp-content\\\/uploads\\\/2023\\\/10\\\/beremeles-targyalas.jpg\",\"width\":1280,\"height\":853,\"caption\":\"T\\u00e1rgyalnak a b\\u00e9remel\\u00e9sekr\\u0151l - Allasorias.hu\\\/Hirek\"},\"datePublished\":\"2023-10-11T12:56:17+02:00\",\"dateModified\":\"2023-10-11T12:58:52+02:00\",\"inLanguage\":\"hu-HU\",\"mainEntityOfPage\":{\"@id\":\"https:\\\/\\\/allasorias.hu\\\/hirek\\\/targyalnak-a-beremelesekrol\\\/#webpage\"},\"isPartOf\":{\"@id\":\"https:\\\/\\\/allasorias.hu\\\/hirek\\\/targyalnak-a-beremelesekrol\\\/#webpage\"},\"articleSection\":\"Gazdas\\u00e1g, b\\u00e9remel\\u00e9s, minim\\u00e1lb\\u00e9r emel\\u00e9s, t\\u00e1rgyal\\u00e1s\"},{\"@type\":\"BreadcrumbList\",\"@id\":\"https:\\\/\\\/allasorias.hu\\\/hirek\\\/targyalnak-a-beremelesekrol\\\/#breadcrumblist\",\"itemListElement\":[{\"@type\":\"ListItem\",\"@id\":\"https:\\\/\\\/allasorias.hu\\\/hirek#listItem\",\"position\":1,\"name\":\"Home\",\"item\":\"https:\\\/\\\/allasorias.hu\\\/hirek\",\"nextItem\":{\"@type\":\"ListItem\",\"@id\":\"https:\\\/\\\/allasorias.hu\\\/hirek\\\/temak\\\/gazdasag\\\/#listItem\",\"name\":\"Gazdas\\u00e1g\"}},{\"@type\":\"ListItem\",\"@id\":\"https:\\\/\\\/allasorias.hu\\\/hirek\\\/temak\\\/gazdasag\\\/#listItem\",\"position\":2,\"name\":\"Gazdas\\u00e1g\",\"item\":\"https:\\\/\\\/allasorias.hu\\\/hirek\\\/temak\\\/gazdasag\\\/\",\"nextItem\":{\"@type\":\"ListItem\",\"@id\":\"https:\\\/\\\/allasorias.hu\\\/hirek\\\/targyalnak-a-beremelesekrol\\\/#listItem\",\"name\":\"T\\u00e1rgyalnak a b\\u00e9remel\\u00e9sekr\\u0151l\"},\"previousItem\":{\"@type\":\"ListItem\",\"@id\":\"https:\\\/\\\/allasorias.hu\\\/hirek#listItem\",\"name\":\"Home\"}},{\"@type\":\"ListItem\",\"@id\":\"https:\\\/\\\/allasorias.hu\\\/hirek\\\/targyalnak-a-beremelesekrol\\\/#listItem\",\"position\":3,\"name\":\"T\\u00e1rgyalnak a b\\u00e9remel\\u00e9sekr\\u0151l\",\"previousItem\":{\"@type\":\"ListItem\",\"@id\":\"https:\\\/\\\/allasorias.hu\\\/hirek\\\/temak\\\/gazdasag\\\/#listItem\",\"name\":\"Gazdas\\u00e1g\"}}]},{\"@type\":\"Organization\",\"@id\":\"https:\\\/\\\/allasorias.hu\\\/hirek\\\/#organization\",\"name\":\"AllasOrias.hu | H\\u00edrek-lapszemle\",\"description\":\"\\u00dczleti h\\u00edrek az \\u00e1ll\\u00e1s \\u00e9s a munka vil\\u00e1g\\u00e1b\\u00f3l\",\"url\":\"https:\\\/\\\/allasorias.hu\\\/hirek\\\/\",\"logo\":{\"@type\":\"ImageObject\",\"url\":\"https:\\\/\\\/allasorias.hu\\\/hirek\\\/wp-content\\\/uploads\\\/2022\\\/10\\\/allasorias_site_facebok_logo.png\",\"@id\":\"https:\\\/\\\/allasorias.hu\\\/hirek\\\/targyalnak-a-beremelesekrol\\\/#organizationLogo\"},\"image\":{\"@id\":\"https:\\\/\\\/allasorias.hu\\\/hirek\\\/targyalnak-a-beremelesekrol\\\/#organizationLogo\"},\"sameAs\":[\"https:\\\/\\\/www.facebook.com\\\/allasorias\",\"https:\\\/\\\/www.linkedin.com\\\/company\\\/allasorias\"]},{\"@type\":\"Person\",\"@id\":\"https:\\\/\\\/allasorias.hu\\\/hirek\\\/author\\\/admin-allasorias\\\/#author\",\"url\":\"https:\\\/\\\/allasorias.hu\\\/hirek\\\/author\\\/admin-allasorias\\\/\",\"name\":\"Juh\\u00e1sz P\\u00e9ter\",\"image\":{\"@type\":\"ImageObject\",\"@id\":\"https:\\\/\\\/allasorias.hu\\\/hirek\\\/targyalnak-a-beremelesekrol\\\/#authorImage\",\"url\":\"https:\\\/\\\/secure.gravatar.com\\\/avatar\\\/36e6bcb83148978b992977cb0f54d22feb0cce8a0a849a9410532bb2623ba4c6?s=96&d=mm&r=g\",\"width\":96,\"height\":96,\"caption\":\"Juh\\u00e1sz P\\u00e9ter\"}},{\"@type\":\"WebPage\",\"@id\":\"https:\\\/\\\/allasorias.hu\\\/hirek\\\/targyalnak-a-beremelesekrol\\\/#webpage\",\"url\":\"https:\\\/\\\/allasorias.hu\\\/hirek\\\/targyalnak-a-beremelesekrol\\\/\",\"name\":\"T\\u00e1rgyalnak a b\\u00e9remel\\u00e9sekr\\u0151l | Allasorias.hu\\\/Hirek\",\"description\":\"A gazdas\\u00e1gfejleszt\\u00e9si miniszter t\\u00f6bbek k\\u00f6z\\u00f6tt arr\\u00f3l is besz\\u00e9lt, hogy j\\u00f6v\\u0151re 4-5 sz\\u00e1zal\\u00e9kos, vagy af\\u00f6l\\u00f6tti re\\u00e1lb\\u00e9rn\\u00f6veked\\u00e9s is lehet.\",\"inLanguage\":\"hu-HU\",\"isPartOf\":{\"@id\":\"https:\\\/\\\/allasorias.hu\\\/hirek\\\/#website\"},\"breadcrumb\":{\"@id\":\"https:\\\/\\\/allasorias.hu\\\/hirek\\\/targyalnak-a-beremelesekrol\\\/#breadcrumblist\"},\"author\":{\"@id\":\"https:\\\/\\\/allasorias.hu\\\/hirek\\\/author\\\/admin-allasorias\\\/#author\"},\"creator\":{\"@id\":\"https:\\\/\\\/allasorias.hu\\\/hirek\\\/author\\\/admin-allasorias\\\/#author\"},\"image\":{\"@type\":\"ImageObject\",\"url\":\"https:\\\/\\\/allasorias.hu\\\/hirek\\\/wp-content\\\/uploads\\\/2023\\\/10\\\/beremeles-targyalas.jpg\",\"@id\":\"https:\\\/\\\/allasorias.hu\\\/hirek\\\/targyalnak-a-beremelesekrol\\\/#mainImage\",\"width\":1280,\"height\":853,\"caption\":\"T\\u00e1rgyalnak a b\\u00e9remel\\u00e9sekr\\u0151l - Allasorias.hu\\\/Hirek\"},\"primaryImageOfPage\":{\"@id\":\"https:\\\/\\\/allasorias.hu\\\/hirek\\\/targyalnak-a-beremelesekrol\\\/#mainImage\"},\"datePublished\":\"2023-10-11T12:56:17+02:00\",\"dateModified\":\"2023-10-11T12:58:52+02:00\"},{\"@type\":\"WebSite\",\"@id\":\"https:\\\/\\\/allasorias.hu\\\/hirek\\\/#website\",\"url\":\"https:\\\/\\\/allasorias.hu\\\/hirek\\\/\",\"name\":\"AllasOrias.hu | H\\u00edrek-lapszemle\",\"description\":\"\\u00dczleti h\\u00edrek az \\u00e1ll\\u00e1s \\u00e9s a munka vil\\u00e1g\\u00e1b\\u00f3l\",\"inLanguage\":\"hu-HU\",\"publisher\":{\"@id\":\"https:\\\/\\\/allasorias.hu\\\/hirek\\\/#organization\"}}]}\n\t\t<\/script>\n\t\t<!-- All in One SEO -->\n\n","aioseo_head_json":{"title":"T\u00e1rgyalnak a b\u00e9remel\u00e9sekr\u0151l | Allasorias.hu\/Hirek","description":"A gazdas\u00e1gfejleszt\u00e9si miniszter t\u00f6bbek k\u00f6z\u00f6tt arr\u00f3l is besz\u00e9lt, hogy j\u00f6v\u0151re 4-5 sz\u00e1zal\u00e9kos, vagy af\u00f6l\u00f6tti re\u00e1lb\u00e9rn\u00f6veked\u00e9s is lehet.","canonical_url":"https:\/\/allasorias.hu\/hirek\/targyalnak-a-beremelesekrol\/","robots":"max-image-preview:large","keywords":"b\u00e9remel\u00e9s,minim\u00e1lb\u00e9r emel\u00e9s,t\u00e1rgyal\u00e1s","webmasterTools":{"miscellaneous":""},"schema":{"@context":"https:\/\/schema.org","@graph":[{"@type":"Article","@id":"https:\/\/allasorias.hu\/hirek\/targyalnak-a-beremelesekrol\/#article","name":"T\u00e1rgyalnak a b\u00e9remel\u00e9sekr\u0151l | Allasorias.hu\/Hirek","headline":"T\u00e1rgyalnak a b\u00e9remel\u00e9sekr\u0151l","author":{"@id":"https:\/\/allasorias.hu\/hirek\/author\/admin-allasorias\/#author"},"publisher":{"@id":"https:\/\/allasorias.hu\/hirek\/#organization"},"image":{"@type":"ImageObject","url":"https:\/\/allasorias.hu\/hirek\/wp-content\/uploads\/2023\/10\/beremeles-targyalas.jpg","width":1280,"height":853,"caption":"T\u00e1rgyalnak a b\u00e9remel\u00e9sekr\u0151l - Allasorias.hu\/Hirek"},"datePublished":"2023-10-11T12:56:17+02:00","dateModified":"2023-10-11T12:58:52+02:00","inLanguage":"hu-HU","mainEntityOfPage":{"@id":"https:\/\/allasorias.hu\/hirek\/targyalnak-a-beremelesekrol\/#webpage"},"isPartOf":{"@id":"https:\/\/allasorias.hu\/hirek\/targyalnak-a-beremelesekrol\/#webpage"},"articleSection":"Gazdas\u00e1g, b\u00e9remel\u00e9s, minim\u00e1lb\u00e9r emel\u00e9s, t\u00e1rgyal\u00e1s"},{"@type":"BreadcrumbList","@id":"https:\/\/allasorias.hu\/hirek\/targyalnak-a-beremelesekrol\/#breadcrumblist","itemListElement":[{"@type":"ListItem","@id":"https:\/\/allasorias.hu\/hirek#listItem","position":1,"name":"Home","item":"https:\/\/allasorias.hu\/hirek","nextItem":{"@type":"ListItem","@id":"https:\/\/allasorias.hu\/hirek\/temak\/gazdasag\/#listItem","name":"Gazdas\u00e1g"}},{"@type":"ListItem","@id":"https:\/\/allasorias.hu\/hirek\/temak\/gazdasag\/#listItem","position":2,"name":"Gazdas\u00e1g","item":"https:\/\/allasorias.hu\/hirek\/temak\/gazdasag\/","nextItem":{"@type":"ListItem","@id":"https:\/\/allasorias.hu\/hirek\/targyalnak-a-beremelesekrol\/#listItem","name":"T\u00e1rgyalnak a b\u00e9remel\u00e9sekr\u0151l"},"previousItem":{"@type":"ListItem","@id":"https:\/\/allasorias.hu\/hirek#listItem","name":"Home"}},{"@type":"ListItem","@id":"https:\/\/allasorias.hu\/hirek\/targyalnak-a-beremelesekrol\/#listItem","position":3,"name":"T\u00e1rgyalnak a b\u00e9remel\u00e9sekr\u0151l","previousItem":{"@type":"ListItem","@id":"https:\/\/allasorias.hu\/hirek\/temak\/gazdasag\/#listItem","name":"Gazdas\u00e1g"}}]},{"@type":"Organization","@id":"https:\/\/allasorias.hu\/hirek\/#organization","name":"AllasOrias.hu | H\u00edrek-lapszemle","description":"\u00dczleti h\u00edrek az \u00e1ll\u00e1s \u00e9s a munka vil\u00e1g\u00e1b\u00f3l","url":"https:\/\/allasorias.hu\/hirek\/","logo":{"@type":"ImageObject","url":"https:\/\/allasorias.hu\/hirek\/wp-content\/uploads\/2022\/10\/allasorias_site_facebok_logo.png","@id":"https:\/\/allasorias.hu\/hirek\/targyalnak-a-beremelesekrol\/#organizationLogo"},"image":{"@id":"https:\/\/allasorias.hu\/hirek\/targyalnak-a-beremelesekrol\/#organizationLogo"},"sameAs":["https:\/\/www.facebook.com\/allasorias","https:\/\/www.linkedin.com\/company\/allasorias"]},{"@type":"Person","@id":"https:\/\/allasorias.hu\/hirek\/author\/admin-allasorias\/#author","url":"https:\/\/allasorias.hu\/hirek\/author\/admin-allasorias\/","name":"Juh\u00e1sz P\u00e9ter","image":{"@type":"ImageObject","@id":"https:\/\/allasorias.hu\/hirek\/targyalnak-a-beremelesekrol\/#authorImage","url":"https:\/\/secure.gravatar.com\/avatar\/36e6bcb83148978b992977cb0f54d22feb0cce8a0a849a9410532bb2623ba4c6?s=96&d=mm&r=g","width":96,"height":96,"caption":"Juh\u00e1sz P\u00e9ter"}},{"@type":"WebPage","@id":"https:\/\/allasorias.hu\/hirek\/targyalnak-a-beremelesekrol\/#webpage","url":"https:\/\/allasorias.hu\/hirek\/targyalnak-a-beremelesekrol\/","name":"T\u00e1rgyalnak a b\u00e9remel\u00e9sekr\u0151l | Allasorias.hu\/Hirek","description":"A gazdas\u00e1gfejleszt\u00e9si miniszter t\u00f6bbek k\u00f6z\u00f6tt arr\u00f3l is besz\u00e9lt, hogy j\u00f6v\u0151re 4-5 sz\u00e1zal\u00e9kos, vagy af\u00f6l\u00f6tti re\u00e1lb\u00e9rn\u00f6veked\u00e9s is lehet.","inLanguage":"hu-HU","isPartOf":{"@id":"https:\/\/allasorias.hu\/hirek\/#website"},"breadcrumb":{"@id":"https:\/\/allasorias.hu\/hirek\/targyalnak-a-beremelesekrol\/#breadcrumblist"},"author":{"@id":"https:\/\/allasorias.hu\/hirek\/author\/admin-allasorias\/#author"},"creator":{"@id":"https:\/\/allasorias.hu\/hirek\/author\/admin-allasorias\/#author"},"image":{"@type":"ImageObject","url":"https:\/\/allasorias.hu\/hirek\/wp-content\/uploads\/2023\/10\/beremeles-targyalas.jpg","@id":"https:\/\/allasorias.hu\/hirek\/targyalnak-a-beremelesekrol\/#mainImage","width":1280,"height":853,"caption":"T\u00e1rgyalnak a b\u00e9remel\u00e9sekr\u0151l - Allasorias.hu\/Hirek"},"primaryImageOfPage":{"@id":"https:\/\/allasorias.hu\/hirek\/targyalnak-a-beremelesekrol\/#mainImage"},"datePublished":"2023-10-11T12:56:17+02:00","dateModified":"2023-10-11T12:58:52+02:00"},{"@type":"WebSite","@id":"https:\/\/allasorias.hu\/hirek\/#website","url":"https:\/\/allasorias.hu\/hirek\/","name":"AllasOrias.hu | H\u00edrek-lapszemle","description":"\u00dczleti h\u00edrek az \u00e1ll\u00e1s \u00e9s a munka vil\u00e1g\u00e1b\u00f3l","inLanguage":"hu-HU","publisher":{"@id":"https:\/\/allasorias.hu\/hirek\/#organization"}}]},"og:locale":"hu_HU","og:site_name":"AllasOrias.hu | H\u00edrek-lapszemle | \u00dczleti h\u00edrek az \u00e1ll\u00e1s \u00e9s a munka vil\u00e1g\u00e1b\u00f3l","og:type":"article","og:title":"T\u00e1rgyalnak a b\u00e9remel\u00e9sekr\u0151l | Allasorias.hu\/Hirek","og:description":"A gazdas\u00e1gfejleszt\u00e9si miniszter t\u00f6bbek k\u00f6z\u00f6tt arr\u00f3l is besz\u00e9lt, hogy j\u00f6v\u0151re 4-5 sz\u00e1zal\u00e9kos, vagy af\u00f6l\u00f6tti re\u00e1lb\u00e9rn\u00f6veked\u00e9s is lehet.","og:url":"https:\/\/allasorias.hu\/hirek\/targyalnak-a-beremelesekrol\/","og:image":"https:\/\/allasorias.hu\/hirek\/wp-content\/uploads\/2023\/10\/beremeles-targyalas.jpg","og:image:secure_url":"https:\/\/allasorias.hu\/hirek\/wp-content\/uploads\/2023\/10\/beremeles-targyalas.jpg","og:image:width":1280,"og:image:height":853,"article:published_time":"2023-10-11T10:56:17+00:00","article:modified_time":"2023-10-11T10:58:52+00:00","article:publisher":"https:\/\/www.facebook.com\/allasorias","twitter:card":"summary_large_image","twitter:title":"T\u00e1rgyalnak a b\u00e9remel\u00e9sekr\u0151l | Allasorias.hu\/Hirek","twitter:description":"A gazdas\u00e1gfejleszt\u00e9si miniszter t\u00f6bbek k\u00f6z\u00f6tt arr\u00f3l is besz\u00e9lt, hogy j\u00f6v\u0151re 4-5 sz\u00e1zal\u00e9kos, vagy af\u00f6l\u00f6tti re\u00e1lb\u00e9rn\u00f6veked\u00e9s is lehet.","twitter:image":"https:\/\/allasorias.hu\/hirek\/wp-content\/uploads\/2023\/10\/beremeles-targyalas.jpg","twitter:label1":"Written by","twitter:data1":"Juh\u00e1sz P\u00e9ter","twitter:label2":"Est. reading time","twitter:data2":"1 minute"},"aioseo_meta_data":{"post_id":"6882","title":"#post_title | Allasorias.hu\/Hirek","description":"A gazdas\u00e1gfejleszt\u00e9si miniszter t\u00f6bbek k\u00f6z\u00f6tt arr\u00f3l is besz\u00e9lt, hogy j\u00f6v\u0151re 4-5 sz\u00e1zal\u00e9kos, vagy af\u00f6l\u00f6tti re\u00e1lb\u00e9rn\u00f6veked\u00e9s is lehet.","keywords":[],"keyphrases":{"focus":{"keyphrase":"","score":0,"analysis":{"keyphraseInTitle":{"score":0,"maxScore":9,"error":1}}},"additional":[]},"primary_term":null,"canonical_url":null,"og_title":null,"og_description":null,"og_object_type":"default","og_image_type":"default","og_image_url":null,"og_image_width":null,"og_image_height":null,"og_image_custom_url":null,"og_image_custom_fields":null,"og_video":"","og_custom_url":null,"og_article_section":null,"og_article_tags":[],"twitter_use_og":true,"twitter_card":"default","twitter_image_type":"default","twitter_image_url":null,"twitter_image_custom_url":null,"twitter_image_custom_fields":null,"twitter_title":null,"twitter_description":null,"schema":{"blockGraphs":[],"customGraphs":[],"default":{"data":{"Article":[],"Course":[],"Dataset":[],"FAQPage":[],"Movie":[],"Person":[],"Product":[],"ProductReview":[],"Car":[],"Recipe":[],"Service":[],"SoftwareApplication":[],"WebPage":[]},"graphName":"Article","isEnabled":true},"graphs":[]},"schema_type":"default","schema_type_options":null,"pillar_content":false,"robots_default":true,"robots_noindex":false,"robots_noarchive":false,"robots_nosnippet":false,"robots_nofollow":false,"robots_noimageindex":false,"robots_noodp":false,"robots_notranslate":false,"robots_max_snippet":"-1","robots_max_videopreview":"-1","robots_max_imagepreview":"large","priority":null,"frequency":"default","location":null,"local_seo":null,"breadcrumb_settings":null,"limit_modified_date":false,"ai":null,"created":"2023-10-11 10:42:14","updated":"2025-10-02 19:08:31","seo_analyzer_scan_date":null,"focus_keyword":null,"additional_keywords":null,"truseo_locale":null},"aioseo_breadcrumb":"<div class=\"aioseo-breadcrumbs\"><span class=\"aioseo-breadcrumb\">\n\t\t\t<a href=\"https:\/\/allasorias.hu\/hirek\" title=\"Home\">Home<\/a>\n\t\t<\/span><span class=\"aioseo-breadcrumb-separator\">&raquo;<\/span><span class=\"aioseo-breadcrumb\">\n\t\t\t<a href=\"https:\/\/allasorias.hu\/hirek\/temak\/gazdasag\/\" title=\"Gazdas\u00e1g\">Gazdas\u00e1g<\/a>\n\t\t<\/span><span class=\"aioseo-breadcrumb-separator\">&raquo;<\/span><span class=\"aioseo-breadcrumb\">\n\t\t\tT\u00e1rgyalnak a b\u00e9remel\u00e9sekr\u0151l\n\t\t<\/span><\/div>","aioseo_breadcrumb_json":[{"label":"Home","link":"https:\/\/allasorias.hu\/hirek"},{"label":"Gazdas\u00e1g","link":"https:\/\/allasorias.hu\/hirek\/temak\/gazdasag\/"},{"label":"T\u00e1rgyalnak a b\u00e9remel\u00e9sekr\u0151l","link":"https:\/\/allasorias.hu\/hirek\/targyalnak-a-beremelesekrol\/"}],"_links":{"self":[{"href":"https:\/\/allasorias.hu\/hirek\/wp-json\/wp\/v2\/posts\/6882","targetHints":{"allow":["GET"]}}],"collection":[{"href":"https:\/\/allasorias.hu\/hirek\/wp-json\/wp\/v2\/posts"}],"about":[{"href":"https:\/\/allasorias.hu\/hirek\/wp-json\/wp\/v2\/types\/post"}],"author":[{"embeddable":true,"href":"https:\/\/allasorias.hu\/hirek\/wp-json\/wp\/v2\/users\/1"}],"replies":[{"embeddable":true,"href":"https:\/\/allasorias.hu\/hirek\/wp-json\/wp\/v2\/comments?post=6882"}],"version-history":[{"count":3,"href":"https:\/\/allasorias.hu\/hirek\/wp-json\/wp\/v2\/posts\/6882\/revisions"}],"predecessor-version":[{"id":6885,"href":"https:\/\/allasorias.hu\/hirek\/wp-json\/wp\/v2\/posts\/6882\/revisions\/6885"}],"wp:featuredmedia":[{"embeddable":true,"href":"https:\/\/allasorias.hu\/hirek\/wp-json\/wp\/v2\/media\/6886"}],"wp:attachment":[{"href":"https:\/\/allasorias.hu\/hirek\/wp-json\/wp\/v2\/media?parent=6882"}],"wp:term":[{"taxonomy":"category","embeddable":true,"href":"https:\/\/allasorias.hu\/hirek\/wp-json\/wp\/v2\/categories?post=6882"},{"taxonomy":"post_tag","embeddable":true,"href":"https:\/\/allasorias.hu\/hirek\/wp-json\/wp\/v2\/tags?post=6882"}],"curies":[{"name":"wp","href":"https:\/\/api.w.org\/{rel}","templated":true}]}}