{"id":6878,"date":"2023-10-10T08:57:26","date_gmt":"2023-10-10T06:57:26","guid":{"rendered":"https:\/\/allasorias.hu\/hirek\/?p=6878"},"modified":"2023-10-10T08:59:20","modified_gmt":"2023-10-10T06:59:20","slug":"nem-talalkozik-a-munkavallalok-es-a-munkaadok-velemenye-a-jovot-illetoen","status":"publish","type":"post","link":"https:\/\/allasorias.hu\/hirek\/nem-talalkozik-a-munkavallalok-es-a-munkaadok-velemenye-a-jovot-illetoen\/","title":{"rendered":"Nem tal\u00e1lkozik a munkav\u00e1llal\u00f3k \u00e9s a munkaad\u00f3k v\u00e9lem\u00e9nye a j\u00f6v\u0151t illet\u0151en"},"content":{"rendered":"<p><strong>Az alkalmazottak alig 54 sz\u00e1zal\u00e9ka \u00e9rt egyet azzal a kijelent\u00e9ssel, hogy a vezet\u0151k t\u00f6r\u0151dnek a beosztottjaikkal, mik\u00f6zben a d\u00f6nt\u00e9shoz\u00f3k 76 sz\u00e1zal\u00e9ka igaznak tekinti ezt az \u00e1ll\u00edt\u00e1st \u2013 der\u00fcl ki egy felm\u00e9r\u00e9sb\u0151l.<\/strong><\/p>\n<p>Minden harmadik munkav\u00e1llal\u00f3 nagy val\u00f3sz\u00edn\u0171s\u00e9ggel fel fog mondani a k\u00f6vetkez\u0151 egy \u00e9vben, mik\u00f6zben a c\u00e9gek arra sz\u00e1m\u00edtanak, hogy k\u00f6nnyebb lesz megtartani a koll\u00e9g\u00e1kat a jelenlegi gazdas\u00e1gi helyzetben \u2013 der\u00fcl ki egy friss kutat\u00e1sb\u00f3l. \u00c1ll\u00e1st v\u00e1ltoztatna a k\u00f6vetkez\u0151 egy \u00e9vben a dolgoz\u00f3k 35 sz\u00e1zal\u00e9ka, mik\u00f6zben a munk\u00e1ltat\u00f3k k\u00f6zel k\u00e9tharmada (58%) \u00fagy gondolja, hogy a lassul\u00f3 gazdas\u00e1gi n\u00f6veked\u00e9s hat\u00e1s\u00e1ra kevesebben mondanak majd fel \u2013 mutat r\u00e1 az EY glob\u00e1lis kutat\u00e1sa.<\/p>\n<h2>A\u00a0 bej\u00e1r\u00e1s is gondot okoz<\/h2>\n<p><a href=\"https:\/\/allasorias.hu\/hirek\/a-rugalmassagot-preferaljak-a-munkavallalok\/\">A rugalmas munkav\u00e9gz\u00e9s felt\u00e9telei is fesz\u00fclts\u00e9get keltenek<\/a> a vezet\u0151k \u00e9s az alkalmazottak k\u00f6z\u00f6tt, az irodai dolgoz\u00f3k ugyanis csup\u00e1n heti egyszer j\u00e1rn\u00e1nak be a c\u00e9g\u00fckh\u00f6z. A v\u00e1llalatok jellemz\u0151en al\u00e1becs\u00fclik a koll\u00e9g\u00e1k lehet\u0151s\u00e9geit a munkaer\u0151piacon \u2013 hangs\u00falyozta Farkas Margit, az EY munkaer\u0151- \u00e9s emberi er\u0151forr\u00e1ssal foglalkoz\u00f3 ter\u00fclet\u00e9nek partnere. A szakember hozz\u00e1tette, hogy a dolgoz\u00f3k j\u00f3ll\u00e9te ma kritikusan fontos ahhoz, hogy a c\u00e9gek kontroll\u00e1lni tudj\u00e1k a fluktu\u00e1ci\u00f3t.<\/p>\n<p>Ebben kulcsszerepe van a szervezeti kult\u00far\u00e1nak \u00e9s az emberk\u00f6zpont\u00fa vezet\u00e9snek, amit ak\u00e1r r\u00f6vid t\u00e1von is eredm\u00e9nyesen lehet fejleszteni. Azok ugyanis, akik \u00e9rzik a megbecs\u00fcl\u00e9st \u00e9s a bizalmat sokkal kisebb es\u00e9llyel fognak v\u00e1ltani. A munk\u00e1ltat\u00f3k \u00e9s a munkav\u00e1llal\u00f3k k\u00f6z\u00f6tt azonban fontos k\u00e9rd\u00e9sekben hatalmas n\u00e9zetelt\u00e9r\u00e9sek vannak. Az EY felm\u00e9r\u00e9se szerint az alkalmazottak alig 54 sz\u00e1zal\u00e9ka \u00e9rt egyet azzal a kijelent\u00e9ssel, hogy a vezet\u0151k t\u00f6r\u0151dnek a beosztottjaikkal, mik\u00f6zben a d\u00f6nt\u00e9shoz\u00f3k 76 sz\u00e1zal\u00e9ka igaznak tekinti ezt az \u00e1ll\u00edt\u00e1st.<\/p>\n<p>Hasonl\u00f3 a helyzet, ha azt n\u00e9zz\u00fck, \u00e9rzik-e a megbecs\u00fcl\u00e9st a dolgoz\u00f3k (64% vs 81%) vagy azt, nincsenek-e t\u00falterhelve (61% vs 82%). A megk\u00e9rdezett szervezetek vezet\u0151i teh\u00e1t jelent\u0151sen jobbnak l\u00e1tj\u00e1k a helyzetet, mint ahogyan azt a koll\u00e9g\u00e1ik meg\u00e9lik. A foglalkoztat\u00f3k \u00e9s a szellemi munk\u00e1t v\u00e9gz\u0151 alkalmazottak ig\u00e9nyei a t\u00e1vmunk\u00e1val kapcsolatban is mer\u0151ben elt\u00e9rnek. A munkav\u00e1llal\u00f3k fele (50%) maximum egy napot t\u00f6ltene az irod\u00e1ban egy h\u00e9ten, mik\u00f6zben a munk\u00e1ltat\u00f3k nagy r\u00e9sze (47%) legal\u00e1bb heti k\u00e9t-h\u00e1rom napot prefer\u00e1l.<\/p>\n<p>Forr\u00e1s: <a href=\"https:\/\/www.hellovidek.hu\/gazdasag\/2023\/10\/09\/kulonos-dolog-zajlik-a-munkaeropiacon-ezt-tervezik-a-munkavallalok\" target=\"_blank\" rel=\"nofollow noopener noreferrer\">hellovidek.hu<\/a><\/p>\n","protected":false},"excerpt":{"rendered":"<p>Az alkalmazottak alig 54 sz\u00e1zal\u00e9ka \u00e9rt egyet azzal a kijelent\u00e9ssel, hogy a vezet\u0151k t\u00f6r\u0151dnek a beosztottjaikkal, mik\u00f6zben a d\u00f6nt\u00e9shoz\u00f3k 76 sz\u00e1zal\u00e9ka igaznak tekinti ezt az \u00e1ll\u00edt\u00e1st \u2013 der\u00fcl ki egy felm\u00e9r\u00e9sb\u0151l. Minden harmadik munkav\u00e1llal\u00f3 nagy val\u00f3sz\u00edn\u0171s\u00e9ggel fel fog mondani a k\u00f6vetkez\u0151 egy \u00e9vben, mik\u00f6zben a c\u00e9gek arra sz\u00e1m\u00edtanak, hogy k\u00f6nnyebb lesz megtartani a koll\u00e9g\u00e1kat a [&hellip;]<\/p>\n","protected":false},"author":1,"featured_media":6879,"comment_status":"open","ping_status":"open","sticky":false,"template":"","format":"standard","meta":{"_monsterinsights_skip_tracking":false,"footnotes":""},"categories":[200],"tags":[213,617,618],"class_list":["post-6878","post","type-post","status-publish","format-standard","has-post-thumbnail","hentry","category-munkaeropiac","tag-felmeres","tag-munkaado","tag-munkavallalo"],"aioseo_notices":[],"aioseo_head":"\n\t\t<!-- All in One SEO 5.0.0.1 - aioseo.com -->\n\t<meta name=\"description\" content=\"Az alkalmazottak alig 54 sz\u00e1zal\u00e9ka gondolja, hogy a vezet\u0151k t\u00f6r\u0151dnek a beosztottjaikkal, mik\u00f6zben a d\u00f6nt\u00e9shoz\u00f3k 76 sz\u00e1zal\u00e9ka igaznak tekinti ezt az \u00e1ll\u00edt\u00e1st.\" \/>\n\t<meta name=\"robots\" content=\"max-image-preview:large\" \/>\n\t<meta name=\"author\" content=\"Juh\u00e1sz P\u00e9ter\"\/>\n\t<meta name=\"keywords\" content=\"felm\u00e9r\u00e9s,munkaad\u00f3,munkav\u00e1llal\u00f3\" \/>\n\t<link rel=\"canonical\" href=\"https:\/\/allasorias.hu\/hirek\/nem-talalkozik-a-munkavallalok-es-a-munkaadok-velemenye-a-jovot-illetoen\/\" \/>\n\t<meta name=\"generator\" content=\"All in One SEO (AIOSEO) 5.0.0.1\" \/>\n\t\t<meta property=\"og:locale\" content=\"hu_HU\" \/>\n\t\t<meta property=\"og:site_name\" content=\"AllasOrias.hu | H\u00edrek-lapszemle | \u00dczleti h\u00edrek az \u00e1ll\u00e1s \u00e9s a munka vil\u00e1g\u00e1b\u00f3l\" \/>\n\t\t<meta property=\"og:type\" content=\"article\" \/>\n\t\t<meta property=\"og:title\" content=\"Nem tal\u00e1lkozik a munkav\u00e1llal\u00f3k \u00e9s a munkaad\u00f3k v\u00e9lem\u00e9nye\" \/>\n\t\t<meta property=\"og:description\" content=\"Az alkalmazottak alig 54 sz\u00e1zal\u00e9ka gondolja, hogy a vezet\u0151k t\u00f6r\u0151dnek a beosztottjaikkal, mik\u00f6zben a d\u00f6nt\u00e9shoz\u00f3k 76 sz\u00e1zal\u00e9ka igaznak tekinti ezt az \u00e1ll\u00edt\u00e1st.\" \/>\n\t\t<meta property=\"og:url\" content=\"https:\/\/allasorias.hu\/hirek\/nem-talalkozik-a-munkavallalok-es-a-munkaadok-velemenye-a-jovot-illetoen\/\" \/>\n\t\t<meta property=\"og:image\" content=\"https:\/\/allasorias.hu\/hirek\/wp-content\/uploads\/2023\/10\/munkaado-munkavallalo-felmeres.jpg\" \/>\n\t\t<meta property=\"og:image:secure_url\" content=\"https:\/\/allasorias.hu\/hirek\/wp-content\/uploads\/2023\/10\/munkaado-munkavallalo-felmeres.jpg\" \/>\n\t\t<meta property=\"og:image:width\" content=\"1280\" \/>\n\t\t<meta property=\"og:image:height\" content=\"853\" \/>\n\t\t<meta property=\"article:published_time\" content=\"2023-10-10T06:57:26+00:00\" \/>\n\t\t<meta property=\"article:modified_time\" content=\"2023-10-10T06:59:20+00:00\" \/>\n\t\t<meta property=\"article:publisher\" content=\"https:\/\/www.facebook.com\/allasorias\" \/>\n\t\t<meta name=\"twitter:card\" content=\"summary_large_image\" \/>\n\t\t<meta name=\"twitter:title\" content=\"Nem tal\u00e1lkozik a munkav\u00e1llal\u00f3k \u00e9s a munkaad\u00f3k v\u00e9lem\u00e9nye\" \/>\n\t\t<meta name=\"twitter:description\" content=\"Az alkalmazottak alig 54 sz\u00e1zal\u00e9ka gondolja, hogy a vezet\u0151k t\u00f6r\u0151dnek a beosztottjaikkal, mik\u00f6zben a d\u00f6nt\u00e9shoz\u00f3k 76 sz\u00e1zal\u00e9ka igaznak tekinti ezt az \u00e1ll\u00edt\u00e1st.\" \/>\n\t\t<meta name=\"twitter:image\" content=\"https:\/\/allasorias.hu\/hirek\/wp-content\/uploads\/2023\/10\/munkaado-munkavallalo-felmeres.jpg\" \/>\n\t\t<meta name=\"twitter:label1\" content=\"Written by\" \/>\n\t\t<meta name=\"twitter:data1\" content=\"Juh\u00e1sz P\u00e9ter\" \/>\n\t\t<meta name=\"twitter:label2\" content=\"Est. reading time\" \/>\n\t\t<meta name=\"twitter:data2\" content=\"2 minutes\" \/>\n\t\t<script type=\"application\/ld+json\" class=\"aioseo-schema\">\n\t\t\t{\"@context\":\"https:\\\/\\\/schema.org\",\"@graph\":[{\"@type\":\"Article\",\"@id\":\"https:\\\/\\\/allasorias.hu\\\/hirek\\\/nem-talalkozik-a-munkavallalok-es-a-munkaadok-velemenye-a-jovot-illetoen\\\/#article\",\"name\":\"Nem tal\\u00e1lkozik a munkav\\u00e1llal\\u00f3k \\u00e9s a munkaad\\u00f3k v\\u00e9lem\\u00e9nye\",\"headline\":\"Nem tal\\u00e1lkozik a munkav\\u00e1llal\\u00f3k \\u00e9s a munkaad\\u00f3k v\\u00e9lem\\u00e9nye a j\\u00f6v\\u0151t illet\\u0151en\",\"author\":{\"@id\":\"https:\\\/\\\/allasorias.hu\\\/hirek\\\/author\\\/admin-allasorias\\\/#author\"},\"publisher\":{\"@id\":\"https:\\\/\\\/allasorias.hu\\\/hirek\\\/#organization\"},\"image\":{\"@type\":\"ImageObject\",\"url\":\"https:\\\/\\\/allasorias.hu\\\/hirek\\\/wp-content\\\/uploads\\\/2023\\\/10\\\/munkaado-munkavallalo-felmeres.jpg\",\"width\":1280,\"height\":853,\"caption\":\"Nem tal\\u00e1lkozik a munkav\\u00e1llal\\u00f3k \\u00e9s a munkaad\\u00f3k v\\u00e9lem\\u00e9nye a j\\u00f6v\\u0151t illet\\u0151en - Allasorias.hu\\\/Hirek\"},\"datePublished\":\"2023-10-10T08:57:26+02:00\",\"dateModified\":\"2023-10-10T08:59:20+02:00\",\"inLanguage\":\"hu-HU\",\"mainEntityOfPage\":{\"@id\":\"https:\\\/\\\/allasorias.hu\\\/hirek\\\/nem-talalkozik-a-munkavallalok-es-a-munkaadok-velemenye-a-jovot-illetoen\\\/#webpage\"},\"isPartOf\":{\"@id\":\"https:\\\/\\\/allasorias.hu\\\/hirek\\\/nem-talalkozik-a-munkavallalok-es-a-munkaadok-velemenye-a-jovot-illetoen\\\/#webpage\"},\"articleSection\":\"Munkaer\\u0151piac, Felm\\u00e9r\\u00e9s, munkaad\\u00f3, munkav\\u00e1llal\\u00f3\"},{\"@type\":\"BreadcrumbList\",\"@id\":\"https:\\\/\\\/allasorias.hu\\\/hirek\\\/nem-talalkozik-a-munkavallalok-es-a-munkaadok-velemenye-a-jovot-illetoen\\\/#breadcrumblist\",\"itemListElement\":[{\"@type\":\"ListItem\",\"@id\":\"https:\\\/\\\/allasorias.hu\\\/hirek#listItem\",\"position\":1,\"name\":\"Home\",\"item\":\"https:\\\/\\\/allasorias.hu\\\/hirek\",\"nextItem\":{\"@type\":\"ListItem\",\"@id\":\"https:\\\/\\\/allasorias.hu\\\/hirek\\\/temak\\\/munkaeropiac\\\/#listItem\",\"name\":\"Munkaer\\u0151piac\"}},{\"@type\":\"ListItem\",\"@id\":\"https:\\\/\\\/allasorias.hu\\\/hirek\\\/temak\\\/munkaeropiac\\\/#listItem\",\"position\":2,\"name\":\"Munkaer\\u0151piac\",\"item\":\"https:\\\/\\\/allasorias.hu\\\/hirek\\\/temak\\\/munkaeropiac\\\/\",\"nextItem\":{\"@type\":\"ListItem\",\"@id\":\"https:\\\/\\\/allasorias.hu\\\/hirek\\\/nem-talalkozik-a-munkavallalok-es-a-munkaadok-velemenye-a-jovot-illetoen\\\/#listItem\",\"name\":\"Nem tal\\u00e1lkozik a munkav\\u00e1llal\\u00f3k \\u00e9s a munkaad\\u00f3k v\\u00e9lem\\u00e9nye a j\\u00f6v\\u0151t illet\\u0151en\"},\"previousItem\":{\"@type\":\"ListItem\",\"@id\":\"https:\\\/\\\/allasorias.hu\\\/hirek#listItem\",\"name\":\"Home\"}},{\"@type\":\"ListItem\",\"@id\":\"https:\\\/\\\/allasorias.hu\\\/hirek\\\/nem-talalkozik-a-munkavallalok-es-a-munkaadok-velemenye-a-jovot-illetoen\\\/#listItem\",\"position\":3,\"name\":\"Nem tal\\u00e1lkozik a munkav\\u00e1llal\\u00f3k \\u00e9s a munkaad\\u00f3k v\\u00e9lem\\u00e9nye a j\\u00f6v\\u0151t illet\\u0151en\",\"previousItem\":{\"@type\":\"ListItem\",\"@id\":\"https:\\\/\\\/allasorias.hu\\\/hirek\\\/temak\\\/munkaeropiac\\\/#listItem\",\"name\":\"Munkaer\\u0151piac\"}}]},{\"@type\":\"Organization\",\"@id\":\"https:\\\/\\\/allasorias.hu\\\/hirek\\\/#organization\",\"name\":\"AllasOrias.hu | H\\u00edrek-lapszemle\",\"description\":\"\\u00dczleti h\\u00edrek az \\u00e1ll\\u00e1s \\u00e9s a munka vil\\u00e1g\\u00e1b\\u00f3l\",\"url\":\"https:\\\/\\\/allasorias.hu\\\/hirek\\\/\",\"logo\":{\"@type\":\"ImageObject\",\"url\":\"https:\\\/\\\/allasorias.hu\\\/hirek\\\/wp-content\\\/uploads\\\/2022\\\/10\\\/allasorias_site_facebok_logo.png\",\"@id\":\"https:\\\/\\\/allasorias.hu\\\/hirek\\\/nem-talalkozik-a-munkavallalok-es-a-munkaadok-velemenye-a-jovot-illetoen\\\/#organizationLogo\"},\"image\":{\"@id\":\"https:\\\/\\\/allasorias.hu\\\/hirek\\\/nem-talalkozik-a-munkavallalok-es-a-munkaadok-velemenye-a-jovot-illetoen\\\/#organizationLogo\"},\"sameAs\":[\"https:\\\/\\\/www.facebook.com\\\/allasorias\",\"https:\\\/\\\/www.linkedin.com\\\/company\\\/allasorias\"]},{\"@type\":\"Person\",\"@id\":\"https:\\\/\\\/allasorias.hu\\\/hirek\\\/author\\\/admin-allasorias\\\/#author\",\"url\":\"https:\\\/\\\/allasorias.hu\\\/hirek\\\/author\\\/admin-allasorias\\\/\",\"name\":\"Juh\\u00e1sz P\\u00e9ter\",\"image\":{\"@type\":\"ImageObject\",\"@id\":\"https:\\\/\\\/allasorias.hu\\\/hirek\\\/nem-talalkozik-a-munkavallalok-es-a-munkaadok-velemenye-a-jovot-illetoen\\\/#authorImage\",\"url\":\"https:\\\/\\\/secure.gravatar.com\\\/avatar\\\/36e6bcb83148978b992977cb0f54d22feb0cce8a0a849a9410532bb2623ba4c6?s=96&d=mm&r=g\",\"width\":96,\"height\":96,\"caption\":\"Juh\\u00e1sz P\\u00e9ter\"}},{\"@type\":\"WebPage\",\"@id\":\"https:\\\/\\\/allasorias.hu\\\/hirek\\\/nem-talalkozik-a-munkavallalok-es-a-munkaadok-velemenye-a-jovot-illetoen\\\/#webpage\",\"url\":\"https:\\\/\\\/allasorias.hu\\\/hirek\\\/nem-talalkozik-a-munkavallalok-es-a-munkaadok-velemenye-a-jovot-illetoen\\\/\",\"name\":\"Nem tal\\u00e1lkozik a munkav\\u00e1llal\\u00f3k \\u00e9s a munkaad\\u00f3k v\\u00e9lem\\u00e9nye\",\"description\":\"Az alkalmazottak alig 54 sz\\u00e1zal\\u00e9ka gondolja, hogy a vezet\\u0151k t\\u00f6r\\u0151dnek a beosztottjaikkal, mik\\u00f6zben a d\\u00f6nt\\u00e9shoz\\u00f3k 76 sz\\u00e1zal\\u00e9ka igaznak tekinti ezt az \\u00e1ll\\u00edt\\u00e1st.\",\"inLanguage\":\"hu-HU\",\"isPartOf\":{\"@id\":\"https:\\\/\\\/allasorias.hu\\\/hirek\\\/#website\"},\"breadcrumb\":{\"@id\":\"https:\\\/\\\/allasorias.hu\\\/hirek\\\/nem-talalkozik-a-munkavallalok-es-a-munkaadok-velemenye-a-jovot-illetoen\\\/#breadcrumblist\"},\"author\":{\"@id\":\"https:\\\/\\\/allasorias.hu\\\/hirek\\\/author\\\/admin-allasorias\\\/#author\"},\"creator\":{\"@id\":\"https:\\\/\\\/allasorias.hu\\\/hirek\\\/author\\\/admin-allasorias\\\/#author\"},\"image\":{\"@type\":\"ImageObject\",\"url\":\"https:\\\/\\\/allasorias.hu\\\/hirek\\\/wp-content\\\/uploads\\\/2023\\\/10\\\/munkaado-munkavallalo-felmeres.jpg\",\"@id\":\"https:\\\/\\\/allasorias.hu\\\/hirek\\\/nem-talalkozik-a-munkavallalok-es-a-munkaadok-velemenye-a-jovot-illetoen\\\/#mainImage\",\"width\":1280,\"height\":853,\"caption\":\"Nem tal\\u00e1lkozik a munkav\\u00e1llal\\u00f3k \\u00e9s a munkaad\\u00f3k v\\u00e9lem\\u00e9nye a j\\u00f6v\\u0151t illet\\u0151en - Allasorias.hu\\\/Hirek\"},\"primaryImageOfPage\":{\"@id\":\"https:\\\/\\\/allasorias.hu\\\/hirek\\\/nem-talalkozik-a-munkavallalok-es-a-munkaadok-velemenye-a-jovot-illetoen\\\/#mainImage\"},\"datePublished\":\"2023-10-10T08:57:26+02:00\",\"dateModified\":\"2023-10-10T08:59:20+02:00\"},{\"@type\":\"WebSite\",\"@id\":\"https:\\\/\\\/allasorias.hu\\\/hirek\\\/#website\",\"url\":\"https:\\\/\\\/allasorias.hu\\\/hirek\\\/\",\"name\":\"AllasOrias.hu | H\\u00edrek-lapszemle\",\"description\":\"\\u00dczleti h\\u00edrek az \\u00e1ll\\u00e1s \\u00e9s a munka vil\\u00e1g\\u00e1b\\u00f3l\",\"inLanguage\":\"hu-HU\",\"publisher\":{\"@id\":\"https:\\\/\\\/allasorias.hu\\\/hirek\\\/#organization\"}}]}\n\t\t<\/script>\n\t\t<!-- All in One SEO -->\n\n","aioseo_head_json":{"title":"Nem tal\u00e1lkozik a munkav\u00e1llal\u00f3k \u00e9s a munkaad\u00f3k v\u00e9lem\u00e9nye","description":"Az alkalmazottak alig 54 sz\u00e1zal\u00e9ka gondolja, hogy a vezet\u0151k t\u00f6r\u0151dnek a beosztottjaikkal, mik\u00f6zben a d\u00f6nt\u00e9shoz\u00f3k 76 sz\u00e1zal\u00e9ka igaznak tekinti ezt az \u00e1ll\u00edt\u00e1st.","canonical_url":"https:\/\/allasorias.hu\/hirek\/nem-talalkozik-a-munkavallalok-es-a-munkaadok-velemenye-a-jovot-illetoen\/","robots":"max-image-preview:large","keywords":"felm\u00e9r\u00e9s,munkaad\u00f3,munkav\u00e1llal\u00f3","webmasterTools":{"miscellaneous":""},"schema":{"@context":"https:\/\/schema.org","@graph":[{"@type":"Article","@id":"https:\/\/allasorias.hu\/hirek\/nem-talalkozik-a-munkavallalok-es-a-munkaadok-velemenye-a-jovot-illetoen\/#article","name":"Nem tal\u00e1lkozik a munkav\u00e1llal\u00f3k \u00e9s a munkaad\u00f3k v\u00e9lem\u00e9nye","headline":"Nem tal\u00e1lkozik a munkav\u00e1llal\u00f3k \u00e9s a munkaad\u00f3k v\u00e9lem\u00e9nye a j\u00f6v\u0151t illet\u0151en","author":{"@id":"https:\/\/allasorias.hu\/hirek\/author\/admin-allasorias\/#author"},"publisher":{"@id":"https:\/\/allasorias.hu\/hirek\/#organization"},"image":{"@type":"ImageObject","url":"https:\/\/allasorias.hu\/hirek\/wp-content\/uploads\/2023\/10\/munkaado-munkavallalo-felmeres.jpg","width":1280,"height":853,"caption":"Nem tal\u00e1lkozik a munkav\u00e1llal\u00f3k \u00e9s a munkaad\u00f3k v\u00e9lem\u00e9nye a j\u00f6v\u0151t illet\u0151en - Allasorias.hu\/Hirek"},"datePublished":"2023-10-10T08:57:26+02:00","dateModified":"2023-10-10T08:59:20+02:00","inLanguage":"hu-HU","mainEntityOfPage":{"@id":"https:\/\/allasorias.hu\/hirek\/nem-talalkozik-a-munkavallalok-es-a-munkaadok-velemenye-a-jovot-illetoen\/#webpage"},"isPartOf":{"@id":"https:\/\/allasorias.hu\/hirek\/nem-talalkozik-a-munkavallalok-es-a-munkaadok-velemenye-a-jovot-illetoen\/#webpage"},"articleSection":"Munkaer\u0151piac, Felm\u00e9r\u00e9s, munkaad\u00f3, munkav\u00e1llal\u00f3"},{"@type":"BreadcrumbList","@id":"https:\/\/allasorias.hu\/hirek\/nem-talalkozik-a-munkavallalok-es-a-munkaadok-velemenye-a-jovot-illetoen\/#breadcrumblist","itemListElement":[{"@type":"ListItem","@id":"https:\/\/allasorias.hu\/hirek#listItem","position":1,"name":"Home","item":"https:\/\/allasorias.hu\/hirek","nextItem":{"@type":"ListItem","@id":"https:\/\/allasorias.hu\/hirek\/temak\/munkaeropiac\/#listItem","name":"Munkaer\u0151piac"}},{"@type":"ListItem","@id":"https:\/\/allasorias.hu\/hirek\/temak\/munkaeropiac\/#listItem","position":2,"name":"Munkaer\u0151piac","item":"https:\/\/allasorias.hu\/hirek\/temak\/munkaeropiac\/","nextItem":{"@type":"ListItem","@id":"https:\/\/allasorias.hu\/hirek\/nem-talalkozik-a-munkavallalok-es-a-munkaadok-velemenye-a-jovot-illetoen\/#listItem","name":"Nem tal\u00e1lkozik a munkav\u00e1llal\u00f3k \u00e9s a munkaad\u00f3k v\u00e9lem\u00e9nye a j\u00f6v\u0151t illet\u0151en"},"previousItem":{"@type":"ListItem","@id":"https:\/\/allasorias.hu\/hirek#listItem","name":"Home"}},{"@type":"ListItem","@id":"https:\/\/allasorias.hu\/hirek\/nem-talalkozik-a-munkavallalok-es-a-munkaadok-velemenye-a-jovot-illetoen\/#listItem","position":3,"name":"Nem tal\u00e1lkozik a munkav\u00e1llal\u00f3k \u00e9s a munkaad\u00f3k v\u00e9lem\u00e9nye a j\u00f6v\u0151t illet\u0151en","previousItem":{"@type":"ListItem","@id":"https:\/\/allasorias.hu\/hirek\/temak\/munkaeropiac\/#listItem","name":"Munkaer\u0151piac"}}]},{"@type":"Organization","@id":"https:\/\/allasorias.hu\/hirek\/#organization","name":"AllasOrias.hu | H\u00edrek-lapszemle","description":"\u00dczleti h\u00edrek az \u00e1ll\u00e1s \u00e9s a munka vil\u00e1g\u00e1b\u00f3l","url":"https:\/\/allasorias.hu\/hirek\/","logo":{"@type":"ImageObject","url":"https:\/\/allasorias.hu\/hirek\/wp-content\/uploads\/2022\/10\/allasorias_site_facebok_logo.png","@id":"https:\/\/allasorias.hu\/hirek\/nem-talalkozik-a-munkavallalok-es-a-munkaadok-velemenye-a-jovot-illetoen\/#organizationLogo"},"image":{"@id":"https:\/\/allasorias.hu\/hirek\/nem-talalkozik-a-munkavallalok-es-a-munkaadok-velemenye-a-jovot-illetoen\/#organizationLogo"},"sameAs":["https:\/\/www.facebook.com\/allasorias","https:\/\/www.linkedin.com\/company\/allasorias"]},{"@type":"Person","@id":"https:\/\/allasorias.hu\/hirek\/author\/admin-allasorias\/#author","url":"https:\/\/allasorias.hu\/hirek\/author\/admin-allasorias\/","name":"Juh\u00e1sz P\u00e9ter","image":{"@type":"ImageObject","@id":"https:\/\/allasorias.hu\/hirek\/nem-talalkozik-a-munkavallalok-es-a-munkaadok-velemenye-a-jovot-illetoen\/#authorImage","url":"https:\/\/secure.gravatar.com\/avatar\/36e6bcb83148978b992977cb0f54d22feb0cce8a0a849a9410532bb2623ba4c6?s=96&d=mm&r=g","width":96,"height":96,"caption":"Juh\u00e1sz P\u00e9ter"}},{"@type":"WebPage","@id":"https:\/\/allasorias.hu\/hirek\/nem-talalkozik-a-munkavallalok-es-a-munkaadok-velemenye-a-jovot-illetoen\/#webpage","url":"https:\/\/allasorias.hu\/hirek\/nem-talalkozik-a-munkavallalok-es-a-munkaadok-velemenye-a-jovot-illetoen\/","name":"Nem tal\u00e1lkozik a munkav\u00e1llal\u00f3k \u00e9s a munkaad\u00f3k v\u00e9lem\u00e9nye","description":"Az alkalmazottak alig 54 sz\u00e1zal\u00e9ka gondolja, hogy a vezet\u0151k t\u00f6r\u0151dnek a beosztottjaikkal, mik\u00f6zben a d\u00f6nt\u00e9shoz\u00f3k 76 sz\u00e1zal\u00e9ka igaznak tekinti ezt az \u00e1ll\u00edt\u00e1st.","inLanguage":"hu-HU","isPartOf":{"@id":"https:\/\/allasorias.hu\/hirek\/#website"},"breadcrumb":{"@id":"https:\/\/allasorias.hu\/hirek\/nem-talalkozik-a-munkavallalok-es-a-munkaadok-velemenye-a-jovot-illetoen\/#breadcrumblist"},"author":{"@id":"https:\/\/allasorias.hu\/hirek\/author\/admin-allasorias\/#author"},"creator":{"@id":"https:\/\/allasorias.hu\/hirek\/author\/admin-allasorias\/#author"},"image":{"@type":"ImageObject","url":"https:\/\/allasorias.hu\/hirek\/wp-content\/uploads\/2023\/10\/munkaado-munkavallalo-felmeres.jpg","@id":"https:\/\/allasorias.hu\/hirek\/nem-talalkozik-a-munkavallalok-es-a-munkaadok-velemenye-a-jovot-illetoen\/#mainImage","width":1280,"height":853,"caption":"Nem tal\u00e1lkozik a munkav\u00e1llal\u00f3k \u00e9s a munkaad\u00f3k v\u00e9lem\u00e9nye a j\u00f6v\u0151t illet\u0151en - Allasorias.hu\/Hirek"},"primaryImageOfPage":{"@id":"https:\/\/allasorias.hu\/hirek\/nem-talalkozik-a-munkavallalok-es-a-munkaadok-velemenye-a-jovot-illetoen\/#mainImage"},"datePublished":"2023-10-10T08:57:26+02:00","dateModified":"2023-10-10T08:59:20+02:00"},{"@type":"WebSite","@id":"https:\/\/allasorias.hu\/hirek\/#website","url":"https:\/\/allasorias.hu\/hirek\/","name":"AllasOrias.hu | H\u00edrek-lapszemle","description":"\u00dczleti h\u00edrek az \u00e1ll\u00e1s \u00e9s a munka vil\u00e1g\u00e1b\u00f3l","inLanguage":"hu-HU","publisher":{"@id":"https:\/\/allasorias.hu\/hirek\/#organization"}}]},"og:locale":"hu_HU","og:site_name":"AllasOrias.hu | H\u00edrek-lapszemle | \u00dczleti h\u00edrek az \u00e1ll\u00e1s \u00e9s a munka vil\u00e1g\u00e1b\u00f3l","og:type":"article","og:title":"Nem tal\u00e1lkozik a munkav\u00e1llal\u00f3k \u00e9s a munkaad\u00f3k v\u00e9lem\u00e9nye","og:description":"Az alkalmazottak alig 54 sz\u00e1zal\u00e9ka gondolja, hogy a vezet\u0151k t\u00f6r\u0151dnek a beosztottjaikkal, mik\u00f6zben a d\u00f6nt\u00e9shoz\u00f3k 76 sz\u00e1zal\u00e9ka igaznak tekinti ezt az \u00e1ll\u00edt\u00e1st.","og:url":"https:\/\/allasorias.hu\/hirek\/nem-talalkozik-a-munkavallalok-es-a-munkaadok-velemenye-a-jovot-illetoen\/","og:image":"https:\/\/allasorias.hu\/hirek\/wp-content\/uploads\/2023\/10\/munkaado-munkavallalo-felmeres.jpg","og:image:secure_url":"https:\/\/allasorias.hu\/hirek\/wp-content\/uploads\/2023\/10\/munkaado-munkavallalo-felmeres.jpg","og:image:width":1280,"og:image:height":853,"article:published_time":"2023-10-10T06:57:26+00:00","article:modified_time":"2023-10-10T06:59:20+00:00","article:publisher":"https:\/\/www.facebook.com\/allasorias","twitter:card":"summary_large_image","twitter:title":"Nem tal\u00e1lkozik a munkav\u00e1llal\u00f3k \u00e9s a munkaad\u00f3k v\u00e9lem\u00e9nye","twitter:description":"Az alkalmazottak alig 54 sz\u00e1zal\u00e9ka gondolja, hogy a vezet\u0151k t\u00f6r\u0151dnek a beosztottjaikkal, mik\u00f6zben a d\u00f6nt\u00e9shoz\u00f3k 76 sz\u00e1zal\u00e9ka igaznak tekinti ezt az \u00e1ll\u00edt\u00e1st.","twitter:image":"https:\/\/allasorias.hu\/hirek\/wp-content\/uploads\/2023\/10\/munkaado-munkavallalo-felmeres.jpg","twitter:label1":"Written by","twitter:data1":"Juh\u00e1sz P\u00e9ter","twitter:label2":"Est. reading time","twitter:data2":"2 minutes"},"aioseo_meta_data":{"post_id":"6878","title":"Nem tal\u00e1lkozik a munkav\u00e1llal\u00f3k \u00e9s a munkaad\u00f3k v\u00e9lem\u00e9nye","description":"Az alkalmazottak alig 54 sz\u00e1zal\u00e9ka gondolja, hogy a vezet\u0151k t\u00f6r\u0151dnek a beosztottjaikkal, mik\u00f6zben a d\u00f6nt\u00e9shoz\u00f3k 76 sz\u00e1zal\u00e9ka igaznak tekinti ezt az \u00e1ll\u00edt\u00e1st.","keywords":[],"keyphrases":{"focus":{"keyphrase":"","score":0,"analysis":{"keyphraseInTitle":{"score":0,"maxScore":9,"error":1}}},"additional":[]},"primary_term":null,"canonical_url":null,"og_title":null,"og_description":null,"og_object_type":"default","og_image_type":"default","og_image_url":null,"og_image_width":null,"og_image_height":null,"og_image_custom_url":null,"og_image_custom_fields":null,"og_video":"","og_custom_url":null,"og_article_section":null,"og_article_tags":[],"twitter_use_og":true,"twitter_card":"default","twitter_image_type":"default","twitter_image_url":null,"twitter_image_custom_url":null,"twitter_image_custom_fields":null,"twitter_title":null,"twitter_description":null,"schema":{"blockGraphs":[],"customGraphs":[],"default":{"data":{"Article":[],"Course":[],"Dataset":[],"FAQPage":[],"Movie":[],"Person":[],"Product":[],"ProductReview":[],"Car":[],"Recipe":[],"Service":[],"SoftwareApplication":[],"WebPage":[]},"graphName":"Article","isEnabled":true},"graphs":[]},"schema_type":"default","schema_type_options":null,"pillar_content":false,"robots_default":true,"robots_noindex":false,"robots_noarchive":false,"robots_nosnippet":false,"robots_nofollow":false,"robots_noimageindex":false,"robots_noodp":false,"robots_notranslate":false,"robots_max_snippet":"-1","robots_max_videopreview":"-1","robots_max_imagepreview":"large","priority":null,"frequency":"default","location":null,"local_seo":null,"breadcrumb_settings":null,"limit_modified_date":false,"ai":null,"created":"2023-10-10 06:37:41","updated":"2025-10-02 19:07:21","seo_analyzer_scan_date":null,"focus_keyword":null,"additional_keywords":null,"truseo_locale":null},"aioseo_breadcrumb":"<div class=\"aioseo-breadcrumbs\"><span class=\"aioseo-breadcrumb\">\n\t\t\t<a href=\"https:\/\/allasorias.hu\/hirek\" title=\"Home\">Home<\/a>\n\t\t<\/span><span class=\"aioseo-breadcrumb-separator\">&raquo;<\/span><span class=\"aioseo-breadcrumb\">\n\t\t\t<a href=\"https:\/\/allasorias.hu\/hirek\/temak\/munkaeropiac\/\" title=\"Munkaer\u0151piac\">Munkaer\u0151piac<\/a>\n\t\t<\/span><span class=\"aioseo-breadcrumb-separator\">&raquo;<\/span><span class=\"aioseo-breadcrumb\">\n\t\t\tNem tal\u00e1lkozik a munkav\u00e1llal\u00f3k \u00e9s a munkaad\u00f3k v\u00e9lem\u00e9nye a j\u00f6v\u0151t illet\u0151en\n\t\t<\/span><\/div>","aioseo_breadcrumb_json":[{"label":"Home","link":"https:\/\/allasorias.hu\/hirek"},{"label":"Munkaer\u0151piac","link":"https:\/\/allasorias.hu\/hirek\/temak\/munkaeropiac\/"},{"label":"Nem tal\u00e1lkozik a munkav\u00e1llal\u00f3k \u00e9s a munkaad\u00f3k v\u00e9lem\u00e9nye a j\u00f6v\u0151t illet\u0151en","link":"https:\/\/allasorias.hu\/hirek\/nem-talalkozik-a-munkavallalok-es-a-munkaadok-velemenye-a-jovot-illetoen\/"}],"_links":{"self":[{"href":"https:\/\/allasorias.hu\/hirek\/wp-json\/wp\/v2\/posts\/6878","targetHints":{"allow":["GET"]}}],"collection":[{"href":"https:\/\/allasorias.hu\/hirek\/wp-json\/wp\/v2\/posts"}],"about":[{"href":"https:\/\/allasorias.hu\/hirek\/wp-json\/wp\/v2\/types\/post"}],"author":[{"embeddable":true,"href":"https:\/\/allasorias.hu\/hirek\/wp-json\/wp\/v2\/users\/1"}],"replies":[{"embeddable":true,"href":"https:\/\/allasorias.hu\/hirek\/wp-json\/wp\/v2\/comments?post=6878"}],"version-history":[{"count":2,"href":"https:\/\/allasorias.hu\/hirek\/wp-json\/wp\/v2\/posts\/6878\/revisions"}],"predecessor-version":[{"id":6881,"href":"https:\/\/allasorias.hu\/hirek\/wp-json\/wp\/v2\/posts\/6878\/revisions\/6881"}],"wp:featuredmedia":[{"embeddable":true,"href":"https:\/\/allasorias.hu\/hirek\/wp-json\/wp\/v2\/media\/6879"}],"wp:attachment":[{"href":"https:\/\/allasorias.hu\/hirek\/wp-json\/wp\/v2\/media?parent=6878"}],"wp:term":[{"taxonomy":"category","embeddable":true,"href":"https:\/\/allasorias.hu\/hirek\/wp-json\/wp\/v2\/categories?post=6878"},{"taxonomy":"post_tag","embeddable":true,"href":"https:\/\/allasorias.hu\/hirek\/wp-json\/wp\/v2\/tags?post=6878"}],"curies":[{"name":"wp","href":"https:\/\/api.w.org\/{rel}","templated":true}]}}