{"id":6875,"date":"2023-10-09T11:21:46","date_gmt":"2023-10-09T09:21:46","guid":{"rendered":"https:\/\/allasorias.hu\/hirek\/?p=6875"},"modified":"2025-05-09T10:54:13","modified_gmt":"2025-05-09T08:54:13","slug":"ber-es-munkahely-maganelet-egyensulya-a-legfontosabb","status":"publish","type":"post","link":"https:\/\/allasorias.hu\/hirek\/ber-es-munkahely-maganelet-egyensulya-a-legfontosabb\/","title":{"rendered":"B\u00e9r \u00e9s munkahely-mag\u00e1n\u00e9let egyens\u00falya a legfontosabb"},"content":{"rendered":"<p><strong>A megk\u00e9rdezett munkav\u00e1llal\u00f3k t\u00f6bbs\u00e9g\u00e9nek a b\u00e9r a legfontosabb t\u00e9nyez\u0151 a munkahely kiv\u00e1laszt\u00e1sakor, ezt k\u00f6veti a munkahely-mag\u00e1n\u00e9let egyens\u00faly, valamint a szakmai fejl\u0151d\u00e9si lehet\u0151s\u00e9g. Nagy az egyet\u00e9rt\u00e9s a t\u00e9mak\u00f6rben, ugyanis a kit\u00f6lt\u0151k t\u00f6bb mint k\u00e9tharmada ezeket sorolta az els\u0151 h\u00e1rom helyre &#8211;\u00a0 der\u00fclt ki az 54. M\u0171egyetemi \u00c1ll\u00e1sb\u00f6rze szervez\u0151i \u00e1ltal k\u00e9sz\u00edtett felm\u00e9r\u00e9sb\u0151l. <\/strong><\/p>\n<p>\u00c9rdekess\u00e9g, hogy b\u00e1r a c\u00e9gvezet\u0151k szerint a SZ\u00c9P k\u00e1rtya, a lakhat\u00e1si t\u00e1mogat\u00e1s \u00e9s a szakmai tov\u00e1bbk\u00e9pz\u00e9s a legcs\u00e1b\u00edt\u00f3bb juttat\u00e1s, a dolgoz\u00f3k a <strong>mag\u00e1neg\u00e9szs\u00e9g\u00fcgyi ell\u00e1t\u00e1st<\/strong> helyezt\u00e9k a priorlista \u00e9l\u00e9re, csak ezt k\u00f6vette a <strong>tov\u00e1bbk\u00e9pz\u00e9s<\/strong> \u00e9s harmadik helyen a <strong>beutaz\u00e1si t\u00e1mogat\u00e1s<\/strong>. A kutat\u00e1s alapj\u00e1n a juttat\u00e1sokon k\u00edv\u00fcl a munk\u00e1val \u00f6sszef\u00fcgg\u00e9sben is lehet motiv\u00e1lni a munkav\u00e1llal\u00f3kat, m\u00e9ghozz\u00e1 c\u00e9lok kit\u0171z\u00e9s\u00e9vel, felel\u0151ss\u00e9gv\u00e1llal\u00e1ssal \u00e9s fejl\u0151d\u00e9si lehet\u0151s\u00e9gekkel.<\/p>\n<h2>B\u00e9r, munkahely-mag\u00e1n\u00e9let egyens\u00faly<\/h2>\n<p><em>Milyen elv\u00e1r\u00e1saik vannak az \u00e1ll\u00e1skeres\u0151knek egy munkahellyel kapcsolatban? Mit tartanak a legfontosabbnak a munkahelyv\u00e1laszt\u00e1s sor\u00e1n a munk\u00e1ltat\u00f3k, \u00e9s mit a munkav\u00e1llal\u00f3k? Milyen munkahelyi juttat\u00e1sok motiv\u00e1lj\u00e1k az alkalmazottakat? \u00c9s egy\u00e1ltal\u00e1n mit jelent a munkahelyi motiv\u00e1ci\u00f3 a dolgoz\u00f3k sz\u00e1m\u00e1ra?<\/em> Egyebek mellett ezekre a k\u00e9rd\u00e9sekre kerest\u00e9k a v\u00e1laszt t\u00f6bb sz\u00e1z f\u0151 bevon\u00e1s\u00e1val az <a href=\"https:\/\/www.muegyetemiallasborze.hu\/\">54. M\u0171egyetemi \u00c1ll\u00e1sb\u00f6rze<\/a> szervez\u0151i. A megk\u00e9rdezett munkav\u00e1llal\u00f3k t\u00f6bbs\u00e9g\u00e9nek a b\u00e9r a legfontosabb t\u00e9nyez\u0151 a munkahely kiv\u00e1laszt\u00e1sakor, ezt k\u00f6veti a <a href=\"https:\/\/allasorias.hu\/hirek\/allatbarat-irodak-segitik-a-munka-es-maganeleti-egyensulyt\/\">munkahely-mag\u00e1n\u00e9let egyens\u00faly<\/a>, valamint a szakmai fejl\u0151d\u00e9si lehet\u0151s\u00e9g.<\/p>\n<p>Ezzel szemben az adott v\u00e1llalat m\u00e9rete \u00e9s h\u00edrneve a legkev\u00e9sb\u00e9 fontos az \u00e1ll\u00e1skeres\u0151k sz\u00e1m\u00e1ra. A v\u00e1laszad\u00f3k k\u00f6zel negyede kiemelte pluszban a munkahelyi l\u00e9gk\u00f6rt, a csapatot \u00e9s a munkat\u00e1rsak fontoss\u00e1g\u00e1t is. Nagyj\u00e1b\u00f3l hasonl\u00f3 sorrend alakult ki, amikor ugyanerr\u0151l k\u00e9rdezt\u00e9k a munk\u00e1ltat\u00f3kat, vagyis a c\u00e9gvezet\u0151k t\u00falnyom\u00f3 t\u00f6bbs\u00e9ge a kutat\u00e1s alapj\u00e1n tiszt\u00e1ban van vele, hogy milyen ig\u00e9nyeik vannak a dolgoz\u00f3knak.<\/p>\n<p>A list\u00e1n csup\u00e1n egyetlen helyen volt csere a munkav\u00e1llal\u00f3i k\u00e9rd\u0151\u00edv eredm\u00e9nyeihez k\u00e9pest, a t\u00e1vmunka lehet\u0151s\u00e9g\u00e9t ugyanis a munk\u00e1ltat\u00f3k el\u0151r\u00e9bb sorolt\u00e1k, mint a munkav\u00e9gz\u00e9s lok\u00e1ci\u00f3j\u00e1t. A b\u00e9rez\u00e9s k\u00e9rd\u00e9se ugyanakkor j\u00f3val nagyobb ar\u00e1nyban ker\u00fclt az els\u0151 helyre, mint a munkav\u00e1llal\u00f3k eset\u00e9ben. A kutat\u00e1s kit\u00f6lt\u0151inek k\u00f6zel egyharmada szerint a kit\u0171z\u00f6tt c\u00e9lok tudj\u00e1k motiv\u00e1lni a munkahely\u00e9n. A v\u00e1laszad\u00f3k k\u00f6zel negyede szerint a megfelel\u0151 b\u00e9r, \u00e9s a j\u00f3 munkahelyi k\u00f6rnyezet az, ami motiv\u00e1ci\u00f3t tud adni, 10 sz\u00e1zal\u00e9kuk szerint pedig a folyamatos kih\u00edv\u00e1sok tartj\u00e1k lend\u00fcletben \u0151ket.<\/p>\n<h2>Fontos a motiv\u00e1ci\u00f3, de nem tudj\u00e1k hogyan<\/h2>\n<p>A megk\u00e9rdezett c\u00e9gvezet\u0151k 88 sz\u00e1zal\u00e9k\u00e1nak fontos, hogy a munkav\u00e1llal\u00f3i folyamatosan motiv\u00e1ltak legyenek, azt viszont nem siker\u00fclt meghat\u00e1rozniuk, hogy pontosan mivel lehetne ezt el\u00e9rni. Az 54. M\u0171egyetemi \u00c1ll\u00e1sb\u00f6rze szervez\u0151inek felm\u00e9r\u00e9se r\u00e1mutatott, hogy a munkav\u00e1llal\u00f3kat legink\u00e1bb a mag\u00e1neg\u00e9szs\u00e9g\u00fcgyi ell\u00e1t\u00e1s motiv\u00e1lja plusz juttat\u00e1sk\u00e9nt, k\u00f6zvetlen\u00fcl megel\u0151zve a szakmai tov\u00e1bbk\u00e9pz\u00e9st \u00e9s a beutaz\u00e1si t\u00e1mogat\u00e1st. A c\u00e9ges aut\u00f3, a lakhat\u00e1si t\u00e1mogat\u00e1s \u00e9s a SZ\u00c9P k\u00e1rtya lecs\u00faszott a dobog\u00f3r\u00f3l, az utols\u00f3 helyen pedig az \u00f6nk\u00e9ntes p\u00e9nzt\u00e1ri befizet\u00e9s v\u00e9gzett ezen a list\u00e1n.<\/p>\n<p><em>A munk\u00e1ltat\u00f3k ehhez k\u00e9pest azt gondolj\u00e1k, hogy SZ\u00c9P k\u00e1rty\u00e1val, lakhat\u00e1si t\u00e1mogat\u00e1ssal \u00e9s szakmai tov\u00e1bbk\u00e9pz\u00e9ssel lehet motiv\u00e1lni a dolgoz\u00f3ikat<\/em> &#8211; \u0151k a munkav\u00e1llal\u00f3i list\u00e1n harmadik helyre ker\u00fclt beutaz\u00e1si t\u00e1mogat\u00e1st csak a hetedik legfontosabb t\u00e9nyez\u0151nek tartj\u00e1k. A c\u00e9gvezet\u0151k v\u00e9lem\u00e9nye szerint a legkev\u00e9sb\u00e9 motiv\u00e1l\u00f3 t\u00e9nyez\u0151 a munkav\u00e1llal\u00f3i r\u00e9szv\u00e9ny. A munkav\u00e1llal\u00f3k szerint egy\u00e9bk\u00e9nt legink\u00e1bb mindenkinek saj\u00e1t mag\u00e1t\u00f3l f\u00fcgg a motiv\u00e1lts\u00e1ga, ezt k\u00f6veti a sorban a munk\u00e1ltat\u00f3, majd a munkat\u00e1rsak.<\/p>\n<p>A kit\u00f6lt\u0151k 71 sz\u00e1zal\u00e9ka szerint visszaszerezhet\u0151 a motiv\u00e1ci\u00f3, 25 sz\u00e1zal\u00e9k szerint r\u00e9szben, \u00e9s csup\u00e1n 4 sz\u00e1zal\u00e9k szerint nem szerezhet\u0151 vissza az elveszett motiv\u00e1ci\u00f3. Amikor a munk\u00e1ltat\u00f3kat k\u00e9rdezt\u00e9k ugyanerr\u0151l, \u0151k 56 sz\u00e1zal\u00e9kban feleltek \u00fagy, hogy visszaszerezhet\u0151 a motiv\u00e1ci\u00f3, 33 sz\u00e1zal\u00e9kuk szerint csak r\u00e9szben \u00e9s 11 sz\u00e1zal\u00e9kuk szerint nem.<\/p>\n<p>Forr\u00e1s: <a href=\"https:\/\/www.hrportal.hu\/hr\/melyik-a-legfontosabb-juttatas-a-dolgozok-szerint-20231006.html\" target=\"_blank\" rel=\"nofollow noopener noreferrer\">hrportal.hu<\/a><\/p>\n","protected":false},"excerpt":{"rendered":"<p>A megk\u00e9rdezett munkav\u00e1llal\u00f3k t\u00f6bbs\u00e9g\u00e9nek a b\u00e9r a legfontosabb t\u00e9nyez\u0151 a munkahely kiv\u00e1laszt\u00e1sakor, ezt k\u00f6veti a munkahely-mag\u00e1n\u00e9let egyens\u00faly, valamint a szakmai fejl\u0151d\u00e9si lehet\u0151s\u00e9g. Nagy az egyet\u00e9rt\u00e9s a t\u00e9mak\u00f6rben, ugyanis a kit\u00f6lt\u0151k t\u00f6bb mint k\u00e9tharmada ezeket sorolta az els\u0151 h\u00e1rom helyre &#8211;\u00a0 der\u00fclt ki az 54. M\u0171egyetemi \u00c1ll\u00e1sb\u00f6rze szervez\u0151i \u00e1ltal k\u00e9sz\u00edtett felm\u00e9r\u00e9sb\u0151l. \u00c9rdekess\u00e9g, hogy b\u00e1r a c\u00e9gvezet\u0151k [&hellip;]<\/p>\n","protected":false},"author":1,"featured_media":6876,"comment_status":"closed","ping_status":"closed","sticky":false,"template":"","format":"standard","meta":{"_monsterinsights_skip_tracking":false,"footnotes":""},"categories":[200],"tags":[212,616],"class_list":["post-6875","post","type-post","status-publish","format-standard","has-post-thumbnail","hentry","category-munkaeropiac","tag-allasborze","tag-munkahely-maganelet-egyensuly"],"aioseo_notices":[],"aioseo_head":"\n\t\t<!-- All in One SEO 5.0.0.1 - aioseo.com -->\n\t<meta name=\"description\" content=\"A megk\u00e9rdezett munkav\u00e1llal\u00f3k t\u00f6bbs\u00e9g\u00e9nek a b\u00e9r a legfontosabb t\u00e9nyez\u0151 a munkahely kiv\u00e1laszt\u00e1sakor, ezt k\u00f6veti a munkahely-mag\u00e1n\u00e9let egyens\u00faly.\" \/>\n\t<meta name=\"robots\" content=\"max-image-preview:large\" \/>\n\t<meta name=\"author\" content=\"Juh\u00e1sz P\u00e9ter\"\/>\n\t<meta name=\"keywords\" content=\"\u00e1ll\u00e1sb\u00f6rze,munkahely-mag\u00e1n\u00e9let egyens\u00faly\" \/>\n\t<link rel=\"canonical\" href=\"https:\/\/allasorias.hu\/hirek\/ber-es-munkahely-maganelet-egyensulya-a-legfontosabb\/\" \/>\n\t<meta name=\"generator\" content=\"All in One SEO (AIOSEO) 5.0.0.1\" \/>\n\t\t<meta property=\"og:locale\" content=\"hu_HU\" \/>\n\t\t<meta property=\"og:site_name\" content=\"AllasOrias.hu | H\u00edrek-lapszemle | \u00dczleti h\u00edrek az \u00e1ll\u00e1s \u00e9s a munka vil\u00e1g\u00e1b\u00f3l\" \/>\n\t\t<meta property=\"og:type\" content=\"article\" \/>\n\t\t<meta property=\"og:title\" content=\"B\u00e9r \u00e9s munka-mag\u00e1n\u00e9let egyens\u00falya a c\u00e9l\" \/>\n\t\t<meta property=\"og:description\" content=\"A megk\u00e9rdezett munkav\u00e1llal\u00f3k t\u00f6bbs\u00e9g\u00e9nek a b\u00e9r a legfontosabb t\u00e9nyez\u0151 a munkahely kiv\u00e1laszt\u00e1sakor, ezt k\u00f6veti a munkahely-mag\u00e1n\u00e9let egyens\u00faly.\" \/>\n\t\t<meta property=\"og:url\" content=\"https:\/\/allasorias.hu\/hirek\/ber-es-munkahely-maganelet-egyensulya-a-legfontosabb\/\" \/>\n\t\t<meta property=\"og:image\" content=\"https:\/\/allasorias.hu\/hirek\/wp-content\/uploads\/2023\/10\/54.-muegyetemi-allasborze.jpg\" \/>\n\t\t<meta property=\"og:image:secure_url\" content=\"https:\/\/allasorias.hu\/hirek\/wp-content\/uploads\/2023\/10\/54.-muegyetemi-allasborze.jpg\" \/>\n\t\t<meta property=\"og:image:width\" content=\"1280\" \/>\n\t\t<meta property=\"og:image:height\" content=\"854\" \/>\n\t\t<meta property=\"article:published_time\" content=\"2023-10-09T09:21:46+00:00\" \/>\n\t\t<meta property=\"article:modified_time\" content=\"2025-05-09T08:54:13+00:00\" \/>\n\t\t<meta property=\"article:publisher\" content=\"https:\/\/www.facebook.com\/allasorias\" \/>\n\t\t<meta name=\"twitter:card\" content=\"summary_large_image\" \/>\n\t\t<meta name=\"twitter:title\" content=\"B\u00e9r \u00e9s munka-mag\u00e1n\u00e9let egyens\u00falya a c\u00e9l\" \/>\n\t\t<meta name=\"twitter:description\" content=\"A megk\u00e9rdezett munkav\u00e1llal\u00f3k t\u00f6bbs\u00e9g\u00e9nek a b\u00e9r a legfontosabb t\u00e9nyez\u0151 a munkahely kiv\u00e1laszt\u00e1sakor, ezt k\u00f6veti a munkahely-mag\u00e1n\u00e9let egyens\u00faly.\" \/>\n\t\t<meta name=\"twitter:image\" content=\"https:\/\/allasorias.hu\/hirek\/wp-content\/uploads\/2023\/10\/54.-muegyetemi-allasborze.jpg\" \/>\n\t\t<meta name=\"twitter:label1\" content=\"Written by\" \/>\n\t\t<meta name=\"twitter:data1\" content=\"Juh\u00e1sz P\u00e9ter\" \/>\n\t\t<meta name=\"twitter:label2\" content=\"Est. reading time\" \/>\n\t\t<meta name=\"twitter:data2\" content=\"4 minutes\" \/>\n\t\t<script type=\"application\/ld+json\" class=\"aioseo-schema\">\n\t\t\t{\"@context\":\"https:\\\/\\\/schema.org\",\"@graph\":[{\"@type\":\"Article\",\"@id\":\"https:\\\/\\\/allasorias.hu\\\/hirek\\\/ber-es-munkahely-maganelet-egyensulya-a-legfontosabb\\\/#article\",\"name\":\"B\\u00e9r \\u00e9s munka-mag\\u00e1n\\u00e9let egyens\\u00falya a c\\u00e9l\",\"headline\":\"B\\u00e9r \\u00e9s munkahely-mag\\u00e1n\\u00e9let egyens\\u00falya a legfontosabb\",\"author\":{\"@id\":\"https:\\\/\\\/allasorias.hu\\\/hirek\\\/author\\\/admin-allasorias\\\/#author\"},\"publisher\":{\"@id\":\"https:\\\/\\\/allasorias.hu\\\/hirek\\\/#organization\"},\"image\":{\"@type\":\"ImageObject\",\"url\":\"https:\\\/\\\/allasorias.hu\\\/hirek\\\/wp-content\\\/uploads\\\/2023\\\/10\\\/54.-muegyetemi-allasborze.jpg\",\"width\":1280,\"height\":854,\"caption\":\"B\\u00e9r \\u00e9s munkahely-mag\\u00e1n\\u00e9let egyens\\u00falya a legfontosabb - AllasOrias.hu\"},\"datePublished\":\"2023-10-09T11:21:46+02:00\",\"dateModified\":\"2025-05-09T10:54:13+02:00\",\"inLanguage\":\"hu-HU\",\"mainEntityOfPage\":{\"@id\":\"https:\\\/\\\/allasorias.hu\\\/hirek\\\/ber-es-munkahely-maganelet-egyensulya-a-legfontosabb\\\/#webpage\"},\"isPartOf\":{\"@id\":\"https:\\\/\\\/allasorias.hu\\\/hirek\\\/ber-es-munkahely-maganelet-egyensulya-a-legfontosabb\\\/#webpage\"},\"articleSection\":\"Munkaer\\u0151piac, \\u00c1ll\\u00e1sb\\u00f6rze, munkahely-mag\\u00e1n\\u00e9let egyens\\u00faly\"},{\"@type\":\"BreadcrumbList\",\"@id\":\"https:\\\/\\\/allasorias.hu\\\/hirek\\\/ber-es-munkahely-maganelet-egyensulya-a-legfontosabb\\\/#breadcrumblist\",\"itemListElement\":[{\"@type\":\"ListItem\",\"@id\":\"https:\\\/\\\/allasorias.hu\\\/hirek#listItem\",\"position\":1,\"name\":\"Home\",\"item\":\"https:\\\/\\\/allasorias.hu\\\/hirek\",\"nextItem\":{\"@type\":\"ListItem\",\"@id\":\"https:\\\/\\\/allasorias.hu\\\/hirek\\\/temak\\\/munkaeropiac\\\/#listItem\",\"name\":\"Munkaer\\u0151piac\"}},{\"@type\":\"ListItem\",\"@id\":\"https:\\\/\\\/allasorias.hu\\\/hirek\\\/temak\\\/munkaeropiac\\\/#listItem\",\"position\":2,\"name\":\"Munkaer\\u0151piac\",\"item\":\"https:\\\/\\\/allasorias.hu\\\/hirek\\\/temak\\\/munkaeropiac\\\/\",\"nextItem\":{\"@type\":\"ListItem\",\"@id\":\"https:\\\/\\\/allasorias.hu\\\/hirek\\\/ber-es-munkahely-maganelet-egyensulya-a-legfontosabb\\\/#listItem\",\"name\":\"B\\u00e9r \\u00e9s munkahely-mag\\u00e1n\\u00e9let egyens\\u00falya a legfontosabb\"},\"previousItem\":{\"@type\":\"ListItem\",\"@id\":\"https:\\\/\\\/allasorias.hu\\\/hirek#listItem\",\"name\":\"Home\"}},{\"@type\":\"ListItem\",\"@id\":\"https:\\\/\\\/allasorias.hu\\\/hirek\\\/ber-es-munkahely-maganelet-egyensulya-a-legfontosabb\\\/#listItem\",\"position\":3,\"name\":\"B\\u00e9r \\u00e9s munkahely-mag\\u00e1n\\u00e9let egyens\\u00falya a legfontosabb\",\"previousItem\":{\"@type\":\"ListItem\",\"@id\":\"https:\\\/\\\/allasorias.hu\\\/hirek\\\/temak\\\/munkaeropiac\\\/#listItem\",\"name\":\"Munkaer\\u0151piac\"}}]},{\"@type\":\"Organization\",\"@id\":\"https:\\\/\\\/allasorias.hu\\\/hirek\\\/#organization\",\"name\":\"AllasOrias.hu | H\\u00edrek-lapszemle\",\"description\":\"\\u00dczleti h\\u00edrek az \\u00e1ll\\u00e1s \\u00e9s a munka vil\\u00e1g\\u00e1b\\u00f3l\",\"url\":\"https:\\\/\\\/allasorias.hu\\\/hirek\\\/\",\"logo\":{\"@type\":\"ImageObject\",\"url\":\"https:\\\/\\\/allasorias.hu\\\/hirek\\\/wp-content\\\/uploads\\\/2022\\\/10\\\/allasorias_site_facebok_logo.png\",\"@id\":\"https:\\\/\\\/allasorias.hu\\\/hirek\\\/ber-es-munkahely-maganelet-egyensulya-a-legfontosabb\\\/#organizationLogo\"},\"image\":{\"@id\":\"https:\\\/\\\/allasorias.hu\\\/hirek\\\/ber-es-munkahely-maganelet-egyensulya-a-legfontosabb\\\/#organizationLogo\"},\"sameAs\":[\"https:\\\/\\\/www.facebook.com\\\/allasorias\",\"https:\\\/\\\/www.linkedin.com\\\/company\\\/allasorias\"]},{\"@type\":\"Person\",\"@id\":\"https:\\\/\\\/allasorias.hu\\\/hirek\\\/author\\\/admin-allasorias\\\/#author\",\"url\":\"https:\\\/\\\/allasorias.hu\\\/hirek\\\/author\\\/admin-allasorias\\\/\",\"name\":\"Juh\\u00e1sz P\\u00e9ter\",\"image\":{\"@type\":\"ImageObject\",\"@id\":\"https:\\\/\\\/allasorias.hu\\\/hirek\\\/ber-es-munkahely-maganelet-egyensulya-a-legfontosabb\\\/#authorImage\",\"url\":\"https:\\\/\\\/secure.gravatar.com\\\/avatar\\\/36e6bcb83148978b992977cb0f54d22feb0cce8a0a849a9410532bb2623ba4c6?s=96&d=mm&r=g\",\"width\":96,\"height\":96,\"caption\":\"Juh\\u00e1sz P\\u00e9ter\"}},{\"@type\":\"WebPage\",\"@id\":\"https:\\\/\\\/allasorias.hu\\\/hirek\\\/ber-es-munkahely-maganelet-egyensulya-a-legfontosabb\\\/#webpage\",\"url\":\"https:\\\/\\\/allasorias.hu\\\/hirek\\\/ber-es-munkahely-maganelet-egyensulya-a-legfontosabb\\\/\",\"name\":\"B\\u00e9r \\u00e9s munka-mag\\u00e1n\\u00e9let egyens\\u00falya a c\\u00e9l\",\"description\":\"A megk\\u00e9rdezett munkav\\u00e1llal\\u00f3k t\\u00f6bbs\\u00e9g\\u00e9nek a b\\u00e9r a legfontosabb t\\u00e9nyez\\u0151 a munkahely kiv\\u00e1laszt\\u00e1sakor, ezt k\\u00f6veti a munkahely-mag\\u00e1n\\u00e9let egyens\\u00faly.\",\"inLanguage\":\"hu-HU\",\"isPartOf\":{\"@id\":\"https:\\\/\\\/allasorias.hu\\\/hirek\\\/#website\"},\"breadcrumb\":{\"@id\":\"https:\\\/\\\/allasorias.hu\\\/hirek\\\/ber-es-munkahely-maganelet-egyensulya-a-legfontosabb\\\/#breadcrumblist\"},\"author\":{\"@id\":\"https:\\\/\\\/allasorias.hu\\\/hirek\\\/author\\\/admin-allasorias\\\/#author\"},\"creator\":{\"@id\":\"https:\\\/\\\/allasorias.hu\\\/hirek\\\/author\\\/admin-allasorias\\\/#author\"},\"image\":{\"@type\":\"ImageObject\",\"url\":\"https:\\\/\\\/allasorias.hu\\\/hirek\\\/wp-content\\\/uploads\\\/2023\\\/10\\\/54.-muegyetemi-allasborze.jpg\",\"@id\":\"https:\\\/\\\/allasorias.hu\\\/hirek\\\/ber-es-munkahely-maganelet-egyensulya-a-legfontosabb\\\/#mainImage\",\"width\":1280,\"height\":854,\"caption\":\"B\\u00e9r \\u00e9s munkahely-mag\\u00e1n\\u00e9let egyens\\u00falya a legfontosabb - AllasOrias.hu\"},\"primaryImageOfPage\":{\"@id\":\"https:\\\/\\\/allasorias.hu\\\/hirek\\\/ber-es-munkahely-maganelet-egyensulya-a-legfontosabb\\\/#mainImage\"},\"datePublished\":\"2023-10-09T11:21:46+02:00\",\"dateModified\":\"2025-05-09T10:54:13+02:00\"},{\"@type\":\"WebSite\",\"@id\":\"https:\\\/\\\/allasorias.hu\\\/hirek\\\/#website\",\"url\":\"https:\\\/\\\/allasorias.hu\\\/hirek\\\/\",\"name\":\"AllasOrias.hu | H\\u00edrek-lapszemle\",\"description\":\"\\u00dczleti h\\u00edrek az \\u00e1ll\\u00e1s \\u00e9s a munka vil\\u00e1g\\u00e1b\\u00f3l\",\"inLanguage\":\"hu-HU\",\"publisher\":{\"@id\":\"https:\\\/\\\/allasorias.hu\\\/hirek\\\/#organization\"}}]}\n\t\t<\/script>\n\t\t<!-- All in One SEO -->\n\n","aioseo_head_json":{"title":"B\u00e9r \u00e9s munka-mag\u00e1n\u00e9let egyens\u00falya a c\u00e9l","description":"A megk\u00e9rdezett munkav\u00e1llal\u00f3k t\u00f6bbs\u00e9g\u00e9nek a b\u00e9r a legfontosabb t\u00e9nyez\u0151 a munkahely kiv\u00e1laszt\u00e1sakor, ezt k\u00f6veti a munkahely-mag\u00e1n\u00e9let egyens\u00faly.","canonical_url":"https:\/\/allasorias.hu\/hirek\/ber-es-munkahely-maganelet-egyensulya-a-legfontosabb\/","robots":"max-image-preview:large","keywords":"\u00e1ll\u00e1sb\u00f6rze,munkahely-mag\u00e1n\u00e9let egyens\u00faly","webmasterTools":{"miscellaneous":""},"schema":{"@context":"https:\/\/schema.org","@graph":[{"@type":"Article","@id":"https:\/\/allasorias.hu\/hirek\/ber-es-munkahely-maganelet-egyensulya-a-legfontosabb\/#article","name":"B\u00e9r \u00e9s munka-mag\u00e1n\u00e9let egyens\u00falya a c\u00e9l","headline":"B\u00e9r \u00e9s munkahely-mag\u00e1n\u00e9let egyens\u00falya a legfontosabb","author":{"@id":"https:\/\/allasorias.hu\/hirek\/author\/admin-allasorias\/#author"},"publisher":{"@id":"https:\/\/allasorias.hu\/hirek\/#organization"},"image":{"@type":"ImageObject","url":"https:\/\/allasorias.hu\/hirek\/wp-content\/uploads\/2023\/10\/54.-muegyetemi-allasborze.jpg","width":1280,"height":854,"caption":"B\u00e9r \u00e9s munkahely-mag\u00e1n\u00e9let egyens\u00falya a legfontosabb - AllasOrias.hu"},"datePublished":"2023-10-09T11:21:46+02:00","dateModified":"2025-05-09T10:54:13+02:00","inLanguage":"hu-HU","mainEntityOfPage":{"@id":"https:\/\/allasorias.hu\/hirek\/ber-es-munkahely-maganelet-egyensulya-a-legfontosabb\/#webpage"},"isPartOf":{"@id":"https:\/\/allasorias.hu\/hirek\/ber-es-munkahely-maganelet-egyensulya-a-legfontosabb\/#webpage"},"articleSection":"Munkaer\u0151piac, \u00c1ll\u00e1sb\u00f6rze, munkahely-mag\u00e1n\u00e9let egyens\u00faly"},{"@type":"BreadcrumbList","@id":"https:\/\/allasorias.hu\/hirek\/ber-es-munkahely-maganelet-egyensulya-a-legfontosabb\/#breadcrumblist","itemListElement":[{"@type":"ListItem","@id":"https:\/\/allasorias.hu\/hirek#listItem","position":1,"name":"Home","item":"https:\/\/allasorias.hu\/hirek","nextItem":{"@type":"ListItem","@id":"https:\/\/allasorias.hu\/hirek\/temak\/munkaeropiac\/#listItem","name":"Munkaer\u0151piac"}},{"@type":"ListItem","@id":"https:\/\/allasorias.hu\/hirek\/temak\/munkaeropiac\/#listItem","position":2,"name":"Munkaer\u0151piac","item":"https:\/\/allasorias.hu\/hirek\/temak\/munkaeropiac\/","nextItem":{"@type":"ListItem","@id":"https:\/\/allasorias.hu\/hirek\/ber-es-munkahely-maganelet-egyensulya-a-legfontosabb\/#listItem","name":"B\u00e9r \u00e9s munkahely-mag\u00e1n\u00e9let egyens\u00falya a legfontosabb"},"previousItem":{"@type":"ListItem","@id":"https:\/\/allasorias.hu\/hirek#listItem","name":"Home"}},{"@type":"ListItem","@id":"https:\/\/allasorias.hu\/hirek\/ber-es-munkahely-maganelet-egyensulya-a-legfontosabb\/#listItem","position":3,"name":"B\u00e9r \u00e9s munkahely-mag\u00e1n\u00e9let egyens\u00falya a legfontosabb","previousItem":{"@type":"ListItem","@id":"https:\/\/allasorias.hu\/hirek\/temak\/munkaeropiac\/#listItem","name":"Munkaer\u0151piac"}}]},{"@type":"Organization","@id":"https:\/\/allasorias.hu\/hirek\/#organization","name":"AllasOrias.hu | H\u00edrek-lapszemle","description":"\u00dczleti h\u00edrek az \u00e1ll\u00e1s \u00e9s a munka vil\u00e1g\u00e1b\u00f3l","url":"https:\/\/allasorias.hu\/hirek\/","logo":{"@type":"ImageObject","url":"https:\/\/allasorias.hu\/hirek\/wp-content\/uploads\/2022\/10\/allasorias_site_facebok_logo.png","@id":"https:\/\/allasorias.hu\/hirek\/ber-es-munkahely-maganelet-egyensulya-a-legfontosabb\/#organizationLogo"},"image":{"@id":"https:\/\/allasorias.hu\/hirek\/ber-es-munkahely-maganelet-egyensulya-a-legfontosabb\/#organizationLogo"},"sameAs":["https:\/\/www.facebook.com\/allasorias","https:\/\/www.linkedin.com\/company\/allasorias"]},{"@type":"Person","@id":"https:\/\/allasorias.hu\/hirek\/author\/admin-allasorias\/#author","url":"https:\/\/allasorias.hu\/hirek\/author\/admin-allasorias\/","name":"Juh\u00e1sz P\u00e9ter","image":{"@type":"ImageObject","@id":"https:\/\/allasorias.hu\/hirek\/ber-es-munkahely-maganelet-egyensulya-a-legfontosabb\/#authorImage","url":"https:\/\/secure.gravatar.com\/avatar\/36e6bcb83148978b992977cb0f54d22feb0cce8a0a849a9410532bb2623ba4c6?s=96&d=mm&r=g","width":96,"height":96,"caption":"Juh\u00e1sz P\u00e9ter"}},{"@type":"WebPage","@id":"https:\/\/allasorias.hu\/hirek\/ber-es-munkahely-maganelet-egyensulya-a-legfontosabb\/#webpage","url":"https:\/\/allasorias.hu\/hirek\/ber-es-munkahely-maganelet-egyensulya-a-legfontosabb\/","name":"B\u00e9r \u00e9s munka-mag\u00e1n\u00e9let egyens\u00falya a c\u00e9l","description":"A megk\u00e9rdezett munkav\u00e1llal\u00f3k t\u00f6bbs\u00e9g\u00e9nek a b\u00e9r a legfontosabb t\u00e9nyez\u0151 a munkahely kiv\u00e1laszt\u00e1sakor, ezt k\u00f6veti a munkahely-mag\u00e1n\u00e9let egyens\u00faly.","inLanguage":"hu-HU","isPartOf":{"@id":"https:\/\/allasorias.hu\/hirek\/#website"},"breadcrumb":{"@id":"https:\/\/allasorias.hu\/hirek\/ber-es-munkahely-maganelet-egyensulya-a-legfontosabb\/#breadcrumblist"},"author":{"@id":"https:\/\/allasorias.hu\/hirek\/author\/admin-allasorias\/#author"},"creator":{"@id":"https:\/\/allasorias.hu\/hirek\/author\/admin-allasorias\/#author"},"image":{"@type":"ImageObject","url":"https:\/\/allasorias.hu\/hirek\/wp-content\/uploads\/2023\/10\/54.-muegyetemi-allasborze.jpg","@id":"https:\/\/allasorias.hu\/hirek\/ber-es-munkahely-maganelet-egyensulya-a-legfontosabb\/#mainImage","width":1280,"height":854,"caption":"B\u00e9r \u00e9s munkahely-mag\u00e1n\u00e9let egyens\u00falya a legfontosabb - AllasOrias.hu"},"primaryImageOfPage":{"@id":"https:\/\/allasorias.hu\/hirek\/ber-es-munkahely-maganelet-egyensulya-a-legfontosabb\/#mainImage"},"datePublished":"2023-10-09T11:21:46+02:00","dateModified":"2025-05-09T10:54:13+02:00"},{"@type":"WebSite","@id":"https:\/\/allasorias.hu\/hirek\/#website","url":"https:\/\/allasorias.hu\/hirek\/","name":"AllasOrias.hu | H\u00edrek-lapszemle","description":"\u00dczleti h\u00edrek az \u00e1ll\u00e1s \u00e9s a munka vil\u00e1g\u00e1b\u00f3l","inLanguage":"hu-HU","publisher":{"@id":"https:\/\/allasorias.hu\/hirek\/#organization"}}]},"og:locale":"hu_HU","og:site_name":"AllasOrias.hu | H\u00edrek-lapszemle | \u00dczleti h\u00edrek az \u00e1ll\u00e1s \u00e9s a munka vil\u00e1g\u00e1b\u00f3l","og:type":"article","og:title":"B\u00e9r \u00e9s munka-mag\u00e1n\u00e9let egyens\u00falya a c\u00e9l","og:description":"A megk\u00e9rdezett munkav\u00e1llal\u00f3k t\u00f6bbs\u00e9g\u00e9nek a b\u00e9r a legfontosabb t\u00e9nyez\u0151 a munkahely kiv\u00e1laszt\u00e1sakor, ezt k\u00f6veti a munkahely-mag\u00e1n\u00e9let egyens\u00faly.","og:url":"https:\/\/allasorias.hu\/hirek\/ber-es-munkahely-maganelet-egyensulya-a-legfontosabb\/","og:image":"https:\/\/allasorias.hu\/hirek\/wp-content\/uploads\/2023\/10\/54.-muegyetemi-allasborze.jpg","og:image:secure_url":"https:\/\/allasorias.hu\/hirek\/wp-content\/uploads\/2023\/10\/54.-muegyetemi-allasborze.jpg","og:image:width":1280,"og:image:height":854,"article:published_time":"2023-10-09T09:21:46+00:00","article:modified_time":"2025-05-09T08:54:13+00:00","article:publisher":"https:\/\/www.facebook.com\/allasorias","twitter:card":"summary_large_image","twitter:title":"B\u00e9r \u00e9s munka-mag\u00e1n\u00e9let egyens\u00falya a c\u00e9l","twitter:description":"A megk\u00e9rdezett munkav\u00e1llal\u00f3k t\u00f6bbs\u00e9g\u00e9nek a b\u00e9r a legfontosabb t\u00e9nyez\u0151 a munkahely kiv\u00e1laszt\u00e1sakor, ezt k\u00f6veti a munkahely-mag\u00e1n\u00e9let egyens\u00faly.","twitter:image":"https:\/\/allasorias.hu\/hirek\/wp-content\/uploads\/2023\/10\/54.-muegyetemi-allasborze.jpg","twitter:label1":"Written by","twitter:data1":"Juh\u00e1sz P\u00e9ter","twitter:label2":"Est. reading time","twitter:data2":"4 minutes"},"aioseo_meta_data":{"post_id":"6875","title":"B\u00e9r \u00e9s munka-mag\u00e1n\u00e9let egyens\u00falya a c\u00e9l","description":"A megk\u00e9rdezett munkav\u00e1llal\u00f3k t\u00f6bbs\u00e9g\u00e9nek a b\u00e9r a legfontosabb t\u00e9nyez\u0151 a munkahely kiv\u00e1laszt\u00e1sakor, ezt k\u00f6veti a munkahely-mag\u00e1n\u00e9let egyens\u00faly.","keywords":null,"keyphrases":{"focus":{"keyphrase":"","score":0,"analysis":{"keyphraseInTitle":{"score":0,"maxScore":9,"error":1}}},"additional":[]},"primary_term":null,"canonical_url":null,"og_title":null,"og_description":null,"og_object_type":"default","og_image_type":"default","og_image_url":null,"og_image_width":null,"og_image_height":null,"og_image_custom_url":null,"og_image_custom_fields":null,"og_video":"","og_custom_url":null,"og_article_section":null,"og_article_tags":null,"twitter_use_og":true,"twitter_card":"default","twitter_image_type":"default","twitter_image_url":null,"twitter_image_custom_url":null,"twitter_image_custom_fields":null,"twitter_title":null,"twitter_description":null,"schema":{"blockGraphs":[],"customGraphs":[],"default":{"data":{"Article":[],"Course":[],"Dataset":[],"FAQPage":[],"Movie":[],"Person":[],"Product":[],"ProductReview":[],"Car":[],"Recipe":[],"Service":[],"SoftwareApplication":[],"WebPage":[]},"graphName":"Article","isEnabled":true},"graphs":[]},"schema_type":"default","schema_type_options":null,"pillar_content":false,"robots_default":true,"robots_noindex":false,"robots_noarchive":false,"robots_nosnippet":false,"robots_nofollow":false,"robots_noimageindex":false,"robots_noodp":false,"robots_notranslate":false,"robots_max_snippet":"-1","robots_max_videopreview":"-1","robots_max_imagepreview":"large","priority":null,"frequency":"default","location":null,"local_seo":null,"breadcrumb_settings":null,"limit_modified_date":false,"ai":null,"created":"2023-10-09 08:50:24","updated":"2025-10-02 19:07:21","seo_analyzer_scan_date":null,"focus_keyword":null,"additional_keywords":null,"truseo_locale":null},"aioseo_breadcrumb":"<div class=\"aioseo-breadcrumbs\"><span class=\"aioseo-breadcrumb\">\n\t\t\t<a href=\"https:\/\/allasorias.hu\/hirek\" title=\"Home\">Home<\/a>\n\t\t<\/span><span class=\"aioseo-breadcrumb-separator\">&raquo;<\/span><span class=\"aioseo-breadcrumb\">\n\t\t\t<a href=\"https:\/\/allasorias.hu\/hirek\/temak\/munkaeropiac\/\" title=\"Munkaer\u0151piac\">Munkaer\u0151piac<\/a>\n\t\t<\/span><span class=\"aioseo-breadcrumb-separator\">&raquo;<\/span><span class=\"aioseo-breadcrumb\">\n\t\t\tB\u00e9r \u00e9s munkahely-mag\u00e1n\u00e9let egyens\u00falya a legfontosabb\n\t\t<\/span><\/div>","aioseo_breadcrumb_json":[{"label":"Home","link":"https:\/\/allasorias.hu\/hirek"},{"label":"Munkaer\u0151piac","link":"https:\/\/allasorias.hu\/hirek\/temak\/munkaeropiac\/"},{"label":"B\u00e9r \u00e9s munkahely-mag\u00e1n\u00e9let egyens\u00falya a legfontosabb","link":"https:\/\/allasorias.hu\/hirek\/ber-es-munkahely-maganelet-egyensulya-a-legfontosabb\/"}],"_links":{"self":[{"href":"https:\/\/allasorias.hu\/hirek\/wp-json\/wp\/v2\/posts\/6875","targetHints":{"allow":["GET"]}}],"collection":[{"href":"https:\/\/allasorias.hu\/hirek\/wp-json\/wp\/v2\/posts"}],"about":[{"href":"https:\/\/allasorias.hu\/hirek\/wp-json\/wp\/v2\/types\/post"}],"author":[{"embeddable":true,"href":"https:\/\/allasorias.hu\/hirek\/wp-json\/wp\/v2\/users\/1"}],"replies":[{"embeddable":true,"href":"https:\/\/allasorias.hu\/hirek\/wp-json\/wp\/v2\/comments?post=6875"}],"version-history":[{"count":2,"href":"https:\/\/allasorias.hu\/hirek\/wp-json\/wp\/v2\/posts\/6875\/revisions"}],"predecessor-version":[{"id":8410,"href":"https:\/\/allasorias.hu\/hirek\/wp-json\/wp\/v2\/posts\/6875\/revisions\/8410"}],"wp:featuredmedia":[{"embeddable":true,"href":"https:\/\/allasorias.hu\/hirek\/wp-json\/wp\/v2\/media\/6876"}],"wp:attachment":[{"href":"https:\/\/allasorias.hu\/hirek\/wp-json\/wp\/v2\/media?parent=6875"}],"wp:term":[{"taxonomy":"category","embeddable":true,"href":"https:\/\/allasorias.hu\/hirek\/wp-json\/wp\/v2\/categories?post=6875"},{"taxonomy":"post_tag","embeddable":true,"href":"https:\/\/allasorias.hu\/hirek\/wp-json\/wp\/v2\/tags?post=6875"}],"curies":[{"name":"wp","href":"https:\/\/api.w.org\/{rel}","templated":true}]}}