{"id":6869,"date":"2023-10-06T10:26:27","date_gmt":"2023-10-06T08:26:27","guid":{"rendered":"https:\/\/allasorias.hu\/hirek\/?p=6869"},"modified":"2023-10-06T10:30:18","modified_gmt":"2023-10-06T08:30:18","slug":"sok-dolgozo-szeretne-mas-munkat-a-diplomasok-feltik-a-munkajukat","status":"publish","type":"post","link":"https:\/\/allasorias.hu\/hirek\/sok-dolgozo-szeretne-mas-munkat-a-diplomasok-feltik-a-munkajukat\/","title":{"rendered":"Sok dolgoz\u00f3 szeretne m\u00e1s munk\u00e1t, a diplom\u00e1sok f\u00e9ltik a munk\u00e1jukat"},"content":{"rendered":"<p><strong>Minden \u00f6t\u00f6dik dolgoz\u00f3 magyar gondolkodik azon, hogy m\u00e1s munk\u00e1ba kezdjen, vagy m\u00e1r keresi is az \u00faj lehet\u0151s\u00e9get \u2013 der\u00fcl ki a SkillX Technologies Zrt. legfrissebb reprezentat\u00edv felm\u00e9r\u00e9s\u00e9b\u0151l. Eszerint a munkav\u00e1llal\u00f3k \u00e9s munkakeres\u0151k negyede \u00e9rzi egyre laposabbnak, \u00fcresnek \u00e9s egyhang\u00fanak a munk\u00e1val t\u00f6lt\u00f6tt napjait, s v\u00e9li \u00fagy, hogy valahol m\u00e1shol jobban tudn\u00e1 kamatoztatni a tehets\u00e9g\u00e9t. <\/strong><\/p>\n<p>A biztosnak v\u00e9lt \u00e1ll\u00e1s felad\u00e1s\u00e1t\u00f3l val\u00f3 f\u00e9lelem, a megfelel\u0151 anyagi biztons\u00e1g elveszt\u00e9se mellett az inform\u00e1ci\u00f3hi\u00e1ny jelent legink\u00e1bb akad\u00e1lyt a munkahelyv\u00e1lt\u00e1sban. A magyarok 37 sz\u00e1zal\u00e9k\u00e1nak van munk\u00e1ja \u00e9s nem tervez v\u00e1ltani (ez az ar\u00e1ny 2021-ben m\u00e9g 49 sz\u00e1zal\u00e9k volt), \u00e9s legink\u00e1bb a 40-59 \u00e9vesek \u00e9s a diplom\u00e1sok k\u00f6r\u00e9ben jellemz\u0151, hogy maradnak azon a munkahelyen, ahol vannak (46, illetve 51 sz\u00e1zal\u00e9kuk) \u2013 der\u00fclt ki a SkillX Technologies Zrt. megb\u00edz\u00e1s\u00e1b\u00f3l, a <a href=\"https:\/\/www.pulzus.eu\/\" target=\"_blank\" rel=\"nofollow noopener noreferrer\">Pulzus Kutat\u00f3<\/a> \u00e1ltal k\u00e9sz\u00edtett felm\u00e9r\u00e9sb\u0151l.<\/p>\n<p>A v\u00e1laszad\u00f3k 14 sz\u00e1zal\u00e9k\u00e1nak egy\u00e1ltal\u00e1n nincs munk\u00e1ja, de szeretne tal\u00e1lni, k\u00f6z\u00f6tt\u00fck t\u00f6bb a n\u0151. A 18-39-\u00e9vesek k\u00e9ttizede, a 40-59 \u00e9vesek 14 sz\u00e1zal\u00e9ka, m\u00edg a 60 \u00e9vn\u00e9l id\u0151sebbek egytizede szeretne a munkaer\u0151piac r\u00e9sztvev\u0151je lenni. Minden \u00f6t\u00f6dik v\u00e1laszad\u00f3 r\u00e9g\u00f3ta j\u00e1tszik a gondolattal, hogy <a href=\"https:\/\/allasorias.hu\/karriertipp\/\">m\u00e1s karrier ut\u00e1n n\u00e9z<\/a>.<\/p>\n<p>A munkav\u00e1llal\u00f3k 5 sz\u00e1zal\u00e9ka olyan p\u00e1lyakezd\u0151, aki nem biztos benne, miben tudna igaz\u00e1n kiteljesedni, s a dolgoz\u00f3k alig t\u00f6bb mint k\u00e9ttizede \u00e9rzi j\u00f3l mag\u00e1t a munkahely\u00e9n, az \u201e\u00e1lommunk\u00e1t\u201d megtal\u00e1lva \u2013 jellemz\u0151en a n\u0151k, az id\u0151sebbek \u00e9s a diplom\u00e1sok. Figyelmeztet\u0151 jel lehet, hogy 2021-ben ez az ar\u00e1ny m\u00e9g el\u00e9rte a h\u00e1romtizedet. A biztosnak v\u00e9lt \u00e1ll\u00e1s felad\u00e1s\u00e1t\u00f3l val\u00f3 f\u00e9lelem (41sz\u00e1zal\u00e9k), a megfelel\u0151 anyagi biztons\u00e1g elveszt\u00e9se (38 sz\u00e1zal\u00e9k), s a \u201enem tudom, hol tal\u00e1lhatn\u00e9k jobbat\u201d (35 sz\u00e1zal\u00e9k) jelent legink\u00e1bb akad\u00e1lyt a munkahelyv\u00e1lt\u00e1sban, \u00fagy a f\u00e9rfiak, mint a n\u0151k sz\u00e1m\u00e1ra.<\/p>\n<h2>Az inform\u00e1ci\u00f3ho\u00e1ny nagy szerepet j\u00e1tszik<\/h2>\n<p>\u00c9rdekes, hogy az inform\u00e1ci\u00f3hi\u00e1nyt a 18-39 \u00e9s a 40-59 \u00e9vesek is okk\u00e9nt jel\u00f6ltek meg, s hogy mindezeket a V\u00e1rmegye sz\u00e9khelyeken eml\u00edtett\u00e9k a legt\u00f6bben. A fels\u0151fokon v\u00e9gzettek f\u00e9ltik legink\u00e1bb feladni a megl\u00e9v\u0151 munk\u00e1jukat, mint ahogy a diplom\u00e1sok sz\u00e1m\u00e1ra a mostani munkahely\u00fck\u00f6n megl\u00e9v\u0151 anyagi biztons\u00e1g szerepel els\u0151 sz\u00e1m\u00fa visszatart\u00f3er\u0151k\u00e9nt is. Viszonylag kevesen (16 sz\u00e1zal\u00e9k) \u00e9rzik \u00fagy, hogy nem \u00e9rtenek m\u00e1shoz.<\/p>\n<h3>Munkahelyv\u00e1lt\u00e1skor a legjellemz\u0151bb szempontok:<\/h3>\n<ul>\n<li>a fizet\u00e9s (71 sz\u00e1zal\u00e9k),<\/li>\n<li>a k\u00e9pess\u00e9geknek, kompetenci\u00e1nak val\u00f3 megfelel\u00e9s (48 sz\u00e1zal\u00e9k),<\/li>\n<li>a munkav\u00e9gz\u00e9s helye (48 sz\u00e1zal\u00e9k)<\/li>\n<li>\u00e9s a fejl\u0151d\u00e9si lehet\u0151s\u00e9g (47 sz\u00e1zal\u00e9k).<\/li>\n<\/ul>\n<h3>A 18-39 \u00e9vesek sz\u00e1m\u00e1ra a legink\u00e1bb m\u00e9rlegelt szempont, amikor munkahelyv\u00e1lt\u00e1sr\u00f3l gondolkodnak:<\/h3>\n<ul>\n<li>A fizet\u00e9s (77 sz\u00e1zal\u00e9k),<\/li>\n<li>a fejl\u0151d\u00e9si lehet\u0151s\u00e9g (58 sz\u00e1zal\u00e9k),<\/li>\n<li>a munkav\u00e9gz\u00e9s helye (53 sz\u00e1zal\u00e9k)<\/li>\n<li>\u00e9s a k\u00e9pess\u00e9geknek, kompetenci\u00e1knak megfelel\u00e9s (51 sz\u00e1zal\u00e9k)<\/li>\n<\/ul>\n<h3>A diplom\u00e1sok sz\u00e1m\u00e1ra:<\/h3>\n<ul>\n<li>az anyagiak (78 sz\u00e1zal\u00e9k) ut\u00e1n<\/li>\n<li>a k\u00e9pess\u00e9geknek, kompetenci\u00e1nak megfelel\u00e9s (67 sz\u00e1zal\u00e9k),<\/li>\n<li>a munkav\u00e9gz\u00e9s helye (59 sz\u00e1zal\u00e9k)<\/li>\n<li>s a fejl\u0151d\u00e9si lehet\u0151s\u00e9g (58 sz\u00e1zal\u00e9k) a legfontosabb.<\/li>\n<\/ul>\n<p>A V\u00e1rmegye sz\u00e9khelyeken sz\u00e1m\u00edt legjobban a fizet\u00e9s (81 sz\u00e1zal\u00e9k), s legkev\u00e9sb\u00e9 a c\u00e9g h\u00edrneve, brand-je (9 sz\u00e1zal\u00e9k). A dolgoz\u00f3k, munkakeres\u0151k k\u00f6zel 70 sz\u00e1zal\u00e9ka nincs teljes m\u00e9rt\u00e9kben tiszt\u00e1ban a k\u00e9pess\u00e9geivel, s a munkaer\u0151piac elv\u00e1r\u00e1saival. A f\u00e9rfiak magabiztosabbak, 33 sz\u00e1zal\u00e9kuk teljes m\u00e9rt\u00e9kben ismeri \u00f6nmag\u00e1t \u00e9s a lehet\u0151s\u00e9geit. Az \u00e9letkor el\u0151rehaladt\u00e1val n\u0151 a re\u00e1lis helyzet\u00e9rt\u00e9kel\u00e9s. M\u00edg a 18-39 \u00e9vesek kevesebb mint h\u00e1romtizede (28 sz\u00e1zal\u00e9k), a 40-59 \u00e9vesek eset\u00e9n 29 sz\u00e1zal\u00e9knyian, a 60 \u00e9vesek vagy id\u0151sebbek 44 sz\u00e1zal\u00e9ka teljes m\u00e9rt\u00e9kben biztos mag\u00e1ban.<\/p>\n<p>A kutat\u00e1sb\u00f3l az is kider\u00fclt, hogy mindez nincs \u00f6sszef\u00fcgg\u00e9sben sem az iskolai v\u00e9gzetts\u00e9ggel, sem a lak\u00f3hellyel: k\u00f6zel azonos m\u00e9rt\u00e9kben magabiztosak az alap- \u00e9s fels\u0151fokon v\u00e9gzettek, s a telep\u00fcl\u00e9st\u00edpusok bont\u00e1s\u00e1ban sem mutatkozik jelent\u0151s k\u00fcl\u00f6nbs\u00e9g. Figyelmeztet\u0151 jel lehet, hogy m\u00edg 2021-ben a v\u00e1laszad\u00f3k 37 sz\u00e1zal\u00e9ka volt teljes m\u00e9rt\u00e9kben tiszt\u00e1ban a k\u00e9pess\u00e9geivel, s a munkaer\u0151piac elv\u00e1r\u00e1saival, addig 2023-ban ez m\u00e1r csak 31 sz\u00e1zal\u00e9k \u2013 \u00e1ll a k\u00f6zlem\u00e9nyben.<\/p>\n<p>Forr\u00e1s: <a href=\"https:\/\/www.penzcentrum.hu\/karrier\/20231004\/egyre-tobb-magyar-dolgozo-csaphat-az-asztalra-erik-a-tomeges-felmondasi-hullam-1141953\" target=\"_blank\" rel=\"nofollow noopener noreferrer\">penzcentrum.hu<\/a><\/p>\n","protected":false},"excerpt":{"rendered":"<p>Minden \u00f6t\u00f6dik dolgoz\u00f3 magyar gondolkodik azon, hogy m\u00e1s munk\u00e1ba kezdjen, vagy m\u00e1r keresi is az \u00faj lehet\u0151s\u00e9get \u2013 der\u00fcl ki a SkillX Technologies Zrt. legfrissebb reprezentat\u00edv felm\u00e9r\u00e9s\u00e9b\u0151l. Eszerint a munkav\u00e1llal\u00f3k \u00e9s munkakeres\u0151k negyede \u00e9rzi egyre laposabbnak, \u00fcresnek \u00e9s egyhang\u00fanak a munk\u00e1val t\u00f6lt\u00f6tt napjait, s v\u00e9li \u00fagy, hogy valahol m\u00e1shol jobban tudn\u00e1 kamatoztatni a tehets\u00e9g\u00e9t. A [&hellip;]<\/p>\n","protected":false},"author":1,"featured_media":6870,"comment_status":"open","ping_status":"open","sticky":false,"template":"","format":"standard","meta":{"_monsterinsights_skip_tracking":false,"footnotes":""},"categories":[200],"tags":[615,393],"class_list":["post-6869","post","type-post","status-publish","format-standard","has-post-thumbnail","hentry","category-munkaeropiac","tag-karriervaltas","tag-munkahelyvaltas"],"aioseo_notices":[],"aioseo_head":"\n\t\t<!-- All in One SEO 5.0.0.1 - aioseo.com -->\n\t<meta name=\"description\" content=\"Minden \u00f6t\u00f6dik dolgoz\u00f3 magyar gondolkodik azon, hogy m\u00e1s munk\u00e1ba kezdjen, vagy m\u00e1r keresi is az \u00faj lehet\u0151s\u00e9get \u2013 der\u00fcl ki egy friss felm\u00e9r\u00e9s\u00e9b\u0151l.\" \/>\n\t<meta name=\"robots\" content=\"max-image-preview:large\" \/>\n\t<meta name=\"author\" content=\"Juh\u00e1sz P\u00e9ter\"\/>\n\t<meta name=\"keywords\" content=\"karrierv\u00e1lt\u00e1s,munkahelyv\u00e1lt\u00e1s\" \/>\n\t<link rel=\"canonical\" href=\"https:\/\/allasorias.hu\/hirek\/sok-dolgozo-szeretne-mas-munkat-a-diplomasok-feltik-a-munkajukat\/\" \/>\n\t<meta name=\"generator\" content=\"All in One SEO (AIOSEO) 5.0.0.1\" \/>\n\t\t<meta property=\"og:locale\" content=\"hu_HU\" \/>\n\t\t<meta property=\"og:site_name\" content=\"AllasOrias.hu | H\u00edrek-lapszemle | \u00dczleti h\u00edrek az \u00e1ll\u00e1s \u00e9s a munka vil\u00e1g\u00e1b\u00f3l\" \/>\n\t\t<meta property=\"og:type\" content=\"article\" \/>\n\t\t<meta property=\"og:title\" content=\"Minden \u00f6t\u00f6dik dolgoz\u00f3 magyar gondolkodik munkahelyv\u00e1lt\u00e1son\" \/>\n\t\t<meta property=\"og:description\" content=\"Minden \u00f6t\u00f6dik dolgoz\u00f3 magyar gondolkodik azon, hogy m\u00e1s munk\u00e1ba kezdjen, vagy m\u00e1r keresi is az \u00faj lehet\u0151s\u00e9get \u2013 der\u00fcl ki egy friss felm\u00e9r\u00e9s\u00e9b\u0151l.\" \/>\n\t\t<meta property=\"og:url\" content=\"https:\/\/allasorias.hu\/hirek\/sok-dolgozo-szeretne-mas-munkat-a-diplomasok-feltik-a-munkajukat\/\" \/>\n\t\t<meta property=\"og:image\" content=\"https:\/\/allasorias.hu\/hirek\/wp-content\/uploads\/2023\/10\/munkahelyvaltas.jpg\" \/>\n\t\t<meta property=\"og:image:secure_url\" content=\"https:\/\/allasorias.hu\/hirek\/wp-content\/uploads\/2023\/10\/munkahelyvaltas.jpg\" \/>\n\t\t<meta property=\"og:image:width\" content=\"1280\" \/>\n\t\t<meta property=\"og:image:height\" content=\"853\" \/>\n\t\t<meta property=\"article:published_time\" content=\"2023-10-06T08:26:27+00:00\" \/>\n\t\t<meta property=\"article:modified_time\" content=\"2023-10-06T08:30:18+00:00\" \/>\n\t\t<meta property=\"article:publisher\" content=\"https:\/\/www.facebook.com\/allasorias\" \/>\n\t\t<meta name=\"twitter:card\" content=\"summary_large_image\" \/>\n\t\t<meta name=\"twitter:title\" content=\"Minden \u00f6t\u00f6dik dolgoz\u00f3 magyar gondolkodik munkahelyv\u00e1lt\u00e1son\" \/>\n\t\t<meta name=\"twitter:description\" content=\"Minden \u00f6t\u00f6dik dolgoz\u00f3 magyar gondolkodik azon, hogy m\u00e1s munk\u00e1ba kezdjen, vagy m\u00e1r keresi is az \u00faj lehet\u0151s\u00e9get \u2013 der\u00fcl ki egy friss felm\u00e9r\u00e9s\u00e9b\u0151l.\" \/>\n\t\t<meta name=\"twitter:image\" content=\"https:\/\/allasorias.hu\/hirek\/wp-content\/uploads\/2023\/10\/munkahelyvaltas.jpg\" \/>\n\t\t<meta name=\"twitter:label1\" content=\"Written by\" \/>\n\t\t<meta name=\"twitter:data1\" content=\"Juh\u00e1sz P\u00e9ter\" \/>\n\t\t<meta name=\"twitter:label2\" content=\"Est. reading time\" \/>\n\t\t<meta name=\"twitter:data2\" content=\"4 minutes\" \/>\n\t\t<script type=\"application\/ld+json\" class=\"aioseo-schema\">\n\t\t\t{\"@context\":\"https:\\\/\\\/schema.org\",\"@graph\":[{\"@type\":\"Article\",\"@id\":\"https:\\\/\\\/allasorias.hu\\\/hirek\\\/sok-dolgozo-szeretne-mas-munkat-a-diplomasok-feltik-a-munkajukat\\\/#article\",\"name\":\"Minden \\u00f6t\\u00f6dik dolgoz\\u00f3 magyar gondolkodik munkahelyv\\u00e1lt\\u00e1son\",\"headline\":\"Sok dolgoz\\u00f3 szeretne m\\u00e1s munk\\u00e1t, a diplom\\u00e1sok f\\u00e9ltik a munk\\u00e1jukat\",\"author\":{\"@id\":\"https:\\\/\\\/allasorias.hu\\\/hirek\\\/author\\\/admin-allasorias\\\/#author\"},\"publisher\":{\"@id\":\"https:\\\/\\\/allasorias.hu\\\/hirek\\\/#organization\"},\"image\":{\"@type\":\"ImageObject\",\"url\":\"https:\\\/\\\/allasorias.hu\\\/hirek\\\/wp-content\\\/uploads\\\/2023\\\/10\\\/munkahelyvaltas.jpg\",\"width\":1280,\"height\":853,\"caption\":\"Sok dolgoz\\u00f3 szeretne m\\u00e1s munk\\u00e1t, a diplom\\u00e1sok f\\u00e9ltik a munk\\u00e1jukat - Allasorias.hu\\\/Hirek\"},\"datePublished\":\"2023-10-06T10:26:27+02:00\",\"dateModified\":\"2023-10-06T10:30:18+02:00\",\"inLanguage\":\"hu-HU\",\"mainEntityOfPage\":{\"@id\":\"https:\\\/\\\/allasorias.hu\\\/hirek\\\/sok-dolgozo-szeretne-mas-munkat-a-diplomasok-feltik-a-munkajukat\\\/#webpage\"},\"isPartOf\":{\"@id\":\"https:\\\/\\\/allasorias.hu\\\/hirek\\\/sok-dolgozo-szeretne-mas-munkat-a-diplomasok-feltik-a-munkajukat\\\/#webpage\"},\"articleSection\":\"Munkaer\\u0151piac, karrierv\\u00e1lt\\u00e1s, munkahelyv\\u00e1lt\\u00e1s\"},{\"@type\":\"BreadcrumbList\",\"@id\":\"https:\\\/\\\/allasorias.hu\\\/hirek\\\/sok-dolgozo-szeretne-mas-munkat-a-diplomasok-feltik-a-munkajukat\\\/#breadcrumblist\",\"itemListElement\":[{\"@type\":\"ListItem\",\"@id\":\"https:\\\/\\\/allasorias.hu\\\/hirek#listItem\",\"position\":1,\"name\":\"Home\",\"item\":\"https:\\\/\\\/allasorias.hu\\\/hirek\",\"nextItem\":{\"@type\":\"ListItem\",\"@id\":\"https:\\\/\\\/allasorias.hu\\\/hirek\\\/temak\\\/munkaeropiac\\\/#listItem\",\"name\":\"Munkaer\\u0151piac\"}},{\"@type\":\"ListItem\",\"@id\":\"https:\\\/\\\/allasorias.hu\\\/hirek\\\/temak\\\/munkaeropiac\\\/#listItem\",\"position\":2,\"name\":\"Munkaer\\u0151piac\",\"item\":\"https:\\\/\\\/allasorias.hu\\\/hirek\\\/temak\\\/munkaeropiac\\\/\",\"nextItem\":{\"@type\":\"ListItem\",\"@id\":\"https:\\\/\\\/allasorias.hu\\\/hirek\\\/sok-dolgozo-szeretne-mas-munkat-a-diplomasok-feltik-a-munkajukat\\\/#listItem\",\"name\":\"Sok dolgoz\\u00f3 szeretne m\\u00e1s munk\\u00e1t, a diplom\\u00e1sok f\\u00e9ltik a munk\\u00e1jukat\"},\"previousItem\":{\"@type\":\"ListItem\",\"@id\":\"https:\\\/\\\/allasorias.hu\\\/hirek#listItem\",\"name\":\"Home\"}},{\"@type\":\"ListItem\",\"@id\":\"https:\\\/\\\/allasorias.hu\\\/hirek\\\/sok-dolgozo-szeretne-mas-munkat-a-diplomasok-feltik-a-munkajukat\\\/#listItem\",\"position\":3,\"name\":\"Sok dolgoz\\u00f3 szeretne m\\u00e1s munk\\u00e1t, a diplom\\u00e1sok f\\u00e9ltik a munk\\u00e1jukat\",\"previousItem\":{\"@type\":\"ListItem\",\"@id\":\"https:\\\/\\\/allasorias.hu\\\/hirek\\\/temak\\\/munkaeropiac\\\/#listItem\",\"name\":\"Munkaer\\u0151piac\"}}]},{\"@type\":\"Organization\",\"@id\":\"https:\\\/\\\/allasorias.hu\\\/hirek\\\/#organization\",\"name\":\"AllasOrias.hu | H\\u00edrek-lapszemle\",\"description\":\"\\u00dczleti h\\u00edrek az \\u00e1ll\\u00e1s \\u00e9s a munka vil\\u00e1g\\u00e1b\\u00f3l\",\"url\":\"https:\\\/\\\/allasorias.hu\\\/hirek\\\/\",\"logo\":{\"@type\":\"ImageObject\",\"url\":\"https:\\\/\\\/allasorias.hu\\\/hirek\\\/wp-content\\\/uploads\\\/2022\\\/10\\\/allasorias_site_facebok_logo.png\",\"@id\":\"https:\\\/\\\/allasorias.hu\\\/hirek\\\/sok-dolgozo-szeretne-mas-munkat-a-diplomasok-feltik-a-munkajukat\\\/#organizationLogo\"},\"image\":{\"@id\":\"https:\\\/\\\/allasorias.hu\\\/hirek\\\/sok-dolgozo-szeretne-mas-munkat-a-diplomasok-feltik-a-munkajukat\\\/#organizationLogo\"},\"sameAs\":[\"https:\\\/\\\/www.facebook.com\\\/allasorias\",\"https:\\\/\\\/www.linkedin.com\\\/company\\\/allasorias\"]},{\"@type\":\"Person\",\"@id\":\"https:\\\/\\\/allasorias.hu\\\/hirek\\\/author\\\/admin-allasorias\\\/#author\",\"url\":\"https:\\\/\\\/allasorias.hu\\\/hirek\\\/author\\\/admin-allasorias\\\/\",\"name\":\"Juh\\u00e1sz P\\u00e9ter\",\"image\":{\"@type\":\"ImageObject\",\"@id\":\"https:\\\/\\\/allasorias.hu\\\/hirek\\\/sok-dolgozo-szeretne-mas-munkat-a-diplomasok-feltik-a-munkajukat\\\/#authorImage\",\"url\":\"https:\\\/\\\/secure.gravatar.com\\\/avatar\\\/36e6bcb83148978b992977cb0f54d22feb0cce8a0a849a9410532bb2623ba4c6?s=96&d=mm&r=g\",\"width\":96,\"height\":96,\"caption\":\"Juh\\u00e1sz P\\u00e9ter\"}},{\"@type\":\"WebPage\",\"@id\":\"https:\\\/\\\/allasorias.hu\\\/hirek\\\/sok-dolgozo-szeretne-mas-munkat-a-diplomasok-feltik-a-munkajukat\\\/#webpage\",\"url\":\"https:\\\/\\\/allasorias.hu\\\/hirek\\\/sok-dolgozo-szeretne-mas-munkat-a-diplomasok-feltik-a-munkajukat\\\/\",\"name\":\"Minden \\u00f6t\\u00f6dik dolgoz\\u00f3 magyar gondolkodik munkahelyv\\u00e1lt\\u00e1son\",\"description\":\"Minden \\u00f6t\\u00f6dik dolgoz\\u00f3 magyar gondolkodik azon, hogy m\\u00e1s munk\\u00e1ba kezdjen, vagy m\\u00e1r keresi is az \\u00faj lehet\\u0151s\\u00e9get \\u2013 der\\u00fcl ki egy friss felm\\u00e9r\\u00e9s\\u00e9b\\u0151l.\",\"inLanguage\":\"hu-HU\",\"isPartOf\":{\"@id\":\"https:\\\/\\\/allasorias.hu\\\/hirek\\\/#website\"},\"breadcrumb\":{\"@id\":\"https:\\\/\\\/allasorias.hu\\\/hirek\\\/sok-dolgozo-szeretne-mas-munkat-a-diplomasok-feltik-a-munkajukat\\\/#breadcrumblist\"},\"author\":{\"@id\":\"https:\\\/\\\/allasorias.hu\\\/hirek\\\/author\\\/admin-allasorias\\\/#author\"},\"creator\":{\"@id\":\"https:\\\/\\\/allasorias.hu\\\/hirek\\\/author\\\/admin-allasorias\\\/#author\"},\"image\":{\"@type\":\"ImageObject\",\"url\":\"https:\\\/\\\/allasorias.hu\\\/hirek\\\/wp-content\\\/uploads\\\/2023\\\/10\\\/munkahelyvaltas.jpg\",\"@id\":\"https:\\\/\\\/allasorias.hu\\\/hirek\\\/sok-dolgozo-szeretne-mas-munkat-a-diplomasok-feltik-a-munkajukat\\\/#mainImage\",\"width\":1280,\"height\":853,\"caption\":\"Sok dolgoz\\u00f3 szeretne m\\u00e1s munk\\u00e1t, a diplom\\u00e1sok f\\u00e9ltik a munk\\u00e1jukat - Allasorias.hu\\\/Hirek\"},\"primaryImageOfPage\":{\"@id\":\"https:\\\/\\\/allasorias.hu\\\/hirek\\\/sok-dolgozo-szeretne-mas-munkat-a-diplomasok-feltik-a-munkajukat\\\/#mainImage\"},\"datePublished\":\"2023-10-06T10:26:27+02:00\",\"dateModified\":\"2023-10-06T10:30:18+02:00\"},{\"@type\":\"WebSite\",\"@id\":\"https:\\\/\\\/allasorias.hu\\\/hirek\\\/#website\",\"url\":\"https:\\\/\\\/allasorias.hu\\\/hirek\\\/\",\"name\":\"AllasOrias.hu | H\\u00edrek-lapszemle\",\"description\":\"\\u00dczleti h\\u00edrek az \\u00e1ll\\u00e1s \\u00e9s a munka vil\\u00e1g\\u00e1b\\u00f3l\",\"inLanguage\":\"hu-HU\",\"publisher\":{\"@id\":\"https:\\\/\\\/allasorias.hu\\\/hirek\\\/#organization\"}}]}\n\t\t<\/script>\n\t\t<!-- All in One SEO -->\n\n","aioseo_head_json":{"title":"Minden \u00f6t\u00f6dik dolgoz\u00f3 magyar gondolkodik munkahelyv\u00e1lt\u00e1son","description":"Minden \u00f6t\u00f6dik dolgoz\u00f3 magyar gondolkodik azon, hogy m\u00e1s munk\u00e1ba kezdjen, vagy m\u00e1r keresi is az \u00faj lehet\u0151s\u00e9get \u2013 der\u00fcl ki egy friss felm\u00e9r\u00e9s\u00e9b\u0151l.","canonical_url":"https:\/\/allasorias.hu\/hirek\/sok-dolgozo-szeretne-mas-munkat-a-diplomasok-feltik-a-munkajukat\/","robots":"max-image-preview:large","keywords":"karrierv\u00e1lt\u00e1s,munkahelyv\u00e1lt\u00e1s","webmasterTools":{"miscellaneous":""},"schema":{"@context":"https:\/\/schema.org","@graph":[{"@type":"Article","@id":"https:\/\/allasorias.hu\/hirek\/sok-dolgozo-szeretne-mas-munkat-a-diplomasok-feltik-a-munkajukat\/#article","name":"Minden \u00f6t\u00f6dik dolgoz\u00f3 magyar gondolkodik munkahelyv\u00e1lt\u00e1son","headline":"Sok dolgoz\u00f3 szeretne m\u00e1s munk\u00e1t, a diplom\u00e1sok f\u00e9ltik a munk\u00e1jukat","author":{"@id":"https:\/\/allasorias.hu\/hirek\/author\/admin-allasorias\/#author"},"publisher":{"@id":"https:\/\/allasorias.hu\/hirek\/#organization"},"image":{"@type":"ImageObject","url":"https:\/\/allasorias.hu\/hirek\/wp-content\/uploads\/2023\/10\/munkahelyvaltas.jpg","width":1280,"height":853,"caption":"Sok dolgoz\u00f3 szeretne m\u00e1s munk\u00e1t, a diplom\u00e1sok f\u00e9ltik a munk\u00e1jukat - Allasorias.hu\/Hirek"},"datePublished":"2023-10-06T10:26:27+02:00","dateModified":"2023-10-06T10:30:18+02:00","inLanguage":"hu-HU","mainEntityOfPage":{"@id":"https:\/\/allasorias.hu\/hirek\/sok-dolgozo-szeretne-mas-munkat-a-diplomasok-feltik-a-munkajukat\/#webpage"},"isPartOf":{"@id":"https:\/\/allasorias.hu\/hirek\/sok-dolgozo-szeretne-mas-munkat-a-diplomasok-feltik-a-munkajukat\/#webpage"},"articleSection":"Munkaer\u0151piac, karrierv\u00e1lt\u00e1s, munkahelyv\u00e1lt\u00e1s"},{"@type":"BreadcrumbList","@id":"https:\/\/allasorias.hu\/hirek\/sok-dolgozo-szeretne-mas-munkat-a-diplomasok-feltik-a-munkajukat\/#breadcrumblist","itemListElement":[{"@type":"ListItem","@id":"https:\/\/allasorias.hu\/hirek#listItem","position":1,"name":"Home","item":"https:\/\/allasorias.hu\/hirek","nextItem":{"@type":"ListItem","@id":"https:\/\/allasorias.hu\/hirek\/temak\/munkaeropiac\/#listItem","name":"Munkaer\u0151piac"}},{"@type":"ListItem","@id":"https:\/\/allasorias.hu\/hirek\/temak\/munkaeropiac\/#listItem","position":2,"name":"Munkaer\u0151piac","item":"https:\/\/allasorias.hu\/hirek\/temak\/munkaeropiac\/","nextItem":{"@type":"ListItem","@id":"https:\/\/allasorias.hu\/hirek\/sok-dolgozo-szeretne-mas-munkat-a-diplomasok-feltik-a-munkajukat\/#listItem","name":"Sok dolgoz\u00f3 szeretne m\u00e1s munk\u00e1t, a diplom\u00e1sok f\u00e9ltik a munk\u00e1jukat"},"previousItem":{"@type":"ListItem","@id":"https:\/\/allasorias.hu\/hirek#listItem","name":"Home"}},{"@type":"ListItem","@id":"https:\/\/allasorias.hu\/hirek\/sok-dolgozo-szeretne-mas-munkat-a-diplomasok-feltik-a-munkajukat\/#listItem","position":3,"name":"Sok dolgoz\u00f3 szeretne m\u00e1s munk\u00e1t, a diplom\u00e1sok f\u00e9ltik a munk\u00e1jukat","previousItem":{"@type":"ListItem","@id":"https:\/\/allasorias.hu\/hirek\/temak\/munkaeropiac\/#listItem","name":"Munkaer\u0151piac"}}]},{"@type":"Organization","@id":"https:\/\/allasorias.hu\/hirek\/#organization","name":"AllasOrias.hu | H\u00edrek-lapszemle","description":"\u00dczleti h\u00edrek az \u00e1ll\u00e1s \u00e9s a munka vil\u00e1g\u00e1b\u00f3l","url":"https:\/\/allasorias.hu\/hirek\/","logo":{"@type":"ImageObject","url":"https:\/\/allasorias.hu\/hirek\/wp-content\/uploads\/2022\/10\/allasorias_site_facebok_logo.png","@id":"https:\/\/allasorias.hu\/hirek\/sok-dolgozo-szeretne-mas-munkat-a-diplomasok-feltik-a-munkajukat\/#organizationLogo"},"image":{"@id":"https:\/\/allasorias.hu\/hirek\/sok-dolgozo-szeretne-mas-munkat-a-diplomasok-feltik-a-munkajukat\/#organizationLogo"},"sameAs":["https:\/\/www.facebook.com\/allasorias","https:\/\/www.linkedin.com\/company\/allasorias"]},{"@type":"Person","@id":"https:\/\/allasorias.hu\/hirek\/author\/admin-allasorias\/#author","url":"https:\/\/allasorias.hu\/hirek\/author\/admin-allasorias\/","name":"Juh\u00e1sz P\u00e9ter","image":{"@type":"ImageObject","@id":"https:\/\/allasorias.hu\/hirek\/sok-dolgozo-szeretne-mas-munkat-a-diplomasok-feltik-a-munkajukat\/#authorImage","url":"https:\/\/secure.gravatar.com\/avatar\/36e6bcb83148978b992977cb0f54d22feb0cce8a0a849a9410532bb2623ba4c6?s=96&d=mm&r=g","width":96,"height":96,"caption":"Juh\u00e1sz P\u00e9ter"}},{"@type":"WebPage","@id":"https:\/\/allasorias.hu\/hirek\/sok-dolgozo-szeretne-mas-munkat-a-diplomasok-feltik-a-munkajukat\/#webpage","url":"https:\/\/allasorias.hu\/hirek\/sok-dolgozo-szeretne-mas-munkat-a-diplomasok-feltik-a-munkajukat\/","name":"Minden \u00f6t\u00f6dik dolgoz\u00f3 magyar gondolkodik munkahelyv\u00e1lt\u00e1son","description":"Minden \u00f6t\u00f6dik dolgoz\u00f3 magyar gondolkodik azon, hogy m\u00e1s munk\u00e1ba kezdjen, vagy m\u00e1r keresi is az \u00faj lehet\u0151s\u00e9get \u2013 der\u00fcl ki egy friss felm\u00e9r\u00e9s\u00e9b\u0151l.","inLanguage":"hu-HU","isPartOf":{"@id":"https:\/\/allasorias.hu\/hirek\/#website"},"breadcrumb":{"@id":"https:\/\/allasorias.hu\/hirek\/sok-dolgozo-szeretne-mas-munkat-a-diplomasok-feltik-a-munkajukat\/#breadcrumblist"},"author":{"@id":"https:\/\/allasorias.hu\/hirek\/author\/admin-allasorias\/#author"},"creator":{"@id":"https:\/\/allasorias.hu\/hirek\/author\/admin-allasorias\/#author"},"image":{"@type":"ImageObject","url":"https:\/\/allasorias.hu\/hirek\/wp-content\/uploads\/2023\/10\/munkahelyvaltas.jpg","@id":"https:\/\/allasorias.hu\/hirek\/sok-dolgozo-szeretne-mas-munkat-a-diplomasok-feltik-a-munkajukat\/#mainImage","width":1280,"height":853,"caption":"Sok dolgoz\u00f3 szeretne m\u00e1s munk\u00e1t, a diplom\u00e1sok f\u00e9ltik a munk\u00e1jukat - Allasorias.hu\/Hirek"},"primaryImageOfPage":{"@id":"https:\/\/allasorias.hu\/hirek\/sok-dolgozo-szeretne-mas-munkat-a-diplomasok-feltik-a-munkajukat\/#mainImage"},"datePublished":"2023-10-06T10:26:27+02:00","dateModified":"2023-10-06T10:30:18+02:00"},{"@type":"WebSite","@id":"https:\/\/allasorias.hu\/hirek\/#website","url":"https:\/\/allasorias.hu\/hirek\/","name":"AllasOrias.hu | H\u00edrek-lapszemle","description":"\u00dczleti h\u00edrek az \u00e1ll\u00e1s \u00e9s a munka vil\u00e1g\u00e1b\u00f3l","inLanguage":"hu-HU","publisher":{"@id":"https:\/\/allasorias.hu\/hirek\/#organization"}}]},"og:locale":"hu_HU","og:site_name":"AllasOrias.hu | H\u00edrek-lapszemle | \u00dczleti h\u00edrek az \u00e1ll\u00e1s \u00e9s a munka vil\u00e1g\u00e1b\u00f3l","og:type":"article","og:title":"Minden \u00f6t\u00f6dik dolgoz\u00f3 magyar gondolkodik munkahelyv\u00e1lt\u00e1son","og:description":"Minden \u00f6t\u00f6dik dolgoz\u00f3 magyar gondolkodik azon, hogy m\u00e1s munk\u00e1ba kezdjen, vagy m\u00e1r keresi is az \u00faj lehet\u0151s\u00e9get \u2013 der\u00fcl ki egy friss felm\u00e9r\u00e9s\u00e9b\u0151l.","og:url":"https:\/\/allasorias.hu\/hirek\/sok-dolgozo-szeretne-mas-munkat-a-diplomasok-feltik-a-munkajukat\/","og:image":"https:\/\/allasorias.hu\/hirek\/wp-content\/uploads\/2023\/10\/munkahelyvaltas.jpg","og:image:secure_url":"https:\/\/allasorias.hu\/hirek\/wp-content\/uploads\/2023\/10\/munkahelyvaltas.jpg","og:image:width":1280,"og:image:height":853,"article:published_time":"2023-10-06T08:26:27+00:00","article:modified_time":"2023-10-06T08:30:18+00:00","article:publisher":"https:\/\/www.facebook.com\/allasorias","twitter:card":"summary_large_image","twitter:title":"Minden \u00f6t\u00f6dik dolgoz\u00f3 magyar gondolkodik munkahelyv\u00e1lt\u00e1son","twitter:description":"Minden \u00f6t\u00f6dik dolgoz\u00f3 magyar gondolkodik azon, hogy m\u00e1s munk\u00e1ba kezdjen, vagy m\u00e1r keresi is az \u00faj lehet\u0151s\u00e9get \u2013 der\u00fcl ki egy friss felm\u00e9r\u00e9s\u00e9b\u0151l.","twitter:image":"https:\/\/allasorias.hu\/hirek\/wp-content\/uploads\/2023\/10\/munkahelyvaltas.jpg","twitter:label1":"Written by","twitter:data1":"Juh\u00e1sz P\u00e9ter","twitter:label2":"Est. reading time","twitter:data2":"4 minutes"},"aioseo_meta_data":{"post_id":"6869","title":"Minden \u00f6t\u00f6dik dolgoz\u00f3 magyar gondolkodik munkahelyv\u00e1lt\u00e1son","description":"Minden \u00f6t\u00f6dik dolgoz\u00f3 magyar gondolkodik azon, hogy m\u00e1s munk\u00e1ba kezdjen, vagy m\u00e1r keresi is az \u00faj lehet\u0151s\u00e9get \u2013 der\u00fcl ki egy friss felm\u00e9r\u00e9s\u00e9b\u0151l.","keywords":[],"keyphrases":{"focus":{"keyphrase":"","score":0,"analysis":{"keyphraseInTitle":{"score":0,"maxScore":9,"error":1}}},"additional":[]},"primary_term":null,"canonical_url":null,"og_title":null,"og_description":null,"og_object_type":"default","og_image_type":"default","og_image_url":null,"og_image_width":null,"og_image_height":null,"og_image_custom_url":null,"og_image_custom_fields":null,"og_video":"","og_custom_url":null,"og_article_section":null,"og_article_tags":[],"twitter_use_og":true,"twitter_card":"default","twitter_image_type":"default","twitter_image_url":null,"twitter_image_custom_url":null,"twitter_image_custom_fields":null,"twitter_title":null,"twitter_description":null,"schema":{"blockGraphs":[],"customGraphs":[],"default":{"data":{"Article":[],"Course":[],"Dataset":[],"FAQPage":[],"Movie":[],"Person":[],"Product":[],"ProductReview":[],"Car":[],"Recipe":[],"Service":[],"SoftwareApplication":[],"WebPage":[]},"graphName":"Article","isEnabled":true},"graphs":[]},"schema_type":"default","schema_type_options":null,"pillar_content":false,"robots_default":true,"robots_noindex":false,"robots_noarchive":false,"robots_nosnippet":false,"robots_nofollow":false,"robots_noimageindex":false,"robots_noodp":false,"robots_notranslate":false,"robots_max_snippet":"-1","robots_max_videopreview":"-1","robots_max_imagepreview":"large","priority":null,"frequency":"default","location":null,"local_seo":null,"breadcrumb_settings":null,"limit_modified_date":false,"ai":null,"created":"2023-10-06 07:39:57","updated":"2025-10-02 19:07:21","seo_analyzer_scan_date":null,"focus_keyword":null,"additional_keywords":null,"truseo_locale":null},"aioseo_breadcrumb":"<div class=\"aioseo-breadcrumbs\"><span class=\"aioseo-breadcrumb\">\n\t\t\t<a href=\"https:\/\/allasorias.hu\/hirek\" title=\"Home\">Home<\/a>\n\t\t<\/span><span class=\"aioseo-breadcrumb-separator\">&raquo;<\/span><span class=\"aioseo-breadcrumb\">\n\t\t\t<a href=\"https:\/\/allasorias.hu\/hirek\/temak\/munkaeropiac\/\" title=\"Munkaer\u0151piac\">Munkaer\u0151piac<\/a>\n\t\t<\/span><span class=\"aioseo-breadcrumb-separator\">&raquo;<\/span><span class=\"aioseo-breadcrumb\">\n\t\t\tSok dolgoz\u00f3 szeretne m\u00e1s munk\u00e1t, a diplom\u00e1sok f\u00e9ltik a munk\u00e1jukat\n\t\t<\/span><\/div>","aioseo_breadcrumb_json":[{"label":"Home","link":"https:\/\/allasorias.hu\/hirek"},{"label":"Munkaer\u0151piac","link":"https:\/\/allasorias.hu\/hirek\/temak\/munkaeropiac\/"},{"label":"Sok dolgoz\u00f3 szeretne m\u00e1s munk\u00e1t, a diplom\u00e1sok f\u00e9ltik a munk\u00e1jukat","link":"https:\/\/allasorias.hu\/hirek\/sok-dolgozo-szeretne-mas-munkat-a-diplomasok-feltik-a-munkajukat\/"}],"_links":{"self":[{"href":"https:\/\/allasorias.hu\/hirek\/wp-json\/wp\/v2\/posts\/6869","targetHints":{"allow":["GET"]}}],"collection":[{"href":"https:\/\/allasorias.hu\/hirek\/wp-json\/wp\/v2\/posts"}],"about":[{"href":"https:\/\/allasorias.hu\/hirek\/wp-json\/wp\/v2\/types\/post"}],"author":[{"embeddable":true,"href":"https:\/\/allasorias.hu\/hirek\/wp-json\/wp\/v2\/users\/1"}],"replies":[{"embeddable":true,"href":"https:\/\/allasorias.hu\/hirek\/wp-json\/wp\/v2\/comments?post=6869"}],"version-history":[{"count":3,"href":"https:\/\/allasorias.hu\/hirek\/wp-json\/wp\/v2\/posts\/6869\/revisions"}],"predecessor-version":[{"id":6873,"href":"https:\/\/allasorias.hu\/hirek\/wp-json\/wp\/v2\/posts\/6869\/revisions\/6873"}],"wp:featuredmedia":[{"embeddable":true,"href":"https:\/\/allasorias.hu\/hirek\/wp-json\/wp\/v2\/media\/6870"}],"wp:attachment":[{"href":"https:\/\/allasorias.hu\/hirek\/wp-json\/wp\/v2\/media?parent=6869"}],"wp:term":[{"taxonomy":"category","embeddable":true,"href":"https:\/\/allasorias.hu\/hirek\/wp-json\/wp\/v2\/categories?post=6869"},{"taxonomy":"post_tag","embeddable":true,"href":"https:\/\/allasorias.hu\/hirek\/wp-json\/wp\/v2\/tags?post=6869"}],"curies":[{"name":"wp","href":"https:\/\/api.w.org\/{rel}","templated":true}]}}