{"id":6863,"date":"2023-10-05T11:19:10","date_gmt":"2023-10-05T09:19:10","guid":{"rendered":"https:\/\/allasorias.hu\/hirek\/?p=6863"},"modified":"2023-10-05T11:26:13","modified_gmt":"2023-10-05T09:26:13","slug":"a-magyar-szakkepzes-europa-bajnok","status":"publish","type":"post","link":"https:\/\/allasorias.hu\/hirek\/a-magyar-szakkepzes-europa-bajnok\/","title":{"rendered":"A magyar szakk\u00e9pz\u00e9s Eur\u00f3pa-bajnok"},"content":{"rendered":"<p><strong>A szakk\u00e9pz\u00e9sben, a fels\u0151oktat\u00e1sban vagy a feln\u0151ttk\u00e9pz\u00e9sben elv\u00e9gezhet\u0151 r\u00f6vid k\u00e9pz\u00e9sek igazol\u00e1s\u00e1ra egys\u00e9ges mikrotan\u00fas\u00edtv\u00e1nyok bevezet\u00e9s\u00e9t tervezi a korm\u00e1ny \u2013 mondta Hank\u00f3 Bal\u00e1zs az egys\u00e9ges mikrotan\u00fas\u00edtv\u00e1ny rendszer (EMR) \u00e9s az egy\u00e9ni tanul\u00e1si sz\u00e1mla (ETSZ) magyarorsz\u00e1gi helyzet\u00e9t bemutat\u00f3 rendezv\u00e9nyen. <\/strong><\/p>\n<p>A fels\u0151oktat\u00e1snak olyan diplom\u00e1s szakembereket kell k\u00e9peznie, akik megfelel\u0151 gyakorlati tapasztalattal helyezkedhetnek el a munkaer\u0151piacon \u00e9s Magyarorsz\u00e1g \u201etud\u00e1sgazdas\u00e1g\u00e1t\u201d b\u0151v\u00edthetik, valamint fokozz\u00e1k a magyar innov\u00e1ci\u00f3t \u00e9s a magyar kreativit\u00e1st \u2013 mondta a Kultur\u00e1lis \u00e9s Innov\u00e1ci\u00f3s Miniszt\u00e9rium (KIM) innov\u00e1ci\u00f3\u00e9rt \u00e9s fels\u0151oktat\u00e1s\u00e9rt felel\u0151s \u00e1llamtitk\u00e1ra egy szakmai konferenci\u00e1n. Hozz\u00e1tette: a fels\u0151oktat\u00e1s, <a href=\"https:\/\/allasorias.hu\/hirek\/?s=szakk%C3%A9pz%C3%A9s\">a szakk\u00e9pz\u00e9s, a feln\u0151ttk\u00e9pz\u00e9s \u00e9s az innov\u00e1ci\u00f3<\/a> egym\u00e1ssal \u00f6sszekapcsol\u00f3d\u00f3 fontos ter\u00fcletek, amelyek feladata a magyar gazdas\u00e1g \u00e9s a magyar t\u00e1rsadalom jelenlegi \u00e9s j\u00f6v\u0151beni ig\u00e9nyeinek kiszolg\u00e1l\u00e1sa.<\/p>\n<h2>12 magyar egyetem van a top 5%-ban<\/h2>\n<p>A meg\u00fajult szakk\u00e9pz\u00e9si rendszer \u201emestereket\u201d ad a gazdas\u00e1g szerepl\u0151ivel egy\u00fcttm\u0171k\u00f6d\u00e9sben megval\u00f3sul\u00f3 du\u00e1lis k\u00e9pz\u00e9snek k\u00f6sz\u00f6nhet\u0151en, a feln\u0151ttk\u00e9pz\u00e9s pedig egyfajta gyors reag\u00e1l\u00e1s a folyamatosan v\u00e1ltoz\u00f3 k\u00f6rnyezetre \u00e9s gazdas\u00e1gi ig\u00e9nyekre \u2013 mondta az \u00e1llamtitk\u00e1r. Nem \u00e1llunk rosszul, a magyar szakk\u00e9pz\u00e9s ugyanis Eur\u00f3pa-bajnok, a magyar fels\u0151oktat\u00e1sb\u00f3l 12 egyetem van a vil\u00e1g legjobb \u00f6t sz\u00e1zal\u00e9k\u00e1ban, \u00e9s majdnem minden napra jut egy Nobel-d\u00edj \u2013 fogalmazott Hank\u00f3 Bal\u00e1zs.<\/p>\n<p>Ebbe a sorba illeszkedn\u00e9nek a mikrotan\u00fas\u00edtv\u00e1nyok, amelyek a szakk\u00e9pz\u00e9sben, a fels\u0151oktat\u00e1sban vagy a feln\u0151ttk\u00e9pz\u00e9sben elv\u00e9gezhet\u0151 r\u00f6vid k\u00e9pz\u00e9st igazol\u00f3 dokumentumok lenn\u00e9nek \u2013 magyar\u00e1zta az \u00e1llamtitk\u00e1r. R\u00e1mutatott: a mikrotan\u00fas\u00edtv\u00e1nyok rendszer\u00e9nek k\u00f6sz\u00f6nhet\u0151en a szakk\u00e9pz\u00e9s modul\u00e1ris rendszer\u00e9b\u0151l r\u00e9szszakm\u00e1k \u00e9s alapszakm\u00e1k j\u00f6hetn\u00e9nek l\u00e9tre, a fels\u0151oktat\u00e1sban pedig kredit is j\u00e1rna az elv\u00e9gz\u00e9s\u00fck\u00e9rt. Megjegyezte, hogy a mikrotan\u00fas\u00edtv\u00e1nyoknak k\u00f6sz\u00f6nhet\u0151en gyors k\u00e9pz\u00e9seket lehetne biztos\u00edtani, amelyek er\u0151s\u00edten\u00e9k a munkaer\u0151piaci hat\u00e9konys\u00e1got is.<\/p>\n<h2>A digit\u00e1lis tanyag lenne az alapja<\/h2>\n<p>Mindennek k\u00f6z\u00f6s kulcsa a digit\u00e1lis tananyag lehetne, amely a szakk\u00e9pz\u00e9sben m\u00e1r sz\u00e1mos ter\u00fcleten, a fels\u0151oktat\u00e1sban pedig egyre sz\u00e9lesebb k\u00f6rben el\u00e9rhet\u0151 \u2013 tette hozz\u00e1 Hank\u00f3 Bal\u00e1zs. Az egy\u00e9ni tanul\u00e1si sz\u00e1ml\u00e1r\u00f3l azt mondta, hogy az egyfajta \u201etanul\u00e1si Sz\u00e9p-k\u00e1rtya\u201d lenne, amely a k\u00e9pz\u00e9s finansz\u00edroz\u00e1s\u00e1t seg\u00edten\u00e9 az abban r\u00e9sztvev\u0151knek. A c\u00e9l az, hogy Magyarorsz\u00e1g versenyk\u00e9pesebb legyen, \u00e9s beker\u00fclj\u00f6n Eur\u00f3pa els\u0151 \u00f6t azon orsz\u00e1ga k\u00f6z\u00e9, ahol j\u00f3 \u00e9lni \u00e9s dolgozni \u2013 hangoztatta az \u00e1llamtitk\u00e1r.<\/p>\n<p>A mikrotan\u00fas\u00edtv\u00e1nyok az Eur\u00f3pai Tan\u00e1cs aj\u00e1nl\u00e1sa alapj\u00e1n \u201ekis volumen\u0171 tanul\u00e1si egys\u00e9gek elv\u00e9gz\u00e9s\u00e9t k\u00f6vet\u0151en a k\u00e9pz\u00e9sben r\u00e9szt vev\u0151 \u00e1ltal megszerzett eredm\u00e9nyeket igazol\u00f3 dokumentumok\u201d. \u00cdgy p\u00e9ld\u00e1ul a fels\u0151oktat\u00e1sban egy adott kurzus, a szakk\u00e9pz\u00e9sben egy tant\u00e1rgy, a feln\u0151ttk\u00e9pz\u00e9sben egy adott tananyagegys\u00e9g sikeres elv\u00e9gz\u00e9s\u00e9t igazolja. P\u00e9ld\u00e1ul egy aut\u00f3szerel\u0151 beiratkozhat az elektromos aut\u00f3kra vonatkoz\u00f3 tananyagegys\u00e9gek elv\u00e9gz\u00e9s\u00e9re a szakk\u00e9pz\u00e9sben, egy programoz\u00f3 pedig felvehet egy \u00faj programoz\u00f3i nyelv elsaj\u00e1t\u00edt\u00e1s\u00e1ra szolg\u00e1l\u00f3 kurzust valamely fels\u0151oktat\u00e1si int\u00e9zm\u00e9nyben. A mikrotan\u00fas\u00edtv\u00e1nyok ez\u00e1ltal kiemelt szerepet t\u00f6lthetnek be az \u00e9lethosszig tart\u00f3 tanul\u00e1sban.<\/p>\n<p>Forr\u00e1s: <a href=\"https:\/\/magyarnemzet.hu\/belfold\/2023\/10\/valtozasok-a-rovid-kepzeseknel-jon-a-tanulasi-szep-kartya-hanko-balazs-mikrotanusitvany-egyeni-tanulasi-szamla\" target=\"_blank\" rel=\"nofollow noopener noreferrer\">magyarnemzet.hu<\/a><\/p>\n","protected":false},"excerpt":{"rendered":"<p>A szakk\u00e9pz\u00e9sben, a fels\u0151oktat\u00e1sban vagy a feln\u0151ttk\u00e9pz\u00e9sben elv\u00e9gezhet\u0151 r\u00f6vid k\u00e9pz\u00e9sek igazol\u00e1s\u00e1ra egys\u00e9ges mikrotan\u00fas\u00edtv\u00e1nyok bevezet\u00e9s\u00e9t tervezi a korm\u00e1ny \u2013 mondta Hank\u00f3 Bal\u00e1zs az egys\u00e9ges mikrotan\u00fas\u00edtv\u00e1ny rendszer (EMR) \u00e9s az egy\u00e9ni tanul\u00e1si sz\u00e1mla (ETSZ) magyarorsz\u00e1gi helyzet\u00e9t bemutat\u00f3 rendezv\u00e9nyen. A fels\u0151oktat\u00e1snak olyan diplom\u00e1s szakembereket kell k\u00e9peznie, akik megfelel\u0151 gyakorlati tapasztalattal helyezkedhetnek el a munkaer\u0151piacon \u00e9s Magyarorsz\u00e1g \u201etud\u00e1sgazdas\u00e1g\u00e1t\u201d b\u0151v\u00edthetik, [&hellip;]<\/p>\n","protected":false},"author":1,"featured_media":6864,"comment_status":"open","ping_status":"open","sticky":false,"template":"","format":"standard","meta":{"_monsterinsights_skip_tracking":false,"footnotes":""},"categories":[200],"tags":[594,613,614],"class_list":["post-6863","post","type-post","status-publish","format-standard","has-post-thumbnail","hentry","category-munkaeropiac","tag-felsooktatas","tag-mikrotanusitvany","tag-szakkepzes"],"aioseo_notices":[],"aioseo_head":"\n\t\t<!-- All in One SEO 5.0.0.1 - aioseo.com -->\n\t<meta name=\"description\" content=\"A szakk\u00e9pz\u00e9sben, a fels\u0151oktat\u00e1sban vagy a feln\u0151ttk\u00e9pz\u00e9sben elv\u00e9gezhet\u0151 r\u00f6vid k\u00e9pz\u00e9sek igazol\u00e1s\u00e1ra egys\u00e9ges mikrotan\u00fas\u00edtv\u00e1nyok bevezet\u00e9s\u00e9t tervezi a korm\u00e1ny.\" \/>\n\t<meta name=\"robots\" content=\"max-image-preview:large\" \/>\n\t<meta name=\"author\" content=\"Juh\u00e1sz P\u00e9ter\"\/>\n\t<meta name=\"keywords\" content=\"fels\u0151oktat\u00e1s,mikrotan\u00fas\u00edtv\u00e1ny,szakk\u00e9pz\u00e9s\" \/>\n\t<link rel=\"canonical\" href=\"https:\/\/allasorias.hu\/hirek\/a-magyar-szakkepzes-europa-bajnok\/\" \/>\n\t<meta name=\"generator\" content=\"All in One SEO (AIOSEO) 5.0.0.1\" \/>\n\t\t<meta property=\"og:locale\" content=\"hu_HU\" \/>\n\t\t<meta property=\"og:site_name\" content=\"AllasOrias.hu | H\u00edrek-lapszemle | \u00dczleti h\u00edrek az \u00e1ll\u00e1s \u00e9s a munka vil\u00e1g\u00e1b\u00f3l\" \/>\n\t\t<meta property=\"og:type\" content=\"article\" \/>\n\t\t<meta property=\"og:title\" content=\"A magyar szakk\u00e9pz\u00e9s Eur\u00f3pa-bajnok | Alasorias.hu\/Hirek\" \/>\n\t\t<meta property=\"og:description\" content=\"A szakk\u00e9pz\u00e9sben, a fels\u0151oktat\u00e1sban vagy a feln\u0151ttk\u00e9pz\u00e9sben elv\u00e9gezhet\u0151 r\u00f6vid k\u00e9pz\u00e9sek igazol\u00e1s\u00e1ra egys\u00e9ges mikrotan\u00fas\u00edtv\u00e1nyok bevezet\u00e9s\u00e9t tervezi a korm\u00e1ny.\" \/>\n\t\t<meta property=\"og:url\" content=\"https:\/\/allasorias.hu\/hirek\/a-magyar-szakkepzes-europa-bajnok\/\" \/>\n\t\t<meta property=\"og:image\" content=\"https:\/\/allasorias.hu\/hirek\/wp-content\/uploads\/2023\/10\/egyseges-mikrotanusitvanyok-bevezetese.jpg\" \/>\n\t\t<meta property=\"og:image:secure_url\" content=\"https:\/\/allasorias.hu\/hirek\/wp-content\/uploads\/2023\/10\/egyseges-mikrotanusitvanyok-bevezetese.jpg\" \/>\n\t\t<meta property=\"og:image:width\" content=\"1280\" \/>\n\t\t<meta property=\"og:image:height\" content=\"676\" \/>\n\t\t<meta property=\"article:published_time\" content=\"2023-10-05T09:19:10+00:00\" \/>\n\t\t<meta property=\"article:modified_time\" content=\"2023-10-05T09:26:13+00:00\" \/>\n\t\t<meta property=\"article:publisher\" content=\"https:\/\/www.facebook.com\/allasorias\" \/>\n\t\t<meta name=\"twitter:card\" content=\"summary_large_image\" \/>\n\t\t<meta name=\"twitter:title\" content=\"A magyar szakk\u00e9pz\u00e9s Eur\u00f3pa-bajnok | Alasorias.hu\/Hirek\" \/>\n\t\t<meta name=\"twitter:description\" content=\"A szakk\u00e9pz\u00e9sben, a fels\u0151oktat\u00e1sban vagy a feln\u0151ttk\u00e9pz\u00e9sben elv\u00e9gezhet\u0151 r\u00f6vid k\u00e9pz\u00e9sek igazol\u00e1s\u00e1ra egys\u00e9ges mikrotan\u00fas\u00edtv\u00e1nyok bevezet\u00e9s\u00e9t tervezi a korm\u00e1ny.\" \/>\n\t\t<meta name=\"twitter:image\" content=\"https:\/\/allasorias.hu\/hirek\/wp-content\/uploads\/2023\/10\/egyseges-mikrotanusitvanyok-bevezetese.jpg\" \/>\n\t\t<meta name=\"twitter:label1\" content=\"Written by\" \/>\n\t\t<meta name=\"twitter:data1\" content=\"Juh\u00e1sz P\u00e9ter\" \/>\n\t\t<meta name=\"twitter:label2\" content=\"Est. reading time\" \/>\n\t\t<meta name=\"twitter:data2\" content=\"3 minutes\" \/>\n\t\t<script type=\"application\/ld+json\" class=\"aioseo-schema\">\n\t\t\t{\"@context\":\"https:\\\/\\\/schema.org\",\"@graph\":[{\"@type\":\"Article\",\"@id\":\"https:\\\/\\\/allasorias.hu\\\/hirek\\\/a-magyar-szakkepzes-europa-bajnok\\\/#article\",\"name\":\"A magyar szakk\\u00e9pz\\u00e9s Eur\\u00f3pa-bajnok | Alasorias.hu\\\/Hirek\",\"headline\":\"A magyar szakk\\u00e9pz\\u00e9s Eur\\u00f3pa-bajnok\",\"author\":{\"@id\":\"https:\\\/\\\/allasorias.hu\\\/hirek\\\/author\\\/admin-allasorias\\\/#author\"},\"publisher\":{\"@id\":\"https:\\\/\\\/allasorias.hu\\\/hirek\\\/#organization\"},\"image\":{\"@type\":\"ImageObject\",\"url\":\"https:\\\/\\\/allasorias.hu\\\/hirek\\\/wp-content\\\/uploads\\\/2023\\\/10\\\/egyseges-mikrotanusitvanyok-bevezetese.jpg\",\"width\":1280,\"height\":676,\"caption\":\"A magyar szakk\\u00e9pz\\u00e9s Eur\\u00f3pa-bajnok - Alalsorias.hu\\\/Hirek\"},\"datePublished\":\"2023-10-05T11:19:10+02:00\",\"dateModified\":\"2023-10-05T11:26:13+02:00\",\"inLanguage\":\"hu-HU\",\"mainEntityOfPage\":{\"@id\":\"https:\\\/\\\/allasorias.hu\\\/hirek\\\/a-magyar-szakkepzes-europa-bajnok\\\/#webpage\"},\"isPartOf\":{\"@id\":\"https:\\\/\\\/allasorias.hu\\\/hirek\\\/a-magyar-szakkepzes-europa-bajnok\\\/#webpage\"},\"articleSection\":\"Munkaer\\u0151piac, fels\\u0151oktat\\u00e1s, mikrotan\\u00fas\\u00edtv\\u00e1ny, szakk\\u00e9pz\\u00e9s\"},{\"@type\":\"BreadcrumbList\",\"@id\":\"https:\\\/\\\/allasorias.hu\\\/hirek\\\/a-magyar-szakkepzes-europa-bajnok\\\/#breadcrumblist\",\"itemListElement\":[{\"@type\":\"ListItem\",\"@id\":\"https:\\\/\\\/allasorias.hu\\\/hirek#listItem\",\"position\":1,\"name\":\"Home\",\"item\":\"https:\\\/\\\/allasorias.hu\\\/hirek\",\"nextItem\":{\"@type\":\"ListItem\",\"@id\":\"https:\\\/\\\/allasorias.hu\\\/hirek\\\/temak\\\/munkaeropiac\\\/#listItem\",\"name\":\"Munkaer\\u0151piac\"}},{\"@type\":\"ListItem\",\"@id\":\"https:\\\/\\\/allasorias.hu\\\/hirek\\\/temak\\\/munkaeropiac\\\/#listItem\",\"position\":2,\"name\":\"Munkaer\\u0151piac\",\"item\":\"https:\\\/\\\/allasorias.hu\\\/hirek\\\/temak\\\/munkaeropiac\\\/\",\"nextItem\":{\"@type\":\"ListItem\",\"@id\":\"https:\\\/\\\/allasorias.hu\\\/hirek\\\/a-magyar-szakkepzes-europa-bajnok\\\/#listItem\",\"name\":\"A magyar szakk\\u00e9pz\\u00e9s Eur\\u00f3pa-bajnok\"},\"previousItem\":{\"@type\":\"ListItem\",\"@id\":\"https:\\\/\\\/allasorias.hu\\\/hirek#listItem\",\"name\":\"Home\"}},{\"@type\":\"ListItem\",\"@id\":\"https:\\\/\\\/allasorias.hu\\\/hirek\\\/a-magyar-szakkepzes-europa-bajnok\\\/#listItem\",\"position\":3,\"name\":\"A magyar szakk\\u00e9pz\\u00e9s Eur\\u00f3pa-bajnok\",\"previousItem\":{\"@type\":\"ListItem\",\"@id\":\"https:\\\/\\\/allasorias.hu\\\/hirek\\\/temak\\\/munkaeropiac\\\/#listItem\",\"name\":\"Munkaer\\u0151piac\"}}]},{\"@type\":\"Organization\",\"@id\":\"https:\\\/\\\/allasorias.hu\\\/hirek\\\/#organization\",\"name\":\"AllasOrias.hu | H\\u00edrek-lapszemle\",\"description\":\"\\u00dczleti h\\u00edrek az \\u00e1ll\\u00e1s \\u00e9s a munka vil\\u00e1g\\u00e1b\\u00f3l\",\"url\":\"https:\\\/\\\/allasorias.hu\\\/hirek\\\/\",\"logo\":{\"@type\":\"ImageObject\",\"url\":\"https:\\\/\\\/allasorias.hu\\\/hirek\\\/wp-content\\\/uploads\\\/2022\\\/10\\\/allasorias_site_facebok_logo.png\",\"@id\":\"https:\\\/\\\/allasorias.hu\\\/hirek\\\/a-magyar-szakkepzes-europa-bajnok\\\/#organizationLogo\"},\"image\":{\"@id\":\"https:\\\/\\\/allasorias.hu\\\/hirek\\\/a-magyar-szakkepzes-europa-bajnok\\\/#organizationLogo\"},\"sameAs\":[\"https:\\\/\\\/www.facebook.com\\\/allasorias\",\"https:\\\/\\\/www.linkedin.com\\\/company\\\/allasorias\"]},{\"@type\":\"Person\",\"@id\":\"https:\\\/\\\/allasorias.hu\\\/hirek\\\/author\\\/admin-allasorias\\\/#author\",\"url\":\"https:\\\/\\\/allasorias.hu\\\/hirek\\\/author\\\/admin-allasorias\\\/\",\"name\":\"Juh\\u00e1sz P\\u00e9ter\",\"image\":{\"@type\":\"ImageObject\",\"@id\":\"https:\\\/\\\/allasorias.hu\\\/hirek\\\/a-magyar-szakkepzes-europa-bajnok\\\/#authorImage\",\"url\":\"https:\\\/\\\/secure.gravatar.com\\\/avatar\\\/36e6bcb83148978b992977cb0f54d22feb0cce8a0a849a9410532bb2623ba4c6?s=96&d=mm&r=g\",\"width\":96,\"height\":96,\"caption\":\"Juh\\u00e1sz P\\u00e9ter\"}},{\"@type\":\"WebPage\",\"@id\":\"https:\\\/\\\/allasorias.hu\\\/hirek\\\/a-magyar-szakkepzes-europa-bajnok\\\/#webpage\",\"url\":\"https:\\\/\\\/allasorias.hu\\\/hirek\\\/a-magyar-szakkepzes-europa-bajnok\\\/\",\"name\":\"A magyar szakk\\u00e9pz\\u00e9s Eur\\u00f3pa-bajnok | Alasorias.hu\\\/Hirek\",\"description\":\"A szakk\\u00e9pz\\u00e9sben, a fels\\u0151oktat\\u00e1sban vagy a feln\\u0151ttk\\u00e9pz\\u00e9sben elv\\u00e9gezhet\\u0151 r\\u00f6vid k\\u00e9pz\\u00e9sek igazol\\u00e1s\\u00e1ra egys\\u00e9ges mikrotan\\u00fas\\u00edtv\\u00e1nyok bevezet\\u00e9s\\u00e9t tervezi a korm\\u00e1ny.\",\"inLanguage\":\"hu-HU\",\"isPartOf\":{\"@id\":\"https:\\\/\\\/allasorias.hu\\\/hirek\\\/#website\"},\"breadcrumb\":{\"@id\":\"https:\\\/\\\/allasorias.hu\\\/hirek\\\/a-magyar-szakkepzes-europa-bajnok\\\/#breadcrumblist\"},\"author\":{\"@id\":\"https:\\\/\\\/allasorias.hu\\\/hirek\\\/author\\\/admin-allasorias\\\/#author\"},\"creator\":{\"@id\":\"https:\\\/\\\/allasorias.hu\\\/hirek\\\/author\\\/admin-allasorias\\\/#author\"},\"image\":{\"@type\":\"ImageObject\",\"url\":\"https:\\\/\\\/allasorias.hu\\\/hirek\\\/wp-content\\\/uploads\\\/2023\\\/10\\\/egyseges-mikrotanusitvanyok-bevezetese.jpg\",\"@id\":\"https:\\\/\\\/allasorias.hu\\\/hirek\\\/a-magyar-szakkepzes-europa-bajnok\\\/#mainImage\",\"width\":1280,\"height\":676,\"caption\":\"A magyar szakk\\u00e9pz\\u00e9s Eur\\u00f3pa-bajnok - Alalsorias.hu\\\/Hirek\"},\"primaryImageOfPage\":{\"@id\":\"https:\\\/\\\/allasorias.hu\\\/hirek\\\/a-magyar-szakkepzes-europa-bajnok\\\/#mainImage\"},\"datePublished\":\"2023-10-05T11:19:10+02:00\",\"dateModified\":\"2023-10-05T11:26:13+02:00\"},{\"@type\":\"WebSite\",\"@id\":\"https:\\\/\\\/allasorias.hu\\\/hirek\\\/#website\",\"url\":\"https:\\\/\\\/allasorias.hu\\\/hirek\\\/\",\"name\":\"AllasOrias.hu | H\\u00edrek-lapszemle\",\"description\":\"\\u00dczleti h\\u00edrek az \\u00e1ll\\u00e1s \\u00e9s a munka vil\\u00e1g\\u00e1b\\u00f3l\",\"inLanguage\":\"hu-HU\",\"publisher\":{\"@id\":\"https:\\\/\\\/allasorias.hu\\\/hirek\\\/#organization\"}}]}\n\t\t<\/script>\n\t\t<!-- All in One SEO -->\n\n","aioseo_head_json":{"title":"A magyar szakk\u00e9pz\u00e9s Eur\u00f3pa-bajnok | Alasorias.hu\/Hirek","description":"A szakk\u00e9pz\u00e9sben, a fels\u0151oktat\u00e1sban vagy a feln\u0151ttk\u00e9pz\u00e9sben elv\u00e9gezhet\u0151 r\u00f6vid k\u00e9pz\u00e9sek igazol\u00e1s\u00e1ra egys\u00e9ges mikrotan\u00fas\u00edtv\u00e1nyok bevezet\u00e9s\u00e9t tervezi a korm\u00e1ny.","canonical_url":"https:\/\/allasorias.hu\/hirek\/a-magyar-szakkepzes-europa-bajnok\/","robots":"max-image-preview:large","keywords":"fels\u0151oktat\u00e1s,mikrotan\u00fas\u00edtv\u00e1ny,szakk\u00e9pz\u00e9s","webmasterTools":{"miscellaneous":""},"schema":{"@context":"https:\/\/schema.org","@graph":[{"@type":"Article","@id":"https:\/\/allasorias.hu\/hirek\/a-magyar-szakkepzes-europa-bajnok\/#article","name":"A magyar szakk\u00e9pz\u00e9s Eur\u00f3pa-bajnok | Alasorias.hu\/Hirek","headline":"A magyar szakk\u00e9pz\u00e9s Eur\u00f3pa-bajnok","author":{"@id":"https:\/\/allasorias.hu\/hirek\/author\/admin-allasorias\/#author"},"publisher":{"@id":"https:\/\/allasorias.hu\/hirek\/#organization"},"image":{"@type":"ImageObject","url":"https:\/\/allasorias.hu\/hirek\/wp-content\/uploads\/2023\/10\/egyseges-mikrotanusitvanyok-bevezetese.jpg","width":1280,"height":676,"caption":"A magyar szakk\u00e9pz\u00e9s Eur\u00f3pa-bajnok - Alalsorias.hu\/Hirek"},"datePublished":"2023-10-05T11:19:10+02:00","dateModified":"2023-10-05T11:26:13+02:00","inLanguage":"hu-HU","mainEntityOfPage":{"@id":"https:\/\/allasorias.hu\/hirek\/a-magyar-szakkepzes-europa-bajnok\/#webpage"},"isPartOf":{"@id":"https:\/\/allasorias.hu\/hirek\/a-magyar-szakkepzes-europa-bajnok\/#webpage"},"articleSection":"Munkaer\u0151piac, fels\u0151oktat\u00e1s, mikrotan\u00fas\u00edtv\u00e1ny, szakk\u00e9pz\u00e9s"},{"@type":"BreadcrumbList","@id":"https:\/\/allasorias.hu\/hirek\/a-magyar-szakkepzes-europa-bajnok\/#breadcrumblist","itemListElement":[{"@type":"ListItem","@id":"https:\/\/allasorias.hu\/hirek#listItem","position":1,"name":"Home","item":"https:\/\/allasorias.hu\/hirek","nextItem":{"@type":"ListItem","@id":"https:\/\/allasorias.hu\/hirek\/temak\/munkaeropiac\/#listItem","name":"Munkaer\u0151piac"}},{"@type":"ListItem","@id":"https:\/\/allasorias.hu\/hirek\/temak\/munkaeropiac\/#listItem","position":2,"name":"Munkaer\u0151piac","item":"https:\/\/allasorias.hu\/hirek\/temak\/munkaeropiac\/","nextItem":{"@type":"ListItem","@id":"https:\/\/allasorias.hu\/hirek\/a-magyar-szakkepzes-europa-bajnok\/#listItem","name":"A magyar szakk\u00e9pz\u00e9s Eur\u00f3pa-bajnok"},"previousItem":{"@type":"ListItem","@id":"https:\/\/allasorias.hu\/hirek#listItem","name":"Home"}},{"@type":"ListItem","@id":"https:\/\/allasorias.hu\/hirek\/a-magyar-szakkepzes-europa-bajnok\/#listItem","position":3,"name":"A magyar szakk\u00e9pz\u00e9s Eur\u00f3pa-bajnok","previousItem":{"@type":"ListItem","@id":"https:\/\/allasorias.hu\/hirek\/temak\/munkaeropiac\/#listItem","name":"Munkaer\u0151piac"}}]},{"@type":"Organization","@id":"https:\/\/allasorias.hu\/hirek\/#organization","name":"AllasOrias.hu | H\u00edrek-lapszemle","description":"\u00dczleti h\u00edrek az \u00e1ll\u00e1s \u00e9s a munka vil\u00e1g\u00e1b\u00f3l","url":"https:\/\/allasorias.hu\/hirek\/","logo":{"@type":"ImageObject","url":"https:\/\/allasorias.hu\/hirek\/wp-content\/uploads\/2022\/10\/allasorias_site_facebok_logo.png","@id":"https:\/\/allasorias.hu\/hirek\/a-magyar-szakkepzes-europa-bajnok\/#organizationLogo"},"image":{"@id":"https:\/\/allasorias.hu\/hirek\/a-magyar-szakkepzes-europa-bajnok\/#organizationLogo"},"sameAs":["https:\/\/www.facebook.com\/allasorias","https:\/\/www.linkedin.com\/company\/allasorias"]},{"@type":"Person","@id":"https:\/\/allasorias.hu\/hirek\/author\/admin-allasorias\/#author","url":"https:\/\/allasorias.hu\/hirek\/author\/admin-allasorias\/","name":"Juh\u00e1sz P\u00e9ter","image":{"@type":"ImageObject","@id":"https:\/\/allasorias.hu\/hirek\/a-magyar-szakkepzes-europa-bajnok\/#authorImage","url":"https:\/\/secure.gravatar.com\/avatar\/36e6bcb83148978b992977cb0f54d22feb0cce8a0a849a9410532bb2623ba4c6?s=96&d=mm&r=g","width":96,"height":96,"caption":"Juh\u00e1sz P\u00e9ter"}},{"@type":"WebPage","@id":"https:\/\/allasorias.hu\/hirek\/a-magyar-szakkepzes-europa-bajnok\/#webpage","url":"https:\/\/allasorias.hu\/hirek\/a-magyar-szakkepzes-europa-bajnok\/","name":"A magyar szakk\u00e9pz\u00e9s Eur\u00f3pa-bajnok | Alasorias.hu\/Hirek","description":"A szakk\u00e9pz\u00e9sben, a fels\u0151oktat\u00e1sban vagy a feln\u0151ttk\u00e9pz\u00e9sben elv\u00e9gezhet\u0151 r\u00f6vid k\u00e9pz\u00e9sek igazol\u00e1s\u00e1ra egys\u00e9ges mikrotan\u00fas\u00edtv\u00e1nyok bevezet\u00e9s\u00e9t tervezi a korm\u00e1ny.","inLanguage":"hu-HU","isPartOf":{"@id":"https:\/\/allasorias.hu\/hirek\/#website"},"breadcrumb":{"@id":"https:\/\/allasorias.hu\/hirek\/a-magyar-szakkepzes-europa-bajnok\/#breadcrumblist"},"author":{"@id":"https:\/\/allasorias.hu\/hirek\/author\/admin-allasorias\/#author"},"creator":{"@id":"https:\/\/allasorias.hu\/hirek\/author\/admin-allasorias\/#author"},"image":{"@type":"ImageObject","url":"https:\/\/allasorias.hu\/hirek\/wp-content\/uploads\/2023\/10\/egyseges-mikrotanusitvanyok-bevezetese.jpg","@id":"https:\/\/allasorias.hu\/hirek\/a-magyar-szakkepzes-europa-bajnok\/#mainImage","width":1280,"height":676,"caption":"A magyar szakk\u00e9pz\u00e9s Eur\u00f3pa-bajnok - Alalsorias.hu\/Hirek"},"primaryImageOfPage":{"@id":"https:\/\/allasorias.hu\/hirek\/a-magyar-szakkepzes-europa-bajnok\/#mainImage"},"datePublished":"2023-10-05T11:19:10+02:00","dateModified":"2023-10-05T11:26:13+02:00"},{"@type":"WebSite","@id":"https:\/\/allasorias.hu\/hirek\/#website","url":"https:\/\/allasorias.hu\/hirek\/","name":"AllasOrias.hu | H\u00edrek-lapszemle","description":"\u00dczleti h\u00edrek az \u00e1ll\u00e1s \u00e9s a munka vil\u00e1g\u00e1b\u00f3l","inLanguage":"hu-HU","publisher":{"@id":"https:\/\/allasorias.hu\/hirek\/#organization"}}]},"og:locale":"hu_HU","og:site_name":"AllasOrias.hu | H\u00edrek-lapszemle | \u00dczleti h\u00edrek az \u00e1ll\u00e1s \u00e9s a munka vil\u00e1g\u00e1b\u00f3l","og:type":"article","og:title":"A magyar szakk\u00e9pz\u00e9s Eur\u00f3pa-bajnok | Alasorias.hu\/Hirek","og:description":"A szakk\u00e9pz\u00e9sben, a fels\u0151oktat\u00e1sban vagy a feln\u0151ttk\u00e9pz\u00e9sben elv\u00e9gezhet\u0151 r\u00f6vid k\u00e9pz\u00e9sek igazol\u00e1s\u00e1ra egys\u00e9ges mikrotan\u00fas\u00edtv\u00e1nyok bevezet\u00e9s\u00e9t tervezi a korm\u00e1ny.","og:url":"https:\/\/allasorias.hu\/hirek\/a-magyar-szakkepzes-europa-bajnok\/","og:image":"https:\/\/allasorias.hu\/hirek\/wp-content\/uploads\/2023\/10\/egyseges-mikrotanusitvanyok-bevezetese.jpg","og:image:secure_url":"https:\/\/allasorias.hu\/hirek\/wp-content\/uploads\/2023\/10\/egyseges-mikrotanusitvanyok-bevezetese.jpg","og:image:width":1280,"og:image:height":676,"article:published_time":"2023-10-05T09:19:10+00:00","article:modified_time":"2023-10-05T09:26:13+00:00","article:publisher":"https:\/\/www.facebook.com\/allasorias","twitter:card":"summary_large_image","twitter:title":"A magyar szakk\u00e9pz\u00e9s Eur\u00f3pa-bajnok | Alasorias.hu\/Hirek","twitter:description":"A szakk\u00e9pz\u00e9sben, a fels\u0151oktat\u00e1sban vagy a feln\u0151ttk\u00e9pz\u00e9sben elv\u00e9gezhet\u0151 r\u00f6vid k\u00e9pz\u00e9sek igazol\u00e1s\u00e1ra egys\u00e9ges mikrotan\u00fas\u00edtv\u00e1nyok bevezet\u00e9s\u00e9t tervezi a korm\u00e1ny.","twitter:image":"https:\/\/allasorias.hu\/hirek\/wp-content\/uploads\/2023\/10\/egyseges-mikrotanusitvanyok-bevezetese.jpg","twitter:label1":"Written by","twitter:data1":"Juh\u00e1sz P\u00e9ter","twitter:label2":"Est. reading time","twitter:data2":"3 minutes"},"aioseo_meta_data":{"post_id":"6863","title":"#post_title | Alasorias.hu\/Hirek","description":"A szakk\u00e9pz\u00e9sben, a fels\u0151oktat\u00e1sban vagy a feln\u0151ttk\u00e9pz\u00e9sben elv\u00e9gezhet\u0151 r\u00f6vid k\u00e9pz\u00e9sek igazol\u00e1s\u00e1ra egys\u00e9ges mikrotan\u00fas\u00edtv\u00e1nyok bevezet\u00e9s\u00e9t tervezi a korm\u00e1ny.","keywords":[],"keyphrases":{"focus":{"keyphrase":"","score":0,"analysis":{"keyphraseInTitle":{"score":0,"maxScore":9,"error":1}}},"additional":[]},"primary_term":null,"canonical_url":null,"og_title":null,"og_description":null,"og_object_type":"default","og_image_type":"default","og_image_url":null,"og_image_width":null,"og_image_height":null,"og_image_custom_url":null,"og_image_custom_fields":null,"og_video":"","og_custom_url":null,"og_article_section":null,"og_article_tags":[],"twitter_use_og":true,"twitter_card":"default","twitter_image_type":"default","twitter_image_url":null,"twitter_image_custom_url":null,"twitter_image_custom_fields":null,"twitter_title":null,"twitter_description":null,"schema":{"blockGraphs":[],"customGraphs":[],"default":{"data":{"Article":[],"Course":[],"Dataset":[],"FAQPage":[],"Movie":[],"Person":[],"Product":[],"ProductReview":[],"Car":[],"Recipe":[],"Service":[],"SoftwareApplication":[],"WebPage":[]},"graphName":"Article","isEnabled":true},"graphs":[]},"schema_type":"default","schema_type_options":null,"pillar_content":false,"robots_default":true,"robots_noindex":false,"robots_noarchive":false,"robots_nosnippet":false,"robots_nofollow":false,"robots_noimageindex":false,"robots_noodp":false,"robots_notranslate":false,"robots_max_snippet":"-1","robots_max_videopreview":"-1","robots_max_imagepreview":"large","priority":null,"frequency":"default","location":null,"local_seo":null,"breadcrumb_settings":null,"limit_modified_date":false,"ai":null,"created":"2023-10-05 08:54:57","updated":"2025-10-02 19:07:21","seo_analyzer_scan_date":null,"focus_keyword":null,"additional_keywords":null,"truseo_locale":null},"aioseo_breadcrumb":"<div class=\"aioseo-breadcrumbs\"><span class=\"aioseo-breadcrumb\">\n\t\t\t<a href=\"https:\/\/allasorias.hu\/hirek\" title=\"Home\">Home<\/a>\n\t\t<\/span><span class=\"aioseo-breadcrumb-separator\">&raquo;<\/span><span class=\"aioseo-breadcrumb\">\n\t\t\t<a href=\"https:\/\/allasorias.hu\/hirek\/temak\/munkaeropiac\/\" title=\"Munkaer\u0151piac\">Munkaer\u0151piac<\/a>\n\t\t<\/span><span class=\"aioseo-breadcrumb-separator\">&raquo;<\/span><span class=\"aioseo-breadcrumb\">\n\t\t\tA magyar szakk\u00e9pz\u00e9s Eur\u00f3pa-bajnok\n\t\t<\/span><\/div>","aioseo_breadcrumb_json":[{"label":"Home","link":"https:\/\/allasorias.hu\/hirek"},{"label":"Munkaer\u0151piac","link":"https:\/\/allasorias.hu\/hirek\/temak\/munkaeropiac\/"},{"label":"A magyar szakk\u00e9pz\u00e9s Eur\u00f3pa-bajnok","link":"https:\/\/allasorias.hu\/hirek\/a-magyar-szakkepzes-europa-bajnok\/"}],"_links":{"self":[{"href":"https:\/\/allasorias.hu\/hirek\/wp-json\/wp\/v2\/posts\/6863","targetHints":{"allow":["GET"]}}],"collection":[{"href":"https:\/\/allasorias.hu\/hirek\/wp-json\/wp\/v2\/posts"}],"about":[{"href":"https:\/\/allasorias.hu\/hirek\/wp-json\/wp\/v2\/types\/post"}],"author":[{"embeddable":true,"href":"https:\/\/allasorias.hu\/hirek\/wp-json\/wp\/v2\/users\/1"}],"replies":[{"embeddable":true,"href":"https:\/\/allasorias.hu\/hirek\/wp-json\/wp\/v2\/comments?post=6863"}],"version-history":[{"count":3,"href":"https:\/\/allasorias.hu\/hirek\/wp-json\/wp\/v2\/posts\/6863\/revisions"}],"predecessor-version":[{"id":6867,"href":"https:\/\/allasorias.hu\/hirek\/wp-json\/wp\/v2\/posts\/6863\/revisions\/6867"}],"wp:featuredmedia":[{"embeddable":true,"href":"https:\/\/allasorias.hu\/hirek\/wp-json\/wp\/v2\/media\/6864"}],"wp:attachment":[{"href":"https:\/\/allasorias.hu\/hirek\/wp-json\/wp\/v2\/media?parent=6863"}],"wp:term":[{"taxonomy":"category","embeddable":true,"href":"https:\/\/allasorias.hu\/hirek\/wp-json\/wp\/v2\/categories?post=6863"},{"taxonomy":"post_tag","embeddable":true,"href":"https:\/\/allasorias.hu\/hirek\/wp-json\/wp\/v2\/tags?post=6863"}],"curies":[{"name":"wp","href":"https:\/\/api.w.org\/{rel}","templated":true}]}}