{"id":6796,"date":"2023-09-15T09:43:07","date_gmt":"2023-09-15T07:43:07","guid":{"rendered":"https:\/\/allasorias.hu\/hirek\/?p=6796"},"modified":"2023-09-13T13:00:49","modified_gmt":"2023-09-13T11:00:49","slug":"a-nagyobb-cegek-bizakodobbak","status":"publish","type":"post","link":"https:\/\/allasorias.hu\/hirek\/a-nagyobb-cegek-bizakodobbak\/","title":{"rendered":"A nagyobb c\u00e9gek bizakod\u00f3bbak"},"content":{"rendered":"<p><strong>A ManpowerGroup a vil\u00e1g 41 orsz\u00e1g\u00e1ban, k\u00f6zel 39 ezer munk\u00e1ltat\u00f3 k\u00f6r\u00e9ben folytatta le negyed\u00e9ves felm\u00e9r\u00e9s\u00e9t, melynek keret\u00e9ben Magyarorsz\u00e1gon a munk\u00e1ltat\u00f3k 510 f\u0151s reprezentat\u00edv mint\u00e1j\u00e1ban szerepl\u0151ket k\u00e9rdezt\u00e9k meg negyedik negyed\u00e9ves munkaer\u0151-felv\u00e9teli sz\u00e1nd\u00e9kaikr\u00f3l.<\/strong><\/p>\n<p>A n\u00f6veked\u00e9si adatok kedvez\u0151tlen alakul\u00e1sa ellen\u00e9re 2023 utols\u00f3 negyed\u00e9v\u00e9ben <a href=\"https:\/\/allasorias.hu\/vallalatok\">a hazai munk\u00e1ltat\u00f3k<\/a> 31 sz\u00e1zal\u00e9ka tervezi b\u0151v\u00edteni jelenlegi munkaer\u0151-keret\u00e9t, mik\u00f6zben cs\u00f6kkent\u00e9st 19 sz\u00e1zal\u00e9kuk tervez. \u00c1tlag feletti m\u00e9rt\u00e9kben v\u00e1rhat\u00f3 munkaer\u0151felv\u00e9tel az alapanyag- \u00e9s feldolgoz\u00f3iparban, a p\u00e9nz\u00fcgyi \u00e9s ingatlanpiaci c\u00e9gekn\u00e9l, az energetika \u00e9s k\u00f6zm\u0171, valamint az IT szegmenesekben is. \u2013 der\u00fcl ki a Manpower Magyarorsz\u00e1g k\u00f6zz\u00e9tett Munkaer\u0151piaci El\u0151rejelz\u00e9s\u00e9b\u0151l.<\/p>\n<p>A munk\u00e1ltat\u00f3i v\u00e1laszokb\u00f3l sz\u00e1rmaztatott, szezon\u00e1lisan kiigaz\u00edtott Nett\u00f3 Foglalkoztat\u00e1si Mutat\u00f3 (NFM) 13 sz\u00e1zal\u00e9kos \u00e1tlagos \u00e9rt\u00e9ket \u00e9rt el, ami 1 sz\u00e1zal\u00e9kponttal m\u00falja fel\u00fcl az el\u0151z\u0151 negyed\u00e9ves \u00e9rt\u00e9ket, mik\u00f6zben az egy \u00e9vvel kor\u00e1bbi szintn\u00e9l 18 sz\u00e1zal\u00e9kponttal magasabb. \u00c9v\/\u00e9v alapon a 41 vizsg\u00e1lt orsz\u00e1g k\u00f6z\u00fcl a magyarorsz\u00e1gi volt az egyik legnagyobb m\u00e9rt\u00e9k\u0171 n\u00f6veked\u00e9s. A 13 sz\u00e1zal\u00e9kos l\u00e9tsz\u00e1mb\u0151v\u00edt\u00e9si mutat\u00f3 egy olyan orsz\u00e1gos \u00e1tlag, amelyt\u0151l az egyes szektorokat vizsg\u00e1lva jelent\u0151s elt\u00e9r\u00e9sek tapasztalhat\u00f3k. A legnagyobb felfut\u00e1st a p\u00e9nz\u00fcgy \u00e9s ingatlan (NFM: +28%), az energia \u00e9s k\u00f6zm\u0171 (+25%), az alapanyag- \u00e9s feldolgoz\u00f3ipar (+22%), valamint az IT (18%) szektorokban v\u00e1rj\u00e1k.<\/p>\n<h2>Tov\u00e1bbra is recesszit\u00f3 mutatnak az adatok<\/h2>\n<p>\u00c1tlag k\u00f6r\u00fcl b\u0151v\u00fclhet a logisztika \u00e9s aut\u00f3ipar, illetve a fogyaszt\u00f3i javak \u00e9s szolg\u00e1ltat\u00e1sok (+12-12%) szegmense, A legkisebb m\u00e9rt\u00e9k\u0171 b\u0151v\u00fcl\u00e9sben a kommunik\u00e1ci\u00f3s szolg\u00e1ltat\u00e1sok (+7%) ter\u00fclet\u00e9n m\u0171k\u00f6d\u0151 v\u00e1llalatok, szervezetek b\u00edznak, mik\u00f6zben az eg\u00e9szs\u00e9g\u00fcgy \u00e9s \u00e9lettudom\u00e1nyok (-17%) ter\u00fclet\u00e9n komolyabb visszaes\u00e9sre sz\u00e1m\u00edtanak a piaci szerepl\u0151k. \u201e<em>B\u00e1r a m\u00e1r el\u00e9rhet\u0151 GDP adatok egyel\u0151re tov\u00e1bbra is recesszi\u00f3t mutatnak, imm\u00e1r ez lesz a m\u00e1sodik negyed\u00e9v, amelyben a munk\u00e1ltat\u00f3k k\u00f6zel harmada l\u00e9tsz\u00e1mn\u00f6vel\u00e9st tervez v\u00e9grehajtani<\/em> \u2013 mondta Feh\u00e9r Tam\u00e1s, a Manpower Magyarorsz\u00e1g \u00e9s Horv\u00e1torsz\u00e1g \u00fcgyvezet\u0151 igazgat\u00f3ja. \u2013 <em>Mindez azt mutatja, hogy a c\u00e9gek sz\u00e1mottev\u0151 r\u00e9sze m\u00e1r a piacainak \u00fajb\u00f3li \u00e9l\u00e9nk\u00fcl\u00e9s\u00e9vel kalkul\u00e1l, emellett ebben az id\u0151szakban m\u00e1r egyes \u00faj beruh\u00e1z\u00e1sok tov\u00e1bbi munkaer\u0151-felsz\u00edv\u00f3 hat\u00e1sa is megmutatkozik.<\/em>\u201d<\/p>\n<p>Az orsz\u00e1g k\u00fcl\u00f6nb\u00f6z\u0151 r\u00e9gi\u00f3i szerint is jelent\u0151s az elt\u00e9r\u00e9s a v\u00e1rakoz\u00e1sokban. A legsz\u00e9lesebb k\u00f6rben K\u00f6z\u00e9p-Magyarorsz\u00e1gon (NFM: +21%), a D\u00e9l-Alf\u00f6ld\u00f6n (+20%), Budapesten (+18%) \u00e9s \u00c9szak-Magyarorsz\u00e1gon (+15%) v\u00e1rnak l\u00e9tsz\u00e1mb\u0151v\u00fcl\u00e9st, ugyanakkor az \u00c9szak-Alf\u00f6ld\u00f6n (-7%) j\u00f3val t\u00f6bb elbocs\u00e1t\u00e1sra, mint munkaer\u0151-felv\u00e9telre sz\u00e1m\u00edtanak. A Dun\u00e1nt\u00fal r\u00e9gi\u00f3iban pedig egys\u00e9gesen \u00e1tlag alatti l\u00e9tsz\u00e1mn\u00f6veked\u00e9st terveznek a v\u00e1llalatok.<\/p>\n<h2>A k\u00f6zepes \u00e9s nagyv\u00e1llalatok optimist\u00e1bbak<\/h2>\n<p>C\u00e9gm\u00e9ret alapj\u00e1n csoportos\u00edtva a v\u00e1laszokat az \u00e1llap\u00edthat\u00f3 meg, hogy a k\u00f6zepes \u00e9s nagyv\u00e1llalatok kimutathat\u00f3an optimist\u00e1bb kil\u00e1t\u00e1sokkal rendelkeztek, mint az 50 f\u0151n\u00e9l kevesebb f\u0151t foglalkoztat\u00f3 c\u00e9gek. Az el\u0151z\u0151 negyed\u00e9vhez k\u00e9pest tov\u00e1bb javultak a <a href=\"https:\/\/allasorias.hu\/hirek\/temak\/munkaeropiac\/\">munkaer\u0151piaci kil\u00e1t\u00e1sok<\/a> nemzetk\u00f6zi szinten is. A mutat\u00f3sz\u00e1m igen magas, 30 sz\u00e1zal\u00e9kos szinten \u00e1ll, ami egy negyed\u00e9v alatt tov\u00e1bbi 2 sz\u00e1zal\u00e9kpontos n\u00f6veked\u00e9st mutat. Nett\u00f3 l\u00e9tsz\u00e1mle\u00e9p\u00edt\u00e9st a vizsg\u00e1lt 41 orsz\u00e1g egyik\u00e9ben sem v\u00e1rnak. Eur\u00f3p\u00e1ban a vil\u00e1g\u00e1tlagt\u00f3l valamelyest elmarad\u00f3 a v\u00e1rakoz\u00e1s, az \u00f6reg kontinensen a legsz\u00e9lesebb k\u00f6rben Sv\u00e1jcban (NFM: 38%), Portug\u00e1li\u00e1ban (+35%), Sv\u00e1jcban (+35%), Finnorsz\u00e1gban (+33%), \u00cdrorsz\u00e1gban (+33%) \u00e9s Belgiumban (+31%) terveznek munkaer\u0151-b\u0151v\u00fcl\u00e9st.<\/p>\n<h2>Legfontosabb a szakmai fejl\u0151d\u00e9s<\/h2>\n<p>A felm\u00e9r\u00e9s v\u00e1ltoz\u00f3 \u00f6ssze\u00e1ll\u00edt\u00e1s\u00fa r\u00e9sz\u00e9ben ez\u00fattal t\u00f6bbek k\u00f6z\u00f6tt arra k\u00e9rdeztek r\u00e1, hogy a c\u00e9gvezet\u0151k szerint melyek a munkaer\u0151 termel\u00e9kenys\u00e9g\u00e9nek javul\u00e1s\u00e1t legink\u00e1bb el\u0151seg\u00edt\u0151 t\u00e9nyez\u0151k. A be\u00e9rkez\u0151 v\u00e1laszok alapj\u00e1n legink\u00e1bb a szakmai fejl\u0151d\u00e9s \u2013 k\u00e9pz\u00e9sek, k\u00e9pess\u00e9gek fejleszt\u00e9se r\u00e9v\u00e9n \u2013 a legfontosabb (40 sz\u00e1zal\u00e9knyian jel\u00f6lt\u00e9k ezt a szempontok), a pozit\u00edv munkakult\u00fara \u00e9s a munka-\u00e9let egyens\u00faly biztos\u00edt\u00e1sa egyar\u00e1nt 36-36 sz\u00e1zal\u00e9kot kapott, a vil\u00e1gos c\u00e9lok ment\u00e9n t\u00f6rt\u00e9n\u0151 m\u0171k\u00f6d\u00e9st is 33 sz\u00e1zal\u00e9knyian tartott\u00e1k kulcsfontoss\u00e1g\u00fanak. \u00c9rdekess\u00e9g, hogy a technikai \u00fajdons\u00e1goknak a v\u00e1laszad\u00f3k j\u00f3val kisebb hat\u00e1st tulajdon\u00edtottak: az \u00faj mesters\u00e9ges intelligenci\u00e1hoz kapcsolhat\u00f3 eszk\u00f6z\u00f6k alkalmaz\u00e1s\u00e1t csup\u00e1n 18 sz\u00e1zal\u00e9knyian, a megl\u00e9v\u0151 technikai eszk\u00f6z\u00f6k akt\u00edvabb haszn\u00e1lat\u00e1t 17 sz\u00e1zal\u00e9knyian tartott\u00e1k a hat\u00e9konys\u00e1gn\u00f6vel\u00e9s fontos aspektus\u00e1nak.<\/p>\n<p>Forr\u00e1s: <a href=\"https:\/\/www.hrportal.hu\/hr\/hiaba-a-gazdasagi-lassulas-nem-csokken-a-cegek-toborzasi-aktivitasa-20230912.html\" target=\"_blank\" rel=\"nofollow noopener noreferrer\">hrportal.hu<\/a><\/p>\n","protected":false},"excerpt":{"rendered":"<p>A ManpowerGroup a vil\u00e1g 41 orsz\u00e1g\u00e1ban, k\u00f6zel 39 ezer munk\u00e1ltat\u00f3 k\u00f6r\u00e9ben folytatta le negyed\u00e9ves felm\u00e9r\u00e9s\u00e9t, melynek keret\u00e9ben Magyarorsz\u00e1gon a munk\u00e1ltat\u00f3k 510 f\u0151s reprezentat\u00edv mint\u00e1j\u00e1ban szerepl\u0151ket k\u00e9rdezt\u00e9k meg negyedik negyed\u00e9ves munkaer\u0151-felv\u00e9teli sz\u00e1nd\u00e9kaikr\u00f3l. A n\u00f6veked\u00e9si adatok kedvez\u0151tlen alakul\u00e1sa ellen\u00e9re 2023 utols\u00f3 negyed\u00e9v\u00e9ben a hazai munk\u00e1ltat\u00f3k 31 sz\u00e1zal\u00e9ka tervezi b\u0151v\u00edteni jelenlegi munkaer\u0151-keret\u00e9t, mik\u00f6zben cs\u00f6kkent\u00e9st 19 sz\u00e1zal\u00e9kuk tervez. \u00c1tlag [&hellip;]<\/p>\n","protected":false},"author":1,"featured_media":6797,"comment_status":"open","ping_status":"open","sticky":false,"template":"","format":"standard","meta":{"_monsterinsights_skip_tracking":false,"footnotes":""},"categories":[200],"tags":[213,604],"class_list":["post-6796","post","type-post","status-publish","format-standard","has-post-thumbnail","hentry","category-munkaeropiac","tag-felmeres","tag-munkaero-felveteli-felmeres"],"aioseo_notices":[],"aioseo_head":"\n\t\t<!-- All in One SEO 5.0.0.1 - aioseo.com -->\n\t<meta name=\"description\" content=\"Magyarorsz\u00e1gon a munk\u00e1ltat\u00f3k 510 f\u0151s reprezentat\u00edv mint\u00e1j\u00e1ban szerepl\u0151ket k\u00e9rdezt\u00e9k meg negyedik negyed\u00e9ves munkaer\u0151-felv\u00e9teli sz\u00e1nd\u00e9kaikr\u00f3l.\" \/>\n\t<meta name=\"robots\" content=\"max-image-preview:large\" \/>\n\t<meta name=\"author\" content=\"Juh\u00e1sz P\u00e9ter\"\/>\n\t<meta name=\"keywords\" content=\"felm\u00e9r\u00e9s,munkaer\u0151-felv\u00e9teli felm\u00e9r\u00e9s\" \/>\n\t<link rel=\"canonical\" href=\"https:\/\/allasorias.hu\/hirek\/a-nagyobb-cegek-bizakodobbak\/\" \/>\n\t<meta name=\"generator\" content=\"All in One SEO (AIOSEO) 5.0.0.1\" \/>\n\t\t<meta property=\"og:locale\" content=\"hu_HU\" \/>\n\t\t<meta property=\"og:site_name\" content=\"AllasOrias.hu | H\u00edrek-lapszemle | \u00dczleti h\u00edrek az \u00e1ll\u00e1s \u00e9s a munka vil\u00e1g\u00e1b\u00f3l\" \/>\n\t\t<meta property=\"og:type\" content=\"article\" \/>\n\t\t<meta property=\"og:title\" content=\"A nagyobb c\u00e9gek bizakod\u00f3bbak | Allasorias.hu\/Hirek\" \/>\n\t\t<meta property=\"og:description\" content=\"Magyarorsz\u00e1gon a munk\u00e1ltat\u00f3k 510 f\u0151s reprezentat\u00edv mint\u00e1j\u00e1ban szerepl\u0151ket k\u00e9rdezt\u00e9k meg negyedik negyed\u00e9ves munkaer\u0151-felv\u00e9teli sz\u00e1nd\u00e9kaikr\u00f3l.\" \/>\n\t\t<meta property=\"og:url\" content=\"https:\/\/allasorias.hu\/hirek\/a-nagyobb-cegek-bizakodobbak\/\" \/>\n\t\t<meta property=\"og:image\" content=\"https:\/\/allasorias.hu\/hirek\/wp-content\/uploads\/2023\/09\/munkaero-felveteli-felmeres.jpg\" \/>\n\t\t<meta property=\"og:image:secure_url\" content=\"https:\/\/allasorias.hu\/hirek\/wp-content\/uploads\/2023\/09\/munkaero-felveteli-felmeres.jpg\" \/>\n\t\t<meta property=\"og:image:width\" content=\"1280\" \/>\n\t\t<meta property=\"og:image:height\" content=\"853\" \/>\n\t\t<meta property=\"article:published_time\" content=\"2023-09-15T07:43:07+00:00\" \/>\n\t\t<meta property=\"article:modified_time\" content=\"2023-09-13T11:00:49+00:00\" \/>\n\t\t<meta property=\"article:publisher\" content=\"https:\/\/www.facebook.com\/allasorias\" \/>\n\t\t<meta name=\"twitter:card\" content=\"summary_large_image\" \/>\n\t\t<meta name=\"twitter:title\" content=\"A nagyobb c\u00e9gek bizakod\u00f3bbak | Allasorias.hu\/Hirek\" \/>\n\t\t<meta name=\"twitter:description\" content=\"Magyarorsz\u00e1gon a munk\u00e1ltat\u00f3k 510 f\u0151s reprezentat\u00edv mint\u00e1j\u00e1ban szerepl\u0151ket k\u00e9rdezt\u00e9k meg negyedik negyed\u00e9ves munkaer\u0151-felv\u00e9teli sz\u00e1nd\u00e9kaikr\u00f3l.\" \/>\n\t\t<meta name=\"twitter:image\" content=\"https:\/\/allasorias.hu\/hirek\/wp-content\/uploads\/2023\/09\/munkaero-felveteli-felmeres.jpg\" \/>\n\t\t<meta name=\"twitter:label1\" content=\"Written by\" \/>\n\t\t<meta name=\"twitter:data1\" content=\"Juh\u00e1sz P\u00e9ter\" \/>\n\t\t<meta name=\"twitter:label2\" content=\"Est. reading time\" \/>\n\t\t<meta name=\"twitter:data2\" content=\"5 minutes\" \/>\n\t\t<script type=\"application\/ld+json\" class=\"aioseo-schema\">\n\t\t\t{\"@context\":\"https:\\\/\\\/schema.org\",\"@graph\":[{\"@type\":\"Article\",\"@id\":\"https:\\\/\\\/allasorias.hu\\\/hirek\\\/a-nagyobb-cegek-bizakodobbak\\\/#article\",\"name\":\"A nagyobb c\\u00e9gek bizakod\\u00f3bbak | Allasorias.hu\\\/Hirek\",\"headline\":\"A nagyobb c\\u00e9gek bizakod\\u00f3bbak\",\"author\":{\"@id\":\"https:\\\/\\\/allasorias.hu\\\/hirek\\\/author\\\/admin-allasorias\\\/#author\"},\"publisher\":{\"@id\":\"https:\\\/\\\/allasorias.hu\\\/hirek\\\/#organization\"},\"image\":{\"@type\":\"ImageObject\",\"url\":\"https:\\\/\\\/allasorias.hu\\\/hirek\\\/wp-content\\\/uploads\\\/2023\\\/09\\\/munkaero-felveteli-felmeres.jpg\",\"width\":1280,\"height\":853,\"caption\":\"A nagyobb c\\u00e9gek bizakod\\u00f3bbak - Allasorias.hu\\\/Hirek\"},\"datePublished\":\"2023-09-15T09:43:07+02:00\",\"dateModified\":\"2023-09-13T13:00:49+02:00\",\"inLanguage\":\"hu-HU\",\"mainEntityOfPage\":{\"@id\":\"https:\\\/\\\/allasorias.hu\\\/hirek\\\/a-nagyobb-cegek-bizakodobbak\\\/#webpage\"},\"isPartOf\":{\"@id\":\"https:\\\/\\\/allasorias.hu\\\/hirek\\\/a-nagyobb-cegek-bizakodobbak\\\/#webpage\"},\"articleSection\":\"Munkaer\\u0151piac, Felm\\u00e9r\\u00e9s, munkaer\\u0151-felv\\u00e9teli felm\\u00e9r\\u00e9s\"},{\"@type\":\"BreadcrumbList\",\"@id\":\"https:\\\/\\\/allasorias.hu\\\/hirek\\\/a-nagyobb-cegek-bizakodobbak\\\/#breadcrumblist\",\"itemListElement\":[{\"@type\":\"ListItem\",\"@id\":\"https:\\\/\\\/allasorias.hu\\\/hirek#listItem\",\"position\":1,\"name\":\"Home\",\"item\":\"https:\\\/\\\/allasorias.hu\\\/hirek\",\"nextItem\":{\"@type\":\"ListItem\",\"@id\":\"https:\\\/\\\/allasorias.hu\\\/hirek\\\/temak\\\/munkaeropiac\\\/#listItem\",\"name\":\"Munkaer\\u0151piac\"}},{\"@type\":\"ListItem\",\"@id\":\"https:\\\/\\\/allasorias.hu\\\/hirek\\\/temak\\\/munkaeropiac\\\/#listItem\",\"position\":2,\"name\":\"Munkaer\\u0151piac\",\"item\":\"https:\\\/\\\/allasorias.hu\\\/hirek\\\/temak\\\/munkaeropiac\\\/\",\"nextItem\":{\"@type\":\"ListItem\",\"@id\":\"https:\\\/\\\/allasorias.hu\\\/hirek\\\/a-nagyobb-cegek-bizakodobbak\\\/#listItem\",\"name\":\"A nagyobb c\\u00e9gek bizakod\\u00f3bbak\"},\"previousItem\":{\"@type\":\"ListItem\",\"@id\":\"https:\\\/\\\/allasorias.hu\\\/hirek#listItem\",\"name\":\"Home\"}},{\"@type\":\"ListItem\",\"@id\":\"https:\\\/\\\/allasorias.hu\\\/hirek\\\/a-nagyobb-cegek-bizakodobbak\\\/#listItem\",\"position\":3,\"name\":\"A nagyobb c\\u00e9gek bizakod\\u00f3bbak\",\"previousItem\":{\"@type\":\"ListItem\",\"@id\":\"https:\\\/\\\/allasorias.hu\\\/hirek\\\/temak\\\/munkaeropiac\\\/#listItem\",\"name\":\"Munkaer\\u0151piac\"}}]},{\"@type\":\"Organization\",\"@id\":\"https:\\\/\\\/allasorias.hu\\\/hirek\\\/#organization\",\"name\":\"AllasOrias.hu | H\\u00edrek-lapszemle\",\"description\":\"\\u00dczleti h\\u00edrek az \\u00e1ll\\u00e1s \\u00e9s a munka vil\\u00e1g\\u00e1b\\u00f3l\",\"url\":\"https:\\\/\\\/allasorias.hu\\\/hirek\\\/\",\"logo\":{\"@type\":\"ImageObject\",\"url\":\"https:\\\/\\\/allasorias.hu\\\/hirek\\\/wp-content\\\/uploads\\\/2022\\\/10\\\/allasorias_site_facebok_logo.png\",\"@id\":\"https:\\\/\\\/allasorias.hu\\\/hirek\\\/a-nagyobb-cegek-bizakodobbak\\\/#organizationLogo\"},\"image\":{\"@id\":\"https:\\\/\\\/allasorias.hu\\\/hirek\\\/a-nagyobb-cegek-bizakodobbak\\\/#organizationLogo\"},\"sameAs\":[\"https:\\\/\\\/www.facebook.com\\\/allasorias\",\"https:\\\/\\\/www.linkedin.com\\\/company\\\/allasorias\"]},{\"@type\":\"Person\",\"@id\":\"https:\\\/\\\/allasorias.hu\\\/hirek\\\/author\\\/admin-allasorias\\\/#author\",\"url\":\"https:\\\/\\\/allasorias.hu\\\/hirek\\\/author\\\/admin-allasorias\\\/\",\"name\":\"Juh\\u00e1sz P\\u00e9ter\",\"image\":{\"@type\":\"ImageObject\",\"@id\":\"https:\\\/\\\/allasorias.hu\\\/hirek\\\/a-nagyobb-cegek-bizakodobbak\\\/#authorImage\",\"url\":\"https:\\\/\\\/secure.gravatar.com\\\/avatar\\\/36e6bcb83148978b992977cb0f54d22feb0cce8a0a849a9410532bb2623ba4c6?s=96&d=mm&r=g\",\"width\":96,\"height\":96,\"caption\":\"Juh\\u00e1sz P\\u00e9ter\"}},{\"@type\":\"WebPage\",\"@id\":\"https:\\\/\\\/allasorias.hu\\\/hirek\\\/a-nagyobb-cegek-bizakodobbak\\\/#webpage\",\"url\":\"https:\\\/\\\/allasorias.hu\\\/hirek\\\/a-nagyobb-cegek-bizakodobbak\\\/\",\"name\":\"A nagyobb c\\u00e9gek bizakod\\u00f3bbak | Allasorias.hu\\\/Hirek\",\"description\":\"Magyarorsz\\u00e1gon a munk\\u00e1ltat\\u00f3k 510 f\\u0151s reprezentat\\u00edv mint\\u00e1j\\u00e1ban szerepl\\u0151ket k\\u00e9rdezt\\u00e9k meg negyedik negyed\\u00e9ves munkaer\\u0151-felv\\u00e9teli sz\\u00e1nd\\u00e9kaikr\\u00f3l.\",\"inLanguage\":\"hu-HU\",\"isPartOf\":{\"@id\":\"https:\\\/\\\/allasorias.hu\\\/hirek\\\/#website\"},\"breadcrumb\":{\"@id\":\"https:\\\/\\\/allasorias.hu\\\/hirek\\\/a-nagyobb-cegek-bizakodobbak\\\/#breadcrumblist\"},\"author\":{\"@id\":\"https:\\\/\\\/allasorias.hu\\\/hirek\\\/author\\\/admin-allasorias\\\/#author\"},\"creator\":{\"@id\":\"https:\\\/\\\/allasorias.hu\\\/hirek\\\/author\\\/admin-allasorias\\\/#author\"},\"image\":{\"@type\":\"ImageObject\",\"url\":\"https:\\\/\\\/allasorias.hu\\\/hirek\\\/wp-content\\\/uploads\\\/2023\\\/09\\\/munkaero-felveteli-felmeres.jpg\",\"@id\":\"https:\\\/\\\/allasorias.hu\\\/hirek\\\/a-nagyobb-cegek-bizakodobbak\\\/#mainImage\",\"width\":1280,\"height\":853,\"caption\":\"A nagyobb c\\u00e9gek bizakod\\u00f3bbak - Allasorias.hu\\\/Hirek\"},\"primaryImageOfPage\":{\"@id\":\"https:\\\/\\\/allasorias.hu\\\/hirek\\\/a-nagyobb-cegek-bizakodobbak\\\/#mainImage\"},\"datePublished\":\"2023-09-15T09:43:07+02:00\",\"dateModified\":\"2023-09-13T13:00:49+02:00\"},{\"@type\":\"WebSite\",\"@id\":\"https:\\\/\\\/allasorias.hu\\\/hirek\\\/#website\",\"url\":\"https:\\\/\\\/allasorias.hu\\\/hirek\\\/\",\"name\":\"AllasOrias.hu | H\\u00edrek-lapszemle\",\"description\":\"\\u00dczleti h\\u00edrek az \\u00e1ll\\u00e1s \\u00e9s a munka vil\\u00e1g\\u00e1b\\u00f3l\",\"inLanguage\":\"hu-HU\",\"publisher\":{\"@id\":\"https:\\\/\\\/allasorias.hu\\\/hirek\\\/#organization\"}}]}\n\t\t<\/script>\n\t\t<!-- All in One SEO -->\n\n","aioseo_head_json":{"title":"A nagyobb c\u00e9gek bizakod\u00f3bbak | Allasorias.hu\/Hirek","description":"Magyarorsz\u00e1gon a munk\u00e1ltat\u00f3k 510 f\u0151s reprezentat\u00edv mint\u00e1j\u00e1ban szerepl\u0151ket k\u00e9rdezt\u00e9k meg negyedik negyed\u00e9ves munkaer\u0151-felv\u00e9teli sz\u00e1nd\u00e9kaikr\u00f3l.","canonical_url":"https:\/\/allasorias.hu\/hirek\/a-nagyobb-cegek-bizakodobbak\/","robots":"max-image-preview:large","keywords":"felm\u00e9r\u00e9s,munkaer\u0151-felv\u00e9teli felm\u00e9r\u00e9s","webmasterTools":{"miscellaneous":""},"schema":{"@context":"https:\/\/schema.org","@graph":[{"@type":"Article","@id":"https:\/\/allasorias.hu\/hirek\/a-nagyobb-cegek-bizakodobbak\/#article","name":"A nagyobb c\u00e9gek bizakod\u00f3bbak | Allasorias.hu\/Hirek","headline":"A nagyobb c\u00e9gek bizakod\u00f3bbak","author":{"@id":"https:\/\/allasorias.hu\/hirek\/author\/admin-allasorias\/#author"},"publisher":{"@id":"https:\/\/allasorias.hu\/hirek\/#organization"},"image":{"@type":"ImageObject","url":"https:\/\/allasorias.hu\/hirek\/wp-content\/uploads\/2023\/09\/munkaero-felveteli-felmeres.jpg","width":1280,"height":853,"caption":"A nagyobb c\u00e9gek bizakod\u00f3bbak - Allasorias.hu\/Hirek"},"datePublished":"2023-09-15T09:43:07+02:00","dateModified":"2023-09-13T13:00:49+02:00","inLanguage":"hu-HU","mainEntityOfPage":{"@id":"https:\/\/allasorias.hu\/hirek\/a-nagyobb-cegek-bizakodobbak\/#webpage"},"isPartOf":{"@id":"https:\/\/allasorias.hu\/hirek\/a-nagyobb-cegek-bizakodobbak\/#webpage"},"articleSection":"Munkaer\u0151piac, Felm\u00e9r\u00e9s, munkaer\u0151-felv\u00e9teli felm\u00e9r\u00e9s"},{"@type":"BreadcrumbList","@id":"https:\/\/allasorias.hu\/hirek\/a-nagyobb-cegek-bizakodobbak\/#breadcrumblist","itemListElement":[{"@type":"ListItem","@id":"https:\/\/allasorias.hu\/hirek#listItem","position":1,"name":"Home","item":"https:\/\/allasorias.hu\/hirek","nextItem":{"@type":"ListItem","@id":"https:\/\/allasorias.hu\/hirek\/temak\/munkaeropiac\/#listItem","name":"Munkaer\u0151piac"}},{"@type":"ListItem","@id":"https:\/\/allasorias.hu\/hirek\/temak\/munkaeropiac\/#listItem","position":2,"name":"Munkaer\u0151piac","item":"https:\/\/allasorias.hu\/hirek\/temak\/munkaeropiac\/","nextItem":{"@type":"ListItem","@id":"https:\/\/allasorias.hu\/hirek\/a-nagyobb-cegek-bizakodobbak\/#listItem","name":"A nagyobb c\u00e9gek bizakod\u00f3bbak"},"previousItem":{"@type":"ListItem","@id":"https:\/\/allasorias.hu\/hirek#listItem","name":"Home"}},{"@type":"ListItem","@id":"https:\/\/allasorias.hu\/hirek\/a-nagyobb-cegek-bizakodobbak\/#listItem","position":3,"name":"A nagyobb c\u00e9gek bizakod\u00f3bbak","previousItem":{"@type":"ListItem","@id":"https:\/\/allasorias.hu\/hirek\/temak\/munkaeropiac\/#listItem","name":"Munkaer\u0151piac"}}]},{"@type":"Organization","@id":"https:\/\/allasorias.hu\/hirek\/#organization","name":"AllasOrias.hu | H\u00edrek-lapszemle","description":"\u00dczleti h\u00edrek az \u00e1ll\u00e1s \u00e9s a munka vil\u00e1g\u00e1b\u00f3l","url":"https:\/\/allasorias.hu\/hirek\/","logo":{"@type":"ImageObject","url":"https:\/\/allasorias.hu\/hirek\/wp-content\/uploads\/2022\/10\/allasorias_site_facebok_logo.png","@id":"https:\/\/allasorias.hu\/hirek\/a-nagyobb-cegek-bizakodobbak\/#organizationLogo"},"image":{"@id":"https:\/\/allasorias.hu\/hirek\/a-nagyobb-cegek-bizakodobbak\/#organizationLogo"},"sameAs":["https:\/\/www.facebook.com\/allasorias","https:\/\/www.linkedin.com\/company\/allasorias"]},{"@type":"Person","@id":"https:\/\/allasorias.hu\/hirek\/author\/admin-allasorias\/#author","url":"https:\/\/allasorias.hu\/hirek\/author\/admin-allasorias\/","name":"Juh\u00e1sz P\u00e9ter","image":{"@type":"ImageObject","@id":"https:\/\/allasorias.hu\/hirek\/a-nagyobb-cegek-bizakodobbak\/#authorImage","url":"https:\/\/secure.gravatar.com\/avatar\/36e6bcb83148978b992977cb0f54d22feb0cce8a0a849a9410532bb2623ba4c6?s=96&d=mm&r=g","width":96,"height":96,"caption":"Juh\u00e1sz P\u00e9ter"}},{"@type":"WebPage","@id":"https:\/\/allasorias.hu\/hirek\/a-nagyobb-cegek-bizakodobbak\/#webpage","url":"https:\/\/allasorias.hu\/hirek\/a-nagyobb-cegek-bizakodobbak\/","name":"A nagyobb c\u00e9gek bizakod\u00f3bbak | Allasorias.hu\/Hirek","description":"Magyarorsz\u00e1gon a munk\u00e1ltat\u00f3k 510 f\u0151s reprezentat\u00edv mint\u00e1j\u00e1ban szerepl\u0151ket k\u00e9rdezt\u00e9k meg negyedik negyed\u00e9ves munkaer\u0151-felv\u00e9teli sz\u00e1nd\u00e9kaikr\u00f3l.","inLanguage":"hu-HU","isPartOf":{"@id":"https:\/\/allasorias.hu\/hirek\/#website"},"breadcrumb":{"@id":"https:\/\/allasorias.hu\/hirek\/a-nagyobb-cegek-bizakodobbak\/#breadcrumblist"},"author":{"@id":"https:\/\/allasorias.hu\/hirek\/author\/admin-allasorias\/#author"},"creator":{"@id":"https:\/\/allasorias.hu\/hirek\/author\/admin-allasorias\/#author"},"image":{"@type":"ImageObject","url":"https:\/\/allasorias.hu\/hirek\/wp-content\/uploads\/2023\/09\/munkaero-felveteli-felmeres.jpg","@id":"https:\/\/allasorias.hu\/hirek\/a-nagyobb-cegek-bizakodobbak\/#mainImage","width":1280,"height":853,"caption":"A nagyobb c\u00e9gek bizakod\u00f3bbak - Allasorias.hu\/Hirek"},"primaryImageOfPage":{"@id":"https:\/\/allasorias.hu\/hirek\/a-nagyobb-cegek-bizakodobbak\/#mainImage"},"datePublished":"2023-09-15T09:43:07+02:00","dateModified":"2023-09-13T13:00:49+02:00"},{"@type":"WebSite","@id":"https:\/\/allasorias.hu\/hirek\/#website","url":"https:\/\/allasorias.hu\/hirek\/","name":"AllasOrias.hu | H\u00edrek-lapszemle","description":"\u00dczleti h\u00edrek az \u00e1ll\u00e1s \u00e9s a munka vil\u00e1g\u00e1b\u00f3l","inLanguage":"hu-HU","publisher":{"@id":"https:\/\/allasorias.hu\/hirek\/#organization"}}]},"og:locale":"hu_HU","og:site_name":"AllasOrias.hu | H\u00edrek-lapszemle | \u00dczleti h\u00edrek az \u00e1ll\u00e1s \u00e9s a munka vil\u00e1g\u00e1b\u00f3l","og:type":"article","og:title":"A nagyobb c\u00e9gek bizakod\u00f3bbak | Allasorias.hu\/Hirek","og:description":"Magyarorsz\u00e1gon a munk\u00e1ltat\u00f3k 510 f\u0151s reprezentat\u00edv mint\u00e1j\u00e1ban szerepl\u0151ket k\u00e9rdezt\u00e9k meg negyedik negyed\u00e9ves munkaer\u0151-felv\u00e9teli sz\u00e1nd\u00e9kaikr\u00f3l.","og:url":"https:\/\/allasorias.hu\/hirek\/a-nagyobb-cegek-bizakodobbak\/","og:image":"https:\/\/allasorias.hu\/hirek\/wp-content\/uploads\/2023\/09\/munkaero-felveteli-felmeres.jpg","og:image:secure_url":"https:\/\/allasorias.hu\/hirek\/wp-content\/uploads\/2023\/09\/munkaero-felveteli-felmeres.jpg","og:image:width":1280,"og:image:height":853,"article:published_time":"2023-09-15T07:43:07+00:00","article:modified_time":"2023-09-13T11:00:49+00:00","article:publisher":"https:\/\/www.facebook.com\/allasorias","twitter:card":"summary_large_image","twitter:title":"A nagyobb c\u00e9gek bizakod\u00f3bbak | Allasorias.hu\/Hirek","twitter:description":"Magyarorsz\u00e1gon a munk\u00e1ltat\u00f3k 510 f\u0151s reprezentat\u00edv mint\u00e1j\u00e1ban szerepl\u0151ket k\u00e9rdezt\u00e9k meg negyedik negyed\u00e9ves munkaer\u0151-felv\u00e9teli sz\u00e1nd\u00e9kaikr\u00f3l.","twitter:image":"https:\/\/allasorias.hu\/hirek\/wp-content\/uploads\/2023\/09\/munkaero-felveteli-felmeres.jpg","twitter:label1":"Written by","twitter:data1":"Juh\u00e1sz P\u00e9ter","twitter:label2":"Est. reading time","twitter:data2":"5 minutes"},"aioseo_meta_data":{"post_id":"6796","title":"#post_title | Allasorias.hu\/Hirek","description":"Magyarorsz\u00e1gon a munk\u00e1ltat\u00f3k 510 f\u0151s reprezentat\u00edv mint\u00e1j\u00e1ban szerepl\u0151ket k\u00e9rdezt\u00e9k meg negyedik negyed\u00e9ves munkaer\u0151-felv\u00e9teli sz\u00e1nd\u00e9kaikr\u00f3l.","keywords":[],"keyphrases":{"focus":{"keyphrase":"","score":0,"analysis":{"keyphraseInTitle":{"score":0,"maxScore":9,"error":1}}},"additional":[]},"primary_term":null,"canonical_url":null,"og_title":null,"og_description":null,"og_object_type":"default","og_image_type":"default","og_image_url":null,"og_image_width":null,"og_image_height":null,"og_image_custom_url":null,"og_image_custom_fields":null,"og_video":"","og_custom_url":null,"og_article_section":null,"og_article_tags":[],"twitter_use_og":true,"twitter_card":"default","twitter_image_type":"default","twitter_image_url":null,"twitter_image_custom_url":null,"twitter_image_custom_fields":null,"twitter_title":null,"twitter_description":null,"schema":{"blockGraphs":[],"customGraphs":[],"default":{"data":{"Article":[],"Course":[],"Dataset":[],"FAQPage":[],"Movie":[],"Person":[],"Product":[],"ProductReview":[],"Car":[],"Recipe":[],"Service":[],"SoftwareApplication":[],"WebPage":[]},"graphName":"Article","isEnabled":true},"graphs":[]},"schema_type":"default","schema_type_options":null,"pillar_content":false,"robots_default":true,"robots_noindex":false,"robots_noarchive":false,"robots_nosnippet":false,"robots_nofollow":false,"robots_noimageindex":false,"robots_noodp":false,"robots_notranslate":false,"robots_max_snippet":"-1","robots_max_videopreview":"-1","robots_max_imagepreview":"large","priority":null,"frequency":"default","location":null,"local_seo":null,"breadcrumb_settings":null,"limit_modified_date":false,"ai":null,"created":"2023-09-13 10:43:07","updated":"2025-10-02 19:04:31","seo_analyzer_scan_date":null,"focus_keyword":null,"additional_keywords":null,"truseo_locale":null},"aioseo_breadcrumb":"<div class=\"aioseo-breadcrumbs\"><span class=\"aioseo-breadcrumb\">\n\t\t\t<a href=\"https:\/\/allasorias.hu\/hirek\" title=\"Home\">Home<\/a>\n\t\t<\/span><span class=\"aioseo-breadcrumb-separator\">&raquo;<\/span><span class=\"aioseo-breadcrumb\">\n\t\t\t<a href=\"https:\/\/allasorias.hu\/hirek\/temak\/munkaeropiac\/\" title=\"Munkaer\u0151piac\">Munkaer\u0151piac<\/a>\n\t\t<\/span><span class=\"aioseo-breadcrumb-separator\">&raquo;<\/span><span class=\"aioseo-breadcrumb\">\n\t\t\tA nagyobb c\u00e9gek bizakod\u00f3bbak\n\t\t<\/span><\/div>","aioseo_breadcrumb_json":[{"label":"Home","link":"https:\/\/allasorias.hu\/hirek"},{"label":"Munkaer\u0151piac","link":"https:\/\/allasorias.hu\/hirek\/temak\/munkaeropiac\/"},{"label":"A nagyobb c\u00e9gek bizakod\u00f3bbak","link":"https:\/\/allasorias.hu\/hirek\/a-nagyobb-cegek-bizakodobbak\/"}],"_links":{"self":[{"href":"https:\/\/allasorias.hu\/hirek\/wp-json\/wp\/v2\/posts\/6796","targetHints":{"allow":["GET"]}}],"collection":[{"href":"https:\/\/allasorias.hu\/hirek\/wp-json\/wp\/v2\/posts"}],"about":[{"href":"https:\/\/allasorias.hu\/hirek\/wp-json\/wp\/v2\/types\/post"}],"author":[{"embeddable":true,"href":"https:\/\/allasorias.hu\/hirek\/wp-json\/wp\/v2\/users\/1"}],"replies":[{"embeddable":true,"href":"https:\/\/allasorias.hu\/hirek\/wp-json\/wp\/v2\/comments?post=6796"}],"version-history":[{"count":3,"href":"https:\/\/allasorias.hu\/hirek\/wp-json\/wp\/v2\/posts\/6796\/revisions"}],"predecessor-version":[{"id":6800,"href":"https:\/\/allasorias.hu\/hirek\/wp-json\/wp\/v2\/posts\/6796\/revisions\/6800"}],"wp:featuredmedia":[{"embeddable":true,"href":"https:\/\/allasorias.hu\/hirek\/wp-json\/wp\/v2\/media\/6797"}],"wp:attachment":[{"href":"https:\/\/allasorias.hu\/hirek\/wp-json\/wp\/v2\/media?parent=6796"}],"wp:term":[{"taxonomy":"category","embeddable":true,"href":"https:\/\/allasorias.hu\/hirek\/wp-json\/wp\/v2\/categories?post=6796"},{"taxonomy":"post_tag","embeddable":true,"href":"https:\/\/allasorias.hu\/hirek\/wp-json\/wp\/v2\/tags?post=6796"}],"curies":[{"name":"wp","href":"https:\/\/api.w.org\/{rel}","templated":true}]}}