{"id":6787,"date":"2023-09-13T10:59:19","date_gmt":"2023-09-13T08:59:19","guid":{"rendered":"https:\/\/allasorias.hu\/hirek\/?p=6787"},"modified":"2023-09-14T08:22:48","modified_gmt":"2023-09-14T06:22:48","slug":"embert-a-vasra-szlogennel-szolitottak-meg-a-fiatalokat","status":"publish","type":"post","link":"https:\/\/allasorias.hu\/hirek\/embert-a-vasra-szlogennel-szolitottak-meg-a-fiatalokat\/","title":{"rendered":"\u201eEmbert a vasra!\u201e szlogennel sz\u00f3l\u00edtott\u00e1k meg a fiatalokat"},"content":{"rendered":"<p><strong>Fiatalos, dinamikus, a digit\u00e1lis technik\u00e1ban j\u00e1rtas gener\u00e1ci\u00f3ra van sz\u00fcks\u00e9g a honv\u00e9ds\u00e9gn\u00e9l. A meghirdetett toborz\u00e1sra m\u00e1r sokan jelentkeztek.<\/strong><\/p>\n<p><a href=\"https:\/\/allasorias.hu\/hirek\/tobb-ezer-diak-a-kadetrendszerben-katonak-a-munkaeropiacon\/\">Nagyon j\u00f3l fogadt\u00e1k a fiatalok a Magyar Honv\u00e9ds\u00e9g Embert a vasra toborz\u00e1si aj\u00e1nlat\u00e1t\/kamp\u00e1ny\u00e1t<\/a>: t\u00f6bb sz\u00e1zan jelentkeztek H\u00f3dmez\u0151v\u00e1s\u00e1rhelyen, a Kinizsi P\u00e1l 30. P\u00e1nc\u00e9lozott Gyalogdand\u00e1rn\u00e1l &#8211; mondta Szalay-Bobrovniczky Krist\u00f3f honv\u00e9delmi miniszter az M1 aktu\u00e1lis csatorna\u00a0 m\u0171sor\u00e1ban.<\/p>\n<h2>Sokan jelentkeztek<\/h2>\n<p>A miniszter felid\u00e9zte: &#8222;Embert a vasra!&#8221; szlogennel sz\u00f3l\u00edtotta meg a fiatalokat n\u00e9h\u00e1ny h\u00e9ttel ezel\u0151tt, hogy jelentkezzenek a cs\u00facskateg\u00f3ri\u00e1s Lynx gyalogs\u00e1gi harcj\u00e1rm\u0171 szem\u00e9lyzet\u00e9nek. Mint mondta, a Lynx \u00fczemeltet\u00e9se komplex katonai munka, \u00edgy azokat kerest\u00e9k, akik a legink\u00e1bb alkalmasak erre a feladatra \u00e9s \u0151ket kiemelt, brutt\u00f3 737 ezer forintos illetm\u00e9nnyel honor\u00e1lj\u00e1k. Hozz\u00e1tette: olyan sokan jelentkeztek, hogy az eredetileg egynaposra tervezett programot k\u00e9tnaposs\u00e1 kellett bontani, az els\u0151 jelentkez\u0151k m\u00e1r t\u00falestek az eg\u00e9szs\u00e9g\u00fcgyi, pszichol\u00f3giai \u00e9s fizikai felm\u00e9r\u00e9sen.<\/p>\n<h2>A jelentkez\u0151k t\u00f6bbs\u00e9ge 25 \u00e9v alatti<\/h2>\n<p>Szalay-Bobrovniczky Krist\u00f3f hangs\u00falyozta: a Lynx \u00fczemeltet\u00e9s\u00e9hez m\u00e1s t\u00edpus\u00fa hozz\u00e1\u00e1ll\u00e1sra, egy fiatalos, dinamikus, a digit\u00e1lis technik\u00e1ban j\u00e1rtas gener\u00e1ci\u00f3ra van sz\u00fcks\u00e9g. Hozz\u00e1tette: ez\u00e9rt is \u00f6r\u00f6mteli, hogy a jelentkez\u0151k d\u00f6nt\u0151 t\u00f6bbs\u00e9ge 25 \u00e9v alatti volt. Jelezte: aki nem f\u00e9r bele a Kinizsi Dand\u00e1r Lynx gyalogs\u00e1gi harcj\u00e1rm\u0171vel felszerelt gr\u00e1n\u00e1tos z\u00e1szl\u00f3alj\u00e1ba, annak is adnak aj\u00e1nlatot a Magyar Honv\u00e9ds\u00e9g m\u00e1s alakulatain\u00e1l. Elmondta azt is, a bevonultak egy t\u00f6bbhetes alapkik\u00e9pz\u00e9st k\u00f6vet\u0151en kezdik meg kik\u00e9pz\u00e9s\u00fcket a speci\u00e1lis eszk\u00f6zre.<\/p>\n<p>Forr\u00e1s: <a href=\"https:\/\/civishir.hu\/kozelet\/2023\/09\/tobb-szaz-jelentkezo-a-honvedseg-700-ezer-forintos-allasara\" target=\"_blank\" rel=\"nofollow noopener\">civishir.hu<\/a><\/p>\n","protected":false},"excerpt":{"rendered":"<p>Fiatalos, dinamikus, a digit\u00e1lis technik\u00e1ban j\u00e1rtas gener\u00e1ci\u00f3ra van sz\u00fcks\u00e9g a honv\u00e9ds\u00e9gn\u00e9l. A meghirdetett toborz\u00e1sra m\u00e1r sokan jelentkeztek. Nagyon j\u00f3l fogadt\u00e1k a fiatalok a Magyar Honv\u00e9ds\u00e9g Embert a vasra toborz\u00e1si aj\u00e1nlat\u00e1t\/kamp\u00e1ny\u00e1t: t\u00f6bb sz\u00e1zan jelentkeztek H\u00f3dmez\u0151v\u00e1s\u00e1rhelyen, a Kinizsi P\u00e1l 30. P\u00e1nc\u00e9lozott Gyalogdand\u00e1rn\u00e1l &#8211; mondta Szalay-Bobrovniczky Krist\u00f3f honv\u00e9delmi miniszter az M1 aktu\u00e1lis csatorna\u00a0 m\u0171sor\u00e1ban. Sokan jelentkeztek A miniszter [&hellip;]<\/p>\n","protected":false},"author":1,"featured_media":6788,"comment_status":"open","ping_status":"open","sticky":false,"template":"","format":"standard","meta":{"_monsterinsights_skip_tracking":false,"footnotes":""},"categories":[200],"tags":[414,603],"class_list":["post-6787","post","type-post","status-publish","format-standard","has-post-thumbnail","hentry","category-munkaeropiac","tag-honvedseg","tag-toborzo"],"aioseo_notices":[],"aioseo_head":"\n\t\t<!-- All in One SEO 5.0.0.1 - aioseo.com -->\n\t<meta name=\"description\" content=\"Fiatalos, dinamikus, a digit\u00e1lis technik\u00e1ban j\u00e1rtas gener\u00e1ci\u00f3ra van sz\u00fcks\u00e9g a honv\u00e9ds\u00e9gn\u00e9l. A meghirdetett toborz\u00e1sra m\u00e1r sokan jelentkeztek.\" \/>\n\t<meta name=\"robots\" content=\"max-image-preview:large\" \/>\n\t<meta name=\"author\" content=\"Juh\u00e1sz P\u00e9ter\"\/>\n\t<meta name=\"keywords\" content=\"honv\u00e9ds\u00e9g,toborz\u00f3\" \/>\n\t<link rel=\"canonical\" href=\"https:\/\/allasorias.hu\/hirek\/embert-a-vasra-szlogennel-szolitottak-meg-a-fiatalokat\/\" \/>\n\t<meta name=\"generator\" content=\"All in One SEO (AIOSEO) 5.0.0.1\" \/>\n\t\t<meta property=\"og:locale\" content=\"hu_HU\" \/>\n\t\t<meta property=\"og:site_name\" content=\"AllasOrias.hu | H\u00edrek-lapszemle | \u00dczleti h\u00edrek az \u00e1ll\u00e1s \u00e9s a munka vil\u00e1g\u00e1b\u00f3l\" \/>\n\t\t<meta property=\"og:type\" content=\"article\" \/>\n\t\t<meta property=\"og:title\" content=\"\u201eEmbert a vasra!\u201e szlogennel sz\u00f3l\u00edtott\u00e1k meg a fiatalokat |\" \/>\n\t\t<meta property=\"og:description\" content=\"Fiatalos, dinamikus, a digit\u00e1lis technik\u00e1ban j\u00e1rtas gener\u00e1ci\u00f3ra van sz\u00fcks\u00e9g a honv\u00e9ds\u00e9gn\u00e9l. A meghirdetett toborz\u00e1sra m\u00e1r sokan jelentkeztek.\" \/>\n\t\t<meta property=\"og:url\" content=\"https:\/\/allasorias.hu\/hirek\/embert-a-vasra-szlogennel-szolitottak-meg-a-fiatalokat\/\" \/>\n\t\t<meta property=\"og:image\" content=\"https:\/\/allasorias.hu\/hirek\/wp-content\/uploads\/2023\/09\/honvedsegi-toborzo.jpg\" \/>\n\t\t<meta property=\"og:image:secure_url\" content=\"https:\/\/allasorias.hu\/hirek\/wp-content\/uploads\/2023\/09\/honvedsegi-toborzo.jpg\" \/>\n\t\t<meta property=\"og:image:width\" content=\"1280\" \/>\n\t\t<meta property=\"og:image:height\" content=\"731\" \/>\n\t\t<meta property=\"article:published_time\" content=\"2023-09-13T08:59:19+00:00\" \/>\n\t\t<meta property=\"article:modified_time\" content=\"2023-09-14T06:22:48+00:00\" \/>\n\t\t<meta property=\"article:publisher\" content=\"https:\/\/www.facebook.com\/allasorias\" \/>\n\t\t<meta name=\"twitter:card\" content=\"summary_large_image\" \/>\n\t\t<meta name=\"twitter:title\" content=\"\u201eEmbert a vasra!\u201e szlogennel sz\u00f3l\u00edtott\u00e1k meg a fiatalokat |\" \/>\n\t\t<meta name=\"twitter:description\" content=\"Fiatalos, dinamikus, a digit\u00e1lis technik\u00e1ban j\u00e1rtas gener\u00e1ci\u00f3ra van sz\u00fcks\u00e9g a honv\u00e9ds\u00e9gn\u00e9l. A meghirdetett toborz\u00e1sra m\u00e1r sokan jelentkeztek.\" \/>\n\t\t<meta name=\"twitter:image\" content=\"https:\/\/allasorias.hu\/hirek\/wp-content\/uploads\/2023\/09\/honvedsegi-toborzo.jpg\" \/>\n\t\t<meta name=\"twitter:label1\" content=\"Written by\" \/>\n\t\t<meta name=\"twitter:data1\" content=\"Juh\u00e1sz P\u00e9ter\" \/>\n\t\t<meta name=\"twitter:label2\" content=\"Est. reading time\" \/>\n\t\t<meta name=\"twitter:data2\" content=\"2 minutes\" \/>\n\t\t<script type=\"application\/ld+json\" class=\"aioseo-schema\">\n\t\t\t{\"@context\":\"https:\\\/\\\/schema.org\",\"@graph\":[{\"@type\":\"Article\",\"@id\":\"https:\\\/\\\/allasorias.hu\\\/hirek\\\/embert-a-vasra-szlogennel-szolitottak-meg-a-fiatalokat\\\/#article\",\"name\":\"\\u201eEmbert a vasra!\\u201e szlogennel sz\\u00f3l\\u00edtott\\u00e1k meg a fiatalokat |\",\"headline\":\"\\u201eEmbert a vasra!\\u201e szlogennel sz\\u00f3l\\u00edtott\\u00e1k meg a fiatalokat\",\"author\":{\"@id\":\"https:\\\/\\\/allasorias.hu\\\/hirek\\\/author\\\/admin-allasorias\\\/#author\"},\"publisher\":{\"@id\":\"https:\\\/\\\/allasorias.hu\\\/hirek\\\/#organization\"},\"image\":{\"@type\":\"ImageObject\",\"url\":\"https:\\\/\\\/allasorias.hu\\\/hirek\\\/wp-content\\\/uploads\\\/2023\\\/09\\\/honvedsegi-toborzo.jpg\",\"width\":1280,\"height\":731,\"caption\":\"\\u201eEmbert a vasra!\\u201e szlogennel sz\\u00f3l\\u00edtott\\u00e1k meg a fiatalokat - Allasorias.hu\\\/Hirek\"},\"datePublished\":\"2023-09-13T10:59:19+02:00\",\"dateModified\":\"2023-09-14T08:22:48+02:00\",\"inLanguage\":\"hu-HU\",\"mainEntityOfPage\":{\"@id\":\"https:\\\/\\\/allasorias.hu\\\/hirek\\\/embert-a-vasra-szlogennel-szolitottak-meg-a-fiatalokat\\\/#webpage\"},\"isPartOf\":{\"@id\":\"https:\\\/\\\/allasorias.hu\\\/hirek\\\/embert-a-vasra-szlogennel-szolitottak-meg-a-fiatalokat\\\/#webpage\"},\"articleSection\":\"Munkaer\\u0151piac, honv\\u00e9ds\\u00e9g, toborz\\u00f3\"},{\"@type\":\"BreadcrumbList\",\"@id\":\"https:\\\/\\\/allasorias.hu\\\/hirek\\\/embert-a-vasra-szlogennel-szolitottak-meg-a-fiatalokat\\\/#breadcrumblist\",\"itemListElement\":[{\"@type\":\"ListItem\",\"@id\":\"https:\\\/\\\/allasorias.hu\\\/hirek#listItem\",\"position\":1,\"name\":\"Home\",\"item\":\"https:\\\/\\\/allasorias.hu\\\/hirek\",\"nextItem\":{\"@type\":\"ListItem\",\"@id\":\"https:\\\/\\\/allasorias.hu\\\/hirek\\\/temak\\\/munkaeropiac\\\/#listItem\",\"name\":\"Munkaer\\u0151piac\"}},{\"@type\":\"ListItem\",\"@id\":\"https:\\\/\\\/allasorias.hu\\\/hirek\\\/temak\\\/munkaeropiac\\\/#listItem\",\"position\":2,\"name\":\"Munkaer\\u0151piac\",\"item\":\"https:\\\/\\\/allasorias.hu\\\/hirek\\\/temak\\\/munkaeropiac\\\/\",\"nextItem\":{\"@type\":\"ListItem\",\"@id\":\"https:\\\/\\\/allasorias.hu\\\/hirek\\\/embert-a-vasra-szlogennel-szolitottak-meg-a-fiatalokat\\\/#listItem\",\"name\":\"\\u201eEmbert a vasra!\\u201e szlogennel sz\\u00f3l\\u00edtott\\u00e1k meg a fiatalokat\"},\"previousItem\":{\"@type\":\"ListItem\",\"@id\":\"https:\\\/\\\/allasorias.hu\\\/hirek#listItem\",\"name\":\"Home\"}},{\"@type\":\"ListItem\",\"@id\":\"https:\\\/\\\/allasorias.hu\\\/hirek\\\/embert-a-vasra-szlogennel-szolitottak-meg-a-fiatalokat\\\/#listItem\",\"position\":3,\"name\":\"\\u201eEmbert a vasra!\\u201e szlogennel sz\\u00f3l\\u00edtott\\u00e1k meg a fiatalokat\",\"previousItem\":{\"@type\":\"ListItem\",\"@id\":\"https:\\\/\\\/allasorias.hu\\\/hirek\\\/temak\\\/munkaeropiac\\\/#listItem\",\"name\":\"Munkaer\\u0151piac\"}}]},{\"@type\":\"Organization\",\"@id\":\"https:\\\/\\\/allasorias.hu\\\/hirek\\\/#organization\",\"name\":\"AllasOrias.hu | H\\u00edrek-lapszemle\",\"description\":\"\\u00dczleti h\\u00edrek az \\u00e1ll\\u00e1s \\u00e9s a munka vil\\u00e1g\\u00e1b\\u00f3l\",\"url\":\"https:\\\/\\\/allasorias.hu\\\/hirek\\\/\",\"logo\":{\"@type\":\"ImageObject\",\"url\":\"https:\\\/\\\/allasorias.hu\\\/hirek\\\/wp-content\\\/uploads\\\/2022\\\/10\\\/allasorias_site_facebok_logo.png\",\"@id\":\"https:\\\/\\\/allasorias.hu\\\/hirek\\\/embert-a-vasra-szlogennel-szolitottak-meg-a-fiatalokat\\\/#organizationLogo\"},\"image\":{\"@id\":\"https:\\\/\\\/allasorias.hu\\\/hirek\\\/embert-a-vasra-szlogennel-szolitottak-meg-a-fiatalokat\\\/#organizationLogo\"},\"sameAs\":[\"https:\\\/\\\/www.facebook.com\\\/allasorias\",\"https:\\\/\\\/www.linkedin.com\\\/company\\\/allasorias\"]},{\"@type\":\"Person\",\"@id\":\"https:\\\/\\\/allasorias.hu\\\/hirek\\\/author\\\/admin-allasorias\\\/#author\",\"url\":\"https:\\\/\\\/allasorias.hu\\\/hirek\\\/author\\\/admin-allasorias\\\/\",\"name\":\"Juh\\u00e1sz P\\u00e9ter\",\"image\":{\"@type\":\"ImageObject\",\"@id\":\"https:\\\/\\\/allasorias.hu\\\/hirek\\\/embert-a-vasra-szlogennel-szolitottak-meg-a-fiatalokat\\\/#authorImage\",\"url\":\"https:\\\/\\\/secure.gravatar.com\\\/avatar\\\/36e6bcb83148978b992977cb0f54d22feb0cce8a0a849a9410532bb2623ba4c6?s=96&d=mm&r=g\",\"width\":96,\"height\":96,\"caption\":\"Juh\\u00e1sz P\\u00e9ter\"}},{\"@type\":\"WebPage\",\"@id\":\"https:\\\/\\\/allasorias.hu\\\/hirek\\\/embert-a-vasra-szlogennel-szolitottak-meg-a-fiatalokat\\\/#webpage\",\"url\":\"https:\\\/\\\/allasorias.hu\\\/hirek\\\/embert-a-vasra-szlogennel-szolitottak-meg-a-fiatalokat\\\/\",\"name\":\"\\u201eEmbert a vasra!\\u201e szlogennel sz\\u00f3l\\u00edtott\\u00e1k meg a fiatalokat |\",\"description\":\"Fiatalos, dinamikus, a digit\\u00e1lis technik\\u00e1ban j\\u00e1rtas gener\\u00e1ci\\u00f3ra van sz\\u00fcks\\u00e9g a honv\\u00e9ds\\u00e9gn\\u00e9l. A meghirdetett toborz\\u00e1sra m\\u00e1r sokan jelentkeztek.\",\"inLanguage\":\"hu-HU\",\"isPartOf\":{\"@id\":\"https:\\\/\\\/allasorias.hu\\\/hirek\\\/#website\"},\"breadcrumb\":{\"@id\":\"https:\\\/\\\/allasorias.hu\\\/hirek\\\/embert-a-vasra-szlogennel-szolitottak-meg-a-fiatalokat\\\/#breadcrumblist\"},\"author\":{\"@id\":\"https:\\\/\\\/allasorias.hu\\\/hirek\\\/author\\\/admin-allasorias\\\/#author\"},\"creator\":{\"@id\":\"https:\\\/\\\/allasorias.hu\\\/hirek\\\/author\\\/admin-allasorias\\\/#author\"},\"image\":{\"@type\":\"ImageObject\",\"url\":\"https:\\\/\\\/allasorias.hu\\\/hirek\\\/wp-content\\\/uploads\\\/2023\\\/09\\\/honvedsegi-toborzo.jpg\",\"@id\":\"https:\\\/\\\/allasorias.hu\\\/hirek\\\/embert-a-vasra-szlogennel-szolitottak-meg-a-fiatalokat\\\/#mainImage\",\"width\":1280,\"height\":731,\"caption\":\"\\u201eEmbert a vasra!\\u201e szlogennel sz\\u00f3l\\u00edtott\\u00e1k meg a fiatalokat - Allasorias.hu\\\/Hirek\"},\"primaryImageOfPage\":{\"@id\":\"https:\\\/\\\/allasorias.hu\\\/hirek\\\/embert-a-vasra-szlogennel-szolitottak-meg-a-fiatalokat\\\/#mainImage\"},\"datePublished\":\"2023-09-13T10:59:19+02:00\",\"dateModified\":\"2023-09-14T08:22:48+02:00\"},{\"@type\":\"WebSite\",\"@id\":\"https:\\\/\\\/allasorias.hu\\\/hirek\\\/#website\",\"url\":\"https:\\\/\\\/allasorias.hu\\\/hirek\\\/\",\"name\":\"AllasOrias.hu | H\\u00edrek-lapszemle\",\"description\":\"\\u00dczleti h\\u00edrek az \\u00e1ll\\u00e1s \\u00e9s a munka vil\\u00e1g\\u00e1b\\u00f3l\",\"inLanguage\":\"hu-HU\",\"publisher\":{\"@id\":\"https:\\\/\\\/allasorias.hu\\\/hirek\\\/#organization\"}}]}\n\t\t<\/script>\n\t\t<!-- All in One SEO -->\n\n","aioseo_head_json":{"title":"\u201eEmbert a vasra!\u201e szlogennel sz\u00f3l\u00edtott\u00e1k meg a fiatalokat |","description":"Fiatalos, dinamikus, a digit\u00e1lis technik\u00e1ban j\u00e1rtas gener\u00e1ci\u00f3ra van sz\u00fcks\u00e9g a honv\u00e9ds\u00e9gn\u00e9l. A meghirdetett toborz\u00e1sra m\u00e1r sokan jelentkeztek.","canonical_url":"https:\/\/allasorias.hu\/hirek\/embert-a-vasra-szlogennel-szolitottak-meg-a-fiatalokat\/","robots":"max-image-preview:large","keywords":"honv\u00e9ds\u00e9g,toborz\u00f3","webmasterTools":{"miscellaneous":""},"schema":{"@context":"https:\/\/schema.org","@graph":[{"@type":"Article","@id":"https:\/\/allasorias.hu\/hirek\/embert-a-vasra-szlogennel-szolitottak-meg-a-fiatalokat\/#article","name":"\u201eEmbert a vasra!\u201e szlogennel sz\u00f3l\u00edtott\u00e1k meg a fiatalokat |","headline":"\u201eEmbert a vasra!\u201e szlogennel sz\u00f3l\u00edtott\u00e1k meg a fiatalokat","author":{"@id":"https:\/\/allasorias.hu\/hirek\/author\/admin-allasorias\/#author"},"publisher":{"@id":"https:\/\/allasorias.hu\/hirek\/#organization"},"image":{"@type":"ImageObject","url":"https:\/\/allasorias.hu\/hirek\/wp-content\/uploads\/2023\/09\/honvedsegi-toborzo.jpg","width":1280,"height":731,"caption":"\u201eEmbert a vasra!\u201e szlogennel sz\u00f3l\u00edtott\u00e1k meg a fiatalokat - Allasorias.hu\/Hirek"},"datePublished":"2023-09-13T10:59:19+02:00","dateModified":"2023-09-14T08:22:48+02:00","inLanguage":"hu-HU","mainEntityOfPage":{"@id":"https:\/\/allasorias.hu\/hirek\/embert-a-vasra-szlogennel-szolitottak-meg-a-fiatalokat\/#webpage"},"isPartOf":{"@id":"https:\/\/allasorias.hu\/hirek\/embert-a-vasra-szlogennel-szolitottak-meg-a-fiatalokat\/#webpage"},"articleSection":"Munkaer\u0151piac, honv\u00e9ds\u00e9g, toborz\u00f3"},{"@type":"BreadcrumbList","@id":"https:\/\/allasorias.hu\/hirek\/embert-a-vasra-szlogennel-szolitottak-meg-a-fiatalokat\/#breadcrumblist","itemListElement":[{"@type":"ListItem","@id":"https:\/\/allasorias.hu\/hirek#listItem","position":1,"name":"Home","item":"https:\/\/allasorias.hu\/hirek","nextItem":{"@type":"ListItem","@id":"https:\/\/allasorias.hu\/hirek\/temak\/munkaeropiac\/#listItem","name":"Munkaer\u0151piac"}},{"@type":"ListItem","@id":"https:\/\/allasorias.hu\/hirek\/temak\/munkaeropiac\/#listItem","position":2,"name":"Munkaer\u0151piac","item":"https:\/\/allasorias.hu\/hirek\/temak\/munkaeropiac\/","nextItem":{"@type":"ListItem","@id":"https:\/\/allasorias.hu\/hirek\/embert-a-vasra-szlogennel-szolitottak-meg-a-fiatalokat\/#listItem","name":"\u201eEmbert a vasra!\u201e szlogennel sz\u00f3l\u00edtott\u00e1k meg a fiatalokat"},"previousItem":{"@type":"ListItem","@id":"https:\/\/allasorias.hu\/hirek#listItem","name":"Home"}},{"@type":"ListItem","@id":"https:\/\/allasorias.hu\/hirek\/embert-a-vasra-szlogennel-szolitottak-meg-a-fiatalokat\/#listItem","position":3,"name":"\u201eEmbert a vasra!\u201e szlogennel sz\u00f3l\u00edtott\u00e1k meg a fiatalokat","previousItem":{"@type":"ListItem","@id":"https:\/\/allasorias.hu\/hirek\/temak\/munkaeropiac\/#listItem","name":"Munkaer\u0151piac"}}]},{"@type":"Organization","@id":"https:\/\/allasorias.hu\/hirek\/#organization","name":"AllasOrias.hu | H\u00edrek-lapszemle","description":"\u00dczleti h\u00edrek az \u00e1ll\u00e1s \u00e9s a munka vil\u00e1g\u00e1b\u00f3l","url":"https:\/\/allasorias.hu\/hirek\/","logo":{"@type":"ImageObject","url":"https:\/\/allasorias.hu\/hirek\/wp-content\/uploads\/2022\/10\/allasorias_site_facebok_logo.png","@id":"https:\/\/allasorias.hu\/hirek\/embert-a-vasra-szlogennel-szolitottak-meg-a-fiatalokat\/#organizationLogo"},"image":{"@id":"https:\/\/allasorias.hu\/hirek\/embert-a-vasra-szlogennel-szolitottak-meg-a-fiatalokat\/#organizationLogo"},"sameAs":["https:\/\/www.facebook.com\/allasorias","https:\/\/www.linkedin.com\/company\/allasorias"]},{"@type":"Person","@id":"https:\/\/allasorias.hu\/hirek\/author\/admin-allasorias\/#author","url":"https:\/\/allasorias.hu\/hirek\/author\/admin-allasorias\/","name":"Juh\u00e1sz P\u00e9ter","image":{"@type":"ImageObject","@id":"https:\/\/allasorias.hu\/hirek\/embert-a-vasra-szlogennel-szolitottak-meg-a-fiatalokat\/#authorImage","url":"https:\/\/secure.gravatar.com\/avatar\/36e6bcb83148978b992977cb0f54d22feb0cce8a0a849a9410532bb2623ba4c6?s=96&d=mm&r=g","width":96,"height":96,"caption":"Juh\u00e1sz P\u00e9ter"}},{"@type":"WebPage","@id":"https:\/\/allasorias.hu\/hirek\/embert-a-vasra-szlogennel-szolitottak-meg-a-fiatalokat\/#webpage","url":"https:\/\/allasorias.hu\/hirek\/embert-a-vasra-szlogennel-szolitottak-meg-a-fiatalokat\/","name":"\u201eEmbert a vasra!\u201e szlogennel sz\u00f3l\u00edtott\u00e1k meg a fiatalokat |","description":"Fiatalos, dinamikus, a digit\u00e1lis technik\u00e1ban j\u00e1rtas gener\u00e1ci\u00f3ra van sz\u00fcks\u00e9g a honv\u00e9ds\u00e9gn\u00e9l. A meghirdetett toborz\u00e1sra m\u00e1r sokan jelentkeztek.","inLanguage":"hu-HU","isPartOf":{"@id":"https:\/\/allasorias.hu\/hirek\/#website"},"breadcrumb":{"@id":"https:\/\/allasorias.hu\/hirek\/embert-a-vasra-szlogennel-szolitottak-meg-a-fiatalokat\/#breadcrumblist"},"author":{"@id":"https:\/\/allasorias.hu\/hirek\/author\/admin-allasorias\/#author"},"creator":{"@id":"https:\/\/allasorias.hu\/hirek\/author\/admin-allasorias\/#author"},"image":{"@type":"ImageObject","url":"https:\/\/allasorias.hu\/hirek\/wp-content\/uploads\/2023\/09\/honvedsegi-toborzo.jpg","@id":"https:\/\/allasorias.hu\/hirek\/embert-a-vasra-szlogennel-szolitottak-meg-a-fiatalokat\/#mainImage","width":1280,"height":731,"caption":"\u201eEmbert a vasra!\u201e szlogennel sz\u00f3l\u00edtott\u00e1k meg a fiatalokat - Allasorias.hu\/Hirek"},"primaryImageOfPage":{"@id":"https:\/\/allasorias.hu\/hirek\/embert-a-vasra-szlogennel-szolitottak-meg-a-fiatalokat\/#mainImage"},"datePublished":"2023-09-13T10:59:19+02:00","dateModified":"2023-09-14T08:22:48+02:00"},{"@type":"WebSite","@id":"https:\/\/allasorias.hu\/hirek\/#website","url":"https:\/\/allasorias.hu\/hirek\/","name":"AllasOrias.hu | H\u00edrek-lapszemle","description":"\u00dczleti h\u00edrek az \u00e1ll\u00e1s \u00e9s a munka vil\u00e1g\u00e1b\u00f3l","inLanguage":"hu-HU","publisher":{"@id":"https:\/\/allasorias.hu\/hirek\/#organization"}}]},"og:locale":"hu_HU","og:site_name":"AllasOrias.hu | H\u00edrek-lapszemle | \u00dczleti h\u00edrek az \u00e1ll\u00e1s \u00e9s a munka vil\u00e1g\u00e1b\u00f3l","og:type":"article","og:title":"\u201eEmbert a vasra!\u201e szlogennel sz\u00f3l\u00edtott\u00e1k meg a fiatalokat |","og:description":"Fiatalos, dinamikus, a digit\u00e1lis technik\u00e1ban j\u00e1rtas gener\u00e1ci\u00f3ra van sz\u00fcks\u00e9g a honv\u00e9ds\u00e9gn\u00e9l. A meghirdetett toborz\u00e1sra m\u00e1r sokan jelentkeztek.","og:url":"https:\/\/allasorias.hu\/hirek\/embert-a-vasra-szlogennel-szolitottak-meg-a-fiatalokat\/","og:image":"https:\/\/allasorias.hu\/hirek\/wp-content\/uploads\/2023\/09\/honvedsegi-toborzo.jpg","og:image:secure_url":"https:\/\/allasorias.hu\/hirek\/wp-content\/uploads\/2023\/09\/honvedsegi-toborzo.jpg","og:image:width":1280,"og:image:height":731,"article:published_time":"2023-09-13T08:59:19+00:00","article:modified_time":"2023-09-14T06:22:48+00:00","article:publisher":"https:\/\/www.facebook.com\/allasorias","twitter:card":"summary_large_image","twitter:title":"\u201eEmbert a vasra!\u201e szlogennel sz\u00f3l\u00edtott\u00e1k meg a fiatalokat |","twitter:description":"Fiatalos, dinamikus, a digit\u00e1lis technik\u00e1ban j\u00e1rtas gener\u00e1ci\u00f3ra van sz\u00fcks\u00e9g a honv\u00e9ds\u00e9gn\u00e9l. A meghirdetett toborz\u00e1sra m\u00e1r sokan jelentkeztek.","twitter:image":"https:\/\/allasorias.hu\/hirek\/wp-content\/uploads\/2023\/09\/honvedsegi-toborzo.jpg","twitter:label1":"Written by","twitter:data1":"Juh\u00e1sz P\u00e9ter","twitter:label2":"Est. reading time","twitter:data2":"2 minutes"},"aioseo_meta_data":{"post_id":"6787","title":"#post_title |","description":"Fiatalos, dinamikus, a digit\u00e1lis technik\u00e1ban j\u00e1rtas gener\u00e1ci\u00f3ra van sz\u00fcks\u00e9g a honv\u00e9ds\u00e9gn\u00e9l. A meghirdetett toborz\u00e1sra m\u00e1r sokan jelentkeztek.","keywords":[],"keyphrases":{"focus":{"keyphrase":"","score":0,"analysis":{"keyphraseInTitle":{"score":0,"maxScore":9,"error":1}}},"additional":[]},"primary_term":null,"canonical_url":null,"og_title":null,"og_description":null,"og_object_type":"default","og_image_type":"default","og_image_url":null,"og_image_width":null,"og_image_height":null,"og_image_custom_url":null,"og_image_custom_fields":null,"og_video":"","og_custom_url":null,"og_article_section":null,"og_article_tags":[],"twitter_use_og":true,"twitter_card":"default","twitter_image_type":"default","twitter_image_url":null,"twitter_image_custom_url":null,"twitter_image_custom_fields":null,"twitter_title":null,"twitter_description":null,"schema":{"blockGraphs":[],"customGraphs":[],"default":{"data":{"Article":[],"Course":[],"Dataset":[],"FAQPage":[],"Movie":[],"Person":[],"Product":[],"ProductReview":[],"Car":[],"Recipe":[],"Service":[],"SoftwareApplication":[],"WebPage":[]},"graphName":"Article","isEnabled":true},"graphs":[]},"schema_type":"default","schema_type_options":null,"pillar_content":false,"robots_default":true,"robots_noindex":false,"robots_noarchive":false,"robots_nosnippet":false,"robots_nofollow":false,"robots_noimageindex":false,"robots_noodp":false,"robots_notranslate":false,"robots_max_snippet":"-1","robots_max_videopreview":"-1","robots_max_imagepreview":"large","priority":null,"frequency":"default","location":null,"local_seo":null,"breadcrumb_settings":null,"limit_modified_date":false,"ai":null,"created":"2023-09-13 08:47:47","updated":"2025-10-02 19:02:53","seo_analyzer_scan_date":null,"focus_keyword":null,"additional_keywords":null,"truseo_locale":null},"aioseo_breadcrumb":"<div class=\"aioseo-breadcrumbs\"><span class=\"aioseo-breadcrumb\">\n\t\t\t<a href=\"https:\/\/allasorias.hu\/hirek\" title=\"Home\">Home<\/a>\n\t\t<\/span><span class=\"aioseo-breadcrumb-separator\">&raquo;<\/span><span class=\"aioseo-breadcrumb\">\n\t\t\t<a href=\"https:\/\/allasorias.hu\/hirek\/temak\/munkaeropiac\/\" title=\"Munkaer\u0151piac\">Munkaer\u0151piac<\/a>\n\t\t<\/span><span class=\"aioseo-breadcrumb-separator\">&raquo;<\/span><span class=\"aioseo-breadcrumb\">\n\t\t\t\u201eEmbert a vasra!\u201e szlogennel sz\u00f3l\u00edtott\u00e1k meg a fiatalokat\n\t\t<\/span><\/div>","aioseo_breadcrumb_json":[{"label":"Home","link":"https:\/\/allasorias.hu\/hirek"},{"label":"Munkaer\u0151piac","link":"https:\/\/allasorias.hu\/hirek\/temak\/munkaeropiac\/"},{"label":"\u201eEmbert a vasra!\u201e szlogennel sz\u00f3l\u00edtott\u00e1k meg a fiatalokat","link":"https:\/\/allasorias.hu\/hirek\/embert-a-vasra-szlogennel-szolitottak-meg-a-fiatalokat\/"}],"_links":{"self":[{"href":"https:\/\/allasorias.hu\/hirek\/wp-json\/wp\/v2\/posts\/6787","targetHints":{"allow":["GET"]}}],"collection":[{"href":"https:\/\/allasorias.hu\/hirek\/wp-json\/wp\/v2\/posts"}],"about":[{"href":"https:\/\/allasorias.hu\/hirek\/wp-json\/wp\/v2\/types\/post"}],"author":[{"embeddable":true,"href":"https:\/\/allasorias.hu\/hirek\/wp-json\/wp\/v2\/users\/1"}],"replies":[{"embeddable":true,"href":"https:\/\/allasorias.hu\/hirek\/wp-json\/wp\/v2\/comments?post=6787"}],"version-history":[{"count":3,"href":"https:\/\/allasorias.hu\/hirek\/wp-json\/wp\/v2\/posts\/6787\/revisions"}],"predecessor-version":[{"id":6801,"href":"https:\/\/allasorias.hu\/hirek\/wp-json\/wp\/v2\/posts\/6787\/revisions\/6801"}],"wp:featuredmedia":[{"embeddable":true,"href":"https:\/\/allasorias.hu\/hirek\/wp-json\/wp\/v2\/media\/6788"}],"wp:attachment":[{"href":"https:\/\/allasorias.hu\/hirek\/wp-json\/wp\/v2\/media?parent=6787"}],"wp:term":[{"taxonomy":"category","embeddable":true,"href":"https:\/\/allasorias.hu\/hirek\/wp-json\/wp\/v2\/categories?post=6787"},{"taxonomy":"post_tag","embeddable":true,"href":"https:\/\/allasorias.hu\/hirek\/wp-json\/wp\/v2\/tags?post=6787"}],"curies":[{"name":"wp","href":"https:\/\/api.w.org\/{rel}","templated":true}]}}