{"id":6783,"date":"2023-09-12T15:53:46","date_gmt":"2023-09-12T13:53:46","guid":{"rendered":"https:\/\/allasorias.hu\/hirek\/?p=6783"},"modified":"2023-09-12T15:54:50","modified_gmt":"2023-09-12T13:54:50","slug":"osszel-aktivabb-az-allaspiac","status":"publish","type":"post","link":"https:\/\/allasorias.hu\/hirek\/osszel-aktivabb-az-allaspiac\/","title":{"rendered":"\u0150sszel akt\u00edvabb az \u00e1ll\u00e1spiac"},"content":{"rendered":"<p><strong>Az emelked\u0151 glob\u00e1lis kamatl\u00e1bak, az infl\u00e1ci\u00f3 \u00e9s a meg\u00e9lhet\u00e9si k\u00f6lts\u00e9gek hat\u00e1ssal lehetnek a rendszeres munkaer\u0151-felv\u00e9teli szok\u00e1sokra, mivel a munk\u00e1ltat\u00f3k alkalmazkodnak a gazdas\u00e1gi bizonytalans\u00e1ghoz \u00e9s a potenci\u00e1lisan visszafogott kereslethez. <\/strong><\/p>\n<p>\u201eA munkaer\u0151-felv\u00e9tel jellemz\u0151en szezon\u00e1lis jelleg\u0171, a v\u00e1llalatok az \u0151szre \u00f6sszpontos\u00edtanak, mint a munkaer\u0151-\u00e1llom\u00e1nyuk b\u0151v\u00edt\u00e9s\u00e9nek id\u0151szak\u00e1ra&#8221; &#8211; magyar\u00e1zza Selcuk Eren, a New York-i sz\u00e9khely\u0171 The Conference Board glob\u00e1lis gazdas\u00e1gi agytr\u00f6szt vezet\u0151 k\u00f6zgazd\u00e1sza. &#8222;<em>Az Egyes\u00fclt \u00c1llamokban a munka \u00fcnnep\u00e9t (szeptember els\u0151 h\u00e9tf\u0151je) \u00e1ltal\u00e1ban a munkaer\u0151-felv\u00e9tel kiugr\u00e1sa k\u00f6veti<\/em>&#8222;. Grace Lordan, a London School of Economics docense szerint ez a nap sok munkav\u00e1llal\u00f3 sz\u00e1m\u00e1ra szint\u00e9n a v\u00e1ltoz\u00e1sok id\u0151szaka.<\/p>\n<p>&#8222;<em>A <a href=\"https:\/\/allasorias.hu\/hirek\/egyre-tobb-a-diplomas-allaskereso\/\">ny\u00e1ri pihen\u0151id\u0151<\/a> lehet\u0151s\u00e9get ad a munkav\u00e1llal\u00f3knak arra, hogy r\u00e1j\u00f6jjenek, val\u00f3ban \u00e9lvezik-e a munk\u00e1jukat, \u00e9s a munk\u00e1ltat\u00f3knak lehet\u0151s\u00e9get ad arra, hogy strat\u00e9giai szempontb\u00f3l \u00e1tgondolj\u00e1k az \u00e9v h\u00e1tral\u00e9v\u0151 r\u00e9sz\u00e9t<\/em>&#8221; &#8211; mondja. &#8222;Szeptemberben teh\u00e1t nagyobb mozg\u00e1st l\u00e1tunk az \u00e1ll\u00e1spiacon.&#8221; De ahogy a dolgoz\u00f3k id\u00e9n szeptemberben visszar\u00e1z\u00f3dnak a munk\u00e1ba, vajon a tipikus \u0151szi munkaer\u0151-felv\u00e9teli hull\u00e1mot tapasztalj\u00e1k majd? Az emelked\u0151 glob\u00e1lis kamatl\u00e1bak, az infl\u00e1ci\u00f3 \u00e9s a meg\u00e9lhet\u00e9si k\u00f6lts\u00e9gek hat\u00e1ssal lehetnek a rendszeres munkaer\u0151-felv\u00e9teli szok\u00e1sokra, mivel a munk\u00e1ltat\u00f3k alkalmazkodnak a gazdas\u00e1gi bizonytalans\u00e1ghoz \u00e9s a potenci\u00e1lisan visszafogott kereslethez.<\/p>\n<p>\u00dagy t\u0171nik, hogy a munkaer\u0151piac m\u00e1ris leh\u0171lni l\u00e1tszik: Az Egyes\u00fclt \u00c1llamokban 2020 decembere \u00f3ta j\u00faliusban volt a legalacsonyabb havi \u00e1ll\u00e1sb\u0151v\u00fcl\u00e9s, m\u00edg az Egyes\u00fclt Kir\u00e1lys\u00e1gban 256 000-rel kevesebb \u00fcres \u00e1ll\u00e1shely volt az egy \u00e9vvel ezel\u0151ttihez k\u00e9pest \u2013 \u00edrja a BBC cikke. &#8222;<em>Az idei \u00e9v m\u00e1s lehet<\/em>&#8221; &#8211; v\u00e9li Ryan Luby, a New York-i sz\u00e9khely\u0171 McKinsey &amp; Company tan\u00e1csad\u00f3 c\u00e9g vezet\u0151 szak\u00e9rt\u0151je \u00e9s t\u00e1rsult partnere. &#8222;<em>Folyamatos, t\u00f6bb billi\u00f3 doll\u00e1ros k\u00e9rd\u00e9s a fogyaszt\u00f3i kiad\u00e1sok m\u00e9rt\u00e9ke, \u00e9s az, hogy a kamatl\u00e1bak tov\u00e1bbi emelked\u00e9s\u00e9vel tov\u00e1bbra is magas k\u00f6ltekez\u00e9si negyed\u00e9vet fogunk-e l\u00e1tni. Ez jelent\u0151s hat\u00e1ssal van a fogyaszt\u00f3i keresletre, \u00e9s ez kihat\u00e1ssal van a munkaer\u0151-felv\u00e9telre is<\/em>&#8222;.<\/p>\n<h2>Pozit\u00edvak a kil\u00e1t\u00e1sok<\/h2>\n<p>Mindezek ellen\u00e9re azonban a kil\u00e1t\u00e1sok viszonylag pozit\u00edvnak t\u0171nnek. A munkav\u00e1llal\u00f3k \u0151sszel m\u00e9g mindig sz\u00e1m\u00edthatnak a munkaer\u0151-felv\u00e9tel fellend\u00fcl\u00e9s\u00e9re, m\u00e9g ha ez a hagyom\u00e1nyos mint\u00e1khoz k\u00e9pest n\u00e9mileg cs\u00f6kkent is. &#8222;A fogyaszt\u00f3i kiad\u00e1sok a vil\u00e1gj\u00e1rv\u00e1ny, az emelked\u0151 energia\u00e1rak \u00e9s az elm\u00falt \u00e9vtizedek legmeredekebb kamatemelked\u00e9s\u00e9nek egym\u00e1st k\u00f6vet\u0151 \u00fatjain is ellen\u00e1ll\u00f3ak maradtak&#8221; &#8211; teszi hozz\u00e1 Luby. &#8222;<em>N\u00e9h\u00e1ny v\u00e1llalat m\u00e9g mindig magas kiad\u00e1sokat tervez az \u00e9v utols\u00f3 negyed\u00e9v\u00e9re, k\u00fcl\u00f6n\u00f6sen a kiskereskedelemben \u00e9s a vend\u00e9gl\u00e1t\u00e1sban, ahol lesznek felv\u00e9telek.<\/em>&#8221;<\/p>\n<p>De ezek az ingadoz\u00f3 gazdas\u00e1gi t\u00e9nyez\u0151k azt jelenthetik, hogy egyes munkav\u00e1llal\u00f3knak az elbocs\u00e1t\u00e1sok miatt is agg\u00f3dniuk kell. Hiszen csak tavaly \u0151sszel kezdtek a v\u00e1llalatok &#8211; k\u00fcl\u00f6n\u00f6sen a technol\u00f3giai \u00e1gazatban &#8211; sz\u00e9les k\u00f6r\u0171 l\u00e9tsz\u00e1mle\u00e9p\u00edt\u00e9seket bejelenteni. B\u00e1r a l\u00e9tsz\u00e1mcs\u00f6kkent\u00e9s 2023-ig folytat\u00f3dott, az ut\u00f3bbi h\u00f3napokban lelassult. Eren szerint id\u00e9n \u0151sszel nem v\u00e1rhat\u00f3 t\u00f6bb t\u00f6meges elbocs\u00e1t\u00e1s. &#8222;<em>Nem vagyunk recesszi\u00f3ban. \u00c9s amit tavaly l\u00e1ttunk, az nem volt norm\u00e1lis &#8211; ez egy egyszeri felismer\u00e9s volt egy olyan ipar\u00e1gt\u00f3l, amely t\u00fals\u00e1gosan nagyra n\u0151tt a kereslethez k\u00e9pest.<\/em>&#8221;<\/p>\n<h2>Meg akarj\u00e1k tartani a munkaer\u0151-\u00e1llom\u00e1nyt<\/h2>\n<p>Ehelyett a jelek arra utalnak, hogy sok munk\u00e1ltat\u00f3 meg akarja tartani jelenlegi munkaer\u0151-\u00e1llom\u00e1ny\u00e1t. A Conference Board 2023. j\u00faliusi, 127 amerikai vez\u00e9rigazgat\u00f3 k\u00f6r\u00e9ben v\u00e9gzett kis felm\u00e9r\u00e9se azt mutatja, hogy 60%-uk vagy enyhe l\u00e9tsz\u00e1mcs\u00f6kkent\u00e9sre, vagy stagn\u00e1l\u00f3 n\u00f6veked\u00e9sre sz\u00e1m\u00edt a k\u00f6vetkez\u0151 12 h\u00f3napban. &#8222;Ez nem el\u00e9g nagy ahhoz, hogy t\u00f6meges elbocs\u00e1t\u00e1sokra utaljon&#8221; &#8211; mondja Eren &#8211; &#8222;de arra utal, hogy a munkaer\u0151-felv\u00e9tel id\u00e9n lassabb lesz, mint \u00e1ltal\u00e1ban szeptemberben&#8221;.<\/p>\n<p>Forr\u00e1s: <a href=\"https:\/\/www.hrportal.hu\/hr\/itt-van-az-osz-itt-van-ujra-toborzasra-vagy-elbocsatasokra-keszul-a-nemzetkozi-munkaeropiac-20230907.html\" target=\"_blank\" rel=\"nofollow noopener noreferrer\">hrportal.hu<\/a><\/p>\n","protected":false},"excerpt":{"rendered":"<p>Az emelked\u0151 glob\u00e1lis kamatl\u00e1bak, az infl\u00e1ci\u00f3 \u00e9s a meg\u00e9lhet\u00e9si k\u00f6lts\u00e9gek hat\u00e1ssal lehetnek a rendszeres munkaer\u0151-felv\u00e9teli szok\u00e1sokra, mivel a munk\u00e1ltat\u00f3k alkalmazkodnak a gazdas\u00e1gi bizonytalans\u00e1ghoz \u00e9s a potenci\u00e1lisan visszafogott kereslethez. \u201eA munkaer\u0151-felv\u00e9tel jellemz\u0151en szezon\u00e1lis jelleg\u0171, a v\u00e1llalatok az \u0151szre \u00f6sszpontos\u00edtanak, mint a munkaer\u0151-\u00e1llom\u00e1nyuk b\u0151v\u00edt\u00e9s\u00e9nek id\u0151szak\u00e1ra&#8221; &#8211; magyar\u00e1zza Selcuk Eren, a New York-i sz\u00e9khely\u0171 The Conference Board glob\u00e1lis [&hellip;]<\/p>\n","protected":false},"author":1,"featured_media":6784,"comment_status":"open","ping_status":"open","sticky":false,"template":"","format":"standard","meta":{"_monsterinsights_skip_tracking":false,"footnotes":""},"categories":[200],"tags":[602],"class_list":["post-6783","post","type-post","status-publish","format-standard","has-post-thumbnail","hentry","category-munkaeropiac","tag-allaspiac"],"aioseo_notices":[],"aioseo_head":"\n\t\t<!-- All in One SEO 5.0.0.1 - aioseo.com -->\n\t<meta name=\"description\" content=\"Az emelked\u0151 glob\u00e1lis kamatl\u00e1bak, az infl\u00e1ci\u00f3 \u00e9s a meg\u00e9lhet\u00e9si k\u00f6lts\u00e9gek hat\u00e1ssal lehetnek a rendszeres munkaer\u0151-felv\u00e9teli szok\u00e1sokra\" \/>\n\t<meta name=\"robots\" content=\"max-image-preview:large\" \/>\n\t<meta name=\"author\" content=\"Juh\u00e1sz P\u00e9ter\"\/>\n\t<meta name=\"keywords\" content=\"\u00e1ll\u00e1spiac\" \/>\n\t<link rel=\"canonical\" href=\"https:\/\/allasorias.hu\/hirek\/osszel-aktivabb-az-allaspiac\/\" \/>\n\t<meta name=\"generator\" content=\"All in One SEO (AIOSEO) 5.0.0.1\" \/>\n\t\t<meta property=\"og:locale\" content=\"hu_HU\" \/>\n\t\t<meta property=\"og:site_name\" content=\"AllasOrias.hu | H\u00edrek-lapszemle | \u00dczleti h\u00edrek az \u00e1ll\u00e1s \u00e9s a munka vil\u00e1g\u00e1b\u00f3l\" \/>\n\t\t<meta property=\"og:type\" content=\"article\" \/>\n\t\t<meta property=\"og:title\" content=\"\u0150sszel akt\u00edvabb az \u00e1ll\u00e1spiac | Allasorias.hu\/Hire\" \/>\n\t\t<meta property=\"og:description\" content=\"Az emelked\u0151 glob\u00e1lis kamatl\u00e1bak, az infl\u00e1ci\u00f3 \u00e9s a meg\u00e9lhet\u00e9si k\u00f6lts\u00e9gek hat\u00e1ssal lehetnek a rendszeres munkaer\u0151-felv\u00e9teli szok\u00e1sokra\" \/>\n\t\t<meta property=\"og:url\" content=\"https:\/\/allasorias.hu\/hirek\/osszel-aktivabb-az-allaspiac\/\" \/>\n\t\t<meta property=\"og:image\" content=\"https:\/\/allasorias.hu\/hirek\/wp-content\/uploads\/2023\/09\/mozgas-az-allaspiacon.jpg\" \/>\n\t\t<meta property=\"og:image:secure_url\" content=\"https:\/\/allasorias.hu\/hirek\/wp-content\/uploads\/2023\/09\/mozgas-az-allaspiacon.jpg\" \/>\n\t\t<meta property=\"og:image:width\" content=\"1280\" \/>\n\t\t<meta property=\"og:image:height\" content=\"718\" \/>\n\t\t<meta property=\"article:published_time\" content=\"2023-09-12T13:53:46+00:00\" \/>\n\t\t<meta property=\"article:modified_time\" content=\"2023-09-12T13:54:50+00:00\" \/>\n\t\t<meta property=\"article:publisher\" content=\"https:\/\/www.facebook.com\/allasorias\" \/>\n\t\t<meta name=\"twitter:card\" content=\"summary_large_image\" \/>\n\t\t<meta name=\"twitter:title\" content=\"\u0150sszel akt\u00edvabb az \u00e1ll\u00e1spiac | Allasorias.hu\/Hire\" \/>\n\t\t<meta name=\"twitter:description\" content=\"Az emelked\u0151 glob\u00e1lis kamatl\u00e1bak, az infl\u00e1ci\u00f3 \u00e9s a meg\u00e9lhet\u00e9si k\u00f6lts\u00e9gek hat\u00e1ssal lehetnek a rendszeres munkaer\u0151-felv\u00e9teli szok\u00e1sokra\" \/>\n\t\t<meta name=\"twitter:image\" content=\"https:\/\/allasorias.hu\/hirek\/wp-content\/uploads\/2023\/09\/mozgas-az-allaspiacon.jpg\" \/>\n\t\t<meta name=\"twitter:label1\" content=\"Written by\" \/>\n\t\t<meta name=\"twitter:data1\" content=\"Juh\u00e1sz P\u00e9ter\" \/>\n\t\t<meta name=\"twitter:label2\" content=\"Est. reading time\" \/>\n\t\t<meta name=\"twitter:data2\" content=\"4 minutes\" \/>\n\t\t<script type=\"application\/ld+json\" class=\"aioseo-schema\">\n\t\t\t{\"@context\":\"https:\\\/\\\/schema.org\",\"@graph\":[{\"@type\":\"Article\",\"@id\":\"https:\\\/\\\/allasorias.hu\\\/hirek\\\/osszel-aktivabb-az-allaspiac\\\/#article\",\"name\":\"\\u0150sszel akt\\u00edvabb az \\u00e1ll\\u00e1spiac | Allasorias.hu\\\/Hire\",\"headline\":\"\\u0150sszel akt\\u00edvabb az \\u00e1ll\\u00e1spiac\",\"author\":{\"@id\":\"https:\\\/\\\/allasorias.hu\\\/hirek\\\/author\\\/admin-allasorias\\\/#author\"},\"publisher\":{\"@id\":\"https:\\\/\\\/allasorias.hu\\\/hirek\\\/#organization\"},\"image\":{\"@type\":\"ImageObject\",\"url\":\"https:\\\/\\\/allasorias.hu\\\/hirek\\\/wp-content\\\/uploads\\\/2023\\\/09\\\/mozgas-az-allaspiacon.jpg\",\"width\":1280,\"height\":718,\"caption\":\"\\u0150sszel akt\\u00edvabb az \\u00e1ll\\u00e1spiac - Allasorias.hu\\\/Hirek\"},\"datePublished\":\"2023-09-12T15:53:46+02:00\",\"dateModified\":\"2023-09-12T15:54:50+02:00\",\"inLanguage\":\"hu-HU\",\"mainEntityOfPage\":{\"@id\":\"https:\\\/\\\/allasorias.hu\\\/hirek\\\/osszel-aktivabb-az-allaspiac\\\/#webpage\"},\"isPartOf\":{\"@id\":\"https:\\\/\\\/allasorias.hu\\\/hirek\\\/osszel-aktivabb-az-allaspiac\\\/#webpage\"},\"articleSection\":\"Munkaer\\u0151piac, \\u00e1ll\\u00e1spiac\"},{\"@type\":\"BreadcrumbList\",\"@id\":\"https:\\\/\\\/allasorias.hu\\\/hirek\\\/osszel-aktivabb-az-allaspiac\\\/#breadcrumblist\",\"itemListElement\":[{\"@type\":\"ListItem\",\"@id\":\"https:\\\/\\\/allasorias.hu\\\/hirek#listItem\",\"position\":1,\"name\":\"Home\",\"item\":\"https:\\\/\\\/allasorias.hu\\\/hirek\",\"nextItem\":{\"@type\":\"ListItem\",\"@id\":\"https:\\\/\\\/allasorias.hu\\\/hirek\\\/temak\\\/munkaeropiac\\\/#listItem\",\"name\":\"Munkaer\\u0151piac\"}},{\"@type\":\"ListItem\",\"@id\":\"https:\\\/\\\/allasorias.hu\\\/hirek\\\/temak\\\/munkaeropiac\\\/#listItem\",\"position\":2,\"name\":\"Munkaer\\u0151piac\",\"item\":\"https:\\\/\\\/allasorias.hu\\\/hirek\\\/temak\\\/munkaeropiac\\\/\",\"nextItem\":{\"@type\":\"ListItem\",\"@id\":\"https:\\\/\\\/allasorias.hu\\\/hirek\\\/osszel-aktivabb-az-allaspiac\\\/#listItem\",\"name\":\"\\u0150sszel akt\\u00edvabb az \\u00e1ll\\u00e1spiac\"},\"previousItem\":{\"@type\":\"ListItem\",\"@id\":\"https:\\\/\\\/allasorias.hu\\\/hirek#listItem\",\"name\":\"Home\"}},{\"@type\":\"ListItem\",\"@id\":\"https:\\\/\\\/allasorias.hu\\\/hirek\\\/osszel-aktivabb-az-allaspiac\\\/#listItem\",\"position\":3,\"name\":\"\\u0150sszel akt\\u00edvabb az \\u00e1ll\\u00e1spiac\",\"previousItem\":{\"@type\":\"ListItem\",\"@id\":\"https:\\\/\\\/allasorias.hu\\\/hirek\\\/temak\\\/munkaeropiac\\\/#listItem\",\"name\":\"Munkaer\\u0151piac\"}}]},{\"@type\":\"Organization\",\"@id\":\"https:\\\/\\\/allasorias.hu\\\/hirek\\\/#organization\",\"name\":\"AllasOrias.hu | H\\u00edrek-lapszemle\",\"description\":\"\\u00dczleti h\\u00edrek az \\u00e1ll\\u00e1s \\u00e9s a munka vil\\u00e1g\\u00e1b\\u00f3l\",\"url\":\"https:\\\/\\\/allasorias.hu\\\/hirek\\\/\",\"logo\":{\"@type\":\"ImageObject\",\"url\":\"https:\\\/\\\/allasorias.hu\\\/hirek\\\/wp-content\\\/uploads\\\/2022\\\/10\\\/allasorias_site_facebok_logo.png\",\"@id\":\"https:\\\/\\\/allasorias.hu\\\/hirek\\\/osszel-aktivabb-az-allaspiac\\\/#organizationLogo\"},\"image\":{\"@id\":\"https:\\\/\\\/allasorias.hu\\\/hirek\\\/osszel-aktivabb-az-allaspiac\\\/#organizationLogo\"},\"sameAs\":[\"https:\\\/\\\/www.facebook.com\\\/allasorias\",\"https:\\\/\\\/www.linkedin.com\\\/company\\\/allasorias\"]},{\"@type\":\"Person\",\"@id\":\"https:\\\/\\\/allasorias.hu\\\/hirek\\\/author\\\/admin-allasorias\\\/#author\",\"url\":\"https:\\\/\\\/allasorias.hu\\\/hirek\\\/author\\\/admin-allasorias\\\/\",\"name\":\"Juh\\u00e1sz P\\u00e9ter\",\"image\":{\"@type\":\"ImageObject\",\"@id\":\"https:\\\/\\\/allasorias.hu\\\/hirek\\\/osszel-aktivabb-az-allaspiac\\\/#authorImage\",\"url\":\"https:\\\/\\\/secure.gravatar.com\\\/avatar\\\/36e6bcb83148978b992977cb0f54d22feb0cce8a0a849a9410532bb2623ba4c6?s=96&d=mm&r=g\",\"width\":96,\"height\":96,\"caption\":\"Juh\\u00e1sz P\\u00e9ter\"}},{\"@type\":\"WebPage\",\"@id\":\"https:\\\/\\\/allasorias.hu\\\/hirek\\\/osszel-aktivabb-az-allaspiac\\\/#webpage\",\"url\":\"https:\\\/\\\/allasorias.hu\\\/hirek\\\/osszel-aktivabb-az-allaspiac\\\/\",\"name\":\"\\u0150sszel akt\\u00edvabb az \\u00e1ll\\u00e1spiac | Allasorias.hu\\\/Hire\",\"description\":\"Az emelked\\u0151 glob\\u00e1lis kamatl\\u00e1bak, az infl\\u00e1ci\\u00f3 \\u00e9s a meg\\u00e9lhet\\u00e9si k\\u00f6lts\\u00e9gek hat\\u00e1ssal lehetnek a rendszeres munkaer\\u0151-felv\\u00e9teli szok\\u00e1sokra\",\"inLanguage\":\"hu-HU\",\"isPartOf\":{\"@id\":\"https:\\\/\\\/allasorias.hu\\\/hirek\\\/#website\"},\"breadcrumb\":{\"@id\":\"https:\\\/\\\/allasorias.hu\\\/hirek\\\/osszel-aktivabb-az-allaspiac\\\/#breadcrumblist\"},\"author\":{\"@id\":\"https:\\\/\\\/allasorias.hu\\\/hirek\\\/author\\\/admin-allasorias\\\/#author\"},\"creator\":{\"@id\":\"https:\\\/\\\/allasorias.hu\\\/hirek\\\/author\\\/admin-allasorias\\\/#author\"},\"image\":{\"@type\":\"ImageObject\",\"url\":\"https:\\\/\\\/allasorias.hu\\\/hirek\\\/wp-content\\\/uploads\\\/2023\\\/09\\\/mozgas-az-allaspiacon.jpg\",\"@id\":\"https:\\\/\\\/allasorias.hu\\\/hirek\\\/osszel-aktivabb-az-allaspiac\\\/#mainImage\",\"width\":1280,\"height\":718,\"caption\":\"\\u0150sszel akt\\u00edvabb az \\u00e1ll\\u00e1spiac - Allasorias.hu\\\/Hirek\"},\"primaryImageOfPage\":{\"@id\":\"https:\\\/\\\/allasorias.hu\\\/hirek\\\/osszel-aktivabb-az-allaspiac\\\/#mainImage\"},\"datePublished\":\"2023-09-12T15:53:46+02:00\",\"dateModified\":\"2023-09-12T15:54:50+02:00\"},{\"@type\":\"WebSite\",\"@id\":\"https:\\\/\\\/allasorias.hu\\\/hirek\\\/#website\",\"url\":\"https:\\\/\\\/allasorias.hu\\\/hirek\\\/\",\"name\":\"AllasOrias.hu | H\\u00edrek-lapszemle\",\"description\":\"\\u00dczleti h\\u00edrek az \\u00e1ll\\u00e1s \\u00e9s a munka vil\\u00e1g\\u00e1b\\u00f3l\",\"inLanguage\":\"hu-HU\",\"publisher\":{\"@id\":\"https:\\\/\\\/allasorias.hu\\\/hirek\\\/#organization\"}}]}\n\t\t<\/script>\n\t\t<!-- All in One SEO -->\n\n","aioseo_head_json":{"title":"\u0150sszel akt\u00edvabb az \u00e1ll\u00e1spiac | Allasorias.hu\/Hire","description":"Az emelked\u0151 glob\u00e1lis kamatl\u00e1bak, az infl\u00e1ci\u00f3 \u00e9s a meg\u00e9lhet\u00e9si k\u00f6lts\u00e9gek hat\u00e1ssal lehetnek a rendszeres munkaer\u0151-felv\u00e9teli szok\u00e1sokra","canonical_url":"https:\/\/allasorias.hu\/hirek\/osszel-aktivabb-az-allaspiac\/","robots":"max-image-preview:large","keywords":"\u00e1ll\u00e1spiac","webmasterTools":{"miscellaneous":""},"schema":{"@context":"https:\/\/schema.org","@graph":[{"@type":"Article","@id":"https:\/\/allasorias.hu\/hirek\/osszel-aktivabb-az-allaspiac\/#article","name":"\u0150sszel akt\u00edvabb az \u00e1ll\u00e1spiac | Allasorias.hu\/Hire","headline":"\u0150sszel akt\u00edvabb az \u00e1ll\u00e1spiac","author":{"@id":"https:\/\/allasorias.hu\/hirek\/author\/admin-allasorias\/#author"},"publisher":{"@id":"https:\/\/allasorias.hu\/hirek\/#organization"},"image":{"@type":"ImageObject","url":"https:\/\/allasorias.hu\/hirek\/wp-content\/uploads\/2023\/09\/mozgas-az-allaspiacon.jpg","width":1280,"height":718,"caption":"\u0150sszel akt\u00edvabb az \u00e1ll\u00e1spiac - Allasorias.hu\/Hirek"},"datePublished":"2023-09-12T15:53:46+02:00","dateModified":"2023-09-12T15:54:50+02:00","inLanguage":"hu-HU","mainEntityOfPage":{"@id":"https:\/\/allasorias.hu\/hirek\/osszel-aktivabb-az-allaspiac\/#webpage"},"isPartOf":{"@id":"https:\/\/allasorias.hu\/hirek\/osszel-aktivabb-az-allaspiac\/#webpage"},"articleSection":"Munkaer\u0151piac, \u00e1ll\u00e1spiac"},{"@type":"BreadcrumbList","@id":"https:\/\/allasorias.hu\/hirek\/osszel-aktivabb-az-allaspiac\/#breadcrumblist","itemListElement":[{"@type":"ListItem","@id":"https:\/\/allasorias.hu\/hirek#listItem","position":1,"name":"Home","item":"https:\/\/allasorias.hu\/hirek","nextItem":{"@type":"ListItem","@id":"https:\/\/allasorias.hu\/hirek\/temak\/munkaeropiac\/#listItem","name":"Munkaer\u0151piac"}},{"@type":"ListItem","@id":"https:\/\/allasorias.hu\/hirek\/temak\/munkaeropiac\/#listItem","position":2,"name":"Munkaer\u0151piac","item":"https:\/\/allasorias.hu\/hirek\/temak\/munkaeropiac\/","nextItem":{"@type":"ListItem","@id":"https:\/\/allasorias.hu\/hirek\/osszel-aktivabb-az-allaspiac\/#listItem","name":"\u0150sszel akt\u00edvabb az \u00e1ll\u00e1spiac"},"previousItem":{"@type":"ListItem","@id":"https:\/\/allasorias.hu\/hirek#listItem","name":"Home"}},{"@type":"ListItem","@id":"https:\/\/allasorias.hu\/hirek\/osszel-aktivabb-az-allaspiac\/#listItem","position":3,"name":"\u0150sszel akt\u00edvabb az \u00e1ll\u00e1spiac","previousItem":{"@type":"ListItem","@id":"https:\/\/allasorias.hu\/hirek\/temak\/munkaeropiac\/#listItem","name":"Munkaer\u0151piac"}}]},{"@type":"Organization","@id":"https:\/\/allasorias.hu\/hirek\/#organization","name":"AllasOrias.hu | H\u00edrek-lapszemle","description":"\u00dczleti h\u00edrek az \u00e1ll\u00e1s \u00e9s a munka vil\u00e1g\u00e1b\u00f3l","url":"https:\/\/allasorias.hu\/hirek\/","logo":{"@type":"ImageObject","url":"https:\/\/allasorias.hu\/hirek\/wp-content\/uploads\/2022\/10\/allasorias_site_facebok_logo.png","@id":"https:\/\/allasorias.hu\/hirek\/osszel-aktivabb-az-allaspiac\/#organizationLogo"},"image":{"@id":"https:\/\/allasorias.hu\/hirek\/osszel-aktivabb-az-allaspiac\/#organizationLogo"},"sameAs":["https:\/\/www.facebook.com\/allasorias","https:\/\/www.linkedin.com\/company\/allasorias"]},{"@type":"Person","@id":"https:\/\/allasorias.hu\/hirek\/author\/admin-allasorias\/#author","url":"https:\/\/allasorias.hu\/hirek\/author\/admin-allasorias\/","name":"Juh\u00e1sz P\u00e9ter","image":{"@type":"ImageObject","@id":"https:\/\/allasorias.hu\/hirek\/osszel-aktivabb-az-allaspiac\/#authorImage","url":"https:\/\/secure.gravatar.com\/avatar\/36e6bcb83148978b992977cb0f54d22feb0cce8a0a849a9410532bb2623ba4c6?s=96&d=mm&r=g","width":96,"height":96,"caption":"Juh\u00e1sz P\u00e9ter"}},{"@type":"WebPage","@id":"https:\/\/allasorias.hu\/hirek\/osszel-aktivabb-az-allaspiac\/#webpage","url":"https:\/\/allasorias.hu\/hirek\/osszel-aktivabb-az-allaspiac\/","name":"\u0150sszel akt\u00edvabb az \u00e1ll\u00e1spiac | Allasorias.hu\/Hire","description":"Az emelked\u0151 glob\u00e1lis kamatl\u00e1bak, az infl\u00e1ci\u00f3 \u00e9s a meg\u00e9lhet\u00e9si k\u00f6lts\u00e9gek hat\u00e1ssal lehetnek a rendszeres munkaer\u0151-felv\u00e9teli szok\u00e1sokra","inLanguage":"hu-HU","isPartOf":{"@id":"https:\/\/allasorias.hu\/hirek\/#website"},"breadcrumb":{"@id":"https:\/\/allasorias.hu\/hirek\/osszel-aktivabb-az-allaspiac\/#breadcrumblist"},"author":{"@id":"https:\/\/allasorias.hu\/hirek\/author\/admin-allasorias\/#author"},"creator":{"@id":"https:\/\/allasorias.hu\/hirek\/author\/admin-allasorias\/#author"},"image":{"@type":"ImageObject","url":"https:\/\/allasorias.hu\/hirek\/wp-content\/uploads\/2023\/09\/mozgas-az-allaspiacon.jpg","@id":"https:\/\/allasorias.hu\/hirek\/osszel-aktivabb-az-allaspiac\/#mainImage","width":1280,"height":718,"caption":"\u0150sszel akt\u00edvabb az \u00e1ll\u00e1spiac - Allasorias.hu\/Hirek"},"primaryImageOfPage":{"@id":"https:\/\/allasorias.hu\/hirek\/osszel-aktivabb-az-allaspiac\/#mainImage"},"datePublished":"2023-09-12T15:53:46+02:00","dateModified":"2023-09-12T15:54:50+02:00"},{"@type":"WebSite","@id":"https:\/\/allasorias.hu\/hirek\/#website","url":"https:\/\/allasorias.hu\/hirek\/","name":"AllasOrias.hu | H\u00edrek-lapszemle","description":"\u00dczleti h\u00edrek az \u00e1ll\u00e1s \u00e9s a munka vil\u00e1g\u00e1b\u00f3l","inLanguage":"hu-HU","publisher":{"@id":"https:\/\/allasorias.hu\/hirek\/#organization"}}]},"og:locale":"hu_HU","og:site_name":"AllasOrias.hu | H\u00edrek-lapszemle | \u00dczleti h\u00edrek az \u00e1ll\u00e1s \u00e9s a munka vil\u00e1g\u00e1b\u00f3l","og:type":"article","og:title":"\u0150sszel akt\u00edvabb az \u00e1ll\u00e1spiac | Allasorias.hu\/Hire","og:description":"Az emelked\u0151 glob\u00e1lis kamatl\u00e1bak, az infl\u00e1ci\u00f3 \u00e9s a meg\u00e9lhet\u00e9si k\u00f6lts\u00e9gek hat\u00e1ssal lehetnek a rendszeres munkaer\u0151-felv\u00e9teli szok\u00e1sokra","og:url":"https:\/\/allasorias.hu\/hirek\/osszel-aktivabb-az-allaspiac\/","og:image":"https:\/\/allasorias.hu\/hirek\/wp-content\/uploads\/2023\/09\/mozgas-az-allaspiacon.jpg","og:image:secure_url":"https:\/\/allasorias.hu\/hirek\/wp-content\/uploads\/2023\/09\/mozgas-az-allaspiacon.jpg","og:image:width":1280,"og:image:height":718,"article:published_time":"2023-09-12T13:53:46+00:00","article:modified_time":"2023-09-12T13:54:50+00:00","article:publisher":"https:\/\/www.facebook.com\/allasorias","twitter:card":"summary_large_image","twitter:title":"\u0150sszel akt\u00edvabb az \u00e1ll\u00e1spiac | Allasorias.hu\/Hire","twitter:description":"Az emelked\u0151 glob\u00e1lis kamatl\u00e1bak, az infl\u00e1ci\u00f3 \u00e9s a meg\u00e9lhet\u00e9si k\u00f6lts\u00e9gek hat\u00e1ssal lehetnek a rendszeres munkaer\u0151-felv\u00e9teli szok\u00e1sokra","twitter:image":"https:\/\/allasorias.hu\/hirek\/wp-content\/uploads\/2023\/09\/mozgas-az-allaspiacon.jpg","twitter:label1":"Written by","twitter:data1":"Juh\u00e1sz P\u00e9ter","twitter:label2":"Est. reading time","twitter:data2":"4 minutes"},"aioseo_meta_data":{"post_id":"6783","title":"#post_title | Allasorias.hu\/Hire","description":"Az emelked\u0151 glob\u00e1lis kamatl\u00e1bak, az infl\u00e1ci\u00f3 \u00e9s a meg\u00e9lhet\u00e9si k\u00f6lts\u00e9gek hat\u00e1ssal lehetnek a rendszeres munkaer\u0151-felv\u00e9teli szok\u00e1sokra","keywords":[],"keyphrases":{"focus":{"keyphrase":"","score":0,"analysis":{"keyphraseInTitle":{"score":0,"maxScore":9,"error":1}}},"additional":[]},"primary_term":null,"canonical_url":null,"og_title":null,"og_description":null,"og_object_type":"default","og_image_type":"default","og_image_url":null,"og_image_width":null,"og_image_height":null,"og_image_custom_url":null,"og_image_custom_fields":null,"og_video":"","og_custom_url":null,"og_article_section":null,"og_article_tags":[],"twitter_use_og":true,"twitter_card":"default","twitter_image_type":"default","twitter_image_url":null,"twitter_image_custom_url":null,"twitter_image_custom_fields":null,"twitter_title":null,"twitter_description":null,"schema":{"blockGraphs":[],"customGraphs":[],"default":{"data":{"Article":[],"Course":[],"Dataset":[],"FAQPage":[],"Movie":[],"Person":[],"Product":[],"ProductReview":[],"Car":[],"Recipe":[],"Service":[],"SoftwareApplication":[],"WebPage":[]},"graphName":"Article","isEnabled":true},"graphs":[]},"schema_type":"default","schema_type_options":null,"pillar_content":false,"robots_default":true,"robots_noindex":false,"robots_noarchive":false,"robots_nosnippet":false,"robots_nofollow":false,"robots_noimageindex":false,"robots_noodp":false,"robots_notranslate":false,"robots_max_snippet":"-1","robots_max_videopreview":"-1","robots_max_imagepreview":"large","priority":null,"frequency":"default","location":null,"local_seo":null,"breadcrumb_settings":null,"limit_modified_date":false,"ai":null,"created":"2023-09-12 13:35:23","updated":"2025-10-02 19:02:53","seo_analyzer_scan_date":null,"focus_keyword":null,"additional_keywords":null,"truseo_locale":null},"aioseo_breadcrumb":"<div class=\"aioseo-breadcrumbs\"><span class=\"aioseo-breadcrumb\">\n\t\t\t<a href=\"https:\/\/allasorias.hu\/hirek\" title=\"Home\">Home<\/a>\n\t\t<\/span><span class=\"aioseo-breadcrumb-separator\">&raquo;<\/span><span class=\"aioseo-breadcrumb\">\n\t\t\t<a href=\"https:\/\/allasorias.hu\/hirek\/temak\/munkaeropiac\/\" title=\"Munkaer\u0151piac\">Munkaer\u0151piac<\/a>\n\t\t<\/span><span class=\"aioseo-breadcrumb-separator\">&raquo;<\/span><span class=\"aioseo-breadcrumb\">\n\t\t\t\u0150sszel akt\u00edvabb az \u00e1ll\u00e1spiac\n\t\t<\/span><\/div>","aioseo_breadcrumb_json":[{"label":"Home","link":"https:\/\/allasorias.hu\/hirek"},{"label":"Munkaer\u0151piac","link":"https:\/\/allasorias.hu\/hirek\/temak\/munkaeropiac\/"},{"label":"\u0150sszel akt\u00edvabb az \u00e1ll\u00e1spiac","link":"https:\/\/allasorias.hu\/hirek\/osszel-aktivabb-az-allaspiac\/"}],"_links":{"self":[{"href":"https:\/\/allasorias.hu\/hirek\/wp-json\/wp\/v2\/posts\/6783","targetHints":{"allow":["GET"]}}],"collection":[{"href":"https:\/\/allasorias.hu\/hirek\/wp-json\/wp\/v2\/posts"}],"about":[{"href":"https:\/\/allasorias.hu\/hirek\/wp-json\/wp\/v2\/types\/post"}],"author":[{"embeddable":true,"href":"https:\/\/allasorias.hu\/hirek\/wp-json\/wp\/v2\/users\/1"}],"replies":[{"embeddable":true,"href":"https:\/\/allasorias.hu\/hirek\/wp-json\/wp\/v2\/comments?post=6783"}],"version-history":[{"count":2,"href":"https:\/\/allasorias.hu\/hirek\/wp-json\/wp\/v2\/posts\/6783\/revisions"}],"predecessor-version":[{"id":6786,"href":"https:\/\/allasorias.hu\/hirek\/wp-json\/wp\/v2\/posts\/6783\/revisions\/6786"}],"wp:featuredmedia":[{"embeddable":true,"href":"https:\/\/allasorias.hu\/hirek\/wp-json\/wp\/v2\/media\/6784"}],"wp:attachment":[{"href":"https:\/\/allasorias.hu\/hirek\/wp-json\/wp\/v2\/media?parent=6783"}],"wp:term":[{"taxonomy":"category","embeddable":true,"href":"https:\/\/allasorias.hu\/hirek\/wp-json\/wp\/v2\/categories?post=6783"},{"taxonomy":"post_tag","embeddable":true,"href":"https:\/\/allasorias.hu\/hirek\/wp-json\/wp\/v2\/tags?post=6783"}],"curies":[{"name":"wp","href":"https:\/\/api.w.org\/{rel}","templated":true}]}}