{"id":6774,"date":"2023-09-07T14:53:32","date_gmt":"2023-09-07T12:53:32","guid":{"rendered":"https:\/\/allasorias.hu\/hirek\/?p=6774"},"modified":"2023-09-12T14:55:04","modified_gmt":"2023-09-12T12:55:04","slug":"egyre-tobb-a-diplomas-allaskereso","status":"publish","type":"post","link":"https:\/\/allasorias.hu\/hirek\/egyre-tobb-a-diplomas-allaskereso\/","title":{"rendered":"Egyre t\u00f6bb a diplom\u00e1s \u00e1ll\u00e1skeres\u0151"},"content":{"rendered":"<p><strong>\u00c9rdekes jelens\u00e9g, hogy az egzisztenci\u00e1lisan jobb helyzetben l\u00e9v\u0151 fels\u0151fok\u00fa v\u00e9gzetts\u00e9g\u0171ek ma m\u00e1r idehaza is megtehetik, hogy bejelentkezzenek a munka\u00fcgyi hivatalokban \u00e1ll\u00e1skeres\u00e9si t\u00e1mogat\u00e1s\u00e9rt, tudva azt, hogy h\u00e1rom h\u00f3nap letelte ut\u00e1n k\u00f6nnyed\u00e9n tudnak majd elhelyezkedni.<\/strong><\/p>\n<p>Amit eddig Nyugat-Eur\u00f3p\u00e1ban l\u00e1ttunk, az m\u00e1ra Magyarorsz\u00e1gon is realit\u00e1ss\u00e1 v\u00e1lt: a diplom\u00e1val rendelkez\u0151k egyre gyakrabban az\u00e9rt jelentkeznek be a munka\u00fcgyi hivatalokba, hogy kipihenj\u00e9k az \u00e9vk\u00f6zi f\u00e1radalmakat, n\u00e9h\u00e1ny h\u00f3nappal k\u00e9s\u0151bb pedig \u2013 ak\u00e1r egy m\u00e1sik munkahelyen \u2013 ism\u00e9t munk\u00e1ba \u00e1lljanak. A jelens\u00e9g azonban nem t\u00f6meges \u00e9s nem is mindenki engedheti mag mag\u00e1nak.\u00a0 Az elm\u00falt id\u0151szakban egyre t\u00f6bb diplom\u00e1s \u00e1ll\u00e1skeres\u0151 jelenik meg a hazai <a href=\"https:\/\/allasorias.hu\/hirek\/hatekonyak-a-munkaugyi-hivatalok\/\">munka\u00fcgyi hivatalokban<\/a>, \u00e1m meglep\u0151 m\u00f3don nem kir\u00fag\u00e1s, vagy a c\u00e9g bed\u0151l\u00e9se a leggyakoribb ok a munkahelyr\u0151l val\u00f3 kil\u00e9p\u00e9seknek, hanem sokkal ink\u00e1bb a nyaral\u00e1s \u00e9s az \u00e9vk\u00f6zi f\u00e1radalmak kipihen\u00e9se.<\/p>\n<p>A val\u00f3di ok nem m\u00e1s, mint az egyre s\u00falyosabb munkaer\u0151hi\u00e1ny, valamint a n\u00f6vekv\u0151 ig\u00e9ny a kvalifik\u00e1lt munkak\u00f6r\u00f6kre. Mindez Magyarorsz\u00e1gra is elhozta azt a jelens\u00e9get, amely eddig csak Nyugat-Eur\u00f3p\u00e1ra volt jellemz\u0151: az egzisztenci\u00e1lisan jobb helyzetben l\u00e9v\u0151 fels\u0151fok\u00fa v\u00e9gzetts\u00e9g\u0171ek ma m\u00e1r idehaza is megtehetik, hogy bejelentkezzenek a munka\u00fcgyi hivatalokban \u00e1ll\u00e1skeres\u00e9si t\u00e1mogat\u00e1s\u00e9rt, tudva azt, hogy h\u00e1rom h\u00f3nap letelte ut\u00e1n k\u00f6nnyed\u00e9n tudnak majd elhelyezkedni.<\/p>\n<p>Ha a K\u00f6zponti Statisztikai Hivatal (KSH) adatait megn\u00e9zz\u00fck, j\u00f3l l\u00e1that\u00f3, hogy b\u00e1r t\u00f6bb szakm\u00e1ban m\u00e9g v\u00e1rat mag\u00e1ra a b\u00e9rfelz\u00e1rk\u00f3z\u00e1s, egyre t\u00f6bb olyan ter\u00fclet van, ahol m\u00e1r kifejezetten versenyk\u00e9pes j\u00f6vedelmet tudnak adni a v\u00e1llalatok. Az infokommunik\u00e1ci\u00f3 \u00e9s p\u00e9nz\u00fcgyi szf\u00e9r\u00e1ban id\u00e9n \u00e9v eleje \u00f3ta folyamatosan 900 ezer forint f\u00f6l\u00f6tt alakul a brutt\u00f3 \u00e1tlagb\u00e9r, s\u0151t, ut\u00f3bbi eset\u00e9ben k\u00e9t egym\u00e1st k\u00f6vet\u0151 h\u00f3napban is egymilli\u00f3 f\u00f6l\u00f6tt volt az \u00e1tlagkereset a b\u00f3nuszoknak k\u00f6sz\u00f6nhet\u0151en. Persze ezek mind \u00e1tlagok, teh\u00e1t felfel\u00e9, \u00e9s lefel\u00e9 is elt\u00e9rhetnek a fizet\u00e9sek.<\/p>\n<h2>Speci\u00e1lis szabads\u00e1g ig\u00e9nybev\u00e9tele<\/h2>\n<p>M\u00e9sz\u00e1ros Melinda, a Liga Szakszervezetek eln\u00f6ke a Vil\u00e1ggazdas\u00e1gnak meger\u0151s\u00edtette, hogy Magyarorsz\u00e1gon is megjelent \u2013 ahogy \u0151 fogalmazott \u2013 ez a saj\u00e1tos pihen\u0151id\u0151 vagy speci\u00e1lis szabads\u00e1g ig\u00e9nybev\u00e9tele. Nyugat-Eur\u00f3p\u00e1ban viszont egy ideje m\u00e1r jelen van ez a folyamat, f\u0151leg a fels\u0151oktat\u00e1sban tan\u00edt\u00f3k, kutat\u00f3 munk\u00e1t v\u00e9gz\u0151k k\u00f6r\u00e9ben, els\u0151sorban munkahelyv\u00e1lt\u00e1sokhoz kapcsol\u00f3d\u00f3an. Ugyanakkor ez egy magasabb j\u00f6vedelmi szintet \u00e9s egy olyan speci\u00e1lis ismeretet felt\u00e9telez, amikor valaki nagy biztons\u00e1ggal el tud helyezkedni a munkaer\u0151piacon. Az esetek 99 sz\u00e1zal\u00e9k\u00e1ban az \u00e9rintettek rendelkeznek m\u00e1r a k\u00f6vetkez\u0151 foglalkoztat\u00e1s lehet\u0151s\u00e9g\u00e9vel, teh\u00e1t megvan az elk\u00f6telez\u0151d\u00e9s\u00fck egy m\u00e1sik munk\u00e1ltat\u00f3 ir\u00e1ny\u00e1ba \u2013 mondta, hozz\u00e1t\u00e9ve, ezt a k\u00f6ztes id\u0151szakot hidalj\u00e1k \u00e1t ezzel a speci\u00e1lis pihen\u00e9ssel, mik\u00f6zben bejelentkeznek a munka\u00fcgyi hivatalba, \u00edgy ell\u00e1t\u00e1s n\u00e9lk\u00fcl sem maradnak.<\/p>\n<p>A szakszervezeti vezet\u0151 szerint ez nem felt\u00e9tlen\u00fcl Budapesten jellemz\u0151, sokkal ink\u00e1bb szakmacsoporthoz \u00e9s iskolai v\u00e9gzetts\u00e9ghez k\u00f6thet\u0151, mintsem region\u00e1lis jelens\u00e9g lenne. A regionalit\u00e1s olyan szempontb\u00f3l j\u00e1tszik szerepet, hogy a f\u0151v\u00e1rosban \u00e9s a k\u00f6z\u00e9p-dun\u00e1nt\u00fali r\u00e9gi\u00f3ban a j\u00f6vedelmi szintek l\u00e9nyegesen magasabb, mint az orsz\u00e1g m\u00e1s ter\u00fcletein, p\u00e9ld\u00e1ul a D\u00e9l-Dun\u00e1nt\u00falon, ahol nincsen jelen nagy foglalkoztat\u00f3, emiatt a b\u00e9rek is j\u00f3val alacsonyabbak, \u00e9s ez\u00e9rt ott ezt kev\u00e9sb\u00e9 tapasztalni. M\u00e9sz\u00e1ros Melinda arra is felh\u00edvta a figyelmet, hogy a regisztr\u00e1lt \u00e1ll\u00e1skeres\u0151k k\u00f6z\u00f6tt n\u0151 a k\u00f6z\u00e9p- \u00e9s fels\u0151fok\u00fa v\u00e9gzetts\u00e9ggel rendelkez\u0151k sz\u00e1ma, mik\u00f6zben a szakk\u00e9pzetts\u00e9g n\u00e9lk\u00fcli, k\u00e9pzetlen munkav\u00e1llal\u00f3k sz\u00e1ma pedig m\u00e9rs\u00e9kl\u0151dik, ami arra utal, hogy a szakk\u00e9pes\u00edt\u00e9s birtok\u00e1ban sokkal k\u00f6nnyebb ma elhelyezkedni. B\u00e1r megjegyezte azt is, hogy hi\u00e1ba van valakinek szakk\u00e9pzetts\u00e9ge, ha nem dolgozott azon a ter\u00fcleten, vagy nincs gyakorlata \u00e9s csak a pap\u00edrt szerezte meg. Az ugyanis kev\u00e9s a foglalkoztat\u00e1s\u00e1hoz.<\/p>\n<p>Forr\u00e1s: <a href=\"https:\/\/www.vg.hu\/vilaggazdasag-magyar-gazdasag\/2023\/09\/uj-jelenseg-utott-fel-a-fejet-a-hazai-munkaeropiacon-nyaralnak-allaskereses-kozben-a-magyar-diplomasok\" target=\"_blank\" rel=\"nofollow noopener noreferrer\">vg.hu<\/a><\/p>\n","protected":false},"excerpt":{"rendered":"<p>\u00c9rdekes jelens\u00e9g, hogy az egzisztenci\u00e1lisan jobb helyzetben l\u00e9v\u0151 fels\u0151fok\u00fa v\u00e9gzetts\u00e9g\u0171ek ma m\u00e1r idehaza is megtehetik, hogy bejelentkezzenek a munka\u00fcgyi hivatalokban \u00e1ll\u00e1skeres\u00e9si t\u00e1mogat\u00e1s\u00e9rt, tudva azt, hogy h\u00e1rom h\u00f3nap letelte ut\u00e1n k\u00f6nnyed\u00e9n tudnak majd elhelyezkedni. Amit eddig Nyugat-Eur\u00f3p\u00e1ban l\u00e1ttunk, az m\u00e1ra Magyarorsz\u00e1gon is realit\u00e1ss\u00e1 v\u00e1lt: a diplom\u00e1val rendelkez\u0151k egyre gyakrabban az\u00e9rt jelentkeznek be a munka\u00fcgyi hivatalokba, hogy [&hellip;]<\/p>\n","protected":false},"author":1,"featured_media":6775,"comment_status":"open","ping_status":"open","sticky":false,"template":"","format":"standard","meta":{"_monsterinsights_skip_tracking":false,"footnotes":""},"categories":[200],"tags":[601],"class_list":["post-6774","post","type-post","status-publish","format-standard","has-post-thumbnail","hentry","category-munkaeropiac","tag-diplomas-allaskereso"],"aioseo_notices":[],"aioseo_head":"\n\t\t<!-- All in One SEO 5.0.0.1 - aioseo.com -->\n\t<meta name=\"description\" content=\"\u00c9rdekes jelens\u00e9g, hogy a fels\u0151fok\u00fa v\u00e9gzetts\u00e9g\u0171ek ma m\u00e1r idehaza is megtehetik, hogy bejelentkezzenek a munka\u00fcgyi hivatalokban \u00e1ll\u00e1skeres\u00e9si t\u00e1mogat\u00e1s\u00e9rt.\" \/>\n\t<meta name=\"robots\" content=\"max-image-preview:large\" \/>\n\t<meta name=\"author\" content=\"Juh\u00e1sz P\u00e9ter\"\/>\n\t<meta name=\"keywords\" content=\"diplom\u00e1s \u00e1ll\u00e1skeres\u0151\" \/>\n\t<link rel=\"canonical\" href=\"https:\/\/allasorias.hu\/hirek\/egyre-tobb-a-diplomas-allaskereso\/\" \/>\n\t<meta name=\"generator\" content=\"All in One SEO (AIOSEO) 5.0.0.1\" \/>\n\t\t<meta property=\"og:locale\" content=\"hu_HU\" \/>\n\t\t<meta property=\"og:site_name\" content=\"AllasOrias.hu | H\u00edrek-lapszemle | \u00dczleti h\u00edrek az \u00e1ll\u00e1s \u00e9s a munka vil\u00e1g\u00e1b\u00f3l\" \/>\n\t\t<meta property=\"og:type\" content=\"article\" \/>\n\t\t<meta property=\"og:title\" content=\"Egyre t\u00f6bb a diplom\u00e1s \u00e1ll\u00e1skeres\u0151 | Allasorias.hu\" \/>\n\t\t<meta property=\"og:description\" content=\"\u00c9rdekes jelens\u00e9g, hogy a fels\u0151fok\u00fa v\u00e9gzetts\u00e9g\u0171ek ma m\u00e1r idehaza is megtehetik, hogy bejelentkezzenek a munka\u00fcgyi hivatalokban \u00e1ll\u00e1skeres\u00e9si t\u00e1mogat\u00e1s\u00e9rt.\" \/>\n\t\t<meta property=\"og:url\" content=\"https:\/\/allasorias.hu\/hirek\/egyre-tobb-a-diplomas-allaskereso\/\" \/>\n\t\t<meta property=\"og:image\" content=\"https:\/\/allasorias.hu\/hirek\/wp-content\/uploads\/2023\/09\/diplomas-allaskereso.jpg\" \/>\n\t\t<meta property=\"og:image:secure_url\" content=\"https:\/\/allasorias.hu\/hirek\/wp-content\/uploads\/2023\/09\/diplomas-allaskereso.jpg\" \/>\n\t\t<meta property=\"og:image:width\" content=\"1280\" \/>\n\t\t<meta property=\"og:image:height\" content=\"853\" \/>\n\t\t<meta property=\"article:published_time\" content=\"2023-09-07T12:53:32+00:00\" \/>\n\t\t<meta property=\"article:modified_time\" content=\"2023-09-12T12:55:04+00:00\" \/>\n\t\t<meta property=\"article:publisher\" content=\"https:\/\/www.facebook.com\/allasorias\" \/>\n\t\t<meta name=\"twitter:card\" content=\"summary_large_image\" \/>\n\t\t<meta name=\"twitter:title\" content=\"Egyre t\u00f6bb a diplom\u00e1s \u00e1ll\u00e1skeres\u0151 | Allasorias.hu\" \/>\n\t\t<meta name=\"twitter:description\" content=\"\u00c9rdekes jelens\u00e9g, hogy a fels\u0151fok\u00fa v\u00e9gzetts\u00e9g\u0171ek ma m\u00e1r idehaza is megtehetik, hogy bejelentkezzenek a munka\u00fcgyi hivatalokban \u00e1ll\u00e1skeres\u00e9si t\u00e1mogat\u00e1s\u00e9rt.\" \/>\n\t\t<meta name=\"twitter:image\" content=\"https:\/\/allasorias.hu\/hirek\/wp-content\/uploads\/2023\/09\/diplomas-allaskereso.jpg\" \/>\n\t\t<meta name=\"twitter:label1\" content=\"Written by\" \/>\n\t\t<meta name=\"twitter:data1\" content=\"Juh\u00e1sz P\u00e9ter\" \/>\n\t\t<meta name=\"twitter:label2\" content=\"Est. reading time\" \/>\n\t\t<meta name=\"twitter:data2\" content=\"4 minutes\" \/>\n\t\t<script type=\"application\/ld+json\" class=\"aioseo-schema\">\n\t\t\t{\"@context\":\"https:\\\/\\\/schema.org\",\"@graph\":[{\"@type\":\"Article\",\"@id\":\"https:\\\/\\\/allasorias.hu\\\/hirek\\\/egyre-tobb-a-diplomas-allaskereso\\\/#article\",\"name\":\"Egyre t\\u00f6bb a diplom\\u00e1s \\u00e1ll\\u00e1skeres\\u0151 | Allasorias.hu\",\"headline\":\"Egyre t\\u00f6bb a diplom\\u00e1s \\u00e1ll\\u00e1skeres\\u0151\",\"author\":{\"@id\":\"https:\\\/\\\/allasorias.hu\\\/hirek\\\/author\\\/admin-allasorias\\\/#author\"},\"publisher\":{\"@id\":\"https:\\\/\\\/allasorias.hu\\\/hirek\\\/#organization\"},\"image\":{\"@type\":\"ImageObject\",\"url\":\"https:\\\/\\\/allasorias.hu\\\/hirek\\\/wp-content\\\/uploads\\\/2023\\\/09\\\/diplomas-allaskereso.jpg\",\"width\":1280,\"height\":853,\"caption\":\"Egyre t\\u00f6bb a diplom\\u00e1s \\u00e1ll\\u00e1skeres\\u0151 - Allasorias.hu\\\/hirek\"},\"datePublished\":\"2023-09-07T14:53:32+02:00\",\"dateModified\":\"2023-09-12T14:55:04+02:00\",\"inLanguage\":\"hu-HU\",\"mainEntityOfPage\":{\"@id\":\"https:\\\/\\\/allasorias.hu\\\/hirek\\\/egyre-tobb-a-diplomas-allaskereso\\\/#webpage\"},\"isPartOf\":{\"@id\":\"https:\\\/\\\/allasorias.hu\\\/hirek\\\/egyre-tobb-a-diplomas-allaskereso\\\/#webpage\"},\"articleSection\":\"Munkaer\\u0151piac, diplom\\u00e1s \\u00e1ll\\u00e1skeres\\u0151\"},{\"@type\":\"BreadcrumbList\",\"@id\":\"https:\\\/\\\/allasorias.hu\\\/hirek\\\/egyre-tobb-a-diplomas-allaskereso\\\/#breadcrumblist\",\"itemListElement\":[{\"@type\":\"ListItem\",\"@id\":\"https:\\\/\\\/allasorias.hu\\\/hirek#listItem\",\"position\":1,\"name\":\"Home\",\"item\":\"https:\\\/\\\/allasorias.hu\\\/hirek\",\"nextItem\":{\"@type\":\"ListItem\",\"@id\":\"https:\\\/\\\/allasorias.hu\\\/hirek\\\/temak\\\/munkaeropiac\\\/#listItem\",\"name\":\"Munkaer\\u0151piac\"}},{\"@type\":\"ListItem\",\"@id\":\"https:\\\/\\\/allasorias.hu\\\/hirek\\\/temak\\\/munkaeropiac\\\/#listItem\",\"position\":2,\"name\":\"Munkaer\\u0151piac\",\"item\":\"https:\\\/\\\/allasorias.hu\\\/hirek\\\/temak\\\/munkaeropiac\\\/\",\"nextItem\":{\"@type\":\"ListItem\",\"@id\":\"https:\\\/\\\/allasorias.hu\\\/hirek\\\/egyre-tobb-a-diplomas-allaskereso\\\/#listItem\",\"name\":\"Egyre t\\u00f6bb a diplom\\u00e1s \\u00e1ll\\u00e1skeres\\u0151\"},\"previousItem\":{\"@type\":\"ListItem\",\"@id\":\"https:\\\/\\\/allasorias.hu\\\/hirek#listItem\",\"name\":\"Home\"}},{\"@type\":\"ListItem\",\"@id\":\"https:\\\/\\\/allasorias.hu\\\/hirek\\\/egyre-tobb-a-diplomas-allaskereso\\\/#listItem\",\"position\":3,\"name\":\"Egyre t\\u00f6bb a diplom\\u00e1s \\u00e1ll\\u00e1skeres\\u0151\",\"previousItem\":{\"@type\":\"ListItem\",\"@id\":\"https:\\\/\\\/allasorias.hu\\\/hirek\\\/temak\\\/munkaeropiac\\\/#listItem\",\"name\":\"Munkaer\\u0151piac\"}}]},{\"@type\":\"Organization\",\"@id\":\"https:\\\/\\\/allasorias.hu\\\/hirek\\\/#organization\",\"name\":\"AllasOrias.hu | H\\u00edrek-lapszemle\",\"description\":\"\\u00dczleti h\\u00edrek az \\u00e1ll\\u00e1s \\u00e9s a munka vil\\u00e1g\\u00e1b\\u00f3l\",\"url\":\"https:\\\/\\\/allasorias.hu\\\/hirek\\\/\",\"logo\":{\"@type\":\"ImageObject\",\"url\":\"https:\\\/\\\/allasorias.hu\\\/hirek\\\/wp-content\\\/uploads\\\/2022\\\/10\\\/allasorias_site_facebok_logo.png\",\"@id\":\"https:\\\/\\\/allasorias.hu\\\/hirek\\\/egyre-tobb-a-diplomas-allaskereso\\\/#organizationLogo\"},\"image\":{\"@id\":\"https:\\\/\\\/allasorias.hu\\\/hirek\\\/egyre-tobb-a-diplomas-allaskereso\\\/#organizationLogo\"},\"sameAs\":[\"https:\\\/\\\/www.facebook.com\\\/allasorias\",\"https:\\\/\\\/www.linkedin.com\\\/company\\\/allasorias\"]},{\"@type\":\"Person\",\"@id\":\"https:\\\/\\\/allasorias.hu\\\/hirek\\\/author\\\/admin-allasorias\\\/#author\",\"url\":\"https:\\\/\\\/allasorias.hu\\\/hirek\\\/author\\\/admin-allasorias\\\/\",\"name\":\"Juh\\u00e1sz P\\u00e9ter\",\"image\":{\"@type\":\"ImageObject\",\"@id\":\"https:\\\/\\\/allasorias.hu\\\/hirek\\\/egyre-tobb-a-diplomas-allaskereso\\\/#authorImage\",\"url\":\"https:\\\/\\\/secure.gravatar.com\\\/avatar\\\/36e6bcb83148978b992977cb0f54d22feb0cce8a0a849a9410532bb2623ba4c6?s=96&d=mm&r=g\",\"width\":96,\"height\":96,\"caption\":\"Juh\\u00e1sz P\\u00e9ter\"}},{\"@type\":\"WebPage\",\"@id\":\"https:\\\/\\\/allasorias.hu\\\/hirek\\\/egyre-tobb-a-diplomas-allaskereso\\\/#webpage\",\"url\":\"https:\\\/\\\/allasorias.hu\\\/hirek\\\/egyre-tobb-a-diplomas-allaskereso\\\/\",\"name\":\"Egyre t\\u00f6bb a diplom\\u00e1s \\u00e1ll\\u00e1skeres\\u0151 | Allasorias.hu\",\"description\":\"\\u00c9rdekes jelens\\u00e9g, hogy a fels\\u0151fok\\u00fa v\\u00e9gzetts\\u00e9g\\u0171ek ma m\\u00e1r idehaza is megtehetik, hogy bejelentkezzenek a munka\\u00fcgyi hivatalokban \\u00e1ll\\u00e1skeres\\u00e9si t\\u00e1mogat\\u00e1s\\u00e9rt.\",\"inLanguage\":\"hu-HU\",\"isPartOf\":{\"@id\":\"https:\\\/\\\/allasorias.hu\\\/hirek\\\/#website\"},\"breadcrumb\":{\"@id\":\"https:\\\/\\\/allasorias.hu\\\/hirek\\\/egyre-tobb-a-diplomas-allaskereso\\\/#breadcrumblist\"},\"author\":{\"@id\":\"https:\\\/\\\/allasorias.hu\\\/hirek\\\/author\\\/admin-allasorias\\\/#author\"},\"creator\":{\"@id\":\"https:\\\/\\\/allasorias.hu\\\/hirek\\\/author\\\/admin-allasorias\\\/#author\"},\"image\":{\"@type\":\"ImageObject\",\"url\":\"https:\\\/\\\/allasorias.hu\\\/hirek\\\/wp-content\\\/uploads\\\/2023\\\/09\\\/diplomas-allaskereso.jpg\",\"@id\":\"https:\\\/\\\/allasorias.hu\\\/hirek\\\/egyre-tobb-a-diplomas-allaskereso\\\/#mainImage\",\"width\":1280,\"height\":853,\"caption\":\"Egyre t\\u00f6bb a diplom\\u00e1s \\u00e1ll\\u00e1skeres\\u0151 - Allasorias.hu\\\/hirek\"},\"primaryImageOfPage\":{\"@id\":\"https:\\\/\\\/allasorias.hu\\\/hirek\\\/egyre-tobb-a-diplomas-allaskereso\\\/#mainImage\"},\"datePublished\":\"2023-09-07T14:53:32+02:00\",\"dateModified\":\"2023-09-12T14:55:04+02:00\"},{\"@type\":\"WebSite\",\"@id\":\"https:\\\/\\\/allasorias.hu\\\/hirek\\\/#website\",\"url\":\"https:\\\/\\\/allasorias.hu\\\/hirek\\\/\",\"name\":\"AllasOrias.hu | H\\u00edrek-lapszemle\",\"description\":\"\\u00dczleti h\\u00edrek az \\u00e1ll\\u00e1s \\u00e9s a munka vil\\u00e1g\\u00e1b\\u00f3l\",\"inLanguage\":\"hu-HU\",\"publisher\":{\"@id\":\"https:\\\/\\\/allasorias.hu\\\/hirek\\\/#organization\"}}]}\n\t\t<\/script>\n\t\t<!-- All in One SEO -->\n\n","aioseo_head_json":{"title":"Egyre t\u00f6bb a diplom\u00e1s \u00e1ll\u00e1skeres\u0151 | Allasorias.hu","description":"\u00c9rdekes jelens\u00e9g, hogy a fels\u0151fok\u00fa v\u00e9gzetts\u00e9g\u0171ek ma m\u00e1r idehaza is megtehetik, hogy bejelentkezzenek a munka\u00fcgyi hivatalokban \u00e1ll\u00e1skeres\u00e9si t\u00e1mogat\u00e1s\u00e9rt.","canonical_url":"https:\/\/allasorias.hu\/hirek\/egyre-tobb-a-diplomas-allaskereso\/","robots":"max-image-preview:large","keywords":"diplom\u00e1s \u00e1ll\u00e1skeres\u0151","webmasterTools":{"miscellaneous":""},"schema":{"@context":"https:\/\/schema.org","@graph":[{"@type":"Article","@id":"https:\/\/allasorias.hu\/hirek\/egyre-tobb-a-diplomas-allaskereso\/#article","name":"Egyre t\u00f6bb a diplom\u00e1s \u00e1ll\u00e1skeres\u0151 | Allasorias.hu","headline":"Egyre t\u00f6bb a diplom\u00e1s \u00e1ll\u00e1skeres\u0151","author":{"@id":"https:\/\/allasorias.hu\/hirek\/author\/admin-allasorias\/#author"},"publisher":{"@id":"https:\/\/allasorias.hu\/hirek\/#organization"},"image":{"@type":"ImageObject","url":"https:\/\/allasorias.hu\/hirek\/wp-content\/uploads\/2023\/09\/diplomas-allaskereso.jpg","width":1280,"height":853,"caption":"Egyre t\u00f6bb a diplom\u00e1s \u00e1ll\u00e1skeres\u0151 - Allasorias.hu\/hirek"},"datePublished":"2023-09-07T14:53:32+02:00","dateModified":"2023-09-12T14:55:04+02:00","inLanguage":"hu-HU","mainEntityOfPage":{"@id":"https:\/\/allasorias.hu\/hirek\/egyre-tobb-a-diplomas-allaskereso\/#webpage"},"isPartOf":{"@id":"https:\/\/allasorias.hu\/hirek\/egyre-tobb-a-diplomas-allaskereso\/#webpage"},"articleSection":"Munkaer\u0151piac, diplom\u00e1s \u00e1ll\u00e1skeres\u0151"},{"@type":"BreadcrumbList","@id":"https:\/\/allasorias.hu\/hirek\/egyre-tobb-a-diplomas-allaskereso\/#breadcrumblist","itemListElement":[{"@type":"ListItem","@id":"https:\/\/allasorias.hu\/hirek#listItem","position":1,"name":"Home","item":"https:\/\/allasorias.hu\/hirek","nextItem":{"@type":"ListItem","@id":"https:\/\/allasorias.hu\/hirek\/temak\/munkaeropiac\/#listItem","name":"Munkaer\u0151piac"}},{"@type":"ListItem","@id":"https:\/\/allasorias.hu\/hirek\/temak\/munkaeropiac\/#listItem","position":2,"name":"Munkaer\u0151piac","item":"https:\/\/allasorias.hu\/hirek\/temak\/munkaeropiac\/","nextItem":{"@type":"ListItem","@id":"https:\/\/allasorias.hu\/hirek\/egyre-tobb-a-diplomas-allaskereso\/#listItem","name":"Egyre t\u00f6bb a diplom\u00e1s \u00e1ll\u00e1skeres\u0151"},"previousItem":{"@type":"ListItem","@id":"https:\/\/allasorias.hu\/hirek#listItem","name":"Home"}},{"@type":"ListItem","@id":"https:\/\/allasorias.hu\/hirek\/egyre-tobb-a-diplomas-allaskereso\/#listItem","position":3,"name":"Egyre t\u00f6bb a diplom\u00e1s \u00e1ll\u00e1skeres\u0151","previousItem":{"@type":"ListItem","@id":"https:\/\/allasorias.hu\/hirek\/temak\/munkaeropiac\/#listItem","name":"Munkaer\u0151piac"}}]},{"@type":"Organization","@id":"https:\/\/allasorias.hu\/hirek\/#organization","name":"AllasOrias.hu | H\u00edrek-lapszemle","description":"\u00dczleti h\u00edrek az \u00e1ll\u00e1s \u00e9s a munka vil\u00e1g\u00e1b\u00f3l","url":"https:\/\/allasorias.hu\/hirek\/","logo":{"@type":"ImageObject","url":"https:\/\/allasorias.hu\/hirek\/wp-content\/uploads\/2022\/10\/allasorias_site_facebok_logo.png","@id":"https:\/\/allasorias.hu\/hirek\/egyre-tobb-a-diplomas-allaskereso\/#organizationLogo"},"image":{"@id":"https:\/\/allasorias.hu\/hirek\/egyre-tobb-a-diplomas-allaskereso\/#organizationLogo"},"sameAs":["https:\/\/www.facebook.com\/allasorias","https:\/\/www.linkedin.com\/company\/allasorias"]},{"@type":"Person","@id":"https:\/\/allasorias.hu\/hirek\/author\/admin-allasorias\/#author","url":"https:\/\/allasorias.hu\/hirek\/author\/admin-allasorias\/","name":"Juh\u00e1sz P\u00e9ter","image":{"@type":"ImageObject","@id":"https:\/\/allasorias.hu\/hirek\/egyre-tobb-a-diplomas-allaskereso\/#authorImage","url":"https:\/\/secure.gravatar.com\/avatar\/36e6bcb83148978b992977cb0f54d22feb0cce8a0a849a9410532bb2623ba4c6?s=96&d=mm&r=g","width":96,"height":96,"caption":"Juh\u00e1sz P\u00e9ter"}},{"@type":"WebPage","@id":"https:\/\/allasorias.hu\/hirek\/egyre-tobb-a-diplomas-allaskereso\/#webpage","url":"https:\/\/allasorias.hu\/hirek\/egyre-tobb-a-diplomas-allaskereso\/","name":"Egyre t\u00f6bb a diplom\u00e1s \u00e1ll\u00e1skeres\u0151 | Allasorias.hu","description":"\u00c9rdekes jelens\u00e9g, hogy a fels\u0151fok\u00fa v\u00e9gzetts\u00e9g\u0171ek ma m\u00e1r idehaza is megtehetik, hogy bejelentkezzenek a munka\u00fcgyi hivatalokban \u00e1ll\u00e1skeres\u00e9si t\u00e1mogat\u00e1s\u00e9rt.","inLanguage":"hu-HU","isPartOf":{"@id":"https:\/\/allasorias.hu\/hirek\/#website"},"breadcrumb":{"@id":"https:\/\/allasorias.hu\/hirek\/egyre-tobb-a-diplomas-allaskereso\/#breadcrumblist"},"author":{"@id":"https:\/\/allasorias.hu\/hirek\/author\/admin-allasorias\/#author"},"creator":{"@id":"https:\/\/allasorias.hu\/hirek\/author\/admin-allasorias\/#author"},"image":{"@type":"ImageObject","url":"https:\/\/allasorias.hu\/hirek\/wp-content\/uploads\/2023\/09\/diplomas-allaskereso.jpg","@id":"https:\/\/allasorias.hu\/hirek\/egyre-tobb-a-diplomas-allaskereso\/#mainImage","width":1280,"height":853,"caption":"Egyre t\u00f6bb a diplom\u00e1s \u00e1ll\u00e1skeres\u0151 - Allasorias.hu\/hirek"},"primaryImageOfPage":{"@id":"https:\/\/allasorias.hu\/hirek\/egyre-tobb-a-diplomas-allaskereso\/#mainImage"},"datePublished":"2023-09-07T14:53:32+02:00","dateModified":"2023-09-12T14:55:04+02:00"},{"@type":"WebSite","@id":"https:\/\/allasorias.hu\/hirek\/#website","url":"https:\/\/allasorias.hu\/hirek\/","name":"AllasOrias.hu | H\u00edrek-lapszemle","description":"\u00dczleti h\u00edrek az \u00e1ll\u00e1s \u00e9s a munka vil\u00e1g\u00e1b\u00f3l","inLanguage":"hu-HU","publisher":{"@id":"https:\/\/allasorias.hu\/hirek\/#organization"}}]},"og:locale":"hu_HU","og:site_name":"AllasOrias.hu | H\u00edrek-lapszemle | \u00dczleti h\u00edrek az \u00e1ll\u00e1s \u00e9s a munka vil\u00e1g\u00e1b\u00f3l","og:type":"article","og:title":"Egyre t\u00f6bb a diplom\u00e1s \u00e1ll\u00e1skeres\u0151 | Allasorias.hu","og:description":"\u00c9rdekes jelens\u00e9g, hogy a fels\u0151fok\u00fa v\u00e9gzetts\u00e9g\u0171ek ma m\u00e1r idehaza is megtehetik, hogy bejelentkezzenek a munka\u00fcgyi hivatalokban \u00e1ll\u00e1skeres\u00e9si t\u00e1mogat\u00e1s\u00e9rt.","og:url":"https:\/\/allasorias.hu\/hirek\/egyre-tobb-a-diplomas-allaskereso\/","og:image":"https:\/\/allasorias.hu\/hirek\/wp-content\/uploads\/2023\/09\/diplomas-allaskereso.jpg","og:image:secure_url":"https:\/\/allasorias.hu\/hirek\/wp-content\/uploads\/2023\/09\/diplomas-allaskereso.jpg","og:image:width":1280,"og:image:height":853,"article:published_time":"2023-09-07T12:53:32+00:00","article:modified_time":"2023-09-12T12:55:04+00:00","article:publisher":"https:\/\/www.facebook.com\/allasorias","twitter:card":"summary_large_image","twitter:title":"Egyre t\u00f6bb a diplom\u00e1s \u00e1ll\u00e1skeres\u0151 | Allasorias.hu","twitter:description":"\u00c9rdekes jelens\u00e9g, hogy a fels\u0151fok\u00fa v\u00e9gzetts\u00e9g\u0171ek ma m\u00e1r idehaza is megtehetik, hogy bejelentkezzenek a munka\u00fcgyi hivatalokban \u00e1ll\u00e1skeres\u00e9si t\u00e1mogat\u00e1s\u00e9rt.","twitter:image":"https:\/\/allasorias.hu\/hirek\/wp-content\/uploads\/2023\/09\/diplomas-allaskereso.jpg","twitter:label1":"Written by","twitter:data1":"Juh\u00e1sz P\u00e9ter","twitter:label2":"Est. reading time","twitter:data2":"4 minutes"},"aioseo_meta_data":{"post_id":"6774","title":"#post_title | Allasorias.hu","description":"\u00c9rdekes jelens\u00e9g, hogy a fels\u0151fok\u00fa v\u00e9gzetts\u00e9g\u0171ek ma m\u00e1r idehaza is megtehetik, hogy bejelentkezzenek a munka\u00fcgyi hivatalokban \u00e1ll\u00e1skeres\u00e9si t\u00e1mogat\u00e1s\u00e9rt.","keywords":[],"keyphrases":{"focus":{"keyphrase":"","score":0,"analysis":{"keyphraseInTitle":{"score":0,"maxScore":9,"error":1}}},"additional":[]},"primary_term":null,"canonical_url":null,"og_title":null,"og_description":null,"og_object_type":"default","og_image_type":"default","og_image_url":null,"og_image_width":null,"og_image_height":null,"og_image_custom_url":null,"og_image_custom_fields":null,"og_video":"","og_custom_url":null,"og_article_section":null,"og_article_tags":[],"twitter_use_og":true,"twitter_card":"default","twitter_image_type":"default","twitter_image_url":null,"twitter_image_custom_url":null,"twitter_image_custom_fields":null,"twitter_title":null,"twitter_description":null,"schema":{"blockGraphs":[],"customGraphs":[],"default":{"data":{"Article":[],"Course":[],"Dataset":[],"FAQPage":[],"Movie":[],"Person":[],"Product":[],"ProductReview":[],"Car":[],"Recipe":[],"Service":[],"SoftwareApplication":[],"WebPage":[]},"graphName":"Article","isEnabled":true},"graphs":[]},"schema_type":"default","schema_type_options":null,"pillar_content":false,"robots_default":true,"robots_noindex":false,"robots_noarchive":false,"robots_nosnippet":false,"robots_nofollow":false,"robots_noimageindex":false,"robots_noodp":false,"robots_notranslate":false,"robots_max_snippet":"-1","robots_max_videopreview":"-1","robots_max_imagepreview":"large","priority":null,"frequency":"default","location":null,"local_seo":null,"breadcrumb_settings":null,"limit_modified_date":false,"ai":null,"created":"2023-09-12 12:26:57","updated":"2025-10-02 19:02:53","seo_analyzer_scan_date":null,"focus_keyword":null,"additional_keywords":null,"truseo_locale":null},"aioseo_breadcrumb":"<div class=\"aioseo-breadcrumbs\"><span class=\"aioseo-breadcrumb\">\n\t\t\t<a href=\"https:\/\/allasorias.hu\/hirek\" title=\"Home\">Home<\/a>\n\t\t<\/span><span class=\"aioseo-breadcrumb-separator\">&raquo;<\/span><span class=\"aioseo-breadcrumb\">\n\t\t\t<a href=\"https:\/\/allasorias.hu\/hirek\/temak\/munkaeropiac\/\" title=\"Munkaer\u0151piac\">Munkaer\u0151piac<\/a>\n\t\t<\/span><span class=\"aioseo-breadcrumb-separator\">&raquo;<\/span><span class=\"aioseo-breadcrumb\">\n\t\t\tEgyre t\u00f6bb a diplom\u00e1s \u00e1ll\u00e1skeres\u0151\n\t\t<\/span><\/div>","aioseo_breadcrumb_json":[{"label":"Home","link":"https:\/\/allasorias.hu\/hirek"},{"label":"Munkaer\u0151piac","link":"https:\/\/allasorias.hu\/hirek\/temak\/munkaeropiac\/"},{"label":"Egyre t\u00f6bb a diplom\u00e1s \u00e1ll\u00e1skeres\u0151","link":"https:\/\/allasorias.hu\/hirek\/egyre-tobb-a-diplomas-allaskereso\/"}],"_links":{"self":[{"href":"https:\/\/allasorias.hu\/hirek\/wp-json\/wp\/v2\/posts\/6774","targetHints":{"allow":["GET"]}}],"collection":[{"href":"https:\/\/allasorias.hu\/hirek\/wp-json\/wp\/v2\/posts"}],"about":[{"href":"https:\/\/allasorias.hu\/hirek\/wp-json\/wp\/v2\/types\/post"}],"author":[{"embeddable":true,"href":"https:\/\/allasorias.hu\/hirek\/wp-json\/wp\/v2\/users\/1"}],"replies":[{"embeddable":true,"href":"https:\/\/allasorias.hu\/hirek\/wp-json\/wp\/v2\/comments?post=6774"}],"version-history":[{"count":2,"href":"https:\/\/allasorias.hu\/hirek\/wp-json\/wp\/v2\/posts\/6774\/revisions"}],"predecessor-version":[{"id":6777,"href":"https:\/\/allasorias.hu\/hirek\/wp-json\/wp\/v2\/posts\/6774\/revisions\/6777"}],"wp:featuredmedia":[{"embeddable":true,"href":"https:\/\/allasorias.hu\/hirek\/wp-json\/wp\/v2\/media\/6775"}],"wp:attachment":[{"href":"https:\/\/allasorias.hu\/hirek\/wp-json\/wp\/v2\/media?parent=6774"}],"wp:term":[{"taxonomy":"category","embeddable":true,"href":"https:\/\/allasorias.hu\/hirek\/wp-json\/wp\/v2\/categories?post=6774"},{"taxonomy":"post_tag","embeddable":true,"href":"https:\/\/allasorias.hu\/hirek\/wp-json\/wp\/v2\/tags?post=6774"}],"curies":[{"name":"wp","href":"https:\/\/api.w.org\/{rel}","templated":true}]}}