{"id":6770,"date":"2023-09-06T13:57:27","date_gmt":"2023-09-06T11:57:27","guid":{"rendered":"https:\/\/allasorias.hu\/hirek\/?p=6770"},"modified":"2023-09-12T13:59:52","modified_gmt":"2023-09-12T11:59:52","slug":"ugy-tunik-hogy-lesz-minimalber-emeles","status":"publish","type":"post","link":"https:\/\/allasorias.hu\/hirek\/ugy-tunik-hogy-lesz-minimalber-emeles\/","title":{"rendered":"\u00dagy t\u0171nik, hogy lesz minim\u00e1lb\u00e9r emel\u00e9s"},"content":{"rendered":"<p><strong>Az eddigi t\u00e1rgyal\u00e1sok azt mutatj\u00e1k, hogy sz\u00fcks\u00e9g lesz a minim\u00e1lb\u00e9r emel\u00e9s\u00e9re m\u00e9g az id\u00e9n. A t\u00e1rgyal\u00e1sok azonban elh\u00faz\u00f3dnak, ami nehez\u00edti a megegyez\u00e9st a felek k\u00f6z\u00f6tt.<\/strong><\/p>\n<p>A Liga Szakszervezetek eln\u00f6ke szerint t\u00e9vesek azok a sajt\u00f3ban megjelent inform\u00e1ci\u00f3k, amelyek eredm\u00e9nytelennek \u00e9rt\u00e9kelt\u00e9k a m\u00falt heti t\u00e1rgyal\u00e1st a szakszervezetek \u00e9s a munk\u00e1ltat\u00f3k k\u00f6z\u00f6tt. M\u00e9sz\u00e1ros Melinda, a szakszervezeti konf\u00f6der\u00e1ci\u00f3 eln\u00f6ke szerint a Versenyszf\u00e9ra \u00e9s a Korm\u00e1ny \u00c1lland\u00f3 Konzult\u00e1ci\u00f3s F\u00f3rum\u00e1nak augusztus v\u00e9gi \u00fcl\u00e9s\u00e9n a munk\u00e1ltat\u00f3k is elismert\u00e9k, hogy indokolt a b\u00e9rkorrekci\u00f3.<\/p>\n<h2>Tudni kell a v\u00e9gleges infl\u00e1ci\u00f3s adatokat<\/h2>\n<p>Az \u00e9vk\u00f6zi emel\u00e9s felt\u00e9teleit m\u00e1r a tavaly \u00e9v v\u00e9g\u00e9n megk\u00f6t\u00f6tt b\u00e9rmeg\u00e1llapod\u00e1sban r\u00f6gz\u00edtett\u00e9k a felek. A minim\u00e1lb\u00e9r id\u00e9n janu\u00e1rban 16 sz\u00e1zal\u00e9kkal emelkedett, de az \u00e9ves infl\u00e1ci\u00f3 minden v\u00e1rakoz\u00e1s szerint enn\u00e9l magasabb lesz, a re\u00e1lb\u00e9rcs\u00f6kken\u00e9s elker\u00fcl\u00e9s\u00e9\u00e9rt indokolt az emel\u00e9s, magyar\u00e1zta a lapnak M\u00e9sz\u00e1ros. A meg\u00e1llapod\u00e1s \u00e9s az emel\u00e9s id\u0151pontja viszont m\u00e9g nincs meg. M\u00e9sz\u00e1ros szerint itt a legf\u0151bb akad\u00e1ly az, hogy a 2023-as \u00e9v eg\u00e9sz\u00e9re vonatkoz\u00f3, v\u00e9gleges infl\u00e1ci\u00f3s adat csak janu\u00e1rban jelenik meg, m\u00e1rpedig ez kulcsfontoss\u00e1g\u00fa, mert ez alapj\u00e1n d\u00f6ntik el, mennyivel emelj\u00e9k a minim\u00e1lb\u00e9rt \u00e9s a garant\u00e1lt b\u00e9rminimumot.<\/p>\n<h2>T\u00f6bb mint m\u00e1sf\u00e9l milli\u00f3 embert \u00e9rint<\/h2>\n<p>A <a href=\"https:\/\/allasorias.hu\/hirek\/oszre-lehetnek-ujabb-fizetesemelesek\/\">b\u00e9remel\u00e9s<\/a> eg\u00e9sz 2023-ra vonatkozik, vagyis ha a meg\u00e1llapod\u00e1st megel\u0151z\u0151 t\u00e1rgyal\u00e1sok hosszabb ideig elh\u00faz\u00f3dnak, a munkav\u00e1llal\u00f3kat akkor sem \u00e9ri vesztes\u00e9g. Az egyeztet\u00e9sek szeptemberben folytat\u00f3dnak, \u00e9s M\u00e9sz\u00e1ros l\u00e1t lehet\u0151s\u00e9get arra, hogy m\u00e9g ebben a h\u00f3napban meg is \u00e1llapodjanak a felek. Ebben az esetben m\u00e1r okt\u00f3bert\u0151l magasabb \u00f6sszeget kapn\u00e1nak az \u00e9rintett munkav\u00e1llal\u00f3k. Vagyis, p\u00e9ld\u00e1ul, ha 2023-ra 1,5 sz\u00e1zal\u00e9kos korrekci\u00f3r\u00f3l sz\u00fcletik d\u00f6nt\u00e9s, akkor okt\u00f3berben, novemberben \u00e9s decemberben a minim\u00e1lb\u00e9r \u00f6sszege enn\u00e9l nagyobb m\u00e9rt\u00e9kben n\u0151ne, \u00edgy h\u00e1rom h\u00f3nap alatt kapn\u00e1nak annyival t\u00f6bbet az alkalmazottak, hogy re\u00e1l\u00e9rt\u00e9kben ne \u00e9rje \u0151ket vesztes\u00e9g az idei \u00e9v eg\u00e9sz\u00e9t tekintve. A minim\u00e1lb\u00e9r \u00e9vk\u00f6zi emel\u00e9se nem csak a nagyj\u00e1b\u00f3l 250 ezer alkalmazottat \u00e9rinti, hanem mindegy m\u00e1sf\u00e9l milli\u00f3 embert is, aki valamilyen szoci\u00e1lis juttat\u00e1sban r\u00e9szes\u00fcl.<\/p>\n<p>Forr\u00e1s: <a href=\"https:\/\/hvg.hu\/gazdasag\/20230905_inflacio_minimalber_emeles_evkozi_berkorrekcio\" target=\"_blank\" rel=\"nofollow noopener noreferrer\">hvg.hu<\/a><\/p>\n","protected":false},"excerpt":{"rendered":"<p>Az eddigi t\u00e1rgyal\u00e1sok azt mutatj\u00e1k, hogy sz\u00fcks\u00e9g lesz a minim\u00e1lb\u00e9r emel\u00e9s\u00e9re m\u00e9g az id\u00e9n. A t\u00e1rgyal\u00e1sok azonban elh\u00faz\u00f3dnak, ami nehez\u00edti a megegyez\u00e9st a felek k\u00f6z\u00f6tt. A Liga Szakszervezetek eln\u00f6ke szerint t\u00e9vesek azok a sajt\u00f3ban megjelent inform\u00e1ci\u00f3k, amelyek eredm\u00e9nytelennek \u00e9rt\u00e9kelt\u00e9k a m\u00falt heti t\u00e1rgyal\u00e1st a szakszervezetek \u00e9s a munk\u00e1ltat\u00f3k k\u00f6z\u00f6tt. M\u00e9sz\u00e1ros Melinda, a szakszervezeti konf\u00f6der\u00e1ci\u00f3 eln\u00f6ke [&hellip;]<\/p>\n","protected":false},"author":1,"featured_media":6771,"comment_status":"open","ping_status":"open","sticky":false,"template":"","format":"standard","meta":{"_monsterinsights_skip_tracking":false,"footnotes":""},"categories":[198],"tags":[600],"class_list":["post-6770","post","type-post","status-publish","format-standard","has-post-thumbnail","hentry","category-gazdasag","tag-minimalber-emeles"],"aioseo_notices":[],"aioseo_head":"\n\t\t<!-- All in One SEO 5.0.0.1 - aioseo.com -->\n\t<meta name=\"description\" content=\"Az eddigi t\u00e1rgyal\u00e1sok azt mutatj\u00e1k, hogy sz\u00fcks\u00e9g lesz a minim\u00e1lb\u00e9r emel\u00e9s\u00e9re m\u00e9g az id\u00e9n. A t\u00e1rgyal\u00e1sok azonban elh\u00faz\u00f3dnak\" \/>\n\t<meta name=\"robots\" content=\"max-image-preview:large\" \/>\n\t<meta name=\"author\" content=\"Juh\u00e1sz P\u00e9ter\"\/>\n\t<meta name=\"keywords\" content=\"minim\u00e1lb\u00e9r emel\u00e9s\" \/>\n\t<link rel=\"canonical\" href=\"https:\/\/allasorias.hu\/hirek\/ugy-tunik-hogy-lesz-minimalber-emeles\/\" \/>\n\t<meta name=\"generator\" content=\"All in One SEO (AIOSEO) 5.0.0.1\" \/>\n\t\t<meta property=\"og:locale\" content=\"hu_HU\" \/>\n\t\t<meta property=\"og:site_name\" content=\"AllasOrias.hu | H\u00edrek-lapszemle | \u00dczleti h\u00edrek az \u00e1ll\u00e1s \u00e9s a munka vil\u00e1g\u00e1b\u00f3l\" \/>\n\t\t<meta property=\"og:type\" content=\"article\" \/>\n\t\t<meta property=\"og:title\" content=\"\u00dagy t\u0171nik, hogy lesz minim\u00e1lb\u00e9r emel\u00e9s | Allasorias.hu\" \/>\n\t\t<meta property=\"og:description\" content=\"Az eddigi t\u00e1rgyal\u00e1sok azt mutatj\u00e1k, hogy sz\u00fcks\u00e9g lesz a minim\u00e1lb\u00e9r emel\u00e9s\u00e9re m\u00e9g az id\u00e9n. A t\u00e1rgyal\u00e1sok azonban elh\u00faz\u00f3dnak\" \/>\n\t\t<meta property=\"og:url\" content=\"https:\/\/allasorias.hu\/hirek\/ugy-tunik-hogy-lesz-minimalber-emeles\/\" \/>\n\t\t<meta property=\"og:image\" content=\"https:\/\/allasorias.hu\/hirek\/wp-content\/uploads\/2023\/09\/minimalber-emeles.jpg\" \/>\n\t\t<meta property=\"og:image:secure_url\" content=\"https:\/\/allasorias.hu\/hirek\/wp-content\/uploads\/2023\/09\/minimalber-emeles.jpg\" \/>\n\t\t<meta property=\"og:image:width\" content=\"1280\" \/>\n\t\t<meta property=\"og:image:height\" content=\"853\" \/>\n\t\t<meta property=\"article:published_time\" content=\"2023-09-06T11:57:27+00:00\" \/>\n\t\t<meta property=\"article:modified_time\" content=\"2023-09-12T11:59:52+00:00\" \/>\n\t\t<meta property=\"article:publisher\" content=\"https:\/\/www.facebook.com\/allasorias\" \/>\n\t\t<meta name=\"twitter:card\" content=\"summary_large_image\" \/>\n\t\t<meta name=\"twitter:title\" content=\"\u00dagy t\u0171nik, hogy lesz minim\u00e1lb\u00e9r emel\u00e9s | Allasorias.hu\" \/>\n\t\t<meta name=\"twitter:description\" content=\"Az eddigi t\u00e1rgyal\u00e1sok azt mutatj\u00e1k, hogy sz\u00fcks\u00e9g lesz a minim\u00e1lb\u00e9r emel\u00e9s\u00e9re m\u00e9g az id\u00e9n. A t\u00e1rgyal\u00e1sok azonban elh\u00faz\u00f3dnak\" \/>\n\t\t<meta name=\"twitter:image\" content=\"https:\/\/allasorias.hu\/hirek\/wp-content\/uploads\/2023\/09\/minimalber-emeles.jpg\" \/>\n\t\t<meta name=\"twitter:label1\" content=\"Written by\" \/>\n\t\t<meta name=\"twitter:data1\" content=\"Juh\u00e1sz P\u00e9ter\" \/>\n\t\t<meta name=\"twitter:label2\" content=\"Est. reading time\" \/>\n\t\t<meta name=\"twitter:data2\" content=\"2 minutes\" \/>\n\t\t<script type=\"application\/ld+json\" class=\"aioseo-schema\">\n\t\t\t{\"@context\":\"https:\\\/\\\/schema.org\",\"@graph\":[{\"@type\":\"Article\",\"@id\":\"https:\\\/\\\/allasorias.hu\\\/hirek\\\/ugy-tunik-hogy-lesz-minimalber-emeles\\\/#article\",\"name\":\"\\u00dagy t\\u0171nik, hogy lesz minim\\u00e1lb\\u00e9r emel\\u00e9s | Allasorias.hu\",\"headline\":\"\\u00dagy t\\u0171nik, hogy lesz minim\\u00e1lb\\u00e9r emel\\u00e9s\",\"author\":{\"@id\":\"https:\\\/\\\/allasorias.hu\\\/hirek\\\/author\\\/admin-allasorias\\\/#author\"},\"publisher\":{\"@id\":\"https:\\\/\\\/allasorias.hu\\\/hirek\\\/#organization\"},\"image\":{\"@type\":\"ImageObject\",\"url\":\"https:\\\/\\\/allasorias.hu\\\/hirek\\\/wp-content\\\/uploads\\\/2023\\\/09\\\/minimalber-emeles.jpg\",\"width\":1280,\"height\":853,\"caption\":\"\\u00dagy t\\u0171nik, hogy lesz minim\\u00e1lb\\u00e9r emel\\u00e9s - Allasorias.hu\\\/Hirek\"},\"datePublished\":\"2023-09-06T13:57:27+02:00\",\"dateModified\":\"2023-09-12T13:59:52+02:00\",\"inLanguage\":\"hu-HU\",\"mainEntityOfPage\":{\"@id\":\"https:\\\/\\\/allasorias.hu\\\/hirek\\\/ugy-tunik-hogy-lesz-minimalber-emeles\\\/#webpage\"},\"isPartOf\":{\"@id\":\"https:\\\/\\\/allasorias.hu\\\/hirek\\\/ugy-tunik-hogy-lesz-minimalber-emeles\\\/#webpage\"},\"articleSection\":\"Gazdas\\u00e1g, minim\\u00e1lb\\u00e9r emel\\u00e9s\"},{\"@type\":\"BreadcrumbList\",\"@id\":\"https:\\\/\\\/allasorias.hu\\\/hirek\\\/ugy-tunik-hogy-lesz-minimalber-emeles\\\/#breadcrumblist\",\"itemListElement\":[{\"@type\":\"ListItem\",\"@id\":\"https:\\\/\\\/allasorias.hu\\\/hirek#listItem\",\"position\":1,\"name\":\"Home\",\"item\":\"https:\\\/\\\/allasorias.hu\\\/hirek\",\"nextItem\":{\"@type\":\"ListItem\",\"@id\":\"https:\\\/\\\/allasorias.hu\\\/hirek\\\/temak\\\/gazdasag\\\/#listItem\",\"name\":\"Gazdas\\u00e1g\"}},{\"@type\":\"ListItem\",\"@id\":\"https:\\\/\\\/allasorias.hu\\\/hirek\\\/temak\\\/gazdasag\\\/#listItem\",\"position\":2,\"name\":\"Gazdas\\u00e1g\",\"item\":\"https:\\\/\\\/allasorias.hu\\\/hirek\\\/temak\\\/gazdasag\\\/\",\"nextItem\":{\"@type\":\"ListItem\",\"@id\":\"https:\\\/\\\/allasorias.hu\\\/hirek\\\/ugy-tunik-hogy-lesz-minimalber-emeles\\\/#listItem\",\"name\":\"\\u00dagy t\\u0171nik, hogy lesz minim\\u00e1lb\\u00e9r emel\\u00e9s\"},\"previousItem\":{\"@type\":\"ListItem\",\"@id\":\"https:\\\/\\\/allasorias.hu\\\/hirek#listItem\",\"name\":\"Home\"}},{\"@type\":\"ListItem\",\"@id\":\"https:\\\/\\\/allasorias.hu\\\/hirek\\\/ugy-tunik-hogy-lesz-minimalber-emeles\\\/#listItem\",\"position\":3,\"name\":\"\\u00dagy t\\u0171nik, hogy lesz minim\\u00e1lb\\u00e9r emel\\u00e9s\",\"previousItem\":{\"@type\":\"ListItem\",\"@id\":\"https:\\\/\\\/allasorias.hu\\\/hirek\\\/temak\\\/gazdasag\\\/#listItem\",\"name\":\"Gazdas\\u00e1g\"}}]},{\"@type\":\"Organization\",\"@id\":\"https:\\\/\\\/allasorias.hu\\\/hirek\\\/#organization\",\"name\":\"AllasOrias.hu | H\\u00edrek-lapszemle\",\"description\":\"\\u00dczleti h\\u00edrek az \\u00e1ll\\u00e1s \\u00e9s a munka vil\\u00e1g\\u00e1b\\u00f3l\",\"url\":\"https:\\\/\\\/allasorias.hu\\\/hirek\\\/\",\"logo\":{\"@type\":\"ImageObject\",\"url\":\"https:\\\/\\\/allasorias.hu\\\/hirek\\\/wp-content\\\/uploads\\\/2022\\\/10\\\/allasorias_site_facebok_logo.png\",\"@id\":\"https:\\\/\\\/allasorias.hu\\\/hirek\\\/ugy-tunik-hogy-lesz-minimalber-emeles\\\/#organizationLogo\"},\"image\":{\"@id\":\"https:\\\/\\\/allasorias.hu\\\/hirek\\\/ugy-tunik-hogy-lesz-minimalber-emeles\\\/#organizationLogo\"},\"sameAs\":[\"https:\\\/\\\/www.facebook.com\\\/allasorias\",\"https:\\\/\\\/www.linkedin.com\\\/company\\\/allasorias\"]},{\"@type\":\"Person\",\"@id\":\"https:\\\/\\\/allasorias.hu\\\/hirek\\\/author\\\/admin-allasorias\\\/#author\",\"url\":\"https:\\\/\\\/allasorias.hu\\\/hirek\\\/author\\\/admin-allasorias\\\/\",\"name\":\"Juh\\u00e1sz P\\u00e9ter\",\"image\":{\"@type\":\"ImageObject\",\"@id\":\"https:\\\/\\\/allasorias.hu\\\/hirek\\\/ugy-tunik-hogy-lesz-minimalber-emeles\\\/#authorImage\",\"url\":\"https:\\\/\\\/secure.gravatar.com\\\/avatar\\\/36e6bcb83148978b992977cb0f54d22feb0cce8a0a849a9410532bb2623ba4c6?s=96&d=mm&r=g\",\"width\":96,\"height\":96,\"caption\":\"Juh\\u00e1sz P\\u00e9ter\"}},{\"@type\":\"WebPage\",\"@id\":\"https:\\\/\\\/allasorias.hu\\\/hirek\\\/ugy-tunik-hogy-lesz-minimalber-emeles\\\/#webpage\",\"url\":\"https:\\\/\\\/allasorias.hu\\\/hirek\\\/ugy-tunik-hogy-lesz-minimalber-emeles\\\/\",\"name\":\"\\u00dagy t\\u0171nik, hogy lesz minim\\u00e1lb\\u00e9r emel\\u00e9s | Allasorias.hu\",\"description\":\"Az eddigi t\\u00e1rgyal\\u00e1sok azt mutatj\\u00e1k, hogy sz\\u00fcks\\u00e9g lesz a minim\\u00e1lb\\u00e9r emel\\u00e9s\\u00e9re m\\u00e9g az id\\u00e9n. A t\\u00e1rgyal\\u00e1sok azonban elh\\u00faz\\u00f3dnak\",\"inLanguage\":\"hu-HU\",\"isPartOf\":{\"@id\":\"https:\\\/\\\/allasorias.hu\\\/hirek\\\/#website\"},\"breadcrumb\":{\"@id\":\"https:\\\/\\\/allasorias.hu\\\/hirek\\\/ugy-tunik-hogy-lesz-minimalber-emeles\\\/#breadcrumblist\"},\"author\":{\"@id\":\"https:\\\/\\\/allasorias.hu\\\/hirek\\\/author\\\/admin-allasorias\\\/#author\"},\"creator\":{\"@id\":\"https:\\\/\\\/allasorias.hu\\\/hirek\\\/author\\\/admin-allasorias\\\/#author\"},\"image\":{\"@type\":\"ImageObject\",\"url\":\"https:\\\/\\\/allasorias.hu\\\/hirek\\\/wp-content\\\/uploads\\\/2023\\\/09\\\/minimalber-emeles.jpg\",\"@id\":\"https:\\\/\\\/allasorias.hu\\\/hirek\\\/ugy-tunik-hogy-lesz-minimalber-emeles\\\/#mainImage\",\"width\":1280,\"height\":853,\"caption\":\"\\u00dagy t\\u0171nik, hogy lesz minim\\u00e1lb\\u00e9r emel\\u00e9s - Allasorias.hu\\\/Hirek\"},\"primaryImageOfPage\":{\"@id\":\"https:\\\/\\\/allasorias.hu\\\/hirek\\\/ugy-tunik-hogy-lesz-minimalber-emeles\\\/#mainImage\"},\"datePublished\":\"2023-09-06T13:57:27+02:00\",\"dateModified\":\"2023-09-12T13:59:52+02:00\"},{\"@type\":\"WebSite\",\"@id\":\"https:\\\/\\\/allasorias.hu\\\/hirek\\\/#website\",\"url\":\"https:\\\/\\\/allasorias.hu\\\/hirek\\\/\",\"name\":\"AllasOrias.hu | H\\u00edrek-lapszemle\",\"description\":\"\\u00dczleti h\\u00edrek az \\u00e1ll\\u00e1s \\u00e9s a munka vil\\u00e1g\\u00e1b\\u00f3l\",\"inLanguage\":\"hu-HU\",\"publisher\":{\"@id\":\"https:\\\/\\\/allasorias.hu\\\/hirek\\\/#organization\"}}]}\n\t\t<\/script>\n\t\t<!-- All in One SEO -->\n\n","aioseo_head_json":{"title":"\u00dagy t\u0171nik, hogy lesz minim\u00e1lb\u00e9r emel\u00e9s | Allasorias.hu","description":"Az eddigi t\u00e1rgyal\u00e1sok azt mutatj\u00e1k, hogy sz\u00fcks\u00e9g lesz a minim\u00e1lb\u00e9r emel\u00e9s\u00e9re m\u00e9g az id\u00e9n. A t\u00e1rgyal\u00e1sok azonban elh\u00faz\u00f3dnak","canonical_url":"https:\/\/allasorias.hu\/hirek\/ugy-tunik-hogy-lesz-minimalber-emeles\/","robots":"max-image-preview:large","keywords":"minim\u00e1lb\u00e9r emel\u00e9s","webmasterTools":{"miscellaneous":""},"schema":{"@context":"https:\/\/schema.org","@graph":[{"@type":"Article","@id":"https:\/\/allasorias.hu\/hirek\/ugy-tunik-hogy-lesz-minimalber-emeles\/#article","name":"\u00dagy t\u0171nik, hogy lesz minim\u00e1lb\u00e9r emel\u00e9s | Allasorias.hu","headline":"\u00dagy t\u0171nik, hogy lesz minim\u00e1lb\u00e9r emel\u00e9s","author":{"@id":"https:\/\/allasorias.hu\/hirek\/author\/admin-allasorias\/#author"},"publisher":{"@id":"https:\/\/allasorias.hu\/hirek\/#organization"},"image":{"@type":"ImageObject","url":"https:\/\/allasorias.hu\/hirek\/wp-content\/uploads\/2023\/09\/minimalber-emeles.jpg","width":1280,"height":853,"caption":"\u00dagy t\u0171nik, hogy lesz minim\u00e1lb\u00e9r emel\u00e9s - Allasorias.hu\/Hirek"},"datePublished":"2023-09-06T13:57:27+02:00","dateModified":"2023-09-12T13:59:52+02:00","inLanguage":"hu-HU","mainEntityOfPage":{"@id":"https:\/\/allasorias.hu\/hirek\/ugy-tunik-hogy-lesz-minimalber-emeles\/#webpage"},"isPartOf":{"@id":"https:\/\/allasorias.hu\/hirek\/ugy-tunik-hogy-lesz-minimalber-emeles\/#webpage"},"articleSection":"Gazdas\u00e1g, minim\u00e1lb\u00e9r emel\u00e9s"},{"@type":"BreadcrumbList","@id":"https:\/\/allasorias.hu\/hirek\/ugy-tunik-hogy-lesz-minimalber-emeles\/#breadcrumblist","itemListElement":[{"@type":"ListItem","@id":"https:\/\/allasorias.hu\/hirek#listItem","position":1,"name":"Home","item":"https:\/\/allasorias.hu\/hirek","nextItem":{"@type":"ListItem","@id":"https:\/\/allasorias.hu\/hirek\/temak\/gazdasag\/#listItem","name":"Gazdas\u00e1g"}},{"@type":"ListItem","@id":"https:\/\/allasorias.hu\/hirek\/temak\/gazdasag\/#listItem","position":2,"name":"Gazdas\u00e1g","item":"https:\/\/allasorias.hu\/hirek\/temak\/gazdasag\/","nextItem":{"@type":"ListItem","@id":"https:\/\/allasorias.hu\/hirek\/ugy-tunik-hogy-lesz-minimalber-emeles\/#listItem","name":"\u00dagy t\u0171nik, hogy lesz minim\u00e1lb\u00e9r emel\u00e9s"},"previousItem":{"@type":"ListItem","@id":"https:\/\/allasorias.hu\/hirek#listItem","name":"Home"}},{"@type":"ListItem","@id":"https:\/\/allasorias.hu\/hirek\/ugy-tunik-hogy-lesz-minimalber-emeles\/#listItem","position":3,"name":"\u00dagy t\u0171nik, hogy lesz minim\u00e1lb\u00e9r emel\u00e9s","previousItem":{"@type":"ListItem","@id":"https:\/\/allasorias.hu\/hirek\/temak\/gazdasag\/#listItem","name":"Gazdas\u00e1g"}}]},{"@type":"Organization","@id":"https:\/\/allasorias.hu\/hirek\/#organization","name":"AllasOrias.hu | H\u00edrek-lapszemle","description":"\u00dczleti h\u00edrek az \u00e1ll\u00e1s \u00e9s a munka vil\u00e1g\u00e1b\u00f3l","url":"https:\/\/allasorias.hu\/hirek\/","logo":{"@type":"ImageObject","url":"https:\/\/allasorias.hu\/hirek\/wp-content\/uploads\/2022\/10\/allasorias_site_facebok_logo.png","@id":"https:\/\/allasorias.hu\/hirek\/ugy-tunik-hogy-lesz-minimalber-emeles\/#organizationLogo"},"image":{"@id":"https:\/\/allasorias.hu\/hirek\/ugy-tunik-hogy-lesz-minimalber-emeles\/#organizationLogo"},"sameAs":["https:\/\/www.facebook.com\/allasorias","https:\/\/www.linkedin.com\/company\/allasorias"]},{"@type":"Person","@id":"https:\/\/allasorias.hu\/hirek\/author\/admin-allasorias\/#author","url":"https:\/\/allasorias.hu\/hirek\/author\/admin-allasorias\/","name":"Juh\u00e1sz P\u00e9ter","image":{"@type":"ImageObject","@id":"https:\/\/allasorias.hu\/hirek\/ugy-tunik-hogy-lesz-minimalber-emeles\/#authorImage","url":"https:\/\/secure.gravatar.com\/avatar\/36e6bcb83148978b992977cb0f54d22feb0cce8a0a849a9410532bb2623ba4c6?s=96&d=mm&r=g","width":96,"height":96,"caption":"Juh\u00e1sz P\u00e9ter"}},{"@type":"WebPage","@id":"https:\/\/allasorias.hu\/hirek\/ugy-tunik-hogy-lesz-minimalber-emeles\/#webpage","url":"https:\/\/allasorias.hu\/hirek\/ugy-tunik-hogy-lesz-minimalber-emeles\/","name":"\u00dagy t\u0171nik, hogy lesz minim\u00e1lb\u00e9r emel\u00e9s | Allasorias.hu","description":"Az eddigi t\u00e1rgyal\u00e1sok azt mutatj\u00e1k, hogy sz\u00fcks\u00e9g lesz a minim\u00e1lb\u00e9r emel\u00e9s\u00e9re m\u00e9g az id\u00e9n. A t\u00e1rgyal\u00e1sok azonban elh\u00faz\u00f3dnak","inLanguage":"hu-HU","isPartOf":{"@id":"https:\/\/allasorias.hu\/hirek\/#website"},"breadcrumb":{"@id":"https:\/\/allasorias.hu\/hirek\/ugy-tunik-hogy-lesz-minimalber-emeles\/#breadcrumblist"},"author":{"@id":"https:\/\/allasorias.hu\/hirek\/author\/admin-allasorias\/#author"},"creator":{"@id":"https:\/\/allasorias.hu\/hirek\/author\/admin-allasorias\/#author"},"image":{"@type":"ImageObject","url":"https:\/\/allasorias.hu\/hirek\/wp-content\/uploads\/2023\/09\/minimalber-emeles.jpg","@id":"https:\/\/allasorias.hu\/hirek\/ugy-tunik-hogy-lesz-minimalber-emeles\/#mainImage","width":1280,"height":853,"caption":"\u00dagy t\u0171nik, hogy lesz minim\u00e1lb\u00e9r emel\u00e9s - Allasorias.hu\/Hirek"},"primaryImageOfPage":{"@id":"https:\/\/allasorias.hu\/hirek\/ugy-tunik-hogy-lesz-minimalber-emeles\/#mainImage"},"datePublished":"2023-09-06T13:57:27+02:00","dateModified":"2023-09-12T13:59:52+02:00"},{"@type":"WebSite","@id":"https:\/\/allasorias.hu\/hirek\/#website","url":"https:\/\/allasorias.hu\/hirek\/","name":"AllasOrias.hu | H\u00edrek-lapszemle","description":"\u00dczleti h\u00edrek az \u00e1ll\u00e1s \u00e9s a munka vil\u00e1g\u00e1b\u00f3l","inLanguage":"hu-HU","publisher":{"@id":"https:\/\/allasorias.hu\/hirek\/#organization"}}]},"og:locale":"hu_HU","og:site_name":"AllasOrias.hu | H\u00edrek-lapszemle | \u00dczleti h\u00edrek az \u00e1ll\u00e1s \u00e9s a munka vil\u00e1g\u00e1b\u00f3l","og:type":"article","og:title":"\u00dagy t\u0171nik, hogy lesz minim\u00e1lb\u00e9r emel\u00e9s | Allasorias.hu","og:description":"Az eddigi t\u00e1rgyal\u00e1sok azt mutatj\u00e1k, hogy sz\u00fcks\u00e9g lesz a minim\u00e1lb\u00e9r emel\u00e9s\u00e9re m\u00e9g az id\u00e9n. A t\u00e1rgyal\u00e1sok azonban elh\u00faz\u00f3dnak","og:url":"https:\/\/allasorias.hu\/hirek\/ugy-tunik-hogy-lesz-minimalber-emeles\/","og:image":"https:\/\/allasorias.hu\/hirek\/wp-content\/uploads\/2023\/09\/minimalber-emeles.jpg","og:image:secure_url":"https:\/\/allasorias.hu\/hirek\/wp-content\/uploads\/2023\/09\/minimalber-emeles.jpg","og:image:width":1280,"og:image:height":853,"article:published_time":"2023-09-06T11:57:27+00:00","article:modified_time":"2023-09-12T11:59:52+00:00","article:publisher":"https:\/\/www.facebook.com\/allasorias","twitter:card":"summary_large_image","twitter:title":"\u00dagy t\u0171nik, hogy lesz minim\u00e1lb\u00e9r emel\u00e9s | Allasorias.hu","twitter:description":"Az eddigi t\u00e1rgyal\u00e1sok azt mutatj\u00e1k, hogy sz\u00fcks\u00e9g lesz a minim\u00e1lb\u00e9r emel\u00e9s\u00e9re m\u00e9g az id\u00e9n. A t\u00e1rgyal\u00e1sok azonban elh\u00faz\u00f3dnak","twitter:image":"https:\/\/allasorias.hu\/hirek\/wp-content\/uploads\/2023\/09\/minimalber-emeles.jpg","twitter:label1":"Written by","twitter:data1":"Juh\u00e1sz P\u00e9ter","twitter:label2":"Est. reading time","twitter:data2":"2 minutes"},"aioseo_meta_data":{"post_id":"6770","title":"#post_title | Allasorias.hu","description":"Az eddigi t\u00e1rgyal\u00e1sok azt mutatj\u00e1k, hogy sz\u00fcks\u00e9g lesz a minim\u00e1lb\u00e9r emel\u00e9s\u00e9re m\u00e9g az id\u00e9n. A t\u00e1rgyal\u00e1sok azonban elh\u00faz\u00f3dnak","keywords":[],"keyphrases":{"focus":{"keyphrase":"","score":0,"analysis":{"keyphraseInTitle":{"score":0,"maxScore":9,"error":1}}},"additional":[]},"primary_term":null,"canonical_url":null,"og_title":null,"og_description":null,"og_object_type":"default","og_image_type":"default","og_image_url":null,"og_image_width":null,"og_image_height":null,"og_image_custom_url":null,"og_image_custom_fields":null,"og_video":"","og_custom_url":null,"og_article_section":null,"og_article_tags":[],"twitter_use_og":true,"twitter_card":"default","twitter_image_type":"default","twitter_image_url":null,"twitter_image_custom_url":null,"twitter_image_custom_fields":null,"twitter_title":null,"twitter_description":null,"schema":{"blockGraphs":[],"customGraphs":[],"default":{"data":{"Article":[],"Course":[],"Dataset":[],"FAQPage":[],"Movie":[],"Person":[],"Product":[],"ProductReview":[],"Car":[],"Recipe":[],"Service":[],"SoftwareApplication":[],"WebPage":[]},"graphName":"Article","isEnabled":true},"graphs":[]},"schema_type":"default","schema_type_options":null,"pillar_content":false,"robots_default":true,"robots_noindex":false,"robots_noarchive":false,"robots_nosnippet":false,"robots_nofollow":false,"robots_noimageindex":false,"robots_noodp":false,"robots_notranslate":false,"robots_max_snippet":"-1","robots_max_videopreview":"-1","robots_max_imagepreview":"large","priority":null,"frequency":"default","location":null,"local_seo":null,"breadcrumb_settings":null,"limit_modified_date":false,"ai":null,"created":"2023-09-12 11:16:07","updated":"2025-10-02 19:02:10","seo_analyzer_scan_date":null,"focus_keyword":null,"additional_keywords":null,"truseo_locale":null},"aioseo_breadcrumb":"<div class=\"aioseo-breadcrumbs\"><span class=\"aioseo-breadcrumb\">\n\t\t\t<a href=\"https:\/\/allasorias.hu\/hirek\" title=\"Home\">Home<\/a>\n\t\t<\/span><span class=\"aioseo-breadcrumb-separator\">&raquo;<\/span><span class=\"aioseo-breadcrumb\">\n\t\t\t<a href=\"https:\/\/allasorias.hu\/hirek\/temak\/gazdasag\/\" title=\"Gazdas\u00e1g\">Gazdas\u00e1g<\/a>\n\t\t<\/span><span class=\"aioseo-breadcrumb-separator\">&raquo;<\/span><span class=\"aioseo-breadcrumb\">\n\t\t\t\u00dagy t\u0171nik, hogy lesz minim\u00e1lb\u00e9r emel\u00e9s\n\t\t<\/span><\/div>","aioseo_breadcrumb_json":[{"label":"Home","link":"https:\/\/allasorias.hu\/hirek"},{"label":"Gazdas\u00e1g","link":"https:\/\/allasorias.hu\/hirek\/temak\/gazdasag\/"},{"label":"\u00dagy t\u0171nik, hogy lesz minim\u00e1lb\u00e9r emel\u00e9s","link":"https:\/\/allasorias.hu\/hirek\/ugy-tunik-hogy-lesz-minimalber-emeles\/"}],"_links":{"self":[{"href":"https:\/\/allasorias.hu\/hirek\/wp-json\/wp\/v2\/posts\/6770","targetHints":{"allow":["GET"]}}],"collection":[{"href":"https:\/\/allasorias.hu\/hirek\/wp-json\/wp\/v2\/posts"}],"about":[{"href":"https:\/\/allasorias.hu\/hirek\/wp-json\/wp\/v2\/types\/post"}],"author":[{"embeddable":true,"href":"https:\/\/allasorias.hu\/hirek\/wp-json\/wp\/v2\/users\/1"}],"replies":[{"embeddable":true,"href":"https:\/\/allasorias.hu\/hirek\/wp-json\/wp\/v2\/comments?post=6770"}],"version-history":[{"count":2,"href":"https:\/\/allasorias.hu\/hirek\/wp-json\/wp\/v2\/posts\/6770\/revisions"}],"predecessor-version":[{"id":6773,"href":"https:\/\/allasorias.hu\/hirek\/wp-json\/wp\/v2\/posts\/6770\/revisions\/6773"}],"wp:featuredmedia":[{"embeddable":true,"href":"https:\/\/allasorias.hu\/hirek\/wp-json\/wp\/v2\/media\/6771"}],"wp:attachment":[{"href":"https:\/\/allasorias.hu\/hirek\/wp-json\/wp\/v2\/media?parent=6770"}],"wp:term":[{"taxonomy":"category","embeddable":true,"href":"https:\/\/allasorias.hu\/hirek\/wp-json\/wp\/v2\/categories?post=6770"},{"taxonomy":"post_tag","embeddable":true,"href":"https:\/\/allasorias.hu\/hirek\/wp-json\/wp\/v2\/tags?post=6770"}],"curies":[{"name":"wp","href":"https:\/\/api.w.org\/{rel}","templated":true}]}}