{"id":6762,"date":"2023-09-04T16:29:18","date_gmt":"2023-09-04T14:29:18","guid":{"rendered":"https:\/\/allasorias.hu\/hirek\/?p=6762"},"modified":"2025-05-09T15:55:09","modified_gmt":"2025-05-09T13:55:09","slug":"megoldodik-az-egeszsegugyi-szakdolgozok-fizetesenek-emelese","status":"publish","type":"post","link":"https:\/\/allasorias.hu\/hirek\/megoldodik-az-egeszsegugyi-szakdolgozok-fizetesenek-emelese\/","title":{"rendered":"Megold\u00f3dik az eg\u00e9szs\u00e9g\u00fcgyi szakdolgoz\u00f3k fizet\u00e9s\u00e9nek emel\u00e9se"},"content":{"rendered":"<p><strong>Folytat\u00f3dik a t\u00f6bbl\u00e9pcs\u0151s b\u00e9remel\u00e9s az eg\u00e9szs\u00e9g\u00fcgyben. A b\u00e9remel\u00e9sre 240 milli\u00e1rd forintot k\u00fcl\u00f6n\u00edtettek el a 2024-es k\u00f6lts\u00e9gvet\u00e9sben.<\/strong><\/p>\n<p>A korm\u00e1ny dolga az, hogy megfelel\u0151 munkak\u00f6r\u00fclm\u00e9nyeket teremtsen az Orsz\u00e1gos Ment\u0151szolg\u00e1latnak (OMSZ) &#8211; mondta Tak\u00e1cs P\u00e9ter, a Bel\u00fcgyminiszt\u00e9rium eg\u00e9szs\u00e9g\u00fcgyi \u00e1llamtitk\u00e1ra a h\u00e9tv\u00e9gi v\u00e1rosligeti ment\u0151napon. Az int\u00e9zked\u00e9sek k\u00f6z\u00f6tt eml\u00edtette a t\u00f6bbl\u00e9pcs\u0151s szakdolgoz\u00f3i b\u00e9remel\u00e9st, amelynek egyik \u00fcteme id\u00e9n j\u00faliusban volt egy 18 sz\u00e1zal\u00e9kos b\u00e9remel\u00e9ssel, a k\u00f6vetkez\u0151 pedig j\u00f6v\u0151 \u00e9v m\u00e1rcius\u00e1ban lesz.<\/p>\n<p>A j\u00f6v\u0151 \u00e9vi k\u00f6lts\u00e9gvet\u00e9sben 240 milli\u00e1rd forint van elk\u00fcl\u00f6n\u00edtve a b\u00e9remel\u00e9sre &#8211; hangoztatta. A munkak\u00f6r\u00fclm\u00e9nyek jav\u00edt\u00e1sa \u00e9rdek\u00e9ben sz\u00e1mos ment\u0151\u00e1llom\u00e1s \u00fajult meg vagy \u00e9p\u00fclt \u00fajonnan, de ez a munka nem \u00e1ll meg, &#8222;b\u0151ven van m\u00e9g tennival\u00f3nk, az el\u0151deink kicsit elhanyagolt\u00e1k ezt a k\u00e9rd\u00e9st&#8221; &#8211; fogalmazott, hangs\u00falyozva: csak kipihent, felk\u00e9sz\u00fclt ment\u0151dolgoz\u00f3k tudnak hat\u00e9konyan \u00e9letet menteni. Az \u00e1llamtitk\u00e1r felid\u00e9zte azt is, hogy ezer ment\u0151aut\u00f3t cser\u00e9ltek le az elm\u00falt id\u0151szakban, ezek a legmodernebb j\u00e1rm\u0171vek a legmodernebb felszerel\u00e9ssel futnak.<\/p>\n<p>Az \u00faj \u00fcgyeleti rendszerben r\u00e9szt vev\u0151 ment\u0151k pedig 170 g\u00e9pj\u00e1rm\u0171vet kaptak &#8211; sorolta. A t\u00e1rsadalmi el\u00e9gedetts\u00e9g \u00e9s bizalom, amit a ment\u0151k megszolg\u00e1ltak \u00e9s ami fel\u00e9j\u00fck \u00e1rad, teljes optimizmusra ad okot &#8211; hangoztatta Tak\u00e1cs P\u00e9ter. Csat\u00f3 G\u00e1bor, az OMSZ f\u0151igazgat\u00f3ja k\u00f6sz\u00f6netet mondott a ny\u00e1ri nagy rendezv\u00e9nyeken dolgoz\u00f3 koll\u00e9g\u00e1inak, akik napi 3500 ment\u00e9si feladatot l\u00e1ttak el. Kit\u00e9rt arra, hogy a budapesti atl\u00e9tikai vil\u00e1gbajnoks\u00e1g alatt ezer ment\u0151s vett r\u00e9szt az eg\u00e9szs\u00e9g\u00fcgyi biztos\u00edt\u00e1sban.<\/p>\n<p>&nbsp;<\/p>\n<p>Forr\u00e1s: hrportal.hu, MTI<\/p>\n","protected":false},"excerpt":{"rendered":"<p>Folytat\u00f3dik a t\u00f6bbl\u00e9pcs\u0151s b\u00e9remel\u00e9s az eg\u00e9szs\u00e9g\u00fcgyben. A b\u00e9remel\u00e9sre 240 milli\u00e1rd forintot k\u00fcl\u00f6n\u00edtettek el a 2024-es k\u00f6lts\u00e9gvet\u00e9sben. A korm\u00e1ny dolga az, hogy megfelel\u0151 munkak\u00f6r\u00fclm\u00e9nyeket teremtsen az Orsz\u00e1gos Ment\u0151szolg\u00e1latnak (OMSZ) &#8211; mondta Tak\u00e1cs P\u00e9ter, a Bel\u00fcgyminiszt\u00e9rium eg\u00e9szs\u00e9g\u00fcgyi \u00e1llamtitk\u00e1ra a h\u00e9tv\u00e9gi v\u00e1rosligeti ment\u0151napon. Az int\u00e9zked\u00e9sek k\u00f6z\u00f6tt eml\u00edtette a t\u00f6bbl\u00e9pcs\u0151s szakdolgoz\u00f3i b\u00e9remel\u00e9st, amelynek egyik \u00fcteme id\u00e9n j\u00faliusban volt egy [&hellip;]<\/p>\n","protected":false},"author":1,"featured_media":6763,"comment_status":"closed","ping_status":"closed","sticky":false,"template":"","format":"standard","meta":{"_monsterinsights_skip_tracking":false,"footnotes":""},"categories":[200],"tags":[256,322],"class_list":["post-6762","post","type-post","status-publish","format-standard","has-post-thumbnail","hentry","category-munkaeropiac","tag-beremeles","tag-egeszsegugy"],"aioseo_notices":[],"aioseo_head":"\n\t\t<!-- All in One SEO 5.0.0.1 - aioseo.com -->\n\t<meta name=\"description\" content=\"Folytat\u00f3dik a t\u00f6bbl\u00e9pcs\u0151s b\u00e9remel\u00e9s az eg\u00e9szs\u00e9g\u00fcgyben. A b\u00e9remel\u00e9sre 240 milli\u00e1rd forintot k\u00fcl\u00f6n\u00edtettek el a 2024-es k\u00f6lts\u00e9gvet\u00e9sben.\" \/>\n\t<meta name=\"robots\" content=\"max-image-preview:large\" \/>\n\t<meta name=\"author\" content=\"Juh\u00e1sz P\u00e9ter\"\/>\n\t<meta name=\"keywords\" content=\"b\u00e9remel\u00e9s,eg\u00e9szs\u00e9g\u00fcgy\" \/>\n\t<link rel=\"canonical\" href=\"https:\/\/allasorias.hu\/hirek\/megoldodik-az-egeszsegugyi-szakdolgozok-fizetesenek-emelese\/\" \/>\n\t<meta name=\"generator\" content=\"All in One SEO (AIOSEO) 5.0.0.1\" \/>\n\t\t<meta property=\"og:locale\" content=\"hu_HU\" \/>\n\t\t<meta property=\"og:site_name\" content=\"AllasOrias.hu | H\u00edrek-lapszemle | \u00dczleti h\u00edrek az \u00e1ll\u00e1s \u00e9s a munka vil\u00e1g\u00e1b\u00f3l\" \/>\n\t\t<meta property=\"og:type\" content=\"article\" \/>\n\t\t<meta property=\"og:title\" content=\"Eg\u00e9szs\u00e9g\u00fcgyi szakdolgoz\u00f3k fizet\u00e9se emelkedik\" \/>\n\t\t<meta property=\"og:description\" content=\"Folytat\u00f3dik a t\u00f6bbl\u00e9pcs\u0151s b\u00e9remel\u00e9s az eg\u00e9szs\u00e9g\u00fcgyben. A b\u00e9remel\u00e9sre 240 milli\u00e1rd forintot k\u00fcl\u00f6n\u00edtettek el a 2024-es k\u00f6lts\u00e9gvet\u00e9sben.\" \/>\n\t\t<meta property=\"og:url\" content=\"https:\/\/allasorias.hu\/hirek\/megoldodik-az-egeszsegugyi-szakdolgozok-fizetesenek-emelese\/\" \/>\n\t\t<meta property=\"og:image\" content=\"https:\/\/allasorias.hu\/hirek\/wp-content\/uploads\/2023\/09\/egeszsegugyi-szakdolgozok-beremelese.jpg\" \/>\n\t\t<meta property=\"og:image:secure_url\" content=\"https:\/\/allasorias.hu\/hirek\/wp-content\/uploads\/2023\/09\/egeszsegugyi-szakdolgozok-beremelese.jpg\" \/>\n\t\t<meta property=\"og:image:width\" content=\"1280\" \/>\n\t\t<meta property=\"og:image:height\" content=\"640\" \/>\n\t\t<meta property=\"article:published_time\" content=\"2023-09-04T14:29:18+00:00\" \/>\n\t\t<meta property=\"article:modified_time\" content=\"2025-05-09T13:55:09+00:00\" \/>\n\t\t<meta property=\"article:publisher\" content=\"https:\/\/www.facebook.com\/allasorias\" \/>\n\t\t<meta name=\"twitter:card\" content=\"summary_large_image\" \/>\n\t\t<meta name=\"twitter:title\" content=\"Eg\u00e9szs\u00e9g\u00fcgyi szakdolgoz\u00f3k fizet\u00e9se emelkedik\" \/>\n\t\t<meta name=\"twitter:description\" content=\"Folytat\u00f3dik a t\u00f6bbl\u00e9pcs\u0151s b\u00e9remel\u00e9s az eg\u00e9szs\u00e9g\u00fcgyben. A b\u00e9remel\u00e9sre 240 milli\u00e1rd forintot k\u00fcl\u00f6n\u00edtettek el a 2024-es k\u00f6lts\u00e9gvet\u00e9sben.\" \/>\n\t\t<meta name=\"twitter:image\" content=\"https:\/\/allasorias.hu\/hirek\/wp-content\/uploads\/2023\/09\/egeszsegugyi-szakdolgozok-beremelese.jpg\" \/>\n\t\t<meta name=\"twitter:label1\" content=\"Written by\" \/>\n\t\t<meta name=\"twitter:data1\" content=\"Juh\u00e1sz P\u00e9ter\" \/>\n\t\t<meta name=\"twitter:label2\" content=\"Est. reading time\" \/>\n\t\t<meta name=\"twitter:data2\" content=\"2 minutes\" \/>\n\t\t<script type=\"application\/ld+json\" class=\"aioseo-schema\">\n\t\t\t{\"@context\":\"https:\\\/\\\/schema.org\",\"@graph\":[{\"@type\":\"Article\",\"@id\":\"https:\\\/\\\/allasorias.hu\\\/hirek\\\/megoldodik-az-egeszsegugyi-szakdolgozok-fizetesenek-emelese\\\/#article\",\"name\":\"Eg\\u00e9szs\\u00e9g\\u00fcgyi szakdolgoz\\u00f3k fizet\\u00e9se emelkedik\",\"headline\":\"Megold\\u00f3dik az eg\\u00e9szs\\u00e9g\\u00fcgyi szakdolgoz\\u00f3k fizet\\u00e9s\\u00e9nek emel\\u00e9se\",\"author\":{\"@id\":\"https:\\\/\\\/allasorias.hu\\\/hirek\\\/author\\\/admin-allasorias\\\/#author\"},\"publisher\":{\"@id\":\"https:\\\/\\\/allasorias.hu\\\/hirek\\\/#organization\"},\"image\":{\"@type\":\"ImageObject\",\"url\":\"https:\\\/\\\/allasorias.hu\\\/hirek\\\/wp-content\\\/uploads\\\/2023\\\/09\\\/egeszsegugyi-szakdolgozok-beremelese.jpg\",\"width\":1280,\"height\":640,\"caption\":\"Megold\\u00f3dik az eg\\u00e9szs\\u00e9g\\u00fcgyi szakdolgoz\\u00f3k fizet\\u00e9s\\u00e9nek emel\\u00e9se - Allasorias.hu\\\/Hirek\"},\"datePublished\":\"2023-09-04T16:29:18+02:00\",\"dateModified\":\"2025-05-09T15:55:09+02:00\",\"inLanguage\":\"hu-HU\",\"mainEntityOfPage\":{\"@id\":\"https:\\\/\\\/allasorias.hu\\\/hirek\\\/megoldodik-az-egeszsegugyi-szakdolgozok-fizetesenek-emelese\\\/#webpage\"},\"isPartOf\":{\"@id\":\"https:\\\/\\\/allasorias.hu\\\/hirek\\\/megoldodik-az-egeszsegugyi-szakdolgozok-fizetesenek-emelese\\\/#webpage\"},\"articleSection\":\"Munkaer\\u0151piac, b\\u00e9remel\\u00e9s, eg\\u00e9szs\\u00e9g\\u00fcgy\"},{\"@type\":\"BreadcrumbList\",\"@id\":\"https:\\\/\\\/allasorias.hu\\\/hirek\\\/megoldodik-az-egeszsegugyi-szakdolgozok-fizetesenek-emelese\\\/#breadcrumblist\",\"itemListElement\":[{\"@type\":\"ListItem\",\"@id\":\"https:\\\/\\\/allasorias.hu\\\/hirek#listItem\",\"position\":1,\"name\":\"Home\",\"item\":\"https:\\\/\\\/allasorias.hu\\\/hirek\",\"nextItem\":{\"@type\":\"ListItem\",\"@id\":\"https:\\\/\\\/allasorias.hu\\\/hirek\\\/temak\\\/munkaeropiac\\\/#listItem\",\"name\":\"Munkaer\\u0151piac\"}},{\"@type\":\"ListItem\",\"@id\":\"https:\\\/\\\/allasorias.hu\\\/hirek\\\/temak\\\/munkaeropiac\\\/#listItem\",\"position\":2,\"name\":\"Munkaer\\u0151piac\",\"item\":\"https:\\\/\\\/allasorias.hu\\\/hirek\\\/temak\\\/munkaeropiac\\\/\",\"nextItem\":{\"@type\":\"ListItem\",\"@id\":\"https:\\\/\\\/allasorias.hu\\\/hirek\\\/megoldodik-az-egeszsegugyi-szakdolgozok-fizetesenek-emelese\\\/#listItem\",\"name\":\"Megold\\u00f3dik az eg\\u00e9szs\\u00e9g\\u00fcgyi szakdolgoz\\u00f3k fizet\\u00e9s\\u00e9nek emel\\u00e9se\"},\"previousItem\":{\"@type\":\"ListItem\",\"@id\":\"https:\\\/\\\/allasorias.hu\\\/hirek#listItem\",\"name\":\"Home\"}},{\"@type\":\"ListItem\",\"@id\":\"https:\\\/\\\/allasorias.hu\\\/hirek\\\/megoldodik-az-egeszsegugyi-szakdolgozok-fizetesenek-emelese\\\/#listItem\",\"position\":3,\"name\":\"Megold\\u00f3dik az eg\\u00e9szs\\u00e9g\\u00fcgyi szakdolgoz\\u00f3k fizet\\u00e9s\\u00e9nek emel\\u00e9se\",\"previousItem\":{\"@type\":\"ListItem\",\"@id\":\"https:\\\/\\\/allasorias.hu\\\/hirek\\\/temak\\\/munkaeropiac\\\/#listItem\",\"name\":\"Munkaer\\u0151piac\"}}]},{\"@type\":\"Organization\",\"@id\":\"https:\\\/\\\/allasorias.hu\\\/hirek\\\/#organization\",\"name\":\"AllasOrias.hu | H\\u00edrek-lapszemle\",\"description\":\"\\u00dczleti h\\u00edrek az \\u00e1ll\\u00e1s \\u00e9s a munka vil\\u00e1g\\u00e1b\\u00f3l\",\"url\":\"https:\\\/\\\/allasorias.hu\\\/hirek\\\/\",\"logo\":{\"@type\":\"ImageObject\",\"url\":\"https:\\\/\\\/allasorias.hu\\\/hirek\\\/wp-content\\\/uploads\\\/2022\\\/10\\\/allasorias_site_facebok_logo.png\",\"@id\":\"https:\\\/\\\/allasorias.hu\\\/hirek\\\/megoldodik-az-egeszsegugyi-szakdolgozok-fizetesenek-emelese\\\/#organizationLogo\"},\"image\":{\"@id\":\"https:\\\/\\\/allasorias.hu\\\/hirek\\\/megoldodik-az-egeszsegugyi-szakdolgozok-fizetesenek-emelese\\\/#organizationLogo\"},\"sameAs\":[\"https:\\\/\\\/www.facebook.com\\\/allasorias\",\"https:\\\/\\\/www.linkedin.com\\\/company\\\/allasorias\"]},{\"@type\":\"Person\",\"@id\":\"https:\\\/\\\/allasorias.hu\\\/hirek\\\/author\\\/admin-allasorias\\\/#author\",\"url\":\"https:\\\/\\\/allasorias.hu\\\/hirek\\\/author\\\/admin-allasorias\\\/\",\"name\":\"Juh\\u00e1sz P\\u00e9ter\",\"image\":{\"@type\":\"ImageObject\",\"@id\":\"https:\\\/\\\/allasorias.hu\\\/hirek\\\/megoldodik-az-egeszsegugyi-szakdolgozok-fizetesenek-emelese\\\/#authorImage\",\"url\":\"https:\\\/\\\/secure.gravatar.com\\\/avatar\\\/36e6bcb83148978b992977cb0f54d22feb0cce8a0a849a9410532bb2623ba4c6?s=96&d=mm&r=g\",\"width\":96,\"height\":96,\"caption\":\"Juh\\u00e1sz P\\u00e9ter\"}},{\"@type\":\"WebPage\",\"@id\":\"https:\\\/\\\/allasorias.hu\\\/hirek\\\/megoldodik-az-egeszsegugyi-szakdolgozok-fizetesenek-emelese\\\/#webpage\",\"url\":\"https:\\\/\\\/allasorias.hu\\\/hirek\\\/megoldodik-az-egeszsegugyi-szakdolgozok-fizetesenek-emelese\\\/\",\"name\":\"Eg\\u00e9szs\\u00e9g\\u00fcgyi szakdolgoz\\u00f3k fizet\\u00e9se emelkedik\",\"description\":\"Folytat\\u00f3dik a t\\u00f6bbl\\u00e9pcs\\u0151s b\\u00e9remel\\u00e9s az eg\\u00e9szs\\u00e9g\\u00fcgyben. A b\\u00e9remel\\u00e9sre 240 milli\\u00e1rd forintot k\\u00fcl\\u00f6n\\u00edtettek el a 2024-es k\\u00f6lts\\u00e9gvet\\u00e9sben.\",\"inLanguage\":\"hu-HU\",\"isPartOf\":{\"@id\":\"https:\\\/\\\/allasorias.hu\\\/hirek\\\/#website\"},\"breadcrumb\":{\"@id\":\"https:\\\/\\\/allasorias.hu\\\/hirek\\\/megoldodik-az-egeszsegugyi-szakdolgozok-fizetesenek-emelese\\\/#breadcrumblist\"},\"author\":{\"@id\":\"https:\\\/\\\/allasorias.hu\\\/hirek\\\/author\\\/admin-allasorias\\\/#author\"},\"creator\":{\"@id\":\"https:\\\/\\\/allasorias.hu\\\/hirek\\\/author\\\/admin-allasorias\\\/#author\"},\"image\":{\"@type\":\"ImageObject\",\"url\":\"https:\\\/\\\/allasorias.hu\\\/hirek\\\/wp-content\\\/uploads\\\/2023\\\/09\\\/egeszsegugyi-szakdolgozok-beremelese.jpg\",\"@id\":\"https:\\\/\\\/allasorias.hu\\\/hirek\\\/megoldodik-az-egeszsegugyi-szakdolgozok-fizetesenek-emelese\\\/#mainImage\",\"width\":1280,\"height\":640,\"caption\":\"Megold\\u00f3dik az eg\\u00e9szs\\u00e9g\\u00fcgyi szakdolgoz\\u00f3k fizet\\u00e9s\\u00e9nek emel\\u00e9se - Allasorias.hu\\\/Hirek\"},\"primaryImageOfPage\":{\"@id\":\"https:\\\/\\\/allasorias.hu\\\/hirek\\\/megoldodik-az-egeszsegugyi-szakdolgozok-fizetesenek-emelese\\\/#mainImage\"},\"datePublished\":\"2023-09-04T16:29:18+02:00\",\"dateModified\":\"2025-05-09T15:55:09+02:00\"},{\"@type\":\"WebSite\",\"@id\":\"https:\\\/\\\/allasorias.hu\\\/hirek\\\/#website\",\"url\":\"https:\\\/\\\/allasorias.hu\\\/hirek\\\/\",\"name\":\"AllasOrias.hu | H\\u00edrek-lapszemle\",\"description\":\"\\u00dczleti h\\u00edrek az \\u00e1ll\\u00e1s \\u00e9s a munka vil\\u00e1g\\u00e1b\\u00f3l\",\"inLanguage\":\"hu-HU\",\"publisher\":{\"@id\":\"https:\\\/\\\/allasorias.hu\\\/hirek\\\/#organization\"}}]}\n\t\t<\/script>\n\t\t<!-- All in One SEO -->\n\n","aioseo_head_json":{"title":"Eg\u00e9szs\u00e9g\u00fcgyi szakdolgoz\u00f3k fizet\u00e9se emelkedik","description":"Folytat\u00f3dik a t\u00f6bbl\u00e9pcs\u0151s b\u00e9remel\u00e9s az eg\u00e9szs\u00e9g\u00fcgyben. A b\u00e9remel\u00e9sre 240 milli\u00e1rd forintot k\u00fcl\u00f6n\u00edtettek el a 2024-es k\u00f6lts\u00e9gvet\u00e9sben.","canonical_url":"https:\/\/allasorias.hu\/hirek\/megoldodik-az-egeszsegugyi-szakdolgozok-fizetesenek-emelese\/","robots":"max-image-preview:large","keywords":"b\u00e9remel\u00e9s,eg\u00e9szs\u00e9g\u00fcgy","webmasterTools":{"miscellaneous":""},"schema":{"@context":"https:\/\/schema.org","@graph":[{"@type":"Article","@id":"https:\/\/allasorias.hu\/hirek\/megoldodik-az-egeszsegugyi-szakdolgozok-fizetesenek-emelese\/#article","name":"Eg\u00e9szs\u00e9g\u00fcgyi szakdolgoz\u00f3k fizet\u00e9se emelkedik","headline":"Megold\u00f3dik az eg\u00e9szs\u00e9g\u00fcgyi szakdolgoz\u00f3k fizet\u00e9s\u00e9nek emel\u00e9se","author":{"@id":"https:\/\/allasorias.hu\/hirek\/author\/admin-allasorias\/#author"},"publisher":{"@id":"https:\/\/allasorias.hu\/hirek\/#organization"},"image":{"@type":"ImageObject","url":"https:\/\/allasorias.hu\/hirek\/wp-content\/uploads\/2023\/09\/egeszsegugyi-szakdolgozok-beremelese.jpg","width":1280,"height":640,"caption":"Megold\u00f3dik az eg\u00e9szs\u00e9g\u00fcgyi szakdolgoz\u00f3k fizet\u00e9s\u00e9nek emel\u00e9se - Allasorias.hu\/Hirek"},"datePublished":"2023-09-04T16:29:18+02:00","dateModified":"2025-05-09T15:55:09+02:00","inLanguage":"hu-HU","mainEntityOfPage":{"@id":"https:\/\/allasorias.hu\/hirek\/megoldodik-az-egeszsegugyi-szakdolgozok-fizetesenek-emelese\/#webpage"},"isPartOf":{"@id":"https:\/\/allasorias.hu\/hirek\/megoldodik-az-egeszsegugyi-szakdolgozok-fizetesenek-emelese\/#webpage"},"articleSection":"Munkaer\u0151piac, b\u00e9remel\u00e9s, eg\u00e9szs\u00e9g\u00fcgy"},{"@type":"BreadcrumbList","@id":"https:\/\/allasorias.hu\/hirek\/megoldodik-az-egeszsegugyi-szakdolgozok-fizetesenek-emelese\/#breadcrumblist","itemListElement":[{"@type":"ListItem","@id":"https:\/\/allasorias.hu\/hirek#listItem","position":1,"name":"Home","item":"https:\/\/allasorias.hu\/hirek","nextItem":{"@type":"ListItem","@id":"https:\/\/allasorias.hu\/hirek\/temak\/munkaeropiac\/#listItem","name":"Munkaer\u0151piac"}},{"@type":"ListItem","@id":"https:\/\/allasorias.hu\/hirek\/temak\/munkaeropiac\/#listItem","position":2,"name":"Munkaer\u0151piac","item":"https:\/\/allasorias.hu\/hirek\/temak\/munkaeropiac\/","nextItem":{"@type":"ListItem","@id":"https:\/\/allasorias.hu\/hirek\/megoldodik-az-egeszsegugyi-szakdolgozok-fizetesenek-emelese\/#listItem","name":"Megold\u00f3dik az eg\u00e9szs\u00e9g\u00fcgyi szakdolgoz\u00f3k fizet\u00e9s\u00e9nek emel\u00e9se"},"previousItem":{"@type":"ListItem","@id":"https:\/\/allasorias.hu\/hirek#listItem","name":"Home"}},{"@type":"ListItem","@id":"https:\/\/allasorias.hu\/hirek\/megoldodik-az-egeszsegugyi-szakdolgozok-fizetesenek-emelese\/#listItem","position":3,"name":"Megold\u00f3dik az eg\u00e9szs\u00e9g\u00fcgyi szakdolgoz\u00f3k fizet\u00e9s\u00e9nek emel\u00e9se","previousItem":{"@type":"ListItem","@id":"https:\/\/allasorias.hu\/hirek\/temak\/munkaeropiac\/#listItem","name":"Munkaer\u0151piac"}}]},{"@type":"Organization","@id":"https:\/\/allasorias.hu\/hirek\/#organization","name":"AllasOrias.hu | H\u00edrek-lapszemle","description":"\u00dczleti h\u00edrek az \u00e1ll\u00e1s \u00e9s a munka vil\u00e1g\u00e1b\u00f3l","url":"https:\/\/allasorias.hu\/hirek\/","logo":{"@type":"ImageObject","url":"https:\/\/allasorias.hu\/hirek\/wp-content\/uploads\/2022\/10\/allasorias_site_facebok_logo.png","@id":"https:\/\/allasorias.hu\/hirek\/megoldodik-az-egeszsegugyi-szakdolgozok-fizetesenek-emelese\/#organizationLogo"},"image":{"@id":"https:\/\/allasorias.hu\/hirek\/megoldodik-az-egeszsegugyi-szakdolgozok-fizetesenek-emelese\/#organizationLogo"},"sameAs":["https:\/\/www.facebook.com\/allasorias","https:\/\/www.linkedin.com\/company\/allasorias"]},{"@type":"Person","@id":"https:\/\/allasorias.hu\/hirek\/author\/admin-allasorias\/#author","url":"https:\/\/allasorias.hu\/hirek\/author\/admin-allasorias\/","name":"Juh\u00e1sz P\u00e9ter","image":{"@type":"ImageObject","@id":"https:\/\/allasorias.hu\/hirek\/megoldodik-az-egeszsegugyi-szakdolgozok-fizetesenek-emelese\/#authorImage","url":"https:\/\/secure.gravatar.com\/avatar\/36e6bcb83148978b992977cb0f54d22feb0cce8a0a849a9410532bb2623ba4c6?s=96&d=mm&r=g","width":96,"height":96,"caption":"Juh\u00e1sz P\u00e9ter"}},{"@type":"WebPage","@id":"https:\/\/allasorias.hu\/hirek\/megoldodik-az-egeszsegugyi-szakdolgozok-fizetesenek-emelese\/#webpage","url":"https:\/\/allasorias.hu\/hirek\/megoldodik-az-egeszsegugyi-szakdolgozok-fizetesenek-emelese\/","name":"Eg\u00e9szs\u00e9g\u00fcgyi szakdolgoz\u00f3k fizet\u00e9se emelkedik","description":"Folytat\u00f3dik a t\u00f6bbl\u00e9pcs\u0151s b\u00e9remel\u00e9s az eg\u00e9szs\u00e9g\u00fcgyben. A b\u00e9remel\u00e9sre 240 milli\u00e1rd forintot k\u00fcl\u00f6n\u00edtettek el a 2024-es k\u00f6lts\u00e9gvet\u00e9sben.","inLanguage":"hu-HU","isPartOf":{"@id":"https:\/\/allasorias.hu\/hirek\/#website"},"breadcrumb":{"@id":"https:\/\/allasorias.hu\/hirek\/megoldodik-az-egeszsegugyi-szakdolgozok-fizetesenek-emelese\/#breadcrumblist"},"author":{"@id":"https:\/\/allasorias.hu\/hirek\/author\/admin-allasorias\/#author"},"creator":{"@id":"https:\/\/allasorias.hu\/hirek\/author\/admin-allasorias\/#author"},"image":{"@type":"ImageObject","url":"https:\/\/allasorias.hu\/hirek\/wp-content\/uploads\/2023\/09\/egeszsegugyi-szakdolgozok-beremelese.jpg","@id":"https:\/\/allasorias.hu\/hirek\/megoldodik-az-egeszsegugyi-szakdolgozok-fizetesenek-emelese\/#mainImage","width":1280,"height":640,"caption":"Megold\u00f3dik az eg\u00e9szs\u00e9g\u00fcgyi szakdolgoz\u00f3k fizet\u00e9s\u00e9nek emel\u00e9se - Allasorias.hu\/Hirek"},"primaryImageOfPage":{"@id":"https:\/\/allasorias.hu\/hirek\/megoldodik-az-egeszsegugyi-szakdolgozok-fizetesenek-emelese\/#mainImage"},"datePublished":"2023-09-04T16:29:18+02:00","dateModified":"2025-05-09T15:55:09+02:00"},{"@type":"WebSite","@id":"https:\/\/allasorias.hu\/hirek\/#website","url":"https:\/\/allasorias.hu\/hirek\/","name":"AllasOrias.hu | H\u00edrek-lapszemle","description":"\u00dczleti h\u00edrek az \u00e1ll\u00e1s \u00e9s a munka vil\u00e1g\u00e1b\u00f3l","inLanguage":"hu-HU","publisher":{"@id":"https:\/\/allasorias.hu\/hirek\/#organization"}}]},"og:locale":"hu_HU","og:site_name":"AllasOrias.hu | H\u00edrek-lapszemle | \u00dczleti h\u00edrek az \u00e1ll\u00e1s \u00e9s a munka vil\u00e1g\u00e1b\u00f3l","og:type":"article","og:title":"Eg\u00e9szs\u00e9g\u00fcgyi szakdolgoz\u00f3k fizet\u00e9se emelkedik","og:description":"Folytat\u00f3dik a t\u00f6bbl\u00e9pcs\u0151s b\u00e9remel\u00e9s az eg\u00e9szs\u00e9g\u00fcgyben. A b\u00e9remel\u00e9sre 240 milli\u00e1rd forintot k\u00fcl\u00f6n\u00edtettek el a 2024-es k\u00f6lts\u00e9gvet\u00e9sben.","og:url":"https:\/\/allasorias.hu\/hirek\/megoldodik-az-egeszsegugyi-szakdolgozok-fizetesenek-emelese\/","og:image":"https:\/\/allasorias.hu\/hirek\/wp-content\/uploads\/2023\/09\/egeszsegugyi-szakdolgozok-beremelese.jpg","og:image:secure_url":"https:\/\/allasorias.hu\/hirek\/wp-content\/uploads\/2023\/09\/egeszsegugyi-szakdolgozok-beremelese.jpg","og:image:width":1280,"og:image:height":640,"article:published_time":"2023-09-04T14:29:18+00:00","article:modified_time":"2025-05-09T13:55:09+00:00","article:publisher":"https:\/\/www.facebook.com\/allasorias","twitter:card":"summary_large_image","twitter:title":"Eg\u00e9szs\u00e9g\u00fcgyi szakdolgoz\u00f3k fizet\u00e9se emelkedik","twitter:description":"Folytat\u00f3dik a t\u00f6bbl\u00e9pcs\u0151s b\u00e9remel\u00e9s az eg\u00e9szs\u00e9g\u00fcgyben. A b\u00e9remel\u00e9sre 240 milli\u00e1rd forintot k\u00fcl\u00f6n\u00edtettek el a 2024-es k\u00f6lts\u00e9gvet\u00e9sben.","twitter:image":"https:\/\/allasorias.hu\/hirek\/wp-content\/uploads\/2023\/09\/egeszsegugyi-szakdolgozok-beremelese.jpg","twitter:label1":"Written by","twitter:data1":"Juh\u00e1sz P\u00e9ter","twitter:label2":"Est. reading time","twitter:data2":"2 minutes"},"aioseo_meta_data":{"post_id":"6762","title":"Eg\u00e9szs\u00e9g\u00fcgyi szakdolgoz\u00f3k fizet\u00e9se emelkedik","description":"Folytat\u00f3dik a t\u00f6bbl\u00e9pcs\u0151s b\u00e9remel\u00e9s az eg\u00e9szs\u00e9g\u00fcgyben. A b\u00e9remel\u00e9sre 240 milli\u00e1rd forintot k\u00fcl\u00f6n\u00edtettek el a 2024-es k\u00f6lts\u00e9gvet\u00e9sben.","keywords":null,"keyphrases":{"focus":{"keyphrase":"","score":0,"analysis":{"keyphraseInTitle":{"score":0,"maxScore":9,"error":1}}},"additional":[]},"primary_term":null,"canonical_url":null,"og_title":null,"og_description":null,"og_object_type":"default","og_image_type":"default","og_image_url":null,"og_image_width":null,"og_image_height":null,"og_image_custom_url":null,"og_image_custom_fields":null,"og_video":"","og_custom_url":null,"og_article_section":null,"og_article_tags":null,"twitter_use_og":true,"twitter_card":"default","twitter_image_type":"default","twitter_image_url":null,"twitter_image_custom_url":null,"twitter_image_custom_fields":null,"twitter_title":null,"twitter_description":null,"schema":{"blockGraphs":[],"customGraphs":[],"default":{"data":{"Article":[],"Course":[],"Dataset":[],"FAQPage":[],"Movie":[],"Person":[],"Product":[],"ProductReview":[],"Car":[],"Recipe":[],"Service":[],"SoftwareApplication":[],"WebPage":[]},"graphName":"Article","isEnabled":true},"graphs":[]},"schema_type":"default","schema_type_options":null,"pillar_content":false,"robots_default":true,"robots_noindex":false,"robots_noarchive":false,"robots_nosnippet":false,"robots_nofollow":false,"robots_noimageindex":false,"robots_noodp":false,"robots_notranslate":false,"robots_max_snippet":"-1","robots_max_videopreview":"-1","robots_max_imagepreview":"large","priority":null,"frequency":"default","location":null,"local_seo":null,"breadcrumb_settings":null,"limit_modified_date":false,"ai":null,"created":"2023-09-11 14:18:36","updated":"2025-10-02 19:02:10","seo_analyzer_scan_date":null,"focus_keyword":null,"additional_keywords":null,"truseo_locale":null},"aioseo_breadcrumb":"<div class=\"aioseo-breadcrumbs\"><span class=\"aioseo-breadcrumb\">\n\t\t\t<a href=\"https:\/\/allasorias.hu\/hirek\" title=\"Home\">Home<\/a>\n\t\t<\/span><span class=\"aioseo-breadcrumb-separator\">&raquo;<\/span><span class=\"aioseo-breadcrumb\">\n\t\t\t<a href=\"https:\/\/allasorias.hu\/hirek\/temak\/munkaeropiac\/\" title=\"Munkaer\u0151piac\">Munkaer\u0151piac<\/a>\n\t\t<\/span><span class=\"aioseo-breadcrumb-separator\">&raquo;<\/span><span class=\"aioseo-breadcrumb\">\n\t\t\tMegold\u00f3dik az eg\u00e9szs\u00e9g\u00fcgyi szakdolgoz\u00f3k fizet\u00e9s\u00e9nek emel\u00e9se\n\t\t<\/span><\/div>","aioseo_breadcrumb_json":[{"label":"Home","link":"https:\/\/allasorias.hu\/hirek"},{"label":"Munkaer\u0151piac","link":"https:\/\/allasorias.hu\/hirek\/temak\/munkaeropiac\/"},{"label":"Megold\u00f3dik az eg\u00e9szs\u00e9g\u00fcgyi szakdolgoz\u00f3k fizet\u00e9s\u00e9nek emel\u00e9se","link":"https:\/\/allasorias.hu\/hirek\/megoldodik-az-egeszsegugyi-szakdolgozok-fizetesenek-emelese\/"}],"_links":{"self":[{"href":"https:\/\/allasorias.hu\/hirek\/wp-json\/wp\/v2\/posts\/6762","targetHints":{"allow":["GET"]}}],"collection":[{"href":"https:\/\/allasorias.hu\/hirek\/wp-json\/wp\/v2\/posts"}],"about":[{"href":"https:\/\/allasorias.hu\/hirek\/wp-json\/wp\/v2\/types\/post"}],"author":[{"embeddable":true,"href":"https:\/\/allasorias.hu\/hirek\/wp-json\/wp\/v2\/users\/1"}],"replies":[{"embeddable":true,"href":"https:\/\/allasorias.hu\/hirek\/wp-json\/wp\/v2\/comments?post=6762"}],"version-history":[{"count":1,"href":"https:\/\/allasorias.hu\/hirek\/wp-json\/wp\/v2\/posts\/6762\/revisions"}],"predecessor-version":[{"id":6764,"href":"https:\/\/allasorias.hu\/hirek\/wp-json\/wp\/v2\/posts\/6762\/revisions\/6764"}],"wp:featuredmedia":[{"embeddable":true,"href":"https:\/\/allasorias.hu\/hirek\/wp-json\/wp\/v2\/media\/6763"}],"wp:attachment":[{"href":"https:\/\/allasorias.hu\/hirek\/wp-json\/wp\/v2\/media?parent=6762"}],"wp:term":[{"taxonomy":"category","embeddable":true,"href":"https:\/\/allasorias.hu\/hirek\/wp-json\/wp\/v2\/categories?post=6762"},{"taxonomy":"post_tag","embeddable":true,"href":"https:\/\/allasorias.hu\/hirek\/wp-json\/wp\/v2\/tags?post=6762"}],"curies":[{"name":"wp","href":"https:\/\/api.w.org\/{rel}","templated":true}]}}