{"id":6749,"date":"2023-08-29T08:09:58","date_gmt":"2023-08-29T08:09:58","guid":{"rendered":"https:\/\/allasorias.hu\/hirek\/?p=6749"},"modified":"2023-08-29T08:09:58","modified_gmt":"2023-08-29T08:09:58","slug":"banki-elemzes-a-foglalkoztatottsagrol-ami-csucson-van","status":"publish","type":"post","link":"https:\/\/allasorias.hu\/hirek\/banki-elemzes-a-foglalkoztatottsagrol-ami-csucson-van\/","title":{"rendered":"Banki elemz\u00e9s a foglalkoztatotts\u00e1gr\u00f3l, ami cs\u00facson van"},"content":{"rendered":"<p><strong>A feldolgoz\u00f3iparban 1 ezerrel, m\u00edg a k\u00f6zszolg\u00e1ltat\u00e1sok ter\u00fclet\u00e9n 9 ezer f\u0151vel cs\u00f6kkent a l\u00e9tsz\u00e1m, a mez\u0151gazdas\u00e1gban pedig 10 ezer f\u0151vel, az \u00e9p\u00edt\u0151iparban 13 ezer f\u0151vel, a piaci szolg\u00e1ltat\u00e1sok ter\u00fclet\u00e9n pedig 13 ezerrel n\u0151tt a foglalkoztatotti l\u00e9tsz\u00e1m az el\u0151z\u0151 \u00e9v azonos id\u0151szak\u00e1hoz k\u00e9pest. <\/strong><\/p>\n<p>\u00daj cs\u00facsra n\u0151tt a foglalkoztatotts\u00e1g, a hazai els\u0151dleges munkaer\u0151piacon 22 ezer \u00faj munkahely j\u00f6tt l\u00e9tre egy \u00e9v alatt, a k\u00f6zfoglalkoztatottak l\u00e9tsz\u00e1ma 7 ezer f\u0151vel cs\u00f6kkent, a k\u00fclf\u00f6ldre ing\u00e1z\u00f3k sz\u00e1ma pedig 14 ezerrel volt t\u00f6bb az el\u0151z\u0151 \u00e9v azonos id\u0151szak\u00e1hoz k\u00e9pest, \u00edgy a referenci\u00e1nak tekintett h\u00e1romhavi \u00e1tlag, vagyis m\u00e1jus-j\u00falius \u00e1tlag\u00e1ban a teljes foglalkoztatotti l\u00e9tsz\u00e1m 4 728 ezer f\u0151 volt. Az el\u0151z\u0151 h\u00f3napban a 15-74 \u00e9ves n\u00e9pess\u00e9g 67.6%-a volt jelen a munkaer\u0151piacon, a szezon\u00e1lisan \u00f6sszevethet\u0151 tavalyi \u00e9v azonos h\u00f3napj\u00e1ban m\u00e9rt 66.7%-os aktivit\u00e1si r\u00e1t\u00e1val \u00e9s az el\u0151z\u0151 h\u00f3napban m\u00e9rt 67.7%-os szinttel szemben.<\/p>\n<p>A legutols\u00f3 h\u00f3napban a nemzetk\u00f6zi statisztikai m\u00f3dszertan szerinti munkan\u00e9lk\u00fclis\u00e9gi r\u00e1ta 3.9% volt az el\u0151z\u0151 havi 3.8%-ot k\u00f6vet\u0151en, \u00e9s az el\u0151z\u0151 \u00e9v azonos h\u00f3napj\u00e1ban m\u00e9rt 3.5%-os szint ut\u00e1n. 2023 j\u00falius\u00e1ban a Nemzeti Foglalkoztat\u00e1si Szolg\u00e1lat regiszter\u00e9ben 227,3 ezer \u00e1ll\u00e1skeres\u0151 szerepelt, ami 4 ezer f\u0151vel kevesebb az el\u0151z\u0151 \u00e9v azonos id\u0151szak\u00e1nak adat\u00e1hoz viszony\u00edtva. A t\u00e1rgyh\u00f3napban \u00f6sszesen 32,9 ezer \u00e1ll\u00e1skeres\u0151 k\u00e9rte nyilv\u00e1ntart\u00e1sba v\u00e9tel\u00e9t, amelyb\u0151l az els\u0151 alkalommal regisztr\u00e1l\u00f3k ar\u00e1nya 13,2%-ot tett ki. Az \u00faj regisztr\u00e1l\u00f3k sz\u00e1ma az el\u0151z\u0151 \u00e9v azonos id\u0151szak\u00e1hoz k\u00e9pest 18,6%-kal n\u0151tt, de a sz\u00e1muk tov\u00e1bbra is alacsony. 2023 j\u00falius\u00e1ban a munkaad\u00f3k \u00f6sszesen 43,8 ezer \u00fcres \u00e1ll\u00e1shelyet jelentettek be, \u00edgy \u00f6sszess\u00e9g\u00e9ben a h\u00f3napban 118,3 ezer \u00e1ll\u00e1slehet\u0151s\u00e9g \u00e1llt rendelkez\u00e9sre, amelyb\u0151l a h\u00f3nap v\u00e9g\u00e9re 83,1 ezer maradt bet\u00f6ltetlen, az el\u0151z\u0151 havi 74,5 ezer ut\u00e1n.<\/p>\n<h2>A teljes foglalkoztatotts\u00e1g k\u00f6zel\u00e9ben<\/h2>\n<p>A hazai foglalkoztatotts\u00e1gi szint \u00faj cs\u00facsra emelkedett \u2013 amit a ny\u00e1ri szezonalit\u00e1s is seg\u00edt \u2013, mik\u00f6zben a munkaer\u0151piacra visszat\u00e9r\u0151k sz\u00e1m\u00e1nak n\u00f6veked\u00e9se miatt az aktivit\u00e1s is rekordmagass\u00e1gba ker\u00fclt, megk\u00f6zel\u00edtve az 5 milli\u00f3 f\u0151t. Az \u0151szi h\u00f3napokra ism\u00e9t a kor\u00e1bbi 3.5%-os szintre cs\u00f6kken\u0151 munkan\u00e9lk\u00fclis\u00e9gre sz\u00e1m\u00edtunk a jelenlegi folyamatok alapj\u00e1n, az idei \u00e9ves \u00e1tlagos r\u00e1ta pedig 3.7% lehet, ami a munkaer\u0151piacilag akt\u00edvak k\u00f6z\u00f6tt gyakorlatilag teljes foglalkoztat\u00e1st mutat. \u00cdgy a m\u00e9rs\u00e9kelt recesszi\u00f3s \u00e9s magas kamatk\u00f6rnyezet mellett is igaz marad, hogy a <a href=\"https:\/\/allasorias.hu\/hirek\/a-teljes-foglalkoztatottsag-kozeleben-allunk\/\">teljes foglalkoztatotts\u00e1g<\/a> k\u00f6zel\u00e9ben \u00e1ll a hazai piac, aminek egyik oka, hogy a pand\u00e9mia ut\u00e1ni helyre\u00e1ll\u00e1si probl\u00e9m\u00e1kb\u00f3l kiindulva igyekeznek megtartani a bev\u00e1lt munkaer\u0151t a piaci szerepl\u0151k \u00e9s \u00e1tmenetileg v\u00e1llalhatj\u00e1k a \u201ekapun bel\u00fcli munkan\u00e9lk\u00fclis\u00e9get\u201d is, mivel a k\u00e9s\u0151bbi toborz\u00e1s k\u00f6lts\u00e9ge magasabb lehet, mint a megtart\u00e1si k\u00f6lts\u00e9g.<\/p>\n<p>Ezzel egy\u00fctt az extenz\u00edv, vagyis mennyis\u00e9gi munkaer\u0151 b\u0151v\u00fcl\u00e9s hat\u00e1raihoz \u00e9rve a v\u00e1llalatok a hat\u00e9konys\u00e1g, a k\u00e9pz\u00e9s \u00e9s a termel\u00e9kenys\u00e9g n\u00f6vel\u00e9s\u00e9nek ir\u00e1ny\u00e1ba fordulhatnak &#8211; amit az egy\u00e9b k\u00f6lts\u00e9gek megugr\u00e1sa is indokol -, ami pozit\u00edv fejlem\u00e9ny a teljes nemzetgazdas\u00e1g felz\u00e1rk\u00f3z\u00e1sa szempontj\u00e1b\u00f3l. A magyar munkaer\u0151piac tov\u00e1bbra is stabil \u00e9s egyben \u00faj cs\u00facsra is \u00e9r, a ny\u00e1ri h\u00f3napokban ism\u00e9t n\u00f6vekedett a foglalkoztatottak sz\u00e1ma, vagyis a negat\u00edv bels\u0151 \u00e9s k\u00fcls\u0151 t\u00e9nyez\u0151k nem gyakorolnak \u00e9rdemi hat\u00e1st a 4,7 milli\u00f3 f\u0151 feletti t\u00f6rt\u00e9nelmi foglalkoztatotts\u00e1gi szintre, ami a t\u00f6bbi fejlett gazdas\u00e1ggal egyetemben n\u00e9mi meglepet\u00e9sre ad okot, mivel az er\u0151teljes kamatemel\u00e9sek ennek az ellenkez\u0151j\u00e9t c\u00e9lozn\u00e1k az infl\u00e1ci\u00f3s c\u00e9lok el\u00e9r\u00e9se \u00e9rdek\u00e9ben.<\/p>\n<h2>Er\u0151s a kereslet a munkaer\u0151 ir\u00e1nt<\/h2>\n<p>Ek\u00f6zben az aktivit\u00e1s is \u00faj cs\u00facsokra \u00e9r, mivel l\u00e1that\u00f3an az inakt\u00edvak is egyre ink\u00e1bb visszat\u00e9rnek a munkaer\u0151piacra az infl\u00e1ci\u00f3s k\u00f6rnyezetben. Az ukrajnai h\u00e1bor\u00fa, az energia\u00e1rak tavalyi megugr\u00e1sa, az er\u0151teljes kamatemel\u00e9sek re\u00e1lgazdas\u00e1gi hat\u00e1sai \u00e9s a glob\u00e1lis recesszi\u00f3s jelek egyel\u0151re csak minim\u00e1lisan jelentkeztek a munkaer\u0151piaci folyamatokban, ami kedvez\u0151 h\u00edr a hazai piac ellen\u00e1ll\u00f3s\u00e1ga szempontj\u00e1b\u00f3l. A munkaer\u0151piaci feszess\u00e9g tov\u00e1bbra is magas, s\u0151t m\u00e9g n\u00f6vekedett is, a 80 ezret meghalad\u00f3 bejelentett bet\u00f6ltetlen \u00e1ll\u00e1shelyek sz\u00e1ma alapj\u00e1n tov\u00e1bbra is er\u0151s kereslet mutatkozik a munkaer\u0151 ir\u00e1nt.<\/p>\n<p>Azonban 12 h\u00f3napos id\u0151t\u00e1von a massz\u00edv kamatemel\u00e9sek, az inputk\u00f6lts\u00e9gek megemelkedett szintj\u00e9nek \u00e9s a re\u00e1lj\u00f6vedelmek cs\u00f6kken\u00e9s\u00e9nek hat\u00e1s\u00e1ra kialakul\u00f3 m\u00e9rs\u00e9kelt eur\u00f3pai recesszi\u00f3s k\u00f6rnyezet eset\u00e9n cs\u00f6kkenhet a munkaer\u0151piac feszess\u00e9ge, els\u0151 k\u00f6rben a bet\u00f6ltetlen \u00e1ll\u00e1shelyek visszaes\u00e9s\u00e9n kereszt\u00fcl, de ennek egyel\u0151re nem igaz\u00e1n l\u00e1tni jel\u00e9t. Tov\u00e1bbra is a legakutabb k\u00e9rd\u00e9s, hogy az \u00e1r-b\u00e9r spir\u00e1lt illetve a profitok megugr\u00e1s\u00e1t okoz\u00f3 \u00e1remel\u00e9seket, illetve a v\u00e1rakoz\u00e1sok beragad\u00e1s\u00e1t megakad\u00e1lyozni igyekv\u0151 jegybankok mikor tudnak imm\u00e1r \u00e9rdemben h\u0171t\u0151 hat\u00e1st kifejteni a munkaer\u0151piacokra a fejlett gazdas\u00e1gokban, de \u00e9rdemes megjegyezni, hogy a munkaer\u0151piacok reakci\u00f3ideje kifejezetten lass\u00fa, a be\u00e1ll\u00f3 re\u00e1lgazdas\u00e1gi v\u00e1ltoz\u00e1sok 9-12 h\u00f3napos k\u00e9s\u00e9ssel jelenhetnek meg a munkaer\u0151 ir\u00e1nti keresletben.<\/p>\n<p>A tov\u00e1bbra is relat\u00edve er\u0151s munkaer\u0151 kereslet egyben er\u0151s\u00edti az aggodalmakat, hogy a 2%-os jegybanki infl\u00e1ci\u00f3s c\u00e9lokhoz val\u00f3 visszat\u00e9r\u00e9s \u00e9s a v\u00e1rakoz\u00e1sok ilyen szint\u0171 cs\u00f6kken\u00e9se mikor k\u00f6vetkezhet be \u00e9s milyen id\u0151horizonton lesz sz\u00fcks\u00e9ges a jelenlegi monet\u00e1ris szigor a v\u00e1rakoz\u00e1sok optimaliz\u00e1l\u00e1s\u00e1hoz. 2023 II. negyed\u00e9v\u00e9ben tov\u00e1bbra is \u00f6sszes\u00e9g\u00e9ben b\u0151v\u00fcl\u0151 k\u00e9pet mutatott a hazai munkaer\u0151piac szektori\u00e1lis bont\u00e1sban is.<\/p>\n<p>Forr\u00e1s: <a href=\"https:\/\/profitline.hu\/38-ra-csokkent-a-munkanelkulisegi-rata-majusban-450359\" target=\"_blank\" rel=\"nofollow noopener noreferrer\">profitline.hu<\/a><\/p>\n","protected":false},"excerpt":{"rendered":"<p>A feldolgoz\u00f3iparban 1 ezerrel, m\u00edg a k\u00f6zszolg\u00e1ltat\u00e1sok ter\u00fclet\u00e9n 9 ezer f\u0151vel cs\u00f6kkent a l\u00e9tsz\u00e1m, a mez\u0151gazdas\u00e1gban pedig 10 ezer f\u0151vel, az \u00e9p\u00edt\u0151iparban 13 ezer f\u0151vel, a piaci szolg\u00e1ltat\u00e1sok ter\u00fclet\u00e9n pedig 13 ezerrel n\u0151tt a foglalkoztatotti l\u00e9tsz\u00e1m az el\u0151z\u0151 \u00e9v azonos id\u0151szak\u00e1hoz k\u00e9pest. \u00daj cs\u00facsra n\u0151tt a foglalkoztatotts\u00e1g, a hazai els\u0151dleges munkaer\u0151piacon 22 ezer \u00faj munkahely [&hellip;]<\/p>\n","protected":false},"author":1,"featured_media":6750,"comment_status":"open","ping_status":"open","sticky":false,"template":"","format":"standard","meta":{"_monsterinsights_skip_tracking":false,"footnotes":""},"categories":[198],"tags":[405,270],"class_list":["post-6749","post","type-post","status-publish","format-standard","has-post-thumbnail","hentry","category-gazdasag","tag-foglalkoztatottsag","tag-munkaero"],"aioseo_notices":[],"aioseo_head":"\n\t\t<!-- All in One SEO 5.0.0.1 - aioseo.com -->\n\t<meta name=\"description\" content=\"A feldolgoz\u00f3iparban 1 ezerrel, m\u00edg a k\u00f6zszolg\u00e1ltat\u00e1sok ter\u00fclet\u00e9n 9 ezer f\u0151vel cs\u00f6kkent a l\u00e9tsz\u00e1m, a mez\u0151gazdas\u00e1gban pedig 10 ezer f\u0151vel, az \u00e9p\u00edt\u0151iparban 13 ezer f\u0151vel, a piaci szolg\u00e1ltat\u00e1sok ter\u00fclet\u00e9n pedig 13 ezerrel n\u0151tt.\" \/>\n\t<meta name=\"robots\" content=\"max-image-preview:large\" \/>\n\t<meta name=\"author\" content=\"Juh\u00e1sz P\u00e9ter\"\/>\n\t<meta name=\"keywords\" content=\"foglalkoztatotts\u00e1g,munkaer\u0151\" \/>\n\t<link rel=\"canonical\" href=\"https:\/\/allasorias.hu\/hirek\/banki-elemzes-a-foglalkoztatottsagrol-ami-csucson-van\/\" \/>\n\t<meta name=\"generator\" content=\"All in One SEO (AIOSEO) 5.0.0.1\" \/>\n\t\t<meta property=\"og:locale\" content=\"hu_HU\" \/>\n\t\t<meta property=\"og:site_name\" content=\"AllasOrias.hu | H\u00edrek-lapszemle | \u00dczleti h\u00edrek az \u00e1ll\u00e1s \u00e9s a munka vil\u00e1g\u00e1b\u00f3l\" \/>\n\t\t<meta property=\"og:type\" content=\"article\" \/>\n\t\t<meta property=\"og:title\" content=\"Banki elemz\u00e9s a foglalkoztatotts\u00e1gr\u00f3l, ami cs\u00facson van |\" \/>\n\t\t<meta property=\"og:description\" content=\"A feldolgoz\u00f3iparban 1 ezerrel, m\u00edg a k\u00f6zszolg\u00e1ltat\u00e1sok ter\u00fclet\u00e9n 9 ezer f\u0151vel cs\u00f6kkent a l\u00e9tsz\u00e1m, a mez\u0151gazdas\u00e1gban pedig 10 ezer f\u0151vel, az \u00e9p\u00edt\u0151iparban 13 ezer f\u0151vel, a piaci szolg\u00e1ltat\u00e1sok ter\u00fclet\u00e9n pedig 13 ezerrel n\u0151tt.\" \/>\n\t\t<meta property=\"og:url\" content=\"https:\/\/allasorias.hu\/hirek\/banki-elemzes-a-foglalkoztatottsagrol-ami-csucson-van\/\" \/>\n\t\t<meta property=\"og:image\" content=\"https:\/\/allasorias.hu\/hirek\/wp-content\/uploads\/2023\/08\/foglalkoztatottsagi-elemzes.jpg\" \/>\n\t\t<meta property=\"og:image:secure_url\" content=\"https:\/\/allasorias.hu\/hirek\/wp-content\/uploads\/2023\/08\/foglalkoztatottsagi-elemzes.jpg\" \/>\n\t\t<meta property=\"og:image:width\" content=\"1280\" \/>\n\t\t<meta property=\"og:image:height\" content=\"853\" \/>\n\t\t<meta property=\"article:published_time\" content=\"2023-08-29T08:09:58+00:00\" \/>\n\t\t<meta property=\"article:modified_time\" content=\"2023-08-29T08:09:58+00:00\" \/>\n\t\t<meta property=\"article:publisher\" content=\"https:\/\/www.facebook.com\/allasorias\" \/>\n\t\t<meta name=\"twitter:card\" content=\"summary_large_image\" \/>\n\t\t<meta name=\"twitter:title\" content=\"Banki elemz\u00e9s a foglalkoztatotts\u00e1gr\u00f3l, ami cs\u00facson van |\" \/>\n\t\t<meta name=\"twitter:description\" content=\"A feldolgoz\u00f3iparban 1 ezerrel, m\u00edg a k\u00f6zszolg\u00e1ltat\u00e1sok ter\u00fclet\u00e9n 9 ezer f\u0151vel cs\u00f6kkent a l\u00e9tsz\u00e1m, a mez\u0151gazdas\u00e1gban pedig 10 ezer f\u0151vel, az \u00e9p\u00edt\u0151iparban 13 ezer f\u0151vel, a piaci szolg\u00e1ltat\u00e1sok ter\u00fclet\u00e9n pedig 13 ezerrel n\u0151tt.\" \/>\n\t\t<meta name=\"twitter:image\" content=\"https:\/\/allasorias.hu\/hirek\/wp-content\/uploads\/2023\/08\/foglalkoztatottsagi-elemzes.jpg\" \/>\n\t\t<meta name=\"twitter:label1\" content=\"Written by\" \/>\n\t\t<meta name=\"twitter:data1\" content=\"Juh\u00e1sz P\u00e9ter\" \/>\n\t\t<meta name=\"twitter:label2\" content=\"Est. reading time\" \/>\n\t\t<meta name=\"twitter:data2\" content=\"6 minutes\" \/>\n\t\t<script type=\"application\/ld+json\" class=\"aioseo-schema\">\n\t\t\t{\"@context\":\"https:\\\/\\\/schema.org\",\"@graph\":[{\"@type\":\"Article\",\"@id\":\"https:\\\/\\\/allasorias.hu\\\/hirek\\\/banki-elemzes-a-foglalkoztatottsagrol-ami-csucson-van\\\/#article\",\"name\":\"Banki elemz\\u00e9s a foglalkoztatotts\\u00e1gr\\u00f3l, ami cs\\u00facson van |\",\"headline\":\"Banki elemz\\u00e9s a foglalkoztatotts\\u00e1gr\\u00f3l, ami cs\\u00facson van\",\"author\":{\"@id\":\"https:\\\/\\\/allasorias.hu\\\/hirek\\\/author\\\/admin-allasorias\\\/#author\"},\"publisher\":{\"@id\":\"https:\\\/\\\/allasorias.hu\\\/hirek\\\/#organization\"},\"image\":{\"@type\":\"ImageObject\",\"url\":\"https:\\\/\\\/allasorias.hu\\\/hirek\\\/wp-content\\\/uploads\\\/2023\\\/08\\\/foglalkoztatottsagi-elemzes.jpg\",\"width\":1280,\"height\":853,\"caption\":\"Banki elemz\\u00e9s a foglalkoztatotts\\u00e1gr\\u00f3l, ami cs\\u00facson van - Allasorias.hu\\\/Hirek\"},\"datePublished\":\"2023-08-29T08:09:58+02:00\",\"dateModified\":\"2023-08-29T08:09:58+02:00\",\"inLanguage\":\"hu-HU\",\"mainEntityOfPage\":{\"@id\":\"https:\\\/\\\/allasorias.hu\\\/hirek\\\/banki-elemzes-a-foglalkoztatottsagrol-ami-csucson-van\\\/#webpage\"},\"isPartOf\":{\"@id\":\"https:\\\/\\\/allasorias.hu\\\/hirek\\\/banki-elemzes-a-foglalkoztatottsagrol-ami-csucson-van\\\/#webpage\"},\"articleSection\":\"Gazdas\\u00e1g, foglalkoztatotts\\u00e1g, munkaer\\u0151\"},{\"@type\":\"BreadcrumbList\",\"@id\":\"https:\\\/\\\/allasorias.hu\\\/hirek\\\/banki-elemzes-a-foglalkoztatottsagrol-ami-csucson-van\\\/#breadcrumblist\",\"itemListElement\":[{\"@type\":\"ListItem\",\"@id\":\"https:\\\/\\\/allasorias.hu\\\/hirek#listItem\",\"position\":1,\"name\":\"Home\",\"item\":\"https:\\\/\\\/allasorias.hu\\\/hirek\",\"nextItem\":{\"@type\":\"ListItem\",\"@id\":\"https:\\\/\\\/allasorias.hu\\\/hirek\\\/temak\\\/gazdasag\\\/#listItem\",\"name\":\"Gazdas\\u00e1g\"}},{\"@type\":\"ListItem\",\"@id\":\"https:\\\/\\\/allasorias.hu\\\/hirek\\\/temak\\\/gazdasag\\\/#listItem\",\"position\":2,\"name\":\"Gazdas\\u00e1g\",\"item\":\"https:\\\/\\\/allasorias.hu\\\/hirek\\\/temak\\\/gazdasag\\\/\",\"nextItem\":{\"@type\":\"ListItem\",\"@id\":\"https:\\\/\\\/allasorias.hu\\\/hirek\\\/banki-elemzes-a-foglalkoztatottsagrol-ami-csucson-van\\\/#listItem\",\"name\":\"Banki elemz\\u00e9s a foglalkoztatotts\\u00e1gr\\u00f3l, ami cs\\u00facson van\"},\"previousItem\":{\"@type\":\"ListItem\",\"@id\":\"https:\\\/\\\/allasorias.hu\\\/hirek#listItem\",\"name\":\"Home\"}},{\"@type\":\"ListItem\",\"@id\":\"https:\\\/\\\/allasorias.hu\\\/hirek\\\/banki-elemzes-a-foglalkoztatottsagrol-ami-csucson-van\\\/#listItem\",\"position\":3,\"name\":\"Banki elemz\\u00e9s a foglalkoztatotts\\u00e1gr\\u00f3l, ami cs\\u00facson van\",\"previousItem\":{\"@type\":\"ListItem\",\"@id\":\"https:\\\/\\\/allasorias.hu\\\/hirek\\\/temak\\\/gazdasag\\\/#listItem\",\"name\":\"Gazdas\\u00e1g\"}}]},{\"@type\":\"Organization\",\"@id\":\"https:\\\/\\\/allasorias.hu\\\/hirek\\\/#organization\",\"name\":\"AllasOrias.hu | H\\u00edrek-lapszemle\",\"description\":\"\\u00dczleti h\\u00edrek az \\u00e1ll\\u00e1s \\u00e9s a munka vil\\u00e1g\\u00e1b\\u00f3l\",\"url\":\"https:\\\/\\\/allasorias.hu\\\/hirek\\\/\",\"logo\":{\"@type\":\"ImageObject\",\"url\":\"https:\\\/\\\/allasorias.hu\\\/hirek\\\/wp-content\\\/uploads\\\/2022\\\/10\\\/allasorias_site_facebok_logo.png\",\"@id\":\"https:\\\/\\\/allasorias.hu\\\/hirek\\\/banki-elemzes-a-foglalkoztatottsagrol-ami-csucson-van\\\/#organizationLogo\"},\"image\":{\"@id\":\"https:\\\/\\\/allasorias.hu\\\/hirek\\\/banki-elemzes-a-foglalkoztatottsagrol-ami-csucson-van\\\/#organizationLogo\"},\"sameAs\":[\"https:\\\/\\\/www.facebook.com\\\/allasorias\",\"https:\\\/\\\/www.linkedin.com\\\/company\\\/allasorias\"]},{\"@type\":\"Person\",\"@id\":\"https:\\\/\\\/allasorias.hu\\\/hirek\\\/author\\\/admin-allasorias\\\/#author\",\"url\":\"https:\\\/\\\/allasorias.hu\\\/hirek\\\/author\\\/admin-allasorias\\\/\",\"name\":\"Juh\\u00e1sz P\\u00e9ter\",\"image\":{\"@type\":\"ImageObject\",\"@id\":\"https:\\\/\\\/allasorias.hu\\\/hirek\\\/banki-elemzes-a-foglalkoztatottsagrol-ami-csucson-van\\\/#authorImage\",\"url\":\"https:\\\/\\\/secure.gravatar.com\\\/avatar\\\/36e6bcb83148978b992977cb0f54d22feb0cce8a0a849a9410532bb2623ba4c6?s=96&d=mm&r=g\",\"width\":96,\"height\":96,\"caption\":\"Juh\\u00e1sz P\\u00e9ter\"}},{\"@type\":\"WebPage\",\"@id\":\"https:\\\/\\\/allasorias.hu\\\/hirek\\\/banki-elemzes-a-foglalkoztatottsagrol-ami-csucson-van\\\/#webpage\",\"url\":\"https:\\\/\\\/allasorias.hu\\\/hirek\\\/banki-elemzes-a-foglalkoztatottsagrol-ami-csucson-van\\\/\",\"name\":\"Banki elemz\\u00e9s a foglalkoztatotts\\u00e1gr\\u00f3l, ami cs\\u00facson van |\",\"description\":\"A feldolgoz\\u00f3iparban 1 ezerrel, m\\u00edg a k\\u00f6zszolg\\u00e1ltat\\u00e1sok ter\\u00fclet\\u00e9n 9 ezer f\\u0151vel cs\\u00f6kkent a l\\u00e9tsz\\u00e1m, a mez\\u0151gazdas\\u00e1gban pedig 10 ezer f\\u0151vel, az \\u00e9p\\u00edt\\u0151iparban 13 ezer f\\u0151vel, a piaci szolg\\u00e1ltat\\u00e1sok ter\\u00fclet\\u00e9n pedig 13 ezerrel n\\u0151tt.\",\"inLanguage\":\"hu-HU\",\"isPartOf\":{\"@id\":\"https:\\\/\\\/allasorias.hu\\\/hirek\\\/#website\"},\"breadcrumb\":{\"@id\":\"https:\\\/\\\/allasorias.hu\\\/hirek\\\/banki-elemzes-a-foglalkoztatottsagrol-ami-csucson-van\\\/#breadcrumblist\"},\"author\":{\"@id\":\"https:\\\/\\\/allasorias.hu\\\/hirek\\\/author\\\/admin-allasorias\\\/#author\"},\"creator\":{\"@id\":\"https:\\\/\\\/allasorias.hu\\\/hirek\\\/author\\\/admin-allasorias\\\/#author\"},\"image\":{\"@type\":\"ImageObject\",\"url\":\"https:\\\/\\\/allasorias.hu\\\/hirek\\\/wp-content\\\/uploads\\\/2023\\\/08\\\/foglalkoztatottsagi-elemzes.jpg\",\"@id\":\"https:\\\/\\\/allasorias.hu\\\/hirek\\\/banki-elemzes-a-foglalkoztatottsagrol-ami-csucson-van\\\/#mainImage\",\"width\":1280,\"height\":853,\"caption\":\"Banki elemz\\u00e9s a foglalkoztatotts\\u00e1gr\\u00f3l, ami cs\\u00facson van - Allasorias.hu\\\/Hirek\"},\"primaryImageOfPage\":{\"@id\":\"https:\\\/\\\/allasorias.hu\\\/hirek\\\/banki-elemzes-a-foglalkoztatottsagrol-ami-csucson-van\\\/#mainImage\"},\"datePublished\":\"2023-08-29T08:09:58+02:00\",\"dateModified\":\"2023-08-29T08:09:58+02:00\"},{\"@type\":\"WebSite\",\"@id\":\"https:\\\/\\\/allasorias.hu\\\/hirek\\\/#website\",\"url\":\"https:\\\/\\\/allasorias.hu\\\/hirek\\\/\",\"name\":\"AllasOrias.hu | H\\u00edrek-lapszemle\",\"description\":\"\\u00dczleti h\\u00edrek az \\u00e1ll\\u00e1s \\u00e9s a munka vil\\u00e1g\\u00e1b\\u00f3l\",\"inLanguage\":\"hu-HU\",\"publisher\":{\"@id\":\"https:\\\/\\\/allasorias.hu\\\/hirek\\\/#organization\"}}]}\n\t\t<\/script>\n\t\t<!-- All in One SEO -->\n\n","aioseo_head_json":{"title":"Banki elemz\u00e9s a foglalkoztatotts\u00e1gr\u00f3l, ami cs\u00facson van |","description":"A feldolgoz\u00f3iparban 1 ezerrel, m\u00edg a k\u00f6zszolg\u00e1ltat\u00e1sok ter\u00fclet\u00e9n 9 ezer f\u0151vel cs\u00f6kkent a l\u00e9tsz\u00e1m, a mez\u0151gazdas\u00e1gban pedig 10 ezer f\u0151vel, az \u00e9p\u00edt\u0151iparban 13 ezer f\u0151vel, a piaci szolg\u00e1ltat\u00e1sok ter\u00fclet\u00e9n pedig 13 ezerrel n\u0151tt.","canonical_url":"https:\/\/allasorias.hu\/hirek\/banki-elemzes-a-foglalkoztatottsagrol-ami-csucson-van\/","robots":"max-image-preview:large","keywords":"foglalkoztatotts\u00e1g,munkaer\u0151","webmasterTools":{"miscellaneous":""},"schema":{"@context":"https:\/\/schema.org","@graph":[{"@type":"Article","@id":"https:\/\/allasorias.hu\/hirek\/banki-elemzes-a-foglalkoztatottsagrol-ami-csucson-van\/#article","name":"Banki elemz\u00e9s a foglalkoztatotts\u00e1gr\u00f3l, ami cs\u00facson van |","headline":"Banki elemz\u00e9s a foglalkoztatotts\u00e1gr\u00f3l, ami cs\u00facson van","author":{"@id":"https:\/\/allasorias.hu\/hirek\/author\/admin-allasorias\/#author"},"publisher":{"@id":"https:\/\/allasorias.hu\/hirek\/#organization"},"image":{"@type":"ImageObject","url":"https:\/\/allasorias.hu\/hirek\/wp-content\/uploads\/2023\/08\/foglalkoztatottsagi-elemzes.jpg","width":1280,"height":853,"caption":"Banki elemz\u00e9s a foglalkoztatotts\u00e1gr\u00f3l, ami cs\u00facson van - Allasorias.hu\/Hirek"},"datePublished":"2023-08-29T08:09:58+02:00","dateModified":"2023-08-29T08:09:58+02:00","inLanguage":"hu-HU","mainEntityOfPage":{"@id":"https:\/\/allasorias.hu\/hirek\/banki-elemzes-a-foglalkoztatottsagrol-ami-csucson-van\/#webpage"},"isPartOf":{"@id":"https:\/\/allasorias.hu\/hirek\/banki-elemzes-a-foglalkoztatottsagrol-ami-csucson-van\/#webpage"},"articleSection":"Gazdas\u00e1g, foglalkoztatotts\u00e1g, munkaer\u0151"},{"@type":"BreadcrumbList","@id":"https:\/\/allasorias.hu\/hirek\/banki-elemzes-a-foglalkoztatottsagrol-ami-csucson-van\/#breadcrumblist","itemListElement":[{"@type":"ListItem","@id":"https:\/\/allasorias.hu\/hirek#listItem","position":1,"name":"Home","item":"https:\/\/allasorias.hu\/hirek","nextItem":{"@type":"ListItem","@id":"https:\/\/allasorias.hu\/hirek\/temak\/gazdasag\/#listItem","name":"Gazdas\u00e1g"}},{"@type":"ListItem","@id":"https:\/\/allasorias.hu\/hirek\/temak\/gazdasag\/#listItem","position":2,"name":"Gazdas\u00e1g","item":"https:\/\/allasorias.hu\/hirek\/temak\/gazdasag\/","nextItem":{"@type":"ListItem","@id":"https:\/\/allasorias.hu\/hirek\/banki-elemzes-a-foglalkoztatottsagrol-ami-csucson-van\/#listItem","name":"Banki elemz\u00e9s a foglalkoztatotts\u00e1gr\u00f3l, ami cs\u00facson van"},"previousItem":{"@type":"ListItem","@id":"https:\/\/allasorias.hu\/hirek#listItem","name":"Home"}},{"@type":"ListItem","@id":"https:\/\/allasorias.hu\/hirek\/banki-elemzes-a-foglalkoztatottsagrol-ami-csucson-van\/#listItem","position":3,"name":"Banki elemz\u00e9s a foglalkoztatotts\u00e1gr\u00f3l, ami cs\u00facson van","previousItem":{"@type":"ListItem","@id":"https:\/\/allasorias.hu\/hirek\/temak\/gazdasag\/#listItem","name":"Gazdas\u00e1g"}}]},{"@type":"Organization","@id":"https:\/\/allasorias.hu\/hirek\/#organization","name":"AllasOrias.hu | H\u00edrek-lapszemle","description":"\u00dczleti h\u00edrek az \u00e1ll\u00e1s \u00e9s a munka vil\u00e1g\u00e1b\u00f3l","url":"https:\/\/allasorias.hu\/hirek\/","logo":{"@type":"ImageObject","url":"https:\/\/allasorias.hu\/hirek\/wp-content\/uploads\/2022\/10\/allasorias_site_facebok_logo.png","@id":"https:\/\/allasorias.hu\/hirek\/banki-elemzes-a-foglalkoztatottsagrol-ami-csucson-van\/#organizationLogo"},"image":{"@id":"https:\/\/allasorias.hu\/hirek\/banki-elemzes-a-foglalkoztatottsagrol-ami-csucson-van\/#organizationLogo"},"sameAs":["https:\/\/www.facebook.com\/allasorias","https:\/\/www.linkedin.com\/company\/allasorias"]},{"@type":"Person","@id":"https:\/\/allasorias.hu\/hirek\/author\/admin-allasorias\/#author","url":"https:\/\/allasorias.hu\/hirek\/author\/admin-allasorias\/","name":"Juh\u00e1sz P\u00e9ter","image":{"@type":"ImageObject","@id":"https:\/\/allasorias.hu\/hirek\/banki-elemzes-a-foglalkoztatottsagrol-ami-csucson-van\/#authorImage","url":"https:\/\/secure.gravatar.com\/avatar\/36e6bcb83148978b992977cb0f54d22feb0cce8a0a849a9410532bb2623ba4c6?s=96&d=mm&r=g","width":96,"height":96,"caption":"Juh\u00e1sz P\u00e9ter"}},{"@type":"WebPage","@id":"https:\/\/allasorias.hu\/hirek\/banki-elemzes-a-foglalkoztatottsagrol-ami-csucson-van\/#webpage","url":"https:\/\/allasorias.hu\/hirek\/banki-elemzes-a-foglalkoztatottsagrol-ami-csucson-van\/","name":"Banki elemz\u00e9s a foglalkoztatotts\u00e1gr\u00f3l, ami cs\u00facson van |","description":"A feldolgoz\u00f3iparban 1 ezerrel, m\u00edg a k\u00f6zszolg\u00e1ltat\u00e1sok ter\u00fclet\u00e9n 9 ezer f\u0151vel cs\u00f6kkent a l\u00e9tsz\u00e1m, a mez\u0151gazdas\u00e1gban pedig 10 ezer f\u0151vel, az \u00e9p\u00edt\u0151iparban 13 ezer f\u0151vel, a piaci szolg\u00e1ltat\u00e1sok ter\u00fclet\u00e9n pedig 13 ezerrel n\u0151tt.","inLanguage":"hu-HU","isPartOf":{"@id":"https:\/\/allasorias.hu\/hirek\/#website"},"breadcrumb":{"@id":"https:\/\/allasorias.hu\/hirek\/banki-elemzes-a-foglalkoztatottsagrol-ami-csucson-van\/#breadcrumblist"},"author":{"@id":"https:\/\/allasorias.hu\/hirek\/author\/admin-allasorias\/#author"},"creator":{"@id":"https:\/\/allasorias.hu\/hirek\/author\/admin-allasorias\/#author"},"image":{"@type":"ImageObject","url":"https:\/\/allasorias.hu\/hirek\/wp-content\/uploads\/2023\/08\/foglalkoztatottsagi-elemzes.jpg","@id":"https:\/\/allasorias.hu\/hirek\/banki-elemzes-a-foglalkoztatottsagrol-ami-csucson-van\/#mainImage","width":1280,"height":853,"caption":"Banki elemz\u00e9s a foglalkoztatotts\u00e1gr\u00f3l, ami cs\u00facson van - Allasorias.hu\/Hirek"},"primaryImageOfPage":{"@id":"https:\/\/allasorias.hu\/hirek\/banki-elemzes-a-foglalkoztatottsagrol-ami-csucson-van\/#mainImage"},"datePublished":"2023-08-29T08:09:58+02:00","dateModified":"2023-08-29T08:09:58+02:00"},{"@type":"WebSite","@id":"https:\/\/allasorias.hu\/hirek\/#website","url":"https:\/\/allasorias.hu\/hirek\/","name":"AllasOrias.hu | H\u00edrek-lapszemle","description":"\u00dczleti h\u00edrek az \u00e1ll\u00e1s \u00e9s a munka vil\u00e1g\u00e1b\u00f3l","inLanguage":"hu-HU","publisher":{"@id":"https:\/\/allasorias.hu\/hirek\/#organization"}}]},"og:locale":"hu_HU","og:site_name":"AllasOrias.hu | H\u00edrek-lapszemle | \u00dczleti h\u00edrek az \u00e1ll\u00e1s \u00e9s a munka vil\u00e1g\u00e1b\u00f3l","og:type":"article","og:title":"Banki elemz\u00e9s a foglalkoztatotts\u00e1gr\u00f3l, ami cs\u00facson van |","og:description":"A feldolgoz\u00f3iparban 1 ezerrel, m\u00edg a k\u00f6zszolg\u00e1ltat\u00e1sok ter\u00fclet\u00e9n 9 ezer f\u0151vel cs\u00f6kkent a l\u00e9tsz\u00e1m, a mez\u0151gazdas\u00e1gban pedig 10 ezer f\u0151vel, az \u00e9p\u00edt\u0151iparban 13 ezer f\u0151vel, a piaci szolg\u00e1ltat\u00e1sok ter\u00fclet\u00e9n pedig 13 ezerrel n\u0151tt.","og:url":"https:\/\/allasorias.hu\/hirek\/banki-elemzes-a-foglalkoztatottsagrol-ami-csucson-van\/","og:image":"https:\/\/allasorias.hu\/hirek\/wp-content\/uploads\/2023\/08\/foglalkoztatottsagi-elemzes.jpg","og:image:secure_url":"https:\/\/allasorias.hu\/hirek\/wp-content\/uploads\/2023\/08\/foglalkoztatottsagi-elemzes.jpg","og:image:width":1280,"og:image:height":853,"article:published_time":"2023-08-29T08:09:58+00:00","article:modified_time":"2023-08-29T08:09:58+00:00","article:publisher":"https:\/\/www.facebook.com\/allasorias","twitter:card":"summary_large_image","twitter:title":"Banki elemz\u00e9s a foglalkoztatotts\u00e1gr\u00f3l, ami cs\u00facson van |","twitter:description":"A feldolgoz\u00f3iparban 1 ezerrel, m\u00edg a k\u00f6zszolg\u00e1ltat\u00e1sok ter\u00fclet\u00e9n 9 ezer f\u0151vel cs\u00f6kkent a l\u00e9tsz\u00e1m, a mez\u0151gazdas\u00e1gban pedig 10 ezer f\u0151vel, az \u00e9p\u00edt\u0151iparban 13 ezer f\u0151vel, a piaci szolg\u00e1ltat\u00e1sok ter\u00fclet\u00e9n pedig 13 ezerrel n\u0151tt.","twitter:image":"https:\/\/allasorias.hu\/hirek\/wp-content\/uploads\/2023\/08\/foglalkoztatottsagi-elemzes.jpg","twitter:label1":"Written by","twitter:data1":"Juh\u00e1sz P\u00e9ter","twitter:label2":"Est. reading time","twitter:data2":"6 minutes"},"aioseo_meta_data":{"post_id":"6749","title":"#post_title |","description":"A feldolgoz\u00f3iparban 1 ezerrel, m\u00edg a k\u00f6zszolg\u00e1ltat\u00e1sok ter\u00fclet\u00e9n 9 ezer f\u0151vel cs\u00f6kkent a l\u00e9tsz\u00e1m, a mez\u0151gazdas\u00e1gban pedig 10 ezer f\u0151vel, az \u00e9p\u00edt\u0151iparban 13 ezer f\u0151vel, a piaci szolg\u00e1ltat\u00e1sok ter\u00fclet\u00e9n pedig 13 ezerrel n\u0151tt.","keywords":[],"keyphrases":{"focus":{"keyphrase":"","score":0,"analysis":{"keyphraseInTitle":{"score":0,"maxScore":9,"error":1}}},"additional":[]},"primary_term":null,"canonical_url":null,"og_title":null,"og_description":null,"og_object_type":"default","og_image_type":"default","og_image_url":null,"og_image_width":null,"og_image_height":null,"og_image_custom_url":null,"og_image_custom_fields":null,"og_video":"","og_custom_url":null,"og_article_section":null,"og_article_tags":[],"twitter_use_og":true,"twitter_card":"default","twitter_image_type":"default","twitter_image_url":null,"twitter_image_custom_url":null,"twitter_image_custom_fields":null,"twitter_title":null,"twitter_description":null,"schema":{"blockGraphs":[],"customGraphs":[],"default":{"data":{"Article":[],"Course":[],"Dataset":[],"FAQPage":[],"Movie":[],"Person":[],"Product":[],"ProductReview":[],"Car":[],"Recipe":[],"Service":[],"SoftwareApplication":[],"WebPage":[]},"graphName":"Article","isEnabled":true},"graphs":[]},"schema_type":"default","schema_type_options":null,"pillar_content":false,"robots_default":true,"robots_noindex":false,"robots_noarchive":false,"robots_nosnippet":false,"robots_nofollow":false,"robots_noimageindex":false,"robots_noodp":false,"robots_notranslate":false,"robots_max_snippet":"-1","robots_max_videopreview":"-1","robots_max_imagepreview":"large","priority":null,"frequency":"default","location":null,"local_seo":null,"breadcrumb_settings":null,"limit_modified_date":false,"ai":null,"created":"2023-08-29 07:55:01","updated":"2025-10-02 19:00:23","seo_analyzer_scan_date":null,"focus_keyword":null,"additional_keywords":null,"truseo_locale":null},"aioseo_breadcrumb":"<div class=\"aioseo-breadcrumbs\"><span class=\"aioseo-breadcrumb\">\n\t\t\t<a href=\"https:\/\/allasorias.hu\/hirek\" title=\"Home\">Home<\/a>\n\t\t<\/span><span class=\"aioseo-breadcrumb-separator\">&raquo;<\/span><span class=\"aioseo-breadcrumb\">\n\t\t\t<a href=\"https:\/\/allasorias.hu\/hirek\/temak\/gazdasag\/\" title=\"Gazdas\u00e1g\">Gazdas\u00e1g<\/a>\n\t\t<\/span><span class=\"aioseo-breadcrumb-separator\">&raquo;<\/span><span class=\"aioseo-breadcrumb\">\n\t\t\tBanki elemz\u00e9s a foglalkoztatotts\u00e1gr\u00f3l, ami cs\u00facson van\n\t\t<\/span><\/div>","aioseo_breadcrumb_json":[{"label":"Home","link":"https:\/\/allasorias.hu\/hirek"},{"label":"Gazdas\u00e1g","link":"https:\/\/allasorias.hu\/hirek\/temak\/gazdasag\/"},{"label":"Banki elemz\u00e9s a foglalkoztatotts\u00e1gr\u00f3l, ami cs\u00facson van","link":"https:\/\/allasorias.hu\/hirek\/banki-elemzes-a-foglalkoztatottsagrol-ami-csucson-van\/"}],"_links":{"self":[{"href":"https:\/\/allasorias.hu\/hirek\/wp-json\/wp\/v2\/posts\/6749","targetHints":{"allow":["GET"]}}],"collection":[{"href":"https:\/\/allasorias.hu\/hirek\/wp-json\/wp\/v2\/posts"}],"about":[{"href":"https:\/\/allasorias.hu\/hirek\/wp-json\/wp\/v2\/types\/post"}],"author":[{"embeddable":true,"href":"https:\/\/allasorias.hu\/hirek\/wp-json\/wp\/v2\/users\/1"}],"replies":[{"embeddable":true,"href":"https:\/\/allasorias.hu\/hirek\/wp-json\/wp\/v2\/comments?post=6749"}],"version-history":[{"count":1,"href":"https:\/\/allasorias.hu\/hirek\/wp-json\/wp\/v2\/posts\/6749\/revisions"}],"predecessor-version":[{"id":6751,"href":"https:\/\/allasorias.hu\/hirek\/wp-json\/wp\/v2\/posts\/6749\/revisions\/6751"}],"wp:featuredmedia":[{"embeddable":true,"href":"https:\/\/allasorias.hu\/hirek\/wp-json\/wp\/v2\/media\/6750"}],"wp:attachment":[{"href":"https:\/\/allasorias.hu\/hirek\/wp-json\/wp\/v2\/media?parent=6749"}],"wp:term":[{"taxonomy":"category","embeddable":true,"href":"https:\/\/allasorias.hu\/hirek\/wp-json\/wp\/v2\/categories?post=6749"},{"taxonomy":"post_tag","embeddable":true,"href":"https:\/\/allasorias.hu\/hirek\/wp-json\/wp\/v2\/tags?post=6749"}],"curies":[{"name":"wp","href":"https:\/\/api.w.org\/{rel}","templated":true}]}}