{"id":6713,"date":"2023-08-16T07:40:25","date_gmt":"2023-08-16T07:40:25","guid":{"rendered":"https:\/\/allasorias.hu\/hirek\/?p=6713"},"modified":"2023-08-16T07:40:25","modified_gmt":"2023-08-16T07:40:25","slug":"tragikus-a-hazai-fogyasztas","status":"publish","type":"post","link":"https:\/\/allasorias.hu\/hirek\/tragikus-a-hazai-fogyasztas\/","title":{"rendered":"Tragikus a hazai fogyaszt\u00e1s"},"content":{"rendered":"<p><strong>Visszaesett a hazai ipari termel\u00e9s az elm\u00falt \u00e9vihez k\u00e9pest. Nincs p\u00e9nz\u00fck a magyaroknak, alig lehet mit eladni az orsz\u00e1gban, csak az\u00e9rt nem teljes az \u00f6sszeoml\u00e1s az iparban, mert k\u00fclf\u00f6ldre m\u00e9g el lehet adni a Magyarorsz\u00e1gon gy\u00e1rtott vagy \u00f6sszeszerelt \u00e1rukat.<\/strong><\/p>\n<p>Gyenge sz\u00e1mot tett k\u00f6zz\u00e9 a KSH a magyar ipari termel\u00e9sr\u0151l, a r\u00e9szletekbe belen\u00e9zve pedig nagyon rossz folyamatok l\u00e1tszanak: csak az menti az ipart, hogy k\u00fclf\u00f6ld\u00f6n m\u00e9g el lehet adni az itt \u00f6sszeszerelt term\u00e9keket, a hazai fogyaszt\u00e1s tragikus. Meger\u0151s\u00edtette a K\u00f6zponti Statisztikai Hivatal a m\u00e1sf\u00e9l hete kiadott els\u0151 becsl\u00e9s\u00e9t: a nyers adat szerint 3,8, a munkanaphat\u00e1st\u00f3l megtiszt\u00edtott sz\u00e1m alapj\u00e1n 6,1 sz\u00e1zal\u00e9kkal esett vissza a magyar ipari termel\u00e9s j\u00faniusban az egy \u00e9vvel kor\u00e1bbihoz k\u00e9pest. M\u00e1jushoz viszony\u00edtva egy h\u00f3nap alatt 0,9 sz\u00e1zal\u00e9kos volt az es\u00e9s. Most pedig m\u00e1r r\u00e9szletesen is k\u00f6zz\u00e9tett\u00e9k, hogyan \u00e1llt \u00f6ssze ez a sz\u00e1m.<\/p>\n<p>Azt eddig is lehetett sejteni, hogy az exportra termel\u0151 \u00e1gazatok teljes\u00edtenek elfogadhat\u00f3an, a belf\u00f6ldi elad\u00e1sra dolgoz\u00f3k pedig rosszabbul, de most nagyon s\u00falyos adat \u00e9rkezett: az ipari export 4 sz\u00e1zal\u00e9kkal n\u0151tt, a belf\u00f6ldi \u00e9rt\u00e9kes\u00edt\u00e9s pedig 20 sz\u00e1zal\u00e9kkal visszazuhant. Vagyis annyira nincs p\u00e9nz\u00fck a magyaroknak, hogy alig lehet mit eladni az orsz\u00e1gban, csak az\u00e9rt nem teljes az \u00f6sszeoml\u00e1s az iparban, mert k\u00fclf\u00f6ldre m\u00e9g el lehet adni a Magyarorsz\u00e1gon gy\u00e1rtott vagy \u00f6sszeszerelt \u00e1rukat.<\/p>\n<p>A j\u00e1rm\u0171ipar 19,1 sz\u00e1zal\u00e9kkal n\u0151tt, ezen bel\u00fcl az aut\u00f3gy\u00e1rt\u00e1sban 25, az alkatr\u00e9szek gy\u00e1rt\u00e1s\u00e1ban 14,4 sz\u00e1zal\u00e9kos volt a n\u00f6veked\u00e9s. A villamos berendez\u00e9sek gy\u00e1rt\u00e1s\u00e1ban 16,9 sz\u00e1zal\u00e9kos n\u00f6veked\u00e9st m\u00e9rt a KSH, benne az akkumul\u00e1torgy\u00e1rt\u00e1s 28 sz\u00e1zal\u00e9kkal p\u00f6rg\u00f6tt fel. Minden m\u00e1sban viszont kimondottan gyenge volt a teljes\u00edtm\u00e9ny. A sz\u00e1m\u00edt\u00f3g\u00e9pek, elektronikai \u00e9s optikai term\u00e9kek gy\u00e1rt\u00e1sa 5,1 sz\u00e1zal\u00e9kkal esett vissza. Az \u00e9lelmiszerek, italok \u00e9s doh\u00e1nyterm\u00e9kek gy\u00e1rt\u00e1s\u00e1ban pedig 11,1 sz\u00e1zal\u00e9kos volt a cs\u00f6kken\u00e9s. Gumib\u00f3l, m\u0171anyagb\u00f3l \u00e9s nemesf\u00e9m \u00e1sv\u00e1nyi term\u00e9kb\u0151l 20 sz\u00e1zal\u00e9kkal kevesebb k\u00e9sz\u00fclt, a f\u00e9malapanyag \u00e9s f\u00e9mfeldolgoz\u00e1s pedig 13,9 sz\u00e1zal\u00e9kos cs\u00f6kken\u00e9st mutatott be.<\/p>\n<p>Forr\u00e1s: <a href=\"https:\/\/hvg.hu\/gazdasag\/20230815_ipar_termeles_reszletes_ksh\" target=\"_blank\" rel=\"nofollow noopener noreferrer\">hvg.hu<\/a><\/p>\n","protected":false},"excerpt":{"rendered":"<p>Visszaesett a hazai ipari termel\u00e9s az elm\u00falt \u00e9vihez k\u00e9pest. Nincs p\u00e9nz\u00fck a magyaroknak, alig lehet mit eladni az orsz\u00e1gban, csak az\u00e9rt nem teljes az \u00f6sszeoml\u00e1s az iparban, mert k\u00fclf\u00f6ldre m\u00e9g el lehet adni a Magyarorsz\u00e1gon gy\u00e1rtott vagy \u00f6sszeszerelt \u00e1rukat. Gyenge sz\u00e1mot tett k\u00f6zz\u00e9 a KSH a magyar ipari termel\u00e9sr\u0151l, a r\u00e9szletekbe belen\u00e9zve pedig nagyon rossz [&hellip;]<\/p>\n","protected":false},"author":1,"featured_media":6714,"comment_status":"open","ping_status":"open","sticky":false,"template":"","format":"standard","meta":{"_monsterinsights_skip_tracking":false,"footnotes":""},"categories":[198],"tags":[588,589],"class_list":["post-6713","post","type-post","status-publish","format-standard","has-post-thumbnail","hentry","category-gazdasag","tag-fogyasztas","tag-ipar"],"aioseo_notices":[],"aioseo_head":"\n\t\t<!-- All in One SEO 5.0.0.1 - aioseo.com -->\n\t<meta name=\"description\" content=\"Visszaesett a hazai ipari termel\u00e9s az elm\u00falt \u00e9vihez k\u00e9pest. Nincs p\u00e9nz\u00fck a magyaroknak, alig lehet mit eladni az orsz\u00e1gban.\" \/>\n\t<meta name=\"robots\" content=\"max-image-preview:large\" \/>\n\t<meta name=\"author\" content=\"Juh\u00e1sz P\u00e9ter\"\/>\n\t<meta name=\"keywords\" content=\"fogyaszt\u00e1s,ipar\" \/>\n\t<link rel=\"canonical\" href=\"https:\/\/allasorias.hu\/hirek\/tragikus-a-hazai-fogyasztas\/\" \/>\n\t<meta name=\"generator\" content=\"All in One SEO (AIOSEO) 5.0.0.1\" \/>\n\t\t<meta property=\"og:locale\" content=\"hu_HU\" \/>\n\t\t<meta property=\"og:site_name\" content=\"AllasOrias.hu | H\u00edrek-lapszemle | \u00dczleti h\u00edrek az \u00e1ll\u00e1s \u00e9s a munka vil\u00e1g\u00e1b\u00f3l\" \/>\n\t\t<meta property=\"og:type\" content=\"article\" \/>\n\t\t<meta property=\"og:title\" content=\"Tragikus a hazai fogyaszt\u00e1s | Allasorias.hu\/Hirek\" \/>\n\t\t<meta property=\"og:description\" content=\"Visszaesett a hazai ipari termel\u00e9s az elm\u00falt \u00e9vihez k\u00e9pest. Nincs p\u00e9nz\u00fck a magyaroknak, alig lehet mit eladni az orsz\u00e1gban.\" \/>\n\t\t<meta property=\"og:url\" content=\"https:\/\/allasorias.hu\/hirek\/tragikus-a-hazai-fogyasztas\/\" \/>\n\t\t<meta property=\"og:image\" content=\"https:\/\/allasorias.hu\/hirek\/wp-content\/uploads\/2023\/08\/trafikus-hazai-fogyasztas.jpg\" \/>\n\t\t<meta property=\"og:image:secure_url\" content=\"https:\/\/allasorias.hu\/hirek\/wp-content\/uploads\/2023\/08\/trafikus-hazai-fogyasztas.jpg\" \/>\n\t\t<meta property=\"og:image:width\" content=\"1280\" \/>\n\t\t<meta property=\"og:image:height\" content=\"854\" \/>\n\t\t<meta property=\"article:published_time\" content=\"2023-08-16T07:40:25+00:00\" \/>\n\t\t<meta property=\"article:modified_time\" content=\"2023-08-16T07:40:25+00:00\" \/>\n\t\t<meta property=\"article:publisher\" content=\"https:\/\/www.facebook.com\/allasorias\" \/>\n\t\t<meta name=\"twitter:card\" content=\"summary_large_image\" \/>\n\t\t<meta name=\"twitter:title\" content=\"Tragikus a hazai fogyaszt\u00e1s | Allasorias.hu\/Hirek\" \/>\n\t\t<meta name=\"twitter:description\" content=\"Visszaesett a hazai ipari termel\u00e9s az elm\u00falt \u00e9vihez k\u00e9pest. Nincs p\u00e9nz\u00fck a magyaroknak, alig lehet mit eladni az orsz\u00e1gban.\" \/>\n\t\t<meta name=\"twitter:image\" content=\"https:\/\/allasorias.hu\/hirek\/wp-content\/uploads\/2023\/08\/trafikus-hazai-fogyasztas.jpg\" \/>\n\t\t<meta name=\"twitter:label1\" content=\"Written by\" \/>\n\t\t<meta name=\"twitter:data1\" content=\"Juh\u00e1sz P\u00e9ter\" \/>\n\t\t<meta name=\"twitter:label2\" content=\"Est. reading time\" \/>\n\t\t<meta name=\"twitter:data2\" content=\"2 minutes\" \/>\n\t\t<script type=\"application\/ld+json\" class=\"aioseo-schema\">\n\t\t\t{\"@context\":\"https:\\\/\\\/schema.org\",\"@graph\":[{\"@type\":\"Article\",\"@id\":\"https:\\\/\\\/allasorias.hu\\\/hirek\\\/tragikus-a-hazai-fogyasztas\\\/#article\",\"name\":\"Tragikus a hazai fogyaszt\\u00e1s | Allasorias.hu\\\/Hirek\",\"headline\":\"Tragikus a hazai fogyaszt\\u00e1s\",\"author\":{\"@id\":\"https:\\\/\\\/allasorias.hu\\\/hirek\\\/author\\\/admin-allasorias\\\/#author\"},\"publisher\":{\"@id\":\"https:\\\/\\\/allasorias.hu\\\/hirek\\\/#organization\"},\"image\":{\"@type\":\"ImageObject\",\"url\":\"https:\\\/\\\/allasorias.hu\\\/hirek\\\/wp-content\\\/uploads\\\/2023\\\/08\\\/trafikus-hazai-fogyasztas.jpg\",\"width\":1280,\"height\":854,\"caption\":\"Tragikus a hazai fogyaszt\\u00e1s - Allasorias.hu\\\/Hirek\"},\"datePublished\":\"2023-08-16T07:40:25+02:00\",\"dateModified\":\"2023-08-16T07:40:25+02:00\",\"inLanguage\":\"hu-HU\",\"mainEntityOfPage\":{\"@id\":\"https:\\\/\\\/allasorias.hu\\\/hirek\\\/tragikus-a-hazai-fogyasztas\\\/#webpage\"},\"isPartOf\":{\"@id\":\"https:\\\/\\\/allasorias.hu\\\/hirek\\\/tragikus-a-hazai-fogyasztas\\\/#webpage\"},\"articleSection\":\"Gazdas\\u00e1g, fogyaszt\\u00e1s, ipar\"},{\"@type\":\"BreadcrumbList\",\"@id\":\"https:\\\/\\\/allasorias.hu\\\/hirek\\\/tragikus-a-hazai-fogyasztas\\\/#breadcrumblist\",\"itemListElement\":[{\"@type\":\"ListItem\",\"@id\":\"https:\\\/\\\/allasorias.hu\\\/hirek#listItem\",\"position\":1,\"name\":\"Home\",\"item\":\"https:\\\/\\\/allasorias.hu\\\/hirek\",\"nextItem\":{\"@type\":\"ListItem\",\"@id\":\"https:\\\/\\\/allasorias.hu\\\/hirek\\\/temak\\\/gazdasag\\\/#listItem\",\"name\":\"Gazdas\\u00e1g\"}},{\"@type\":\"ListItem\",\"@id\":\"https:\\\/\\\/allasorias.hu\\\/hirek\\\/temak\\\/gazdasag\\\/#listItem\",\"position\":2,\"name\":\"Gazdas\\u00e1g\",\"item\":\"https:\\\/\\\/allasorias.hu\\\/hirek\\\/temak\\\/gazdasag\\\/\",\"nextItem\":{\"@type\":\"ListItem\",\"@id\":\"https:\\\/\\\/allasorias.hu\\\/hirek\\\/tragikus-a-hazai-fogyasztas\\\/#listItem\",\"name\":\"Tragikus a hazai fogyaszt\\u00e1s\"},\"previousItem\":{\"@type\":\"ListItem\",\"@id\":\"https:\\\/\\\/allasorias.hu\\\/hirek#listItem\",\"name\":\"Home\"}},{\"@type\":\"ListItem\",\"@id\":\"https:\\\/\\\/allasorias.hu\\\/hirek\\\/tragikus-a-hazai-fogyasztas\\\/#listItem\",\"position\":3,\"name\":\"Tragikus a hazai fogyaszt\\u00e1s\",\"previousItem\":{\"@type\":\"ListItem\",\"@id\":\"https:\\\/\\\/allasorias.hu\\\/hirek\\\/temak\\\/gazdasag\\\/#listItem\",\"name\":\"Gazdas\\u00e1g\"}}]},{\"@type\":\"Organization\",\"@id\":\"https:\\\/\\\/allasorias.hu\\\/hirek\\\/#organization\",\"name\":\"AllasOrias.hu | H\\u00edrek-lapszemle\",\"description\":\"\\u00dczleti h\\u00edrek az \\u00e1ll\\u00e1s \\u00e9s a munka vil\\u00e1g\\u00e1b\\u00f3l\",\"url\":\"https:\\\/\\\/allasorias.hu\\\/hirek\\\/\",\"logo\":{\"@type\":\"ImageObject\",\"url\":\"https:\\\/\\\/allasorias.hu\\\/hirek\\\/wp-content\\\/uploads\\\/2022\\\/10\\\/allasorias_site_facebok_logo.png\",\"@id\":\"https:\\\/\\\/allasorias.hu\\\/hirek\\\/tragikus-a-hazai-fogyasztas\\\/#organizationLogo\"},\"image\":{\"@id\":\"https:\\\/\\\/allasorias.hu\\\/hirek\\\/tragikus-a-hazai-fogyasztas\\\/#organizationLogo\"},\"sameAs\":[\"https:\\\/\\\/www.facebook.com\\\/allasorias\",\"https:\\\/\\\/www.linkedin.com\\\/company\\\/allasorias\"]},{\"@type\":\"Person\",\"@id\":\"https:\\\/\\\/allasorias.hu\\\/hirek\\\/author\\\/admin-allasorias\\\/#author\",\"url\":\"https:\\\/\\\/allasorias.hu\\\/hirek\\\/author\\\/admin-allasorias\\\/\",\"name\":\"Juh\\u00e1sz P\\u00e9ter\",\"image\":{\"@type\":\"ImageObject\",\"@id\":\"https:\\\/\\\/allasorias.hu\\\/hirek\\\/tragikus-a-hazai-fogyasztas\\\/#authorImage\",\"url\":\"https:\\\/\\\/secure.gravatar.com\\\/avatar\\\/36e6bcb83148978b992977cb0f54d22feb0cce8a0a849a9410532bb2623ba4c6?s=96&d=mm&r=g\",\"width\":96,\"height\":96,\"caption\":\"Juh\\u00e1sz P\\u00e9ter\"}},{\"@type\":\"WebPage\",\"@id\":\"https:\\\/\\\/allasorias.hu\\\/hirek\\\/tragikus-a-hazai-fogyasztas\\\/#webpage\",\"url\":\"https:\\\/\\\/allasorias.hu\\\/hirek\\\/tragikus-a-hazai-fogyasztas\\\/\",\"name\":\"Tragikus a hazai fogyaszt\\u00e1s | Allasorias.hu\\\/Hirek\",\"description\":\"Visszaesett a hazai ipari termel\\u00e9s az elm\\u00falt \\u00e9vihez k\\u00e9pest. Nincs p\\u00e9nz\\u00fck a magyaroknak, alig lehet mit eladni az orsz\\u00e1gban.\",\"inLanguage\":\"hu-HU\",\"isPartOf\":{\"@id\":\"https:\\\/\\\/allasorias.hu\\\/hirek\\\/#website\"},\"breadcrumb\":{\"@id\":\"https:\\\/\\\/allasorias.hu\\\/hirek\\\/tragikus-a-hazai-fogyasztas\\\/#breadcrumblist\"},\"author\":{\"@id\":\"https:\\\/\\\/allasorias.hu\\\/hirek\\\/author\\\/admin-allasorias\\\/#author\"},\"creator\":{\"@id\":\"https:\\\/\\\/allasorias.hu\\\/hirek\\\/author\\\/admin-allasorias\\\/#author\"},\"image\":{\"@type\":\"ImageObject\",\"url\":\"https:\\\/\\\/allasorias.hu\\\/hirek\\\/wp-content\\\/uploads\\\/2023\\\/08\\\/trafikus-hazai-fogyasztas.jpg\",\"@id\":\"https:\\\/\\\/allasorias.hu\\\/hirek\\\/tragikus-a-hazai-fogyasztas\\\/#mainImage\",\"width\":1280,\"height\":854,\"caption\":\"Tragikus a hazai fogyaszt\\u00e1s - Allasorias.hu\\\/Hirek\"},\"primaryImageOfPage\":{\"@id\":\"https:\\\/\\\/allasorias.hu\\\/hirek\\\/tragikus-a-hazai-fogyasztas\\\/#mainImage\"},\"datePublished\":\"2023-08-16T07:40:25+02:00\",\"dateModified\":\"2023-08-16T07:40:25+02:00\"},{\"@type\":\"WebSite\",\"@id\":\"https:\\\/\\\/allasorias.hu\\\/hirek\\\/#website\",\"url\":\"https:\\\/\\\/allasorias.hu\\\/hirek\\\/\",\"name\":\"AllasOrias.hu | H\\u00edrek-lapszemle\",\"description\":\"\\u00dczleti h\\u00edrek az \\u00e1ll\\u00e1s \\u00e9s a munka vil\\u00e1g\\u00e1b\\u00f3l\",\"inLanguage\":\"hu-HU\",\"publisher\":{\"@id\":\"https:\\\/\\\/allasorias.hu\\\/hirek\\\/#organization\"}}]}\n\t\t<\/script>\n\t\t<!-- All in One SEO -->\n\n","aioseo_head_json":{"title":"Tragikus a hazai fogyaszt\u00e1s | Allasorias.hu\/Hirek","description":"Visszaesett a hazai ipari termel\u00e9s az elm\u00falt \u00e9vihez k\u00e9pest. Nincs p\u00e9nz\u00fck a magyaroknak, alig lehet mit eladni az orsz\u00e1gban.","canonical_url":"https:\/\/allasorias.hu\/hirek\/tragikus-a-hazai-fogyasztas\/","robots":"max-image-preview:large","keywords":"fogyaszt\u00e1s,ipar","webmasterTools":{"miscellaneous":""},"schema":{"@context":"https:\/\/schema.org","@graph":[{"@type":"Article","@id":"https:\/\/allasorias.hu\/hirek\/tragikus-a-hazai-fogyasztas\/#article","name":"Tragikus a hazai fogyaszt\u00e1s | Allasorias.hu\/Hirek","headline":"Tragikus a hazai fogyaszt\u00e1s","author":{"@id":"https:\/\/allasorias.hu\/hirek\/author\/admin-allasorias\/#author"},"publisher":{"@id":"https:\/\/allasorias.hu\/hirek\/#organization"},"image":{"@type":"ImageObject","url":"https:\/\/allasorias.hu\/hirek\/wp-content\/uploads\/2023\/08\/trafikus-hazai-fogyasztas.jpg","width":1280,"height":854,"caption":"Tragikus a hazai fogyaszt\u00e1s - Allasorias.hu\/Hirek"},"datePublished":"2023-08-16T07:40:25+02:00","dateModified":"2023-08-16T07:40:25+02:00","inLanguage":"hu-HU","mainEntityOfPage":{"@id":"https:\/\/allasorias.hu\/hirek\/tragikus-a-hazai-fogyasztas\/#webpage"},"isPartOf":{"@id":"https:\/\/allasorias.hu\/hirek\/tragikus-a-hazai-fogyasztas\/#webpage"},"articleSection":"Gazdas\u00e1g, fogyaszt\u00e1s, ipar"},{"@type":"BreadcrumbList","@id":"https:\/\/allasorias.hu\/hirek\/tragikus-a-hazai-fogyasztas\/#breadcrumblist","itemListElement":[{"@type":"ListItem","@id":"https:\/\/allasorias.hu\/hirek#listItem","position":1,"name":"Home","item":"https:\/\/allasorias.hu\/hirek","nextItem":{"@type":"ListItem","@id":"https:\/\/allasorias.hu\/hirek\/temak\/gazdasag\/#listItem","name":"Gazdas\u00e1g"}},{"@type":"ListItem","@id":"https:\/\/allasorias.hu\/hirek\/temak\/gazdasag\/#listItem","position":2,"name":"Gazdas\u00e1g","item":"https:\/\/allasorias.hu\/hirek\/temak\/gazdasag\/","nextItem":{"@type":"ListItem","@id":"https:\/\/allasorias.hu\/hirek\/tragikus-a-hazai-fogyasztas\/#listItem","name":"Tragikus a hazai fogyaszt\u00e1s"},"previousItem":{"@type":"ListItem","@id":"https:\/\/allasorias.hu\/hirek#listItem","name":"Home"}},{"@type":"ListItem","@id":"https:\/\/allasorias.hu\/hirek\/tragikus-a-hazai-fogyasztas\/#listItem","position":3,"name":"Tragikus a hazai fogyaszt\u00e1s","previousItem":{"@type":"ListItem","@id":"https:\/\/allasorias.hu\/hirek\/temak\/gazdasag\/#listItem","name":"Gazdas\u00e1g"}}]},{"@type":"Organization","@id":"https:\/\/allasorias.hu\/hirek\/#organization","name":"AllasOrias.hu | H\u00edrek-lapszemle","description":"\u00dczleti h\u00edrek az \u00e1ll\u00e1s \u00e9s a munka vil\u00e1g\u00e1b\u00f3l","url":"https:\/\/allasorias.hu\/hirek\/","logo":{"@type":"ImageObject","url":"https:\/\/allasorias.hu\/hirek\/wp-content\/uploads\/2022\/10\/allasorias_site_facebok_logo.png","@id":"https:\/\/allasorias.hu\/hirek\/tragikus-a-hazai-fogyasztas\/#organizationLogo"},"image":{"@id":"https:\/\/allasorias.hu\/hirek\/tragikus-a-hazai-fogyasztas\/#organizationLogo"},"sameAs":["https:\/\/www.facebook.com\/allasorias","https:\/\/www.linkedin.com\/company\/allasorias"]},{"@type":"Person","@id":"https:\/\/allasorias.hu\/hirek\/author\/admin-allasorias\/#author","url":"https:\/\/allasorias.hu\/hirek\/author\/admin-allasorias\/","name":"Juh\u00e1sz P\u00e9ter","image":{"@type":"ImageObject","@id":"https:\/\/allasorias.hu\/hirek\/tragikus-a-hazai-fogyasztas\/#authorImage","url":"https:\/\/secure.gravatar.com\/avatar\/36e6bcb83148978b992977cb0f54d22feb0cce8a0a849a9410532bb2623ba4c6?s=96&d=mm&r=g","width":96,"height":96,"caption":"Juh\u00e1sz P\u00e9ter"}},{"@type":"WebPage","@id":"https:\/\/allasorias.hu\/hirek\/tragikus-a-hazai-fogyasztas\/#webpage","url":"https:\/\/allasorias.hu\/hirek\/tragikus-a-hazai-fogyasztas\/","name":"Tragikus a hazai fogyaszt\u00e1s | Allasorias.hu\/Hirek","description":"Visszaesett a hazai ipari termel\u00e9s az elm\u00falt \u00e9vihez k\u00e9pest. Nincs p\u00e9nz\u00fck a magyaroknak, alig lehet mit eladni az orsz\u00e1gban.","inLanguage":"hu-HU","isPartOf":{"@id":"https:\/\/allasorias.hu\/hirek\/#website"},"breadcrumb":{"@id":"https:\/\/allasorias.hu\/hirek\/tragikus-a-hazai-fogyasztas\/#breadcrumblist"},"author":{"@id":"https:\/\/allasorias.hu\/hirek\/author\/admin-allasorias\/#author"},"creator":{"@id":"https:\/\/allasorias.hu\/hirek\/author\/admin-allasorias\/#author"},"image":{"@type":"ImageObject","url":"https:\/\/allasorias.hu\/hirek\/wp-content\/uploads\/2023\/08\/trafikus-hazai-fogyasztas.jpg","@id":"https:\/\/allasorias.hu\/hirek\/tragikus-a-hazai-fogyasztas\/#mainImage","width":1280,"height":854,"caption":"Tragikus a hazai fogyaszt\u00e1s - Allasorias.hu\/Hirek"},"primaryImageOfPage":{"@id":"https:\/\/allasorias.hu\/hirek\/tragikus-a-hazai-fogyasztas\/#mainImage"},"datePublished":"2023-08-16T07:40:25+02:00","dateModified":"2023-08-16T07:40:25+02:00"},{"@type":"WebSite","@id":"https:\/\/allasorias.hu\/hirek\/#website","url":"https:\/\/allasorias.hu\/hirek\/","name":"AllasOrias.hu | H\u00edrek-lapszemle","description":"\u00dczleti h\u00edrek az \u00e1ll\u00e1s \u00e9s a munka vil\u00e1g\u00e1b\u00f3l","inLanguage":"hu-HU","publisher":{"@id":"https:\/\/allasorias.hu\/hirek\/#organization"}}]},"og:locale":"hu_HU","og:site_name":"AllasOrias.hu | H\u00edrek-lapszemle | \u00dczleti h\u00edrek az \u00e1ll\u00e1s \u00e9s a munka vil\u00e1g\u00e1b\u00f3l","og:type":"article","og:title":"Tragikus a hazai fogyaszt\u00e1s | Allasorias.hu\/Hirek","og:description":"Visszaesett a hazai ipari termel\u00e9s az elm\u00falt \u00e9vihez k\u00e9pest. Nincs p\u00e9nz\u00fck a magyaroknak, alig lehet mit eladni az orsz\u00e1gban.","og:url":"https:\/\/allasorias.hu\/hirek\/tragikus-a-hazai-fogyasztas\/","og:image":"https:\/\/allasorias.hu\/hirek\/wp-content\/uploads\/2023\/08\/trafikus-hazai-fogyasztas.jpg","og:image:secure_url":"https:\/\/allasorias.hu\/hirek\/wp-content\/uploads\/2023\/08\/trafikus-hazai-fogyasztas.jpg","og:image:width":1280,"og:image:height":854,"article:published_time":"2023-08-16T07:40:25+00:00","article:modified_time":"2023-08-16T07:40:25+00:00","article:publisher":"https:\/\/www.facebook.com\/allasorias","twitter:card":"summary_large_image","twitter:title":"Tragikus a hazai fogyaszt\u00e1s | Allasorias.hu\/Hirek","twitter:description":"Visszaesett a hazai ipari termel\u00e9s az elm\u00falt \u00e9vihez k\u00e9pest. Nincs p\u00e9nz\u00fck a magyaroknak, alig lehet mit eladni az orsz\u00e1gban.","twitter:image":"https:\/\/allasorias.hu\/hirek\/wp-content\/uploads\/2023\/08\/trafikus-hazai-fogyasztas.jpg","twitter:label1":"Written by","twitter:data1":"Juh\u00e1sz P\u00e9ter","twitter:label2":"Est. reading time","twitter:data2":"2 minutes"},"aioseo_meta_data":{"post_id":"6713","title":"#post_title | Allasorias.hu\/Hirek","description":"Visszaesett a hazai ipari termel\u00e9s az elm\u00falt \u00e9vihez k\u00e9pest. Nincs p\u00e9nz\u00fck a magyaroknak, alig lehet mit eladni az orsz\u00e1gban.","keywords":[],"keyphrases":{"focus":{"keyphrase":"","score":0,"analysis":{"keyphraseInTitle":{"score":0,"maxScore":9,"error":1}}},"additional":[]},"primary_term":null,"canonical_url":null,"og_title":null,"og_description":null,"og_object_type":"default","og_image_type":"default","og_image_url":null,"og_image_width":null,"og_image_height":null,"og_image_custom_url":null,"og_image_custom_fields":null,"og_video":"","og_custom_url":null,"og_article_section":null,"og_article_tags":[],"twitter_use_og":true,"twitter_card":"default","twitter_image_type":"default","twitter_image_url":null,"twitter_image_custom_url":null,"twitter_image_custom_fields":null,"twitter_title":null,"twitter_description":null,"schema":{"blockGraphs":[],"customGraphs":[],"default":{"data":{"Article":[],"Course":[],"Dataset":[],"FAQPage":[],"Movie":[],"Person":[],"Product":[],"ProductReview":[],"Car":[],"Recipe":[],"Service":[],"SoftwareApplication":[],"WebPage":[]},"graphName":"Article","isEnabled":true},"graphs":[]},"schema_type":"default","schema_type_options":null,"pillar_content":false,"robots_default":true,"robots_noindex":false,"robots_noarchive":false,"robots_nosnippet":false,"robots_nofollow":false,"robots_noimageindex":false,"robots_noodp":false,"robots_notranslate":false,"robots_max_snippet":"-1","robots_max_videopreview":"-1","robots_max_imagepreview":"large","priority":null,"frequency":"default","location":null,"local_seo":null,"breadcrumb_settings":null,"limit_modified_date":false,"ai":null,"created":"2023-08-16 06:45:22","updated":"2025-10-02 18:57:54","seo_analyzer_scan_date":null,"focus_keyword":null,"additional_keywords":null,"truseo_locale":null},"aioseo_breadcrumb":"<div class=\"aioseo-breadcrumbs\"><span class=\"aioseo-breadcrumb\">\n\t\t\t<a href=\"https:\/\/allasorias.hu\/hirek\" title=\"Home\">Home<\/a>\n\t\t<\/span><span class=\"aioseo-breadcrumb-separator\">&raquo;<\/span><span class=\"aioseo-breadcrumb\">\n\t\t\t<a href=\"https:\/\/allasorias.hu\/hirek\/temak\/gazdasag\/\" title=\"Gazdas\u00e1g\">Gazdas\u00e1g<\/a>\n\t\t<\/span><span class=\"aioseo-breadcrumb-separator\">&raquo;<\/span><span class=\"aioseo-breadcrumb\">\n\t\t\tTragikus a hazai fogyaszt\u00e1s\n\t\t<\/span><\/div>","aioseo_breadcrumb_json":[{"label":"Home","link":"https:\/\/allasorias.hu\/hirek"},{"label":"Gazdas\u00e1g","link":"https:\/\/allasorias.hu\/hirek\/temak\/gazdasag\/"},{"label":"Tragikus a hazai fogyaszt\u00e1s","link":"https:\/\/allasorias.hu\/hirek\/tragikus-a-hazai-fogyasztas\/"}],"_links":{"self":[{"href":"https:\/\/allasorias.hu\/hirek\/wp-json\/wp\/v2\/posts\/6713","targetHints":{"allow":["GET"]}}],"collection":[{"href":"https:\/\/allasorias.hu\/hirek\/wp-json\/wp\/v2\/posts"}],"about":[{"href":"https:\/\/allasorias.hu\/hirek\/wp-json\/wp\/v2\/types\/post"}],"author":[{"embeddable":true,"href":"https:\/\/allasorias.hu\/hirek\/wp-json\/wp\/v2\/users\/1"}],"replies":[{"embeddable":true,"href":"https:\/\/allasorias.hu\/hirek\/wp-json\/wp\/v2\/comments?post=6713"}],"version-history":[{"count":1,"href":"https:\/\/allasorias.hu\/hirek\/wp-json\/wp\/v2\/posts\/6713\/revisions"}],"predecessor-version":[{"id":6715,"href":"https:\/\/allasorias.hu\/hirek\/wp-json\/wp\/v2\/posts\/6713\/revisions\/6715"}],"wp:featuredmedia":[{"embeddable":true,"href":"https:\/\/allasorias.hu\/hirek\/wp-json\/wp\/v2\/media\/6714"}],"wp:attachment":[{"href":"https:\/\/allasorias.hu\/hirek\/wp-json\/wp\/v2\/media?parent=6713"}],"wp:term":[{"taxonomy":"category","embeddable":true,"href":"https:\/\/allasorias.hu\/hirek\/wp-json\/wp\/v2\/categories?post=6713"},{"taxonomy":"post_tag","embeddable":true,"href":"https:\/\/allasorias.hu\/hirek\/wp-json\/wp\/v2\/tags?post=6713"}],"curies":[{"name":"wp","href":"https:\/\/api.w.org\/{rel}","templated":true}]}}