{"id":6705,"date":"2023-08-14T06:58:08","date_gmt":"2023-08-14T06:58:08","guid":{"rendered":"https:\/\/allasorias.hu\/hirek\/?p=6705"},"modified":"2023-08-14T06:59:36","modified_gmt":"2023-08-14T06:59:36","slug":"keveset-emeltek-a-munkaadok-a-bereken","status":"publish","type":"post","link":"https:\/\/allasorias.hu\/hirek\/keveset-emeltek-a-munkaadok-a-bereken\/","title":{"rendered":"Keveset emeltek a munkaad\u00f3k a b\u00e9reken"},"content":{"rendered":"<p><strong>Egy felm\u00e9r\u00e9s szerint az infl\u00e1ci\u00f3hoz viszony\u00edtva keveset emeltek a dolgoz\u00f3k b\u00e9r\u00e9n a munkaad\u00f3k. Az elk\u00f6vetkez\u0151 id\u0151szakban a legt\u00f6bben nem terveznek jelent\u0151sebb b\u00e9remel\u00e9st.<\/strong><\/p>\n<p>Mekkora b\u00e9remel\u00e9s volt az els\u0151 f\u00e9l\u00e9vben a szervezet\u00fckn\u00e9l? Terveznek-e valamilyen kompenz\u00e1ci\u00f3t fizetni a k\u00f6vetkez\u0151 k\u00e9t h\u00f3napban? A HR Port\u00e1l egyebek mellett ezt k\u00e9rdezte j\u00faliusi online felm\u00e9r\u00e9s\u00e9ben olvas\u00f3it\u00f3l. Az idei b\u00e9remel\u00e9sekre vonatkoz\u00f3 v\u00e1laszokb\u00f3l kider\u00fcl, hogy a c\u00e9gek 28 sz\u00e1zal\u00e9k\u00e1n\u00e1l a 6-10 sz\u00e1zal\u00e9kos s\u00e1vban mozgott az alapb\u00e9remel\u00e9s m\u00e9rt\u00e9ke. A v\u00e1laszad\u00f3k 27 sz\u00e1zal\u00e9ka 11-15 sz\u00e1zal\u00e9k k\u00f6z\u00f6tt emelte a munkav\u00e1llal\u00f3k fizet\u00e9s\u00e9t. 15 sz\u00e1zal\u00e9k felett mind\u00f6ssze a k\u00e9rd\u0151\u00edvet kit\u00f6lt\u0151k 8 sz\u00e1zal\u00e9k\u00e1n\u00e1l t\u00f6rt\u00e9nt b\u00e9rfejleszt\u00e9s.<\/p>\n<p>Jelent\u0151sebb re\u00e1lb\u00e9rvesztes\u00e9get k\u00f6nyvelhettek el azok a munkav\u00e1llal\u00f3k, akikn\u00e9l nem volt b\u00e9remel\u00e9s (25%) vagy csak az 1-5 sz\u00e1zal\u00e9kos s\u00e1vban adtak t\u00f6bbet (10%). J\u00faliusban \u00fagy t\u0171nt, hogy a k\u00f6vetkez\u0151 h\u00f3napokban csak nagyon kev\u00e9s munkav\u00e1llal\u00f3 rem\u00e9nykedhet abban, hogy a b\u00e9re n\u00f6vekszik. Arra a k\u00e9rd\u00e9sre, hogy terveznek-e a k\u00f6vetkez\u0151 k\u00e9t h\u00f3napban emel\u00e9st, 57 sz\u00e1zal\u00e9k nemmel v\u00e1laszolt, m\u00edg 26 sz\u00e1zal\u00e9k nem tudta megmondani.<\/p>\n<p>Alapb\u00e9remel\u00e9st 10 sz\u00e1zal\u00e9k jelzett el\u0151re, egyszeri kifizet\u00e9st (p\u00e9ld\u00e1ul rezsit\u00e1mogat\u00e1s) 5 sz\u00e1zal\u00e9k, a b\u00e9ren k\u00edv\u00fcli jutttat\u00e1sokhoz (cafeteria) 2 sz\u00e1zal\u00e9k tervez hozz\u00e1ny\u00falni. Ahol lesz alapb\u00e9remel\u00e9s (ez a v\u00e1laszad\u00f3k 10 sz\u00e1zal\u00e9ka), ott is maximum 10 sz\u00e1zal\u00e9k plusz v\u00e1rhat\u00f3. A k\u00e9rd\u0151\u00edvet \u00f6sszesen 245-en t\u00f6lt\u00f6tt\u00e9k ki a kisv\u00e1llalkoz\u00e1sokt\u00f3l a nagy, multinacion\u00e1lis c\u00e9gekig. A v\u00e1laszad\u00f3k t\u00falnyom\u00f3 r\u00e9sze a HR-ben dolgoz\u00f3, \u00e9s \/ vagy vezet\u0151 beoszt\u00e1s\u00fa d\u00f6nt\u00e9shoz\u00f3.<\/p>\n<p>Forr\u00e1s: <a href=\"https:\/\/www.hrportal.hu\/hr\/lesz-e-beremeles-itt-a-felmeres-eredmenye-20230814.html\" target=\"_blank\" rel=\"nofollow noopener noreferrer\">hrportal.hu<\/a><\/p>\n","protected":false},"excerpt":{"rendered":"<p>Egy felm\u00e9r\u00e9s szerint az infl\u00e1ci\u00f3hoz viszony\u00edtva keveset emeltek a dolgoz\u00f3k b\u00e9r\u00e9n a munkaad\u00f3k. Az elk\u00f6vetkez\u0151 id\u0151szakban a legt\u00f6bben nem terveznek jelent\u0151sebb b\u00e9remel\u00e9st. Mekkora b\u00e9remel\u00e9s volt az els\u0151 f\u00e9l\u00e9vben a szervezet\u00fckn\u00e9l? Terveznek-e valamilyen kompenz\u00e1ci\u00f3t fizetni a k\u00f6vetkez\u0151 k\u00e9t h\u00f3napban? A HR Port\u00e1l egyebek mellett ezt k\u00e9rdezte j\u00faliusi online felm\u00e9r\u00e9s\u00e9ben olvas\u00f3it\u00f3l. Az idei b\u00e9remel\u00e9sekre vonatkoz\u00f3 v\u00e1laszokb\u00f3l kider\u00fcl, [&hellip;]<\/p>\n","protected":false},"author":1,"featured_media":6706,"comment_status":"open","ping_status":"open","sticky":false,"template":"","format":"standard","meta":{"_monsterinsights_skip_tracking":false,"footnotes":""},"categories":[200],"tags":[256,560],"class_list":["post-6705","post","type-post","status-publish","format-standard","has-post-thumbnail","hentry","category-munkaeropiac","tag-beremeles","tag-realber"],"aioseo_notices":[],"aioseo_head":"\n\t\t<!-- All in One SEO 5.0.0.1 - aioseo.com -->\n\t<meta name=\"description\" content=\"Egy felm\u00e9r\u00e9s szerint az infl\u00e1ci\u00f3hoz viszony\u00edtva keveset emeltek a dolgoz\u00f3k b\u00e9r\u00e9n a munkaad\u00f3k. A k\u00f6vetkez\u0151 id\u0151szakban a legt\u00f6bben nem terveznek b\u00e9remel\u00e9st.\" \/>\n\t<meta name=\"robots\" content=\"max-image-preview:large\" \/>\n\t<meta name=\"author\" content=\"Juh\u00e1sz P\u00e9ter\"\/>\n\t<meta name=\"keywords\" content=\"b\u00e9remel\u00e9s,re\u00e1lb\u00e9r\" \/>\n\t<link rel=\"canonical\" href=\"https:\/\/allasorias.hu\/hirek\/keveset-emeltek-a-munkaadok-a-bereken\/\" \/>\n\t<meta name=\"generator\" content=\"All in One SEO (AIOSEO) 5.0.0.1\" \/>\n\t\t<meta property=\"og:locale\" content=\"hu_HU\" \/>\n\t\t<meta property=\"og:site_name\" content=\"AllasOrias.hu | H\u00edrek-lapszemle | \u00dczleti h\u00edrek az \u00e1ll\u00e1s \u00e9s a munka vil\u00e1g\u00e1b\u00f3l\" \/>\n\t\t<meta property=\"og:type\" content=\"article\" \/>\n\t\t<meta property=\"og:title\" content=\"Keveset emeltek a munkaad\u00f3k a b\u00e9reken | Allasorias.hu\/Hirek\" \/>\n\t\t<meta property=\"og:description\" content=\"Egy felm\u00e9r\u00e9s szerint az infl\u00e1ci\u00f3hoz viszony\u00edtva keveset emeltek a dolgoz\u00f3k b\u00e9r\u00e9n a munkaad\u00f3k. A k\u00f6vetkez\u0151 id\u0151szakban a legt\u00f6bben nem terveznek b\u00e9remel\u00e9st.\" \/>\n\t\t<meta property=\"og:url\" content=\"https:\/\/allasorias.hu\/hirek\/keveset-emeltek-a-munkaadok-a-bereken\/\" \/>\n\t\t<meta property=\"og:image\" content=\"https:\/\/allasorias.hu\/hirek\/wp-content\/uploads\/2023\/08\/beremeles2023.jpg\" \/>\n\t\t<meta property=\"og:image:secure_url\" content=\"https:\/\/allasorias.hu\/hirek\/wp-content\/uploads\/2023\/08\/beremeles2023.jpg\" \/>\n\t\t<meta property=\"og:image:width\" content=\"1280\" \/>\n\t\t<meta property=\"og:image:height\" content=\"854\" \/>\n\t\t<meta property=\"article:published_time\" content=\"2023-08-14T06:58:08+00:00\" \/>\n\t\t<meta property=\"article:modified_time\" content=\"2023-08-14T06:59:36+00:00\" \/>\n\t\t<meta property=\"article:publisher\" content=\"https:\/\/www.facebook.com\/allasorias\" \/>\n\t\t<meta name=\"twitter:card\" content=\"summary_large_image\" \/>\n\t\t<meta name=\"twitter:title\" content=\"Keveset emeltek a munkaad\u00f3k a b\u00e9reken | Allasorias.hu\/Hirek\" \/>\n\t\t<meta name=\"twitter:description\" content=\"Egy felm\u00e9r\u00e9s szerint az infl\u00e1ci\u00f3hoz viszony\u00edtva keveset emeltek a dolgoz\u00f3k b\u00e9r\u00e9n a munkaad\u00f3k. A k\u00f6vetkez\u0151 id\u0151szakban a legt\u00f6bben nem terveznek b\u00e9remel\u00e9st.\" \/>\n\t\t<meta name=\"twitter:image\" content=\"https:\/\/allasorias.hu\/hirek\/wp-content\/uploads\/2023\/08\/beremeles2023.jpg\" \/>\n\t\t<meta name=\"twitter:label1\" content=\"Written by\" \/>\n\t\t<meta name=\"twitter:data1\" content=\"Juh\u00e1sz P\u00e9ter\" \/>\n\t\t<meta name=\"twitter:label2\" content=\"Est. reading time\" \/>\n\t\t<meta name=\"twitter:data2\" content=\"2 minutes\" \/>\n\t\t<script type=\"application\/ld+json\" class=\"aioseo-schema\">\n\t\t\t{\"@context\":\"https:\\\/\\\/schema.org\",\"@graph\":[{\"@type\":\"Article\",\"@id\":\"https:\\\/\\\/allasorias.hu\\\/hirek\\\/keveset-emeltek-a-munkaadok-a-bereken\\\/#article\",\"name\":\"Keveset emeltek a munkaad\\u00f3k a b\\u00e9reken | Allasorias.hu\\\/Hirek\",\"headline\":\"Keveset emeltek a munkaad\\u00f3k a b\\u00e9reken\",\"author\":{\"@id\":\"https:\\\/\\\/allasorias.hu\\\/hirek\\\/author\\\/admin-allasorias\\\/#author\"},\"publisher\":{\"@id\":\"https:\\\/\\\/allasorias.hu\\\/hirek\\\/#organization\"},\"image\":{\"@type\":\"ImageObject\",\"url\":\"https:\\\/\\\/allasorias.hu\\\/hirek\\\/wp-content\\\/uploads\\\/2023\\\/08\\\/beremeles2023.jpg\",\"width\":1280,\"height\":854,\"caption\":\"Keveset emeltek a munkaad\\u00f3k a b\\u00e9reken - Allasorias.hu\\\/Hirek\"},\"datePublished\":\"2023-08-14T06:58:08+02:00\",\"dateModified\":\"2023-08-14T06:59:36+02:00\",\"inLanguage\":\"hu-HU\",\"mainEntityOfPage\":{\"@id\":\"https:\\\/\\\/allasorias.hu\\\/hirek\\\/keveset-emeltek-a-munkaadok-a-bereken\\\/#webpage\"},\"isPartOf\":{\"@id\":\"https:\\\/\\\/allasorias.hu\\\/hirek\\\/keveset-emeltek-a-munkaadok-a-bereken\\\/#webpage\"},\"articleSection\":\"Munkaer\\u0151piac, b\\u00e9remel\\u00e9s, re\\u00e1lb\\u00e9r\"},{\"@type\":\"BreadcrumbList\",\"@id\":\"https:\\\/\\\/allasorias.hu\\\/hirek\\\/keveset-emeltek-a-munkaadok-a-bereken\\\/#breadcrumblist\",\"itemListElement\":[{\"@type\":\"ListItem\",\"@id\":\"https:\\\/\\\/allasorias.hu\\\/hirek#listItem\",\"position\":1,\"name\":\"Home\",\"item\":\"https:\\\/\\\/allasorias.hu\\\/hirek\",\"nextItem\":{\"@type\":\"ListItem\",\"@id\":\"https:\\\/\\\/allasorias.hu\\\/hirek\\\/temak\\\/munkaeropiac\\\/#listItem\",\"name\":\"Munkaer\\u0151piac\"}},{\"@type\":\"ListItem\",\"@id\":\"https:\\\/\\\/allasorias.hu\\\/hirek\\\/temak\\\/munkaeropiac\\\/#listItem\",\"position\":2,\"name\":\"Munkaer\\u0151piac\",\"item\":\"https:\\\/\\\/allasorias.hu\\\/hirek\\\/temak\\\/munkaeropiac\\\/\",\"nextItem\":{\"@type\":\"ListItem\",\"@id\":\"https:\\\/\\\/allasorias.hu\\\/hirek\\\/keveset-emeltek-a-munkaadok-a-bereken\\\/#listItem\",\"name\":\"Keveset emeltek a munkaad\\u00f3k a b\\u00e9reken\"},\"previousItem\":{\"@type\":\"ListItem\",\"@id\":\"https:\\\/\\\/allasorias.hu\\\/hirek#listItem\",\"name\":\"Home\"}},{\"@type\":\"ListItem\",\"@id\":\"https:\\\/\\\/allasorias.hu\\\/hirek\\\/keveset-emeltek-a-munkaadok-a-bereken\\\/#listItem\",\"position\":3,\"name\":\"Keveset emeltek a munkaad\\u00f3k a b\\u00e9reken\",\"previousItem\":{\"@type\":\"ListItem\",\"@id\":\"https:\\\/\\\/allasorias.hu\\\/hirek\\\/temak\\\/munkaeropiac\\\/#listItem\",\"name\":\"Munkaer\\u0151piac\"}}]},{\"@type\":\"Organization\",\"@id\":\"https:\\\/\\\/allasorias.hu\\\/hirek\\\/#organization\",\"name\":\"AllasOrias.hu | H\\u00edrek-lapszemle\",\"description\":\"\\u00dczleti h\\u00edrek az \\u00e1ll\\u00e1s \\u00e9s a munka vil\\u00e1g\\u00e1b\\u00f3l\",\"url\":\"https:\\\/\\\/allasorias.hu\\\/hirek\\\/\",\"logo\":{\"@type\":\"ImageObject\",\"url\":\"https:\\\/\\\/allasorias.hu\\\/hirek\\\/wp-content\\\/uploads\\\/2022\\\/10\\\/allasorias_site_facebok_logo.png\",\"@id\":\"https:\\\/\\\/allasorias.hu\\\/hirek\\\/keveset-emeltek-a-munkaadok-a-bereken\\\/#organizationLogo\"},\"image\":{\"@id\":\"https:\\\/\\\/allasorias.hu\\\/hirek\\\/keveset-emeltek-a-munkaadok-a-bereken\\\/#organizationLogo\"},\"sameAs\":[\"https:\\\/\\\/www.facebook.com\\\/allasorias\",\"https:\\\/\\\/www.linkedin.com\\\/company\\\/allasorias\"]},{\"@type\":\"Person\",\"@id\":\"https:\\\/\\\/allasorias.hu\\\/hirek\\\/author\\\/admin-allasorias\\\/#author\",\"url\":\"https:\\\/\\\/allasorias.hu\\\/hirek\\\/author\\\/admin-allasorias\\\/\",\"name\":\"Juh\\u00e1sz P\\u00e9ter\",\"image\":{\"@type\":\"ImageObject\",\"@id\":\"https:\\\/\\\/allasorias.hu\\\/hirek\\\/keveset-emeltek-a-munkaadok-a-bereken\\\/#authorImage\",\"url\":\"https:\\\/\\\/secure.gravatar.com\\\/avatar\\\/36e6bcb83148978b992977cb0f54d22feb0cce8a0a849a9410532bb2623ba4c6?s=96&d=mm&r=g\",\"width\":96,\"height\":96,\"caption\":\"Juh\\u00e1sz P\\u00e9ter\"}},{\"@type\":\"WebPage\",\"@id\":\"https:\\\/\\\/allasorias.hu\\\/hirek\\\/keveset-emeltek-a-munkaadok-a-bereken\\\/#webpage\",\"url\":\"https:\\\/\\\/allasorias.hu\\\/hirek\\\/keveset-emeltek-a-munkaadok-a-bereken\\\/\",\"name\":\"Keveset emeltek a munkaad\\u00f3k a b\\u00e9reken | Allasorias.hu\\\/Hirek\",\"description\":\"Egy felm\\u00e9r\\u00e9s szerint az infl\\u00e1ci\\u00f3hoz viszony\\u00edtva keveset emeltek a dolgoz\\u00f3k b\\u00e9r\\u00e9n a munkaad\\u00f3k. A k\\u00f6vetkez\\u0151 id\\u0151szakban a legt\\u00f6bben nem terveznek b\\u00e9remel\\u00e9st.\",\"inLanguage\":\"hu-HU\",\"isPartOf\":{\"@id\":\"https:\\\/\\\/allasorias.hu\\\/hirek\\\/#website\"},\"breadcrumb\":{\"@id\":\"https:\\\/\\\/allasorias.hu\\\/hirek\\\/keveset-emeltek-a-munkaadok-a-bereken\\\/#breadcrumblist\"},\"author\":{\"@id\":\"https:\\\/\\\/allasorias.hu\\\/hirek\\\/author\\\/admin-allasorias\\\/#author\"},\"creator\":{\"@id\":\"https:\\\/\\\/allasorias.hu\\\/hirek\\\/author\\\/admin-allasorias\\\/#author\"},\"image\":{\"@type\":\"ImageObject\",\"url\":\"https:\\\/\\\/allasorias.hu\\\/hirek\\\/wp-content\\\/uploads\\\/2023\\\/08\\\/beremeles2023.jpg\",\"@id\":\"https:\\\/\\\/allasorias.hu\\\/hirek\\\/keveset-emeltek-a-munkaadok-a-bereken\\\/#mainImage\",\"width\":1280,\"height\":854,\"caption\":\"Keveset emeltek a munkaad\\u00f3k a b\\u00e9reken - Allasorias.hu\\\/Hirek\"},\"primaryImageOfPage\":{\"@id\":\"https:\\\/\\\/allasorias.hu\\\/hirek\\\/keveset-emeltek-a-munkaadok-a-bereken\\\/#mainImage\"},\"datePublished\":\"2023-08-14T06:58:08+02:00\",\"dateModified\":\"2023-08-14T06:59:36+02:00\"},{\"@type\":\"WebSite\",\"@id\":\"https:\\\/\\\/allasorias.hu\\\/hirek\\\/#website\",\"url\":\"https:\\\/\\\/allasorias.hu\\\/hirek\\\/\",\"name\":\"AllasOrias.hu | H\\u00edrek-lapszemle\",\"description\":\"\\u00dczleti h\\u00edrek az \\u00e1ll\\u00e1s \\u00e9s a munka vil\\u00e1g\\u00e1b\\u00f3l\",\"inLanguage\":\"hu-HU\",\"publisher\":{\"@id\":\"https:\\\/\\\/allasorias.hu\\\/hirek\\\/#organization\"}}]}\n\t\t<\/script>\n\t\t<!-- All in One SEO -->\n\n","aioseo_head_json":{"title":"Keveset emeltek a munkaad\u00f3k a b\u00e9reken | Allasorias.hu\/Hirek","description":"Egy felm\u00e9r\u00e9s szerint az infl\u00e1ci\u00f3hoz viszony\u00edtva keveset emeltek a dolgoz\u00f3k b\u00e9r\u00e9n a munkaad\u00f3k. A k\u00f6vetkez\u0151 id\u0151szakban a legt\u00f6bben nem terveznek b\u00e9remel\u00e9st.","canonical_url":"https:\/\/allasorias.hu\/hirek\/keveset-emeltek-a-munkaadok-a-bereken\/","robots":"max-image-preview:large","keywords":"b\u00e9remel\u00e9s,re\u00e1lb\u00e9r","webmasterTools":{"miscellaneous":""},"schema":{"@context":"https:\/\/schema.org","@graph":[{"@type":"Article","@id":"https:\/\/allasorias.hu\/hirek\/keveset-emeltek-a-munkaadok-a-bereken\/#article","name":"Keveset emeltek a munkaad\u00f3k a b\u00e9reken | Allasorias.hu\/Hirek","headline":"Keveset emeltek a munkaad\u00f3k a b\u00e9reken","author":{"@id":"https:\/\/allasorias.hu\/hirek\/author\/admin-allasorias\/#author"},"publisher":{"@id":"https:\/\/allasorias.hu\/hirek\/#organization"},"image":{"@type":"ImageObject","url":"https:\/\/allasorias.hu\/hirek\/wp-content\/uploads\/2023\/08\/beremeles2023.jpg","width":1280,"height":854,"caption":"Keveset emeltek a munkaad\u00f3k a b\u00e9reken - Allasorias.hu\/Hirek"},"datePublished":"2023-08-14T06:58:08+02:00","dateModified":"2023-08-14T06:59:36+02:00","inLanguage":"hu-HU","mainEntityOfPage":{"@id":"https:\/\/allasorias.hu\/hirek\/keveset-emeltek-a-munkaadok-a-bereken\/#webpage"},"isPartOf":{"@id":"https:\/\/allasorias.hu\/hirek\/keveset-emeltek-a-munkaadok-a-bereken\/#webpage"},"articleSection":"Munkaer\u0151piac, b\u00e9remel\u00e9s, re\u00e1lb\u00e9r"},{"@type":"BreadcrumbList","@id":"https:\/\/allasorias.hu\/hirek\/keveset-emeltek-a-munkaadok-a-bereken\/#breadcrumblist","itemListElement":[{"@type":"ListItem","@id":"https:\/\/allasorias.hu\/hirek#listItem","position":1,"name":"Home","item":"https:\/\/allasorias.hu\/hirek","nextItem":{"@type":"ListItem","@id":"https:\/\/allasorias.hu\/hirek\/temak\/munkaeropiac\/#listItem","name":"Munkaer\u0151piac"}},{"@type":"ListItem","@id":"https:\/\/allasorias.hu\/hirek\/temak\/munkaeropiac\/#listItem","position":2,"name":"Munkaer\u0151piac","item":"https:\/\/allasorias.hu\/hirek\/temak\/munkaeropiac\/","nextItem":{"@type":"ListItem","@id":"https:\/\/allasorias.hu\/hirek\/keveset-emeltek-a-munkaadok-a-bereken\/#listItem","name":"Keveset emeltek a munkaad\u00f3k a b\u00e9reken"},"previousItem":{"@type":"ListItem","@id":"https:\/\/allasorias.hu\/hirek#listItem","name":"Home"}},{"@type":"ListItem","@id":"https:\/\/allasorias.hu\/hirek\/keveset-emeltek-a-munkaadok-a-bereken\/#listItem","position":3,"name":"Keveset emeltek a munkaad\u00f3k a b\u00e9reken","previousItem":{"@type":"ListItem","@id":"https:\/\/allasorias.hu\/hirek\/temak\/munkaeropiac\/#listItem","name":"Munkaer\u0151piac"}}]},{"@type":"Organization","@id":"https:\/\/allasorias.hu\/hirek\/#organization","name":"AllasOrias.hu | H\u00edrek-lapszemle","description":"\u00dczleti h\u00edrek az \u00e1ll\u00e1s \u00e9s a munka vil\u00e1g\u00e1b\u00f3l","url":"https:\/\/allasorias.hu\/hirek\/","logo":{"@type":"ImageObject","url":"https:\/\/allasorias.hu\/hirek\/wp-content\/uploads\/2022\/10\/allasorias_site_facebok_logo.png","@id":"https:\/\/allasorias.hu\/hirek\/keveset-emeltek-a-munkaadok-a-bereken\/#organizationLogo"},"image":{"@id":"https:\/\/allasorias.hu\/hirek\/keveset-emeltek-a-munkaadok-a-bereken\/#organizationLogo"},"sameAs":["https:\/\/www.facebook.com\/allasorias","https:\/\/www.linkedin.com\/company\/allasorias"]},{"@type":"Person","@id":"https:\/\/allasorias.hu\/hirek\/author\/admin-allasorias\/#author","url":"https:\/\/allasorias.hu\/hirek\/author\/admin-allasorias\/","name":"Juh\u00e1sz P\u00e9ter","image":{"@type":"ImageObject","@id":"https:\/\/allasorias.hu\/hirek\/keveset-emeltek-a-munkaadok-a-bereken\/#authorImage","url":"https:\/\/secure.gravatar.com\/avatar\/36e6bcb83148978b992977cb0f54d22feb0cce8a0a849a9410532bb2623ba4c6?s=96&d=mm&r=g","width":96,"height":96,"caption":"Juh\u00e1sz P\u00e9ter"}},{"@type":"WebPage","@id":"https:\/\/allasorias.hu\/hirek\/keveset-emeltek-a-munkaadok-a-bereken\/#webpage","url":"https:\/\/allasorias.hu\/hirek\/keveset-emeltek-a-munkaadok-a-bereken\/","name":"Keveset emeltek a munkaad\u00f3k a b\u00e9reken | Allasorias.hu\/Hirek","description":"Egy felm\u00e9r\u00e9s szerint az infl\u00e1ci\u00f3hoz viszony\u00edtva keveset emeltek a dolgoz\u00f3k b\u00e9r\u00e9n a munkaad\u00f3k. A k\u00f6vetkez\u0151 id\u0151szakban a legt\u00f6bben nem terveznek b\u00e9remel\u00e9st.","inLanguage":"hu-HU","isPartOf":{"@id":"https:\/\/allasorias.hu\/hirek\/#website"},"breadcrumb":{"@id":"https:\/\/allasorias.hu\/hirek\/keveset-emeltek-a-munkaadok-a-bereken\/#breadcrumblist"},"author":{"@id":"https:\/\/allasorias.hu\/hirek\/author\/admin-allasorias\/#author"},"creator":{"@id":"https:\/\/allasorias.hu\/hirek\/author\/admin-allasorias\/#author"},"image":{"@type":"ImageObject","url":"https:\/\/allasorias.hu\/hirek\/wp-content\/uploads\/2023\/08\/beremeles2023.jpg","@id":"https:\/\/allasorias.hu\/hirek\/keveset-emeltek-a-munkaadok-a-bereken\/#mainImage","width":1280,"height":854,"caption":"Keveset emeltek a munkaad\u00f3k a b\u00e9reken - Allasorias.hu\/Hirek"},"primaryImageOfPage":{"@id":"https:\/\/allasorias.hu\/hirek\/keveset-emeltek-a-munkaadok-a-bereken\/#mainImage"},"datePublished":"2023-08-14T06:58:08+02:00","dateModified":"2023-08-14T06:59:36+02:00"},{"@type":"WebSite","@id":"https:\/\/allasorias.hu\/hirek\/#website","url":"https:\/\/allasorias.hu\/hirek\/","name":"AllasOrias.hu | H\u00edrek-lapszemle","description":"\u00dczleti h\u00edrek az \u00e1ll\u00e1s \u00e9s a munka vil\u00e1g\u00e1b\u00f3l","inLanguage":"hu-HU","publisher":{"@id":"https:\/\/allasorias.hu\/hirek\/#organization"}}]},"og:locale":"hu_HU","og:site_name":"AllasOrias.hu | H\u00edrek-lapszemle | \u00dczleti h\u00edrek az \u00e1ll\u00e1s \u00e9s a munka vil\u00e1g\u00e1b\u00f3l","og:type":"article","og:title":"Keveset emeltek a munkaad\u00f3k a b\u00e9reken | Allasorias.hu\/Hirek","og:description":"Egy felm\u00e9r\u00e9s szerint az infl\u00e1ci\u00f3hoz viszony\u00edtva keveset emeltek a dolgoz\u00f3k b\u00e9r\u00e9n a munkaad\u00f3k. A k\u00f6vetkez\u0151 id\u0151szakban a legt\u00f6bben nem terveznek b\u00e9remel\u00e9st.","og:url":"https:\/\/allasorias.hu\/hirek\/keveset-emeltek-a-munkaadok-a-bereken\/","og:image":"https:\/\/allasorias.hu\/hirek\/wp-content\/uploads\/2023\/08\/beremeles2023.jpg","og:image:secure_url":"https:\/\/allasorias.hu\/hirek\/wp-content\/uploads\/2023\/08\/beremeles2023.jpg","og:image:width":1280,"og:image:height":854,"article:published_time":"2023-08-14T06:58:08+00:00","article:modified_time":"2023-08-14T06:59:36+00:00","article:publisher":"https:\/\/www.facebook.com\/allasorias","twitter:card":"summary_large_image","twitter:title":"Keveset emeltek a munkaad\u00f3k a b\u00e9reken | Allasorias.hu\/Hirek","twitter:description":"Egy felm\u00e9r\u00e9s szerint az infl\u00e1ci\u00f3hoz viszony\u00edtva keveset emeltek a dolgoz\u00f3k b\u00e9r\u00e9n a munkaad\u00f3k. A k\u00f6vetkez\u0151 id\u0151szakban a legt\u00f6bben nem terveznek b\u00e9remel\u00e9st.","twitter:image":"https:\/\/allasorias.hu\/hirek\/wp-content\/uploads\/2023\/08\/beremeles2023.jpg","twitter:label1":"Written by","twitter:data1":"Juh\u00e1sz P\u00e9ter","twitter:label2":"Est. reading time","twitter:data2":"2 minutes"},"aioseo_meta_data":{"post_id":"6705","title":"#post_title | Allasorias.hu\/Hirek","description":"Egy felm\u00e9r\u00e9s szerint az infl\u00e1ci\u00f3hoz viszony\u00edtva keveset emeltek a dolgoz\u00f3k b\u00e9r\u00e9n a munkaad\u00f3k. A k\u00f6vetkez\u0151 id\u0151szakban a legt\u00f6bben nem terveznek b\u00e9remel\u00e9st.","keywords":[],"keyphrases":{"focus":{"keyphrase":"","score":0,"analysis":{"keyphraseInTitle":{"score":0,"maxScore":9,"error":1}}},"additional":[]},"primary_term":null,"canonical_url":null,"og_title":null,"og_description":null,"og_object_type":"default","og_image_type":"default","og_image_url":null,"og_image_width":null,"og_image_height":null,"og_image_custom_url":null,"og_image_custom_fields":null,"og_video":"","og_custom_url":null,"og_article_section":null,"og_article_tags":[],"twitter_use_og":true,"twitter_card":"default","twitter_image_type":"default","twitter_image_url":null,"twitter_image_custom_url":null,"twitter_image_custom_fields":null,"twitter_title":null,"twitter_description":null,"schema":{"blockGraphs":[],"customGraphs":[],"default":{"data":{"Article":[],"Course":[],"Dataset":[],"FAQPage":[],"Movie":[],"Person":[],"Product":[],"ProductReview":[],"Car":[],"Recipe":[],"Service":[],"SoftwareApplication":[],"WebPage":[]},"graphName":"Article","isEnabled":true},"graphs":[]},"schema_type":"default","schema_type_options":null,"pillar_content":false,"robots_default":true,"robots_noindex":false,"robots_noarchive":false,"robots_nosnippet":false,"robots_nofollow":false,"robots_noimageindex":false,"robots_noodp":false,"robots_notranslate":false,"robots_max_snippet":"-1","robots_max_videopreview":"-1","robots_max_imagepreview":"large","priority":null,"frequency":"default","location":null,"local_seo":null,"breadcrumb_settings":null,"limit_modified_date":false,"ai":null,"created":"2023-08-14 06:37:48","updated":"2025-10-02 18:57:54","seo_analyzer_scan_date":null,"focus_keyword":null,"additional_keywords":null,"truseo_locale":null},"aioseo_breadcrumb":"<div class=\"aioseo-breadcrumbs\"><span class=\"aioseo-breadcrumb\">\n\t\t\t<a href=\"https:\/\/allasorias.hu\/hirek\" title=\"Home\">Home<\/a>\n\t\t<\/span><span class=\"aioseo-breadcrumb-separator\">&raquo;<\/span><span class=\"aioseo-breadcrumb\">\n\t\t\t<a href=\"https:\/\/allasorias.hu\/hirek\/temak\/munkaeropiac\/\" title=\"Munkaer\u0151piac\">Munkaer\u0151piac<\/a>\n\t\t<\/span><span class=\"aioseo-breadcrumb-separator\">&raquo;<\/span><span class=\"aioseo-breadcrumb\">\n\t\t\tKeveset emeltek a munkaad\u00f3k a b\u00e9reken\n\t\t<\/span><\/div>","aioseo_breadcrumb_json":[{"label":"Home","link":"https:\/\/allasorias.hu\/hirek"},{"label":"Munkaer\u0151piac","link":"https:\/\/allasorias.hu\/hirek\/temak\/munkaeropiac\/"},{"label":"Keveset emeltek a munkaad\u00f3k a b\u00e9reken","link":"https:\/\/allasorias.hu\/hirek\/keveset-emeltek-a-munkaadok-a-bereken\/"}],"_links":{"self":[{"href":"https:\/\/allasorias.hu\/hirek\/wp-json\/wp\/v2\/posts\/6705","targetHints":{"allow":["GET"]}}],"collection":[{"href":"https:\/\/allasorias.hu\/hirek\/wp-json\/wp\/v2\/posts"}],"about":[{"href":"https:\/\/allasorias.hu\/hirek\/wp-json\/wp\/v2\/types\/post"}],"author":[{"embeddable":true,"href":"https:\/\/allasorias.hu\/hirek\/wp-json\/wp\/v2\/users\/1"}],"replies":[{"embeddable":true,"href":"https:\/\/allasorias.hu\/hirek\/wp-json\/wp\/v2\/comments?post=6705"}],"version-history":[{"count":3,"href":"https:\/\/allasorias.hu\/hirek\/wp-json\/wp\/v2\/posts\/6705\/revisions"}],"predecessor-version":[{"id":6709,"href":"https:\/\/allasorias.hu\/hirek\/wp-json\/wp\/v2\/posts\/6705\/revisions\/6709"}],"wp:featuredmedia":[{"embeddable":true,"href":"https:\/\/allasorias.hu\/hirek\/wp-json\/wp\/v2\/media\/6706"}],"wp:attachment":[{"href":"https:\/\/allasorias.hu\/hirek\/wp-json\/wp\/v2\/media?parent=6705"}],"wp:term":[{"taxonomy":"category","embeddable":true,"href":"https:\/\/allasorias.hu\/hirek\/wp-json\/wp\/v2\/categories?post=6705"},{"taxonomy":"post_tag","embeddable":true,"href":"https:\/\/allasorias.hu\/hirek\/wp-json\/wp\/v2\/tags?post=6705"}],"curies":[{"name":"wp","href":"https:\/\/api.w.org\/{rel}","templated":true}]}}