{"id":6695,"date":"2023-08-10T07:00:25","date_gmt":"2023-08-10T07:00:25","guid":{"rendered":"https:\/\/allasorias.hu\/hirek\/?p=6695"},"modified":"2023-08-10T07:00:25","modified_gmt":"2023-08-10T07:00:25","slug":"kulonleges-kepzesek-a-magyar-agrar-es-elettudomanyi-egyetemen","status":"publish","type":"post","link":"https:\/\/allasorias.hu\/hirek\/kulonleges-kepzesek-a-magyar-agrar-es-elettudomanyi-egyetemen\/","title":{"rendered":"K\u00fcl\u00f6nleges k\u00e9pz\u00e9sek a Magyar Agr\u00e1r- \u00e9s \u00c9lettudom\u00e1nyi Egyetemen"},"content":{"rendered":"<p><strong>\u00daj k\u00e9pz\u00e9sek indulnak a Magyar Agr\u00e1r- \u00e9s \u00c9lettudom\u00e1nyi Egyetemen az id\u00e9n.\u00a0<\/strong><\/p>\n<p>A leg\u00fajabb trendek \u00e9s ismeretek k\u00f6vet\u00e9se a diplom\u00e1val rendelkez\u0151k sz\u00e1m\u00e1ra is rendk\u00edv\u00fcli el\u0151nyt jelent a munkaer\u0151piacon. Ehhez ny\u00fajtanak kiv\u00e1l\u00f3 lehet\u0151s\u00e9get a MATE szeptemberben indul\u00f3 szakir\u00e1ny\u00fa tov\u00e1bbk\u00e9pz\u00e9sei, melyek k\u00f6z\u00fcl az \u00e9lelmiszeripari digitaliz\u00e1ci\u00f3s szakm\u00e9rn\u00f6k\/szaktan\u00e1csad\u00f3, a hivat\u00e1sos l\u00f3teny\u00e9szt\u0151 szakm\u00e9rn\u00f6k\/szakember, valamint a leveg\u0151tisztas\u00e1g-v\u00e9delmi szakir\u00e1ny\u00fa tov\u00e1bbk\u00e9pz\u00e9seket id\u00e9n hirdeti el\u0151sz\u00f6r az egyetem.<\/p>\n<p>Az \u00faj budapesti <strong>\u00e9lelmiszeripari digitaliz\u00e1ci\u00f3s szakm\u00e9rn\u00f6k\/szaktan\u00e1csad\u00f3<\/strong> szakir\u00e1ny\u00fa tov\u00e1bbk\u00e9pz\u00e9s c\u00e9lja olyan szakemberek k\u00e9pz\u00e9se, akik ipari m\u00e9r\u00e9stechnikai, automatiz\u00e1l\u00e1si, komplex adatelemz\u00e9si \u00e9s adatb\u00e1ny\u00e1szati, valamint d\u00f6nt\u00e9sel\u0151k\u00e9sz\u00edt\u00e9si ismereteik birtok\u00e1ban hat\u00e9konyan tudj\u00e1k fel\u00fcgyelni, ellen\u0151rizni \u00e9s fejleszteni a biztons\u00e1gos \u00e9s kiv\u00e1l\u00f3 min\u0151s\u00e9g\u0171, az emberi t\u00e1pl\u00e1lkoz\u00e1sra minden tekintetben alkalmas \u00e9lelmiszer el\u0151\u00e1ll\u00edt\u00e1s\u00e1nak folyamat\u00e1t \u00e9s forgalmaz\u00e1s\u00e1t.<\/p>\n<p>A <strong>hivat\u00e1sos l\u00f3teny\u00e9szt\u0151<\/strong> szakir\u00e1ny\u00fa tov\u00e1bbk\u00e9pz\u00e9sre els\u0151sorban olyan jelentkez\u0151ket v\u00e1rnak, akik nyitottak a lovakkal, l\u00f3teny\u00e9szt\u00e9ssel kapcsolatos elm\u00e9leti \u00e9s gyakorlati ismeretek, valamint a v\u00e1lasztott tudom\u00e1nyter\u00fcleten l\u00e9v\u0151 \u00fajdons\u00e1gok, modern m\u00f3dszerek befogad\u00e1s\u00e1ra. A 3 f\u00e9l\u00e9ves keszthelyi k\u00e9pz\u00e9sen v\u00e9gzettek \u00faj ismereteiket a lovassportban is alkalmazni tudj\u00e1k majd.<\/p>\n<p>A g\u00f6d\u00f6ll\u0151i, 4 f\u00e9l\u00e9ves <strong>leveg\u0151tisztas\u00e1g-v\u00e9delmi<\/strong> szakir\u00e1ny\u00fa tov\u00e1bbk\u00e9pz\u00e9s c\u00e9lja olyan kiemelked\u0151 t\u00e1rgyi, technol\u00f3giai tud\u00e1ssal, valamint naprak\u00e9sz szakmai \u00e9s jogi inform\u00e1ci\u00f3kkal rendelkez\u0151 szakemberek k\u00e9pz\u00e9se, akik a k\u00f6rnyezeti l\u00e9gszennyez\u0151d\u00e9s \u00e9s a k\u00f6rnyezetv\u00e9delem alapvet\u0151 \u00e9s \u00e1tfog\u00f3 hazai, valamint nemzetk\u00f6zi k\u00e9rd\u00e9seinek elm\u00e9ly\u00fclt ismereteivel rendelkeznek. A MATE v\u00e1rja a jelentkez\u00e9seket tov\u00e1bbi szakir\u00e1ny\u00fa tov\u00e1bbk\u00e9pz\u00e9seire is, melyek a mez\u0151gazdas\u00e1gi, m\u0171szaki, gazdas\u00e1gtudom\u00e1nyi \u00e9s pedag\u00f3giai ter\u00fcleteken egyar\u00e1nt el\u00e9rhet\u0151ek. A 2023. \u0151sz\u00e9n indul\u00f3 k\u00e9pz\u00e9sekre <strong>augusztus 15-ig lehet jelentkezni<\/strong> a MATE honlapj\u00e1n.<\/p>\n<p>Forr\u00e1s: <a href=\"https:\/\/www.hellovidek.hu\/eletmod\/2023\/08\/09\/ilyen-se-volt-meg-egyedulallo-tovabbkepzesek-a-videk-egyik-legnagyobb-egyetemen\" target=\"_blank\" rel=\"nofollow noopener noreferrer\">hellovidek.hu<\/a><\/p>\n<p>&nbsp;<\/p>\n","protected":false},"excerpt":{"rendered":"<p>\u00daj k\u00e9pz\u00e9sek indulnak a Magyar Agr\u00e1r- \u00e9s \u00c9lettudom\u00e1nyi Egyetemen az id\u00e9n.\u00a0 A leg\u00fajabb trendek \u00e9s ismeretek k\u00f6vet\u00e9se a diplom\u00e1val rendelkez\u0151k sz\u00e1m\u00e1ra is rendk\u00edv\u00fcli el\u0151nyt jelent a munkaer\u0151piacon. Ehhez ny\u00fajtanak kiv\u00e1l\u00f3 lehet\u0151s\u00e9get a MATE szeptemberben indul\u00f3 szakir\u00e1ny\u00fa tov\u00e1bbk\u00e9pz\u00e9sei, melyek k\u00f6z\u00fcl az \u00e9lelmiszeripari digitaliz\u00e1ci\u00f3s szakm\u00e9rn\u00f6k\/szaktan\u00e1csad\u00f3, a hivat\u00e1sos l\u00f3teny\u00e9szt\u0151 szakm\u00e9rn\u00f6k\/szakember, valamint a leveg\u0151tisztas\u00e1g-v\u00e9delmi szakir\u00e1ny\u00fa tov\u00e1bbk\u00e9pz\u00e9seket id\u00e9n hirdeti el\u0151sz\u00f6r [&hellip;]<\/p>\n","protected":false},"author":1,"featured_media":6696,"comment_status":"open","ping_status":"open","sticky":false,"template":"","format":"standard","meta":{"_monsterinsights_skip_tracking":false,"footnotes":""},"categories":[200],"tags":[380,584],"class_list":["post-6695","post","type-post","status-publish","format-standard","has-post-thumbnail","hentry","category-munkaeropiac","tag-kepzes","tag-mate"],"aioseo_notices":[],"aioseo_head":"\n\t\t<!-- All in One SEO 5.0.0.1 - aioseo.com -->\n\t<meta name=\"description\" content=\"\u00daj k\u00e9pz\u00e9sek indulnak a Magyar Agr\u00e1r- \u00e9s \u00c9lettudom\u00e1nyi Egyetemen az id\u00e9n. \u00c9lelmiszeripari, hivat\u00e1sos l\u00f3teny\u00e9szt\u0151 \u00e9s leveg\u0151tisztas\u00e1g-v\u00e9delmi szakir\u00e1nyok.\" \/>\n\t<meta name=\"robots\" content=\"max-image-preview:large\" \/>\n\t<meta name=\"author\" content=\"Juh\u00e1sz P\u00e9ter\"\/>\n\t<meta name=\"keywords\" content=\"k\u00e9pz\u00e9s,mate\" \/>\n\t<link rel=\"canonical\" href=\"https:\/\/allasorias.hu\/hirek\/kulonleges-kepzesek-a-magyar-agrar-es-elettudomanyi-egyetemen\/\" \/>\n\t<meta name=\"generator\" content=\"All in One SEO (AIOSEO) 5.0.0.1\" \/>\n\t\t<meta property=\"og:locale\" content=\"hu_HU\" \/>\n\t\t<meta property=\"og:site_name\" content=\"AllasOrias.hu | H\u00edrek-lapszemle | \u00dczleti h\u00edrek az \u00e1ll\u00e1s \u00e9s a munka vil\u00e1g\u00e1b\u00f3l\" \/>\n\t\t<meta property=\"og:type\" content=\"article\" \/>\n\t\t<meta property=\"og:title\" content=\"\u00daj k\u00e9pz\u00e9sek a Magyar Agr\u00e1r- \u00e9s \u00c9lettudom\u00e1nyi Egyetemen\" \/>\n\t\t<meta property=\"og:description\" content=\"\u00daj k\u00e9pz\u00e9sek indulnak a Magyar Agr\u00e1r- \u00e9s \u00c9lettudom\u00e1nyi Egyetemen az id\u00e9n. \u00c9lelmiszeripari, hivat\u00e1sos l\u00f3teny\u00e9szt\u0151 \u00e9s leveg\u0151tisztas\u00e1g-v\u00e9delmi szakir\u00e1nyok.\" \/>\n\t\t<meta property=\"og:url\" content=\"https:\/\/allasorias.hu\/hirek\/kulonleges-kepzesek-a-magyar-agrar-es-elettudomanyi-egyetemen\/\" \/>\n\t\t<meta property=\"og:image\" content=\"https:\/\/allasorias.hu\/hirek\/wp-content\/uploads\/2023\/08\/egyetemi-kepzes.jpg\" \/>\n\t\t<meta property=\"og:image:secure_url\" content=\"https:\/\/allasorias.hu\/hirek\/wp-content\/uploads\/2023\/08\/egyetemi-kepzes.jpg\" \/>\n\t\t<meta property=\"og:image:width\" content=\"1280\" \/>\n\t\t<meta property=\"og:image:height\" content=\"853\" \/>\n\t\t<meta property=\"article:published_time\" content=\"2023-08-10T07:00:25+00:00\" \/>\n\t\t<meta property=\"article:modified_time\" content=\"2023-08-10T07:00:25+00:00\" \/>\n\t\t<meta property=\"article:publisher\" content=\"https:\/\/www.facebook.com\/allasorias\" \/>\n\t\t<meta name=\"twitter:card\" content=\"summary_large_image\" \/>\n\t\t<meta name=\"twitter:title\" content=\"\u00daj k\u00e9pz\u00e9sek a Magyar Agr\u00e1r- \u00e9s \u00c9lettudom\u00e1nyi Egyetemen\" \/>\n\t\t<meta name=\"twitter:description\" content=\"\u00daj k\u00e9pz\u00e9sek indulnak a Magyar Agr\u00e1r- \u00e9s \u00c9lettudom\u00e1nyi Egyetemen az id\u00e9n. \u00c9lelmiszeripari, hivat\u00e1sos l\u00f3teny\u00e9szt\u0151 \u00e9s leveg\u0151tisztas\u00e1g-v\u00e9delmi szakir\u00e1nyok.\" \/>\n\t\t<meta name=\"twitter:image\" content=\"https:\/\/allasorias.hu\/hirek\/wp-content\/uploads\/2023\/08\/egyetemi-kepzes.jpg\" \/>\n\t\t<meta name=\"twitter:label1\" content=\"Written by\" \/>\n\t\t<meta name=\"twitter:data1\" content=\"Juh\u00e1sz P\u00e9ter\" \/>\n\t\t<meta name=\"twitter:label2\" content=\"Est. reading time\" \/>\n\t\t<meta name=\"twitter:data2\" content=\"2 minutes\" \/>\n\t\t<script type=\"application\/ld+json\" class=\"aioseo-schema\">\n\t\t\t{\"@context\":\"https:\\\/\\\/schema.org\",\"@graph\":[{\"@type\":\"Article\",\"@id\":\"https:\\\/\\\/allasorias.hu\\\/hirek\\\/kulonleges-kepzesek-a-magyar-agrar-es-elettudomanyi-egyetemen\\\/#article\",\"name\":\"\\u00daj k\\u00e9pz\\u00e9sek a Magyar Agr\\u00e1r- \\u00e9s \\u00c9lettudom\\u00e1nyi Egyetemen\",\"headline\":\"K\\u00fcl\\u00f6nleges k\\u00e9pz\\u00e9sek a Magyar Agr\\u00e1r- \\u00e9s \\u00c9lettudom\\u00e1nyi Egyetemen\",\"author\":{\"@id\":\"https:\\\/\\\/allasorias.hu\\\/hirek\\\/author\\\/admin-allasorias\\\/#author\"},\"publisher\":{\"@id\":\"https:\\\/\\\/allasorias.hu\\\/hirek\\\/#organization\"},\"image\":{\"@type\":\"ImageObject\",\"url\":\"https:\\\/\\\/allasorias.hu\\\/hirek\\\/wp-content\\\/uploads\\\/2023\\\/08\\\/egyetemi-kepzes.jpg\",\"width\":1280,\"height\":853,\"caption\":\"K\\u00fcl\\u00f6nleges k\\u00e9pz\\u00e9sek a Magyar Agr\\u00e1r- \\u00e9s \\u00c9lettudom\\u00e1nyi Egyetem - Allasorias.hu\\\/Hirek\"},\"datePublished\":\"2023-08-10T07:00:25+02:00\",\"dateModified\":\"2023-08-10T07:00:25+02:00\",\"inLanguage\":\"hu-HU\",\"mainEntityOfPage\":{\"@id\":\"https:\\\/\\\/allasorias.hu\\\/hirek\\\/kulonleges-kepzesek-a-magyar-agrar-es-elettudomanyi-egyetemen\\\/#webpage\"},\"isPartOf\":{\"@id\":\"https:\\\/\\\/allasorias.hu\\\/hirek\\\/kulonleges-kepzesek-a-magyar-agrar-es-elettudomanyi-egyetemen\\\/#webpage\"},\"articleSection\":\"Munkaer\\u0151piac, k\\u00e9pz\\u00e9s, MATE\"},{\"@type\":\"BreadcrumbList\",\"@id\":\"https:\\\/\\\/allasorias.hu\\\/hirek\\\/kulonleges-kepzesek-a-magyar-agrar-es-elettudomanyi-egyetemen\\\/#breadcrumblist\",\"itemListElement\":[{\"@type\":\"ListItem\",\"@id\":\"https:\\\/\\\/allasorias.hu\\\/hirek#listItem\",\"position\":1,\"name\":\"Home\",\"item\":\"https:\\\/\\\/allasorias.hu\\\/hirek\",\"nextItem\":{\"@type\":\"ListItem\",\"@id\":\"https:\\\/\\\/allasorias.hu\\\/hirek\\\/temak\\\/munkaeropiac\\\/#listItem\",\"name\":\"Munkaer\\u0151piac\"}},{\"@type\":\"ListItem\",\"@id\":\"https:\\\/\\\/allasorias.hu\\\/hirek\\\/temak\\\/munkaeropiac\\\/#listItem\",\"position\":2,\"name\":\"Munkaer\\u0151piac\",\"item\":\"https:\\\/\\\/allasorias.hu\\\/hirek\\\/temak\\\/munkaeropiac\\\/\",\"nextItem\":{\"@type\":\"ListItem\",\"@id\":\"https:\\\/\\\/allasorias.hu\\\/hirek\\\/kulonleges-kepzesek-a-magyar-agrar-es-elettudomanyi-egyetemen\\\/#listItem\",\"name\":\"K\\u00fcl\\u00f6nleges k\\u00e9pz\\u00e9sek a Magyar Agr\\u00e1r- \\u00e9s \\u00c9lettudom\\u00e1nyi Egyetemen\"},\"previousItem\":{\"@type\":\"ListItem\",\"@id\":\"https:\\\/\\\/allasorias.hu\\\/hirek#listItem\",\"name\":\"Home\"}},{\"@type\":\"ListItem\",\"@id\":\"https:\\\/\\\/allasorias.hu\\\/hirek\\\/kulonleges-kepzesek-a-magyar-agrar-es-elettudomanyi-egyetemen\\\/#listItem\",\"position\":3,\"name\":\"K\\u00fcl\\u00f6nleges k\\u00e9pz\\u00e9sek a Magyar Agr\\u00e1r- \\u00e9s \\u00c9lettudom\\u00e1nyi Egyetemen\",\"previousItem\":{\"@type\":\"ListItem\",\"@id\":\"https:\\\/\\\/allasorias.hu\\\/hirek\\\/temak\\\/munkaeropiac\\\/#listItem\",\"name\":\"Munkaer\\u0151piac\"}}]},{\"@type\":\"Organization\",\"@id\":\"https:\\\/\\\/allasorias.hu\\\/hirek\\\/#organization\",\"name\":\"AllasOrias.hu | H\\u00edrek-lapszemle\",\"description\":\"\\u00dczleti h\\u00edrek az \\u00e1ll\\u00e1s \\u00e9s a munka vil\\u00e1g\\u00e1b\\u00f3l\",\"url\":\"https:\\\/\\\/allasorias.hu\\\/hirek\\\/\",\"logo\":{\"@type\":\"ImageObject\",\"url\":\"https:\\\/\\\/allasorias.hu\\\/hirek\\\/wp-content\\\/uploads\\\/2022\\\/10\\\/allasorias_site_facebok_logo.png\",\"@id\":\"https:\\\/\\\/allasorias.hu\\\/hirek\\\/kulonleges-kepzesek-a-magyar-agrar-es-elettudomanyi-egyetemen\\\/#organizationLogo\"},\"image\":{\"@id\":\"https:\\\/\\\/allasorias.hu\\\/hirek\\\/kulonleges-kepzesek-a-magyar-agrar-es-elettudomanyi-egyetemen\\\/#organizationLogo\"},\"sameAs\":[\"https:\\\/\\\/www.facebook.com\\\/allasorias\",\"https:\\\/\\\/www.linkedin.com\\\/company\\\/allasorias\"]},{\"@type\":\"Person\",\"@id\":\"https:\\\/\\\/allasorias.hu\\\/hirek\\\/author\\\/admin-allasorias\\\/#author\",\"url\":\"https:\\\/\\\/allasorias.hu\\\/hirek\\\/author\\\/admin-allasorias\\\/\",\"name\":\"Juh\\u00e1sz P\\u00e9ter\",\"image\":{\"@type\":\"ImageObject\",\"@id\":\"https:\\\/\\\/allasorias.hu\\\/hirek\\\/kulonleges-kepzesek-a-magyar-agrar-es-elettudomanyi-egyetemen\\\/#authorImage\",\"url\":\"https:\\\/\\\/secure.gravatar.com\\\/avatar\\\/36e6bcb83148978b992977cb0f54d22feb0cce8a0a849a9410532bb2623ba4c6?s=96&d=mm&r=g\",\"width\":96,\"height\":96,\"caption\":\"Juh\\u00e1sz P\\u00e9ter\"}},{\"@type\":\"WebPage\",\"@id\":\"https:\\\/\\\/allasorias.hu\\\/hirek\\\/kulonleges-kepzesek-a-magyar-agrar-es-elettudomanyi-egyetemen\\\/#webpage\",\"url\":\"https:\\\/\\\/allasorias.hu\\\/hirek\\\/kulonleges-kepzesek-a-magyar-agrar-es-elettudomanyi-egyetemen\\\/\",\"name\":\"\\u00daj k\\u00e9pz\\u00e9sek a Magyar Agr\\u00e1r- \\u00e9s \\u00c9lettudom\\u00e1nyi Egyetemen\",\"description\":\"\\u00daj k\\u00e9pz\\u00e9sek indulnak a Magyar Agr\\u00e1r- \\u00e9s \\u00c9lettudom\\u00e1nyi Egyetemen az id\\u00e9n. \\u00c9lelmiszeripari, hivat\\u00e1sos l\\u00f3teny\\u00e9szt\\u0151 \\u00e9s leveg\\u0151tisztas\\u00e1g-v\\u00e9delmi szakir\\u00e1nyok.\",\"inLanguage\":\"hu-HU\",\"isPartOf\":{\"@id\":\"https:\\\/\\\/allasorias.hu\\\/hirek\\\/#website\"},\"breadcrumb\":{\"@id\":\"https:\\\/\\\/allasorias.hu\\\/hirek\\\/kulonleges-kepzesek-a-magyar-agrar-es-elettudomanyi-egyetemen\\\/#breadcrumblist\"},\"author\":{\"@id\":\"https:\\\/\\\/allasorias.hu\\\/hirek\\\/author\\\/admin-allasorias\\\/#author\"},\"creator\":{\"@id\":\"https:\\\/\\\/allasorias.hu\\\/hirek\\\/author\\\/admin-allasorias\\\/#author\"},\"image\":{\"@type\":\"ImageObject\",\"url\":\"https:\\\/\\\/allasorias.hu\\\/hirek\\\/wp-content\\\/uploads\\\/2023\\\/08\\\/egyetemi-kepzes.jpg\",\"@id\":\"https:\\\/\\\/allasorias.hu\\\/hirek\\\/kulonleges-kepzesek-a-magyar-agrar-es-elettudomanyi-egyetemen\\\/#mainImage\",\"width\":1280,\"height\":853,\"caption\":\"K\\u00fcl\\u00f6nleges k\\u00e9pz\\u00e9sek a Magyar Agr\\u00e1r- \\u00e9s \\u00c9lettudom\\u00e1nyi Egyetem - Allasorias.hu\\\/Hirek\"},\"primaryImageOfPage\":{\"@id\":\"https:\\\/\\\/allasorias.hu\\\/hirek\\\/kulonleges-kepzesek-a-magyar-agrar-es-elettudomanyi-egyetemen\\\/#mainImage\"},\"datePublished\":\"2023-08-10T07:00:25+02:00\",\"dateModified\":\"2023-08-10T07:00:25+02:00\"},{\"@type\":\"WebSite\",\"@id\":\"https:\\\/\\\/allasorias.hu\\\/hirek\\\/#website\",\"url\":\"https:\\\/\\\/allasorias.hu\\\/hirek\\\/\",\"name\":\"AllasOrias.hu | H\\u00edrek-lapszemle\",\"description\":\"\\u00dczleti h\\u00edrek az \\u00e1ll\\u00e1s \\u00e9s a munka vil\\u00e1g\\u00e1b\\u00f3l\",\"inLanguage\":\"hu-HU\",\"publisher\":{\"@id\":\"https:\\\/\\\/allasorias.hu\\\/hirek\\\/#organization\"}}]}\n\t\t<\/script>\n\t\t<!-- All in One SEO -->\n\n","aioseo_head_json":{"title":"\u00daj k\u00e9pz\u00e9sek a Magyar Agr\u00e1r- \u00e9s \u00c9lettudom\u00e1nyi Egyetemen","description":"\u00daj k\u00e9pz\u00e9sek indulnak a Magyar Agr\u00e1r- \u00e9s \u00c9lettudom\u00e1nyi Egyetemen az id\u00e9n. \u00c9lelmiszeripari, hivat\u00e1sos l\u00f3teny\u00e9szt\u0151 \u00e9s leveg\u0151tisztas\u00e1g-v\u00e9delmi szakir\u00e1nyok.","canonical_url":"https:\/\/allasorias.hu\/hirek\/kulonleges-kepzesek-a-magyar-agrar-es-elettudomanyi-egyetemen\/","robots":"max-image-preview:large","keywords":"k\u00e9pz\u00e9s,mate","webmasterTools":{"miscellaneous":""},"schema":{"@context":"https:\/\/schema.org","@graph":[{"@type":"Article","@id":"https:\/\/allasorias.hu\/hirek\/kulonleges-kepzesek-a-magyar-agrar-es-elettudomanyi-egyetemen\/#article","name":"\u00daj k\u00e9pz\u00e9sek a Magyar Agr\u00e1r- \u00e9s \u00c9lettudom\u00e1nyi Egyetemen","headline":"K\u00fcl\u00f6nleges k\u00e9pz\u00e9sek a Magyar Agr\u00e1r- \u00e9s \u00c9lettudom\u00e1nyi Egyetemen","author":{"@id":"https:\/\/allasorias.hu\/hirek\/author\/admin-allasorias\/#author"},"publisher":{"@id":"https:\/\/allasorias.hu\/hirek\/#organization"},"image":{"@type":"ImageObject","url":"https:\/\/allasorias.hu\/hirek\/wp-content\/uploads\/2023\/08\/egyetemi-kepzes.jpg","width":1280,"height":853,"caption":"K\u00fcl\u00f6nleges k\u00e9pz\u00e9sek a Magyar Agr\u00e1r- \u00e9s \u00c9lettudom\u00e1nyi Egyetem - Allasorias.hu\/Hirek"},"datePublished":"2023-08-10T07:00:25+02:00","dateModified":"2023-08-10T07:00:25+02:00","inLanguage":"hu-HU","mainEntityOfPage":{"@id":"https:\/\/allasorias.hu\/hirek\/kulonleges-kepzesek-a-magyar-agrar-es-elettudomanyi-egyetemen\/#webpage"},"isPartOf":{"@id":"https:\/\/allasorias.hu\/hirek\/kulonleges-kepzesek-a-magyar-agrar-es-elettudomanyi-egyetemen\/#webpage"},"articleSection":"Munkaer\u0151piac, k\u00e9pz\u00e9s, MATE"},{"@type":"BreadcrumbList","@id":"https:\/\/allasorias.hu\/hirek\/kulonleges-kepzesek-a-magyar-agrar-es-elettudomanyi-egyetemen\/#breadcrumblist","itemListElement":[{"@type":"ListItem","@id":"https:\/\/allasorias.hu\/hirek#listItem","position":1,"name":"Home","item":"https:\/\/allasorias.hu\/hirek","nextItem":{"@type":"ListItem","@id":"https:\/\/allasorias.hu\/hirek\/temak\/munkaeropiac\/#listItem","name":"Munkaer\u0151piac"}},{"@type":"ListItem","@id":"https:\/\/allasorias.hu\/hirek\/temak\/munkaeropiac\/#listItem","position":2,"name":"Munkaer\u0151piac","item":"https:\/\/allasorias.hu\/hirek\/temak\/munkaeropiac\/","nextItem":{"@type":"ListItem","@id":"https:\/\/allasorias.hu\/hirek\/kulonleges-kepzesek-a-magyar-agrar-es-elettudomanyi-egyetemen\/#listItem","name":"K\u00fcl\u00f6nleges k\u00e9pz\u00e9sek a Magyar Agr\u00e1r- \u00e9s \u00c9lettudom\u00e1nyi Egyetemen"},"previousItem":{"@type":"ListItem","@id":"https:\/\/allasorias.hu\/hirek#listItem","name":"Home"}},{"@type":"ListItem","@id":"https:\/\/allasorias.hu\/hirek\/kulonleges-kepzesek-a-magyar-agrar-es-elettudomanyi-egyetemen\/#listItem","position":3,"name":"K\u00fcl\u00f6nleges k\u00e9pz\u00e9sek a Magyar Agr\u00e1r- \u00e9s \u00c9lettudom\u00e1nyi Egyetemen","previousItem":{"@type":"ListItem","@id":"https:\/\/allasorias.hu\/hirek\/temak\/munkaeropiac\/#listItem","name":"Munkaer\u0151piac"}}]},{"@type":"Organization","@id":"https:\/\/allasorias.hu\/hirek\/#organization","name":"AllasOrias.hu | H\u00edrek-lapszemle","description":"\u00dczleti h\u00edrek az \u00e1ll\u00e1s \u00e9s a munka vil\u00e1g\u00e1b\u00f3l","url":"https:\/\/allasorias.hu\/hirek\/","logo":{"@type":"ImageObject","url":"https:\/\/allasorias.hu\/hirek\/wp-content\/uploads\/2022\/10\/allasorias_site_facebok_logo.png","@id":"https:\/\/allasorias.hu\/hirek\/kulonleges-kepzesek-a-magyar-agrar-es-elettudomanyi-egyetemen\/#organizationLogo"},"image":{"@id":"https:\/\/allasorias.hu\/hirek\/kulonleges-kepzesek-a-magyar-agrar-es-elettudomanyi-egyetemen\/#organizationLogo"},"sameAs":["https:\/\/www.facebook.com\/allasorias","https:\/\/www.linkedin.com\/company\/allasorias"]},{"@type":"Person","@id":"https:\/\/allasorias.hu\/hirek\/author\/admin-allasorias\/#author","url":"https:\/\/allasorias.hu\/hirek\/author\/admin-allasorias\/","name":"Juh\u00e1sz P\u00e9ter","image":{"@type":"ImageObject","@id":"https:\/\/allasorias.hu\/hirek\/kulonleges-kepzesek-a-magyar-agrar-es-elettudomanyi-egyetemen\/#authorImage","url":"https:\/\/secure.gravatar.com\/avatar\/36e6bcb83148978b992977cb0f54d22feb0cce8a0a849a9410532bb2623ba4c6?s=96&d=mm&r=g","width":96,"height":96,"caption":"Juh\u00e1sz P\u00e9ter"}},{"@type":"WebPage","@id":"https:\/\/allasorias.hu\/hirek\/kulonleges-kepzesek-a-magyar-agrar-es-elettudomanyi-egyetemen\/#webpage","url":"https:\/\/allasorias.hu\/hirek\/kulonleges-kepzesek-a-magyar-agrar-es-elettudomanyi-egyetemen\/","name":"\u00daj k\u00e9pz\u00e9sek a Magyar Agr\u00e1r- \u00e9s \u00c9lettudom\u00e1nyi Egyetemen","description":"\u00daj k\u00e9pz\u00e9sek indulnak a Magyar Agr\u00e1r- \u00e9s \u00c9lettudom\u00e1nyi Egyetemen az id\u00e9n. \u00c9lelmiszeripari, hivat\u00e1sos l\u00f3teny\u00e9szt\u0151 \u00e9s leveg\u0151tisztas\u00e1g-v\u00e9delmi szakir\u00e1nyok.","inLanguage":"hu-HU","isPartOf":{"@id":"https:\/\/allasorias.hu\/hirek\/#website"},"breadcrumb":{"@id":"https:\/\/allasorias.hu\/hirek\/kulonleges-kepzesek-a-magyar-agrar-es-elettudomanyi-egyetemen\/#breadcrumblist"},"author":{"@id":"https:\/\/allasorias.hu\/hirek\/author\/admin-allasorias\/#author"},"creator":{"@id":"https:\/\/allasorias.hu\/hirek\/author\/admin-allasorias\/#author"},"image":{"@type":"ImageObject","url":"https:\/\/allasorias.hu\/hirek\/wp-content\/uploads\/2023\/08\/egyetemi-kepzes.jpg","@id":"https:\/\/allasorias.hu\/hirek\/kulonleges-kepzesek-a-magyar-agrar-es-elettudomanyi-egyetemen\/#mainImage","width":1280,"height":853,"caption":"K\u00fcl\u00f6nleges k\u00e9pz\u00e9sek a Magyar Agr\u00e1r- \u00e9s \u00c9lettudom\u00e1nyi Egyetem - Allasorias.hu\/Hirek"},"primaryImageOfPage":{"@id":"https:\/\/allasorias.hu\/hirek\/kulonleges-kepzesek-a-magyar-agrar-es-elettudomanyi-egyetemen\/#mainImage"},"datePublished":"2023-08-10T07:00:25+02:00","dateModified":"2023-08-10T07:00:25+02:00"},{"@type":"WebSite","@id":"https:\/\/allasorias.hu\/hirek\/#website","url":"https:\/\/allasorias.hu\/hirek\/","name":"AllasOrias.hu | H\u00edrek-lapszemle","description":"\u00dczleti h\u00edrek az \u00e1ll\u00e1s \u00e9s a munka vil\u00e1g\u00e1b\u00f3l","inLanguage":"hu-HU","publisher":{"@id":"https:\/\/allasorias.hu\/hirek\/#organization"}}]},"og:locale":"hu_HU","og:site_name":"AllasOrias.hu | H\u00edrek-lapszemle | \u00dczleti h\u00edrek az \u00e1ll\u00e1s \u00e9s a munka vil\u00e1g\u00e1b\u00f3l","og:type":"article","og:title":"\u00daj k\u00e9pz\u00e9sek a Magyar Agr\u00e1r- \u00e9s \u00c9lettudom\u00e1nyi Egyetemen","og:description":"\u00daj k\u00e9pz\u00e9sek indulnak a Magyar Agr\u00e1r- \u00e9s \u00c9lettudom\u00e1nyi Egyetemen az id\u00e9n. \u00c9lelmiszeripari, hivat\u00e1sos l\u00f3teny\u00e9szt\u0151 \u00e9s leveg\u0151tisztas\u00e1g-v\u00e9delmi szakir\u00e1nyok.","og:url":"https:\/\/allasorias.hu\/hirek\/kulonleges-kepzesek-a-magyar-agrar-es-elettudomanyi-egyetemen\/","og:image":"https:\/\/allasorias.hu\/hirek\/wp-content\/uploads\/2023\/08\/egyetemi-kepzes.jpg","og:image:secure_url":"https:\/\/allasorias.hu\/hirek\/wp-content\/uploads\/2023\/08\/egyetemi-kepzes.jpg","og:image:width":1280,"og:image:height":853,"article:published_time":"2023-08-10T07:00:25+00:00","article:modified_time":"2023-08-10T07:00:25+00:00","article:publisher":"https:\/\/www.facebook.com\/allasorias","twitter:card":"summary_large_image","twitter:title":"\u00daj k\u00e9pz\u00e9sek a Magyar Agr\u00e1r- \u00e9s \u00c9lettudom\u00e1nyi Egyetemen","twitter:description":"\u00daj k\u00e9pz\u00e9sek indulnak a Magyar Agr\u00e1r- \u00e9s \u00c9lettudom\u00e1nyi Egyetemen az id\u00e9n. \u00c9lelmiszeripari, hivat\u00e1sos l\u00f3teny\u00e9szt\u0151 \u00e9s leveg\u0151tisztas\u00e1g-v\u00e9delmi szakir\u00e1nyok.","twitter:image":"https:\/\/allasorias.hu\/hirek\/wp-content\/uploads\/2023\/08\/egyetemi-kepzes.jpg","twitter:label1":"Written by","twitter:data1":"Juh\u00e1sz P\u00e9ter","twitter:label2":"Est. reading time","twitter:data2":"2 minutes"},"aioseo_meta_data":{"post_id":"6695","title":"\u00daj k\u00e9pz\u00e9sek a Magyar Agr\u00e1r- \u00e9s \u00c9lettudom\u00e1nyi Egyetemen","description":"\u00daj k\u00e9pz\u00e9sek indulnak a Magyar Agr\u00e1r- \u00e9s \u00c9lettudom\u00e1nyi Egyetemen az id\u00e9n. \u00c9lelmiszeripari, hivat\u00e1sos l\u00f3teny\u00e9szt\u0151 \u00e9s leveg\u0151tisztas\u00e1g-v\u00e9delmi szakir\u00e1nyok.","keywords":[],"keyphrases":{"focus":{"keyphrase":"","score":0,"analysis":{"keyphraseInTitle":{"score":0,"maxScore":9,"error":1}}},"additional":[]},"primary_term":null,"canonical_url":null,"og_title":null,"og_description":null,"og_object_type":"default","og_image_type":"default","og_image_url":null,"og_image_width":null,"og_image_height":null,"og_image_custom_url":null,"og_image_custom_fields":null,"og_video":"","og_custom_url":null,"og_article_section":null,"og_article_tags":[],"twitter_use_og":true,"twitter_card":"default","twitter_image_type":"default","twitter_image_url":null,"twitter_image_custom_url":null,"twitter_image_custom_fields":null,"twitter_title":null,"twitter_description":null,"schema":{"blockGraphs":[],"customGraphs":[],"default":{"data":{"Article":[],"Course":[],"Dataset":[],"FAQPage":[],"Movie":[],"Person":[],"Product":[],"ProductReview":[],"Car":[],"Recipe":[],"Service":[],"SoftwareApplication":[],"WebPage":[]},"graphName":"Article","isEnabled":true},"graphs":[]},"schema_type":"default","schema_type_options":null,"pillar_content":false,"robots_default":true,"robots_noindex":false,"robots_noarchive":false,"robots_nosnippet":false,"robots_nofollow":false,"robots_noimageindex":false,"robots_noodp":false,"robots_notranslate":false,"robots_max_snippet":"-1","robots_max_videopreview":"-1","robots_max_imagepreview":"large","priority":null,"frequency":"default","location":null,"local_seo":null,"breadcrumb_settings":null,"limit_modified_date":false,"ai":null,"created":"2023-08-10 06:35:53","updated":"2025-10-02 18:56:39","seo_analyzer_scan_date":null,"focus_keyword":null,"additional_keywords":null,"truseo_locale":null},"aioseo_breadcrumb":"<div class=\"aioseo-breadcrumbs\"><span class=\"aioseo-breadcrumb\">\n\t\t\t<a href=\"https:\/\/allasorias.hu\/hirek\" title=\"Home\">Home<\/a>\n\t\t<\/span><span class=\"aioseo-breadcrumb-separator\">&raquo;<\/span><span class=\"aioseo-breadcrumb\">\n\t\t\t<a href=\"https:\/\/allasorias.hu\/hirek\/temak\/munkaeropiac\/\" title=\"Munkaer\u0151piac\">Munkaer\u0151piac<\/a>\n\t\t<\/span><span class=\"aioseo-breadcrumb-separator\">&raquo;<\/span><span class=\"aioseo-breadcrumb\">\n\t\t\tK\u00fcl\u00f6nleges k\u00e9pz\u00e9sek a Magyar Agr\u00e1r- \u00e9s \u00c9lettudom\u00e1nyi Egyetemen\n\t\t<\/span><\/div>","aioseo_breadcrumb_json":[{"label":"Home","link":"https:\/\/allasorias.hu\/hirek"},{"label":"Munkaer\u0151piac","link":"https:\/\/allasorias.hu\/hirek\/temak\/munkaeropiac\/"},{"label":"K\u00fcl\u00f6nleges k\u00e9pz\u00e9sek a Magyar Agr\u00e1r- \u00e9s \u00c9lettudom\u00e1nyi Egyetemen","link":"https:\/\/allasorias.hu\/hirek\/kulonleges-kepzesek-a-magyar-agrar-es-elettudomanyi-egyetemen\/"}],"_links":{"self":[{"href":"https:\/\/allasorias.hu\/hirek\/wp-json\/wp\/v2\/posts\/6695","targetHints":{"allow":["GET"]}}],"collection":[{"href":"https:\/\/allasorias.hu\/hirek\/wp-json\/wp\/v2\/posts"}],"about":[{"href":"https:\/\/allasorias.hu\/hirek\/wp-json\/wp\/v2\/types\/post"}],"author":[{"embeddable":true,"href":"https:\/\/allasorias.hu\/hirek\/wp-json\/wp\/v2\/users\/1"}],"replies":[{"embeddable":true,"href":"https:\/\/allasorias.hu\/hirek\/wp-json\/wp\/v2\/comments?post=6695"}],"version-history":[{"count":1,"href":"https:\/\/allasorias.hu\/hirek\/wp-json\/wp\/v2\/posts\/6695\/revisions"}],"predecessor-version":[{"id":6697,"href":"https:\/\/allasorias.hu\/hirek\/wp-json\/wp\/v2\/posts\/6695\/revisions\/6697"}],"wp:featuredmedia":[{"embeddable":true,"href":"https:\/\/allasorias.hu\/hirek\/wp-json\/wp\/v2\/media\/6696"}],"wp:attachment":[{"href":"https:\/\/allasorias.hu\/hirek\/wp-json\/wp\/v2\/media?parent=6695"}],"wp:term":[{"taxonomy":"category","embeddable":true,"href":"https:\/\/allasorias.hu\/hirek\/wp-json\/wp\/v2\/categories?post=6695"},{"taxonomy":"post_tag","embeddable":true,"href":"https:\/\/allasorias.hu\/hirek\/wp-json\/wp\/v2\/tags?post=6695"}],"curies":[{"name":"wp","href":"https:\/\/api.w.org\/{rel}","templated":true}]}}