{"id":6683,"date":"2023-08-04T10:58:13","date_gmt":"2023-08-04T10:58:13","guid":{"rendered":"https:\/\/allasorias.hu\/hirek\/?p=6683"},"modified":"2023-08-04T10:58:13","modified_gmt":"2023-08-04T10:58:13","slug":"karrierlehetoseget-es-piackepes-tudast-kinalnak","status":"publish","type":"post","link":"https:\/\/allasorias.hu\/hirek\/karrierlehetoseget-es-piackepes-tudast-kinalnak\/","title":{"rendered":"Karrierlehet\u0151s\u00e9get \u00e9s piack\u00e9pes tud\u00e1st k\u00edn\u00e1lnak"},"content":{"rendered":"<p><strong>A tartalmi, produkci\u00f3s \u00e9s m\u0171szaki ter\u00fclet j\u00f6v\u0151beli szakembereit keresi a K\u00f6zszolg\u00e1lati M\u00e9diaakad\u00e9mia Alap\u00edtv\u00e1ny. A szeptemberben indul\u00f3 ingyenes tehets\u00e9ggondoz\u00f3ra meghosszabb\u00edtott hat\u00e1rid\u0151vel, augusztus 11-ig lehet jelentkezni.<\/strong><\/p>\n<p>Egy h\u00e9ttel meghosszabb\u00edtotta a jelentkez\u00e9si hat\u00e1rid\u0151t ingyenes tehets\u00e9ggondoz\u00f3 programj\u00e1ba a k\u00f6zm\u00e9dia \u2013 k\u00f6z\u00f6lte a M\u00e9diaszolg\u00e1ltat\u00e1s-t\u00e1mogat\u00f3 \u00e9s Vagyonkezel\u0151 Alap (MTVA) az MTI-vel. A k\u00f6zlem\u00e9ny szerint az MTVA \u201ekarrierlehet\u0151s\u00e9get \u00e9s piack\u00e9pes tud\u00e1st\u201d k\u00edn\u00e1l a m\u00e9dia vagy a m\u00e9diatechnol\u00f3gia ir\u00e1nt \u00e9rdekl\u0151d\u0151, diploma el\u0151tt \u00e1ll\u00f3 vagy frissdiplom\u00e1s fiataloknak. A jelentkez\u0151k megismerhetik a h\u00edr- \u00e9s magazinm\u0171sorok, valamint zen\u00e9s-t\u00e1ncos showm\u0171sorok k\u00e9sz\u00edt\u00e9s\u00e9nek folyamat\u00e1t, vagy v\u00e1laszthatj\u00e1k a m\u0171sorgy\u00e1rt\u00e1s technikai oldal\u00e1t \u2013 tett\u00e9k hozz\u00e1.<\/p>\n<h2>Munka- \u00e9s karrierlehet\u0151s\u00e9g<\/h2>\n<p>Felh\u00edvt\u00e1k a figyelmet arra, hogy a tartalmi, produkci\u00f3s \u00e9s m\u0171szaki ter\u00fclet j\u00f6v\u0151beli szakembereit keresi a K\u00f6zszolg\u00e1lati M\u00e9diaakad\u00e9mia Alap\u00edtv\u00e1ny: a szeptemberben indul\u00f3 ingyenes tehets\u00e9ggondoz\u00f3ra meghosszabb\u00edtott hat\u00e1rid\u0151vel, augusztus 11-ig lehet jelentkezni. \u201eA r\u00e9sztvev\u0151k a szakma legjobbjait\u00f3l tanulhatnak, valamint sz\u00e1mukra kijel\u00f6lt mentor ir\u00e1nymutat\u00e1sa mellett, k\u00f6zvetlen\u00fcl kapcsol\u00f3dhatnak be a munkafolyamatokba\u201d \u2013 fogalmaztak a k\u00f6zlem\u00e9nyben. A t\u00f6bb h\u00f3napos program v\u00e9g\u00e9n a leg\u00edg\u00e9retesebb fiatalokra munka- \u00e9s karrierlehet\u0151s\u00e9g v\u00e1rhat; a k\u00f6zm\u00e9dia m\u00e1r sz\u00e1mos jelenlegi munkat\u00e1rs\u00e1t k\u00f6sz\u00f6nheti a tehets\u00e9ggondoz\u00f3nak \u2013 \u00edrja a M\u00e9diaszolg\u00e1ltat\u00e1s-t\u00e1mogat\u00f3 \u00e9s Vagyonkezel\u0151 Alap.<\/p>\n<h2>Eur\u00f3pai szinten kiemelked\u0151 technikai k\u00f6rnyezet<\/h2>\n<p>Kifejtett\u00e9k, hogy a program tartalomgy\u00e1rt\u00e1si vonal\u00e1t v\u00e1laszt\u00f3k elsaj\u00e1t\u00edthatj\u00e1k a r\u00e1di\u00f3s \u00e9s telev\u00edzi\u00f3s szakma alapj\u00e1t jelent\u0151 szerkeszt\u0151i \u00e9s riporteri feladatk\u00f6rt, a gyakorlatban ismerhetik meg a h\u00edr- \u00e9s magazinm\u0171sorok k\u00e9sz\u00edt\u00e9s\u00e9t, valamint olyan showm\u0171sorok r\u00e9szesei lehetnek mint a Csin\u00e1ljuk a fesztiv\u00e1lt! vagy A Dal, ezek mellett egy\u00e9nre szabott besz\u00e9dtechnikai k\u00e9pz\u00e9st is kapnak. Akiket a m\u0171sork\u00e9sz\u00edt\u00e9s technikai oldala vonz, eur\u00f3pai szinten kiemelked\u0151 technikai k\u00f6rnyezetben szerezhetnek tapasztalatot a h\u00edrad\u00e1stechnika, a t\u00e1vk\u00f6zl\u00e9s \u00e9s a m\u0171sorinformatika ter\u00fclet\u00e9n.<\/p>\n<p>A mentor\u00e1ltak m\u00e1shol nem tanulhat\u00f3 munkak\u00f6r\u00f6k alapjait saj\u00e1t\u00edthatj\u00e1k el, \u00e9s izgalmas alkot\u00f3folyamatokban vehetnek r\u00e9szt, mint a 3D telev\u00edzi\u00f3s grafikai tervez\u00e9s vagy a k\u00e9pm\u00e9rn\u00f6k- \u00e9s hangm\u00e9rn\u00f6kfeladatok, hangs\u00falyozza a k\u00f6zlem\u00e9ny. P\u00e1ly\u00e1zni augusztus 11-ig lehet a jelentkezes@mtva.hu e-mail c\u00edmen, b\u0151vebb inform\u00e1ci\u00f3 a <a href=\"http:\/\/media-akademia.hu\" target=\"_blank\" rel=\"nofollow noopener noreferrer\">media-akademia.hu<\/a> oldalon tal\u00e1lhat\u00f3. A program szeptember 18-\u00e1n kezd\u0151dik, \u00e9s a v\u00e9g\u00e9n a legeredm\u00e9nyesebb r\u00e9sztvev\u0151knek a k\u00f6zm\u00e9dia karrierlehet\u0151s\u00e9get biztos\u00edthat \u2013 olvashat\u00f3 az MTVA k\u00f6zlem\u00e9ny\u00e9ben.<\/p>\n<p>Forr\u00e1s: <a href=\"https:\/\/media1.hu\/2023\/08\/04\/meghosszabbitotta-az-mtva-a-jelentkezesi-hataridot-az-utanpotlasnevelojebe\/\" target=\"_blank\" rel=\"nofollow noopener noreferrer\">media1.hu<\/a><\/p>\n<p>&nbsp;<\/p>\n","protected":false},"excerpt":{"rendered":"<p>A tartalmi, produkci\u00f3s \u00e9s m\u0171szaki ter\u00fclet j\u00f6v\u0151beli szakembereit keresi a K\u00f6zszolg\u00e1lati M\u00e9diaakad\u00e9mia Alap\u00edtv\u00e1ny. A szeptemberben indul\u00f3 ingyenes tehets\u00e9ggondoz\u00f3ra meghosszabb\u00edtott hat\u00e1rid\u0151vel, augusztus 11-ig lehet jelentkezni. Egy h\u00e9ttel meghosszabb\u00edtotta a jelentkez\u00e9si hat\u00e1rid\u0151t ingyenes tehets\u00e9ggondoz\u00f3 programj\u00e1ba a k\u00f6zm\u00e9dia \u2013 k\u00f6z\u00f6lte a M\u00e9diaszolg\u00e1ltat\u00e1s-t\u00e1mogat\u00f3 \u00e9s Vagyonkezel\u0151 Alap (MTVA) az MTI-vel. A k\u00f6zlem\u00e9ny szerint az MTVA \u201ekarrierlehet\u0151s\u00e9get \u00e9s piack\u00e9pes tud\u00e1st\u201d k\u00edn\u00e1l [&hellip;]<\/p>\n","protected":false},"author":1,"featured_media":6684,"comment_status":"open","ping_status":"open","sticky":false,"template":"","format":"standard","meta":{"_monsterinsights_skip_tracking":false,"footnotes":""},"categories":[200],"tags":[577,578,576],"class_list":["post-6683","post","type-post","status-publish","format-standard","has-post-thumbnail","hentry","category-munkaeropiac","tag-hiradas","tag-media","tag-tehetseggondozo-program"],"aioseo_notices":[],"aioseo_head":"\n\t\t<!-- All in One SEO 5.0.0.1 - aioseo.com -->\n\t<meta name=\"description\" content=\"A tartalmi, produkci\u00f3s \u00e9s m\u0171szaki ter\u00fclet j\u00f6v\u0151beli szakembereit keresi a K\u00f6zszolg\u00e1lati M\u00e9diaakad\u00e9mia Alap\u00edtv\u00e1ny. Szeptemberben indulaz ingyenes tehets\u00e9ggondoz\u00f3\" \/>\n\t<meta name=\"robots\" content=\"max-image-preview:large\" \/>\n\t<meta name=\"author\" content=\"Juh\u00e1sz P\u00e9ter\"\/>\n\t<meta name=\"keywords\" content=\"h\u00edrad\u00e1s,m\u00e9dia,tehets\u00e9ggondoz\u00f3 program\" \/>\n\t<link rel=\"canonical\" href=\"https:\/\/allasorias.hu\/hirek\/karrierlehetoseget-es-piackepes-tudast-kinalnak\/\" \/>\n\t<meta name=\"generator\" content=\"All in One SEO (AIOSEO) 5.0.0.1\" \/>\n\t\t<meta property=\"og:locale\" content=\"hu_HU\" \/>\n\t\t<meta property=\"og:site_name\" content=\"AllasOrias.hu | H\u00edrek-lapszemle | \u00dczleti h\u00edrek az \u00e1ll\u00e1s \u00e9s a munka vil\u00e1g\u00e1b\u00f3l\" \/>\n\t\t<meta property=\"og:type\" content=\"article\" \/>\n\t\t<meta property=\"og:title\" content=\"Karrierlehet\u0151s\u00e9get \u00e9s piack\u00e9pes tud\u00e1st k\u00edn\u00e1lnak |\" \/>\n\t\t<meta property=\"og:description\" content=\"A tartalmi, produkci\u00f3s \u00e9s m\u0171szaki ter\u00fclet j\u00f6v\u0151beli szakembereit keresi a K\u00f6zszolg\u00e1lati M\u00e9diaakad\u00e9mia Alap\u00edtv\u00e1ny. Szeptemberben indulaz ingyenes tehets\u00e9ggondoz\u00f3\" \/>\n\t\t<meta property=\"og:url\" content=\"https:\/\/allasorias.hu\/hirek\/karrierlehetoseget-es-piackepes-tudast-kinalnak\/\" \/>\n\t\t<meta property=\"og:image\" content=\"https:\/\/allasorias.hu\/hirek\/wp-content\/uploads\/2023\/08\/hiradas-tehetseggondozo-program.jpg\" \/>\n\t\t<meta property=\"og:image:secure_url\" content=\"https:\/\/allasorias.hu\/hirek\/wp-content\/uploads\/2023\/08\/hiradas-tehetseggondozo-program.jpg\" \/>\n\t\t<meta property=\"og:image:width\" content=\"1280\" \/>\n\t\t<meta property=\"og:image:height\" content=\"853\" \/>\n\t\t<meta property=\"article:published_time\" content=\"2023-08-04T10:58:13+00:00\" \/>\n\t\t<meta property=\"article:modified_time\" content=\"2023-08-04T10:58:13+00:00\" \/>\n\t\t<meta property=\"article:publisher\" content=\"https:\/\/www.facebook.com\/allasorias\" \/>\n\t\t<meta name=\"twitter:card\" content=\"summary_large_image\" \/>\n\t\t<meta name=\"twitter:title\" content=\"Karrierlehet\u0151s\u00e9get \u00e9s piack\u00e9pes tud\u00e1st k\u00edn\u00e1lnak |\" \/>\n\t\t<meta name=\"twitter:description\" content=\"A tartalmi, produkci\u00f3s \u00e9s m\u0171szaki ter\u00fclet j\u00f6v\u0151beli szakembereit keresi a K\u00f6zszolg\u00e1lati M\u00e9diaakad\u00e9mia Alap\u00edtv\u00e1ny. Szeptemberben indulaz ingyenes tehets\u00e9ggondoz\u00f3\" \/>\n\t\t<meta name=\"twitter:image\" content=\"https:\/\/allasorias.hu\/hirek\/wp-content\/uploads\/2023\/08\/hiradas-tehetseggondozo-program.jpg\" \/>\n\t\t<meta name=\"twitter:label1\" content=\"Written by\" \/>\n\t\t<meta name=\"twitter:data1\" content=\"Juh\u00e1sz P\u00e9ter\" \/>\n\t\t<meta name=\"twitter:label2\" content=\"Est. reading time\" \/>\n\t\t<meta name=\"twitter:data2\" content=\"3 minutes\" \/>\n\t\t<script type=\"application\/ld+json\" class=\"aioseo-schema\">\n\t\t\t{\"@context\":\"https:\\\/\\\/schema.org\",\"@graph\":[{\"@type\":\"Article\",\"@id\":\"https:\\\/\\\/allasorias.hu\\\/hirek\\\/karrierlehetoseget-es-piackepes-tudast-kinalnak\\\/#article\",\"name\":\"Karrierlehet\\u0151s\\u00e9get \\u00e9s piack\\u00e9pes tud\\u00e1st k\\u00edn\\u00e1lnak |\",\"headline\":\"Karrierlehet\\u0151s\\u00e9get \\u00e9s piack\\u00e9pes tud\\u00e1st k\\u00edn\\u00e1lnak\",\"author\":{\"@id\":\"https:\\\/\\\/allasorias.hu\\\/hirek\\\/author\\\/admin-allasorias\\\/#author\"},\"publisher\":{\"@id\":\"https:\\\/\\\/allasorias.hu\\\/hirek\\\/#organization\"},\"image\":{\"@type\":\"ImageObject\",\"url\":\"https:\\\/\\\/allasorias.hu\\\/hirek\\\/wp-content\\\/uploads\\\/2023\\\/08\\\/hiradas-tehetseggondozo-program.jpg\",\"width\":1280,\"height\":853,\"caption\":\"Karrierlehet\\u0151s\\u00e9get \\u00e9s piack\\u00e9pes tud\\u00e1st k\\u00edn\\u00e1lnak - Allasorias.hu\\\/Hirek\"},\"datePublished\":\"2023-08-04T10:58:13+02:00\",\"dateModified\":\"2023-08-04T10:58:13+02:00\",\"inLanguage\":\"hu-HU\",\"mainEntityOfPage\":{\"@id\":\"https:\\\/\\\/allasorias.hu\\\/hirek\\\/karrierlehetoseget-es-piackepes-tudast-kinalnak\\\/#webpage\"},\"isPartOf\":{\"@id\":\"https:\\\/\\\/allasorias.hu\\\/hirek\\\/karrierlehetoseget-es-piackepes-tudast-kinalnak\\\/#webpage\"},\"articleSection\":\"Munkaer\\u0151piac, h\\u00edrad\\u00e1s, m\\u00e9dia, tehets\\u00e9ggondoz\\u00f3 program\"},{\"@type\":\"BreadcrumbList\",\"@id\":\"https:\\\/\\\/allasorias.hu\\\/hirek\\\/karrierlehetoseget-es-piackepes-tudast-kinalnak\\\/#breadcrumblist\",\"itemListElement\":[{\"@type\":\"ListItem\",\"@id\":\"https:\\\/\\\/allasorias.hu\\\/hirek#listItem\",\"position\":1,\"name\":\"Home\",\"item\":\"https:\\\/\\\/allasorias.hu\\\/hirek\",\"nextItem\":{\"@type\":\"ListItem\",\"@id\":\"https:\\\/\\\/allasorias.hu\\\/hirek\\\/temak\\\/munkaeropiac\\\/#listItem\",\"name\":\"Munkaer\\u0151piac\"}},{\"@type\":\"ListItem\",\"@id\":\"https:\\\/\\\/allasorias.hu\\\/hirek\\\/temak\\\/munkaeropiac\\\/#listItem\",\"position\":2,\"name\":\"Munkaer\\u0151piac\",\"item\":\"https:\\\/\\\/allasorias.hu\\\/hirek\\\/temak\\\/munkaeropiac\\\/\",\"nextItem\":{\"@type\":\"ListItem\",\"@id\":\"https:\\\/\\\/allasorias.hu\\\/hirek\\\/karrierlehetoseget-es-piackepes-tudast-kinalnak\\\/#listItem\",\"name\":\"Karrierlehet\\u0151s\\u00e9get \\u00e9s piack\\u00e9pes tud\\u00e1st k\\u00edn\\u00e1lnak\"},\"previousItem\":{\"@type\":\"ListItem\",\"@id\":\"https:\\\/\\\/allasorias.hu\\\/hirek#listItem\",\"name\":\"Home\"}},{\"@type\":\"ListItem\",\"@id\":\"https:\\\/\\\/allasorias.hu\\\/hirek\\\/karrierlehetoseget-es-piackepes-tudast-kinalnak\\\/#listItem\",\"position\":3,\"name\":\"Karrierlehet\\u0151s\\u00e9get \\u00e9s piack\\u00e9pes tud\\u00e1st k\\u00edn\\u00e1lnak\",\"previousItem\":{\"@type\":\"ListItem\",\"@id\":\"https:\\\/\\\/allasorias.hu\\\/hirek\\\/temak\\\/munkaeropiac\\\/#listItem\",\"name\":\"Munkaer\\u0151piac\"}}]},{\"@type\":\"Organization\",\"@id\":\"https:\\\/\\\/allasorias.hu\\\/hirek\\\/#organization\",\"name\":\"AllasOrias.hu | H\\u00edrek-lapszemle\",\"description\":\"\\u00dczleti h\\u00edrek az \\u00e1ll\\u00e1s \\u00e9s a munka vil\\u00e1g\\u00e1b\\u00f3l\",\"url\":\"https:\\\/\\\/allasorias.hu\\\/hirek\\\/\",\"logo\":{\"@type\":\"ImageObject\",\"url\":\"https:\\\/\\\/allasorias.hu\\\/hirek\\\/wp-content\\\/uploads\\\/2022\\\/10\\\/allasorias_site_facebok_logo.png\",\"@id\":\"https:\\\/\\\/allasorias.hu\\\/hirek\\\/karrierlehetoseget-es-piackepes-tudast-kinalnak\\\/#organizationLogo\"},\"image\":{\"@id\":\"https:\\\/\\\/allasorias.hu\\\/hirek\\\/karrierlehetoseget-es-piackepes-tudast-kinalnak\\\/#organizationLogo\"},\"sameAs\":[\"https:\\\/\\\/www.facebook.com\\\/allasorias\",\"https:\\\/\\\/www.linkedin.com\\\/company\\\/allasorias\"]},{\"@type\":\"Person\",\"@id\":\"https:\\\/\\\/allasorias.hu\\\/hirek\\\/author\\\/admin-allasorias\\\/#author\",\"url\":\"https:\\\/\\\/allasorias.hu\\\/hirek\\\/author\\\/admin-allasorias\\\/\",\"name\":\"Juh\\u00e1sz P\\u00e9ter\",\"image\":{\"@type\":\"ImageObject\",\"@id\":\"https:\\\/\\\/allasorias.hu\\\/hirek\\\/karrierlehetoseget-es-piackepes-tudast-kinalnak\\\/#authorImage\",\"url\":\"https:\\\/\\\/secure.gravatar.com\\\/avatar\\\/36e6bcb83148978b992977cb0f54d22feb0cce8a0a849a9410532bb2623ba4c6?s=96&d=mm&r=g\",\"width\":96,\"height\":96,\"caption\":\"Juh\\u00e1sz P\\u00e9ter\"}},{\"@type\":\"WebPage\",\"@id\":\"https:\\\/\\\/allasorias.hu\\\/hirek\\\/karrierlehetoseget-es-piackepes-tudast-kinalnak\\\/#webpage\",\"url\":\"https:\\\/\\\/allasorias.hu\\\/hirek\\\/karrierlehetoseget-es-piackepes-tudast-kinalnak\\\/\",\"name\":\"Karrierlehet\\u0151s\\u00e9get \\u00e9s piack\\u00e9pes tud\\u00e1st k\\u00edn\\u00e1lnak |\",\"description\":\"A tartalmi, produkci\\u00f3s \\u00e9s m\\u0171szaki ter\\u00fclet j\\u00f6v\\u0151beli szakembereit keresi a K\\u00f6zszolg\\u00e1lati M\\u00e9diaakad\\u00e9mia Alap\\u00edtv\\u00e1ny. Szeptemberben indulaz ingyenes tehets\\u00e9ggondoz\\u00f3\",\"inLanguage\":\"hu-HU\",\"isPartOf\":{\"@id\":\"https:\\\/\\\/allasorias.hu\\\/hirek\\\/#website\"},\"breadcrumb\":{\"@id\":\"https:\\\/\\\/allasorias.hu\\\/hirek\\\/karrierlehetoseget-es-piackepes-tudast-kinalnak\\\/#breadcrumblist\"},\"author\":{\"@id\":\"https:\\\/\\\/allasorias.hu\\\/hirek\\\/author\\\/admin-allasorias\\\/#author\"},\"creator\":{\"@id\":\"https:\\\/\\\/allasorias.hu\\\/hirek\\\/author\\\/admin-allasorias\\\/#author\"},\"image\":{\"@type\":\"ImageObject\",\"url\":\"https:\\\/\\\/allasorias.hu\\\/hirek\\\/wp-content\\\/uploads\\\/2023\\\/08\\\/hiradas-tehetseggondozo-program.jpg\",\"@id\":\"https:\\\/\\\/allasorias.hu\\\/hirek\\\/karrierlehetoseget-es-piackepes-tudast-kinalnak\\\/#mainImage\",\"width\":1280,\"height\":853,\"caption\":\"Karrierlehet\\u0151s\\u00e9get \\u00e9s piack\\u00e9pes tud\\u00e1st k\\u00edn\\u00e1lnak - Allasorias.hu\\\/Hirek\"},\"primaryImageOfPage\":{\"@id\":\"https:\\\/\\\/allasorias.hu\\\/hirek\\\/karrierlehetoseget-es-piackepes-tudast-kinalnak\\\/#mainImage\"},\"datePublished\":\"2023-08-04T10:58:13+02:00\",\"dateModified\":\"2023-08-04T10:58:13+02:00\"},{\"@type\":\"WebSite\",\"@id\":\"https:\\\/\\\/allasorias.hu\\\/hirek\\\/#website\",\"url\":\"https:\\\/\\\/allasorias.hu\\\/hirek\\\/\",\"name\":\"AllasOrias.hu | H\\u00edrek-lapszemle\",\"description\":\"\\u00dczleti h\\u00edrek az \\u00e1ll\\u00e1s \\u00e9s a munka vil\\u00e1g\\u00e1b\\u00f3l\",\"inLanguage\":\"hu-HU\",\"publisher\":{\"@id\":\"https:\\\/\\\/allasorias.hu\\\/hirek\\\/#organization\"}}]}\n\t\t<\/script>\n\t\t<!-- All in One SEO -->\n\n","aioseo_head_json":{"title":"Karrierlehet\u0151s\u00e9get \u00e9s piack\u00e9pes tud\u00e1st k\u00edn\u00e1lnak |","description":"A tartalmi, produkci\u00f3s \u00e9s m\u0171szaki ter\u00fclet j\u00f6v\u0151beli szakembereit keresi a K\u00f6zszolg\u00e1lati M\u00e9diaakad\u00e9mia Alap\u00edtv\u00e1ny. Szeptemberben indulaz ingyenes tehets\u00e9ggondoz\u00f3","canonical_url":"https:\/\/allasorias.hu\/hirek\/karrierlehetoseget-es-piackepes-tudast-kinalnak\/","robots":"max-image-preview:large","keywords":"h\u00edrad\u00e1s,m\u00e9dia,tehets\u00e9ggondoz\u00f3 program","webmasterTools":{"miscellaneous":""},"schema":{"@context":"https:\/\/schema.org","@graph":[{"@type":"Article","@id":"https:\/\/allasorias.hu\/hirek\/karrierlehetoseget-es-piackepes-tudast-kinalnak\/#article","name":"Karrierlehet\u0151s\u00e9get \u00e9s piack\u00e9pes tud\u00e1st k\u00edn\u00e1lnak |","headline":"Karrierlehet\u0151s\u00e9get \u00e9s piack\u00e9pes tud\u00e1st k\u00edn\u00e1lnak","author":{"@id":"https:\/\/allasorias.hu\/hirek\/author\/admin-allasorias\/#author"},"publisher":{"@id":"https:\/\/allasorias.hu\/hirek\/#organization"},"image":{"@type":"ImageObject","url":"https:\/\/allasorias.hu\/hirek\/wp-content\/uploads\/2023\/08\/hiradas-tehetseggondozo-program.jpg","width":1280,"height":853,"caption":"Karrierlehet\u0151s\u00e9get \u00e9s piack\u00e9pes tud\u00e1st k\u00edn\u00e1lnak - Allasorias.hu\/Hirek"},"datePublished":"2023-08-04T10:58:13+02:00","dateModified":"2023-08-04T10:58:13+02:00","inLanguage":"hu-HU","mainEntityOfPage":{"@id":"https:\/\/allasorias.hu\/hirek\/karrierlehetoseget-es-piackepes-tudast-kinalnak\/#webpage"},"isPartOf":{"@id":"https:\/\/allasorias.hu\/hirek\/karrierlehetoseget-es-piackepes-tudast-kinalnak\/#webpage"},"articleSection":"Munkaer\u0151piac, h\u00edrad\u00e1s, m\u00e9dia, tehets\u00e9ggondoz\u00f3 program"},{"@type":"BreadcrumbList","@id":"https:\/\/allasorias.hu\/hirek\/karrierlehetoseget-es-piackepes-tudast-kinalnak\/#breadcrumblist","itemListElement":[{"@type":"ListItem","@id":"https:\/\/allasorias.hu\/hirek#listItem","position":1,"name":"Home","item":"https:\/\/allasorias.hu\/hirek","nextItem":{"@type":"ListItem","@id":"https:\/\/allasorias.hu\/hirek\/temak\/munkaeropiac\/#listItem","name":"Munkaer\u0151piac"}},{"@type":"ListItem","@id":"https:\/\/allasorias.hu\/hirek\/temak\/munkaeropiac\/#listItem","position":2,"name":"Munkaer\u0151piac","item":"https:\/\/allasorias.hu\/hirek\/temak\/munkaeropiac\/","nextItem":{"@type":"ListItem","@id":"https:\/\/allasorias.hu\/hirek\/karrierlehetoseget-es-piackepes-tudast-kinalnak\/#listItem","name":"Karrierlehet\u0151s\u00e9get \u00e9s piack\u00e9pes tud\u00e1st k\u00edn\u00e1lnak"},"previousItem":{"@type":"ListItem","@id":"https:\/\/allasorias.hu\/hirek#listItem","name":"Home"}},{"@type":"ListItem","@id":"https:\/\/allasorias.hu\/hirek\/karrierlehetoseget-es-piackepes-tudast-kinalnak\/#listItem","position":3,"name":"Karrierlehet\u0151s\u00e9get \u00e9s piack\u00e9pes tud\u00e1st k\u00edn\u00e1lnak","previousItem":{"@type":"ListItem","@id":"https:\/\/allasorias.hu\/hirek\/temak\/munkaeropiac\/#listItem","name":"Munkaer\u0151piac"}}]},{"@type":"Organization","@id":"https:\/\/allasorias.hu\/hirek\/#organization","name":"AllasOrias.hu | H\u00edrek-lapszemle","description":"\u00dczleti h\u00edrek az \u00e1ll\u00e1s \u00e9s a munka vil\u00e1g\u00e1b\u00f3l","url":"https:\/\/allasorias.hu\/hirek\/","logo":{"@type":"ImageObject","url":"https:\/\/allasorias.hu\/hirek\/wp-content\/uploads\/2022\/10\/allasorias_site_facebok_logo.png","@id":"https:\/\/allasorias.hu\/hirek\/karrierlehetoseget-es-piackepes-tudast-kinalnak\/#organizationLogo"},"image":{"@id":"https:\/\/allasorias.hu\/hirek\/karrierlehetoseget-es-piackepes-tudast-kinalnak\/#organizationLogo"},"sameAs":["https:\/\/www.facebook.com\/allasorias","https:\/\/www.linkedin.com\/company\/allasorias"]},{"@type":"Person","@id":"https:\/\/allasorias.hu\/hirek\/author\/admin-allasorias\/#author","url":"https:\/\/allasorias.hu\/hirek\/author\/admin-allasorias\/","name":"Juh\u00e1sz P\u00e9ter","image":{"@type":"ImageObject","@id":"https:\/\/allasorias.hu\/hirek\/karrierlehetoseget-es-piackepes-tudast-kinalnak\/#authorImage","url":"https:\/\/secure.gravatar.com\/avatar\/36e6bcb83148978b992977cb0f54d22feb0cce8a0a849a9410532bb2623ba4c6?s=96&d=mm&r=g","width":96,"height":96,"caption":"Juh\u00e1sz P\u00e9ter"}},{"@type":"WebPage","@id":"https:\/\/allasorias.hu\/hirek\/karrierlehetoseget-es-piackepes-tudast-kinalnak\/#webpage","url":"https:\/\/allasorias.hu\/hirek\/karrierlehetoseget-es-piackepes-tudast-kinalnak\/","name":"Karrierlehet\u0151s\u00e9get \u00e9s piack\u00e9pes tud\u00e1st k\u00edn\u00e1lnak |","description":"A tartalmi, produkci\u00f3s \u00e9s m\u0171szaki ter\u00fclet j\u00f6v\u0151beli szakembereit keresi a K\u00f6zszolg\u00e1lati M\u00e9diaakad\u00e9mia Alap\u00edtv\u00e1ny. Szeptemberben indulaz ingyenes tehets\u00e9ggondoz\u00f3","inLanguage":"hu-HU","isPartOf":{"@id":"https:\/\/allasorias.hu\/hirek\/#website"},"breadcrumb":{"@id":"https:\/\/allasorias.hu\/hirek\/karrierlehetoseget-es-piackepes-tudast-kinalnak\/#breadcrumblist"},"author":{"@id":"https:\/\/allasorias.hu\/hirek\/author\/admin-allasorias\/#author"},"creator":{"@id":"https:\/\/allasorias.hu\/hirek\/author\/admin-allasorias\/#author"},"image":{"@type":"ImageObject","url":"https:\/\/allasorias.hu\/hirek\/wp-content\/uploads\/2023\/08\/hiradas-tehetseggondozo-program.jpg","@id":"https:\/\/allasorias.hu\/hirek\/karrierlehetoseget-es-piackepes-tudast-kinalnak\/#mainImage","width":1280,"height":853,"caption":"Karrierlehet\u0151s\u00e9get \u00e9s piack\u00e9pes tud\u00e1st k\u00edn\u00e1lnak - Allasorias.hu\/Hirek"},"primaryImageOfPage":{"@id":"https:\/\/allasorias.hu\/hirek\/karrierlehetoseget-es-piackepes-tudast-kinalnak\/#mainImage"},"datePublished":"2023-08-04T10:58:13+02:00","dateModified":"2023-08-04T10:58:13+02:00"},{"@type":"WebSite","@id":"https:\/\/allasorias.hu\/hirek\/#website","url":"https:\/\/allasorias.hu\/hirek\/","name":"AllasOrias.hu | H\u00edrek-lapszemle","description":"\u00dczleti h\u00edrek az \u00e1ll\u00e1s \u00e9s a munka vil\u00e1g\u00e1b\u00f3l","inLanguage":"hu-HU","publisher":{"@id":"https:\/\/allasorias.hu\/hirek\/#organization"}}]},"og:locale":"hu_HU","og:site_name":"AllasOrias.hu | H\u00edrek-lapszemle | \u00dczleti h\u00edrek az \u00e1ll\u00e1s \u00e9s a munka vil\u00e1g\u00e1b\u00f3l","og:type":"article","og:title":"Karrierlehet\u0151s\u00e9get \u00e9s piack\u00e9pes tud\u00e1st k\u00edn\u00e1lnak |","og:description":"A tartalmi, produkci\u00f3s \u00e9s m\u0171szaki ter\u00fclet j\u00f6v\u0151beli szakembereit keresi a K\u00f6zszolg\u00e1lati M\u00e9diaakad\u00e9mia Alap\u00edtv\u00e1ny. Szeptemberben indulaz ingyenes tehets\u00e9ggondoz\u00f3","og:url":"https:\/\/allasorias.hu\/hirek\/karrierlehetoseget-es-piackepes-tudast-kinalnak\/","og:image":"https:\/\/allasorias.hu\/hirek\/wp-content\/uploads\/2023\/08\/hiradas-tehetseggondozo-program.jpg","og:image:secure_url":"https:\/\/allasorias.hu\/hirek\/wp-content\/uploads\/2023\/08\/hiradas-tehetseggondozo-program.jpg","og:image:width":1280,"og:image:height":853,"article:published_time":"2023-08-04T10:58:13+00:00","article:modified_time":"2023-08-04T10:58:13+00:00","article:publisher":"https:\/\/www.facebook.com\/allasorias","twitter:card":"summary_large_image","twitter:title":"Karrierlehet\u0151s\u00e9get \u00e9s piack\u00e9pes tud\u00e1st k\u00edn\u00e1lnak |","twitter:description":"A tartalmi, produkci\u00f3s \u00e9s m\u0171szaki ter\u00fclet j\u00f6v\u0151beli szakembereit keresi a K\u00f6zszolg\u00e1lati M\u00e9diaakad\u00e9mia Alap\u00edtv\u00e1ny. Szeptemberben indulaz ingyenes tehets\u00e9ggondoz\u00f3","twitter:image":"https:\/\/allasorias.hu\/hirek\/wp-content\/uploads\/2023\/08\/hiradas-tehetseggondozo-program.jpg","twitter:label1":"Written by","twitter:data1":"Juh\u00e1sz P\u00e9ter","twitter:label2":"Est. reading time","twitter:data2":"3 minutes"},"aioseo_meta_data":{"post_id":"6683","title":"#post_title |","description":"A tartalmi, produkci\u00f3s \u00e9s m\u0171szaki ter\u00fclet j\u00f6v\u0151beli szakembereit keresi a K\u00f6zszolg\u00e1lati M\u00e9diaakad\u00e9mia Alap\u00edtv\u00e1ny. Szeptemberben indulaz ingyenes tehets\u00e9ggondoz\u00f3","keywords":[],"keyphrases":{"focus":{"keyphrase":"","score":0,"analysis":{"keyphraseInTitle":{"score":0,"maxScore":9,"error":1}}},"additional":[]},"primary_term":null,"canonical_url":null,"og_title":null,"og_description":null,"og_object_type":"default","og_image_type":"default","og_image_url":null,"og_image_width":null,"og_image_height":null,"og_image_custom_url":null,"og_image_custom_fields":null,"og_video":"","og_custom_url":null,"og_article_section":null,"og_article_tags":[],"twitter_use_og":true,"twitter_card":"default","twitter_image_type":"default","twitter_image_url":null,"twitter_image_custom_url":null,"twitter_image_custom_fields":null,"twitter_title":null,"twitter_description":null,"schema":{"blockGraphs":[],"customGraphs":[],"default":{"data":{"Article":[],"Course":[],"Dataset":[],"FAQPage":[],"Movie":[],"Person":[],"Product":[],"ProductReview":[],"Car":[],"Recipe":[],"Service":[],"SoftwareApplication":[],"WebPage":[]},"graphName":"Article","isEnabled":true},"graphs":[]},"schema_type":"default","schema_type_options":null,"pillar_content":false,"robots_default":true,"robots_noindex":false,"robots_noarchive":false,"robots_nosnippet":false,"robots_nofollow":false,"robots_noimageindex":false,"robots_noodp":false,"robots_notranslate":false,"robots_max_snippet":"-1","robots_max_videopreview":"-1","robots_max_imagepreview":"large","priority":null,"frequency":"default","location":null,"local_seo":null,"breadcrumb_settings":null,"limit_modified_date":false,"ai":null,"created":"2023-08-04 10:47:40","updated":"2025-10-02 18:54:11","seo_analyzer_scan_date":null,"focus_keyword":null,"additional_keywords":null,"truseo_locale":null},"aioseo_breadcrumb":"<div class=\"aioseo-breadcrumbs\"><span class=\"aioseo-breadcrumb\">\n\t\t\t<a href=\"https:\/\/allasorias.hu\/hirek\" title=\"Home\">Home<\/a>\n\t\t<\/span><span class=\"aioseo-breadcrumb-separator\">&raquo;<\/span><span class=\"aioseo-breadcrumb\">\n\t\t\t<a href=\"https:\/\/allasorias.hu\/hirek\/temak\/munkaeropiac\/\" title=\"Munkaer\u0151piac\">Munkaer\u0151piac<\/a>\n\t\t<\/span><span class=\"aioseo-breadcrumb-separator\">&raquo;<\/span><span class=\"aioseo-breadcrumb\">\n\t\t\tKarrierlehet\u0151s\u00e9get \u00e9s piack\u00e9pes tud\u00e1st k\u00edn\u00e1lnak\n\t\t<\/span><\/div>","aioseo_breadcrumb_json":[{"label":"Home","link":"https:\/\/allasorias.hu\/hirek"},{"label":"Munkaer\u0151piac","link":"https:\/\/allasorias.hu\/hirek\/temak\/munkaeropiac\/"},{"label":"Karrierlehet\u0151s\u00e9get \u00e9s piack\u00e9pes tud\u00e1st k\u00edn\u00e1lnak","link":"https:\/\/allasorias.hu\/hirek\/karrierlehetoseget-es-piackepes-tudast-kinalnak\/"}],"_links":{"self":[{"href":"https:\/\/allasorias.hu\/hirek\/wp-json\/wp\/v2\/posts\/6683","targetHints":{"allow":["GET"]}}],"collection":[{"href":"https:\/\/allasorias.hu\/hirek\/wp-json\/wp\/v2\/posts"}],"about":[{"href":"https:\/\/allasorias.hu\/hirek\/wp-json\/wp\/v2\/types\/post"}],"author":[{"embeddable":true,"href":"https:\/\/allasorias.hu\/hirek\/wp-json\/wp\/v2\/users\/1"}],"replies":[{"embeddable":true,"href":"https:\/\/allasorias.hu\/hirek\/wp-json\/wp\/v2\/comments?post=6683"}],"version-history":[{"count":1,"href":"https:\/\/allasorias.hu\/hirek\/wp-json\/wp\/v2\/posts\/6683\/revisions"}],"predecessor-version":[{"id":6685,"href":"https:\/\/allasorias.hu\/hirek\/wp-json\/wp\/v2\/posts\/6683\/revisions\/6685"}],"wp:featuredmedia":[{"embeddable":true,"href":"https:\/\/allasorias.hu\/hirek\/wp-json\/wp\/v2\/media\/6684"}],"wp:attachment":[{"href":"https:\/\/allasorias.hu\/hirek\/wp-json\/wp\/v2\/media?parent=6683"}],"wp:term":[{"taxonomy":"category","embeddable":true,"href":"https:\/\/allasorias.hu\/hirek\/wp-json\/wp\/v2\/categories?post=6683"},{"taxonomy":"post_tag","embeddable":true,"href":"https:\/\/allasorias.hu\/hirek\/wp-json\/wp\/v2\/tags?post=6683"}],"curies":[{"name":"wp","href":"https:\/\/api.w.org\/{rel}","templated":true}]}}