{"id":6660,"date":"2023-07-26T08:10:51","date_gmt":"2023-07-26T08:10:51","guid":{"rendered":"https:\/\/allasorias.hu\/hirek\/?p=6660"},"modified":"2023-07-26T08:12:30","modified_gmt":"2023-07-26T08:12:30","slug":"hosszu-tavra-is-magas-inflaciot-velemenyeznek-a-szakertok","status":"publish","type":"post","link":"https:\/\/allasorias.hu\/hirek\/hosszu-tavra-is-magas-inflaciot-velemenyeznek-a-szakertok\/","title":{"rendered":"Hossz\u00fa t\u00e1vra is magas infl\u00e1ci\u00f3t v\u00e9lem\u00e9nyeznek a szak\u00e9rt\u0151k"},"content":{"rendered":"<p><strong>\u00c9szak-Eur\u00f3p\u00e1ban 7,5 sz\u00e1zal\u00e9kos, D\u00e9l-Eur\u00f3p\u00e1ban 7,9 sz\u00e1zal\u00e9kos idei infl\u00e1ci\u00f3t val\u00f3sz\u00edn\u0171s\u00edtenek, Kelet-Eur\u00f3p\u00e1ban pedig 13,5 sz\u00e1zal\u00e9kos infl\u00e1ci\u00f3ra sz\u00e1m\u00edtanak id\u00e9n az el\u0151z\u0151 negyed\u00e9vi felm\u00e9r\u00e9sben k\u00f6z\u00f6lt 14,8 sz\u00e1zal\u00e9k ut\u00e1n.<\/strong><\/p>\n<p>A gazdas\u00e1gi szak\u00e9rt\u0151k tov\u00e1bbra is magas glob\u00e1lis <a href=\"https:\/\/allasorias.hu\/hirek\/hogyan-hat-az-inflacio-a-vallalkozasokra\/\">infl\u00e1ci\u00f3ra<\/a> sz\u00e1m\u00edtanak az ifo n\u00e9met gazdas\u00e1gkutat\u00f3 int\u00e9zet \u00e9s az Institut f\u00fcr Schweizer Wirtschaftspolitik sv\u00e1jci gazdas\u00e1gpolitikai int\u00e9zet negyed\u00e9ves kutat\u00e1si eredm\u00e9nyei szerint. Az\u00a0 infl\u00e1ci\u00f3s felm\u00e9r\u00e9sben 133 orsz\u00e1gb\u00f3l \u00f6sszesen 1405 gazdas\u00e1gi szak\u00e9rt\u0151 vett r\u00e9szt. A 2023-as infl\u00e1ci\u00f3s r\u00e1t\u00e1ra vonatkoz\u00f3 v\u00e1rakoz\u00e1s lassan cs\u00f6kkent az elm\u00falt negyed\u00e9vekben, az Economic Expert Survey (EES) legut\u00f3bbi, 2023. els\u0151 negyed\u00e9ves felm\u00e9r\u00e9s\u00e9hez k\u00e9pest azonban nem t\u00f6rt\u00e9nt jelent\u0151s v\u00e1ltoz\u00e1s. A megk\u00e9rdezett szak\u00e9rt\u0151k glob\u00e1lisan tov\u00e1bbra is 7 sz\u00e1zal\u00e9kos infl\u00e1ci\u00f3s r\u00e1t\u00e1t val\u00f3sz\u00edn\u0171s\u00edtenek 2023-ra. A glob\u00e1lis \u00e9rt\u00e9k az orsz\u00e1gok \u00e1tlagos v\u00e1rhat\u00f3 infl\u00e1ci\u00f3s r\u00e1t\u00e1inak medi\u00e1nja.<\/p>\n<h2>Magasak a hossz\u00fa t\u00e1v\u00fa glob\u00e1lis infl\u00e1ci\u00f3s v\u00e1rakoz\u00e1sok<\/h2>\n<p>Az ifo k\u00f6zlem\u00e9nye szerint az\u00e9rt a medi\u00e1nt haszn\u00e1lj\u00e1k, mert a v\u00e1rhat\u00f3 infl\u00e1ci\u00f3s r\u00e1t\u00e1k r\u00e9gi\u00f3nk\u00e9nt nagyon elt\u00e9r\u0151ek, az egyes orsz\u00e1gokban \u00e9s r\u00e9gi\u00f3kban jelent\u0151sen magasabbak, mint a vil\u00e1g egy\u00e9b r\u00e9szein. Az idei m\u00e1sodik negyed\u00e9vben v\u00e1rt 7 sz\u00e1zal\u00e9kos infl\u00e1ci\u00f3s r\u00e1ta megegyezik az els\u0151 negyed\u00e9vben v\u00e1rt r\u00e1t\u00e1val. A szak\u00e9rt\u0151k a k\u00f6vetkez\u0151 \u00e9vekre is magas glob\u00e1lis infl\u00e1ci\u00f3ra sz\u00e1m\u00edtanak: a j\u00f6v\u0151 \u00e9vre 6,0 sz\u00e1zal\u00e9kos infl\u00e1ci\u00f3val sz\u00e1molnak az els\u0151 negyed\u00e9vi felm\u00e9r\u00e9sben k\u00f6zz\u00e9tett 5,9 sz\u00e1zal\u00e9k ut\u00e1n. A hossz\u00fa t\u00e1v\u00fa glob\u00e1lis infl\u00e1ci\u00f3s v\u00e1rakoz\u00e1sok szint\u00e9n tov\u00e1bbra is magasak: a megk\u00e9rdezett szak\u00e9rt\u0151k 2026-ra 4,9 sz\u00e1zal\u00e9kos infl\u00e1ci\u00f3t jeleznek el\u0151re az els\u0151 negyed\u00e9vi felm\u00e9r\u00e9sben k\u00f6z\u00f6lt 5,0 sz\u00e1zal\u00e9kot k\u00f6vet\u0151en. A r\u00f6vid \u00e9s hossz\u00fa t\u00e1v\u00fa infl\u00e1ci\u00f3s v\u00e1rakoz\u00e1sok 2022 harmadik negyed\u00e9v\u00e9ben \u00e9rt\u00e9k el cs\u00facspontjukat, \u00e9s az\u00f3ta n\u00e9mileg alacsonyabb szinten vannak.<\/p>\n<h2>R\u00e9gi\u00f3nk\u00e9nt nagy k\u00fcl\u00f6nbs\u00e9gek vannak<\/h2>\n<p>Az egyes r\u00e9gi\u00f3k v\u00e1rhat\u00f3 infl\u00e1ci\u00f3s r\u00e1t\u00e1i k\u00f6z\u00f6tt azonban igen jelent\u0151s k\u00fcl\u00f6nbs\u00e9gek vannak \u2013 hangs\u00falyozta az ifo gazdas\u00e1gkutat\u00f3 int\u00e9zet. \u00c9szak-Amerik\u00e1ban (4,5 sz\u00e1zal\u00e9k), D\u00e9lkelet-\u00c1zsi\u00e1ban (4,8 sz\u00e1zal\u00e9k) \u00e9s Nyugat-Eur\u00f3p\u00e1ban (4,9 sz\u00e1zal\u00e9k) viszonylag m\u00e9rs\u00e9keltebb idei infl\u00e1ci\u00f3s r\u00e1t\u00e1kat val\u00f3sz\u00edn\u0171s\u00edtenek a szak\u00e9rt\u0151k. 2024-re \u00e9s 2026-ra vil\u00e1gszerte Nyugat-Eur\u00f3p\u00e1ban v\u00e1rt\u00e1k a legalacsonyabb infl\u00e1ci\u00f3t: 3,4, illetve 2,6 sz\u00e1zal\u00e9kot. Eur\u00f3pa egyes r\u00e9szein azonban a v\u00e1rt \u00e9rt\u00e9kek magasabbak: \u00c9szak-Eur\u00f3p\u00e1ban 7,5 sz\u00e1zal\u00e9kos, D\u00e9l-Eur\u00f3p\u00e1ban 7,9 sz\u00e1zal\u00e9kos idei infl\u00e1ci\u00f3t val\u00f3sz\u00edn\u0171s\u00edtenek, Kelet-Eur\u00f3p\u00e1ban pedig 13,5 sz\u00e1zal\u00e9kos infl\u00e1ci\u00f3ra sz\u00e1m\u00edtanak id\u00e9n az el\u0151z\u0151 negyed\u00e9vi felm\u00e9r\u00e9sben k\u00f6z\u00f6lt 14,8 sz\u00e1zal\u00e9k ut\u00e1n. J\u00f6v\u0151re \u00c9szak-Eur\u00f3p\u00e1ban 4,8 sz\u00e1zal\u00e9kos, D\u00e9l-Eur\u00f3p\u00e1ban 5,8 sz\u00e1zal\u00e9kos, Kelet-Eur\u00f3p\u00e1ban pedig 9,5 sz\u00e1zal\u00e9kos infl\u00e1ci\u00f3s r\u00e1t\u00e1ra sz\u00e1m\u00edtanak a megk\u00e9rdezett szak\u00e9rt\u0151k.<\/p>\n<p>Egyes r\u00e9gi\u00f3kban azonban a sz\u00e1mok jelent\u0151sen magasabbak: D\u00e9l-Amerik\u00e1ban 23,3 sz\u00e1zal\u00e9kos, \u00c9szak-Afrik\u00e1ban 63,9 sz\u00e1zal\u00e9kos, m\u00edg Kelet-Afrik\u00e1ban 109,9 sz\u00e1zal\u00e9kos a megk\u00e9rdezett szak\u00e9rt\u0151k \u00e1ltal v\u00e1rt idei infl\u00e1ci\u00f3 \u2013 \u00e1ll az ifo \u00f6sszefoglal\u00f3j\u00e1ban. Az el\u0151z\u0151 negyed\u00e9vhez k\u00e9pest az afrikai szak\u00e9rt\u0151k idei \u00e9s j\u00f6v\u0151 \u00e9vi infl\u00e1ci\u00f3s v\u00e1rakoz\u00e1sai meredeken emelkedtek K\u00f6z\u00e9p-Afrika kiv\u00e9tel\u00e9vel, m\u00edg a t\u00f6bbi kontinens valamennyi r\u00e9gi\u00f3j\u00e1ban (\u00d3ce\u00e1nia kiv\u00e9tel\u00e9vel) cs\u00f6kkentek az idei infl\u00e1ci\u00f3s v\u00e1rakoz\u00e1sok.Az ifo felm\u00e9r\u00e9s\u00e9ben minden szak\u00e9rt\u0151t saj\u00e1t orsz\u00e1g\u00e1val kapcsolatos infl\u00e1ci\u00f3s v\u00e1rakoz\u00e1sair\u00f3l k\u00e9rdezett, ebb\u0151l alakultak ki az egyes orsz\u00e1gok \u00e1tlag\u00e9rt\u00e9kei. A glob\u00e1lis \u00e9s region\u00e1lis \u00e9rt\u00e9kek meghat\u00e1roz\u00e1sakor pedig az orsz\u00e1gok \u00e1tlagos v\u00e1rhat\u00f3 infl\u00e1ci\u00f3s r\u00e1t\u00e1inak medi\u00e1nj\u00e1t vette figyelembe.<\/p>\n<p>Forr\u00e1s: <a href=\"https:\/\/azuzlet.hu\/nem-josolnak-tul-sok-jot-az-inflaciot-illetoen\/\" target=\"_blank\" rel=\"nofollow noopener noreferrer\">azuzlet.hu<\/a><\/p>\n","protected":false},"excerpt":{"rendered":"<p>\u00c9szak-Eur\u00f3p\u00e1ban 7,5 sz\u00e1zal\u00e9kos, D\u00e9l-Eur\u00f3p\u00e1ban 7,9 sz\u00e1zal\u00e9kos idei infl\u00e1ci\u00f3t val\u00f3sz\u00edn\u0171s\u00edtenek, Kelet-Eur\u00f3p\u00e1ban pedig 13,5 sz\u00e1zal\u00e9kos infl\u00e1ci\u00f3ra sz\u00e1m\u00edtanak id\u00e9n az el\u0151z\u0151 negyed\u00e9vi felm\u00e9r\u00e9sben k\u00f6z\u00f6lt 14,8 sz\u00e1zal\u00e9k ut\u00e1n. A gazdas\u00e1gi szak\u00e9rt\u0151k tov\u00e1bbra is magas glob\u00e1lis infl\u00e1ci\u00f3ra sz\u00e1m\u00edtanak az ifo n\u00e9met gazdas\u00e1gkutat\u00f3 int\u00e9zet \u00e9s az Institut f\u00fcr Schweizer Wirtschaftspolitik sv\u00e1jci gazdas\u00e1gpolitikai int\u00e9zet negyed\u00e9ves kutat\u00e1si eredm\u00e9nyei szerint. Az\u00a0 infl\u00e1ci\u00f3s felm\u00e9r\u00e9sben 133 [&hellip;]<\/p>\n","protected":false},"author":1,"featured_media":6662,"comment_status":"open","ping_status":"open","sticky":false,"template":"","format":"standard","meta":{"_monsterinsights_skip_tracking":false,"footnotes":""},"categories":[198],"tags":[406],"class_list":["post-6660","post","type-post","status-publish","format-standard","has-post-thumbnail","hentry","category-gazdasag","tag-inflacio"],"aioseo_notices":[],"aioseo_head":"\n\t\t<!-- All in One SEO 5.0.0.1 - aioseo.com -->\n\t<meta name=\"description\" content=\"\u00c9szak-Eur\u00f3p\u00e1ban 7,5 sz\u00e1zal\u00e9kos, D\u00e9l-Eur\u00f3p\u00e1ban 7,9 sz\u00e1zal\u00e9kos idei infl\u00e1ci\u00f3t val\u00f3sz\u00edn\u0171s\u00edtenek, Kelet-Eur\u00f3p\u00e1ban pedig 13,5 sz\u00e1zal\u00e9kos infl\u00e1ci\u00f3ra sz\u00e1m\u00edtanak id\u00e9n.\" \/>\n\t<meta name=\"robots\" content=\"max-image-preview:large\" \/>\n\t<meta name=\"author\" content=\"Juh\u00e1sz P\u00e9ter\"\/>\n\t<meta name=\"keywords\" content=\"infl\u00e1ci\u00f3\" \/>\n\t<link rel=\"canonical\" href=\"https:\/\/allasorias.hu\/hirek\/hosszu-tavra-is-magas-inflaciot-velemenyeznek-a-szakertok\/\" \/>\n\t<meta name=\"generator\" content=\"All in One SEO (AIOSEO) 5.0.0.1\" \/>\n\t\t<meta property=\"og:locale\" content=\"hu_HU\" \/>\n\t\t<meta property=\"og:site_name\" content=\"AllasOrias.hu | H\u00edrek-lapszemle | \u00dczleti h\u00edrek az \u00e1ll\u00e1s \u00e9s a munka vil\u00e1g\u00e1b\u00f3l\" \/>\n\t\t<meta property=\"og:type\" content=\"article\" \/>\n\t\t<meta property=\"og:title\" content=\"Hossz\u00fa t\u00e1vra is magas infl\u00e1ci\u00f3t v\u00e9lem\u00e9nyeznek a szak\u00e9rt\u0151k |\" \/>\n\t\t<meta property=\"og:description\" content=\"\u00c9szak-Eur\u00f3p\u00e1ban 7,5 sz\u00e1zal\u00e9kos, D\u00e9l-Eur\u00f3p\u00e1ban 7,9 sz\u00e1zal\u00e9kos idei infl\u00e1ci\u00f3t val\u00f3sz\u00edn\u0171s\u00edtenek, Kelet-Eur\u00f3p\u00e1ban pedig 13,5 sz\u00e1zal\u00e9kos infl\u00e1ci\u00f3ra sz\u00e1m\u00edtanak id\u00e9n.\" \/>\n\t\t<meta property=\"og:url\" content=\"https:\/\/allasorias.hu\/hirek\/hosszu-tavra-is-magas-inflaciot-velemenyeznek-a-szakertok\/\" \/>\n\t\t<meta property=\"og:image\" content=\"https:\/\/allasorias.hu\/hirek\/wp-content\/uploads\/2023\/07\/magas-inflacio.jpg\" \/>\n\t\t<meta property=\"og:image:secure_url\" content=\"https:\/\/allasorias.hu\/hirek\/wp-content\/uploads\/2023\/07\/magas-inflacio.jpg\" \/>\n\t\t<meta property=\"og:image:width\" content=\"1280\" \/>\n\t\t<meta property=\"og:image:height\" content=\"854\" \/>\n\t\t<meta property=\"article:published_time\" content=\"2023-07-26T08:10:51+00:00\" \/>\n\t\t<meta property=\"article:modified_time\" content=\"2023-07-26T08:12:30+00:00\" \/>\n\t\t<meta property=\"article:publisher\" content=\"https:\/\/www.facebook.com\/allasorias\" \/>\n\t\t<meta name=\"twitter:card\" content=\"summary_large_image\" \/>\n\t\t<meta name=\"twitter:title\" content=\"Hossz\u00fa t\u00e1vra is magas infl\u00e1ci\u00f3t v\u00e9lem\u00e9nyeznek a szak\u00e9rt\u0151k |\" \/>\n\t\t<meta name=\"twitter:description\" content=\"\u00c9szak-Eur\u00f3p\u00e1ban 7,5 sz\u00e1zal\u00e9kos, D\u00e9l-Eur\u00f3p\u00e1ban 7,9 sz\u00e1zal\u00e9kos idei infl\u00e1ci\u00f3t val\u00f3sz\u00edn\u0171s\u00edtenek, Kelet-Eur\u00f3p\u00e1ban pedig 13,5 sz\u00e1zal\u00e9kos infl\u00e1ci\u00f3ra sz\u00e1m\u00edtanak id\u00e9n.\" \/>\n\t\t<meta name=\"twitter:image\" content=\"https:\/\/allasorias.hu\/hirek\/wp-content\/uploads\/2023\/07\/magas-inflacio.jpg\" \/>\n\t\t<meta name=\"twitter:label1\" content=\"Written by\" \/>\n\t\t<meta name=\"twitter:data1\" content=\"Juh\u00e1sz P\u00e9ter\" \/>\n\t\t<meta name=\"twitter:label2\" content=\"Est. reading time\" \/>\n\t\t<meta name=\"twitter:data2\" content=\"4 minutes\" \/>\n\t\t<script type=\"application\/ld+json\" class=\"aioseo-schema\">\n\t\t\t{\"@context\":\"https:\\\/\\\/schema.org\",\"@graph\":[{\"@type\":\"Article\",\"@id\":\"https:\\\/\\\/allasorias.hu\\\/hirek\\\/hosszu-tavra-is-magas-inflaciot-velemenyeznek-a-szakertok\\\/#article\",\"name\":\"Hossz\\u00fa t\\u00e1vra is magas infl\\u00e1ci\\u00f3t v\\u00e9lem\\u00e9nyeznek a szak\\u00e9rt\\u0151k |\",\"headline\":\"Hossz\\u00fa t\\u00e1vra is magas infl\\u00e1ci\\u00f3t v\\u00e9lem\\u00e9nyeznek a szak\\u00e9rt\\u0151k\",\"author\":{\"@id\":\"https:\\\/\\\/allasorias.hu\\\/hirek\\\/author\\\/admin-allasorias\\\/#author\"},\"publisher\":{\"@id\":\"https:\\\/\\\/allasorias.hu\\\/hirek\\\/#organization\"},\"image\":{\"@type\":\"ImageObject\",\"url\":\"https:\\\/\\\/allasorias.hu\\\/hirek\\\/wp-content\\\/uploads\\\/2023\\\/07\\\/magas-inflacio.jpg\",\"width\":1280,\"height\":854,\"caption\":\"Hossz\\u00fa t\\u00e1vra is magas infl\\u00e1ci\\u00f3t v\\u00e9lem\\u00e9nyeznek a szak\\u00e9rt\\u0151k - Allasoiras.hu\\\/Hirek\"},\"datePublished\":\"2023-07-26T08:10:51+02:00\",\"dateModified\":\"2023-07-26T08:12:30+02:00\",\"inLanguage\":\"hu-HU\",\"mainEntityOfPage\":{\"@id\":\"https:\\\/\\\/allasorias.hu\\\/hirek\\\/hosszu-tavra-is-magas-inflaciot-velemenyeznek-a-szakertok\\\/#webpage\"},\"isPartOf\":{\"@id\":\"https:\\\/\\\/allasorias.hu\\\/hirek\\\/hosszu-tavra-is-magas-inflaciot-velemenyeznek-a-szakertok\\\/#webpage\"},\"articleSection\":\"Gazdas\\u00e1g, infl\\u00e1ci\\u00f3\"},{\"@type\":\"BreadcrumbList\",\"@id\":\"https:\\\/\\\/allasorias.hu\\\/hirek\\\/hosszu-tavra-is-magas-inflaciot-velemenyeznek-a-szakertok\\\/#breadcrumblist\",\"itemListElement\":[{\"@type\":\"ListItem\",\"@id\":\"https:\\\/\\\/allasorias.hu\\\/hirek#listItem\",\"position\":1,\"name\":\"Home\",\"item\":\"https:\\\/\\\/allasorias.hu\\\/hirek\",\"nextItem\":{\"@type\":\"ListItem\",\"@id\":\"https:\\\/\\\/allasorias.hu\\\/hirek\\\/temak\\\/gazdasag\\\/#listItem\",\"name\":\"Gazdas\\u00e1g\"}},{\"@type\":\"ListItem\",\"@id\":\"https:\\\/\\\/allasorias.hu\\\/hirek\\\/temak\\\/gazdasag\\\/#listItem\",\"position\":2,\"name\":\"Gazdas\\u00e1g\",\"item\":\"https:\\\/\\\/allasorias.hu\\\/hirek\\\/temak\\\/gazdasag\\\/\",\"nextItem\":{\"@type\":\"ListItem\",\"@id\":\"https:\\\/\\\/allasorias.hu\\\/hirek\\\/hosszu-tavra-is-magas-inflaciot-velemenyeznek-a-szakertok\\\/#listItem\",\"name\":\"Hossz\\u00fa t\\u00e1vra is magas infl\\u00e1ci\\u00f3t v\\u00e9lem\\u00e9nyeznek a szak\\u00e9rt\\u0151k\"},\"previousItem\":{\"@type\":\"ListItem\",\"@id\":\"https:\\\/\\\/allasorias.hu\\\/hirek#listItem\",\"name\":\"Home\"}},{\"@type\":\"ListItem\",\"@id\":\"https:\\\/\\\/allasorias.hu\\\/hirek\\\/hosszu-tavra-is-magas-inflaciot-velemenyeznek-a-szakertok\\\/#listItem\",\"position\":3,\"name\":\"Hossz\\u00fa t\\u00e1vra is magas infl\\u00e1ci\\u00f3t v\\u00e9lem\\u00e9nyeznek a szak\\u00e9rt\\u0151k\",\"previousItem\":{\"@type\":\"ListItem\",\"@id\":\"https:\\\/\\\/allasorias.hu\\\/hirek\\\/temak\\\/gazdasag\\\/#listItem\",\"name\":\"Gazdas\\u00e1g\"}}]},{\"@type\":\"Organization\",\"@id\":\"https:\\\/\\\/allasorias.hu\\\/hirek\\\/#organization\",\"name\":\"AllasOrias.hu | H\\u00edrek-lapszemle\",\"description\":\"\\u00dczleti h\\u00edrek az \\u00e1ll\\u00e1s \\u00e9s a munka vil\\u00e1g\\u00e1b\\u00f3l\",\"url\":\"https:\\\/\\\/allasorias.hu\\\/hirek\\\/\",\"logo\":{\"@type\":\"ImageObject\",\"url\":\"https:\\\/\\\/allasorias.hu\\\/hirek\\\/wp-content\\\/uploads\\\/2022\\\/10\\\/allasorias_site_facebok_logo.png\",\"@id\":\"https:\\\/\\\/allasorias.hu\\\/hirek\\\/hosszu-tavra-is-magas-inflaciot-velemenyeznek-a-szakertok\\\/#organizationLogo\"},\"image\":{\"@id\":\"https:\\\/\\\/allasorias.hu\\\/hirek\\\/hosszu-tavra-is-magas-inflaciot-velemenyeznek-a-szakertok\\\/#organizationLogo\"},\"sameAs\":[\"https:\\\/\\\/www.facebook.com\\\/allasorias\",\"https:\\\/\\\/www.linkedin.com\\\/company\\\/allasorias\"]},{\"@type\":\"Person\",\"@id\":\"https:\\\/\\\/allasorias.hu\\\/hirek\\\/author\\\/admin-allasorias\\\/#author\",\"url\":\"https:\\\/\\\/allasorias.hu\\\/hirek\\\/author\\\/admin-allasorias\\\/\",\"name\":\"Juh\\u00e1sz P\\u00e9ter\",\"image\":{\"@type\":\"ImageObject\",\"@id\":\"https:\\\/\\\/allasorias.hu\\\/hirek\\\/hosszu-tavra-is-magas-inflaciot-velemenyeznek-a-szakertok\\\/#authorImage\",\"url\":\"https:\\\/\\\/secure.gravatar.com\\\/avatar\\\/36e6bcb83148978b992977cb0f54d22feb0cce8a0a849a9410532bb2623ba4c6?s=96&d=mm&r=g\",\"width\":96,\"height\":96,\"caption\":\"Juh\\u00e1sz P\\u00e9ter\"}},{\"@type\":\"WebPage\",\"@id\":\"https:\\\/\\\/allasorias.hu\\\/hirek\\\/hosszu-tavra-is-magas-inflaciot-velemenyeznek-a-szakertok\\\/#webpage\",\"url\":\"https:\\\/\\\/allasorias.hu\\\/hirek\\\/hosszu-tavra-is-magas-inflaciot-velemenyeznek-a-szakertok\\\/\",\"name\":\"Hossz\\u00fa t\\u00e1vra is magas infl\\u00e1ci\\u00f3t v\\u00e9lem\\u00e9nyeznek a szak\\u00e9rt\\u0151k |\",\"description\":\"\\u00c9szak-Eur\\u00f3p\\u00e1ban 7,5 sz\\u00e1zal\\u00e9kos, D\\u00e9l-Eur\\u00f3p\\u00e1ban 7,9 sz\\u00e1zal\\u00e9kos idei infl\\u00e1ci\\u00f3t val\\u00f3sz\\u00edn\\u0171s\\u00edtenek, Kelet-Eur\\u00f3p\\u00e1ban pedig 13,5 sz\\u00e1zal\\u00e9kos infl\\u00e1ci\\u00f3ra sz\\u00e1m\\u00edtanak id\\u00e9n.\",\"inLanguage\":\"hu-HU\",\"isPartOf\":{\"@id\":\"https:\\\/\\\/allasorias.hu\\\/hirek\\\/#website\"},\"breadcrumb\":{\"@id\":\"https:\\\/\\\/allasorias.hu\\\/hirek\\\/hosszu-tavra-is-magas-inflaciot-velemenyeznek-a-szakertok\\\/#breadcrumblist\"},\"author\":{\"@id\":\"https:\\\/\\\/allasorias.hu\\\/hirek\\\/author\\\/admin-allasorias\\\/#author\"},\"creator\":{\"@id\":\"https:\\\/\\\/allasorias.hu\\\/hirek\\\/author\\\/admin-allasorias\\\/#author\"},\"image\":{\"@type\":\"ImageObject\",\"url\":\"https:\\\/\\\/allasorias.hu\\\/hirek\\\/wp-content\\\/uploads\\\/2023\\\/07\\\/magas-inflacio.jpg\",\"@id\":\"https:\\\/\\\/allasorias.hu\\\/hirek\\\/hosszu-tavra-is-magas-inflaciot-velemenyeznek-a-szakertok\\\/#mainImage\",\"width\":1280,\"height\":854,\"caption\":\"Hossz\\u00fa t\\u00e1vra is magas infl\\u00e1ci\\u00f3t v\\u00e9lem\\u00e9nyeznek a szak\\u00e9rt\\u0151k - Allasoiras.hu\\\/Hirek\"},\"primaryImageOfPage\":{\"@id\":\"https:\\\/\\\/allasorias.hu\\\/hirek\\\/hosszu-tavra-is-magas-inflaciot-velemenyeznek-a-szakertok\\\/#mainImage\"},\"datePublished\":\"2023-07-26T08:10:51+02:00\",\"dateModified\":\"2023-07-26T08:12:30+02:00\"},{\"@type\":\"WebSite\",\"@id\":\"https:\\\/\\\/allasorias.hu\\\/hirek\\\/#website\",\"url\":\"https:\\\/\\\/allasorias.hu\\\/hirek\\\/\",\"name\":\"AllasOrias.hu | H\\u00edrek-lapszemle\",\"description\":\"\\u00dczleti h\\u00edrek az \\u00e1ll\\u00e1s \\u00e9s a munka vil\\u00e1g\\u00e1b\\u00f3l\",\"inLanguage\":\"hu-HU\",\"publisher\":{\"@id\":\"https:\\\/\\\/allasorias.hu\\\/hirek\\\/#organization\"}}]}\n\t\t<\/script>\n\t\t<!-- All in One SEO -->\n\n","aioseo_head_json":{"title":"Hossz\u00fa t\u00e1vra is magas infl\u00e1ci\u00f3t v\u00e9lem\u00e9nyeznek a szak\u00e9rt\u0151k |","description":"\u00c9szak-Eur\u00f3p\u00e1ban 7,5 sz\u00e1zal\u00e9kos, D\u00e9l-Eur\u00f3p\u00e1ban 7,9 sz\u00e1zal\u00e9kos idei infl\u00e1ci\u00f3t val\u00f3sz\u00edn\u0171s\u00edtenek, Kelet-Eur\u00f3p\u00e1ban pedig 13,5 sz\u00e1zal\u00e9kos infl\u00e1ci\u00f3ra sz\u00e1m\u00edtanak id\u00e9n.","canonical_url":"https:\/\/allasorias.hu\/hirek\/hosszu-tavra-is-magas-inflaciot-velemenyeznek-a-szakertok\/","robots":"max-image-preview:large","keywords":"infl\u00e1ci\u00f3","webmasterTools":{"miscellaneous":""},"schema":{"@context":"https:\/\/schema.org","@graph":[{"@type":"Article","@id":"https:\/\/allasorias.hu\/hirek\/hosszu-tavra-is-magas-inflaciot-velemenyeznek-a-szakertok\/#article","name":"Hossz\u00fa t\u00e1vra is magas infl\u00e1ci\u00f3t v\u00e9lem\u00e9nyeznek a szak\u00e9rt\u0151k |","headline":"Hossz\u00fa t\u00e1vra is magas infl\u00e1ci\u00f3t v\u00e9lem\u00e9nyeznek a szak\u00e9rt\u0151k","author":{"@id":"https:\/\/allasorias.hu\/hirek\/author\/admin-allasorias\/#author"},"publisher":{"@id":"https:\/\/allasorias.hu\/hirek\/#organization"},"image":{"@type":"ImageObject","url":"https:\/\/allasorias.hu\/hirek\/wp-content\/uploads\/2023\/07\/magas-inflacio.jpg","width":1280,"height":854,"caption":"Hossz\u00fa t\u00e1vra is magas infl\u00e1ci\u00f3t v\u00e9lem\u00e9nyeznek a szak\u00e9rt\u0151k - Allasoiras.hu\/Hirek"},"datePublished":"2023-07-26T08:10:51+02:00","dateModified":"2023-07-26T08:12:30+02:00","inLanguage":"hu-HU","mainEntityOfPage":{"@id":"https:\/\/allasorias.hu\/hirek\/hosszu-tavra-is-magas-inflaciot-velemenyeznek-a-szakertok\/#webpage"},"isPartOf":{"@id":"https:\/\/allasorias.hu\/hirek\/hosszu-tavra-is-magas-inflaciot-velemenyeznek-a-szakertok\/#webpage"},"articleSection":"Gazdas\u00e1g, infl\u00e1ci\u00f3"},{"@type":"BreadcrumbList","@id":"https:\/\/allasorias.hu\/hirek\/hosszu-tavra-is-magas-inflaciot-velemenyeznek-a-szakertok\/#breadcrumblist","itemListElement":[{"@type":"ListItem","@id":"https:\/\/allasorias.hu\/hirek#listItem","position":1,"name":"Home","item":"https:\/\/allasorias.hu\/hirek","nextItem":{"@type":"ListItem","@id":"https:\/\/allasorias.hu\/hirek\/temak\/gazdasag\/#listItem","name":"Gazdas\u00e1g"}},{"@type":"ListItem","@id":"https:\/\/allasorias.hu\/hirek\/temak\/gazdasag\/#listItem","position":2,"name":"Gazdas\u00e1g","item":"https:\/\/allasorias.hu\/hirek\/temak\/gazdasag\/","nextItem":{"@type":"ListItem","@id":"https:\/\/allasorias.hu\/hirek\/hosszu-tavra-is-magas-inflaciot-velemenyeznek-a-szakertok\/#listItem","name":"Hossz\u00fa t\u00e1vra is magas infl\u00e1ci\u00f3t v\u00e9lem\u00e9nyeznek a szak\u00e9rt\u0151k"},"previousItem":{"@type":"ListItem","@id":"https:\/\/allasorias.hu\/hirek#listItem","name":"Home"}},{"@type":"ListItem","@id":"https:\/\/allasorias.hu\/hirek\/hosszu-tavra-is-magas-inflaciot-velemenyeznek-a-szakertok\/#listItem","position":3,"name":"Hossz\u00fa t\u00e1vra is magas infl\u00e1ci\u00f3t v\u00e9lem\u00e9nyeznek a szak\u00e9rt\u0151k","previousItem":{"@type":"ListItem","@id":"https:\/\/allasorias.hu\/hirek\/temak\/gazdasag\/#listItem","name":"Gazdas\u00e1g"}}]},{"@type":"Organization","@id":"https:\/\/allasorias.hu\/hirek\/#organization","name":"AllasOrias.hu | H\u00edrek-lapszemle","description":"\u00dczleti h\u00edrek az \u00e1ll\u00e1s \u00e9s a munka vil\u00e1g\u00e1b\u00f3l","url":"https:\/\/allasorias.hu\/hirek\/","logo":{"@type":"ImageObject","url":"https:\/\/allasorias.hu\/hirek\/wp-content\/uploads\/2022\/10\/allasorias_site_facebok_logo.png","@id":"https:\/\/allasorias.hu\/hirek\/hosszu-tavra-is-magas-inflaciot-velemenyeznek-a-szakertok\/#organizationLogo"},"image":{"@id":"https:\/\/allasorias.hu\/hirek\/hosszu-tavra-is-magas-inflaciot-velemenyeznek-a-szakertok\/#organizationLogo"},"sameAs":["https:\/\/www.facebook.com\/allasorias","https:\/\/www.linkedin.com\/company\/allasorias"]},{"@type":"Person","@id":"https:\/\/allasorias.hu\/hirek\/author\/admin-allasorias\/#author","url":"https:\/\/allasorias.hu\/hirek\/author\/admin-allasorias\/","name":"Juh\u00e1sz P\u00e9ter","image":{"@type":"ImageObject","@id":"https:\/\/allasorias.hu\/hirek\/hosszu-tavra-is-magas-inflaciot-velemenyeznek-a-szakertok\/#authorImage","url":"https:\/\/secure.gravatar.com\/avatar\/36e6bcb83148978b992977cb0f54d22feb0cce8a0a849a9410532bb2623ba4c6?s=96&d=mm&r=g","width":96,"height":96,"caption":"Juh\u00e1sz P\u00e9ter"}},{"@type":"WebPage","@id":"https:\/\/allasorias.hu\/hirek\/hosszu-tavra-is-magas-inflaciot-velemenyeznek-a-szakertok\/#webpage","url":"https:\/\/allasorias.hu\/hirek\/hosszu-tavra-is-magas-inflaciot-velemenyeznek-a-szakertok\/","name":"Hossz\u00fa t\u00e1vra is magas infl\u00e1ci\u00f3t v\u00e9lem\u00e9nyeznek a szak\u00e9rt\u0151k |","description":"\u00c9szak-Eur\u00f3p\u00e1ban 7,5 sz\u00e1zal\u00e9kos, D\u00e9l-Eur\u00f3p\u00e1ban 7,9 sz\u00e1zal\u00e9kos idei infl\u00e1ci\u00f3t val\u00f3sz\u00edn\u0171s\u00edtenek, Kelet-Eur\u00f3p\u00e1ban pedig 13,5 sz\u00e1zal\u00e9kos infl\u00e1ci\u00f3ra sz\u00e1m\u00edtanak id\u00e9n.","inLanguage":"hu-HU","isPartOf":{"@id":"https:\/\/allasorias.hu\/hirek\/#website"},"breadcrumb":{"@id":"https:\/\/allasorias.hu\/hirek\/hosszu-tavra-is-magas-inflaciot-velemenyeznek-a-szakertok\/#breadcrumblist"},"author":{"@id":"https:\/\/allasorias.hu\/hirek\/author\/admin-allasorias\/#author"},"creator":{"@id":"https:\/\/allasorias.hu\/hirek\/author\/admin-allasorias\/#author"},"image":{"@type":"ImageObject","url":"https:\/\/allasorias.hu\/hirek\/wp-content\/uploads\/2023\/07\/magas-inflacio.jpg","@id":"https:\/\/allasorias.hu\/hirek\/hosszu-tavra-is-magas-inflaciot-velemenyeznek-a-szakertok\/#mainImage","width":1280,"height":854,"caption":"Hossz\u00fa t\u00e1vra is magas infl\u00e1ci\u00f3t v\u00e9lem\u00e9nyeznek a szak\u00e9rt\u0151k - Allasoiras.hu\/Hirek"},"primaryImageOfPage":{"@id":"https:\/\/allasorias.hu\/hirek\/hosszu-tavra-is-magas-inflaciot-velemenyeznek-a-szakertok\/#mainImage"},"datePublished":"2023-07-26T08:10:51+02:00","dateModified":"2023-07-26T08:12:30+02:00"},{"@type":"WebSite","@id":"https:\/\/allasorias.hu\/hirek\/#website","url":"https:\/\/allasorias.hu\/hirek\/","name":"AllasOrias.hu | H\u00edrek-lapszemle","description":"\u00dczleti h\u00edrek az \u00e1ll\u00e1s \u00e9s a munka vil\u00e1g\u00e1b\u00f3l","inLanguage":"hu-HU","publisher":{"@id":"https:\/\/allasorias.hu\/hirek\/#organization"}}]},"og:locale":"hu_HU","og:site_name":"AllasOrias.hu | H\u00edrek-lapszemle | \u00dczleti h\u00edrek az \u00e1ll\u00e1s \u00e9s a munka vil\u00e1g\u00e1b\u00f3l","og:type":"article","og:title":"Hossz\u00fa t\u00e1vra is magas infl\u00e1ci\u00f3t v\u00e9lem\u00e9nyeznek a szak\u00e9rt\u0151k |","og:description":"\u00c9szak-Eur\u00f3p\u00e1ban 7,5 sz\u00e1zal\u00e9kos, D\u00e9l-Eur\u00f3p\u00e1ban 7,9 sz\u00e1zal\u00e9kos idei infl\u00e1ci\u00f3t val\u00f3sz\u00edn\u0171s\u00edtenek, Kelet-Eur\u00f3p\u00e1ban pedig 13,5 sz\u00e1zal\u00e9kos infl\u00e1ci\u00f3ra sz\u00e1m\u00edtanak id\u00e9n.","og:url":"https:\/\/allasorias.hu\/hirek\/hosszu-tavra-is-magas-inflaciot-velemenyeznek-a-szakertok\/","og:image":"https:\/\/allasorias.hu\/hirek\/wp-content\/uploads\/2023\/07\/magas-inflacio.jpg","og:image:secure_url":"https:\/\/allasorias.hu\/hirek\/wp-content\/uploads\/2023\/07\/magas-inflacio.jpg","og:image:width":1280,"og:image:height":854,"article:published_time":"2023-07-26T08:10:51+00:00","article:modified_time":"2023-07-26T08:12:30+00:00","article:publisher":"https:\/\/www.facebook.com\/allasorias","twitter:card":"summary_large_image","twitter:title":"Hossz\u00fa t\u00e1vra is magas infl\u00e1ci\u00f3t v\u00e9lem\u00e9nyeznek a szak\u00e9rt\u0151k |","twitter:description":"\u00c9szak-Eur\u00f3p\u00e1ban 7,5 sz\u00e1zal\u00e9kos, D\u00e9l-Eur\u00f3p\u00e1ban 7,9 sz\u00e1zal\u00e9kos idei infl\u00e1ci\u00f3t val\u00f3sz\u00edn\u0171s\u00edtenek, Kelet-Eur\u00f3p\u00e1ban pedig 13,5 sz\u00e1zal\u00e9kos infl\u00e1ci\u00f3ra sz\u00e1m\u00edtanak id\u00e9n.","twitter:image":"https:\/\/allasorias.hu\/hirek\/wp-content\/uploads\/2023\/07\/magas-inflacio.jpg","twitter:label1":"Written by","twitter:data1":"Juh\u00e1sz P\u00e9ter","twitter:label2":"Est. reading time","twitter:data2":"4 minutes"},"aioseo_meta_data":{"post_id":"6660","title":"#post_title |","description":"\u00c9szak-Eur\u00f3p\u00e1ban 7,5 sz\u00e1zal\u00e9kos, D\u00e9l-Eur\u00f3p\u00e1ban 7,9 sz\u00e1zal\u00e9kos idei infl\u00e1ci\u00f3t val\u00f3sz\u00edn\u0171s\u00edtenek, Kelet-Eur\u00f3p\u00e1ban pedig 13,5 sz\u00e1zal\u00e9kos infl\u00e1ci\u00f3ra sz\u00e1m\u00edtanak id\u00e9n.","keywords":[],"keyphrases":{"focus":{"keyphrase":"","score":0,"analysis":{"keyphraseInTitle":{"score":0,"maxScore":9,"error":1}}},"additional":[]},"primary_term":null,"canonical_url":null,"og_title":null,"og_description":null,"og_object_type":"default","og_image_type":"default","og_image_url":null,"og_image_width":null,"og_image_height":null,"og_image_custom_url":null,"og_image_custom_fields":null,"og_video":"","og_custom_url":null,"og_article_section":null,"og_article_tags":[],"twitter_use_og":true,"twitter_card":"default","twitter_image_type":"default","twitter_image_url":null,"twitter_image_custom_url":null,"twitter_image_custom_fields":null,"twitter_title":null,"twitter_description":null,"schema":{"blockGraphs":[],"customGraphs":[],"default":{"data":{"Article":[],"Course":[],"Dataset":[],"FAQPage":[],"Movie":[],"Person":[],"Product":[],"ProductReview":[],"Car":[],"Recipe":[],"Service":[],"SoftwareApplication":[],"WebPage":[]},"graphName":"Article","isEnabled":true},"graphs":[]},"schema_type":"default","schema_type_options":null,"pillar_content":false,"robots_default":true,"robots_noindex":false,"robots_noarchive":false,"robots_nosnippet":false,"robots_nofollow":false,"robots_noimageindex":false,"robots_noodp":false,"robots_notranslate":false,"robots_max_snippet":"-1","robots_max_videopreview":"-1","robots_max_imagepreview":"large","priority":null,"frequency":"default","location":null,"local_seo":null,"breadcrumb_settings":null,"limit_modified_date":false,"ai":null,"created":"2023-07-26 07:14:18","updated":"2025-10-02 18:53:10","seo_analyzer_scan_date":null,"focus_keyword":null,"additional_keywords":null,"truseo_locale":null},"aioseo_breadcrumb":"<div class=\"aioseo-breadcrumbs\"><span class=\"aioseo-breadcrumb\">\n\t\t\t<a href=\"https:\/\/allasorias.hu\/hirek\" title=\"Home\">Home<\/a>\n\t\t<\/span><span class=\"aioseo-breadcrumb-separator\">&raquo;<\/span><span class=\"aioseo-breadcrumb\">\n\t\t\t<a href=\"https:\/\/allasorias.hu\/hirek\/temak\/gazdasag\/\" title=\"Gazdas\u00e1g\">Gazdas\u00e1g<\/a>\n\t\t<\/span><span class=\"aioseo-breadcrumb-separator\">&raquo;<\/span><span class=\"aioseo-breadcrumb\">\n\t\t\tHossz\u00fa t\u00e1vra is magas infl\u00e1ci\u00f3t v\u00e9lem\u00e9nyeznek a szak\u00e9rt\u0151k\n\t\t<\/span><\/div>","aioseo_breadcrumb_json":[{"label":"Home","link":"https:\/\/allasorias.hu\/hirek"},{"label":"Gazdas\u00e1g","link":"https:\/\/allasorias.hu\/hirek\/temak\/gazdasag\/"},{"label":"Hossz\u00fa t\u00e1vra is magas infl\u00e1ci\u00f3t v\u00e9lem\u00e9nyeznek a szak\u00e9rt\u0151k","link":"https:\/\/allasorias.hu\/hirek\/hosszu-tavra-is-magas-inflaciot-velemenyeznek-a-szakertok\/"}],"_links":{"self":[{"href":"https:\/\/allasorias.hu\/hirek\/wp-json\/wp\/v2\/posts\/6660","targetHints":{"allow":["GET"]}}],"collection":[{"href":"https:\/\/allasorias.hu\/hirek\/wp-json\/wp\/v2\/posts"}],"about":[{"href":"https:\/\/allasorias.hu\/hirek\/wp-json\/wp\/v2\/types\/post"}],"author":[{"embeddable":true,"href":"https:\/\/allasorias.hu\/hirek\/wp-json\/wp\/v2\/users\/1"}],"replies":[{"embeddable":true,"href":"https:\/\/allasorias.hu\/hirek\/wp-json\/wp\/v2\/comments?post=6660"}],"version-history":[{"count":2,"href":"https:\/\/allasorias.hu\/hirek\/wp-json\/wp\/v2\/posts\/6660\/revisions"}],"predecessor-version":[{"id":6664,"href":"https:\/\/allasorias.hu\/hirek\/wp-json\/wp\/v2\/posts\/6660\/revisions\/6664"}],"wp:featuredmedia":[{"embeddable":true,"href":"https:\/\/allasorias.hu\/hirek\/wp-json\/wp\/v2\/media\/6662"}],"wp:attachment":[{"href":"https:\/\/allasorias.hu\/hirek\/wp-json\/wp\/v2\/media?parent=6660"}],"wp:term":[{"taxonomy":"category","embeddable":true,"href":"https:\/\/allasorias.hu\/hirek\/wp-json\/wp\/v2\/categories?post=6660"},{"taxonomy":"post_tag","embeddable":true,"href":"https:\/\/allasorias.hu\/hirek\/wp-json\/wp\/v2\/tags?post=6660"}],"curies":[{"name":"wp","href":"https:\/\/api.w.org\/{rel}","templated":true}]}}