{"id":6639,"date":"2023-07-18T07:36:10","date_gmt":"2023-07-18T07:36:10","guid":{"rendered":"https:\/\/allasorias.hu\/hirek\/?p=6639"},"modified":"2025-05-09T11:04:52","modified_gmt":"2025-05-09T09:04:52","slug":"csokken-a-vizimentoket-szolgaltato-telepulesek-szama","status":"publish","type":"post","link":"https:\/\/allasorias.hu\/hirek\/csokken-a-vizimentoket-szolgaltato-telepulesek-szama\/","title":{"rendered":"Cs\u00f6kken a v\u00edziment\u0151ket szolg\u00e1ltat\u00f3 telep\u00fcl\u00e9sek sz\u00e1ma"},"content":{"rendered":"<p><strong>Sokba ker\u00fcl a telep\u00fcl\u00e9seknek a Balatonon a v\u00edziment\u0151 foglalkoztat\u00e1sa, ez\u00e9rt t\u00f6bb helyen nincs is ilyen szolg\u00e1ltat\u00e1s.<\/strong><\/p>\n<p>A N\u00e9pszava cikke szerint a balatoni strandok k\u00e9tharmad\u00e1n elvileg dolgoznia kellene v\u00edziment\u0151nek, \u00e1m messze nincs ekkora lefedetts\u00e9g. A\u00a0 V\u00edziment\u0151k Magyarorsz\u00e1gi Szakszolg\u00e1lat\u00e1nak (VMSZ) statisztik\u00e1ib\u00f3l kider\u00fclt, hogy k\u00e9t \u00e9ve folyamatosan cs\u00f6kken a v\u00edziment\u0151t foglalkoztat\u00f3 \u00f6nkorm\u00e1nyzatok \u00e9s strandok sz\u00e1ma. Az elm\u00falt \u00f6t \u00e9vben 2021 jelentette a cs\u00facsot, amikor 30 telep\u00fcl\u00e9s 61 strandj\u00e1n dolgoztak a VMSZ szakemberei, az id\u00e9nre 24 telep\u00fcl\u00e9s rendelte meg szolg\u00e1ltat\u00e1sukat 44 strandra. Az id\u00e9n szerz\u0151d\u00e9st nem k\u00f6t\u0151 \u00f6nkorm\u00e1nyzatok k\u00f6z\u00fcl t\u00f6bben a szolg\u00e1ltat\u00e1s \u00e1r\u00e1val magyar\u00e1zt\u00e1k, hogy erre a szezonra nem k\u00e9rtek v\u00edziment\u0151t.<\/p>\n<h2>Dupl\u00e1j\u00e1ra n\u0151tt a v\u00edziment\u0151k d\u00edja<\/h2>\n<p><em>Az \u00e1rakon l\u00e1tszik, hogy nincs konkurencia, de ak\u00e1rmennyibe is ker\u00fcl, nek\u00fcnk k\u00f6telez\u0151 megrendelni a szolg\u00e1ltat\u00e1st<\/em> \u2013 jegyezte meg Gal\u00e1cz Gy\u00f6rgy, Balatonm\u00e1riaf\u00fcrd\u0151 polg\u00e1rmestere. Aki hozz\u00e1tette, nyolc strandjukb\u00f3l csak a k\u00f6zponti fizet\u0151re kell v\u00edziment\u0151, \u00e1m ez is t\u00f6bb milli\u00f3s kiad\u00e1st jelent. \u2013 Az a baj, hogy az emberek csak azt l\u00e1tj\u00e1k, emelkedtek a bel\u00e9p\u0151\u00e1rak, \u00e1m arra nem gondolnak, hogy ez nem nyer\u00e9szked\u00e9s, hanem menek\u00fcl\u00e9s, hiszen elsz\u00e1lltak az energia\u00e1rak, a v\u00edzd\u00edj, s persze a szolg\u00e1ltat\u00e1sok k\u00f6lts\u00e9gei is. N\u00e9h\u00e1ny \u00e9v alatt t\u00f6bb, mint a dupl\u00e1j\u00e1ra ment fel a v\u00edziment\u0151k d\u00edja, ezt is ki kell fizetni valahogyan. Az ember\u00ad\u00e9let\u00adn\u00e9l nincs fontosabb, de ett\u0151l m\u00e9g a t\u00f6bbmilli\u00f3s szolg\u00e1ltat\u00e1si d\u00edjakat valakinek ki kell gazd\u00e1lkodnia.<\/p>\n<h2>4,5 milli\u00f3 forint is lehet egy v\u00edziment\u0151 alkalmaz\u00e1sa<\/h2>\n<p>A VMSZ aj\u00e1nlata alapj\u00e1n \u00f6t \u00e9ve 15 ezer forint plusz \u00e1f\u00e1ba, vagyis 19 ezer forintba ker\u00fclt egy napra egy v\u00edziment\u0151 szakember, az id\u00e9n a tarifa m\u00e1r 34 ezer plusz \u00e1fa, azaz 43 ezer forint. A fizet\u0151strandokon, am\u00edg bel\u00e9p\u0151d\u00edjat szednek, teh\u00e1t jellemz\u0151en j\u00fanius 1. \u00e9s augusztus 31. k\u00f6z\u00f6tt, mindv\u00e9gig k\u00f6telez\u0151 v\u00edziment\u0151t alkalmazni, ami 92 napot jelent, azaz egyetlen v\u00edziment\u0151 \u00fagy 4 milli\u00f3ba ker\u00fcl erre az id\u0151szakra, de akadnak k\u00e9temberes strandok is, ami m\u00e1r 8 milli\u00f3.<\/p>\n<p>Ehhez j\u00f6n m\u00e9g k\u00f6lts\u00e9gk\u00e9nt: a k\u00f6telez\u0151 r\u00e1di\u00f3b\u00e9rl\u00e9s, ami brutt\u00f3 1230 forint naponta, vagyis t\u00f6bb, mint 110 ezer forint egy szezonra, ha az \u00f6nkorm\u00e1nyzat nem tud sz\u00e1ll\u00e1st biztos\u00edtani a v\u00edziment\u0151nek, akkor napi brutt\u00f3 4440 forint sz\u00e1ll\u00e1sk\u00f6lts\u00e9g, ami t\u00f6bb, mint 400 ezer forint szem\u00e9lyenk\u00e9nt egy ny\u00e1rra. Vagyis egyetlen v\u00edziment\u0151 alkalmaz\u00e1sa strandonk\u00e9nt k\u00f6r\u00fclbel\u00fcl 4,5 milli\u00f3ba ker\u00fcl egy telep\u00fcl\u00e9snek, kett\u0151 eset\u00e9n pedig csaknem 9 milli\u00f3 a v\u00e9g\u00f6sszeg. A szerencs\u00e9sebb telep\u00fcl\u00e9seken el\u00e9g csak egy strandot biztos\u00edtani, \u00e1m Balatonf\u00fcreden p\u00e9ld\u00e1ul \u00f6t, Fony\u00f3don, Keszthelyen, R\u00e9vf\u00fcl\u00f6p\u00f6n, Balatonlell\u00e9n, Balatonszepezden 3-3 strandon k\u00e9nytelen v\u00edziment\u0151t fizetni az \u00f6nkorm\u00e1nyzat.<\/p>\n<p>Forr\u00e1s: <a href=\"https:\/\/forbes.hu\/uzlet\/nyar-balaton-vizimentok-dragulas\/\" target=\"_blank\" rel=\"nofollow noopener noreferrer\">forbes.hu<\/a><\/p>\n","protected":false},"excerpt":{"rendered":"<p>Sokba ker\u00fcl a telep\u00fcl\u00e9seknek a Balatonon a v\u00edziment\u0151 foglalkoztat\u00e1sa, ez\u00e9rt t\u00f6bb helyen nincs is ilyen szolg\u00e1ltat\u00e1s. A N\u00e9pszava cikke szerint a balatoni strandok k\u00e9tharmad\u00e1n elvileg dolgoznia kellene v\u00edziment\u0151nek, \u00e1m messze nincs ekkora lefedetts\u00e9g. A\u00a0 V\u00edziment\u0151k Magyarorsz\u00e1gi Szakszolg\u00e1lat\u00e1nak (VMSZ) statisztik\u00e1ib\u00f3l kider\u00fclt, hogy k\u00e9t \u00e9ve folyamatosan cs\u00f6kken a v\u00edziment\u0151t foglalkoztat\u00f3 \u00f6nkorm\u00e1nyzatok \u00e9s strandok sz\u00e1ma. Az elm\u00falt \u00f6t [&hellip;]<\/p>\n","protected":false},"author":1,"featured_media":6640,"comment_status":"closed","ping_status":"closed","sticky":false,"template":"","format":"standard","meta":{"_monsterinsights_skip_tracking":false,"footnotes":""},"categories":[200],"tags":[466,563],"class_list":["post-6639","post","type-post","status-publish","format-standard","has-post-thumbnail","hentry","category-munkaeropiac","tag-balaton","tag-vizimento"],"aioseo_notices":[],"aioseo_head":"\n\t\t<!-- All in One SEO 5.0.0.1 - aioseo.com -->\n\t<meta name=\"description\" content=\"Sokba ker\u00fcl a telep\u00fcl\u00e9seknek a Balatonon a v\u00edziment\u0151 foglalkoztat\u00e1sa, ez\u00e9rt t\u00f6bb helyen nincs is ilyen szolg\u00e1ltat\u00e1s.\" \/>\n\t<meta name=\"robots\" content=\"max-image-preview:large\" \/>\n\t<meta name=\"author\" content=\"Juh\u00e1sz P\u00e9ter\"\/>\n\t<meta name=\"keywords\" content=\"balaton,v\u00edziment\u0151\" \/>\n\t<link rel=\"canonical\" href=\"https:\/\/allasorias.hu\/hirek\/csokken-a-vizimentoket-szolgaltato-telepulesek-szama\/\" \/>\n\t<meta name=\"generator\" content=\"All in One SEO (AIOSEO) 5.0.0.1\" \/>\n\t\t<meta property=\"og:locale\" content=\"hu_HU\" \/>\n\t\t<meta property=\"og:site_name\" content=\"AllasOrias.hu | H\u00edrek-lapszemle | \u00dczleti h\u00edrek az \u00e1ll\u00e1s \u00e9s a munka vil\u00e1g\u00e1b\u00f3l\" \/>\n\t\t<meta property=\"og:type\" content=\"article\" \/>\n\t\t<meta property=\"og:title\" content=\"Egyre kevesebb v\u00edziment\u0151t alkalmaznak\" \/>\n\t\t<meta property=\"og:description\" content=\"Sokba ker\u00fcl a telep\u00fcl\u00e9seknek a Balatonon a v\u00edziment\u0151 foglalkoztat\u00e1sa, ez\u00e9rt t\u00f6bb helyen nincs is ilyen szolg\u00e1ltat\u00e1s.\" \/>\n\t\t<meta property=\"og:url\" content=\"https:\/\/allasorias.hu\/hirek\/csokken-a-vizimentoket-szolgaltato-telepulesek-szama\/\" \/>\n\t\t<meta property=\"og:image\" content=\"https:\/\/allasorias.hu\/hirek\/wp-content\/uploads\/2023\/07\/keves-a-vizimento.jpg\" \/>\n\t\t<meta property=\"og:image:secure_url\" content=\"https:\/\/allasorias.hu\/hirek\/wp-content\/uploads\/2023\/07\/keves-a-vizimento.jpg\" \/>\n\t\t<meta property=\"og:image:width\" content=\"1280\" \/>\n\t\t<meta property=\"og:image:height\" content=\"853\" \/>\n\t\t<meta property=\"article:published_time\" content=\"2023-07-18T07:36:10+00:00\" \/>\n\t\t<meta property=\"article:modified_time\" content=\"2025-05-09T09:04:52+00:00\" \/>\n\t\t<meta property=\"article:publisher\" content=\"https:\/\/www.facebook.com\/allasorias\" \/>\n\t\t<meta name=\"twitter:card\" content=\"summary_large_image\" \/>\n\t\t<meta name=\"twitter:title\" content=\"Egyre kevesebb v\u00edziment\u0151t alkalmaznak\" \/>\n\t\t<meta name=\"twitter:description\" content=\"Sokba ker\u00fcl a telep\u00fcl\u00e9seknek a Balatonon a v\u00edziment\u0151 foglalkoztat\u00e1sa, ez\u00e9rt t\u00f6bb helyen nincs is ilyen szolg\u00e1ltat\u00e1s.\" \/>\n\t\t<meta name=\"twitter:image\" content=\"https:\/\/allasorias.hu\/hirek\/wp-content\/uploads\/2023\/07\/keves-a-vizimento.jpg\" \/>\n\t\t<meta name=\"twitter:label1\" content=\"Written by\" \/>\n\t\t<meta name=\"twitter:data1\" content=\"Juh\u00e1sz P\u00e9ter\" \/>\n\t\t<meta name=\"twitter:label2\" content=\"Est. reading time\" \/>\n\t\t<meta name=\"twitter:data2\" content=\"3 minutes\" \/>\n\t\t<script type=\"application\/ld+json\" class=\"aioseo-schema\">\n\t\t\t{\"@context\":\"https:\\\/\\\/schema.org\",\"@graph\":[{\"@type\":\"Article\",\"@id\":\"https:\\\/\\\/allasorias.hu\\\/hirek\\\/csokken-a-vizimentoket-szolgaltato-telepulesek-szama\\\/#article\",\"name\":\"Egyre kevesebb v\\u00edziment\\u0151t alkalmaznak\",\"headline\":\"Cs\\u00f6kken a v\\u00edziment\\u0151ket szolg\\u00e1ltat\\u00f3 telep\\u00fcl\\u00e9sek sz\\u00e1ma\",\"author\":{\"@id\":\"https:\\\/\\\/allasorias.hu\\\/hirek\\\/author\\\/admin-allasorias\\\/#author\"},\"publisher\":{\"@id\":\"https:\\\/\\\/allasorias.hu\\\/hirek\\\/#organization\"},\"image\":{\"@type\":\"ImageObject\",\"url\":\"https:\\\/\\\/allasorias.hu\\\/hirek\\\/wp-content\\\/uploads\\\/2023\\\/07\\\/keves-a-vizimento.jpg\",\"width\":1280,\"height\":853,\"caption\":\"A karrier\\u00e9p\\u00edt\\u00e9s l\\u00e9p\\u00e9sei \\u00e9s alapszab\\u00e1lyai 2023-ban - Allasorias.hu\\\/Hirek\"},\"datePublished\":\"2023-07-18T07:36:10+02:00\",\"dateModified\":\"2025-05-09T11:04:52+02:00\",\"inLanguage\":\"hu-HU\",\"mainEntityOfPage\":{\"@id\":\"https:\\\/\\\/allasorias.hu\\\/hirek\\\/csokken-a-vizimentoket-szolgaltato-telepulesek-szama\\\/#webpage\"},\"isPartOf\":{\"@id\":\"https:\\\/\\\/allasorias.hu\\\/hirek\\\/csokken-a-vizimentoket-szolgaltato-telepulesek-szama\\\/#webpage\"},\"articleSection\":\"Munkaer\\u0151piac, Balaton, v\\u00edziment\\u0151\"},{\"@type\":\"BreadcrumbList\",\"@id\":\"https:\\\/\\\/allasorias.hu\\\/hirek\\\/csokken-a-vizimentoket-szolgaltato-telepulesek-szama\\\/#breadcrumblist\",\"itemListElement\":[{\"@type\":\"ListItem\",\"@id\":\"https:\\\/\\\/allasorias.hu\\\/hirek#listItem\",\"position\":1,\"name\":\"Home\",\"item\":\"https:\\\/\\\/allasorias.hu\\\/hirek\",\"nextItem\":{\"@type\":\"ListItem\",\"@id\":\"https:\\\/\\\/allasorias.hu\\\/hirek\\\/temak\\\/munkaeropiac\\\/#listItem\",\"name\":\"Munkaer\\u0151piac\"}},{\"@type\":\"ListItem\",\"@id\":\"https:\\\/\\\/allasorias.hu\\\/hirek\\\/temak\\\/munkaeropiac\\\/#listItem\",\"position\":2,\"name\":\"Munkaer\\u0151piac\",\"item\":\"https:\\\/\\\/allasorias.hu\\\/hirek\\\/temak\\\/munkaeropiac\\\/\",\"nextItem\":{\"@type\":\"ListItem\",\"@id\":\"https:\\\/\\\/allasorias.hu\\\/hirek\\\/csokken-a-vizimentoket-szolgaltato-telepulesek-szama\\\/#listItem\",\"name\":\"Cs\\u00f6kken a v\\u00edziment\\u0151ket szolg\\u00e1ltat\\u00f3 telep\\u00fcl\\u00e9sek sz\\u00e1ma\"},\"previousItem\":{\"@type\":\"ListItem\",\"@id\":\"https:\\\/\\\/allasorias.hu\\\/hirek#listItem\",\"name\":\"Home\"}},{\"@type\":\"ListItem\",\"@id\":\"https:\\\/\\\/allasorias.hu\\\/hirek\\\/csokken-a-vizimentoket-szolgaltato-telepulesek-szama\\\/#listItem\",\"position\":3,\"name\":\"Cs\\u00f6kken a v\\u00edziment\\u0151ket szolg\\u00e1ltat\\u00f3 telep\\u00fcl\\u00e9sek sz\\u00e1ma\",\"previousItem\":{\"@type\":\"ListItem\",\"@id\":\"https:\\\/\\\/allasorias.hu\\\/hirek\\\/temak\\\/munkaeropiac\\\/#listItem\",\"name\":\"Munkaer\\u0151piac\"}}]},{\"@type\":\"Organization\",\"@id\":\"https:\\\/\\\/allasorias.hu\\\/hirek\\\/#organization\",\"name\":\"AllasOrias.hu | H\\u00edrek-lapszemle\",\"description\":\"\\u00dczleti h\\u00edrek az \\u00e1ll\\u00e1s \\u00e9s a munka vil\\u00e1g\\u00e1b\\u00f3l\",\"url\":\"https:\\\/\\\/allasorias.hu\\\/hirek\\\/\",\"logo\":{\"@type\":\"ImageObject\",\"url\":\"https:\\\/\\\/allasorias.hu\\\/hirek\\\/wp-content\\\/uploads\\\/2022\\\/10\\\/allasorias_site_facebok_logo.png\",\"@id\":\"https:\\\/\\\/allasorias.hu\\\/hirek\\\/csokken-a-vizimentoket-szolgaltato-telepulesek-szama\\\/#organizationLogo\"},\"image\":{\"@id\":\"https:\\\/\\\/allasorias.hu\\\/hirek\\\/csokken-a-vizimentoket-szolgaltato-telepulesek-szama\\\/#organizationLogo\"},\"sameAs\":[\"https:\\\/\\\/www.facebook.com\\\/allasorias\",\"https:\\\/\\\/www.linkedin.com\\\/company\\\/allasorias\"]},{\"@type\":\"Person\",\"@id\":\"https:\\\/\\\/allasorias.hu\\\/hirek\\\/author\\\/admin-allasorias\\\/#author\",\"url\":\"https:\\\/\\\/allasorias.hu\\\/hirek\\\/author\\\/admin-allasorias\\\/\",\"name\":\"Juh\\u00e1sz P\\u00e9ter\",\"image\":{\"@type\":\"ImageObject\",\"@id\":\"https:\\\/\\\/allasorias.hu\\\/hirek\\\/csokken-a-vizimentoket-szolgaltato-telepulesek-szama\\\/#authorImage\",\"url\":\"https:\\\/\\\/secure.gravatar.com\\\/avatar\\\/36e6bcb83148978b992977cb0f54d22feb0cce8a0a849a9410532bb2623ba4c6?s=96&d=mm&r=g\",\"width\":96,\"height\":96,\"caption\":\"Juh\\u00e1sz P\\u00e9ter\"}},{\"@type\":\"WebPage\",\"@id\":\"https:\\\/\\\/allasorias.hu\\\/hirek\\\/csokken-a-vizimentoket-szolgaltato-telepulesek-szama\\\/#webpage\",\"url\":\"https:\\\/\\\/allasorias.hu\\\/hirek\\\/csokken-a-vizimentoket-szolgaltato-telepulesek-szama\\\/\",\"name\":\"Egyre kevesebb v\\u00edziment\\u0151t alkalmaznak\",\"description\":\"Sokba ker\\u00fcl a telep\\u00fcl\\u00e9seknek a Balatonon a v\\u00edziment\\u0151 foglalkoztat\\u00e1sa, ez\\u00e9rt t\\u00f6bb helyen nincs is ilyen szolg\\u00e1ltat\\u00e1s.\",\"inLanguage\":\"hu-HU\",\"isPartOf\":{\"@id\":\"https:\\\/\\\/allasorias.hu\\\/hirek\\\/#website\"},\"breadcrumb\":{\"@id\":\"https:\\\/\\\/allasorias.hu\\\/hirek\\\/csokken-a-vizimentoket-szolgaltato-telepulesek-szama\\\/#breadcrumblist\"},\"author\":{\"@id\":\"https:\\\/\\\/allasorias.hu\\\/hirek\\\/author\\\/admin-allasorias\\\/#author\"},\"creator\":{\"@id\":\"https:\\\/\\\/allasorias.hu\\\/hirek\\\/author\\\/admin-allasorias\\\/#author\"},\"image\":{\"@type\":\"ImageObject\",\"url\":\"https:\\\/\\\/allasorias.hu\\\/hirek\\\/wp-content\\\/uploads\\\/2023\\\/07\\\/keves-a-vizimento.jpg\",\"@id\":\"https:\\\/\\\/allasorias.hu\\\/hirek\\\/csokken-a-vizimentoket-szolgaltato-telepulesek-szama\\\/#mainImage\",\"width\":1280,\"height\":853,\"caption\":\"A karrier\\u00e9p\\u00edt\\u00e9s l\\u00e9p\\u00e9sei \\u00e9s alapszab\\u00e1lyai 2023-ban - Allasorias.hu\\\/Hirek\"},\"primaryImageOfPage\":{\"@id\":\"https:\\\/\\\/allasorias.hu\\\/hirek\\\/csokken-a-vizimentoket-szolgaltato-telepulesek-szama\\\/#mainImage\"},\"datePublished\":\"2023-07-18T07:36:10+02:00\",\"dateModified\":\"2025-05-09T11:04:52+02:00\"},{\"@type\":\"WebSite\",\"@id\":\"https:\\\/\\\/allasorias.hu\\\/hirek\\\/#website\",\"url\":\"https:\\\/\\\/allasorias.hu\\\/hirek\\\/\",\"name\":\"AllasOrias.hu | H\\u00edrek-lapszemle\",\"description\":\"\\u00dczleti h\\u00edrek az \\u00e1ll\\u00e1s \\u00e9s a munka vil\\u00e1g\\u00e1b\\u00f3l\",\"inLanguage\":\"hu-HU\",\"publisher\":{\"@id\":\"https:\\\/\\\/allasorias.hu\\\/hirek\\\/#organization\"}}]}\n\t\t<\/script>\n\t\t<!-- All in One SEO -->\n\n","aioseo_head_json":{"title":"Egyre kevesebb v\u00edziment\u0151t alkalmaznak","description":"Sokba ker\u00fcl a telep\u00fcl\u00e9seknek a Balatonon a v\u00edziment\u0151 foglalkoztat\u00e1sa, ez\u00e9rt t\u00f6bb helyen nincs is ilyen szolg\u00e1ltat\u00e1s.","canonical_url":"https:\/\/allasorias.hu\/hirek\/csokken-a-vizimentoket-szolgaltato-telepulesek-szama\/","robots":"max-image-preview:large","keywords":"balaton,v\u00edziment\u0151","webmasterTools":{"miscellaneous":""},"schema":{"@context":"https:\/\/schema.org","@graph":[{"@type":"Article","@id":"https:\/\/allasorias.hu\/hirek\/csokken-a-vizimentoket-szolgaltato-telepulesek-szama\/#article","name":"Egyre kevesebb v\u00edziment\u0151t alkalmaznak","headline":"Cs\u00f6kken a v\u00edziment\u0151ket szolg\u00e1ltat\u00f3 telep\u00fcl\u00e9sek sz\u00e1ma","author":{"@id":"https:\/\/allasorias.hu\/hirek\/author\/admin-allasorias\/#author"},"publisher":{"@id":"https:\/\/allasorias.hu\/hirek\/#organization"},"image":{"@type":"ImageObject","url":"https:\/\/allasorias.hu\/hirek\/wp-content\/uploads\/2023\/07\/keves-a-vizimento.jpg","width":1280,"height":853,"caption":"A karrier\u00e9p\u00edt\u00e9s l\u00e9p\u00e9sei \u00e9s alapszab\u00e1lyai 2023-ban - Allasorias.hu\/Hirek"},"datePublished":"2023-07-18T07:36:10+02:00","dateModified":"2025-05-09T11:04:52+02:00","inLanguage":"hu-HU","mainEntityOfPage":{"@id":"https:\/\/allasorias.hu\/hirek\/csokken-a-vizimentoket-szolgaltato-telepulesek-szama\/#webpage"},"isPartOf":{"@id":"https:\/\/allasorias.hu\/hirek\/csokken-a-vizimentoket-szolgaltato-telepulesek-szama\/#webpage"},"articleSection":"Munkaer\u0151piac, Balaton, v\u00edziment\u0151"},{"@type":"BreadcrumbList","@id":"https:\/\/allasorias.hu\/hirek\/csokken-a-vizimentoket-szolgaltato-telepulesek-szama\/#breadcrumblist","itemListElement":[{"@type":"ListItem","@id":"https:\/\/allasorias.hu\/hirek#listItem","position":1,"name":"Home","item":"https:\/\/allasorias.hu\/hirek","nextItem":{"@type":"ListItem","@id":"https:\/\/allasorias.hu\/hirek\/temak\/munkaeropiac\/#listItem","name":"Munkaer\u0151piac"}},{"@type":"ListItem","@id":"https:\/\/allasorias.hu\/hirek\/temak\/munkaeropiac\/#listItem","position":2,"name":"Munkaer\u0151piac","item":"https:\/\/allasorias.hu\/hirek\/temak\/munkaeropiac\/","nextItem":{"@type":"ListItem","@id":"https:\/\/allasorias.hu\/hirek\/csokken-a-vizimentoket-szolgaltato-telepulesek-szama\/#listItem","name":"Cs\u00f6kken a v\u00edziment\u0151ket szolg\u00e1ltat\u00f3 telep\u00fcl\u00e9sek sz\u00e1ma"},"previousItem":{"@type":"ListItem","@id":"https:\/\/allasorias.hu\/hirek#listItem","name":"Home"}},{"@type":"ListItem","@id":"https:\/\/allasorias.hu\/hirek\/csokken-a-vizimentoket-szolgaltato-telepulesek-szama\/#listItem","position":3,"name":"Cs\u00f6kken a v\u00edziment\u0151ket szolg\u00e1ltat\u00f3 telep\u00fcl\u00e9sek sz\u00e1ma","previousItem":{"@type":"ListItem","@id":"https:\/\/allasorias.hu\/hirek\/temak\/munkaeropiac\/#listItem","name":"Munkaer\u0151piac"}}]},{"@type":"Organization","@id":"https:\/\/allasorias.hu\/hirek\/#organization","name":"AllasOrias.hu | H\u00edrek-lapszemle","description":"\u00dczleti h\u00edrek az \u00e1ll\u00e1s \u00e9s a munka vil\u00e1g\u00e1b\u00f3l","url":"https:\/\/allasorias.hu\/hirek\/","logo":{"@type":"ImageObject","url":"https:\/\/allasorias.hu\/hirek\/wp-content\/uploads\/2022\/10\/allasorias_site_facebok_logo.png","@id":"https:\/\/allasorias.hu\/hirek\/csokken-a-vizimentoket-szolgaltato-telepulesek-szama\/#organizationLogo"},"image":{"@id":"https:\/\/allasorias.hu\/hirek\/csokken-a-vizimentoket-szolgaltato-telepulesek-szama\/#organizationLogo"},"sameAs":["https:\/\/www.facebook.com\/allasorias","https:\/\/www.linkedin.com\/company\/allasorias"]},{"@type":"Person","@id":"https:\/\/allasorias.hu\/hirek\/author\/admin-allasorias\/#author","url":"https:\/\/allasorias.hu\/hirek\/author\/admin-allasorias\/","name":"Juh\u00e1sz P\u00e9ter","image":{"@type":"ImageObject","@id":"https:\/\/allasorias.hu\/hirek\/csokken-a-vizimentoket-szolgaltato-telepulesek-szama\/#authorImage","url":"https:\/\/secure.gravatar.com\/avatar\/36e6bcb83148978b992977cb0f54d22feb0cce8a0a849a9410532bb2623ba4c6?s=96&d=mm&r=g","width":96,"height":96,"caption":"Juh\u00e1sz P\u00e9ter"}},{"@type":"WebPage","@id":"https:\/\/allasorias.hu\/hirek\/csokken-a-vizimentoket-szolgaltato-telepulesek-szama\/#webpage","url":"https:\/\/allasorias.hu\/hirek\/csokken-a-vizimentoket-szolgaltato-telepulesek-szama\/","name":"Egyre kevesebb v\u00edziment\u0151t alkalmaznak","description":"Sokba ker\u00fcl a telep\u00fcl\u00e9seknek a Balatonon a v\u00edziment\u0151 foglalkoztat\u00e1sa, ez\u00e9rt t\u00f6bb helyen nincs is ilyen szolg\u00e1ltat\u00e1s.","inLanguage":"hu-HU","isPartOf":{"@id":"https:\/\/allasorias.hu\/hirek\/#website"},"breadcrumb":{"@id":"https:\/\/allasorias.hu\/hirek\/csokken-a-vizimentoket-szolgaltato-telepulesek-szama\/#breadcrumblist"},"author":{"@id":"https:\/\/allasorias.hu\/hirek\/author\/admin-allasorias\/#author"},"creator":{"@id":"https:\/\/allasorias.hu\/hirek\/author\/admin-allasorias\/#author"},"image":{"@type":"ImageObject","url":"https:\/\/allasorias.hu\/hirek\/wp-content\/uploads\/2023\/07\/keves-a-vizimento.jpg","@id":"https:\/\/allasorias.hu\/hirek\/csokken-a-vizimentoket-szolgaltato-telepulesek-szama\/#mainImage","width":1280,"height":853,"caption":"A karrier\u00e9p\u00edt\u00e9s l\u00e9p\u00e9sei \u00e9s alapszab\u00e1lyai 2023-ban - Allasorias.hu\/Hirek"},"primaryImageOfPage":{"@id":"https:\/\/allasorias.hu\/hirek\/csokken-a-vizimentoket-szolgaltato-telepulesek-szama\/#mainImage"},"datePublished":"2023-07-18T07:36:10+02:00","dateModified":"2025-05-09T11:04:52+02:00"},{"@type":"WebSite","@id":"https:\/\/allasorias.hu\/hirek\/#website","url":"https:\/\/allasorias.hu\/hirek\/","name":"AllasOrias.hu | H\u00edrek-lapszemle","description":"\u00dczleti h\u00edrek az \u00e1ll\u00e1s \u00e9s a munka vil\u00e1g\u00e1b\u00f3l","inLanguage":"hu-HU","publisher":{"@id":"https:\/\/allasorias.hu\/hirek\/#organization"}}]},"og:locale":"hu_HU","og:site_name":"AllasOrias.hu | H\u00edrek-lapszemle | \u00dczleti h\u00edrek az \u00e1ll\u00e1s \u00e9s a munka vil\u00e1g\u00e1b\u00f3l","og:type":"article","og:title":"Egyre kevesebb v\u00edziment\u0151t alkalmaznak","og:description":"Sokba ker\u00fcl a telep\u00fcl\u00e9seknek a Balatonon a v\u00edziment\u0151 foglalkoztat\u00e1sa, ez\u00e9rt t\u00f6bb helyen nincs is ilyen szolg\u00e1ltat\u00e1s.","og:url":"https:\/\/allasorias.hu\/hirek\/csokken-a-vizimentoket-szolgaltato-telepulesek-szama\/","og:image":"https:\/\/allasorias.hu\/hirek\/wp-content\/uploads\/2023\/07\/keves-a-vizimento.jpg","og:image:secure_url":"https:\/\/allasorias.hu\/hirek\/wp-content\/uploads\/2023\/07\/keves-a-vizimento.jpg","og:image:width":1280,"og:image:height":853,"article:published_time":"2023-07-18T07:36:10+00:00","article:modified_time":"2025-05-09T09:04:52+00:00","article:publisher":"https:\/\/www.facebook.com\/allasorias","twitter:card":"summary_large_image","twitter:title":"Egyre kevesebb v\u00edziment\u0151t alkalmaznak","twitter:description":"Sokba ker\u00fcl a telep\u00fcl\u00e9seknek a Balatonon a v\u00edziment\u0151 foglalkoztat\u00e1sa, ez\u00e9rt t\u00f6bb helyen nincs is ilyen szolg\u00e1ltat\u00e1s.","twitter:image":"https:\/\/allasorias.hu\/hirek\/wp-content\/uploads\/2023\/07\/keves-a-vizimento.jpg","twitter:label1":"Written by","twitter:data1":"Juh\u00e1sz P\u00e9ter","twitter:label2":"Est. reading time","twitter:data2":"3 minutes"},"aioseo_meta_data":{"post_id":"6639","title":"Egyre kevesebb v\u00edziment\u0151t alkalmaznak","description":"Sokba ker\u00fcl a telep\u00fcl\u00e9seknek a Balatonon a v\u00edziment\u0151 foglalkoztat\u00e1sa, ez\u00e9rt t\u00f6bb helyen nincs is ilyen szolg\u00e1ltat\u00e1s.","keywords":null,"keyphrases":{"focus":{"keyphrase":"","score":0,"analysis":{"keyphraseInTitle":{"score":0,"maxScore":9,"error":1}}},"additional":[]},"primary_term":null,"canonical_url":null,"og_title":null,"og_description":null,"og_object_type":"default","og_image_type":"default","og_image_url":null,"og_image_width":null,"og_image_height":null,"og_image_custom_url":null,"og_image_custom_fields":null,"og_video":"","og_custom_url":null,"og_article_section":null,"og_article_tags":null,"twitter_use_og":true,"twitter_card":"default","twitter_image_type":"default","twitter_image_url":null,"twitter_image_custom_url":null,"twitter_image_custom_fields":null,"twitter_title":null,"twitter_description":null,"schema":{"blockGraphs":[],"customGraphs":[],"default":{"data":{"Article":[],"Course":[],"Dataset":[],"FAQPage":[],"Movie":[],"Person":[],"Product":[],"ProductReview":[],"Car":[],"Recipe":[],"Service":[],"SoftwareApplication":[],"WebPage":[]},"graphName":"Article","isEnabled":true},"graphs":[]},"schema_type":"default","schema_type_options":null,"pillar_content":false,"robots_default":true,"robots_noindex":false,"robots_noarchive":false,"robots_nosnippet":false,"robots_nofollow":false,"robots_noimageindex":false,"robots_noodp":false,"robots_notranslate":false,"robots_max_snippet":"-1","robots_max_videopreview":"-1","robots_max_imagepreview":"large","priority":null,"frequency":"default","location":null,"local_seo":null,"breadcrumb_settings":null,"limit_modified_date":false,"ai":null,"created":"2023-07-18 07:20:04","updated":"2025-10-02 18:51:56","seo_analyzer_scan_date":null,"focus_keyword":null,"additional_keywords":null,"truseo_locale":null},"aioseo_breadcrumb":"<div class=\"aioseo-breadcrumbs\"><span class=\"aioseo-breadcrumb\">\n\t\t\t<a href=\"https:\/\/allasorias.hu\/hirek\" title=\"Home\">Home<\/a>\n\t\t<\/span><span class=\"aioseo-breadcrumb-separator\">&raquo;<\/span><span class=\"aioseo-breadcrumb\">\n\t\t\t<a href=\"https:\/\/allasorias.hu\/hirek\/temak\/munkaeropiac\/\" title=\"Munkaer\u0151piac\">Munkaer\u0151piac<\/a>\n\t\t<\/span><span class=\"aioseo-breadcrumb-separator\">&raquo;<\/span><span class=\"aioseo-breadcrumb\">\n\t\t\tCs\u00f6kken a v\u00edziment\u0151ket szolg\u00e1ltat\u00f3 telep\u00fcl\u00e9sek sz\u00e1ma\n\t\t<\/span><\/div>","aioseo_breadcrumb_json":[{"label":"Home","link":"https:\/\/allasorias.hu\/hirek"},{"label":"Munkaer\u0151piac","link":"https:\/\/allasorias.hu\/hirek\/temak\/munkaeropiac\/"},{"label":"Cs\u00f6kken a v\u00edziment\u0151ket szolg\u00e1ltat\u00f3 telep\u00fcl\u00e9sek sz\u00e1ma","link":"https:\/\/allasorias.hu\/hirek\/csokken-a-vizimentoket-szolgaltato-telepulesek-szama\/"}],"_links":{"self":[{"href":"https:\/\/allasorias.hu\/hirek\/wp-json\/wp\/v2\/posts\/6639","targetHints":{"allow":["GET"]}}],"collection":[{"href":"https:\/\/allasorias.hu\/hirek\/wp-json\/wp\/v2\/posts"}],"about":[{"href":"https:\/\/allasorias.hu\/hirek\/wp-json\/wp\/v2\/types\/post"}],"author":[{"embeddable":true,"href":"https:\/\/allasorias.hu\/hirek\/wp-json\/wp\/v2\/users\/1"}],"replies":[{"embeddable":true,"href":"https:\/\/allasorias.hu\/hirek\/wp-json\/wp\/v2\/comments?post=6639"}],"version-history":[{"count":2,"href":"https:\/\/allasorias.hu\/hirek\/wp-json\/wp\/v2\/posts\/6639\/revisions"}],"predecessor-version":[{"id":8414,"href":"https:\/\/allasorias.hu\/hirek\/wp-json\/wp\/v2\/posts\/6639\/revisions\/8414"}],"wp:featuredmedia":[{"embeddable":true,"href":"https:\/\/allasorias.hu\/hirek\/wp-json\/wp\/v2\/media\/6640"}],"wp:attachment":[{"href":"https:\/\/allasorias.hu\/hirek\/wp-json\/wp\/v2\/media?parent=6639"}],"wp:term":[{"taxonomy":"category","embeddable":true,"href":"https:\/\/allasorias.hu\/hirek\/wp-json\/wp\/v2\/categories?post=6639"},{"taxonomy":"post_tag","embeddable":true,"href":"https:\/\/allasorias.hu\/hirek\/wp-json\/wp\/v2\/tags?post=6639"}],"curies":[{"name":"wp","href":"https:\/\/api.w.org\/{rel}","templated":true}]}}