{"id":6636,"date":"2023-07-17T07:15:22","date_gmt":"2023-07-17T07:15:22","guid":{"rendered":"https:\/\/allasorias.hu\/hirek\/?p=6636"},"modified":"2023-07-17T07:15:22","modified_gmt":"2023-07-17T07:15:22","slug":"segitenek-a-vallalkozasoknak","status":"publish","type":"post","link":"https:\/\/allasorias.hu\/hirek\/segitenek-a-vallalkozasoknak\/","title":{"rendered":"Seg\u00edtenek a v\u00e1llalkoz\u00e1soknak"},"content":{"rendered":"<p><strong>\u00a0A t\u00e1mogat\u00e1si programot, melyre m\u00e9g p\u00e1r napig lehet jelentkezni, az id\u00e9n szervezik meg m\u00e1sodszor, a t\u00e1mogat\u00e1s \u00fajabb elemekkel b\u0151v\u00fclt: november elej\u00e9n egy verseny keret\u00e9ben a r\u00e9sztvev\u0151 csapatoknak lehet\u0151s\u00e9g\u00fck van tov\u00e1bbi finansz\u00edroz\u00e1s\u00e9rt p\u00e1ly\u00e1zni.<\/strong><\/p>\n<p>Az EIT Health eg\u00e9szs\u00e9g\u00fcgyi innov\u00e1ci\u00f3s h\u00e1l\u00f3zat kezd\u0151 v\u00e1llalkoz\u00e1sokat seg\u00edt\u0151 programj\u00e1ra j\u00falius 21-ig lehet jelentkezni &#8211; k\u00f6z\u00f6lte a szervezet az MTI-vel. Az Attract to Invest nev\u0171 program c\u00e9lja hogy seg\u00edtsen befektet\u00e9st tal\u00e1lni a kezd\u0151 v\u00e1llalkoz\u00e1sok sz\u00e1m\u00e1ra, \u00e9s ehhez 25 000 eur\u00f3 vissza nem t\u00e9r\u00edtend\u0151 t\u00e1mogat\u00e1st ny\u00fajt, melyr\u0151l a r\u00e9sztvev\u0151k maguk d\u00f6nthetnek, hogy milyen ar\u00e1nyban haszn\u00e1lj\u00e1k fel &#8211; hangs\u00falyozt\u00e1k a k\u00f6zlem\u00e9nyben. Mint \u00edrt\u00e1k, a finansz\u00edroz\u00e1s komoly kih\u00edv\u00e1st jelent a korai szakaszban l\u00e9v\u0151 startupok sz\u00e1m\u00e1ra, a kezd\u0151 c\u00e9geknek sokszor nincs meg a kultur\u00e1lis h\u00e1tter\u00fck ahhoz, hogy hat\u00e9konyan tudjanak egy\u00fcttm\u0171k\u00f6dni az int\u00e9zm\u00e9nyi befektet\u0151kkel.<\/p>\n<h2>Indul\u00f3 v\u00e1llalkoz\u00e1sokat t\u00e1mogatnak<\/h2>\n<p>Sok startup alap\u00edt\u00f3 bar\u00e1ti-csal\u00e1di k\u00f6rnyezetb\u0151l \u00e9rkezik, ahol rugalmas viszonyokhoz szoktak, mik\u00f6zben az indul\u00f3 c\u00e9gek sz\u00e1m\u00e1ra fontos a megfelel\u0151 befektet\u0151 kiv\u00e1laszt\u00e1sa, az \u00e1tgondolt strat\u00e9gia. Az EIT Health Attract olyan indul\u00f3 v\u00e1llalkoz\u00e1sok t\u00e1mogat\u00e1s\u00e1ra \u00f6sszpontos\u00edt, amelyek m\u00e1r piacra l\u00e9ptek \u00e9s \u00e9rt\u00e9kes\u00edtettek is term\u00e9keikb\u0151l vagy szolg\u00e1ltat\u00e1sukb\u00f3l \u00e9s felkeltett\u00e9k a potenci\u00e1lis befektet\u0151k \u00e9rdekl\u0151d\u00e9s\u00e9t. A k\u00e9pz\u00e9s k\u00e9t f\u0151 oktat\u00e1si modulb\u00f3l \u00e1ll: az els\u0151 a m\u00e1r eml\u00edtett probl\u00e9m\u00e1kkal foglalkozik, a m\u00e1sodik modul pedig az igazgat\u00f3tan\u00e1csi \u00fcl\u00e9sek szimul\u00e1l\u00e1s\u00e1val k\u00e9sz\u00edti fel az indul\u00f3 v\u00e1llalkoz\u00e1sokat arra, hogy milyen lehet a befektet\u0151vel a partneri kapcsolat a val\u00f3s\u00e1gban &#8211; \u00edrt\u00e1k.<\/p>\n<h2>Magyar p\u00e1ly\u00e1zatot is v\u00e1lasztottak<\/h2>\n<p>A programot id\u00e9n szervezik meg m\u00e1sodszor, a t\u00e1mogat\u00e1s \u00fajabb elemekkel b\u0151v\u00fclt: november elej\u00e9n egy verseny keret\u00e9ben a r\u00e9sztvev\u0151 csapatoknak lehet\u0151s\u00e9g\u00fck van tov\u00e1bbi finansz\u00edroz\u00e1s\u00e9rt p\u00e1ly\u00e1zni. Az els\u0151 h\u00e1rom helyezett 20 000, 15 000 \u00e9s 10 000 eur\u00f3 p\u00e9nzjutalomban r\u00e9szes\u00fcl. A programra a <a href=\"https:\/\/eithealth.eu\/\" target=\"_blank\" rel=\"nofollow noopener noreferrer\">www.eithealth.eu<\/a> honlapon kereszt\u00fcl lehet jelentkezni. A program indul\u00f3 kiad\u00e1s\u00e1ban a t\u00f6bb mint 70 jelentkez\u0151 k\u00f6z\u00fcl 15 startupot v\u00e1lasztottak ki, most ez a sz\u00e1m h\u00faszra n\u0151. A legt\u00f6bb jelentkez\u0151 Olaszorsz\u00e1gb\u00f3l \u00e9rkezett. Magyarorsz\u00e1gr\u00f3l 6 p\u00e1ly\u00e1zatot regisztr\u00e1ltak, k\u00f6z\u00fcl\u00fck egyet v\u00e1lasztott ki a szervezet a programban val\u00f3 r\u00e9szv\u00e9telre. A projekt els\u0151 r\u00e9sz\u00e9re eddig 300 000 eur\u00f3t k\u00f6lt\u00f6ttek el.<\/p>\n<p>Forr\u00e1s: <a href=\"https:\/\/www.hrportal.hu\/c\/mar-csak-nehany-napig-lehet-jelentkezni-a-kezdo-vallalkozasokat-segito-programra-20230716.html\" target=\"_blank\" rel=\"nofollow noopener noreferrer\">hrportal.hu<\/a><\/p>\n<p>&nbsp;<\/p>\n","protected":false},"excerpt":{"rendered":"<p>\u00a0A t\u00e1mogat\u00e1si programot, melyre m\u00e9g p\u00e1r napig lehet jelentkezni, az id\u00e9n szervezik meg m\u00e1sodszor, a t\u00e1mogat\u00e1s \u00fajabb elemekkel b\u0151v\u00fclt: november elej\u00e9n egy verseny keret\u00e9ben a r\u00e9sztvev\u0151 csapatoknak lehet\u0151s\u00e9g\u00fck van tov\u00e1bbi finansz\u00edroz\u00e1s\u00e9rt p\u00e1ly\u00e1zni. Az EIT Health eg\u00e9szs\u00e9g\u00fcgyi innov\u00e1ci\u00f3s h\u00e1l\u00f3zat kezd\u0151 v\u00e1llalkoz\u00e1sokat seg\u00edt\u0151 programj\u00e1ra j\u00falius 21-ig lehet jelentkezni &#8211; k\u00f6z\u00f6lte a szervezet az MTI-vel. Az Attract to [&hellip;]<\/p>\n","protected":false},"author":1,"featured_media":6637,"comment_status":"open","ping_status":"open","sticky":false,"template":"","format":"standard","meta":{"_monsterinsights_skip_tracking":false,"footnotes":""},"categories":[201],"tags":[562,561],"class_list":["post-6636","post","type-post","status-publish","format-standard","has-post-thumbnail","hentry","category-kulfold","tag-eit-health","tag-tamogatasi-program"],"aioseo_notices":[],"aioseo_head":"\n\t\t<!-- All in One SEO 5.0.0.1 - aioseo.com -->\n\t<meta name=\"description\" content=\"A t\u00e1mogat\u00e1si programot, melyre m\u00e9g p\u00e1r napig lehet jelentkezni, az id\u00e9n szervezik meg m\u00e1sodszor, a t\u00e1mogat\u00e1s \u00fajabb elemekkel b\u0151v\u00fclt.\" \/>\n\t<meta name=\"robots\" content=\"max-image-preview:large\" \/>\n\t<meta name=\"author\" content=\"Juh\u00e1sz P\u00e9ter\"\/>\n\t<meta name=\"keywords\" content=\"eit health,t\u00e1mogat\u00e1si program\" \/>\n\t<link rel=\"canonical\" href=\"https:\/\/allasorias.hu\/hirek\/segitenek-a-vallalkozasoknak\/\" \/>\n\t<meta name=\"generator\" content=\"All in One SEO (AIOSEO) 5.0.0.1\" \/>\n\t\t<meta property=\"og:locale\" content=\"hu_HU\" \/>\n\t\t<meta property=\"og:site_name\" content=\"AllasOrias.hu | H\u00edrek-lapszemle | \u00dczleti h\u00edrek az \u00e1ll\u00e1s \u00e9s a munka vil\u00e1g\u00e1b\u00f3l\" \/>\n\t\t<meta property=\"og:type\" content=\"article\" \/>\n\t\t<meta property=\"og:title\" content=\"Seg\u00edtenek a v\u00e1llalkoz\u00e1soknak | Allasorias.hu\/Hirek\" \/>\n\t\t<meta property=\"og:description\" content=\"A t\u00e1mogat\u00e1si programot, melyre m\u00e9g p\u00e1r napig lehet jelentkezni, az id\u00e9n szervezik meg m\u00e1sodszor, a t\u00e1mogat\u00e1s \u00fajabb elemekkel b\u0151v\u00fclt.\" \/>\n\t\t<meta property=\"og:url\" content=\"https:\/\/allasorias.hu\/hirek\/segitenek-a-vallalkozasoknak\/\" \/>\n\t\t<meta property=\"og:image\" content=\"https:\/\/allasorias.hu\/hirek\/wp-content\/uploads\/2023\/07\/tamogatasi-program.jpg\" \/>\n\t\t<meta property=\"og:image:secure_url\" content=\"https:\/\/allasorias.hu\/hirek\/wp-content\/uploads\/2023\/07\/tamogatasi-program.jpg\" \/>\n\t\t<meta property=\"og:image:width\" content=\"1280\" \/>\n\t\t<meta property=\"og:image:height\" content=\"853\" \/>\n\t\t<meta property=\"article:published_time\" content=\"2023-07-17T07:15:22+00:00\" \/>\n\t\t<meta property=\"article:modified_time\" content=\"2023-07-17T07:15:22+00:00\" \/>\n\t\t<meta property=\"article:publisher\" content=\"https:\/\/www.facebook.com\/allasorias\" \/>\n\t\t<meta name=\"twitter:card\" content=\"summary_large_image\" \/>\n\t\t<meta name=\"twitter:title\" content=\"Seg\u00edtenek a v\u00e1llalkoz\u00e1soknak | Allasorias.hu\/Hirek\" \/>\n\t\t<meta name=\"twitter:description\" content=\"A t\u00e1mogat\u00e1si programot, melyre m\u00e9g p\u00e1r napig lehet jelentkezni, az id\u00e9n szervezik meg m\u00e1sodszor, a t\u00e1mogat\u00e1s \u00fajabb elemekkel b\u0151v\u00fclt.\" \/>\n\t\t<meta name=\"twitter:image\" content=\"https:\/\/allasorias.hu\/hirek\/wp-content\/uploads\/2023\/07\/tamogatasi-program.jpg\" \/>\n\t\t<meta name=\"twitter:label1\" content=\"Written by\" \/>\n\t\t<meta name=\"twitter:data1\" content=\"Juh\u00e1sz P\u00e9ter\" \/>\n\t\t<meta name=\"twitter:label2\" content=\"Est. reading time\" \/>\n\t\t<meta name=\"twitter:data2\" content=\"2 minutes\" \/>\n\t\t<script type=\"application\/ld+json\" class=\"aioseo-schema\">\n\t\t\t{\"@context\":\"https:\\\/\\\/schema.org\",\"@graph\":[{\"@type\":\"Article\",\"@id\":\"https:\\\/\\\/allasorias.hu\\\/hirek\\\/segitenek-a-vallalkozasoknak\\\/#article\",\"name\":\"Seg\\u00edtenek a v\\u00e1llalkoz\\u00e1soknak | Allasorias.hu\\\/Hirek\",\"headline\":\"Seg\\u00edtenek a v\\u00e1llalkoz\\u00e1soknak\",\"author\":{\"@id\":\"https:\\\/\\\/allasorias.hu\\\/hirek\\\/author\\\/admin-allasorias\\\/#author\"},\"publisher\":{\"@id\":\"https:\\\/\\\/allasorias.hu\\\/hirek\\\/#organization\"},\"image\":{\"@type\":\"ImageObject\",\"url\":\"https:\\\/\\\/allasorias.hu\\\/hirek\\\/wp-content\\\/uploads\\\/2023\\\/07\\\/tamogatasi-program.jpg\",\"width\":1280,\"height\":853,\"caption\":\"Seg\\u00edtenek a v\\u00e1llalkoz\\u00e1soknak - Allasorias.hu\\\/Hirek\"},\"datePublished\":\"2023-07-17T07:15:22+02:00\",\"dateModified\":\"2023-07-17T07:15:22+02:00\",\"inLanguage\":\"hu-HU\",\"mainEntityOfPage\":{\"@id\":\"https:\\\/\\\/allasorias.hu\\\/hirek\\\/segitenek-a-vallalkozasoknak\\\/#webpage\"},\"isPartOf\":{\"@id\":\"https:\\\/\\\/allasorias.hu\\\/hirek\\\/segitenek-a-vallalkozasoknak\\\/#webpage\"},\"articleSection\":\"K\\u00fclf\\u00f6ld, EIT Health, t\\u00e1mogat\\u00e1si program\"},{\"@type\":\"BreadcrumbList\",\"@id\":\"https:\\\/\\\/allasorias.hu\\\/hirek\\\/segitenek-a-vallalkozasoknak\\\/#breadcrumblist\",\"itemListElement\":[{\"@type\":\"ListItem\",\"@id\":\"https:\\\/\\\/allasorias.hu\\\/hirek#listItem\",\"position\":1,\"name\":\"Home\",\"item\":\"https:\\\/\\\/allasorias.hu\\\/hirek\",\"nextItem\":{\"@type\":\"ListItem\",\"@id\":\"https:\\\/\\\/allasorias.hu\\\/hirek\\\/temak\\\/kulfold\\\/#listItem\",\"name\":\"K\\u00fclf\\u00f6ld\"}},{\"@type\":\"ListItem\",\"@id\":\"https:\\\/\\\/allasorias.hu\\\/hirek\\\/temak\\\/kulfold\\\/#listItem\",\"position\":2,\"name\":\"K\\u00fclf\\u00f6ld\",\"item\":\"https:\\\/\\\/allasorias.hu\\\/hirek\\\/temak\\\/kulfold\\\/\",\"nextItem\":{\"@type\":\"ListItem\",\"@id\":\"https:\\\/\\\/allasorias.hu\\\/hirek\\\/segitenek-a-vallalkozasoknak\\\/#listItem\",\"name\":\"Seg\\u00edtenek a v\\u00e1llalkoz\\u00e1soknak\"},\"previousItem\":{\"@type\":\"ListItem\",\"@id\":\"https:\\\/\\\/allasorias.hu\\\/hirek#listItem\",\"name\":\"Home\"}},{\"@type\":\"ListItem\",\"@id\":\"https:\\\/\\\/allasorias.hu\\\/hirek\\\/segitenek-a-vallalkozasoknak\\\/#listItem\",\"position\":3,\"name\":\"Seg\\u00edtenek a v\\u00e1llalkoz\\u00e1soknak\",\"previousItem\":{\"@type\":\"ListItem\",\"@id\":\"https:\\\/\\\/allasorias.hu\\\/hirek\\\/temak\\\/kulfold\\\/#listItem\",\"name\":\"K\\u00fclf\\u00f6ld\"}}]},{\"@type\":\"Organization\",\"@id\":\"https:\\\/\\\/allasorias.hu\\\/hirek\\\/#organization\",\"name\":\"AllasOrias.hu | H\\u00edrek-lapszemle\",\"description\":\"\\u00dczleti h\\u00edrek az \\u00e1ll\\u00e1s \\u00e9s a munka vil\\u00e1g\\u00e1b\\u00f3l\",\"url\":\"https:\\\/\\\/allasorias.hu\\\/hirek\\\/\",\"logo\":{\"@type\":\"ImageObject\",\"url\":\"https:\\\/\\\/allasorias.hu\\\/hirek\\\/wp-content\\\/uploads\\\/2022\\\/10\\\/allasorias_site_facebok_logo.png\",\"@id\":\"https:\\\/\\\/allasorias.hu\\\/hirek\\\/segitenek-a-vallalkozasoknak\\\/#organizationLogo\"},\"image\":{\"@id\":\"https:\\\/\\\/allasorias.hu\\\/hirek\\\/segitenek-a-vallalkozasoknak\\\/#organizationLogo\"},\"sameAs\":[\"https:\\\/\\\/www.facebook.com\\\/allasorias\",\"https:\\\/\\\/www.linkedin.com\\\/company\\\/allasorias\"]},{\"@type\":\"Person\",\"@id\":\"https:\\\/\\\/allasorias.hu\\\/hirek\\\/author\\\/admin-allasorias\\\/#author\",\"url\":\"https:\\\/\\\/allasorias.hu\\\/hirek\\\/author\\\/admin-allasorias\\\/\",\"name\":\"Juh\\u00e1sz P\\u00e9ter\",\"image\":{\"@type\":\"ImageObject\",\"@id\":\"https:\\\/\\\/allasorias.hu\\\/hirek\\\/segitenek-a-vallalkozasoknak\\\/#authorImage\",\"url\":\"https:\\\/\\\/secure.gravatar.com\\\/avatar\\\/36e6bcb83148978b992977cb0f54d22feb0cce8a0a849a9410532bb2623ba4c6?s=96&d=mm&r=g\",\"width\":96,\"height\":96,\"caption\":\"Juh\\u00e1sz P\\u00e9ter\"}},{\"@type\":\"WebPage\",\"@id\":\"https:\\\/\\\/allasorias.hu\\\/hirek\\\/segitenek-a-vallalkozasoknak\\\/#webpage\",\"url\":\"https:\\\/\\\/allasorias.hu\\\/hirek\\\/segitenek-a-vallalkozasoknak\\\/\",\"name\":\"Seg\\u00edtenek a v\\u00e1llalkoz\\u00e1soknak | Allasorias.hu\\\/Hirek\",\"description\":\"A t\\u00e1mogat\\u00e1si programot, melyre m\\u00e9g p\\u00e1r napig lehet jelentkezni, az id\\u00e9n szervezik meg m\\u00e1sodszor, a t\\u00e1mogat\\u00e1s \\u00fajabb elemekkel b\\u0151v\\u00fclt.\",\"inLanguage\":\"hu-HU\",\"isPartOf\":{\"@id\":\"https:\\\/\\\/allasorias.hu\\\/hirek\\\/#website\"},\"breadcrumb\":{\"@id\":\"https:\\\/\\\/allasorias.hu\\\/hirek\\\/segitenek-a-vallalkozasoknak\\\/#breadcrumblist\"},\"author\":{\"@id\":\"https:\\\/\\\/allasorias.hu\\\/hirek\\\/author\\\/admin-allasorias\\\/#author\"},\"creator\":{\"@id\":\"https:\\\/\\\/allasorias.hu\\\/hirek\\\/author\\\/admin-allasorias\\\/#author\"},\"image\":{\"@type\":\"ImageObject\",\"url\":\"https:\\\/\\\/allasorias.hu\\\/hirek\\\/wp-content\\\/uploads\\\/2023\\\/07\\\/tamogatasi-program.jpg\",\"@id\":\"https:\\\/\\\/allasorias.hu\\\/hirek\\\/segitenek-a-vallalkozasoknak\\\/#mainImage\",\"width\":1280,\"height\":853,\"caption\":\"Seg\\u00edtenek a v\\u00e1llalkoz\\u00e1soknak - Allasorias.hu\\\/Hirek\"},\"primaryImageOfPage\":{\"@id\":\"https:\\\/\\\/allasorias.hu\\\/hirek\\\/segitenek-a-vallalkozasoknak\\\/#mainImage\"},\"datePublished\":\"2023-07-17T07:15:22+02:00\",\"dateModified\":\"2023-07-17T07:15:22+02:00\"},{\"@type\":\"WebSite\",\"@id\":\"https:\\\/\\\/allasorias.hu\\\/hirek\\\/#website\",\"url\":\"https:\\\/\\\/allasorias.hu\\\/hirek\\\/\",\"name\":\"AllasOrias.hu | H\\u00edrek-lapszemle\",\"description\":\"\\u00dczleti h\\u00edrek az \\u00e1ll\\u00e1s \\u00e9s a munka vil\\u00e1g\\u00e1b\\u00f3l\",\"inLanguage\":\"hu-HU\",\"publisher\":{\"@id\":\"https:\\\/\\\/allasorias.hu\\\/hirek\\\/#organization\"}}]}\n\t\t<\/script>\n\t\t<!-- All in One SEO -->\n\n","aioseo_head_json":{"title":"Seg\u00edtenek a v\u00e1llalkoz\u00e1soknak | Allasorias.hu\/Hirek","description":"A t\u00e1mogat\u00e1si programot, melyre m\u00e9g p\u00e1r napig lehet jelentkezni, az id\u00e9n szervezik meg m\u00e1sodszor, a t\u00e1mogat\u00e1s \u00fajabb elemekkel b\u0151v\u00fclt.","canonical_url":"https:\/\/allasorias.hu\/hirek\/segitenek-a-vallalkozasoknak\/","robots":"max-image-preview:large","keywords":"eit health,t\u00e1mogat\u00e1si program","webmasterTools":{"miscellaneous":""},"schema":{"@context":"https:\/\/schema.org","@graph":[{"@type":"Article","@id":"https:\/\/allasorias.hu\/hirek\/segitenek-a-vallalkozasoknak\/#article","name":"Seg\u00edtenek a v\u00e1llalkoz\u00e1soknak | Allasorias.hu\/Hirek","headline":"Seg\u00edtenek a v\u00e1llalkoz\u00e1soknak","author":{"@id":"https:\/\/allasorias.hu\/hirek\/author\/admin-allasorias\/#author"},"publisher":{"@id":"https:\/\/allasorias.hu\/hirek\/#organization"},"image":{"@type":"ImageObject","url":"https:\/\/allasorias.hu\/hirek\/wp-content\/uploads\/2023\/07\/tamogatasi-program.jpg","width":1280,"height":853,"caption":"Seg\u00edtenek a v\u00e1llalkoz\u00e1soknak - Allasorias.hu\/Hirek"},"datePublished":"2023-07-17T07:15:22+02:00","dateModified":"2023-07-17T07:15:22+02:00","inLanguage":"hu-HU","mainEntityOfPage":{"@id":"https:\/\/allasorias.hu\/hirek\/segitenek-a-vallalkozasoknak\/#webpage"},"isPartOf":{"@id":"https:\/\/allasorias.hu\/hirek\/segitenek-a-vallalkozasoknak\/#webpage"},"articleSection":"K\u00fclf\u00f6ld, EIT Health, t\u00e1mogat\u00e1si program"},{"@type":"BreadcrumbList","@id":"https:\/\/allasorias.hu\/hirek\/segitenek-a-vallalkozasoknak\/#breadcrumblist","itemListElement":[{"@type":"ListItem","@id":"https:\/\/allasorias.hu\/hirek#listItem","position":1,"name":"Home","item":"https:\/\/allasorias.hu\/hirek","nextItem":{"@type":"ListItem","@id":"https:\/\/allasorias.hu\/hirek\/temak\/kulfold\/#listItem","name":"K\u00fclf\u00f6ld"}},{"@type":"ListItem","@id":"https:\/\/allasorias.hu\/hirek\/temak\/kulfold\/#listItem","position":2,"name":"K\u00fclf\u00f6ld","item":"https:\/\/allasorias.hu\/hirek\/temak\/kulfold\/","nextItem":{"@type":"ListItem","@id":"https:\/\/allasorias.hu\/hirek\/segitenek-a-vallalkozasoknak\/#listItem","name":"Seg\u00edtenek a v\u00e1llalkoz\u00e1soknak"},"previousItem":{"@type":"ListItem","@id":"https:\/\/allasorias.hu\/hirek#listItem","name":"Home"}},{"@type":"ListItem","@id":"https:\/\/allasorias.hu\/hirek\/segitenek-a-vallalkozasoknak\/#listItem","position":3,"name":"Seg\u00edtenek a v\u00e1llalkoz\u00e1soknak","previousItem":{"@type":"ListItem","@id":"https:\/\/allasorias.hu\/hirek\/temak\/kulfold\/#listItem","name":"K\u00fclf\u00f6ld"}}]},{"@type":"Organization","@id":"https:\/\/allasorias.hu\/hirek\/#organization","name":"AllasOrias.hu | H\u00edrek-lapszemle","description":"\u00dczleti h\u00edrek az \u00e1ll\u00e1s \u00e9s a munka vil\u00e1g\u00e1b\u00f3l","url":"https:\/\/allasorias.hu\/hirek\/","logo":{"@type":"ImageObject","url":"https:\/\/allasorias.hu\/hirek\/wp-content\/uploads\/2022\/10\/allasorias_site_facebok_logo.png","@id":"https:\/\/allasorias.hu\/hirek\/segitenek-a-vallalkozasoknak\/#organizationLogo"},"image":{"@id":"https:\/\/allasorias.hu\/hirek\/segitenek-a-vallalkozasoknak\/#organizationLogo"},"sameAs":["https:\/\/www.facebook.com\/allasorias","https:\/\/www.linkedin.com\/company\/allasorias"]},{"@type":"Person","@id":"https:\/\/allasorias.hu\/hirek\/author\/admin-allasorias\/#author","url":"https:\/\/allasorias.hu\/hirek\/author\/admin-allasorias\/","name":"Juh\u00e1sz P\u00e9ter","image":{"@type":"ImageObject","@id":"https:\/\/allasorias.hu\/hirek\/segitenek-a-vallalkozasoknak\/#authorImage","url":"https:\/\/secure.gravatar.com\/avatar\/36e6bcb83148978b992977cb0f54d22feb0cce8a0a849a9410532bb2623ba4c6?s=96&d=mm&r=g","width":96,"height":96,"caption":"Juh\u00e1sz P\u00e9ter"}},{"@type":"WebPage","@id":"https:\/\/allasorias.hu\/hirek\/segitenek-a-vallalkozasoknak\/#webpage","url":"https:\/\/allasorias.hu\/hirek\/segitenek-a-vallalkozasoknak\/","name":"Seg\u00edtenek a v\u00e1llalkoz\u00e1soknak | Allasorias.hu\/Hirek","description":"A t\u00e1mogat\u00e1si programot, melyre m\u00e9g p\u00e1r napig lehet jelentkezni, az id\u00e9n szervezik meg m\u00e1sodszor, a t\u00e1mogat\u00e1s \u00fajabb elemekkel b\u0151v\u00fclt.","inLanguage":"hu-HU","isPartOf":{"@id":"https:\/\/allasorias.hu\/hirek\/#website"},"breadcrumb":{"@id":"https:\/\/allasorias.hu\/hirek\/segitenek-a-vallalkozasoknak\/#breadcrumblist"},"author":{"@id":"https:\/\/allasorias.hu\/hirek\/author\/admin-allasorias\/#author"},"creator":{"@id":"https:\/\/allasorias.hu\/hirek\/author\/admin-allasorias\/#author"},"image":{"@type":"ImageObject","url":"https:\/\/allasorias.hu\/hirek\/wp-content\/uploads\/2023\/07\/tamogatasi-program.jpg","@id":"https:\/\/allasorias.hu\/hirek\/segitenek-a-vallalkozasoknak\/#mainImage","width":1280,"height":853,"caption":"Seg\u00edtenek a v\u00e1llalkoz\u00e1soknak - Allasorias.hu\/Hirek"},"primaryImageOfPage":{"@id":"https:\/\/allasorias.hu\/hirek\/segitenek-a-vallalkozasoknak\/#mainImage"},"datePublished":"2023-07-17T07:15:22+02:00","dateModified":"2023-07-17T07:15:22+02:00"},{"@type":"WebSite","@id":"https:\/\/allasorias.hu\/hirek\/#website","url":"https:\/\/allasorias.hu\/hirek\/","name":"AllasOrias.hu | H\u00edrek-lapszemle","description":"\u00dczleti h\u00edrek az \u00e1ll\u00e1s \u00e9s a munka vil\u00e1g\u00e1b\u00f3l","inLanguage":"hu-HU","publisher":{"@id":"https:\/\/allasorias.hu\/hirek\/#organization"}}]},"og:locale":"hu_HU","og:site_name":"AllasOrias.hu | H\u00edrek-lapszemle | \u00dczleti h\u00edrek az \u00e1ll\u00e1s \u00e9s a munka vil\u00e1g\u00e1b\u00f3l","og:type":"article","og:title":"Seg\u00edtenek a v\u00e1llalkoz\u00e1soknak | Allasorias.hu\/Hirek","og:description":"A t\u00e1mogat\u00e1si programot, melyre m\u00e9g p\u00e1r napig lehet jelentkezni, az id\u00e9n szervezik meg m\u00e1sodszor, a t\u00e1mogat\u00e1s \u00fajabb elemekkel b\u0151v\u00fclt.","og:url":"https:\/\/allasorias.hu\/hirek\/segitenek-a-vallalkozasoknak\/","og:image":"https:\/\/allasorias.hu\/hirek\/wp-content\/uploads\/2023\/07\/tamogatasi-program.jpg","og:image:secure_url":"https:\/\/allasorias.hu\/hirek\/wp-content\/uploads\/2023\/07\/tamogatasi-program.jpg","og:image:width":1280,"og:image:height":853,"article:published_time":"2023-07-17T07:15:22+00:00","article:modified_time":"2023-07-17T07:15:22+00:00","article:publisher":"https:\/\/www.facebook.com\/allasorias","twitter:card":"summary_large_image","twitter:title":"Seg\u00edtenek a v\u00e1llalkoz\u00e1soknak | Allasorias.hu\/Hirek","twitter:description":"A t\u00e1mogat\u00e1si programot, melyre m\u00e9g p\u00e1r napig lehet jelentkezni, az id\u00e9n szervezik meg m\u00e1sodszor, a t\u00e1mogat\u00e1s \u00fajabb elemekkel b\u0151v\u00fclt.","twitter:image":"https:\/\/allasorias.hu\/hirek\/wp-content\/uploads\/2023\/07\/tamogatasi-program.jpg","twitter:label1":"Written by","twitter:data1":"Juh\u00e1sz P\u00e9ter","twitter:label2":"Est. reading time","twitter:data2":"2 minutes"},"aioseo_meta_data":{"post_id":"6636","title":"#post_title | Allasorias.hu\/Hirek","description":"A t\u00e1mogat\u00e1si programot, melyre m\u00e9g p\u00e1r napig lehet jelentkezni, az id\u00e9n szervezik meg m\u00e1sodszor, a t\u00e1mogat\u00e1s \u00fajabb elemekkel b\u0151v\u00fclt.","keywords":[],"keyphrases":{"focus":{"keyphrase":"","score":0,"analysis":{"keyphraseInTitle":{"score":0,"maxScore":9,"error":1}}},"additional":[]},"primary_term":null,"canonical_url":null,"og_title":null,"og_description":null,"og_object_type":"default","og_image_type":"default","og_image_url":null,"og_image_width":null,"og_image_height":null,"og_image_custom_url":null,"og_image_custom_fields":null,"og_video":"","og_custom_url":null,"og_article_section":null,"og_article_tags":[],"twitter_use_og":true,"twitter_card":"default","twitter_image_type":"default","twitter_image_url":null,"twitter_image_custom_url":null,"twitter_image_custom_fields":null,"twitter_title":null,"twitter_description":null,"schema":{"blockGraphs":[],"customGraphs":[],"default":{"data":{"Article":[],"Course":[],"Dataset":[],"FAQPage":[],"Movie":[],"Person":[],"Product":[],"ProductReview":[],"Car":[],"Recipe":[],"Service":[],"SoftwareApplication":[],"WebPage":[]},"graphName":"Article","isEnabled":true},"graphs":[]},"schema_type":"default","schema_type_options":null,"pillar_content":false,"robots_default":true,"robots_noindex":false,"robots_noarchive":false,"robots_nosnippet":false,"robots_nofollow":false,"robots_noimageindex":false,"robots_noodp":false,"robots_notranslate":false,"robots_max_snippet":"-1","robots_max_videopreview":"-1","robots_max_imagepreview":"large","priority":null,"frequency":"default","location":null,"local_seo":null,"breadcrumb_settings":null,"limit_modified_date":false,"ai":null,"created":"2023-07-17 07:04:28","updated":"2025-10-02 18:51:56","seo_analyzer_scan_date":null,"focus_keyword":null,"additional_keywords":null,"truseo_locale":null},"aioseo_breadcrumb":"<div class=\"aioseo-breadcrumbs\"><span class=\"aioseo-breadcrumb\">\n\t\t\t<a href=\"https:\/\/allasorias.hu\/hirek\" title=\"Home\">Home<\/a>\n\t\t<\/span><span class=\"aioseo-breadcrumb-separator\">&raquo;<\/span><span class=\"aioseo-breadcrumb\">\n\t\t\t<a href=\"https:\/\/allasorias.hu\/hirek\/temak\/kulfold\/\" title=\"K\u00fclf\u00f6ld\">K\u00fclf\u00f6ld<\/a>\n\t\t<\/span><span class=\"aioseo-breadcrumb-separator\">&raquo;<\/span><span class=\"aioseo-breadcrumb\">\n\t\t\tSeg\u00edtenek a v\u00e1llalkoz\u00e1soknak\n\t\t<\/span><\/div>","aioseo_breadcrumb_json":[{"label":"Home","link":"https:\/\/allasorias.hu\/hirek"},{"label":"K\u00fclf\u00f6ld","link":"https:\/\/allasorias.hu\/hirek\/temak\/kulfold\/"},{"label":"Seg\u00edtenek a v\u00e1llalkoz\u00e1soknak","link":"https:\/\/allasorias.hu\/hirek\/segitenek-a-vallalkozasoknak\/"}],"_links":{"self":[{"href":"https:\/\/allasorias.hu\/hirek\/wp-json\/wp\/v2\/posts\/6636","targetHints":{"allow":["GET"]}}],"collection":[{"href":"https:\/\/allasorias.hu\/hirek\/wp-json\/wp\/v2\/posts"}],"about":[{"href":"https:\/\/allasorias.hu\/hirek\/wp-json\/wp\/v2\/types\/post"}],"author":[{"embeddable":true,"href":"https:\/\/allasorias.hu\/hirek\/wp-json\/wp\/v2\/users\/1"}],"replies":[{"embeddable":true,"href":"https:\/\/allasorias.hu\/hirek\/wp-json\/wp\/v2\/comments?post=6636"}],"version-history":[{"count":1,"href":"https:\/\/allasorias.hu\/hirek\/wp-json\/wp\/v2\/posts\/6636\/revisions"}],"predecessor-version":[{"id":6638,"href":"https:\/\/allasorias.hu\/hirek\/wp-json\/wp\/v2\/posts\/6636\/revisions\/6638"}],"wp:featuredmedia":[{"embeddable":true,"href":"https:\/\/allasorias.hu\/hirek\/wp-json\/wp\/v2\/media\/6637"}],"wp:attachment":[{"href":"https:\/\/allasorias.hu\/hirek\/wp-json\/wp\/v2\/media?parent=6636"}],"wp:term":[{"taxonomy":"category","embeddable":true,"href":"https:\/\/allasorias.hu\/hirek\/wp-json\/wp\/v2\/categories?post=6636"},{"taxonomy":"post_tag","embeddable":true,"href":"https:\/\/allasorias.hu\/hirek\/wp-json\/wp\/v2\/tags?post=6636"}],"curies":[{"name":"wp","href":"https:\/\/api.w.org\/{rel}","templated":true}]}}