{"id":6627,"date":"2023-07-12T08:38:24","date_gmt":"2023-07-12T08:38:24","guid":{"rendered":"https:\/\/allasorias.hu\/hirek\/?p=6627"},"modified":"2025-05-09T11:41:53","modified_gmt":"2025-05-09T09:41:53","slug":"fontos-a-nyilt-parbeszed-a-munkaero-keresesnel","status":"publish","type":"post","link":"https:\/\/allasorias.hu\/hirek\/fontos-a-nyilt-parbeszed-a-munkaero-keresesnel\/","title":{"rendered":"Fontos a ny\u00edlt p\u00e1rbesz\u00e9d a munkaer\u0151 keres\u00e9sn\u00e9l"},"content":{"rendered":"<p><strong>A tapasztalatok azt mutatj\u00e1k, hogy c\u00e9lravezet\u0151, ha a munkaer\u0151t kerese\u0151 c\u00e9g ny\u00edltan fogalmazza meg az elv\u00e1r\u00e1sait, ak\u00e1r a munk\u00e1val, ak\u00e1r a fizet\u00e9ssel kapcsolatban. Szinkronba sz\u00fcks\u00e9ges hozni az ig\u00e9nyeket \u00e9s az elv\u00e1r\u00e1sokat.<\/strong><\/p>\n<p>A munkaer\u0151 toborz\u00e1sa \u00e9s kiv\u00e1laszt\u00e1sa mind a munk\u00e1ltat\u00f3k, mind a munkav\u00e1llal\u00f3k sz\u00e1m\u00e1ra komplex \u00e9s id\u0151ig\u00e9nyes. Ahogy a munkaer\u0151piac folyamatosan v\u00e1ltozik, \u00e9s a versenyhelyzet fokoz\u00f3dik, kiemelt fontoss\u00e1g\u00fa, hogy hat\u00e9konyan \u00e9s min\u00e9l kevesebb hib\u00e1val futhasson v\u00e9gig a folyamat. Gyakran el\u0151fordul, hogy a munk\u00e1ltat\u00f3k nem fogalmazz\u00e1k meg kell\u0151en vil\u00e1gosan az \u00e1ll\u00e1shirdet\u00e9sekben az elv\u00e1r\u00e1saikat. Ennek eredm\u00e9nyek\u00e9nt a jelentkez\u0151k vagy rosszul \u00e9rtelmezik a poz\u00edci\u00f3 k\u00f6vetelm\u00e9nyeit, vagy egyszer\u0171en figyelmen k\u00edv\u00fcl hagyj\u00e1k azokat. Fontos teh\u00e1t, hogy az elv\u00e1r\u00e1sok \u00e9rthet\u0151ek, t\u00f6m\u00f6rek \u00e9s realisztikusak legyenek.<\/p>\n<h2>Fontos az alkalmazkod\u00f3k\u00e9pess\u00e9g \u00e9s a nyelvtud\u00e1s<\/h2>\n<p>Az egyik gyakori hiba a munk\u00e1ltat\u00f3k r\u00e9sz\u00e9r\u0151l az, hogy t\u00falzottan magasra teszik a l\u00e9cet a jel\u00f6ltv\u00e1laszt\u00e1s sor\u00e1n. Nem minden esetben sz\u00fcks\u00e9ges a legmagasabb k\u00e9pes\u00edt\u00e9ssel \u00e9s tapasztalattal rendelkez\u0151 jel\u00f6ltet keresni. A szak\u00e9rt\u0151 szerint fontosabb lehet az alkalmazkod\u00f3k\u00e9pess\u00e9g, a kompetenci\u00e1k \u00e9s a <a href=\"https:\/\/allasorias.hu\/hirek\/fontos-a-kommunikacio-es-az-angol-nyelvtudas\/\">nyelvtud\u00e1s<\/a>. \u201e<em>Gyakori az is, hogy a munk\u00e1ltat\u00f3k \u00e9s a munkav\u00e1llal\u00f3k k\u00f6z\u00f6tt nem teljesen vil\u00e1gos az ig\u00e9ny \u00e9s az elv\u00e1r\u00e1s. Ennek eredm\u00e9nyek\u00e9nt olyan jel\u00f6ltek ker\u00fclnek kiv\u00e1laszt\u00e1sra, akik nem t\u00f6k\u00e9letesen illenek az \u00e1ll\u00e1sra, \u00e9s r\u00f6vid id\u0151n bel\u00fcl elhagyj\u00e1k a v\u00e1llalatot. Fontos, hogy mindk\u00e9t f\u00e9l r\u00e9sz\u00e9r\u0151l re\u00e1lis \u00e9s pontos elv\u00e1r\u00e1sok legyenek, valamint lehet\u0151s\u00e9g legyen az els\u0151 id\u0151szakban t\u00f6rt\u00e9n\u0151 cser\u00e9re vagy fejleszt\u00e9sre, ha sz\u00fcks\u00e9ges. A kompromisszumos megold\u00e1sok sosem vezetnek j\u00f3ra<\/em>\u201d -\u00e1rulta el Katkics Attila \u00fczleti tan\u00e1csad\u00f3, HR szakember.<\/p>\n<h2>Ny\u00edltan kell kommunik\u00e1lni a b\u00e9reket<\/h2>\n<p>A munkav\u00e1llal\u00f3k sz\u00e1m\u00e1ra a juttat\u00e1sok kiemelked\u0151en fontosak az \u00e1ll\u00e1saj\u00e1nlatok tekintet\u00e9ben. Azonban sokszor el\u0151fordul, hogy az anyagiakat nem hangs\u00falyozz\u00e1k kell\u0151k\u00e9ppen az \u00e1ll\u00e1shirdet\u00e9sekben. Javasolt el\u0151re pozicion\u00e1lni \u00e9s ny\u00edltan kommunik\u00e1lni a b\u00e9rrel, a munka-mag\u00e1n\u00e9let egyens\u00faly\u00e1val, a home office munkav\u00e9gz\u00e9ssel \u00e9s a k\u00fcl\u00f6nb\u00f6z\u0151 fejleszt\u00e9sekkel kapcsolatos lehet\u0151s\u00e9geket.<\/p>\n<p>\u201e<em>Az ide\u00e1lis megold\u00e1s a kompetenci\u00e1k \u00e9s a tapasztalat alapj\u00e1n t\u00f6rt\u00e9n\u0151 jel\u00f6ltv\u00e1laszt\u00e1s. Nem csak a pap\u00edr alapj\u00e1n kell d\u00f6nteni, hanem figyelembe kell venni a jel\u00f6lt alkalmazkod\u00f3k\u00e9pess\u00e9g\u00e9t, nyelvtud\u00e1s\u00e1t \u00e9s szem\u00e9lyis\u00e9g\u00e9t is. Olyan jel\u00f6lteket kell kiv\u00e1lasztani, akik a v\u00e1llalati csapathoz \u00e9s kult\u00far\u00e1hoz legink\u00e1bb illeszkednek. Ez lehet\u0151v\u00e9 teszi a gyorsabb integr\u00e1ci\u00f3t \u00e9s hossz\u00fa t\u00e1v\u00fa munkakapcsolat kialak\u00edt\u00e1s\u00e1t. A c\u00e9l az, hogy a munk\u00e1ltat\u00f3k \u00e9s a munkav\u00e1llal\u00f3k egym\u00e1sra tal\u00e1ljanak a legmegfelel\u0151bb m\u00f3don, \u00e9s hossz\u00fa t\u00e1von sikeres munkakapcsolatot alak\u00edtsanak ki<\/em>\u201d \u2013 \u00e1rulta el Katkics Attila \u00fczleti tan\u00e1csad\u00f3, HR szakember. A sikeres toborz\u00e1s nemcsak a megfelel\u0151 munkaer\u0151 megtal\u00e1l\u00e1s\u00e1t jelenti, hanem a v\u00e1llalat hossz\u00fa t\u00e1v\u00fa siker\u00e9t \u00e9s n\u00f6veked\u00e9s\u00e9t is el\u0151seg\u00edtheti. Ez\u00e9rt \u00e9rdemes id\u0151t \u00e9s er\u0151forr\u00e1sokat fektetni a toborz\u00e1si folyamat optimaliz\u00e1l\u00e1s\u00e1ba, ha pedig erre nincs elegend\u0151 er\u0151forr\u00e1s, szak\u00e9rt\u0151i seg\u00edts\u00e9ghez fordulni.<\/p>\n<p>Forr\u00e1s: <a href=\"https:\/\/ado.hu\/munkaugyek\/allaspiaci-buktatok-ezekre-a-hibakra-erdemes-odafigyelni\/\" target=\"_blank\" rel=\"nofollow noopener noreferrer\">ado.hu<\/a><\/p>\n","protected":false},"excerpt":{"rendered":"<p>A tapasztalatok azt mutatj\u00e1k, hogy c\u00e9lravezet\u0151, ha a munkaer\u0151t kerese\u0151 c\u00e9g ny\u00edltan fogalmazza meg az elv\u00e1r\u00e1sait, ak\u00e1r a munk\u00e1val, ak\u00e1r a fizet\u00e9ssel kapcsolatban. Szinkronba sz\u00fcks\u00e9ges hozni az ig\u00e9nyeket \u00e9s az elv\u00e1r\u00e1sokat. A munkaer\u0151 toborz\u00e1sa \u00e9s kiv\u00e1laszt\u00e1sa mind a munk\u00e1ltat\u00f3k, mind a munkav\u00e1llal\u00f3k sz\u00e1m\u00e1ra komplex \u00e9s id\u0151ig\u00e9nyes. Ahogy a munkaer\u0151piac folyamatosan v\u00e1ltozik, \u00e9s a versenyhelyzet fokoz\u00f3dik, [&hellip;]<\/p>\n","protected":false},"author":1,"featured_media":6628,"comment_status":"closed","ping_status":"closed","sticky":false,"template":"","format":"standard","meta":{"_monsterinsights_skip_tracking":false,"footnotes":""},"categories":[1],"tags":[229,559,280],"class_list":["post-6627","post","type-post","status-publish","format-standard","has-post-thumbnail","hentry","category-allaskereses","tag-berek","tag-munkaero-kereses","tag-nyelvtudas"],"aioseo_notices":[],"aioseo_head":"\n\t\t<!-- All in One SEO 5.0.0.1 - aioseo.com -->\n\t<meta name=\"description\" content=\"A tapasztalatok azt mutatj\u00e1k, hogy c\u00e9lravezet\u0151, ha a munkaer\u0151t kerese\u0151 c\u00e9g ny\u00edltan fogalmazza meg az elv\u00e1r\u00e1sait, ak\u00e1r a munk\u00e1val, ak\u00e1r a fizet\u00e9ssel kapcsolatban\" \/>\n\t<meta name=\"robots\" content=\"max-image-preview:large\" \/>\n\t<meta name=\"author\" content=\"Juh\u00e1sz P\u00e9ter\"\/>\n\t<meta name=\"keywords\" content=\"b\u00e9rek,munkaer\u0151 keres\u00e9s,nyelvtud\u00e1s\" \/>\n\t<link rel=\"canonical\" href=\"https:\/\/allasorias.hu\/hirek\/fontos-a-nyilt-parbeszed-a-munkaero-keresesnel\/\" \/>\n\t<meta name=\"generator\" content=\"All in One SEO (AIOSEO) 5.0.0.1\" \/>\n\t\t<meta property=\"og:locale\" content=\"hu_HU\" \/>\n\t\t<meta property=\"og:site_name\" content=\"AllasOrias.hu | H\u00edrek-lapszemle | \u00dczleti h\u00edrek az \u00e1ll\u00e1s \u00e9s a munka vil\u00e1g\u00e1b\u00f3l\" \/>\n\t\t<meta property=\"og:type\" content=\"article\" \/>\n\t\t<meta property=\"og:title\" content=\"Ny\u00edlt p\u00e1rbesz\u00e9d a munkaer\u0151 keres\u00e9s sor\u00e1n\" \/>\n\t\t<meta property=\"og:description\" content=\"A tapasztalatok azt mutatj\u00e1k, hogy c\u00e9lravezet\u0151, ha a munkaer\u0151t kerese\u0151 c\u00e9g ny\u00edltan fogalmazza meg az elv\u00e1r\u00e1sait, ak\u00e1r a munk\u00e1val, ak\u00e1r a fizet\u00e9ssel kapcsolatban\" \/>\n\t\t<meta property=\"og:url\" content=\"https:\/\/allasorias.hu\/hirek\/fontos-a-nyilt-parbeszed-a-munkaero-keresesnel\/\" \/>\n\t\t<meta property=\"og:image\" content=\"https:\/\/allasorias.hu\/hirek\/wp-content\/uploads\/2023\/07\/munkaero-kereses.jpg\" \/>\n\t\t<meta property=\"og:image:secure_url\" content=\"https:\/\/allasorias.hu\/hirek\/wp-content\/uploads\/2023\/07\/munkaero-kereses.jpg\" \/>\n\t\t<meta property=\"og:image:width\" content=\"1280\" \/>\n\t\t<meta property=\"og:image:height\" content=\"661\" \/>\n\t\t<meta property=\"article:published_time\" content=\"2023-07-12T08:38:24+00:00\" \/>\n\t\t<meta property=\"article:modified_time\" content=\"2025-05-09T09:41:53+00:00\" \/>\n\t\t<meta property=\"article:publisher\" content=\"https:\/\/www.facebook.com\/allasorias\" \/>\n\t\t<meta name=\"twitter:card\" content=\"summary_large_image\" \/>\n\t\t<meta name=\"twitter:title\" content=\"Ny\u00edlt p\u00e1rbesz\u00e9d a munkaer\u0151 keres\u00e9s sor\u00e1n\" \/>\n\t\t<meta name=\"twitter:description\" content=\"A tapasztalatok azt mutatj\u00e1k, hogy c\u00e9lravezet\u0151, ha a munkaer\u0151t kerese\u0151 c\u00e9g ny\u00edltan fogalmazza meg az elv\u00e1r\u00e1sait, ak\u00e1r a munk\u00e1val, ak\u00e1r a fizet\u00e9ssel kapcsolatban\" \/>\n\t\t<meta name=\"twitter:image\" content=\"https:\/\/allasorias.hu\/hirek\/wp-content\/uploads\/2023\/07\/munkaero-kereses.jpg\" \/>\n\t\t<meta name=\"twitter:label1\" content=\"Written by\" \/>\n\t\t<meta name=\"twitter:data1\" content=\"Juh\u00e1sz P\u00e9ter\" \/>\n\t\t<meta name=\"twitter:label2\" content=\"Est. reading time\" \/>\n\t\t<meta name=\"twitter:data2\" content=\"3 minutes\" \/>\n\t\t<script type=\"application\/ld+json\" class=\"aioseo-schema\">\n\t\t\t{\"@context\":\"https:\\\/\\\/schema.org\",\"@graph\":[{\"@type\":\"Article\",\"@id\":\"https:\\\/\\\/allasorias.hu\\\/hirek\\\/fontos-a-nyilt-parbeszed-a-munkaero-keresesnel\\\/#article\",\"name\":\"Ny\\u00edlt p\\u00e1rbesz\\u00e9d a munkaer\\u0151 keres\\u00e9s sor\\u00e1n\",\"headline\":\"Fontos a ny\\u00edlt p\\u00e1rbesz\\u00e9d a munkaer\\u0151 keres\\u00e9sn\\u00e9l\",\"author\":{\"@id\":\"https:\\\/\\\/allasorias.hu\\\/hirek\\\/author\\\/admin-allasorias\\\/#author\"},\"publisher\":{\"@id\":\"https:\\\/\\\/allasorias.hu\\\/hirek\\\/#organization\"},\"image\":{\"@type\":\"ImageObject\",\"url\":\"https:\\\/\\\/allasorias.hu\\\/hirek\\\/wp-content\\\/uploads\\\/2023\\\/07\\\/munkaero-kereses.jpg\",\"width\":1280,\"height\":661,\"caption\":\"Fontos a ny\\u00edlt p\\u00e1rbesz\\u00e9d a munkaer\\u0151 keres\\u00e9sn\\u00e9l - Allaorias.hu\\\/Hirek\"},\"datePublished\":\"2023-07-12T08:38:24+02:00\",\"dateModified\":\"2025-05-09T11:41:53+02:00\",\"inLanguage\":\"hu-HU\",\"mainEntityOfPage\":{\"@id\":\"https:\\\/\\\/allasorias.hu\\\/hirek\\\/fontos-a-nyilt-parbeszed-a-munkaero-keresesnel\\\/#webpage\"},\"isPartOf\":{\"@id\":\"https:\\\/\\\/allasorias.hu\\\/hirek\\\/fontos-a-nyilt-parbeszed-a-munkaero-keresesnel\\\/#webpage\"},\"articleSection\":\"\\u00c1ll\\u00e1skeres\\u00e9s, b\\u00e9rek, munkaer\\u0151 keres\\u00e9s, nyelvtud\\u00e1s\"},{\"@type\":\"BreadcrumbList\",\"@id\":\"https:\\\/\\\/allasorias.hu\\\/hirek\\\/fontos-a-nyilt-parbeszed-a-munkaero-keresesnel\\\/#breadcrumblist\",\"itemListElement\":[{\"@type\":\"ListItem\",\"@id\":\"https:\\\/\\\/allasorias.hu\\\/hirek#listItem\",\"position\":1,\"name\":\"Home\",\"item\":\"https:\\\/\\\/allasorias.hu\\\/hirek\",\"nextItem\":{\"@type\":\"ListItem\",\"@id\":\"https:\\\/\\\/allasorias.hu\\\/hirek\\\/temak\\\/allaskereses\\\/#listItem\",\"name\":\"\\u00c1ll\\u00e1skeres\\u00e9s\"}},{\"@type\":\"ListItem\",\"@id\":\"https:\\\/\\\/allasorias.hu\\\/hirek\\\/temak\\\/allaskereses\\\/#listItem\",\"position\":2,\"name\":\"\\u00c1ll\\u00e1skeres\\u00e9s\",\"item\":\"https:\\\/\\\/allasorias.hu\\\/hirek\\\/temak\\\/allaskereses\\\/\",\"nextItem\":{\"@type\":\"ListItem\",\"@id\":\"https:\\\/\\\/allasorias.hu\\\/hirek\\\/fontos-a-nyilt-parbeszed-a-munkaero-keresesnel\\\/#listItem\",\"name\":\"Fontos a ny\\u00edlt p\\u00e1rbesz\\u00e9d a munkaer\\u0151 keres\\u00e9sn\\u00e9l\"},\"previousItem\":{\"@type\":\"ListItem\",\"@id\":\"https:\\\/\\\/allasorias.hu\\\/hirek#listItem\",\"name\":\"Home\"}},{\"@type\":\"ListItem\",\"@id\":\"https:\\\/\\\/allasorias.hu\\\/hirek\\\/fontos-a-nyilt-parbeszed-a-munkaero-keresesnel\\\/#listItem\",\"position\":3,\"name\":\"Fontos a ny\\u00edlt p\\u00e1rbesz\\u00e9d a munkaer\\u0151 keres\\u00e9sn\\u00e9l\",\"previousItem\":{\"@type\":\"ListItem\",\"@id\":\"https:\\\/\\\/allasorias.hu\\\/hirek\\\/temak\\\/allaskereses\\\/#listItem\",\"name\":\"\\u00c1ll\\u00e1skeres\\u00e9s\"}}]},{\"@type\":\"Organization\",\"@id\":\"https:\\\/\\\/allasorias.hu\\\/hirek\\\/#organization\",\"name\":\"AllasOrias.hu | H\\u00edrek-lapszemle\",\"description\":\"\\u00dczleti h\\u00edrek az \\u00e1ll\\u00e1s \\u00e9s a munka vil\\u00e1g\\u00e1b\\u00f3l\",\"url\":\"https:\\\/\\\/allasorias.hu\\\/hirek\\\/\",\"logo\":{\"@type\":\"ImageObject\",\"url\":\"https:\\\/\\\/allasorias.hu\\\/hirek\\\/wp-content\\\/uploads\\\/2022\\\/10\\\/allasorias_site_facebok_logo.png\",\"@id\":\"https:\\\/\\\/allasorias.hu\\\/hirek\\\/fontos-a-nyilt-parbeszed-a-munkaero-keresesnel\\\/#organizationLogo\"},\"image\":{\"@id\":\"https:\\\/\\\/allasorias.hu\\\/hirek\\\/fontos-a-nyilt-parbeszed-a-munkaero-keresesnel\\\/#organizationLogo\"},\"sameAs\":[\"https:\\\/\\\/www.facebook.com\\\/allasorias\",\"https:\\\/\\\/www.linkedin.com\\\/company\\\/allasorias\"]},{\"@type\":\"Person\",\"@id\":\"https:\\\/\\\/allasorias.hu\\\/hirek\\\/author\\\/admin-allasorias\\\/#author\",\"url\":\"https:\\\/\\\/allasorias.hu\\\/hirek\\\/author\\\/admin-allasorias\\\/\",\"name\":\"Juh\\u00e1sz P\\u00e9ter\",\"image\":{\"@type\":\"ImageObject\",\"@id\":\"https:\\\/\\\/allasorias.hu\\\/hirek\\\/fontos-a-nyilt-parbeszed-a-munkaero-keresesnel\\\/#authorImage\",\"url\":\"https:\\\/\\\/secure.gravatar.com\\\/avatar\\\/36e6bcb83148978b992977cb0f54d22feb0cce8a0a849a9410532bb2623ba4c6?s=96&d=mm&r=g\",\"width\":96,\"height\":96,\"caption\":\"Juh\\u00e1sz P\\u00e9ter\"}},{\"@type\":\"WebPage\",\"@id\":\"https:\\\/\\\/allasorias.hu\\\/hirek\\\/fontos-a-nyilt-parbeszed-a-munkaero-keresesnel\\\/#webpage\",\"url\":\"https:\\\/\\\/allasorias.hu\\\/hirek\\\/fontos-a-nyilt-parbeszed-a-munkaero-keresesnel\\\/\",\"name\":\"Ny\\u00edlt p\\u00e1rbesz\\u00e9d a munkaer\\u0151 keres\\u00e9s sor\\u00e1n\",\"description\":\"A tapasztalatok azt mutatj\\u00e1k, hogy c\\u00e9lravezet\\u0151, ha a munkaer\\u0151t kerese\\u0151 c\\u00e9g ny\\u00edltan fogalmazza meg az elv\\u00e1r\\u00e1sait, ak\\u00e1r a munk\\u00e1val, ak\\u00e1r a fizet\\u00e9ssel kapcsolatban\",\"inLanguage\":\"hu-HU\",\"isPartOf\":{\"@id\":\"https:\\\/\\\/allasorias.hu\\\/hirek\\\/#website\"},\"breadcrumb\":{\"@id\":\"https:\\\/\\\/allasorias.hu\\\/hirek\\\/fontos-a-nyilt-parbeszed-a-munkaero-keresesnel\\\/#breadcrumblist\"},\"author\":{\"@id\":\"https:\\\/\\\/allasorias.hu\\\/hirek\\\/author\\\/admin-allasorias\\\/#author\"},\"creator\":{\"@id\":\"https:\\\/\\\/allasorias.hu\\\/hirek\\\/author\\\/admin-allasorias\\\/#author\"},\"image\":{\"@type\":\"ImageObject\",\"url\":\"https:\\\/\\\/allasorias.hu\\\/hirek\\\/wp-content\\\/uploads\\\/2023\\\/07\\\/munkaero-kereses.jpg\",\"@id\":\"https:\\\/\\\/allasorias.hu\\\/hirek\\\/fontos-a-nyilt-parbeszed-a-munkaero-keresesnel\\\/#mainImage\",\"width\":1280,\"height\":661,\"caption\":\"Fontos a ny\\u00edlt p\\u00e1rbesz\\u00e9d a munkaer\\u0151 keres\\u00e9sn\\u00e9l - Allaorias.hu\\\/Hirek\"},\"primaryImageOfPage\":{\"@id\":\"https:\\\/\\\/allasorias.hu\\\/hirek\\\/fontos-a-nyilt-parbeszed-a-munkaero-keresesnel\\\/#mainImage\"},\"datePublished\":\"2023-07-12T08:38:24+02:00\",\"dateModified\":\"2025-05-09T11:41:53+02:00\"},{\"@type\":\"WebSite\",\"@id\":\"https:\\\/\\\/allasorias.hu\\\/hirek\\\/#website\",\"url\":\"https:\\\/\\\/allasorias.hu\\\/hirek\\\/\",\"name\":\"AllasOrias.hu | H\\u00edrek-lapszemle\",\"description\":\"\\u00dczleti h\\u00edrek az \\u00e1ll\\u00e1s \\u00e9s a munka vil\\u00e1g\\u00e1b\\u00f3l\",\"inLanguage\":\"hu-HU\",\"publisher\":{\"@id\":\"https:\\\/\\\/allasorias.hu\\\/hirek\\\/#organization\"}}]}\n\t\t<\/script>\n\t\t<!-- All in One SEO -->\n\n","aioseo_head_json":{"title":"Ny\u00edlt p\u00e1rbesz\u00e9d a munkaer\u0151 keres\u00e9s sor\u00e1n","description":"A tapasztalatok azt mutatj\u00e1k, hogy c\u00e9lravezet\u0151, ha a munkaer\u0151t kerese\u0151 c\u00e9g ny\u00edltan fogalmazza meg az elv\u00e1r\u00e1sait, ak\u00e1r a munk\u00e1val, ak\u00e1r a fizet\u00e9ssel kapcsolatban","canonical_url":"https:\/\/allasorias.hu\/hirek\/fontos-a-nyilt-parbeszed-a-munkaero-keresesnel\/","robots":"max-image-preview:large","keywords":"b\u00e9rek,munkaer\u0151 keres\u00e9s,nyelvtud\u00e1s","webmasterTools":{"miscellaneous":""},"schema":{"@context":"https:\/\/schema.org","@graph":[{"@type":"Article","@id":"https:\/\/allasorias.hu\/hirek\/fontos-a-nyilt-parbeszed-a-munkaero-keresesnel\/#article","name":"Ny\u00edlt p\u00e1rbesz\u00e9d a munkaer\u0151 keres\u00e9s sor\u00e1n","headline":"Fontos a ny\u00edlt p\u00e1rbesz\u00e9d a munkaer\u0151 keres\u00e9sn\u00e9l","author":{"@id":"https:\/\/allasorias.hu\/hirek\/author\/admin-allasorias\/#author"},"publisher":{"@id":"https:\/\/allasorias.hu\/hirek\/#organization"},"image":{"@type":"ImageObject","url":"https:\/\/allasorias.hu\/hirek\/wp-content\/uploads\/2023\/07\/munkaero-kereses.jpg","width":1280,"height":661,"caption":"Fontos a ny\u00edlt p\u00e1rbesz\u00e9d a munkaer\u0151 keres\u00e9sn\u00e9l - Allaorias.hu\/Hirek"},"datePublished":"2023-07-12T08:38:24+02:00","dateModified":"2025-05-09T11:41:53+02:00","inLanguage":"hu-HU","mainEntityOfPage":{"@id":"https:\/\/allasorias.hu\/hirek\/fontos-a-nyilt-parbeszed-a-munkaero-keresesnel\/#webpage"},"isPartOf":{"@id":"https:\/\/allasorias.hu\/hirek\/fontos-a-nyilt-parbeszed-a-munkaero-keresesnel\/#webpage"},"articleSection":"\u00c1ll\u00e1skeres\u00e9s, b\u00e9rek, munkaer\u0151 keres\u00e9s, nyelvtud\u00e1s"},{"@type":"BreadcrumbList","@id":"https:\/\/allasorias.hu\/hirek\/fontos-a-nyilt-parbeszed-a-munkaero-keresesnel\/#breadcrumblist","itemListElement":[{"@type":"ListItem","@id":"https:\/\/allasorias.hu\/hirek#listItem","position":1,"name":"Home","item":"https:\/\/allasorias.hu\/hirek","nextItem":{"@type":"ListItem","@id":"https:\/\/allasorias.hu\/hirek\/temak\/allaskereses\/#listItem","name":"\u00c1ll\u00e1skeres\u00e9s"}},{"@type":"ListItem","@id":"https:\/\/allasorias.hu\/hirek\/temak\/allaskereses\/#listItem","position":2,"name":"\u00c1ll\u00e1skeres\u00e9s","item":"https:\/\/allasorias.hu\/hirek\/temak\/allaskereses\/","nextItem":{"@type":"ListItem","@id":"https:\/\/allasorias.hu\/hirek\/fontos-a-nyilt-parbeszed-a-munkaero-keresesnel\/#listItem","name":"Fontos a ny\u00edlt p\u00e1rbesz\u00e9d a munkaer\u0151 keres\u00e9sn\u00e9l"},"previousItem":{"@type":"ListItem","@id":"https:\/\/allasorias.hu\/hirek#listItem","name":"Home"}},{"@type":"ListItem","@id":"https:\/\/allasorias.hu\/hirek\/fontos-a-nyilt-parbeszed-a-munkaero-keresesnel\/#listItem","position":3,"name":"Fontos a ny\u00edlt p\u00e1rbesz\u00e9d a munkaer\u0151 keres\u00e9sn\u00e9l","previousItem":{"@type":"ListItem","@id":"https:\/\/allasorias.hu\/hirek\/temak\/allaskereses\/#listItem","name":"\u00c1ll\u00e1skeres\u00e9s"}}]},{"@type":"Organization","@id":"https:\/\/allasorias.hu\/hirek\/#organization","name":"AllasOrias.hu | H\u00edrek-lapszemle","description":"\u00dczleti h\u00edrek az \u00e1ll\u00e1s \u00e9s a munka vil\u00e1g\u00e1b\u00f3l","url":"https:\/\/allasorias.hu\/hirek\/","logo":{"@type":"ImageObject","url":"https:\/\/allasorias.hu\/hirek\/wp-content\/uploads\/2022\/10\/allasorias_site_facebok_logo.png","@id":"https:\/\/allasorias.hu\/hirek\/fontos-a-nyilt-parbeszed-a-munkaero-keresesnel\/#organizationLogo"},"image":{"@id":"https:\/\/allasorias.hu\/hirek\/fontos-a-nyilt-parbeszed-a-munkaero-keresesnel\/#organizationLogo"},"sameAs":["https:\/\/www.facebook.com\/allasorias","https:\/\/www.linkedin.com\/company\/allasorias"]},{"@type":"Person","@id":"https:\/\/allasorias.hu\/hirek\/author\/admin-allasorias\/#author","url":"https:\/\/allasorias.hu\/hirek\/author\/admin-allasorias\/","name":"Juh\u00e1sz P\u00e9ter","image":{"@type":"ImageObject","@id":"https:\/\/allasorias.hu\/hirek\/fontos-a-nyilt-parbeszed-a-munkaero-keresesnel\/#authorImage","url":"https:\/\/secure.gravatar.com\/avatar\/36e6bcb83148978b992977cb0f54d22feb0cce8a0a849a9410532bb2623ba4c6?s=96&d=mm&r=g","width":96,"height":96,"caption":"Juh\u00e1sz P\u00e9ter"}},{"@type":"WebPage","@id":"https:\/\/allasorias.hu\/hirek\/fontos-a-nyilt-parbeszed-a-munkaero-keresesnel\/#webpage","url":"https:\/\/allasorias.hu\/hirek\/fontos-a-nyilt-parbeszed-a-munkaero-keresesnel\/","name":"Ny\u00edlt p\u00e1rbesz\u00e9d a munkaer\u0151 keres\u00e9s sor\u00e1n","description":"A tapasztalatok azt mutatj\u00e1k, hogy c\u00e9lravezet\u0151, ha a munkaer\u0151t kerese\u0151 c\u00e9g ny\u00edltan fogalmazza meg az elv\u00e1r\u00e1sait, ak\u00e1r a munk\u00e1val, ak\u00e1r a fizet\u00e9ssel kapcsolatban","inLanguage":"hu-HU","isPartOf":{"@id":"https:\/\/allasorias.hu\/hirek\/#website"},"breadcrumb":{"@id":"https:\/\/allasorias.hu\/hirek\/fontos-a-nyilt-parbeszed-a-munkaero-keresesnel\/#breadcrumblist"},"author":{"@id":"https:\/\/allasorias.hu\/hirek\/author\/admin-allasorias\/#author"},"creator":{"@id":"https:\/\/allasorias.hu\/hirek\/author\/admin-allasorias\/#author"},"image":{"@type":"ImageObject","url":"https:\/\/allasorias.hu\/hirek\/wp-content\/uploads\/2023\/07\/munkaero-kereses.jpg","@id":"https:\/\/allasorias.hu\/hirek\/fontos-a-nyilt-parbeszed-a-munkaero-keresesnel\/#mainImage","width":1280,"height":661,"caption":"Fontos a ny\u00edlt p\u00e1rbesz\u00e9d a munkaer\u0151 keres\u00e9sn\u00e9l - Allaorias.hu\/Hirek"},"primaryImageOfPage":{"@id":"https:\/\/allasorias.hu\/hirek\/fontos-a-nyilt-parbeszed-a-munkaero-keresesnel\/#mainImage"},"datePublished":"2023-07-12T08:38:24+02:00","dateModified":"2025-05-09T11:41:53+02:00"},{"@type":"WebSite","@id":"https:\/\/allasorias.hu\/hirek\/#website","url":"https:\/\/allasorias.hu\/hirek\/","name":"AllasOrias.hu | H\u00edrek-lapszemle","description":"\u00dczleti h\u00edrek az \u00e1ll\u00e1s \u00e9s a munka vil\u00e1g\u00e1b\u00f3l","inLanguage":"hu-HU","publisher":{"@id":"https:\/\/allasorias.hu\/hirek\/#organization"}}]},"og:locale":"hu_HU","og:site_name":"AllasOrias.hu | H\u00edrek-lapszemle | \u00dczleti h\u00edrek az \u00e1ll\u00e1s \u00e9s a munka vil\u00e1g\u00e1b\u00f3l","og:type":"article","og:title":"Ny\u00edlt p\u00e1rbesz\u00e9d a munkaer\u0151 keres\u00e9s sor\u00e1n","og:description":"A tapasztalatok azt mutatj\u00e1k, hogy c\u00e9lravezet\u0151, ha a munkaer\u0151t kerese\u0151 c\u00e9g ny\u00edltan fogalmazza meg az elv\u00e1r\u00e1sait, ak\u00e1r a munk\u00e1val, ak\u00e1r a fizet\u00e9ssel kapcsolatban","og:url":"https:\/\/allasorias.hu\/hirek\/fontos-a-nyilt-parbeszed-a-munkaero-keresesnel\/","og:image":"https:\/\/allasorias.hu\/hirek\/wp-content\/uploads\/2023\/07\/munkaero-kereses.jpg","og:image:secure_url":"https:\/\/allasorias.hu\/hirek\/wp-content\/uploads\/2023\/07\/munkaero-kereses.jpg","og:image:width":1280,"og:image:height":661,"article:published_time":"2023-07-12T08:38:24+00:00","article:modified_time":"2025-05-09T09:41:53+00:00","article:publisher":"https:\/\/www.facebook.com\/allasorias","twitter:card":"summary_large_image","twitter:title":"Ny\u00edlt p\u00e1rbesz\u00e9d a munkaer\u0151 keres\u00e9s sor\u00e1n","twitter:description":"A tapasztalatok azt mutatj\u00e1k, hogy c\u00e9lravezet\u0151, ha a munkaer\u0151t kerese\u0151 c\u00e9g ny\u00edltan fogalmazza meg az elv\u00e1r\u00e1sait, ak\u00e1r a munk\u00e1val, ak\u00e1r a fizet\u00e9ssel kapcsolatban","twitter:image":"https:\/\/allasorias.hu\/hirek\/wp-content\/uploads\/2023\/07\/munkaero-kereses.jpg","twitter:label1":"Written by","twitter:data1":"Juh\u00e1sz P\u00e9ter","twitter:label2":"Est. reading time","twitter:data2":"3 minutes"},"aioseo_meta_data":{"post_id":"6627","title":"Ny\u00edlt p\u00e1rbesz\u00e9d a munkaer\u0151 keres\u00e9s sor\u00e1n","description":"A tapasztalatok azt mutatj\u00e1k, hogy c\u00e9lravezet\u0151, ha a munkaer\u0151t kerese\u0151 c\u00e9g ny\u00edltan fogalmazza meg az elv\u00e1r\u00e1sait, ak\u00e1r a munk\u00e1val, ak\u00e1r a fizet\u00e9ssel kapcsolatban","keywords":null,"keyphrases":{"focus":{"keyphrase":"","score":0,"analysis":{"keyphraseInTitle":{"score":0,"maxScore":9,"error":1}}},"additional":[]},"primary_term":null,"canonical_url":null,"og_title":null,"og_description":null,"og_object_type":"default","og_image_type":"default","og_image_url":null,"og_image_width":null,"og_image_height":null,"og_image_custom_url":null,"og_image_custom_fields":null,"og_video":"","og_custom_url":null,"og_article_section":null,"og_article_tags":null,"twitter_use_og":true,"twitter_card":"default","twitter_image_type":"default","twitter_image_url":null,"twitter_image_custom_url":null,"twitter_image_custom_fields":null,"twitter_title":null,"twitter_description":null,"schema":{"blockGraphs":[],"customGraphs":[],"default":{"data":{"Article":[],"Course":[],"Dataset":[],"FAQPage":[],"Movie":[],"Person":[],"Product":[],"ProductReview":[],"Car":[],"Recipe":[],"Service":[],"SoftwareApplication":[],"WebPage":[]},"graphName":"Article","isEnabled":true},"graphs":[]},"schema_type":"default","schema_type_options":null,"pillar_content":false,"robots_default":true,"robots_noindex":false,"robots_noarchive":false,"robots_nosnippet":false,"robots_nofollow":false,"robots_noimageindex":false,"robots_noodp":false,"robots_notranslate":false,"robots_max_snippet":"-1","robots_max_videopreview":"-1","robots_max_imagepreview":"large","priority":null,"frequency":"default","location":null,"local_seo":null,"breadcrumb_settings":null,"limit_modified_date":false,"ai":null,"created":"2023-07-12 08:16:16","updated":"2025-10-02 18:50:20","seo_analyzer_scan_date":null,"focus_keyword":null,"additional_keywords":null,"truseo_locale":null},"aioseo_breadcrumb":"<div class=\"aioseo-breadcrumbs\"><span class=\"aioseo-breadcrumb\">\n\t\t\t<a href=\"https:\/\/allasorias.hu\/hirek\" title=\"Home\">Home<\/a>\n\t\t<\/span><span class=\"aioseo-breadcrumb-separator\">&raquo;<\/span><span class=\"aioseo-breadcrumb\">\n\t\t\t<a href=\"https:\/\/allasorias.hu\/hirek\/temak\/allaskereses\/\" title=\"\u00c1ll\u00e1skeres\u00e9s\">\u00c1ll\u00e1skeres\u00e9s<\/a>\n\t\t<\/span><span class=\"aioseo-breadcrumb-separator\">&raquo;<\/span><span class=\"aioseo-breadcrumb\">\n\t\t\tFontos a ny\u00edlt p\u00e1rbesz\u00e9d a munkaer\u0151 keres\u00e9sn\u00e9l\n\t\t<\/span><\/div>","aioseo_breadcrumb_json":[{"label":"Home","link":"https:\/\/allasorias.hu\/hirek"},{"label":"\u00c1ll\u00e1skeres\u00e9s","link":"https:\/\/allasorias.hu\/hirek\/temak\/allaskereses\/"},{"label":"Fontos a ny\u00edlt p\u00e1rbesz\u00e9d a munkaer\u0151 keres\u00e9sn\u00e9l","link":"https:\/\/allasorias.hu\/hirek\/fontos-a-nyilt-parbeszed-a-munkaero-keresesnel\/"}],"_links":{"self":[{"href":"https:\/\/allasorias.hu\/hirek\/wp-json\/wp\/v2\/posts\/6627","targetHints":{"allow":["GET"]}}],"collection":[{"href":"https:\/\/allasorias.hu\/hirek\/wp-json\/wp\/v2\/posts"}],"about":[{"href":"https:\/\/allasorias.hu\/hirek\/wp-json\/wp\/v2\/types\/post"}],"author":[{"embeddable":true,"href":"https:\/\/allasorias.hu\/hirek\/wp-json\/wp\/v2\/users\/1"}],"replies":[{"embeddable":true,"href":"https:\/\/allasorias.hu\/hirek\/wp-json\/wp\/v2\/comments?post=6627"}],"version-history":[{"count":2,"href":"https:\/\/allasorias.hu\/hirek\/wp-json\/wp\/v2\/posts\/6627\/revisions"}],"predecessor-version":[{"id":8425,"href":"https:\/\/allasorias.hu\/hirek\/wp-json\/wp\/v2\/posts\/6627\/revisions\/8425"}],"wp:featuredmedia":[{"embeddable":true,"href":"https:\/\/allasorias.hu\/hirek\/wp-json\/wp\/v2\/media\/6628"}],"wp:attachment":[{"href":"https:\/\/allasorias.hu\/hirek\/wp-json\/wp\/v2\/media?parent=6627"}],"wp:term":[{"taxonomy":"category","embeddable":true,"href":"https:\/\/allasorias.hu\/hirek\/wp-json\/wp\/v2\/categories?post=6627"},{"taxonomy":"post_tag","embeddable":true,"href":"https:\/\/allasorias.hu\/hirek\/wp-json\/wp\/v2\/tags?post=6627"}],"curies":[{"name":"wp","href":"https:\/\/api.w.org\/{rel}","templated":true}]}}