{"id":6624,"date":"2023-07-11T10:49:11","date_gmt":"2023-07-11T10:49:11","guid":{"rendered":"https:\/\/allasorias.hu\/hirek\/?p=6624"},"modified":"2023-07-11T10:49:11","modified_gmt":"2023-07-11T10:49:11","slug":"ki-hogy-velekedik-a-munka-automatizalasarol","status":"publish","type":"post","link":"https:\/\/allasorias.hu\/hirek\/ki-hogy-velekedik-a-munka-automatizalasarol\/","title":{"rendered":"Ki hogy v\u00e9lekedik a munka automatiz\u00e1l\u00e1s\u00e1r\u00f3l?"},"content":{"rendered":"<p><strong>B\u00e1r sok munkahelyen kezd t\u00e9rt h\u00f3d\u00edtani az automatiz\u00e1l\u00e1s, az egy\u00e9nek a munkaer\u0151piacon elt\u00e9r\u0151en v\u00e9lekednek az egyre terjed\u0151 mesters\u00e9ges intelligenci\u00e1r\u00f3l. Egyel\u0151re sok a megv\u00e1laszolatlan k\u00e9rd\u00e9s.<\/strong><\/p>\n<p>Visszaford\u00edthatatlanul bet\u00f6rt a <a href=\"https:\/\/allasorias.hu\/hirek\/hodit-a-mesterseges-intelligencia\/\">mesters\u00e9ges intelligencia<\/a> a munka vil\u00e1g\u00e1ba, a folyamatok 34%-\u00e1t pedig m\u00e1r most is automatiz\u00e1lj\u00e1k a v\u00e1llalatok, \u00e9s becsl\u00e9sek szerint a k\u00f6vetkez\u0151 \u00e9vekben m\u00e9g nagyobb ugr\u00e1s j\u00f6n. Ezzel p\u00e1rhuzamosan egyre t\u00f6bben agg\u00f3dnak \u00e1ll\u00e1suk elveszt\u00e9se miatt, azonban a szem\u00fcnk el\u0151tt zajl\u00f3 AI-forradalom nem csak kih\u00edv\u00e1sokat, hanem lehet\u0151s\u00e9geket is tartogat: rugalmatlan munkak\u00f6r\u00f6k helyett egyedi projektfeladatok, adminisztr\u00e1ci\u00f3 helyett \u00e9rt\u00e9kteremt\u00e9s, hat\u00e9konyabb c\u00e9gek \u00e9s el\u00e9gedettebb munkav\u00e1llal\u00f3k j\u00f6hetnek.<\/p>\n<p>Milyen lesz egy j\u00f3 \u00f6n\u00e9letrajz 10 \u00e9v m\u00falva, mi lesz a v\u00e1llalati k\u00e9pz\u00e9sek szerepe, \u00e9s mi\u00e9rt n\u00e9lk\u00fcl\u00f6zhetetlen a szeml\u00e9letv\u00e1lt\u00e1s az \u00fczleti strat\u00e9gi\u00e1k megalkot\u00e1s\u00e1n\u00e1l? A Stylers inform\u00e1ci\u00f3-technol\u00f3giai c\u00e9gcsoport legfrissebb podcast ad\u00e1s\u00e1ban Debreczeni Eszter HR- \u00e9s szervezeti szak\u00e9rt\u0151, valamint Silur, vil\u00e1gh\u00edr\u0171 etikus hacker \u00e9s kriptogr\u00e1fus mondt\u00e1k el, milyen lehet a j\u00f6v\u0151 munkahelye. Sz\u00e9pen csendben sziv\u00e1rogtak be az okosod\u00f3 algoritmusok a mindennapjainkba, \u00e9s szem\u00e9lyre szabott aj\u00e1nlatokkal bomb\u00e1ztak minket a webshopokban \u00e9s streaming platformokon.<\/p>\n<h2>A munkav\u00e1llal\u00f3k k\u00e9tharmada f\u00e9lti az \u00e1ll\u00e1s\u00e1t<\/h2>\n<p>Tavaly december \u00f3ta azonban eg\u00e9szen mellbev\u00e1g\u00f3 \u00e9s k\u00e9zzel foghat\u00f3 m\u00f3don ker\u00fclt el\u00e9nk a technol\u00f3gia a ChatGPT form\u00e1j\u00e1ban, amivel ma m\u00e1r mindenki cseveghet, essz\u00e9t \u00edrathat vagy \u00e1raj\u00e1nlatokat \u00e1ll\u00edthat \u00f6ssze. Nem csoda, hogy a munkav\u00e1llal\u00f3k k\u00e9tharmada f\u00e9lti az \u00e1ll\u00e1s\u00e1t a mesters\u00e9ges intelligenci\u00e1t\u00f3l, r\u00e1ad\u00e1sul n\u00e9h\u00e1ny nagyv\u00e1llalat m\u00e1r be is jelentette, hogy t\u00f6bbezer ember munk\u00e1j\u00e1t tervezi kiv\u00e1ltani g\u00e9pekkel. A szak\u00e9rt\u0151k szerint azonban ez nagyon elhamarkodott l\u00e9p\u00e9s.<\/p>\n<p>\u201eFontos l\u00e1tni, hogy ahogy a kor\u00e1bbi ipari forradalmakn\u00e1l, most sem lehet azt megj\u00f3solni, hogy pontosan milyen lesz a technol\u00f3gia munkaer\u0151piaci hat\u00e1sa. El\u0151sz\u00f6r is nagy k\u00e9rd\u00e9s, hogy milyen gyorsan emeli a hum\u00e1ner\u0151 hat\u00e9konys\u00e1g\u00e1t, \u00a0vagy hogy mekkora a l\u00e1tens kereslet az adott piacon, teh\u00e1t mennyi grafikust vagy \u00e9ppen sz\u00f6veg\u00edr\u00f3t tud felsz\u00edvni a jelenlegi helyzetben. A m\u00e1sik dolog pedig, hogy megv\u00e1ltozik az, ahogy a munka min\u0151s\u00e9g\u00e9t szeml\u00e9lj\u00fck: minden c\u00e9gt\u0151l jobbat v\u00e1rnak majd a fogyaszt\u00f3ik, \u0151k pedig a munkav\u00e1llal\u00f3kt\u00f3l sz\u00e1m\u00edtanak magasabb hozz\u00e1adott \u00e9rt\u00e9kre a g\u00e9pi asszisztencia rendelkez\u00e9sre \u00e1ll\u00e1sa miatt\u201d \u2013 mondja Silur, etikus hacker \u00e9s kriptogr\u00e1fus.<\/p>\n<h2>A munkak\u00f6r\u00f6k 14%-\u00e1t k\u00f6nnyen lehet automatiz\u00e1lni<\/h2>\n<p>Az Eur\u00f3pai Parlament kapcsol\u00f3d\u00f3 \u00f6ssze\u00e1ll\u00edt\u00e1sa szerint a jelenlegi munkak\u00f6r\u00f6k 14%-\u00e1t kifejezetten k\u00f6nnyen lehet automatiz\u00e1lni, sz\u00e1mosat pedig eg\u00e9szen felforgathatnak az algoritmusok. \u00dagy t\u0171nik, ezzel a c\u00e9gek is egyet\u00e9rtenek: t\u00f6bb mint h\u00e1romnegyed\u00fck sz\u00e1mol a mesters\u00e9ges intelligencia sz\u00e9lesk\u00f6r\u0171 alkalmaz\u00e1s\u00e1val, r\u00e1ad\u00e1sul 50%-uk arra sz\u00e1m\u00edt, hogy a technol\u00f3gia adapt\u00e1l\u00e1sa \u00fajabb munkahelyeket teremt majd. Debreczeni Eszter, a Microsoft kor\u00e1bbi magyarorsz\u00e1gi, illetve k\u00f6z\u00e9p-kelet-eur\u00f3pai HR igazgat\u00f3ja, jelenleg technol\u00f3giai ter\u00fcleten tev\u00e9kenyked\u0151 HR- \u00e9s szervezeti szak\u00e9rt\u0151 \u00fagy l\u00e1tja, hogy a vezet\u0151knek alapvet\u0151 szeml\u00e9letv\u00e1lt\u00e1sra van sz\u00fcks\u00e9g\u00fck az \u00fczleti strat\u00e9gi\u00e1k \u00e9s a munkaer\u0151-tervez\u00e9s kapcs\u00e1n. Szerinte a f\u0151 k\u00e9rd\u00e9s az lesz, hogy a hum\u00e1n \u00e9s a g\u00e9pi munkaer\u0151 milyen kombin\u00e1ci\u00f3j\u00e1t lesz \u00e9rdemes alkalmazni adott helyzetben. &#8222;Ez \u00f3ri\u00e1si paradigmav\u00e1lt\u00e1st jelent\u201d \u2013 v\u00e9li a szakember.<\/p>\n<p>A j\u00f6v\u0151t meghat\u00e1roz\u00f3 k\u00e9rd\u00e9s az is, hogy siker\u00fcl-e sz\u00e9lesebb t\u00f6megek szolg\u00e1lat\u00e1ba \u00e1ll\u00edtani a mesters\u00e9ges intelligenci\u00e1t egy sz\u0171kebb k\u00f6r gazdas\u00e1gi \u00e9rdekei helyett, \u00e9s hogyan k\u00fczd\u00fcnk meg a szab\u00e1lyoz\u00f3i \u00e9s adatbiztons\u00e1gi k\u00e9rd\u00e9sekkel. A felm\u00e9r\u00e9sek szerint a c\u00e9gek 60%-\u00e1nak egyel\u0151re nincs is saj\u00e1t AI-szab\u00e1lyzata, vagy ha van, a koll\u00e9g\u00e1k azt nem ismerik. Az biztos, hogy am\u00edg a jogi k\u00f6rnyezet nem egy\u00e9rtelm\u0171, nagy felel\u0151ss\u00e9g h\u00e1rul a v\u00e1llalatokra \u00e9s az egy\u00e9nre az \u00faj technol\u00f3gia felel\u0151s haszn\u00e1lata ter\u00e9n \u2013 k\u00fcl\u00f6nben az AI k\u00f6nnyen \u00e1tker\u00fclhet a \u201es\u00f6t\u00e9t oldalra\u201d.<\/p>\n<p>Forr\u00e1s: <a href=\"https:\/\/www.hrportal.hu\/c\/harombol-ket-ember-felti-az-allasat-a-mesterseges-intelligenciatol-20230710.html\" target=\"_blank\" rel=\"nofollow noopener noreferrer\">hrportal.hu<\/a><\/p>\n","protected":false},"excerpt":{"rendered":"<p>B\u00e1r sok munkahelyen kezd t\u00e9rt h\u00f3d\u00edtani az automatiz\u00e1l\u00e1s, az egy\u00e9nek a munkaer\u0151piacon elt\u00e9r\u0151en v\u00e9lekednek az egyre terjed\u0151 mesters\u00e9ges intelligenci\u00e1r\u00f3l. Egyel\u0151re sok a megv\u00e1laszolatlan k\u00e9rd\u00e9s. Visszaford\u00edthatatlanul bet\u00f6rt a mesters\u00e9ges intelligencia a munka vil\u00e1g\u00e1ba, a folyamatok 34%-\u00e1t pedig m\u00e1r most is automatiz\u00e1lj\u00e1k a v\u00e1llalatok, \u00e9s becsl\u00e9sek szerint a k\u00f6vetkez\u0151 \u00e9vekben m\u00e9g nagyobb ugr\u00e1s j\u00f6n. Ezzel p\u00e1rhuzamosan egyre [&hellip;]<\/p>\n","protected":false},"author":1,"featured_media":6625,"comment_status":"open","ping_status":"open","sticky":false,"template":"","format":"standard","meta":{"_monsterinsights_skip_tracking":false,"footnotes":""},"categories":[200],"tags":[489,264],"class_list":["post-6624","post","type-post","status-publish","format-standard","has-post-thumbnail","hentry","category-munkaeropiac","tag-ai","tag-mesterseges-intelligencia"],"aioseo_notices":[],"aioseo_head":"\n\t\t<!-- All in One SEO 5.0.0.1 - aioseo.com -->\n\t<meta name=\"description\" content=\"B\u00e1r sok munkahelyen kezd t\u00e9rt h\u00f3d\u00edtani az automatiz\u00e1l\u00e1s, az egy\u00e9nek a munkaer\u0151piacon elt\u00e9r\u0151en v\u00e9lekednek az egyre terjed\u0151 mesters\u00e9ges intelligenci\u00e1r\u00f3l.\" \/>\n\t<meta name=\"robots\" content=\"max-image-preview:large\" \/>\n\t<meta name=\"author\" content=\"Juh\u00e1sz P\u00e9ter\"\/>\n\t<meta name=\"keywords\" content=\"ai,mesters\u00e9ges intelligencia\" \/>\n\t<link rel=\"canonical\" href=\"https:\/\/allasorias.hu\/hirek\/ki-hogy-velekedik-a-munka-automatizalasarol\/\" \/>\n\t<meta name=\"generator\" content=\"All in One SEO (AIOSEO) 5.0.0.1\" \/>\n\t\t<meta property=\"og:locale\" content=\"hu_HU\" \/>\n\t\t<meta property=\"og:site_name\" content=\"AllasOrias.hu | H\u00edrek-lapszemle | \u00dczleti h\u00edrek az \u00e1ll\u00e1s \u00e9s a munka vil\u00e1g\u00e1b\u00f3l\" \/>\n\t\t<meta property=\"og:type\" content=\"article\" \/>\n\t\t<meta property=\"og:title\" content=\"Ki hogy v\u00e9lekedik a munka automatiz\u00e1l\u00e1s\u00e1r\u00f3l? | Allasorias.hu\" \/>\n\t\t<meta property=\"og:description\" content=\"B\u00e1r sok munkahelyen kezd t\u00e9rt h\u00f3d\u00edtani az automatiz\u00e1l\u00e1s, az egy\u00e9nek a munkaer\u0151piacon elt\u00e9r\u0151en v\u00e9lekednek az egyre terjed\u0151 mesters\u00e9ges intelligenci\u00e1r\u00f3l.\" \/>\n\t\t<meta property=\"og:url\" content=\"https:\/\/allasorias.hu\/hirek\/ki-hogy-velekedik-a-munka-automatizalasarol\/\" \/>\n\t\t<meta property=\"og:image\" content=\"https:\/\/allasorias.hu\/hirek\/wp-content\/uploads\/2023\/07\/munka-automatizalasa.jpg\" \/>\n\t\t<meta property=\"og:image:secure_url\" content=\"https:\/\/allasorias.hu\/hirek\/wp-content\/uploads\/2023\/07\/munka-automatizalasa.jpg\" \/>\n\t\t<meta property=\"og:image:width\" content=\"1280\" \/>\n\t\t<meta property=\"og:image:height\" content=\"606\" \/>\n\t\t<meta property=\"article:published_time\" content=\"2023-07-11T10:49:11+00:00\" \/>\n\t\t<meta property=\"article:modified_time\" content=\"2023-07-11T10:49:11+00:00\" \/>\n\t\t<meta property=\"article:publisher\" content=\"https:\/\/www.facebook.com\/allasorias\" \/>\n\t\t<meta name=\"twitter:card\" content=\"summary_large_image\" \/>\n\t\t<meta name=\"twitter:title\" content=\"Ki hogy v\u00e9lekedik a munka automatiz\u00e1l\u00e1s\u00e1r\u00f3l? | Allasorias.hu\" \/>\n\t\t<meta name=\"twitter:description\" content=\"B\u00e1r sok munkahelyen kezd t\u00e9rt h\u00f3d\u00edtani az automatiz\u00e1l\u00e1s, az egy\u00e9nek a munkaer\u0151piacon elt\u00e9r\u0151en v\u00e9lekednek az egyre terjed\u0151 mesters\u00e9ges intelligenci\u00e1r\u00f3l.\" \/>\n\t\t<meta name=\"twitter:image\" content=\"https:\/\/allasorias.hu\/hirek\/wp-content\/uploads\/2023\/07\/munka-automatizalasa.jpg\" \/>\n\t\t<meta name=\"twitter:label1\" content=\"Written by\" \/>\n\t\t<meta name=\"twitter:data1\" content=\"Juh\u00e1sz P\u00e9ter\" \/>\n\t\t<meta name=\"twitter:label2\" content=\"Est. reading time\" \/>\n\t\t<meta name=\"twitter:data2\" content=\"4 minutes\" \/>\n\t\t<script type=\"application\/ld+json\" class=\"aioseo-schema\">\n\t\t\t{\"@context\":\"https:\\\/\\\/schema.org\",\"@graph\":[{\"@type\":\"Article\",\"@id\":\"https:\\\/\\\/allasorias.hu\\\/hirek\\\/ki-hogy-velekedik-a-munka-automatizalasarol\\\/#article\",\"name\":\"Ki hogy v\\u00e9lekedik a munka automatiz\\u00e1l\\u00e1s\\u00e1r\\u00f3l? | Allasorias.hu\",\"headline\":\"Ki hogy v\\u00e9lekedik a munka automatiz\\u00e1l\\u00e1s\\u00e1r\\u00f3l?\",\"author\":{\"@id\":\"https:\\\/\\\/allasorias.hu\\\/hirek\\\/author\\\/admin-allasorias\\\/#author\"},\"publisher\":{\"@id\":\"https:\\\/\\\/allasorias.hu\\\/hirek\\\/#organization\"},\"image\":{\"@type\":\"ImageObject\",\"url\":\"https:\\\/\\\/allasorias.hu\\\/hirek\\\/wp-content\\\/uploads\\\/2023\\\/07\\\/munka-automatizalasa.jpg\",\"width\":1280,\"height\":606,\"caption\":\"Ki hogy v\\u00e9lekedik a munka automatiz\\u00e1l\\u00e1s\\u00e1r\\u00f3l? - Allasorias.hu\\\/Hirek\"},\"datePublished\":\"2023-07-11T10:49:11+02:00\",\"dateModified\":\"2023-07-11T10:49:11+02:00\",\"inLanguage\":\"hu-HU\",\"mainEntityOfPage\":{\"@id\":\"https:\\\/\\\/allasorias.hu\\\/hirek\\\/ki-hogy-velekedik-a-munka-automatizalasarol\\\/#webpage\"},\"isPartOf\":{\"@id\":\"https:\\\/\\\/allasorias.hu\\\/hirek\\\/ki-hogy-velekedik-a-munka-automatizalasarol\\\/#webpage\"},\"articleSection\":\"Munkaer\\u0151piac, AI, mesters\\u00e9ges intelligencia\"},{\"@type\":\"BreadcrumbList\",\"@id\":\"https:\\\/\\\/allasorias.hu\\\/hirek\\\/ki-hogy-velekedik-a-munka-automatizalasarol\\\/#breadcrumblist\",\"itemListElement\":[{\"@type\":\"ListItem\",\"@id\":\"https:\\\/\\\/allasorias.hu\\\/hirek#listItem\",\"position\":1,\"name\":\"Home\",\"item\":\"https:\\\/\\\/allasorias.hu\\\/hirek\",\"nextItem\":{\"@type\":\"ListItem\",\"@id\":\"https:\\\/\\\/allasorias.hu\\\/hirek\\\/temak\\\/munkaeropiac\\\/#listItem\",\"name\":\"Munkaer\\u0151piac\"}},{\"@type\":\"ListItem\",\"@id\":\"https:\\\/\\\/allasorias.hu\\\/hirek\\\/temak\\\/munkaeropiac\\\/#listItem\",\"position\":2,\"name\":\"Munkaer\\u0151piac\",\"item\":\"https:\\\/\\\/allasorias.hu\\\/hirek\\\/temak\\\/munkaeropiac\\\/\",\"nextItem\":{\"@type\":\"ListItem\",\"@id\":\"https:\\\/\\\/allasorias.hu\\\/hirek\\\/ki-hogy-velekedik-a-munka-automatizalasarol\\\/#listItem\",\"name\":\"Ki hogy v\\u00e9lekedik a munka automatiz\\u00e1l\\u00e1s\\u00e1r\\u00f3l?\"},\"previousItem\":{\"@type\":\"ListItem\",\"@id\":\"https:\\\/\\\/allasorias.hu\\\/hirek#listItem\",\"name\":\"Home\"}},{\"@type\":\"ListItem\",\"@id\":\"https:\\\/\\\/allasorias.hu\\\/hirek\\\/ki-hogy-velekedik-a-munka-automatizalasarol\\\/#listItem\",\"position\":3,\"name\":\"Ki hogy v\\u00e9lekedik a munka automatiz\\u00e1l\\u00e1s\\u00e1r\\u00f3l?\",\"previousItem\":{\"@type\":\"ListItem\",\"@id\":\"https:\\\/\\\/allasorias.hu\\\/hirek\\\/temak\\\/munkaeropiac\\\/#listItem\",\"name\":\"Munkaer\\u0151piac\"}}]},{\"@type\":\"Organization\",\"@id\":\"https:\\\/\\\/allasorias.hu\\\/hirek\\\/#organization\",\"name\":\"AllasOrias.hu | H\\u00edrek-lapszemle\",\"description\":\"\\u00dczleti h\\u00edrek az \\u00e1ll\\u00e1s \\u00e9s a munka vil\\u00e1g\\u00e1b\\u00f3l\",\"url\":\"https:\\\/\\\/allasorias.hu\\\/hirek\\\/\",\"logo\":{\"@type\":\"ImageObject\",\"url\":\"https:\\\/\\\/allasorias.hu\\\/hirek\\\/wp-content\\\/uploads\\\/2022\\\/10\\\/allasorias_site_facebok_logo.png\",\"@id\":\"https:\\\/\\\/allasorias.hu\\\/hirek\\\/ki-hogy-velekedik-a-munka-automatizalasarol\\\/#organizationLogo\"},\"image\":{\"@id\":\"https:\\\/\\\/allasorias.hu\\\/hirek\\\/ki-hogy-velekedik-a-munka-automatizalasarol\\\/#organizationLogo\"},\"sameAs\":[\"https:\\\/\\\/www.facebook.com\\\/allasorias\",\"https:\\\/\\\/www.linkedin.com\\\/company\\\/allasorias\"]},{\"@type\":\"Person\",\"@id\":\"https:\\\/\\\/allasorias.hu\\\/hirek\\\/author\\\/admin-allasorias\\\/#author\",\"url\":\"https:\\\/\\\/allasorias.hu\\\/hirek\\\/author\\\/admin-allasorias\\\/\",\"name\":\"Juh\\u00e1sz P\\u00e9ter\",\"image\":{\"@type\":\"ImageObject\",\"@id\":\"https:\\\/\\\/allasorias.hu\\\/hirek\\\/ki-hogy-velekedik-a-munka-automatizalasarol\\\/#authorImage\",\"url\":\"https:\\\/\\\/secure.gravatar.com\\\/avatar\\\/36e6bcb83148978b992977cb0f54d22feb0cce8a0a849a9410532bb2623ba4c6?s=96&d=mm&r=g\",\"width\":96,\"height\":96,\"caption\":\"Juh\\u00e1sz P\\u00e9ter\"}},{\"@type\":\"WebPage\",\"@id\":\"https:\\\/\\\/allasorias.hu\\\/hirek\\\/ki-hogy-velekedik-a-munka-automatizalasarol\\\/#webpage\",\"url\":\"https:\\\/\\\/allasorias.hu\\\/hirek\\\/ki-hogy-velekedik-a-munka-automatizalasarol\\\/\",\"name\":\"Ki hogy v\\u00e9lekedik a munka automatiz\\u00e1l\\u00e1s\\u00e1r\\u00f3l? | Allasorias.hu\",\"description\":\"B\\u00e1r sok munkahelyen kezd t\\u00e9rt h\\u00f3d\\u00edtani az automatiz\\u00e1l\\u00e1s, az egy\\u00e9nek a munkaer\\u0151piacon elt\\u00e9r\\u0151en v\\u00e9lekednek az egyre terjed\\u0151 mesters\\u00e9ges intelligenci\\u00e1r\\u00f3l.\",\"inLanguage\":\"hu-HU\",\"isPartOf\":{\"@id\":\"https:\\\/\\\/allasorias.hu\\\/hirek\\\/#website\"},\"breadcrumb\":{\"@id\":\"https:\\\/\\\/allasorias.hu\\\/hirek\\\/ki-hogy-velekedik-a-munka-automatizalasarol\\\/#breadcrumblist\"},\"author\":{\"@id\":\"https:\\\/\\\/allasorias.hu\\\/hirek\\\/author\\\/admin-allasorias\\\/#author\"},\"creator\":{\"@id\":\"https:\\\/\\\/allasorias.hu\\\/hirek\\\/author\\\/admin-allasorias\\\/#author\"},\"image\":{\"@type\":\"ImageObject\",\"url\":\"https:\\\/\\\/allasorias.hu\\\/hirek\\\/wp-content\\\/uploads\\\/2023\\\/07\\\/munka-automatizalasa.jpg\",\"@id\":\"https:\\\/\\\/allasorias.hu\\\/hirek\\\/ki-hogy-velekedik-a-munka-automatizalasarol\\\/#mainImage\",\"width\":1280,\"height\":606,\"caption\":\"Ki hogy v\\u00e9lekedik a munka automatiz\\u00e1l\\u00e1s\\u00e1r\\u00f3l? - Allasorias.hu\\\/Hirek\"},\"primaryImageOfPage\":{\"@id\":\"https:\\\/\\\/allasorias.hu\\\/hirek\\\/ki-hogy-velekedik-a-munka-automatizalasarol\\\/#mainImage\"},\"datePublished\":\"2023-07-11T10:49:11+02:00\",\"dateModified\":\"2023-07-11T10:49:11+02:00\"},{\"@type\":\"WebSite\",\"@id\":\"https:\\\/\\\/allasorias.hu\\\/hirek\\\/#website\",\"url\":\"https:\\\/\\\/allasorias.hu\\\/hirek\\\/\",\"name\":\"AllasOrias.hu | H\\u00edrek-lapszemle\",\"description\":\"\\u00dczleti h\\u00edrek az \\u00e1ll\\u00e1s \\u00e9s a munka vil\\u00e1g\\u00e1b\\u00f3l\",\"inLanguage\":\"hu-HU\",\"publisher\":{\"@id\":\"https:\\\/\\\/allasorias.hu\\\/hirek\\\/#organization\"}}]}\n\t\t<\/script>\n\t\t<!-- All in One SEO -->\n\n","aioseo_head_json":{"title":"Ki hogy v\u00e9lekedik a munka automatiz\u00e1l\u00e1s\u00e1r\u00f3l? | Allasorias.hu","description":"B\u00e1r sok munkahelyen kezd t\u00e9rt h\u00f3d\u00edtani az automatiz\u00e1l\u00e1s, az egy\u00e9nek a munkaer\u0151piacon elt\u00e9r\u0151en v\u00e9lekednek az egyre terjed\u0151 mesters\u00e9ges intelligenci\u00e1r\u00f3l.","canonical_url":"https:\/\/allasorias.hu\/hirek\/ki-hogy-velekedik-a-munka-automatizalasarol\/","robots":"max-image-preview:large","keywords":"ai,mesters\u00e9ges intelligencia","webmasterTools":{"miscellaneous":""},"schema":{"@context":"https:\/\/schema.org","@graph":[{"@type":"Article","@id":"https:\/\/allasorias.hu\/hirek\/ki-hogy-velekedik-a-munka-automatizalasarol\/#article","name":"Ki hogy v\u00e9lekedik a munka automatiz\u00e1l\u00e1s\u00e1r\u00f3l? | Allasorias.hu","headline":"Ki hogy v\u00e9lekedik a munka automatiz\u00e1l\u00e1s\u00e1r\u00f3l?","author":{"@id":"https:\/\/allasorias.hu\/hirek\/author\/admin-allasorias\/#author"},"publisher":{"@id":"https:\/\/allasorias.hu\/hirek\/#organization"},"image":{"@type":"ImageObject","url":"https:\/\/allasorias.hu\/hirek\/wp-content\/uploads\/2023\/07\/munka-automatizalasa.jpg","width":1280,"height":606,"caption":"Ki hogy v\u00e9lekedik a munka automatiz\u00e1l\u00e1s\u00e1r\u00f3l? - Allasorias.hu\/Hirek"},"datePublished":"2023-07-11T10:49:11+02:00","dateModified":"2023-07-11T10:49:11+02:00","inLanguage":"hu-HU","mainEntityOfPage":{"@id":"https:\/\/allasorias.hu\/hirek\/ki-hogy-velekedik-a-munka-automatizalasarol\/#webpage"},"isPartOf":{"@id":"https:\/\/allasorias.hu\/hirek\/ki-hogy-velekedik-a-munka-automatizalasarol\/#webpage"},"articleSection":"Munkaer\u0151piac, AI, mesters\u00e9ges intelligencia"},{"@type":"BreadcrumbList","@id":"https:\/\/allasorias.hu\/hirek\/ki-hogy-velekedik-a-munka-automatizalasarol\/#breadcrumblist","itemListElement":[{"@type":"ListItem","@id":"https:\/\/allasorias.hu\/hirek#listItem","position":1,"name":"Home","item":"https:\/\/allasorias.hu\/hirek","nextItem":{"@type":"ListItem","@id":"https:\/\/allasorias.hu\/hirek\/temak\/munkaeropiac\/#listItem","name":"Munkaer\u0151piac"}},{"@type":"ListItem","@id":"https:\/\/allasorias.hu\/hirek\/temak\/munkaeropiac\/#listItem","position":2,"name":"Munkaer\u0151piac","item":"https:\/\/allasorias.hu\/hirek\/temak\/munkaeropiac\/","nextItem":{"@type":"ListItem","@id":"https:\/\/allasorias.hu\/hirek\/ki-hogy-velekedik-a-munka-automatizalasarol\/#listItem","name":"Ki hogy v\u00e9lekedik a munka automatiz\u00e1l\u00e1s\u00e1r\u00f3l?"},"previousItem":{"@type":"ListItem","@id":"https:\/\/allasorias.hu\/hirek#listItem","name":"Home"}},{"@type":"ListItem","@id":"https:\/\/allasorias.hu\/hirek\/ki-hogy-velekedik-a-munka-automatizalasarol\/#listItem","position":3,"name":"Ki hogy v\u00e9lekedik a munka automatiz\u00e1l\u00e1s\u00e1r\u00f3l?","previousItem":{"@type":"ListItem","@id":"https:\/\/allasorias.hu\/hirek\/temak\/munkaeropiac\/#listItem","name":"Munkaer\u0151piac"}}]},{"@type":"Organization","@id":"https:\/\/allasorias.hu\/hirek\/#organization","name":"AllasOrias.hu | H\u00edrek-lapszemle","description":"\u00dczleti h\u00edrek az \u00e1ll\u00e1s \u00e9s a munka vil\u00e1g\u00e1b\u00f3l","url":"https:\/\/allasorias.hu\/hirek\/","logo":{"@type":"ImageObject","url":"https:\/\/allasorias.hu\/hirek\/wp-content\/uploads\/2022\/10\/allasorias_site_facebok_logo.png","@id":"https:\/\/allasorias.hu\/hirek\/ki-hogy-velekedik-a-munka-automatizalasarol\/#organizationLogo"},"image":{"@id":"https:\/\/allasorias.hu\/hirek\/ki-hogy-velekedik-a-munka-automatizalasarol\/#organizationLogo"},"sameAs":["https:\/\/www.facebook.com\/allasorias","https:\/\/www.linkedin.com\/company\/allasorias"]},{"@type":"Person","@id":"https:\/\/allasorias.hu\/hirek\/author\/admin-allasorias\/#author","url":"https:\/\/allasorias.hu\/hirek\/author\/admin-allasorias\/","name":"Juh\u00e1sz P\u00e9ter","image":{"@type":"ImageObject","@id":"https:\/\/allasorias.hu\/hirek\/ki-hogy-velekedik-a-munka-automatizalasarol\/#authorImage","url":"https:\/\/secure.gravatar.com\/avatar\/36e6bcb83148978b992977cb0f54d22feb0cce8a0a849a9410532bb2623ba4c6?s=96&d=mm&r=g","width":96,"height":96,"caption":"Juh\u00e1sz P\u00e9ter"}},{"@type":"WebPage","@id":"https:\/\/allasorias.hu\/hirek\/ki-hogy-velekedik-a-munka-automatizalasarol\/#webpage","url":"https:\/\/allasorias.hu\/hirek\/ki-hogy-velekedik-a-munka-automatizalasarol\/","name":"Ki hogy v\u00e9lekedik a munka automatiz\u00e1l\u00e1s\u00e1r\u00f3l? | Allasorias.hu","description":"B\u00e1r sok munkahelyen kezd t\u00e9rt h\u00f3d\u00edtani az automatiz\u00e1l\u00e1s, az egy\u00e9nek a munkaer\u0151piacon elt\u00e9r\u0151en v\u00e9lekednek az egyre terjed\u0151 mesters\u00e9ges intelligenci\u00e1r\u00f3l.","inLanguage":"hu-HU","isPartOf":{"@id":"https:\/\/allasorias.hu\/hirek\/#website"},"breadcrumb":{"@id":"https:\/\/allasorias.hu\/hirek\/ki-hogy-velekedik-a-munka-automatizalasarol\/#breadcrumblist"},"author":{"@id":"https:\/\/allasorias.hu\/hirek\/author\/admin-allasorias\/#author"},"creator":{"@id":"https:\/\/allasorias.hu\/hirek\/author\/admin-allasorias\/#author"},"image":{"@type":"ImageObject","url":"https:\/\/allasorias.hu\/hirek\/wp-content\/uploads\/2023\/07\/munka-automatizalasa.jpg","@id":"https:\/\/allasorias.hu\/hirek\/ki-hogy-velekedik-a-munka-automatizalasarol\/#mainImage","width":1280,"height":606,"caption":"Ki hogy v\u00e9lekedik a munka automatiz\u00e1l\u00e1s\u00e1r\u00f3l? - Allasorias.hu\/Hirek"},"primaryImageOfPage":{"@id":"https:\/\/allasorias.hu\/hirek\/ki-hogy-velekedik-a-munka-automatizalasarol\/#mainImage"},"datePublished":"2023-07-11T10:49:11+02:00","dateModified":"2023-07-11T10:49:11+02:00"},{"@type":"WebSite","@id":"https:\/\/allasorias.hu\/hirek\/#website","url":"https:\/\/allasorias.hu\/hirek\/","name":"AllasOrias.hu | H\u00edrek-lapszemle","description":"\u00dczleti h\u00edrek az \u00e1ll\u00e1s \u00e9s a munka vil\u00e1g\u00e1b\u00f3l","inLanguage":"hu-HU","publisher":{"@id":"https:\/\/allasorias.hu\/hirek\/#organization"}}]},"og:locale":"hu_HU","og:site_name":"AllasOrias.hu | H\u00edrek-lapszemle | \u00dczleti h\u00edrek az \u00e1ll\u00e1s \u00e9s a munka vil\u00e1g\u00e1b\u00f3l","og:type":"article","og:title":"Ki hogy v\u00e9lekedik a munka automatiz\u00e1l\u00e1s\u00e1r\u00f3l? | Allasorias.hu","og:description":"B\u00e1r sok munkahelyen kezd t\u00e9rt h\u00f3d\u00edtani az automatiz\u00e1l\u00e1s, az egy\u00e9nek a munkaer\u0151piacon elt\u00e9r\u0151en v\u00e9lekednek az egyre terjed\u0151 mesters\u00e9ges intelligenci\u00e1r\u00f3l.","og:url":"https:\/\/allasorias.hu\/hirek\/ki-hogy-velekedik-a-munka-automatizalasarol\/","og:image":"https:\/\/allasorias.hu\/hirek\/wp-content\/uploads\/2023\/07\/munka-automatizalasa.jpg","og:image:secure_url":"https:\/\/allasorias.hu\/hirek\/wp-content\/uploads\/2023\/07\/munka-automatizalasa.jpg","og:image:width":1280,"og:image:height":606,"article:published_time":"2023-07-11T10:49:11+00:00","article:modified_time":"2023-07-11T10:49:11+00:00","article:publisher":"https:\/\/www.facebook.com\/allasorias","twitter:card":"summary_large_image","twitter:title":"Ki hogy v\u00e9lekedik a munka automatiz\u00e1l\u00e1s\u00e1r\u00f3l? | Allasorias.hu","twitter:description":"B\u00e1r sok munkahelyen kezd t\u00e9rt h\u00f3d\u00edtani az automatiz\u00e1l\u00e1s, az egy\u00e9nek a munkaer\u0151piacon elt\u00e9r\u0151en v\u00e9lekednek az egyre terjed\u0151 mesters\u00e9ges intelligenci\u00e1r\u00f3l.","twitter:image":"https:\/\/allasorias.hu\/hirek\/wp-content\/uploads\/2023\/07\/munka-automatizalasa.jpg","twitter:label1":"Written by","twitter:data1":"Juh\u00e1sz P\u00e9ter","twitter:label2":"Est. reading time","twitter:data2":"4 minutes"},"aioseo_meta_data":{"post_id":"6624","title":"#post_title | Allasorias.hu","description":"B\u00e1r sok munkahelyen kezd t\u00e9rt h\u00f3d\u00edtani az automatiz\u00e1l\u00e1s, az egy\u00e9nek a munkaer\u0151piacon elt\u00e9r\u0151en v\u00e9lekednek az egyre terjed\u0151 mesters\u00e9ges intelligenci\u00e1r\u00f3l.","keywords":[],"keyphrases":{"focus":{"keyphrase":"","score":0,"analysis":{"keyphraseInTitle":{"score":0,"maxScore":9,"error":1}}},"additional":[]},"primary_term":null,"canonical_url":null,"og_title":null,"og_description":null,"og_object_type":"default","og_image_type":"default","og_image_url":null,"og_image_width":null,"og_image_height":null,"og_image_custom_url":null,"og_image_custom_fields":null,"og_video":"","og_custom_url":null,"og_article_section":null,"og_article_tags":[],"twitter_use_og":true,"twitter_card":"default","twitter_image_type":"default","twitter_image_url":null,"twitter_image_custom_url":null,"twitter_image_custom_fields":null,"twitter_title":null,"twitter_description":null,"schema":{"blockGraphs":[],"customGraphs":[],"default":{"data":{"Article":[],"Course":[],"Dataset":[],"FAQPage":[],"Movie":[],"Person":[],"Product":[],"ProductReview":[],"Car":[],"Recipe":[],"Service":[],"SoftwareApplication":[],"WebPage":[]},"graphName":"Article","isEnabled":true},"graphs":[]},"schema_type":"default","schema_type_options":null,"pillar_content":false,"robots_default":true,"robots_noindex":false,"robots_noarchive":false,"robots_nosnippet":false,"robots_nofollow":false,"robots_noimageindex":false,"robots_noodp":false,"robots_notranslate":false,"robots_max_snippet":"-1","robots_max_videopreview":"-1","robots_max_imagepreview":"large","priority":null,"frequency":"default","location":null,"local_seo":null,"breadcrumb_settings":null,"limit_modified_date":false,"ai":null,"created":"2023-07-11 10:38:05","updated":"2025-10-02 18:50:20","seo_analyzer_scan_date":null,"focus_keyword":null,"additional_keywords":null,"truseo_locale":null},"aioseo_breadcrumb":"<div class=\"aioseo-breadcrumbs\"><span class=\"aioseo-breadcrumb\">\n\t\t\t<a href=\"https:\/\/allasorias.hu\/hirek\" title=\"Home\">Home<\/a>\n\t\t<\/span><span class=\"aioseo-breadcrumb-separator\">&raquo;<\/span><span class=\"aioseo-breadcrumb\">\n\t\t\t<a href=\"https:\/\/allasorias.hu\/hirek\/temak\/munkaeropiac\/\" title=\"Munkaer\u0151piac\">Munkaer\u0151piac<\/a>\n\t\t<\/span><span class=\"aioseo-breadcrumb-separator\">&raquo;<\/span><span class=\"aioseo-breadcrumb\">\n\t\t\tKi hogy v\u00e9lekedik a munka automatiz\u00e1l\u00e1s\u00e1r\u00f3l?\n\t\t<\/span><\/div>","aioseo_breadcrumb_json":[{"label":"Home","link":"https:\/\/allasorias.hu\/hirek"},{"label":"Munkaer\u0151piac","link":"https:\/\/allasorias.hu\/hirek\/temak\/munkaeropiac\/"},{"label":"Ki hogy v\u00e9lekedik a munka automatiz\u00e1l\u00e1s\u00e1r\u00f3l?","link":"https:\/\/allasorias.hu\/hirek\/ki-hogy-velekedik-a-munka-automatizalasarol\/"}],"_links":{"self":[{"href":"https:\/\/allasorias.hu\/hirek\/wp-json\/wp\/v2\/posts\/6624","targetHints":{"allow":["GET"]}}],"collection":[{"href":"https:\/\/allasorias.hu\/hirek\/wp-json\/wp\/v2\/posts"}],"about":[{"href":"https:\/\/allasorias.hu\/hirek\/wp-json\/wp\/v2\/types\/post"}],"author":[{"embeddable":true,"href":"https:\/\/allasorias.hu\/hirek\/wp-json\/wp\/v2\/users\/1"}],"replies":[{"embeddable":true,"href":"https:\/\/allasorias.hu\/hirek\/wp-json\/wp\/v2\/comments?post=6624"}],"version-history":[{"count":1,"href":"https:\/\/allasorias.hu\/hirek\/wp-json\/wp\/v2\/posts\/6624\/revisions"}],"predecessor-version":[{"id":6626,"href":"https:\/\/allasorias.hu\/hirek\/wp-json\/wp\/v2\/posts\/6624\/revisions\/6626"}],"wp:featuredmedia":[{"embeddable":true,"href":"https:\/\/allasorias.hu\/hirek\/wp-json\/wp\/v2\/media\/6625"}],"wp:attachment":[{"href":"https:\/\/allasorias.hu\/hirek\/wp-json\/wp\/v2\/media?parent=6624"}],"wp:term":[{"taxonomy":"category","embeddable":true,"href":"https:\/\/allasorias.hu\/hirek\/wp-json\/wp\/v2\/categories?post=6624"},{"taxonomy":"post_tag","embeddable":true,"href":"https:\/\/allasorias.hu\/hirek\/wp-json\/wp\/v2\/tags?post=6624"}],"curies":[{"name":"wp","href":"https:\/\/api.w.org\/{rel}","templated":true}]}}