{"id":6620,"date":"2023-07-10T09:04:15","date_gmt":"2023-07-10T09:04:15","guid":{"rendered":"https:\/\/allasorias.hu\/hirek\/?p=6620"},"modified":"2025-05-13T15:27:42","modified_gmt":"2025-05-13T13:27:42","slug":"tobb-kulfoldi-munkaerore-lenne-szuksege-a-briteknek","status":"publish","type":"post","link":"https:\/\/allasorias.hu\/hirek\/tobb-kulfoldi-munkaerore-lenne-szuksege-a-briteknek\/","title":{"rendered":"T\u00f6bb k\u00fclf\u00f6ldi munkaer\u0151re lenne sz\u00fcks\u00e9ge a briteknek"},"content":{"rendered":"<p><strong>\u00dagy t\u0171nik, hogy\u00a0 a korl\u00e1toz\u00e1sok nagym\u00e9rt\u00e9kben hatottak a britekn\u00e9l a munkaer\u0151piacra, t\u00f6bb k\u00fclf\u00f6ldi munk\u00e1sra lenne sz\u00fcks\u00e9g\u00fck. Felmer\u00fclt, hogy egyes eur\u00f3pai orsz\u00e1gokkal t\u00e1rgyaljanak a sz\u00fcks\u00e9ges l\u00e9p\u00e9sekr\u0151l.<\/strong><\/p>\n<p>Nagy-Britanni\u00e1nak t\u00f6bb <a href=\"https:\/\/allasorias.hu\/hirek\/egyre-tobb-vallalkozas-foglalkoztat-kulfoldi-munkerot\/\">munkav\u00e1llal\u00f3t<\/a> kellene beengednie az Eur\u00f3pai Uni\u00f3 tagorsz\u00e1gaib\u00f3l &#8211; mondta vas\u00e1rnap megjelent nyilatkozat\u00e1ban a korm\u00e1nyz\u00f3 brit Konzervat\u00edv P\u00e1rt Brexit-t\u00e1bor\u00e1nak egyik befoly\u00e1sos sz\u00f3sz\u00f3l\u00f3ja. Tavaly 460 ezer eur\u00f3pai uni\u00f3s munkav\u00e1llal\u00f3 hi\u00e1nyzott a brit gazdas\u00e1gb\u00f3l a Brexit \u00e9s a koronav\u00edrus-j\u00e1rv\u00e1ny el\u0151tti szintekhez k\u00e9pest. George Eustice als\u00f3h\u00e1zi k\u00e9pvisel\u0151, volt \u00e9lelmez\u00e9si \u00e9s k\u00f6rnyezetv\u00e9delmi miniszter \u2013 aki politikai p\u00e1lyafut\u00e1s\u00e1t a radik\u00e1lisan EU-ellenes UKIP p\u00e1rtban kezdte \u2013 a The Observer c\u00edm\u0171 vas\u00e1rnapi brit lapnak kijelentette: Rishi Sunak minisztereln\u00f6k korm\u00e1ny\u00e1nak azonnali hat\u00e1llyal k\u00e9toldal\u00fa t\u00e1rgyal\u00e1sokat kellene kezdenie az EU-tag\u00e1llamokkal egy olyan meg\u00e1llapod\u00e1sr\u00f3l, amelynek alapj\u00e1n a 35 \u00e9vesn\u00e9l fiatalabb uni\u00f3s \u00e1llampolg\u00e1rok k\u00e9t \u00e9vre sz\u00f3l\u00f3 nagy-britanniai munkav\u00e1llal\u00e1si enged\u00e9lyt kaphatn\u00e1nak.<\/p>\n<p>Eustice elgondol\u00e1sa szerint viszonoss\u00e1gi alapon a 35 \u00e9v alatti brit \u00e1llampolg\u00e1rok is k\u00e9t \u00e9vig \u00e9rv\u00e9nyes leteleped\u00e9si \u00e9s munkav\u00e1llal\u00e1si jogosults\u00e1got kapn\u00e1nak azokban az EU-tag\u00e1llamokban, amelyekkel London ilyen meg\u00e1llapod\u00e1sra jut. Nagy-Britannia 2020. janu\u00e1r 31-\u00e9n t\u00e1vozott az EU-b\u00f3l, miut\u00e1n az uni\u00f3s tags\u00e1gr\u00f3l 2016 nyar\u00e1n rendezett n\u00e9pszavaz\u00e1son a kil\u00e9p\u00e9sre voksol\u00f3k ker\u00fcltek 51,89 sz\u00e1zal\u00e9kos t\u00f6bbs\u00e9gbe. Az uni\u00f3s tags\u00e1g megsz\u0171n\u00e9se (Brexit) ut\u00e1ni 11 h\u00f3napos \u00e1tmeneti id\u0151szak lej\u00e1rt\u00e1val az orsz\u00e1g az EU egys\u00e9ges bels\u0151 piac\u00e1r\u00f3l \u00e9s v\u00e1muni\u00f3j\u00e1b\u00f3l is kil\u00e9pett. A konzervat\u00edv p\u00e1rti brit korm\u00e1ny ugyanis nem k\u00edv\u00e1nta teljes\u00edteni azokat a felt\u00e9teleket \u2013 mindenekel\u0151tt az EU-\u00e1llampolg\u00e1rok szabad nagy-britanniai leteleped\u00e9s\u00e9nek \u00e9s munkav\u00e1llal\u00e1s\u00e1nak jog\u00e1t \u2013, amelyek e k\u00e9t integr\u00e1ci\u00f3s szervez\u0151d\u00e9shez elv\u00e1laszthatatlanul k\u00f6t\u0151dnek.<\/p>\n<h2>\u00daj bev\u00e1ndorl\u00e1si szab\u00e1ly<\/h2>\n<p>London az\u00f3ta \u00faj, pontoz\u00e1sos \u2013 f\u0151leg a szakk\u00e9pzetts\u00e9get \u00e9s az angolnyelv tud\u00e1st el\u0151nyben r\u00e9szes\u00edt\u0151 \u2013 bev\u00e1ndorl\u00e1si szab\u00e1lyoz\u00e1st honos\u00edtott meg, amely nem tesz k\u00fcl\u00f6nbs\u00e9get az EU-b\u00f3l \u00e9s a vil\u00e1g m\u00e1s t\u00e9rs\u00e9geib\u0151l \u00fajonnan \u00e9rkez\u0151k bev\u00e1ndorl\u00e1si \u00e9s munkav\u00e1llal\u00e1si k\u00e9relmeinek elb\u00edr\u00e1l\u00e1sa k\u00f6z\u00f6tt. George Eustice az Observer-interj\u00faban ugyanakkor kijelentette: napr\u00f3l napra egyre vil\u00e1gosabb\u00e1 v\u00e1lik, hogy ez a bev\u00e1ndorl\u00e1si rendszer nem felel meg a brit gazdas\u00e1g ig\u00e9nyeinek, mivel olyan, magasan k\u00e9pzettnek nyilv\u00e1n\u00edtott munkav\u00e1llal\u00f3kat enged be \u2013 k\u00f6zt\u00fck jog\u00e1szokat, cs\u0151dgondnokokat, s\u0151t lemezlovasokat \u2013, akikb\u0151l egy\u00e1ltal\u00e1n nincs hi\u00e1ny a brit munkaer\u0151piacon, ugyanakkor nem jutnak nagy-britanniai munkav\u00e1llal\u00e1si lehet\u0151s\u00e9ghez olyanok, akik s\u00falyos munkaer\u0151hi\u00e1nnyal k\u00fcszk\u00f6d\u0151 szektorokban, p\u00e9ld\u00e1ul az \u00e9lelmiszeriparban dolgozn\u00e1nak.<\/p>\n<p>Eustice kijelentette: javaslata az, hogy a brit korm\u00e1ny kezdjen k\u00e9toldal\u00fa t\u00e1rgyal\u00e1sokat el\u0151sz\u00f6r a kelet-eur\u00f3pai EU-orsz\u00e1gokkal, k\u00f6zt\u00fck Bulg\u00e1ri\u00e1val, Rom\u00e1ni\u00e1val \u00e9s a balti k\u00f6zt\u00e1rsas\u00e1gokkal viszonoss\u00e1gi alapon m\u0171k\u00f6d\u0151, fiataloknak sz\u00f3l\u00f3 v\u00edzummeg\u00e1llapod\u00e1sokr\u00f3l, majd terjessze ki a kezdem\u00e9nyez\u00e9st az Eur\u00f3pai Uni\u00f3 eg\u00e9sz\u00e9re. A brit statisztikai hivatal (ONS) legfrissebb kimutat\u00e1sa szerint tavaly 151 ezren \u00e9rkeztek Nagy-Britanni\u00e1ba az Eur\u00f3pai Uni\u00f3b\u00f3l leteleped\u00e9si \u00e9s munkav\u00e1llal\u00e1si sz\u00e1nd\u00e9kkal, 202 ezer EU-\u00e1llampolg\u00e1r viszont t\u00e1vozott, \u00edgy nett\u00f3 51 ezerrel cs\u00f6kkent 2022-ben a Nagy-Britanni\u00e1ban \u00e9l\u0151 \u00e9s dolgoz\u00f3 uni\u00f3s polg\u00e1rok sz\u00e1ma. A King&#8217;s College London egyetem \u00e9s a Centre for European Reform (CER) nev\u0171, uni\u00f3s elemz\u00e9seket v\u00e9gz\u0151 londoni strat\u00e9giai kutat\u00f3m\u0171hely szak\u00e9rt\u0151inek nemr\u00e9giben ismertetett modellsz\u00e1m\u00edt\u00e1sai alapj\u00e1n tavaly 460 ezer eur\u00f3pai uni\u00f3s munkav\u00e1llal\u00f3 hi\u00e1nyzott a brit gazdas\u00e1gb\u00f3l a Brexit \u00e9s a koronav\u00edrus-j\u00e1rv\u00e1ny el\u0151tti szintekhez k\u00e9pest.<\/p>\n<p>Forr\u00e1s: <a href=\"https:\/\/www.napi.hu\/gazdasag\/brexit-munkerohiany-rishi-sunak-targyalas.773873.html\" target=\"_blank\" rel=\"nofollow noopener noreferrer\">napi.hu<\/a><\/p>\n","protected":false},"excerpt":{"rendered":"<p>\u00dagy t\u0171nik, hogy\u00a0 a korl\u00e1toz\u00e1sok nagym\u00e9rt\u00e9kben hatottak a britekn\u00e9l a munkaer\u0151piacra, t\u00f6bb k\u00fclf\u00f6ldi munk\u00e1sra lenne sz\u00fcks\u00e9g\u00fck. Felmer\u00fclt, hogy egyes eur\u00f3pai orsz\u00e1gokkal t\u00e1rgyaljanak a sz\u00fcks\u00e9ges l\u00e9p\u00e9sekr\u0151l. Nagy-Britanni\u00e1nak t\u00f6bb munkav\u00e1llal\u00f3t kellene beengednie az Eur\u00f3pai Uni\u00f3 tagorsz\u00e1gaib\u00f3l &#8211; mondta vas\u00e1rnap megjelent nyilatkozat\u00e1ban a korm\u00e1nyz\u00f3 brit Konzervat\u00edv P\u00e1rt Brexit-t\u00e1bor\u00e1nak egyik befoly\u00e1sos sz\u00f3sz\u00f3l\u00f3ja. Tavaly 460 ezer eur\u00f3pai uni\u00f3s munkav\u00e1llal\u00f3 hi\u00e1nyzott [&hellip;]<\/p>\n","protected":false},"author":1,"featured_media":6621,"comment_status":"closed","ping_status":"closed","sticky":false,"template":"","format":"standard","meta":{"_monsterinsights_skip_tracking":false,"footnotes":""},"categories":[201],"tags":[558,536],"class_list":["post-6620","post","type-post","status-publish","format-standard","has-post-thumbnail","hentry","category-kulfold","tag-britek","tag-kulfoldi-munkaero"],"aioseo_notices":[],"aioseo_head":"\n\t\t<!-- All in One SEO 5.0.0.1 - aioseo.com -->\n\t<meta name=\"description\" content=\"\u00dagy t\u0171nik, hogy a korl\u00e1toz\u00e1sok nagym\u00e9rt\u00e9kben hatottak a britekn\u00e9l a munkaer\u0151piacra, t\u00f6bb k\u00fclf\u00f6ldi munk\u00e1sra lenne sz\u00fcks\u00e9g\u00fck.\" \/>\n\t<meta name=\"robots\" content=\"max-image-preview:large\" \/>\n\t<meta name=\"author\" content=\"Juh\u00e1sz P\u00e9ter\"\/>\n\t<meta name=\"keywords\" content=\"britek,k\u00fclf\u00f6ldi munkaer\u0151\" \/>\n\t<link rel=\"canonical\" href=\"https:\/\/allasorias.hu\/hirek\/tobb-kulfoldi-munkaerore-lenne-szuksege-a-briteknek\/\" \/>\n\t<meta name=\"generator\" content=\"All in One SEO (AIOSEO) 5.0.0.1\" \/>\n\t\t<meta property=\"og:locale\" content=\"hu_HU\" \/>\n\t\t<meta property=\"og:site_name\" content=\"AllasOrias.hu | H\u00edrek-lapszemle | \u00dczleti h\u00edrek az \u00e1ll\u00e1s \u00e9s a munka vil\u00e1g\u00e1b\u00f3l\" \/>\n\t\t<meta property=\"og:type\" content=\"article\" \/>\n\t\t<meta property=\"og:title\" content=\"A britek t\u00f6bb k\u00fclf\u00f6ldi munk\u00e1st is keresnek\" \/>\n\t\t<meta property=\"og:description\" content=\"\u00dagy t\u0171nik, hogy a korl\u00e1toz\u00e1sok nagym\u00e9rt\u00e9kben hatottak a britekn\u00e9l a munkaer\u0151piacra, t\u00f6bb k\u00fclf\u00f6ldi munk\u00e1sra lenne sz\u00fcks\u00e9g\u00fck.\" \/>\n\t\t<meta property=\"og:url\" content=\"https:\/\/allasorias.hu\/hirek\/tobb-kulfoldi-munkaerore-lenne-szuksege-a-briteknek\/\" \/>\n\t\t<meta property=\"og:image\" content=\"https:\/\/allasorias.hu\/hirek\/wp-content\/uploads\/2023\/07\/kulfoldi-munkaero-briteknel.jpg\" \/>\n\t\t<meta property=\"og:image:secure_url\" content=\"https:\/\/allasorias.hu\/hirek\/wp-content\/uploads\/2023\/07\/kulfoldi-munkaero-briteknel.jpg\" \/>\n\t\t<meta property=\"og:image:width\" content=\"1280\" \/>\n\t\t<meta property=\"og:image:height\" content=\"765\" \/>\n\t\t<meta property=\"article:published_time\" content=\"2023-07-10T09:04:15+00:00\" \/>\n\t\t<meta property=\"article:modified_time\" content=\"2025-05-13T13:27:42+00:00\" \/>\n\t\t<meta property=\"article:publisher\" content=\"https:\/\/www.facebook.com\/allasorias\" \/>\n\t\t<meta name=\"twitter:card\" content=\"summary_large_image\" \/>\n\t\t<meta name=\"twitter:title\" content=\"A britek t\u00f6bb k\u00fclf\u00f6ldi munk\u00e1st is keresnek\" \/>\n\t\t<meta name=\"twitter:description\" content=\"\u00dagy t\u0171nik, hogy a korl\u00e1toz\u00e1sok nagym\u00e9rt\u00e9kben hatottak a britekn\u00e9l a munkaer\u0151piacra, t\u00f6bb k\u00fclf\u00f6ldi munk\u00e1sra lenne sz\u00fcks\u00e9g\u00fck.\" \/>\n\t\t<meta name=\"twitter:image\" content=\"https:\/\/allasorias.hu\/hirek\/wp-content\/uploads\/2023\/07\/kulfoldi-munkaero-briteknel.jpg\" \/>\n\t\t<meta name=\"twitter:label1\" content=\"Written by\" \/>\n\t\t<meta name=\"twitter:data1\" content=\"Juh\u00e1sz P\u00e9ter\" \/>\n\t\t<meta name=\"twitter:label2\" content=\"Est. reading time\" \/>\n\t\t<meta name=\"twitter:data2\" content=\"4 minutes\" \/>\n\t\t<script type=\"application\/ld+json\" class=\"aioseo-schema\">\n\t\t\t{\"@context\":\"https:\\\/\\\/schema.org\",\"@graph\":[{\"@type\":\"Article\",\"@id\":\"https:\\\/\\\/allasorias.hu\\\/hirek\\\/tobb-kulfoldi-munkaerore-lenne-szuksege-a-briteknek\\\/#article\",\"name\":\"A britek t\\u00f6bb k\\u00fclf\\u00f6ldi munk\\u00e1st is keresnek\",\"headline\":\"T\\u00f6bb k\\u00fclf\\u00f6ldi munkaer\\u0151re lenne sz\\u00fcks\\u00e9ge a briteknek\",\"author\":{\"@id\":\"https:\\\/\\\/allasorias.hu\\\/hirek\\\/author\\\/admin-allasorias\\\/#author\"},\"publisher\":{\"@id\":\"https:\\\/\\\/allasorias.hu\\\/hirek\\\/#organization\"},\"image\":{\"@type\":\"ImageObject\",\"url\":\"https:\\\/\\\/allasorias.hu\\\/hirek\\\/wp-content\\\/uploads\\\/2023\\\/07\\\/kulfoldi-munkaero-briteknel.jpg\",\"width\":1280,\"height\":765,\"caption\":\"T\\u00f6bb k\\u00fclf\\u00f6ldi munkaer\\u0151re lenne sz\\u00fcks\\u00e9ge a briteknek - Allasorias.hu\\\/Hirek\"},\"datePublished\":\"2023-07-10T09:04:15+02:00\",\"dateModified\":\"2025-05-13T15:27:42+02:00\",\"inLanguage\":\"hu-HU\",\"mainEntityOfPage\":{\"@id\":\"https:\\\/\\\/allasorias.hu\\\/hirek\\\/tobb-kulfoldi-munkaerore-lenne-szuksege-a-briteknek\\\/#webpage\"},\"isPartOf\":{\"@id\":\"https:\\\/\\\/allasorias.hu\\\/hirek\\\/tobb-kulfoldi-munkaerore-lenne-szuksege-a-briteknek\\\/#webpage\"},\"articleSection\":\"K\\u00fclf\\u00f6ld, britek, k\\u00fclf\\u00f6ldi munkaer\\u0151\"},{\"@type\":\"BreadcrumbList\",\"@id\":\"https:\\\/\\\/allasorias.hu\\\/hirek\\\/tobb-kulfoldi-munkaerore-lenne-szuksege-a-briteknek\\\/#breadcrumblist\",\"itemListElement\":[{\"@type\":\"ListItem\",\"@id\":\"https:\\\/\\\/allasorias.hu\\\/hirek#listItem\",\"position\":1,\"name\":\"Home\",\"item\":\"https:\\\/\\\/allasorias.hu\\\/hirek\",\"nextItem\":{\"@type\":\"ListItem\",\"@id\":\"https:\\\/\\\/allasorias.hu\\\/hirek\\\/temak\\\/kulfold\\\/#listItem\",\"name\":\"K\\u00fclf\\u00f6ld\"}},{\"@type\":\"ListItem\",\"@id\":\"https:\\\/\\\/allasorias.hu\\\/hirek\\\/temak\\\/kulfold\\\/#listItem\",\"position\":2,\"name\":\"K\\u00fclf\\u00f6ld\",\"item\":\"https:\\\/\\\/allasorias.hu\\\/hirek\\\/temak\\\/kulfold\\\/\",\"nextItem\":{\"@type\":\"ListItem\",\"@id\":\"https:\\\/\\\/allasorias.hu\\\/hirek\\\/tobb-kulfoldi-munkaerore-lenne-szuksege-a-briteknek\\\/#listItem\",\"name\":\"T\\u00f6bb k\\u00fclf\\u00f6ldi munkaer\\u0151re lenne sz\\u00fcks\\u00e9ge a briteknek\"},\"previousItem\":{\"@type\":\"ListItem\",\"@id\":\"https:\\\/\\\/allasorias.hu\\\/hirek#listItem\",\"name\":\"Home\"}},{\"@type\":\"ListItem\",\"@id\":\"https:\\\/\\\/allasorias.hu\\\/hirek\\\/tobb-kulfoldi-munkaerore-lenne-szuksege-a-briteknek\\\/#listItem\",\"position\":3,\"name\":\"T\\u00f6bb k\\u00fclf\\u00f6ldi munkaer\\u0151re lenne sz\\u00fcks\\u00e9ge a briteknek\",\"previousItem\":{\"@type\":\"ListItem\",\"@id\":\"https:\\\/\\\/allasorias.hu\\\/hirek\\\/temak\\\/kulfold\\\/#listItem\",\"name\":\"K\\u00fclf\\u00f6ld\"}}]},{\"@type\":\"Organization\",\"@id\":\"https:\\\/\\\/allasorias.hu\\\/hirek\\\/#organization\",\"name\":\"AllasOrias.hu | H\\u00edrek-lapszemle\",\"description\":\"\\u00dczleti h\\u00edrek az \\u00e1ll\\u00e1s \\u00e9s a munka vil\\u00e1g\\u00e1b\\u00f3l\",\"url\":\"https:\\\/\\\/allasorias.hu\\\/hirek\\\/\",\"logo\":{\"@type\":\"ImageObject\",\"url\":\"https:\\\/\\\/allasorias.hu\\\/hirek\\\/wp-content\\\/uploads\\\/2022\\\/10\\\/allasorias_site_facebok_logo.png\",\"@id\":\"https:\\\/\\\/allasorias.hu\\\/hirek\\\/tobb-kulfoldi-munkaerore-lenne-szuksege-a-briteknek\\\/#organizationLogo\"},\"image\":{\"@id\":\"https:\\\/\\\/allasorias.hu\\\/hirek\\\/tobb-kulfoldi-munkaerore-lenne-szuksege-a-briteknek\\\/#organizationLogo\"},\"sameAs\":[\"https:\\\/\\\/www.facebook.com\\\/allasorias\",\"https:\\\/\\\/www.linkedin.com\\\/company\\\/allasorias\"]},{\"@type\":\"Person\",\"@id\":\"https:\\\/\\\/allasorias.hu\\\/hirek\\\/author\\\/admin-allasorias\\\/#author\",\"url\":\"https:\\\/\\\/allasorias.hu\\\/hirek\\\/author\\\/admin-allasorias\\\/\",\"name\":\"Juh\\u00e1sz P\\u00e9ter\",\"image\":{\"@type\":\"ImageObject\",\"@id\":\"https:\\\/\\\/allasorias.hu\\\/hirek\\\/tobb-kulfoldi-munkaerore-lenne-szuksege-a-briteknek\\\/#authorImage\",\"url\":\"https:\\\/\\\/secure.gravatar.com\\\/avatar\\\/36e6bcb83148978b992977cb0f54d22feb0cce8a0a849a9410532bb2623ba4c6?s=96&d=mm&r=g\",\"width\":96,\"height\":96,\"caption\":\"Juh\\u00e1sz P\\u00e9ter\"}},{\"@type\":\"WebPage\",\"@id\":\"https:\\\/\\\/allasorias.hu\\\/hirek\\\/tobb-kulfoldi-munkaerore-lenne-szuksege-a-briteknek\\\/#webpage\",\"url\":\"https:\\\/\\\/allasorias.hu\\\/hirek\\\/tobb-kulfoldi-munkaerore-lenne-szuksege-a-briteknek\\\/\",\"name\":\"A britek t\\u00f6bb k\\u00fclf\\u00f6ldi munk\\u00e1st is keresnek\",\"description\":\"\\u00dagy t\\u0171nik, hogy a korl\\u00e1toz\\u00e1sok nagym\\u00e9rt\\u00e9kben hatottak a britekn\\u00e9l a munkaer\\u0151piacra, t\\u00f6bb k\\u00fclf\\u00f6ldi munk\\u00e1sra lenne sz\\u00fcks\\u00e9g\\u00fck.\",\"inLanguage\":\"hu-HU\",\"isPartOf\":{\"@id\":\"https:\\\/\\\/allasorias.hu\\\/hirek\\\/#website\"},\"breadcrumb\":{\"@id\":\"https:\\\/\\\/allasorias.hu\\\/hirek\\\/tobb-kulfoldi-munkaerore-lenne-szuksege-a-briteknek\\\/#breadcrumblist\"},\"author\":{\"@id\":\"https:\\\/\\\/allasorias.hu\\\/hirek\\\/author\\\/admin-allasorias\\\/#author\"},\"creator\":{\"@id\":\"https:\\\/\\\/allasorias.hu\\\/hirek\\\/author\\\/admin-allasorias\\\/#author\"},\"image\":{\"@type\":\"ImageObject\",\"url\":\"https:\\\/\\\/allasorias.hu\\\/hirek\\\/wp-content\\\/uploads\\\/2023\\\/07\\\/kulfoldi-munkaero-briteknel.jpg\",\"@id\":\"https:\\\/\\\/allasorias.hu\\\/hirek\\\/tobb-kulfoldi-munkaerore-lenne-szuksege-a-briteknek\\\/#mainImage\",\"width\":1280,\"height\":765,\"caption\":\"T\\u00f6bb k\\u00fclf\\u00f6ldi munkaer\\u0151re lenne sz\\u00fcks\\u00e9ge a briteknek - Allasorias.hu\\\/Hirek\"},\"primaryImageOfPage\":{\"@id\":\"https:\\\/\\\/allasorias.hu\\\/hirek\\\/tobb-kulfoldi-munkaerore-lenne-szuksege-a-briteknek\\\/#mainImage\"},\"datePublished\":\"2023-07-10T09:04:15+02:00\",\"dateModified\":\"2025-05-13T15:27:42+02:00\"},{\"@type\":\"WebSite\",\"@id\":\"https:\\\/\\\/allasorias.hu\\\/hirek\\\/#website\",\"url\":\"https:\\\/\\\/allasorias.hu\\\/hirek\\\/\",\"name\":\"AllasOrias.hu | H\\u00edrek-lapszemle\",\"description\":\"\\u00dczleti h\\u00edrek az \\u00e1ll\\u00e1s \\u00e9s a munka vil\\u00e1g\\u00e1b\\u00f3l\",\"inLanguage\":\"hu-HU\",\"publisher\":{\"@id\":\"https:\\\/\\\/allasorias.hu\\\/hirek\\\/#organization\"}}]}\n\t\t<\/script>\n\t\t<!-- All in One SEO -->\n\n","aioseo_head_json":{"title":"A britek t\u00f6bb k\u00fclf\u00f6ldi munk\u00e1st is keresnek","description":"\u00dagy t\u0171nik, hogy a korl\u00e1toz\u00e1sok nagym\u00e9rt\u00e9kben hatottak a britekn\u00e9l a munkaer\u0151piacra, t\u00f6bb k\u00fclf\u00f6ldi munk\u00e1sra lenne sz\u00fcks\u00e9g\u00fck.","canonical_url":"https:\/\/allasorias.hu\/hirek\/tobb-kulfoldi-munkaerore-lenne-szuksege-a-briteknek\/","robots":"max-image-preview:large","keywords":"britek,k\u00fclf\u00f6ldi munkaer\u0151","webmasterTools":{"miscellaneous":""},"schema":{"@context":"https:\/\/schema.org","@graph":[{"@type":"Article","@id":"https:\/\/allasorias.hu\/hirek\/tobb-kulfoldi-munkaerore-lenne-szuksege-a-briteknek\/#article","name":"A britek t\u00f6bb k\u00fclf\u00f6ldi munk\u00e1st is keresnek","headline":"T\u00f6bb k\u00fclf\u00f6ldi munkaer\u0151re lenne sz\u00fcks\u00e9ge a briteknek","author":{"@id":"https:\/\/allasorias.hu\/hirek\/author\/admin-allasorias\/#author"},"publisher":{"@id":"https:\/\/allasorias.hu\/hirek\/#organization"},"image":{"@type":"ImageObject","url":"https:\/\/allasorias.hu\/hirek\/wp-content\/uploads\/2023\/07\/kulfoldi-munkaero-briteknel.jpg","width":1280,"height":765,"caption":"T\u00f6bb k\u00fclf\u00f6ldi munkaer\u0151re lenne sz\u00fcks\u00e9ge a briteknek - Allasorias.hu\/Hirek"},"datePublished":"2023-07-10T09:04:15+02:00","dateModified":"2025-05-13T15:27:42+02:00","inLanguage":"hu-HU","mainEntityOfPage":{"@id":"https:\/\/allasorias.hu\/hirek\/tobb-kulfoldi-munkaerore-lenne-szuksege-a-briteknek\/#webpage"},"isPartOf":{"@id":"https:\/\/allasorias.hu\/hirek\/tobb-kulfoldi-munkaerore-lenne-szuksege-a-briteknek\/#webpage"},"articleSection":"K\u00fclf\u00f6ld, britek, k\u00fclf\u00f6ldi munkaer\u0151"},{"@type":"BreadcrumbList","@id":"https:\/\/allasorias.hu\/hirek\/tobb-kulfoldi-munkaerore-lenne-szuksege-a-briteknek\/#breadcrumblist","itemListElement":[{"@type":"ListItem","@id":"https:\/\/allasorias.hu\/hirek#listItem","position":1,"name":"Home","item":"https:\/\/allasorias.hu\/hirek","nextItem":{"@type":"ListItem","@id":"https:\/\/allasorias.hu\/hirek\/temak\/kulfold\/#listItem","name":"K\u00fclf\u00f6ld"}},{"@type":"ListItem","@id":"https:\/\/allasorias.hu\/hirek\/temak\/kulfold\/#listItem","position":2,"name":"K\u00fclf\u00f6ld","item":"https:\/\/allasorias.hu\/hirek\/temak\/kulfold\/","nextItem":{"@type":"ListItem","@id":"https:\/\/allasorias.hu\/hirek\/tobb-kulfoldi-munkaerore-lenne-szuksege-a-briteknek\/#listItem","name":"T\u00f6bb k\u00fclf\u00f6ldi munkaer\u0151re lenne sz\u00fcks\u00e9ge a briteknek"},"previousItem":{"@type":"ListItem","@id":"https:\/\/allasorias.hu\/hirek#listItem","name":"Home"}},{"@type":"ListItem","@id":"https:\/\/allasorias.hu\/hirek\/tobb-kulfoldi-munkaerore-lenne-szuksege-a-briteknek\/#listItem","position":3,"name":"T\u00f6bb k\u00fclf\u00f6ldi munkaer\u0151re lenne sz\u00fcks\u00e9ge a briteknek","previousItem":{"@type":"ListItem","@id":"https:\/\/allasorias.hu\/hirek\/temak\/kulfold\/#listItem","name":"K\u00fclf\u00f6ld"}}]},{"@type":"Organization","@id":"https:\/\/allasorias.hu\/hirek\/#organization","name":"AllasOrias.hu | H\u00edrek-lapszemle","description":"\u00dczleti h\u00edrek az \u00e1ll\u00e1s \u00e9s a munka vil\u00e1g\u00e1b\u00f3l","url":"https:\/\/allasorias.hu\/hirek\/","logo":{"@type":"ImageObject","url":"https:\/\/allasorias.hu\/hirek\/wp-content\/uploads\/2022\/10\/allasorias_site_facebok_logo.png","@id":"https:\/\/allasorias.hu\/hirek\/tobb-kulfoldi-munkaerore-lenne-szuksege-a-briteknek\/#organizationLogo"},"image":{"@id":"https:\/\/allasorias.hu\/hirek\/tobb-kulfoldi-munkaerore-lenne-szuksege-a-briteknek\/#organizationLogo"},"sameAs":["https:\/\/www.facebook.com\/allasorias","https:\/\/www.linkedin.com\/company\/allasorias"]},{"@type":"Person","@id":"https:\/\/allasorias.hu\/hirek\/author\/admin-allasorias\/#author","url":"https:\/\/allasorias.hu\/hirek\/author\/admin-allasorias\/","name":"Juh\u00e1sz P\u00e9ter","image":{"@type":"ImageObject","@id":"https:\/\/allasorias.hu\/hirek\/tobb-kulfoldi-munkaerore-lenne-szuksege-a-briteknek\/#authorImage","url":"https:\/\/secure.gravatar.com\/avatar\/36e6bcb83148978b992977cb0f54d22feb0cce8a0a849a9410532bb2623ba4c6?s=96&d=mm&r=g","width":96,"height":96,"caption":"Juh\u00e1sz P\u00e9ter"}},{"@type":"WebPage","@id":"https:\/\/allasorias.hu\/hirek\/tobb-kulfoldi-munkaerore-lenne-szuksege-a-briteknek\/#webpage","url":"https:\/\/allasorias.hu\/hirek\/tobb-kulfoldi-munkaerore-lenne-szuksege-a-briteknek\/","name":"A britek t\u00f6bb k\u00fclf\u00f6ldi munk\u00e1st is keresnek","description":"\u00dagy t\u0171nik, hogy a korl\u00e1toz\u00e1sok nagym\u00e9rt\u00e9kben hatottak a britekn\u00e9l a munkaer\u0151piacra, t\u00f6bb k\u00fclf\u00f6ldi munk\u00e1sra lenne sz\u00fcks\u00e9g\u00fck.","inLanguage":"hu-HU","isPartOf":{"@id":"https:\/\/allasorias.hu\/hirek\/#website"},"breadcrumb":{"@id":"https:\/\/allasorias.hu\/hirek\/tobb-kulfoldi-munkaerore-lenne-szuksege-a-briteknek\/#breadcrumblist"},"author":{"@id":"https:\/\/allasorias.hu\/hirek\/author\/admin-allasorias\/#author"},"creator":{"@id":"https:\/\/allasorias.hu\/hirek\/author\/admin-allasorias\/#author"},"image":{"@type":"ImageObject","url":"https:\/\/allasorias.hu\/hirek\/wp-content\/uploads\/2023\/07\/kulfoldi-munkaero-briteknel.jpg","@id":"https:\/\/allasorias.hu\/hirek\/tobb-kulfoldi-munkaerore-lenne-szuksege-a-briteknek\/#mainImage","width":1280,"height":765,"caption":"T\u00f6bb k\u00fclf\u00f6ldi munkaer\u0151re lenne sz\u00fcks\u00e9ge a briteknek - Allasorias.hu\/Hirek"},"primaryImageOfPage":{"@id":"https:\/\/allasorias.hu\/hirek\/tobb-kulfoldi-munkaerore-lenne-szuksege-a-briteknek\/#mainImage"},"datePublished":"2023-07-10T09:04:15+02:00","dateModified":"2025-05-13T15:27:42+02:00"},{"@type":"WebSite","@id":"https:\/\/allasorias.hu\/hirek\/#website","url":"https:\/\/allasorias.hu\/hirek\/","name":"AllasOrias.hu | H\u00edrek-lapszemle","description":"\u00dczleti h\u00edrek az \u00e1ll\u00e1s \u00e9s a munka vil\u00e1g\u00e1b\u00f3l","inLanguage":"hu-HU","publisher":{"@id":"https:\/\/allasorias.hu\/hirek\/#organization"}}]},"og:locale":"hu_HU","og:site_name":"AllasOrias.hu | H\u00edrek-lapszemle | \u00dczleti h\u00edrek az \u00e1ll\u00e1s \u00e9s a munka vil\u00e1g\u00e1b\u00f3l","og:type":"article","og:title":"A britek t\u00f6bb k\u00fclf\u00f6ldi munk\u00e1st is keresnek","og:description":"\u00dagy t\u0171nik, hogy a korl\u00e1toz\u00e1sok nagym\u00e9rt\u00e9kben hatottak a britekn\u00e9l a munkaer\u0151piacra, t\u00f6bb k\u00fclf\u00f6ldi munk\u00e1sra lenne sz\u00fcks\u00e9g\u00fck.","og:url":"https:\/\/allasorias.hu\/hirek\/tobb-kulfoldi-munkaerore-lenne-szuksege-a-briteknek\/","og:image":"https:\/\/allasorias.hu\/hirek\/wp-content\/uploads\/2023\/07\/kulfoldi-munkaero-briteknel.jpg","og:image:secure_url":"https:\/\/allasorias.hu\/hirek\/wp-content\/uploads\/2023\/07\/kulfoldi-munkaero-briteknel.jpg","og:image:width":1280,"og:image:height":765,"article:published_time":"2023-07-10T09:04:15+00:00","article:modified_time":"2025-05-13T13:27:42+00:00","article:publisher":"https:\/\/www.facebook.com\/allasorias","twitter:card":"summary_large_image","twitter:title":"A britek t\u00f6bb k\u00fclf\u00f6ldi munk\u00e1st is keresnek","twitter:description":"\u00dagy t\u0171nik, hogy a korl\u00e1toz\u00e1sok nagym\u00e9rt\u00e9kben hatottak a britekn\u00e9l a munkaer\u0151piacra, t\u00f6bb k\u00fclf\u00f6ldi munk\u00e1sra lenne sz\u00fcks\u00e9g\u00fck.","twitter:image":"https:\/\/allasorias.hu\/hirek\/wp-content\/uploads\/2023\/07\/kulfoldi-munkaero-briteknel.jpg","twitter:label1":"Written by","twitter:data1":"Juh\u00e1sz P\u00e9ter","twitter:label2":"Est. reading time","twitter:data2":"4 minutes"},"aioseo_meta_data":{"post_id":"6620","title":"A britek t\u00f6bb k\u00fclf\u00f6ldi munk\u00e1st is keresnek","description":"\u00dagy t\u0171nik, hogy a korl\u00e1toz\u00e1sok nagym\u00e9rt\u00e9kben hatottak a britekn\u00e9l a munkaer\u0151piacra, t\u00f6bb k\u00fclf\u00f6ldi munk\u00e1sra lenne sz\u00fcks\u00e9g\u00fck.","keywords":null,"keyphrases":{"focus":{"keyphrase":"","score":0,"analysis":{"keyphraseInTitle":{"score":0,"maxScore":9,"error":1}}},"additional":[]},"primary_term":null,"canonical_url":null,"og_title":null,"og_description":null,"og_object_type":"default","og_image_type":"default","og_image_url":null,"og_image_width":null,"og_image_height":null,"og_image_custom_url":null,"og_image_custom_fields":null,"og_video":"","og_custom_url":null,"og_article_section":null,"og_article_tags":null,"twitter_use_og":true,"twitter_card":"default","twitter_image_type":"default","twitter_image_url":null,"twitter_image_custom_url":null,"twitter_image_custom_fields":null,"twitter_title":null,"twitter_description":null,"schema":{"blockGraphs":[],"customGraphs":[],"default":{"data":{"Article":[],"Course":[],"Dataset":[],"FAQPage":[],"Movie":[],"Person":[],"Product":[],"ProductReview":[],"Car":[],"Recipe":[],"Service":[],"SoftwareApplication":[],"WebPage":[]},"graphName":"Article","isEnabled":true},"graphs":[]},"schema_type":"default","schema_type_options":null,"pillar_content":false,"robots_default":true,"robots_noindex":false,"robots_noarchive":false,"robots_nosnippet":false,"robots_nofollow":false,"robots_noimageindex":false,"robots_noodp":false,"robots_notranslate":false,"robots_max_snippet":"-1","robots_max_videopreview":"-1","robots_max_imagepreview":"large","priority":null,"frequency":"default","location":null,"local_seo":null,"breadcrumb_settings":null,"limit_modified_date":false,"ai":null,"created":"2023-07-10 08:33:51","updated":"2025-10-02 18:50:20","seo_analyzer_scan_date":null,"focus_keyword":null,"additional_keywords":null,"truseo_locale":null},"aioseo_breadcrumb":"<div class=\"aioseo-breadcrumbs\"><span class=\"aioseo-breadcrumb\">\n\t\t\t<a href=\"https:\/\/allasorias.hu\/hirek\" title=\"Home\">Home<\/a>\n\t\t<\/span><span class=\"aioseo-breadcrumb-separator\">&raquo;<\/span><span class=\"aioseo-breadcrumb\">\n\t\t\t<a href=\"https:\/\/allasorias.hu\/hirek\/temak\/kulfold\/\" title=\"K\u00fclf\u00f6ld\">K\u00fclf\u00f6ld<\/a>\n\t\t<\/span><span class=\"aioseo-breadcrumb-separator\">&raquo;<\/span><span class=\"aioseo-breadcrumb\">\n\t\t\tT\u00f6bb k\u00fclf\u00f6ldi munkaer\u0151re lenne sz\u00fcks\u00e9ge a briteknek\n\t\t<\/span><\/div>","aioseo_breadcrumb_json":[{"label":"Home","link":"https:\/\/allasorias.hu\/hirek"},{"label":"K\u00fclf\u00f6ld","link":"https:\/\/allasorias.hu\/hirek\/temak\/kulfold\/"},{"label":"T\u00f6bb k\u00fclf\u00f6ldi munkaer\u0151re lenne sz\u00fcks\u00e9ge a briteknek","link":"https:\/\/allasorias.hu\/hirek\/tobb-kulfoldi-munkaerore-lenne-szuksege-a-briteknek\/"}],"_links":{"self":[{"href":"https:\/\/allasorias.hu\/hirek\/wp-json\/wp\/v2\/posts\/6620","targetHints":{"allow":["GET"]}}],"collection":[{"href":"https:\/\/allasorias.hu\/hirek\/wp-json\/wp\/v2\/posts"}],"about":[{"href":"https:\/\/allasorias.hu\/hirek\/wp-json\/wp\/v2\/types\/post"}],"author":[{"embeddable":true,"href":"https:\/\/allasorias.hu\/hirek\/wp-json\/wp\/v2\/users\/1"}],"replies":[{"embeddable":true,"href":"https:\/\/allasorias.hu\/hirek\/wp-json\/wp\/v2\/comments?post=6620"}],"version-history":[{"count":1,"href":"https:\/\/allasorias.hu\/hirek\/wp-json\/wp\/v2\/posts\/6620\/revisions"}],"predecessor-version":[{"id":6622,"href":"https:\/\/allasorias.hu\/hirek\/wp-json\/wp\/v2\/posts\/6620\/revisions\/6622"}],"wp:featuredmedia":[{"embeddable":true,"href":"https:\/\/allasorias.hu\/hirek\/wp-json\/wp\/v2\/media\/6621"}],"wp:attachment":[{"href":"https:\/\/allasorias.hu\/hirek\/wp-json\/wp\/v2\/media?parent=6620"}],"wp:term":[{"taxonomy":"category","embeddable":true,"href":"https:\/\/allasorias.hu\/hirek\/wp-json\/wp\/v2\/categories?post=6620"},{"taxonomy":"post_tag","embeddable":true,"href":"https:\/\/allasorias.hu\/hirek\/wp-json\/wp\/v2\/tags?post=6620"}],"curies":[{"name":"wp","href":"https:\/\/api.w.org\/{rel}","templated":true}]}}