{"id":6617,"date":"2023-07-07T07:41:56","date_gmt":"2023-07-07T07:41:56","guid":{"rendered":"https:\/\/allasorias.hu\/hirek\/?p=6617"},"modified":"2023-07-07T07:41:56","modified_gmt":"2023-07-07T07:41:56","slug":"novelik-az-iskolaorok-szamat","status":"publish","type":"post","link":"https:\/\/allasorias.hu\/hirek\/novelik-az-iskolaorok-szamat\/","title":{"rendered":"N\u00f6velik az iskola\u0151r\u00f6k sz\u00e1m\u00e1t"},"content":{"rendered":"<p><strong>Nagy vit\u00e1t v\u00e1ltott ki, amikor bevezett\u00e9k az iskola\u0151ri szolg\u00e1latot, most azonban \u00fagy t\u0171nik l\u00e9tsz\u00e1mb\u0151v\u00edt\u00e9st tervez a korm\u00e1ny. A b\u0151v\u00edt\u00e9st a bel\u00fcgyminiszt\u00e9rium hajtja v\u00e9gre.<\/strong><\/p>\n<p>Kis h\u00edj\u00e1n 300 f\u0151vel emeln\u00e9 a korm\u00e1ny az iskola\u0151ri \u00e1llom\u00e1nyt egy \u00faj hat\u00e1rozat \u00e9rtelm\u00e9ben. Mik\u00f6zben a tan\u00e1rok nagy sz\u00e1mban mondanak fel a kedden megszavazott st\u00e1tust\u00f6rv\u00e9ny miatt, Orb\u00e1n Viktor kabinetje 295 f\u0151vel n\u00f6veli az iskola\u0151ri \u00e1llom\u00e1nyt egy cs\u00fct\u00f6rt\u00f6k este k\u00f6zz\u00e9tett korm\u00e1nyhat\u00e1rozat \u00e9rtelm\u00e9ben. A l\u00e9p\u00e9sre, mint a hat\u00e1rozatban fogalmaznak, az iskola\u0151ri feladatok \u201cell\u00e1t\u00e1s\u00e1nak hat\u00e9konyabb\u00e1 t\u00e9tele \u00e9rdek\u00e9ben\u201d van sz\u00fcks\u00e9g. Mindehhez p\u00e9nzeszk\u00f6zt is rendelnek, \u00edgy a p\u00e9nz\u00fcgyminiszternek 654 557 502 forintnyi pluszforr\u00e1st kell biztos\u00edtania (amib\u0151l 475 015 785 forintot az \u00faj \u0151r\u00f6k b\u00e9r\u00e9re k\u00f6ltenek) az idei, illetve \u00f6sszesen 1 263 556 258 forintot a j\u00f6v\u0151 \u00e9vi k\u00f6lts\u00e9gvet\u00e9sb\u0151l. A bel\u00fcgyminiszter pedig a l\u00e9tsz\u00e1mb\u0151v\u00edt\u00e9s levez\u00e9nyl\u00e9s\u00e9nek feladat\u00e1t kapja.<\/p>\n<p>Forr\u00e1s: <a href=\"https:\/\/hvg.hu\/itthon\/20230707_oktatas_iskolaorok_letszambovites_kormanyhatarozat\" target=\"_blank\" rel=\"nofollow noopener noreferrer\">hvg.hu<\/a><\/p>\n","protected":false},"excerpt":{"rendered":"<p>Nagy vit\u00e1t v\u00e1ltott ki, amikor bevezett\u00e9k az iskola\u0151ri szolg\u00e1latot, most azonban \u00fagy t\u0171nik l\u00e9tsz\u00e1mb\u0151v\u00edt\u00e9st tervez a korm\u00e1ny. A b\u0151v\u00edt\u00e9st a bel\u00fcgyminiszt\u00e9rium hajtja v\u00e9gre. Kis h\u00edj\u00e1n 300 f\u0151vel emeln\u00e9 a korm\u00e1ny az iskola\u0151ri \u00e1llom\u00e1nyt egy \u00faj hat\u00e1rozat \u00e9rtelm\u00e9ben. Mik\u00f6zben a tan\u00e1rok nagy sz\u00e1mban mondanak fel a kedden megszavazott st\u00e1tust\u00f6rv\u00e9ny miatt, Orb\u00e1n Viktor kabinetje 295 f\u0151vel n\u00f6veli [&hellip;]<\/p>\n","protected":false},"author":1,"featured_media":6618,"comment_status":"open","ping_status":"open","sticky":false,"template":"","format":"standard","meta":{"_monsterinsights_skip_tracking":false,"footnotes":""},"categories":[200],"tags":[287,557,215],"class_list":["post-6617","post","type-post","status-publish","format-standard","has-post-thumbnail","hentry","category-munkaeropiac","tag-iskola","tag-iskolaor","tag-oktatas"],"aioseo_notices":[],"aioseo_head":"\n\t\t<!-- All in One SEO 5.0.0.1 - aioseo.com -->\n\t<meta name=\"description\" content=\"Nagy vit\u00e1t v\u00e1ltott ki, amikor bevezett\u00e9k az iskola\u0151ri szolg\u00e1latot, most azonban l\u00e9tsz\u00e1mb\u0151v\u00edt\u00e9st tervez a korm\u00e1ny. A b\u0151v\u00edt\u00e9st a bel\u00fcgyminiszt\u00e9rium hajtja v\u00e9gre.\" \/>\n\t<meta name=\"robots\" content=\"max-image-preview:large\" \/>\n\t<meta name=\"author\" content=\"Juh\u00e1sz P\u00e9ter\"\/>\n\t<meta name=\"keywords\" content=\"iskola,iskola\u0151r,oktat\u00e1s\" \/>\n\t<link rel=\"canonical\" href=\"https:\/\/allasorias.hu\/hirek\/novelik-az-iskolaorok-szamat\/\" \/>\n\t<meta name=\"generator\" content=\"All in One SEO (AIOSEO) 5.0.0.1\" \/>\n\t\t<meta property=\"og:locale\" content=\"hu_HU\" \/>\n\t\t<meta property=\"og:site_name\" content=\"AllasOrias.hu | H\u00edrek-lapszemle | \u00dczleti h\u00edrek az \u00e1ll\u00e1s \u00e9s a munka vil\u00e1g\u00e1b\u00f3l\" \/>\n\t\t<meta property=\"og:type\" content=\"article\" \/>\n\t\t<meta property=\"og:title\" content=\"N\u00f6velik az iskola\u0151r\u00f6k sz\u00e1m\u00e1t | Allasorias.hu\/Hirek\" \/>\n\t\t<meta property=\"og:description\" content=\"Nagy vit\u00e1t v\u00e1ltott ki, amikor bevezett\u00e9k az iskola\u0151ri szolg\u00e1latot, most azonban l\u00e9tsz\u00e1mb\u0151v\u00edt\u00e9st tervez a korm\u00e1ny. A b\u0151v\u00edt\u00e9st a bel\u00fcgyminiszt\u00e9rium hajtja v\u00e9gre.\" \/>\n\t\t<meta property=\"og:url\" content=\"https:\/\/allasorias.hu\/hirek\/novelik-az-iskolaorok-szamat\/\" \/>\n\t\t<meta property=\"og:image\" content=\"https:\/\/allasorias.hu\/hirek\/wp-content\/uploads\/2023\/07\/iskolaor2.jpg\" \/>\n\t\t<meta property=\"og:image:secure_url\" content=\"https:\/\/allasorias.hu\/hirek\/wp-content\/uploads\/2023\/07\/iskolaor2.jpg\" \/>\n\t\t<meta property=\"og:image:width\" content=\"1280\" \/>\n\t\t<meta property=\"og:image:height\" content=\"853\" \/>\n\t\t<meta property=\"article:published_time\" content=\"2023-07-07T07:41:56+00:00\" \/>\n\t\t<meta property=\"article:modified_time\" content=\"2023-07-07T07:41:56+00:00\" \/>\n\t\t<meta property=\"article:publisher\" content=\"https:\/\/www.facebook.com\/allasorias\" \/>\n\t\t<meta name=\"twitter:card\" content=\"summary_large_image\" \/>\n\t\t<meta name=\"twitter:title\" content=\"N\u00f6velik az iskola\u0151r\u00f6k sz\u00e1m\u00e1t | Allasorias.hu\/Hirek\" \/>\n\t\t<meta name=\"twitter:description\" content=\"Nagy vit\u00e1t v\u00e1ltott ki, amikor bevezett\u00e9k az iskola\u0151ri szolg\u00e1latot, most azonban l\u00e9tsz\u00e1mb\u0151v\u00edt\u00e9st tervez a korm\u00e1ny. A b\u0151v\u00edt\u00e9st a bel\u00fcgyminiszt\u00e9rium hajtja v\u00e9gre.\" \/>\n\t\t<meta name=\"twitter:image\" content=\"https:\/\/allasorias.hu\/hirek\/wp-content\/uploads\/2023\/07\/iskolaor2.jpg\" \/>\n\t\t<meta name=\"twitter:label1\" content=\"Written by\" \/>\n\t\t<meta name=\"twitter:data1\" content=\"Juh\u00e1sz P\u00e9ter\" \/>\n\t\t<meta name=\"twitter:label2\" content=\"Est. reading time\" \/>\n\t\t<meta name=\"twitter:data2\" content=\"1 minute\" \/>\n\t\t<script type=\"application\/ld+json\" class=\"aioseo-schema\">\n\t\t\t{\"@context\":\"https:\\\/\\\/schema.org\",\"@graph\":[{\"@type\":\"Article\",\"@id\":\"https:\\\/\\\/allasorias.hu\\\/hirek\\\/novelik-az-iskolaorok-szamat\\\/#article\",\"name\":\"N\\u00f6velik az iskola\\u0151r\\u00f6k sz\\u00e1m\\u00e1t | Allasorias.hu\\\/Hirek\",\"headline\":\"N\\u00f6velik az iskola\\u0151r\\u00f6k sz\\u00e1m\\u00e1t\",\"author\":{\"@id\":\"https:\\\/\\\/allasorias.hu\\\/hirek\\\/author\\\/admin-allasorias\\\/#author\"},\"publisher\":{\"@id\":\"https:\\\/\\\/allasorias.hu\\\/hirek\\\/#organization\"},\"image\":{\"@type\":\"ImageObject\",\"url\":\"https:\\\/\\\/allasorias.hu\\\/hirek\\\/wp-content\\\/uploads\\\/2023\\\/07\\\/iskolaor2.jpg\",\"width\":1280,\"height\":853,\"caption\":\"N\\u00f6velik az iskola\\u0151r\\u00f6k sz\\u00e1m\\u00e1t - Allasorias.hu\\\/Hirek\"},\"datePublished\":\"2023-07-07T07:41:56+02:00\",\"dateModified\":\"2023-07-07T07:41:56+02:00\",\"inLanguage\":\"hu-HU\",\"mainEntityOfPage\":{\"@id\":\"https:\\\/\\\/allasorias.hu\\\/hirek\\\/novelik-az-iskolaorok-szamat\\\/#webpage\"},\"isPartOf\":{\"@id\":\"https:\\\/\\\/allasorias.hu\\\/hirek\\\/novelik-az-iskolaorok-szamat\\\/#webpage\"},\"articleSection\":\"Munkaer\\u0151piac, iskola, iskola\\u0151r, Oktat\\u00e1s\"},{\"@type\":\"BreadcrumbList\",\"@id\":\"https:\\\/\\\/allasorias.hu\\\/hirek\\\/novelik-az-iskolaorok-szamat\\\/#breadcrumblist\",\"itemListElement\":[{\"@type\":\"ListItem\",\"@id\":\"https:\\\/\\\/allasorias.hu\\\/hirek#listItem\",\"position\":1,\"name\":\"Home\",\"item\":\"https:\\\/\\\/allasorias.hu\\\/hirek\",\"nextItem\":{\"@type\":\"ListItem\",\"@id\":\"https:\\\/\\\/allasorias.hu\\\/hirek\\\/temak\\\/munkaeropiac\\\/#listItem\",\"name\":\"Munkaer\\u0151piac\"}},{\"@type\":\"ListItem\",\"@id\":\"https:\\\/\\\/allasorias.hu\\\/hirek\\\/temak\\\/munkaeropiac\\\/#listItem\",\"position\":2,\"name\":\"Munkaer\\u0151piac\",\"item\":\"https:\\\/\\\/allasorias.hu\\\/hirek\\\/temak\\\/munkaeropiac\\\/\",\"nextItem\":{\"@type\":\"ListItem\",\"@id\":\"https:\\\/\\\/allasorias.hu\\\/hirek\\\/novelik-az-iskolaorok-szamat\\\/#listItem\",\"name\":\"N\\u00f6velik az iskola\\u0151r\\u00f6k sz\\u00e1m\\u00e1t\"},\"previousItem\":{\"@type\":\"ListItem\",\"@id\":\"https:\\\/\\\/allasorias.hu\\\/hirek#listItem\",\"name\":\"Home\"}},{\"@type\":\"ListItem\",\"@id\":\"https:\\\/\\\/allasorias.hu\\\/hirek\\\/novelik-az-iskolaorok-szamat\\\/#listItem\",\"position\":3,\"name\":\"N\\u00f6velik az iskola\\u0151r\\u00f6k sz\\u00e1m\\u00e1t\",\"previousItem\":{\"@type\":\"ListItem\",\"@id\":\"https:\\\/\\\/allasorias.hu\\\/hirek\\\/temak\\\/munkaeropiac\\\/#listItem\",\"name\":\"Munkaer\\u0151piac\"}}]},{\"@type\":\"Organization\",\"@id\":\"https:\\\/\\\/allasorias.hu\\\/hirek\\\/#organization\",\"name\":\"AllasOrias.hu | H\\u00edrek-lapszemle\",\"description\":\"\\u00dczleti h\\u00edrek az \\u00e1ll\\u00e1s \\u00e9s a munka vil\\u00e1g\\u00e1b\\u00f3l\",\"url\":\"https:\\\/\\\/allasorias.hu\\\/hirek\\\/\",\"logo\":{\"@type\":\"ImageObject\",\"url\":\"https:\\\/\\\/allasorias.hu\\\/hirek\\\/wp-content\\\/uploads\\\/2022\\\/10\\\/allasorias_site_facebok_logo.png\",\"@id\":\"https:\\\/\\\/allasorias.hu\\\/hirek\\\/novelik-az-iskolaorok-szamat\\\/#organizationLogo\"},\"image\":{\"@id\":\"https:\\\/\\\/allasorias.hu\\\/hirek\\\/novelik-az-iskolaorok-szamat\\\/#organizationLogo\"},\"sameAs\":[\"https:\\\/\\\/www.facebook.com\\\/allasorias\",\"https:\\\/\\\/www.linkedin.com\\\/company\\\/allasorias\"]},{\"@type\":\"Person\",\"@id\":\"https:\\\/\\\/allasorias.hu\\\/hirek\\\/author\\\/admin-allasorias\\\/#author\",\"url\":\"https:\\\/\\\/allasorias.hu\\\/hirek\\\/author\\\/admin-allasorias\\\/\",\"name\":\"Juh\\u00e1sz P\\u00e9ter\",\"image\":{\"@type\":\"ImageObject\",\"@id\":\"https:\\\/\\\/allasorias.hu\\\/hirek\\\/novelik-az-iskolaorok-szamat\\\/#authorImage\",\"url\":\"https:\\\/\\\/secure.gravatar.com\\\/avatar\\\/36e6bcb83148978b992977cb0f54d22feb0cce8a0a849a9410532bb2623ba4c6?s=96&d=mm&r=g\",\"width\":96,\"height\":96,\"caption\":\"Juh\\u00e1sz P\\u00e9ter\"}},{\"@type\":\"WebPage\",\"@id\":\"https:\\\/\\\/allasorias.hu\\\/hirek\\\/novelik-az-iskolaorok-szamat\\\/#webpage\",\"url\":\"https:\\\/\\\/allasorias.hu\\\/hirek\\\/novelik-az-iskolaorok-szamat\\\/\",\"name\":\"N\\u00f6velik az iskola\\u0151r\\u00f6k sz\\u00e1m\\u00e1t | Allasorias.hu\\\/Hirek\",\"description\":\"Nagy vit\\u00e1t v\\u00e1ltott ki, amikor bevezett\\u00e9k az iskola\\u0151ri szolg\\u00e1latot, most azonban l\\u00e9tsz\\u00e1mb\\u0151v\\u00edt\\u00e9st tervez a korm\\u00e1ny. A b\\u0151v\\u00edt\\u00e9st a bel\\u00fcgyminiszt\\u00e9rium hajtja v\\u00e9gre.\",\"inLanguage\":\"hu-HU\",\"isPartOf\":{\"@id\":\"https:\\\/\\\/allasorias.hu\\\/hirek\\\/#website\"},\"breadcrumb\":{\"@id\":\"https:\\\/\\\/allasorias.hu\\\/hirek\\\/novelik-az-iskolaorok-szamat\\\/#breadcrumblist\"},\"author\":{\"@id\":\"https:\\\/\\\/allasorias.hu\\\/hirek\\\/author\\\/admin-allasorias\\\/#author\"},\"creator\":{\"@id\":\"https:\\\/\\\/allasorias.hu\\\/hirek\\\/author\\\/admin-allasorias\\\/#author\"},\"image\":{\"@type\":\"ImageObject\",\"url\":\"https:\\\/\\\/allasorias.hu\\\/hirek\\\/wp-content\\\/uploads\\\/2023\\\/07\\\/iskolaor2.jpg\",\"@id\":\"https:\\\/\\\/allasorias.hu\\\/hirek\\\/novelik-az-iskolaorok-szamat\\\/#mainImage\",\"width\":1280,\"height\":853,\"caption\":\"N\\u00f6velik az iskola\\u0151r\\u00f6k sz\\u00e1m\\u00e1t - Allasorias.hu\\\/Hirek\"},\"primaryImageOfPage\":{\"@id\":\"https:\\\/\\\/allasorias.hu\\\/hirek\\\/novelik-az-iskolaorok-szamat\\\/#mainImage\"},\"datePublished\":\"2023-07-07T07:41:56+02:00\",\"dateModified\":\"2023-07-07T07:41:56+02:00\"},{\"@type\":\"WebSite\",\"@id\":\"https:\\\/\\\/allasorias.hu\\\/hirek\\\/#website\",\"url\":\"https:\\\/\\\/allasorias.hu\\\/hirek\\\/\",\"name\":\"AllasOrias.hu | H\\u00edrek-lapszemle\",\"description\":\"\\u00dczleti h\\u00edrek az \\u00e1ll\\u00e1s \\u00e9s a munka vil\\u00e1g\\u00e1b\\u00f3l\",\"inLanguage\":\"hu-HU\",\"publisher\":{\"@id\":\"https:\\\/\\\/allasorias.hu\\\/hirek\\\/#organization\"}}]}\n\t\t<\/script>\n\t\t<!-- All in One SEO -->\n\n","aioseo_head_json":{"title":"N\u00f6velik az iskola\u0151r\u00f6k sz\u00e1m\u00e1t | Allasorias.hu\/Hirek","description":"Nagy vit\u00e1t v\u00e1ltott ki, amikor bevezett\u00e9k az iskola\u0151ri szolg\u00e1latot, most azonban l\u00e9tsz\u00e1mb\u0151v\u00edt\u00e9st tervez a korm\u00e1ny. A b\u0151v\u00edt\u00e9st a bel\u00fcgyminiszt\u00e9rium hajtja v\u00e9gre.","canonical_url":"https:\/\/allasorias.hu\/hirek\/novelik-az-iskolaorok-szamat\/","robots":"max-image-preview:large","keywords":"iskola,iskola\u0151r,oktat\u00e1s","webmasterTools":{"miscellaneous":""},"schema":{"@context":"https:\/\/schema.org","@graph":[{"@type":"Article","@id":"https:\/\/allasorias.hu\/hirek\/novelik-az-iskolaorok-szamat\/#article","name":"N\u00f6velik az iskola\u0151r\u00f6k sz\u00e1m\u00e1t | Allasorias.hu\/Hirek","headline":"N\u00f6velik az iskola\u0151r\u00f6k sz\u00e1m\u00e1t","author":{"@id":"https:\/\/allasorias.hu\/hirek\/author\/admin-allasorias\/#author"},"publisher":{"@id":"https:\/\/allasorias.hu\/hirek\/#organization"},"image":{"@type":"ImageObject","url":"https:\/\/allasorias.hu\/hirek\/wp-content\/uploads\/2023\/07\/iskolaor2.jpg","width":1280,"height":853,"caption":"N\u00f6velik az iskola\u0151r\u00f6k sz\u00e1m\u00e1t - Allasorias.hu\/Hirek"},"datePublished":"2023-07-07T07:41:56+02:00","dateModified":"2023-07-07T07:41:56+02:00","inLanguage":"hu-HU","mainEntityOfPage":{"@id":"https:\/\/allasorias.hu\/hirek\/novelik-az-iskolaorok-szamat\/#webpage"},"isPartOf":{"@id":"https:\/\/allasorias.hu\/hirek\/novelik-az-iskolaorok-szamat\/#webpage"},"articleSection":"Munkaer\u0151piac, iskola, iskola\u0151r, Oktat\u00e1s"},{"@type":"BreadcrumbList","@id":"https:\/\/allasorias.hu\/hirek\/novelik-az-iskolaorok-szamat\/#breadcrumblist","itemListElement":[{"@type":"ListItem","@id":"https:\/\/allasorias.hu\/hirek#listItem","position":1,"name":"Home","item":"https:\/\/allasorias.hu\/hirek","nextItem":{"@type":"ListItem","@id":"https:\/\/allasorias.hu\/hirek\/temak\/munkaeropiac\/#listItem","name":"Munkaer\u0151piac"}},{"@type":"ListItem","@id":"https:\/\/allasorias.hu\/hirek\/temak\/munkaeropiac\/#listItem","position":2,"name":"Munkaer\u0151piac","item":"https:\/\/allasorias.hu\/hirek\/temak\/munkaeropiac\/","nextItem":{"@type":"ListItem","@id":"https:\/\/allasorias.hu\/hirek\/novelik-az-iskolaorok-szamat\/#listItem","name":"N\u00f6velik az iskola\u0151r\u00f6k sz\u00e1m\u00e1t"},"previousItem":{"@type":"ListItem","@id":"https:\/\/allasorias.hu\/hirek#listItem","name":"Home"}},{"@type":"ListItem","@id":"https:\/\/allasorias.hu\/hirek\/novelik-az-iskolaorok-szamat\/#listItem","position":3,"name":"N\u00f6velik az iskola\u0151r\u00f6k sz\u00e1m\u00e1t","previousItem":{"@type":"ListItem","@id":"https:\/\/allasorias.hu\/hirek\/temak\/munkaeropiac\/#listItem","name":"Munkaer\u0151piac"}}]},{"@type":"Organization","@id":"https:\/\/allasorias.hu\/hirek\/#organization","name":"AllasOrias.hu | H\u00edrek-lapszemle","description":"\u00dczleti h\u00edrek az \u00e1ll\u00e1s \u00e9s a munka vil\u00e1g\u00e1b\u00f3l","url":"https:\/\/allasorias.hu\/hirek\/","logo":{"@type":"ImageObject","url":"https:\/\/allasorias.hu\/hirek\/wp-content\/uploads\/2022\/10\/allasorias_site_facebok_logo.png","@id":"https:\/\/allasorias.hu\/hirek\/novelik-az-iskolaorok-szamat\/#organizationLogo"},"image":{"@id":"https:\/\/allasorias.hu\/hirek\/novelik-az-iskolaorok-szamat\/#organizationLogo"},"sameAs":["https:\/\/www.facebook.com\/allasorias","https:\/\/www.linkedin.com\/company\/allasorias"]},{"@type":"Person","@id":"https:\/\/allasorias.hu\/hirek\/author\/admin-allasorias\/#author","url":"https:\/\/allasorias.hu\/hirek\/author\/admin-allasorias\/","name":"Juh\u00e1sz P\u00e9ter","image":{"@type":"ImageObject","@id":"https:\/\/allasorias.hu\/hirek\/novelik-az-iskolaorok-szamat\/#authorImage","url":"https:\/\/secure.gravatar.com\/avatar\/36e6bcb83148978b992977cb0f54d22feb0cce8a0a849a9410532bb2623ba4c6?s=96&d=mm&r=g","width":96,"height":96,"caption":"Juh\u00e1sz P\u00e9ter"}},{"@type":"WebPage","@id":"https:\/\/allasorias.hu\/hirek\/novelik-az-iskolaorok-szamat\/#webpage","url":"https:\/\/allasorias.hu\/hirek\/novelik-az-iskolaorok-szamat\/","name":"N\u00f6velik az iskola\u0151r\u00f6k sz\u00e1m\u00e1t | Allasorias.hu\/Hirek","description":"Nagy vit\u00e1t v\u00e1ltott ki, amikor bevezett\u00e9k az iskola\u0151ri szolg\u00e1latot, most azonban l\u00e9tsz\u00e1mb\u0151v\u00edt\u00e9st tervez a korm\u00e1ny. A b\u0151v\u00edt\u00e9st a bel\u00fcgyminiszt\u00e9rium hajtja v\u00e9gre.","inLanguage":"hu-HU","isPartOf":{"@id":"https:\/\/allasorias.hu\/hirek\/#website"},"breadcrumb":{"@id":"https:\/\/allasorias.hu\/hirek\/novelik-az-iskolaorok-szamat\/#breadcrumblist"},"author":{"@id":"https:\/\/allasorias.hu\/hirek\/author\/admin-allasorias\/#author"},"creator":{"@id":"https:\/\/allasorias.hu\/hirek\/author\/admin-allasorias\/#author"},"image":{"@type":"ImageObject","url":"https:\/\/allasorias.hu\/hirek\/wp-content\/uploads\/2023\/07\/iskolaor2.jpg","@id":"https:\/\/allasorias.hu\/hirek\/novelik-az-iskolaorok-szamat\/#mainImage","width":1280,"height":853,"caption":"N\u00f6velik az iskola\u0151r\u00f6k sz\u00e1m\u00e1t - Allasorias.hu\/Hirek"},"primaryImageOfPage":{"@id":"https:\/\/allasorias.hu\/hirek\/novelik-az-iskolaorok-szamat\/#mainImage"},"datePublished":"2023-07-07T07:41:56+02:00","dateModified":"2023-07-07T07:41:56+02:00"},{"@type":"WebSite","@id":"https:\/\/allasorias.hu\/hirek\/#website","url":"https:\/\/allasorias.hu\/hirek\/","name":"AllasOrias.hu | H\u00edrek-lapszemle","description":"\u00dczleti h\u00edrek az \u00e1ll\u00e1s \u00e9s a munka vil\u00e1g\u00e1b\u00f3l","inLanguage":"hu-HU","publisher":{"@id":"https:\/\/allasorias.hu\/hirek\/#organization"}}]},"og:locale":"hu_HU","og:site_name":"AllasOrias.hu | H\u00edrek-lapszemle | \u00dczleti h\u00edrek az \u00e1ll\u00e1s \u00e9s a munka vil\u00e1g\u00e1b\u00f3l","og:type":"article","og:title":"N\u00f6velik az iskola\u0151r\u00f6k sz\u00e1m\u00e1t | Allasorias.hu\/Hirek","og:description":"Nagy vit\u00e1t v\u00e1ltott ki, amikor bevezett\u00e9k az iskola\u0151ri szolg\u00e1latot, most azonban l\u00e9tsz\u00e1mb\u0151v\u00edt\u00e9st tervez a korm\u00e1ny. A b\u0151v\u00edt\u00e9st a bel\u00fcgyminiszt\u00e9rium hajtja v\u00e9gre.","og:url":"https:\/\/allasorias.hu\/hirek\/novelik-az-iskolaorok-szamat\/","og:image":"https:\/\/allasorias.hu\/hirek\/wp-content\/uploads\/2023\/07\/iskolaor2.jpg","og:image:secure_url":"https:\/\/allasorias.hu\/hirek\/wp-content\/uploads\/2023\/07\/iskolaor2.jpg","og:image:width":1280,"og:image:height":853,"article:published_time":"2023-07-07T07:41:56+00:00","article:modified_time":"2023-07-07T07:41:56+00:00","article:publisher":"https:\/\/www.facebook.com\/allasorias","twitter:card":"summary_large_image","twitter:title":"N\u00f6velik az iskola\u0151r\u00f6k sz\u00e1m\u00e1t | Allasorias.hu\/Hirek","twitter:description":"Nagy vit\u00e1t v\u00e1ltott ki, amikor bevezett\u00e9k az iskola\u0151ri szolg\u00e1latot, most azonban l\u00e9tsz\u00e1mb\u0151v\u00edt\u00e9st tervez a korm\u00e1ny. A b\u0151v\u00edt\u00e9st a bel\u00fcgyminiszt\u00e9rium hajtja v\u00e9gre.","twitter:image":"https:\/\/allasorias.hu\/hirek\/wp-content\/uploads\/2023\/07\/iskolaor2.jpg","twitter:label1":"Written by","twitter:data1":"Juh\u00e1sz P\u00e9ter","twitter:label2":"Est. reading time","twitter:data2":"1 minute"},"aioseo_meta_data":{"post_id":"6617","title":"#post_title | Allasorias.hu\/Hirek","description":"Nagy vit\u00e1t v\u00e1ltott ki, amikor bevezett\u00e9k az iskola\u0151ri szolg\u00e1latot, most azonban l\u00e9tsz\u00e1mb\u0151v\u00edt\u00e9st tervez a korm\u00e1ny. A b\u0151v\u00edt\u00e9st a bel\u00fcgyminiszt\u00e9rium hajtja v\u00e9gre.","keywords":[],"keyphrases":{"focus":{"keyphrase":"","score":0,"analysis":{"keyphraseInTitle":{"score":0,"maxScore":9,"error":1}}},"additional":[]},"primary_term":null,"canonical_url":null,"og_title":null,"og_description":null,"og_object_type":"default","og_image_type":"default","og_image_url":null,"og_image_width":null,"og_image_height":null,"og_image_custom_url":null,"og_image_custom_fields":null,"og_video":"","og_custom_url":null,"og_article_section":null,"og_article_tags":[],"twitter_use_og":true,"twitter_card":"default","twitter_image_type":"default","twitter_image_url":null,"twitter_image_custom_url":null,"twitter_image_custom_fields":null,"twitter_title":null,"twitter_description":null,"schema":{"blockGraphs":[],"customGraphs":[],"default":{"data":{"Article":[],"Course":[],"Dataset":[],"FAQPage":[],"Movie":[],"Person":[],"Product":[],"ProductReview":[],"Car":[],"Recipe":[],"Service":[],"SoftwareApplication":[],"WebPage":[]},"graphName":"Article","isEnabled":true},"graphs":[]},"schema_type":"default","schema_type_options":null,"pillar_content":false,"robots_default":true,"robots_noindex":false,"robots_noarchive":false,"robots_nosnippet":false,"robots_nofollow":false,"robots_noimageindex":false,"robots_noodp":false,"robots_notranslate":false,"robots_max_snippet":"-1","robots_max_videopreview":"-1","robots_max_imagepreview":"large","priority":null,"frequency":"default","location":null,"local_seo":null,"breadcrumb_settings":null,"limit_modified_date":false,"ai":null,"created":"2023-07-07 07:36:16","updated":"2025-10-02 18:50:20","seo_analyzer_scan_date":null,"focus_keyword":null,"additional_keywords":null,"truseo_locale":null},"aioseo_breadcrumb":"<div class=\"aioseo-breadcrumbs\"><span class=\"aioseo-breadcrumb\">\n\t\t\t<a href=\"https:\/\/allasorias.hu\/hirek\" title=\"Home\">Home<\/a>\n\t\t<\/span><span class=\"aioseo-breadcrumb-separator\">&raquo;<\/span><span class=\"aioseo-breadcrumb\">\n\t\t\t<a href=\"https:\/\/allasorias.hu\/hirek\/temak\/munkaeropiac\/\" title=\"Munkaer\u0151piac\">Munkaer\u0151piac<\/a>\n\t\t<\/span><span class=\"aioseo-breadcrumb-separator\">&raquo;<\/span><span class=\"aioseo-breadcrumb\">\n\t\t\tN\u00f6velik az iskola\u0151r\u00f6k sz\u00e1m\u00e1t\n\t\t<\/span><\/div>","aioseo_breadcrumb_json":[{"label":"Home","link":"https:\/\/allasorias.hu\/hirek"},{"label":"Munkaer\u0151piac","link":"https:\/\/allasorias.hu\/hirek\/temak\/munkaeropiac\/"},{"label":"N\u00f6velik az iskola\u0151r\u00f6k sz\u00e1m\u00e1t","link":"https:\/\/allasorias.hu\/hirek\/novelik-az-iskolaorok-szamat\/"}],"_links":{"self":[{"href":"https:\/\/allasorias.hu\/hirek\/wp-json\/wp\/v2\/posts\/6617","targetHints":{"allow":["GET"]}}],"collection":[{"href":"https:\/\/allasorias.hu\/hirek\/wp-json\/wp\/v2\/posts"}],"about":[{"href":"https:\/\/allasorias.hu\/hirek\/wp-json\/wp\/v2\/types\/post"}],"author":[{"embeddable":true,"href":"https:\/\/allasorias.hu\/hirek\/wp-json\/wp\/v2\/users\/1"}],"replies":[{"embeddable":true,"href":"https:\/\/allasorias.hu\/hirek\/wp-json\/wp\/v2\/comments?post=6617"}],"version-history":[{"count":1,"href":"https:\/\/allasorias.hu\/hirek\/wp-json\/wp\/v2\/posts\/6617\/revisions"}],"predecessor-version":[{"id":6619,"href":"https:\/\/allasorias.hu\/hirek\/wp-json\/wp\/v2\/posts\/6617\/revisions\/6619"}],"wp:featuredmedia":[{"embeddable":true,"href":"https:\/\/allasorias.hu\/hirek\/wp-json\/wp\/v2\/media\/6618"}],"wp:attachment":[{"href":"https:\/\/allasorias.hu\/hirek\/wp-json\/wp\/v2\/media?parent=6617"}],"wp:term":[{"taxonomy":"category","embeddable":true,"href":"https:\/\/allasorias.hu\/hirek\/wp-json\/wp\/v2\/categories?post=6617"},{"taxonomy":"post_tag","embeddable":true,"href":"https:\/\/allasorias.hu\/hirek\/wp-json\/wp\/v2\/tags?post=6617"}],"curies":[{"name":"wp","href":"https:\/\/api.w.org\/{rel}","templated":true}]}}