{"id":6610,"date":"2023-07-06T08:27:02","date_gmt":"2023-07-06T08:27:02","guid":{"rendered":"https:\/\/allasorias.hu\/hirek\/?p=6610"},"modified":"2025-05-13T16:02:53","modified_gmt":"2025-05-13T14:02:53","slug":"vissza-kell-allitani-a-mernoki-hivatas-rangjat","status":"publish","type":"post","link":"https:\/\/allasorias.hu\/hirek\/vissza-kell-allitani-a-mernoki-hivatas-rangjat\/","title":{"rendered":"Vissza kell \u00e1ll\u00edtani a m\u00e9rn\u00f6ki hivat\u00e1s rangj\u00e1t"},"content":{"rendered":"<p><strong>Sz\u00e1mos ter\u00fcleten hi\u00e1nyzik haz\u00e1nkban a szakember, m\u00e9rn\u00f6k\u00f6kb\u0151l is t\u00edzezer sz\u00e1mban lenne sz\u00fcks\u00e9g. K\u00e9pz\u00e9s\u00fck el\u0151seg\u00edt\u00e9s\u00e9re fontosnak tartj\u00e1k a szak\u00e9rt\u0151k a korai eduk\u00e1ci\u00f3t. <\/strong><\/p>\n<p>Magyarorsz\u00e1g egy \u00f6sszeszerel\u0151 m\u0171hely lett, \u00e9s ha egy tollvon\u00e1ssal rendbe tenn\u00e9k az oktat\u00e1st, akkor is 8-10 \u00e9vre lenne sz\u00fcks\u00e9g, hogy m\u00e9g t\u00f6bb m\u00e9rn\u00f6k legyen a magyar munkaer\u0151piacon \u2013 ezt \u00c1brah\u00e1m L\u00e1szl\u00f3, az Egy\u00fctt a J\u00f6v\u0151 M\u00e9rn\u00f6kei\u00e9rt Sz\u00f6vets\u00e9g (EJMSZ) eln\u00f6ke mondta a Napi.hu-nak, hozz\u00e1t\u00e9ve, hogy a m\u00e9rn\u00f6k is hi\u00e1nycikk lett Magyarorsz\u00e1gon. A lap azt \u00edrja, a szektorban dolgoz\u00f3 szakemberek becsl\u00e9sei szerint Magyarorsz\u00e1gon t\u00edz- \u00e9s h\u00faszezer k\u00f6z\u00f6tt van a hi\u00e1nyz\u00f3 m\u00e9rn\u00f6k\u00f6k sz\u00e1ma.<\/p>\n<p>\u00c1brah\u00e1m szerint a m\u00e9rn\u00f6ki szakokra jelentkez\u0151 hallgat\u00f3k sz\u00e1m\u00e1t meg kellene dupl\u00e1zni, mert ha nem lesz el\u00e9g m\u00e9rn\u00f6k Magyarorsz\u00e1gon, akkor \u00f6sszeszerel\u0151 m\u0171hely maradunk. Szerinte nem j\u00f3 az ir\u00e1ny, a k\u00f6zepesen fejlett orsz\u00e1gok gazdas\u00e1gi csapd\u00e1j\u00e1ba est\u00fcnk bele. Azt mondta, az akkumul\u00e1torgy\u00e1rak b\u0151v\u00edt\u00e9s\u00e9nek h\u00e1tul\u00fct\u0151je, hogy Magyarorsz\u00e1gon a betan\u00edtott munk\u00e1sokat keresik a c\u00e9gek, pedig az aut\u00f3iparban az \u00f6sszes tud\u00e1s a fejleszt\u0151 irod\u00e1kb\u00f3l \u00e9rkezik.<\/p>\n<p>A megold\u00e1st a gyerekek korai eduk\u00e1ci\u00f3j\u00e1ban l\u00e1tja, illetve abban, ha \u201evissza\u00e1ll\u00edtan\u00e1k a m\u00e9rn\u00f6ki hivat\u00e1s rangj\u00e1t\u201d. Az EJMSZ id\u00e9n elind\u00edtott az \u00f3vod\u00e1soknak egy programsorozatot, amiben \u201ea tagv\u00e1llalatok fiatal m\u00e9rn\u00f6kei keltik fel a gyerekek \u00e9rdekl\u0151d\u00e9s\u00e9t a m\u00e9rn\u00f6k\u00f6k munk\u00e1ja ir\u00e1nt\u201d.Szerinte \u201ehi\u00e1nyzik, hogy a gyereket f\u00fcl\u00f6n fogja valaki, \u00e9s a fiatal f\u00farjon, faragjon. Az se baj, ha kicsap egy-k\u00e9t \u00e1ramk\u00f6rt, majd legk\u00f6zelebb m\u00e1r nem fog\u201d.Az EJMSZ eln\u00f6ke szerint egyr\u00e9szt a cs\u00f6kken\u0151 sz\u00fclet\u00e9ssz\u00e1m miatt van m\u00e9rn\u00f6khi\u00e1ny, illetve \u201efenn\u00e1ll egy gender probl\u00e9ma is, hogy a h\u00f6lgyek valami\u00e9rt nem sz\u00edvesen v\u00e1lasztj\u00e1k a m\u00e9rn\u00f6ki p\u00e1ly\u00e1t\u201d, pedig \u201ea n\u0151i m\u00e9rn\u00f6k\u00f6k legal\u00e1bb olyan j\u00f3k, mint a f\u00e9rfiak: prec\u00edzek, \u00fcgyesek \u00e9s kitart\u00f3k\u201d.<\/p>\n<p>Forr\u00e1s: <a href=\"https:\/\/444.hu\/2023\/07\/05\/mernokhiany-van-magyarorszagon-ami-egy-osszeszerelo-muhely-lett\" target=\"_blank\" rel=\"nofollow noopener noreferrer\">444.hu<\/a><\/p>\n","protected":false},"excerpt":{"rendered":"<p>Sz\u00e1mos ter\u00fcleten hi\u00e1nyzik haz\u00e1nkban a szakember, m\u00e9rn\u00f6k\u00f6kb\u0151l is t\u00edzezer sz\u00e1mban lenne sz\u00fcks\u00e9g. K\u00e9pz\u00e9s\u00fck el\u0151seg\u00edt\u00e9s\u00e9re fontosnak tartj\u00e1k a szak\u00e9rt\u0151k a korai eduk\u00e1ci\u00f3t. Magyarorsz\u00e1g egy \u00f6sszeszerel\u0151 m\u0171hely lett, \u00e9s ha egy tollvon\u00e1ssal rendbe tenn\u00e9k az oktat\u00e1st, akkor is 8-10 \u00e9vre lenne sz\u00fcks\u00e9g, hogy m\u00e9g t\u00f6bb m\u00e9rn\u00f6k legyen a magyar munkaer\u0151piacon \u2013 ezt \u00c1brah\u00e1m L\u00e1szl\u00f3, az Egy\u00fctt a [&hellip;]<\/p>\n","protected":false},"author":1,"featured_media":6611,"comment_status":"closed","ping_status":"closed","sticky":false,"template":"","format":"standard","meta":{"_monsterinsights_skip_tracking":false,"footnotes":""},"categories":[203],"tags":[211,555],"class_list":["post-6610","post","type-post","status-publish","format-standard","has-post-thumbnail","hentry","category-hianyszakmak","tag-mernok","tag-mernokhiany"],"aioseo_notices":[],"aioseo_head":"\n\t\t<!-- All in One SEO 5.0.0.1 - aioseo.com -->\n\t<meta name=\"description\" content=\"Sz\u00e1mos ter\u00fcleten hi\u00e1nyzik haz\u00e1nkban a szakember, m\u00e9rn\u00f6k\u00f6kb\u0151l is t\u00edzezer sz\u00e1mban lenne sz\u00fcks\u00e9g. K\u00e9pz\u00e9s\u00fck el\u0151seg\u00edt\u00e9s\u00e9re fontosnak tartj\u00e1k a korai eduk\u00e1ci\u00f3t.\" \/>\n\t<meta name=\"robots\" content=\"max-image-preview:large\" \/>\n\t<meta name=\"author\" content=\"Juh\u00e1sz P\u00e9ter\"\/>\n\t<meta name=\"keywords\" content=\"m\u00e9rn\u00f6k,m\u00e9rn\u00f6khi\u00e1ny\" \/>\n\t<link rel=\"canonical\" href=\"https:\/\/allasorias.hu\/hirek\/vissza-kell-allitani-a-mernoki-hivatas-rangjat\/\" \/>\n\t<meta name=\"generator\" content=\"All in One SEO (AIOSEO) 5.0.0.1\" \/>\n\t\t<meta property=\"og:locale\" content=\"hu_HU\" \/>\n\t\t<meta property=\"og:site_name\" content=\"AllasOrias.hu | H\u00edrek-lapszemle | \u00dczleti h\u00edrek az \u00e1ll\u00e1s \u00e9s a munka vil\u00e1g\u00e1b\u00f3l\" \/>\n\t\t<meta property=\"og:type\" content=\"article\" \/>\n\t\t<meta property=\"og:title\" content=\"Vissza kell adni a m\u00e9rn\u00f6ki p\u00e1lya rangj\u00e1t\" \/>\n\t\t<meta property=\"og:description\" content=\"Sz\u00e1mos ter\u00fcleten hi\u00e1nyzik haz\u00e1nkban a szakember, m\u00e9rn\u00f6k\u00f6kb\u0151l is t\u00edzezer sz\u00e1mban lenne sz\u00fcks\u00e9g. K\u00e9pz\u00e9s\u00fck el\u0151seg\u00edt\u00e9s\u00e9re fontosnak tartj\u00e1k a korai eduk\u00e1ci\u00f3t.\" \/>\n\t\t<meta property=\"og:url\" content=\"https:\/\/allasorias.hu\/hirek\/vissza-kell-allitani-a-mernoki-hivatas-rangjat\/\" \/>\n\t\t<meta property=\"og:image\" content=\"https:\/\/allasorias.hu\/hirek\/wp-content\/uploads\/2023\/07\/mernokhiany.jpg\" \/>\n\t\t<meta property=\"og:image:secure_url\" content=\"https:\/\/allasorias.hu\/hirek\/wp-content\/uploads\/2023\/07\/mernokhiany.jpg\" \/>\n\t\t<meta property=\"og:image:width\" content=\"1280\" \/>\n\t\t<meta property=\"og:image:height\" content=\"854\" \/>\n\t\t<meta property=\"article:published_time\" content=\"2023-07-06T08:27:02+00:00\" \/>\n\t\t<meta property=\"article:modified_time\" content=\"2025-05-13T14:02:53+00:00\" \/>\n\t\t<meta property=\"article:publisher\" content=\"https:\/\/www.facebook.com\/allasorias\" \/>\n\t\t<meta name=\"twitter:card\" content=\"summary_large_image\" \/>\n\t\t<meta name=\"twitter:title\" content=\"Vissza kell adni a m\u00e9rn\u00f6ki p\u00e1lya rangj\u00e1t\" \/>\n\t\t<meta name=\"twitter:description\" content=\"Sz\u00e1mos ter\u00fcleten hi\u00e1nyzik haz\u00e1nkban a szakember, m\u00e9rn\u00f6k\u00f6kb\u0151l is t\u00edzezer sz\u00e1mban lenne sz\u00fcks\u00e9g. K\u00e9pz\u00e9s\u00fck el\u0151seg\u00edt\u00e9s\u00e9re fontosnak tartj\u00e1k a korai eduk\u00e1ci\u00f3t.\" \/>\n\t\t<meta name=\"twitter:image\" content=\"https:\/\/allasorias.hu\/hirek\/wp-content\/uploads\/2023\/07\/mernokhiany.jpg\" \/>\n\t\t<meta name=\"twitter:label1\" content=\"Written by\" \/>\n\t\t<meta name=\"twitter:data1\" content=\"Juh\u00e1sz P\u00e9ter\" \/>\n\t\t<meta name=\"twitter:label2\" content=\"Est. reading time\" \/>\n\t\t<meta name=\"twitter:data2\" content=\"2 minutes\" \/>\n\t\t<script type=\"application\/ld+json\" class=\"aioseo-schema\">\n\t\t\t{\"@context\":\"https:\\\/\\\/schema.org\",\"@graph\":[{\"@type\":\"Article\",\"@id\":\"https:\\\/\\\/allasorias.hu\\\/hirek\\\/vissza-kell-allitani-a-mernoki-hivatas-rangjat\\\/#article\",\"name\":\"Vissza kell adni a m\\u00e9rn\\u00f6ki p\\u00e1lya rangj\\u00e1t\",\"headline\":\"Vissza kell \\u00e1ll\\u00edtani a m\\u00e9rn\\u00f6ki hivat\\u00e1s rangj\\u00e1t\",\"author\":{\"@id\":\"https:\\\/\\\/allasorias.hu\\\/hirek\\\/author\\\/admin-allasorias\\\/#author\"},\"publisher\":{\"@id\":\"https:\\\/\\\/allasorias.hu\\\/hirek\\\/#organization\"},\"image\":{\"@type\":\"ImageObject\",\"url\":\"https:\\\/\\\/allasorias.hu\\\/hirek\\\/wp-content\\\/uploads\\\/2023\\\/07\\\/mernokhiany.jpg\",\"width\":1280,\"height\":854,\"caption\":\"Vissza kell \\u00e1ll\\u00edtani a m\\u00e9rn\\u00f6ki hivat\\u00e1s rangj\\u00e1t - Allasorias.hu\\\/Hirek\"},\"datePublished\":\"2023-07-06T08:27:02+02:00\",\"dateModified\":\"2025-05-13T16:02:53+02:00\",\"inLanguage\":\"hu-HU\",\"mainEntityOfPage\":{\"@id\":\"https:\\\/\\\/allasorias.hu\\\/hirek\\\/vissza-kell-allitani-a-mernoki-hivatas-rangjat\\\/#webpage\"},\"isPartOf\":{\"@id\":\"https:\\\/\\\/allasorias.hu\\\/hirek\\\/vissza-kell-allitani-a-mernoki-hivatas-rangjat\\\/#webpage\"},\"articleSection\":\"Hi\\u00e1nyszakm\\u00e1k, M\\u00e9rn\\u00f6k, m\\u00e9rn\\u00f6khi\\u00e1ny\"},{\"@type\":\"BreadcrumbList\",\"@id\":\"https:\\\/\\\/allasorias.hu\\\/hirek\\\/vissza-kell-allitani-a-mernoki-hivatas-rangjat\\\/#breadcrumblist\",\"itemListElement\":[{\"@type\":\"ListItem\",\"@id\":\"https:\\\/\\\/allasorias.hu\\\/hirek#listItem\",\"position\":1,\"name\":\"Home\",\"item\":\"https:\\\/\\\/allasorias.hu\\\/hirek\",\"nextItem\":{\"@type\":\"ListItem\",\"@id\":\"https:\\\/\\\/allasorias.hu\\\/hirek\\\/temak\\\/hianyszakmak\\\/#listItem\",\"name\":\"Hi\\u00e1nyszakm\\u00e1k\"}},{\"@type\":\"ListItem\",\"@id\":\"https:\\\/\\\/allasorias.hu\\\/hirek\\\/temak\\\/hianyszakmak\\\/#listItem\",\"position\":2,\"name\":\"Hi\\u00e1nyszakm\\u00e1k\",\"item\":\"https:\\\/\\\/allasorias.hu\\\/hirek\\\/temak\\\/hianyszakmak\\\/\",\"nextItem\":{\"@type\":\"ListItem\",\"@id\":\"https:\\\/\\\/allasorias.hu\\\/hirek\\\/vissza-kell-allitani-a-mernoki-hivatas-rangjat\\\/#listItem\",\"name\":\"Vissza kell \\u00e1ll\\u00edtani a m\\u00e9rn\\u00f6ki hivat\\u00e1s rangj\\u00e1t\"},\"previousItem\":{\"@type\":\"ListItem\",\"@id\":\"https:\\\/\\\/allasorias.hu\\\/hirek#listItem\",\"name\":\"Home\"}},{\"@type\":\"ListItem\",\"@id\":\"https:\\\/\\\/allasorias.hu\\\/hirek\\\/vissza-kell-allitani-a-mernoki-hivatas-rangjat\\\/#listItem\",\"position\":3,\"name\":\"Vissza kell \\u00e1ll\\u00edtani a m\\u00e9rn\\u00f6ki hivat\\u00e1s rangj\\u00e1t\",\"previousItem\":{\"@type\":\"ListItem\",\"@id\":\"https:\\\/\\\/allasorias.hu\\\/hirek\\\/temak\\\/hianyszakmak\\\/#listItem\",\"name\":\"Hi\\u00e1nyszakm\\u00e1k\"}}]},{\"@type\":\"Organization\",\"@id\":\"https:\\\/\\\/allasorias.hu\\\/hirek\\\/#organization\",\"name\":\"AllasOrias.hu | H\\u00edrek-lapszemle\",\"description\":\"\\u00dczleti h\\u00edrek az \\u00e1ll\\u00e1s \\u00e9s a munka vil\\u00e1g\\u00e1b\\u00f3l\",\"url\":\"https:\\\/\\\/allasorias.hu\\\/hirek\\\/\",\"logo\":{\"@type\":\"ImageObject\",\"url\":\"https:\\\/\\\/allasorias.hu\\\/hirek\\\/wp-content\\\/uploads\\\/2022\\\/10\\\/allasorias_site_facebok_logo.png\",\"@id\":\"https:\\\/\\\/allasorias.hu\\\/hirek\\\/vissza-kell-allitani-a-mernoki-hivatas-rangjat\\\/#organizationLogo\"},\"image\":{\"@id\":\"https:\\\/\\\/allasorias.hu\\\/hirek\\\/vissza-kell-allitani-a-mernoki-hivatas-rangjat\\\/#organizationLogo\"},\"sameAs\":[\"https:\\\/\\\/www.facebook.com\\\/allasorias\",\"https:\\\/\\\/www.linkedin.com\\\/company\\\/allasorias\"]},{\"@type\":\"Person\",\"@id\":\"https:\\\/\\\/allasorias.hu\\\/hirek\\\/author\\\/admin-allasorias\\\/#author\",\"url\":\"https:\\\/\\\/allasorias.hu\\\/hirek\\\/author\\\/admin-allasorias\\\/\",\"name\":\"Juh\\u00e1sz P\\u00e9ter\",\"image\":{\"@type\":\"ImageObject\",\"@id\":\"https:\\\/\\\/allasorias.hu\\\/hirek\\\/vissza-kell-allitani-a-mernoki-hivatas-rangjat\\\/#authorImage\",\"url\":\"https:\\\/\\\/secure.gravatar.com\\\/avatar\\\/36e6bcb83148978b992977cb0f54d22feb0cce8a0a849a9410532bb2623ba4c6?s=96&d=mm&r=g\",\"width\":96,\"height\":96,\"caption\":\"Juh\\u00e1sz P\\u00e9ter\"}},{\"@type\":\"WebPage\",\"@id\":\"https:\\\/\\\/allasorias.hu\\\/hirek\\\/vissza-kell-allitani-a-mernoki-hivatas-rangjat\\\/#webpage\",\"url\":\"https:\\\/\\\/allasorias.hu\\\/hirek\\\/vissza-kell-allitani-a-mernoki-hivatas-rangjat\\\/\",\"name\":\"Vissza kell adni a m\\u00e9rn\\u00f6ki p\\u00e1lya rangj\\u00e1t\",\"description\":\"Sz\\u00e1mos ter\\u00fcleten hi\\u00e1nyzik haz\\u00e1nkban a szakember, m\\u00e9rn\\u00f6k\\u00f6kb\\u0151l is t\\u00edzezer sz\\u00e1mban lenne sz\\u00fcks\\u00e9g. K\\u00e9pz\\u00e9s\\u00fck el\\u0151seg\\u00edt\\u00e9s\\u00e9re fontosnak tartj\\u00e1k a korai eduk\\u00e1ci\\u00f3t.\",\"inLanguage\":\"hu-HU\",\"isPartOf\":{\"@id\":\"https:\\\/\\\/allasorias.hu\\\/hirek\\\/#website\"},\"breadcrumb\":{\"@id\":\"https:\\\/\\\/allasorias.hu\\\/hirek\\\/vissza-kell-allitani-a-mernoki-hivatas-rangjat\\\/#breadcrumblist\"},\"author\":{\"@id\":\"https:\\\/\\\/allasorias.hu\\\/hirek\\\/author\\\/admin-allasorias\\\/#author\"},\"creator\":{\"@id\":\"https:\\\/\\\/allasorias.hu\\\/hirek\\\/author\\\/admin-allasorias\\\/#author\"},\"image\":{\"@type\":\"ImageObject\",\"url\":\"https:\\\/\\\/allasorias.hu\\\/hirek\\\/wp-content\\\/uploads\\\/2023\\\/07\\\/mernokhiany.jpg\",\"@id\":\"https:\\\/\\\/allasorias.hu\\\/hirek\\\/vissza-kell-allitani-a-mernoki-hivatas-rangjat\\\/#mainImage\",\"width\":1280,\"height\":854,\"caption\":\"Vissza kell \\u00e1ll\\u00edtani a m\\u00e9rn\\u00f6ki hivat\\u00e1s rangj\\u00e1t - Allasorias.hu\\\/Hirek\"},\"primaryImageOfPage\":{\"@id\":\"https:\\\/\\\/allasorias.hu\\\/hirek\\\/vissza-kell-allitani-a-mernoki-hivatas-rangjat\\\/#mainImage\"},\"datePublished\":\"2023-07-06T08:27:02+02:00\",\"dateModified\":\"2025-05-13T16:02:53+02:00\"},{\"@type\":\"WebSite\",\"@id\":\"https:\\\/\\\/allasorias.hu\\\/hirek\\\/#website\",\"url\":\"https:\\\/\\\/allasorias.hu\\\/hirek\\\/\",\"name\":\"AllasOrias.hu | H\\u00edrek-lapszemle\",\"description\":\"\\u00dczleti h\\u00edrek az \\u00e1ll\\u00e1s \\u00e9s a munka vil\\u00e1g\\u00e1b\\u00f3l\",\"inLanguage\":\"hu-HU\",\"publisher\":{\"@id\":\"https:\\\/\\\/allasorias.hu\\\/hirek\\\/#organization\"}}]}\n\t\t<\/script>\n\t\t<!-- All in One SEO -->\n\n","aioseo_head_json":{"title":"Vissza kell adni a m\u00e9rn\u00f6ki p\u00e1lya rangj\u00e1t","description":"Sz\u00e1mos ter\u00fcleten hi\u00e1nyzik haz\u00e1nkban a szakember, m\u00e9rn\u00f6k\u00f6kb\u0151l is t\u00edzezer sz\u00e1mban lenne sz\u00fcks\u00e9g. K\u00e9pz\u00e9s\u00fck el\u0151seg\u00edt\u00e9s\u00e9re fontosnak tartj\u00e1k a korai eduk\u00e1ci\u00f3t.","canonical_url":"https:\/\/allasorias.hu\/hirek\/vissza-kell-allitani-a-mernoki-hivatas-rangjat\/","robots":"max-image-preview:large","keywords":"m\u00e9rn\u00f6k,m\u00e9rn\u00f6khi\u00e1ny","webmasterTools":{"miscellaneous":""},"schema":{"@context":"https:\/\/schema.org","@graph":[{"@type":"Article","@id":"https:\/\/allasorias.hu\/hirek\/vissza-kell-allitani-a-mernoki-hivatas-rangjat\/#article","name":"Vissza kell adni a m\u00e9rn\u00f6ki p\u00e1lya rangj\u00e1t","headline":"Vissza kell \u00e1ll\u00edtani a m\u00e9rn\u00f6ki hivat\u00e1s rangj\u00e1t","author":{"@id":"https:\/\/allasorias.hu\/hirek\/author\/admin-allasorias\/#author"},"publisher":{"@id":"https:\/\/allasorias.hu\/hirek\/#organization"},"image":{"@type":"ImageObject","url":"https:\/\/allasorias.hu\/hirek\/wp-content\/uploads\/2023\/07\/mernokhiany.jpg","width":1280,"height":854,"caption":"Vissza kell \u00e1ll\u00edtani a m\u00e9rn\u00f6ki hivat\u00e1s rangj\u00e1t - Allasorias.hu\/Hirek"},"datePublished":"2023-07-06T08:27:02+02:00","dateModified":"2025-05-13T16:02:53+02:00","inLanguage":"hu-HU","mainEntityOfPage":{"@id":"https:\/\/allasorias.hu\/hirek\/vissza-kell-allitani-a-mernoki-hivatas-rangjat\/#webpage"},"isPartOf":{"@id":"https:\/\/allasorias.hu\/hirek\/vissza-kell-allitani-a-mernoki-hivatas-rangjat\/#webpage"},"articleSection":"Hi\u00e1nyszakm\u00e1k, M\u00e9rn\u00f6k, m\u00e9rn\u00f6khi\u00e1ny"},{"@type":"BreadcrumbList","@id":"https:\/\/allasorias.hu\/hirek\/vissza-kell-allitani-a-mernoki-hivatas-rangjat\/#breadcrumblist","itemListElement":[{"@type":"ListItem","@id":"https:\/\/allasorias.hu\/hirek#listItem","position":1,"name":"Home","item":"https:\/\/allasorias.hu\/hirek","nextItem":{"@type":"ListItem","@id":"https:\/\/allasorias.hu\/hirek\/temak\/hianyszakmak\/#listItem","name":"Hi\u00e1nyszakm\u00e1k"}},{"@type":"ListItem","@id":"https:\/\/allasorias.hu\/hirek\/temak\/hianyszakmak\/#listItem","position":2,"name":"Hi\u00e1nyszakm\u00e1k","item":"https:\/\/allasorias.hu\/hirek\/temak\/hianyszakmak\/","nextItem":{"@type":"ListItem","@id":"https:\/\/allasorias.hu\/hirek\/vissza-kell-allitani-a-mernoki-hivatas-rangjat\/#listItem","name":"Vissza kell \u00e1ll\u00edtani a m\u00e9rn\u00f6ki hivat\u00e1s rangj\u00e1t"},"previousItem":{"@type":"ListItem","@id":"https:\/\/allasorias.hu\/hirek#listItem","name":"Home"}},{"@type":"ListItem","@id":"https:\/\/allasorias.hu\/hirek\/vissza-kell-allitani-a-mernoki-hivatas-rangjat\/#listItem","position":3,"name":"Vissza kell \u00e1ll\u00edtani a m\u00e9rn\u00f6ki hivat\u00e1s rangj\u00e1t","previousItem":{"@type":"ListItem","@id":"https:\/\/allasorias.hu\/hirek\/temak\/hianyszakmak\/#listItem","name":"Hi\u00e1nyszakm\u00e1k"}}]},{"@type":"Organization","@id":"https:\/\/allasorias.hu\/hirek\/#organization","name":"AllasOrias.hu | H\u00edrek-lapszemle","description":"\u00dczleti h\u00edrek az \u00e1ll\u00e1s \u00e9s a munka vil\u00e1g\u00e1b\u00f3l","url":"https:\/\/allasorias.hu\/hirek\/","logo":{"@type":"ImageObject","url":"https:\/\/allasorias.hu\/hirek\/wp-content\/uploads\/2022\/10\/allasorias_site_facebok_logo.png","@id":"https:\/\/allasorias.hu\/hirek\/vissza-kell-allitani-a-mernoki-hivatas-rangjat\/#organizationLogo"},"image":{"@id":"https:\/\/allasorias.hu\/hirek\/vissza-kell-allitani-a-mernoki-hivatas-rangjat\/#organizationLogo"},"sameAs":["https:\/\/www.facebook.com\/allasorias","https:\/\/www.linkedin.com\/company\/allasorias"]},{"@type":"Person","@id":"https:\/\/allasorias.hu\/hirek\/author\/admin-allasorias\/#author","url":"https:\/\/allasorias.hu\/hirek\/author\/admin-allasorias\/","name":"Juh\u00e1sz P\u00e9ter","image":{"@type":"ImageObject","@id":"https:\/\/allasorias.hu\/hirek\/vissza-kell-allitani-a-mernoki-hivatas-rangjat\/#authorImage","url":"https:\/\/secure.gravatar.com\/avatar\/36e6bcb83148978b992977cb0f54d22feb0cce8a0a849a9410532bb2623ba4c6?s=96&d=mm&r=g","width":96,"height":96,"caption":"Juh\u00e1sz P\u00e9ter"}},{"@type":"WebPage","@id":"https:\/\/allasorias.hu\/hirek\/vissza-kell-allitani-a-mernoki-hivatas-rangjat\/#webpage","url":"https:\/\/allasorias.hu\/hirek\/vissza-kell-allitani-a-mernoki-hivatas-rangjat\/","name":"Vissza kell adni a m\u00e9rn\u00f6ki p\u00e1lya rangj\u00e1t","description":"Sz\u00e1mos ter\u00fcleten hi\u00e1nyzik haz\u00e1nkban a szakember, m\u00e9rn\u00f6k\u00f6kb\u0151l is t\u00edzezer sz\u00e1mban lenne sz\u00fcks\u00e9g. K\u00e9pz\u00e9s\u00fck el\u0151seg\u00edt\u00e9s\u00e9re fontosnak tartj\u00e1k a korai eduk\u00e1ci\u00f3t.","inLanguage":"hu-HU","isPartOf":{"@id":"https:\/\/allasorias.hu\/hirek\/#website"},"breadcrumb":{"@id":"https:\/\/allasorias.hu\/hirek\/vissza-kell-allitani-a-mernoki-hivatas-rangjat\/#breadcrumblist"},"author":{"@id":"https:\/\/allasorias.hu\/hirek\/author\/admin-allasorias\/#author"},"creator":{"@id":"https:\/\/allasorias.hu\/hirek\/author\/admin-allasorias\/#author"},"image":{"@type":"ImageObject","url":"https:\/\/allasorias.hu\/hirek\/wp-content\/uploads\/2023\/07\/mernokhiany.jpg","@id":"https:\/\/allasorias.hu\/hirek\/vissza-kell-allitani-a-mernoki-hivatas-rangjat\/#mainImage","width":1280,"height":854,"caption":"Vissza kell \u00e1ll\u00edtani a m\u00e9rn\u00f6ki hivat\u00e1s rangj\u00e1t - Allasorias.hu\/Hirek"},"primaryImageOfPage":{"@id":"https:\/\/allasorias.hu\/hirek\/vissza-kell-allitani-a-mernoki-hivatas-rangjat\/#mainImage"},"datePublished":"2023-07-06T08:27:02+02:00","dateModified":"2025-05-13T16:02:53+02:00"},{"@type":"WebSite","@id":"https:\/\/allasorias.hu\/hirek\/#website","url":"https:\/\/allasorias.hu\/hirek\/","name":"AllasOrias.hu | H\u00edrek-lapszemle","description":"\u00dczleti h\u00edrek az \u00e1ll\u00e1s \u00e9s a munka vil\u00e1g\u00e1b\u00f3l","inLanguage":"hu-HU","publisher":{"@id":"https:\/\/allasorias.hu\/hirek\/#organization"}}]},"og:locale":"hu_HU","og:site_name":"AllasOrias.hu | H\u00edrek-lapszemle | \u00dczleti h\u00edrek az \u00e1ll\u00e1s \u00e9s a munka vil\u00e1g\u00e1b\u00f3l","og:type":"article","og:title":"Vissza kell adni a m\u00e9rn\u00f6ki p\u00e1lya rangj\u00e1t","og:description":"Sz\u00e1mos ter\u00fcleten hi\u00e1nyzik haz\u00e1nkban a szakember, m\u00e9rn\u00f6k\u00f6kb\u0151l is t\u00edzezer sz\u00e1mban lenne sz\u00fcks\u00e9g. K\u00e9pz\u00e9s\u00fck el\u0151seg\u00edt\u00e9s\u00e9re fontosnak tartj\u00e1k a korai eduk\u00e1ci\u00f3t.","og:url":"https:\/\/allasorias.hu\/hirek\/vissza-kell-allitani-a-mernoki-hivatas-rangjat\/","og:image":"https:\/\/allasorias.hu\/hirek\/wp-content\/uploads\/2023\/07\/mernokhiany.jpg","og:image:secure_url":"https:\/\/allasorias.hu\/hirek\/wp-content\/uploads\/2023\/07\/mernokhiany.jpg","og:image:width":1280,"og:image:height":854,"article:published_time":"2023-07-06T08:27:02+00:00","article:modified_time":"2025-05-13T14:02:53+00:00","article:publisher":"https:\/\/www.facebook.com\/allasorias","twitter:card":"summary_large_image","twitter:title":"Vissza kell adni a m\u00e9rn\u00f6ki p\u00e1lya rangj\u00e1t","twitter:description":"Sz\u00e1mos ter\u00fcleten hi\u00e1nyzik haz\u00e1nkban a szakember, m\u00e9rn\u00f6k\u00f6kb\u0151l is t\u00edzezer sz\u00e1mban lenne sz\u00fcks\u00e9g. K\u00e9pz\u00e9s\u00fck el\u0151seg\u00edt\u00e9s\u00e9re fontosnak tartj\u00e1k a korai eduk\u00e1ci\u00f3t.","twitter:image":"https:\/\/allasorias.hu\/hirek\/wp-content\/uploads\/2023\/07\/mernokhiany.jpg","twitter:label1":"Written by","twitter:data1":"Juh\u00e1sz P\u00e9ter","twitter:label2":"Est. reading time","twitter:data2":"2 minutes"},"aioseo_meta_data":{"post_id":"6610","title":"Vissza kell adni a m\u00e9rn\u00f6ki p\u00e1lya rangj\u00e1t","description":"Sz\u00e1mos ter\u00fcleten hi\u00e1nyzik haz\u00e1nkban a szakember, m\u00e9rn\u00f6k\u00f6kb\u0151l is t\u00edzezer sz\u00e1mban lenne sz\u00fcks\u00e9g. K\u00e9pz\u00e9s\u00fck el\u0151seg\u00edt\u00e9s\u00e9re fontosnak tartj\u00e1k a korai eduk\u00e1ci\u00f3t.","keywords":null,"keyphrases":{"focus":{"keyphrase":"","score":0,"analysis":{"keyphraseInTitle":{"score":0,"maxScore":9,"error":1}}},"additional":[]},"primary_term":null,"canonical_url":null,"og_title":null,"og_description":null,"og_object_type":"default","og_image_type":"default","og_image_url":null,"og_image_width":null,"og_image_height":null,"og_image_custom_url":null,"og_image_custom_fields":null,"og_video":"","og_custom_url":null,"og_article_section":null,"og_article_tags":null,"twitter_use_og":true,"twitter_card":"default","twitter_image_type":"default","twitter_image_url":null,"twitter_image_custom_url":null,"twitter_image_custom_fields":null,"twitter_title":null,"twitter_description":null,"schema":{"blockGraphs":[],"customGraphs":[],"default":{"data":{"Article":[],"Course":[],"Dataset":[],"FAQPage":[],"Movie":[],"Person":[],"Product":[],"ProductReview":[],"Car":[],"Recipe":[],"Service":[],"SoftwareApplication":[],"WebPage":[]},"graphName":"Article","isEnabled":true},"graphs":[]},"schema_type":"default","schema_type_options":null,"pillar_content":false,"robots_default":true,"robots_noindex":false,"robots_noarchive":false,"robots_nosnippet":false,"robots_nofollow":false,"robots_noimageindex":false,"robots_noodp":false,"robots_notranslate":false,"robots_max_snippet":"-1","robots_max_videopreview":"-1","robots_max_imagepreview":"large","priority":null,"frequency":"default","location":null,"local_seo":null,"breadcrumb_settings":null,"limit_modified_date":false,"ai":null,"created":"2023-07-06 08:00:24","updated":"2025-10-02 18:49:14","seo_analyzer_scan_date":null,"focus_keyword":null,"additional_keywords":null,"truseo_locale":null},"aioseo_breadcrumb":"<div class=\"aioseo-breadcrumbs\"><span class=\"aioseo-breadcrumb\">\n\t\t\t<a href=\"https:\/\/allasorias.hu\/hirek\" title=\"Home\">Home<\/a>\n\t\t<\/span><span class=\"aioseo-breadcrumb-separator\">&raquo;<\/span><span class=\"aioseo-breadcrumb\">\n\t\t\t<a href=\"https:\/\/allasorias.hu\/hirek\/temak\/hianyszakmak\/\" title=\"Hi\u00e1nyszakm\u00e1k\">Hi\u00e1nyszakm\u00e1k<\/a>\n\t\t<\/span><span class=\"aioseo-breadcrumb-separator\">&raquo;<\/span><span class=\"aioseo-breadcrumb\">\n\t\t\tVissza kell \u00e1ll\u00edtani a m\u00e9rn\u00f6ki hivat\u00e1s rangj\u00e1t\n\t\t<\/span><\/div>","aioseo_breadcrumb_json":[{"label":"Home","link":"https:\/\/allasorias.hu\/hirek"},{"label":"Hi\u00e1nyszakm\u00e1k","link":"https:\/\/allasorias.hu\/hirek\/temak\/hianyszakmak\/"},{"label":"Vissza kell \u00e1ll\u00edtani a m\u00e9rn\u00f6ki hivat\u00e1s rangj\u00e1t","link":"https:\/\/allasorias.hu\/hirek\/vissza-kell-allitani-a-mernoki-hivatas-rangjat\/"}],"_links":{"self":[{"href":"https:\/\/allasorias.hu\/hirek\/wp-json\/wp\/v2\/posts\/6610","targetHints":{"allow":["GET"]}}],"collection":[{"href":"https:\/\/allasorias.hu\/hirek\/wp-json\/wp\/v2\/posts"}],"about":[{"href":"https:\/\/allasorias.hu\/hirek\/wp-json\/wp\/v2\/types\/post"}],"author":[{"embeddable":true,"href":"https:\/\/allasorias.hu\/hirek\/wp-json\/wp\/v2\/users\/1"}],"replies":[{"embeddable":true,"href":"https:\/\/allasorias.hu\/hirek\/wp-json\/wp\/v2\/comments?post=6610"}],"version-history":[{"count":1,"href":"https:\/\/allasorias.hu\/hirek\/wp-json\/wp\/v2\/posts\/6610\/revisions"}],"predecessor-version":[{"id":6612,"href":"https:\/\/allasorias.hu\/hirek\/wp-json\/wp\/v2\/posts\/6610\/revisions\/6612"}],"wp:featuredmedia":[{"embeddable":true,"href":"https:\/\/allasorias.hu\/hirek\/wp-json\/wp\/v2\/media\/6611"}],"wp:attachment":[{"href":"https:\/\/allasorias.hu\/hirek\/wp-json\/wp\/v2\/media?parent=6610"}],"wp:term":[{"taxonomy":"category","embeddable":true,"href":"https:\/\/allasorias.hu\/hirek\/wp-json\/wp\/v2\/categories?post=6610"},{"taxonomy":"post_tag","embeddable":true,"href":"https:\/\/allasorias.hu\/hirek\/wp-json\/wp\/v2\/tags?post=6610"}],"curies":[{"name":"wp","href":"https:\/\/api.w.org\/{rel}","templated":true}]}}