{"id":6600,"date":"2023-07-03T07:24:05","date_gmt":"2023-07-03T07:24:05","guid":{"rendered":"https:\/\/allasorias.hu\/hirek\/?p=6600"},"modified":"2023-07-03T07:24:05","modified_gmt":"2023-07-03T07:24:05","slug":"szukseg-van-a-minosegi-munkaerore","status":"publish","type":"post","link":"https:\/\/allasorias.hu\/hirek\/szukseg-van-a-minosegi-munkaerore\/","title":{"rendered":"Sz\u00fcks\u00e9g van a min\u0151s\u00e9gi munkaer\u0151re"},"content":{"rendered":"<p><strong>A most diplom\u00e1t szerz\u0151knek fel kell k\u00e9sz\u00fclni\u00fck az eg\u00e9sz \u00e9leten \u00e1t tart\u00f3 tanul\u00e1sra, hiszen nagy sz\u00fcks\u00e9g van a min\u0151s\u00e9gi szaktud\u00e1sra minden ter\u00fcleten.<\/strong><\/p>\n<p>A szakk\u00e9pz\u00e9s int\u00e9zm\u00e9nyrendszer\u00e9nek \u00e1talak\u00edt\u00e1sa, a technikumok megjelen\u00e9se lehet\u0151s\u00e9get teremtett arra, hogy a k\u00e9pz\u00e9sek befejezt\u00e9vel, j\u00f3 tanulm\u00e1nyi eredm\u00e9nnyel egyenes \u00fat vezessen a di\u00e1kok sz\u00e1m\u00e1ra a szakk\u00e9pz\u00e9sb\u0151l a fels\u0151oktat\u00e1sba \u2013 mondta a Kultur\u00e1lis \u00e9s Innov\u00e1ci\u00f3s Miniszt\u00e9rium (KIM) szakk\u00e9pz\u00e9s\u00e9rt felel\u0151s helyettes \u00e1llamtitk\u00e1ra.\u00a0 P\u00f6l\u00f6skei G\u00e1born\u00e9 a Duna\u00fajv\u00e1rosi Egyetem diploma\u00e1tad\u00f3 \u00fcnneps\u00e9g\u00e9n arr\u00f3l besz\u00e9lt, hogy a szakk\u00e9pz\u00e9s integr\u00e1l\u00e1s\u00e1val egyre t\u00f6bb sz\u00e1llal kapcsol\u00f3dik az egyetem a szakk\u00e9pz\u00e9shez.<\/p>\n<p>A legt\u00f6bben azokat a szakm\u00e1kat \u2013 <strong>villanyszerel\u0151, szak\u00e1cs, p\u00e9nz\u00fcgyi \u00e9s sz\u00e1mviteli \u00fcgyint\u00e9z\u0151, cukr\u00e1sz, hegeszt\u0151<\/strong> \u2013 v\u00e1lasztott\u00e1k, amelyekb\u0151l j\u00f3l meg lehet \u00e9lni. Hozz\u00e1tette, hogy a technol\u00f3giai fejl\u0151d\u00e9snek k\u00f6sz\u00f6nhet\u0151en \u00faj szakm\u00e1k jelennek meg, a munkak\u00f6r\u00f6k \u00e1talakulnak \u00e9s egyre nagyobb sz\u00fcks\u00e9g lesz a min\u0151s\u00e9gi munkaer\u0151re.\u201e <em>A most diplom\u00e1t szerz\u0151knek fel kell k\u00e9sz\u00fclni\u00fck az eg\u00e9sz \u00e9leten \u00e1t tart\u00f3 tanul\u00e1sra, folyamatosan \u00e9s \u00e1lland\u00f3an friss\u00edteni\u00fck kell tud\u00e1sukat<\/em>\u201d \u2013 f\u0171zte hozz\u00e1 P\u00f6l\u00f6skei G\u00e1born\u00e9.<\/p>\n<p>A helyettes \u00e1llamtitk\u00e1r elmondta, hogy a munkaer\u0151piacon egyre fontosabb a kreativit\u00e1s \u00e9s az egy\u00fcttm\u0171k\u00f6d\u00e9s. Egy \u00e9v alatt \u00e9p\u00fclt meg a jelenleg 26 tanul\u00f3t oktat\u00f3, 563 n\u00e9gyzetm\u00e9teres k\u00e9pz\u0151k\u00f6zpont mintegy 240 milli\u00f3 forintb\u00f3l, melyb\u0151l 146 milli\u00f3 forint \u00e1llami t\u00e1mogat\u00e1s. A magyar munkav\u00e1llal\u00f3k foglalkoztathat\u00f3s\u00e1ga \u00e9s munkaer\u0151piaci es\u00e9lyei j\u00f3r\u00e9szt azon m\u00falnak, hogy meg tudnak-e felelni a v\u00e1ltoz\u00f3 korszak elv\u00e1r\u00e1sainak. Az elk\u00f6vetkez\u0151 \u00e9vekben d\u0151l el, hogy a magyar munkav\u00e1llal\u00f3k, k\u00fcl\u00f6n\u00f6sen a fiatalok, milyen szerepet tudnak bet\u00f6lteni, illetve elfoglalni a munkaer\u0151piacon \u2013 tette hozz\u00e1.<\/p>\n<p>Forr\u00e1s: <a href=\"https:\/\/hirado.hu\/belfold\/cikk\/2023\/06\/30\/poloskei-gaborne-szakkepzesbol-a-felsooktatasba\" target=\"_blank\" rel=\"nofollow noopener noreferrer\">hirado.hu<\/a><\/p>\n","protected":false},"excerpt":{"rendered":"<p>A most diplom\u00e1t szerz\u0151knek fel kell k\u00e9sz\u00fclni\u00fck az eg\u00e9sz \u00e9leten \u00e1t tart\u00f3 tanul\u00e1sra, hiszen nagy sz\u00fcks\u00e9g van a min\u0151s\u00e9gi szaktud\u00e1sra minden ter\u00fcleten. A szakk\u00e9pz\u00e9s int\u00e9zm\u00e9nyrendszer\u00e9nek \u00e1talak\u00edt\u00e1sa, a technikumok megjelen\u00e9se lehet\u0151s\u00e9get teremtett arra, hogy a k\u00e9pz\u00e9sek befejezt\u00e9vel, j\u00f3 tanulm\u00e1nyi eredm\u00e9nnyel egyenes \u00fat vezessen a di\u00e1kok sz\u00e1m\u00e1ra a szakk\u00e9pz\u00e9sb\u0151l a fels\u0151oktat\u00e1sba \u2013 mondta a Kultur\u00e1lis \u00e9s Innov\u00e1ci\u00f3s [&hellip;]<\/p>\n","protected":false},"author":1,"featured_media":6601,"comment_status":"open","ping_status":"open","sticky":false,"template":"","format":"standard","meta":{"_monsterinsights_skip_tracking":false,"footnotes":""},"categories":[200],"tags":[215,553],"class_list":["post-6600","post","type-post","status-publish","format-standard","has-post-thumbnail","hentry","category-munkaeropiac","tag-oktatas","tag-szakmak"],"aioseo_notices":[],"aioseo_head":"\n\t\t<!-- All in One SEO 5.0.0.1 - aioseo.com -->\n\t<meta name=\"description\" content=\"A most diplom\u00e1t szerz\u0151knek fel kell k\u00e9sz\u00fclni\u00fck az eg\u00e9sz \u00e9leten \u00e1t tart\u00f3 tanul\u00e1sra, hiszen nagy sz\u00fcks\u00e9g van a min\u0151s\u00e9gi szaktud\u00e1sra minden ter\u00fcleten.\" \/>\n\t<meta name=\"robots\" content=\"max-image-preview:large\" \/>\n\t<meta name=\"author\" content=\"Juh\u00e1sz P\u00e9ter\"\/>\n\t<meta name=\"keywords\" content=\"oktat\u00e1s,szakm\u00e1k\" \/>\n\t<link rel=\"canonical\" href=\"https:\/\/allasorias.hu\/hirek\/szukseg-van-a-minosegi-munkaerore\/\" \/>\n\t<meta name=\"generator\" content=\"All in One SEO (AIOSEO) 5.0.0.1\" \/>\n\t\t<meta property=\"og:locale\" content=\"hu_HU\" \/>\n\t\t<meta property=\"og:site_name\" content=\"AllasOrias.hu | H\u00edrek-lapszemle | \u00dczleti h\u00edrek az \u00e1ll\u00e1s \u00e9s a munka vil\u00e1g\u00e1b\u00f3l\" \/>\n\t\t<meta property=\"og:type\" content=\"article\" \/>\n\t\t<meta property=\"og:title\" content=\"Sz\u00fcks\u00e9g van a min\u0151s\u00e9gi munkaer\u0151re | Allasorias.hu\/Hirek\" \/>\n\t\t<meta property=\"og:description\" content=\"A most diplom\u00e1t szerz\u0151knek fel kell k\u00e9sz\u00fclni\u00fck az eg\u00e9sz \u00e9leten \u00e1t tart\u00f3 tanul\u00e1sra, hiszen nagy sz\u00fcks\u00e9g van a min\u0151s\u00e9gi szaktud\u00e1sra minden ter\u00fcleten.\" \/>\n\t\t<meta property=\"og:url\" content=\"https:\/\/allasorias.hu\/hirek\/szukseg-van-a-minosegi-munkaerore\/\" \/>\n\t\t<meta property=\"og:image\" content=\"https:\/\/allasorias.hu\/hirek\/wp-content\/uploads\/2023\/07\/minosegi-munkaero.jpg\" \/>\n\t\t<meta property=\"og:image:secure_url\" content=\"https:\/\/allasorias.hu\/hirek\/wp-content\/uploads\/2023\/07\/minosegi-munkaero.jpg\" \/>\n\t\t<meta property=\"og:image:width\" content=\"1280\" \/>\n\t\t<meta property=\"og:image:height\" content=\"854\" \/>\n\t\t<meta property=\"article:published_time\" content=\"2023-07-03T07:24:05+00:00\" \/>\n\t\t<meta property=\"article:modified_time\" content=\"2023-07-03T07:24:05+00:00\" \/>\n\t\t<meta property=\"article:publisher\" content=\"https:\/\/www.facebook.com\/allasorias\" \/>\n\t\t<meta name=\"twitter:card\" content=\"summary_large_image\" \/>\n\t\t<meta name=\"twitter:title\" content=\"Sz\u00fcks\u00e9g van a min\u0151s\u00e9gi munkaer\u0151re | Allasorias.hu\/Hirek\" \/>\n\t\t<meta name=\"twitter:description\" content=\"A most diplom\u00e1t szerz\u0151knek fel kell k\u00e9sz\u00fclni\u00fck az eg\u00e9sz \u00e9leten \u00e1t tart\u00f3 tanul\u00e1sra, hiszen nagy sz\u00fcks\u00e9g van a min\u0151s\u00e9gi szaktud\u00e1sra minden ter\u00fcleten.\" \/>\n\t\t<meta name=\"twitter:image\" content=\"https:\/\/allasorias.hu\/hirek\/wp-content\/uploads\/2023\/07\/minosegi-munkaero.jpg\" \/>\n\t\t<meta name=\"twitter:label1\" content=\"Written by\" \/>\n\t\t<meta name=\"twitter:data1\" content=\"Juh\u00e1sz P\u00e9ter\" \/>\n\t\t<meta name=\"twitter:label2\" content=\"Est. reading time\" \/>\n\t\t<meta name=\"twitter:data2\" content=\"2 minutes\" \/>\n\t\t<script type=\"application\/ld+json\" class=\"aioseo-schema\">\n\t\t\t{\"@context\":\"https:\\\/\\\/schema.org\",\"@graph\":[{\"@type\":\"Article\",\"@id\":\"https:\\\/\\\/allasorias.hu\\\/hirek\\\/szukseg-van-a-minosegi-munkaerore\\\/#article\",\"name\":\"Sz\\u00fcks\\u00e9g van a min\\u0151s\\u00e9gi munkaer\\u0151re | Allasorias.hu\\\/Hirek\",\"headline\":\"Sz\\u00fcks\\u00e9g van a min\\u0151s\\u00e9gi munkaer\\u0151re\",\"author\":{\"@id\":\"https:\\\/\\\/allasorias.hu\\\/hirek\\\/author\\\/admin-allasorias\\\/#author\"},\"publisher\":{\"@id\":\"https:\\\/\\\/allasorias.hu\\\/hirek\\\/#organization\"},\"image\":{\"@type\":\"ImageObject\",\"url\":\"https:\\\/\\\/allasorias.hu\\\/hirek\\\/wp-content\\\/uploads\\\/2023\\\/07\\\/minosegi-munkaero.jpg\",\"width\":1280,\"height\":854,\"caption\":\"Sz\\u00fcks\\u00e9g van a min\\u0151s\\u00e9gi munkaer\\u0151re - Allasorias.hu\\\/Hirek\"},\"datePublished\":\"2023-07-03T07:24:05+02:00\",\"dateModified\":\"2023-07-03T07:24:05+02:00\",\"inLanguage\":\"hu-HU\",\"mainEntityOfPage\":{\"@id\":\"https:\\\/\\\/allasorias.hu\\\/hirek\\\/szukseg-van-a-minosegi-munkaerore\\\/#webpage\"},\"isPartOf\":{\"@id\":\"https:\\\/\\\/allasorias.hu\\\/hirek\\\/szukseg-van-a-minosegi-munkaerore\\\/#webpage\"},\"articleSection\":\"Munkaer\\u0151piac, Oktat\\u00e1s, szakm\\u00e1k\"},{\"@type\":\"BreadcrumbList\",\"@id\":\"https:\\\/\\\/allasorias.hu\\\/hirek\\\/szukseg-van-a-minosegi-munkaerore\\\/#breadcrumblist\",\"itemListElement\":[{\"@type\":\"ListItem\",\"@id\":\"https:\\\/\\\/allasorias.hu\\\/hirek#listItem\",\"position\":1,\"name\":\"Home\",\"item\":\"https:\\\/\\\/allasorias.hu\\\/hirek\",\"nextItem\":{\"@type\":\"ListItem\",\"@id\":\"https:\\\/\\\/allasorias.hu\\\/hirek\\\/temak\\\/munkaeropiac\\\/#listItem\",\"name\":\"Munkaer\\u0151piac\"}},{\"@type\":\"ListItem\",\"@id\":\"https:\\\/\\\/allasorias.hu\\\/hirek\\\/temak\\\/munkaeropiac\\\/#listItem\",\"position\":2,\"name\":\"Munkaer\\u0151piac\",\"item\":\"https:\\\/\\\/allasorias.hu\\\/hirek\\\/temak\\\/munkaeropiac\\\/\",\"nextItem\":{\"@type\":\"ListItem\",\"@id\":\"https:\\\/\\\/allasorias.hu\\\/hirek\\\/szukseg-van-a-minosegi-munkaerore\\\/#listItem\",\"name\":\"Sz\\u00fcks\\u00e9g van a min\\u0151s\\u00e9gi munkaer\\u0151re\"},\"previousItem\":{\"@type\":\"ListItem\",\"@id\":\"https:\\\/\\\/allasorias.hu\\\/hirek#listItem\",\"name\":\"Home\"}},{\"@type\":\"ListItem\",\"@id\":\"https:\\\/\\\/allasorias.hu\\\/hirek\\\/szukseg-van-a-minosegi-munkaerore\\\/#listItem\",\"position\":3,\"name\":\"Sz\\u00fcks\\u00e9g van a min\\u0151s\\u00e9gi munkaer\\u0151re\",\"previousItem\":{\"@type\":\"ListItem\",\"@id\":\"https:\\\/\\\/allasorias.hu\\\/hirek\\\/temak\\\/munkaeropiac\\\/#listItem\",\"name\":\"Munkaer\\u0151piac\"}}]},{\"@type\":\"Organization\",\"@id\":\"https:\\\/\\\/allasorias.hu\\\/hirek\\\/#organization\",\"name\":\"AllasOrias.hu | H\\u00edrek-lapszemle\",\"description\":\"\\u00dczleti h\\u00edrek az \\u00e1ll\\u00e1s \\u00e9s a munka vil\\u00e1g\\u00e1b\\u00f3l\",\"url\":\"https:\\\/\\\/allasorias.hu\\\/hirek\\\/\",\"logo\":{\"@type\":\"ImageObject\",\"url\":\"https:\\\/\\\/allasorias.hu\\\/hirek\\\/wp-content\\\/uploads\\\/2022\\\/10\\\/allasorias_site_facebok_logo.png\",\"@id\":\"https:\\\/\\\/allasorias.hu\\\/hirek\\\/szukseg-van-a-minosegi-munkaerore\\\/#organizationLogo\"},\"image\":{\"@id\":\"https:\\\/\\\/allasorias.hu\\\/hirek\\\/szukseg-van-a-minosegi-munkaerore\\\/#organizationLogo\"},\"sameAs\":[\"https:\\\/\\\/www.facebook.com\\\/allasorias\",\"https:\\\/\\\/www.linkedin.com\\\/company\\\/allasorias\"]},{\"@type\":\"Person\",\"@id\":\"https:\\\/\\\/allasorias.hu\\\/hirek\\\/author\\\/admin-allasorias\\\/#author\",\"url\":\"https:\\\/\\\/allasorias.hu\\\/hirek\\\/author\\\/admin-allasorias\\\/\",\"name\":\"Juh\\u00e1sz P\\u00e9ter\",\"image\":{\"@type\":\"ImageObject\",\"@id\":\"https:\\\/\\\/allasorias.hu\\\/hirek\\\/szukseg-van-a-minosegi-munkaerore\\\/#authorImage\",\"url\":\"https:\\\/\\\/secure.gravatar.com\\\/avatar\\\/36e6bcb83148978b992977cb0f54d22feb0cce8a0a849a9410532bb2623ba4c6?s=96&d=mm&r=g\",\"width\":96,\"height\":96,\"caption\":\"Juh\\u00e1sz P\\u00e9ter\"}},{\"@type\":\"WebPage\",\"@id\":\"https:\\\/\\\/allasorias.hu\\\/hirek\\\/szukseg-van-a-minosegi-munkaerore\\\/#webpage\",\"url\":\"https:\\\/\\\/allasorias.hu\\\/hirek\\\/szukseg-van-a-minosegi-munkaerore\\\/\",\"name\":\"Sz\\u00fcks\\u00e9g van a min\\u0151s\\u00e9gi munkaer\\u0151re | Allasorias.hu\\\/Hirek\",\"description\":\"A most diplom\\u00e1t szerz\\u0151knek fel kell k\\u00e9sz\\u00fclni\\u00fck az eg\\u00e9sz \\u00e9leten \\u00e1t tart\\u00f3 tanul\\u00e1sra, hiszen nagy sz\\u00fcks\\u00e9g van a min\\u0151s\\u00e9gi szaktud\\u00e1sra minden ter\\u00fcleten.\",\"inLanguage\":\"hu-HU\",\"isPartOf\":{\"@id\":\"https:\\\/\\\/allasorias.hu\\\/hirek\\\/#website\"},\"breadcrumb\":{\"@id\":\"https:\\\/\\\/allasorias.hu\\\/hirek\\\/szukseg-van-a-minosegi-munkaerore\\\/#breadcrumblist\"},\"author\":{\"@id\":\"https:\\\/\\\/allasorias.hu\\\/hirek\\\/author\\\/admin-allasorias\\\/#author\"},\"creator\":{\"@id\":\"https:\\\/\\\/allasorias.hu\\\/hirek\\\/author\\\/admin-allasorias\\\/#author\"},\"image\":{\"@type\":\"ImageObject\",\"url\":\"https:\\\/\\\/allasorias.hu\\\/hirek\\\/wp-content\\\/uploads\\\/2023\\\/07\\\/minosegi-munkaero.jpg\",\"@id\":\"https:\\\/\\\/allasorias.hu\\\/hirek\\\/szukseg-van-a-minosegi-munkaerore\\\/#mainImage\",\"width\":1280,\"height\":854,\"caption\":\"Sz\\u00fcks\\u00e9g van a min\\u0151s\\u00e9gi munkaer\\u0151re - Allasorias.hu\\\/Hirek\"},\"primaryImageOfPage\":{\"@id\":\"https:\\\/\\\/allasorias.hu\\\/hirek\\\/szukseg-van-a-minosegi-munkaerore\\\/#mainImage\"},\"datePublished\":\"2023-07-03T07:24:05+02:00\",\"dateModified\":\"2023-07-03T07:24:05+02:00\"},{\"@type\":\"WebSite\",\"@id\":\"https:\\\/\\\/allasorias.hu\\\/hirek\\\/#website\",\"url\":\"https:\\\/\\\/allasorias.hu\\\/hirek\\\/\",\"name\":\"AllasOrias.hu | H\\u00edrek-lapszemle\",\"description\":\"\\u00dczleti h\\u00edrek az \\u00e1ll\\u00e1s \\u00e9s a munka vil\\u00e1g\\u00e1b\\u00f3l\",\"inLanguage\":\"hu-HU\",\"publisher\":{\"@id\":\"https:\\\/\\\/allasorias.hu\\\/hirek\\\/#organization\"}}]}\n\t\t<\/script>\n\t\t<!-- All in One SEO -->\n\n","aioseo_head_json":{"title":"Sz\u00fcks\u00e9g van a min\u0151s\u00e9gi munkaer\u0151re | Allasorias.hu\/Hirek","description":"A most diplom\u00e1t szerz\u0151knek fel kell k\u00e9sz\u00fclni\u00fck az eg\u00e9sz \u00e9leten \u00e1t tart\u00f3 tanul\u00e1sra, hiszen nagy sz\u00fcks\u00e9g van a min\u0151s\u00e9gi szaktud\u00e1sra minden ter\u00fcleten.","canonical_url":"https:\/\/allasorias.hu\/hirek\/szukseg-van-a-minosegi-munkaerore\/","robots":"max-image-preview:large","keywords":"oktat\u00e1s,szakm\u00e1k","webmasterTools":{"miscellaneous":""},"schema":{"@context":"https:\/\/schema.org","@graph":[{"@type":"Article","@id":"https:\/\/allasorias.hu\/hirek\/szukseg-van-a-minosegi-munkaerore\/#article","name":"Sz\u00fcks\u00e9g van a min\u0151s\u00e9gi munkaer\u0151re | Allasorias.hu\/Hirek","headline":"Sz\u00fcks\u00e9g van a min\u0151s\u00e9gi munkaer\u0151re","author":{"@id":"https:\/\/allasorias.hu\/hirek\/author\/admin-allasorias\/#author"},"publisher":{"@id":"https:\/\/allasorias.hu\/hirek\/#organization"},"image":{"@type":"ImageObject","url":"https:\/\/allasorias.hu\/hirek\/wp-content\/uploads\/2023\/07\/minosegi-munkaero.jpg","width":1280,"height":854,"caption":"Sz\u00fcks\u00e9g van a min\u0151s\u00e9gi munkaer\u0151re - Allasorias.hu\/Hirek"},"datePublished":"2023-07-03T07:24:05+02:00","dateModified":"2023-07-03T07:24:05+02:00","inLanguage":"hu-HU","mainEntityOfPage":{"@id":"https:\/\/allasorias.hu\/hirek\/szukseg-van-a-minosegi-munkaerore\/#webpage"},"isPartOf":{"@id":"https:\/\/allasorias.hu\/hirek\/szukseg-van-a-minosegi-munkaerore\/#webpage"},"articleSection":"Munkaer\u0151piac, Oktat\u00e1s, szakm\u00e1k"},{"@type":"BreadcrumbList","@id":"https:\/\/allasorias.hu\/hirek\/szukseg-van-a-minosegi-munkaerore\/#breadcrumblist","itemListElement":[{"@type":"ListItem","@id":"https:\/\/allasorias.hu\/hirek#listItem","position":1,"name":"Home","item":"https:\/\/allasorias.hu\/hirek","nextItem":{"@type":"ListItem","@id":"https:\/\/allasorias.hu\/hirek\/temak\/munkaeropiac\/#listItem","name":"Munkaer\u0151piac"}},{"@type":"ListItem","@id":"https:\/\/allasorias.hu\/hirek\/temak\/munkaeropiac\/#listItem","position":2,"name":"Munkaer\u0151piac","item":"https:\/\/allasorias.hu\/hirek\/temak\/munkaeropiac\/","nextItem":{"@type":"ListItem","@id":"https:\/\/allasorias.hu\/hirek\/szukseg-van-a-minosegi-munkaerore\/#listItem","name":"Sz\u00fcks\u00e9g van a min\u0151s\u00e9gi munkaer\u0151re"},"previousItem":{"@type":"ListItem","@id":"https:\/\/allasorias.hu\/hirek#listItem","name":"Home"}},{"@type":"ListItem","@id":"https:\/\/allasorias.hu\/hirek\/szukseg-van-a-minosegi-munkaerore\/#listItem","position":3,"name":"Sz\u00fcks\u00e9g van a min\u0151s\u00e9gi munkaer\u0151re","previousItem":{"@type":"ListItem","@id":"https:\/\/allasorias.hu\/hirek\/temak\/munkaeropiac\/#listItem","name":"Munkaer\u0151piac"}}]},{"@type":"Organization","@id":"https:\/\/allasorias.hu\/hirek\/#organization","name":"AllasOrias.hu | H\u00edrek-lapszemle","description":"\u00dczleti h\u00edrek az \u00e1ll\u00e1s \u00e9s a munka vil\u00e1g\u00e1b\u00f3l","url":"https:\/\/allasorias.hu\/hirek\/","logo":{"@type":"ImageObject","url":"https:\/\/allasorias.hu\/hirek\/wp-content\/uploads\/2022\/10\/allasorias_site_facebok_logo.png","@id":"https:\/\/allasorias.hu\/hirek\/szukseg-van-a-minosegi-munkaerore\/#organizationLogo"},"image":{"@id":"https:\/\/allasorias.hu\/hirek\/szukseg-van-a-minosegi-munkaerore\/#organizationLogo"},"sameAs":["https:\/\/www.facebook.com\/allasorias","https:\/\/www.linkedin.com\/company\/allasorias"]},{"@type":"Person","@id":"https:\/\/allasorias.hu\/hirek\/author\/admin-allasorias\/#author","url":"https:\/\/allasorias.hu\/hirek\/author\/admin-allasorias\/","name":"Juh\u00e1sz P\u00e9ter","image":{"@type":"ImageObject","@id":"https:\/\/allasorias.hu\/hirek\/szukseg-van-a-minosegi-munkaerore\/#authorImage","url":"https:\/\/secure.gravatar.com\/avatar\/36e6bcb83148978b992977cb0f54d22feb0cce8a0a849a9410532bb2623ba4c6?s=96&d=mm&r=g","width":96,"height":96,"caption":"Juh\u00e1sz P\u00e9ter"}},{"@type":"WebPage","@id":"https:\/\/allasorias.hu\/hirek\/szukseg-van-a-minosegi-munkaerore\/#webpage","url":"https:\/\/allasorias.hu\/hirek\/szukseg-van-a-minosegi-munkaerore\/","name":"Sz\u00fcks\u00e9g van a min\u0151s\u00e9gi munkaer\u0151re | Allasorias.hu\/Hirek","description":"A most diplom\u00e1t szerz\u0151knek fel kell k\u00e9sz\u00fclni\u00fck az eg\u00e9sz \u00e9leten \u00e1t tart\u00f3 tanul\u00e1sra, hiszen nagy sz\u00fcks\u00e9g van a min\u0151s\u00e9gi szaktud\u00e1sra minden ter\u00fcleten.","inLanguage":"hu-HU","isPartOf":{"@id":"https:\/\/allasorias.hu\/hirek\/#website"},"breadcrumb":{"@id":"https:\/\/allasorias.hu\/hirek\/szukseg-van-a-minosegi-munkaerore\/#breadcrumblist"},"author":{"@id":"https:\/\/allasorias.hu\/hirek\/author\/admin-allasorias\/#author"},"creator":{"@id":"https:\/\/allasorias.hu\/hirek\/author\/admin-allasorias\/#author"},"image":{"@type":"ImageObject","url":"https:\/\/allasorias.hu\/hirek\/wp-content\/uploads\/2023\/07\/minosegi-munkaero.jpg","@id":"https:\/\/allasorias.hu\/hirek\/szukseg-van-a-minosegi-munkaerore\/#mainImage","width":1280,"height":854,"caption":"Sz\u00fcks\u00e9g van a min\u0151s\u00e9gi munkaer\u0151re - Allasorias.hu\/Hirek"},"primaryImageOfPage":{"@id":"https:\/\/allasorias.hu\/hirek\/szukseg-van-a-minosegi-munkaerore\/#mainImage"},"datePublished":"2023-07-03T07:24:05+02:00","dateModified":"2023-07-03T07:24:05+02:00"},{"@type":"WebSite","@id":"https:\/\/allasorias.hu\/hirek\/#website","url":"https:\/\/allasorias.hu\/hirek\/","name":"AllasOrias.hu | H\u00edrek-lapszemle","description":"\u00dczleti h\u00edrek az \u00e1ll\u00e1s \u00e9s a munka vil\u00e1g\u00e1b\u00f3l","inLanguage":"hu-HU","publisher":{"@id":"https:\/\/allasorias.hu\/hirek\/#organization"}}]},"og:locale":"hu_HU","og:site_name":"AllasOrias.hu | H\u00edrek-lapszemle | \u00dczleti h\u00edrek az \u00e1ll\u00e1s \u00e9s a munka vil\u00e1g\u00e1b\u00f3l","og:type":"article","og:title":"Sz\u00fcks\u00e9g van a min\u0151s\u00e9gi munkaer\u0151re | Allasorias.hu\/Hirek","og:description":"A most diplom\u00e1t szerz\u0151knek fel kell k\u00e9sz\u00fclni\u00fck az eg\u00e9sz \u00e9leten \u00e1t tart\u00f3 tanul\u00e1sra, hiszen nagy sz\u00fcks\u00e9g van a min\u0151s\u00e9gi szaktud\u00e1sra minden ter\u00fcleten.","og:url":"https:\/\/allasorias.hu\/hirek\/szukseg-van-a-minosegi-munkaerore\/","og:image":"https:\/\/allasorias.hu\/hirek\/wp-content\/uploads\/2023\/07\/minosegi-munkaero.jpg","og:image:secure_url":"https:\/\/allasorias.hu\/hirek\/wp-content\/uploads\/2023\/07\/minosegi-munkaero.jpg","og:image:width":1280,"og:image:height":854,"article:published_time":"2023-07-03T07:24:05+00:00","article:modified_time":"2023-07-03T07:24:05+00:00","article:publisher":"https:\/\/www.facebook.com\/allasorias","twitter:card":"summary_large_image","twitter:title":"Sz\u00fcks\u00e9g van a min\u0151s\u00e9gi munkaer\u0151re | Allasorias.hu\/Hirek","twitter:description":"A most diplom\u00e1t szerz\u0151knek fel kell k\u00e9sz\u00fclni\u00fck az eg\u00e9sz \u00e9leten \u00e1t tart\u00f3 tanul\u00e1sra, hiszen nagy sz\u00fcks\u00e9g van a min\u0151s\u00e9gi szaktud\u00e1sra minden ter\u00fcleten.","twitter:image":"https:\/\/allasorias.hu\/hirek\/wp-content\/uploads\/2023\/07\/minosegi-munkaero.jpg","twitter:label1":"Written by","twitter:data1":"Juh\u00e1sz P\u00e9ter","twitter:label2":"Est. reading time","twitter:data2":"2 minutes"},"aioseo_meta_data":{"post_id":"6600","title":"#post_title | Allasorias.hu\/Hirek","description":"A most diplom\u00e1t szerz\u0151knek fel kell k\u00e9sz\u00fclni\u00fck az eg\u00e9sz \u00e9leten \u00e1t tart\u00f3 tanul\u00e1sra, hiszen nagy sz\u00fcks\u00e9g van a min\u0151s\u00e9gi szaktud\u00e1sra minden ter\u00fcleten.","keywords":[],"keyphrases":{"focus":{"keyphrase":"","score":0,"analysis":{"keyphraseInTitle":{"score":0,"maxScore":9,"error":1}}},"additional":[]},"primary_term":null,"canonical_url":null,"og_title":null,"og_description":null,"og_object_type":"default","og_image_type":"default","og_image_url":null,"og_image_width":null,"og_image_height":null,"og_image_custom_url":null,"og_image_custom_fields":null,"og_video":"","og_custom_url":null,"og_article_section":null,"og_article_tags":[],"twitter_use_og":true,"twitter_card":"default","twitter_image_type":"default","twitter_image_url":null,"twitter_image_custom_url":null,"twitter_image_custom_fields":null,"twitter_title":null,"twitter_description":null,"schema":{"blockGraphs":[],"customGraphs":[],"default":{"data":{"Article":[],"Course":[],"Dataset":[],"FAQPage":[],"Movie":[],"Person":[],"Product":[],"ProductReview":[],"Car":[],"Recipe":[],"Service":[],"SoftwareApplication":[],"WebPage":[]},"graphName":"","isEnabled":true},"graphs":[]},"schema_type":"default","schema_type_options":null,"pillar_content":false,"robots_default":true,"robots_noindex":false,"robots_noarchive":false,"robots_nosnippet":false,"robots_nofollow":false,"robots_noimageindex":false,"robots_noodp":false,"robots_notranslate":false,"robots_max_snippet":"-1","robots_max_videopreview":"-1","robots_max_imagepreview":"large","priority":null,"frequency":"default","location":null,"local_seo":null,"breadcrumb_settings":null,"limit_modified_date":false,"ai":null,"created":"2023-07-03 07:06:23","updated":"2025-10-02 18:49:14","seo_analyzer_scan_date":null,"focus_keyword":null,"additional_keywords":null,"truseo_locale":null},"aioseo_breadcrumb":"<div class=\"aioseo-breadcrumbs\"><span class=\"aioseo-breadcrumb\">\n\t\t\t<a href=\"https:\/\/allasorias.hu\/hirek\" title=\"Home\">Home<\/a>\n\t\t<\/span><span class=\"aioseo-breadcrumb-separator\">&raquo;<\/span><span class=\"aioseo-breadcrumb\">\n\t\t\t<a href=\"https:\/\/allasorias.hu\/hirek\/temak\/munkaeropiac\/\" title=\"Munkaer\u0151piac\">Munkaer\u0151piac<\/a>\n\t\t<\/span><span class=\"aioseo-breadcrumb-separator\">&raquo;<\/span><span class=\"aioseo-breadcrumb\">\n\t\t\tSz\u00fcks\u00e9g van a min\u0151s\u00e9gi munkaer\u0151re\n\t\t<\/span><\/div>","aioseo_breadcrumb_json":[{"label":"Home","link":"https:\/\/allasorias.hu\/hirek"},{"label":"Munkaer\u0151piac","link":"https:\/\/allasorias.hu\/hirek\/temak\/munkaeropiac\/"},{"label":"Sz\u00fcks\u00e9g van a min\u0151s\u00e9gi munkaer\u0151re","link":"https:\/\/allasorias.hu\/hirek\/szukseg-van-a-minosegi-munkaerore\/"}],"_links":{"self":[{"href":"https:\/\/allasorias.hu\/hirek\/wp-json\/wp\/v2\/posts\/6600","targetHints":{"allow":["GET"]}}],"collection":[{"href":"https:\/\/allasorias.hu\/hirek\/wp-json\/wp\/v2\/posts"}],"about":[{"href":"https:\/\/allasorias.hu\/hirek\/wp-json\/wp\/v2\/types\/post"}],"author":[{"embeddable":true,"href":"https:\/\/allasorias.hu\/hirek\/wp-json\/wp\/v2\/users\/1"}],"replies":[{"embeddable":true,"href":"https:\/\/allasorias.hu\/hirek\/wp-json\/wp\/v2\/comments?post=6600"}],"version-history":[{"count":1,"href":"https:\/\/allasorias.hu\/hirek\/wp-json\/wp\/v2\/posts\/6600\/revisions"}],"predecessor-version":[{"id":6602,"href":"https:\/\/allasorias.hu\/hirek\/wp-json\/wp\/v2\/posts\/6600\/revisions\/6602"}],"wp:featuredmedia":[{"embeddable":true,"href":"https:\/\/allasorias.hu\/hirek\/wp-json\/wp\/v2\/media\/6601"}],"wp:attachment":[{"href":"https:\/\/allasorias.hu\/hirek\/wp-json\/wp\/v2\/media?parent=6600"}],"wp:term":[{"taxonomy":"category","embeddable":true,"href":"https:\/\/allasorias.hu\/hirek\/wp-json\/wp\/v2\/categories?post=6600"},{"taxonomy":"post_tag","embeddable":true,"href":"https:\/\/allasorias.hu\/hirek\/wp-json\/wp\/v2\/tags?post=6600"}],"curies":[{"name":"wp","href":"https:\/\/api.w.org\/{rel}","templated":true}]}}