{"id":6567,"date":"2023-06-19T12:12:22","date_gmt":"2023-06-19T12:12:22","guid":{"rendered":"https:\/\/allasorias.hu\/hirek\/?p=6567"},"modified":"2023-06-19T12:12:22","modified_gmt":"2023-06-19T12:12:22","slug":"ki-akar-kulfoldi-munkaerot-hazankban","status":"publish","type":"post","link":"https:\/\/allasorias.hu\/hirek\/ki-akar-kulfoldi-munkaerot-hazankban\/","title":{"rendered":"Ki akar k\u00fclf\u00f6ldi munkaer\u0151t haz\u00e1nkban?"},"content":{"rendered":"<p><strong>Egy felm\u00e9r\u00e9s szerint, b\u00e1rmennyire is sz\u00fcks\u00e9g van a k\u00fclf\u00f6ldi munkaer\u0151re a piacon, nem mindenki \u00f6r\u00fcl a vend\u00e9gmunk\u00e1soknak. A t\u00e1mogat\u00f3k ar\u00e1nya 17%-os. Az elfogadotts\u00e1g ter\u00fcletenk\u00e9nt is m\u00e1s.<\/strong><\/p>\n<p>A <a href=\"https:\/\/www.pulzus.eu\/\" target=\"_blank\" rel=\"nofollow noopener noreferrer\">Pulzus<\/a> kutat\u00e1s\u00e1ban a v\u00e1laszad\u00f3k t\u00f6bbs\u00e9ge szerint hazai munkahelyre magyar munkav\u00e1llal\u00f3t kell alkalmazni. 17 sz\u00e1zal\u00e9knak viszont teljesen elfogadhat\u00f3, hogy k\u00fclf\u00f6ldiekkel t\u00f6lts\u00e9k be az \u00fcres magyar \u00e1ll\u00e1shelyeket. A megk\u00e9rdezettek t\u00f6bb mint fele elutas\u00edt\u00f3 a k\u00fclf\u00f6ldi munkav\u00e1llal\u00f3kkal kapcsolatban: ez a f\u00e9rfiakn\u00e1l 53, m\u00edg a n\u0151kn\u00e9l 69 sz\u00e1zal\u00e9k. A f\u00e9rfiak szignifik\u00e1nsan magasabb ar\u00e1nyban (23 sz\u00e1zal\u00e9k) t\u00e1mogatt\u00e1k a <a href=\"https:\/\/allasorias.hu\/hirek\/egyre-tobb-vallalkozas-foglalkoztat-kulfoldi-munkerot\/\">k\u00fclf\u00f6ldi munkaer\u0151<\/a> itthoni alkalmaz\u00e1s\u00e1t, mint a n\u0151k (13 sz\u00e1zal\u00e9k). Az er\u0151sebbik nem 17 sz\u00e1zal\u00e9k\u00e1nak nincs kifog\u00e1sa a k\u00fclf\u00f6ldi munkaer\u0151vel, ha az nem Eur\u00f3p\u00e1n k\u00edv\u00fclr\u0151l \u00e9rkezik, a n\u0151kn\u00e9l ez az ar\u00e1ny 9 sz\u00e1zal\u00e9k.<\/p>\n<p>A 18-39 \u00e9ves koroszt\u00e1ly 52 sz\u00e1zal\u00e9ka nem t\u00e1mogatja a k\u00fclf\u00f6ldiek magyarorsz\u00e1gi munkav\u00e1llal\u00e1s\u00e1t, a 40-59 \u00e9ves kor\u00faak k\u00f6r\u00e9ben m\u00e1r 64 sz\u00e1zal\u00e9k ez az ar\u00e1ny, m\u00edg a legid\u0151sebb koroszt\u00e1ly a legink\u00e1bb elutas\u00edt\u00f3 ezen a t\u00e9ren (71 sz\u00e1zal\u00e9k). Azok k\u00f6z\u00f6tt, akik t\u00e1mogatj\u00e1k a k\u00fclf\u00f6ldiek itteni munkav\u00e1llal\u00e1s\u00e1t, nem volt nagy k\u00fcl\u00f6nbs\u00e9g a korcsoportok k\u00f6z\u00f6tt: 16-18 sz\u00e1zal\u00e9k k\u00f6z\u00f6tt van az ar\u00e1nyuk. J\u00f3val nagyobb a megoszl\u00e1s viszont ann\u00e1l a k\u00e9rd\u00e9sn\u00e9l, hogy j\u00f6jjenek k\u00fclf\u00f6ldi munkav\u00e1llal\u00f3k, csak ne \u00c1zsi\u00e1b\u00f3l. Itt a 18-39 \u00e9vesek egy\u00f6t\u00f6de v\u00e1laszolt igennel, a k\u00f6z\u00e9pkor\u00faakn\u00e1k (40-59 \u00e9vesek) viszont m\u00e1r csak 9 sz\u00e1zal\u00e9kos az ar\u00e1ny, m\u00edg a legid\u0151sebbekn\u00e9l csup\u00e1n 7 sz\u00e1zal\u00e9k.<\/p>\n<h2>Sz\u00e1m\u00edt a v\u00e9gzetts\u00e9g<\/h2>\n<p>A v\u00e9gzetts\u00e9g alapvet\u0151en meghat\u00e1rozza a k\u00fclf\u00f6ldi munkav\u00e1llal\u00f3khoz t\u00f6rt\u00e9n\u0151 hozz\u00e1\u00e1ll\u00e1st. J\u00f3val elfogad\u00f3bbak a fels\u0151fok\u00fa v\u00e9gzetts\u00e9g\u0171ek, akiknek a 30 sz\u00e1zal\u00e9ka t\u00e1mogatja az \u00fcres hazai munkahelyek felt\u00f6lt\u00e9s\u00e9t k\u00fclf\u00f6ldiekkel, a k\u00f6z\u00e9pfok\u00fa v\u00e9gzetts\u00e9g\u0171ekn\u00e9l\u00a0 ez 22 sz\u00e1zal\u00e9k, m\u00edg az alapfok\u00fa v\u00e9gzetts\u00e9ggel b\u00edr\u00f3kn\u00e1l mind\u00f6ssze 12 sz\u00e1zal\u00e9k \u00e1llt hozz\u00e1 pozit\u00edvan a k\u00e9rd\u00e9shez. A diplom\u00e1sok kevesebb mint fele (47 sz\u00e1zal\u00e9k) ragaszkodott ahhoz, hogy itthoni munkahelyre csak magyar munkav\u00e1llal\u00f3t vegyenek fel. A k\u00f6z\u00e9pfok\u00fa v\u00e9gzetts\u00e9g\u0171ekn\u00e9l m\u00e1r ezt akarja a t\u00f6bbs\u00e9g (54 sz\u00e1zal\u00e9k), m\u00edg az alapfok\u00fa v\u00e9gzetts\u00e9g\u0171 megk\u00e9rdezettekn\u00e9l ez az ar\u00e1ny m\u00e1r 70 sz\u00e1zal\u00e9k.<\/p>\n<p>Telep\u00fcl\u00e9st\u00edpus szerint a f\u0151v\u00e1rosban (22 sz\u00e1zal\u00e9k) \u00e9s a megyesz\u00e9khelyeken (20 sz\u00e1zal\u00e9k) elfogad\u00f3bbak az emberek a vend\u00e9gmunk\u00e1sokkal szemben, m\u00edg a k\u00f6zs\u00e9gekben a legink\u00e1bb elutas\u00edt\u00f3ak, ahol mind\u00f6ssze a 12 sz\u00e1zal\u00e9kuk l\u00e1tna sz\u00edvesen k\u00fclf\u00f6ldi munkav\u00e1llal\u00f3t. A hagyom\u00e1nyos kutat\u00e1si adatfelv\u00e9tel az eg\u00e9sz vil\u00e1gon v\u00e1ls\u00e1gban van. Egyre nehezebb szem\u00e9lyes interj\u00fakat k\u00e9sz\u00edteni, a v\u00e1laszad\u00f3i hajland\u00f3s\u00e1g cs\u00f6kken\u00e9se miatt a telefon-interj\u00fas megkeres\u00e9s is egyre nagyobb neh\u00e9zs\u00e9gekbe \u00fctk\u00f6zik. A vezet\u00e9kes telefont els\u0151sorban az id\u0151sebbek haszn\u00e1lj\u00e1k, a mobiltelefon besz\u00e9d-\u00e1tviteli funkci\u00f3ja pedig kezd kiszorulni a fiatalok \u00e9s a nagyon fiatalok kommunik\u00e1ci\u00f3s eszk\u00f6zt\u00e1r\u00e1b\u00f3l.<\/p>\n<h2>Okostelefonon t\u00f6rt\u00e9nik az adatfelv\u00e9tel<\/h2>\n<p>A szem\u00e9lyes adatfelv\u00e9tel mindezek miatt dr\u00e1g\u00e1bb lett. A Pulzus\u00a9 Kutat\u00e1si Rendszer az egyik leg\u00fajabb kutat\u00e1si technika, ami egy els\u0151sorban okostelefonokra telep\u00edtett alkalmaz\u00e1s seg\u00edts\u00e9g\u00e9vel teszi lehet\u0151v\u00e9\u00a0 piac- \u00e9s v\u00e9lem\u00e9nykutat\u00e1sok kivitelez\u00e9s\u00e9t. A k\u00e9rdez\u00e9s \u00e1tfut\u00e1si ideje nem hetekben, hanem \u00f3r\u00e1kban, maximum n\u00e9h\u00e1ny napban m\u00e9rhet\u0151, ilyen m\u00f3don \u201ereal-time\u201d adatokkal szolg\u00e1l. A Pulzus\u00a9 Kutat\u00e1si Rendszerrel v\u00e9gzett kutat\u00e1sok \u00e1rai kedvez\u0151ek, hiszen nem rak\u00f3dnak r\u00e1 a terepmunka nagyobb k\u00f6lts\u00e9gei. A Magyar Target-Pulzus M\u00e9dia Kutat\u00f3 Kft. tulajdonosi k\u00f6re \u00e9s munkat\u00e1rsai t\u00f6bb \u00e9vtizedes telemarketing, piackutat\u00e1si \u00e9s v\u00e9lem\u00e9nykutat\u00e1si tapasztalattal rendelkeznek. Munk\u00e1jukat a legmodernebb technikai eszk\u00f6z\u00f6k t\u00e1mogatj\u00e1k.<\/p>\n<p>Forr\u00e1s: <a href=\"https:\/\/www.napi.hu\/gazdasag\/magyarok-kulfoldi-munkavallalok-kutatas-pulzus.772840.html\" target=\"_blank\" rel=\"nofollow noopener noreferrer\">napi.hu<\/a><\/p>\n","protected":false},"excerpt":{"rendered":"<p>Egy felm\u00e9r\u00e9s szerint, b\u00e1rmennyire is sz\u00fcks\u00e9g van a k\u00fclf\u00f6ldi munkaer\u0151re a piacon, nem mindenki \u00f6r\u00fcl a vend\u00e9gmunk\u00e1soknak. A t\u00e1mogat\u00f3k ar\u00e1nya 17%-os. Az elfogadotts\u00e1g ter\u00fcletenk\u00e9nt is m\u00e1s. A Pulzus kutat\u00e1s\u00e1ban a v\u00e1laszad\u00f3k t\u00f6bbs\u00e9ge szerint hazai munkahelyre magyar munkav\u00e1llal\u00f3t kell alkalmazni. 17 sz\u00e1zal\u00e9knak viszont teljesen elfogadhat\u00f3, hogy k\u00fclf\u00f6ldiekkel t\u00f6lts\u00e9k be az \u00fcres magyar \u00e1ll\u00e1shelyeket. A megk\u00e9rdezettek t\u00f6bb [&hellip;]<\/p>\n","protected":false},"author":1,"featured_media":6568,"comment_status":"open","ping_status":"open","sticky":false,"template":"","format":"standard","meta":{"_monsterinsights_skip_tracking":false,"footnotes":""},"categories":[201],"tags":[536,383],"class_list":["post-6567","post","type-post","status-publish","format-standard","has-post-thumbnail","hentry","category-kulfold","tag-kulfoldi-munkaero","tag-kutatas"],"aioseo_notices":[],"aioseo_head":"\n\t\t<!-- All in One SEO 5.0.0.1 - aioseo.com -->\n\t<meta name=\"description\" content=\"Egy felm\u00e9r\u00e9s szerint, b\u00e1rmennyire is sz\u00fcks\u00e9g van a k\u00fclf\u00f6ldi munkaer\u0151re a piacon, nem mindenki \u00f6r\u00fcl a vend\u00e9gmunk\u00e1soknak. A t\u00e1mogat\u00f3k ar\u00e1nya 17%-os.\" \/>\n\t<meta name=\"robots\" content=\"max-image-preview:large\" \/>\n\t<meta name=\"author\" content=\"Juh\u00e1sz P\u00e9ter\"\/>\n\t<meta name=\"keywords\" content=\"k\u00fclf\u00f6ldi munkaer\u0151,kutat\u00e1s\" \/>\n\t<link rel=\"canonical\" href=\"https:\/\/allasorias.hu\/hirek\/ki-akar-kulfoldi-munkaerot-hazankban\/\" \/>\n\t<meta name=\"generator\" content=\"All in One SEO (AIOSEO) 5.0.0.1\" \/>\n\t\t<meta property=\"og:locale\" content=\"hu_HU\" \/>\n\t\t<meta property=\"og:site_name\" content=\"AllasOrias.hu | H\u00edrek-lapszemle | \u00dczleti h\u00edrek az \u00e1ll\u00e1s \u00e9s a munka vil\u00e1g\u00e1b\u00f3l\" \/>\n\t\t<meta property=\"og:type\" content=\"article\" \/>\n\t\t<meta property=\"og:title\" content=\"Ki akar k\u00fclf\u00f6ldi munkaer\u0151t haz\u00e1nkban? | Allasorias.hu\" \/>\n\t\t<meta property=\"og:description\" content=\"Egy felm\u00e9r\u00e9s szerint, b\u00e1rmennyire is sz\u00fcks\u00e9g van a k\u00fclf\u00f6ldi munkaer\u0151re a piacon, nem mindenki \u00f6r\u00fcl a vend\u00e9gmunk\u00e1soknak. A t\u00e1mogat\u00f3k ar\u00e1nya 17%-os.\" \/>\n\t\t<meta property=\"og:url\" content=\"https:\/\/allasorias.hu\/hirek\/ki-akar-kulfoldi-munkaerot-hazankban\/\" \/>\n\t\t<meta property=\"og:image\" content=\"https:\/\/allasorias.hu\/hirek\/wp-content\/uploads\/2023\/06\/kulfoldi-munkaero-felmeres.jpg\" \/>\n\t\t<meta property=\"og:image:secure_url\" content=\"https:\/\/allasorias.hu\/hirek\/wp-content\/uploads\/2023\/06\/kulfoldi-munkaero-felmeres.jpg\" \/>\n\t\t<meta property=\"og:image:width\" content=\"1280\" \/>\n\t\t<meta property=\"og:image:height\" content=\"853\" \/>\n\t\t<meta property=\"article:published_time\" content=\"2023-06-19T12:12:22+00:00\" \/>\n\t\t<meta property=\"article:modified_time\" content=\"2023-06-19T12:12:22+00:00\" \/>\n\t\t<meta property=\"article:publisher\" content=\"https:\/\/www.facebook.com\/allasorias\" \/>\n\t\t<meta name=\"twitter:card\" content=\"summary_large_image\" \/>\n\t\t<meta name=\"twitter:title\" content=\"Ki akar k\u00fclf\u00f6ldi munkaer\u0151t haz\u00e1nkban? | Allasorias.hu\" \/>\n\t\t<meta name=\"twitter:description\" content=\"Egy felm\u00e9r\u00e9s szerint, b\u00e1rmennyire is sz\u00fcks\u00e9g van a k\u00fclf\u00f6ldi munkaer\u0151re a piacon, nem mindenki \u00f6r\u00fcl a vend\u00e9gmunk\u00e1soknak. A t\u00e1mogat\u00f3k ar\u00e1nya 17%-os.\" \/>\n\t\t<meta name=\"twitter:image\" content=\"https:\/\/allasorias.hu\/hirek\/wp-content\/uploads\/2023\/06\/kulfoldi-munkaero-felmeres.jpg\" \/>\n\t\t<meta name=\"twitter:label1\" content=\"Written by\" \/>\n\t\t<meta name=\"twitter:data1\" content=\"Juh\u00e1sz P\u00e9ter\" \/>\n\t\t<meta name=\"twitter:label2\" content=\"Est. reading time\" \/>\n\t\t<meta name=\"twitter:data2\" content=\"4 minutes\" \/>\n\t\t<script type=\"application\/ld+json\" class=\"aioseo-schema\">\n\t\t\t{\"@context\":\"https:\\\/\\\/schema.org\",\"@graph\":[{\"@type\":\"Article\",\"@id\":\"https:\\\/\\\/allasorias.hu\\\/hirek\\\/ki-akar-kulfoldi-munkaerot-hazankban\\\/#article\",\"name\":\"Ki akar k\\u00fclf\\u00f6ldi munkaer\\u0151t haz\\u00e1nkban? | Allasorias.hu\",\"headline\":\"Ki akar k\\u00fclf\\u00f6ldi munkaer\\u0151t haz\\u00e1nkban?\",\"author\":{\"@id\":\"https:\\\/\\\/allasorias.hu\\\/hirek\\\/author\\\/admin-allasorias\\\/#author\"},\"publisher\":{\"@id\":\"https:\\\/\\\/allasorias.hu\\\/hirek\\\/#organization\"},\"image\":{\"@type\":\"ImageObject\",\"url\":\"https:\\\/\\\/allasorias.hu\\\/hirek\\\/wp-content\\\/uploads\\\/2023\\\/06\\\/kulfoldi-munkaero-felmeres.jpg\",\"width\":1280,\"height\":853,\"caption\":\"Ki akar k\\u00fclf\\u00f6ldi munkaer\\u0151t haz\\u00e1nkban? - Allasorias.hu\\\/Hirek\"},\"datePublished\":\"2023-06-19T12:12:22+02:00\",\"dateModified\":\"2023-06-19T12:12:22+02:00\",\"inLanguage\":\"hu-HU\",\"mainEntityOfPage\":{\"@id\":\"https:\\\/\\\/allasorias.hu\\\/hirek\\\/ki-akar-kulfoldi-munkaerot-hazankban\\\/#webpage\"},\"isPartOf\":{\"@id\":\"https:\\\/\\\/allasorias.hu\\\/hirek\\\/ki-akar-kulfoldi-munkaerot-hazankban\\\/#webpage\"},\"articleSection\":\"K\\u00fclf\\u00f6ld, k\\u00fclf\\u00f6ldi munkaer\\u0151, kutat\\u00e1s\"},{\"@type\":\"BreadcrumbList\",\"@id\":\"https:\\\/\\\/allasorias.hu\\\/hirek\\\/ki-akar-kulfoldi-munkaerot-hazankban\\\/#breadcrumblist\",\"itemListElement\":[{\"@type\":\"ListItem\",\"@id\":\"https:\\\/\\\/allasorias.hu\\\/hirek#listItem\",\"position\":1,\"name\":\"Home\",\"item\":\"https:\\\/\\\/allasorias.hu\\\/hirek\",\"nextItem\":{\"@type\":\"ListItem\",\"@id\":\"https:\\\/\\\/allasorias.hu\\\/hirek\\\/temak\\\/kulfold\\\/#listItem\",\"name\":\"K\\u00fclf\\u00f6ld\"}},{\"@type\":\"ListItem\",\"@id\":\"https:\\\/\\\/allasorias.hu\\\/hirek\\\/temak\\\/kulfold\\\/#listItem\",\"position\":2,\"name\":\"K\\u00fclf\\u00f6ld\",\"item\":\"https:\\\/\\\/allasorias.hu\\\/hirek\\\/temak\\\/kulfold\\\/\",\"nextItem\":{\"@type\":\"ListItem\",\"@id\":\"https:\\\/\\\/allasorias.hu\\\/hirek\\\/ki-akar-kulfoldi-munkaerot-hazankban\\\/#listItem\",\"name\":\"Ki akar k\\u00fclf\\u00f6ldi munkaer\\u0151t haz\\u00e1nkban?\"},\"previousItem\":{\"@type\":\"ListItem\",\"@id\":\"https:\\\/\\\/allasorias.hu\\\/hirek#listItem\",\"name\":\"Home\"}},{\"@type\":\"ListItem\",\"@id\":\"https:\\\/\\\/allasorias.hu\\\/hirek\\\/ki-akar-kulfoldi-munkaerot-hazankban\\\/#listItem\",\"position\":3,\"name\":\"Ki akar k\\u00fclf\\u00f6ldi munkaer\\u0151t haz\\u00e1nkban?\",\"previousItem\":{\"@type\":\"ListItem\",\"@id\":\"https:\\\/\\\/allasorias.hu\\\/hirek\\\/temak\\\/kulfold\\\/#listItem\",\"name\":\"K\\u00fclf\\u00f6ld\"}}]},{\"@type\":\"Organization\",\"@id\":\"https:\\\/\\\/allasorias.hu\\\/hirek\\\/#organization\",\"name\":\"AllasOrias.hu | H\\u00edrek-lapszemle\",\"description\":\"\\u00dczleti h\\u00edrek az \\u00e1ll\\u00e1s \\u00e9s a munka vil\\u00e1g\\u00e1b\\u00f3l\",\"url\":\"https:\\\/\\\/allasorias.hu\\\/hirek\\\/\",\"logo\":{\"@type\":\"ImageObject\",\"url\":\"https:\\\/\\\/allasorias.hu\\\/hirek\\\/wp-content\\\/uploads\\\/2022\\\/10\\\/allasorias_site_facebok_logo.png\",\"@id\":\"https:\\\/\\\/allasorias.hu\\\/hirek\\\/ki-akar-kulfoldi-munkaerot-hazankban\\\/#organizationLogo\"},\"image\":{\"@id\":\"https:\\\/\\\/allasorias.hu\\\/hirek\\\/ki-akar-kulfoldi-munkaerot-hazankban\\\/#organizationLogo\"},\"sameAs\":[\"https:\\\/\\\/www.facebook.com\\\/allasorias\",\"https:\\\/\\\/www.linkedin.com\\\/company\\\/allasorias\"]},{\"@type\":\"Person\",\"@id\":\"https:\\\/\\\/allasorias.hu\\\/hirek\\\/author\\\/admin-allasorias\\\/#author\",\"url\":\"https:\\\/\\\/allasorias.hu\\\/hirek\\\/author\\\/admin-allasorias\\\/\",\"name\":\"Juh\\u00e1sz P\\u00e9ter\",\"image\":{\"@type\":\"ImageObject\",\"@id\":\"https:\\\/\\\/allasorias.hu\\\/hirek\\\/ki-akar-kulfoldi-munkaerot-hazankban\\\/#authorImage\",\"url\":\"https:\\\/\\\/secure.gravatar.com\\\/avatar\\\/36e6bcb83148978b992977cb0f54d22feb0cce8a0a849a9410532bb2623ba4c6?s=96&d=mm&r=g\",\"width\":96,\"height\":96,\"caption\":\"Juh\\u00e1sz P\\u00e9ter\"}},{\"@type\":\"WebPage\",\"@id\":\"https:\\\/\\\/allasorias.hu\\\/hirek\\\/ki-akar-kulfoldi-munkaerot-hazankban\\\/#webpage\",\"url\":\"https:\\\/\\\/allasorias.hu\\\/hirek\\\/ki-akar-kulfoldi-munkaerot-hazankban\\\/\",\"name\":\"Ki akar k\\u00fclf\\u00f6ldi munkaer\\u0151t haz\\u00e1nkban? | Allasorias.hu\",\"description\":\"Egy felm\\u00e9r\\u00e9s szerint, b\\u00e1rmennyire is sz\\u00fcks\\u00e9g van a k\\u00fclf\\u00f6ldi munkaer\\u0151re a piacon, nem mindenki \\u00f6r\\u00fcl a vend\\u00e9gmunk\\u00e1soknak. A t\\u00e1mogat\\u00f3k ar\\u00e1nya 17%-os.\",\"inLanguage\":\"hu-HU\",\"isPartOf\":{\"@id\":\"https:\\\/\\\/allasorias.hu\\\/hirek\\\/#website\"},\"breadcrumb\":{\"@id\":\"https:\\\/\\\/allasorias.hu\\\/hirek\\\/ki-akar-kulfoldi-munkaerot-hazankban\\\/#breadcrumblist\"},\"author\":{\"@id\":\"https:\\\/\\\/allasorias.hu\\\/hirek\\\/author\\\/admin-allasorias\\\/#author\"},\"creator\":{\"@id\":\"https:\\\/\\\/allasorias.hu\\\/hirek\\\/author\\\/admin-allasorias\\\/#author\"},\"image\":{\"@type\":\"ImageObject\",\"url\":\"https:\\\/\\\/allasorias.hu\\\/hirek\\\/wp-content\\\/uploads\\\/2023\\\/06\\\/kulfoldi-munkaero-felmeres.jpg\",\"@id\":\"https:\\\/\\\/allasorias.hu\\\/hirek\\\/ki-akar-kulfoldi-munkaerot-hazankban\\\/#mainImage\",\"width\":1280,\"height\":853,\"caption\":\"Ki akar k\\u00fclf\\u00f6ldi munkaer\\u0151t haz\\u00e1nkban? - Allasorias.hu\\\/Hirek\"},\"primaryImageOfPage\":{\"@id\":\"https:\\\/\\\/allasorias.hu\\\/hirek\\\/ki-akar-kulfoldi-munkaerot-hazankban\\\/#mainImage\"},\"datePublished\":\"2023-06-19T12:12:22+02:00\",\"dateModified\":\"2023-06-19T12:12:22+02:00\"},{\"@type\":\"WebSite\",\"@id\":\"https:\\\/\\\/allasorias.hu\\\/hirek\\\/#website\",\"url\":\"https:\\\/\\\/allasorias.hu\\\/hirek\\\/\",\"name\":\"AllasOrias.hu | H\\u00edrek-lapszemle\",\"description\":\"\\u00dczleti h\\u00edrek az \\u00e1ll\\u00e1s \\u00e9s a munka vil\\u00e1g\\u00e1b\\u00f3l\",\"inLanguage\":\"hu-HU\",\"publisher\":{\"@id\":\"https:\\\/\\\/allasorias.hu\\\/hirek\\\/#organization\"}}]}\n\t\t<\/script>\n\t\t<!-- All in One SEO -->\n\n","aioseo_head_json":{"title":"Ki akar k\u00fclf\u00f6ldi munkaer\u0151t haz\u00e1nkban? | Allasorias.hu","description":"Egy felm\u00e9r\u00e9s szerint, b\u00e1rmennyire is sz\u00fcks\u00e9g van a k\u00fclf\u00f6ldi munkaer\u0151re a piacon, nem mindenki \u00f6r\u00fcl a vend\u00e9gmunk\u00e1soknak. A t\u00e1mogat\u00f3k ar\u00e1nya 17%-os.","canonical_url":"https:\/\/allasorias.hu\/hirek\/ki-akar-kulfoldi-munkaerot-hazankban\/","robots":"max-image-preview:large","keywords":"k\u00fclf\u00f6ldi munkaer\u0151,kutat\u00e1s","webmasterTools":{"miscellaneous":""},"schema":{"@context":"https:\/\/schema.org","@graph":[{"@type":"Article","@id":"https:\/\/allasorias.hu\/hirek\/ki-akar-kulfoldi-munkaerot-hazankban\/#article","name":"Ki akar k\u00fclf\u00f6ldi munkaer\u0151t haz\u00e1nkban? | Allasorias.hu","headline":"Ki akar k\u00fclf\u00f6ldi munkaer\u0151t haz\u00e1nkban?","author":{"@id":"https:\/\/allasorias.hu\/hirek\/author\/admin-allasorias\/#author"},"publisher":{"@id":"https:\/\/allasorias.hu\/hirek\/#organization"},"image":{"@type":"ImageObject","url":"https:\/\/allasorias.hu\/hirek\/wp-content\/uploads\/2023\/06\/kulfoldi-munkaero-felmeres.jpg","width":1280,"height":853,"caption":"Ki akar k\u00fclf\u00f6ldi munkaer\u0151t haz\u00e1nkban? - Allasorias.hu\/Hirek"},"datePublished":"2023-06-19T12:12:22+02:00","dateModified":"2023-06-19T12:12:22+02:00","inLanguage":"hu-HU","mainEntityOfPage":{"@id":"https:\/\/allasorias.hu\/hirek\/ki-akar-kulfoldi-munkaerot-hazankban\/#webpage"},"isPartOf":{"@id":"https:\/\/allasorias.hu\/hirek\/ki-akar-kulfoldi-munkaerot-hazankban\/#webpage"},"articleSection":"K\u00fclf\u00f6ld, k\u00fclf\u00f6ldi munkaer\u0151, kutat\u00e1s"},{"@type":"BreadcrumbList","@id":"https:\/\/allasorias.hu\/hirek\/ki-akar-kulfoldi-munkaerot-hazankban\/#breadcrumblist","itemListElement":[{"@type":"ListItem","@id":"https:\/\/allasorias.hu\/hirek#listItem","position":1,"name":"Home","item":"https:\/\/allasorias.hu\/hirek","nextItem":{"@type":"ListItem","@id":"https:\/\/allasorias.hu\/hirek\/temak\/kulfold\/#listItem","name":"K\u00fclf\u00f6ld"}},{"@type":"ListItem","@id":"https:\/\/allasorias.hu\/hirek\/temak\/kulfold\/#listItem","position":2,"name":"K\u00fclf\u00f6ld","item":"https:\/\/allasorias.hu\/hirek\/temak\/kulfold\/","nextItem":{"@type":"ListItem","@id":"https:\/\/allasorias.hu\/hirek\/ki-akar-kulfoldi-munkaerot-hazankban\/#listItem","name":"Ki akar k\u00fclf\u00f6ldi munkaer\u0151t haz\u00e1nkban?"},"previousItem":{"@type":"ListItem","@id":"https:\/\/allasorias.hu\/hirek#listItem","name":"Home"}},{"@type":"ListItem","@id":"https:\/\/allasorias.hu\/hirek\/ki-akar-kulfoldi-munkaerot-hazankban\/#listItem","position":3,"name":"Ki akar k\u00fclf\u00f6ldi munkaer\u0151t haz\u00e1nkban?","previousItem":{"@type":"ListItem","@id":"https:\/\/allasorias.hu\/hirek\/temak\/kulfold\/#listItem","name":"K\u00fclf\u00f6ld"}}]},{"@type":"Organization","@id":"https:\/\/allasorias.hu\/hirek\/#organization","name":"AllasOrias.hu | H\u00edrek-lapszemle","description":"\u00dczleti h\u00edrek az \u00e1ll\u00e1s \u00e9s a munka vil\u00e1g\u00e1b\u00f3l","url":"https:\/\/allasorias.hu\/hirek\/","logo":{"@type":"ImageObject","url":"https:\/\/allasorias.hu\/hirek\/wp-content\/uploads\/2022\/10\/allasorias_site_facebok_logo.png","@id":"https:\/\/allasorias.hu\/hirek\/ki-akar-kulfoldi-munkaerot-hazankban\/#organizationLogo"},"image":{"@id":"https:\/\/allasorias.hu\/hirek\/ki-akar-kulfoldi-munkaerot-hazankban\/#organizationLogo"},"sameAs":["https:\/\/www.facebook.com\/allasorias","https:\/\/www.linkedin.com\/company\/allasorias"]},{"@type":"Person","@id":"https:\/\/allasorias.hu\/hirek\/author\/admin-allasorias\/#author","url":"https:\/\/allasorias.hu\/hirek\/author\/admin-allasorias\/","name":"Juh\u00e1sz P\u00e9ter","image":{"@type":"ImageObject","@id":"https:\/\/allasorias.hu\/hirek\/ki-akar-kulfoldi-munkaerot-hazankban\/#authorImage","url":"https:\/\/secure.gravatar.com\/avatar\/36e6bcb83148978b992977cb0f54d22feb0cce8a0a849a9410532bb2623ba4c6?s=96&d=mm&r=g","width":96,"height":96,"caption":"Juh\u00e1sz P\u00e9ter"}},{"@type":"WebPage","@id":"https:\/\/allasorias.hu\/hirek\/ki-akar-kulfoldi-munkaerot-hazankban\/#webpage","url":"https:\/\/allasorias.hu\/hirek\/ki-akar-kulfoldi-munkaerot-hazankban\/","name":"Ki akar k\u00fclf\u00f6ldi munkaer\u0151t haz\u00e1nkban? | Allasorias.hu","description":"Egy felm\u00e9r\u00e9s szerint, b\u00e1rmennyire is sz\u00fcks\u00e9g van a k\u00fclf\u00f6ldi munkaer\u0151re a piacon, nem mindenki \u00f6r\u00fcl a vend\u00e9gmunk\u00e1soknak. A t\u00e1mogat\u00f3k ar\u00e1nya 17%-os.","inLanguage":"hu-HU","isPartOf":{"@id":"https:\/\/allasorias.hu\/hirek\/#website"},"breadcrumb":{"@id":"https:\/\/allasorias.hu\/hirek\/ki-akar-kulfoldi-munkaerot-hazankban\/#breadcrumblist"},"author":{"@id":"https:\/\/allasorias.hu\/hirek\/author\/admin-allasorias\/#author"},"creator":{"@id":"https:\/\/allasorias.hu\/hirek\/author\/admin-allasorias\/#author"},"image":{"@type":"ImageObject","url":"https:\/\/allasorias.hu\/hirek\/wp-content\/uploads\/2023\/06\/kulfoldi-munkaero-felmeres.jpg","@id":"https:\/\/allasorias.hu\/hirek\/ki-akar-kulfoldi-munkaerot-hazankban\/#mainImage","width":1280,"height":853,"caption":"Ki akar k\u00fclf\u00f6ldi munkaer\u0151t haz\u00e1nkban? - Allasorias.hu\/Hirek"},"primaryImageOfPage":{"@id":"https:\/\/allasorias.hu\/hirek\/ki-akar-kulfoldi-munkaerot-hazankban\/#mainImage"},"datePublished":"2023-06-19T12:12:22+02:00","dateModified":"2023-06-19T12:12:22+02:00"},{"@type":"WebSite","@id":"https:\/\/allasorias.hu\/hirek\/#website","url":"https:\/\/allasorias.hu\/hirek\/","name":"AllasOrias.hu | H\u00edrek-lapszemle","description":"\u00dczleti h\u00edrek az \u00e1ll\u00e1s \u00e9s a munka vil\u00e1g\u00e1b\u00f3l","inLanguage":"hu-HU","publisher":{"@id":"https:\/\/allasorias.hu\/hirek\/#organization"}}]},"og:locale":"hu_HU","og:site_name":"AllasOrias.hu | H\u00edrek-lapszemle | \u00dczleti h\u00edrek az \u00e1ll\u00e1s \u00e9s a munka vil\u00e1g\u00e1b\u00f3l","og:type":"article","og:title":"Ki akar k\u00fclf\u00f6ldi munkaer\u0151t haz\u00e1nkban? | Allasorias.hu","og:description":"Egy felm\u00e9r\u00e9s szerint, b\u00e1rmennyire is sz\u00fcks\u00e9g van a k\u00fclf\u00f6ldi munkaer\u0151re a piacon, nem mindenki \u00f6r\u00fcl a vend\u00e9gmunk\u00e1soknak. A t\u00e1mogat\u00f3k ar\u00e1nya 17%-os.","og:url":"https:\/\/allasorias.hu\/hirek\/ki-akar-kulfoldi-munkaerot-hazankban\/","og:image":"https:\/\/allasorias.hu\/hirek\/wp-content\/uploads\/2023\/06\/kulfoldi-munkaero-felmeres.jpg","og:image:secure_url":"https:\/\/allasorias.hu\/hirek\/wp-content\/uploads\/2023\/06\/kulfoldi-munkaero-felmeres.jpg","og:image:width":1280,"og:image:height":853,"article:published_time":"2023-06-19T12:12:22+00:00","article:modified_time":"2023-06-19T12:12:22+00:00","article:publisher":"https:\/\/www.facebook.com\/allasorias","twitter:card":"summary_large_image","twitter:title":"Ki akar k\u00fclf\u00f6ldi munkaer\u0151t haz\u00e1nkban? | Allasorias.hu","twitter:description":"Egy felm\u00e9r\u00e9s szerint, b\u00e1rmennyire is sz\u00fcks\u00e9g van a k\u00fclf\u00f6ldi munkaer\u0151re a piacon, nem mindenki \u00f6r\u00fcl a vend\u00e9gmunk\u00e1soknak. A t\u00e1mogat\u00f3k ar\u00e1nya 17%-os.","twitter:image":"https:\/\/allasorias.hu\/hirek\/wp-content\/uploads\/2023\/06\/kulfoldi-munkaero-felmeres.jpg","twitter:label1":"Written by","twitter:data1":"Juh\u00e1sz P\u00e9ter","twitter:label2":"Est. reading time","twitter:data2":"4 minutes"},"aioseo_meta_data":{"post_id":"6567","title":"#post_title | Allasorias.hu","description":"Egy felm\u00e9r\u00e9s szerint, b\u00e1rmennyire is sz\u00fcks\u00e9g van a k\u00fclf\u00f6ldi munkaer\u0151re a piacon, nem mindenki \u00f6r\u00fcl a vend\u00e9gmunk\u00e1soknak. A t\u00e1mogat\u00f3k ar\u00e1nya 17%-os.","keywords":[],"keyphrases":{"focus":{"keyphrase":"","score":0,"analysis":{"keyphraseInTitle":{"score":0,"maxScore":9,"error":1}}},"additional":[]},"primary_term":null,"canonical_url":null,"og_title":null,"og_description":null,"og_object_type":"default","og_image_type":"default","og_image_url":null,"og_image_width":null,"og_image_height":null,"og_image_custom_url":null,"og_image_custom_fields":null,"og_video":"","og_custom_url":null,"og_article_section":null,"og_article_tags":[],"twitter_use_og":true,"twitter_card":"default","twitter_image_type":"default","twitter_image_url":null,"twitter_image_custom_url":null,"twitter_image_custom_fields":null,"twitter_title":null,"twitter_description":null,"schema":{"blockGraphs":[],"customGraphs":[],"default":{"data":{"Article":[],"Course":[],"Dataset":[],"FAQPage":[],"Movie":[],"Person":[],"Product":[],"ProductReview":[],"Car":[],"Recipe":[],"Service":[],"SoftwareApplication":[],"WebPage":[]},"graphName":"","isEnabled":true},"graphs":[]},"schema_type":"default","schema_type_options":null,"pillar_content":false,"robots_default":true,"robots_noindex":false,"robots_noarchive":false,"robots_nosnippet":false,"robots_nofollow":false,"robots_noimageindex":false,"robots_noodp":false,"robots_notranslate":false,"robots_max_snippet":"-1","robots_max_videopreview":"-1","robots_max_imagepreview":"large","priority":null,"frequency":"default","location":null,"local_seo":null,"breadcrumb_settings":null,"limit_modified_date":false,"ai":null,"created":"2023-06-19 11:57:51","updated":"2025-10-02 18:45:05","seo_analyzer_scan_date":null,"focus_keyword":null,"additional_keywords":null,"truseo_locale":null},"aioseo_breadcrumb":"<div class=\"aioseo-breadcrumbs\"><span class=\"aioseo-breadcrumb\">\n\t\t\t<a href=\"https:\/\/allasorias.hu\/hirek\" title=\"Home\">Home<\/a>\n\t\t<\/span><span class=\"aioseo-breadcrumb-separator\">&raquo;<\/span><span class=\"aioseo-breadcrumb\">\n\t\t\t<a href=\"https:\/\/allasorias.hu\/hirek\/temak\/kulfold\/\" title=\"K\u00fclf\u00f6ld\">K\u00fclf\u00f6ld<\/a>\n\t\t<\/span><span class=\"aioseo-breadcrumb-separator\">&raquo;<\/span><span class=\"aioseo-breadcrumb\">\n\t\t\tKi akar k\u00fclf\u00f6ldi munkaer\u0151t haz\u00e1nkban?\n\t\t<\/span><\/div>","aioseo_breadcrumb_json":[{"label":"Home","link":"https:\/\/allasorias.hu\/hirek"},{"label":"K\u00fclf\u00f6ld","link":"https:\/\/allasorias.hu\/hirek\/temak\/kulfold\/"},{"label":"Ki akar k\u00fclf\u00f6ldi munkaer\u0151t haz\u00e1nkban?","link":"https:\/\/allasorias.hu\/hirek\/ki-akar-kulfoldi-munkaerot-hazankban\/"}],"_links":{"self":[{"href":"https:\/\/allasorias.hu\/hirek\/wp-json\/wp\/v2\/posts\/6567","targetHints":{"allow":["GET"]}}],"collection":[{"href":"https:\/\/allasorias.hu\/hirek\/wp-json\/wp\/v2\/posts"}],"about":[{"href":"https:\/\/allasorias.hu\/hirek\/wp-json\/wp\/v2\/types\/post"}],"author":[{"embeddable":true,"href":"https:\/\/allasorias.hu\/hirek\/wp-json\/wp\/v2\/users\/1"}],"replies":[{"embeddable":true,"href":"https:\/\/allasorias.hu\/hirek\/wp-json\/wp\/v2\/comments?post=6567"}],"version-history":[{"count":1,"href":"https:\/\/allasorias.hu\/hirek\/wp-json\/wp\/v2\/posts\/6567\/revisions"}],"predecessor-version":[{"id":6569,"href":"https:\/\/allasorias.hu\/hirek\/wp-json\/wp\/v2\/posts\/6567\/revisions\/6569"}],"wp:featuredmedia":[{"embeddable":true,"href":"https:\/\/allasorias.hu\/hirek\/wp-json\/wp\/v2\/media\/6568"}],"wp:attachment":[{"href":"https:\/\/allasorias.hu\/hirek\/wp-json\/wp\/v2\/media?parent=6567"}],"wp:term":[{"taxonomy":"category","embeddable":true,"href":"https:\/\/allasorias.hu\/hirek\/wp-json\/wp\/v2\/categories?post=6567"},{"taxonomy":"post_tag","embeddable":true,"href":"https:\/\/allasorias.hu\/hirek\/wp-json\/wp\/v2\/tags?post=6567"}],"curies":[{"name":"wp","href":"https:\/\/api.w.org\/{rel}","templated":true}]}}