{"id":6562,"date":"2023-06-16T12:29:10","date_gmt":"2023-06-16T12:29:10","guid":{"rendered":"https:\/\/allasorias.hu\/hirek\/?p=6562"},"modified":"2023-06-16T12:29:10","modified_gmt":"2023-06-16T12:29:10","slug":"pozitiv-hatasok-a-munkaeropiacon","status":"publish","type":"post","link":"https:\/\/allasorias.hu\/hirek\/pozitiv-hatasok-a-munkaeropiacon\/","title":{"rendered":"Pozit\u00edv hat\u00e1sok a munkaer\u0151piacon"},"content":{"rendered":"<p><strong>Bizakod\u00e1sra adhat okot n\u00e9h\u00e1ny tendencia a magyar munkaer\u0151piaci folyamatokban. A c\u00e9gekn\u00e9l \u00a0legink\u00e1bb az IT, a logisztika \u00e9s aut\u00f3ipar, valamint az energia- \u00e9s k\u00f6zm\u0171szektorokban t\u00f6rt\u00e9nhetnek felv\u00e9telek, m\u00edg legkev\u00e9sb\u00e9 a kommunik\u00e1ci\u00f3s szolg\u00e1ltat\u00e1sok, az eg\u00e9szs\u00e9g\u00fcgy \u00e9s \u00e9lettudom\u00e1nyok, illetve az alapanyag- \u00e9s feldolgoz\u00f3ipar ter\u00fclet\u00e9n m\u0171k\u00f6d\u0151 v\u00e1llalatok l\u00e9tsz\u00e1ma b\u0151v\u00fclhet.<\/strong><\/p>\n<p>T\u00f6bb c\u00e9g tervez b\u0151v\u00edt\u00e9st mint le\u00e9p\u00edt\u00e9st, feszes maradhat a magyar munkaer\u0151piac a harmadik negyed\u00e9vben is. Jelenlegi munkaer\u0151-keret\u00e9t a <strong>magyarorsz\u00e1gi c\u00e9gek 31 sz\u00e1zal\u00e9ka k\u00edv\u00e1nja b\u0151v\u00edteni<\/strong>, mik\u00f6zben enn\u00e9l kevesebben, a <strong>c\u00e9gek 18 sz\u00e1zal\u00e9ka k\u00e9sz\u00fcl le\u00e9p\u00edt\u00e9sekre<\/strong> \u2013 der\u00fcl ki a Manpower Magyarorsz\u00e1g\u00a0 k\u00f6zz\u00e9tett munkaer\u0151piaci el\u0151rejelz\u00e9se alapj\u00e1n. A negyed\u00e9vente a vil\u00e1g 41 orsz\u00e1g\u00e1ban 39 ezer munk\u00e1ltat\u00f3t megk\u00e9rdez\u0151 felm\u00e9r\u00e9sben Magyarorsz\u00e1gon 511 elem\u0171 reprezentat\u00edv mintav\u00e9tel t\u00f6rt\u00e9nt.<\/p>\n<p>Ez alapj\u00e1n az orsz\u00e1gos \u00e1tlag 12 sz\u00e1zal\u00e9kos munkaer\u0151b\u0151v\u00edt\u00e9st jelez el\u0151re, ugyanakkor ett\u0151l az egyes szektorok jelent\u0151sen elt\u00e9rhetnek. A felv\u00e9telek legink\u00e1bb az <strong>IT, a logisztika \u00e9s aut\u00f3ipar<\/strong>, valamint az <strong>energia- \u00e9s k\u00f6zm\u0171szektorokban<\/strong> t\u00f6rt\u00e9nhetnek, m\u00edg legkev\u00e9sb\u00e9 a kommunik\u00e1ci\u00f3s szolg\u00e1ltat\u00e1sok, az eg\u00e9szs\u00e9g\u00fcgy \u00e9s \u00e9lettudom\u00e1nyok, illetve az alapanyag- \u00e9s feldolgoz\u00f3ipar ter\u00fclet\u00e9n m\u0171k\u00f6d\u0151 v\u00e1llalatok l\u00e9tsz\u00e1ma b\u0151v\u00fclhet.<\/p>\n<p>A r\u00e9gi\u00f3kat tekintve <strong>K\u00f6z\u00e9p-Magyarorsz\u00e1gon<\/strong>, az <strong>\u00c9szak-Alf\u00f6ld\u00f6n \u00e9s Budapesten terveznek legt\u00f6bben l\u00e9tsz\u00e1mb\u0151v\u00edt\u00e9st<\/strong>, mik\u00f6zben Nyugat- \u00e9s K\u00f6z\u00e9p-Dun\u00e1nt\u00falon j\u00f3val t\u00f6bb elbocs\u00e1t\u00e1sra, mint munkaer\u0151-felv\u00e9telre sz\u00e1m\u00edtanak. A D\u00e9l-Alf\u00f6ld\u00f6n a v\u00e1rakoz\u00e1sok az orsz\u00e1gos \u00e1tlag k\u00f6zel\u00e9ben alakulnak, mik\u00f6zben \u00c9szak-Magyarorsz\u00e1gon \u00e9s D\u00e9l-Dun\u00e1nt\u00falon stagn\u00e1l\u00e1s v\u00e1rhat\u00f3 az el\u0151rejelz\u00e9s szerint. M\u00edg a kor\u00e1bbi negyed\u00e9veket a nagyobb c\u00e9gek hangs\u00falyosabb optimizmusa jellemezte, addig most nincs jelent\u0151s elt\u00e9r\u00e9s c\u00e9gm\u00e9ret szerint, valamennyi kateg\u00f3ria \u00e9rt\u00e9kei a 12 sz\u00e1zal\u00e9kos \u00e1tlag k\u00f6r\u00fcl alakulnak.<\/p>\n<p>Feh\u00e9r Tam\u00e1s, a ManpowerGroup Magyarorsz\u00e1g \u00e9s Horv\u00e1torsz\u00e1g \u00fcgyvezet\u0151 igazgat\u00f3ja a k\u00f6zlem\u00e9nyben hangs\u00falyozta, hogy a v\u00e1rakoz\u00e1sok szerint j\u00f3csk\u00e1n maga m\u00f6g\u00f6tt hagyja az \u00e9v els\u0151 fel\u00e9ben tapasztalhat\u00f3 id\u0151szakos m\u00e9lypontot a hazai munkaer\u0151piac. Az aut\u00f3iparban ism\u00e9t jelent\u0151s munkaer\u0151-sz\u00fcks\u00e9glet mutatkozik az ipar\u00e1gban bejelentett beruh\u00e1z\u00e1si hull\u00e1m hat\u00e1s\u00e1ra, a feldolgoz\u00f3ipar viszont tov\u00e1bbra is stagn\u00e1l\u00e1sk\u00f6zeli \u00e1llapotban aradhat.<\/p>\n<p>Forr\u00e1s: <a href=\"https:\/\/www.vg.hu\/vilaggazdasag-magyar-gazdasag\/2023\/06\/ismet-fellendulhet-a-hazai-munkaeropiac\" target=\"_blank\" rel=\"nofollow noopener noreferrer\">vg.hu<\/a><\/p>\n","protected":false},"excerpt":{"rendered":"<p>Bizakod\u00e1sra adhat okot n\u00e9h\u00e1ny tendencia a magyar munkaer\u0151piaci folyamatokban. A c\u00e9gekn\u00e9l \u00a0legink\u00e1bb az IT, a logisztika \u00e9s aut\u00f3ipar, valamint az energia- \u00e9s k\u00f6zm\u0171szektorokban t\u00f6rt\u00e9nhetnek felv\u00e9telek, m\u00edg legkev\u00e9sb\u00e9 a kommunik\u00e1ci\u00f3s szolg\u00e1ltat\u00e1sok, az eg\u00e9szs\u00e9g\u00fcgy \u00e9s \u00e9lettudom\u00e1nyok, illetve az alapanyag- \u00e9s feldolgoz\u00f3ipar ter\u00fclet\u00e9n m\u0171k\u00f6d\u0151 v\u00e1llalatok l\u00e9tsz\u00e1ma b\u0151v\u00fclhet. T\u00f6bb c\u00e9g tervez b\u0151v\u00edt\u00e9st mint le\u00e9p\u00edt\u00e9st, feszes maradhat a magyar munkaer\u0151piac [&hellip;]<\/p>\n","protected":false},"author":1,"featured_media":6563,"comment_status":"open","ping_status":"open","sticky":false,"template":"","format":"standard","meta":{"_monsterinsights_skip_tracking":false,"footnotes":""},"categories":[200],"tags":[538,539],"class_list":["post-6562","post","type-post","status-publish","format-standard","has-post-thumbnail","hentry","category-munkaeropiac","tag-letszambovites","tag-munkaerobovites"],"aioseo_notices":[],"aioseo_head":"\n\t\t<!-- All in One SEO 5.0.0.1 - aioseo.com -->\n\t<meta name=\"description\" content=\"Bizakod\u00e1sra adhat okot n\u00e9h\u00e1ny tendencia a magyar munkaer\u0151piaci folyamatokban. A c\u00e9gekn\u00e9l legink\u00e1bb az IT, a logisztika \u00e9s aut\u00f3iparban t\u00f6rt\u00e9nhetnek felv\u00e9telek\" \/>\n\t<meta name=\"robots\" content=\"max-image-preview:large\" \/>\n\t<meta name=\"author\" content=\"Juh\u00e1sz P\u00e9ter\"\/>\n\t<meta name=\"keywords\" content=\"l\u00e9tsz\u00e1mb\u0151v\u00edt\u00e9s,munkaer\u0151b\u0151v\u00edt\u00e9s\" \/>\n\t<link rel=\"canonical\" href=\"https:\/\/allasorias.hu\/hirek\/pozitiv-hatasok-a-munkaeropiacon\/\" \/>\n\t<meta name=\"generator\" content=\"All in One SEO (AIOSEO) 5.0.0.1\" \/>\n\t\t<meta property=\"og:locale\" content=\"hu_HU\" \/>\n\t\t<meta property=\"og:site_name\" content=\"AllasOrias.hu | H\u00edrek-lapszemle | \u00dczleti h\u00edrek az \u00e1ll\u00e1s \u00e9s a munka vil\u00e1g\u00e1b\u00f3l\" \/>\n\t\t<meta property=\"og:type\" content=\"article\" \/>\n\t\t<meta property=\"og:title\" content=\"Pozit\u00edv hat\u00e1sok a munkaer\u0151piacon | Allasorias.hu\/Hirek\" \/>\n\t\t<meta property=\"og:description\" content=\"Bizakod\u00e1sra adhat okot n\u00e9h\u00e1ny tendencia a magyar munkaer\u0151piaci folyamatokban. A c\u00e9gekn\u00e9l legink\u00e1bb az IT, a logisztika \u00e9s aut\u00f3iparban t\u00f6rt\u00e9nhetnek felv\u00e9telek\" \/>\n\t\t<meta property=\"og:url\" content=\"https:\/\/allasorias.hu\/hirek\/pozitiv-hatasok-a-munkaeropiacon\/\" \/>\n\t\t<meta property=\"og:image\" content=\"https:\/\/allasorias.hu\/hirek\/wp-content\/uploads\/2023\/06\/letszambovites.jpg\" \/>\n\t\t<meta property=\"og:image:secure_url\" content=\"https:\/\/allasorias.hu\/hirek\/wp-content\/uploads\/2023\/06\/letszambovites.jpg\" \/>\n\t\t<meta property=\"og:image:width\" content=\"1280\" \/>\n\t\t<meta property=\"og:image:height\" content=\"853\" \/>\n\t\t<meta property=\"article:published_time\" content=\"2023-06-16T12:29:10+00:00\" \/>\n\t\t<meta property=\"article:modified_time\" content=\"2023-06-16T12:29:10+00:00\" \/>\n\t\t<meta property=\"article:publisher\" content=\"https:\/\/www.facebook.com\/allasorias\" \/>\n\t\t<meta name=\"twitter:card\" content=\"summary_large_image\" \/>\n\t\t<meta name=\"twitter:title\" content=\"Pozit\u00edv hat\u00e1sok a munkaer\u0151piacon | Allasorias.hu\/Hirek\" \/>\n\t\t<meta name=\"twitter:description\" content=\"Bizakod\u00e1sra adhat okot n\u00e9h\u00e1ny tendencia a magyar munkaer\u0151piaci folyamatokban. A c\u00e9gekn\u00e9l legink\u00e1bb az IT, a logisztika \u00e9s aut\u00f3iparban t\u00f6rt\u00e9nhetnek felv\u00e9telek\" \/>\n\t\t<meta name=\"twitter:image\" content=\"https:\/\/allasorias.hu\/hirek\/wp-content\/uploads\/2023\/06\/letszambovites.jpg\" \/>\n\t\t<meta name=\"twitter:label1\" content=\"Written by\" \/>\n\t\t<meta name=\"twitter:data1\" content=\"Juh\u00e1sz P\u00e9ter\" \/>\n\t\t<meta name=\"twitter:label2\" content=\"Est. reading time\" \/>\n\t\t<meta name=\"twitter:data2\" content=\"2 minutes\" \/>\n\t\t<script type=\"application\/ld+json\" class=\"aioseo-schema\">\n\t\t\t{\"@context\":\"https:\\\/\\\/schema.org\",\"@graph\":[{\"@type\":\"Article\",\"@id\":\"https:\\\/\\\/allasorias.hu\\\/hirek\\\/pozitiv-hatasok-a-munkaeropiacon\\\/#article\",\"name\":\"Pozit\\u00edv hat\\u00e1sok a munkaer\\u0151piacon | Allasorias.hu\\\/Hirek\",\"headline\":\"Pozit\\u00edv hat\\u00e1sok a munkaer\\u0151piacon\",\"author\":{\"@id\":\"https:\\\/\\\/allasorias.hu\\\/hirek\\\/author\\\/admin-allasorias\\\/#author\"},\"publisher\":{\"@id\":\"https:\\\/\\\/allasorias.hu\\\/hirek\\\/#organization\"},\"image\":{\"@type\":\"ImageObject\",\"url\":\"https:\\\/\\\/allasorias.hu\\\/hirek\\\/wp-content\\\/uploads\\\/2023\\\/06\\\/letszambovites.jpg\",\"width\":1280,\"height\":853,\"caption\":\"Pozit\\u00edv hat\\u00e1sok a munkaer\\u0151piacon - Allasorias.hu\\\/Hirek\"},\"datePublished\":\"2023-06-16T12:29:10+02:00\",\"dateModified\":\"2023-06-16T12:29:10+02:00\",\"inLanguage\":\"hu-HU\",\"mainEntityOfPage\":{\"@id\":\"https:\\\/\\\/allasorias.hu\\\/hirek\\\/pozitiv-hatasok-a-munkaeropiacon\\\/#webpage\"},\"isPartOf\":{\"@id\":\"https:\\\/\\\/allasorias.hu\\\/hirek\\\/pozitiv-hatasok-a-munkaeropiacon\\\/#webpage\"},\"articleSection\":\"Munkaer\\u0151piac, l\\u00e9tsz\\u00e1mb\\u0151v\\u00edt\\u00e9s, munkaer\\u0151b\\u0151v\\u00edt\\u00e9s\"},{\"@type\":\"BreadcrumbList\",\"@id\":\"https:\\\/\\\/allasorias.hu\\\/hirek\\\/pozitiv-hatasok-a-munkaeropiacon\\\/#breadcrumblist\",\"itemListElement\":[{\"@type\":\"ListItem\",\"@id\":\"https:\\\/\\\/allasorias.hu\\\/hirek#listItem\",\"position\":1,\"name\":\"Home\",\"item\":\"https:\\\/\\\/allasorias.hu\\\/hirek\",\"nextItem\":{\"@type\":\"ListItem\",\"@id\":\"https:\\\/\\\/allasorias.hu\\\/hirek\\\/temak\\\/munkaeropiac\\\/#listItem\",\"name\":\"Munkaer\\u0151piac\"}},{\"@type\":\"ListItem\",\"@id\":\"https:\\\/\\\/allasorias.hu\\\/hirek\\\/temak\\\/munkaeropiac\\\/#listItem\",\"position\":2,\"name\":\"Munkaer\\u0151piac\",\"item\":\"https:\\\/\\\/allasorias.hu\\\/hirek\\\/temak\\\/munkaeropiac\\\/\",\"nextItem\":{\"@type\":\"ListItem\",\"@id\":\"https:\\\/\\\/allasorias.hu\\\/hirek\\\/pozitiv-hatasok-a-munkaeropiacon\\\/#listItem\",\"name\":\"Pozit\\u00edv hat\\u00e1sok a munkaer\\u0151piacon\"},\"previousItem\":{\"@type\":\"ListItem\",\"@id\":\"https:\\\/\\\/allasorias.hu\\\/hirek#listItem\",\"name\":\"Home\"}},{\"@type\":\"ListItem\",\"@id\":\"https:\\\/\\\/allasorias.hu\\\/hirek\\\/pozitiv-hatasok-a-munkaeropiacon\\\/#listItem\",\"position\":3,\"name\":\"Pozit\\u00edv hat\\u00e1sok a munkaer\\u0151piacon\",\"previousItem\":{\"@type\":\"ListItem\",\"@id\":\"https:\\\/\\\/allasorias.hu\\\/hirek\\\/temak\\\/munkaeropiac\\\/#listItem\",\"name\":\"Munkaer\\u0151piac\"}}]},{\"@type\":\"Organization\",\"@id\":\"https:\\\/\\\/allasorias.hu\\\/hirek\\\/#organization\",\"name\":\"AllasOrias.hu | H\\u00edrek-lapszemle\",\"description\":\"\\u00dczleti h\\u00edrek az \\u00e1ll\\u00e1s \\u00e9s a munka vil\\u00e1g\\u00e1b\\u00f3l\",\"url\":\"https:\\\/\\\/allasorias.hu\\\/hirek\\\/\",\"logo\":{\"@type\":\"ImageObject\",\"url\":\"https:\\\/\\\/allasorias.hu\\\/hirek\\\/wp-content\\\/uploads\\\/2022\\\/10\\\/allasorias_site_facebok_logo.png\",\"@id\":\"https:\\\/\\\/allasorias.hu\\\/hirek\\\/pozitiv-hatasok-a-munkaeropiacon\\\/#organizationLogo\"},\"image\":{\"@id\":\"https:\\\/\\\/allasorias.hu\\\/hirek\\\/pozitiv-hatasok-a-munkaeropiacon\\\/#organizationLogo\"},\"sameAs\":[\"https:\\\/\\\/www.facebook.com\\\/allasorias\",\"https:\\\/\\\/www.linkedin.com\\\/company\\\/allasorias\"]},{\"@type\":\"Person\",\"@id\":\"https:\\\/\\\/allasorias.hu\\\/hirek\\\/author\\\/admin-allasorias\\\/#author\",\"url\":\"https:\\\/\\\/allasorias.hu\\\/hirek\\\/author\\\/admin-allasorias\\\/\",\"name\":\"Juh\\u00e1sz P\\u00e9ter\",\"image\":{\"@type\":\"ImageObject\",\"@id\":\"https:\\\/\\\/allasorias.hu\\\/hirek\\\/pozitiv-hatasok-a-munkaeropiacon\\\/#authorImage\",\"url\":\"https:\\\/\\\/secure.gravatar.com\\\/avatar\\\/36e6bcb83148978b992977cb0f54d22feb0cce8a0a849a9410532bb2623ba4c6?s=96&d=mm&r=g\",\"width\":96,\"height\":96,\"caption\":\"Juh\\u00e1sz P\\u00e9ter\"}},{\"@type\":\"WebPage\",\"@id\":\"https:\\\/\\\/allasorias.hu\\\/hirek\\\/pozitiv-hatasok-a-munkaeropiacon\\\/#webpage\",\"url\":\"https:\\\/\\\/allasorias.hu\\\/hirek\\\/pozitiv-hatasok-a-munkaeropiacon\\\/\",\"name\":\"Pozit\\u00edv hat\\u00e1sok a munkaer\\u0151piacon | Allasorias.hu\\\/Hirek\",\"description\":\"Bizakod\\u00e1sra adhat okot n\\u00e9h\\u00e1ny tendencia a magyar munkaer\\u0151piaci folyamatokban. A c\\u00e9gekn\\u00e9l legink\\u00e1bb az IT, a logisztika \\u00e9s aut\\u00f3iparban t\\u00f6rt\\u00e9nhetnek felv\\u00e9telek\",\"inLanguage\":\"hu-HU\",\"isPartOf\":{\"@id\":\"https:\\\/\\\/allasorias.hu\\\/hirek\\\/#website\"},\"breadcrumb\":{\"@id\":\"https:\\\/\\\/allasorias.hu\\\/hirek\\\/pozitiv-hatasok-a-munkaeropiacon\\\/#breadcrumblist\"},\"author\":{\"@id\":\"https:\\\/\\\/allasorias.hu\\\/hirek\\\/author\\\/admin-allasorias\\\/#author\"},\"creator\":{\"@id\":\"https:\\\/\\\/allasorias.hu\\\/hirek\\\/author\\\/admin-allasorias\\\/#author\"},\"image\":{\"@type\":\"ImageObject\",\"url\":\"https:\\\/\\\/allasorias.hu\\\/hirek\\\/wp-content\\\/uploads\\\/2023\\\/06\\\/letszambovites.jpg\",\"@id\":\"https:\\\/\\\/allasorias.hu\\\/hirek\\\/pozitiv-hatasok-a-munkaeropiacon\\\/#mainImage\",\"width\":1280,\"height\":853,\"caption\":\"Pozit\\u00edv hat\\u00e1sok a munkaer\\u0151piacon - Allasorias.hu\\\/Hirek\"},\"primaryImageOfPage\":{\"@id\":\"https:\\\/\\\/allasorias.hu\\\/hirek\\\/pozitiv-hatasok-a-munkaeropiacon\\\/#mainImage\"},\"datePublished\":\"2023-06-16T12:29:10+02:00\",\"dateModified\":\"2023-06-16T12:29:10+02:00\"},{\"@type\":\"WebSite\",\"@id\":\"https:\\\/\\\/allasorias.hu\\\/hirek\\\/#website\",\"url\":\"https:\\\/\\\/allasorias.hu\\\/hirek\\\/\",\"name\":\"AllasOrias.hu | H\\u00edrek-lapszemle\",\"description\":\"\\u00dczleti h\\u00edrek az \\u00e1ll\\u00e1s \\u00e9s a munka vil\\u00e1g\\u00e1b\\u00f3l\",\"inLanguage\":\"hu-HU\",\"publisher\":{\"@id\":\"https:\\\/\\\/allasorias.hu\\\/hirek\\\/#organization\"}}]}\n\t\t<\/script>\n\t\t<!-- All in One SEO -->\n\n","aioseo_head_json":{"title":"Pozit\u00edv hat\u00e1sok a munkaer\u0151piacon | Allasorias.hu\/Hirek","description":"Bizakod\u00e1sra adhat okot n\u00e9h\u00e1ny tendencia a magyar munkaer\u0151piaci folyamatokban. A c\u00e9gekn\u00e9l legink\u00e1bb az IT, a logisztika \u00e9s aut\u00f3iparban t\u00f6rt\u00e9nhetnek felv\u00e9telek","canonical_url":"https:\/\/allasorias.hu\/hirek\/pozitiv-hatasok-a-munkaeropiacon\/","robots":"max-image-preview:large","keywords":"l\u00e9tsz\u00e1mb\u0151v\u00edt\u00e9s,munkaer\u0151b\u0151v\u00edt\u00e9s","webmasterTools":{"miscellaneous":""},"schema":{"@context":"https:\/\/schema.org","@graph":[{"@type":"Article","@id":"https:\/\/allasorias.hu\/hirek\/pozitiv-hatasok-a-munkaeropiacon\/#article","name":"Pozit\u00edv hat\u00e1sok a munkaer\u0151piacon | Allasorias.hu\/Hirek","headline":"Pozit\u00edv hat\u00e1sok a munkaer\u0151piacon","author":{"@id":"https:\/\/allasorias.hu\/hirek\/author\/admin-allasorias\/#author"},"publisher":{"@id":"https:\/\/allasorias.hu\/hirek\/#organization"},"image":{"@type":"ImageObject","url":"https:\/\/allasorias.hu\/hirek\/wp-content\/uploads\/2023\/06\/letszambovites.jpg","width":1280,"height":853,"caption":"Pozit\u00edv hat\u00e1sok a munkaer\u0151piacon - Allasorias.hu\/Hirek"},"datePublished":"2023-06-16T12:29:10+02:00","dateModified":"2023-06-16T12:29:10+02:00","inLanguage":"hu-HU","mainEntityOfPage":{"@id":"https:\/\/allasorias.hu\/hirek\/pozitiv-hatasok-a-munkaeropiacon\/#webpage"},"isPartOf":{"@id":"https:\/\/allasorias.hu\/hirek\/pozitiv-hatasok-a-munkaeropiacon\/#webpage"},"articleSection":"Munkaer\u0151piac, l\u00e9tsz\u00e1mb\u0151v\u00edt\u00e9s, munkaer\u0151b\u0151v\u00edt\u00e9s"},{"@type":"BreadcrumbList","@id":"https:\/\/allasorias.hu\/hirek\/pozitiv-hatasok-a-munkaeropiacon\/#breadcrumblist","itemListElement":[{"@type":"ListItem","@id":"https:\/\/allasorias.hu\/hirek#listItem","position":1,"name":"Home","item":"https:\/\/allasorias.hu\/hirek","nextItem":{"@type":"ListItem","@id":"https:\/\/allasorias.hu\/hirek\/temak\/munkaeropiac\/#listItem","name":"Munkaer\u0151piac"}},{"@type":"ListItem","@id":"https:\/\/allasorias.hu\/hirek\/temak\/munkaeropiac\/#listItem","position":2,"name":"Munkaer\u0151piac","item":"https:\/\/allasorias.hu\/hirek\/temak\/munkaeropiac\/","nextItem":{"@type":"ListItem","@id":"https:\/\/allasorias.hu\/hirek\/pozitiv-hatasok-a-munkaeropiacon\/#listItem","name":"Pozit\u00edv hat\u00e1sok a munkaer\u0151piacon"},"previousItem":{"@type":"ListItem","@id":"https:\/\/allasorias.hu\/hirek#listItem","name":"Home"}},{"@type":"ListItem","@id":"https:\/\/allasorias.hu\/hirek\/pozitiv-hatasok-a-munkaeropiacon\/#listItem","position":3,"name":"Pozit\u00edv hat\u00e1sok a munkaer\u0151piacon","previousItem":{"@type":"ListItem","@id":"https:\/\/allasorias.hu\/hirek\/temak\/munkaeropiac\/#listItem","name":"Munkaer\u0151piac"}}]},{"@type":"Organization","@id":"https:\/\/allasorias.hu\/hirek\/#organization","name":"AllasOrias.hu | H\u00edrek-lapszemle","description":"\u00dczleti h\u00edrek az \u00e1ll\u00e1s \u00e9s a munka vil\u00e1g\u00e1b\u00f3l","url":"https:\/\/allasorias.hu\/hirek\/","logo":{"@type":"ImageObject","url":"https:\/\/allasorias.hu\/hirek\/wp-content\/uploads\/2022\/10\/allasorias_site_facebok_logo.png","@id":"https:\/\/allasorias.hu\/hirek\/pozitiv-hatasok-a-munkaeropiacon\/#organizationLogo"},"image":{"@id":"https:\/\/allasorias.hu\/hirek\/pozitiv-hatasok-a-munkaeropiacon\/#organizationLogo"},"sameAs":["https:\/\/www.facebook.com\/allasorias","https:\/\/www.linkedin.com\/company\/allasorias"]},{"@type":"Person","@id":"https:\/\/allasorias.hu\/hirek\/author\/admin-allasorias\/#author","url":"https:\/\/allasorias.hu\/hirek\/author\/admin-allasorias\/","name":"Juh\u00e1sz P\u00e9ter","image":{"@type":"ImageObject","@id":"https:\/\/allasorias.hu\/hirek\/pozitiv-hatasok-a-munkaeropiacon\/#authorImage","url":"https:\/\/secure.gravatar.com\/avatar\/36e6bcb83148978b992977cb0f54d22feb0cce8a0a849a9410532bb2623ba4c6?s=96&d=mm&r=g","width":96,"height":96,"caption":"Juh\u00e1sz P\u00e9ter"}},{"@type":"WebPage","@id":"https:\/\/allasorias.hu\/hirek\/pozitiv-hatasok-a-munkaeropiacon\/#webpage","url":"https:\/\/allasorias.hu\/hirek\/pozitiv-hatasok-a-munkaeropiacon\/","name":"Pozit\u00edv hat\u00e1sok a munkaer\u0151piacon | Allasorias.hu\/Hirek","description":"Bizakod\u00e1sra adhat okot n\u00e9h\u00e1ny tendencia a magyar munkaer\u0151piaci folyamatokban. A c\u00e9gekn\u00e9l legink\u00e1bb az IT, a logisztika \u00e9s aut\u00f3iparban t\u00f6rt\u00e9nhetnek felv\u00e9telek","inLanguage":"hu-HU","isPartOf":{"@id":"https:\/\/allasorias.hu\/hirek\/#website"},"breadcrumb":{"@id":"https:\/\/allasorias.hu\/hirek\/pozitiv-hatasok-a-munkaeropiacon\/#breadcrumblist"},"author":{"@id":"https:\/\/allasorias.hu\/hirek\/author\/admin-allasorias\/#author"},"creator":{"@id":"https:\/\/allasorias.hu\/hirek\/author\/admin-allasorias\/#author"},"image":{"@type":"ImageObject","url":"https:\/\/allasorias.hu\/hirek\/wp-content\/uploads\/2023\/06\/letszambovites.jpg","@id":"https:\/\/allasorias.hu\/hirek\/pozitiv-hatasok-a-munkaeropiacon\/#mainImage","width":1280,"height":853,"caption":"Pozit\u00edv hat\u00e1sok a munkaer\u0151piacon - Allasorias.hu\/Hirek"},"primaryImageOfPage":{"@id":"https:\/\/allasorias.hu\/hirek\/pozitiv-hatasok-a-munkaeropiacon\/#mainImage"},"datePublished":"2023-06-16T12:29:10+02:00","dateModified":"2023-06-16T12:29:10+02:00"},{"@type":"WebSite","@id":"https:\/\/allasorias.hu\/hirek\/#website","url":"https:\/\/allasorias.hu\/hirek\/","name":"AllasOrias.hu | H\u00edrek-lapszemle","description":"\u00dczleti h\u00edrek az \u00e1ll\u00e1s \u00e9s a munka vil\u00e1g\u00e1b\u00f3l","inLanguage":"hu-HU","publisher":{"@id":"https:\/\/allasorias.hu\/hirek\/#organization"}}]},"og:locale":"hu_HU","og:site_name":"AllasOrias.hu | H\u00edrek-lapszemle | \u00dczleti h\u00edrek az \u00e1ll\u00e1s \u00e9s a munka vil\u00e1g\u00e1b\u00f3l","og:type":"article","og:title":"Pozit\u00edv hat\u00e1sok a munkaer\u0151piacon | Allasorias.hu\/Hirek","og:description":"Bizakod\u00e1sra adhat okot n\u00e9h\u00e1ny tendencia a magyar munkaer\u0151piaci folyamatokban. A c\u00e9gekn\u00e9l legink\u00e1bb az IT, a logisztika \u00e9s aut\u00f3iparban t\u00f6rt\u00e9nhetnek felv\u00e9telek","og:url":"https:\/\/allasorias.hu\/hirek\/pozitiv-hatasok-a-munkaeropiacon\/","og:image":"https:\/\/allasorias.hu\/hirek\/wp-content\/uploads\/2023\/06\/letszambovites.jpg","og:image:secure_url":"https:\/\/allasorias.hu\/hirek\/wp-content\/uploads\/2023\/06\/letszambovites.jpg","og:image:width":1280,"og:image:height":853,"article:published_time":"2023-06-16T12:29:10+00:00","article:modified_time":"2023-06-16T12:29:10+00:00","article:publisher":"https:\/\/www.facebook.com\/allasorias","twitter:card":"summary_large_image","twitter:title":"Pozit\u00edv hat\u00e1sok a munkaer\u0151piacon | Allasorias.hu\/Hirek","twitter:description":"Bizakod\u00e1sra adhat okot n\u00e9h\u00e1ny tendencia a magyar munkaer\u0151piaci folyamatokban. A c\u00e9gekn\u00e9l legink\u00e1bb az IT, a logisztika \u00e9s aut\u00f3iparban t\u00f6rt\u00e9nhetnek felv\u00e9telek","twitter:image":"https:\/\/allasorias.hu\/hirek\/wp-content\/uploads\/2023\/06\/letszambovites.jpg","twitter:label1":"Written by","twitter:data1":"Juh\u00e1sz P\u00e9ter","twitter:label2":"Est. reading time","twitter:data2":"2 minutes"},"aioseo_meta_data":{"post_id":"6562","title":"#post_title | Allasorias.hu\/Hirek","description":"Bizakod\u00e1sra adhat okot n\u00e9h\u00e1ny tendencia a magyar munkaer\u0151piaci folyamatokban. A c\u00e9gekn\u00e9l legink\u00e1bb az IT, a logisztika \u00e9s aut\u00f3iparban t\u00f6rt\u00e9nhetnek felv\u00e9telek","keywords":[],"keyphrases":{"focus":{"keyphrase":"","score":0,"analysis":{"keyphraseInTitle":{"score":0,"maxScore":9,"error":1}}},"additional":[]},"primary_term":null,"canonical_url":null,"og_title":null,"og_description":null,"og_object_type":"default","og_image_type":"default","og_image_url":null,"og_image_width":null,"og_image_height":null,"og_image_custom_url":null,"og_image_custom_fields":null,"og_video":"","og_custom_url":null,"og_article_section":null,"og_article_tags":[],"twitter_use_og":true,"twitter_card":"default","twitter_image_type":"default","twitter_image_url":null,"twitter_image_custom_url":null,"twitter_image_custom_fields":null,"twitter_title":null,"twitter_description":null,"schema":{"blockGraphs":[],"customGraphs":[],"default":{"data":{"Article":[],"Course":[],"Dataset":[],"FAQPage":[],"Movie":[],"Person":[],"Product":[],"ProductReview":[],"Car":[],"Recipe":[],"Service":[],"SoftwareApplication":[],"WebPage":[]},"graphName":"","isEnabled":true},"graphs":[]},"schema_type":"default","schema_type_options":null,"pillar_content":false,"robots_default":true,"robots_noindex":false,"robots_noarchive":false,"robots_nosnippet":false,"robots_nofollow":false,"robots_noimageindex":false,"robots_noodp":false,"robots_notranslate":false,"robots_max_snippet":"-1","robots_max_videopreview":"-1","robots_max_imagepreview":"large","priority":null,"frequency":"default","location":null,"local_seo":null,"breadcrumb_settings":null,"limit_modified_date":false,"ai":null,"created":"2023-06-16 12:19:37","updated":"2025-10-02 18:38:42","seo_analyzer_scan_date":null,"focus_keyword":null,"additional_keywords":null,"truseo_locale":null},"aioseo_breadcrumb":"<div class=\"aioseo-breadcrumbs\"><span class=\"aioseo-breadcrumb\">\n\t\t\t<a href=\"https:\/\/allasorias.hu\/hirek\" title=\"Home\">Home<\/a>\n\t\t<\/span><span class=\"aioseo-breadcrumb-separator\">&raquo;<\/span><span class=\"aioseo-breadcrumb\">\n\t\t\t<a href=\"https:\/\/allasorias.hu\/hirek\/temak\/munkaeropiac\/\" title=\"Munkaer\u0151piac\">Munkaer\u0151piac<\/a>\n\t\t<\/span><span class=\"aioseo-breadcrumb-separator\">&raquo;<\/span><span class=\"aioseo-breadcrumb\">\n\t\t\tPozit\u00edv hat\u00e1sok a munkaer\u0151piacon\n\t\t<\/span><\/div>","aioseo_breadcrumb_json":[{"label":"Home","link":"https:\/\/allasorias.hu\/hirek"},{"label":"Munkaer\u0151piac","link":"https:\/\/allasorias.hu\/hirek\/temak\/munkaeropiac\/"},{"label":"Pozit\u00edv hat\u00e1sok a munkaer\u0151piacon","link":"https:\/\/allasorias.hu\/hirek\/pozitiv-hatasok-a-munkaeropiacon\/"}],"_links":{"self":[{"href":"https:\/\/allasorias.hu\/hirek\/wp-json\/wp\/v2\/posts\/6562","targetHints":{"allow":["GET"]}}],"collection":[{"href":"https:\/\/allasorias.hu\/hirek\/wp-json\/wp\/v2\/posts"}],"about":[{"href":"https:\/\/allasorias.hu\/hirek\/wp-json\/wp\/v2\/types\/post"}],"author":[{"embeddable":true,"href":"https:\/\/allasorias.hu\/hirek\/wp-json\/wp\/v2\/users\/1"}],"replies":[{"embeddable":true,"href":"https:\/\/allasorias.hu\/hirek\/wp-json\/wp\/v2\/comments?post=6562"}],"version-history":[{"count":1,"href":"https:\/\/allasorias.hu\/hirek\/wp-json\/wp\/v2\/posts\/6562\/revisions"}],"predecessor-version":[{"id":6564,"href":"https:\/\/allasorias.hu\/hirek\/wp-json\/wp\/v2\/posts\/6562\/revisions\/6564"}],"wp:featuredmedia":[{"embeddable":true,"href":"https:\/\/allasorias.hu\/hirek\/wp-json\/wp\/v2\/media\/6563"}],"wp:attachment":[{"href":"https:\/\/allasorias.hu\/hirek\/wp-json\/wp\/v2\/media?parent=6562"}],"wp:term":[{"taxonomy":"category","embeddable":true,"href":"https:\/\/allasorias.hu\/hirek\/wp-json\/wp\/v2\/categories?post=6562"},{"taxonomy":"post_tag","embeddable":true,"href":"https:\/\/allasorias.hu\/hirek\/wp-json\/wp\/v2\/tags?post=6562"}],"curies":[{"name":"wp","href":"https:\/\/api.w.org\/{rel}","templated":true}]}}