{"id":6557,"date":"2023-06-15T12:56:17","date_gmt":"2023-06-15T12:56:17","guid":{"rendered":"https:\/\/allasorias.hu\/hirek\/?p=6557"},"modified":"2025-05-09T11:14:02","modified_gmt":"2025-05-09T09:14:02","slug":"egyre-tobb-vallalkozas-foglalkoztat-kulfoldi-munkerot","status":"publish","type":"post","link":"https:\/\/allasorias.hu\/hirek\/egyre-tobb-vallalkozas-foglalkoztat-kulfoldi-munkerot\/","title":{"rendered":"Egyre t\u00f6bb v\u00e1llalkoz\u00e1s foglalkoztat k\u00fclf\u00f6ldi munker\u0151t"},"content":{"rendered":"<p><strong>Mik\u00e9nt tudja a hum\u00e1ner\u0151forr\u00e1s-menedzsment a v\u00e1llalatok versenyk\u00e9pess\u00e9g\u00e9t meg\u0151rizni a kor kih\u00edv\u00e1saihoz, k\u00fcl\u00f6n\u00f6sen a munkaer\u0151hi\u00e1nyhoz alkalmazkodva \u2013 t\u00f6bbek k\u00f6z\u00f6tt err\u0151l is tan\u00e1cskoztak egy zalaegerszegi f\u00f3rumon.<\/strong><\/p>\n<p>Munkaer\u0151, de honnan? c\u00edmmel tartottak szakmai f\u00f3rumot a napokban Zalaegerszegen. A rendezv\u00e9nyen a t\u00e9ma ir\u00e1nt \u00e9rdekl\u0151d\u0151 c\u00e9gek HR-munkat\u00e1rsai vettek r\u00e9szt a Zala Megyei Kereskedelmi \u00e9s Iparkamara \u00e9s a Trenkwalder Recruitment Kft. szakmai k\u00f6zrem\u0171k\u00f6d\u00e9s\u00e9vel. A konferencia c\u00e9lja az volt, hogy bemutassa a jelenlegi munkaer\u0151piaci helyzetet \u00e9s lehet\u0151s\u00e9geket \u2013 \u00edrta a Zaol.hu. A rendezv\u00e9nyen a t\u00e9ma ir\u00e1nt \u00e9rdekl\u0151d\u0151 v\u00e1llalkoz\u00e1sok \u00e9s c\u00e9gek HR-munkat\u00e1rsai vettek r\u00e9szt. A tal\u00e1lkoz\u00f3 egy\u00fattal a HR Club megalakul\u00e1s\u00e1nak nyit\u00f3rendezv\u00e9nye volt. V\u00f6r\u00f6s Anik\u00f3 kamarai titk\u00e1r kiemelte, hogy a kezdem\u00e9nyez\u00e9s a j\u00f3 gyakorlatok \u00e9s tapasztalatok \u00e1tad\u00e1sa mellett arra ir\u00e1ny\u00edtotta a figyelmet, hogy mik\u00e9nt tudja a hum\u00e1ner\u0151forr\u00e1s-menedzsment a v\u00e1llalatok versenyk\u00e9pess\u00e9g\u00e9t meg\u0151rizni a kor kih\u00edv\u00e1saihoz, k\u00fcl\u00f6n\u00f6sen a munkaer\u0151hi\u00e1nyhoz alkalmazkodva.<\/p>\n<p>Vergern\u00e9 Vincze Csilla, a Trenkwalder szolg\u00e1ltat\u00e1s\u00fczemeltet\u00e9si menedzsere arr\u00f3l sz\u00e1molt be, hogy minden szegmensben jelen van a munkaer\u0151hi\u00e1ny, ez\u00e9rt egyre t\u00f6bb v\u00e1llalkoz\u00e1s foglalkoztat <a href=\"https:\/\/allasorias.hu\/hirek\/szukseg-lehet-tobb-kulfoldi-munkasra-magyarorszagon\/\">k\u00fclf\u00f6ldi dolgoz\u00f3t<\/a>. A r\u00e9sztvev\u0151ket Moln\u00e1r \u00c1gota kamarai eln\u00f6k k\u00f6sz\u00f6nt\u00f6tte, majd Szarvas P\u00e9ter, a Trenkwalder min\u0151s\u00e9gi toborz\u00e1si menedzsere az adatvez\u00e9relt megold\u00e1sokr\u00f3l, P\u00e1li N\u00f3ra pedig a di\u00e1k-munkaer\u0151piac kereslet\u00e9r\u0151l \u00e9s k\u00edn\u00e1lat\u00e1r\u00f3l sz\u00f3lt. Csizmazia Bal\u00e1zs, a Ziehl-Abbeg Kft. HR-vezet\u0151je, a p\u00f3diumbesz\u00e9lget\u00e9s egyik r\u00e9sztvev\u0151je kihangs\u00falyozta, hogy v\u00e1llalatuk egy \u00e9ve 35 mongol koll\u00e9g\u00e1t alkalmaz.<\/p>\n<p>A munkahelyi teljes\u00edtm\u00e9ny\u00fck kiv\u00e1l\u00f3, viszont a kultur\u00e1lis k\u00fcl\u00f6nbs\u00e9gek miatt fontos \u0151ket integr\u00e1lni a magyar t\u00e1rsadalomba, meg kell \u0151ket ismertetni a helyi v\u00e1llalati \u00e9s t\u00e1rsadalmi szok\u00e1sokkal. A besz\u00e9lget\u00e9sen r\u00e9sztvev\u0151k arra kerest\u00e9k a v\u00e1laszt, hogy milyen el\u0151ny\u00f6kkel j\u00e1rhat a k\u00fclf\u00f6ldiek foglalkoztat\u00e1sa, megold\u00e1st jelent-e minden probl\u00e9m\u00e1ra. A rendezv\u00e9ny z\u00e1r\u00e1sak\u00e9nt V\u00f6r\u00f6s Anik\u00f3 ismertette a hallgat\u00f3s\u00e1ggal a kamara HR Clubj\u00e1t \u00e9s annak j\u00f6v\u0151beni terveit.<\/p>\n<p>Forr\u00e1s: <a href=\"https:\/\/www.vg.hu\/vilaggazdasag-magyar-gazdasag\/2023\/06\/a-munkaeropiacrol-ertekeztek-zalaegerszegen-minden-szegmensben-hiany\" target=\"_blank\" rel=\"nofollow noopener noreferrer\">vg.hu<\/a><\/p>\n","protected":false},"excerpt":{"rendered":"<p>Mik\u00e9nt tudja a hum\u00e1ner\u0151forr\u00e1s-menedzsment a v\u00e1llalatok versenyk\u00e9pess\u00e9g\u00e9t meg\u0151rizni a kor kih\u00edv\u00e1saihoz, k\u00fcl\u00f6n\u00f6sen a munkaer\u0151hi\u00e1nyhoz alkalmazkodva \u2013 t\u00f6bbek k\u00f6z\u00f6tt err\u0151l is tan\u00e1cskoztak egy zalaegerszegi f\u00f3rumon. Munkaer\u0151, de honnan? c\u00edmmel tartottak szakmai f\u00f3rumot a napokban Zalaegerszegen. A rendezv\u00e9nyen a t\u00e9ma ir\u00e1nt \u00e9rdekl\u0151d\u0151 c\u00e9gek HR-munkat\u00e1rsai vettek r\u00e9szt a Zala Megyei Kereskedelmi \u00e9s Iparkamara \u00e9s a Trenkwalder Recruitment Kft. [&hellip;]<\/p>\n","protected":false},"author":1,"featured_media":6558,"comment_status":"closed","ping_status":"closed","sticky":false,"template":"","format":"standard","meta":{"_monsterinsights_skip_tracking":false,"footnotes":""},"categories":[200],"tags":[537,536],"class_list":["post-6557","post","type-post","status-publish","format-standard","has-post-thumbnail","hentry","category-munkaeropiac","tag-hr","tag-kulfoldi-munkaero"],"aioseo_notices":[],"aioseo_head":"\n\t\t<!-- All in One SEO 5.0.0.1 - aioseo.com -->\n\t<meta name=\"description\" content=\"Mik\u00e9nt tudja a hum\u00e1ner\u0151forr\u00e1s-menedzsment a v\u00e1llalatok versenyk\u00e9pess\u00e9g\u00e9t meg\u0151rizni a kor kih\u00edv\u00e1saihoz, k\u00fcl\u00f6n\u00f6sen a munkaer\u0151hi\u00e1nyhoz alkalmazkodva.\" \/>\n\t<meta name=\"robots\" content=\"max-image-preview:large\" \/>\n\t<meta name=\"author\" content=\"Juh\u00e1sz P\u00e9ter\"\/>\n\t<meta name=\"keywords\" content=\"hr,k\u00fclf\u00f6ldi munkaer\u0151\" \/>\n\t<link rel=\"canonical\" href=\"https:\/\/allasorias.hu\/hirek\/egyre-tobb-vallalkozas-foglalkoztat-kulfoldi-munkerot\/\" \/>\n\t<meta name=\"generator\" content=\"All in One SEO (AIOSEO) 5.0.0.1\" \/>\n\t\t<meta property=\"og:locale\" content=\"hu_HU\" \/>\n\t\t<meta property=\"og:site_name\" content=\"AllasOrias.hu | H\u00edrek-lapszemle | \u00dczleti h\u00edrek az \u00e1ll\u00e1s \u00e9s a munka vil\u00e1g\u00e1b\u00f3l\" \/>\n\t\t<meta property=\"og:type\" content=\"article\" \/>\n\t\t<meta property=\"og:title\" content=\"V\u00e1llalkoz\u00e1sok is alkalmaznak k\u00fclf\u00f6ldi munkaer\u0151t\" \/>\n\t\t<meta property=\"og:description\" content=\"Mik\u00e9nt tudja a hum\u00e1ner\u0151forr\u00e1s-menedzsment a v\u00e1llalatok versenyk\u00e9pess\u00e9g\u00e9t meg\u0151rizni a kor kih\u00edv\u00e1saihoz, k\u00fcl\u00f6n\u00f6sen a munkaer\u0151hi\u00e1nyhoz alkalmazkodva.\" \/>\n\t\t<meta property=\"og:url\" content=\"https:\/\/allasorias.hu\/hirek\/egyre-tobb-vallalkozas-foglalkoztat-kulfoldi-munkerot\/\" \/>\n\t\t<meta property=\"og:image\" content=\"https:\/\/allasorias.hu\/hirek\/wp-content\/uploads\/2023\/06\/kulfoldi-munkaero-foglalkoztatasa.jpg\" \/>\n\t\t<meta property=\"og:image:secure_url\" content=\"https:\/\/allasorias.hu\/hirek\/wp-content\/uploads\/2023\/06\/kulfoldi-munkaero-foglalkoztatasa.jpg\" \/>\n\t\t<meta property=\"og:image:width\" content=\"1280\" \/>\n\t\t<meta property=\"og:image:height\" content=\"853\" \/>\n\t\t<meta property=\"article:published_time\" content=\"2023-06-15T12:56:17+00:00\" \/>\n\t\t<meta property=\"article:modified_time\" content=\"2025-05-09T09:14:02+00:00\" \/>\n\t\t<meta property=\"article:publisher\" content=\"https:\/\/www.facebook.com\/allasorias\" \/>\n\t\t<meta name=\"twitter:card\" content=\"summary_large_image\" \/>\n\t\t<meta name=\"twitter:title\" content=\"V\u00e1llalkoz\u00e1sok is alkalmaznak k\u00fclf\u00f6ldi munkaer\u0151t\" \/>\n\t\t<meta name=\"twitter:description\" content=\"Mik\u00e9nt tudja a hum\u00e1ner\u0151forr\u00e1s-menedzsment a v\u00e1llalatok versenyk\u00e9pess\u00e9g\u00e9t meg\u0151rizni a kor kih\u00edv\u00e1saihoz, k\u00fcl\u00f6n\u00f6sen a munkaer\u0151hi\u00e1nyhoz alkalmazkodva.\" \/>\n\t\t<meta name=\"twitter:image\" content=\"https:\/\/allasorias.hu\/hirek\/wp-content\/uploads\/2023\/06\/kulfoldi-munkaero-foglalkoztatasa.jpg\" \/>\n\t\t<meta name=\"twitter:label1\" content=\"Written by\" \/>\n\t\t<meta name=\"twitter:data1\" content=\"Juh\u00e1sz P\u00e9ter\" \/>\n\t\t<meta name=\"twitter:label2\" content=\"Est. reading time\" \/>\n\t\t<meta name=\"twitter:data2\" content=\"2 minutes\" \/>\n\t\t<script type=\"application\/ld+json\" class=\"aioseo-schema\">\n\t\t\t{\"@context\":\"https:\\\/\\\/schema.org\",\"@graph\":[{\"@type\":\"Article\",\"@id\":\"https:\\\/\\\/allasorias.hu\\\/hirek\\\/egyre-tobb-vallalkozas-foglalkoztat-kulfoldi-munkerot\\\/#article\",\"name\":\"V\\u00e1llalkoz\\u00e1sok is alkalmaznak k\\u00fclf\\u00f6ldi munkaer\\u0151t\",\"headline\":\"Egyre t\\u00f6bb v\\u00e1llalkoz\\u00e1s foglalkoztat k\\u00fclf\\u00f6ldi munker\\u0151t\",\"author\":{\"@id\":\"https:\\\/\\\/allasorias.hu\\\/hirek\\\/author\\\/admin-allasorias\\\/#author\"},\"publisher\":{\"@id\":\"https:\\\/\\\/allasorias.hu\\\/hirek\\\/#organization\"},\"image\":{\"@type\":\"ImageObject\",\"url\":\"https:\\\/\\\/allasorias.hu\\\/hirek\\\/wp-content\\\/uploads\\\/2023\\\/06\\\/kulfoldi-munkaero-foglalkoztatasa.jpg\",\"width\":1280,\"height\":853,\"caption\":\"Egyre t\\u00f6bb v\\u00e1llalkoz\\u00e1s foglalkoztat k\\u00fclf\\u00f6ldi munker\\u0151t - Allasorias.hu\\\/Hirek\"},\"datePublished\":\"2023-06-15T12:56:17+02:00\",\"dateModified\":\"2025-05-09T11:14:02+02:00\",\"inLanguage\":\"hu-HU\",\"mainEntityOfPage\":{\"@id\":\"https:\\\/\\\/allasorias.hu\\\/hirek\\\/egyre-tobb-vallalkozas-foglalkoztat-kulfoldi-munkerot\\\/#webpage\"},\"isPartOf\":{\"@id\":\"https:\\\/\\\/allasorias.hu\\\/hirek\\\/egyre-tobb-vallalkozas-foglalkoztat-kulfoldi-munkerot\\\/#webpage\"},\"articleSection\":\"Munkaer\\u0151piac, hr, k\\u00fclf\\u00f6ldi munkaer\\u0151\"},{\"@type\":\"BreadcrumbList\",\"@id\":\"https:\\\/\\\/allasorias.hu\\\/hirek\\\/egyre-tobb-vallalkozas-foglalkoztat-kulfoldi-munkerot\\\/#breadcrumblist\",\"itemListElement\":[{\"@type\":\"ListItem\",\"@id\":\"https:\\\/\\\/allasorias.hu\\\/hirek#listItem\",\"position\":1,\"name\":\"Home\",\"item\":\"https:\\\/\\\/allasorias.hu\\\/hirek\",\"nextItem\":{\"@type\":\"ListItem\",\"@id\":\"https:\\\/\\\/allasorias.hu\\\/hirek\\\/temak\\\/munkaeropiac\\\/#listItem\",\"name\":\"Munkaer\\u0151piac\"}},{\"@type\":\"ListItem\",\"@id\":\"https:\\\/\\\/allasorias.hu\\\/hirek\\\/temak\\\/munkaeropiac\\\/#listItem\",\"position\":2,\"name\":\"Munkaer\\u0151piac\",\"item\":\"https:\\\/\\\/allasorias.hu\\\/hirek\\\/temak\\\/munkaeropiac\\\/\",\"nextItem\":{\"@type\":\"ListItem\",\"@id\":\"https:\\\/\\\/allasorias.hu\\\/hirek\\\/egyre-tobb-vallalkozas-foglalkoztat-kulfoldi-munkerot\\\/#listItem\",\"name\":\"Egyre t\\u00f6bb v\\u00e1llalkoz\\u00e1s foglalkoztat k\\u00fclf\\u00f6ldi munker\\u0151t\"},\"previousItem\":{\"@type\":\"ListItem\",\"@id\":\"https:\\\/\\\/allasorias.hu\\\/hirek#listItem\",\"name\":\"Home\"}},{\"@type\":\"ListItem\",\"@id\":\"https:\\\/\\\/allasorias.hu\\\/hirek\\\/egyre-tobb-vallalkozas-foglalkoztat-kulfoldi-munkerot\\\/#listItem\",\"position\":3,\"name\":\"Egyre t\\u00f6bb v\\u00e1llalkoz\\u00e1s foglalkoztat k\\u00fclf\\u00f6ldi munker\\u0151t\",\"previousItem\":{\"@type\":\"ListItem\",\"@id\":\"https:\\\/\\\/allasorias.hu\\\/hirek\\\/temak\\\/munkaeropiac\\\/#listItem\",\"name\":\"Munkaer\\u0151piac\"}}]},{\"@type\":\"Organization\",\"@id\":\"https:\\\/\\\/allasorias.hu\\\/hirek\\\/#organization\",\"name\":\"AllasOrias.hu | H\\u00edrek-lapszemle\",\"description\":\"\\u00dczleti h\\u00edrek az \\u00e1ll\\u00e1s \\u00e9s a munka vil\\u00e1g\\u00e1b\\u00f3l\",\"url\":\"https:\\\/\\\/allasorias.hu\\\/hirek\\\/\",\"logo\":{\"@type\":\"ImageObject\",\"url\":\"https:\\\/\\\/allasorias.hu\\\/hirek\\\/wp-content\\\/uploads\\\/2022\\\/10\\\/allasorias_site_facebok_logo.png\",\"@id\":\"https:\\\/\\\/allasorias.hu\\\/hirek\\\/egyre-tobb-vallalkozas-foglalkoztat-kulfoldi-munkerot\\\/#organizationLogo\"},\"image\":{\"@id\":\"https:\\\/\\\/allasorias.hu\\\/hirek\\\/egyre-tobb-vallalkozas-foglalkoztat-kulfoldi-munkerot\\\/#organizationLogo\"},\"sameAs\":[\"https:\\\/\\\/www.facebook.com\\\/allasorias\",\"https:\\\/\\\/www.linkedin.com\\\/company\\\/allasorias\"]},{\"@type\":\"Person\",\"@id\":\"https:\\\/\\\/allasorias.hu\\\/hirek\\\/author\\\/admin-allasorias\\\/#author\",\"url\":\"https:\\\/\\\/allasorias.hu\\\/hirek\\\/author\\\/admin-allasorias\\\/\",\"name\":\"Juh\\u00e1sz P\\u00e9ter\",\"image\":{\"@type\":\"ImageObject\",\"@id\":\"https:\\\/\\\/allasorias.hu\\\/hirek\\\/egyre-tobb-vallalkozas-foglalkoztat-kulfoldi-munkerot\\\/#authorImage\",\"url\":\"https:\\\/\\\/secure.gravatar.com\\\/avatar\\\/36e6bcb83148978b992977cb0f54d22feb0cce8a0a849a9410532bb2623ba4c6?s=96&d=mm&r=g\",\"width\":96,\"height\":96,\"caption\":\"Juh\\u00e1sz P\\u00e9ter\"}},{\"@type\":\"WebPage\",\"@id\":\"https:\\\/\\\/allasorias.hu\\\/hirek\\\/egyre-tobb-vallalkozas-foglalkoztat-kulfoldi-munkerot\\\/#webpage\",\"url\":\"https:\\\/\\\/allasorias.hu\\\/hirek\\\/egyre-tobb-vallalkozas-foglalkoztat-kulfoldi-munkerot\\\/\",\"name\":\"V\\u00e1llalkoz\\u00e1sok is alkalmaznak k\\u00fclf\\u00f6ldi munkaer\\u0151t\",\"description\":\"Mik\\u00e9nt tudja a hum\\u00e1ner\\u0151forr\\u00e1s-menedzsment a v\\u00e1llalatok versenyk\\u00e9pess\\u00e9g\\u00e9t meg\\u0151rizni a kor kih\\u00edv\\u00e1saihoz, k\\u00fcl\\u00f6n\\u00f6sen a munkaer\\u0151hi\\u00e1nyhoz alkalmazkodva.\",\"inLanguage\":\"hu-HU\",\"isPartOf\":{\"@id\":\"https:\\\/\\\/allasorias.hu\\\/hirek\\\/#website\"},\"breadcrumb\":{\"@id\":\"https:\\\/\\\/allasorias.hu\\\/hirek\\\/egyre-tobb-vallalkozas-foglalkoztat-kulfoldi-munkerot\\\/#breadcrumblist\"},\"author\":{\"@id\":\"https:\\\/\\\/allasorias.hu\\\/hirek\\\/author\\\/admin-allasorias\\\/#author\"},\"creator\":{\"@id\":\"https:\\\/\\\/allasorias.hu\\\/hirek\\\/author\\\/admin-allasorias\\\/#author\"},\"image\":{\"@type\":\"ImageObject\",\"url\":\"https:\\\/\\\/allasorias.hu\\\/hirek\\\/wp-content\\\/uploads\\\/2023\\\/06\\\/kulfoldi-munkaero-foglalkoztatasa.jpg\",\"@id\":\"https:\\\/\\\/allasorias.hu\\\/hirek\\\/egyre-tobb-vallalkozas-foglalkoztat-kulfoldi-munkerot\\\/#mainImage\",\"width\":1280,\"height\":853,\"caption\":\"Egyre t\\u00f6bb v\\u00e1llalkoz\\u00e1s foglalkoztat k\\u00fclf\\u00f6ldi munker\\u0151t - Allasorias.hu\\\/Hirek\"},\"primaryImageOfPage\":{\"@id\":\"https:\\\/\\\/allasorias.hu\\\/hirek\\\/egyre-tobb-vallalkozas-foglalkoztat-kulfoldi-munkerot\\\/#mainImage\"},\"datePublished\":\"2023-06-15T12:56:17+02:00\",\"dateModified\":\"2025-05-09T11:14:02+02:00\"},{\"@type\":\"WebSite\",\"@id\":\"https:\\\/\\\/allasorias.hu\\\/hirek\\\/#website\",\"url\":\"https:\\\/\\\/allasorias.hu\\\/hirek\\\/\",\"name\":\"AllasOrias.hu | H\\u00edrek-lapszemle\",\"description\":\"\\u00dczleti h\\u00edrek az \\u00e1ll\\u00e1s \\u00e9s a munka vil\\u00e1g\\u00e1b\\u00f3l\",\"inLanguage\":\"hu-HU\",\"publisher\":{\"@id\":\"https:\\\/\\\/allasorias.hu\\\/hirek\\\/#organization\"}}]}\n\t\t<\/script>\n\t\t<!-- All in One SEO -->\n\n","aioseo_head_json":{"title":"V\u00e1llalkoz\u00e1sok is alkalmaznak k\u00fclf\u00f6ldi munkaer\u0151t","description":"Mik\u00e9nt tudja a hum\u00e1ner\u0151forr\u00e1s-menedzsment a v\u00e1llalatok versenyk\u00e9pess\u00e9g\u00e9t meg\u0151rizni a kor kih\u00edv\u00e1saihoz, k\u00fcl\u00f6n\u00f6sen a munkaer\u0151hi\u00e1nyhoz alkalmazkodva.","canonical_url":"https:\/\/allasorias.hu\/hirek\/egyre-tobb-vallalkozas-foglalkoztat-kulfoldi-munkerot\/","robots":"max-image-preview:large","keywords":"hr,k\u00fclf\u00f6ldi munkaer\u0151","webmasterTools":{"miscellaneous":""},"schema":{"@context":"https:\/\/schema.org","@graph":[{"@type":"Article","@id":"https:\/\/allasorias.hu\/hirek\/egyre-tobb-vallalkozas-foglalkoztat-kulfoldi-munkerot\/#article","name":"V\u00e1llalkoz\u00e1sok is alkalmaznak k\u00fclf\u00f6ldi munkaer\u0151t","headline":"Egyre t\u00f6bb v\u00e1llalkoz\u00e1s foglalkoztat k\u00fclf\u00f6ldi munker\u0151t","author":{"@id":"https:\/\/allasorias.hu\/hirek\/author\/admin-allasorias\/#author"},"publisher":{"@id":"https:\/\/allasorias.hu\/hirek\/#organization"},"image":{"@type":"ImageObject","url":"https:\/\/allasorias.hu\/hirek\/wp-content\/uploads\/2023\/06\/kulfoldi-munkaero-foglalkoztatasa.jpg","width":1280,"height":853,"caption":"Egyre t\u00f6bb v\u00e1llalkoz\u00e1s foglalkoztat k\u00fclf\u00f6ldi munker\u0151t - Allasorias.hu\/Hirek"},"datePublished":"2023-06-15T12:56:17+02:00","dateModified":"2025-05-09T11:14:02+02:00","inLanguage":"hu-HU","mainEntityOfPage":{"@id":"https:\/\/allasorias.hu\/hirek\/egyre-tobb-vallalkozas-foglalkoztat-kulfoldi-munkerot\/#webpage"},"isPartOf":{"@id":"https:\/\/allasorias.hu\/hirek\/egyre-tobb-vallalkozas-foglalkoztat-kulfoldi-munkerot\/#webpage"},"articleSection":"Munkaer\u0151piac, hr, k\u00fclf\u00f6ldi munkaer\u0151"},{"@type":"BreadcrumbList","@id":"https:\/\/allasorias.hu\/hirek\/egyre-tobb-vallalkozas-foglalkoztat-kulfoldi-munkerot\/#breadcrumblist","itemListElement":[{"@type":"ListItem","@id":"https:\/\/allasorias.hu\/hirek#listItem","position":1,"name":"Home","item":"https:\/\/allasorias.hu\/hirek","nextItem":{"@type":"ListItem","@id":"https:\/\/allasorias.hu\/hirek\/temak\/munkaeropiac\/#listItem","name":"Munkaer\u0151piac"}},{"@type":"ListItem","@id":"https:\/\/allasorias.hu\/hirek\/temak\/munkaeropiac\/#listItem","position":2,"name":"Munkaer\u0151piac","item":"https:\/\/allasorias.hu\/hirek\/temak\/munkaeropiac\/","nextItem":{"@type":"ListItem","@id":"https:\/\/allasorias.hu\/hirek\/egyre-tobb-vallalkozas-foglalkoztat-kulfoldi-munkerot\/#listItem","name":"Egyre t\u00f6bb v\u00e1llalkoz\u00e1s foglalkoztat k\u00fclf\u00f6ldi munker\u0151t"},"previousItem":{"@type":"ListItem","@id":"https:\/\/allasorias.hu\/hirek#listItem","name":"Home"}},{"@type":"ListItem","@id":"https:\/\/allasorias.hu\/hirek\/egyre-tobb-vallalkozas-foglalkoztat-kulfoldi-munkerot\/#listItem","position":3,"name":"Egyre t\u00f6bb v\u00e1llalkoz\u00e1s foglalkoztat k\u00fclf\u00f6ldi munker\u0151t","previousItem":{"@type":"ListItem","@id":"https:\/\/allasorias.hu\/hirek\/temak\/munkaeropiac\/#listItem","name":"Munkaer\u0151piac"}}]},{"@type":"Organization","@id":"https:\/\/allasorias.hu\/hirek\/#organization","name":"AllasOrias.hu | H\u00edrek-lapszemle","description":"\u00dczleti h\u00edrek az \u00e1ll\u00e1s \u00e9s a munka vil\u00e1g\u00e1b\u00f3l","url":"https:\/\/allasorias.hu\/hirek\/","logo":{"@type":"ImageObject","url":"https:\/\/allasorias.hu\/hirek\/wp-content\/uploads\/2022\/10\/allasorias_site_facebok_logo.png","@id":"https:\/\/allasorias.hu\/hirek\/egyre-tobb-vallalkozas-foglalkoztat-kulfoldi-munkerot\/#organizationLogo"},"image":{"@id":"https:\/\/allasorias.hu\/hirek\/egyre-tobb-vallalkozas-foglalkoztat-kulfoldi-munkerot\/#organizationLogo"},"sameAs":["https:\/\/www.facebook.com\/allasorias","https:\/\/www.linkedin.com\/company\/allasorias"]},{"@type":"Person","@id":"https:\/\/allasorias.hu\/hirek\/author\/admin-allasorias\/#author","url":"https:\/\/allasorias.hu\/hirek\/author\/admin-allasorias\/","name":"Juh\u00e1sz P\u00e9ter","image":{"@type":"ImageObject","@id":"https:\/\/allasorias.hu\/hirek\/egyre-tobb-vallalkozas-foglalkoztat-kulfoldi-munkerot\/#authorImage","url":"https:\/\/secure.gravatar.com\/avatar\/36e6bcb83148978b992977cb0f54d22feb0cce8a0a849a9410532bb2623ba4c6?s=96&d=mm&r=g","width":96,"height":96,"caption":"Juh\u00e1sz P\u00e9ter"}},{"@type":"WebPage","@id":"https:\/\/allasorias.hu\/hirek\/egyre-tobb-vallalkozas-foglalkoztat-kulfoldi-munkerot\/#webpage","url":"https:\/\/allasorias.hu\/hirek\/egyre-tobb-vallalkozas-foglalkoztat-kulfoldi-munkerot\/","name":"V\u00e1llalkoz\u00e1sok is alkalmaznak k\u00fclf\u00f6ldi munkaer\u0151t","description":"Mik\u00e9nt tudja a hum\u00e1ner\u0151forr\u00e1s-menedzsment a v\u00e1llalatok versenyk\u00e9pess\u00e9g\u00e9t meg\u0151rizni a kor kih\u00edv\u00e1saihoz, k\u00fcl\u00f6n\u00f6sen a munkaer\u0151hi\u00e1nyhoz alkalmazkodva.","inLanguage":"hu-HU","isPartOf":{"@id":"https:\/\/allasorias.hu\/hirek\/#website"},"breadcrumb":{"@id":"https:\/\/allasorias.hu\/hirek\/egyre-tobb-vallalkozas-foglalkoztat-kulfoldi-munkerot\/#breadcrumblist"},"author":{"@id":"https:\/\/allasorias.hu\/hirek\/author\/admin-allasorias\/#author"},"creator":{"@id":"https:\/\/allasorias.hu\/hirek\/author\/admin-allasorias\/#author"},"image":{"@type":"ImageObject","url":"https:\/\/allasorias.hu\/hirek\/wp-content\/uploads\/2023\/06\/kulfoldi-munkaero-foglalkoztatasa.jpg","@id":"https:\/\/allasorias.hu\/hirek\/egyre-tobb-vallalkozas-foglalkoztat-kulfoldi-munkerot\/#mainImage","width":1280,"height":853,"caption":"Egyre t\u00f6bb v\u00e1llalkoz\u00e1s foglalkoztat k\u00fclf\u00f6ldi munker\u0151t - Allasorias.hu\/Hirek"},"primaryImageOfPage":{"@id":"https:\/\/allasorias.hu\/hirek\/egyre-tobb-vallalkozas-foglalkoztat-kulfoldi-munkerot\/#mainImage"},"datePublished":"2023-06-15T12:56:17+02:00","dateModified":"2025-05-09T11:14:02+02:00"},{"@type":"WebSite","@id":"https:\/\/allasorias.hu\/hirek\/#website","url":"https:\/\/allasorias.hu\/hirek\/","name":"AllasOrias.hu | H\u00edrek-lapszemle","description":"\u00dczleti h\u00edrek az \u00e1ll\u00e1s \u00e9s a munka vil\u00e1g\u00e1b\u00f3l","inLanguage":"hu-HU","publisher":{"@id":"https:\/\/allasorias.hu\/hirek\/#organization"}}]},"og:locale":"hu_HU","og:site_name":"AllasOrias.hu | H\u00edrek-lapszemle | \u00dczleti h\u00edrek az \u00e1ll\u00e1s \u00e9s a munka vil\u00e1g\u00e1b\u00f3l","og:type":"article","og:title":"V\u00e1llalkoz\u00e1sok is alkalmaznak k\u00fclf\u00f6ldi munkaer\u0151t","og:description":"Mik\u00e9nt tudja a hum\u00e1ner\u0151forr\u00e1s-menedzsment a v\u00e1llalatok versenyk\u00e9pess\u00e9g\u00e9t meg\u0151rizni a kor kih\u00edv\u00e1saihoz, k\u00fcl\u00f6n\u00f6sen a munkaer\u0151hi\u00e1nyhoz alkalmazkodva.","og:url":"https:\/\/allasorias.hu\/hirek\/egyre-tobb-vallalkozas-foglalkoztat-kulfoldi-munkerot\/","og:image":"https:\/\/allasorias.hu\/hirek\/wp-content\/uploads\/2023\/06\/kulfoldi-munkaero-foglalkoztatasa.jpg","og:image:secure_url":"https:\/\/allasorias.hu\/hirek\/wp-content\/uploads\/2023\/06\/kulfoldi-munkaero-foglalkoztatasa.jpg","og:image:width":1280,"og:image:height":853,"article:published_time":"2023-06-15T12:56:17+00:00","article:modified_time":"2025-05-09T09:14:02+00:00","article:publisher":"https:\/\/www.facebook.com\/allasorias","twitter:card":"summary_large_image","twitter:title":"V\u00e1llalkoz\u00e1sok is alkalmaznak k\u00fclf\u00f6ldi munkaer\u0151t","twitter:description":"Mik\u00e9nt tudja a hum\u00e1ner\u0151forr\u00e1s-menedzsment a v\u00e1llalatok versenyk\u00e9pess\u00e9g\u00e9t meg\u0151rizni a kor kih\u00edv\u00e1saihoz, k\u00fcl\u00f6n\u00f6sen a munkaer\u0151hi\u00e1nyhoz alkalmazkodva.","twitter:image":"https:\/\/allasorias.hu\/hirek\/wp-content\/uploads\/2023\/06\/kulfoldi-munkaero-foglalkoztatasa.jpg","twitter:label1":"Written by","twitter:data1":"Juh\u00e1sz P\u00e9ter","twitter:label2":"Est. reading time","twitter:data2":"2 minutes"},"aioseo_meta_data":{"post_id":"6557","title":"V\u00e1llalkoz\u00e1sok is alkalmaznak k\u00fclf\u00f6ldi munkaer\u0151t","description":"Mik\u00e9nt tudja a hum\u00e1ner\u0151forr\u00e1s-menedzsment a v\u00e1llalatok versenyk\u00e9pess\u00e9g\u00e9t meg\u0151rizni a kor kih\u00edv\u00e1saihoz, k\u00fcl\u00f6n\u00f6sen a munkaer\u0151hi\u00e1nyhoz alkalmazkodva.","keywords":null,"keyphrases":{"focus":{"keyphrase":"","score":0,"analysis":{"keyphraseInTitle":{"score":0,"maxScore":9,"error":1}}},"additional":[]},"primary_term":null,"canonical_url":null,"og_title":null,"og_description":null,"og_object_type":"default","og_image_type":"default","og_image_url":null,"og_image_width":null,"og_image_height":null,"og_image_custom_url":null,"og_image_custom_fields":null,"og_video":"","og_custom_url":null,"og_article_section":null,"og_article_tags":null,"twitter_use_og":true,"twitter_card":"default","twitter_image_type":"default","twitter_image_url":null,"twitter_image_custom_url":null,"twitter_image_custom_fields":null,"twitter_title":null,"twitter_description":null,"schema":{"blockGraphs":[],"customGraphs":[],"default":{"data":{"Article":[],"Course":[],"Dataset":[],"FAQPage":[],"Movie":[],"Person":[],"Product":[],"ProductReview":[],"Car":[],"Recipe":[],"Service":[],"SoftwareApplication":[],"WebPage":[]},"graphName":"Article","isEnabled":true},"graphs":[]},"schema_type":"default","schema_type_options":null,"pillar_content":false,"robots_default":true,"robots_noindex":false,"robots_noarchive":false,"robots_nosnippet":false,"robots_nofollow":false,"robots_noimageindex":false,"robots_noodp":false,"robots_notranslate":false,"robots_max_snippet":"-1","robots_max_videopreview":"-1","robots_max_imagepreview":"large","priority":null,"frequency":"default","location":null,"local_seo":null,"breadcrumb_settings":null,"limit_modified_date":false,"ai":null,"created":"2023-06-15 12:21:19","updated":"2025-10-02 18:38:42","seo_analyzer_scan_date":null,"focus_keyword":null,"additional_keywords":null,"truseo_locale":null},"aioseo_breadcrumb":"<div class=\"aioseo-breadcrumbs\"><span class=\"aioseo-breadcrumb\">\n\t\t\t<a href=\"https:\/\/allasorias.hu\/hirek\" title=\"Home\">Home<\/a>\n\t\t<\/span><span class=\"aioseo-breadcrumb-separator\">&raquo;<\/span><span class=\"aioseo-breadcrumb\">\n\t\t\t<a href=\"https:\/\/allasorias.hu\/hirek\/temak\/munkaeropiac\/\" title=\"Munkaer\u0151piac\">Munkaer\u0151piac<\/a>\n\t\t<\/span><span class=\"aioseo-breadcrumb-separator\">&raquo;<\/span><span class=\"aioseo-breadcrumb\">\n\t\t\tEgyre t\u00f6bb v\u00e1llalkoz\u00e1s foglalkoztat k\u00fclf\u00f6ldi munker\u0151t\n\t\t<\/span><\/div>","aioseo_breadcrumb_json":[{"label":"Home","link":"https:\/\/allasorias.hu\/hirek"},{"label":"Munkaer\u0151piac","link":"https:\/\/allasorias.hu\/hirek\/temak\/munkaeropiac\/"},{"label":"Egyre t\u00f6bb v\u00e1llalkoz\u00e1s foglalkoztat k\u00fclf\u00f6ldi munker\u0151t","link":"https:\/\/allasorias.hu\/hirek\/egyre-tobb-vallalkozas-foglalkoztat-kulfoldi-munkerot\/"}],"_links":{"self":[{"href":"https:\/\/allasorias.hu\/hirek\/wp-json\/wp\/v2\/posts\/6557","targetHints":{"allow":["GET"]}}],"collection":[{"href":"https:\/\/allasorias.hu\/hirek\/wp-json\/wp\/v2\/posts"}],"about":[{"href":"https:\/\/allasorias.hu\/hirek\/wp-json\/wp\/v2\/types\/post"}],"author":[{"embeddable":true,"href":"https:\/\/allasorias.hu\/hirek\/wp-json\/wp\/v2\/users\/1"}],"replies":[{"embeddable":true,"href":"https:\/\/allasorias.hu\/hirek\/wp-json\/wp\/v2\/comments?post=6557"}],"version-history":[{"count":1,"href":"https:\/\/allasorias.hu\/hirek\/wp-json\/wp\/v2\/posts\/6557\/revisions"}],"predecessor-version":[{"id":6559,"href":"https:\/\/allasorias.hu\/hirek\/wp-json\/wp\/v2\/posts\/6557\/revisions\/6559"}],"wp:featuredmedia":[{"embeddable":true,"href":"https:\/\/allasorias.hu\/hirek\/wp-json\/wp\/v2\/media\/6558"}],"wp:attachment":[{"href":"https:\/\/allasorias.hu\/hirek\/wp-json\/wp\/v2\/media?parent=6557"}],"wp:term":[{"taxonomy":"category","embeddable":true,"href":"https:\/\/allasorias.hu\/hirek\/wp-json\/wp\/v2\/categories?post=6557"},{"taxonomy":"post_tag","embeddable":true,"href":"https:\/\/allasorias.hu\/hirek\/wp-json\/wp\/v2\/tags?post=6557"}],"curies":[{"name":"wp","href":"https:\/\/api.w.org\/{rel}","templated":true}]}}