{"id":6554,"date":"2023-06-14T08:09:06","date_gmt":"2023-06-14T08:09:06","guid":{"rendered":"https:\/\/allasorias.hu\/hirek\/?p=6554"},"modified":"2023-06-14T08:09:06","modified_gmt":"2023-06-14T08:09:06","slug":"sok-diakmunkasra-szamitanak-az-iden","status":"publish","type":"post","link":"https:\/\/allasorias.hu\/hirek\/sok-diakmunkasra-szamitanak-az-iden\/","title":{"rendered":"Sok di\u00e1kmunk\u00e1sra sz\u00e1m\u00edtanak az id\u00e9n"},"content":{"rendered":"<p><strong>Az idei ny\u00e1ron t\u00f6bb di\u00e1kmunk\u00e1sra sz\u00e1m\u00edtanak az el\u0151rejelz\u00e9sek szerint. Az \u00e1tlagos \u00f3rab\u00e9r n\u0151tt el\u0151z\u0151 \u00e9vhez k\u00e9pest, r\u00e1ad\u00e1sul a 25 \u00e9v alattiak szem\u00e9lyij\u00f6vedelemad\u00f3-mentess\u00e9ge miatt brutt\u00f3 b\u00e9r\u00fck megegyezik a nett\u00f3val.<\/strong><\/p>\n<p>Az idei ny\u00e1ri szezonban becsl\u00e9sek alapj\u00e1n orsz\u00e1gosan sz\u00e1zezer di\u00e1k v\u00e1llalhat munk\u00e1t sz\u00e1mos ter\u00fcleten a kereskedelemt\u0151l kezdve a vend\u00e9gl\u00e1t\u00e1son \u00e1t az iparig \u00e9s a mez\u0151gazdas\u00e1g ter\u00fclet\u00e9ig \u2013 der\u00fcl ki a Mel\u00f3-Di\u00e1k iskolasz\u00f6vetkezet el\u0151rejelz\u00e9s\u00e9b\u0151l. Kiemelt\u00e9k, hogy a di\u00e1kmunk\u00e1sok \u00e1tlagos \u00f3rab\u00e9re az iskolasz\u00f6vetkezetn\u00e9l 1700 forint k\u00f6r\u00fcl alakul, de a k\u00e9zhez kapott fizet\u00e9s ak\u00e1r 5-10 sz\u00e1zal\u00e9kkal is meghaladhatja a hirdet\u00e9sek alapj\u00e1n sz\u00e1m\u00edtott \u00f6sszegeket. B\u00e1r a di\u00e1kmunka szezonalit\u00e1sa \u00e9vr\u0151l \u00e9vre cs\u00f6kken, a ny\u00e1ri id\u0151szakban \u00e1tlagosan m\u00e9g mindig 40-45 sz\u00e1zal\u00e9kkal n\u0151 a foglalkoztatott fiatalok sz\u00e1ma \u2013 jelezt\u00e9k.<\/p>\n<p>\u201eA di\u00e1kmunka ir\u00e1nti keresletet id\u00e9n a magas infl\u00e1ci\u00f3 is er\u0151s\u00edti, egyre t\u00f6bben vannak, akik alapvet\u0151 sz\u00fcks\u00e9gleteik fedez\u00e9se \u00e9rdek\u00e9ben k\u00e9nytelenek munk\u00e1t v\u00e1llalni\u201d \u2013 mondta Kott Zolt\u00e1n, a Mel\u00f3-Di\u00e1k eln\u00f6k-vez\u00e9rigazgat\u00f3ja. A k\u00edn\u00e1lat tartja a l\u00e9p\u00e9st a megn\u00f6vekedett kereslettel: b\u00e1r a kereskedelemben a kor\u00e1bbi \u00e9vekhez viszony\u00edtva kevesebb a di\u00e1kmunka-lehet\u0151s\u00e9g, a vend\u00e9gl\u00e1t\u00e1sban, a strandokon, a fesztiv\u00e1lokon \u00e9s (d\u00f6nt\u0151en a szabads\u00e1gol\u00e1sok kiv\u00e1lt\u00e1s\u00e1ra) az \u00fczemekben is sok di\u00e1kot v\u00e1rnak \u2013 jegyezte meg. Mindenki tal\u00e1l munk\u00e1t, aki keres, a Mel\u00f3-Di\u00e1k honlapj\u00e1n jelenleg mintegy hatsz\u00e1z lehet\u0151s\u00e9gb\u0151l lehet v\u00e1logatni \u2013 tette hozz\u00e1.<\/p>\n<p>Az iskolasz\u00f6vetkezetn\u00e9l nagyj\u00e1b\u00f3l 40-60 sz\u00e1zal\u00e9k a budapesti \u00e9s a vid\u00e9ki munkalehet\u0151s\u00e9gek ar\u00e1nya, \u00e9s hasonl\u00f3 a megoszl\u00e1s a fizikai \u00e9s a szellemi-irodai poz\u00edci\u00f3k k\u00f6z\u00f6tt is az el\u0151bbiek jav\u00e1ra. A di\u00e1kok k\u00f6r\u00e9ben a legkeresettebbek a Balaton k\u00f6rny\u00e9k\u00e9n, strandokon, cs\u00faszdaparkokban, vend\u00e9gl\u00e1t\u00f3helyeken, fesztiv\u00e1lokon meghirdetett \u00e1ll\u00e1slehet\u0151s\u00e9gek, de sok helyen a mez\u0151gazdas\u00e1gi munk\u00e1k is a n\u00e9pszer\u0171bbek k\u00f6z\u00e9 tartoznak. Sok olyan poz\u00edci\u00f3 is van, amelyben a szezonalit\u00e1s nem \u00e9rv\u00e9nyes\u00fcl: sz\u00e1mos kereskedelmi, feldolgoz\u00f3ipari, gyors\u00e9ttermi, irodai, mozis \u00e1ll\u00e1shely eg\u00e9sz \u00e9vben nyitott a di\u00e1kok el\u0151tt.<\/p>\n<h2>Sokan mennek k\u00fclf\u00f6ldre<\/h2>\n<p>A magyarorsz\u00e1gi poz\u00edci\u00f3k mellett a sz\u00f6vetkezet tengerent\u00fali munkalehet\u0151s\u00e9geket is k\u00edn\u00e1l: a Camp America \u00e9s az Au Pair programra az id\u00e9n rekordsz\u00e1mban, t\u00f6bb mint 400-an jelentkeztek, akik k\u00f6z\u00fcl 350-en tudtak kiutazni, 50-nel t\u00f6bben, mint 2022-ben \u2013 sz\u00e1molt be Kott Zolt\u00e1n. Emell\u00e9 j\u00f6n m\u00e9g t\u00f6bbek k\u00f6z\u00f6tt az a 26-27 ezer di\u00e1k, akik a Gazdas\u00e1gfejleszt\u00e9si Miniszt\u00e9rium Ny\u00e1ri di\u00e1kmunka programj\u00e1ban vesznek r\u00e9szt, \u00e9s amelyre a korm\u00e1ny 3,5 milli\u00e1rd forint b\u00e9rt\u00e1mogat\u00e1st biztos\u00edtott \u2013 k\u00f6z\u00f6lte Czomba S\u00e1ndor, a t\u00e1rca foglalkoztat\u00e1spolitikai \u00e1llamtitk\u00e1ra a k\u00f6zt\u00e9v\u00e9ben.<\/p>\n<h2>A brutt\u00f3 b\u00e9r megegyezik a nett\u00f3 b\u00e9rrel<\/h2>\n<p>A t\u00e1mogat\u00e1sokat \u00f6nkorm\u00e1nyzatok \u00e9s a mez\u0151gazdas\u00e1gban, turizmusban vagy vend\u00e9gl\u00e1t\u00e1sban m\u0171k\u00f6d\u0151 v\u00e1llalkoz\u00e1sok h\u00edvhatj\u00e1k le. \u00d6nkorm\u00e1nyzatoknak az \u00e1llami t\u00e1mogat\u00e1s a b\u00e9rj\u00e1rul\u00e9k 100 sz\u00e1zal\u00e9k\u00e1t fedezi legfeljebb hat\u00f3r\u00e1s foglalkoztat\u00e1sn\u00e1l, a versenyszf\u00e9r\u00e1ban pedig 8 \u00f3r\u00e1s munkav\u00e9gz\u00e9sn\u00e9l a c\u00e9gek a b\u00e9rj\u00e1rul\u00e9kok 75 sz\u00e1zal\u00e9k\u00e1t kapj\u00e1k k\u00e9zhez. Az \u00e1llamtitk\u00e1r kifejtette: a di\u00e1kmunk\u00e1ra is \u00e9rv\u00e9nyesek a munka t\u00f6rv\u00e9nyk\u00f6nyv\u00e9nek el\u0151\u00edr\u00e1sai; Nyolc\u00f3r\u00e1s munkav\u00e9gz\u00e9sn\u00e9l a minim\u00e1lb\u00e9r brutt\u00f3 232 ezer Ft, k\u00f6z\u00e9pfok\u00fa v\u00e9gzetts\u00e9get vagy szakk\u00e9pes\u00edt\u00e9st ig\u00e9nyl\u0151 munk\u00e1n\u00e1l legal\u00e1bb 296.400 Ft. A 25 \u00e9v alattiakra \u00e9rv\u00e9nyes SZJA mentess\u00e9g miatt pedig\u00a0 a brutt\u00f3 b\u00e9r megegyezik a nett\u00f3 b\u00e9rrel.<\/p>\n<p>Forr\u00e1s: <a href=\"https:\/\/index.hu\/gazdasag\/2023\/06\/13\/diakmunka-diakok-melo-diak-gazdasagfejlesztesi-miniszterium-munkaeropiac-szja-mentesseg\/\" target=\"_blank\" rel=\"nofollow noopener noreferrer\">index.hu<\/a><\/p>\n","protected":false},"excerpt":{"rendered":"<p>Az idei ny\u00e1ron t\u00f6bb di\u00e1kmunk\u00e1sra sz\u00e1m\u00edtanak az el\u0151rejelz\u00e9sek szerint. Az \u00e1tlagos \u00f3rab\u00e9r n\u0151tt el\u0151z\u0151 \u00e9vhez k\u00e9pest, r\u00e1ad\u00e1sul a 25 \u00e9v alattiak szem\u00e9lyij\u00f6vedelemad\u00f3-mentess\u00e9ge miatt brutt\u00f3 b\u00e9r\u00fck megegyezik a nett\u00f3val. Az idei ny\u00e1ri szezonban becsl\u00e9sek alapj\u00e1n orsz\u00e1gosan sz\u00e1zezer di\u00e1k v\u00e1llalhat munk\u00e1t sz\u00e1mos ter\u00fcleten a kereskedelemt\u0151l kezdve a vend\u00e9gl\u00e1t\u00e1son \u00e1t az iparig \u00e9s a mez\u0151gazdas\u00e1g ter\u00fclet\u00e9ig \u2013 der\u00fcl [&hellip;]<\/p>\n","protected":false},"author":1,"featured_media":6555,"comment_status":"open","ping_status":"open","sticky":false,"template":"","format":"standard","meta":{"_monsterinsights_skip_tracking":false,"footnotes":""},"categories":[200],"tags":[534,535],"class_list":["post-6554","post","type-post","status-publish","format-standard","has-post-thumbnail","hentry","category-munkaeropiac","tag-diakmunka","tag-diakmunkas"],"aioseo_notices":[],"aioseo_head":"\n\t\t<!-- All in One SEO 5.0.0.1 - aioseo.com -->\n\t<meta name=\"description\" content=\"Az idei ny\u00e1ron t\u00f6bb di\u00e1kmunk\u00e1sra sz\u00e1m\u00edtanak az el\u0151rejelz\u00e9sek szerint. Az \u00e1tlagos \u00f3rab\u00e9r n\u0151tt el\u0151z\u0151 \u00e9vhez k\u00e9pest.\" \/>\n\t<meta name=\"robots\" content=\"max-image-preview:large\" \/>\n\t<meta name=\"author\" content=\"Juh\u00e1sz P\u00e9ter\"\/>\n\t<meta name=\"keywords\" content=\"di\u00e1kmunka,di\u00e1kmunk\u00e1s\" \/>\n\t<link rel=\"canonical\" href=\"https:\/\/allasorias.hu\/hirek\/sok-diakmunkasra-szamitanak-az-iden\/\" \/>\n\t<meta name=\"generator\" content=\"All in One SEO (AIOSEO) 5.0.0.1\" \/>\n\t\t<meta property=\"og:locale\" content=\"hu_HU\" \/>\n\t\t<meta property=\"og:site_name\" content=\"AllasOrias.hu | H\u00edrek-lapszemle | \u00dczleti h\u00edrek az \u00e1ll\u00e1s \u00e9s a munka vil\u00e1g\u00e1b\u00f3l\" \/>\n\t\t<meta property=\"og:type\" content=\"article\" \/>\n\t\t<meta property=\"og:title\" content=\"Sok di\u00e1kmunk\u00e1sra sz\u00e1m\u00edtanak az id\u00e9n | Allasorias.hu\/Hirek\" \/>\n\t\t<meta property=\"og:description\" content=\"Az idei ny\u00e1ron t\u00f6bb di\u00e1kmunk\u00e1sra sz\u00e1m\u00edtanak az el\u0151rejelz\u00e9sek szerint. Az \u00e1tlagos \u00f3rab\u00e9r n\u0151tt el\u0151z\u0151 \u00e9vhez k\u00e9pest.\" \/>\n\t\t<meta property=\"og:url\" content=\"https:\/\/allasorias.hu\/hirek\/sok-diakmunkasra-szamitanak-az-iden\/\" \/>\n\t\t<meta property=\"og:image\" content=\"https:\/\/allasorias.hu\/hirek\/wp-content\/uploads\/2023\/06\/diakmunkas.jpg\" \/>\n\t\t<meta property=\"og:image:secure_url\" content=\"https:\/\/allasorias.hu\/hirek\/wp-content\/uploads\/2023\/06\/diakmunkas.jpg\" \/>\n\t\t<meta property=\"og:image:width\" content=\"1280\" \/>\n\t\t<meta property=\"og:image:height\" content=\"853\" \/>\n\t\t<meta property=\"article:published_time\" content=\"2023-06-14T08:09:06+00:00\" \/>\n\t\t<meta property=\"article:modified_time\" content=\"2023-06-14T08:09:06+00:00\" \/>\n\t\t<meta property=\"article:publisher\" content=\"https:\/\/www.facebook.com\/allasorias\" \/>\n\t\t<meta name=\"twitter:card\" content=\"summary_large_image\" \/>\n\t\t<meta name=\"twitter:title\" content=\"Sok di\u00e1kmunk\u00e1sra sz\u00e1m\u00edtanak az id\u00e9n | Allasorias.hu\/Hirek\" \/>\n\t\t<meta name=\"twitter:description\" content=\"Az idei ny\u00e1ron t\u00f6bb di\u00e1kmunk\u00e1sra sz\u00e1m\u00edtanak az el\u0151rejelz\u00e9sek szerint. Az \u00e1tlagos \u00f3rab\u00e9r n\u0151tt el\u0151z\u0151 \u00e9vhez k\u00e9pest.\" \/>\n\t\t<meta name=\"twitter:image\" content=\"https:\/\/allasorias.hu\/hirek\/wp-content\/uploads\/2023\/06\/diakmunkas.jpg\" \/>\n\t\t<meta name=\"twitter:label1\" content=\"Written by\" \/>\n\t\t<meta name=\"twitter:data1\" content=\"Juh\u00e1sz P\u00e9ter\" \/>\n\t\t<meta name=\"twitter:label2\" content=\"Est. reading time\" \/>\n\t\t<meta name=\"twitter:data2\" content=\"4 minutes\" \/>\n\t\t<script type=\"application\/ld+json\" class=\"aioseo-schema\">\n\t\t\t{\"@context\":\"https:\\\/\\\/schema.org\",\"@graph\":[{\"@type\":\"Article\",\"@id\":\"https:\\\/\\\/allasorias.hu\\\/hirek\\\/sok-diakmunkasra-szamitanak-az-iden\\\/#article\",\"name\":\"Sok di\\u00e1kmunk\\u00e1sra sz\\u00e1m\\u00edtanak az id\\u00e9n | Allasorias.hu\\\/Hirek\",\"headline\":\"Sok di\\u00e1kmunk\\u00e1sra sz\\u00e1m\\u00edtanak az id\\u00e9n\",\"author\":{\"@id\":\"https:\\\/\\\/allasorias.hu\\\/hirek\\\/author\\\/admin-allasorias\\\/#author\"},\"publisher\":{\"@id\":\"https:\\\/\\\/allasorias.hu\\\/hirek\\\/#organization\"},\"image\":{\"@type\":\"ImageObject\",\"url\":\"https:\\\/\\\/allasorias.hu\\\/hirek\\\/wp-content\\\/uploads\\\/2023\\\/06\\\/diakmunkas.jpg\",\"width\":1280,\"height\":853,\"caption\":\"Sok di\\u00e1kmunk\\u00e1sra sz\\u00e1m\\u00edtanak az id\\u00e9n - Allasorias.hu\\\/Hirek\"},\"datePublished\":\"2023-06-14T08:09:06+02:00\",\"dateModified\":\"2023-06-14T08:09:06+02:00\",\"inLanguage\":\"hu-HU\",\"mainEntityOfPage\":{\"@id\":\"https:\\\/\\\/allasorias.hu\\\/hirek\\\/sok-diakmunkasra-szamitanak-az-iden\\\/#webpage\"},\"isPartOf\":{\"@id\":\"https:\\\/\\\/allasorias.hu\\\/hirek\\\/sok-diakmunkasra-szamitanak-az-iden\\\/#webpage\"},\"articleSection\":\"Munkaer\\u0151piac, di\\u00e1kmunka, di\\u00e1kmunk\\u00e1s\"},{\"@type\":\"BreadcrumbList\",\"@id\":\"https:\\\/\\\/allasorias.hu\\\/hirek\\\/sok-diakmunkasra-szamitanak-az-iden\\\/#breadcrumblist\",\"itemListElement\":[{\"@type\":\"ListItem\",\"@id\":\"https:\\\/\\\/allasorias.hu\\\/hirek#listItem\",\"position\":1,\"name\":\"Home\",\"item\":\"https:\\\/\\\/allasorias.hu\\\/hirek\",\"nextItem\":{\"@type\":\"ListItem\",\"@id\":\"https:\\\/\\\/allasorias.hu\\\/hirek\\\/temak\\\/munkaeropiac\\\/#listItem\",\"name\":\"Munkaer\\u0151piac\"}},{\"@type\":\"ListItem\",\"@id\":\"https:\\\/\\\/allasorias.hu\\\/hirek\\\/temak\\\/munkaeropiac\\\/#listItem\",\"position\":2,\"name\":\"Munkaer\\u0151piac\",\"item\":\"https:\\\/\\\/allasorias.hu\\\/hirek\\\/temak\\\/munkaeropiac\\\/\",\"nextItem\":{\"@type\":\"ListItem\",\"@id\":\"https:\\\/\\\/allasorias.hu\\\/hirek\\\/sok-diakmunkasra-szamitanak-az-iden\\\/#listItem\",\"name\":\"Sok di\\u00e1kmunk\\u00e1sra sz\\u00e1m\\u00edtanak az id\\u00e9n\"},\"previousItem\":{\"@type\":\"ListItem\",\"@id\":\"https:\\\/\\\/allasorias.hu\\\/hirek#listItem\",\"name\":\"Home\"}},{\"@type\":\"ListItem\",\"@id\":\"https:\\\/\\\/allasorias.hu\\\/hirek\\\/sok-diakmunkasra-szamitanak-az-iden\\\/#listItem\",\"position\":3,\"name\":\"Sok di\\u00e1kmunk\\u00e1sra sz\\u00e1m\\u00edtanak az id\\u00e9n\",\"previousItem\":{\"@type\":\"ListItem\",\"@id\":\"https:\\\/\\\/allasorias.hu\\\/hirek\\\/temak\\\/munkaeropiac\\\/#listItem\",\"name\":\"Munkaer\\u0151piac\"}}]},{\"@type\":\"Organization\",\"@id\":\"https:\\\/\\\/allasorias.hu\\\/hirek\\\/#organization\",\"name\":\"AllasOrias.hu | H\\u00edrek-lapszemle\",\"description\":\"\\u00dczleti h\\u00edrek az \\u00e1ll\\u00e1s \\u00e9s a munka vil\\u00e1g\\u00e1b\\u00f3l\",\"url\":\"https:\\\/\\\/allasorias.hu\\\/hirek\\\/\",\"logo\":{\"@type\":\"ImageObject\",\"url\":\"https:\\\/\\\/allasorias.hu\\\/hirek\\\/wp-content\\\/uploads\\\/2022\\\/10\\\/allasorias_site_facebok_logo.png\",\"@id\":\"https:\\\/\\\/allasorias.hu\\\/hirek\\\/sok-diakmunkasra-szamitanak-az-iden\\\/#organizationLogo\"},\"image\":{\"@id\":\"https:\\\/\\\/allasorias.hu\\\/hirek\\\/sok-diakmunkasra-szamitanak-az-iden\\\/#organizationLogo\"},\"sameAs\":[\"https:\\\/\\\/www.facebook.com\\\/allasorias\",\"https:\\\/\\\/www.linkedin.com\\\/company\\\/allasorias\"]},{\"@type\":\"Person\",\"@id\":\"https:\\\/\\\/allasorias.hu\\\/hirek\\\/author\\\/admin-allasorias\\\/#author\",\"url\":\"https:\\\/\\\/allasorias.hu\\\/hirek\\\/author\\\/admin-allasorias\\\/\",\"name\":\"Juh\\u00e1sz P\\u00e9ter\",\"image\":{\"@type\":\"ImageObject\",\"@id\":\"https:\\\/\\\/allasorias.hu\\\/hirek\\\/sok-diakmunkasra-szamitanak-az-iden\\\/#authorImage\",\"url\":\"https:\\\/\\\/secure.gravatar.com\\\/avatar\\\/36e6bcb83148978b992977cb0f54d22feb0cce8a0a849a9410532bb2623ba4c6?s=96&d=mm&r=g\",\"width\":96,\"height\":96,\"caption\":\"Juh\\u00e1sz P\\u00e9ter\"}},{\"@type\":\"WebPage\",\"@id\":\"https:\\\/\\\/allasorias.hu\\\/hirek\\\/sok-diakmunkasra-szamitanak-az-iden\\\/#webpage\",\"url\":\"https:\\\/\\\/allasorias.hu\\\/hirek\\\/sok-diakmunkasra-szamitanak-az-iden\\\/\",\"name\":\"Sok di\\u00e1kmunk\\u00e1sra sz\\u00e1m\\u00edtanak az id\\u00e9n | Allasorias.hu\\\/Hirek\",\"description\":\"Az idei ny\\u00e1ron t\\u00f6bb di\\u00e1kmunk\\u00e1sra sz\\u00e1m\\u00edtanak az el\\u0151rejelz\\u00e9sek szerint. Az \\u00e1tlagos \\u00f3rab\\u00e9r n\\u0151tt el\\u0151z\\u0151 \\u00e9vhez k\\u00e9pest.\",\"inLanguage\":\"hu-HU\",\"isPartOf\":{\"@id\":\"https:\\\/\\\/allasorias.hu\\\/hirek\\\/#website\"},\"breadcrumb\":{\"@id\":\"https:\\\/\\\/allasorias.hu\\\/hirek\\\/sok-diakmunkasra-szamitanak-az-iden\\\/#breadcrumblist\"},\"author\":{\"@id\":\"https:\\\/\\\/allasorias.hu\\\/hirek\\\/author\\\/admin-allasorias\\\/#author\"},\"creator\":{\"@id\":\"https:\\\/\\\/allasorias.hu\\\/hirek\\\/author\\\/admin-allasorias\\\/#author\"},\"image\":{\"@type\":\"ImageObject\",\"url\":\"https:\\\/\\\/allasorias.hu\\\/hirek\\\/wp-content\\\/uploads\\\/2023\\\/06\\\/diakmunkas.jpg\",\"@id\":\"https:\\\/\\\/allasorias.hu\\\/hirek\\\/sok-diakmunkasra-szamitanak-az-iden\\\/#mainImage\",\"width\":1280,\"height\":853,\"caption\":\"Sok di\\u00e1kmunk\\u00e1sra sz\\u00e1m\\u00edtanak az id\\u00e9n - Allasorias.hu\\\/Hirek\"},\"primaryImageOfPage\":{\"@id\":\"https:\\\/\\\/allasorias.hu\\\/hirek\\\/sok-diakmunkasra-szamitanak-az-iden\\\/#mainImage\"},\"datePublished\":\"2023-06-14T08:09:06+02:00\",\"dateModified\":\"2023-06-14T08:09:06+02:00\"},{\"@type\":\"WebSite\",\"@id\":\"https:\\\/\\\/allasorias.hu\\\/hirek\\\/#website\",\"url\":\"https:\\\/\\\/allasorias.hu\\\/hirek\\\/\",\"name\":\"AllasOrias.hu | H\\u00edrek-lapszemle\",\"description\":\"\\u00dczleti h\\u00edrek az \\u00e1ll\\u00e1s \\u00e9s a munka vil\\u00e1g\\u00e1b\\u00f3l\",\"inLanguage\":\"hu-HU\",\"publisher\":{\"@id\":\"https:\\\/\\\/allasorias.hu\\\/hirek\\\/#organization\"}}]}\n\t\t<\/script>\n\t\t<!-- All in One SEO -->\n\n","aioseo_head_json":{"title":"Sok di\u00e1kmunk\u00e1sra sz\u00e1m\u00edtanak az id\u00e9n | Allasorias.hu\/Hirek","description":"Az idei ny\u00e1ron t\u00f6bb di\u00e1kmunk\u00e1sra sz\u00e1m\u00edtanak az el\u0151rejelz\u00e9sek szerint. Az \u00e1tlagos \u00f3rab\u00e9r n\u0151tt el\u0151z\u0151 \u00e9vhez k\u00e9pest.","canonical_url":"https:\/\/allasorias.hu\/hirek\/sok-diakmunkasra-szamitanak-az-iden\/","robots":"max-image-preview:large","keywords":"di\u00e1kmunka,di\u00e1kmunk\u00e1s","webmasterTools":{"miscellaneous":""},"schema":{"@context":"https:\/\/schema.org","@graph":[{"@type":"Article","@id":"https:\/\/allasorias.hu\/hirek\/sok-diakmunkasra-szamitanak-az-iden\/#article","name":"Sok di\u00e1kmunk\u00e1sra sz\u00e1m\u00edtanak az id\u00e9n | Allasorias.hu\/Hirek","headline":"Sok di\u00e1kmunk\u00e1sra sz\u00e1m\u00edtanak az id\u00e9n","author":{"@id":"https:\/\/allasorias.hu\/hirek\/author\/admin-allasorias\/#author"},"publisher":{"@id":"https:\/\/allasorias.hu\/hirek\/#organization"},"image":{"@type":"ImageObject","url":"https:\/\/allasorias.hu\/hirek\/wp-content\/uploads\/2023\/06\/diakmunkas.jpg","width":1280,"height":853,"caption":"Sok di\u00e1kmunk\u00e1sra sz\u00e1m\u00edtanak az id\u00e9n - Allasorias.hu\/Hirek"},"datePublished":"2023-06-14T08:09:06+02:00","dateModified":"2023-06-14T08:09:06+02:00","inLanguage":"hu-HU","mainEntityOfPage":{"@id":"https:\/\/allasorias.hu\/hirek\/sok-diakmunkasra-szamitanak-az-iden\/#webpage"},"isPartOf":{"@id":"https:\/\/allasorias.hu\/hirek\/sok-diakmunkasra-szamitanak-az-iden\/#webpage"},"articleSection":"Munkaer\u0151piac, di\u00e1kmunka, di\u00e1kmunk\u00e1s"},{"@type":"BreadcrumbList","@id":"https:\/\/allasorias.hu\/hirek\/sok-diakmunkasra-szamitanak-az-iden\/#breadcrumblist","itemListElement":[{"@type":"ListItem","@id":"https:\/\/allasorias.hu\/hirek#listItem","position":1,"name":"Home","item":"https:\/\/allasorias.hu\/hirek","nextItem":{"@type":"ListItem","@id":"https:\/\/allasorias.hu\/hirek\/temak\/munkaeropiac\/#listItem","name":"Munkaer\u0151piac"}},{"@type":"ListItem","@id":"https:\/\/allasorias.hu\/hirek\/temak\/munkaeropiac\/#listItem","position":2,"name":"Munkaer\u0151piac","item":"https:\/\/allasorias.hu\/hirek\/temak\/munkaeropiac\/","nextItem":{"@type":"ListItem","@id":"https:\/\/allasorias.hu\/hirek\/sok-diakmunkasra-szamitanak-az-iden\/#listItem","name":"Sok di\u00e1kmunk\u00e1sra sz\u00e1m\u00edtanak az id\u00e9n"},"previousItem":{"@type":"ListItem","@id":"https:\/\/allasorias.hu\/hirek#listItem","name":"Home"}},{"@type":"ListItem","@id":"https:\/\/allasorias.hu\/hirek\/sok-diakmunkasra-szamitanak-az-iden\/#listItem","position":3,"name":"Sok di\u00e1kmunk\u00e1sra sz\u00e1m\u00edtanak az id\u00e9n","previousItem":{"@type":"ListItem","@id":"https:\/\/allasorias.hu\/hirek\/temak\/munkaeropiac\/#listItem","name":"Munkaer\u0151piac"}}]},{"@type":"Organization","@id":"https:\/\/allasorias.hu\/hirek\/#organization","name":"AllasOrias.hu | H\u00edrek-lapszemle","description":"\u00dczleti h\u00edrek az \u00e1ll\u00e1s \u00e9s a munka vil\u00e1g\u00e1b\u00f3l","url":"https:\/\/allasorias.hu\/hirek\/","logo":{"@type":"ImageObject","url":"https:\/\/allasorias.hu\/hirek\/wp-content\/uploads\/2022\/10\/allasorias_site_facebok_logo.png","@id":"https:\/\/allasorias.hu\/hirek\/sok-diakmunkasra-szamitanak-az-iden\/#organizationLogo"},"image":{"@id":"https:\/\/allasorias.hu\/hirek\/sok-diakmunkasra-szamitanak-az-iden\/#organizationLogo"},"sameAs":["https:\/\/www.facebook.com\/allasorias","https:\/\/www.linkedin.com\/company\/allasorias"]},{"@type":"Person","@id":"https:\/\/allasorias.hu\/hirek\/author\/admin-allasorias\/#author","url":"https:\/\/allasorias.hu\/hirek\/author\/admin-allasorias\/","name":"Juh\u00e1sz P\u00e9ter","image":{"@type":"ImageObject","@id":"https:\/\/allasorias.hu\/hirek\/sok-diakmunkasra-szamitanak-az-iden\/#authorImage","url":"https:\/\/secure.gravatar.com\/avatar\/36e6bcb83148978b992977cb0f54d22feb0cce8a0a849a9410532bb2623ba4c6?s=96&d=mm&r=g","width":96,"height":96,"caption":"Juh\u00e1sz P\u00e9ter"}},{"@type":"WebPage","@id":"https:\/\/allasorias.hu\/hirek\/sok-diakmunkasra-szamitanak-az-iden\/#webpage","url":"https:\/\/allasorias.hu\/hirek\/sok-diakmunkasra-szamitanak-az-iden\/","name":"Sok di\u00e1kmunk\u00e1sra sz\u00e1m\u00edtanak az id\u00e9n | Allasorias.hu\/Hirek","description":"Az idei ny\u00e1ron t\u00f6bb di\u00e1kmunk\u00e1sra sz\u00e1m\u00edtanak az el\u0151rejelz\u00e9sek szerint. Az \u00e1tlagos \u00f3rab\u00e9r n\u0151tt el\u0151z\u0151 \u00e9vhez k\u00e9pest.","inLanguage":"hu-HU","isPartOf":{"@id":"https:\/\/allasorias.hu\/hirek\/#website"},"breadcrumb":{"@id":"https:\/\/allasorias.hu\/hirek\/sok-diakmunkasra-szamitanak-az-iden\/#breadcrumblist"},"author":{"@id":"https:\/\/allasorias.hu\/hirek\/author\/admin-allasorias\/#author"},"creator":{"@id":"https:\/\/allasorias.hu\/hirek\/author\/admin-allasorias\/#author"},"image":{"@type":"ImageObject","url":"https:\/\/allasorias.hu\/hirek\/wp-content\/uploads\/2023\/06\/diakmunkas.jpg","@id":"https:\/\/allasorias.hu\/hirek\/sok-diakmunkasra-szamitanak-az-iden\/#mainImage","width":1280,"height":853,"caption":"Sok di\u00e1kmunk\u00e1sra sz\u00e1m\u00edtanak az id\u00e9n - Allasorias.hu\/Hirek"},"primaryImageOfPage":{"@id":"https:\/\/allasorias.hu\/hirek\/sok-diakmunkasra-szamitanak-az-iden\/#mainImage"},"datePublished":"2023-06-14T08:09:06+02:00","dateModified":"2023-06-14T08:09:06+02:00"},{"@type":"WebSite","@id":"https:\/\/allasorias.hu\/hirek\/#website","url":"https:\/\/allasorias.hu\/hirek\/","name":"AllasOrias.hu | H\u00edrek-lapszemle","description":"\u00dczleti h\u00edrek az \u00e1ll\u00e1s \u00e9s a munka vil\u00e1g\u00e1b\u00f3l","inLanguage":"hu-HU","publisher":{"@id":"https:\/\/allasorias.hu\/hirek\/#organization"}}]},"og:locale":"hu_HU","og:site_name":"AllasOrias.hu | H\u00edrek-lapszemle | \u00dczleti h\u00edrek az \u00e1ll\u00e1s \u00e9s a munka vil\u00e1g\u00e1b\u00f3l","og:type":"article","og:title":"Sok di\u00e1kmunk\u00e1sra sz\u00e1m\u00edtanak az id\u00e9n | Allasorias.hu\/Hirek","og:description":"Az idei ny\u00e1ron t\u00f6bb di\u00e1kmunk\u00e1sra sz\u00e1m\u00edtanak az el\u0151rejelz\u00e9sek szerint. Az \u00e1tlagos \u00f3rab\u00e9r n\u0151tt el\u0151z\u0151 \u00e9vhez k\u00e9pest.","og:url":"https:\/\/allasorias.hu\/hirek\/sok-diakmunkasra-szamitanak-az-iden\/","og:image":"https:\/\/allasorias.hu\/hirek\/wp-content\/uploads\/2023\/06\/diakmunkas.jpg","og:image:secure_url":"https:\/\/allasorias.hu\/hirek\/wp-content\/uploads\/2023\/06\/diakmunkas.jpg","og:image:width":1280,"og:image:height":853,"article:published_time":"2023-06-14T08:09:06+00:00","article:modified_time":"2023-06-14T08:09:06+00:00","article:publisher":"https:\/\/www.facebook.com\/allasorias","twitter:card":"summary_large_image","twitter:title":"Sok di\u00e1kmunk\u00e1sra sz\u00e1m\u00edtanak az id\u00e9n | Allasorias.hu\/Hirek","twitter:description":"Az idei ny\u00e1ron t\u00f6bb di\u00e1kmunk\u00e1sra sz\u00e1m\u00edtanak az el\u0151rejelz\u00e9sek szerint. Az \u00e1tlagos \u00f3rab\u00e9r n\u0151tt el\u0151z\u0151 \u00e9vhez k\u00e9pest.","twitter:image":"https:\/\/allasorias.hu\/hirek\/wp-content\/uploads\/2023\/06\/diakmunkas.jpg","twitter:label1":"Written by","twitter:data1":"Juh\u00e1sz P\u00e9ter","twitter:label2":"Est. reading time","twitter:data2":"4 minutes"},"aioseo_meta_data":{"post_id":"6554","title":"#post_title | Allasorias.hu\/Hirek","description":"Az idei ny\u00e1ron t\u00f6bb di\u00e1kmunk\u00e1sra sz\u00e1m\u00edtanak az el\u0151rejelz\u00e9sek szerint. Az \u00e1tlagos \u00f3rab\u00e9r n\u0151tt el\u0151z\u0151 \u00e9vhez k\u00e9pest.","keywords":[],"keyphrases":{"focus":{"keyphrase":"","score":0,"analysis":{"keyphraseInTitle":{"score":0,"maxScore":9,"error":1}}},"additional":[]},"primary_term":null,"canonical_url":null,"og_title":null,"og_description":null,"og_object_type":"default","og_image_type":"default","og_image_url":null,"og_image_width":null,"og_image_height":null,"og_image_custom_url":null,"og_image_custom_fields":null,"og_video":"","og_custom_url":null,"og_article_section":null,"og_article_tags":[],"twitter_use_og":true,"twitter_card":"default","twitter_image_type":"default","twitter_image_url":null,"twitter_image_custom_url":null,"twitter_image_custom_fields":null,"twitter_title":null,"twitter_description":null,"schema":{"blockGraphs":[],"customGraphs":[],"default":{"data":{"Article":[],"Course":[],"Dataset":[],"FAQPage":[],"Movie":[],"Person":[],"Product":[],"ProductReview":[],"Car":[],"Recipe":[],"Service":[],"SoftwareApplication":[],"WebPage":[]},"graphName":"","isEnabled":true},"graphs":[]},"schema_type":"default","schema_type_options":null,"pillar_content":false,"robots_default":true,"robots_noindex":false,"robots_noarchive":false,"robots_nosnippet":false,"robots_nofollow":false,"robots_noimageindex":false,"robots_noodp":false,"robots_notranslate":false,"robots_max_snippet":"-1","robots_max_videopreview":"-1","robots_max_imagepreview":"large","priority":null,"frequency":"default","location":null,"local_seo":null,"breadcrumb_settings":null,"limit_modified_date":false,"ai":null,"created":"2023-06-14 07:51:06","updated":"2025-10-02 18:38:42","seo_analyzer_scan_date":null,"focus_keyword":null,"additional_keywords":null,"truseo_locale":null},"aioseo_breadcrumb":"<div class=\"aioseo-breadcrumbs\"><span class=\"aioseo-breadcrumb\">\n\t\t\t<a href=\"https:\/\/allasorias.hu\/hirek\" title=\"Home\">Home<\/a>\n\t\t<\/span><span class=\"aioseo-breadcrumb-separator\">&raquo;<\/span><span class=\"aioseo-breadcrumb\">\n\t\t\t<a href=\"https:\/\/allasorias.hu\/hirek\/temak\/munkaeropiac\/\" title=\"Munkaer\u0151piac\">Munkaer\u0151piac<\/a>\n\t\t<\/span><span class=\"aioseo-breadcrumb-separator\">&raquo;<\/span><span class=\"aioseo-breadcrumb\">\n\t\t\tSok di\u00e1kmunk\u00e1sra sz\u00e1m\u00edtanak az id\u00e9n\n\t\t<\/span><\/div>","aioseo_breadcrumb_json":[{"label":"Home","link":"https:\/\/allasorias.hu\/hirek"},{"label":"Munkaer\u0151piac","link":"https:\/\/allasorias.hu\/hirek\/temak\/munkaeropiac\/"},{"label":"Sok di\u00e1kmunk\u00e1sra sz\u00e1m\u00edtanak az id\u00e9n","link":"https:\/\/allasorias.hu\/hirek\/sok-diakmunkasra-szamitanak-az-iden\/"}],"_links":{"self":[{"href":"https:\/\/allasorias.hu\/hirek\/wp-json\/wp\/v2\/posts\/6554","targetHints":{"allow":["GET"]}}],"collection":[{"href":"https:\/\/allasorias.hu\/hirek\/wp-json\/wp\/v2\/posts"}],"about":[{"href":"https:\/\/allasorias.hu\/hirek\/wp-json\/wp\/v2\/types\/post"}],"author":[{"embeddable":true,"href":"https:\/\/allasorias.hu\/hirek\/wp-json\/wp\/v2\/users\/1"}],"replies":[{"embeddable":true,"href":"https:\/\/allasorias.hu\/hirek\/wp-json\/wp\/v2\/comments?post=6554"}],"version-history":[{"count":1,"href":"https:\/\/allasorias.hu\/hirek\/wp-json\/wp\/v2\/posts\/6554\/revisions"}],"predecessor-version":[{"id":6556,"href":"https:\/\/allasorias.hu\/hirek\/wp-json\/wp\/v2\/posts\/6554\/revisions\/6556"}],"wp:featuredmedia":[{"embeddable":true,"href":"https:\/\/allasorias.hu\/hirek\/wp-json\/wp\/v2\/media\/6555"}],"wp:attachment":[{"href":"https:\/\/allasorias.hu\/hirek\/wp-json\/wp\/v2\/media?parent=6554"}],"wp:term":[{"taxonomy":"category","embeddable":true,"href":"https:\/\/allasorias.hu\/hirek\/wp-json\/wp\/v2\/categories?post=6554"},{"taxonomy":"post_tag","embeddable":true,"href":"https:\/\/allasorias.hu\/hirek\/wp-json\/wp\/v2\/tags?post=6554"}],"curies":[{"name":"wp","href":"https:\/\/api.w.org\/{rel}","templated":true}]}}