{"id":6551,"date":"2023-06-13T09:02:07","date_gmt":"2023-06-13T09:02:07","guid":{"rendered":"https:\/\/allasorias.hu\/hirek\/?p=6551"},"modified":"2025-05-09T10:02:50","modified_gmt":"2025-05-09T08:02:50","slug":"allami-tamogatassal-uj-gyar-epul-szekesfehervaron","status":"publish","type":"post","link":"https:\/\/allasorias.hu\/hirek\/allami-tamogatassal-uj-gyar-epul-szekesfehervaron\/","title":{"rendered":"\u00c1llami t\u00e1mogat\u00e1ssal \u00faj gy\u00e1r \u00e9p\u00fcl Sz\u00e9kesfeh\u00e9rv\u00e1ron"},"content":{"rendered":"<p><strong>Fejl\u0151dik haz\u00e1nkban az aut\u00f3ipari termel\u00e9s. A t\u00f6bb mint k\u00e9tsz\u00e1z v\u00e1llalat eggyel ism\u00e9t b\u0151v\u00fcl Sz\u00e9kesfeh\u00e9rv\u00e1ron. \u00daj munkahelyek j\u00f6nnek l\u00e9tre \u00e9s \u00e1tk\u00e9pz\u00e9sekkel is seg\u00edtik a munk\u00e1sok elhelyezked\u00e9s\u00e9t.<\/strong><\/p>\n<p>A jap\u00e1n \u00f3ri\u00e1sberuh\u00e1z\u00e1s Sz\u00e9kesfeh\u00e9rv\u00e1r \u00e9s k\u00f6rny\u00e9k\u00e9nek munkaer\u0151piac\u00e1t bolygatja meg. Sz\u00e9kesfeh\u00e9rv\u00e1ron b\u0151v\u00edti kapacit\u00e1s\u00e1t a jap\u00e1n Denso \u2013 \u00edrja az MTI. Az aut\u00f3ipari v\u00e1llalat elektromos \u00e9s hibrid aut\u00f3khoz fog alkatr\u00e9szeket gy\u00e1rtani az \u00faj \u00fczemben. A 25 milli\u00e1rd forintos fejleszt\u00e9st az \u00e1llam 3,6 milli\u00e1rd forinttal t\u00e1mogatja. 55 \u00faj munkahelyet hoznak l\u00e9tre, \u00e9s 135 ember \u00e1tk\u00e9pz\u00e9s\u00e9t is seg\u00edtik. Szijj\u00e1rt\u00f3 elmondta: a magyar aut\u00f3ipari termel\u00e9s \u00e9rt\u00e9ke 12 ezer milli\u00e1rd forinttal rekordot d\u00f6nt\u00f6tt tavaly, 2023-ban pedig \u00fajabb 33 sz\u00e1zal\u00e9kos n\u00f6veked\u00e9st jegyeztek fel. Magyarorsz\u00e1gon m\u00e1r t\u00f6bb mint k\u00e9tsz\u00e1z jap\u00e1n v\u00e1llalat m\u0171k\u00f6dik, amelyek 30 ezer embernek adnak munk\u00e1t. A k\u00e9toldal\u00fa ker eskedelmi forgalom az idei els\u0151 negyed\u00e9vben 43 sz\u00e1zal\u00e9kkal emelkedett.<\/p>\n<p>Forr\u00e1s: <a href=\"https:\/\/forbes.hu\/uzlet\/denso-autoipar-szekesfehervar\/\" target=\"_blank\" rel=\"nofollow noopener noreferrer\">forbes.hu<\/a><\/p>\n","protected":false},"excerpt":{"rendered":"<p>Fejl\u0151dik haz\u00e1nkban az aut\u00f3ipari termel\u00e9s. A t\u00f6bb mint k\u00e9tsz\u00e1z v\u00e1llalat eggyel ism\u00e9t b\u0151v\u00fcl Sz\u00e9kesfeh\u00e9rv\u00e1ron. \u00daj munkahelyek j\u00f6nnek l\u00e9tre \u00e9s \u00e1tk\u00e9pz\u00e9sekkel is seg\u00edtik a munk\u00e1sok elhelyezked\u00e9s\u00e9t. A jap\u00e1n \u00f3ri\u00e1sberuh\u00e1z\u00e1s Sz\u00e9kesfeh\u00e9rv\u00e1r \u00e9s k\u00f6rny\u00e9k\u00e9nek munkaer\u0151piac\u00e1t bolygatja meg. Sz\u00e9kesfeh\u00e9rv\u00e1ron b\u0151v\u00edti kapacit\u00e1s\u00e1t a jap\u00e1n Denso \u2013 \u00edrja az MTI. Az aut\u00f3ipari v\u00e1llalat elektromos \u00e9s hibrid aut\u00f3khoz fog alkatr\u00e9szeket gy\u00e1rtani az [&hellip;]<\/p>\n","protected":false},"author":1,"featured_media":6552,"comment_status":"closed","ping_status":"closed","sticky":false,"template":"","format":"standard","meta":{"_monsterinsights_skip_tracking":false,"footnotes":""},"categories":[200],"tags":[533,532],"class_list":["post-6551","post","type-post","status-publish","format-standard","has-post-thumbnail","hentry","category-munkaeropiac","tag-szekesfehervar","tag-uj-gyar"],"aioseo_notices":[],"aioseo_head":"\n\t\t<!-- All in One SEO 5.0.0.1 - aioseo.com -->\n\t<meta name=\"description\" content=\"Fejl\u0151dik haz\u00e1nkban az aut\u00f3ipari termel\u00e9s. A t\u00f6bb mint k\u00e9tsz\u00e1z v\u00e1llalat eggyel ism\u00e9t b\u0151v\u00fcl Sz\u00e9kesfeh\u00e9rv\u00e1ron. \u00daj munkahelyek j\u00f6nnek l\u00e9tre.\" \/>\n\t<meta name=\"robots\" content=\"max-image-preview:large\" \/>\n\t<meta name=\"author\" content=\"Juh\u00e1sz P\u00e9ter\"\/>\n\t<meta name=\"keywords\" content=\"sz\u00e9kesfeh\u00e9rv\u00e1r,\u00faj gy\u00e1r\" \/>\n\t<link rel=\"canonical\" href=\"https:\/\/allasorias.hu\/hirek\/allami-tamogatassal-uj-gyar-epul-szekesfehervaron\/\" \/>\n\t<meta name=\"generator\" content=\"All in One SEO (AIOSEO) 5.0.0.1\" \/>\n\t\t<meta property=\"og:locale\" content=\"hu_HU\" \/>\n\t\t<meta property=\"og:site_name\" content=\"AllasOrias.hu | H\u00edrek-lapszemle | \u00dczleti h\u00edrek az \u00e1ll\u00e1s \u00e9s a munka vil\u00e1g\u00e1b\u00f3l\" \/>\n\t\t<meta property=\"og:type\" content=\"article\" \/>\n\t\t<meta property=\"og:title\" content=\"Sz\u00e9kesfeh\u00e9rv\u00e1ron \u00faj gy\u00e1r \u00e9p\u00fcl \u00e1llami t\u00e1mogat\u00e1ssal\" \/>\n\t\t<meta property=\"og:description\" content=\"Fejl\u0151dik haz\u00e1nkban az aut\u00f3ipari termel\u00e9s. A t\u00f6bb mint k\u00e9tsz\u00e1z v\u00e1llalat eggyel ism\u00e9t b\u0151v\u00fcl Sz\u00e9kesfeh\u00e9rv\u00e1ron. \u00daj munkahelyek j\u00f6nnek l\u00e9tre.\" \/>\n\t\t<meta property=\"og:url\" content=\"https:\/\/allasorias.hu\/hirek\/allami-tamogatassal-uj-gyar-epul-szekesfehervaron\/\" \/>\n\t\t<meta property=\"og:image\" content=\"https:\/\/allasorias.hu\/hirek\/wp-content\/uploads\/2023\/06\/uj-gyar-epul-szekesfehervaron.jpg\" \/>\n\t\t<meta property=\"og:image:secure_url\" content=\"https:\/\/allasorias.hu\/hirek\/wp-content\/uploads\/2023\/06\/uj-gyar-epul-szekesfehervaron.jpg\" \/>\n\t\t<meta property=\"og:image:width\" content=\"1280\" \/>\n\t\t<meta property=\"og:image:height\" content=\"853\" \/>\n\t\t<meta property=\"article:published_time\" content=\"2023-06-13T09:02:07+00:00\" \/>\n\t\t<meta property=\"article:modified_time\" content=\"2025-05-09T08:02:50+00:00\" \/>\n\t\t<meta property=\"article:publisher\" content=\"https:\/\/www.facebook.com\/allasorias\" \/>\n\t\t<meta name=\"twitter:card\" content=\"summary_large_image\" \/>\n\t\t<meta name=\"twitter:title\" content=\"Sz\u00e9kesfeh\u00e9rv\u00e1ron \u00faj gy\u00e1r \u00e9p\u00fcl \u00e1llami t\u00e1mogat\u00e1ssal\" \/>\n\t\t<meta name=\"twitter:description\" content=\"Fejl\u0151dik haz\u00e1nkban az aut\u00f3ipari termel\u00e9s. A t\u00f6bb mint k\u00e9tsz\u00e1z v\u00e1llalat eggyel ism\u00e9t b\u0151v\u00fcl Sz\u00e9kesfeh\u00e9rv\u00e1ron. \u00daj munkahelyek j\u00f6nnek l\u00e9tre.\" \/>\n\t\t<meta name=\"twitter:image\" content=\"https:\/\/allasorias.hu\/hirek\/wp-content\/uploads\/2023\/06\/uj-gyar-epul-szekesfehervaron.jpg\" \/>\n\t\t<meta name=\"twitter:label1\" content=\"Written by\" \/>\n\t\t<meta name=\"twitter:data1\" content=\"Juh\u00e1sz P\u00e9ter\" \/>\n\t\t<meta name=\"twitter:label2\" content=\"Est. reading time\" \/>\n\t\t<meta name=\"twitter:data2\" content=\"1 minute\" \/>\n\t\t<script type=\"application\/ld+json\" class=\"aioseo-schema\">\n\t\t\t{\"@context\":\"https:\\\/\\\/schema.org\",\"@graph\":[{\"@type\":\"Article\",\"@id\":\"https:\\\/\\\/allasorias.hu\\\/hirek\\\/allami-tamogatassal-uj-gyar-epul-szekesfehervaron\\\/#article\",\"name\":\"Sz\\u00e9kesfeh\\u00e9rv\\u00e1ron \\u00faj gy\\u00e1r \\u00e9p\\u00fcl \\u00e1llami t\\u00e1mogat\\u00e1ssal\",\"headline\":\"\\u00c1llami t\\u00e1mogat\\u00e1ssal \\u00faj gy\\u00e1r \\u00e9p\\u00fcl Sz\\u00e9kesfeh\\u00e9rv\\u00e1ron\",\"author\":{\"@id\":\"https:\\\/\\\/allasorias.hu\\\/hirek\\\/author\\\/admin-allasorias\\\/#author\"},\"publisher\":{\"@id\":\"https:\\\/\\\/allasorias.hu\\\/hirek\\\/#organization\"},\"image\":{\"@type\":\"ImageObject\",\"url\":\"https:\\\/\\\/allasorias.hu\\\/hirek\\\/wp-content\\\/uploads\\\/2023\\\/06\\\/uj-gyar-epul-szekesfehervaron.jpg\",\"width\":1280,\"height\":853,\"caption\":\"\\u00c1llami t\\u00e1mogat\\u00e1ssal \\u00faj gy\\u00e1r \\u00e9p\\u00fcl Sz\\u00e9kesfeh\\u00e9rv\\u00e1ron - Allasorias.hu\\\/Hirek\"},\"datePublished\":\"2023-06-13T09:02:07+02:00\",\"dateModified\":\"2025-05-09T10:02:50+02:00\",\"inLanguage\":\"hu-HU\",\"mainEntityOfPage\":{\"@id\":\"https:\\\/\\\/allasorias.hu\\\/hirek\\\/allami-tamogatassal-uj-gyar-epul-szekesfehervaron\\\/#webpage\"},\"isPartOf\":{\"@id\":\"https:\\\/\\\/allasorias.hu\\\/hirek\\\/allami-tamogatassal-uj-gyar-epul-szekesfehervaron\\\/#webpage\"},\"articleSection\":\"Munkaer\\u0151piac, Sz\\u00e9kesfeh\\u00e9rv\\u00e1r, \\u00faj gy\\u00e1r\"},{\"@type\":\"BreadcrumbList\",\"@id\":\"https:\\\/\\\/allasorias.hu\\\/hirek\\\/allami-tamogatassal-uj-gyar-epul-szekesfehervaron\\\/#breadcrumblist\",\"itemListElement\":[{\"@type\":\"ListItem\",\"@id\":\"https:\\\/\\\/allasorias.hu\\\/hirek#listItem\",\"position\":1,\"name\":\"Home\",\"item\":\"https:\\\/\\\/allasorias.hu\\\/hirek\",\"nextItem\":{\"@type\":\"ListItem\",\"@id\":\"https:\\\/\\\/allasorias.hu\\\/hirek\\\/temak\\\/munkaeropiac\\\/#listItem\",\"name\":\"Munkaer\\u0151piac\"}},{\"@type\":\"ListItem\",\"@id\":\"https:\\\/\\\/allasorias.hu\\\/hirek\\\/temak\\\/munkaeropiac\\\/#listItem\",\"position\":2,\"name\":\"Munkaer\\u0151piac\",\"item\":\"https:\\\/\\\/allasorias.hu\\\/hirek\\\/temak\\\/munkaeropiac\\\/\",\"nextItem\":{\"@type\":\"ListItem\",\"@id\":\"https:\\\/\\\/allasorias.hu\\\/hirek\\\/allami-tamogatassal-uj-gyar-epul-szekesfehervaron\\\/#listItem\",\"name\":\"\\u00c1llami t\\u00e1mogat\\u00e1ssal \\u00faj gy\\u00e1r \\u00e9p\\u00fcl Sz\\u00e9kesfeh\\u00e9rv\\u00e1ron\"},\"previousItem\":{\"@type\":\"ListItem\",\"@id\":\"https:\\\/\\\/allasorias.hu\\\/hirek#listItem\",\"name\":\"Home\"}},{\"@type\":\"ListItem\",\"@id\":\"https:\\\/\\\/allasorias.hu\\\/hirek\\\/allami-tamogatassal-uj-gyar-epul-szekesfehervaron\\\/#listItem\",\"position\":3,\"name\":\"\\u00c1llami t\\u00e1mogat\\u00e1ssal \\u00faj gy\\u00e1r \\u00e9p\\u00fcl Sz\\u00e9kesfeh\\u00e9rv\\u00e1ron\",\"previousItem\":{\"@type\":\"ListItem\",\"@id\":\"https:\\\/\\\/allasorias.hu\\\/hirek\\\/temak\\\/munkaeropiac\\\/#listItem\",\"name\":\"Munkaer\\u0151piac\"}}]},{\"@type\":\"Organization\",\"@id\":\"https:\\\/\\\/allasorias.hu\\\/hirek\\\/#organization\",\"name\":\"AllasOrias.hu | H\\u00edrek-lapszemle\",\"description\":\"\\u00dczleti h\\u00edrek az \\u00e1ll\\u00e1s \\u00e9s a munka vil\\u00e1g\\u00e1b\\u00f3l\",\"url\":\"https:\\\/\\\/allasorias.hu\\\/hirek\\\/\",\"logo\":{\"@type\":\"ImageObject\",\"url\":\"https:\\\/\\\/allasorias.hu\\\/hirek\\\/wp-content\\\/uploads\\\/2022\\\/10\\\/allasorias_site_facebok_logo.png\",\"@id\":\"https:\\\/\\\/allasorias.hu\\\/hirek\\\/allami-tamogatassal-uj-gyar-epul-szekesfehervaron\\\/#organizationLogo\"},\"image\":{\"@id\":\"https:\\\/\\\/allasorias.hu\\\/hirek\\\/allami-tamogatassal-uj-gyar-epul-szekesfehervaron\\\/#organizationLogo\"},\"sameAs\":[\"https:\\\/\\\/www.facebook.com\\\/allasorias\",\"https:\\\/\\\/www.linkedin.com\\\/company\\\/allasorias\"]},{\"@type\":\"Person\",\"@id\":\"https:\\\/\\\/allasorias.hu\\\/hirek\\\/author\\\/admin-allasorias\\\/#author\",\"url\":\"https:\\\/\\\/allasorias.hu\\\/hirek\\\/author\\\/admin-allasorias\\\/\",\"name\":\"Juh\\u00e1sz P\\u00e9ter\",\"image\":{\"@type\":\"ImageObject\",\"@id\":\"https:\\\/\\\/allasorias.hu\\\/hirek\\\/allami-tamogatassal-uj-gyar-epul-szekesfehervaron\\\/#authorImage\",\"url\":\"https:\\\/\\\/secure.gravatar.com\\\/avatar\\\/36e6bcb83148978b992977cb0f54d22feb0cce8a0a849a9410532bb2623ba4c6?s=96&d=mm&r=g\",\"width\":96,\"height\":96,\"caption\":\"Juh\\u00e1sz P\\u00e9ter\"}},{\"@type\":\"WebPage\",\"@id\":\"https:\\\/\\\/allasorias.hu\\\/hirek\\\/allami-tamogatassal-uj-gyar-epul-szekesfehervaron\\\/#webpage\",\"url\":\"https:\\\/\\\/allasorias.hu\\\/hirek\\\/allami-tamogatassal-uj-gyar-epul-szekesfehervaron\\\/\",\"name\":\"Sz\\u00e9kesfeh\\u00e9rv\\u00e1ron \\u00faj gy\\u00e1r \\u00e9p\\u00fcl \\u00e1llami t\\u00e1mogat\\u00e1ssal\",\"description\":\"Fejl\\u0151dik haz\\u00e1nkban az aut\\u00f3ipari termel\\u00e9s. A t\\u00f6bb mint k\\u00e9tsz\\u00e1z v\\u00e1llalat eggyel ism\\u00e9t b\\u0151v\\u00fcl Sz\\u00e9kesfeh\\u00e9rv\\u00e1ron. \\u00daj munkahelyek j\\u00f6nnek l\\u00e9tre.\",\"inLanguage\":\"hu-HU\",\"isPartOf\":{\"@id\":\"https:\\\/\\\/allasorias.hu\\\/hirek\\\/#website\"},\"breadcrumb\":{\"@id\":\"https:\\\/\\\/allasorias.hu\\\/hirek\\\/allami-tamogatassal-uj-gyar-epul-szekesfehervaron\\\/#breadcrumblist\"},\"author\":{\"@id\":\"https:\\\/\\\/allasorias.hu\\\/hirek\\\/author\\\/admin-allasorias\\\/#author\"},\"creator\":{\"@id\":\"https:\\\/\\\/allasorias.hu\\\/hirek\\\/author\\\/admin-allasorias\\\/#author\"},\"image\":{\"@type\":\"ImageObject\",\"url\":\"https:\\\/\\\/allasorias.hu\\\/hirek\\\/wp-content\\\/uploads\\\/2023\\\/06\\\/uj-gyar-epul-szekesfehervaron.jpg\",\"@id\":\"https:\\\/\\\/allasorias.hu\\\/hirek\\\/allami-tamogatassal-uj-gyar-epul-szekesfehervaron\\\/#mainImage\",\"width\":1280,\"height\":853,\"caption\":\"\\u00c1llami t\\u00e1mogat\\u00e1ssal \\u00faj gy\\u00e1r \\u00e9p\\u00fcl Sz\\u00e9kesfeh\\u00e9rv\\u00e1ron - Allasorias.hu\\\/Hirek\"},\"primaryImageOfPage\":{\"@id\":\"https:\\\/\\\/allasorias.hu\\\/hirek\\\/allami-tamogatassal-uj-gyar-epul-szekesfehervaron\\\/#mainImage\"},\"datePublished\":\"2023-06-13T09:02:07+02:00\",\"dateModified\":\"2025-05-09T10:02:50+02:00\"},{\"@type\":\"WebSite\",\"@id\":\"https:\\\/\\\/allasorias.hu\\\/hirek\\\/#website\",\"url\":\"https:\\\/\\\/allasorias.hu\\\/hirek\\\/\",\"name\":\"AllasOrias.hu | H\\u00edrek-lapszemle\",\"description\":\"\\u00dczleti h\\u00edrek az \\u00e1ll\\u00e1s \\u00e9s a munka vil\\u00e1g\\u00e1b\\u00f3l\",\"inLanguage\":\"hu-HU\",\"publisher\":{\"@id\":\"https:\\\/\\\/allasorias.hu\\\/hirek\\\/#organization\"}}]}\n\t\t<\/script>\n\t\t<!-- All in One SEO -->\n\n","aioseo_head_json":{"title":"Sz\u00e9kesfeh\u00e9rv\u00e1ron \u00faj gy\u00e1r \u00e9p\u00fcl \u00e1llami t\u00e1mogat\u00e1ssal","description":"Fejl\u0151dik haz\u00e1nkban az aut\u00f3ipari termel\u00e9s. A t\u00f6bb mint k\u00e9tsz\u00e1z v\u00e1llalat eggyel ism\u00e9t b\u0151v\u00fcl Sz\u00e9kesfeh\u00e9rv\u00e1ron. \u00daj munkahelyek j\u00f6nnek l\u00e9tre.","canonical_url":"https:\/\/allasorias.hu\/hirek\/allami-tamogatassal-uj-gyar-epul-szekesfehervaron\/","robots":"max-image-preview:large","keywords":"sz\u00e9kesfeh\u00e9rv\u00e1r,\u00faj gy\u00e1r","webmasterTools":{"miscellaneous":""},"schema":{"@context":"https:\/\/schema.org","@graph":[{"@type":"Article","@id":"https:\/\/allasorias.hu\/hirek\/allami-tamogatassal-uj-gyar-epul-szekesfehervaron\/#article","name":"Sz\u00e9kesfeh\u00e9rv\u00e1ron \u00faj gy\u00e1r \u00e9p\u00fcl \u00e1llami t\u00e1mogat\u00e1ssal","headline":"\u00c1llami t\u00e1mogat\u00e1ssal \u00faj gy\u00e1r \u00e9p\u00fcl Sz\u00e9kesfeh\u00e9rv\u00e1ron","author":{"@id":"https:\/\/allasorias.hu\/hirek\/author\/admin-allasorias\/#author"},"publisher":{"@id":"https:\/\/allasorias.hu\/hirek\/#organization"},"image":{"@type":"ImageObject","url":"https:\/\/allasorias.hu\/hirek\/wp-content\/uploads\/2023\/06\/uj-gyar-epul-szekesfehervaron.jpg","width":1280,"height":853,"caption":"\u00c1llami t\u00e1mogat\u00e1ssal \u00faj gy\u00e1r \u00e9p\u00fcl Sz\u00e9kesfeh\u00e9rv\u00e1ron - Allasorias.hu\/Hirek"},"datePublished":"2023-06-13T09:02:07+02:00","dateModified":"2025-05-09T10:02:50+02:00","inLanguage":"hu-HU","mainEntityOfPage":{"@id":"https:\/\/allasorias.hu\/hirek\/allami-tamogatassal-uj-gyar-epul-szekesfehervaron\/#webpage"},"isPartOf":{"@id":"https:\/\/allasorias.hu\/hirek\/allami-tamogatassal-uj-gyar-epul-szekesfehervaron\/#webpage"},"articleSection":"Munkaer\u0151piac, Sz\u00e9kesfeh\u00e9rv\u00e1r, \u00faj gy\u00e1r"},{"@type":"BreadcrumbList","@id":"https:\/\/allasorias.hu\/hirek\/allami-tamogatassal-uj-gyar-epul-szekesfehervaron\/#breadcrumblist","itemListElement":[{"@type":"ListItem","@id":"https:\/\/allasorias.hu\/hirek#listItem","position":1,"name":"Home","item":"https:\/\/allasorias.hu\/hirek","nextItem":{"@type":"ListItem","@id":"https:\/\/allasorias.hu\/hirek\/temak\/munkaeropiac\/#listItem","name":"Munkaer\u0151piac"}},{"@type":"ListItem","@id":"https:\/\/allasorias.hu\/hirek\/temak\/munkaeropiac\/#listItem","position":2,"name":"Munkaer\u0151piac","item":"https:\/\/allasorias.hu\/hirek\/temak\/munkaeropiac\/","nextItem":{"@type":"ListItem","@id":"https:\/\/allasorias.hu\/hirek\/allami-tamogatassal-uj-gyar-epul-szekesfehervaron\/#listItem","name":"\u00c1llami t\u00e1mogat\u00e1ssal \u00faj gy\u00e1r \u00e9p\u00fcl Sz\u00e9kesfeh\u00e9rv\u00e1ron"},"previousItem":{"@type":"ListItem","@id":"https:\/\/allasorias.hu\/hirek#listItem","name":"Home"}},{"@type":"ListItem","@id":"https:\/\/allasorias.hu\/hirek\/allami-tamogatassal-uj-gyar-epul-szekesfehervaron\/#listItem","position":3,"name":"\u00c1llami t\u00e1mogat\u00e1ssal \u00faj gy\u00e1r \u00e9p\u00fcl Sz\u00e9kesfeh\u00e9rv\u00e1ron","previousItem":{"@type":"ListItem","@id":"https:\/\/allasorias.hu\/hirek\/temak\/munkaeropiac\/#listItem","name":"Munkaer\u0151piac"}}]},{"@type":"Organization","@id":"https:\/\/allasorias.hu\/hirek\/#organization","name":"AllasOrias.hu | H\u00edrek-lapszemle","description":"\u00dczleti h\u00edrek az \u00e1ll\u00e1s \u00e9s a munka vil\u00e1g\u00e1b\u00f3l","url":"https:\/\/allasorias.hu\/hirek\/","logo":{"@type":"ImageObject","url":"https:\/\/allasorias.hu\/hirek\/wp-content\/uploads\/2022\/10\/allasorias_site_facebok_logo.png","@id":"https:\/\/allasorias.hu\/hirek\/allami-tamogatassal-uj-gyar-epul-szekesfehervaron\/#organizationLogo"},"image":{"@id":"https:\/\/allasorias.hu\/hirek\/allami-tamogatassal-uj-gyar-epul-szekesfehervaron\/#organizationLogo"},"sameAs":["https:\/\/www.facebook.com\/allasorias","https:\/\/www.linkedin.com\/company\/allasorias"]},{"@type":"Person","@id":"https:\/\/allasorias.hu\/hirek\/author\/admin-allasorias\/#author","url":"https:\/\/allasorias.hu\/hirek\/author\/admin-allasorias\/","name":"Juh\u00e1sz P\u00e9ter","image":{"@type":"ImageObject","@id":"https:\/\/allasorias.hu\/hirek\/allami-tamogatassal-uj-gyar-epul-szekesfehervaron\/#authorImage","url":"https:\/\/secure.gravatar.com\/avatar\/36e6bcb83148978b992977cb0f54d22feb0cce8a0a849a9410532bb2623ba4c6?s=96&d=mm&r=g","width":96,"height":96,"caption":"Juh\u00e1sz P\u00e9ter"}},{"@type":"WebPage","@id":"https:\/\/allasorias.hu\/hirek\/allami-tamogatassal-uj-gyar-epul-szekesfehervaron\/#webpage","url":"https:\/\/allasorias.hu\/hirek\/allami-tamogatassal-uj-gyar-epul-szekesfehervaron\/","name":"Sz\u00e9kesfeh\u00e9rv\u00e1ron \u00faj gy\u00e1r \u00e9p\u00fcl \u00e1llami t\u00e1mogat\u00e1ssal","description":"Fejl\u0151dik haz\u00e1nkban az aut\u00f3ipari termel\u00e9s. A t\u00f6bb mint k\u00e9tsz\u00e1z v\u00e1llalat eggyel ism\u00e9t b\u0151v\u00fcl Sz\u00e9kesfeh\u00e9rv\u00e1ron. \u00daj munkahelyek j\u00f6nnek l\u00e9tre.","inLanguage":"hu-HU","isPartOf":{"@id":"https:\/\/allasorias.hu\/hirek\/#website"},"breadcrumb":{"@id":"https:\/\/allasorias.hu\/hirek\/allami-tamogatassal-uj-gyar-epul-szekesfehervaron\/#breadcrumblist"},"author":{"@id":"https:\/\/allasorias.hu\/hirek\/author\/admin-allasorias\/#author"},"creator":{"@id":"https:\/\/allasorias.hu\/hirek\/author\/admin-allasorias\/#author"},"image":{"@type":"ImageObject","url":"https:\/\/allasorias.hu\/hirek\/wp-content\/uploads\/2023\/06\/uj-gyar-epul-szekesfehervaron.jpg","@id":"https:\/\/allasorias.hu\/hirek\/allami-tamogatassal-uj-gyar-epul-szekesfehervaron\/#mainImage","width":1280,"height":853,"caption":"\u00c1llami t\u00e1mogat\u00e1ssal \u00faj gy\u00e1r \u00e9p\u00fcl Sz\u00e9kesfeh\u00e9rv\u00e1ron - Allasorias.hu\/Hirek"},"primaryImageOfPage":{"@id":"https:\/\/allasorias.hu\/hirek\/allami-tamogatassal-uj-gyar-epul-szekesfehervaron\/#mainImage"},"datePublished":"2023-06-13T09:02:07+02:00","dateModified":"2025-05-09T10:02:50+02:00"},{"@type":"WebSite","@id":"https:\/\/allasorias.hu\/hirek\/#website","url":"https:\/\/allasorias.hu\/hirek\/","name":"AllasOrias.hu | H\u00edrek-lapszemle","description":"\u00dczleti h\u00edrek az \u00e1ll\u00e1s \u00e9s a munka vil\u00e1g\u00e1b\u00f3l","inLanguage":"hu-HU","publisher":{"@id":"https:\/\/allasorias.hu\/hirek\/#organization"}}]},"og:locale":"hu_HU","og:site_name":"AllasOrias.hu | H\u00edrek-lapszemle | \u00dczleti h\u00edrek az \u00e1ll\u00e1s \u00e9s a munka vil\u00e1g\u00e1b\u00f3l","og:type":"article","og:title":"Sz\u00e9kesfeh\u00e9rv\u00e1ron \u00faj gy\u00e1r \u00e9p\u00fcl \u00e1llami t\u00e1mogat\u00e1ssal","og:description":"Fejl\u0151dik haz\u00e1nkban az aut\u00f3ipari termel\u00e9s. A t\u00f6bb mint k\u00e9tsz\u00e1z v\u00e1llalat eggyel ism\u00e9t b\u0151v\u00fcl Sz\u00e9kesfeh\u00e9rv\u00e1ron. \u00daj munkahelyek j\u00f6nnek l\u00e9tre.","og:url":"https:\/\/allasorias.hu\/hirek\/allami-tamogatassal-uj-gyar-epul-szekesfehervaron\/","og:image":"https:\/\/allasorias.hu\/hirek\/wp-content\/uploads\/2023\/06\/uj-gyar-epul-szekesfehervaron.jpg","og:image:secure_url":"https:\/\/allasorias.hu\/hirek\/wp-content\/uploads\/2023\/06\/uj-gyar-epul-szekesfehervaron.jpg","og:image:width":1280,"og:image:height":853,"article:published_time":"2023-06-13T09:02:07+00:00","article:modified_time":"2025-05-09T08:02:50+00:00","article:publisher":"https:\/\/www.facebook.com\/allasorias","twitter:card":"summary_large_image","twitter:title":"Sz\u00e9kesfeh\u00e9rv\u00e1ron \u00faj gy\u00e1r \u00e9p\u00fcl \u00e1llami t\u00e1mogat\u00e1ssal","twitter:description":"Fejl\u0151dik haz\u00e1nkban az aut\u00f3ipari termel\u00e9s. A t\u00f6bb mint k\u00e9tsz\u00e1z v\u00e1llalat eggyel ism\u00e9t b\u0151v\u00fcl Sz\u00e9kesfeh\u00e9rv\u00e1ron. \u00daj munkahelyek j\u00f6nnek l\u00e9tre.","twitter:image":"https:\/\/allasorias.hu\/hirek\/wp-content\/uploads\/2023\/06\/uj-gyar-epul-szekesfehervaron.jpg","twitter:label1":"Written by","twitter:data1":"Juh\u00e1sz P\u00e9ter","twitter:label2":"Est. reading time","twitter:data2":"1 minute"},"aioseo_meta_data":{"post_id":"6551","title":"Sz\u00e9kesfeh\u00e9rv\u00e1ron \u00faj gy\u00e1r \u00e9p\u00fcl \u00e1llami t\u00e1mogat\u00e1ssal","description":"Fejl\u0151dik haz\u00e1nkban az aut\u00f3ipari termel\u00e9s. A t\u00f6bb mint k\u00e9tsz\u00e1z v\u00e1llalat eggyel ism\u00e9t b\u0151v\u00fcl Sz\u00e9kesfeh\u00e9rv\u00e1ron. \u00daj munkahelyek j\u00f6nnek l\u00e9tre.","keywords":null,"keyphrases":{"focus":{"keyphrase":"","score":0,"analysis":{"keyphraseInTitle":{"score":0,"maxScore":9,"error":1}}},"additional":[]},"primary_term":null,"canonical_url":null,"og_title":null,"og_description":null,"og_object_type":"default","og_image_type":"default","og_image_url":null,"og_image_width":null,"og_image_height":null,"og_image_custom_url":null,"og_image_custom_fields":null,"og_video":"","og_custom_url":null,"og_article_section":null,"og_article_tags":null,"twitter_use_og":true,"twitter_card":"default","twitter_image_type":"default","twitter_image_url":null,"twitter_image_custom_url":null,"twitter_image_custom_fields":null,"twitter_title":null,"twitter_description":null,"schema":{"blockGraphs":[],"customGraphs":[],"default":{"data":{"Article":[],"Course":[],"Dataset":[],"FAQPage":[],"Movie":[],"Person":[],"Product":[],"ProductReview":[],"Car":[],"Recipe":[],"Service":[],"SoftwareApplication":[],"WebPage":[]},"graphName":"Article","isEnabled":true},"graphs":[]},"schema_type":"default","schema_type_options":null,"pillar_content":false,"robots_default":true,"robots_noindex":false,"robots_noarchive":false,"robots_nosnippet":false,"robots_nofollow":false,"robots_noimageindex":false,"robots_noodp":false,"robots_notranslate":false,"robots_max_snippet":"-1","robots_max_videopreview":"-1","robots_max_imagepreview":"large","priority":null,"frequency":"default","location":null,"local_seo":null,"breadcrumb_settings":null,"limit_modified_date":false,"ai":null,"created":"2023-06-13 08:38:34","updated":"2025-10-02 18:38:42","seo_analyzer_scan_date":null,"focus_keyword":null,"additional_keywords":null,"truseo_locale":null},"aioseo_breadcrumb":"<div class=\"aioseo-breadcrumbs\"><span class=\"aioseo-breadcrumb\">\n\t\t\t<a href=\"https:\/\/allasorias.hu\/hirek\" title=\"Home\">Home<\/a>\n\t\t<\/span><span class=\"aioseo-breadcrumb-separator\">&raquo;<\/span><span class=\"aioseo-breadcrumb\">\n\t\t\t<a href=\"https:\/\/allasorias.hu\/hirek\/temak\/munkaeropiac\/\" title=\"Munkaer\u0151piac\">Munkaer\u0151piac<\/a>\n\t\t<\/span><span class=\"aioseo-breadcrumb-separator\">&raquo;<\/span><span class=\"aioseo-breadcrumb\">\n\t\t\t\u00c1llami t\u00e1mogat\u00e1ssal \u00faj gy\u00e1r \u00e9p\u00fcl Sz\u00e9kesfeh\u00e9rv\u00e1ron\n\t\t<\/span><\/div>","aioseo_breadcrumb_json":[{"label":"Home","link":"https:\/\/allasorias.hu\/hirek"},{"label":"Munkaer\u0151piac","link":"https:\/\/allasorias.hu\/hirek\/temak\/munkaeropiac\/"},{"label":"\u00c1llami t\u00e1mogat\u00e1ssal \u00faj gy\u00e1r \u00e9p\u00fcl Sz\u00e9kesfeh\u00e9rv\u00e1ron","link":"https:\/\/allasorias.hu\/hirek\/allami-tamogatassal-uj-gyar-epul-szekesfehervaron\/"}],"_links":{"self":[{"href":"https:\/\/allasorias.hu\/hirek\/wp-json\/wp\/v2\/posts\/6551","targetHints":{"allow":["GET"]}}],"collection":[{"href":"https:\/\/allasorias.hu\/hirek\/wp-json\/wp\/v2\/posts"}],"about":[{"href":"https:\/\/allasorias.hu\/hirek\/wp-json\/wp\/v2\/types\/post"}],"author":[{"embeddable":true,"href":"https:\/\/allasorias.hu\/hirek\/wp-json\/wp\/v2\/users\/1"}],"replies":[{"embeddable":true,"href":"https:\/\/allasorias.hu\/hirek\/wp-json\/wp\/v2\/comments?post=6551"}],"version-history":[{"count":2,"href":"https:\/\/allasorias.hu\/hirek\/wp-json\/wp\/v2\/posts\/6551\/revisions"}],"predecessor-version":[{"id":8406,"href":"https:\/\/allasorias.hu\/hirek\/wp-json\/wp\/v2\/posts\/6551\/revisions\/8406"}],"wp:featuredmedia":[{"embeddable":true,"href":"https:\/\/allasorias.hu\/hirek\/wp-json\/wp\/v2\/media\/6552"}],"wp:attachment":[{"href":"https:\/\/allasorias.hu\/hirek\/wp-json\/wp\/v2\/media?parent=6551"}],"wp:term":[{"taxonomy":"category","embeddable":true,"href":"https:\/\/allasorias.hu\/hirek\/wp-json\/wp\/v2\/categories?post=6551"},{"taxonomy":"post_tag","embeddable":true,"href":"https:\/\/allasorias.hu\/hirek\/wp-json\/wp\/v2\/tags?post=6551"}],"curies":[{"name":"wp","href":"https:\/\/api.w.org\/{rel}","templated":true}]}}