{"id":6548,"date":"2023-06-12T08:06:55","date_gmt":"2023-06-12T08:06:55","guid":{"rendered":"https:\/\/allasorias.hu\/hirek\/?p=6548"},"modified":"2023-06-12T08:06:55","modified_gmt":"2023-06-12T08:06:55","slug":"mozgositani-szeretnek-a-munkaero-tartalekot","status":"publish","type":"post","link":"https:\/\/allasorias.hu\/hirek\/mozgositani-szeretnek-a-munkaero-tartalekot\/","title":{"rendered":"Mozg\u00f3s\u00edtani szeretn\u00e9k a munkaer\u0151-tartal\u00e9kot"},"content":{"rendered":"<p><strong>Magyarorsz\u00e1gon a munkaer\u0151-tartal\u00e9kot szeretn\u00e9k mozg\u00f3s\u00edtani, valamint t\u00edz \u00e9v alatt egy milli\u00f3 munkahelyet teremteni. A korm\u00e1ny az \u00e1tk\u00e9pz\u00e9seket is szeretn\u00e9 seg\u00edteni.<\/strong><\/p>\n<p>V\u00e1ls\u00e1g\u00e1ll\u00f3 a magyar munkaer\u0151piac, magas a foglalkoztatottak sz\u00e1ma \u00e9s alacsony a munkan\u00e9lk\u00fclis\u00e9g ar\u00e1nya &#8211; mondta az InfoR\u00e1di\u00f3nak a Gazdas\u00e1gfejleszt\u00e9si Miniszt\u00e9rium foglalkoztat\u00e1spolitik\u00e1\u00e9rt felel\u0151s \u00e1llamtitk\u00e1ra. Czomba S\u00e1ndor az is k\u00f6z\u00f6lte, hogy ma m\u00e1r sokszor a munkaer\u0151 megtal\u00e1l\u00e1sa jelent gondot a c\u00e9gek sz\u00e1m\u00e1ra, a korm\u00e1nynak pedig az a c\u00e9lja, hogy k\u00e9pz\u00e9ssel, illetve \u00e1tk\u00e9pz\u00e9ssel mozg\u00f3s\u00edtsa a m\u00e9g rendelkez\u00e9sre \u00e1ll\u00f3 300 ezres hazai munkaer\u0151-tartal\u00e9kot.2010-ben &#8222;eld\u00f6rd\u00fclt a startpisztoly&#8221;, amikor a korm\u00e1ny a seg\u00e9ly helyett a munka alapj\u00e1ra igyekezett helyezni a t\u00e1rsadalom alapjait, \u00e9s 10 \u00e9v alatt 1 milli\u00f3 \u00faj munkahely l\u00e9tes\u00edt\u00e9s\u00e9t t\u0171zte ki c\u00e9lul els\u0151sorban a versenyszf\u00e9r\u00e1ban.<\/p>\n<p>Czomba S\u00e1ndor foglalkoztat\u00e1spolitik\u00e1\u00e9rt felel\u0151s \u00e1llamtitk\u00e1r az InfoR\u00e1di\u00f3nak adott interj\u00faban elmondta, kor\u00e1bban 16 sz\u00e1zal\u00e9kos munkan\u00e9lk\u00fclis\u00e9g volt \u00e9s csak 3,7 milli\u00f3 akt\u00edv ember volt a piacon, &#8222;utols\u00f3k voltunk az uni\u00f3n bel\u00fcl sok szempontb\u00f3l&#8221;, m\u00e1ra ebben a mutat\u00f3n \u00e9llovasok k\u00f6z\u00e9 tartozik Magyarorsz\u00e1g. &#8222;\u00dagy t\u0171nik, v\u00e1ls\u00e1g\u00e1ll\u00f3 a magyar munkaer\u0151piac, hiszen a neh\u00e9zs\u00e9gek ellen\u00e9re is azt l\u00e1tjuk, hogy feszes: sz\u00e1mos olyan t\u00e9rs\u00e9g van, ahol nem vagy alig tal\u00e1lnak megfelel\u0151 v\u00e9gzetts\u00e9g\u0171 vagy k\u00e9pzetts\u00e9g\u0171 munkaer\u0151t&#8221; &#8211; ecsetelte.<\/p>\n<p>Hogy mik\u00e9nt lehet ezt a helyzetet orvosolni, a fesz\u00edtetts\u00e9get enyh\u00edteni, illetve hogyan lehet fenntartani a j\u00f3 sz\u00e1mokat, arr\u00f3l azt mondta, a feszes piac \u00e1ltal\u00e1ban nem h\u00e1tr\u00e1nyt, hanem el\u0151nyt szokott jelenteni. De\u00a0 nyilv\u00e1n a feszesnek is megvan a h\u00e1tr\u00e1nya, mert ilyenkor a munk\u00e1ltat\u00f3nak nagyon neh\u00e9z megfelel\u0151 embert tal\u00e1lni, \u00e9s ez a b\u00e9rekre is el\u00e9gg\u00e9 tol\u00f3 hat\u00e1ssal van. \u00dagy l\u00e1tom, az a nagyj\u00e1b\u00f3l 300 ezres munkaer\u0151-tartal\u00e9k, ami az orsz\u00e1ghat\u00e1ron bel\u00fcl van, els\u0151sorban az \u0151 ter\u00fclet\u00fck\u00f6n van feladata a korm\u00e1nynak; hogy akik tudnak \u00e9s akarnak dolgozni, \u0151ket minden m\u00f3don, k\u00e9pz\u00e9ssel \u00e9s \u00e1tk\u00e9pz\u00e9ssel igyekezz\u00fcnk seg\u00edteni&#8221; &#8211; folytatta Czomba S\u00e1ndor. Megjegyezte, a k\u00f6vetkez\u0151 \u00e9vekben olyan beruh\u00e1z\u00e1sok \u00e9rkeznek Magyarorsz\u00e1gra, amelyek rengeteg munkahelyet teremtenek, ezek eset\u00e9ben is feladat lesz, hogy magyar munkav\u00e1llal\u00f3kkal pr\u00f3b\u00e1lj\u00e1k a munkaer\u0151piacot felt\u00f6lteni.<\/p>\n<p>Forr\u00e1s: <a href=\"https:\/\/infostart.hu\/gazdasag\/2023\/06\/09\/feszes-munkaeropiac-latja-a-feladatot-a-kormany\" target=\"_blank\" rel=\"nofollow noopener noreferrer\">infostart.hu<\/a><\/p>\n","protected":false},"excerpt":{"rendered":"<p>Magyarorsz\u00e1gon a munkaer\u0151-tartal\u00e9kot szeretn\u00e9k mozg\u00f3s\u00edtani, valamint t\u00edz \u00e9v alatt egy milli\u00f3 munkahelyet teremteni. A korm\u00e1ny az \u00e1tk\u00e9pz\u00e9seket is szeretn\u00e9 seg\u00edteni. V\u00e1ls\u00e1g\u00e1ll\u00f3 a magyar munkaer\u0151piac, magas a foglalkoztatottak sz\u00e1ma \u00e9s alacsony a munkan\u00e9lk\u00fclis\u00e9g ar\u00e1nya &#8211; mondta az InfoR\u00e1di\u00f3nak a Gazdas\u00e1gfejleszt\u00e9si Miniszt\u00e9rium foglalkoztat\u00e1spolitik\u00e1\u00e9rt felel\u0151s \u00e1llamtitk\u00e1ra. Czomba S\u00e1ndor az is k\u00f6z\u00f6lte, hogy ma m\u00e1r sokszor a munkaer\u0151 megtal\u00e1l\u00e1sa [&hellip;]<\/p>\n","protected":false},"author":1,"featured_media":6549,"comment_status":"open","ping_status":"open","sticky":false,"template":"","format":"standard","meta":{"_monsterinsights_skip_tracking":false,"footnotes":""},"categories":[200],"tags":[530,531],"class_list":["post-6548","post","type-post","status-publish","format-standard","has-post-thumbnail","hentry","category-munkaeropiac","tag-munkaero-tartalek","tag-uj-munkahelyek"],"aioseo_notices":[],"aioseo_head":"\n\t\t<!-- All in One SEO 5.0.0.1 - aioseo.com -->\n\t<meta name=\"description\" content=\"Magyarorsz\u00e1gon a munkaer\u0151-tartal\u00e9kot szeretn\u00e9k mozg\u00f3s\u00edtani, valamint t\u00edz \u00e9v alatt egy milli\u00f3 munkahelyet teremteni.\" \/>\n\t<meta name=\"robots\" content=\"max-image-preview:large\" \/>\n\t<meta name=\"author\" content=\"Juh\u00e1sz P\u00e9ter\"\/>\n\t<meta name=\"keywords\" content=\"munkaer\u0151-tartal\u00e9k,\u00faj munkahelyek\" \/>\n\t<link rel=\"canonical\" href=\"https:\/\/allasorias.hu\/hirek\/mozgositani-szeretnek-a-munkaero-tartalekot\/\" \/>\n\t<meta name=\"generator\" content=\"All in One SEO (AIOSEO) 5.0.0.1\" \/>\n\t\t<meta property=\"og:locale\" content=\"hu_HU\" \/>\n\t\t<meta property=\"og:site_name\" content=\"AllasOrias.hu | H\u00edrek-lapszemle | \u00dczleti h\u00edrek az \u00e1ll\u00e1s \u00e9s a munka vil\u00e1g\u00e1b\u00f3l\" \/>\n\t\t<meta property=\"og:type\" content=\"article\" \/>\n\t\t<meta property=\"og:title\" content=\"Mozg\u00f3s\u00edtani szeretn\u00e9k a munkaer\u0151-tartal\u00e9kot | Allasorias.hu\" \/>\n\t\t<meta property=\"og:description\" content=\"Magyarorsz\u00e1gon a munkaer\u0151-tartal\u00e9kot szeretn\u00e9k mozg\u00f3s\u00edtani, valamint t\u00edz \u00e9v alatt egy milli\u00f3 munkahelyet teremteni.\" \/>\n\t\t<meta property=\"og:url\" content=\"https:\/\/allasorias.hu\/hirek\/mozgositani-szeretnek-a-munkaero-tartalekot\/\" \/>\n\t\t<meta property=\"og:image\" content=\"https:\/\/allasorias.hu\/hirek\/wp-content\/uploads\/2023\/06\/munkaero-tartalek.jpg\" \/>\n\t\t<meta property=\"og:image:secure_url\" content=\"https:\/\/allasorias.hu\/hirek\/wp-content\/uploads\/2023\/06\/munkaero-tartalek.jpg\" \/>\n\t\t<meta property=\"og:image:width\" content=\"1280\" \/>\n\t\t<meta property=\"og:image:height\" content=\"655\" \/>\n\t\t<meta property=\"article:published_time\" content=\"2023-06-12T08:06:55+00:00\" \/>\n\t\t<meta property=\"article:modified_time\" content=\"2023-06-12T08:06:55+00:00\" \/>\n\t\t<meta property=\"article:publisher\" content=\"https:\/\/www.facebook.com\/allasorias\" \/>\n\t\t<meta name=\"twitter:card\" content=\"summary_large_image\" \/>\n\t\t<meta name=\"twitter:title\" content=\"Mozg\u00f3s\u00edtani szeretn\u00e9k a munkaer\u0151-tartal\u00e9kot | Allasorias.hu\" \/>\n\t\t<meta name=\"twitter:description\" content=\"Magyarorsz\u00e1gon a munkaer\u0151-tartal\u00e9kot szeretn\u00e9k mozg\u00f3s\u00edtani, valamint t\u00edz \u00e9v alatt egy milli\u00f3 munkahelyet teremteni.\" \/>\n\t\t<meta name=\"twitter:image\" content=\"https:\/\/allasorias.hu\/hirek\/wp-content\/uploads\/2023\/06\/munkaero-tartalek.jpg\" \/>\n\t\t<meta name=\"twitter:label1\" content=\"Written by\" \/>\n\t\t<meta name=\"twitter:data1\" content=\"Juh\u00e1sz P\u00e9ter\" \/>\n\t\t<meta name=\"twitter:label2\" content=\"Est. reading time\" \/>\n\t\t<meta name=\"twitter:data2\" content=\"2 minutes\" \/>\n\t\t<script type=\"application\/ld+json\" class=\"aioseo-schema\">\n\t\t\t{\"@context\":\"https:\\\/\\\/schema.org\",\"@graph\":[{\"@type\":\"Article\",\"@id\":\"https:\\\/\\\/allasorias.hu\\\/hirek\\\/mozgositani-szeretnek-a-munkaero-tartalekot\\\/#article\",\"name\":\"Mozg\\u00f3s\\u00edtani szeretn\\u00e9k a munkaer\\u0151-tartal\\u00e9kot | Allasorias.hu\",\"headline\":\"Mozg\\u00f3s\\u00edtani szeretn\\u00e9k a munkaer\\u0151-tartal\\u00e9kot\",\"author\":{\"@id\":\"https:\\\/\\\/allasorias.hu\\\/hirek\\\/author\\\/admin-allasorias\\\/#author\"},\"publisher\":{\"@id\":\"https:\\\/\\\/allasorias.hu\\\/hirek\\\/#organization\"},\"image\":{\"@type\":\"ImageObject\",\"url\":\"https:\\\/\\\/allasorias.hu\\\/hirek\\\/wp-content\\\/uploads\\\/2023\\\/06\\\/munkaero-tartalek.jpg\",\"width\":1280,\"height\":655,\"caption\":\"Mozg\\u00f3s\\u00edtani szeretn\\u00e9k a munkaer\\u0151-tartal\\u00e9kot  - Allasorias.hu\\\/Hirek\"},\"datePublished\":\"2023-06-12T08:06:55+02:00\",\"dateModified\":\"2023-06-12T08:06:55+02:00\",\"inLanguage\":\"hu-HU\",\"mainEntityOfPage\":{\"@id\":\"https:\\\/\\\/allasorias.hu\\\/hirek\\\/mozgositani-szeretnek-a-munkaero-tartalekot\\\/#webpage\"},\"isPartOf\":{\"@id\":\"https:\\\/\\\/allasorias.hu\\\/hirek\\\/mozgositani-szeretnek-a-munkaero-tartalekot\\\/#webpage\"},\"articleSection\":\"Munkaer\\u0151piac, Munkaer\\u0151-tartal\\u00e9k, \\u00faj munkahelyek\"},{\"@type\":\"BreadcrumbList\",\"@id\":\"https:\\\/\\\/allasorias.hu\\\/hirek\\\/mozgositani-szeretnek-a-munkaero-tartalekot\\\/#breadcrumblist\",\"itemListElement\":[{\"@type\":\"ListItem\",\"@id\":\"https:\\\/\\\/allasorias.hu\\\/hirek#listItem\",\"position\":1,\"name\":\"Home\",\"item\":\"https:\\\/\\\/allasorias.hu\\\/hirek\",\"nextItem\":{\"@type\":\"ListItem\",\"@id\":\"https:\\\/\\\/allasorias.hu\\\/hirek\\\/temak\\\/munkaeropiac\\\/#listItem\",\"name\":\"Munkaer\\u0151piac\"}},{\"@type\":\"ListItem\",\"@id\":\"https:\\\/\\\/allasorias.hu\\\/hirek\\\/temak\\\/munkaeropiac\\\/#listItem\",\"position\":2,\"name\":\"Munkaer\\u0151piac\",\"item\":\"https:\\\/\\\/allasorias.hu\\\/hirek\\\/temak\\\/munkaeropiac\\\/\",\"nextItem\":{\"@type\":\"ListItem\",\"@id\":\"https:\\\/\\\/allasorias.hu\\\/hirek\\\/mozgositani-szeretnek-a-munkaero-tartalekot\\\/#listItem\",\"name\":\"Mozg\\u00f3s\\u00edtani szeretn\\u00e9k a munkaer\\u0151-tartal\\u00e9kot\"},\"previousItem\":{\"@type\":\"ListItem\",\"@id\":\"https:\\\/\\\/allasorias.hu\\\/hirek#listItem\",\"name\":\"Home\"}},{\"@type\":\"ListItem\",\"@id\":\"https:\\\/\\\/allasorias.hu\\\/hirek\\\/mozgositani-szeretnek-a-munkaero-tartalekot\\\/#listItem\",\"position\":3,\"name\":\"Mozg\\u00f3s\\u00edtani szeretn\\u00e9k a munkaer\\u0151-tartal\\u00e9kot\",\"previousItem\":{\"@type\":\"ListItem\",\"@id\":\"https:\\\/\\\/allasorias.hu\\\/hirek\\\/temak\\\/munkaeropiac\\\/#listItem\",\"name\":\"Munkaer\\u0151piac\"}}]},{\"@type\":\"Organization\",\"@id\":\"https:\\\/\\\/allasorias.hu\\\/hirek\\\/#organization\",\"name\":\"AllasOrias.hu | H\\u00edrek-lapszemle\",\"description\":\"\\u00dczleti h\\u00edrek az \\u00e1ll\\u00e1s \\u00e9s a munka vil\\u00e1g\\u00e1b\\u00f3l\",\"url\":\"https:\\\/\\\/allasorias.hu\\\/hirek\\\/\",\"logo\":{\"@type\":\"ImageObject\",\"url\":\"https:\\\/\\\/allasorias.hu\\\/hirek\\\/wp-content\\\/uploads\\\/2022\\\/10\\\/allasorias_site_facebok_logo.png\",\"@id\":\"https:\\\/\\\/allasorias.hu\\\/hirek\\\/mozgositani-szeretnek-a-munkaero-tartalekot\\\/#organizationLogo\"},\"image\":{\"@id\":\"https:\\\/\\\/allasorias.hu\\\/hirek\\\/mozgositani-szeretnek-a-munkaero-tartalekot\\\/#organizationLogo\"},\"sameAs\":[\"https:\\\/\\\/www.facebook.com\\\/allasorias\",\"https:\\\/\\\/www.linkedin.com\\\/company\\\/allasorias\"]},{\"@type\":\"Person\",\"@id\":\"https:\\\/\\\/allasorias.hu\\\/hirek\\\/author\\\/admin-allasorias\\\/#author\",\"url\":\"https:\\\/\\\/allasorias.hu\\\/hirek\\\/author\\\/admin-allasorias\\\/\",\"name\":\"Juh\\u00e1sz P\\u00e9ter\",\"image\":{\"@type\":\"ImageObject\",\"@id\":\"https:\\\/\\\/allasorias.hu\\\/hirek\\\/mozgositani-szeretnek-a-munkaero-tartalekot\\\/#authorImage\",\"url\":\"https:\\\/\\\/secure.gravatar.com\\\/avatar\\\/36e6bcb83148978b992977cb0f54d22feb0cce8a0a849a9410532bb2623ba4c6?s=96&d=mm&r=g\",\"width\":96,\"height\":96,\"caption\":\"Juh\\u00e1sz P\\u00e9ter\"}},{\"@type\":\"WebPage\",\"@id\":\"https:\\\/\\\/allasorias.hu\\\/hirek\\\/mozgositani-szeretnek-a-munkaero-tartalekot\\\/#webpage\",\"url\":\"https:\\\/\\\/allasorias.hu\\\/hirek\\\/mozgositani-szeretnek-a-munkaero-tartalekot\\\/\",\"name\":\"Mozg\\u00f3s\\u00edtani szeretn\\u00e9k a munkaer\\u0151-tartal\\u00e9kot | Allasorias.hu\",\"description\":\"Magyarorsz\\u00e1gon a munkaer\\u0151-tartal\\u00e9kot szeretn\\u00e9k mozg\\u00f3s\\u00edtani, valamint t\\u00edz \\u00e9v alatt egy milli\\u00f3 munkahelyet teremteni.\",\"inLanguage\":\"hu-HU\",\"isPartOf\":{\"@id\":\"https:\\\/\\\/allasorias.hu\\\/hirek\\\/#website\"},\"breadcrumb\":{\"@id\":\"https:\\\/\\\/allasorias.hu\\\/hirek\\\/mozgositani-szeretnek-a-munkaero-tartalekot\\\/#breadcrumblist\"},\"author\":{\"@id\":\"https:\\\/\\\/allasorias.hu\\\/hirek\\\/author\\\/admin-allasorias\\\/#author\"},\"creator\":{\"@id\":\"https:\\\/\\\/allasorias.hu\\\/hirek\\\/author\\\/admin-allasorias\\\/#author\"},\"image\":{\"@type\":\"ImageObject\",\"url\":\"https:\\\/\\\/allasorias.hu\\\/hirek\\\/wp-content\\\/uploads\\\/2023\\\/06\\\/munkaero-tartalek.jpg\",\"@id\":\"https:\\\/\\\/allasorias.hu\\\/hirek\\\/mozgositani-szeretnek-a-munkaero-tartalekot\\\/#mainImage\",\"width\":1280,\"height\":655,\"caption\":\"Mozg\\u00f3s\\u00edtani szeretn\\u00e9k a munkaer\\u0151-tartal\\u00e9kot  - Allasorias.hu\\\/Hirek\"},\"primaryImageOfPage\":{\"@id\":\"https:\\\/\\\/allasorias.hu\\\/hirek\\\/mozgositani-szeretnek-a-munkaero-tartalekot\\\/#mainImage\"},\"datePublished\":\"2023-06-12T08:06:55+02:00\",\"dateModified\":\"2023-06-12T08:06:55+02:00\"},{\"@type\":\"WebSite\",\"@id\":\"https:\\\/\\\/allasorias.hu\\\/hirek\\\/#website\",\"url\":\"https:\\\/\\\/allasorias.hu\\\/hirek\\\/\",\"name\":\"AllasOrias.hu | H\\u00edrek-lapszemle\",\"description\":\"\\u00dczleti h\\u00edrek az \\u00e1ll\\u00e1s \\u00e9s a munka vil\\u00e1g\\u00e1b\\u00f3l\",\"inLanguage\":\"hu-HU\",\"publisher\":{\"@id\":\"https:\\\/\\\/allasorias.hu\\\/hirek\\\/#organization\"}}]}\n\t\t<\/script>\n\t\t<!-- All in One SEO -->\n\n","aioseo_head_json":{"title":"Mozg\u00f3s\u00edtani szeretn\u00e9k a munkaer\u0151-tartal\u00e9kot | Allasorias.hu","description":"Magyarorsz\u00e1gon a munkaer\u0151-tartal\u00e9kot szeretn\u00e9k mozg\u00f3s\u00edtani, valamint t\u00edz \u00e9v alatt egy milli\u00f3 munkahelyet teremteni.","canonical_url":"https:\/\/allasorias.hu\/hirek\/mozgositani-szeretnek-a-munkaero-tartalekot\/","robots":"max-image-preview:large","keywords":"munkaer\u0151-tartal\u00e9k,\u00faj munkahelyek","webmasterTools":{"miscellaneous":""},"schema":{"@context":"https:\/\/schema.org","@graph":[{"@type":"Article","@id":"https:\/\/allasorias.hu\/hirek\/mozgositani-szeretnek-a-munkaero-tartalekot\/#article","name":"Mozg\u00f3s\u00edtani szeretn\u00e9k a munkaer\u0151-tartal\u00e9kot | Allasorias.hu","headline":"Mozg\u00f3s\u00edtani szeretn\u00e9k a munkaer\u0151-tartal\u00e9kot","author":{"@id":"https:\/\/allasorias.hu\/hirek\/author\/admin-allasorias\/#author"},"publisher":{"@id":"https:\/\/allasorias.hu\/hirek\/#organization"},"image":{"@type":"ImageObject","url":"https:\/\/allasorias.hu\/hirek\/wp-content\/uploads\/2023\/06\/munkaero-tartalek.jpg","width":1280,"height":655,"caption":"Mozg\u00f3s\u00edtani szeretn\u00e9k a munkaer\u0151-tartal\u00e9kot  - Allasorias.hu\/Hirek"},"datePublished":"2023-06-12T08:06:55+02:00","dateModified":"2023-06-12T08:06:55+02:00","inLanguage":"hu-HU","mainEntityOfPage":{"@id":"https:\/\/allasorias.hu\/hirek\/mozgositani-szeretnek-a-munkaero-tartalekot\/#webpage"},"isPartOf":{"@id":"https:\/\/allasorias.hu\/hirek\/mozgositani-szeretnek-a-munkaero-tartalekot\/#webpage"},"articleSection":"Munkaer\u0151piac, Munkaer\u0151-tartal\u00e9k, \u00faj munkahelyek"},{"@type":"BreadcrumbList","@id":"https:\/\/allasorias.hu\/hirek\/mozgositani-szeretnek-a-munkaero-tartalekot\/#breadcrumblist","itemListElement":[{"@type":"ListItem","@id":"https:\/\/allasorias.hu\/hirek#listItem","position":1,"name":"Home","item":"https:\/\/allasorias.hu\/hirek","nextItem":{"@type":"ListItem","@id":"https:\/\/allasorias.hu\/hirek\/temak\/munkaeropiac\/#listItem","name":"Munkaer\u0151piac"}},{"@type":"ListItem","@id":"https:\/\/allasorias.hu\/hirek\/temak\/munkaeropiac\/#listItem","position":2,"name":"Munkaer\u0151piac","item":"https:\/\/allasorias.hu\/hirek\/temak\/munkaeropiac\/","nextItem":{"@type":"ListItem","@id":"https:\/\/allasorias.hu\/hirek\/mozgositani-szeretnek-a-munkaero-tartalekot\/#listItem","name":"Mozg\u00f3s\u00edtani szeretn\u00e9k a munkaer\u0151-tartal\u00e9kot"},"previousItem":{"@type":"ListItem","@id":"https:\/\/allasorias.hu\/hirek#listItem","name":"Home"}},{"@type":"ListItem","@id":"https:\/\/allasorias.hu\/hirek\/mozgositani-szeretnek-a-munkaero-tartalekot\/#listItem","position":3,"name":"Mozg\u00f3s\u00edtani szeretn\u00e9k a munkaer\u0151-tartal\u00e9kot","previousItem":{"@type":"ListItem","@id":"https:\/\/allasorias.hu\/hirek\/temak\/munkaeropiac\/#listItem","name":"Munkaer\u0151piac"}}]},{"@type":"Organization","@id":"https:\/\/allasorias.hu\/hirek\/#organization","name":"AllasOrias.hu | H\u00edrek-lapszemle","description":"\u00dczleti h\u00edrek az \u00e1ll\u00e1s \u00e9s a munka vil\u00e1g\u00e1b\u00f3l","url":"https:\/\/allasorias.hu\/hirek\/","logo":{"@type":"ImageObject","url":"https:\/\/allasorias.hu\/hirek\/wp-content\/uploads\/2022\/10\/allasorias_site_facebok_logo.png","@id":"https:\/\/allasorias.hu\/hirek\/mozgositani-szeretnek-a-munkaero-tartalekot\/#organizationLogo"},"image":{"@id":"https:\/\/allasorias.hu\/hirek\/mozgositani-szeretnek-a-munkaero-tartalekot\/#organizationLogo"},"sameAs":["https:\/\/www.facebook.com\/allasorias","https:\/\/www.linkedin.com\/company\/allasorias"]},{"@type":"Person","@id":"https:\/\/allasorias.hu\/hirek\/author\/admin-allasorias\/#author","url":"https:\/\/allasorias.hu\/hirek\/author\/admin-allasorias\/","name":"Juh\u00e1sz P\u00e9ter","image":{"@type":"ImageObject","@id":"https:\/\/allasorias.hu\/hirek\/mozgositani-szeretnek-a-munkaero-tartalekot\/#authorImage","url":"https:\/\/secure.gravatar.com\/avatar\/36e6bcb83148978b992977cb0f54d22feb0cce8a0a849a9410532bb2623ba4c6?s=96&d=mm&r=g","width":96,"height":96,"caption":"Juh\u00e1sz P\u00e9ter"}},{"@type":"WebPage","@id":"https:\/\/allasorias.hu\/hirek\/mozgositani-szeretnek-a-munkaero-tartalekot\/#webpage","url":"https:\/\/allasorias.hu\/hirek\/mozgositani-szeretnek-a-munkaero-tartalekot\/","name":"Mozg\u00f3s\u00edtani szeretn\u00e9k a munkaer\u0151-tartal\u00e9kot | Allasorias.hu","description":"Magyarorsz\u00e1gon a munkaer\u0151-tartal\u00e9kot szeretn\u00e9k mozg\u00f3s\u00edtani, valamint t\u00edz \u00e9v alatt egy milli\u00f3 munkahelyet teremteni.","inLanguage":"hu-HU","isPartOf":{"@id":"https:\/\/allasorias.hu\/hirek\/#website"},"breadcrumb":{"@id":"https:\/\/allasorias.hu\/hirek\/mozgositani-szeretnek-a-munkaero-tartalekot\/#breadcrumblist"},"author":{"@id":"https:\/\/allasorias.hu\/hirek\/author\/admin-allasorias\/#author"},"creator":{"@id":"https:\/\/allasorias.hu\/hirek\/author\/admin-allasorias\/#author"},"image":{"@type":"ImageObject","url":"https:\/\/allasorias.hu\/hirek\/wp-content\/uploads\/2023\/06\/munkaero-tartalek.jpg","@id":"https:\/\/allasorias.hu\/hirek\/mozgositani-szeretnek-a-munkaero-tartalekot\/#mainImage","width":1280,"height":655,"caption":"Mozg\u00f3s\u00edtani szeretn\u00e9k a munkaer\u0151-tartal\u00e9kot  - Allasorias.hu\/Hirek"},"primaryImageOfPage":{"@id":"https:\/\/allasorias.hu\/hirek\/mozgositani-szeretnek-a-munkaero-tartalekot\/#mainImage"},"datePublished":"2023-06-12T08:06:55+02:00","dateModified":"2023-06-12T08:06:55+02:00"},{"@type":"WebSite","@id":"https:\/\/allasorias.hu\/hirek\/#website","url":"https:\/\/allasorias.hu\/hirek\/","name":"AllasOrias.hu | H\u00edrek-lapszemle","description":"\u00dczleti h\u00edrek az \u00e1ll\u00e1s \u00e9s a munka vil\u00e1g\u00e1b\u00f3l","inLanguage":"hu-HU","publisher":{"@id":"https:\/\/allasorias.hu\/hirek\/#organization"}}]},"og:locale":"hu_HU","og:site_name":"AllasOrias.hu | H\u00edrek-lapszemle | \u00dczleti h\u00edrek az \u00e1ll\u00e1s \u00e9s a munka vil\u00e1g\u00e1b\u00f3l","og:type":"article","og:title":"Mozg\u00f3s\u00edtani szeretn\u00e9k a munkaer\u0151-tartal\u00e9kot | Allasorias.hu","og:description":"Magyarorsz\u00e1gon a munkaer\u0151-tartal\u00e9kot szeretn\u00e9k mozg\u00f3s\u00edtani, valamint t\u00edz \u00e9v alatt egy milli\u00f3 munkahelyet teremteni.","og:url":"https:\/\/allasorias.hu\/hirek\/mozgositani-szeretnek-a-munkaero-tartalekot\/","og:image":"https:\/\/allasorias.hu\/hirek\/wp-content\/uploads\/2023\/06\/munkaero-tartalek.jpg","og:image:secure_url":"https:\/\/allasorias.hu\/hirek\/wp-content\/uploads\/2023\/06\/munkaero-tartalek.jpg","og:image:width":1280,"og:image:height":655,"article:published_time":"2023-06-12T08:06:55+00:00","article:modified_time":"2023-06-12T08:06:55+00:00","article:publisher":"https:\/\/www.facebook.com\/allasorias","twitter:card":"summary_large_image","twitter:title":"Mozg\u00f3s\u00edtani szeretn\u00e9k a munkaer\u0151-tartal\u00e9kot | Allasorias.hu","twitter:description":"Magyarorsz\u00e1gon a munkaer\u0151-tartal\u00e9kot szeretn\u00e9k mozg\u00f3s\u00edtani, valamint t\u00edz \u00e9v alatt egy milli\u00f3 munkahelyet teremteni.","twitter:image":"https:\/\/allasorias.hu\/hirek\/wp-content\/uploads\/2023\/06\/munkaero-tartalek.jpg","twitter:label1":"Written by","twitter:data1":"Juh\u00e1sz P\u00e9ter","twitter:label2":"Est. reading time","twitter:data2":"2 minutes"},"aioseo_meta_data":{"post_id":"6548","title":"#post_title | Allasorias.hu","description":"Magyarorsz\u00e1gon a munkaer\u0151-tartal\u00e9kot szeretn\u00e9k mozg\u00f3s\u00edtani, valamint t\u00edz \u00e9v alatt egy milli\u00f3 munkahelyet teremteni.","keywords":[],"keyphrases":{"focus":{"keyphrase":"","score":0,"analysis":{"keyphraseInTitle":{"score":0,"maxScore":9,"error":1}}},"additional":[]},"primary_term":null,"canonical_url":null,"og_title":null,"og_description":null,"og_object_type":"default","og_image_type":"default","og_image_url":null,"og_image_width":null,"og_image_height":null,"og_image_custom_url":null,"og_image_custom_fields":null,"og_video":"","og_custom_url":null,"og_article_section":null,"og_article_tags":[],"twitter_use_og":true,"twitter_card":"default","twitter_image_type":"default","twitter_image_url":null,"twitter_image_custom_url":null,"twitter_image_custom_fields":null,"twitter_title":null,"twitter_description":null,"schema":{"blockGraphs":[],"customGraphs":[],"default":{"data":{"Article":[],"Course":[],"Dataset":[],"FAQPage":[],"Movie":[],"Person":[],"Product":[],"ProductReview":[],"Car":[],"Recipe":[],"Service":[],"SoftwareApplication":[],"WebPage":[]},"graphName":"","isEnabled":true},"graphs":[]},"schema_type":"default","schema_type_options":null,"pillar_content":false,"robots_default":true,"robots_noindex":false,"robots_noarchive":false,"robots_nosnippet":false,"robots_nofollow":false,"robots_noimageindex":false,"robots_noodp":false,"robots_notranslate":false,"robots_max_snippet":"-1","robots_max_videopreview":"-1","robots_max_imagepreview":"large","priority":null,"frequency":"default","location":null,"local_seo":null,"breadcrumb_settings":null,"limit_modified_date":false,"ai":null,"created":"2023-06-12 07:47:45","updated":"2025-10-02 18:38:42","seo_analyzer_scan_date":null,"focus_keyword":null,"additional_keywords":null,"truseo_locale":null},"aioseo_breadcrumb":"<div class=\"aioseo-breadcrumbs\"><span class=\"aioseo-breadcrumb\">\n\t\t\t<a href=\"https:\/\/allasorias.hu\/hirek\" title=\"Home\">Home<\/a>\n\t\t<\/span><span class=\"aioseo-breadcrumb-separator\">&raquo;<\/span><span class=\"aioseo-breadcrumb\">\n\t\t\t<a href=\"https:\/\/allasorias.hu\/hirek\/temak\/munkaeropiac\/\" title=\"Munkaer\u0151piac\">Munkaer\u0151piac<\/a>\n\t\t<\/span><span class=\"aioseo-breadcrumb-separator\">&raquo;<\/span><span class=\"aioseo-breadcrumb\">\n\t\t\tMozg\u00f3s\u00edtani szeretn\u00e9k a munkaer\u0151-tartal\u00e9kot\n\t\t<\/span><\/div>","aioseo_breadcrumb_json":[{"label":"Home","link":"https:\/\/allasorias.hu\/hirek"},{"label":"Munkaer\u0151piac","link":"https:\/\/allasorias.hu\/hirek\/temak\/munkaeropiac\/"},{"label":"Mozg\u00f3s\u00edtani szeretn\u00e9k a munkaer\u0151-tartal\u00e9kot","link":"https:\/\/allasorias.hu\/hirek\/mozgositani-szeretnek-a-munkaero-tartalekot\/"}],"_links":{"self":[{"href":"https:\/\/allasorias.hu\/hirek\/wp-json\/wp\/v2\/posts\/6548","targetHints":{"allow":["GET"]}}],"collection":[{"href":"https:\/\/allasorias.hu\/hirek\/wp-json\/wp\/v2\/posts"}],"about":[{"href":"https:\/\/allasorias.hu\/hirek\/wp-json\/wp\/v2\/types\/post"}],"author":[{"embeddable":true,"href":"https:\/\/allasorias.hu\/hirek\/wp-json\/wp\/v2\/users\/1"}],"replies":[{"embeddable":true,"href":"https:\/\/allasorias.hu\/hirek\/wp-json\/wp\/v2\/comments?post=6548"}],"version-history":[{"count":1,"href":"https:\/\/allasorias.hu\/hirek\/wp-json\/wp\/v2\/posts\/6548\/revisions"}],"predecessor-version":[{"id":6550,"href":"https:\/\/allasorias.hu\/hirek\/wp-json\/wp\/v2\/posts\/6548\/revisions\/6550"}],"wp:featuredmedia":[{"embeddable":true,"href":"https:\/\/allasorias.hu\/hirek\/wp-json\/wp\/v2\/media\/6549"}],"wp:attachment":[{"href":"https:\/\/allasorias.hu\/hirek\/wp-json\/wp\/v2\/media?parent=6548"}],"wp:term":[{"taxonomy":"category","embeddable":true,"href":"https:\/\/allasorias.hu\/hirek\/wp-json\/wp\/v2\/categories?post=6548"},{"taxonomy":"post_tag","embeddable":true,"href":"https:\/\/allasorias.hu\/hirek\/wp-json\/wp\/v2\/tags?post=6548"}],"curies":[{"name":"wp","href":"https:\/\/api.w.org\/{rel}","templated":true}]}}