{"id":6527,"date":"2023-06-05T09:33:07","date_gmt":"2023-06-05T09:33:07","guid":{"rendered":"https:\/\/allasorias.hu\/hirek\/?p=6527"},"modified":"2025-05-09T16:02:50","modified_gmt":"2025-05-09T14:02:50","slug":"modositani-szukseges-a-vendegmunkasokra-vonatkozo-torvenyt","status":"publish","type":"post","link":"https:\/\/allasorias.hu\/hirek\/modositani-szukseges-a-vendegmunkasokra-vonatkozo-torvenyt\/","title":{"rendered":"M\u00f3dos\u00edtani sz\u00fcks\u00e9ges a vend\u00e9gmunk\u00e1sokra vonatkoz\u00f3 t\u00f6rv\u00e9nyt?"},"content":{"rendered":"<p><strong>Jelent\u0151sen emelkedett idehaza t\u00f6bbek k\u00f6z\u00f6tt a F\u00fcl\u00f6p-szigetekr\u0151l \u00e9rkez\u0151 munkav\u00e1llal\u00f3k sz\u00e1ma. Jelenleg t\u00f6bb mint \u00f6tezren vannak, de tov\u00e1bbi, dinamikus l\u00e9tsz\u00e1memelked\u00e9s\u00fck v\u00e1rhat\u00f3. N\u00f3gr\u00e1di J\u00f3zsef, a szem\u00e9lyzeti szolg\u00e1ltat\u00e1s ter\u00e9n piacvezet\u0151 Trenkwalder kereskedelmi igazgat\u00f3ja a tapasztalataik alapj\u00e1n \u00fagy l\u00e1tja, sz\u00fcks\u00e9g lehet a vend\u00e9gmunk\u00e1sok magyarorsz\u00e1gi foglalkoztat\u00e1s\u00e1r\u00f3l sz\u00f3l\u00f3 t\u00f6rv\u00e9ny tervezett m\u00f3dos\u00edt\u00e1s\u00e1ra. <\/strong><\/p>\n<p>Az elm\u00falt \u00e9vekben egyre t\u00f6bb szakma lett hi\u00e1nyszakma, ezek ig\u00e9nyeinek kiszolg\u00e1l\u00e1s\u00e1ban, a k\u00fclf\u00f6ldi munkav\u00e1llal\u00f3k megn\u00f6vekedett l\u00e9tsz\u00e1m\u00e1nak kezel\u00e9s\u00e9ben \u00e9s az \u00e1llamilag kiemelt beruh\u00e1z\u00e1sok munkaer\u0151-sz\u00fcks\u00e9gleteinek kiel\u00e9g\u00edt\u00e9s\u00e9ben is fontos szerep juthat az \u00faj szab\u00e1lyoz\u00e1snak &#8211; nyilatkozta a szakember a VG-nek. Hozz\u00e1tette, az ut\u00f3bbi \u00e9vekben jelent\u0151sen megn\u0151tt a Magyarorsz\u00e1gon dolgoz\u00f3 vend\u00e9gmunk\u00e1sok sz\u00e1ma.<\/p>\n<p>Jelenleg t\u00f6bb mint <strong>85 ezren vannak<\/strong>, ami az orsz\u00e1gban tart\u00f3zkod\u00f3 <strong>226 ezer k\u00fclf\u00f6ldinek nagyj\u00e1b\u00f3l a 40 sz\u00e1zal\u00e9ka<\/strong>. A k\u00fclf\u00f6ldi vend\u00e9gmunk\u00e1sok sz\u00e1m\u00e1t a haz\u00e1nkba \u00e9rkez\u0151 ukr\u00e1n menek\u00fcltek nem n\u00f6velt\u00e9k, hiszen a keleti szomsz\u00e9dunkt\u00f3l sz\u00e1rmaz\u00f3 munkav\u00e1llal\u00f3k ar\u00e1nya nagyj\u00e1b\u00f3l azonos a h\u00e1bor\u00fa el\u0151tti mennyis\u00e9g\u00fckkel. Ennek az oka a nyugatabbi orsz\u00e1gokban vonz\u00f3bb b\u00e9rek \u00e9s a nyelvi korl\u00e1tok lehetnek.<\/p>\n<h2>T\u00f6bb mint \u00f6tezren a F\u00fcl\u00f6p-szigetekr\u0151l<\/h2>\n<p>Azonban jelent\u0151sen emelkedett idehaza p\u00e9ld\u00e1ul a F\u00fcl\u00f6p-szigetekr\u0151l \u00e9rkez\u0151 munkav\u00e1llal\u00f3k sz\u00e1ma. Jelenleg t\u00f6bb mint \u00f6tezren vannak, de tov\u00e1bbi, dinamikus l\u00e9tsz\u00e1memelked\u00e9s\u00fck v\u00e1rhat\u00f3. Nagy el\u0151ny\u00fck, hogy felk\u00e9sz\u00fclten \u00e9rkeznek, k\u00e9pzettek, el\u00e9g j\u00f3l besz\u00e9lnek angolul, gy\u00e1rt\u00e1si tapasztalataik is vannak, emellett a kereszt\u00e9ny h\u00e1tter\u00fck miatt kultur\u00e1lisan is jobban illeszkednek a hazai k\u00f6rnyezetbe &#8211; mondta N\u00f3gr\u00e1di J\u00f3zsef. Megjegyezte, mellett\u00fck <strong>k\u00ednaiak, vietn\u00e1miak, indon\u00e9zek, kirgizek \u00e9s kazahhok<\/strong> is nagyobb sz\u00e1mban t\u0171nnek fel manaps\u00e1g a magyar munkav\u00e1llal\u00f3k k\u00f6z\u00f6tt.<\/p>\n<p>Magyarorsz\u00e1g vonzereje a k\u00fclf\u00f6ldi munkav\u00e1llal\u00f3k sz\u00e1m\u00e1ra az, hogy itt az Eur\u00f3pai Uni\u00f3n bel\u00fcl foglalkoztatj\u00e1k \u0151ket, uni\u00f3s norm\u00e1knak megfelel\u0151 munkak\u00f6rnyezetben, szab\u00e1lyozott elv\u00e1r\u00e1sok ment\u00e9n. A n\u00e1lunk alkalmazott k\u00fclf\u00f6ldiek azonban hamar r\u00e1d\u00f6bbennek, hogy az EU-n bel\u00fcl m\u00e1shol sokkal jobb lehet\u0151s\u00e9geik is lehetnek \u00e9s tov\u00e1bb \u00e1llnak &#8211; tette hozz\u00e1 a szakember. A szak\u00e9rt\u0151 elmondta, 500 ezer f\u0151vel szeretn\u00e9 n\u00f6veln\u00e9 a hazai munkaer\u0151k\u00edn\u00e1latot a korm\u00e1ny, de ebbe beletartozik a jelenleg passz\u00edv, belf\u00f6ldi munkaer\u0151-\u00e1llom\u00e1ny aktiv\u00e1l\u00e1sa is.<\/p>\n<p>Emellett l\u00e9nyeges k\u00e9rd\u00e9s, hogy az Ipar 4.0 \u00e9s az 5G t\u00e9rh\u00f3d\u00edt\u00e1s\u00e1val a foglalkoztat\u00f3k milyen automatiz\u00e1l\u00e1si, digitaliz\u00e1l\u00e1si programokat ind\u00edtanak el, amelyek r\u00e9szben k\u00e9pesek lesznek kiv\u00e1ltani az \u00e9l\u0151 munkaer\u0151t. Viszont megjegyezte, <strong>\u00e9vr\u0151l \u00e9vre 40-50 ezer f\u0151vel fogy a magyar munkav\u00e1llal\u00f3k sz\u00e1ma<\/strong>, amit egyre nehezebb lesz p\u00f3tolni. Azonban \u00e9rdekes adat, hogy a haz\u00e1nkban \u00e9l\u0151 k\u00fclf\u00f6ldiek k\u00f6z\u00fcl 2023 els\u0151 \u00f6t h\u00f3napj\u00e1ban 59 800 f\u0151 k\u00e9rv\u00e9nyezte a leteleped\u00e9st \u00e9s a csal\u00e1degyes\u00edt\u00e9st. Tavaly eg\u00e9sz \u00e9vben enn\u00e9l kevesebben, \u00f6sszesen 57 527-en.<\/p>\n<p>Forr\u00e1s: <a href=\"https:\/\/haszon.hu\/megkeresni\/munka\/vendegmunkas-munkavallalo-munkaeropiac\">haszon.hu<\/a><\/p>\n","protected":false},"excerpt":{"rendered":"<p>Jelent\u0151sen emelkedett idehaza t\u00f6bbek k\u00f6z\u00f6tt a F\u00fcl\u00f6p-szigetekr\u0151l \u00e9rkez\u0151 munkav\u00e1llal\u00f3k sz\u00e1ma. Jelenleg t\u00f6bb mint \u00f6tezren vannak, de tov\u00e1bbi, dinamikus l\u00e9tsz\u00e1memelked\u00e9s\u00fck v\u00e1rhat\u00f3. N\u00f3gr\u00e1di J\u00f3zsef, a szem\u00e9lyzeti szolg\u00e1ltat\u00e1s ter\u00e9n piacvezet\u0151 Trenkwalder kereskedelmi igazgat\u00f3ja a tapasztalataik alapj\u00e1n \u00fagy l\u00e1tja, sz\u00fcks\u00e9g lehet a vend\u00e9gmunk\u00e1sok magyarorsz\u00e1gi foglalkoztat\u00e1s\u00e1r\u00f3l sz\u00f3l\u00f3 t\u00f6rv\u00e9ny tervezett m\u00f3dos\u00edt\u00e1s\u00e1ra. Az elm\u00falt \u00e9vekben egyre t\u00f6bb szakma lett hi\u00e1nyszakma, ezek ig\u00e9nyeinek [&hellip;]<\/p>\n","protected":false},"author":1,"featured_media":6528,"comment_status":"closed","ping_status":"closed","sticky":false,"template":"","format":"standard","meta":{"_monsterinsights_skip_tracking":false,"footnotes":""},"categories":[200],"tags":[523,355],"class_list":["post-6527","post","type-post","status-publish","format-standard","has-post-thumbnail","hentry","category-munkaeropiac","tag-fulop-szigetek","tag-vendegmunkasok"],"aioseo_notices":[],"aioseo_head":"\n\t\t<!-- All in One SEO 5.0.0.1 - aioseo.com -->\n\t<meta name=\"description\" content=\"Jelent\u0151sen emelkedett idehaza t\u00f6bbek k\u00f6z\u00f6tt a F\u00fcl\u00f6p-szigetekr\u0151l \u00e9rkez\u0151 munkav\u00e1llal\u00f3k sz\u00e1ma. Jelenleg t\u00f6bb mint \u00f6tezren vannak, de tov\u00e1bbi emelked\u00e9s v\u00e1rhat\u00f3.\" \/>\n\t<meta name=\"robots\" content=\"max-image-preview:large\" \/>\n\t<meta name=\"author\" content=\"Juh\u00e1sz P\u00e9ter\"\/>\n\t<meta name=\"keywords\" content=\"f\u00fcl\u00f6p-szigetek,vend\u00e9gmunk\u00e1sok\" \/>\n\t<link rel=\"canonical\" href=\"https:\/\/allasorias.hu\/hirek\/modositani-szukseges-a-vendegmunkasokra-vonatkozo-torvenyt\/\" \/>\n\t<meta name=\"generator\" content=\"All in One SEO (AIOSEO) 5.0.0.1\" \/>\n\t\t<meta property=\"og:locale\" content=\"hu_HU\" \/>\n\t\t<meta property=\"og:site_name\" content=\"AllasOrias.hu | H\u00edrek-lapszemle | \u00dczleti h\u00edrek az \u00e1ll\u00e1s \u00e9s a munka vil\u00e1g\u00e1b\u00f3l\" \/>\n\t\t<meta property=\"og:type\" content=\"article\" \/>\n\t\t<meta property=\"og:title\" content=\"Vend\u00e9gmunk\u00e1sokra vonatkoz\u00f3 t\u00f6rv\u00e9ny m\u00f3dos\u00edt\u00e1sa sz\u00fcks\u00e9ges?\" \/>\n\t\t<meta property=\"og:description\" content=\"Jelent\u0151sen emelkedett idehaza t\u00f6bbek k\u00f6z\u00f6tt a F\u00fcl\u00f6p-szigetekr\u0151l \u00e9rkez\u0151 munkav\u00e1llal\u00f3k sz\u00e1ma. Jelenleg t\u00f6bb mint \u00f6tezren vannak, de tov\u00e1bbi emelked\u00e9s v\u00e1rhat\u00f3.\" \/>\n\t\t<meta property=\"og:url\" content=\"https:\/\/allasorias.hu\/hirek\/modositani-szukseges-a-vendegmunkasokra-vonatkozo-torvenyt\/\" \/>\n\t\t<meta property=\"og:image\" content=\"https:\/\/allasorias.hu\/hirek\/wp-content\/uploads\/2023\/06\/fulop-szigeteki-vendegmunkasok.jpg\" \/>\n\t\t<meta property=\"og:image:secure_url\" content=\"https:\/\/allasorias.hu\/hirek\/wp-content\/uploads\/2023\/06\/fulop-szigeteki-vendegmunkasok.jpg\" \/>\n\t\t<meta property=\"og:image:width\" content=\"1280\" \/>\n\t\t<meta property=\"og:image:height\" content=\"712\" \/>\n\t\t<meta property=\"article:published_time\" content=\"2023-06-05T09:33:07+00:00\" \/>\n\t\t<meta property=\"article:modified_time\" content=\"2025-05-09T14:02:50+00:00\" \/>\n\t\t<meta property=\"article:publisher\" content=\"https:\/\/www.facebook.com\/allasorias\" \/>\n\t\t<meta name=\"twitter:card\" content=\"summary_large_image\" \/>\n\t\t<meta name=\"twitter:title\" content=\"Vend\u00e9gmunk\u00e1sokra vonatkoz\u00f3 t\u00f6rv\u00e9ny m\u00f3dos\u00edt\u00e1sa sz\u00fcks\u00e9ges?\" \/>\n\t\t<meta name=\"twitter:description\" content=\"Jelent\u0151sen emelkedett idehaza t\u00f6bbek k\u00f6z\u00f6tt a F\u00fcl\u00f6p-szigetekr\u0151l \u00e9rkez\u0151 munkav\u00e1llal\u00f3k sz\u00e1ma. Jelenleg t\u00f6bb mint \u00f6tezren vannak, de tov\u00e1bbi emelked\u00e9s v\u00e1rhat\u00f3.\" \/>\n\t\t<meta name=\"twitter:image\" content=\"https:\/\/allasorias.hu\/hirek\/wp-content\/uploads\/2023\/06\/fulop-szigeteki-vendegmunkasok.jpg\" \/>\n\t\t<meta name=\"twitter:label1\" content=\"Written by\" \/>\n\t\t<meta name=\"twitter:data1\" content=\"Juh\u00e1sz P\u00e9ter\" \/>\n\t\t<meta name=\"twitter:label2\" content=\"Est. reading time\" \/>\n\t\t<meta name=\"twitter:data2\" content=\"3 minutes\" \/>\n\t\t<script type=\"application\/ld+json\" class=\"aioseo-schema\">\n\t\t\t{\"@context\":\"https:\\\/\\\/schema.org\",\"@graph\":[{\"@type\":\"Article\",\"@id\":\"https:\\\/\\\/allasorias.hu\\\/hirek\\\/modositani-szukseges-a-vendegmunkasokra-vonatkozo-torvenyt\\\/#article\",\"name\":\"Vend\\u00e9gmunk\\u00e1sokra vonatkoz\\u00f3 t\\u00f6rv\\u00e9ny m\\u00f3dos\\u00edt\\u00e1sa sz\\u00fcks\\u00e9ges?\",\"headline\":\"M\\u00f3dos\\u00edtani sz\\u00fcks\\u00e9ges a vend\\u00e9gmunk\\u00e1sokra vonatkoz\\u00f3 t\\u00f6rv\\u00e9nyt?\",\"author\":{\"@id\":\"https:\\\/\\\/allasorias.hu\\\/hirek\\\/author\\\/admin-allasorias\\\/#author\"},\"publisher\":{\"@id\":\"https:\\\/\\\/allasorias.hu\\\/hirek\\\/#organization\"},\"image\":{\"@type\":\"ImageObject\",\"url\":\"https:\\\/\\\/allasorias.hu\\\/hirek\\\/wp-content\\\/uploads\\\/2023\\\/06\\\/fulop-szigeteki-vendegmunkasok.jpg\",\"width\":1280,\"height\":712,\"caption\":\"M\\u00f3dos\\u00edtani sz\\u00fcks\\u00e9ges a vend\\u00e9gmunk\\u00e1sokra vonatkoz\\u00f3 t\\u00f6rv\\u00e9nyt? - Allasorias.hu\\\/Hirek\"},\"datePublished\":\"2023-06-05T09:33:07+02:00\",\"dateModified\":\"2025-05-09T16:02:50+02:00\",\"inLanguage\":\"hu-HU\",\"mainEntityOfPage\":{\"@id\":\"https:\\\/\\\/allasorias.hu\\\/hirek\\\/modositani-szukseges-a-vendegmunkasokra-vonatkozo-torvenyt\\\/#webpage\"},\"isPartOf\":{\"@id\":\"https:\\\/\\\/allasorias.hu\\\/hirek\\\/modositani-szukseges-a-vendegmunkasokra-vonatkozo-torvenyt\\\/#webpage\"},\"articleSection\":\"Munkaer\\u0151piac, F\\u00fcl\\u00f6p-szigetek, vend\\u00e9gmunk\\u00e1sok\"},{\"@type\":\"BreadcrumbList\",\"@id\":\"https:\\\/\\\/allasorias.hu\\\/hirek\\\/modositani-szukseges-a-vendegmunkasokra-vonatkozo-torvenyt\\\/#breadcrumblist\",\"itemListElement\":[{\"@type\":\"ListItem\",\"@id\":\"https:\\\/\\\/allasorias.hu\\\/hirek#listItem\",\"position\":1,\"name\":\"Home\",\"item\":\"https:\\\/\\\/allasorias.hu\\\/hirek\",\"nextItem\":{\"@type\":\"ListItem\",\"@id\":\"https:\\\/\\\/allasorias.hu\\\/hirek\\\/temak\\\/munkaeropiac\\\/#listItem\",\"name\":\"Munkaer\\u0151piac\"}},{\"@type\":\"ListItem\",\"@id\":\"https:\\\/\\\/allasorias.hu\\\/hirek\\\/temak\\\/munkaeropiac\\\/#listItem\",\"position\":2,\"name\":\"Munkaer\\u0151piac\",\"item\":\"https:\\\/\\\/allasorias.hu\\\/hirek\\\/temak\\\/munkaeropiac\\\/\",\"nextItem\":{\"@type\":\"ListItem\",\"@id\":\"https:\\\/\\\/allasorias.hu\\\/hirek\\\/modositani-szukseges-a-vendegmunkasokra-vonatkozo-torvenyt\\\/#listItem\",\"name\":\"M\\u00f3dos\\u00edtani sz\\u00fcks\\u00e9ges a vend\\u00e9gmunk\\u00e1sokra vonatkoz\\u00f3 t\\u00f6rv\\u00e9nyt?\"},\"previousItem\":{\"@type\":\"ListItem\",\"@id\":\"https:\\\/\\\/allasorias.hu\\\/hirek#listItem\",\"name\":\"Home\"}},{\"@type\":\"ListItem\",\"@id\":\"https:\\\/\\\/allasorias.hu\\\/hirek\\\/modositani-szukseges-a-vendegmunkasokra-vonatkozo-torvenyt\\\/#listItem\",\"position\":3,\"name\":\"M\\u00f3dos\\u00edtani sz\\u00fcks\\u00e9ges a vend\\u00e9gmunk\\u00e1sokra vonatkoz\\u00f3 t\\u00f6rv\\u00e9nyt?\",\"previousItem\":{\"@type\":\"ListItem\",\"@id\":\"https:\\\/\\\/allasorias.hu\\\/hirek\\\/temak\\\/munkaeropiac\\\/#listItem\",\"name\":\"Munkaer\\u0151piac\"}}]},{\"@type\":\"Organization\",\"@id\":\"https:\\\/\\\/allasorias.hu\\\/hirek\\\/#organization\",\"name\":\"AllasOrias.hu | H\\u00edrek-lapszemle\",\"description\":\"\\u00dczleti h\\u00edrek az \\u00e1ll\\u00e1s \\u00e9s a munka vil\\u00e1g\\u00e1b\\u00f3l\",\"url\":\"https:\\\/\\\/allasorias.hu\\\/hirek\\\/\",\"logo\":{\"@type\":\"ImageObject\",\"url\":\"https:\\\/\\\/allasorias.hu\\\/hirek\\\/wp-content\\\/uploads\\\/2022\\\/10\\\/allasorias_site_facebok_logo.png\",\"@id\":\"https:\\\/\\\/allasorias.hu\\\/hirek\\\/modositani-szukseges-a-vendegmunkasokra-vonatkozo-torvenyt\\\/#organizationLogo\"},\"image\":{\"@id\":\"https:\\\/\\\/allasorias.hu\\\/hirek\\\/modositani-szukseges-a-vendegmunkasokra-vonatkozo-torvenyt\\\/#organizationLogo\"},\"sameAs\":[\"https:\\\/\\\/www.facebook.com\\\/allasorias\",\"https:\\\/\\\/www.linkedin.com\\\/company\\\/allasorias\"]},{\"@type\":\"Person\",\"@id\":\"https:\\\/\\\/allasorias.hu\\\/hirek\\\/author\\\/admin-allasorias\\\/#author\",\"url\":\"https:\\\/\\\/allasorias.hu\\\/hirek\\\/author\\\/admin-allasorias\\\/\",\"name\":\"Juh\\u00e1sz P\\u00e9ter\",\"image\":{\"@type\":\"ImageObject\",\"@id\":\"https:\\\/\\\/allasorias.hu\\\/hirek\\\/modositani-szukseges-a-vendegmunkasokra-vonatkozo-torvenyt\\\/#authorImage\",\"url\":\"https:\\\/\\\/secure.gravatar.com\\\/avatar\\\/36e6bcb83148978b992977cb0f54d22feb0cce8a0a849a9410532bb2623ba4c6?s=96&d=mm&r=g\",\"width\":96,\"height\":96,\"caption\":\"Juh\\u00e1sz P\\u00e9ter\"}},{\"@type\":\"WebPage\",\"@id\":\"https:\\\/\\\/allasorias.hu\\\/hirek\\\/modositani-szukseges-a-vendegmunkasokra-vonatkozo-torvenyt\\\/#webpage\",\"url\":\"https:\\\/\\\/allasorias.hu\\\/hirek\\\/modositani-szukseges-a-vendegmunkasokra-vonatkozo-torvenyt\\\/\",\"name\":\"Vend\\u00e9gmunk\\u00e1sokra vonatkoz\\u00f3 t\\u00f6rv\\u00e9ny m\\u00f3dos\\u00edt\\u00e1sa sz\\u00fcks\\u00e9ges?\",\"description\":\"Jelent\\u0151sen emelkedett idehaza t\\u00f6bbek k\\u00f6z\\u00f6tt a F\\u00fcl\\u00f6p-szigetekr\\u0151l \\u00e9rkez\\u0151 munkav\\u00e1llal\\u00f3k sz\\u00e1ma. Jelenleg t\\u00f6bb mint \\u00f6tezren vannak, de tov\\u00e1bbi emelked\\u00e9s v\\u00e1rhat\\u00f3.\",\"inLanguage\":\"hu-HU\",\"isPartOf\":{\"@id\":\"https:\\\/\\\/allasorias.hu\\\/hirek\\\/#website\"},\"breadcrumb\":{\"@id\":\"https:\\\/\\\/allasorias.hu\\\/hirek\\\/modositani-szukseges-a-vendegmunkasokra-vonatkozo-torvenyt\\\/#breadcrumblist\"},\"author\":{\"@id\":\"https:\\\/\\\/allasorias.hu\\\/hirek\\\/author\\\/admin-allasorias\\\/#author\"},\"creator\":{\"@id\":\"https:\\\/\\\/allasorias.hu\\\/hirek\\\/author\\\/admin-allasorias\\\/#author\"},\"image\":{\"@type\":\"ImageObject\",\"url\":\"https:\\\/\\\/allasorias.hu\\\/hirek\\\/wp-content\\\/uploads\\\/2023\\\/06\\\/fulop-szigeteki-vendegmunkasok.jpg\",\"@id\":\"https:\\\/\\\/allasorias.hu\\\/hirek\\\/modositani-szukseges-a-vendegmunkasokra-vonatkozo-torvenyt\\\/#mainImage\",\"width\":1280,\"height\":712,\"caption\":\"M\\u00f3dos\\u00edtani sz\\u00fcks\\u00e9ges a vend\\u00e9gmunk\\u00e1sokra vonatkoz\\u00f3 t\\u00f6rv\\u00e9nyt? - Allasorias.hu\\\/Hirek\"},\"primaryImageOfPage\":{\"@id\":\"https:\\\/\\\/allasorias.hu\\\/hirek\\\/modositani-szukseges-a-vendegmunkasokra-vonatkozo-torvenyt\\\/#mainImage\"},\"datePublished\":\"2023-06-05T09:33:07+02:00\",\"dateModified\":\"2025-05-09T16:02:50+02:00\"},{\"@type\":\"WebSite\",\"@id\":\"https:\\\/\\\/allasorias.hu\\\/hirek\\\/#website\",\"url\":\"https:\\\/\\\/allasorias.hu\\\/hirek\\\/\",\"name\":\"AllasOrias.hu | H\\u00edrek-lapszemle\",\"description\":\"\\u00dczleti h\\u00edrek az \\u00e1ll\\u00e1s \\u00e9s a munka vil\\u00e1g\\u00e1b\\u00f3l\",\"inLanguage\":\"hu-HU\",\"publisher\":{\"@id\":\"https:\\\/\\\/allasorias.hu\\\/hirek\\\/#organization\"}}]}\n\t\t<\/script>\n\t\t<!-- All in One SEO -->\n\n","aioseo_head_json":{"title":"Vend\u00e9gmunk\u00e1sokra vonatkoz\u00f3 t\u00f6rv\u00e9ny m\u00f3dos\u00edt\u00e1sa sz\u00fcks\u00e9ges?","description":"Jelent\u0151sen emelkedett idehaza t\u00f6bbek k\u00f6z\u00f6tt a F\u00fcl\u00f6p-szigetekr\u0151l \u00e9rkez\u0151 munkav\u00e1llal\u00f3k sz\u00e1ma. Jelenleg t\u00f6bb mint \u00f6tezren vannak, de tov\u00e1bbi emelked\u00e9s v\u00e1rhat\u00f3.","canonical_url":"https:\/\/allasorias.hu\/hirek\/modositani-szukseges-a-vendegmunkasokra-vonatkozo-torvenyt\/","robots":"max-image-preview:large","keywords":"f\u00fcl\u00f6p-szigetek,vend\u00e9gmunk\u00e1sok","webmasterTools":{"miscellaneous":""},"schema":{"@context":"https:\/\/schema.org","@graph":[{"@type":"Article","@id":"https:\/\/allasorias.hu\/hirek\/modositani-szukseges-a-vendegmunkasokra-vonatkozo-torvenyt\/#article","name":"Vend\u00e9gmunk\u00e1sokra vonatkoz\u00f3 t\u00f6rv\u00e9ny m\u00f3dos\u00edt\u00e1sa sz\u00fcks\u00e9ges?","headline":"M\u00f3dos\u00edtani sz\u00fcks\u00e9ges a vend\u00e9gmunk\u00e1sokra vonatkoz\u00f3 t\u00f6rv\u00e9nyt?","author":{"@id":"https:\/\/allasorias.hu\/hirek\/author\/admin-allasorias\/#author"},"publisher":{"@id":"https:\/\/allasorias.hu\/hirek\/#organization"},"image":{"@type":"ImageObject","url":"https:\/\/allasorias.hu\/hirek\/wp-content\/uploads\/2023\/06\/fulop-szigeteki-vendegmunkasok.jpg","width":1280,"height":712,"caption":"M\u00f3dos\u00edtani sz\u00fcks\u00e9ges a vend\u00e9gmunk\u00e1sokra vonatkoz\u00f3 t\u00f6rv\u00e9nyt? - Allasorias.hu\/Hirek"},"datePublished":"2023-06-05T09:33:07+02:00","dateModified":"2025-05-09T16:02:50+02:00","inLanguage":"hu-HU","mainEntityOfPage":{"@id":"https:\/\/allasorias.hu\/hirek\/modositani-szukseges-a-vendegmunkasokra-vonatkozo-torvenyt\/#webpage"},"isPartOf":{"@id":"https:\/\/allasorias.hu\/hirek\/modositani-szukseges-a-vendegmunkasokra-vonatkozo-torvenyt\/#webpage"},"articleSection":"Munkaer\u0151piac, F\u00fcl\u00f6p-szigetek, vend\u00e9gmunk\u00e1sok"},{"@type":"BreadcrumbList","@id":"https:\/\/allasorias.hu\/hirek\/modositani-szukseges-a-vendegmunkasokra-vonatkozo-torvenyt\/#breadcrumblist","itemListElement":[{"@type":"ListItem","@id":"https:\/\/allasorias.hu\/hirek#listItem","position":1,"name":"Home","item":"https:\/\/allasorias.hu\/hirek","nextItem":{"@type":"ListItem","@id":"https:\/\/allasorias.hu\/hirek\/temak\/munkaeropiac\/#listItem","name":"Munkaer\u0151piac"}},{"@type":"ListItem","@id":"https:\/\/allasorias.hu\/hirek\/temak\/munkaeropiac\/#listItem","position":2,"name":"Munkaer\u0151piac","item":"https:\/\/allasorias.hu\/hirek\/temak\/munkaeropiac\/","nextItem":{"@type":"ListItem","@id":"https:\/\/allasorias.hu\/hirek\/modositani-szukseges-a-vendegmunkasokra-vonatkozo-torvenyt\/#listItem","name":"M\u00f3dos\u00edtani sz\u00fcks\u00e9ges a vend\u00e9gmunk\u00e1sokra vonatkoz\u00f3 t\u00f6rv\u00e9nyt?"},"previousItem":{"@type":"ListItem","@id":"https:\/\/allasorias.hu\/hirek#listItem","name":"Home"}},{"@type":"ListItem","@id":"https:\/\/allasorias.hu\/hirek\/modositani-szukseges-a-vendegmunkasokra-vonatkozo-torvenyt\/#listItem","position":3,"name":"M\u00f3dos\u00edtani sz\u00fcks\u00e9ges a vend\u00e9gmunk\u00e1sokra vonatkoz\u00f3 t\u00f6rv\u00e9nyt?","previousItem":{"@type":"ListItem","@id":"https:\/\/allasorias.hu\/hirek\/temak\/munkaeropiac\/#listItem","name":"Munkaer\u0151piac"}}]},{"@type":"Organization","@id":"https:\/\/allasorias.hu\/hirek\/#organization","name":"AllasOrias.hu | H\u00edrek-lapszemle","description":"\u00dczleti h\u00edrek az \u00e1ll\u00e1s \u00e9s a munka vil\u00e1g\u00e1b\u00f3l","url":"https:\/\/allasorias.hu\/hirek\/","logo":{"@type":"ImageObject","url":"https:\/\/allasorias.hu\/hirek\/wp-content\/uploads\/2022\/10\/allasorias_site_facebok_logo.png","@id":"https:\/\/allasorias.hu\/hirek\/modositani-szukseges-a-vendegmunkasokra-vonatkozo-torvenyt\/#organizationLogo"},"image":{"@id":"https:\/\/allasorias.hu\/hirek\/modositani-szukseges-a-vendegmunkasokra-vonatkozo-torvenyt\/#organizationLogo"},"sameAs":["https:\/\/www.facebook.com\/allasorias","https:\/\/www.linkedin.com\/company\/allasorias"]},{"@type":"Person","@id":"https:\/\/allasorias.hu\/hirek\/author\/admin-allasorias\/#author","url":"https:\/\/allasorias.hu\/hirek\/author\/admin-allasorias\/","name":"Juh\u00e1sz P\u00e9ter","image":{"@type":"ImageObject","@id":"https:\/\/allasorias.hu\/hirek\/modositani-szukseges-a-vendegmunkasokra-vonatkozo-torvenyt\/#authorImage","url":"https:\/\/secure.gravatar.com\/avatar\/36e6bcb83148978b992977cb0f54d22feb0cce8a0a849a9410532bb2623ba4c6?s=96&d=mm&r=g","width":96,"height":96,"caption":"Juh\u00e1sz P\u00e9ter"}},{"@type":"WebPage","@id":"https:\/\/allasorias.hu\/hirek\/modositani-szukseges-a-vendegmunkasokra-vonatkozo-torvenyt\/#webpage","url":"https:\/\/allasorias.hu\/hirek\/modositani-szukseges-a-vendegmunkasokra-vonatkozo-torvenyt\/","name":"Vend\u00e9gmunk\u00e1sokra vonatkoz\u00f3 t\u00f6rv\u00e9ny m\u00f3dos\u00edt\u00e1sa sz\u00fcks\u00e9ges?","description":"Jelent\u0151sen emelkedett idehaza t\u00f6bbek k\u00f6z\u00f6tt a F\u00fcl\u00f6p-szigetekr\u0151l \u00e9rkez\u0151 munkav\u00e1llal\u00f3k sz\u00e1ma. Jelenleg t\u00f6bb mint \u00f6tezren vannak, de tov\u00e1bbi emelked\u00e9s v\u00e1rhat\u00f3.","inLanguage":"hu-HU","isPartOf":{"@id":"https:\/\/allasorias.hu\/hirek\/#website"},"breadcrumb":{"@id":"https:\/\/allasorias.hu\/hirek\/modositani-szukseges-a-vendegmunkasokra-vonatkozo-torvenyt\/#breadcrumblist"},"author":{"@id":"https:\/\/allasorias.hu\/hirek\/author\/admin-allasorias\/#author"},"creator":{"@id":"https:\/\/allasorias.hu\/hirek\/author\/admin-allasorias\/#author"},"image":{"@type":"ImageObject","url":"https:\/\/allasorias.hu\/hirek\/wp-content\/uploads\/2023\/06\/fulop-szigeteki-vendegmunkasok.jpg","@id":"https:\/\/allasorias.hu\/hirek\/modositani-szukseges-a-vendegmunkasokra-vonatkozo-torvenyt\/#mainImage","width":1280,"height":712,"caption":"M\u00f3dos\u00edtani sz\u00fcks\u00e9ges a vend\u00e9gmunk\u00e1sokra vonatkoz\u00f3 t\u00f6rv\u00e9nyt? - Allasorias.hu\/Hirek"},"primaryImageOfPage":{"@id":"https:\/\/allasorias.hu\/hirek\/modositani-szukseges-a-vendegmunkasokra-vonatkozo-torvenyt\/#mainImage"},"datePublished":"2023-06-05T09:33:07+02:00","dateModified":"2025-05-09T16:02:50+02:00"},{"@type":"WebSite","@id":"https:\/\/allasorias.hu\/hirek\/#website","url":"https:\/\/allasorias.hu\/hirek\/","name":"AllasOrias.hu | H\u00edrek-lapszemle","description":"\u00dczleti h\u00edrek az \u00e1ll\u00e1s \u00e9s a munka vil\u00e1g\u00e1b\u00f3l","inLanguage":"hu-HU","publisher":{"@id":"https:\/\/allasorias.hu\/hirek\/#organization"}}]},"og:locale":"hu_HU","og:site_name":"AllasOrias.hu | H\u00edrek-lapszemle | \u00dczleti h\u00edrek az \u00e1ll\u00e1s \u00e9s a munka vil\u00e1g\u00e1b\u00f3l","og:type":"article","og:title":"Vend\u00e9gmunk\u00e1sokra vonatkoz\u00f3 t\u00f6rv\u00e9ny m\u00f3dos\u00edt\u00e1sa sz\u00fcks\u00e9ges?","og:description":"Jelent\u0151sen emelkedett idehaza t\u00f6bbek k\u00f6z\u00f6tt a F\u00fcl\u00f6p-szigetekr\u0151l \u00e9rkez\u0151 munkav\u00e1llal\u00f3k sz\u00e1ma. Jelenleg t\u00f6bb mint \u00f6tezren vannak, de tov\u00e1bbi emelked\u00e9s v\u00e1rhat\u00f3.","og:url":"https:\/\/allasorias.hu\/hirek\/modositani-szukseges-a-vendegmunkasokra-vonatkozo-torvenyt\/","og:image":"https:\/\/allasorias.hu\/hirek\/wp-content\/uploads\/2023\/06\/fulop-szigeteki-vendegmunkasok.jpg","og:image:secure_url":"https:\/\/allasorias.hu\/hirek\/wp-content\/uploads\/2023\/06\/fulop-szigeteki-vendegmunkasok.jpg","og:image:width":1280,"og:image:height":712,"article:published_time":"2023-06-05T09:33:07+00:00","article:modified_time":"2025-05-09T14:02:50+00:00","article:publisher":"https:\/\/www.facebook.com\/allasorias","twitter:card":"summary_large_image","twitter:title":"Vend\u00e9gmunk\u00e1sokra vonatkoz\u00f3 t\u00f6rv\u00e9ny m\u00f3dos\u00edt\u00e1sa sz\u00fcks\u00e9ges?","twitter:description":"Jelent\u0151sen emelkedett idehaza t\u00f6bbek k\u00f6z\u00f6tt a F\u00fcl\u00f6p-szigetekr\u0151l \u00e9rkez\u0151 munkav\u00e1llal\u00f3k sz\u00e1ma. Jelenleg t\u00f6bb mint \u00f6tezren vannak, de tov\u00e1bbi emelked\u00e9s v\u00e1rhat\u00f3.","twitter:image":"https:\/\/allasorias.hu\/hirek\/wp-content\/uploads\/2023\/06\/fulop-szigeteki-vendegmunkasok.jpg","twitter:label1":"Written by","twitter:data1":"Juh\u00e1sz P\u00e9ter","twitter:label2":"Est. reading time","twitter:data2":"3 minutes"},"aioseo_meta_data":{"post_id":"6527","title":"Vend\u00e9gmunk\u00e1sokra vonatkoz\u00f3 t\u00f6rv\u00e9ny m\u00f3dos\u00edt\u00e1sa sz\u00fcks\u00e9ges?","description":"Jelent\u0151sen emelkedett idehaza t\u00f6bbek k\u00f6z\u00f6tt a F\u00fcl\u00f6p-szigetekr\u0151l \u00e9rkez\u0151 munkav\u00e1llal\u00f3k sz\u00e1ma. Jelenleg t\u00f6bb mint \u00f6tezren vannak, de tov\u00e1bbi emelked\u00e9s v\u00e1rhat\u00f3.","keywords":null,"keyphrases":{"focus":{"keyphrase":"","score":0,"analysis":{"keyphraseInTitle":{"score":0,"maxScore":9,"error":1}}},"additional":[]},"primary_term":null,"canonical_url":null,"og_title":null,"og_description":null,"og_object_type":"default","og_image_type":"default","og_image_url":null,"og_image_width":null,"og_image_height":null,"og_image_custom_url":null,"og_image_custom_fields":null,"og_video":"","og_custom_url":null,"og_article_section":null,"og_article_tags":null,"twitter_use_og":true,"twitter_card":"default","twitter_image_type":"default","twitter_image_url":null,"twitter_image_custom_url":null,"twitter_image_custom_fields":null,"twitter_title":null,"twitter_description":null,"schema":{"blockGraphs":[],"customGraphs":[],"default":{"data":{"Article":[],"Course":[],"Dataset":[],"FAQPage":[],"Movie":[],"Person":[],"Product":[],"ProductReview":[],"Car":[],"Recipe":[],"Service":[],"SoftwareApplication":[],"WebPage":[]},"graphName":"Article","isEnabled":true},"graphs":[]},"schema_type":"default","schema_type_options":null,"pillar_content":false,"robots_default":true,"robots_noindex":false,"robots_noarchive":false,"robots_nosnippet":false,"robots_nofollow":false,"robots_noimageindex":false,"robots_noodp":false,"robots_notranslate":false,"robots_max_snippet":"-1","robots_max_videopreview":"-1","robots_max_imagepreview":"large","priority":null,"frequency":"default","location":null,"local_seo":null,"breadcrumb_settings":null,"limit_modified_date":false,"ai":null,"created":"2023-06-06 09:16:39","updated":"2025-10-02 18:35:33","seo_analyzer_scan_date":null,"focus_keyword":null,"additional_keywords":null,"truseo_locale":null},"aioseo_breadcrumb":"<div class=\"aioseo-breadcrumbs\"><span class=\"aioseo-breadcrumb\">\n\t\t\t<a href=\"https:\/\/allasorias.hu\/hirek\" title=\"Home\">Home<\/a>\n\t\t<\/span><span class=\"aioseo-breadcrumb-separator\">&raquo;<\/span><span class=\"aioseo-breadcrumb\">\n\t\t\t<a href=\"https:\/\/allasorias.hu\/hirek\/temak\/munkaeropiac\/\" title=\"Munkaer\u0151piac\">Munkaer\u0151piac<\/a>\n\t\t<\/span><span class=\"aioseo-breadcrumb-separator\">&raquo;<\/span><span class=\"aioseo-breadcrumb\">\n\t\t\tM\u00f3dos\u00edtani sz\u00fcks\u00e9ges a vend\u00e9gmunk\u00e1sokra vonatkoz\u00f3 t\u00f6rv\u00e9nyt?\n\t\t<\/span><\/div>","aioseo_breadcrumb_json":[{"label":"Home","link":"https:\/\/allasorias.hu\/hirek"},{"label":"Munkaer\u0151piac","link":"https:\/\/allasorias.hu\/hirek\/temak\/munkaeropiac\/"},{"label":"M\u00f3dos\u00edtani sz\u00fcks\u00e9ges a vend\u00e9gmunk\u00e1sokra vonatkoz\u00f3 t\u00f6rv\u00e9nyt?","link":"https:\/\/allasorias.hu\/hirek\/modositani-szukseges-a-vendegmunkasokra-vonatkozo-torvenyt\/"}],"_links":{"self":[{"href":"https:\/\/allasorias.hu\/hirek\/wp-json\/wp\/v2\/posts\/6527","targetHints":{"allow":["GET"]}}],"collection":[{"href":"https:\/\/allasorias.hu\/hirek\/wp-json\/wp\/v2\/posts"}],"about":[{"href":"https:\/\/allasorias.hu\/hirek\/wp-json\/wp\/v2\/types\/post"}],"author":[{"embeddable":true,"href":"https:\/\/allasorias.hu\/hirek\/wp-json\/wp\/v2\/users\/1"}],"replies":[{"embeddable":true,"href":"https:\/\/allasorias.hu\/hirek\/wp-json\/wp\/v2\/comments?post=6527"}],"version-history":[{"count":1,"href":"https:\/\/allasorias.hu\/hirek\/wp-json\/wp\/v2\/posts\/6527\/revisions"}],"predecessor-version":[{"id":6529,"href":"https:\/\/allasorias.hu\/hirek\/wp-json\/wp\/v2\/posts\/6527\/revisions\/6529"}],"wp:featuredmedia":[{"embeddable":true,"href":"https:\/\/allasorias.hu\/hirek\/wp-json\/wp\/v2\/media\/6528"}],"wp:attachment":[{"href":"https:\/\/allasorias.hu\/hirek\/wp-json\/wp\/v2\/media?parent=6527"}],"wp:term":[{"taxonomy":"category","embeddable":true,"href":"https:\/\/allasorias.hu\/hirek\/wp-json\/wp\/v2\/categories?post=6527"},{"taxonomy":"post_tag","embeddable":true,"href":"https:\/\/allasorias.hu\/hirek\/wp-json\/wp\/v2\/tags?post=6527"}],"curies":[{"name":"wp","href":"https:\/\/api.w.org\/{rel}","templated":true}]}}