{"id":6523,"date":"2023-06-02T08:44:39","date_gmt":"2023-06-02T08:44:39","guid":{"rendered":"https:\/\/allasorias.hu\/hirek\/?p=6523"},"modified":"2023-06-02T08:45:09","modified_gmt":"2023-06-02T08:45:09","slug":"ausztriaba-mennek-legtobben-dolgozni","status":"publish","type":"post","link":"https:\/\/allasorias.hu\/hirek\/ausztriaba-mennek-legtobben-dolgozni\/","title":{"rendered":"Ausztri\u00e1ba mennek legt\u00f6bben dolgozni"},"content":{"rendered":"<p><strong>\u00dagy t\u0171nik a hazai adatokb\u00f3l, hogy Ausztria a leggyakoribb c\u00e9lpont a kitelep\u00fcl\u00e9sre, munkakeres\u00e9sre. A britekhez kevesebben mentek ki, miut\u00e1n ott megszigor\u00edtott\u00e1k a bev\u00e1ndorl\u00e1s felt\u00e9teleit.<\/strong><\/p>\n<p>Ism\u00e9t egyre t\u00f6bb magyar v\u00e1ndorol ki k\u00fclf\u00f6ldre. A K\u00f6zponti Statisztikai Hivatal (KSH) friss adatai azt is megmutatj\u00e1k, mely orsz\u00e1gokba k\u00f6lt\u00f6znek legink\u00e1bb a honfit\u00e1rsaink. T\u00f6bb magyar hagyta el az orsz\u00e1got tavaly, mint egy \u00e9vvel kor\u00e1bban &#8211; der\u00fcl ki a KSH adataib\u00f3l. A statisztik\u00e1k szerint<strong> 2022-ben<\/strong> <strong>26 500 magyar \u00e1llampolg\u00e1r v\u00e1ndorolt<\/strong> k\u00fclf\u00f6ldre, am\u00edg <strong>21 900 t\u00e9rt haza<\/strong>. Ett\u0151l magasabb az egy adott \u00e9vben elv\u00e1ndoroltak sz\u00e1ma utolj\u00e1ra 2017-ben volt. R\u00e1ad\u00e1sul 2021-ben m\u00e9g t\u00f6bben j\u00f6ttek vissza, mint amennyien elmentek Magyarorsz\u00e1gr\u00f3l.<\/p>\n<h2>Ausztri\u00e1ba \u00e9s N\u00e9metorsz\u00e1gba mennek legt\u00f6bben, Angli\u00e1ba egyre kevesebben<\/h2>\n<p>A Portfolio megjegyzi, j\u00f3 h\u00edr, hogy a magyar \u00e1llampolg\u00e1rok nemzetk\u00f6zi v\u00e1ndorl\u00e1s\u00e1nak teljes egyenlege alig romlott. A 2021-es 9672-es t\u00f6bblet ut\u00e1n 9450 f\u0151 volt tavaly. Ez \u00fagy lehets\u00e9ges, hogy a kor\u00e1bbin\u00e1l l\u00e9nyegesen t\u00f6bb, <strong>14 ezer k\u00fclf\u00f6ld\u00f6n sz\u00fcletett magyar k\u00f6lt\u00f6z\u00f6tt Magyarorsz\u00e1gra<\/strong>. Ett\u0151l magasabb ez az \u00e9rt\u00e9k utolj\u00e1ra 2015-ben volt. A KSH adatai alapj\u00e1n a tavaly kiv\u00e1ndoroltak <strong>44 sz\u00e1zal\u00e9ka Ausztri\u00e1ba, 25 sz\u00e1zal\u00e9ka N\u00e9metorsz\u00e1gba, 5-5 sz\u00e1zal\u00e9kuk Hollandi\u00e1ba \u00e9s Sv\u00e1jcba, valamint a 4 sz\u00e1zal\u00e9ka az Egyes\u00fclt Kir\u00e1lys\u00e1gba k\u00f6lt\u00f6z\u00f6tt<\/strong>. A Hivatal jelent\u00e9s\u00e9ben r\u00e1mutat, am\u00edg a kor\u00e1bban igen n\u00e9pszer\u0171 Egyes\u00fclt Kir\u00e1lys\u00e1gba \u00e9vr\u0151l \u00e9vre kevesebb magyar v\u00e1ndorol (2020 febru\u00e1rj\u00e1t\u00f3l nem az Eur\u00f3pai Uni\u00f3 tagjai a britek, \u00e9s az\u00f3ta szigorodott a bev\u00e1ndorl\u00e1spolitik\u00e1juk is \u2013 a szerk.), a N\u00e9metorsz\u00e1gba k\u00f6lt\u00f6z\u0151k sz\u00e1ma enyh\u00e9n, az Ausztri\u00e1ban leteleped\u0151k\u00e9 pedig jelent\u0151sen n\u00f6vekedett \u00e9ves alapon.<\/p>\n<p>Burgenland Ausztria Magyarorsz\u00e1ggal hat\u00e1ros sz\u00f6vets\u00e9gi tartom\u00e1nya. Sz\u00e9khelye Kismarton, avagy n\u00e9met nev\u00e9n Eisenstadt. Az <a href=\"https:\/\/allasorias.hu\/hirek\/kedvezobb-elorejelzes-a-gazdasagban-az-osztrakoknal-mint-nalunk\/\">osztr\u00e1k gazdas\u00e1g<\/a>i miniszt\u00e9rium szeptemberi adatai szerint mintegy <strong>21 500 magyar dolgozik ezen az osztr\u00e1k ter\u00fcleten<\/strong>, nagyj\u00e1b\u00f3l 13 ezer f\u00e9rfi \u00e9s 8500 n\u0151. M\u00e1s nemzetis\u00e9gekhez viszony\u00edtva az osztr\u00e1k munkav\u00e1llal\u00f3k ut\u00e1n (a sz\u00e1muk 81 ezer f\u0151, vagyis minden negyedikre jut t\u00f6bb mint egy magyar) mi vagyunk a legt\u00f6bben. Ut\u00e1nunk a sorban a l\u00e9tsz\u00e1m alapj\u00e1n a rom\u00e1nok k\u00f6vetkeznek (2300 dolgoz\u00f3), azt\u00e1n a szlov\u00e1kok (2100 f\u0151) \u00e9s a n\u00e9metek (1200).A statisztik\u00e1k alapj\u00e1n a honfit\u00e1rsaink legink\u00e1bb a <strong>kiskereskedelemben (2500 f\u0151), az \u00e9p\u00edt\u0151iparban (2100 f\u0151), a gasztron\u00f3mi\u00e1ban (2000 f\u0151) \u00e9s a sz\u00e1llodaiparban (1700 f\u0151)<\/strong> dolgoznak.<\/p>\n<h2>Sokan elv\u00e1ndorolnak<\/h2>\n<p>A l\u00e9tsz\u00e1muk cs\u00f6kken\u00e9se nem v\u00e1rhat\u00f3 a szak\u00e9rt\u0151k szerint, legink\u00e1bb a k\u00e9t orsz\u00e1g k\u00f6z\u00f6tti hatalmas b\u00e9rk\u00fcl\u00f6nbs\u00e9gek miatt. Az osztr\u00e1k t\u00e1rsadalombiztos\u00edt\u00e1si adatb\u00e1zis alapj\u00e1n t\u00f6bb mint 114 ezer magyar dolgozott Ausztri\u00e1ban j\u00faliusban. T\u00edz \u00e9ve a sz\u00e1muk \u201ecsup\u00e1n\u201d 40 ezer volt. Nagyj\u00e1b\u00f3l 560 ezerre volt becs\u00fclhet\u0151 az elv\u00e1ndorolt honfit\u00e1rsaink sz\u00e1ma tavaly ny\u00e1ron. A kiv\u00e1ndorl\u00e1s a 2004-es uni\u00f3s csatlakoz\u00e1sunk ut\u00e1n ugrott meg, valamint a 2010-es \u00e9vek elej\u00e9n, a gazdas\u00e1gi v\u00e1ls\u00e1g alatt ism\u00e9t nagyra n\u0151tt. A legnagyobb sz\u00e1mban az Egyes\u00fclt Kir\u00e1lys\u00e1gba, N\u00e9metorsz\u00e1gba \u00e9s Ausztri\u00e1ba \u00e9lnek kiv\u00e1ndorolt magyarok: a szigetorsz\u00e1gban 160-200 ezren, a n\u00e9metekn\u00e9l 200 ezren lehetnek.<\/p>\n<p>Forr\u00e1s: <a href=\"https:\/\/haszon.hu\/megorizni\/makrogazdasag\/kivandorlas-magyarok-statisztika\" target=\"_blank\" rel=\"nofollow noopener noreferrer\">haszon.hu<\/a><\/p>\n","protected":false},"excerpt":{"rendered":"<p>\u00dagy t\u0171nik a hazai adatokb\u00f3l, hogy Ausztria a leggyakoribb c\u00e9lpont a kitelep\u00fcl\u00e9sre, munkakeres\u00e9sre. A britekhez kevesebben mentek ki, miut\u00e1n ott megszigor\u00edtott\u00e1k a bev\u00e1ndorl\u00e1s felt\u00e9teleit. Ism\u00e9t egyre t\u00f6bb magyar v\u00e1ndorol ki k\u00fclf\u00f6ldre. A K\u00f6zponti Statisztikai Hivatal (KSH) friss adatai azt is megmutatj\u00e1k, mely orsz\u00e1gokba k\u00f6lt\u00f6znek legink\u00e1bb a honfit\u00e1rsaink. T\u00f6bb magyar hagyta el az orsz\u00e1got tavaly, mint [&hellip;]<\/p>\n","protected":false},"author":1,"featured_media":6524,"comment_status":"open","ping_status":"open","sticky":false,"template":"","format":"standard","meta":{"_monsterinsights_skip_tracking":false,"footnotes":""},"categories":[201],"tags":[402,392,403],"class_list":["post-6523","post","type-post","status-publish","format-standard","has-post-thumbnail","hentry","category-kulfold","tag-ausztria","tag-kulfoldi-munkavegzes","tag-nemetorszag"],"aioseo_notices":[],"aioseo_head":"\n\t\t<!-- All in One SEO 5.0.0.1 - aioseo.com -->\n\t<meta name=\"description\" content=\"Ausztria a leggyakoribb c\u00e9lpont a kitelep\u00fcl\u00e9sre, munkakeres\u00e9sre. A britekhez kevesebben mentek ki, miut\u00e1n ott megszigor\u00edtott\u00e1k a bev\u00e1ndorl\u00e1s felt\u00e9teleit.\" \/>\n\t<meta name=\"robots\" content=\"max-image-preview:large\" \/>\n\t<meta name=\"author\" content=\"Juh\u00e1sz P\u00e9ter\"\/>\n\t<meta name=\"keywords\" content=\"ausztria,k\u00fclf\u00f6ldi munkav\u00e9gz\u00e9s,n\u00e9metorsz\u00e1g\" \/>\n\t<link rel=\"canonical\" href=\"https:\/\/allasorias.hu\/hirek\/ausztriaba-mennek-legtobben-dolgozni\/\" \/>\n\t<meta name=\"generator\" content=\"All in One SEO (AIOSEO) 5.0.0.1\" \/>\n\t\t<meta property=\"og:locale\" content=\"hu_HU\" \/>\n\t\t<meta property=\"og:site_name\" content=\"AllasOrias.hu | H\u00edrek-lapszemle | \u00dczleti h\u00edrek az \u00e1ll\u00e1s \u00e9s a munka vil\u00e1g\u00e1b\u00f3l\" \/>\n\t\t<meta property=\"og:type\" content=\"article\" \/>\n\t\t<meta property=\"og:title\" content=\"Ausztri\u00e1ba mennek legt\u00f6bben dolgozni | Allasorias.hu\" \/>\n\t\t<meta property=\"og:description\" content=\"Ausztria a leggyakoribb c\u00e9lpont a kitelep\u00fcl\u00e9sre, munkakeres\u00e9sre. A britekhez kevesebben mentek ki, miut\u00e1n ott megszigor\u00edtott\u00e1k a bev\u00e1ndorl\u00e1s felt\u00e9teleit.\" \/>\n\t\t<meta property=\"og:url\" content=\"https:\/\/allasorias.hu\/hirek\/ausztriaba-mennek-legtobben-dolgozni\/\" \/>\n\t\t<meta property=\"og:image\" content=\"https:\/\/allasorias.hu\/hirek\/wp-content\/uploads\/2023\/06\/ausztriai-munkavegzes.jpg\" \/>\n\t\t<meta property=\"og:image:secure_url\" content=\"https:\/\/allasorias.hu\/hirek\/wp-content\/uploads\/2023\/06\/ausztriai-munkavegzes.jpg\" \/>\n\t\t<meta property=\"og:image:width\" content=\"1280\" \/>\n\t\t<meta property=\"og:image:height\" content=\"699\" \/>\n\t\t<meta property=\"article:published_time\" content=\"2023-06-02T08:44:39+00:00\" \/>\n\t\t<meta property=\"article:modified_time\" content=\"2023-06-02T08:45:09+00:00\" \/>\n\t\t<meta property=\"article:publisher\" content=\"https:\/\/www.facebook.com\/allasorias\" \/>\n\t\t<meta name=\"twitter:card\" content=\"summary_large_image\" \/>\n\t\t<meta name=\"twitter:title\" content=\"Ausztri\u00e1ba mennek legt\u00f6bben dolgozni | Allasorias.hu\" \/>\n\t\t<meta name=\"twitter:description\" content=\"Ausztria a leggyakoribb c\u00e9lpont a kitelep\u00fcl\u00e9sre, munkakeres\u00e9sre. A britekhez kevesebben mentek ki, miut\u00e1n ott megszigor\u00edtott\u00e1k a bev\u00e1ndorl\u00e1s felt\u00e9teleit.\" \/>\n\t\t<meta name=\"twitter:image\" content=\"https:\/\/allasorias.hu\/hirek\/wp-content\/uploads\/2023\/06\/ausztriai-munkavegzes.jpg\" \/>\n\t\t<meta name=\"twitter:label1\" content=\"Written by\" \/>\n\t\t<meta name=\"twitter:data1\" content=\"Juh\u00e1sz P\u00e9ter\" \/>\n\t\t<meta name=\"twitter:label2\" content=\"Est. reading time\" \/>\n\t\t<meta name=\"twitter:data2\" content=\"3 minutes\" \/>\n\t\t<script type=\"application\/ld+json\" class=\"aioseo-schema\">\n\t\t\t{\"@context\":\"https:\\\/\\\/schema.org\",\"@graph\":[{\"@type\":\"Article\",\"@id\":\"https:\\\/\\\/allasorias.hu\\\/hirek\\\/ausztriaba-mennek-legtobben-dolgozni\\\/#article\",\"name\":\"Ausztri\\u00e1ba mennek legt\\u00f6bben dolgozni | Allasorias.hu\",\"headline\":\"Ausztri\\u00e1ba mennek legt\\u00f6bben dolgozni\",\"author\":{\"@id\":\"https:\\\/\\\/allasorias.hu\\\/hirek\\\/author\\\/admin-allasorias\\\/#author\"},\"publisher\":{\"@id\":\"https:\\\/\\\/allasorias.hu\\\/hirek\\\/#organization\"},\"image\":{\"@type\":\"ImageObject\",\"url\":\"https:\\\/\\\/allasorias.hu\\\/hirek\\\/wp-content\\\/uploads\\\/2023\\\/06\\\/ausztriai-munkavegzes.jpg\",\"width\":1280,\"height\":699,\"caption\":\"Ausztri\\u00e1ba mennek legt\\u00f6bben dolgozni  - Allasorias.hu\\\/Hirek\"},\"datePublished\":\"2023-06-02T08:44:39+02:00\",\"dateModified\":\"2023-06-02T08:45:09+02:00\",\"inLanguage\":\"hu-HU\",\"mainEntityOfPage\":{\"@id\":\"https:\\\/\\\/allasorias.hu\\\/hirek\\\/ausztriaba-mennek-legtobben-dolgozni\\\/#webpage\"},\"isPartOf\":{\"@id\":\"https:\\\/\\\/allasorias.hu\\\/hirek\\\/ausztriaba-mennek-legtobben-dolgozni\\\/#webpage\"},\"articleSection\":\"K\\u00fclf\\u00f6ld, Ausztria, k\\u00fclf\\u00f6ldi munkav\\u00e9gz\\u00e9s, N\\u00e9metorsz\\u00e1g\"},{\"@type\":\"BreadcrumbList\",\"@id\":\"https:\\\/\\\/allasorias.hu\\\/hirek\\\/ausztriaba-mennek-legtobben-dolgozni\\\/#breadcrumblist\",\"itemListElement\":[{\"@type\":\"ListItem\",\"@id\":\"https:\\\/\\\/allasorias.hu\\\/hirek#listItem\",\"position\":1,\"name\":\"Home\",\"item\":\"https:\\\/\\\/allasorias.hu\\\/hirek\",\"nextItem\":{\"@type\":\"ListItem\",\"@id\":\"https:\\\/\\\/allasorias.hu\\\/hirek\\\/temak\\\/kulfold\\\/#listItem\",\"name\":\"K\\u00fclf\\u00f6ld\"}},{\"@type\":\"ListItem\",\"@id\":\"https:\\\/\\\/allasorias.hu\\\/hirek\\\/temak\\\/kulfold\\\/#listItem\",\"position\":2,\"name\":\"K\\u00fclf\\u00f6ld\",\"item\":\"https:\\\/\\\/allasorias.hu\\\/hirek\\\/temak\\\/kulfold\\\/\",\"nextItem\":{\"@type\":\"ListItem\",\"@id\":\"https:\\\/\\\/allasorias.hu\\\/hirek\\\/ausztriaba-mennek-legtobben-dolgozni\\\/#listItem\",\"name\":\"Ausztri\\u00e1ba mennek legt\\u00f6bben dolgozni\"},\"previousItem\":{\"@type\":\"ListItem\",\"@id\":\"https:\\\/\\\/allasorias.hu\\\/hirek#listItem\",\"name\":\"Home\"}},{\"@type\":\"ListItem\",\"@id\":\"https:\\\/\\\/allasorias.hu\\\/hirek\\\/ausztriaba-mennek-legtobben-dolgozni\\\/#listItem\",\"position\":3,\"name\":\"Ausztri\\u00e1ba mennek legt\\u00f6bben dolgozni\",\"previousItem\":{\"@type\":\"ListItem\",\"@id\":\"https:\\\/\\\/allasorias.hu\\\/hirek\\\/temak\\\/kulfold\\\/#listItem\",\"name\":\"K\\u00fclf\\u00f6ld\"}}]},{\"@type\":\"Organization\",\"@id\":\"https:\\\/\\\/allasorias.hu\\\/hirek\\\/#organization\",\"name\":\"AllasOrias.hu | H\\u00edrek-lapszemle\",\"description\":\"\\u00dczleti h\\u00edrek az \\u00e1ll\\u00e1s \\u00e9s a munka vil\\u00e1g\\u00e1b\\u00f3l\",\"url\":\"https:\\\/\\\/allasorias.hu\\\/hirek\\\/\",\"logo\":{\"@type\":\"ImageObject\",\"url\":\"https:\\\/\\\/allasorias.hu\\\/hirek\\\/wp-content\\\/uploads\\\/2022\\\/10\\\/allasorias_site_facebok_logo.png\",\"@id\":\"https:\\\/\\\/allasorias.hu\\\/hirek\\\/ausztriaba-mennek-legtobben-dolgozni\\\/#organizationLogo\"},\"image\":{\"@id\":\"https:\\\/\\\/allasorias.hu\\\/hirek\\\/ausztriaba-mennek-legtobben-dolgozni\\\/#organizationLogo\"},\"sameAs\":[\"https:\\\/\\\/www.facebook.com\\\/allasorias\",\"https:\\\/\\\/www.linkedin.com\\\/company\\\/allasorias\"]},{\"@type\":\"Person\",\"@id\":\"https:\\\/\\\/allasorias.hu\\\/hirek\\\/author\\\/admin-allasorias\\\/#author\",\"url\":\"https:\\\/\\\/allasorias.hu\\\/hirek\\\/author\\\/admin-allasorias\\\/\",\"name\":\"Juh\\u00e1sz P\\u00e9ter\",\"image\":{\"@type\":\"ImageObject\",\"@id\":\"https:\\\/\\\/allasorias.hu\\\/hirek\\\/ausztriaba-mennek-legtobben-dolgozni\\\/#authorImage\",\"url\":\"https:\\\/\\\/secure.gravatar.com\\\/avatar\\\/36e6bcb83148978b992977cb0f54d22feb0cce8a0a849a9410532bb2623ba4c6?s=96&d=mm&r=g\",\"width\":96,\"height\":96,\"caption\":\"Juh\\u00e1sz P\\u00e9ter\"}},{\"@type\":\"WebPage\",\"@id\":\"https:\\\/\\\/allasorias.hu\\\/hirek\\\/ausztriaba-mennek-legtobben-dolgozni\\\/#webpage\",\"url\":\"https:\\\/\\\/allasorias.hu\\\/hirek\\\/ausztriaba-mennek-legtobben-dolgozni\\\/\",\"name\":\"Ausztri\\u00e1ba mennek legt\\u00f6bben dolgozni | Allasorias.hu\",\"description\":\"Ausztria a leggyakoribb c\\u00e9lpont a kitelep\\u00fcl\\u00e9sre, munkakeres\\u00e9sre. A britekhez kevesebben mentek ki, miut\\u00e1n ott megszigor\\u00edtott\\u00e1k a bev\\u00e1ndorl\\u00e1s felt\\u00e9teleit.\",\"inLanguage\":\"hu-HU\",\"isPartOf\":{\"@id\":\"https:\\\/\\\/allasorias.hu\\\/hirek\\\/#website\"},\"breadcrumb\":{\"@id\":\"https:\\\/\\\/allasorias.hu\\\/hirek\\\/ausztriaba-mennek-legtobben-dolgozni\\\/#breadcrumblist\"},\"author\":{\"@id\":\"https:\\\/\\\/allasorias.hu\\\/hirek\\\/author\\\/admin-allasorias\\\/#author\"},\"creator\":{\"@id\":\"https:\\\/\\\/allasorias.hu\\\/hirek\\\/author\\\/admin-allasorias\\\/#author\"},\"image\":{\"@type\":\"ImageObject\",\"url\":\"https:\\\/\\\/allasorias.hu\\\/hirek\\\/wp-content\\\/uploads\\\/2023\\\/06\\\/ausztriai-munkavegzes.jpg\",\"@id\":\"https:\\\/\\\/allasorias.hu\\\/hirek\\\/ausztriaba-mennek-legtobben-dolgozni\\\/#mainImage\",\"width\":1280,\"height\":699,\"caption\":\"Ausztri\\u00e1ba mennek legt\\u00f6bben dolgozni  - Allasorias.hu\\\/Hirek\"},\"primaryImageOfPage\":{\"@id\":\"https:\\\/\\\/allasorias.hu\\\/hirek\\\/ausztriaba-mennek-legtobben-dolgozni\\\/#mainImage\"},\"datePublished\":\"2023-06-02T08:44:39+02:00\",\"dateModified\":\"2023-06-02T08:45:09+02:00\"},{\"@type\":\"WebSite\",\"@id\":\"https:\\\/\\\/allasorias.hu\\\/hirek\\\/#website\",\"url\":\"https:\\\/\\\/allasorias.hu\\\/hirek\\\/\",\"name\":\"AllasOrias.hu | H\\u00edrek-lapszemle\",\"description\":\"\\u00dczleti h\\u00edrek az \\u00e1ll\\u00e1s \\u00e9s a munka vil\\u00e1g\\u00e1b\\u00f3l\",\"inLanguage\":\"hu-HU\",\"publisher\":{\"@id\":\"https:\\\/\\\/allasorias.hu\\\/hirek\\\/#organization\"}}]}\n\t\t<\/script>\n\t\t<!-- All in One SEO -->\n\n","aioseo_head_json":{"title":"Ausztri\u00e1ba mennek legt\u00f6bben dolgozni | Allasorias.hu","description":"Ausztria a leggyakoribb c\u00e9lpont a kitelep\u00fcl\u00e9sre, munkakeres\u00e9sre. A britekhez kevesebben mentek ki, miut\u00e1n ott megszigor\u00edtott\u00e1k a bev\u00e1ndorl\u00e1s felt\u00e9teleit.","canonical_url":"https:\/\/allasorias.hu\/hirek\/ausztriaba-mennek-legtobben-dolgozni\/","robots":"max-image-preview:large","keywords":"ausztria,k\u00fclf\u00f6ldi munkav\u00e9gz\u00e9s,n\u00e9metorsz\u00e1g","webmasterTools":{"miscellaneous":""},"schema":{"@context":"https:\/\/schema.org","@graph":[{"@type":"Article","@id":"https:\/\/allasorias.hu\/hirek\/ausztriaba-mennek-legtobben-dolgozni\/#article","name":"Ausztri\u00e1ba mennek legt\u00f6bben dolgozni | Allasorias.hu","headline":"Ausztri\u00e1ba mennek legt\u00f6bben dolgozni","author":{"@id":"https:\/\/allasorias.hu\/hirek\/author\/admin-allasorias\/#author"},"publisher":{"@id":"https:\/\/allasorias.hu\/hirek\/#organization"},"image":{"@type":"ImageObject","url":"https:\/\/allasorias.hu\/hirek\/wp-content\/uploads\/2023\/06\/ausztriai-munkavegzes.jpg","width":1280,"height":699,"caption":"Ausztri\u00e1ba mennek legt\u00f6bben dolgozni  - Allasorias.hu\/Hirek"},"datePublished":"2023-06-02T08:44:39+02:00","dateModified":"2023-06-02T08:45:09+02:00","inLanguage":"hu-HU","mainEntityOfPage":{"@id":"https:\/\/allasorias.hu\/hirek\/ausztriaba-mennek-legtobben-dolgozni\/#webpage"},"isPartOf":{"@id":"https:\/\/allasorias.hu\/hirek\/ausztriaba-mennek-legtobben-dolgozni\/#webpage"},"articleSection":"K\u00fclf\u00f6ld, Ausztria, k\u00fclf\u00f6ldi munkav\u00e9gz\u00e9s, N\u00e9metorsz\u00e1g"},{"@type":"BreadcrumbList","@id":"https:\/\/allasorias.hu\/hirek\/ausztriaba-mennek-legtobben-dolgozni\/#breadcrumblist","itemListElement":[{"@type":"ListItem","@id":"https:\/\/allasorias.hu\/hirek#listItem","position":1,"name":"Home","item":"https:\/\/allasorias.hu\/hirek","nextItem":{"@type":"ListItem","@id":"https:\/\/allasorias.hu\/hirek\/temak\/kulfold\/#listItem","name":"K\u00fclf\u00f6ld"}},{"@type":"ListItem","@id":"https:\/\/allasorias.hu\/hirek\/temak\/kulfold\/#listItem","position":2,"name":"K\u00fclf\u00f6ld","item":"https:\/\/allasorias.hu\/hirek\/temak\/kulfold\/","nextItem":{"@type":"ListItem","@id":"https:\/\/allasorias.hu\/hirek\/ausztriaba-mennek-legtobben-dolgozni\/#listItem","name":"Ausztri\u00e1ba mennek legt\u00f6bben dolgozni"},"previousItem":{"@type":"ListItem","@id":"https:\/\/allasorias.hu\/hirek#listItem","name":"Home"}},{"@type":"ListItem","@id":"https:\/\/allasorias.hu\/hirek\/ausztriaba-mennek-legtobben-dolgozni\/#listItem","position":3,"name":"Ausztri\u00e1ba mennek legt\u00f6bben dolgozni","previousItem":{"@type":"ListItem","@id":"https:\/\/allasorias.hu\/hirek\/temak\/kulfold\/#listItem","name":"K\u00fclf\u00f6ld"}}]},{"@type":"Organization","@id":"https:\/\/allasorias.hu\/hirek\/#organization","name":"AllasOrias.hu | H\u00edrek-lapszemle","description":"\u00dczleti h\u00edrek az \u00e1ll\u00e1s \u00e9s a munka vil\u00e1g\u00e1b\u00f3l","url":"https:\/\/allasorias.hu\/hirek\/","logo":{"@type":"ImageObject","url":"https:\/\/allasorias.hu\/hirek\/wp-content\/uploads\/2022\/10\/allasorias_site_facebok_logo.png","@id":"https:\/\/allasorias.hu\/hirek\/ausztriaba-mennek-legtobben-dolgozni\/#organizationLogo"},"image":{"@id":"https:\/\/allasorias.hu\/hirek\/ausztriaba-mennek-legtobben-dolgozni\/#organizationLogo"},"sameAs":["https:\/\/www.facebook.com\/allasorias","https:\/\/www.linkedin.com\/company\/allasorias"]},{"@type":"Person","@id":"https:\/\/allasorias.hu\/hirek\/author\/admin-allasorias\/#author","url":"https:\/\/allasorias.hu\/hirek\/author\/admin-allasorias\/","name":"Juh\u00e1sz P\u00e9ter","image":{"@type":"ImageObject","@id":"https:\/\/allasorias.hu\/hirek\/ausztriaba-mennek-legtobben-dolgozni\/#authorImage","url":"https:\/\/secure.gravatar.com\/avatar\/36e6bcb83148978b992977cb0f54d22feb0cce8a0a849a9410532bb2623ba4c6?s=96&d=mm&r=g","width":96,"height":96,"caption":"Juh\u00e1sz P\u00e9ter"}},{"@type":"WebPage","@id":"https:\/\/allasorias.hu\/hirek\/ausztriaba-mennek-legtobben-dolgozni\/#webpage","url":"https:\/\/allasorias.hu\/hirek\/ausztriaba-mennek-legtobben-dolgozni\/","name":"Ausztri\u00e1ba mennek legt\u00f6bben dolgozni | Allasorias.hu","description":"Ausztria a leggyakoribb c\u00e9lpont a kitelep\u00fcl\u00e9sre, munkakeres\u00e9sre. A britekhez kevesebben mentek ki, miut\u00e1n ott megszigor\u00edtott\u00e1k a bev\u00e1ndorl\u00e1s felt\u00e9teleit.","inLanguage":"hu-HU","isPartOf":{"@id":"https:\/\/allasorias.hu\/hirek\/#website"},"breadcrumb":{"@id":"https:\/\/allasorias.hu\/hirek\/ausztriaba-mennek-legtobben-dolgozni\/#breadcrumblist"},"author":{"@id":"https:\/\/allasorias.hu\/hirek\/author\/admin-allasorias\/#author"},"creator":{"@id":"https:\/\/allasorias.hu\/hirek\/author\/admin-allasorias\/#author"},"image":{"@type":"ImageObject","url":"https:\/\/allasorias.hu\/hirek\/wp-content\/uploads\/2023\/06\/ausztriai-munkavegzes.jpg","@id":"https:\/\/allasorias.hu\/hirek\/ausztriaba-mennek-legtobben-dolgozni\/#mainImage","width":1280,"height":699,"caption":"Ausztri\u00e1ba mennek legt\u00f6bben dolgozni  - Allasorias.hu\/Hirek"},"primaryImageOfPage":{"@id":"https:\/\/allasorias.hu\/hirek\/ausztriaba-mennek-legtobben-dolgozni\/#mainImage"},"datePublished":"2023-06-02T08:44:39+02:00","dateModified":"2023-06-02T08:45:09+02:00"},{"@type":"WebSite","@id":"https:\/\/allasorias.hu\/hirek\/#website","url":"https:\/\/allasorias.hu\/hirek\/","name":"AllasOrias.hu | H\u00edrek-lapszemle","description":"\u00dczleti h\u00edrek az \u00e1ll\u00e1s \u00e9s a munka vil\u00e1g\u00e1b\u00f3l","inLanguage":"hu-HU","publisher":{"@id":"https:\/\/allasorias.hu\/hirek\/#organization"}}]},"og:locale":"hu_HU","og:site_name":"AllasOrias.hu | H\u00edrek-lapszemle | \u00dczleti h\u00edrek az \u00e1ll\u00e1s \u00e9s a munka vil\u00e1g\u00e1b\u00f3l","og:type":"article","og:title":"Ausztri\u00e1ba mennek legt\u00f6bben dolgozni | Allasorias.hu","og:description":"Ausztria a leggyakoribb c\u00e9lpont a kitelep\u00fcl\u00e9sre, munkakeres\u00e9sre. A britekhez kevesebben mentek ki, miut\u00e1n ott megszigor\u00edtott\u00e1k a bev\u00e1ndorl\u00e1s felt\u00e9teleit.","og:url":"https:\/\/allasorias.hu\/hirek\/ausztriaba-mennek-legtobben-dolgozni\/","og:image":"https:\/\/allasorias.hu\/hirek\/wp-content\/uploads\/2023\/06\/ausztriai-munkavegzes.jpg","og:image:secure_url":"https:\/\/allasorias.hu\/hirek\/wp-content\/uploads\/2023\/06\/ausztriai-munkavegzes.jpg","og:image:width":1280,"og:image:height":699,"article:published_time":"2023-06-02T08:44:39+00:00","article:modified_time":"2023-06-02T08:45:09+00:00","article:publisher":"https:\/\/www.facebook.com\/allasorias","twitter:card":"summary_large_image","twitter:title":"Ausztri\u00e1ba mennek legt\u00f6bben dolgozni | Allasorias.hu","twitter:description":"Ausztria a leggyakoribb c\u00e9lpont a kitelep\u00fcl\u00e9sre, munkakeres\u00e9sre. A britekhez kevesebben mentek ki, miut\u00e1n ott megszigor\u00edtott\u00e1k a bev\u00e1ndorl\u00e1s felt\u00e9teleit.","twitter:image":"https:\/\/allasorias.hu\/hirek\/wp-content\/uploads\/2023\/06\/ausztriai-munkavegzes.jpg","twitter:label1":"Written by","twitter:data1":"Juh\u00e1sz P\u00e9ter","twitter:label2":"Est. reading time","twitter:data2":"3 minutes"},"aioseo_meta_data":{"post_id":"6523","title":"#post_title | Allasorias.hu","description":"Ausztria a leggyakoribb c\u00e9lpont a kitelep\u00fcl\u00e9sre, munkakeres\u00e9sre. A britekhez kevesebben mentek ki, miut\u00e1n ott megszigor\u00edtott\u00e1k a bev\u00e1ndorl\u00e1s felt\u00e9teleit.","keywords":[],"keyphrases":{"focus":{"keyphrase":"","score":0,"analysis":{"keyphraseInTitle":{"score":0,"maxScore":9,"error":1}}},"additional":[]},"primary_term":null,"canonical_url":null,"og_title":null,"og_description":null,"og_object_type":"default","og_image_type":"default","og_image_url":null,"og_image_width":null,"og_image_height":null,"og_image_custom_url":null,"og_image_custom_fields":null,"og_video":"","og_custom_url":null,"og_article_section":null,"og_article_tags":[],"twitter_use_og":true,"twitter_card":"default","twitter_image_type":"default","twitter_image_url":null,"twitter_image_custom_url":null,"twitter_image_custom_fields":null,"twitter_title":null,"twitter_description":null,"schema":{"blockGraphs":[],"customGraphs":[],"default":{"data":{"Article":[],"Course":[],"Dataset":[],"FAQPage":[],"Movie":[],"Person":[],"Product":[],"ProductReview":[],"Car":[],"Recipe":[],"Service":[],"SoftwareApplication":[],"WebPage":[]},"graphName":"","isEnabled":true},"graphs":[]},"schema_type":"default","schema_type_options":null,"pillar_content":false,"robots_default":true,"robots_noindex":false,"robots_noarchive":false,"robots_nosnippet":false,"robots_nofollow":false,"robots_noimageindex":false,"robots_noodp":false,"robots_notranslate":false,"robots_max_snippet":"-1","robots_max_videopreview":"-1","robots_max_imagepreview":"large","priority":null,"frequency":"default","location":null,"local_seo":null,"breadcrumb_settings":null,"limit_modified_date":false,"ai":null,"created":"2023-06-02 08:23:59","updated":"2025-10-02 18:35:33","seo_analyzer_scan_date":null,"focus_keyword":null,"additional_keywords":null,"truseo_locale":null},"aioseo_breadcrumb":"<div class=\"aioseo-breadcrumbs\"><span class=\"aioseo-breadcrumb\">\n\t\t\t<a href=\"https:\/\/allasorias.hu\/hirek\" title=\"Home\">Home<\/a>\n\t\t<\/span><span class=\"aioseo-breadcrumb-separator\">&raquo;<\/span><span class=\"aioseo-breadcrumb\">\n\t\t\t<a href=\"https:\/\/allasorias.hu\/hirek\/temak\/kulfold\/\" title=\"K\u00fclf\u00f6ld\">K\u00fclf\u00f6ld<\/a>\n\t\t<\/span><span class=\"aioseo-breadcrumb-separator\">&raquo;<\/span><span class=\"aioseo-breadcrumb\">\n\t\t\tAusztri\u00e1ba mennek legt\u00f6bben dolgozni\n\t\t<\/span><\/div>","aioseo_breadcrumb_json":[{"label":"Home","link":"https:\/\/allasorias.hu\/hirek"},{"label":"K\u00fclf\u00f6ld","link":"https:\/\/allasorias.hu\/hirek\/temak\/kulfold\/"},{"label":"Ausztri\u00e1ba mennek legt\u00f6bben dolgozni","link":"https:\/\/allasorias.hu\/hirek\/ausztriaba-mennek-legtobben-dolgozni\/"}],"_links":{"self":[{"href":"https:\/\/allasorias.hu\/hirek\/wp-json\/wp\/v2\/posts\/6523","targetHints":{"allow":["GET"]}}],"collection":[{"href":"https:\/\/allasorias.hu\/hirek\/wp-json\/wp\/v2\/posts"}],"about":[{"href":"https:\/\/allasorias.hu\/hirek\/wp-json\/wp\/v2\/types\/post"}],"author":[{"embeddable":true,"href":"https:\/\/allasorias.hu\/hirek\/wp-json\/wp\/v2\/users\/1"}],"replies":[{"embeddable":true,"href":"https:\/\/allasorias.hu\/hirek\/wp-json\/wp\/v2\/comments?post=6523"}],"version-history":[{"count":2,"href":"https:\/\/allasorias.hu\/hirek\/wp-json\/wp\/v2\/posts\/6523\/revisions"}],"predecessor-version":[{"id":6526,"href":"https:\/\/allasorias.hu\/hirek\/wp-json\/wp\/v2\/posts\/6523\/revisions\/6526"}],"wp:featuredmedia":[{"embeddable":true,"href":"https:\/\/allasorias.hu\/hirek\/wp-json\/wp\/v2\/media\/6524"}],"wp:attachment":[{"href":"https:\/\/allasorias.hu\/hirek\/wp-json\/wp\/v2\/media?parent=6523"}],"wp:term":[{"taxonomy":"category","embeddable":true,"href":"https:\/\/allasorias.hu\/hirek\/wp-json\/wp\/v2\/categories?post=6523"},{"taxonomy":"post_tag","embeddable":true,"href":"https:\/\/allasorias.hu\/hirek\/wp-json\/wp\/v2\/tags?post=6523"}],"curies":[{"name":"wp","href":"https:\/\/api.w.org\/{rel}","templated":true}]}}