{"id":6519,"date":"2023-06-01T07:22:04","date_gmt":"2023-06-01T07:22:04","guid":{"rendered":"https:\/\/allasorias.hu\/hirek\/?p=6519"},"modified":"2023-06-01T07:22:04","modified_gmt":"2023-06-01T07:22:04","slug":"nagy-a-hiany-a-magyar-munkaeropiacon","status":"publish","type":"post","link":"https:\/\/allasorias.hu\/hirek\/nagy-a-hiany-a-magyar-munkaeropiacon\/","title":{"rendered":"Nagy a hi\u00e1ny a magyar munkaer\u0151piacon"},"content":{"rendered":"<p><strong>Nagy \u00e1talakul\u00e1sok v\u00e1rhat\u00f3ak a magyar munkaer\u0151piacon is, jelenleg jelent\u0151s a munkaer\u0151hi\u00e1ny. A szakemberek szerint n\u00e9h\u00e1ny \u00e9ven bel\u00fcl komoly \u00e1tk\u00e9pz\u00e9sekre lesz sz\u00fcks\u00e9g, amire fel kell k\u00e9sz\u00fclni.<\/strong><\/p>\n<p>Az Informatikai, Elektronikai \u00e9s T\u00e1vk\u00f6zl\u00e9si V\u00e1llalkoz\u00e1sok Sz\u00f6vets\u00e9ge (IVSZ) szerint a <a href=\"https:\/\/allasorias.hu\/hirek\/hodit-a-mesterseges-intelligencia\/\">mesters\u00e9ges intelligencia<\/a> \u00e9s m\u00e1s diszrupt\u00edv technol\u00f3gi\u00e1k elterjed\u00e9se j\u00f3t\u00e9kony hat\u00e1ssal lesz a munkaer\u0151piacra, vagyis bizonyos ter\u00fcleteken t\u00f6bb munkaer\u0151re lesz majd sz\u00fcks\u00e9g. Ehhez azonban <strong>\u00e1tk\u00e9pz\u00e9sekre lesz sz\u00fcks\u00e9g<\/strong>. Jelent\u0151s r\u00e9szben az \u00faj technol\u00f3gi\u00e1k \u2013 \u00edgy p\u00e9ld\u00e1ul a <strong>mesters\u00e9ges intelligencia<\/strong>, a <strong>big data<\/strong> \u00e9s a <strong>felh\u0151szolg\u00e1ltat\u00e1sok \u2013 adapt\u00e1l\u00e1sa<\/strong>, illetve a fenntarthat\u00f3s\u00e1gi t\u00f6rekv\u00e9sek nyom\u00e1n m\u00e1r n\u00e9h\u00e1ny \u00e9ven bel\u00fcl struktur\u00e1lis \u00e1talakul\u00e1sok v\u00e1rhat\u00f3k a munkaer\u0151piacon.<\/p>\n<p>A Vil\u00e1ggazdas\u00e1gi F\u00f3rum Future of Jobs Report c\u00edm\u0171 kutat\u00e1s\u00e1nak meg\u00e1llap\u00edt\u00e1saira h\u00edvja fel a figyelmet az IVSZ. A technol\u00f3giai fejl\u0151d\u00e9s az \u00faj \u00e9s diszrupt\u00edv technol\u00f3gi\u00e1k fokozott alkalmaz\u00e1sa \u00e9s a digit\u00e1lis hozz\u00e1f\u00e9r\u00e9s n\u00f6veked\u00e9se v\u00e1rhat\u00f3an a megk\u00e9rdezett v\u00e1llalatok t\u00f6bb mint fel\u00e9n\u00e9l a munkahelyek n\u00f6veked\u00e9s\u00e9t fogja el\u0151seg\u00edteni, ezzel szemben a v\u00e1llalatok egy\u00f6t\u00f6d\u00e9n\u00e9l \u00e1talakulhatnak a munkak\u00f6r\u00f6k. A v\u00e1rhat\u00f3 munkaer\u0151piaci hat\u00e1sok r\u00e9gi\u00f3nk\u00e9nt \u00e9s szektoronk\u00e9nt is elt\u00e9r\u0151ek, de p\u00e9ld\u00e1ul az e-kereskedelmi, digit\u00e1lis marketing \u00e9s digit\u00e1lis transzform\u00e1ci\u00f3s szakemberek k\u00f6r\u00e9ben <strong>25\u201335 sz\u00e1zal\u00e9kkal n\u0151het az \u00e1ll\u00e1sok sz\u00e1ma<\/strong> a k\u00f6vetkez\u0151 \u00f6t \u00e9vben. Ezzel p\u00e1rhuzamosan viszont p\u00e9nzt\u00e1rosi, titk\u00e1rn\u0151i, k\u00f6nyvel\u00e9si \u00e9s b\u00e9rsz\u00e1mfejt\u00e9si \u00fcgyint\u00e9z\u0151i \u00e1ll\u00e1sb\u00f3l v\u00e1rhat\u00f3an ugyanennyivel kevesebbre lesz sz\u00fcks\u00e9g 2027-re.<\/p>\n<h2>T\u00edzb\u0151l hat munkav\u00e1llal\u00f3nak \u00e1t\u00e9ps\u00e9re lesz sz\u00fcks\u00e9ge<\/h2>\n<p>A tanulm\u00e1ny meg\u00e1llap\u00edt\u00e1sai szerint a k\u00fcl\u00f6nb\u00f6z\u0151 technol\u00f3gi\u00e1k munkahelyekre gyakorolt hat\u00e1sa a k\u00f6vetkez\u0151 \u00f6t \u00e9vben optim\u00e1lis esetben nett\u00f3 pozit\u00edv lehet a Vil\u00e1ggazdas\u00e1gi F\u00f3rum kutat\u00e1s\u00e1ban megk\u00e9rdezett v\u00e1llalatok v\u00e1rakoz\u00e1sai alapj\u00e1n. Az \u00faj munkahelyek legnagyobb h\u00e1nyada a <strong>big data elemz\u00e9si<\/strong>, az <strong>\u00e9ghajlatv\u00e1ltoz\u00e1ssal \u00e9s a k\u00f6rnyezetgazd\u00e1lkod\u00e1ssal kapcsolatos technol\u00f3gi\u00e1k<\/strong>, valamint a <strong>titkos\u00edt\u00e1si \u00e9s kiberbiztons\u00e1gi<\/strong> ter\u00fcleteken j\u00f6n majd l\u00e9tre a megk\u00e9rdezett c\u00e9gek v\u00e1rakoz\u00e1sai szerint, ezek egyed\u00fcl a robotika ter\u00fclet\u00e9n sz\u00e1m\u00edtanak munkahelyeket k\u00f6zvetlen\u00fcl cs\u00f6kkent\u0151 hat\u00e1ssal. Ugyanakkor ahhoz, hogy valamilyen \u00faj poz\u00edci\u00f3ban folytathassa munk\u00e1j\u00e1t, t\u00edzb\u0151l hat munkav\u00e1llal\u00f3nak \u00e1tk\u00e9pz\u00e9sre lesz sz\u00fcks\u00e9ge m\u00e9g 2027 el\u0151tt.<\/p>\n<p>Az egyik legfontosabb k\u00e9szs\u00e9g a j\u00f6v\u0151ben az <strong>analitikus gondolkod\u00e1s<\/strong> elsaj\u00e1t\u00edt\u00e1sa, a m\u00e1sodik legfontosabb a <strong>kreat\u00edv gondolkod\u00e1s<\/strong> el\u0151mozd\u00edt\u00e1sa, illetve a mesters\u00e9ges intelligencia \u00e9s a big data megold\u00e1sok haszn\u00e1lata lesz. A v\u00e1llalatok k\u00e9tharmada arra sz\u00e1m\u00edt, hogy a k\u00e9pz\u00e9sekkel kapcsolatos befektet\u00e9sei ak\u00e1r egyetlen \u00e9ven bel\u00fcl megt\u00e9r\u00fclhetnek p\u00e9ld\u00e1ul a munkav\u00e1llal\u00f3i szerepek k\u00f6z\u00f6tti \u00e1tj\u00e1rhat\u00f3s\u00e1g, a megn\u00f6vekedett munkat\u00e1rsi el\u00e9gedetts\u00e9g vagy a termel\u00e9kenys\u00e9g javul\u00e1sa \u00e1ltal.<\/p>\n<h2>34-r\u0151l 47%-ra emelkedik az automatiz\u00e1ci\u00f3<\/h2>\n<p>A c\u00e9gekt\u0151l kapott v\u00e1laszok alapj\u00e1n napjainkban az \u00fczleti feladatok mintegy 34 sz\u00e1zal\u00e9k\u00e1t g\u00e9pek vagy algoritmusok, 66 sz\u00e1zal\u00e9k\u00e1t pedig tov\u00e1bbra is emberek v\u00e9gzik. 2027-re a v\u00e1rakoz\u00e1sok szerint m\u00e1r 47 sz\u00e1zal\u00e9kra emelkedik majd az automatiz\u00e1ci\u00f3 r\u00e9szesed\u00e9se ebben a szegmensben f\u0151k\u00e9nt a generat\u00edv mesters\u00e9ges intelligencia (MI) \u00e9s a nagy nyelvi modellek sz\u00e9lesebb k\u00f6r\u0171 elterjed\u00e9s\u00e9vel. B\u00e1r a Vil\u00e1ggazdas\u00e1gi F\u00f3rum felm\u00e9r\u00e9s\u00e9nek eredm\u00e9nyei optimist\u00e1k, a fenti meg\u00e1llap\u00edt\u00e1sokb\u00f3l j\u00f3l l\u00e1tszik, hogy a hazai v\u00e1llalkoz\u00e1soknak is l\u00e9p\u00e9st kell tartaniuk az MI \u00e9s m\u00e1s diszrupt\u00edv technol\u00f3gi\u00e1k alkalmaz\u00e1s\u00e1val, \u00edgy az Informatikai, Elektronikai \u00e9s T\u00e1vk\u00f6zl\u00e9si V\u00e1llalkoz\u00e1sok Sz\u00f6vets\u00e9ge (IVSZ) szerint <strong>elker\u00fclhetetlen a jelen munkav\u00e1llal\u00f3inak k\u00e9pz\u00e9se<\/strong> ahhoz, hogy Magyarorsz\u00e1g ne ker\u00fclj\u00f6n behozhatatlan lemarad\u00e1sba.<\/p>\n<p>\u201e<em>Ezeket a l\u00e9p\u00e9seket most meg kell tenn\u00fcnk, k\u00fcl\u00f6nben nem tudunk \u00e9lni a fejlett technol\u00f3gi\u00e1k ny\u00fajtotta hat\u00e9konys\u00e1gn\u00f6vel\u00e9si lehet\u0151s\u00e9gekkel<\/em>\u201d \u2013 komment\u00e1lta a Vil\u00e1ggazdas\u00e1gi F\u00f3rum kutat\u00e1si eredm\u00e9nyeinek hazai vonatkoz\u00e1sait Tajthy Krisztina, az IVSZ f\u0151titk\u00e1ra. A szakember szerint az, hogy a munkav\u00e1llal\u00f3k megfelel\u0151 k\u00e9szs\u00e9gekkel rendelkezzenek, a korm\u00e1nyzatnak, a munkaad\u00f3knak, a munkav\u00e1llal\u00f3knak k\u00f6z\u00f6s \u00e9rdeke, \u00e9s mindenkinek van felel\u0151ss\u00e9ge is abban, hogy ezen a t\u00e9ren el\u0151rel\u00e9p\u00e9s t\u00f6rt\u00e9njen.<\/p>\n<p>Forr\u00e1s:<a href=\"https:\/\/hvg.hu\/tudomany\/20230530_munkaeropiac_mesterseges_intelligencia_kutatas_atkepzes_munka_ivsz_vilaggazdasagi_forum_jelentes\" target=\"_blank\" rel=\"nofollow noopener noreferrer\">hvg.hu<\/a><\/p>\n","protected":false},"excerpt":{"rendered":"<p>Nagy \u00e1talakul\u00e1sok v\u00e1rhat\u00f3ak a magyar munkaer\u0151piacon is, jelenleg jelent\u0151s a munkaer\u0151hi\u00e1ny. A szakemberek szerint n\u00e9h\u00e1ny \u00e9ven bel\u00fcl komoly \u00e1tk\u00e9pz\u00e9sekre lesz sz\u00fcks\u00e9g, amire fel kell k\u00e9sz\u00fclni. Az Informatikai, Elektronikai \u00e9s T\u00e1vk\u00f6zl\u00e9si V\u00e1llalkoz\u00e1sok Sz\u00f6vets\u00e9ge (IVSZ) szerint a mesters\u00e9ges intelligencia \u00e9s m\u00e1s diszrupt\u00edv technol\u00f3gi\u00e1k elterjed\u00e9se j\u00f3t\u00e9kony hat\u00e1ssal lesz a munkaer\u0151piacra, vagyis bizonyos ter\u00fcleteken t\u00f6bb munkaer\u0151re lesz majd sz\u00fcks\u00e9g. [&hellip;]<\/p>\n","protected":false},"author":1,"featured_media":6521,"comment_status":"open","ping_status":"open","sticky":false,"template":"","format":"standard","meta":{"_monsterinsights_skip_tracking":false,"footnotes":""},"categories":[200],"tags":[522,264],"class_list":["post-6519","post","type-post","status-publish","format-standard","has-post-thumbnail","hentry","category-munkaeropiac","tag-atkepzes","tag-mesterseges-intelligencia"],"aioseo_notices":[],"aioseo_head":"\n\t\t<!-- All in One SEO 5.0.0.1 - aioseo.com -->\n\t<meta name=\"description\" content=\"Nagy \u00e1talakul\u00e1sok v\u00e1rhat\u00f3ak a magyar munkaer\u0151piacon is, jelenleg jelent\u0151s a munkaer\u0151hi\u00e1ny. N\u00e9h\u00e1ny \u00e9ven bel\u00fcl komoly \u00e1tk\u00e9pz\u00e9sekre lesz sz\u00fcks\u00e9g.\" \/>\n\t<meta name=\"robots\" content=\"max-image-preview:large\" \/>\n\t<meta name=\"author\" content=\"Juh\u00e1sz P\u00e9ter\"\/>\n\t<meta name=\"keywords\" content=\"\u00e1tk\u00e9pz\u00e9s,mesters\u00e9ges intelligencia\" \/>\n\t<link rel=\"canonical\" href=\"https:\/\/allasorias.hu\/hirek\/nagy-a-hiany-a-magyar-munkaeropiacon\/\" \/>\n\t<meta name=\"generator\" content=\"All in One SEO (AIOSEO) 5.0.0.1\" \/>\n\t\t<meta property=\"og:locale\" content=\"hu_HU\" \/>\n\t\t<meta property=\"og:site_name\" content=\"AllasOrias.hu | H\u00edrek-lapszemle | \u00dczleti h\u00edrek az \u00e1ll\u00e1s \u00e9s a munka vil\u00e1g\u00e1b\u00f3l\" \/>\n\t\t<meta property=\"og:type\" content=\"article\" \/>\n\t\t<meta property=\"og:title\" content=\"Nagy a hi\u00e1ny a magyar munkaer\u0151piacon | Allasorias.hu\/hirek\" \/>\n\t\t<meta property=\"og:description\" content=\"Nagy \u00e1talakul\u00e1sok v\u00e1rhat\u00f3ak a magyar munkaer\u0151piacon is, jelenleg jelent\u0151s a munkaer\u0151hi\u00e1ny. N\u00e9h\u00e1ny \u00e9ven bel\u00fcl komoly \u00e1tk\u00e9pz\u00e9sekre lesz sz\u00fcks\u00e9g.\" \/>\n\t\t<meta property=\"og:url\" content=\"https:\/\/allasorias.hu\/hirek\/nagy-a-hiany-a-magyar-munkaeropiacon\/\" \/>\n\t\t<meta property=\"og:image\" content=\"https:\/\/allasorias.hu\/hirek\/wp-content\/uploads\/2023\/06\/mesterseges-intelligencia-atkepzes.jpg\" \/>\n\t\t<meta property=\"og:image:secure_url\" content=\"https:\/\/allasorias.hu\/hirek\/wp-content\/uploads\/2023\/06\/mesterseges-intelligencia-atkepzes.jpg\" \/>\n\t\t<meta property=\"og:image:width\" content=\"1280\" \/>\n\t\t<meta property=\"og:image:height\" content=\"854\" \/>\n\t\t<meta property=\"article:published_time\" content=\"2023-06-01T07:22:04+00:00\" \/>\n\t\t<meta property=\"article:modified_time\" content=\"2023-06-01T07:22:04+00:00\" \/>\n\t\t<meta property=\"article:publisher\" content=\"https:\/\/www.facebook.com\/allasorias\" \/>\n\t\t<meta name=\"twitter:card\" content=\"summary_large_image\" \/>\n\t\t<meta name=\"twitter:title\" content=\"Nagy a hi\u00e1ny a magyar munkaer\u0151piacon | Allasorias.hu\/hirek\" \/>\n\t\t<meta name=\"twitter:description\" content=\"Nagy \u00e1talakul\u00e1sok v\u00e1rhat\u00f3ak a magyar munkaer\u0151piacon is, jelenleg jelent\u0151s a munkaer\u0151hi\u00e1ny. N\u00e9h\u00e1ny \u00e9ven bel\u00fcl komoly \u00e1tk\u00e9pz\u00e9sekre lesz sz\u00fcks\u00e9g.\" \/>\n\t\t<meta name=\"twitter:image\" content=\"https:\/\/allasorias.hu\/hirek\/wp-content\/uploads\/2023\/06\/mesterseges-intelligencia-atkepzes.jpg\" \/>\n\t\t<meta name=\"twitter:label1\" content=\"Written by\" \/>\n\t\t<meta name=\"twitter:data1\" content=\"Juh\u00e1sz P\u00e9ter\" \/>\n\t\t<meta name=\"twitter:label2\" content=\"Est. reading time\" \/>\n\t\t<meta name=\"twitter:data2\" content=\"4 minutes\" \/>\n\t\t<script type=\"application\/ld+json\" class=\"aioseo-schema\">\n\t\t\t{\"@context\":\"https:\\\/\\\/schema.org\",\"@graph\":[{\"@type\":\"Article\",\"@id\":\"https:\\\/\\\/allasorias.hu\\\/hirek\\\/nagy-a-hiany-a-magyar-munkaeropiacon\\\/#article\",\"name\":\"Nagy a hi\\u00e1ny a magyar munkaer\\u0151piacon | Allasorias.hu\\\/hirek\",\"headline\":\"Nagy a hi\\u00e1ny a magyar munkaer\\u0151piacon\",\"author\":{\"@id\":\"https:\\\/\\\/allasorias.hu\\\/hirek\\\/author\\\/admin-allasorias\\\/#author\"},\"publisher\":{\"@id\":\"https:\\\/\\\/allasorias.hu\\\/hirek\\\/#organization\"},\"image\":{\"@type\":\"ImageObject\",\"url\":\"https:\\\/\\\/allasorias.hu\\\/hirek\\\/wp-content\\\/uploads\\\/2023\\\/06\\\/mesterseges-intelligencia-atkepzes.jpg\",\"width\":1280,\"height\":854,\"caption\":\"Nagy a hi\\u00e1ny a magyar munkaer\\u0151piacon - Allasorias.hu\\\/Hirek\"},\"datePublished\":\"2023-06-01T07:22:04+02:00\",\"dateModified\":\"2023-06-01T07:22:04+02:00\",\"inLanguage\":\"hu-HU\",\"mainEntityOfPage\":{\"@id\":\"https:\\\/\\\/allasorias.hu\\\/hirek\\\/nagy-a-hiany-a-magyar-munkaeropiacon\\\/#webpage\"},\"isPartOf\":{\"@id\":\"https:\\\/\\\/allasorias.hu\\\/hirek\\\/nagy-a-hiany-a-magyar-munkaeropiacon\\\/#webpage\"},\"articleSection\":\"Munkaer\\u0151piac, \\u00e1tk\\u00e9pz\\u00e9s, mesters\\u00e9ges intelligencia\"},{\"@type\":\"BreadcrumbList\",\"@id\":\"https:\\\/\\\/allasorias.hu\\\/hirek\\\/nagy-a-hiany-a-magyar-munkaeropiacon\\\/#breadcrumblist\",\"itemListElement\":[{\"@type\":\"ListItem\",\"@id\":\"https:\\\/\\\/allasorias.hu\\\/hirek#listItem\",\"position\":1,\"name\":\"Home\",\"item\":\"https:\\\/\\\/allasorias.hu\\\/hirek\",\"nextItem\":{\"@type\":\"ListItem\",\"@id\":\"https:\\\/\\\/allasorias.hu\\\/hirek\\\/temak\\\/munkaeropiac\\\/#listItem\",\"name\":\"Munkaer\\u0151piac\"}},{\"@type\":\"ListItem\",\"@id\":\"https:\\\/\\\/allasorias.hu\\\/hirek\\\/temak\\\/munkaeropiac\\\/#listItem\",\"position\":2,\"name\":\"Munkaer\\u0151piac\",\"item\":\"https:\\\/\\\/allasorias.hu\\\/hirek\\\/temak\\\/munkaeropiac\\\/\",\"nextItem\":{\"@type\":\"ListItem\",\"@id\":\"https:\\\/\\\/allasorias.hu\\\/hirek\\\/nagy-a-hiany-a-magyar-munkaeropiacon\\\/#listItem\",\"name\":\"Nagy a hi\\u00e1ny a magyar munkaer\\u0151piacon\"},\"previousItem\":{\"@type\":\"ListItem\",\"@id\":\"https:\\\/\\\/allasorias.hu\\\/hirek#listItem\",\"name\":\"Home\"}},{\"@type\":\"ListItem\",\"@id\":\"https:\\\/\\\/allasorias.hu\\\/hirek\\\/nagy-a-hiany-a-magyar-munkaeropiacon\\\/#listItem\",\"position\":3,\"name\":\"Nagy a hi\\u00e1ny a magyar munkaer\\u0151piacon\",\"previousItem\":{\"@type\":\"ListItem\",\"@id\":\"https:\\\/\\\/allasorias.hu\\\/hirek\\\/temak\\\/munkaeropiac\\\/#listItem\",\"name\":\"Munkaer\\u0151piac\"}}]},{\"@type\":\"Organization\",\"@id\":\"https:\\\/\\\/allasorias.hu\\\/hirek\\\/#organization\",\"name\":\"AllasOrias.hu | H\\u00edrek-lapszemle\",\"description\":\"\\u00dczleti h\\u00edrek az \\u00e1ll\\u00e1s \\u00e9s a munka vil\\u00e1g\\u00e1b\\u00f3l\",\"url\":\"https:\\\/\\\/allasorias.hu\\\/hirek\\\/\",\"logo\":{\"@type\":\"ImageObject\",\"url\":\"https:\\\/\\\/allasorias.hu\\\/hirek\\\/wp-content\\\/uploads\\\/2022\\\/10\\\/allasorias_site_facebok_logo.png\",\"@id\":\"https:\\\/\\\/allasorias.hu\\\/hirek\\\/nagy-a-hiany-a-magyar-munkaeropiacon\\\/#organizationLogo\"},\"image\":{\"@id\":\"https:\\\/\\\/allasorias.hu\\\/hirek\\\/nagy-a-hiany-a-magyar-munkaeropiacon\\\/#organizationLogo\"},\"sameAs\":[\"https:\\\/\\\/www.facebook.com\\\/allasorias\",\"https:\\\/\\\/www.linkedin.com\\\/company\\\/allasorias\"]},{\"@type\":\"Person\",\"@id\":\"https:\\\/\\\/allasorias.hu\\\/hirek\\\/author\\\/admin-allasorias\\\/#author\",\"url\":\"https:\\\/\\\/allasorias.hu\\\/hirek\\\/author\\\/admin-allasorias\\\/\",\"name\":\"Juh\\u00e1sz P\\u00e9ter\",\"image\":{\"@type\":\"ImageObject\",\"@id\":\"https:\\\/\\\/allasorias.hu\\\/hirek\\\/nagy-a-hiany-a-magyar-munkaeropiacon\\\/#authorImage\",\"url\":\"https:\\\/\\\/secure.gravatar.com\\\/avatar\\\/36e6bcb83148978b992977cb0f54d22feb0cce8a0a849a9410532bb2623ba4c6?s=96&d=mm&r=g\",\"width\":96,\"height\":96,\"caption\":\"Juh\\u00e1sz P\\u00e9ter\"}},{\"@type\":\"WebPage\",\"@id\":\"https:\\\/\\\/allasorias.hu\\\/hirek\\\/nagy-a-hiany-a-magyar-munkaeropiacon\\\/#webpage\",\"url\":\"https:\\\/\\\/allasorias.hu\\\/hirek\\\/nagy-a-hiany-a-magyar-munkaeropiacon\\\/\",\"name\":\"Nagy a hi\\u00e1ny a magyar munkaer\\u0151piacon | Allasorias.hu\\\/hirek\",\"description\":\"Nagy \\u00e1talakul\\u00e1sok v\\u00e1rhat\\u00f3ak a magyar munkaer\\u0151piacon is, jelenleg jelent\\u0151s a munkaer\\u0151hi\\u00e1ny. N\\u00e9h\\u00e1ny \\u00e9ven bel\\u00fcl komoly \\u00e1tk\\u00e9pz\\u00e9sekre lesz sz\\u00fcks\\u00e9g.\",\"inLanguage\":\"hu-HU\",\"isPartOf\":{\"@id\":\"https:\\\/\\\/allasorias.hu\\\/hirek\\\/#website\"},\"breadcrumb\":{\"@id\":\"https:\\\/\\\/allasorias.hu\\\/hirek\\\/nagy-a-hiany-a-magyar-munkaeropiacon\\\/#breadcrumblist\"},\"author\":{\"@id\":\"https:\\\/\\\/allasorias.hu\\\/hirek\\\/author\\\/admin-allasorias\\\/#author\"},\"creator\":{\"@id\":\"https:\\\/\\\/allasorias.hu\\\/hirek\\\/author\\\/admin-allasorias\\\/#author\"},\"image\":{\"@type\":\"ImageObject\",\"url\":\"https:\\\/\\\/allasorias.hu\\\/hirek\\\/wp-content\\\/uploads\\\/2023\\\/06\\\/mesterseges-intelligencia-atkepzes.jpg\",\"@id\":\"https:\\\/\\\/allasorias.hu\\\/hirek\\\/nagy-a-hiany-a-magyar-munkaeropiacon\\\/#mainImage\",\"width\":1280,\"height\":854,\"caption\":\"Nagy a hi\\u00e1ny a magyar munkaer\\u0151piacon - Allasorias.hu\\\/Hirek\"},\"primaryImageOfPage\":{\"@id\":\"https:\\\/\\\/allasorias.hu\\\/hirek\\\/nagy-a-hiany-a-magyar-munkaeropiacon\\\/#mainImage\"},\"datePublished\":\"2023-06-01T07:22:04+02:00\",\"dateModified\":\"2023-06-01T07:22:04+02:00\"},{\"@type\":\"WebSite\",\"@id\":\"https:\\\/\\\/allasorias.hu\\\/hirek\\\/#website\",\"url\":\"https:\\\/\\\/allasorias.hu\\\/hirek\\\/\",\"name\":\"AllasOrias.hu | H\\u00edrek-lapszemle\",\"description\":\"\\u00dczleti h\\u00edrek az \\u00e1ll\\u00e1s \\u00e9s a munka vil\\u00e1g\\u00e1b\\u00f3l\",\"inLanguage\":\"hu-HU\",\"publisher\":{\"@id\":\"https:\\\/\\\/allasorias.hu\\\/hirek\\\/#organization\"}}]}\n\t\t<\/script>\n\t\t<!-- All in One SEO -->\n\n","aioseo_head_json":{"title":"Nagy a hi\u00e1ny a magyar munkaer\u0151piacon | Allasorias.hu\/hirek","description":"Nagy \u00e1talakul\u00e1sok v\u00e1rhat\u00f3ak a magyar munkaer\u0151piacon is, jelenleg jelent\u0151s a munkaer\u0151hi\u00e1ny. N\u00e9h\u00e1ny \u00e9ven bel\u00fcl komoly \u00e1tk\u00e9pz\u00e9sekre lesz sz\u00fcks\u00e9g.","canonical_url":"https:\/\/allasorias.hu\/hirek\/nagy-a-hiany-a-magyar-munkaeropiacon\/","robots":"max-image-preview:large","keywords":"\u00e1tk\u00e9pz\u00e9s,mesters\u00e9ges intelligencia","webmasterTools":{"miscellaneous":""},"schema":{"@context":"https:\/\/schema.org","@graph":[{"@type":"Article","@id":"https:\/\/allasorias.hu\/hirek\/nagy-a-hiany-a-magyar-munkaeropiacon\/#article","name":"Nagy a hi\u00e1ny a magyar munkaer\u0151piacon | Allasorias.hu\/hirek","headline":"Nagy a hi\u00e1ny a magyar munkaer\u0151piacon","author":{"@id":"https:\/\/allasorias.hu\/hirek\/author\/admin-allasorias\/#author"},"publisher":{"@id":"https:\/\/allasorias.hu\/hirek\/#organization"},"image":{"@type":"ImageObject","url":"https:\/\/allasorias.hu\/hirek\/wp-content\/uploads\/2023\/06\/mesterseges-intelligencia-atkepzes.jpg","width":1280,"height":854,"caption":"Nagy a hi\u00e1ny a magyar munkaer\u0151piacon - Allasorias.hu\/Hirek"},"datePublished":"2023-06-01T07:22:04+02:00","dateModified":"2023-06-01T07:22:04+02:00","inLanguage":"hu-HU","mainEntityOfPage":{"@id":"https:\/\/allasorias.hu\/hirek\/nagy-a-hiany-a-magyar-munkaeropiacon\/#webpage"},"isPartOf":{"@id":"https:\/\/allasorias.hu\/hirek\/nagy-a-hiany-a-magyar-munkaeropiacon\/#webpage"},"articleSection":"Munkaer\u0151piac, \u00e1tk\u00e9pz\u00e9s, mesters\u00e9ges intelligencia"},{"@type":"BreadcrumbList","@id":"https:\/\/allasorias.hu\/hirek\/nagy-a-hiany-a-magyar-munkaeropiacon\/#breadcrumblist","itemListElement":[{"@type":"ListItem","@id":"https:\/\/allasorias.hu\/hirek#listItem","position":1,"name":"Home","item":"https:\/\/allasorias.hu\/hirek","nextItem":{"@type":"ListItem","@id":"https:\/\/allasorias.hu\/hirek\/temak\/munkaeropiac\/#listItem","name":"Munkaer\u0151piac"}},{"@type":"ListItem","@id":"https:\/\/allasorias.hu\/hirek\/temak\/munkaeropiac\/#listItem","position":2,"name":"Munkaer\u0151piac","item":"https:\/\/allasorias.hu\/hirek\/temak\/munkaeropiac\/","nextItem":{"@type":"ListItem","@id":"https:\/\/allasorias.hu\/hirek\/nagy-a-hiany-a-magyar-munkaeropiacon\/#listItem","name":"Nagy a hi\u00e1ny a magyar munkaer\u0151piacon"},"previousItem":{"@type":"ListItem","@id":"https:\/\/allasorias.hu\/hirek#listItem","name":"Home"}},{"@type":"ListItem","@id":"https:\/\/allasorias.hu\/hirek\/nagy-a-hiany-a-magyar-munkaeropiacon\/#listItem","position":3,"name":"Nagy a hi\u00e1ny a magyar munkaer\u0151piacon","previousItem":{"@type":"ListItem","@id":"https:\/\/allasorias.hu\/hirek\/temak\/munkaeropiac\/#listItem","name":"Munkaer\u0151piac"}}]},{"@type":"Organization","@id":"https:\/\/allasorias.hu\/hirek\/#organization","name":"AllasOrias.hu | H\u00edrek-lapszemle","description":"\u00dczleti h\u00edrek az \u00e1ll\u00e1s \u00e9s a munka vil\u00e1g\u00e1b\u00f3l","url":"https:\/\/allasorias.hu\/hirek\/","logo":{"@type":"ImageObject","url":"https:\/\/allasorias.hu\/hirek\/wp-content\/uploads\/2022\/10\/allasorias_site_facebok_logo.png","@id":"https:\/\/allasorias.hu\/hirek\/nagy-a-hiany-a-magyar-munkaeropiacon\/#organizationLogo"},"image":{"@id":"https:\/\/allasorias.hu\/hirek\/nagy-a-hiany-a-magyar-munkaeropiacon\/#organizationLogo"},"sameAs":["https:\/\/www.facebook.com\/allasorias","https:\/\/www.linkedin.com\/company\/allasorias"]},{"@type":"Person","@id":"https:\/\/allasorias.hu\/hirek\/author\/admin-allasorias\/#author","url":"https:\/\/allasorias.hu\/hirek\/author\/admin-allasorias\/","name":"Juh\u00e1sz P\u00e9ter","image":{"@type":"ImageObject","@id":"https:\/\/allasorias.hu\/hirek\/nagy-a-hiany-a-magyar-munkaeropiacon\/#authorImage","url":"https:\/\/secure.gravatar.com\/avatar\/36e6bcb83148978b992977cb0f54d22feb0cce8a0a849a9410532bb2623ba4c6?s=96&d=mm&r=g","width":96,"height":96,"caption":"Juh\u00e1sz P\u00e9ter"}},{"@type":"WebPage","@id":"https:\/\/allasorias.hu\/hirek\/nagy-a-hiany-a-magyar-munkaeropiacon\/#webpage","url":"https:\/\/allasorias.hu\/hirek\/nagy-a-hiany-a-magyar-munkaeropiacon\/","name":"Nagy a hi\u00e1ny a magyar munkaer\u0151piacon | Allasorias.hu\/hirek","description":"Nagy \u00e1talakul\u00e1sok v\u00e1rhat\u00f3ak a magyar munkaer\u0151piacon is, jelenleg jelent\u0151s a munkaer\u0151hi\u00e1ny. N\u00e9h\u00e1ny \u00e9ven bel\u00fcl komoly \u00e1tk\u00e9pz\u00e9sekre lesz sz\u00fcks\u00e9g.","inLanguage":"hu-HU","isPartOf":{"@id":"https:\/\/allasorias.hu\/hirek\/#website"},"breadcrumb":{"@id":"https:\/\/allasorias.hu\/hirek\/nagy-a-hiany-a-magyar-munkaeropiacon\/#breadcrumblist"},"author":{"@id":"https:\/\/allasorias.hu\/hirek\/author\/admin-allasorias\/#author"},"creator":{"@id":"https:\/\/allasorias.hu\/hirek\/author\/admin-allasorias\/#author"},"image":{"@type":"ImageObject","url":"https:\/\/allasorias.hu\/hirek\/wp-content\/uploads\/2023\/06\/mesterseges-intelligencia-atkepzes.jpg","@id":"https:\/\/allasorias.hu\/hirek\/nagy-a-hiany-a-magyar-munkaeropiacon\/#mainImage","width":1280,"height":854,"caption":"Nagy a hi\u00e1ny a magyar munkaer\u0151piacon - Allasorias.hu\/Hirek"},"primaryImageOfPage":{"@id":"https:\/\/allasorias.hu\/hirek\/nagy-a-hiany-a-magyar-munkaeropiacon\/#mainImage"},"datePublished":"2023-06-01T07:22:04+02:00","dateModified":"2023-06-01T07:22:04+02:00"},{"@type":"WebSite","@id":"https:\/\/allasorias.hu\/hirek\/#website","url":"https:\/\/allasorias.hu\/hirek\/","name":"AllasOrias.hu | H\u00edrek-lapszemle","description":"\u00dczleti h\u00edrek az \u00e1ll\u00e1s \u00e9s a munka vil\u00e1g\u00e1b\u00f3l","inLanguage":"hu-HU","publisher":{"@id":"https:\/\/allasorias.hu\/hirek\/#organization"}}]},"og:locale":"hu_HU","og:site_name":"AllasOrias.hu | H\u00edrek-lapszemle | \u00dczleti h\u00edrek az \u00e1ll\u00e1s \u00e9s a munka vil\u00e1g\u00e1b\u00f3l","og:type":"article","og:title":"Nagy a hi\u00e1ny a magyar munkaer\u0151piacon | Allasorias.hu\/hirek","og:description":"Nagy \u00e1talakul\u00e1sok v\u00e1rhat\u00f3ak a magyar munkaer\u0151piacon is, jelenleg jelent\u0151s a munkaer\u0151hi\u00e1ny. N\u00e9h\u00e1ny \u00e9ven bel\u00fcl komoly \u00e1tk\u00e9pz\u00e9sekre lesz sz\u00fcks\u00e9g.","og:url":"https:\/\/allasorias.hu\/hirek\/nagy-a-hiany-a-magyar-munkaeropiacon\/","og:image":"https:\/\/allasorias.hu\/hirek\/wp-content\/uploads\/2023\/06\/mesterseges-intelligencia-atkepzes.jpg","og:image:secure_url":"https:\/\/allasorias.hu\/hirek\/wp-content\/uploads\/2023\/06\/mesterseges-intelligencia-atkepzes.jpg","og:image:width":1280,"og:image:height":854,"article:published_time":"2023-06-01T07:22:04+00:00","article:modified_time":"2023-06-01T07:22:04+00:00","article:publisher":"https:\/\/www.facebook.com\/allasorias","twitter:card":"summary_large_image","twitter:title":"Nagy a hi\u00e1ny a magyar munkaer\u0151piacon | Allasorias.hu\/hirek","twitter:description":"Nagy \u00e1talakul\u00e1sok v\u00e1rhat\u00f3ak a magyar munkaer\u0151piacon is, jelenleg jelent\u0151s a munkaer\u0151hi\u00e1ny. N\u00e9h\u00e1ny \u00e9ven bel\u00fcl komoly \u00e1tk\u00e9pz\u00e9sekre lesz sz\u00fcks\u00e9g.","twitter:image":"https:\/\/allasorias.hu\/hirek\/wp-content\/uploads\/2023\/06\/mesterseges-intelligencia-atkepzes.jpg","twitter:label1":"Written by","twitter:data1":"Juh\u00e1sz P\u00e9ter","twitter:label2":"Est. reading time","twitter:data2":"4 minutes"},"aioseo_meta_data":{"post_id":"6519","title":"#post_title | Allasorias.hu\/hirek","description":"Nagy \u00e1talakul\u00e1sok v\u00e1rhat\u00f3ak a magyar munkaer\u0151piacon is, jelenleg jelent\u0151s a munkaer\u0151hi\u00e1ny. N\u00e9h\u00e1ny \u00e9ven bel\u00fcl komoly \u00e1tk\u00e9pz\u00e9sekre lesz sz\u00fcks\u00e9g.","keywords":[],"keyphrases":{"focus":{"keyphrase":"","score":0,"analysis":{"keyphraseInTitle":{"score":0,"maxScore":9,"error":1}}},"additional":[]},"primary_term":null,"canonical_url":null,"og_title":null,"og_description":null,"og_object_type":"default","og_image_type":"default","og_image_url":null,"og_image_width":null,"og_image_height":null,"og_image_custom_url":null,"og_image_custom_fields":null,"og_video":"","og_custom_url":null,"og_article_section":null,"og_article_tags":[],"twitter_use_og":true,"twitter_card":"default","twitter_image_type":"default","twitter_image_url":null,"twitter_image_custom_url":null,"twitter_image_custom_fields":null,"twitter_title":null,"twitter_description":null,"schema":{"blockGraphs":[],"customGraphs":[],"default":{"data":{"Article":[],"Course":[],"Dataset":[],"FAQPage":[],"Movie":[],"Person":[],"Product":[],"ProductReview":[],"Car":[],"Recipe":[],"Service":[],"SoftwareApplication":[],"WebPage":[]},"graphName":"","isEnabled":true},"graphs":[]},"schema_type":"default","schema_type_options":null,"pillar_content":false,"robots_default":true,"robots_noindex":false,"robots_noarchive":false,"robots_nosnippet":false,"robots_nofollow":false,"robots_noimageindex":false,"robots_noodp":false,"robots_notranslate":false,"robots_max_snippet":"-1","robots_max_videopreview":"-1","robots_max_imagepreview":"large","priority":null,"frequency":"default","location":null,"local_seo":null,"breadcrumb_settings":null,"limit_modified_date":false,"ai":null,"created":"2023-06-01 06:59:30","updated":"2025-10-02 18:35:33","seo_analyzer_scan_date":null,"focus_keyword":null,"additional_keywords":null,"truseo_locale":null},"aioseo_breadcrumb":"<div class=\"aioseo-breadcrumbs\"><span class=\"aioseo-breadcrumb\">\n\t\t\t<a href=\"https:\/\/allasorias.hu\/hirek\" title=\"Home\">Home<\/a>\n\t\t<\/span><span class=\"aioseo-breadcrumb-separator\">&raquo;<\/span><span class=\"aioseo-breadcrumb\">\n\t\t\t<a href=\"https:\/\/allasorias.hu\/hirek\/temak\/munkaeropiac\/\" title=\"Munkaer\u0151piac\">Munkaer\u0151piac<\/a>\n\t\t<\/span><span class=\"aioseo-breadcrumb-separator\">&raquo;<\/span><span class=\"aioseo-breadcrumb\">\n\t\t\tNagy a hi\u00e1ny a magyar munkaer\u0151piacon\n\t\t<\/span><\/div>","aioseo_breadcrumb_json":[{"label":"Home","link":"https:\/\/allasorias.hu\/hirek"},{"label":"Munkaer\u0151piac","link":"https:\/\/allasorias.hu\/hirek\/temak\/munkaeropiac\/"},{"label":"Nagy a hi\u00e1ny a magyar munkaer\u0151piacon","link":"https:\/\/allasorias.hu\/hirek\/nagy-a-hiany-a-magyar-munkaeropiacon\/"}],"_links":{"self":[{"href":"https:\/\/allasorias.hu\/hirek\/wp-json\/wp\/v2\/posts\/6519","targetHints":{"allow":["GET"]}}],"collection":[{"href":"https:\/\/allasorias.hu\/hirek\/wp-json\/wp\/v2\/posts"}],"about":[{"href":"https:\/\/allasorias.hu\/hirek\/wp-json\/wp\/v2\/types\/post"}],"author":[{"embeddable":true,"href":"https:\/\/allasorias.hu\/hirek\/wp-json\/wp\/v2\/users\/1"}],"replies":[{"embeddable":true,"href":"https:\/\/allasorias.hu\/hirek\/wp-json\/wp\/v2\/comments?post=6519"}],"version-history":[{"count":1,"href":"https:\/\/allasorias.hu\/hirek\/wp-json\/wp\/v2\/posts\/6519\/revisions"}],"predecessor-version":[{"id":6522,"href":"https:\/\/allasorias.hu\/hirek\/wp-json\/wp\/v2\/posts\/6519\/revisions\/6522"}],"wp:featuredmedia":[{"embeddable":true,"href":"https:\/\/allasorias.hu\/hirek\/wp-json\/wp\/v2\/media\/6521"}],"wp:attachment":[{"href":"https:\/\/allasorias.hu\/hirek\/wp-json\/wp\/v2\/media?parent=6519"}],"wp:term":[{"taxonomy":"category","embeddable":true,"href":"https:\/\/allasorias.hu\/hirek\/wp-json\/wp\/v2\/categories?post=6519"},{"taxonomy":"post_tag","embeddable":true,"href":"https:\/\/allasorias.hu\/hirek\/wp-json\/wp\/v2\/tags?post=6519"}],"curies":[{"name":"wp","href":"https:\/\/api.w.org\/{rel}","templated":true}]}}