{"id":6481,"date":"2023-05-17T07:14:04","date_gmt":"2023-05-17T07:14:04","guid":{"rendered":"https:\/\/allasorias.hu\/hirek\/?p=6481"},"modified":"2023-05-17T07:14:04","modified_gmt":"2023-05-17T07:14:04","slug":"ujabb-bejelentesi-kotelezettseg-a-vendeglatasban","status":"publish","type":"post","link":"https:\/\/allasorias.hu\/hirek\/ujabb-bejelentesi-kotelezettseg-a-vendeglatasban\/","title":{"rendered":"\u00dajabb bejelent\u00e9si k\u00f6telezetts\u00e9g a vend\u00e9gl\u00e1t\u00e1sban"},"content":{"rendered":"<p><strong>Nem \u00f6r\u00fclnek a vend\u00e9gl\u00e1t\u00f3sok az \u00fajabb bejelent\u00e9si k\u00f6telezetts\u00e9gnek, s r\u00e1ad\u00e1sul \u00fagy t\u0171nik, nem tudni m\u00e9g hogyan zajlik le a gyakorlatban.<\/strong><\/p>\n<p>J\u00falius 1-j\u00e9t\u0151l a <strong>b\u00fcf\u00e9knek, \u00e9ttermeknek, cukr\u00e1szd\u00e1knak, k\u00e1v\u00e9z\u00f3knak, italboltoknak, b\u00e1roknak, sz\u00f3rakoz\u00f3helyeknek, gyors\u00e9ttermeknek<\/strong> val\u00f3s id\u0151ben kell adatokat szolg\u00e1ltatniuk arr\u00f3l, <strong>mib\u0151l mennyit adtak el<\/strong> &#8211; \u00edrja a Telex. Az adatokat a Nemzeti Turisztikai Adatszolg\u00e1ltat\u00f3 K\u00f6zponthoz ker\u00fclnek (NTAK) mellett az ad\u00f3hat\u00f3s\u00e1g \u00e9s a statisztikai hivatal is l\u00e1tja majd. A port\u00e1l t\u00f6bb \u00e9rintettet is megk\u00e9rdezett, akik szerint a gyakorlatban lehetetlen betartani a szab\u00e1lyt. Az int\u00e9zked\u00e9st az\u00e9rt vezett\u00e9k be, mert \u00edgy jobban l\u00e1that\u00f3v\u00e1 v\u00e1lik a turisztikai t\u00e9rs\u00e9gek, telep\u00fcl\u00e9sek teljes\u00edtm\u00e9nye \u00e9s a friss adatok alapj\u00e1n lehet fejleszteni az \u00e1gazatot, de a turisztikai \u00e1gazat feh\u00e9r\u00edt\u00e9se is szempont volt.<\/p>\n<h2>Van akiket nem \u00e9rint a bejelent\u00e9si k\u00f6telezetts\u00e9g<\/h2>\n<p>Mind\u00f6ssze h\u00e1rom <strong>kiv\u00e9tel<\/strong> van az adatszolg\u00e1ltat\u00e1si k\u00f6telezetts\u00e9g al\u00f3l, ezek a k\u00f6vetkez\u0151k:a <strong>munkahelyi\/k\u00f6z\u00e9tkeztet\u00e9st<\/strong> v\u00e9gz\u0151 vend\u00e9gl\u00e1t\u00f3helyek, <strong>rendezv\u00e9nyi (fesztiv\u00e1l) \u00e9tkeztet\u00e9s<\/strong>, illetve a <strong>mozg\u00f3 vend\u00e9gl\u00e1t\u00f3hely (b\u00fcf\u00e9kocsi)<\/strong>. Rajtuk k\u00edv\u00fcl minden b\u00fcf\u00e9, cukr\u00e1szda, k\u00e1v\u00e9z\u00f3, italbolt, b\u00e1r, zen\u00e9s-t\u00e1ncos sz\u00f3rakoz\u00f3hely k\u00f6teles regisztr\u00e1lni, r\u00f6gz\u00edteni a term\u00e9kk\u00edn\u00e1lat\u00e1t \u00e9s elkezdeni a val\u00f3s idej\u0171 adatszolg\u00e1ltat\u00e1st.<\/p>\n<h2>A min\u0151s\u00e9g \u00e9s hat\u00e9konys\u00e1g roml\u00e1s\u00e1t eredm\u00e9nyezheti<\/h2>\n<p>A Telex megk\u00e9rdezett t\u00f6bb vend\u00e9gl\u00e1t\u00f3st is. Volt, aki azt k\u00e9rdezte, mi a teend\u0151, ha nincs internet a b\u00e9rlem\u00e9nyben, ahol dolgozik. Felmer\u00fclt a k\u00e9rd\u00e9s, hogy minek min\u0151s\u00fclnek az \u00e1lland\u00f3 koncerthelyeken m\u0171k\u00f6d\u0151 b\u00fcf\u00e9sek, vagy hogy kiskapunak sz\u00e1m\u00edt-e a z\u00e1rt k\u00f6r\u0171 rendezv\u00e9ny. Van olyan, aki szerint a szab\u00e1ly miatt &#8222;\u00e9gszakad\u00e1s-f\u00f6ldindul\u00e1s&#8221; k\u00e9sz\u00fcl a vend\u00e9gl\u00e1t\u00e1sban. \u201e<em>Ez az \u00faj k\u00f6vetelm\u00e9ny azonban az eredm\u00e9nyess\u00e9g, a sz\u00ednvonal, a kiszolg\u00e1l\u00e1si min\u0151s\u00e9g, illetve a hat\u00e9konys\u00e1g roml\u00e1s\u00e1t eredm\u00e9nyezi. Egyszer\u0171en nem lesz lehet\u0151s\u00e9gem odatenni magam 100 sz\u00e1zal\u00e9kban, hanem majd adatokat szolg\u00e1ltatok helyette.<\/em>\u201d &#8211; mondta az egyik megk\u00e9rdezett.<\/p>\n<p>Forr\u00e1s: <a href=\"https:\/\/www.hrportal.hu\/c\/juliustol-eloben-kell-bejelenteniuk-a-vendeglatosoknak-hogy-mibol-mennyit-adnak-el-20230516.html\" target=\"_blank\" rel=\"nofollow noopener noreferrer\">hrportal.hu<\/a><\/p>\n","protected":false},"excerpt":{"rendered":"<p>Nem \u00f6r\u00fclnek a vend\u00e9gl\u00e1t\u00f3sok az \u00fajabb bejelent\u00e9si k\u00f6telezetts\u00e9gnek, s r\u00e1ad\u00e1sul \u00fagy t\u0171nik, nem tudni m\u00e9g hogyan zajlik le a gyakorlatban. J\u00falius 1-j\u00e9t\u0151l a b\u00fcf\u00e9knek, \u00e9ttermeknek, cukr\u00e1szd\u00e1knak, k\u00e1v\u00e9z\u00f3knak, italboltoknak, b\u00e1roknak, sz\u00f3rakoz\u00f3helyeknek, gyors\u00e9ttermeknek val\u00f3s id\u0151ben kell adatokat szolg\u00e1ltatniuk arr\u00f3l, mib\u0151l mennyit adtak el &#8211; \u00edrja a Telex. Az adatokat a Nemzeti Turisztikai Adatszolg\u00e1ltat\u00f3 K\u00f6zponthoz ker\u00fclnek (NTAK) mellett [&hellip;]<\/p>\n","protected":false},"author":1,"featured_media":6482,"comment_status":"open","ping_status":"open","sticky":false,"template":"","format":"standard","meta":{"_monsterinsights_skip_tracking":false,"footnotes":""},"categories":[200],"tags":[507,365],"class_list":["post-6481","post","type-post","status-publish","format-standard","has-post-thumbnail","hentry","category-munkaeropiac","tag-bejelentesi-kotelezettseg","tag-vendeglatas"],"aioseo_notices":[],"aioseo_head":"\n\t\t<!-- All in One SEO 5.0.0.1 - aioseo.com -->\n\t<meta name=\"description\" content=\"Nem \u00f6r\u00fclnek a vend\u00e9gl\u00e1t\u00f3sok az \u00fajabb bejelent\u00e9si k\u00f6telezetts\u00e9gnek, s r\u00e1ad\u00e1sul \u00fagy t\u0171nik, nem tudni m\u00e9g hogyan zajlik le a gyakorlatban.\" \/>\n\t<meta name=\"robots\" content=\"max-image-preview:large\" \/>\n\t<meta name=\"author\" content=\"Juh\u00e1sz P\u00e9ter\"\/>\n\t<meta name=\"keywords\" content=\"bejelent\u00e9si k\u00f6telezetts\u00e9g,vend\u00e9gl\u00e1t\u00e1s\" \/>\n\t<link rel=\"canonical\" href=\"https:\/\/allasorias.hu\/hirek\/ujabb-bejelentesi-kotelezettseg-a-vendeglatasban\/\" \/>\n\t<meta name=\"generator\" content=\"All in One SEO (AIOSEO) 5.0.0.1\" \/>\n\t\t<meta property=\"og:locale\" content=\"hu_HU\" \/>\n\t\t<meta property=\"og:site_name\" content=\"AllasOrias.hu | H\u00edrek-lapszemle | \u00dczleti h\u00edrek az \u00e1ll\u00e1s \u00e9s a munka vil\u00e1g\u00e1b\u00f3l\" \/>\n\t\t<meta property=\"og:type\" content=\"article\" \/>\n\t\t<meta property=\"og:title\" content=\"\u00dajabb bejelent\u00e9si k\u00f6telezetts\u00e9g a vend\u00e9gl\u00e1t\u00e1sban |\" \/>\n\t\t<meta property=\"og:description\" content=\"Nem \u00f6r\u00fclnek a vend\u00e9gl\u00e1t\u00f3sok az \u00fajabb bejelent\u00e9si k\u00f6telezetts\u00e9gnek, s r\u00e1ad\u00e1sul \u00fagy t\u0171nik, nem tudni m\u00e9g hogyan zajlik le a gyakorlatban.\" \/>\n\t\t<meta property=\"og:url\" content=\"https:\/\/allasorias.hu\/hirek\/ujabb-bejelentesi-kotelezettseg-a-vendeglatasban\/\" \/>\n\t\t<meta property=\"og:image\" content=\"https:\/\/allasorias.hu\/hirek\/wp-content\/uploads\/2023\/05\/bejelentesi-kotelezettseg.jpg\" \/>\n\t\t<meta property=\"og:image:secure_url\" content=\"https:\/\/allasorias.hu\/hirek\/wp-content\/uploads\/2023\/05\/bejelentesi-kotelezettseg.jpg\" \/>\n\t\t<meta property=\"og:image:width\" content=\"1280\" \/>\n\t\t<meta property=\"og:image:height\" content=\"853\" \/>\n\t\t<meta property=\"article:published_time\" content=\"2023-05-17T07:14:04+00:00\" \/>\n\t\t<meta property=\"article:modified_time\" content=\"2023-05-17T07:14:04+00:00\" \/>\n\t\t<meta property=\"article:publisher\" content=\"https:\/\/www.facebook.com\/allasorias\" \/>\n\t\t<meta name=\"twitter:card\" content=\"summary_large_image\" \/>\n\t\t<meta name=\"twitter:title\" content=\"\u00dajabb bejelent\u00e9si k\u00f6telezetts\u00e9g a vend\u00e9gl\u00e1t\u00e1sban |\" \/>\n\t\t<meta name=\"twitter:description\" content=\"Nem \u00f6r\u00fclnek a vend\u00e9gl\u00e1t\u00f3sok az \u00fajabb bejelent\u00e9si k\u00f6telezetts\u00e9gnek, s r\u00e1ad\u00e1sul \u00fagy t\u0171nik, nem tudni m\u00e9g hogyan zajlik le a gyakorlatban.\" \/>\n\t\t<meta name=\"twitter:image\" content=\"https:\/\/allasorias.hu\/hirek\/wp-content\/uploads\/2023\/05\/bejelentesi-kotelezettseg.jpg\" \/>\n\t\t<meta name=\"twitter:label1\" content=\"Written by\" \/>\n\t\t<meta name=\"twitter:data1\" content=\"Juh\u00e1sz P\u00e9ter\" \/>\n\t\t<meta name=\"twitter:label2\" content=\"Est. reading time\" \/>\n\t\t<meta name=\"twitter:data2\" content=\"2 minutes\" \/>\n\t\t<script type=\"application\/ld+json\" class=\"aioseo-schema\">\n\t\t\t{\"@context\":\"https:\\\/\\\/schema.org\",\"@graph\":[{\"@type\":\"Article\",\"@id\":\"https:\\\/\\\/allasorias.hu\\\/hirek\\\/ujabb-bejelentesi-kotelezettseg-a-vendeglatasban\\\/#article\",\"name\":\"\\u00dajabb bejelent\\u00e9si k\\u00f6telezetts\\u00e9g a vend\\u00e9gl\\u00e1t\\u00e1sban |\",\"headline\":\"\\u00dajabb bejelent\\u00e9si k\\u00f6telezetts\\u00e9g a vend\\u00e9gl\\u00e1t\\u00e1sban\",\"author\":{\"@id\":\"https:\\\/\\\/allasorias.hu\\\/hirek\\\/author\\\/admin-allasorias\\\/#author\"},\"publisher\":{\"@id\":\"https:\\\/\\\/allasorias.hu\\\/hirek\\\/#organization\"},\"image\":{\"@type\":\"ImageObject\",\"url\":\"https:\\\/\\\/allasorias.hu\\\/hirek\\\/wp-content\\\/uploads\\\/2023\\\/05\\\/bejelentesi-kotelezettseg.jpg\",\"width\":1280,\"height\":853,\"caption\":\"\\u00dajabb bejelent\\u00e9si k\\u00f6telezetts\\u00e9g a vend\\u00e9gl\\u00e1t\\u00e1sban - Allasorias.hu\\\/Hirek\"},\"datePublished\":\"2023-05-17T07:14:04+02:00\",\"dateModified\":\"2023-05-17T07:14:04+02:00\",\"inLanguage\":\"hu-HU\",\"mainEntityOfPage\":{\"@id\":\"https:\\\/\\\/allasorias.hu\\\/hirek\\\/ujabb-bejelentesi-kotelezettseg-a-vendeglatasban\\\/#webpage\"},\"isPartOf\":{\"@id\":\"https:\\\/\\\/allasorias.hu\\\/hirek\\\/ujabb-bejelentesi-kotelezettseg-a-vendeglatasban\\\/#webpage\"},\"articleSection\":\"Munkaer\\u0151piac, bejelent\\u00e9si k\\u00f6telezetts\\u00e9g, vend\\u00e9gl\\u00e1t\\u00e1s\"},{\"@type\":\"BreadcrumbList\",\"@id\":\"https:\\\/\\\/allasorias.hu\\\/hirek\\\/ujabb-bejelentesi-kotelezettseg-a-vendeglatasban\\\/#breadcrumblist\",\"itemListElement\":[{\"@type\":\"ListItem\",\"@id\":\"https:\\\/\\\/allasorias.hu\\\/hirek#listItem\",\"position\":1,\"name\":\"Home\",\"item\":\"https:\\\/\\\/allasorias.hu\\\/hirek\",\"nextItem\":{\"@type\":\"ListItem\",\"@id\":\"https:\\\/\\\/allasorias.hu\\\/hirek\\\/temak\\\/munkaeropiac\\\/#listItem\",\"name\":\"Munkaer\\u0151piac\"}},{\"@type\":\"ListItem\",\"@id\":\"https:\\\/\\\/allasorias.hu\\\/hirek\\\/temak\\\/munkaeropiac\\\/#listItem\",\"position\":2,\"name\":\"Munkaer\\u0151piac\",\"item\":\"https:\\\/\\\/allasorias.hu\\\/hirek\\\/temak\\\/munkaeropiac\\\/\",\"nextItem\":{\"@type\":\"ListItem\",\"@id\":\"https:\\\/\\\/allasorias.hu\\\/hirek\\\/ujabb-bejelentesi-kotelezettseg-a-vendeglatasban\\\/#listItem\",\"name\":\"\\u00dajabb bejelent\\u00e9si k\\u00f6telezetts\\u00e9g a vend\\u00e9gl\\u00e1t\\u00e1sban\"},\"previousItem\":{\"@type\":\"ListItem\",\"@id\":\"https:\\\/\\\/allasorias.hu\\\/hirek#listItem\",\"name\":\"Home\"}},{\"@type\":\"ListItem\",\"@id\":\"https:\\\/\\\/allasorias.hu\\\/hirek\\\/ujabb-bejelentesi-kotelezettseg-a-vendeglatasban\\\/#listItem\",\"position\":3,\"name\":\"\\u00dajabb bejelent\\u00e9si k\\u00f6telezetts\\u00e9g a vend\\u00e9gl\\u00e1t\\u00e1sban\",\"previousItem\":{\"@type\":\"ListItem\",\"@id\":\"https:\\\/\\\/allasorias.hu\\\/hirek\\\/temak\\\/munkaeropiac\\\/#listItem\",\"name\":\"Munkaer\\u0151piac\"}}]},{\"@type\":\"Organization\",\"@id\":\"https:\\\/\\\/allasorias.hu\\\/hirek\\\/#organization\",\"name\":\"AllasOrias.hu | H\\u00edrek-lapszemle\",\"description\":\"\\u00dczleti h\\u00edrek az \\u00e1ll\\u00e1s \\u00e9s a munka vil\\u00e1g\\u00e1b\\u00f3l\",\"url\":\"https:\\\/\\\/allasorias.hu\\\/hirek\\\/\",\"logo\":{\"@type\":\"ImageObject\",\"url\":\"https:\\\/\\\/allasorias.hu\\\/hirek\\\/wp-content\\\/uploads\\\/2022\\\/10\\\/allasorias_site_facebok_logo.png\",\"@id\":\"https:\\\/\\\/allasorias.hu\\\/hirek\\\/ujabb-bejelentesi-kotelezettseg-a-vendeglatasban\\\/#organizationLogo\"},\"image\":{\"@id\":\"https:\\\/\\\/allasorias.hu\\\/hirek\\\/ujabb-bejelentesi-kotelezettseg-a-vendeglatasban\\\/#organizationLogo\"},\"sameAs\":[\"https:\\\/\\\/www.facebook.com\\\/allasorias\",\"https:\\\/\\\/www.linkedin.com\\\/company\\\/allasorias\"]},{\"@type\":\"Person\",\"@id\":\"https:\\\/\\\/allasorias.hu\\\/hirek\\\/author\\\/admin-allasorias\\\/#author\",\"url\":\"https:\\\/\\\/allasorias.hu\\\/hirek\\\/author\\\/admin-allasorias\\\/\",\"name\":\"Juh\\u00e1sz P\\u00e9ter\",\"image\":{\"@type\":\"ImageObject\",\"@id\":\"https:\\\/\\\/allasorias.hu\\\/hirek\\\/ujabb-bejelentesi-kotelezettseg-a-vendeglatasban\\\/#authorImage\",\"url\":\"https:\\\/\\\/secure.gravatar.com\\\/avatar\\\/36e6bcb83148978b992977cb0f54d22feb0cce8a0a849a9410532bb2623ba4c6?s=96&d=mm&r=g\",\"width\":96,\"height\":96,\"caption\":\"Juh\\u00e1sz P\\u00e9ter\"}},{\"@type\":\"WebPage\",\"@id\":\"https:\\\/\\\/allasorias.hu\\\/hirek\\\/ujabb-bejelentesi-kotelezettseg-a-vendeglatasban\\\/#webpage\",\"url\":\"https:\\\/\\\/allasorias.hu\\\/hirek\\\/ujabb-bejelentesi-kotelezettseg-a-vendeglatasban\\\/\",\"name\":\"\\u00dajabb bejelent\\u00e9si k\\u00f6telezetts\\u00e9g a vend\\u00e9gl\\u00e1t\\u00e1sban |\",\"description\":\"Nem \\u00f6r\\u00fclnek a vend\\u00e9gl\\u00e1t\\u00f3sok az \\u00fajabb bejelent\\u00e9si k\\u00f6telezetts\\u00e9gnek, s r\\u00e1ad\\u00e1sul \\u00fagy t\\u0171nik, nem tudni m\\u00e9g hogyan zajlik le a gyakorlatban.\",\"inLanguage\":\"hu-HU\",\"isPartOf\":{\"@id\":\"https:\\\/\\\/allasorias.hu\\\/hirek\\\/#website\"},\"breadcrumb\":{\"@id\":\"https:\\\/\\\/allasorias.hu\\\/hirek\\\/ujabb-bejelentesi-kotelezettseg-a-vendeglatasban\\\/#breadcrumblist\"},\"author\":{\"@id\":\"https:\\\/\\\/allasorias.hu\\\/hirek\\\/author\\\/admin-allasorias\\\/#author\"},\"creator\":{\"@id\":\"https:\\\/\\\/allasorias.hu\\\/hirek\\\/author\\\/admin-allasorias\\\/#author\"},\"image\":{\"@type\":\"ImageObject\",\"url\":\"https:\\\/\\\/allasorias.hu\\\/hirek\\\/wp-content\\\/uploads\\\/2023\\\/05\\\/bejelentesi-kotelezettseg.jpg\",\"@id\":\"https:\\\/\\\/allasorias.hu\\\/hirek\\\/ujabb-bejelentesi-kotelezettseg-a-vendeglatasban\\\/#mainImage\",\"width\":1280,\"height\":853,\"caption\":\"\\u00dajabb bejelent\\u00e9si k\\u00f6telezetts\\u00e9g a vend\\u00e9gl\\u00e1t\\u00e1sban - Allasorias.hu\\\/Hirek\"},\"primaryImageOfPage\":{\"@id\":\"https:\\\/\\\/allasorias.hu\\\/hirek\\\/ujabb-bejelentesi-kotelezettseg-a-vendeglatasban\\\/#mainImage\"},\"datePublished\":\"2023-05-17T07:14:04+02:00\",\"dateModified\":\"2023-05-17T07:14:04+02:00\"},{\"@type\":\"WebSite\",\"@id\":\"https:\\\/\\\/allasorias.hu\\\/hirek\\\/#website\",\"url\":\"https:\\\/\\\/allasorias.hu\\\/hirek\\\/\",\"name\":\"AllasOrias.hu | H\\u00edrek-lapszemle\",\"description\":\"\\u00dczleti h\\u00edrek az \\u00e1ll\\u00e1s \\u00e9s a munka vil\\u00e1g\\u00e1b\\u00f3l\",\"inLanguage\":\"hu-HU\",\"publisher\":{\"@id\":\"https:\\\/\\\/allasorias.hu\\\/hirek\\\/#organization\"}}]}\n\t\t<\/script>\n\t\t<!-- All in One SEO -->\n\n","aioseo_head_json":{"title":"\u00dajabb bejelent\u00e9si k\u00f6telezetts\u00e9g a vend\u00e9gl\u00e1t\u00e1sban |","description":"Nem \u00f6r\u00fclnek a vend\u00e9gl\u00e1t\u00f3sok az \u00fajabb bejelent\u00e9si k\u00f6telezetts\u00e9gnek, s r\u00e1ad\u00e1sul \u00fagy t\u0171nik, nem tudni m\u00e9g hogyan zajlik le a gyakorlatban.","canonical_url":"https:\/\/allasorias.hu\/hirek\/ujabb-bejelentesi-kotelezettseg-a-vendeglatasban\/","robots":"max-image-preview:large","keywords":"bejelent\u00e9si k\u00f6telezetts\u00e9g,vend\u00e9gl\u00e1t\u00e1s","webmasterTools":{"miscellaneous":""},"schema":{"@context":"https:\/\/schema.org","@graph":[{"@type":"Article","@id":"https:\/\/allasorias.hu\/hirek\/ujabb-bejelentesi-kotelezettseg-a-vendeglatasban\/#article","name":"\u00dajabb bejelent\u00e9si k\u00f6telezetts\u00e9g a vend\u00e9gl\u00e1t\u00e1sban |","headline":"\u00dajabb bejelent\u00e9si k\u00f6telezetts\u00e9g a vend\u00e9gl\u00e1t\u00e1sban","author":{"@id":"https:\/\/allasorias.hu\/hirek\/author\/admin-allasorias\/#author"},"publisher":{"@id":"https:\/\/allasorias.hu\/hirek\/#organization"},"image":{"@type":"ImageObject","url":"https:\/\/allasorias.hu\/hirek\/wp-content\/uploads\/2023\/05\/bejelentesi-kotelezettseg.jpg","width":1280,"height":853,"caption":"\u00dajabb bejelent\u00e9si k\u00f6telezetts\u00e9g a vend\u00e9gl\u00e1t\u00e1sban - Allasorias.hu\/Hirek"},"datePublished":"2023-05-17T07:14:04+02:00","dateModified":"2023-05-17T07:14:04+02:00","inLanguage":"hu-HU","mainEntityOfPage":{"@id":"https:\/\/allasorias.hu\/hirek\/ujabb-bejelentesi-kotelezettseg-a-vendeglatasban\/#webpage"},"isPartOf":{"@id":"https:\/\/allasorias.hu\/hirek\/ujabb-bejelentesi-kotelezettseg-a-vendeglatasban\/#webpage"},"articleSection":"Munkaer\u0151piac, bejelent\u00e9si k\u00f6telezetts\u00e9g, vend\u00e9gl\u00e1t\u00e1s"},{"@type":"BreadcrumbList","@id":"https:\/\/allasorias.hu\/hirek\/ujabb-bejelentesi-kotelezettseg-a-vendeglatasban\/#breadcrumblist","itemListElement":[{"@type":"ListItem","@id":"https:\/\/allasorias.hu\/hirek#listItem","position":1,"name":"Home","item":"https:\/\/allasorias.hu\/hirek","nextItem":{"@type":"ListItem","@id":"https:\/\/allasorias.hu\/hirek\/temak\/munkaeropiac\/#listItem","name":"Munkaer\u0151piac"}},{"@type":"ListItem","@id":"https:\/\/allasorias.hu\/hirek\/temak\/munkaeropiac\/#listItem","position":2,"name":"Munkaer\u0151piac","item":"https:\/\/allasorias.hu\/hirek\/temak\/munkaeropiac\/","nextItem":{"@type":"ListItem","@id":"https:\/\/allasorias.hu\/hirek\/ujabb-bejelentesi-kotelezettseg-a-vendeglatasban\/#listItem","name":"\u00dajabb bejelent\u00e9si k\u00f6telezetts\u00e9g a vend\u00e9gl\u00e1t\u00e1sban"},"previousItem":{"@type":"ListItem","@id":"https:\/\/allasorias.hu\/hirek#listItem","name":"Home"}},{"@type":"ListItem","@id":"https:\/\/allasorias.hu\/hirek\/ujabb-bejelentesi-kotelezettseg-a-vendeglatasban\/#listItem","position":3,"name":"\u00dajabb bejelent\u00e9si k\u00f6telezetts\u00e9g a vend\u00e9gl\u00e1t\u00e1sban","previousItem":{"@type":"ListItem","@id":"https:\/\/allasorias.hu\/hirek\/temak\/munkaeropiac\/#listItem","name":"Munkaer\u0151piac"}}]},{"@type":"Organization","@id":"https:\/\/allasorias.hu\/hirek\/#organization","name":"AllasOrias.hu | H\u00edrek-lapszemle","description":"\u00dczleti h\u00edrek az \u00e1ll\u00e1s \u00e9s a munka vil\u00e1g\u00e1b\u00f3l","url":"https:\/\/allasorias.hu\/hirek\/","logo":{"@type":"ImageObject","url":"https:\/\/allasorias.hu\/hirek\/wp-content\/uploads\/2022\/10\/allasorias_site_facebok_logo.png","@id":"https:\/\/allasorias.hu\/hirek\/ujabb-bejelentesi-kotelezettseg-a-vendeglatasban\/#organizationLogo"},"image":{"@id":"https:\/\/allasorias.hu\/hirek\/ujabb-bejelentesi-kotelezettseg-a-vendeglatasban\/#organizationLogo"},"sameAs":["https:\/\/www.facebook.com\/allasorias","https:\/\/www.linkedin.com\/company\/allasorias"]},{"@type":"Person","@id":"https:\/\/allasorias.hu\/hirek\/author\/admin-allasorias\/#author","url":"https:\/\/allasorias.hu\/hirek\/author\/admin-allasorias\/","name":"Juh\u00e1sz P\u00e9ter","image":{"@type":"ImageObject","@id":"https:\/\/allasorias.hu\/hirek\/ujabb-bejelentesi-kotelezettseg-a-vendeglatasban\/#authorImage","url":"https:\/\/secure.gravatar.com\/avatar\/36e6bcb83148978b992977cb0f54d22feb0cce8a0a849a9410532bb2623ba4c6?s=96&d=mm&r=g","width":96,"height":96,"caption":"Juh\u00e1sz P\u00e9ter"}},{"@type":"WebPage","@id":"https:\/\/allasorias.hu\/hirek\/ujabb-bejelentesi-kotelezettseg-a-vendeglatasban\/#webpage","url":"https:\/\/allasorias.hu\/hirek\/ujabb-bejelentesi-kotelezettseg-a-vendeglatasban\/","name":"\u00dajabb bejelent\u00e9si k\u00f6telezetts\u00e9g a vend\u00e9gl\u00e1t\u00e1sban |","description":"Nem \u00f6r\u00fclnek a vend\u00e9gl\u00e1t\u00f3sok az \u00fajabb bejelent\u00e9si k\u00f6telezetts\u00e9gnek, s r\u00e1ad\u00e1sul \u00fagy t\u0171nik, nem tudni m\u00e9g hogyan zajlik le a gyakorlatban.","inLanguage":"hu-HU","isPartOf":{"@id":"https:\/\/allasorias.hu\/hirek\/#website"},"breadcrumb":{"@id":"https:\/\/allasorias.hu\/hirek\/ujabb-bejelentesi-kotelezettseg-a-vendeglatasban\/#breadcrumblist"},"author":{"@id":"https:\/\/allasorias.hu\/hirek\/author\/admin-allasorias\/#author"},"creator":{"@id":"https:\/\/allasorias.hu\/hirek\/author\/admin-allasorias\/#author"},"image":{"@type":"ImageObject","url":"https:\/\/allasorias.hu\/hirek\/wp-content\/uploads\/2023\/05\/bejelentesi-kotelezettseg.jpg","@id":"https:\/\/allasorias.hu\/hirek\/ujabb-bejelentesi-kotelezettseg-a-vendeglatasban\/#mainImage","width":1280,"height":853,"caption":"\u00dajabb bejelent\u00e9si k\u00f6telezetts\u00e9g a vend\u00e9gl\u00e1t\u00e1sban - Allasorias.hu\/Hirek"},"primaryImageOfPage":{"@id":"https:\/\/allasorias.hu\/hirek\/ujabb-bejelentesi-kotelezettseg-a-vendeglatasban\/#mainImage"},"datePublished":"2023-05-17T07:14:04+02:00","dateModified":"2023-05-17T07:14:04+02:00"},{"@type":"WebSite","@id":"https:\/\/allasorias.hu\/hirek\/#website","url":"https:\/\/allasorias.hu\/hirek\/","name":"AllasOrias.hu | H\u00edrek-lapszemle","description":"\u00dczleti h\u00edrek az \u00e1ll\u00e1s \u00e9s a munka vil\u00e1g\u00e1b\u00f3l","inLanguage":"hu-HU","publisher":{"@id":"https:\/\/allasorias.hu\/hirek\/#organization"}}]},"og:locale":"hu_HU","og:site_name":"AllasOrias.hu | H\u00edrek-lapszemle | \u00dczleti h\u00edrek az \u00e1ll\u00e1s \u00e9s a munka vil\u00e1g\u00e1b\u00f3l","og:type":"article","og:title":"\u00dajabb bejelent\u00e9si k\u00f6telezetts\u00e9g a vend\u00e9gl\u00e1t\u00e1sban |","og:description":"Nem \u00f6r\u00fclnek a vend\u00e9gl\u00e1t\u00f3sok az \u00fajabb bejelent\u00e9si k\u00f6telezetts\u00e9gnek, s r\u00e1ad\u00e1sul \u00fagy t\u0171nik, nem tudni m\u00e9g hogyan zajlik le a gyakorlatban.","og:url":"https:\/\/allasorias.hu\/hirek\/ujabb-bejelentesi-kotelezettseg-a-vendeglatasban\/","og:image":"https:\/\/allasorias.hu\/hirek\/wp-content\/uploads\/2023\/05\/bejelentesi-kotelezettseg.jpg","og:image:secure_url":"https:\/\/allasorias.hu\/hirek\/wp-content\/uploads\/2023\/05\/bejelentesi-kotelezettseg.jpg","og:image:width":1280,"og:image:height":853,"article:published_time":"2023-05-17T07:14:04+00:00","article:modified_time":"2023-05-17T07:14:04+00:00","article:publisher":"https:\/\/www.facebook.com\/allasorias","twitter:card":"summary_large_image","twitter:title":"\u00dajabb bejelent\u00e9si k\u00f6telezetts\u00e9g a vend\u00e9gl\u00e1t\u00e1sban |","twitter:description":"Nem \u00f6r\u00fclnek a vend\u00e9gl\u00e1t\u00f3sok az \u00fajabb bejelent\u00e9si k\u00f6telezetts\u00e9gnek, s r\u00e1ad\u00e1sul \u00fagy t\u0171nik, nem tudni m\u00e9g hogyan zajlik le a gyakorlatban.","twitter:image":"https:\/\/allasorias.hu\/hirek\/wp-content\/uploads\/2023\/05\/bejelentesi-kotelezettseg.jpg","twitter:label1":"Written by","twitter:data1":"Juh\u00e1sz P\u00e9ter","twitter:label2":"Est. reading time","twitter:data2":"2 minutes"},"aioseo_meta_data":{"post_id":"6481","title":"#post_title |","description":"Nem \u00f6r\u00fclnek a vend\u00e9gl\u00e1t\u00f3sok az \u00fajabb bejelent\u00e9si k\u00f6telezetts\u00e9gnek, s r\u00e1ad\u00e1sul \u00fagy t\u0171nik, nem tudni m\u00e9g hogyan zajlik le a gyakorlatban.","keywords":[],"keyphrases":{"focus":{"keyphrase":"","score":0,"analysis":{"keyphraseInTitle":{"score":0,"maxScore":9,"error":1}}},"additional":[]},"primary_term":null,"canonical_url":null,"og_title":null,"og_description":null,"og_object_type":"default","og_image_type":"default","og_image_url":null,"og_image_width":null,"og_image_height":null,"og_image_custom_url":null,"og_image_custom_fields":null,"og_video":"","og_custom_url":null,"og_article_section":null,"og_article_tags":[],"twitter_use_og":true,"twitter_card":"default","twitter_image_type":"default","twitter_image_url":null,"twitter_image_custom_url":null,"twitter_image_custom_fields":null,"twitter_title":null,"twitter_description":null,"schema":{"blockGraphs":[],"customGraphs":[],"default":{"data":{"Article":[],"Course":[],"Dataset":[],"FAQPage":[],"Movie":[],"Person":[],"Product":[],"ProductReview":[],"Car":[],"Recipe":[],"Service":[],"SoftwareApplication":[],"WebPage":[]},"graphName":"","isEnabled":true},"graphs":[]},"schema_type":"default","schema_type_options":null,"pillar_content":false,"robots_default":true,"robots_noindex":false,"robots_noarchive":false,"robots_nosnippet":false,"robots_nofollow":false,"robots_noimageindex":false,"robots_noodp":false,"robots_notranslate":false,"robots_max_snippet":"-1","robots_max_videopreview":"-1","robots_max_imagepreview":"large","priority":null,"frequency":"default","location":null,"local_seo":null,"breadcrumb_settings":null,"limit_modified_date":false,"ai":null,"created":"2023-05-17 07:03:30","updated":"2025-10-02 18:32:35","seo_analyzer_scan_date":null,"focus_keyword":null,"additional_keywords":null,"truseo_locale":null},"aioseo_breadcrumb":"<div class=\"aioseo-breadcrumbs\"><span class=\"aioseo-breadcrumb\">\n\t\t\t<a href=\"https:\/\/allasorias.hu\/hirek\" title=\"Home\">Home<\/a>\n\t\t<\/span><span class=\"aioseo-breadcrumb-separator\">&raquo;<\/span><span class=\"aioseo-breadcrumb\">\n\t\t\t<a href=\"https:\/\/allasorias.hu\/hirek\/temak\/munkaeropiac\/\" title=\"Munkaer\u0151piac\">Munkaer\u0151piac<\/a>\n\t\t<\/span><span class=\"aioseo-breadcrumb-separator\">&raquo;<\/span><span class=\"aioseo-breadcrumb\">\n\t\t\t\u00dajabb bejelent\u00e9si k\u00f6telezetts\u00e9g a vend\u00e9gl\u00e1t\u00e1sban\n\t\t<\/span><\/div>","aioseo_breadcrumb_json":[{"label":"Home","link":"https:\/\/allasorias.hu\/hirek"},{"label":"Munkaer\u0151piac","link":"https:\/\/allasorias.hu\/hirek\/temak\/munkaeropiac\/"},{"label":"\u00dajabb bejelent\u00e9si k\u00f6telezetts\u00e9g a vend\u00e9gl\u00e1t\u00e1sban","link":"https:\/\/allasorias.hu\/hirek\/ujabb-bejelentesi-kotelezettseg-a-vendeglatasban\/"}],"_links":{"self":[{"href":"https:\/\/allasorias.hu\/hirek\/wp-json\/wp\/v2\/posts\/6481","targetHints":{"allow":["GET"]}}],"collection":[{"href":"https:\/\/allasorias.hu\/hirek\/wp-json\/wp\/v2\/posts"}],"about":[{"href":"https:\/\/allasorias.hu\/hirek\/wp-json\/wp\/v2\/types\/post"}],"author":[{"embeddable":true,"href":"https:\/\/allasorias.hu\/hirek\/wp-json\/wp\/v2\/users\/1"}],"replies":[{"embeddable":true,"href":"https:\/\/allasorias.hu\/hirek\/wp-json\/wp\/v2\/comments?post=6481"}],"version-history":[{"count":1,"href":"https:\/\/allasorias.hu\/hirek\/wp-json\/wp\/v2\/posts\/6481\/revisions"}],"predecessor-version":[{"id":6483,"href":"https:\/\/allasorias.hu\/hirek\/wp-json\/wp\/v2\/posts\/6481\/revisions\/6483"}],"wp:featuredmedia":[{"embeddable":true,"href":"https:\/\/allasorias.hu\/hirek\/wp-json\/wp\/v2\/media\/6482"}],"wp:attachment":[{"href":"https:\/\/allasorias.hu\/hirek\/wp-json\/wp\/v2\/media?parent=6481"}],"wp:term":[{"taxonomy":"category","embeddable":true,"href":"https:\/\/allasorias.hu\/hirek\/wp-json\/wp\/v2\/categories?post=6481"},{"taxonomy":"post_tag","embeddable":true,"href":"https:\/\/allasorias.hu\/hirek\/wp-json\/wp\/v2\/tags?post=6481"}],"curies":[{"name":"wp","href":"https:\/\/api.w.org\/{rel}","templated":true}]}}