{"id":6459,"date":"2023-05-09T09:02:44","date_gmt":"2023-05-09T09:02:44","guid":{"rendered":"https:\/\/allasorias.hu\/hirek\/?p=6459"},"modified":"2023-05-09T09:02:44","modified_gmt":"2023-05-09T09:02:44","slug":"mennyit-keresnek-a-fiatalok-magyarorszagon","status":"publish","type":"post","link":"https:\/\/allasorias.hu\/hirek\/mennyit-keresnek-a-fiatalok-magyarorszagon\/","title":{"rendered":"Mennyit keresnek a fiatalok Magyarorsz\u00e1gon?"},"content":{"rendered":"<p><strong>Hull\u00e1mz\u00f3nak mondhat\u00f3 a fiatalok keresete haz\u00e1nkban az elm\u00falt \u00e9vekben, amikor is n\u0151tt az \u00e1tlagj\u00f6vedelm\u00fck, de t\u00f6bb mint t\u00edz sz\u00e1zal\u00e9kuknak egy\u00e1ltal\u00e1n nincs j\u00f6vedelme.<\/strong><\/p>\n<p>A h\u00faszas \u00e9veikben j\u00e1r\u00f3 fiatal magyarok \u00e1tlagos nett\u00f3 szem\u00e9lyes j\u00f6vedelme 2023 els\u0151 negyed\u00e9v\u00e9ben <strong>182 ezer forintot<\/strong> tett ki, egy \u00e9v alatt 40 ezer forinttal, t\u00f6bb mint 28 sz\u00e1zal\u00e9kkal n\u0151tt, ugyanakkor a koroszt\u00e1ly t\u00f6bb mint 13 sz\u00e1zal\u00e9k\u00e1nak semmilyen j\u00f6vedelme nincs, m\u00edg 11 sz\u00e1zal\u00e9kuk t\u00f6bb mint <strong>400 ezer forintb\u00f3l<\/strong> gazd\u00e1lkodhat &#8211; ismerteti a K&amp;H ifj\u00fas\u00e1gi index\u00e9hez k\u00e9sz\u00fclt jelent\u00e9s, amelynek meg\u00e1llap\u00edt\u00e1sair\u00f3l a K&amp;H csoport k\u00f6zlem\u00e9nyben t\u00e1j\u00e9koztatta az MTI-t. A 19 \u00e9s 29 \u00e9v k\u00f6z\u00f6tti fiatalok p\u00e9nz\u00fcgyi helyzet\u00e9t vizsg\u00e1l\u00f3 elemz\u00e9s szerint az elm\u00falt h\u00e1rom \u00e9vben hull\u00e1mz\u00f3 volt a koroszt\u00e1lyhoz tartoz\u00f3 fiatal magyarok szem\u00e9lyes havi nett\u00f3 j\u00f6vedelme, \u00e9s nagyok az egy\u00e9ni k\u00fcl\u00f6nbs\u00e9gek is.<\/p>\n<p>A 2020. els\u0151 negyed\u00e9vi m\u00e9r\u00e9s szerint <strong>131 ezer forint<\/strong> volt a vizsg\u00e1lt korcsoport nett\u00f3 szem\u00e9lyes j\u00f6vedelme, amely 2021. els\u0151 h\u00e1rom h\u00f3napj\u00e1ra <strong>123 ezer forintra<\/strong> cs\u00f6kkent, egy \u00e9vvel k\u00e9s\u0151bb pedig <strong>141 ezer forintra<\/strong> emelkedett. A felm\u00e9r\u00e9sb\u0151l kider\u00fcl, hogy a v\u00e1laszad\u00f3k 14 sz\u00e1zal\u00e9ka 50 ezer forintn\u00e1l kisebb havi j\u00f6vedelemr\u0151l sz\u00e1molt be, 9 sz\u00e1zal\u00e9kuk 50-74 ezer, 5 sz\u00e1zal\u00e9kuk pedig 75-99 ezer forinttal rendelkezik. A vizsg\u00e1lt koroszt\u00e1lyban teh\u00e1t 10-b\u0151l 4-en kevesebb mint 100 ezer forintb\u00f3l gazd\u00e1lkodhatnak egy-egy h\u00f3napban. Az elemz\u0151k hozz\u00e1tett\u00e9k: a koroszt\u00e1ly 11 sz\u00e1zal\u00e9ka viszont t\u00f6bb mint <strong>400 ezer forint<\/strong> szem\u00e9lyes j\u00f6vedelemre tesz szert havonta.<\/p>\n<p>A f\u00e9rfiak 214 ezres, a n\u0151k 148 ezres \u00e1tlagos j\u00f6vedelemr\u0151l sz\u00e1moltak be. A 19-25 \u00e9vesek \u00e1tlagos 175 ezer forintos bev\u00e9tel\u00e9vel szemben a 26-29 \u00e9vesek\u00e9 m\u00e1r 193 ezer forintot tesz ki. A K&amp;H ifj\u00fas\u00e1gi index, a K&amp;H Eg\u00e9szs\u00e9ges T\u00e1rsadalom\u00e9rt Alap\u00edtv\u00e1ny megrendel\u00e9s\u00e9re k\u00e9sz\u00fclt. A reprezentat\u00edv online k\u00e9rd\u0151\u00edv 500 fiatal megk\u00e9rdez\u00e9s\u00e9vel k\u00e9sz\u00fclt febru\u00e1r 13-17. k\u00f6z\u00f6tt.<\/p>\n<p>Forr\u00e1s: <a href=\"https:\/\/www.hrportal.hu\/c\/ekkora-a-magyar-fiatalok-atlagos-jovedelme-20230508.html\" target=\"_blank\" rel=\"nofollow noopener noreferrer\">hrportal.hu<\/a><\/p>\n","protected":false},"excerpt":{"rendered":"<p>Hull\u00e1mz\u00f3nak mondhat\u00f3 a fiatalok keresete haz\u00e1nkban az elm\u00falt \u00e9vekben, amikor is n\u0151tt az \u00e1tlagj\u00f6vedelm\u00fck, de t\u00f6bb mint t\u00edz sz\u00e1zal\u00e9kuknak egy\u00e1ltal\u00e1n nincs j\u00f6vedelme. A h\u00faszas \u00e9veikben j\u00e1r\u00f3 fiatal magyarok \u00e1tlagos nett\u00f3 szem\u00e9lyes j\u00f6vedelme 2023 els\u0151 negyed\u00e9v\u00e9ben 182 ezer forintot tett ki, egy \u00e9v alatt 40 ezer forinttal, t\u00f6bb mint 28 sz\u00e1zal\u00e9kkal n\u0151tt, ugyanakkor a koroszt\u00e1ly t\u00f6bb [&hellip;]<\/p>\n","protected":false},"author":1,"featured_media":6460,"comment_status":"open","ping_status":"open","sticky":false,"template":"","format":"standard","meta":{"_monsterinsights_skip_tracking":false,"footnotes":""},"categories":[198],"tags":[501],"class_list":["post-6459","post","type-post","status-publish","format-standard","has-post-thumbnail","hentry","category-gazdasag","tag-fiatalok-keresete"],"aioseo_notices":[],"aioseo_head":"\n\t\t<!-- All in One SEO 5.0.0.1 - aioseo.com -->\n\t<meta name=\"description\" content=\"Hull\u00e1mz\u00f3nak mondhat\u00f3 a fiatalok keresete haz\u00e1nkban az elm\u00falt \u00e9vekben, amikor is n\u0151tt az \u00e1tlagj\u00f6vedelm\u00fck, de t\u00f6bb mint t\u00edz sz\u00e1zal\u00e9kuknak egy\u00e1ltal\u00e1n nincs.\" \/>\n\t<meta name=\"robots\" content=\"max-image-preview:large\" \/>\n\t<meta name=\"author\" content=\"Juh\u00e1sz P\u00e9ter\"\/>\n\t<meta name=\"keywords\" content=\"fiatalok keresete\" \/>\n\t<link rel=\"canonical\" href=\"https:\/\/allasorias.hu\/hirek\/mennyit-keresnek-a-fiatalok-magyarorszagon\/\" \/>\n\t<meta name=\"generator\" content=\"All in One SEO (AIOSEO) 5.0.0.1\" \/>\n\t\t<meta property=\"og:locale\" content=\"hu_HU\" \/>\n\t\t<meta property=\"og:site_name\" content=\"AllasOrias.hu | H\u00edrek-lapszemle | \u00dczleti h\u00edrek az \u00e1ll\u00e1s \u00e9s a munka vil\u00e1g\u00e1b\u00f3l\" \/>\n\t\t<meta property=\"og:type\" content=\"article\" \/>\n\t\t<meta property=\"og:title\" content=\"Mennyit keresnek a fiatalok Magyarorsz\u00e1gon? | Allasorias.hu\" \/>\n\t\t<meta property=\"og:description\" content=\"Hull\u00e1mz\u00f3nak mondhat\u00f3 a fiatalok keresete haz\u00e1nkban az elm\u00falt \u00e9vekben, amikor is n\u0151tt az \u00e1tlagj\u00f6vedelm\u00fck, de t\u00f6bb mint t\u00edz sz\u00e1zal\u00e9kuknak egy\u00e1ltal\u00e1n nincs.\" \/>\n\t\t<meta property=\"og:url\" content=\"https:\/\/allasorias.hu\/hirek\/mennyit-keresnek-a-fiatalok-magyarorszagon\/\" \/>\n\t\t<meta property=\"og:image\" content=\"https:\/\/allasorias.hu\/hirek\/wp-content\/uploads\/2023\/05\/fiatalok-keresete.jpg\" \/>\n\t\t<meta property=\"og:image:secure_url\" content=\"https:\/\/allasorias.hu\/hirek\/wp-content\/uploads\/2023\/05\/fiatalok-keresete.jpg\" \/>\n\t\t<meta property=\"og:image:width\" content=\"1280\" \/>\n\t\t<meta property=\"og:image:height\" content=\"853\" \/>\n\t\t<meta property=\"article:published_time\" content=\"2023-05-09T09:02:44+00:00\" \/>\n\t\t<meta property=\"article:modified_time\" content=\"2023-05-09T09:02:44+00:00\" \/>\n\t\t<meta property=\"article:publisher\" content=\"https:\/\/www.facebook.com\/allasorias\" \/>\n\t\t<meta name=\"twitter:card\" content=\"summary_large_image\" \/>\n\t\t<meta name=\"twitter:title\" content=\"Mennyit keresnek a fiatalok Magyarorsz\u00e1gon? | Allasorias.hu\" \/>\n\t\t<meta name=\"twitter:description\" content=\"Hull\u00e1mz\u00f3nak mondhat\u00f3 a fiatalok keresete haz\u00e1nkban az elm\u00falt \u00e9vekben, amikor is n\u0151tt az \u00e1tlagj\u00f6vedelm\u00fck, de t\u00f6bb mint t\u00edz sz\u00e1zal\u00e9kuknak egy\u00e1ltal\u00e1n nincs.\" \/>\n\t\t<meta name=\"twitter:image\" content=\"https:\/\/allasorias.hu\/hirek\/wp-content\/uploads\/2023\/05\/fiatalok-keresete.jpg\" \/>\n\t\t<meta name=\"twitter:label1\" content=\"Written by\" \/>\n\t\t<meta name=\"twitter:data1\" content=\"Juh\u00e1sz P\u00e9ter\" \/>\n\t\t<meta name=\"twitter:label2\" content=\"Est. reading time\" \/>\n\t\t<meta name=\"twitter:data2\" content=\"2 minutes\" \/>\n\t\t<script type=\"application\/ld+json\" class=\"aioseo-schema\">\n\t\t\t{\"@context\":\"https:\\\/\\\/schema.org\",\"@graph\":[{\"@type\":\"Article\",\"@id\":\"https:\\\/\\\/allasorias.hu\\\/hirek\\\/mennyit-keresnek-a-fiatalok-magyarorszagon\\\/#article\",\"name\":\"Mennyit keresnek a fiatalok Magyarorsz\\u00e1gon? | Allasorias.hu\",\"headline\":\"Mennyit keresnek a fiatalok Magyarorsz\\u00e1gon?\",\"author\":{\"@id\":\"https:\\\/\\\/allasorias.hu\\\/hirek\\\/author\\\/admin-allasorias\\\/#author\"},\"publisher\":{\"@id\":\"https:\\\/\\\/allasorias.hu\\\/hirek\\\/#organization\"},\"image\":{\"@type\":\"ImageObject\",\"url\":\"https:\\\/\\\/allasorias.hu\\\/hirek\\\/wp-content\\\/uploads\\\/2023\\\/05\\\/fiatalok-keresete.jpg\",\"width\":1280,\"height\":853,\"caption\":\"Mennyit keresnek a fiatalok Magyarorsz\\u00e1gon?  - Allasorias.hu\\\/Hirek\"},\"datePublished\":\"2023-05-09T09:02:44+02:00\",\"dateModified\":\"2023-05-09T09:02:44+02:00\",\"inLanguage\":\"hu-HU\",\"mainEntityOfPage\":{\"@id\":\"https:\\\/\\\/allasorias.hu\\\/hirek\\\/mennyit-keresnek-a-fiatalok-magyarorszagon\\\/#webpage\"},\"isPartOf\":{\"@id\":\"https:\\\/\\\/allasorias.hu\\\/hirek\\\/mennyit-keresnek-a-fiatalok-magyarorszagon\\\/#webpage\"},\"articleSection\":\"Gazdas\\u00e1g, fiatalok keresete\"},{\"@type\":\"BreadcrumbList\",\"@id\":\"https:\\\/\\\/allasorias.hu\\\/hirek\\\/mennyit-keresnek-a-fiatalok-magyarorszagon\\\/#breadcrumblist\",\"itemListElement\":[{\"@type\":\"ListItem\",\"@id\":\"https:\\\/\\\/allasorias.hu\\\/hirek#listItem\",\"position\":1,\"name\":\"Home\",\"item\":\"https:\\\/\\\/allasorias.hu\\\/hirek\",\"nextItem\":{\"@type\":\"ListItem\",\"@id\":\"https:\\\/\\\/allasorias.hu\\\/hirek\\\/temak\\\/gazdasag\\\/#listItem\",\"name\":\"Gazdas\\u00e1g\"}},{\"@type\":\"ListItem\",\"@id\":\"https:\\\/\\\/allasorias.hu\\\/hirek\\\/temak\\\/gazdasag\\\/#listItem\",\"position\":2,\"name\":\"Gazdas\\u00e1g\",\"item\":\"https:\\\/\\\/allasorias.hu\\\/hirek\\\/temak\\\/gazdasag\\\/\",\"nextItem\":{\"@type\":\"ListItem\",\"@id\":\"https:\\\/\\\/allasorias.hu\\\/hirek\\\/mennyit-keresnek-a-fiatalok-magyarorszagon\\\/#listItem\",\"name\":\"Mennyit keresnek a fiatalok Magyarorsz\\u00e1gon?\"},\"previousItem\":{\"@type\":\"ListItem\",\"@id\":\"https:\\\/\\\/allasorias.hu\\\/hirek#listItem\",\"name\":\"Home\"}},{\"@type\":\"ListItem\",\"@id\":\"https:\\\/\\\/allasorias.hu\\\/hirek\\\/mennyit-keresnek-a-fiatalok-magyarorszagon\\\/#listItem\",\"position\":3,\"name\":\"Mennyit keresnek a fiatalok Magyarorsz\\u00e1gon?\",\"previousItem\":{\"@type\":\"ListItem\",\"@id\":\"https:\\\/\\\/allasorias.hu\\\/hirek\\\/temak\\\/gazdasag\\\/#listItem\",\"name\":\"Gazdas\\u00e1g\"}}]},{\"@type\":\"Organization\",\"@id\":\"https:\\\/\\\/allasorias.hu\\\/hirek\\\/#organization\",\"name\":\"AllasOrias.hu | H\\u00edrek-lapszemle\",\"description\":\"\\u00dczleti h\\u00edrek az \\u00e1ll\\u00e1s \\u00e9s a munka vil\\u00e1g\\u00e1b\\u00f3l\",\"url\":\"https:\\\/\\\/allasorias.hu\\\/hirek\\\/\",\"logo\":{\"@type\":\"ImageObject\",\"url\":\"https:\\\/\\\/allasorias.hu\\\/hirek\\\/wp-content\\\/uploads\\\/2022\\\/10\\\/allasorias_site_facebok_logo.png\",\"@id\":\"https:\\\/\\\/allasorias.hu\\\/hirek\\\/mennyit-keresnek-a-fiatalok-magyarorszagon\\\/#organizationLogo\"},\"image\":{\"@id\":\"https:\\\/\\\/allasorias.hu\\\/hirek\\\/mennyit-keresnek-a-fiatalok-magyarorszagon\\\/#organizationLogo\"},\"sameAs\":[\"https:\\\/\\\/www.facebook.com\\\/allasorias\",\"https:\\\/\\\/www.linkedin.com\\\/company\\\/allasorias\"]},{\"@type\":\"Person\",\"@id\":\"https:\\\/\\\/allasorias.hu\\\/hirek\\\/author\\\/admin-allasorias\\\/#author\",\"url\":\"https:\\\/\\\/allasorias.hu\\\/hirek\\\/author\\\/admin-allasorias\\\/\",\"name\":\"Juh\\u00e1sz P\\u00e9ter\",\"image\":{\"@type\":\"ImageObject\",\"@id\":\"https:\\\/\\\/allasorias.hu\\\/hirek\\\/mennyit-keresnek-a-fiatalok-magyarorszagon\\\/#authorImage\",\"url\":\"https:\\\/\\\/secure.gravatar.com\\\/avatar\\\/36e6bcb83148978b992977cb0f54d22feb0cce8a0a849a9410532bb2623ba4c6?s=96&d=mm&r=g\",\"width\":96,\"height\":96,\"caption\":\"Juh\\u00e1sz P\\u00e9ter\"}},{\"@type\":\"WebPage\",\"@id\":\"https:\\\/\\\/allasorias.hu\\\/hirek\\\/mennyit-keresnek-a-fiatalok-magyarorszagon\\\/#webpage\",\"url\":\"https:\\\/\\\/allasorias.hu\\\/hirek\\\/mennyit-keresnek-a-fiatalok-magyarorszagon\\\/\",\"name\":\"Mennyit keresnek a fiatalok Magyarorsz\\u00e1gon? | Allasorias.hu\",\"description\":\"Hull\\u00e1mz\\u00f3nak mondhat\\u00f3 a fiatalok keresete haz\\u00e1nkban az elm\\u00falt \\u00e9vekben, amikor is n\\u0151tt az \\u00e1tlagj\\u00f6vedelm\\u00fck, de t\\u00f6bb mint t\\u00edz sz\\u00e1zal\\u00e9kuknak egy\\u00e1ltal\\u00e1n nincs.\",\"inLanguage\":\"hu-HU\",\"isPartOf\":{\"@id\":\"https:\\\/\\\/allasorias.hu\\\/hirek\\\/#website\"},\"breadcrumb\":{\"@id\":\"https:\\\/\\\/allasorias.hu\\\/hirek\\\/mennyit-keresnek-a-fiatalok-magyarorszagon\\\/#breadcrumblist\"},\"author\":{\"@id\":\"https:\\\/\\\/allasorias.hu\\\/hirek\\\/author\\\/admin-allasorias\\\/#author\"},\"creator\":{\"@id\":\"https:\\\/\\\/allasorias.hu\\\/hirek\\\/author\\\/admin-allasorias\\\/#author\"},\"image\":{\"@type\":\"ImageObject\",\"url\":\"https:\\\/\\\/allasorias.hu\\\/hirek\\\/wp-content\\\/uploads\\\/2023\\\/05\\\/fiatalok-keresete.jpg\",\"@id\":\"https:\\\/\\\/allasorias.hu\\\/hirek\\\/mennyit-keresnek-a-fiatalok-magyarorszagon\\\/#mainImage\",\"width\":1280,\"height\":853,\"caption\":\"Mennyit keresnek a fiatalok Magyarorsz\\u00e1gon?  - Allasorias.hu\\\/Hirek\"},\"primaryImageOfPage\":{\"@id\":\"https:\\\/\\\/allasorias.hu\\\/hirek\\\/mennyit-keresnek-a-fiatalok-magyarorszagon\\\/#mainImage\"},\"datePublished\":\"2023-05-09T09:02:44+02:00\",\"dateModified\":\"2023-05-09T09:02:44+02:00\"},{\"@type\":\"WebSite\",\"@id\":\"https:\\\/\\\/allasorias.hu\\\/hirek\\\/#website\",\"url\":\"https:\\\/\\\/allasorias.hu\\\/hirek\\\/\",\"name\":\"AllasOrias.hu | H\\u00edrek-lapszemle\",\"description\":\"\\u00dczleti h\\u00edrek az \\u00e1ll\\u00e1s \\u00e9s a munka vil\\u00e1g\\u00e1b\\u00f3l\",\"inLanguage\":\"hu-HU\",\"publisher\":{\"@id\":\"https:\\\/\\\/allasorias.hu\\\/hirek\\\/#organization\"}}]}\n\t\t<\/script>\n\t\t<!-- All in One SEO -->\n\n","aioseo_head_json":{"title":"Mennyit keresnek a fiatalok Magyarorsz\u00e1gon? | Allasorias.hu","description":"Hull\u00e1mz\u00f3nak mondhat\u00f3 a fiatalok keresete haz\u00e1nkban az elm\u00falt \u00e9vekben, amikor is n\u0151tt az \u00e1tlagj\u00f6vedelm\u00fck, de t\u00f6bb mint t\u00edz sz\u00e1zal\u00e9kuknak egy\u00e1ltal\u00e1n nincs.","canonical_url":"https:\/\/allasorias.hu\/hirek\/mennyit-keresnek-a-fiatalok-magyarorszagon\/","robots":"max-image-preview:large","keywords":"fiatalok keresete","webmasterTools":{"miscellaneous":""},"schema":{"@context":"https:\/\/schema.org","@graph":[{"@type":"Article","@id":"https:\/\/allasorias.hu\/hirek\/mennyit-keresnek-a-fiatalok-magyarorszagon\/#article","name":"Mennyit keresnek a fiatalok Magyarorsz\u00e1gon? | Allasorias.hu","headline":"Mennyit keresnek a fiatalok Magyarorsz\u00e1gon?","author":{"@id":"https:\/\/allasorias.hu\/hirek\/author\/admin-allasorias\/#author"},"publisher":{"@id":"https:\/\/allasorias.hu\/hirek\/#organization"},"image":{"@type":"ImageObject","url":"https:\/\/allasorias.hu\/hirek\/wp-content\/uploads\/2023\/05\/fiatalok-keresete.jpg","width":1280,"height":853,"caption":"Mennyit keresnek a fiatalok Magyarorsz\u00e1gon?  - Allasorias.hu\/Hirek"},"datePublished":"2023-05-09T09:02:44+02:00","dateModified":"2023-05-09T09:02:44+02:00","inLanguage":"hu-HU","mainEntityOfPage":{"@id":"https:\/\/allasorias.hu\/hirek\/mennyit-keresnek-a-fiatalok-magyarorszagon\/#webpage"},"isPartOf":{"@id":"https:\/\/allasorias.hu\/hirek\/mennyit-keresnek-a-fiatalok-magyarorszagon\/#webpage"},"articleSection":"Gazdas\u00e1g, fiatalok keresete"},{"@type":"BreadcrumbList","@id":"https:\/\/allasorias.hu\/hirek\/mennyit-keresnek-a-fiatalok-magyarorszagon\/#breadcrumblist","itemListElement":[{"@type":"ListItem","@id":"https:\/\/allasorias.hu\/hirek#listItem","position":1,"name":"Home","item":"https:\/\/allasorias.hu\/hirek","nextItem":{"@type":"ListItem","@id":"https:\/\/allasorias.hu\/hirek\/temak\/gazdasag\/#listItem","name":"Gazdas\u00e1g"}},{"@type":"ListItem","@id":"https:\/\/allasorias.hu\/hirek\/temak\/gazdasag\/#listItem","position":2,"name":"Gazdas\u00e1g","item":"https:\/\/allasorias.hu\/hirek\/temak\/gazdasag\/","nextItem":{"@type":"ListItem","@id":"https:\/\/allasorias.hu\/hirek\/mennyit-keresnek-a-fiatalok-magyarorszagon\/#listItem","name":"Mennyit keresnek a fiatalok Magyarorsz\u00e1gon?"},"previousItem":{"@type":"ListItem","@id":"https:\/\/allasorias.hu\/hirek#listItem","name":"Home"}},{"@type":"ListItem","@id":"https:\/\/allasorias.hu\/hirek\/mennyit-keresnek-a-fiatalok-magyarorszagon\/#listItem","position":3,"name":"Mennyit keresnek a fiatalok Magyarorsz\u00e1gon?","previousItem":{"@type":"ListItem","@id":"https:\/\/allasorias.hu\/hirek\/temak\/gazdasag\/#listItem","name":"Gazdas\u00e1g"}}]},{"@type":"Organization","@id":"https:\/\/allasorias.hu\/hirek\/#organization","name":"AllasOrias.hu | H\u00edrek-lapszemle","description":"\u00dczleti h\u00edrek az \u00e1ll\u00e1s \u00e9s a munka vil\u00e1g\u00e1b\u00f3l","url":"https:\/\/allasorias.hu\/hirek\/","logo":{"@type":"ImageObject","url":"https:\/\/allasorias.hu\/hirek\/wp-content\/uploads\/2022\/10\/allasorias_site_facebok_logo.png","@id":"https:\/\/allasorias.hu\/hirek\/mennyit-keresnek-a-fiatalok-magyarorszagon\/#organizationLogo"},"image":{"@id":"https:\/\/allasorias.hu\/hirek\/mennyit-keresnek-a-fiatalok-magyarorszagon\/#organizationLogo"},"sameAs":["https:\/\/www.facebook.com\/allasorias","https:\/\/www.linkedin.com\/company\/allasorias"]},{"@type":"Person","@id":"https:\/\/allasorias.hu\/hirek\/author\/admin-allasorias\/#author","url":"https:\/\/allasorias.hu\/hirek\/author\/admin-allasorias\/","name":"Juh\u00e1sz P\u00e9ter","image":{"@type":"ImageObject","@id":"https:\/\/allasorias.hu\/hirek\/mennyit-keresnek-a-fiatalok-magyarorszagon\/#authorImage","url":"https:\/\/secure.gravatar.com\/avatar\/36e6bcb83148978b992977cb0f54d22feb0cce8a0a849a9410532bb2623ba4c6?s=96&d=mm&r=g","width":96,"height":96,"caption":"Juh\u00e1sz P\u00e9ter"}},{"@type":"WebPage","@id":"https:\/\/allasorias.hu\/hirek\/mennyit-keresnek-a-fiatalok-magyarorszagon\/#webpage","url":"https:\/\/allasorias.hu\/hirek\/mennyit-keresnek-a-fiatalok-magyarorszagon\/","name":"Mennyit keresnek a fiatalok Magyarorsz\u00e1gon? | Allasorias.hu","description":"Hull\u00e1mz\u00f3nak mondhat\u00f3 a fiatalok keresete haz\u00e1nkban az elm\u00falt \u00e9vekben, amikor is n\u0151tt az \u00e1tlagj\u00f6vedelm\u00fck, de t\u00f6bb mint t\u00edz sz\u00e1zal\u00e9kuknak egy\u00e1ltal\u00e1n nincs.","inLanguage":"hu-HU","isPartOf":{"@id":"https:\/\/allasorias.hu\/hirek\/#website"},"breadcrumb":{"@id":"https:\/\/allasorias.hu\/hirek\/mennyit-keresnek-a-fiatalok-magyarorszagon\/#breadcrumblist"},"author":{"@id":"https:\/\/allasorias.hu\/hirek\/author\/admin-allasorias\/#author"},"creator":{"@id":"https:\/\/allasorias.hu\/hirek\/author\/admin-allasorias\/#author"},"image":{"@type":"ImageObject","url":"https:\/\/allasorias.hu\/hirek\/wp-content\/uploads\/2023\/05\/fiatalok-keresete.jpg","@id":"https:\/\/allasorias.hu\/hirek\/mennyit-keresnek-a-fiatalok-magyarorszagon\/#mainImage","width":1280,"height":853,"caption":"Mennyit keresnek a fiatalok Magyarorsz\u00e1gon?  - Allasorias.hu\/Hirek"},"primaryImageOfPage":{"@id":"https:\/\/allasorias.hu\/hirek\/mennyit-keresnek-a-fiatalok-magyarorszagon\/#mainImage"},"datePublished":"2023-05-09T09:02:44+02:00","dateModified":"2023-05-09T09:02:44+02:00"},{"@type":"WebSite","@id":"https:\/\/allasorias.hu\/hirek\/#website","url":"https:\/\/allasorias.hu\/hirek\/","name":"AllasOrias.hu | H\u00edrek-lapszemle","description":"\u00dczleti h\u00edrek az \u00e1ll\u00e1s \u00e9s a munka vil\u00e1g\u00e1b\u00f3l","inLanguage":"hu-HU","publisher":{"@id":"https:\/\/allasorias.hu\/hirek\/#organization"}}]},"og:locale":"hu_HU","og:site_name":"AllasOrias.hu | H\u00edrek-lapszemle | \u00dczleti h\u00edrek az \u00e1ll\u00e1s \u00e9s a munka vil\u00e1g\u00e1b\u00f3l","og:type":"article","og:title":"Mennyit keresnek a fiatalok Magyarorsz\u00e1gon? | Allasorias.hu","og:description":"Hull\u00e1mz\u00f3nak mondhat\u00f3 a fiatalok keresete haz\u00e1nkban az elm\u00falt \u00e9vekben, amikor is n\u0151tt az \u00e1tlagj\u00f6vedelm\u00fck, de t\u00f6bb mint t\u00edz sz\u00e1zal\u00e9kuknak egy\u00e1ltal\u00e1n nincs.","og:url":"https:\/\/allasorias.hu\/hirek\/mennyit-keresnek-a-fiatalok-magyarorszagon\/","og:image":"https:\/\/allasorias.hu\/hirek\/wp-content\/uploads\/2023\/05\/fiatalok-keresete.jpg","og:image:secure_url":"https:\/\/allasorias.hu\/hirek\/wp-content\/uploads\/2023\/05\/fiatalok-keresete.jpg","og:image:width":1280,"og:image:height":853,"article:published_time":"2023-05-09T09:02:44+00:00","article:modified_time":"2023-05-09T09:02:44+00:00","article:publisher":"https:\/\/www.facebook.com\/allasorias","twitter:card":"summary_large_image","twitter:title":"Mennyit keresnek a fiatalok Magyarorsz\u00e1gon? | Allasorias.hu","twitter:description":"Hull\u00e1mz\u00f3nak mondhat\u00f3 a fiatalok keresete haz\u00e1nkban az elm\u00falt \u00e9vekben, amikor is n\u0151tt az \u00e1tlagj\u00f6vedelm\u00fck, de t\u00f6bb mint t\u00edz sz\u00e1zal\u00e9kuknak egy\u00e1ltal\u00e1n nincs.","twitter:image":"https:\/\/allasorias.hu\/hirek\/wp-content\/uploads\/2023\/05\/fiatalok-keresete.jpg","twitter:label1":"Written by","twitter:data1":"Juh\u00e1sz P\u00e9ter","twitter:label2":"Est. reading time","twitter:data2":"2 minutes"},"aioseo_meta_data":{"post_id":"6459","title":"#post_title | Allasorias.hu","description":"Hull\u00e1mz\u00f3nak mondhat\u00f3 a fiatalok keresete haz\u00e1nkban az elm\u00falt \u00e9vekben, amikor is n\u0151tt az \u00e1tlagj\u00f6vedelm\u00fck, de t\u00f6bb mint t\u00edz sz\u00e1zal\u00e9kuknak egy\u00e1ltal\u00e1n nincs.","keywords":[],"keyphrases":{"focus":{"keyphrase":"","score":0,"analysis":{"keyphraseInTitle":{"score":0,"maxScore":9,"error":1}}},"additional":[]},"primary_term":null,"canonical_url":null,"og_title":null,"og_description":null,"og_object_type":"default","og_image_type":"default","og_image_url":null,"og_image_width":null,"og_image_height":null,"og_image_custom_url":null,"og_image_custom_fields":null,"og_video":"","og_custom_url":null,"og_article_section":null,"og_article_tags":[],"twitter_use_og":true,"twitter_card":"default","twitter_image_type":"default","twitter_image_url":null,"twitter_image_custom_url":null,"twitter_image_custom_fields":null,"twitter_title":null,"twitter_description":null,"schema":{"blockGraphs":[],"customGraphs":[],"default":{"data":{"Article":[],"Course":[],"Dataset":[],"FAQPage":[],"Movie":[],"Person":[],"Product":[],"ProductReview":[],"Car":[],"Recipe":[],"Service":[],"SoftwareApplication":[],"WebPage":[]},"graphName":"Article","isEnabled":true},"graphs":[]},"schema_type":"default","schema_type_options":null,"pillar_content":false,"robots_default":true,"robots_noindex":false,"robots_noarchive":false,"robots_nosnippet":false,"robots_nofollow":false,"robots_noimageindex":false,"robots_noodp":false,"robots_notranslate":false,"robots_max_snippet":"-1","robots_max_videopreview":"-1","robots_max_imagepreview":"large","priority":null,"frequency":"default","location":null,"local_seo":null,"breadcrumb_settings":null,"limit_modified_date":false,"ai":null,"created":"2023-05-09 08:54:55","updated":"2025-10-02 18:29:30","seo_analyzer_scan_date":null,"focus_keyword":null,"additional_keywords":null,"truseo_locale":null},"aioseo_breadcrumb":"<div class=\"aioseo-breadcrumbs\"><span class=\"aioseo-breadcrumb\">\n\t\t\t<a href=\"https:\/\/allasorias.hu\/hirek\" title=\"Home\">Home<\/a>\n\t\t<\/span><span class=\"aioseo-breadcrumb-separator\">&raquo;<\/span><span class=\"aioseo-breadcrumb\">\n\t\t\t<a href=\"https:\/\/allasorias.hu\/hirek\/temak\/gazdasag\/\" title=\"Gazdas\u00e1g\">Gazdas\u00e1g<\/a>\n\t\t<\/span><span class=\"aioseo-breadcrumb-separator\">&raquo;<\/span><span class=\"aioseo-breadcrumb\">\n\t\t\tMennyit keresnek a fiatalok Magyarorsz\u00e1gon?\n\t\t<\/span><\/div>","aioseo_breadcrumb_json":[{"label":"Home","link":"https:\/\/allasorias.hu\/hirek"},{"label":"Gazdas\u00e1g","link":"https:\/\/allasorias.hu\/hirek\/temak\/gazdasag\/"},{"label":"Mennyit keresnek a fiatalok Magyarorsz\u00e1gon?","link":"https:\/\/allasorias.hu\/hirek\/mennyit-keresnek-a-fiatalok-magyarorszagon\/"}],"_links":{"self":[{"href":"https:\/\/allasorias.hu\/hirek\/wp-json\/wp\/v2\/posts\/6459","targetHints":{"allow":["GET"]}}],"collection":[{"href":"https:\/\/allasorias.hu\/hirek\/wp-json\/wp\/v2\/posts"}],"about":[{"href":"https:\/\/allasorias.hu\/hirek\/wp-json\/wp\/v2\/types\/post"}],"author":[{"embeddable":true,"href":"https:\/\/allasorias.hu\/hirek\/wp-json\/wp\/v2\/users\/1"}],"replies":[{"embeddable":true,"href":"https:\/\/allasorias.hu\/hirek\/wp-json\/wp\/v2\/comments?post=6459"}],"version-history":[{"count":1,"href":"https:\/\/allasorias.hu\/hirek\/wp-json\/wp\/v2\/posts\/6459\/revisions"}],"predecessor-version":[{"id":6461,"href":"https:\/\/allasorias.hu\/hirek\/wp-json\/wp\/v2\/posts\/6459\/revisions\/6461"}],"wp:featuredmedia":[{"embeddable":true,"href":"https:\/\/allasorias.hu\/hirek\/wp-json\/wp\/v2\/media\/6460"}],"wp:attachment":[{"href":"https:\/\/allasorias.hu\/hirek\/wp-json\/wp\/v2\/media?parent=6459"}],"wp:term":[{"taxonomy":"category","embeddable":true,"href":"https:\/\/allasorias.hu\/hirek\/wp-json\/wp\/v2\/categories?post=6459"},{"taxonomy":"post_tag","embeddable":true,"href":"https:\/\/allasorias.hu\/hirek\/wp-json\/wp\/v2\/tags?post=6459"}],"curies":[{"name":"wp","href":"https:\/\/api.w.org\/{rel}","templated":true}]}}