{"id":6449,"date":"2023-05-05T06:54:34","date_gmt":"2023-05-05T06:54:34","guid":{"rendered":"https:\/\/allasorias.hu\/hirek\/?p=6449"},"modified":"2025-05-09T13:38:28","modified_gmt":"2025-05-09T11:38:28","slug":"hol-mennyi-megvaltozott-munkakepessegu-dolgozot-foglalkoztatnak","status":"publish","type":"post","link":"https:\/\/allasorias.hu\/hirek\/hol-mennyi-megvaltozott-munkakepessegu-dolgozot-foglalkoztatnak\/","title":{"rendered":"Hol, mennyi megv\u00e1ltozott munkak\u00e9pess\u00e9g\u0171 dolgoz\u00f3t foglalkoztatnak?"},"content":{"rendered":"<p><strong>A legal\u00e1bb 10 embert foglalkoztat\u00f3, versenyszf\u00e9r\u00e1ban m\u0171k\u00f6d\u0151 c\u00e9gek 20 sz\u00e1zal\u00e9k\u00e1n\u00e1l dolgozik legal\u00e1bb egy megv\u00e1ltozott munkak\u00e9pess\u00e9g\u0171 szem\u00e9ly. Az ar\u00e1ny azonban a c\u00e9gek m\u00e9rete alapj\u00e1n jelent\u0151sen sz\u00f3r\u00f3dik.<\/strong><\/p>\n<p>A versenyszf\u00e9r\u00e1ban m\u0171k\u00f6d\u0151 c\u00e9gek 20 sz\u00e1zal\u00e9ka foglalkoztat legal\u00e1bb egy <a href=\"https:\/\/allasorias.hu\/hirek\/megvaltozott-munkakepessegu-emberek-a-munkaeropiacon\/\">megv\u00e1ltozott munkak\u00e9pess\u00e9g\u0171 (mmk) dolgoz\u00f3t<\/a> \u2013 k\u00f6z\u00f6lte az MKIK Gazdas\u00e1g- \u00e9s V\u00e1llalkoz\u00e1skutat\u00f3 Int\u00e9zet. Az adatok a GVI 2022 \u0151szi R\u00f6vidt\u00e1v\u00fa munkaer\u0151piaci progn\u00f3zis kutat\u00e1s\u00e1b\u00f3l sz\u00e1rmaznak. Az elemz\u00e9sbe 4387 magyarorsz\u00e1gi, legal\u00e1bb 10 embert foglalkoztat\u00f3, versenyszf\u00e9r\u00e1hoz sorolhat\u00f3 mez\u0151gazdas\u00e1gi, feldolgoz\u00f3ipari, \u00e9p\u00edt\u0151ipari, kereskedelmi \u00e9s szolg\u00e1ltat\u00f3 c\u00e9get vontak be.<\/p>\n<p>A Magyarorsz\u00e1gon m\u0171k\u00f6d\u0151 v\u00e1llalkoz\u00e1sok megv\u00e1ltozott munkak\u00e9pess\u00e9g\u0171 szem\u00e9lyek ny\u00edlt munkaer\u0151piaci foglalkoztat\u00e1s\u00e1val \u00f6sszef\u00fcgg\u0151 tapasztalatait vizsg\u00e1lt\u00e1k. Az elemz\u00e9sben figyelembe vett\u00e9k, hogy a t\u00f6rv\u00e9nyi szab\u00e1lyoz\u00e1s \u00e9rtelm\u00e9ben a munkaad\u00f3 rehabilit\u00e1ci\u00f3s hozz\u00e1j\u00e1rul\u00e1s fizet\u00e9s\u00e9re k\u00f6teles, ha az \u00e1ltala foglalkoztatottak \u00e1tlagos statisztikai \u00e1llom\u00e1nyi l\u00e9tsz\u00e1ma a 25-\u00f6t meghaladja, valamint az \u00e1ltala foglalkoztatott mmk szem\u00e9lyek \u00e1tlagos statisztikai \u00e1llom\u00e1nyi l\u00e9tsz\u00e1ma nem \u00e9ri el a l\u00e9tsz\u00e1m 5 sz\u00e1zal\u00e9k\u00e1t. <strong>A kutat\u00e1sb\u00f3l kider\u00fclt, hogy a legal\u00e1bb 10 embert foglalkoztat\u00f3, versenyszf\u00e9r\u00e1ban m\u0171k\u00f6d\u0151 c\u00e9gek 20 sz\u00e1zal\u00e9k\u00e1n\u00e1l dolgozik legal\u00e1bb egy megv\u00e1ltozott munkak\u00e9pess\u00e9g\u0171 szem\u00e9ly. <\/strong><\/p>\n<p>Az ar\u00e1ny azonban a c\u00e9gek m\u00e9rete alapj\u00e1n jelent\u0151sen sz\u00f3r\u00f3dik: a 10\u201325 embert foglalkoztat\u00f3 \u2013 a rehabilit\u00e1ci\u00f3s hozz\u00e1j\u00e1rul\u00e1s megfizet\u00e9se al\u00f3l eleve mentes\u00fcl\u0151 \u2013 c\u00e9geknek csup\u00e1n 7 sz\u00e1zal\u00e9ka alkalmaz mmk szem\u00e9lyt, viszont a 26\u201349, 50-249, illetve a 250-n\u00e9l t\u00f6bb dolgoz\u00f3t foglalkoztat\u00f3 v\u00e1llalatok kateg\u00f3ri\u00e1j\u00e1ban az ar\u00e1ny m\u00e1r el\u00e9ri a 37, az 50, illetve a 69 sz\u00e1zal\u00e9kot. Az elemz\u0151k r\u00e1mutattak, hogy a vizsg\u00e1lt c\u00e9gekn\u00e9l a foglalkoztatottak mind\u00f6ssze 1,6 sz\u00e1zal\u00e9ka megv\u00e1ltozott munkak\u00e9pess\u00e9g\u0171. A gazdas\u00e1gi \u00e1gazatokat tekintve a szolg\u00e1ltat\u00e1sok ter\u00fclet\u00e9n \u00e9s a mez\u0151gazdas\u00e1gban a legmagasabb, a kereskedelemben \u00e9s az \u00e9p\u00edt\u0151iparban viszont a legalacsonyabb az mmk munkav\u00e1llal\u00f3k \u00f6sszes\u00edtett foglalkoztatotti l\u00e9tsz\u00e1mhoz viszony\u00edtott ar\u00e1nya.<\/p>\n<p>Forr\u00e1s: <a href=\"https:\/\/hirado.hu\/belfold\/gazdasag\/cikk\/2023\/05\/04\/mkik-gvi-a-cegek-20-szazaleka-foglalkoztat-megvaltozott-munkakepessegu-dolgozot\" target=\"_blank\" rel=\"nofollow noopener\">hirado.hu<\/a><\/p>\n","protected":false},"excerpt":{"rendered":"<p>A legal\u00e1bb 10 embert foglalkoztat\u00f3, versenyszf\u00e9r\u00e1ban m\u0171k\u00f6d\u0151 c\u00e9gek 20 sz\u00e1zal\u00e9k\u00e1n\u00e1l dolgozik legal\u00e1bb egy megv\u00e1ltozott munkak\u00e9pess\u00e9g\u0171 szem\u00e9ly. Az ar\u00e1ny azonban a c\u00e9gek m\u00e9rete alapj\u00e1n jelent\u0151sen sz\u00f3r\u00f3dik. A versenyszf\u00e9r\u00e1ban m\u0171k\u00f6d\u0151 c\u00e9gek 20 sz\u00e1zal\u00e9ka foglalkoztat legal\u00e1bb egy megv\u00e1ltozott munkak\u00e9pess\u00e9g\u0171 (mmk) dolgoz\u00f3t \u2013 k\u00f6z\u00f6lte az MKIK Gazdas\u00e1g- \u00e9s V\u00e1llalkoz\u00e1skutat\u00f3 Int\u00e9zet. Az adatok a GVI 2022 \u0151szi R\u00f6vidt\u00e1v\u00fa munkaer\u0151piaci progn\u00f3zis [&hellip;]<\/p>\n","protected":false},"author":1,"featured_media":6450,"comment_status":"closed","ping_status":"closed","sticky":false,"template":"","format":"standard","meta":{"_monsterinsights_skip_tracking":false,"footnotes":""},"categories":[200],"tags":[494,495],"class_list":["post-6449","post","type-post","status-publish","format-standard","has-post-thumbnail","hentry","category-munkaeropiac","tag-megvaltozott-munkakepessegu-dolgozo","tag-mmk"],"aioseo_notices":[],"aioseo_head":"\n\t\t<!-- All in One SEO 5.0.0.1 - aioseo.com -->\n\t<meta name=\"description\" content=\"A legal\u00e1bb 10 embert foglalkoztat\u00f3, versenyszf\u00e9r\u00e1ban m\u0171k\u00f6d\u0151 c\u00e9gek 20 sz\u00e1zal\u00e9k\u00e1n\u00e1l dolgozik legal\u00e1bb egy megv\u00e1ltozott munkak\u00e9pess\u00e9g\u0171 szem\u00e9ly.\" \/>\n\t<meta name=\"robots\" content=\"max-image-preview:large\" \/>\n\t<meta name=\"author\" content=\"Juh\u00e1sz P\u00e9ter\"\/>\n\t<meta name=\"keywords\" content=\"megv\u00e1ltozott munkak\u00e9pess\u00e9g\u0171 dolgoz\u00f3,mmk\" \/>\n\t<link rel=\"canonical\" href=\"https:\/\/allasorias.hu\/hirek\/hol-mennyi-megvaltozott-munkakepessegu-dolgozot-foglalkoztatnak\/\" \/>\n\t<meta name=\"generator\" content=\"All in One SEO (AIOSEO) 5.0.0.1\" \/>\n\t\t<meta property=\"og:locale\" content=\"hu_HU\" \/>\n\t\t<meta property=\"og:site_name\" content=\"AllasOrias.hu | H\u00edrek-lapszemle | \u00dczleti h\u00edrek az \u00e1ll\u00e1s \u00e9s a munka vil\u00e1g\u00e1b\u00f3l\" \/>\n\t\t<meta property=\"og:type\" content=\"article\" \/>\n\t\t<meta property=\"og:title\" content=\"Megv\u00e1ltozott munkak\u00e9pess\u00e9g\u0171ek foglalkoztat\u00e1sa\" \/>\n\t\t<meta property=\"og:description\" content=\"A legal\u00e1bb 10 embert foglalkoztat\u00f3, versenyszf\u00e9r\u00e1ban m\u0171k\u00f6d\u0151 c\u00e9gek 20 sz\u00e1zal\u00e9k\u00e1n\u00e1l dolgozik legal\u00e1bb egy megv\u00e1ltozott munkak\u00e9pess\u00e9g\u0171 szem\u00e9ly.\" \/>\n\t\t<meta property=\"og:url\" content=\"https:\/\/allasorias.hu\/hirek\/hol-mennyi-megvaltozott-munkakepessegu-dolgozot-foglalkoztatnak\/\" \/>\n\t\t<meta property=\"og:image\" content=\"https:\/\/allasorias.hu\/hirek\/wp-content\/uploads\/2023\/05\/megvaltozott-munkakepessegu-dolgozo.jpg\" \/>\n\t\t<meta property=\"og:image:secure_url\" content=\"https:\/\/allasorias.hu\/hirek\/wp-content\/uploads\/2023\/05\/megvaltozott-munkakepessegu-dolgozo.jpg\" \/>\n\t\t<meta property=\"og:image:width\" content=\"1280\" \/>\n\t\t<meta property=\"og:image:height\" content=\"720\" \/>\n\t\t<meta property=\"article:published_time\" content=\"2023-05-05T06:54:34+00:00\" \/>\n\t\t<meta property=\"article:modified_time\" content=\"2025-05-09T11:38:28+00:00\" \/>\n\t\t<meta property=\"article:publisher\" content=\"https:\/\/www.facebook.com\/allasorias\" \/>\n\t\t<meta name=\"twitter:card\" content=\"summary_large_image\" \/>\n\t\t<meta name=\"twitter:title\" content=\"Megv\u00e1ltozott munkak\u00e9pess\u00e9g\u0171ek foglalkoztat\u00e1sa\" \/>\n\t\t<meta name=\"twitter:description\" content=\"A legal\u00e1bb 10 embert foglalkoztat\u00f3, versenyszf\u00e9r\u00e1ban m\u0171k\u00f6d\u0151 c\u00e9gek 20 sz\u00e1zal\u00e9k\u00e1n\u00e1l dolgozik legal\u00e1bb egy megv\u00e1ltozott munkak\u00e9pess\u00e9g\u0171 szem\u00e9ly.\" \/>\n\t\t<meta name=\"twitter:image\" content=\"https:\/\/allasorias.hu\/hirek\/wp-content\/uploads\/2023\/05\/megvaltozott-munkakepessegu-dolgozo.jpg\" \/>\n\t\t<meta name=\"twitter:label1\" content=\"Written by\" \/>\n\t\t<meta name=\"twitter:data1\" content=\"Juh\u00e1sz P\u00e9ter\" \/>\n\t\t<meta name=\"twitter:label2\" content=\"Est. reading time\" \/>\n\t\t<meta name=\"twitter:data2\" content=\"2 minutes\" \/>\n\t\t<script type=\"application\/ld+json\" class=\"aioseo-schema\">\n\t\t\t{\"@context\":\"https:\\\/\\\/schema.org\",\"@graph\":[{\"@type\":\"Article\",\"@id\":\"https:\\\/\\\/allasorias.hu\\\/hirek\\\/hol-mennyi-megvaltozott-munkakepessegu-dolgozot-foglalkoztatnak\\\/#article\",\"name\":\"Megv\\u00e1ltozott munkak\\u00e9pess\\u00e9g\\u0171ek foglalkoztat\\u00e1sa\",\"headline\":\"Hol, mennyi megv\\u00e1ltozott munkak\\u00e9pess\\u00e9g\\u0171 dolgoz\\u00f3t foglalkoztatnak?\",\"author\":{\"@id\":\"https:\\\/\\\/allasorias.hu\\\/hirek\\\/author\\\/admin-allasorias\\\/#author\"},\"publisher\":{\"@id\":\"https:\\\/\\\/allasorias.hu\\\/hirek\\\/#organization\"},\"image\":{\"@type\":\"ImageObject\",\"url\":\"https:\\\/\\\/allasorias.hu\\\/hirek\\\/wp-content\\\/uploads\\\/2023\\\/05\\\/megvaltozott-munkakepessegu-dolgozo.jpg\",\"width\":1280,\"height\":720,\"caption\":\"Hol, mennyi megv\\u00e1ltozott munkak\\u00e9pess\\u00e9g\\u0171 dolgoz\\u00f3t foglalkoztatnak? - Allasorias.hu\\\/Hirek\"},\"datePublished\":\"2023-05-05T06:54:34+02:00\",\"dateModified\":\"2025-05-09T13:38:28+02:00\",\"inLanguage\":\"hu-HU\",\"mainEntityOfPage\":{\"@id\":\"https:\\\/\\\/allasorias.hu\\\/hirek\\\/hol-mennyi-megvaltozott-munkakepessegu-dolgozot-foglalkoztatnak\\\/#webpage\"},\"isPartOf\":{\"@id\":\"https:\\\/\\\/allasorias.hu\\\/hirek\\\/hol-mennyi-megvaltozott-munkakepessegu-dolgozot-foglalkoztatnak\\\/#webpage\"},\"articleSection\":\"Munkaer\\u0151piac, megv\\u00e1ltozott munkak\\u00e9pess\\u00e9g\\u0171 dolgoz\\u00f3, mmk\"},{\"@type\":\"BreadcrumbList\",\"@id\":\"https:\\\/\\\/allasorias.hu\\\/hirek\\\/hol-mennyi-megvaltozott-munkakepessegu-dolgozot-foglalkoztatnak\\\/#breadcrumblist\",\"itemListElement\":[{\"@type\":\"ListItem\",\"@id\":\"https:\\\/\\\/allasorias.hu\\\/hirek#listItem\",\"position\":1,\"name\":\"Home\",\"item\":\"https:\\\/\\\/allasorias.hu\\\/hirek\",\"nextItem\":{\"@type\":\"ListItem\",\"@id\":\"https:\\\/\\\/allasorias.hu\\\/hirek\\\/temak\\\/munkaeropiac\\\/#listItem\",\"name\":\"Munkaer\\u0151piac\"}},{\"@type\":\"ListItem\",\"@id\":\"https:\\\/\\\/allasorias.hu\\\/hirek\\\/temak\\\/munkaeropiac\\\/#listItem\",\"position\":2,\"name\":\"Munkaer\\u0151piac\",\"item\":\"https:\\\/\\\/allasorias.hu\\\/hirek\\\/temak\\\/munkaeropiac\\\/\",\"nextItem\":{\"@type\":\"ListItem\",\"@id\":\"https:\\\/\\\/allasorias.hu\\\/hirek\\\/hol-mennyi-megvaltozott-munkakepessegu-dolgozot-foglalkoztatnak\\\/#listItem\",\"name\":\"Hol, mennyi megv\\u00e1ltozott munkak\\u00e9pess\\u00e9g\\u0171 dolgoz\\u00f3t foglalkoztatnak?\"},\"previousItem\":{\"@type\":\"ListItem\",\"@id\":\"https:\\\/\\\/allasorias.hu\\\/hirek#listItem\",\"name\":\"Home\"}},{\"@type\":\"ListItem\",\"@id\":\"https:\\\/\\\/allasorias.hu\\\/hirek\\\/hol-mennyi-megvaltozott-munkakepessegu-dolgozot-foglalkoztatnak\\\/#listItem\",\"position\":3,\"name\":\"Hol, mennyi megv\\u00e1ltozott munkak\\u00e9pess\\u00e9g\\u0171 dolgoz\\u00f3t foglalkoztatnak?\",\"previousItem\":{\"@type\":\"ListItem\",\"@id\":\"https:\\\/\\\/allasorias.hu\\\/hirek\\\/temak\\\/munkaeropiac\\\/#listItem\",\"name\":\"Munkaer\\u0151piac\"}}]},{\"@type\":\"Organization\",\"@id\":\"https:\\\/\\\/allasorias.hu\\\/hirek\\\/#organization\",\"name\":\"AllasOrias.hu | H\\u00edrek-lapszemle\",\"description\":\"\\u00dczleti h\\u00edrek az \\u00e1ll\\u00e1s \\u00e9s a munka vil\\u00e1g\\u00e1b\\u00f3l\",\"url\":\"https:\\\/\\\/allasorias.hu\\\/hirek\\\/\",\"logo\":{\"@type\":\"ImageObject\",\"url\":\"https:\\\/\\\/allasorias.hu\\\/hirek\\\/wp-content\\\/uploads\\\/2022\\\/10\\\/allasorias_site_facebok_logo.png\",\"@id\":\"https:\\\/\\\/allasorias.hu\\\/hirek\\\/hol-mennyi-megvaltozott-munkakepessegu-dolgozot-foglalkoztatnak\\\/#organizationLogo\"},\"image\":{\"@id\":\"https:\\\/\\\/allasorias.hu\\\/hirek\\\/hol-mennyi-megvaltozott-munkakepessegu-dolgozot-foglalkoztatnak\\\/#organizationLogo\"},\"sameAs\":[\"https:\\\/\\\/www.facebook.com\\\/allasorias\",\"https:\\\/\\\/www.linkedin.com\\\/company\\\/allasorias\"]},{\"@type\":\"Person\",\"@id\":\"https:\\\/\\\/allasorias.hu\\\/hirek\\\/author\\\/admin-allasorias\\\/#author\",\"url\":\"https:\\\/\\\/allasorias.hu\\\/hirek\\\/author\\\/admin-allasorias\\\/\",\"name\":\"Juh\\u00e1sz P\\u00e9ter\",\"image\":{\"@type\":\"ImageObject\",\"@id\":\"https:\\\/\\\/allasorias.hu\\\/hirek\\\/hol-mennyi-megvaltozott-munkakepessegu-dolgozot-foglalkoztatnak\\\/#authorImage\",\"url\":\"https:\\\/\\\/secure.gravatar.com\\\/avatar\\\/36e6bcb83148978b992977cb0f54d22feb0cce8a0a849a9410532bb2623ba4c6?s=96&d=mm&r=g\",\"width\":96,\"height\":96,\"caption\":\"Juh\\u00e1sz P\\u00e9ter\"}},{\"@type\":\"WebPage\",\"@id\":\"https:\\\/\\\/allasorias.hu\\\/hirek\\\/hol-mennyi-megvaltozott-munkakepessegu-dolgozot-foglalkoztatnak\\\/#webpage\",\"url\":\"https:\\\/\\\/allasorias.hu\\\/hirek\\\/hol-mennyi-megvaltozott-munkakepessegu-dolgozot-foglalkoztatnak\\\/\",\"name\":\"Megv\\u00e1ltozott munkak\\u00e9pess\\u00e9g\\u0171ek foglalkoztat\\u00e1sa\",\"description\":\"A legal\\u00e1bb 10 embert foglalkoztat\\u00f3, versenyszf\\u00e9r\\u00e1ban m\\u0171k\\u00f6d\\u0151 c\\u00e9gek 20 sz\\u00e1zal\\u00e9k\\u00e1n\\u00e1l dolgozik legal\\u00e1bb egy megv\\u00e1ltozott munkak\\u00e9pess\\u00e9g\\u0171 szem\\u00e9ly.\",\"inLanguage\":\"hu-HU\",\"isPartOf\":{\"@id\":\"https:\\\/\\\/allasorias.hu\\\/hirek\\\/#website\"},\"breadcrumb\":{\"@id\":\"https:\\\/\\\/allasorias.hu\\\/hirek\\\/hol-mennyi-megvaltozott-munkakepessegu-dolgozot-foglalkoztatnak\\\/#breadcrumblist\"},\"author\":{\"@id\":\"https:\\\/\\\/allasorias.hu\\\/hirek\\\/author\\\/admin-allasorias\\\/#author\"},\"creator\":{\"@id\":\"https:\\\/\\\/allasorias.hu\\\/hirek\\\/author\\\/admin-allasorias\\\/#author\"},\"image\":{\"@type\":\"ImageObject\",\"url\":\"https:\\\/\\\/allasorias.hu\\\/hirek\\\/wp-content\\\/uploads\\\/2023\\\/05\\\/megvaltozott-munkakepessegu-dolgozo.jpg\",\"@id\":\"https:\\\/\\\/allasorias.hu\\\/hirek\\\/hol-mennyi-megvaltozott-munkakepessegu-dolgozot-foglalkoztatnak\\\/#mainImage\",\"width\":1280,\"height\":720,\"caption\":\"Hol, mennyi megv\\u00e1ltozott munkak\\u00e9pess\\u00e9g\\u0171 dolgoz\\u00f3t foglalkoztatnak? - Allasorias.hu\\\/Hirek\"},\"primaryImageOfPage\":{\"@id\":\"https:\\\/\\\/allasorias.hu\\\/hirek\\\/hol-mennyi-megvaltozott-munkakepessegu-dolgozot-foglalkoztatnak\\\/#mainImage\"},\"datePublished\":\"2023-05-05T06:54:34+02:00\",\"dateModified\":\"2025-05-09T13:38:28+02:00\"},{\"@type\":\"WebSite\",\"@id\":\"https:\\\/\\\/allasorias.hu\\\/hirek\\\/#website\",\"url\":\"https:\\\/\\\/allasorias.hu\\\/hirek\\\/\",\"name\":\"AllasOrias.hu | H\\u00edrek-lapszemle\",\"description\":\"\\u00dczleti h\\u00edrek az \\u00e1ll\\u00e1s \\u00e9s a munka vil\\u00e1g\\u00e1b\\u00f3l\",\"inLanguage\":\"hu-HU\",\"publisher\":{\"@id\":\"https:\\\/\\\/allasorias.hu\\\/hirek\\\/#organization\"}}]}\n\t\t<\/script>\n\t\t<!-- All in One SEO -->\n\n","aioseo_head_json":{"title":"Megv\u00e1ltozott munkak\u00e9pess\u00e9g\u0171ek foglalkoztat\u00e1sa","description":"A legal\u00e1bb 10 embert foglalkoztat\u00f3, versenyszf\u00e9r\u00e1ban m\u0171k\u00f6d\u0151 c\u00e9gek 20 sz\u00e1zal\u00e9k\u00e1n\u00e1l dolgozik legal\u00e1bb egy megv\u00e1ltozott munkak\u00e9pess\u00e9g\u0171 szem\u00e9ly.","canonical_url":"https:\/\/allasorias.hu\/hirek\/hol-mennyi-megvaltozott-munkakepessegu-dolgozot-foglalkoztatnak\/","robots":"max-image-preview:large","keywords":"megv\u00e1ltozott munkak\u00e9pess\u00e9g\u0171 dolgoz\u00f3,mmk","webmasterTools":{"miscellaneous":""},"schema":{"@context":"https:\/\/schema.org","@graph":[{"@type":"Article","@id":"https:\/\/allasorias.hu\/hirek\/hol-mennyi-megvaltozott-munkakepessegu-dolgozot-foglalkoztatnak\/#article","name":"Megv\u00e1ltozott munkak\u00e9pess\u00e9g\u0171ek foglalkoztat\u00e1sa","headline":"Hol, mennyi megv\u00e1ltozott munkak\u00e9pess\u00e9g\u0171 dolgoz\u00f3t foglalkoztatnak?","author":{"@id":"https:\/\/allasorias.hu\/hirek\/author\/admin-allasorias\/#author"},"publisher":{"@id":"https:\/\/allasorias.hu\/hirek\/#organization"},"image":{"@type":"ImageObject","url":"https:\/\/allasorias.hu\/hirek\/wp-content\/uploads\/2023\/05\/megvaltozott-munkakepessegu-dolgozo.jpg","width":1280,"height":720,"caption":"Hol, mennyi megv\u00e1ltozott munkak\u00e9pess\u00e9g\u0171 dolgoz\u00f3t foglalkoztatnak? - Allasorias.hu\/Hirek"},"datePublished":"2023-05-05T06:54:34+02:00","dateModified":"2025-05-09T13:38:28+02:00","inLanguage":"hu-HU","mainEntityOfPage":{"@id":"https:\/\/allasorias.hu\/hirek\/hol-mennyi-megvaltozott-munkakepessegu-dolgozot-foglalkoztatnak\/#webpage"},"isPartOf":{"@id":"https:\/\/allasorias.hu\/hirek\/hol-mennyi-megvaltozott-munkakepessegu-dolgozot-foglalkoztatnak\/#webpage"},"articleSection":"Munkaer\u0151piac, megv\u00e1ltozott munkak\u00e9pess\u00e9g\u0171 dolgoz\u00f3, mmk"},{"@type":"BreadcrumbList","@id":"https:\/\/allasorias.hu\/hirek\/hol-mennyi-megvaltozott-munkakepessegu-dolgozot-foglalkoztatnak\/#breadcrumblist","itemListElement":[{"@type":"ListItem","@id":"https:\/\/allasorias.hu\/hirek#listItem","position":1,"name":"Home","item":"https:\/\/allasorias.hu\/hirek","nextItem":{"@type":"ListItem","@id":"https:\/\/allasorias.hu\/hirek\/temak\/munkaeropiac\/#listItem","name":"Munkaer\u0151piac"}},{"@type":"ListItem","@id":"https:\/\/allasorias.hu\/hirek\/temak\/munkaeropiac\/#listItem","position":2,"name":"Munkaer\u0151piac","item":"https:\/\/allasorias.hu\/hirek\/temak\/munkaeropiac\/","nextItem":{"@type":"ListItem","@id":"https:\/\/allasorias.hu\/hirek\/hol-mennyi-megvaltozott-munkakepessegu-dolgozot-foglalkoztatnak\/#listItem","name":"Hol, mennyi megv\u00e1ltozott munkak\u00e9pess\u00e9g\u0171 dolgoz\u00f3t foglalkoztatnak?"},"previousItem":{"@type":"ListItem","@id":"https:\/\/allasorias.hu\/hirek#listItem","name":"Home"}},{"@type":"ListItem","@id":"https:\/\/allasorias.hu\/hirek\/hol-mennyi-megvaltozott-munkakepessegu-dolgozot-foglalkoztatnak\/#listItem","position":3,"name":"Hol, mennyi megv\u00e1ltozott munkak\u00e9pess\u00e9g\u0171 dolgoz\u00f3t foglalkoztatnak?","previousItem":{"@type":"ListItem","@id":"https:\/\/allasorias.hu\/hirek\/temak\/munkaeropiac\/#listItem","name":"Munkaer\u0151piac"}}]},{"@type":"Organization","@id":"https:\/\/allasorias.hu\/hirek\/#organization","name":"AllasOrias.hu | H\u00edrek-lapszemle","description":"\u00dczleti h\u00edrek az \u00e1ll\u00e1s \u00e9s a munka vil\u00e1g\u00e1b\u00f3l","url":"https:\/\/allasorias.hu\/hirek\/","logo":{"@type":"ImageObject","url":"https:\/\/allasorias.hu\/hirek\/wp-content\/uploads\/2022\/10\/allasorias_site_facebok_logo.png","@id":"https:\/\/allasorias.hu\/hirek\/hol-mennyi-megvaltozott-munkakepessegu-dolgozot-foglalkoztatnak\/#organizationLogo"},"image":{"@id":"https:\/\/allasorias.hu\/hirek\/hol-mennyi-megvaltozott-munkakepessegu-dolgozot-foglalkoztatnak\/#organizationLogo"},"sameAs":["https:\/\/www.facebook.com\/allasorias","https:\/\/www.linkedin.com\/company\/allasorias"]},{"@type":"Person","@id":"https:\/\/allasorias.hu\/hirek\/author\/admin-allasorias\/#author","url":"https:\/\/allasorias.hu\/hirek\/author\/admin-allasorias\/","name":"Juh\u00e1sz P\u00e9ter","image":{"@type":"ImageObject","@id":"https:\/\/allasorias.hu\/hirek\/hol-mennyi-megvaltozott-munkakepessegu-dolgozot-foglalkoztatnak\/#authorImage","url":"https:\/\/secure.gravatar.com\/avatar\/36e6bcb83148978b992977cb0f54d22feb0cce8a0a849a9410532bb2623ba4c6?s=96&d=mm&r=g","width":96,"height":96,"caption":"Juh\u00e1sz P\u00e9ter"}},{"@type":"WebPage","@id":"https:\/\/allasorias.hu\/hirek\/hol-mennyi-megvaltozott-munkakepessegu-dolgozot-foglalkoztatnak\/#webpage","url":"https:\/\/allasorias.hu\/hirek\/hol-mennyi-megvaltozott-munkakepessegu-dolgozot-foglalkoztatnak\/","name":"Megv\u00e1ltozott munkak\u00e9pess\u00e9g\u0171ek foglalkoztat\u00e1sa","description":"A legal\u00e1bb 10 embert foglalkoztat\u00f3, versenyszf\u00e9r\u00e1ban m\u0171k\u00f6d\u0151 c\u00e9gek 20 sz\u00e1zal\u00e9k\u00e1n\u00e1l dolgozik legal\u00e1bb egy megv\u00e1ltozott munkak\u00e9pess\u00e9g\u0171 szem\u00e9ly.","inLanguage":"hu-HU","isPartOf":{"@id":"https:\/\/allasorias.hu\/hirek\/#website"},"breadcrumb":{"@id":"https:\/\/allasorias.hu\/hirek\/hol-mennyi-megvaltozott-munkakepessegu-dolgozot-foglalkoztatnak\/#breadcrumblist"},"author":{"@id":"https:\/\/allasorias.hu\/hirek\/author\/admin-allasorias\/#author"},"creator":{"@id":"https:\/\/allasorias.hu\/hirek\/author\/admin-allasorias\/#author"},"image":{"@type":"ImageObject","url":"https:\/\/allasorias.hu\/hirek\/wp-content\/uploads\/2023\/05\/megvaltozott-munkakepessegu-dolgozo.jpg","@id":"https:\/\/allasorias.hu\/hirek\/hol-mennyi-megvaltozott-munkakepessegu-dolgozot-foglalkoztatnak\/#mainImage","width":1280,"height":720,"caption":"Hol, mennyi megv\u00e1ltozott munkak\u00e9pess\u00e9g\u0171 dolgoz\u00f3t foglalkoztatnak? - Allasorias.hu\/Hirek"},"primaryImageOfPage":{"@id":"https:\/\/allasorias.hu\/hirek\/hol-mennyi-megvaltozott-munkakepessegu-dolgozot-foglalkoztatnak\/#mainImage"},"datePublished":"2023-05-05T06:54:34+02:00","dateModified":"2025-05-09T13:38:28+02:00"},{"@type":"WebSite","@id":"https:\/\/allasorias.hu\/hirek\/#website","url":"https:\/\/allasorias.hu\/hirek\/","name":"AllasOrias.hu | H\u00edrek-lapszemle","description":"\u00dczleti h\u00edrek az \u00e1ll\u00e1s \u00e9s a munka vil\u00e1g\u00e1b\u00f3l","inLanguage":"hu-HU","publisher":{"@id":"https:\/\/allasorias.hu\/hirek\/#organization"}}]},"og:locale":"hu_HU","og:site_name":"AllasOrias.hu | H\u00edrek-lapszemle | \u00dczleti h\u00edrek az \u00e1ll\u00e1s \u00e9s a munka vil\u00e1g\u00e1b\u00f3l","og:type":"article","og:title":"Megv\u00e1ltozott munkak\u00e9pess\u00e9g\u0171ek foglalkoztat\u00e1sa","og:description":"A legal\u00e1bb 10 embert foglalkoztat\u00f3, versenyszf\u00e9r\u00e1ban m\u0171k\u00f6d\u0151 c\u00e9gek 20 sz\u00e1zal\u00e9k\u00e1n\u00e1l dolgozik legal\u00e1bb egy megv\u00e1ltozott munkak\u00e9pess\u00e9g\u0171 szem\u00e9ly.","og:url":"https:\/\/allasorias.hu\/hirek\/hol-mennyi-megvaltozott-munkakepessegu-dolgozot-foglalkoztatnak\/","og:image":"https:\/\/allasorias.hu\/hirek\/wp-content\/uploads\/2023\/05\/megvaltozott-munkakepessegu-dolgozo.jpg","og:image:secure_url":"https:\/\/allasorias.hu\/hirek\/wp-content\/uploads\/2023\/05\/megvaltozott-munkakepessegu-dolgozo.jpg","og:image:width":1280,"og:image:height":720,"article:published_time":"2023-05-05T06:54:34+00:00","article:modified_time":"2025-05-09T11:38:28+00:00","article:publisher":"https:\/\/www.facebook.com\/allasorias","twitter:card":"summary_large_image","twitter:title":"Megv\u00e1ltozott munkak\u00e9pess\u00e9g\u0171ek foglalkoztat\u00e1sa","twitter:description":"A legal\u00e1bb 10 embert foglalkoztat\u00f3, versenyszf\u00e9r\u00e1ban m\u0171k\u00f6d\u0151 c\u00e9gek 20 sz\u00e1zal\u00e9k\u00e1n\u00e1l dolgozik legal\u00e1bb egy megv\u00e1ltozott munkak\u00e9pess\u00e9g\u0171 szem\u00e9ly.","twitter:image":"https:\/\/allasorias.hu\/hirek\/wp-content\/uploads\/2023\/05\/megvaltozott-munkakepessegu-dolgozo.jpg","twitter:label1":"Written by","twitter:data1":"Juh\u00e1sz P\u00e9ter","twitter:label2":"Est. reading time","twitter:data2":"2 minutes"},"aioseo_meta_data":{"post_id":"6449","title":"Megv\u00e1ltozott munkak\u00e9pess\u00e9g\u0171ek foglalkoztat\u00e1sa","description":"A legal\u00e1bb 10 embert foglalkoztat\u00f3, versenyszf\u00e9r\u00e1ban m\u0171k\u00f6d\u0151 c\u00e9gek 20 sz\u00e1zal\u00e9k\u00e1n\u00e1l dolgozik legal\u00e1bb egy megv\u00e1ltozott munkak\u00e9pess\u00e9g\u0171 szem\u00e9ly.","keywords":null,"keyphrases":{"focus":{"keyphrase":"","score":0,"analysis":{"keyphraseInTitle":{"score":0,"maxScore":9,"error":1}}},"additional":[]},"primary_term":null,"canonical_url":null,"og_title":null,"og_description":null,"og_object_type":"default","og_image_type":"default","og_image_url":null,"og_image_width":null,"og_image_height":null,"og_image_custom_url":null,"og_image_custom_fields":null,"og_video":"","og_custom_url":null,"og_article_section":null,"og_article_tags":null,"twitter_use_og":true,"twitter_card":"default","twitter_image_type":"default","twitter_image_url":null,"twitter_image_custom_url":null,"twitter_image_custom_fields":null,"twitter_title":null,"twitter_description":null,"schema":{"blockGraphs":[],"customGraphs":[],"default":{"data":{"Article":[],"Course":[],"Dataset":[],"FAQPage":[],"Movie":[],"Person":[],"Product":[],"ProductReview":[],"Car":[],"Recipe":[],"Service":[],"SoftwareApplication":[],"WebPage":[]},"graphName":"Article","isEnabled":true},"graphs":[]},"schema_type":"default","schema_type_options":null,"pillar_content":false,"robots_default":true,"robots_noindex":false,"robots_noarchive":false,"robots_nosnippet":false,"robots_nofollow":false,"robots_noimageindex":false,"robots_noodp":false,"robots_notranslate":false,"robots_max_snippet":"-1","robots_max_videopreview":"-1","robots_max_imagepreview":"large","priority":null,"frequency":"default","location":null,"local_seo":null,"breadcrumb_settings":null,"limit_modified_date":false,"ai":null,"created":"2023-05-05 06:34:32","updated":"2025-10-02 18:29:30","seo_analyzer_scan_date":null,"focus_keyword":null,"additional_keywords":null,"truseo_locale":null},"aioseo_breadcrumb":"<div class=\"aioseo-breadcrumbs\"><span class=\"aioseo-breadcrumb\">\n\t\t\t<a href=\"https:\/\/allasorias.hu\/hirek\" title=\"Home\">Home<\/a>\n\t\t<\/span><span class=\"aioseo-breadcrumb-separator\">&raquo;<\/span><span class=\"aioseo-breadcrumb\">\n\t\t\t<a href=\"https:\/\/allasorias.hu\/hirek\/temak\/munkaeropiac\/\" title=\"Munkaer\u0151piac\">Munkaer\u0151piac<\/a>\n\t\t<\/span><span class=\"aioseo-breadcrumb-separator\">&raquo;<\/span><span class=\"aioseo-breadcrumb\">\n\t\t\tHol, mennyi megv\u00e1ltozott munkak\u00e9pess\u00e9g\u0171 dolgoz\u00f3t foglalkoztatnak?\n\t\t<\/span><\/div>","aioseo_breadcrumb_json":[{"label":"Home","link":"https:\/\/allasorias.hu\/hirek"},{"label":"Munkaer\u0151piac","link":"https:\/\/allasorias.hu\/hirek\/temak\/munkaeropiac\/"},{"label":"Hol, mennyi megv\u00e1ltozott munkak\u00e9pess\u00e9g\u0171 dolgoz\u00f3t foglalkoztatnak?","link":"https:\/\/allasorias.hu\/hirek\/hol-mennyi-megvaltozott-munkakepessegu-dolgozot-foglalkoztatnak\/"}],"_links":{"self":[{"href":"https:\/\/allasorias.hu\/hirek\/wp-json\/wp\/v2\/posts\/6449","targetHints":{"allow":["GET"]}}],"collection":[{"href":"https:\/\/allasorias.hu\/hirek\/wp-json\/wp\/v2\/posts"}],"about":[{"href":"https:\/\/allasorias.hu\/hirek\/wp-json\/wp\/v2\/types\/post"}],"author":[{"embeddable":true,"href":"https:\/\/allasorias.hu\/hirek\/wp-json\/wp\/v2\/users\/1"}],"replies":[{"embeddable":true,"href":"https:\/\/allasorias.hu\/hirek\/wp-json\/wp\/v2\/comments?post=6449"}],"version-history":[{"count":1,"href":"https:\/\/allasorias.hu\/hirek\/wp-json\/wp\/v2\/posts\/6449\/revisions"}],"predecessor-version":[{"id":6451,"href":"https:\/\/allasorias.hu\/hirek\/wp-json\/wp\/v2\/posts\/6449\/revisions\/6451"}],"wp:featuredmedia":[{"embeddable":true,"href":"https:\/\/allasorias.hu\/hirek\/wp-json\/wp\/v2\/media\/6450"}],"wp:attachment":[{"href":"https:\/\/allasorias.hu\/hirek\/wp-json\/wp\/v2\/media?parent=6449"}],"wp:term":[{"taxonomy":"category","embeddable":true,"href":"https:\/\/allasorias.hu\/hirek\/wp-json\/wp\/v2\/categories?post=6449"},{"taxonomy":"post_tag","embeddable":true,"href":"https:\/\/allasorias.hu\/hirek\/wp-json\/wp\/v2\/tags?post=6449"}],"curies":[{"name":"wp","href":"https:\/\/api.w.org\/{rel}","templated":true}]}}