{"id":6437,"date":"2023-04-28T10:56:53","date_gmt":"2023-04-28T10:56:53","guid":{"rendered":"https:\/\/allasorias.hu\/hirek\/?p=6437"},"modified":"2023-04-28T10:56:53","modified_gmt":"2023-04-28T10:56:53","slug":"tovabb-nott-a-foglalkoztatottsag-kevesebb-a-munkanelkuli","status":"publish","type":"post","link":"https:\/\/allasorias.hu\/hirek\/tovabb-nott-a-foglalkoztatottsag-kevesebb-a-munkanelkuli\/","title":{"rendered":"Tov\u00e1bb n\u0151tt a foglalkoztatotts\u00e1g, kevesebb a munkan\u00e9lk\u00fcli"},"content":{"rendered":"<p><strong>Egyre ink\u00e1bb \u00fagy t\u0171nik, hogy nem igazol\u00f3dnak be azok a f\u00e9lelmek, amelyek a foglalkoztatotts\u00e1g dr\u00e1mai m\u00e9rt\u00e9k\u0171 roml\u00e1s\u00e1val sz\u00e1moltak az \u00e9v elej\u00e9n: a K\u00f6zponti Statisztikai Hivatal legfrissebb adatai szerint m\u00e1rciusban 4 milli\u00f3 707 ezren dolgoztak haz\u00e1nkban, 19 ezerrel t\u00f6bben, mint egy \u00e9vvel kor\u00e1bban.<\/strong><\/p>\n<p>Az \u00e9v els\u0151 h\u00e1rom h\u00f3napj\u00e1ban a <a href=\"https:\/\/allasorias.hu\/hirek\/nott-a-foglalkoztatottak-szama-segito-programok-a-munkaeropiacon\/\">foglalkoztatottak l\u00e9tsz\u00e1ma<\/a> 21 ezerrel t\u00f6bb, 4 milli\u00f3 696 ezer volt. M\u00edg a hazai els\u0151dleges munkaer\u0151piacon dolgoz\u00f3k sz\u00e1ma 18 ezerrel, a k\u00fclf\u00f6ld\u00f6n dolgoz\u00f3k\u00e9 pedig 14 ezerrel n\u0151tt, addig a k\u00f6zfoglalkoztatottak\u00e9 10 ezerrel cs\u00f6kkent. B\u00e1r t\u00f6meges elbocs\u00e1t\u00e1sokra senki nem k\u00e9sz\u00fclt, a munkan\u00e9lk\u00fclis\u00e9g folyamatos emelked\u00e9s\u00e9re ann\u00e1l ink\u00e1bb, \u00e1m ez sem v\u00e1lt realit\u00e1ss\u00e1, az \u00e1ll\u00e1stalanok sz\u00e1ma 2023 m\u00e1rcius\u00e1ban 195 ezer, a munkan\u00e9lk\u00fclis\u00e9gi r\u00e1ta 4,0 sz\u00e1zal\u00e9k volt, febru\u00e1rban m\u00e9g 196 ezren voltak munka n\u00e9lk\u00fcl.<\/p>\n<p>A h\u00e1romhavi mozg\u00f3\u00e1tlagban l\u00e1tni n\u00e9mi emelked\u00e9st, a janu\u00e1r\u2013m\u00e1rciusi id\u0151szakban a 15\u201374 \u00e9ves munkan\u00e9lk\u00fcliek sz\u00e1ma 18 ezerrel 199 ezerre, m\u00edg a munkan\u00e9lk\u00fclis\u00e9gi r\u00e1ta 0,3 sz\u00e1zal\u00e9kponttal 4,1 sz\u00e1zal\u00e9kra n\u0151tt. Mindez \u00f6sszef\u00fcgg\u00e9sben lehet azzal, amir\u0151l kor\u00e1bban \u00edrtunk, egyre t\u00f6bben jelennek meg a munkaer\u0151piacon az inakt\u00edvak k\u00f6z\u00fcl, azon bel\u00fcl a passz\u00edv munkan\u00e9lk\u00fcliek, akik szeretn\u00e9nek dolgozni, de valamilyen okb\u00f3l nem kerestek eddig \u00e1ll\u00e1st, a meg\u00e9lhet\u00e9si k\u00f6lts\u00e9gek emelked\u00e9se azonban ezen a helyzeten is v\u00e1ltoztatott, \u00edgy \u0151k a munkan\u00e9lk\u00fcliek sz\u00e1m\u00e1t gyarap\u00edtj\u00e1k.<\/p>\n<p>Ami a r\u00e9szletes adatokat illeti, a munkan\u00e9lk\u00fclis\u00e9gi r\u00e1ta az \u00c9szak-Alf\u00f6ld\u00f6n volt a legmagasabb (6,9 sz\u00e1zal\u00e9k), a K\u00f6z\u00e9p-Dun\u00e1nt\u00falon pedig a legalacsonyabb (1,9 sz\u00e1zal\u00e9k). A r\u00e1ta \u00e9rt\u00e9ke az el\u0151z\u0151 \u00e9v azonos id\u0151szak\u00e1hoz k\u00e9pest legnagyobb m\u00e9rt\u00e9kben a D\u00e9l-Dun\u00e1nt\u00falon \u00e9s a D\u00e9l-Alf\u00f6ld\u00f6n n\u0151tt (egyar\u00e1nt 0,8 sz\u00e1zal\u00e9kponttal), m\u00edg Budapesten \u2013 egyed\u00fclik\u00e9nt a r\u00e9gi\u00f3k k\u00f6z\u00fcl \u2013 cs\u00f6kkent (0,1 sz\u00e1zal\u00e9kponttal). A munkakeres\u00e9s \u00e1tlagos id\u0151tartama 9,2 h\u00f3nap volt, a munkan\u00e9lk\u00fcliek 32,7 sz\u00e1zal\u00e9ka legal\u00e1bb egy \u00e9ve keresett \u00e1ll\u00e1st.<\/p>\n<p>Forr\u00e1s: <a href=\"https:\/\/www.vg.hu\/vilaggazdasag-magyar-gazdasag\/2023\/04\/megallt-a-munkanelkuliseg-novekedese-tovabbra-is-47-millioan-dolgoznak-magyarorszagon\" target=\"_blank\" rel=\"nofollow noopener noreferrer\">vg.hu<\/a><\/p>\n","protected":false},"excerpt":{"rendered":"<p>Egyre ink\u00e1bb \u00fagy t\u0171nik, hogy nem igazol\u00f3dnak be azok a f\u00e9lelmek, amelyek a foglalkoztatotts\u00e1g dr\u00e1mai m\u00e9rt\u00e9k\u0171 roml\u00e1s\u00e1val sz\u00e1moltak az \u00e9v elej\u00e9n: a K\u00f6zponti Statisztikai Hivatal legfrissebb adatai szerint m\u00e1rciusban 4 milli\u00f3 707 ezren dolgoztak haz\u00e1nkban, 19 ezerrel t\u00f6bben, mint egy \u00e9vvel kor\u00e1bban. Az \u00e9v els\u0151 h\u00e1rom h\u00f3napj\u00e1ban a foglalkoztatottak l\u00e9tsz\u00e1ma 21 ezerrel t\u00f6bb, 4 milli\u00f3 [&hellip;]<\/p>\n","protected":false},"author":1,"featured_media":6438,"comment_status":"open","ping_status":"open","sticky":false,"template":"","format":"standard","meta":{"_monsterinsights_skip_tracking":false,"footnotes":""},"categories":[200],"tags":[405,81],"class_list":["post-6437","post","type-post","status-publish","format-standard","has-post-thumbnail","hentry","category-munkaeropiac","tag-foglalkoztatottsag","tag-munkanelkuliseg-2"],"aioseo_notices":[],"aioseo_head":"\n\t\t<!-- All in One SEO 5.0.0.1 - aioseo.com -->\n\t<meta name=\"description\" content=\"Egyre ink\u00e1bb \u00fagy t\u0171nik, hogy nem igazol\u00f3dnak be azok a f\u00e9lelmek, amelyek a foglalkoztatotts\u00e1g dr\u00e1mai m\u00e9rt\u00e9k\u0171 roml\u00e1s\u00e1val sz\u00e1moltak az \u00e9v elej\u00e9n.\" \/>\n\t<meta name=\"robots\" content=\"max-image-preview:large\" \/>\n\t<meta name=\"author\" content=\"Juh\u00e1sz P\u00e9ter\"\/>\n\t<meta name=\"keywords\" content=\"foglalkoztatotts\u00e1g,munkan\u00e9lk\u00fclis\u00e9g\" \/>\n\t<link rel=\"canonical\" href=\"https:\/\/allasorias.hu\/hirek\/tovabb-nott-a-foglalkoztatottsag-kevesebb-a-munkanelkuli\/\" \/>\n\t<meta name=\"generator\" content=\"All in One SEO (AIOSEO) 5.0.0.1\" \/>\n\t\t<meta property=\"og:locale\" content=\"hu_HU\" \/>\n\t\t<meta property=\"og:site_name\" content=\"AllasOrias.hu | H\u00edrek-lapszemle | \u00dczleti h\u00edrek az \u00e1ll\u00e1s \u00e9s a munka vil\u00e1g\u00e1b\u00f3l\" \/>\n\t\t<meta property=\"og:type\" content=\"article\" \/>\n\t\t<meta property=\"og:title\" content=\"Tov\u00e1bb n\u0151tt a foglalkoztatotts\u00e1g, kevesebb a munkan\u00e9lk\u00fcli |\" \/>\n\t\t<meta property=\"og:description\" content=\"Egyre ink\u00e1bb \u00fagy t\u0171nik, hogy nem igazol\u00f3dnak be azok a f\u00e9lelmek, amelyek a foglalkoztatotts\u00e1g dr\u00e1mai m\u00e9rt\u00e9k\u0171 roml\u00e1s\u00e1val sz\u00e1moltak az \u00e9v elej\u00e9n.\" \/>\n\t\t<meta property=\"og:url\" content=\"https:\/\/allasorias.hu\/hirek\/tovabb-nott-a-foglalkoztatottsag-kevesebb-a-munkanelkuli\/\" \/>\n\t\t<meta property=\"og:image\" content=\"https:\/\/allasorias.hu\/hirek\/wp-content\/uploads\/2023\/04\/foglalkoztatasi-adatok.jpg\" \/>\n\t\t<meta property=\"og:image:secure_url\" content=\"https:\/\/allasorias.hu\/hirek\/wp-content\/uploads\/2023\/04\/foglalkoztatasi-adatok.jpg\" \/>\n\t\t<meta property=\"og:image:width\" content=\"1280\" \/>\n\t\t<meta property=\"og:image:height\" content=\"720\" \/>\n\t\t<meta property=\"article:published_time\" content=\"2023-04-28T10:56:53+00:00\" \/>\n\t\t<meta property=\"article:modified_time\" content=\"2023-04-28T10:56:53+00:00\" \/>\n\t\t<meta property=\"article:publisher\" content=\"https:\/\/www.facebook.com\/allasorias\" \/>\n\t\t<meta name=\"twitter:card\" content=\"summary_large_image\" \/>\n\t\t<meta name=\"twitter:title\" content=\"Tov\u00e1bb n\u0151tt a foglalkoztatotts\u00e1g, kevesebb a munkan\u00e9lk\u00fcli |\" \/>\n\t\t<meta name=\"twitter:description\" content=\"Egyre ink\u00e1bb \u00fagy t\u0171nik, hogy nem igazol\u00f3dnak be azok a f\u00e9lelmek, amelyek a foglalkoztatotts\u00e1g dr\u00e1mai m\u00e9rt\u00e9k\u0171 roml\u00e1s\u00e1val sz\u00e1moltak az \u00e9v elej\u00e9n.\" \/>\n\t\t<meta name=\"twitter:image\" content=\"https:\/\/allasorias.hu\/hirek\/wp-content\/uploads\/2023\/04\/foglalkoztatasi-adatok.jpg\" \/>\n\t\t<meta name=\"twitter:label1\" content=\"Written by\" \/>\n\t\t<meta name=\"twitter:data1\" content=\"Juh\u00e1sz P\u00e9ter\" \/>\n\t\t<meta name=\"twitter:label2\" content=\"Est. reading time\" \/>\n\t\t<meta name=\"twitter:data2\" content=\"2 minutes\" \/>\n\t\t<script type=\"application\/ld+json\" class=\"aioseo-schema\">\n\t\t\t{\"@context\":\"https:\\\/\\\/schema.org\",\"@graph\":[{\"@type\":\"Article\",\"@id\":\"https:\\\/\\\/allasorias.hu\\\/hirek\\\/tovabb-nott-a-foglalkoztatottsag-kevesebb-a-munkanelkuli\\\/#article\",\"name\":\"Tov\\u00e1bb n\\u0151tt a foglalkoztatotts\\u00e1g, kevesebb a munkan\\u00e9lk\\u00fcli |\",\"headline\":\"Tov\\u00e1bb n\\u0151tt a foglalkoztatotts\\u00e1g, kevesebb a munkan\\u00e9lk\\u00fcli\",\"author\":{\"@id\":\"https:\\\/\\\/allasorias.hu\\\/hirek\\\/author\\\/admin-allasorias\\\/#author\"},\"publisher\":{\"@id\":\"https:\\\/\\\/allasorias.hu\\\/hirek\\\/#organization\"},\"image\":{\"@type\":\"ImageObject\",\"url\":\"https:\\\/\\\/allasorias.hu\\\/hirek\\\/wp-content\\\/uploads\\\/2023\\\/04\\\/foglalkoztatasi-adatok.jpg\",\"width\":1280,\"height\":720,\"caption\":\"Tov\\u00e1bb n\\u0151tt a foglalkoztatotts\\u00e1g, kevesebb a munkan\\u00e9lk\\u00fcli - Allasorias.hu\\\/hirek\"},\"datePublished\":\"2023-04-28T10:56:53+02:00\",\"dateModified\":\"2023-04-28T10:56:53+02:00\",\"inLanguage\":\"hu-HU\",\"mainEntityOfPage\":{\"@id\":\"https:\\\/\\\/allasorias.hu\\\/hirek\\\/tovabb-nott-a-foglalkoztatottsag-kevesebb-a-munkanelkuli\\\/#webpage\"},\"isPartOf\":{\"@id\":\"https:\\\/\\\/allasorias.hu\\\/hirek\\\/tovabb-nott-a-foglalkoztatottsag-kevesebb-a-munkanelkuli\\\/#webpage\"},\"articleSection\":\"Munkaer\\u0151piac, foglalkoztatotts\\u00e1g, munkan\\u00e9lk\\u00fclis\\u00e9g\"},{\"@type\":\"BreadcrumbList\",\"@id\":\"https:\\\/\\\/allasorias.hu\\\/hirek\\\/tovabb-nott-a-foglalkoztatottsag-kevesebb-a-munkanelkuli\\\/#breadcrumblist\",\"itemListElement\":[{\"@type\":\"ListItem\",\"@id\":\"https:\\\/\\\/allasorias.hu\\\/hirek#listItem\",\"position\":1,\"name\":\"Home\",\"item\":\"https:\\\/\\\/allasorias.hu\\\/hirek\",\"nextItem\":{\"@type\":\"ListItem\",\"@id\":\"https:\\\/\\\/allasorias.hu\\\/hirek\\\/temak\\\/munkaeropiac\\\/#listItem\",\"name\":\"Munkaer\\u0151piac\"}},{\"@type\":\"ListItem\",\"@id\":\"https:\\\/\\\/allasorias.hu\\\/hirek\\\/temak\\\/munkaeropiac\\\/#listItem\",\"position\":2,\"name\":\"Munkaer\\u0151piac\",\"item\":\"https:\\\/\\\/allasorias.hu\\\/hirek\\\/temak\\\/munkaeropiac\\\/\",\"nextItem\":{\"@type\":\"ListItem\",\"@id\":\"https:\\\/\\\/allasorias.hu\\\/hirek\\\/tovabb-nott-a-foglalkoztatottsag-kevesebb-a-munkanelkuli\\\/#listItem\",\"name\":\"Tov\\u00e1bb n\\u0151tt a foglalkoztatotts\\u00e1g, kevesebb a munkan\\u00e9lk\\u00fcli\"},\"previousItem\":{\"@type\":\"ListItem\",\"@id\":\"https:\\\/\\\/allasorias.hu\\\/hirek#listItem\",\"name\":\"Home\"}},{\"@type\":\"ListItem\",\"@id\":\"https:\\\/\\\/allasorias.hu\\\/hirek\\\/tovabb-nott-a-foglalkoztatottsag-kevesebb-a-munkanelkuli\\\/#listItem\",\"position\":3,\"name\":\"Tov\\u00e1bb n\\u0151tt a foglalkoztatotts\\u00e1g, kevesebb a munkan\\u00e9lk\\u00fcli\",\"previousItem\":{\"@type\":\"ListItem\",\"@id\":\"https:\\\/\\\/allasorias.hu\\\/hirek\\\/temak\\\/munkaeropiac\\\/#listItem\",\"name\":\"Munkaer\\u0151piac\"}}]},{\"@type\":\"Organization\",\"@id\":\"https:\\\/\\\/allasorias.hu\\\/hirek\\\/#organization\",\"name\":\"AllasOrias.hu | H\\u00edrek-lapszemle\",\"description\":\"\\u00dczleti h\\u00edrek az \\u00e1ll\\u00e1s \\u00e9s a munka vil\\u00e1g\\u00e1b\\u00f3l\",\"url\":\"https:\\\/\\\/allasorias.hu\\\/hirek\\\/\",\"logo\":{\"@type\":\"ImageObject\",\"url\":\"https:\\\/\\\/allasorias.hu\\\/hirek\\\/wp-content\\\/uploads\\\/2022\\\/10\\\/allasorias_site_facebok_logo.png\",\"@id\":\"https:\\\/\\\/allasorias.hu\\\/hirek\\\/tovabb-nott-a-foglalkoztatottsag-kevesebb-a-munkanelkuli\\\/#organizationLogo\"},\"image\":{\"@id\":\"https:\\\/\\\/allasorias.hu\\\/hirek\\\/tovabb-nott-a-foglalkoztatottsag-kevesebb-a-munkanelkuli\\\/#organizationLogo\"},\"sameAs\":[\"https:\\\/\\\/www.facebook.com\\\/allasorias\",\"https:\\\/\\\/www.linkedin.com\\\/company\\\/allasorias\"]},{\"@type\":\"Person\",\"@id\":\"https:\\\/\\\/allasorias.hu\\\/hirek\\\/author\\\/admin-allasorias\\\/#author\",\"url\":\"https:\\\/\\\/allasorias.hu\\\/hirek\\\/author\\\/admin-allasorias\\\/\",\"name\":\"Juh\\u00e1sz P\\u00e9ter\",\"image\":{\"@type\":\"ImageObject\",\"@id\":\"https:\\\/\\\/allasorias.hu\\\/hirek\\\/tovabb-nott-a-foglalkoztatottsag-kevesebb-a-munkanelkuli\\\/#authorImage\",\"url\":\"https:\\\/\\\/secure.gravatar.com\\\/avatar\\\/36e6bcb83148978b992977cb0f54d22feb0cce8a0a849a9410532bb2623ba4c6?s=96&d=mm&r=g\",\"width\":96,\"height\":96,\"caption\":\"Juh\\u00e1sz P\\u00e9ter\"}},{\"@type\":\"WebPage\",\"@id\":\"https:\\\/\\\/allasorias.hu\\\/hirek\\\/tovabb-nott-a-foglalkoztatottsag-kevesebb-a-munkanelkuli\\\/#webpage\",\"url\":\"https:\\\/\\\/allasorias.hu\\\/hirek\\\/tovabb-nott-a-foglalkoztatottsag-kevesebb-a-munkanelkuli\\\/\",\"name\":\"Tov\\u00e1bb n\\u0151tt a foglalkoztatotts\\u00e1g, kevesebb a munkan\\u00e9lk\\u00fcli |\",\"description\":\"Egyre ink\\u00e1bb \\u00fagy t\\u0171nik, hogy nem igazol\\u00f3dnak be azok a f\\u00e9lelmek, amelyek a foglalkoztatotts\\u00e1g dr\\u00e1mai m\\u00e9rt\\u00e9k\\u0171 roml\\u00e1s\\u00e1val sz\\u00e1moltak az \\u00e9v elej\\u00e9n.\",\"inLanguage\":\"hu-HU\",\"isPartOf\":{\"@id\":\"https:\\\/\\\/allasorias.hu\\\/hirek\\\/#website\"},\"breadcrumb\":{\"@id\":\"https:\\\/\\\/allasorias.hu\\\/hirek\\\/tovabb-nott-a-foglalkoztatottsag-kevesebb-a-munkanelkuli\\\/#breadcrumblist\"},\"author\":{\"@id\":\"https:\\\/\\\/allasorias.hu\\\/hirek\\\/author\\\/admin-allasorias\\\/#author\"},\"creator\":{\"@id\":\"https:\\\/\\\/allasorias.hu\\\/hirek\\\/author\\\/admin-allasorias\\\/#author\"},\"image\":{\"@type\":\"ImageObject\",\"url\":\"https:\\\/\\\/allasorias.hu\\\/hirek\\\/wp-content\\\/uploads\\\/2023\\\/04\\\/foglalkoztatasi-adatok.jpg\",\"@id\":\"https:\\\/\\\/allasorias.hu\\\/hirek\\\/tovabb-nott-a-foglalkoztatottsag-kevesebb-a-munkanelkuli\\\/#mainImage\",\"width\":1280,\"height\":720,\"caption\":\"Tov\\u00e1bb n\\u0151tt a foglalkoztatotts\\u00e1g, kevesebb a munkan\\u00e9lk\\u00fcli - Allasorias.hu\\\/hirek\"},\"primaryImageOfPage\":{\"@id\":\"https:\\\/\\\/allasorias.hu\\\/hirek\\\/tovabb-nott-a-foglalkoztatottsag-kevesebb-a-munkanelkuli\\\/#mainImage\"},\"datePublished\":\"2023-04-28T10:56:53+02:00\",\"dateModified\":\"2023-04-28T10:56:53+02:00\"},{\"@type\":\"WebSite\",\"@id\":\"https:\\\/\\\/allasorias.hu\\\/hirek\\\/#website\",\"url\":\"https:\\\/\\\/allasorias.hu\\\/hirek\\\/\",\"name\":\"AllasOrias.hu | H\\u00edrek-lapszemle\",\"description\":\"\\u00dczleti h\\u00edrek az \\u00e1ll\\u00e1s \\u00e9s a munka vil\\u00e1g\\u00e1b\\u00f3l\",\"inLanguage\":\"hu-HU\",\"publisher\":{\"@id\":\"https:\\\/\\\/allasorias.hu\\\/hirek\\\/#organization\"}}]}\n\t\t<\/script>\n\t\t<!-- All in One SEO -->\n\n","aioseo_head_json":{"title":"Tov\u00e1bb n\u0151tt a foglalkoztatotts\u00e1g, kevesebb a munkan\u00e9lk\u00fcli |","description":"Egyre ink\u00e1bb \u00fagy t\u0171nik, hogy nem igazol\u00f3dnak be azok a f\u00e9lelmek, amelyek a foglalkoztatotts\u00e1g dr\u00e1mai m\u00e9rt\u00e9k\u0171 roml\u00e1s\u00e1val sz\u00e1moltak az \u00e9v elej\u00e9n.","canonical_url":"https:\/\/allasorias.hu\/hirek\/tovabb-nott-a-foglalkoztatottsag-kevesebb-a-munkanelkuli\/","robots":"max-image-preview:large","keywords":"foglalkoztatotts\u00e1g,munkan\u00e9lk\u00fclis\u00e9g","webmasterTools":{"miscellaneous":""},"schema":{"@context":"https:\/\/schema.org","@graph":[{"@type":"Article","@id":"https:\/\/allasorias.hu\/hirek\/tovabb-nott-a-foglalkoztatottsag-kevesebb-a-munkanelkuli\/#article","name":"Tov\u00e1bb n\u0151tt a foglalkoztatotts\u00e1g, kevesebb a munkan\u00e9lk\u00fcli |","headline":"Tov\u00e1bb n\u0151tt a foglalkoztatotts\u00e1g, kevesebb a munkan\u00e9lk\u00fcli","author":{"@id":"https:\/\/allasorias.hu\/hirek\/author\/admin-allasorias\/#author"},"publisher":{"@id":"https:\/\/allasorias.hu\/hirek\/#organization"},"image":{"@type":"ImageObject","url":"https:\/\/allasorias.hu\/hirek\/wp-content\/uploads\/2023\/04\/foglalkoztatasi-adatok.jpg","width":1280,"height":720,"caption":"Tov\u00e1bb n\u0151tt a foglalkoztatotts\u00e1g, kevesebb a munkan\u00e9lk\u00fcli - Allasorias.hu\/hirek"},"datePublished":"2023-04-28T10:56:53+02:00","dateModified":"2023-04-28T10:56:53+02:00","inLanguage":"hu-HU","mainEntityOfPage":{"@id":"https:\/\/allasorias.hu\/hirek\/tovabb-nott-a-foglalkoztatottsag-kevesebb-a-munkanelkuli\/#webpage"},"isPartOf":{"@id":"https:\/\/allasorias.hu\/hirek\/tovabb-nott-a-foglalkoztatottsag-kevesebb-a-munkanelkuli\/#webpage"},"articleSection":"Munkaer\u0151piac, foglalkoztatotts\u00e1g, munkan\u00e9lk\u00fclis\u00e9g"},{"@type":"BreadcrumbList","@id":"https:\/\/allasorias.hu\/hirek\/tovabb-nott-a-foglalkoztatottsag-kevesebb-a-munkanelkuli\/#breadcrumblist","itemListElement":[{"@type":"ListItem","@id":"https:\/\/allasorias.hu\/hirek#listItem","position":1,"name":"Home","item":"https:\/\/allasorias.hu\/hirek","nextItem":{"@type":"ListItem","@id":"https:\/\/allasorias.hu\/hirek\/temak\/munkaeropiac\/#listItem","name":"Munkaer\u0151piac"}},{"@type":"ListItem","@id":"https:\/\/allasorias.hu\/hirek\/temak\/munkaeropiac\/#listItem","position":2,"name":"Munkaer\u0151piac","item":"https:\/\/allasorias.hu\/hirek\/temak\/munkaeropiac\/","nextItem":{"@type":"ListItem","@id":"https:\/\/allasorias.hu\/hirek\/tovabb-nott-a-foglalkoztatottsag-kevesebb-a-munkanelkuli\/#listItem","name":"Tov\u00e1bb n\u0151tt a foglalkoztatotts\u00e1g, kevesebb a munkan\u00e9lk\u00fcli"},"previousItem":{"@type":"ListItem","@id":"https:\/\/allasorias.hu\/hirek#listItem","name":"Home"}},{"@type":"ListItem","@id":"https:\/\/allasorias.hu\/hirek\/tovabb-nott-a-foglalkoztatottsag-kevesebb-a-munkanelkuli\/#listItem","position":3,"name":"Tov\u00e1bb n\u0151tt a foglalkoztatotts\u00e1g, kevesebb a munkan\u00e9lk\u00fcli","previousItem":{"@type":"ListItem","@id":"https:\/\/allasorias.hu\/hirek\/temak\/munkaeropiac\/#listItem","name":"Munkaer\u0151piac"}}]},{"@type":"Organization","@id":"https:\/\/allasorias.hu\/hirek\/#organization","name":"AllasOrias.hu | H\u00edrek-lapszemle","description":"\u00dczleti h\u00edrek az \u00e1ll\u00e1s \u00e9s a munka vil\u00e1g\u00e1b\u00f3l","url":"https:\/\/allasorias.hu\/hirek\/","logo":{"@type":"ImageObject","url":"https:\/\/allasorias.hu\/hirek\/wp-content\/uploads\/2022\/10\/allasorias_site_facebok_logo.png","@id":"https:\/\/allasorias.hu\/hirek\/tovabb-nott-a-foglalkoztatottsag-kevesebb-a-munkanelkuli\/#organizationLogo"},"image":{"@id":"https:\/\/allasorias.hu\/hirek\/tovabb-nott-a-foglalkoztatottsag-kevesebb-a-munkanelkuli\/#organizationLogo"},"sameAs":["https:\/\/www.facebook.com\/allasorias","https:\/\/www.linkedin.com\/company\/allasorias"]},{"@type":"Person","@id":"https:\/\/allasorias.hu\/hirek\/author\/admin-allasorias\/#author","url":"https:\/\/allasorias.hu\/hirek\/author\/admin-allasorias\/","name":"Juh\u00e1sz P\u00e9ter","image":{"@type":"ImageObject","@id":"https:\/\/allasorias.hu\/hirek\/tovabb-nott-a-foglalkoztatottsag-kevesebb-a-munkanelkuli\/#authorImage","url":"https:\/\/secure.gravatar.com\/avatar\/36e6bcb83148978b992977cb0f54d22feb0cce8a0a849a9410532bb2623ba4c6?s=96&d=mm&r=g","width":96,"height":96,"caption":"Juh\u00e1sz P\u00e9ter"}},{"@type":"WebPage","@id":"https:\/\/allasorias.hu\/hirek\/tovabb-nott-a-foglalkoztatottsag-kevesebb-a-munkanelkuli\/#webpage","url":"https:\/\/allasorias.hu\/hirek\/tovabb-nott-a-foglalkoztatottsag-kevesebb-a-munkanelkuli\/","name":"Tov\u00e1bb n\u0151tt a foglalkoztatotts\u00e1g, kevesebb a munkan\u00e9lk\u00fcli |","description":"Egyre ink\u00e1bb \u00fagy t\u0171nik, hogy nem igazol\u00f3dnak be azok a f\u00e9lelmek, amelyek a foglalkoztatotts\u00e1g dr\u00e1mai m\u00e9rt\u00e9k\u0171 roml\u00e1s\u00e1val sz\u00e1moltak az \u00e9v elej\u00e9n.","inLanguage":"hu-HU","isPartOf":{"@id":"https:\/\/allasorias.hu\/hirek\/#website"},"breadcrumb":{"@id":"https:\/\/allasorias.hu\/hirek\/tovabb-nott-a-foglalkoztatottsag-kevesebb-a-munkanelkuli\/#breadcrumblist"},"author":{"@id":"https:\/\/allasorias.hu\/hirek\/author\/admin-allasorias\/#author"},"creator":{"@id":"https:\/\/allasorias.hu\/hirek\/author\/admin-allasorias\/#author"},"image":{"@type":"ImageObject","url":"https:\/\/allasorias.hu\/hirek\/wp-content\/uploads\/2023\/04\/foglalkoztatasi-adatok.jpg","@id":"https:\/\/allasorias.hu\/hirek\/tovabb-nott-a-foglalkoztatottsag-kevesebb-a-munkanelkuli\/#mainImage","width":1280,"height":720,"caption":"Tov\u00e1bb n\u0151tt a foglalkoztatotts\u00e1g, kevesebb a munkan\u00e9lk\u00fcli - Allasorias.hu\/hirek"},"primaryImageOfPage":{"@id":"https:\/\/allasorias.hu\/hirek\/tovabb-nott-a-foglalkoztatottsag-kevesebb-a-munkanelkuli\/#mainImage"},"datePublished":"2023-04-28T10:56:53+02:00","dateModified":"2023-04-28T10:56:53+02:00"},{"@type":"WebSite","@id":"https:\/\/allasorias.hu\/hirek\/#website","url":"https:\/\/allasorias.hu\/hirek\/","name":"AllasOrias.hu | H\u00edrek-lapszemle","description":"\u00dczleti h\u00edrek az \u00e1ll\u00e1s \u00e9s a munka vil\u00e1g\u00e1b\u00f3l","inLanguage":"hu-HU","publisher":{"@id":"https:\/\/allasorias.hu\/hirek\/#organization"}}]},"og:locale":"hu_HU","og:site_name":"AllasOrias.hu | H\u00edrek-lapszemle | \u00dczleti h\u00edrek az \u00e1ll\u00e1s \u00e9s a munka vil\u00e1g\u00e1b\u00f3l","og:type":"article","og:title":"Tov\u00e1bb n\u0151tt a foglalkoztatotts\u00e1g, kevesebb a munkan\u00e9lk\u00fcli |","og:description":"Egyre ink\u00e1bb \u00fagy t\u0171nik, hogy nem igazol\u00f3dnak be azok a f\u00e9lelmek, amelyek a foglalkoztatotts\u00e1g dr\u00e1mai m\u00e9rt\u00e9k\u0171 roml\u00e1s\u00e1val sz\u00e1moltak az \u00e9v elej\u00e9n.","og:url":"https:\/\/allasorias.hu\/hirek\/tovabb-nott-a-foglalkoztatottsag-kevesebb-a-munkanelkuli\/","og:image":"https:\/\/allasorias.hu\/hirek\/wp-content\/uploads\/2023\/04\/foglalkoztatasi-adatok.jpg","og:image:secure_url":"https:\/\/allasorias.hu\/hirek\/wp-content\/uploads\/2023\/04\/foglalkoztatasi-adatok.jpg","og:image:width":1280,"og:image:height":720,"article:published_time":"2023-04-28T10:56:53+00:00","article:modified_time":"2023-04-28T10:56:53+00:00","article:publisher":"https:\/\/www.facebook.com\/allasorias","twitter:card":"summary_large_image","twitter:title":"Tov\u00e1bb n\u0151tt a foglalkoztatotts\u00e1g, kevesebb a munkan\u00e9lk\u00fcli |","twitter:description":"Egyre ink\u00e1bb \u00fagy t\u0171nik, hogy nem igazol\u00f3dnak be azok a f\u00e9lelmek, amelyek a foglalkoztatotts\u00e1g dr\u00e1mai m\u00e9rt\u00e9k\u0171 roml\u00e1s\u00e1val sz\u00e1moltak az \u00e9v elej\u00e9n.","twitter:image":"https:\/\/allasorias.hu\/hirek\/wp-content\/uploads\/2023\/04\/foglalkoztatasi-adatok.jpg","twitter:label1":"Written by","twitter:data1":"Juh\u00e1sz P\u00e9ter","twitter:label2":"Est. reading time","twitter:data2":"2 minutes"},"aioseo_meta_data":{"post_id":"6437","title":"#post_title |","description":"Egyre ink\u00e1bb \u00fagy t\u0171nik, hogy nem igazol\u00f3dnak be azok a f\u00e9lelmek, amelyek a foglalkoztatotts\u00e1g dr\u00e1mai m\u00e9rt\u00e9k\u0171 roml\u00e1s\u00e1val sz\u00e1moltak az \u00e9v elej\u00e9n.","keywords":[],"keyphrases":{"focus":{"keyphrase":"","score":0,"analysis":{"keyphraseInTitle":{"score":0,"maxScore":9,"error":1}}},"additional":[]},"primary_term":null,"canonical_url":null,"og_title":null,"og_description":null,"og_object_type":"default","og_image_type":"default","og_image_url":null,"og_image_width":null,"og_image_height":null,"og_image_custom_url":null,"og_image_custom_fields":null,"og_video":"","og_custom_url":null,"og_article_section":null,"og_article_tags":[],"twitter_use_og":true,"twitter_card":"default","twitter_image_type":"default","twitter_image_url":null,"twitter_image_custom_url":null,"twitter_image_custom_fields":null,"twitter_title":null,"twitter_description":null,"schema":{"blockGraphs":[],"customGraphs":[],"default":{"data":{"Article":[],"Course":[],"Dataset":[],"FAQPage":[],"Movie":[],"Person":[],"Product":[],"ProductReview":[],"Car":[],"Recipe":[],"Service":[],"SoftwareApplication":[],"WebPage":[]},"graphName":"Article","isEnabled":true},"graphs":[]},"schema_type":"default","schema_type_options":null,"pillar_content":false,"robots_default":true,"robots_noindex":false,"robots_noarchive":false,"robots_nosnippet":false,"robots_nofollow":false,"robots_noimageindex":false,"robots_noodp":false,"robots_notranslate":false,"robots_max_snippet":"-1","robots_max_videopreview":"-1","robots_max_imagepreview":"large","priority":null,"frequency":"default","location":null,"local_seo":null,"breadcrumb_settings":null,"limit_modified_date":false,"ai":null,"created":"2023-04-28 10:47:03","updated":"2025-10-02 18:25:27","seo_analyzer_scan_date":null,"focus_keyword":null,"additional_keywords":null,"truseo_locale":null},"aioseo_breadcrumb":"<div class=\"aioseo-breadcrumbs\"><span class=\"aioseo-breadcrumb\">\n\t\t\t<a href=\"https:\/\/allasorias.hu\/hirek\" title=\"Home\">Home<\/a>\n\t\t<\/span><span class=\"aioseo-breadcrumb-separator\">&raquo;<\/span><span class=\"aioseo-breadcrumb\">\n\t\t\t<a href=\"https:\/\/allasorias.hu\/hirek\/temak\/munkaeropiac\/\" title=\"Munkaer\u0151piac\">Munkaer\u0151piac<\/a>\n\t\t<\/span><span class=\"aioseo-breadcrumb-separator\">&raquo;<\/span><span class=\"aioseo-breadcrumb\">\n\t\t\tTov\u00e1bb n\u0151tt a foglalkoztatotts\u00e1g, kevesebb a munkan\u00e9lk\u00fcli\n\t\t<\/span><\/div>","aioseo_breadcrumb_json":[{"label":"Home","link":"https:\/\/allasorias.hu\/hirek"},{"label":"Munkaer\u0151piac","link":"https:\/\/allasorias.hu\/hirek\/temak\/munkaeropiac\/"},{"label":"Tov\u00e1bb n\u0151tt a foglalkoztatotts\u00e1g, kevesebb a munkan\u00e9lk\u00fcli","link":"https:\/\/allasorias.hu\/hirek\/tovabb-nott-a-foglalkoztatottsag-kevesebb-a-munkanelkuli\/"}],"_links":{"self":[{"href":"https:\/\/allasorias.hu\/hirek\/wp-json\/wp\/v2\/posts\/6437","targetHints":{"allow":["GET"]}}],"collection":[{"href":"https:\/\/allasorias.hu\/hirek\/wp-json\/wp\/v2\/posts"}],"about":[{"href":"https:\/\/allasorias.hu\/hirek\/wp-json\/wp\/v2\/types\/post"}],"author":[{"embeddable":true,"href":"https:\/\/allasorias.hu\/hirek\/wp-json\/wp\/v2\/users\/1"}],"replies":[{"embeddable":true,"href":"https:\/\/allasorias.hu\/hirek\/wp-json\/wp\/v2\/comments?post=6437"}],"version-history":[{"count":1,"href":"https:\/\/allasorias.hu\/hirek\/wp-json\/wp\/v2\/posts\/6437\/revisions"}],"predecessor-version":[{"id":6439,"href":"https:\/\/allasorias.hu\/hirek\/wp-json\/wp\/v2\/posts\/6437\/revisions\/6439"}],"wp:featuredmedia":[{"embeddable":true,"href":"https:\/\/allasorias.hu\/hirek\/wp-json\/wp\/v2\/media\/6438"}],"wp:attachment":[{"href":"https:\/\/allasorias.hu\/hirek\/wp-json\/wp\/v2\/media?parent=6437"}],"wp:term":[{"taxonomy":"category","embeddable":true,"href":"https:\/\/allasorias.hu\/hirek\/wp-json\/wp\/v2\/categories?post=6437"},{"taxonomy":"post_tag","embeddable":true,"href":"https:\/\/allasorias.hu\/hirek\/wp-json\/wp\/v2\/tags?post=6437"}],"curies":[{"name":"wp","href":"https:\/\/api.w.org\/{rel}","templated":true}]}}