{"id":6398,"date":"2023-04-14T08:48:55","date_gmt":"2023-04-14T08:48:55","guid":{"rendered":"https:\/\/allasorias.hu\/hirek\/?p=6398"},"modified":"2023-04-14T08:48:55","modified_gmt":"2023-04-14T08:48:55","slug":"lassulas-es-hiany-az-allaskeresoknel","status":"publish","type":"post","link":"https:\/\/allasorias.hu\/hirek\/lassulas-es-hiany-az-allaskeresoknel\/","title":{"rendered":"Lassul\u00e1s \u00e9s hi\u00e1ny az \u00e1ll\u00e1skeres\u0151kn\u00e9l"},"content":{"rendered":"<p><strong>A magyar munkaer\u0151piacon megn\u0151tt az az id\u0151, am\u00edg egy-egy poz\u00edci\u00f3t elfogadnak az \u00e1ll\u00e1skeres\u0151k. Ugyanakkor komoly szaktud\u00e1st ig\u00e9nyl\u0151 \u00e1ll\u00e1sok eset\u00e9ben nehezen tal\u00e1lnak megfelel\u0151 embert a c\u00e9gek.<\/strong><\/p>\n<p>Az infl\u00e1ci\u00f3s nyom\u00e1s hat\u00e1s\u00e1ra nem fogadj\u00e1k el a felk\u00edn\u00e1lt lehet\u0151s\u00e9get az \u00e1ll\u00e1skeres\u0151k, hanem magasabb fizet\u00e9s fej\u00e9ben m\u00e1shoz fordulnak, \u00edgy er\u0151sen stagn\u00e1l a magyar munkaer\u0151piac. K\u00fcl\u00f6n\u00f6sen neh\u00e9z \u00e9s hossz\u00fa folyamat magas beoszt\u00e1s\u00fa vagy speci\u00e1lis szak\u00e9rtelmet ig\u00e9nyl\u0151 poz\u00edci\u00f3kra megfelel\u0151 embert tal\u00e1lni. Tavaly elh\u00faz\u00f3dott a szakemberek toborz\u00e1si ideje: a v\u00e1laszad\u00f3k 40 sz\u00e1zal\u00e9ka szerint legal\u00e1bb 5-8 h\u00e9ttel hosszabbodott meg a folyamat. Egy sikeres felv\u00e9teli elj\u00e1r\u00e1s ut\u00e1n a munka visszautas\u00edt\u00e1s\u00e1nak az oka 55,1 sz\u00e1zal\u00e9kban az elv\u00e1rtn\u00e1l alacsonyabb b\u00e9r, 43,6 sz\u00e1zal\u00e9kban pedig egy ellenaj\u00e1nlat a kor\u00e1bbi munk\u00e1ltat\u00f3t\u00f3l.<\/p>\n<h2>Megugrott a k\u00fclf\u00f6ldi vend\u00e9gmunk\u00e1sok sz\u00e1ma<\/h2>\n<p>Egyel\u0151re nem terjedt el Magyarorsz\u00e1gon a kiszervezett toborz\u00e1si szolg\u00e1ltat\u00e1s haszn\u00e1lata, amivel a munk\u00e1ltat\u00f3k sok id\u0151t sp\u00f3roln\u00e1nak \u00e9s megk\u00f6nny\u00edten\u00e9k a HR-csapatok munk\u00e1j\u00e1t. A HR-esek el\u0151sz\u00f6r jellemz\u0151en a jel\u00f6ltek szakmai tapasztalatait m\u00e9rik fel a felv\u00e9teli folyamatban, majd ellen\u0151rzik az interj\u00fakon a nyelvi k\u00e9szs\u00e9geket \u00e9s megoldatnak egy pr\u00f3bafeladatot. Az orsz\u00e1g nagy r\u00e9sz\u00e9n, nem csak a f\u0151v\u00e1rosban, jelent\u0151sen megugrott a <a href=\"https:\/\/allasorias.hu\/hirek\/a-szerb-es-ukran-vendegmunkasok-vannak-tobbsegben-hazankban\/\">k\u00fclf\u00f6ldi vend\u00e9gmunk\u00e1sok<\/a> sz\u00e1ma az ut\u00f3bbi 7-8 \u00e9vben. A n\u00f6veked\u00e9st egy ideig visszafogt\u00e1k a koronav\u00edrus-j\u00e1rv\u00e1ny okozta utaz\u00e1si korl\u00e1toz\u00e1sok, de az\u00f3ta fellend\u00fclt a bev\u00e1ndorl\u00e1s. M\u00e1ra az orsz\u00e1g k\u00fcl\u00f6nf\u00e9le pontjain, b\u00e1rmely megy\u00e9ben tal\u00e1lkozhatunk k\u00fclf\u00f6ldi munkav\u00e1llal\u00f3val.<\/p>\n<p>A korm\u00e1ny a tervezett 500 ezer \u00faj munkav\u00e1llal\u00f3 el\u00e9r\u00e9se \u00e9rdek\u00e9ben 2-300 ezerre emeln\u00e9 a vend\u00e9gmunk\u00e1sok sz\u00e1m\u00e1t Magyarorsz\u00e1gon, amivel r\u00e9gi\u00f3s \u00f6sszehasonl\u00edt\u00e1sban m\u00e9g mindig az egyik legkisebb sz\u00e1mban foglalkoztatna k\u00fclf\u00f6ldi munkav\u00e1llal\u00f3kat az orsz\u00e1g. A haz\u00e1nkkal nagyj\u00e1b\u00f3l megegyez\u0151 m\u00e9ret\u0171 munkaer\u0151piaccal b\u00edr\u00f3 Csehorsz\u00e1gban jelenleg mintegy 700 ezer, Ausztri\u00e1ban egy milli\u00f3, a Magyarorsz\u00e1gt\u00f3l n\u00e9gyszer nagyobb Lengyelorsz\u00e1gban pedig k\u00f6r\u00fclbel\u00fcl 2 milli\u00f3 a vend\u00e9gmunk\u00e1s (z\u00f6m\u00e9ben ukr\u00e1nok, akiknek sz\u00e1ma a h\u00e1bor\u00fa kit\u00f6r\u00e9se ut\u00e1n megugrott).<\/p>\n<p>Juh\u00e1sz Csongor, a munkaer\u0151-k\u00f6lcs\u00f6nz\u0151 \u00e9s toborz\u00f3 Prohuman \u00fcgyvezet\u0151 igazgat\u00f3ja szerint el\u0151sz\u00f6r meg kell tal\u00e1lni a magyar munkaer\u0151piacon l\u00e9v\u0151 rejtett tartal\u00e9kokat, azut\u00e1n j\u00f6het sz\u00f3ba a vend\u00e9gmunk\u00e1sok bevon\u00e1sa kontroll\u00e1lt k\u00f6r\u00fclm\u00e9nyek k\u00f6z\u00f6tt. A v\u00e1llalkoz\u00e1soknak viszont sz\u00e1mos ter\u00fcleten nem \u00e1ll m\u00f3dj\u00e1ban olcs\u00f3bb magyar dolgoz\u00f3kat felvenni. Magyarorsz\u00e1g a r\u00e9gi\u00f3 orsz\u00e1gaihoz k\u00e9pest versenyel\u0151nyt tudott szerezni azzal, hogy enged\u00e9lyezte a hi\u00e1nyszakm\u00e1kban a vend\u00e9gmunka ig\u00e9nybev\u00e9tel\u00e9t, \u00edgy a jelenlegi neh\u00e9z \u2013 munkaer\u0151piaci szempontb\u00f3l t\u00falfesz\u00edtett id\u0151szakban is \u2013 tud az ittl\u00e9v\u0151 \u00e9s a j\u00f6v\u0151ben be\u00e9rkez\u0151 beruh\u00e1z\u00e1sokhoz munkaer\u0151t biztos\u00edtani, m\u00edg a r\u00e9gi\u00f3 t\u00f6bbi orsz\u00e1ga folyamatosan munkaer\u0151hi\u00e1nnyal k\u00fczd \u2013 nyilatkozta az \u00fcgyvezet\u0151, aki szerint ez a magyar munkahelyek v\u00e9delm\u00e9r\u0151l is sz\u00f3l, hiszen ha nincs el\u00e9g munkaer\u0151, a v\u00e1llalatok k\u00f6nnyen d\u00f6nthetnek \u00fagy, hogy \u00e1thelyezhetik a termel\u00e9st m\u00e1shov\u00e1, ahol ez a probl\u00e9ma kev\u00e9sb\u00e9 \u00e9get\u0151.A sz\u00e1m\u00edt\u00e1saik szerint egy vend\u00e9gmunk\u00e1s h\u00e1rom magyar munkahely megmarad\u00e1s\u00e1hoz is hozz\u00e1j\u00e1rulhat.R\u00e1ad\u00e1sul t\u00f6bb beruh\u00e1z\u00e1s is nagyobb es\u00e9llyel ker\u00fclhet Magyarorsz\u00e1gra, ha haz\u00e1nk biztos\u00edtani tudja az el\u00e9gs\u00e9ges munkaer\u0151t.<\/p>\n<p>Forr\u00e1s: <a href=\"https:\/\/www.napi.hu\/magyar-gazdasag\/munka-munkaeropiac-munkaerohiany-allas-vendegmunkas.769923.html\" target=\"_blank\" rel=\"nofollow noopener noreferrer\">napi.hu<\/a><\/p>\n","protected":false},"excerpt":{"rendered":"<p>A magyar munkaer\u0151piacon megn\u0151tt az az id\u0151, am\u00edg egy-egy poz\u00edci\u00f3t elfogadnak az \u00e1ll\u00e1skeres\u0151k. Ugyanakkor komoly szaktud\u00e1st ig\u00e9nyl\u0151 \u00e1ll\u00e1sok eset\u00e9ben nehezen tal\u00e1lnak megfelel\u0151 embert a c\u00e9gek. Az infl\u00e1ci\u00f3s nyom\u00e1s hat\u00e1s\u00e1ra nem fogadj\u00e1k el a felk\u00edn\u00e1lt lehet\u0151s\u00e9get az \u00e1ll\u00e1skeres\u0151k, hanem magasabb fizet\u00e9s fej\u00e9ben m\u00e1shoz fordulnak, \u00edgy er\u0151sen stagn\u00e1l a magyar munkaer\u0151piac. K\u00fcl\u00f6n\u00f6sen neh\u00e9z \u00e9s hossz\u00fa folyamat magas [&hellip;]<\/p>\n","protected":false},"author":1,"featured_media":6399,"comment_status":"open","ping_status":"open","sticky":false,"template":"","format":"standard","meta":{"_monsterinsights_skip_tracking":false,"footnotes":""},"categories":[200],"tags":[468],"class_list":["post-6398","post","type-post","status-publish","format-standard","has-post-thumbnail","hentry","category-munkaeropiac","tag-kulfoldi-vendegmunkasok"],"aioseo_notices":[],"aioseo_head":"\n\t\t<!-- All in One SEO 5.0.0.1 - aioseo.com -->\n\t<meta name=\"description\" content=\"A magyar munkaer\u0151piacon megn\u0151tt az az id\u0151, am\u00edg egy-egy poz\u00edci\u00f3t elfogadnak az \u00e1ll\u00e1skeres\u0151k. A szaktud\u00e1st ig\u00e9nyl\u0151 \u00e1ll\u00e1sok eset\u00e9ben nehezen tal\u00e1lnak embert.\" \/>\n\t<meta name=\"robots\" content=\"max-image-preview:large\" \/>\n\t<meta name=\"author\" content=\"Juh\u00e1sz P\u00e9ter\"\/>\n\t<meta name=\"keywords\" content=\"k\u00fclf\u00f6ldi vend\u00e9gmunk\u00e1sok\" \/>\n\t<link rel=\"canonical\" href=\"https:\/\/allasorias.hu\/hirek\/lassulas-es-hiany-az-allaskeresoknel\/\" \/>\n\t<meta name=\"generator\" content=\"All in One SEO (AIOSEO) 5.0.0.1\" \/>\n\t\t<meta property=\"og:locale\" content=\"hu_HU\" \/>\n\t\t<meta property=\"og:site_name\" content=\"AllasOrias.hu | H\u00edrek-lapszemle | \u00dczleti h\u00edrek az \u00e1ll\u00e1s \u00e9s a munka vil\u00e1g\u00e1b\u00f3l\" \/>\n\t\t<meta property=\"og:type\" content=\"article\" \/>\n\t\t<meta property=\"og:title\" content=\"Lassul\u00e1s \u00e9s hi\u00e1ny az \u00e1ll\u00e1skeres\u0151kn\u00e9l | Allasoriras.hu\" \/>\n\t\t<meta property=\"og:description\" content=\"A magyar munkaer\u0151piacon megn\u0151tt az az id\u0151, am\u00edg egy-egy poz\u00edci\u00f3t elfogadnak az \u00e1ll\u00e1skeres\u0151k. A szaktud\u00e1st ig\u00e9nyl\u0151 \u00e1ll\u00e1sok eset\u00e9ben nehezen tal\u00e1lnak embert.\" \/>\n\t\t<meta property=\"og:url\" content=\"https:\/\/allasorias.hu\/hirek\/lassulas-es-hiany-az-allaskeresoknel\/\" \/>\n\t\t<meta property=\"og:image\" content=\"https:\/\/allasorias.hu\/hirek\/wp-content\/uploads\/2023\/04\/kulfoldi-vendegmunkasok.jpg\" \/>\n\t\t<meta property=\"og:image:secure_url\" content=\"https:\/\/allasorias.hu\/hirek\/wp-content\/uploads\/2023\/04\/kulfoldi-vendegmunkasok.jpg\" \/>\n\t\t<meta property=\"og:image:width\" content=\"1280\" \/>\n\t\t<meta property=\"og:image:height\" content=\"854\" \/>\n\t\t<meta property=\"article:published_time\" content=\"2023-04-14T08:48:55+00:00\" \/>\n\t\t<meta property=\"article:modified_time\" content=\"2023-04-14T08:48:55+00:00\" \/>\n\t\t<meta property=\"article:publisher\" content=\"https:\/\/www.facebook.com\/allasorias\" \/>\n\t\t<meta name=\"twitter:card\" content=\"summary_large_image\" \/>\n\t\t<meta name=\"twitter:title\" content=\"Lassul\u00e1s \u00e9s hi\u00e1ny az \u00e1ll\u00e1skeres\u0151kn\u00e9l | Allasoriras.hu\" \/>\n\t\t<meta name=\"twitter:description\" content=\"A magyar munkaer\u0151piacon megn\u0151tt az az id\u0151, am\u00edg egy-egy poz\u00edci\u00f3t elfogadnak az \u00e1ll\u00e1skeres\u0151k. A szaktud\u00e1st ig\u00e9nyl\u0151 \u00e1ll\u00e1sok eset\u00e9ben nehezen tal\u00e1lnak embert.\" \/>\n\t\t<meta name=\"twitter:image\" content=\"https:\/\/allasorias.hu\/hirek\/wp-content\/uploads\/2023\/04\/kulfoldi-vendegmunkasok.jpg\" \/>\n\t\t<meta name=\"twitter:label1\" content=\"Written by\" \/>\n\t\t<meta name=\"twitter:data1\" content=\"Juh\u00e1sz P\u00e9ter\" \/>\n\t\t<meta name=\"twitter:label2\" content=\"Est. reading time\" \/>\n\t\t<meta name=\"twitter:data2\" content=\"3 minutes\" \/>\n\t\t<script type=\"application\/ld+json\" class=\"aioseo-schema\">\n\t\t\t{\"@context\":\"https:\\\/\\\/schema.org\",\"@graph\":[{\"@type\":\"Article\",\"@id\":\"https:\\\/\\\/allasorias.hu\\\/hirek\\\/lassulas-es-hiany-az-allaskeresoknel\\\/#article\",\"name\":\"Lassul\\u00e1s \\u00e9s hi\\u00e1ny az \\u00e1ll\\u00e1skeres\\u0151kn\\u00e9l | Allasoriras.hu\",\"headline\":\"Lassul\\u00e1s \\u00e9s hi\\u00e1ny az \\u00e1ll\\u00e1skeres\\u0151kn\\u00e9l\",\"author\":{\"@id\":\"https:\\\/\\\/allasorias.hu\\\/hirek\\\/author\\\/admin-allasorias\\\/#author\"},\"publisher\":{\"@id\":\"https:\\\/\\\/allasorias.hu\\\/hirek\\\/#organization\"},\"image\":{\"@type\":\"ImageObject\",\"url\":\"https:\\\/\\\/allasorias.hu\\\/hirek\\\/wp-content\\\/uploads\\\/2023\\\/04\\\/kulfoldi-vendegmunkasok.jpg\",\"width\":1280,\"height\":854,\"caption\":\"Lassul\\u00e1s \\u00e9s hi\\u00e1ny az \\u00e1ll\\u00e1skeres\\u0151kn\\u00e9l - Allasorias.hu\\\/Hirek\"},\"datePublished\":\"2023-04-14T08:48:55+02:00\",\"dateModified\":\"2023-04-14T08:48:55+02:00\",\"inLanguage\":\"hu-HU\",\"mainEntityOfPage\":{\"@id\":\"https:\\\/\\\/allasorias.hu\\\/hirek\\\/lassulas-es-hiany-az-allaskeresoknel\\\/#webpage\"},\"isPartOf\":{\"@id\":\"https:\\\/\\\/allasorias.hu\\\/hirek\\\/lassulas-es-hiany-az-allaskeresoknel\\\/#webpage\"},\"articleSection\":\"Munkaer\\u0151piac, K\\u00fclf\\u00f6ldi vend\\u00e9gmunk\\u00e1sok\"},{\"@type\":\"BreadcrumbList\",\"@id\":\"https:\\\/\\\/allasorias.hu\\\/hirek\\\/lassulas-es-hiany-az-allaskeresoknel\\\/#breadcrumblist\",\"itemListElement\":[{\"@type\":\"ListItem\",\"@id\":\"https:\\\/\\\/allasorias.hu\\\/hirek#listItem\",\"position\":1,\"name\":\"Home\",\"item\":\"https:\\\/\\\/allasorias.hu\\\/hirek\",\"nextItem\":{\"@type\":\"ListItem\",\"@id\":\"https:\\\/\\\/allasorias.hu\\\/hirek\\\/temak\\\/munkaeropiac\\\/#listItem\",\"name\":\"Munkaer\\u0151piac\"}},{\"@type\":\"ListItem\",\"@id\":\"https:\\\/\\\/allasorias.hu\\\/hirek\\\/temak\\\/munkaeropiac\\\/#listItem\",\"position\":2,\"name\":\"Munkaer\\u0151piac\",\"item\":\"https:\\\/\\\/allasorias.hu\\\/hirek\\\/temak\\\/munkaeropiac\\\/\",\"nextItem\":{\"@type\":\"ListItem\",\"@id\":\"https:\\\/\\\/allasorias.hu\\\/hirek\\\/lassulas-es-hiany-az-allaskeresoknel\\\/#listItem\",\"name\":\"Lassul\\u00e1s \\u00e9s hi\\u00e1ny az \\u00e1ll\\u00e1skeres\\u0151kn\\u00e9l\"},\"previousItem\":{\"@type\":\"ListItem\",\"@id\":\"https:\\\/\\\/allasorias.hu\\\/hirek#listItem\",\"name\":\"Home\"}},{\"@type\":\"ListItem\",\"@id\":\"https:\\\/\\\/allasorias.hu\\\/hirek\\\/lassulas-es-hiany-az-allaskeresoknel\\\/#listItem\",\"position\":3,\"name\":\"Lassul\\u00e1s \\u00e9s hi\\u00e1ny az \\u00e1ll\\u00e1skeres\\u0151kn\\u00e9l\",\"previousItem\":{\"@type\":\"ListItem\",\"@id\":\"https:\\\/\\\/allasorias.hu\\\/hirek\\\/temak\\\/munkaeropiac\\\/#listItem\",\"name\":\"Munkaer\\u0151piac\"}}]},{\"@type\":\"Organization\",\"@id\":\"https:\\\/\\\/allasorias.hu\\\/hirek\\\/#organization\",\"name\":\"AllasOrias.hu | H\\u00edrek-lapszemle\",\"description\":\"\\u00dczleti h\\u00edrek az \\u00e1ll\\u00e1s \\u00e9s a munka vil\\u00e1g\\u00e1b\\u00f3l\",\"url\":\"https:\\\/\\\/allasorias.hu\\\/hirek\\\/\",\"logo\":{\"@type\":\"ImageObject\",\"url\":\"https:\\\/\\\/allasorias.hu\\\/hirek\\\/wp-content\\\/uploads\\\/2022\\\/10\\\/allasorias_site_facebok_logo.png\",\"@id\":\"https:\\\/\\\/allasorias.hu\\\/hirek\\\/lassulas-es-hiany-az-allaskeresoknel\\\/#organizationLogo\"},\"image\":{\"@id\":\"https:\\\/\\\/allasorias.hu\\\/hirek\\\/lassulas-es-hiany-az-allaskeresoknel\\\/#organizationLogo\"},\"sameAs\":[\"https:\\\/\\\/www.facebook.com\\\/allasorias\",\"https:\\\/\\\/www.linkedin.com\\\/company\\\/allasorias\"]},{\"@type\":\"Person\",\"@id\":\"https:\\\/\\\/allasorias.hu\\\/hirek\\\/author\\\/admin-allasorias\\\/#author\",\"url\":\"https:\\\/\\\/allasorias.hu\\\/hirek\\\/author\\\/admin-allasorias\\\/\",\"name\":\"Juh\\u00e1sz P\\u00e9ter\",\"image\":{\"@type\":\"ImageObject\",\"@id\":\"https:\\\/\\\/allasorias.hu\\\/hirek\\\/lassulas-es-hiany-az-allaskeresoknel\\\/#authorImage\",\"url\":\"https:\\\/\\\/secure.gravatar.com\\\/avatar\\\/36e6bcb83148978b992977cb0f54d22feb0cce8a0a849a9410532bb2623ba4c6?s=96&d=mm&r=g\",\"width\":96,\"height\":96,\"caption\":\"Juh\\u00e1sz P\\u00e9ter\"}},{\"@type\":\"WebPage\",\"@id\":\"https:\\\/\\\/allasorias.hu\\\/hirek\\\/lassulas-es-hiany-az-allaskeresoknel\\\/#webpage\",\"url\":\"https:\\\/\\\/allasorias.hu\\\/hirek\\\/lassulas-es-hiany-az-allaskeresoknel\\\/\",\"name\":\"Lassul\\u00e1s \\u00e9s hi\\u00e1ny az \\u00e1ll\\u00e1skeres\\u0151kn\\u00e9l | Allasoriras.hu\",\"description\":\"A magyar munkaer\\u0151piacon megn\\u0151tt az az id\\u0151, am\\u00edg egy-egy poz\\u00edci\\u00f3t elfogadnak az \\u00e1ll\\u00e1skeres\\u0151k. A szaktud\\u00e1st ig\\u00e9nyl\\u0151 \\u00e1ll\\u00e1sok eset\\u00e9ben nehezen tal\\u00e1lnak embert.\",\"inLanguage\":\"hu-HU\",\"isPartOf\":{\"@id\":\"https:\\\/\\\/allasorias.hu\\\/hirek\\\/#website\"},\"breadcrumb\":{\"@id\":\"https:\\\/\\\/allasorias.hu\\\/hirek\\\/lassulas-es-hiany-az-allaskeresoknel\\\/#breadcrumblist\"},\"author\":{\"@id\":\"https:\\\/\\\/allasorias.hu\\\/hirek\\\/author\\\/admin-allasorias\\\/#author\"},\"creator\":{\"@id\":\"https:\\\/\\\/allasorias.hu\\\/hirek\\\/author\\\/admin-allasorias\\\/#author\"},\"image\":{\"@type\":\"ImageObject\",\"url\":\"https:\\\/\\\/allasorias.hu\\\/hirek\\\/wp-content\\\/uploads\\\/2023\\\/04\\\/kulfoldi-vendegmunkasok.jpg\",\"@id\":\"https:\\\/\\\/allasorias.hu\\\/hirek\\\/lassulas-es-hiany-az-allaskeresoknel\\\/#mainImage\",\"width\":1280,\"height\":854,\"caption\":\"Lassul\\u00e1s \\u00e9s hi\\u00e1ny az \\u00e1ll\\u00e1skeres\\u0151kn\\u00e9l - Allasorias.hu\\\/Hirek\"},\"primaryImageOfPage\":{\"@id\":\"https:\\\/\\\/allasorias.hu\\\/hirek\\\/lassulas-es-hiany-az-allaskeresoknel\\\/#mainImage\"},\"datePublished\":\"2023-04-14T08:48:55+02:00\",\"dateModified\":\"2023-04-14T08:48:55+02:00\"},{\"@type\":\"WebSite\",\"@id\":\"https:\\\/\\\/allasorias.hu\\\/hirek\\\/#website\",\"url\":\"https:\\\/\\\/allasorias.hu\\\/hirek\\\/\",\"name\":\"AllasOrias.hu | H\\u00edrek-lapszemle\",\"description\":\"\\u00dczleti h\\u00edrek az \\u00e1ll\\u00e1s \\u00e9s a munka vil\\u00e1g\\u00e1b\\u00f3l\",\"inLanguage\":\"hu-HU\",\"publisher\":{\"@id\":\"https:\\\/\\\/allasorias.hu\\\/hirek\\\/#organization\"}}]}\n\t\t<\/script>\n\t\t<!-- All in One SEO -->\n\n","aioseo_head_json":{"title":"Lassul\u00e1s \u00e9s hi\u00e1ny az \u00e1ll\u00e1skeres\u0151kn\u00e9l | Allasoriras.hu","description":"A magyar munkaer\u0151piacon megn\u0151tt az az id\u0151, am\u00edg egy-egy poz\u00edci\u00f3t elfogadnak az \u00e1ll\u00e1skeres\u0151k. A szaktud\u00e1st ig\u00e9nyl\u0151 \u00e1ll\u00e1sok eset\u00e9ben nehezen tal\u00e1lnak embert.","canonical_url":"https:\/\/allasorias.hu\/hirek\/lassulas-es-hiany-az-allaskeresoknel\/","robots":"max-image-preview:large","keywords":"k\u00fclf\u00f6ldi vend\u00e9gmunk\u00e1sok","webmasterTools":{"miscellaneous":""},"schema":{"@context":"https:\/\/schema.org","@graph":[{"@type":"Article","@id":"https:\/\/allasorias.hu\/hirek\/lassulas-es-hiany-az-allaskeresoknel\/#article","name":"Lassul\u00e1s \u00e9s hi\u00e1ny az \u00e1ll\u00e1skeres\u0151kn\u00e9l | Allasoriras.hu","headline":"Lassul\u00e1s \u00e9s hi\u00e1ny az \u00e1ll\u00e1skeres\u0151kn\u00e9l","author":{"@id":"https:\/\/allasorias.hu\/hirek\/author\/admin-allasorias\/#author"},"publisher":{"@id":"https:\/\/allasorias.hu\/hirek\/#organization"},"image":{"@type":"ImageObject","url":"https:\/\/allasorias.hu\/hirek\/wp-content\/uploads\/2023\/04\/kulfoldi-vendegmunkasok.jpg","width":1280,"height":854,"caption":"Lassul\u00e1s \u00e9s hi\u00e1ny az \u00e1ll\u00e1skeres\u0151kn\u00e9l - Allasorias.hu\/Hirek"},"datePublished":"2023-04-14T08:48:55+02:00","dateModified":"2023-04-14T08:48:55+02:00","inLanguage":"hu-HU","mainEntityOfPage":{"@id":"https:\/\/allasorias.hu\/hirek\/lassulas-es-hiany-az-allaskeresoknel\/#webpage"},"isPartOf":{"@id":"https:\/\/allasorias.hu\/hirek\/lassulas-es-hiany-az-allaskeresoknel\/#webpage"},"articleSection":"Munkaer\u0151piac, K\u00fclf\u00f6ldi vend\u00e9gmunk\u00e1sok"},{"@type":"BreadcrumbList","@id":"https:\/\/allasorias.hu\/hirek\/lassulas-es-hiany-az-allaskeresoknel\/#breadcrumblist","itemListElement":[{"@type":"ListItem","@id":"https:\/\/allasorias.hu\/hirek#listItem","position":1,"name":"Home","item":"https:\/\/allasorias.hu\/hirek","nextItem":{"@type":"ListItem","@id":"https:\/\/allasorias.hu\/hirek\/temak\/munkaeropiac\/#listItem","name":"Munkaer\u0151piac"}},{"@type":"ListItem","@id":"https:\/\/allasorias.hu\/hirek\/temak\/munkaeropiac\/#listItem","position":2,"name":"Munkaer\u0151piac","item":"https:\/\/allasorias.hu\/hirek\/temak\/munkaeropiac\/","nextItem":{"@type":"ListItem","@id":"https:\/\/allasorias.hu\/hirek\/lassulas-es-hiany-az-allaskeresoknel\/#listItem","name":"Lassul\u00e1s \u00e9s hi\u00e1ny az \u00e1ll\u00e1skeres\u0151kn\u00e9l"},"previousItem":{"@type":"ListItem","@id":"https:\/\/allasorias.hu\/hirek#listItem","name":"Home"}},{"@type":"ListItem","@id":"https:\/\/allasorias.hu\/hirek\/lassulas-es-hiany-az-allaskeresoknel\/#listItem","position":3,"name":"Lassul\u00e1s \u00e9s hi\u00e1ny az \u00e1ll\u00e1skeres\u0151kn\u00e9l","previousItem":{"@type":"ListItem","@id":"https:\/\/allasorias.hu\/hirek\/temak\/munkaeropiac\/#listItem","name":"Munkaer\u0151piac"}}]},{"@type":"Organization","@id":"https:\/\/allasorias.hu\/hirek\/#organization","name":"AllasOrias.hu | H\u00edrek-lapszemle","description":"\u00dczleti h\u00edrek az \u00e1ll\u00e1s \u00e9s a munka vil\u00e1g\u00e1b\u00f3l","url":"https:\/\/allasorias.hu\/hirek\/","logo":{"@type":"ImageObject","url":"https:\/\/allasorias.hu\/hirek\/wp-content\/uploads\/2022\/10\/allasorias_site_facebok_logo.png","@id":"https:\/\/allasorias.hu\/hirek\/lassulas-es-hiany-az-allaskeresoknel\/#organizationLogo"},"image":{"@id":"https:\/\/allasorias.hu\/hirek\/lassulas-es-hiany-az-allaskeresoknel\/#organizationLogo"},"sameAs":["https:\/\/www.facebook.com\/allasorias","https:\/\/www.linkedin.com\/company\/allasorias"]},{"@type":"Person","@id":"https:\/\/allasorias.hu\/hirek\/author\/admin-allasorias\/#author","url":"https:\/\/allasorias.hu\/hirek\/author\/admin-allasorias\/","name":"Juh\u00e1sz P\u00e9ter","image":{"@type":"ImageObject","@id":"https:\/\/allasorias.hu\/hirek\/lassulas-es-hiany-az-allaskeresoknel\/#authorImage","url":"https:\/\/secure.gravatar.com\/avatar\/36e6bcb83148978b992977cb0f54d22feb0cce8a0a849a9410532bb2623ba4c6?s=96&d=mm&r=g","width":96,"height":96,"caption":"Juh\u00e1sz P\u00e9ter"}},{"@type":"WebPage","@id":"https:\/\/allasorias.hu\/hirek\/lassulas-es-hiany-az-allaskeresoknel\/#webpage","url":"https:\/\/allasorias.hu\/hirek\/lassulas-es-hiany-az-allaskeresoknel\/","name":"Lassul\u00e1s \u00e9s hi\u00e1ny az \u00e1ll\u00e1skeres\u0151kn\u00e9l | Allasoriras.hu","description":"A magyar munkaer\u0151piacon megn\u0151tt az az id\u0151, am\u00edg egy-egy poz\u00edci\u00f3t elfogadnak az \u00e1ll\u00e1skeres\u0151k. A szaktud\u00e1st ig\u00e9nyl\u0151 \u00e1ll\u00e1sok eset\u00e9ben nehezen tal\u00e1lnak embert.","inLanguage":"hu-HU","isPartOf":{"@id":"https:\/\/allasorias.hu\/hirek\/#website"},"breadcrumb":{"@id":"https:\/\/allasorias.hu\/hirek\/lassulas-es-hiany-az-allaskeresoknel\/#breadcrumblist"},"author":{"@id":"https:\/\/allasorias.hu\/hirek\/author\/admin-allasorias\/#author"},"creator":{"@id":"https:\/\/allasorias.hu\/hirek\/author\/admin-allasorias\/#author"},"image":{"@type":"ImageObject","url":"https:\/\/allasorias.hu\/hirek\/wp-content\/uploads\/2023\/04\/kulfoldi-vendegmunkasok.jpg","@id":"https:\/\/allasorias.hu\/hirek\/lassulas-es-hiany-az-allaskeresoknel\/#mainImage","width":1280,"height":854,"caption":"Lassul\u00e1s \u00e9s hi\u00e1ny az \u00e1ll\u00e1skeres\u0151kn\u00e9l - Allasorias.hu\/Hirek"},"primaryImageOfPage":{"@id":"https:\/\/allasorias.hu\/hirek\/lassulas-es-hiany-az-allaskeresoknel\/#mainImage"},"datePublished":"2023-04-14T08:48:55+02:00","dateModified":"2023-04-14T08:48:55+02:00"},{"@type":"WebSite","@id":"https:\/\/allasorias.hu\/hirek\/#website","url":"https:\/\/allasorias.hu\/hirek\/","name":"AllasOrias.hu | H\u00edrek-lapszemle","description":"\u00dczleti h\u00edrek az \u00e1ll\u00e1s \u00e9s a munka vil\u00e1g\u00e1b\u00f3l","inLanguage":"hu-HU","publisher":{"@id":"https:\/\/allasorias.hu\/hirek\/#organization"}}]},"og:locale":"hu_HU","og:site_name":"AllasOrias.hu | H\u00edrek-lapszemle | \u00dczleti h\u00edrek az \u00e1ll\u00e1s \u00e9s a munka vil\u00e1g\u00e1b\u00f3l","og:type":"article","og:title":"Lassul\u00e1s \u00e9s hi\u00e1ny az \u00e1ll\u00e1skeres\u0151kn\u00e9l | Allasoriras.hu","og:description":"A magyar munkaer\u0151piacon megn\u0151tt az az id\u0151, am\u00edg egy-egy poz\u00edci\u00f3t elfogadnak az \u00e1ll\u00e1skeres\u0151k. A szaktud\u00e1st ig\u00e9nyl\u0151 \u00e1ll\u00e1sok eset\u00e9ben nehezen tal\u00e1lnak embert.","og:url":"https:\/\/allasorias.hu\/hirek\/lassulas-es-hiany-az-allaskeresoknel\/","og:image":"https:\/\/allasorias.hu\/hirek\/wp-content\/uploads\/2023\/04\/kulfoldi-vendegmunkasok.jpg","og:image:secure_url":"https:\/\/allasorias.hu\/hirek\/wp-content\/uploads\/2023\/04\/kulfoldi-vendegmunkasok.jpg","og:image:width":1280,"og:image:height":854,"article:published_time":"2023-04-14T08:48:55+00:00","article:modified_time":"2023-04-14T08:48:55+00:00","article:publisher":"https:\/\/www.facebook.com\/allasorias","twitter:card":"summary_large_image","twitter:title":"Lassul\u00e1s \u00e9s hi\u00e1ny az \u00e1ll\u00e1skeres\u0151kn\u00e9l | Allasoriras.hu","twitter:description":"A magyar munkaer\u0151piacon megn\u0151tt az az id\u0151, am\u00edg egy-egy poz\u00edci\u00f3t elfogadnak az \u00e1ll\u00e1skeres\u0151k. A szaktud\u00e1st ig\u00e9nyl\u0151 \u00e1ll\u00e1sok eset\u00e9ben nehezen tal\u00e1lnak embert.","twitter:image":"https:\/\/allasorias.hu\/hirek\/wp-content\/uploads\/2023\/04\/kulfoldi-vendegmunkasok.jpg","twitter:label1":"Written by","twitter:data1":"Juh\u00e1sz P\u00e9ter","twitter:label2":"Est. reading time","twitter:data2":"3 minutes"},"aioseo_meta_data":{"post_id":"6398","title":"#post_title | Allasoriras.hu","description":"A magyar munkaer\u0151piacon megn\u0151tt az az id\u0151, am\u00edg egy-egy poz\u00edci\u00f3t elfogadnak az \u00e1ll\u00e1skeres\u0151k. A szaktud\u00e1st ig\u00e9nyl\u0151 \u00e1ll\u00e1sok eset\u00e9ben nehezen tal\u00e1lnak embert.","keywords":[],"keyphrases":{"focus":{"keyphrase":"","score":0,"analysis":{"keyphraseInTitle":{"score":0,"maxScore":9,"error":1}}},"additional":[]},"primary_term":null,"canonical_url":null,"og_title":null,"og_description":null,"og_object_type":"default","og_image_type":"default","og_image_url":null,"og_image_width":null,"og_image_height":null,"og_image_custom_url":null,"og_image_custom_fields":null,"og_video":"","og_custom_url":null,"og_article_section":null,"og_article_tags":[],"twitter_use_og":true,"twitter_card":"default","twitter_image_type":"default","twitter_image_url":null,"twitter_image_custom_url":null,"twitter_image_custom_fields":null,"twitter_title":null,"twitter_description":null,"schema":{"blockGraphs":[],"customGraphs":[],"default":{"data":{"Article":[],"Course":[],"Dataset":[],"FAQPage":[],"Movie":[],"Person":[],"Product":[],"ProductReview":[],"Car":[],"Recipe":[],"Service":[],"SoftwareApplication":[],"WebPage":[]},"graphName":"Article","isEnabled":true},"graphs":[]},"schema_type":"default","schema_type_options":null,"pillar_content":false,"robots_default":true,"robots_noindex":false,"robots_noarchive":false,"robots_nosnippet":false,"robots_nofollow":false,"robots_noimageindex":false,"robots_noodp":false,"robots_notranslate":false,"robots_max_snippet":"-1","robots_max_videopreview":"-1","robots_max_imagepreview":"large","priority":null,"frequency":"default","location":null,"local_seo":null,"breadcrumb_settings":null,"limit_modified_date":false,"ai":null,"created":"2023-04-14 08:25:04","updated":"2025-10-02 18:22:22","seo_analyzer_scan_date":null,"focus_keyword":null,"additional_keywords":null,"truseo_locale":null},"aioseo_breadcrumb":"<div class=\"aioseo-breadcrumbs\"><span class=\"aioseo-breadcrumb\">\n\t\t\t<a href=\"https:\/\/allasorias.hu\/hirek\" title=\"Home\">Home<\/a>\n\t\t<\/span><span class=\"aioseo-breadcrumb-separator\">&raquo;<\/span><span class=\"aioseo-breadcrumb\">\n\t\t\t<a href=\"https:\/\/allasorias.hu\/hirek\/temak\/munkaeropiac\/\" title=\"Munkaer\u0151piac\">Munkaer\u0151piac<\/a>\n\t\t<\/span><span class=\"aioseo-breadcrumb-separator\">&raquo;<\/span><span class=\"aioseo-breadcrumb\">\n\t\t\tLassul\u00e1s \u00e9s hi\u00e1ny az \u00e1ll\u00e1skeres\u0151kn\u00e9l\n\t\t<\/span><\/div>","aioseo_breadcrumb_json":[{"label":"Home","link":"https:\/\/allasorias.hu\/hirek"},{"label":"Munkaer\u0151piac","link":"https:\/\/allasorias.hu\/hirek\/temak\/munkaeropiac\/"},{"label":"Lassul\u00e1s \u00e9s hi\u00e1ny az \u00e1ll\u00e1skeres\u0151kn\u00e9l","link":"https:\/\/allasorias.hu\/hirek\/lassulas-es-hiany-az-allaskeresoknel\/"}],"_links":{"self":[{"href":"https:\/\/allasorias.hu\/hirek\/wp-json\/wp\/v2\/posts\/6398","targetHints":{"allow":["GET"]}}],"collection":[{"href":"https:\/\/allasorias.hu\/hirek\/wp-json\/wp\/v2\/posts"}],"about":[{"href":"https:\/\/allasorias.hu\/hirek\/wp-json\/wp\/v2\/types\/post"}],"author":[{"embeddable":true,"href":"https:\/\/allasorias.hu\/hirek\/wp-json\/wp\/v2\/users\/1"}],"replies":[{"embeddable":true,"href":"https:\/\/allasorias.hu\/hirek\/wp-json\/wp\/v2\/comments?post=6398"}],"version-history":[{"count":1,"href":"https:\/\/allasorias.hu\/hirek\/wp-json\/wp\/v2\/posts\/6398\/revisions"}],"predecessor-version":[{"id":6400,"href":"https:\/\/allasorias.hu\/hirek\/wp-json\/wp\/v2\/posts\/6398\/revisions\/6400"}],"wp:featuredmedia":[{"embeddable":true,"href":"https:\/\/allasorias.hu\/hirek\/wp-json\/wp\/v2\/media\/6399"}],"wp:attachment":[{"href":"https:\/\/allasorias.hu\/hirek\/wp-json\/wp\/v2\/media?parent=6398"}],"wp:term":[{"taxonomy":"category","embeddable":true,"href":"https:\/\/allasorias.hu\/hirek\/wp-json\/wp\/v2\/categories?post=6398"},{"taxonomy":"post_tag","embeddable":true,"href":"https:\/\/allasorias.hu\/hirek\/wp-json\/wp\/v2\/tags?post=6398"}],"curies":[{"name":"wp","href":"https:\/\/api.w.org\/{rel}","templated":true}]}}