{"id":6385,"date":"2023-04-10T08:16:24","date_gmt":"2023-04-10T08:16:24","guid":{"rendered":"https:\/\/allasorias.hu\/hirek\/?p=6385"},"modified":"2023-04-11T08:16:39","modified_gmt":"2023-04-11T08:16:39","slug":"tiz-milliard-munkahelyteremtesre","status":"publish","type":"post","link":"https:\/\/allasorias.hu\/hirek\/tiz-milliard-munkahelyteremtesre\/","title":{"rendered":"T\u00edz milli\u00e1rd munkahelyteremt\u00e9sre"},"content":{"rendered":"<p><strong>N\u00e9pszer\u0171ek a munkahelyteremt\u0151 programok haz\u00e1nkban, f\u0151k\u00e9nt Hajd\u00fa-Bihar, Borsod-Aba\u00faj-Zempl\u00e9n \u00e9s Szabolcs-Szatm\u00e1r-Bereg v\u00e1rmegy\u00e9kben. M\u00edg az \u00e1gazatokat tekintve a kereskedelem, g\u00e9pj\u00e1rm\u0171jav\u00edt\u00e1s, az \u00e9p\u00edt\u0151ipar \u00e9s a sz\u00e1ll\u00e1shely-szolg\u00e1ltat\u00e1s, vend\u00e9gl\u00e1t\u00e1s a legakt\u00edvabb p\u00e1ly\u00e1z\u00f3.<\/strong><\/p>\n<p>A decemberben indult V\u00e1llalkoz\u00e1sok munkaer\u0151 t\u00e1mogat\u00e1sa \u00e9s munkatapasztalat-szerz\u00e9st el\u0151seg\u00edt\u0151 t\u00e1mogat\u00e1soknak k\u00f6sz\u00f6nhet\u0151en m\u00e1ra m\u00e1r t\u00f6bb mint 10 ezer \u00e1ll\u00e1skeres\u0151 \u00e1llhatott \u00fajra munk\u00e1ba \u2013 k\u00f6z\u00f6lte Czomba S\u00e1ndor, a Gazdas\u00e1gfejleszt\u00e9si Miniszt\u00e9rium (GFM) foglalkoztat\u00e1spolitik\u00e1\u00e9rt felel\u0151s \u00e1llamtitk\u00e1ra.\u00a0 A korm\u00e1ny a h\u00e1bor\u00fa \u00e9s szankci\u00f3k s\u00fajtotta neh\u00e9z gazdas\u00e1gi helyzetben is mindent megtesz a csal\u00e1dok megv\u00e9d\u00e9se, a recesszi\u00f3 elker\u00fcl\u00e9se, a teljes foglalkoztat\u00e1s meg\u0151rz\u00e9se \u00e9s az infl\u00e1ci\u00f3 let\u00f6r\u00e9se \u00e9rdek\u00e9ben, ez\u00e9rt m\u00e1r 20 int\u00e9zked\u00e9sr\u0151l hozott d\u00f6nt\u00e9st \u2013 hangs\u00falyozta a k\u00f6zlem\u00e9nyben az \u00e1llamtitk\u00e1r.<\/p>\n<h2>10 milli\u00e1rd forintnyi t\u00e1mogat\u00e1s a korm\u00e1nyt\u00f3l<\/h2>\n<p>A <a href=\"https:\/\/allasorias.hu\/hirek\/nott-a-foglalkoztatottak-szama-segito-programok-a-munkaeropiacon\/\">munkahelyteremt\u0151 t\u00e1mogat\u00e1si programokra<\/a> eddig mintegy 12 ezer \u00e1ll\u00e1skeres\u0151 foglalkoztat\u00e1s\u00e1ra \u00e9rkezett be k\u00e9relem, \u00e9s m\u00e1r 10 ezer \u00e1ll\u00e1skeres\u0151 \u00e1llhatott \u00fajra munk\u00e1ba. A k\u00e9relmek t\u00f6bb mint 90 sz\u00e1zal\u00e9ka mikro- \u00e9s kisv\u00e1llalkoz\u00e1sokt\u00f3l \u00e9rkezett be. A program Hajd\u00fa-Bihar, Borsod-Aba\u00faj-Zempl\u00e9n \u00e9s Szabolcs-Szatm\u00e1r-Bereg v\u00e1rmegy\u00e9kben a legn\u00e9pszer\u0171bb, m\u00edg az \u00e1gazatokat tekintve a kereskedelem, g\u00e9pj\u00e1rm\u0171jav\u00edt\u00e1s, az \u00e9p\u00edt\u0151ipar \u00e9s a sz\u00e1ll\u00e1shely-szolg\u00e1ltat\u00e1s, vend\u00e9gl\u00e1t\u00e1s a legakt\u00edvabb p\u00e1ly\u00e1z\u00f3. Az \u00e1llamtitk\u00e1r arra is felh\u00edvta a figyelmet, hogy az el\u00e9rhet\u0151 forr\u00e1sok k\u00f6z\u00f6tt lehet\u0151s\u00e9g van a v\u00e1llalkoz\u00e1sok munkaer\u0151 t\u00e1mogat\u00e1s\u00e1ra; a fiatal szakk\u00e9pzettek munkatapasztalat szerz\u00e9s\u00e9re; valamint a foglalkoztat\u00e1s szempontj\u00e1b\u00f3l h\u00e1tr\u00e1nyos helyzet\u0171ek munkatapasztalat-szerz\u00e9s\u00e9t el\u0151seg\u00edt\u0151 t\u00e1mogat\u00e1sok ig\u00e9nyl\u00e9s\u00e9re. Czomba S\u00e1ndor mindenkit arra biztat, hogy mihamarabb \u00e9ljen a lehet\u0151s\u00e9ggel \u00e9s keresse fel a foglalkoztat\u00e1si port\u00e1lon el\u00e9rhet\u0151 hirdetm\u00e9nyeket.<\/p>\n<p>Forr\u00e1s: <a href=\"https:\/\/hirado.hu\/belfold\/gazdasag\/cikk\/2023\/04\/05\/gfm-allamtitkar-tizezer-allaskereso-munkahoz-jutasat-segitettek-az-uj-munkahelyteremto-programok\" target=\"_blank\" rel=\"nofollow noopener noreferrer\">hirado.hu<\/a><\/p>\n<p>&nbsp;<\/p>\n","protected":false},"excerpt":{"rendered":"<p>N\u00e9pszer\u0171ek a munkahelyteremt\u0151 programok haz\u00e1nkban, f\u0151k\u00e9nt Hajd\u00fa-Bihar, Borsod-Aba\u00faj-Zempl\u00e9n \u00e9s Szabolcs-Szatm\u00e1r-Bereg v\u00e1rmegy\u00e9kben. M\u00edg az \u00e1gazatokat tekintve a kereskedelem, g\u00e9pj\u00e1rm\u0171jav\u00edt\u00e1s, az \u00e9p\u00edt\u0151ipar \u00e9s a sz\u00e1ll\u00e1shely-szolg\u00e1ltat\u00e1s, vend\u00e9gl\u00e1t\u00e1s a legakt\u00edvabb p\u00e1ly\u00e1z\u00f3. A decemberben indult V\u00e1llalkoz\u00e1sok munkaer\u0151 t\u00e1mogat\u00e1sa \u00e9s munkatapasztalat-szerz\u00e9st el\u0151seg\u00edt\u0151 t\u00e1mogat\u00e1soknak k\u00f6sz\u00f6nhet\u0151en m\u00e1ra m\u00e1r t\u00f6bb mint 10 ezer \u00e1ll\u00e1skeres\u0151 \u00e1llhatott \u00fajra munk\u00e1ba \u2013 k\u00f6z\u00f6lte Czomba S\u00e1ndor, a Gazdas\u00e1gfejleszt\u00e9si Miniszt\u00e9rium [&hellip;]<\/p>\n","protected":false},"author":1,"featured_media":6386,"comment_status":"open","ping_status":"open","sticky":false,"template":"","format":"standard","meta":{"_monsterinsights_skip_tracking":false,"footnotes":""},"categories":[200],"tags":[461,462],"class_list":["post-6385","post","type-post","status-publish","format-standard","has-post-thumbnail","hentry","category-munkaeropiac","tag-munkahelyteremtes","tag-munkahelyteremto-program"],"aioseo_notices":[],"aioseo_head":"\n\t\t<!-- All in One SEO 5.0.0.1 - aioseo.com -->\n\t<meta name=\"description\" content=\"N\u00e9pszer\u0171ek a munkahelyteremt\u0151 programok haz\u00e1nkban, f\u0151k\u00e9nt Hajd\u00fa-Bihar, Borsod-Aba\u00faj-Zempl\u00e9n \u00e9s Szabolcs-Szatm\u00e1r-Bereg v\u00e1rmegy\u00e9kben.\" \/>\n\t<meta name=\"robots\" content=\"max-image-preview:large\" \/>\n\t<meta name=\"author\" content=\"Juh\u00e1sz P\u00e9ter\"\/>\n\t<meta name=\"keywords\" content=\"munkahelyteremt\u00e9s,munkahelyteremt\u0151 program\" \/>\n\t<link rel=\"canonical\" href=\"https:\/\/allasorias.hu\/hirek\/tiz-milliard-munkahelyteremtesre\/\" \/>\n\t<meta name=\"generator\" content=\"All in One SEO (AIOSEO) 5.0.0.1\" \/>\n\t\t<meta property=\"og:locale\" content=\"hu_HU\" \/>\n\t\t<meta property=\"og:site_name\" content=\"AllasOrias.hu | H\u00edrek-lapszemle | \u00dczleti h\u00edrek az \u00e1ll\u00e1s \u00e9s a munka vil\u00e1g\u00e1b\u00f3l\" \/>\n\t\t<meta property=\"og:type\" content=\"article\" \/>\n\t\t<meta property=\"og:title\" content=\"T\u00edz milli\u00e1rd munkahelyteremt\u00e9sre | Allasorias.hu\/hirek\" \/>\n\t\t<meta property=\"og:description\" content=\"N\u00e9pszer\u0171ek a munkahelyteremt\u0151 programok haz\u00e1nkban, f\u0151k\u00e9nt Hajd\u00fa-Bihar, Borsod-Aba\u00faj-Zempl\u00e9n \u00e9s Szabolcs-Szatm\u00e1r-Bereg v\u00e1rmegy\u00e9kben.\" \/>\n\t\t<meta property=\"og:url\" content=\"https:\/\/allasorias.hu\/hirek\/tiz-milliard-munkahelyteremtesre\/\" \/>\n\t\t<meta property=\"og:image\" content=\"https:\/\/allasorias.hu\/hirek\/wp-content\/uploads\/2023\/04\/munkahelyteremto-programok.jpg\" \/>\n\t\t<meta property=\"og:image:secure_url\" content=\"https:\/\/allasorias.hu\/hirek\/wp-content\/uploads\/2023\/04\/munkahelyteremto-programok.jpg\" \/>\n\t\t<meta property=\"og:image:width\" content=\"1280\" \/>\n\t\t<meta property=\"og:image:height\" content=\"853\" \/>\n\t\t<meta property=\"article:published_time\" content=\"2023-04-10T08:16:24+00:00\" \/>\n\t\t<meta property=\"article:modified_time\" content=\"2023-04-11T08:16:39+00:00\" \/>\n\t\t<meta property=\"article:publisher\" content=\"https:\/\/www.facebook.com\/allasorias\" \/>\n\t\t<meta name=\"twitter:card\" content=\"summary_large_image\" \/>\n\t\t<meta name=\"twitter:title\" content=\"T\u00edz milli\u00e1rd munkahelyteremt\u00e9sre | Allasorias.hu\/hirek\" \/>\n\t\t<meta name=\"twitter:description\" content=\"N\u00e9pszer\u0171ek a munkahelyteremt\u0151 programok haz\u00e1nkban, f\u0151k\u00e9nt Hajd\u00fa-Bihar, Borsod-Aba\u00faj-Zempl\u00e9n \u00e9s Szabolcs-Szatm\u00e1r-Bereg v\u00e1rmegy\u00e9kben.\" \/>\n\t\t<meta name=\"twitter:image\" content=\"https:\/\/allasorias.hu\/hirek\/wp-content\/uploads\/2023\/04\/munkahelyteremto-programok.jpg\" \/>\n\t\t<meta name=\"twitter:label1\" content=\"Written by\" \/>\n\t\t<meta name=\"twitter:data1\" content=\"Juh\u00e1sz P\u00e9ter\" \/>\n\t\t<meta name=\"twitter:label2\" content=\"Est. reading time\" \/>\n\t\t<meta name=\"twitter:data2\" content=\"2 minutes\" \/>\n\t\t<script type=\"application\/ld+json\" class=\"aioseo-schema\">\n\t\t\t{\"@context\":\"https:\\\/\\\/schema.org\",\"@graph\":[{\"@type\":\"Article\",\"@id\":\"https:\\\/\\\/allasorias.hu\\\/hirek\\\/tiz-milliard-munkahelyteremtesre\\\/#article\",\"name\":\"T\\u00edz milli\\u00e1rd munkahelyteremt\\u00e9sre | Allasorias.hu\\\/hirek\",\"headline\":\"T\\u00edz milli\\u00e1rd munkahelyteremt\\u00e9sre\",\"author\":{\"@id\":\"https:\\\/\\\/allasorias.hu\\\/hirek\\\/author\\\/admin-allasorias\\\/#author\"},\"publisher\":{\"@id\":\"https:\\\/\\\/allasorias.hu\\\/hirek\\\/#organization\"},\"image\":{\"@type\":\"ImageObject\",\"url\":\"https:\\\/\\\/allasorias.hu\\\/hirek\\\/wp-content\\\/uploads\\\/2023\\\/04\\\/munkahelyteremto-programok.jpg\",\"width\":1280,\"height\":853,\"caption\":\"T\\u00edz milli\\u00e1rd munkahelyteremt\\u00e9sre - Allasorias.hu\\\/Hirek\"},\"datePublished\":\"2023-04-10T08:16:24+02:00\",\"dateModified\":\"2023-04-11T08:16:39+02:00\",\"inLanguage\":\"hu-HU\",\"mainEntityOfPage\":{\"@id\":\"https:\\\/\\\/allasorias.hu\\\/hirek\\\/tiz-milliard-munkahelyteremtesre\\\/#webpage\"},\"isPartOf\":{\"@id\":\"https:\\\/\\\/allasorias.hu\\\/hirek\\\/tiz-milliard-munkahelyteremtesre\\\/#webpage\"},\"articleSection\":\"Munkaer\\u0151piac, munkahelyteremt\\u00e9s, munkahelyteremt\\u0151 program\"},{\"@type\":\"BreadcrumbList\",\"@id\":\"https:\\\/\\\/allasorias.hu\\\/hirek\\\/tiz-milliard-munkahelyteremtesre\\\/#breadcrumblist\",\"itemListElement\":[{\"@type\":\"ListItem\",\"@id\":\"https:\\\/\\\/allasorias.hu\\\/hirek#listItem\",\"position\":1,\"name\":\"Home\",\"item\":\"https:\\\/\\\/allasorias.hu\\\/hirek\",\"nextItem\":{\"@type\":\"ListItem\",\"@id\":\"https:\\\/\\\/allasorias.hu\\\/hirek\\\/temak\\\/munkaeropiac\\\/#listItem\",\"name\":\"Munkaer\\u0151piac\"}},{\"@type\":\"ListItem\",\"@id\":\"https:\\\/\\\/allasorias.hu\\\/hirek\\\/temak\\\/munkaeropiac\\\/#listItem\",\"position\":2,\"name\":\"Munkaer\\u0151piac\",\"item\":\"https:\\\/\\\/allasorias.hu\\\/hirek\\\/temak\\\/munkaeropiac\\\/\",\"nextItem\":{\"@type\":\"ListItem\",\"@id\":\"https:\\\/\\\/allasorias.hu\\\/hirek\\\/tiz-milliard-munkahelyteremtesre\\\/#listItem\",\"name\":\"T\\u00edz milli\\u00e1rd munkahelyteremt\\u00e9sre\"},\"previousItem\":{\"@type\":\"ListItem\",\"@id\":\"https:\\\/\\\/allasorias.hu\\\/hirek#listItem\",\"name\":\"Home\"}},{\"@type\":\"ListItem\",\"@id\":\"https:\\\/\\\/allasorias.hu\\\/hirek\\\/tiz-milliard-munkahelyteremtesre\\\/#listItem\",\"position\":3,\"name\":\"T\\u00edz milli\\u00e1rd munkahelyteremt\\u00e9sre\",\"previousItem\":{\"@type\":\"ListItem\",\"@id\":\"https:\\\/\\\/allasorias.hu\\\/hirek\\\/temak\\\/munkaeropiac\\\/#listItem\",\"name\":\"Munkaer\\u0151piac\"}}]},{\"@type\":\"Organization\",\"@id\":\"https:\\\/\\\/allasorias.hu\\\/hirek\\\/#organization\",\"name\":\"AllasOrias.hu | H\\u00edrek-lapszemle\",\"description\":\"\\u00dczleti h\\u00edrek az \\u00e1ll\\u00e1s \\u00e9s a munka vil\\u00e1g\\u00e1b\\u00f3l\",\"url\":\"https:\\\/\\\/allasorias.hu\\\/hirek\\\/\",\"logo\":{\"@type\":\"ImageObject\",\"url\":\"https:\\\/\\\/allasorias.hu\\\/hirek\\\/wp-content\\\/uploads\\\/2022\\\/10\\\/allasorias_site_facebok_logo.png\",\"@id\":\"https:\\\/\\\/allasorias.hu\\\/hirek\\\/tiz-milliard-munkahelyteremtesre\\\/#organizationLogo\"},\"image\":{\"@id\":\"https:\\\/\\\/allasorias.hu\\\/hirek\\\/tiz-milliard-munkahelyteremtesre\\\/#organizationLogo\"},\"sameAs\":[\"https:\\\/\\\/www.facebook.com\\\/allasorias\",\"https:\\\/\\\/www.linkedin.com\\\/company\\\/allasorias\"]},{\"@type\":\"Person\",\"@id\":\"https:\\\/\\\/allasorias.hu\\\/hirek\\\/author\\\/admin-allasorias\\\/#author\",\"url\":\"https:\\\/\\\/allasorias.hu\\\/hirek\\\/author\\\/admin-allasorias\\\/\",\"name\":\"Juh\\u00e1sz P\\u00e9ter\",\"image\":{\"@type\":\"ImageObject\",\"@id\":\"https:\\\/\\\/allasorias.hu\\\/hirek\\\/tiz-milliard-munkahelyteremtesre\\\/#authorImage\",\"url\":\"https:\\\/\\\/secure.gravatar.com\\\/avatar\\\/36e6bcb83148978b992977cb0f54d22feb0cce8a0a849a9410532bb2623ba4c6?s=96&d=mm&r=g\",\"width\":96,\"height\":96,\"caption\":\"Juh\\u00e1sz P\\u00e9ter\"}},{\"@type\":\"WebPage\",\"@id\":\"https:\\\/\\\/allasorias.hu\\\/hirek\\\/tiz-milliard-munkahelyteremtesre\\\/#webpage\",\"url\":\"https:\\\/\\\/allasorias.hu\\\/hirek\\\/tiz-milliard-munkahelyteremtesre\\\/\",\"name\":\"T\\u00edz milli\\u00e1rd munkahelyteremt\\u00e9sre | Allasorias.hu\\\/hirek\",\"description\":\"N\\u00e9pszer\\u0171ek a munkahelyteremt\\u0151 programok haz\\u00e1nkban, f\\u0151k\\u00e9nt Hajd\\u00fa-Bihar, Borsod-Aba\\u00faj-Zempl\\u00e9n \\u00e9s Szabolcs-Szatm\\u00e1r-Bereg v\\u00e1rmegy\\u00e9kben.\",\"inLanguage\":\"hu-HU\",\"isPartOf\":{\"@id\":\"https:\\\/\\\/allasorias.hu\\\/hirek\\\/#website\"},\"breadcrumb\":{\"@id\":\"https:\\\/\\\/allasorias.hu\\\/hirek\\\/tiz-milliard-munkahelyteremtesre\\\/#breadcrumblist\"},\"author\":{\"@id\":\"https:\\\/\\\/allasorias.hu\\\/hirek\\\/author\\\/admin-allasorias\\\/#author\"},\"creator\":{\"@id\":\"https:\\\/\\\/allasorias.hu\\\/hirek\\\/author\\\/admin-allasorias\\\/#author\"},\"image\":{\"@type\":\"ImageObject\",\"url\":\"https:\\\/\\\/allasorias.hu\\\/hirek\\\/wp-content\\\/uploads\\\/2023\\\/04\\\/munkahelyteremto-programok.jpg\",\"@id\":\"https:\\\/\\\/allasorias.hu\\\/hirek\\\/tiz-milliard-munkahelyteremtesre\\\/#mainImage\",\"width\":1280,\"height\":853,\"caption\":\"T\\u00edz milli\\u00e1rd munkahelyteremt\\u00e9sre - Allasorias.hu\\\/Hirek\"},\"primaryImageOfPage\":{\"@id\":\"https:\\\/\\\/allasorias.hu\\\/hirek\\\/tiz-milliard-munkahelyteremtesre\\\/#mainImage\"},\"datePublished\":\"2023-04-10T08:16:24+02:00\",\"dateModified\":\"2023-04-11T08:16:39+02:00\"},{\"@type\":\"WebSite\",\"@id\":\"https:\\\/\\\/allasorias.hu\\\/hirek\\\/#website\",\"url\":\"https:\\\/\\\/allasorias.hu\\\/hirek\\\/\",\"name\":\"AllasOrias.hu | H\\u00edrek-lapszemle\",\"description\":\"\\u00dczleti h\\u00edrek az \\u00e1ll\\u00e1s \\u00e9s a munka vil\\u00e1g\\u00e1b\\u00f3l\",\"inLanguage\":\"hu-HU\",\"publisher\":{\"@id\":\"https:\\\/\\\/allasorias.hu\\\/hirek\\\/#organization\"}}]}\n\t\t<\/script>\n\t\t<!-- All in One SEO -->\n\n","aioseo_head_json":{"title":"T\u00edz milli\u00e1rd munkahelyteremt\u00e9sre | Allasorias.hu\/hirek","description":"N\u00e9pszer\u0171ek a munkahelyteremt\u0151 programok haz\u00e1nkban, f\u0151k\u00e9nt Hajd\u00fa-Bihar, Borsod-Aba\u00faj-Zempl\u00e9n \u00e9s Szabolcs-Szatm\u00e1r-Bereg v\u00e1rmegy\u00e9kben.","canonical_url":"https:\/\/allasorias.hu\/hirek\/tiz-milliard-munkahelyteremtesre\/","robots":"max-image-preview:large","keywords":"munkahelyteremt\u00e9s,munkahelyteremt\u0151 program","webmasterTools":{"miscellaneous":""},"schema":{"@context":"https:\/\/schema.org","@graph":[{"@type":"Article","@id":"https:\/\/allasorias.hu\/hirek\/tiz-milliard-munkahelyteremtesre\/#article","name":"T\u00edz milli\u00e1rd munkahelyteremt\u00e9sre | Allasorias.hu\/hirek","headline":"T\u00edz milli\u00e1rd munkahelyteremt\u00e9sre","author":{"@id":"https:\/\/allasorias.hu\/hirek\/author\/admin-allasorias\/#author"},"publisher":{"@id":"https:\/\/allasorias.hu\/hirek\/#organization"},"image":{"@type":"ImageObject","url":"https:\/\/allasorias.hu\/hirek\/wp-content\/uploads\/2023\/04\/munkahelyteremto-programok.jpg","width":1280,"height":853,"caption":"T\u00edz milli\u00e1rd munkahelyteremt\u00e9sre - Allasorias.hu\/Hirek"},"datePublished":"2023-04-10T08:16:24+02:00","dateModified":"2023-04-11T08:16:39+02:00","inLanguage":"hu-HU","mainEntityOfPage":{"@id":"https:\/\/allasorias.hu\/hirek\/tiz-milliard-munkahelyteremtesre\/#webpage"},"isPartOf":{"@id":"https:\/\/allasorias.hu\/hirek\/tiz-milliard-munkahelyteremtesre\/#webpage"},"articleSection":"Munkaer\u0151piac, munkahelyteremt\u00e9s, munkahelyteremt\u0151 program"},{"@type":"BreadcrumbList","@id":"https:\/\/allasorias.hu\/hirek\/tiz-milliard-munkahelyteremtesre\/#breadcrumblist","itemListElement":[{"@type":"ListItem","@id":"https:\/\/allasorias.hu\/hirek#listItem","position":1,"name":"Home","item":"https:\/\/allasorias.hu\/hirek","nextItem":{"@type":"ListItem","@id":"https:\/\/allasorias.hu\/hirek\/temak\/munkaeropiac\/#listItem","name":"Munkaer\u0151piac"}},{"@type":"ListItem","@id":"https:\/\/allasorias.hu\/hirek\/temak\/munkaeropiac\/#listItem","position":2,"name":"Munkaer\u0151piac","item":"https:\/\/allasorias.hu\/hirek\/temak\/munkaeropiac\/","nextItem":{"@type":"ListItem","@id":"https:\/\/allasorias.hu\/hirek\/tiz-milliard-munkahelyteremtesre\/#listItem","name":"T\u00edz milli\u00e1rd munkahelyteremt\u00e9sre"},"previousItem":{"@type":"ListItem","@id":"https:\/\/allasorias.hu\/hirek#listItem","name":"Home"}},{"@type":"ListItem","@id":"https:\/\/allasorias.hu\/hirek\/tiz-milliard-munkahelyteremtesre\/#listItem","position":3,"name":"T\u00edz milli\u00e1rd munkahelyteremt\u00e9sre","previousItem":{"@type":"ListItem","@id":"https:\/\/allasorias.hu\/hirek\/temak\/munkaeropiac\/#listItem","name":"Munkaer\u0151piac"}}]},{"@type":"Organization","@id":"https:\/\/allasorias.hu\/hirek\/#organization","name":"AllasOrias.hu | H\u00edrek-lapszemle","description":"\u00dczleti h\u00edrek az \u00e1ll\u00e1s \u00e9s a munka vil\u00e1g\u00e1b\u00f3l","url":"https:\/\/allasorias.hu\/hirek\/","logo":{"@type":"ImageObject","url":"https:\/\/allasorias.hu\/hirek\/wp-content\/uploads\/2022\/10\/allasorias_site_facebok_logo.png","@id":"https:\/\/allasorias.hu\/hirek\/tiz-milliard-munkahelyteremtesre\/#organizationLogo"},"image":{"@id":"https:\/\/allasorias.hu\/hirek\/tiz-milliard-munkahelyteremtesre\/#organizationLogo"},"sameAs":["https:\/\/www.facebook.com\/allasorias","https:\/\/www.linkedin.com\/company\/allasorias"]},{"@type":"Person","@id":"https:\/\/allasorias.hu\/hirek\/author\/admin-allasorias\/#author","url":"https:\/\/allasorias.hu\/hirek\/author\/admin-allasorias\/","name":"Juh\u00e1sz P\u00e9ter","image":{"@type":"ImageObject","@id":"https:\/\/allasorias.hu\/hirek\/tiz-milliard-munkahelyteremtesre\/#authorImage","url":"https:\/\/secure.gravatar.com\/avatar\/36e6bcb83148978b992977cb0f54d22feb0cce8a0a849a9410532bb2623ba4c6?s=96&d=mm&r=g","width":96,"height":96,"caption":"Juh\u00e1sz P\u00e9ter"}},{"@type":"WebPage","@id":"https:\/\/allasorias.hu\/hirek\/tiz-milliard-munkahelyteremtesre\/#webpage","url":"https:\/\/allasorias.hu\/hirek\/tiz-milliard-munkahelyteremtesre\/","name":"T\u00edz milli\u00e1rd munkahelyteremt\u00e9sre | Allasorias.hu\/hirek","description":"N\u00e9pszer\u0171ek a munkahelyteremt\u0151 programok haz\u00e1nkban, f\u0151k\u00e9nt Hajd\u00fa-Bihar, Borsod-Aba\u00faj-Zempl\u00e9n \u00e9s Szabolcs-Szatm\u00e1r-Bereg v\u00e1rmegy\u00e9kben.","inLanguage":"hu-HU","isPartOf":{"@id":"https:\/\/allasorias.hu\/hirek\/#website"},"breadcrumb":{"@id":"https:\/\/allasorias.hu\/hirek\/tiz-milliard-munkahelyteremtesre\/#breadcrumblist"},"author":{"@id":"https:\/\/allasorias.hu\/hirek\/author\/admin-allasorias\/#author"},"creator":{"@id":"https:\/\/allasorias.hu\/hirek\/author\/admin-allasorias\/#author"},"image":{"@type":"ImageObject","url":"https:\/\/allasorias.hu\/hirek\/wp-content\/uploads\/2023\/04\/munkahelyteremto-programok.jpg","@id":"https:\/\/allasorias.hu\/hirek\/tiz-milliard-munkahelyteremtesre\/#mainImage","width":1280,"height":853,"caption":"T\u00edz milli\u00e1rd munkahelyteremt\u00e9sre - Allasorias.hu\/Hirek"},"primaryImageOfPage":{"@id":"https:\/\/allasorias.hu\/hirek\/tiz-milliard-munkahelyteremtesre\/#mainImage"},"datePublished":"2023-04-10T08:16:24+02:00","dateModified":"2023-04-11T08:16:39+02:00"},{"@type":"WebSite","@id":"https:\/\/allasorias.hu\/hirek\/#website","url":"https:\/\/allasorias.hu\/hirek\/","name":"AllasOrias.hu | H\u00edrek-lapszemle","description":"\u00dczleti h\u00edrek az \u00e1ll\u00e1s \u00e9s a munka vil\u00e1g\u00e1b\u00f3l","inLanguage":"hu-HU","publisher":{"@id":"https:\/\/allasorias.hu\/hirek\/#organization"}}]},"og:locale":"hu_HU","og:site_name":"AllasOrias.hu | H\u00edrek-lapszemle | \u00dczleti h\u00edrek az \u00e1ll\u00e1s \u00e9s a munka vil\u00e1g\u00e1b\u00f3l","og:type":"article","og:title":"T\u00edz milli\u00e1rd munkahelyteremt\u00e9sre | Allasorias.hu\/hirek","og:description":"N\u00e9pszer\u0171ek a munkahelyteremt\u0151 programok haz\u00e1nkban, f\u0151k\u00e9nt Hajd\u00fa-Bihar, Borsod-Aba\u00faj-Zempl\u00e9n \u00e9s Szabolcs-Szatm\u00e1r-Bereg v\u00e1rmegy\u00e9kben.","og:url":"https:\/\/allasorias.hu\/hirek\/tiz-milliard-munkahelyteremtesre\/","og:image":"https:\/\/allasorias.hu\/hirek\/wp-content\/uploads\/2023\/04\/munkahelyteremto-programok.jpg","og:image:secure_url":"https:\/\/allasorias.hu\/hirek\/wp-content\/uploads\/2023\/04\/munkahelyteremto-programok.jpg","og:image:width":1280,"og:image:height":853,"article:published_time":"2023-04-10T08:16:24+00:00","article:modified_time":"2023-04-11T08:16:39+00:00","article:publisher":"https:\/\/www.facebook.com\/allasorias","twitter:card":"summary_large_image","twitter:title":"T\u00edz milli\u00e1rd munkahelyteremt\u00e9sre | Allasorias.hu\/hirek","twitter:description":"N\u00e9pszer\u0171ek a munkahelyteremt\u0151 programok haz\u00e1nkban, f\u0151k\u00e9nt Hajd\u00fa-Bihar, Borsod-Aba\u00faj-Zempl\u00e9n \u00e9s Szabolcs-Szatm\u00e1r-Bereg v\u00e1rmegy\u00e9kben.","twitter:image":"https:\/\/allasorias.hu\/hirek\/wp-content\/uploads\/2023\/04\/munkahelyteremto-programok.jpg","twitter:label1":"Written by","twitter:data1":"Juh\u00e1sz P\u00e9ter","twitter:label2":"Est. reading time","twitter:data2":"2 minutes"},"aioseo_meta_data":{"post_id":"6385","title":"#post_title | Allasorias.hu\/hirek","description":"N\u00e9pszer\u0171ek a munkahelyteremt\u0151 programok haz\u00e1nkban, f\u0151k\u00e9nt Hajd\u00fa-Bihar, Borsod-Aba\u00faj-Zempl\u00e9n \u00e9s Szabolcs-Szatm\u00e1r-Bereg v\u00e1rmegy\u00e9kben.","keywords":[],"keyphrases":{"focus":{"keyphrase":"","score":0,"analysis":{"keyphraseInTitle":{"score":0,"maxScore":9,"error":1}}},"additional":[]},"primary_term":null,"canonical_url":null,"og_title":null,"og_description":null,"og_object_type":"default","og_image_type":"default","og_image_url":null,"og_image_width":null,"og_image_height":null,"og_image_custom_url":null,"og_image_custom_fields":null,"og_video":"","og_custom_url":null,"og_article_section":null,"og_article_tags":[],"twitter_use_og":true,"twitter_card":"default","twitter_image_type":"default","twitter_image_url":null,"twitter_image_custom_url":null,"twitter_image_custom_fields":null,"twitter_title":null,"twitter_description":null,"schema":{"blockGraphs":[],"customGraphs":[],"default":{"data":{"Article":[],"Course":[],"Dataset":[],"FAQPage":[],"Movie":[],"Person":[],"Product":[],"ProductReview":[],"Car":[],"Recipe":[],"Service":[],"SoftwareApplication":[],"WebPage":[]},"graphName":"Article","isEnabled":true},"graphs":[]},"schema_type":"default","schema_type_options":null,"pillar_content":false,"robots_default":true,"robots_noindex":false,"robots_noarchive":false,"robots_nosnippet":false,"robots_nofollow":false,"robots_noimageindex":false,"robots_noodp":false,"robots_notranslate":false,"robots_max_snippet":"-1","robots_max_videopreview":"-1","robots_max_imagepreview":"large","priority":null,"frequency":"default","location":null,"local_seo":null,"breadcrumb_settings":null,"limit_modified_date":false,"ai":null,"created":"2023-04-11 08:06:59","updated":"2025-10-02 18:21:50","seo_analyzer_scan_date":null,"focus_keyword":null,"additional_keywords":null,"truseo_locale":null},"aioseo_breadcrumb":"<div class=\"aioseo-breadcrumbs\"><span class=\"aioseo-breadcrumb\">\n\t\t\t<a href=\"https:\/\/allasorias.hu\/hirek\" title=\"Home\">Home<\/a>\n\t\t<\/span><span class=\"aioseo-breadcrumb-separator\">&raquo;<\/span><span class=\"aioseo-breadcrumb\">\n\t\t\t<a href=\"https:\/\/allasorias.hu\/hirek\/temak\/munkaeropiac\/\" title=\"Munkaer\u0151piac\">Munkaer\u0151piac<\/a>\n\t\t<\/span><span class=\"aioseo-breadcrumb-separator\">&raquo;<\/span><span class=\"aioseo-breadcrumb\">\n\t\t\tT\u00edz milli\u00e1rd munkahelyteremt\u00e9sre\n\t\t<\/span><\/div>","aioseo_breadcrumb_json":[{"label":"Home","link":"https:\/\/allasorias.hu\/hirek"},{"label":"Munkaer\u0151piac","link":"https:\/\/allasorias.hu\/hirek\/temak\/munkaeropiac\/"},{"label":"T\u00edz milli\u00e1rd munkahelyteremt\u00e9sre","link":"https:\/\/allasorias.hu\/hirek\/tiz-milliard-munkahelyteremtesre\/"}],"_links":{"self":[{"href":"https:\/\/allasorias.hu\/hirek\/wp-json\/wp\/v2\/posts\/6385","targetHints":{"allow":["GET"]}}],"collection":[{"href":"https:\/\/allasorias.hu\/hirek\/wp-json\/wp\/v2\/posts"}],"about":[{"href":"https:\/\/allasorias.hu\/hirek\/wp-json\/wp\/v2\/types\/post"}],"author":[{"embeddable":true,"href":"https:\/\/allasorias.hu\/hirek\/wp-json\/wp\/v2\/users\/1"}],"replies":[{"embeddable":true,"href":"https:\/\/allasorias.hu\/hirek\/wp-json\/wp\/v2\/comments?post=6385"}],"version-history":[{"count":1,"href":"https:\/\/allasorias.hu\/hirek\/wp-json\/wp\/v2\/posts\/6385\/revisions"}],"predecessor-version":[{"id":6387,"href":"https:\/\/allasorias.hu\/hirek\/wp-json\/wp\/v2\/posts\/6385\/revisions\/6387"}],"wp:featuredmedia":[{"embeddable":true,"href":"https:\/\/allasorias.hu\/hirek\/wp-json\/wp\/v2\/media\/6386"}],"wp:attachment":[{"href":"https:\/\/allasorias.hu\/hirek\/wp-json\/wp\/v2\/media?parent=6385"}],"wp:term":[{"taxonomy":"category","embeddable":true,"href":"https:\/\/allasorias.hu\/hirek\/wp-json\/wp\/v2\/categories?post=6385"},{"taxonomy":"post_tag","embeddable":true,"href":"https:\/\/allasorias.hu\/hirek\/wp-json\/wp\/v2\/tags?post=6385"}],"curies":[{"name":"wp","href":"https:\/\/api.w.org\/{rel}","templated":true}]}}