{"id":6378,"date":"2023-04-06T07:28:24","date_gmt":"2023-04-06T07:28:24","guid":{"rendered":"https:\/\/allasorias.hu\/hirek\/?p=6378"},"modified":"2025-05-13T14:35:49","modified_gmt":"2025-05-13T12:35:49","slug":"segitenek-a-nok-foglalkoztatasat-mezogazdasagban","status":"publish","type":"post","link":"https:\/\/allasorias.hu\/hirek\/segitenek-a-nok-foglalkoztatasat-mezogazdasagban\/","title":{"rendered":"Seg\u00edten\u00e9k a n\u0151k foglalkoztat\u00e1s\u00e1t mez\u0151gazdas\u00e1gban"},"content":{"rendered":"<p><strong>Hazai szak\u00e9rt\u0151ket \u00e9s t\u00e1mogat\u00f3kat vonnak be abba programba, mellyel seg\u00edteni szeretn\u00e9k haz\u00e1nkban a mez\u0151gazdas\u00e1ggal foglalkoz\u00f3 n\u0151ket. Szakmai ismeretek b\u0151v\u00edt\u00e9s\u00e9t \u00e9s p\u00e9nz\u00fcgyi forr\u00e1sokat is biztos\u00edtanak a p\u00e1ly\u00e1zatban.<\/strong><\/p>\n<p>\u00c1prilis 16-ig lehet jelentkezni a \u201eTalentA Magyarorsz\u00e1g \u2013 2023 oktat\u00e1si \u00e9s t\u00e1mogat\u00e1si programra\u201d. A Corteva Agriscience nemzetk\u00f6zi mez\u0151gazdas\u00e1gi v\u00e1llalat a Magyar N\u0151i Uni\u00f3 egy\u00fcttm\u0171k\u00f6d\u00e9s\u00e9vel Magyarorsz\u00e1gon m\u00e1rcius 8-\u00e1n m\u00e1sodok alkalommal hirdette meg a n\u0151i gazd\u00e1lkod\u00f3knak sz\u00f3l\u00f3 \u201eTalentA Magyarorsz\u00e1g \u2013 2023 oktat\u00e1si \u00e9s t\u00e1mogat\u00e1si programot\u201d. A hazai szak\u00e9rt\u0151k \u00e9s mentorok bevon\u00e1s\u00e1val ind\u00edtott ingyenes online oktat\u00e1si \u00e9s k\u00e9pz\u00e9si program els\u0151dleges c\u00e9lja a mez\u0151gazdas\u00e1ggal foglalkoz\u00f3 n\u0151k szakmai ismereteinek b\u0151v\u00edt\u00e9se, valamint p\u00e9nz\u00fcgyi forr\u00e1sokhoz val\u00f3 hozz\u00e1f\u00e9r\u00e9s biztos\u00edt\u00e1sa. A programra 2023. \u00e1prilis 16-ig lehet jelentkezni a <a href=\"https:\/\/talentahu.org\/\" target=\"_blank\" rel=\"nofollow noopener noreferrer\">TalentA honlapj\u00e1n<\/a>. A programban val\u00f3 r\u00e9szv\u00e9telhez a weboldalon tal\u00e1lhat\u00f3 \u0171rlap kit\u00f6lt\u00e9se sz\u00fcks\u00e9ges, a r\u00e9szv\u00e9teli felt\u00e9telek megtal\u00e1lhat\u00f3ak az \u00c1ltal\u00e1nos Szab\u00e1lyzatban.<\/p>\n<p>Forr\u00e1s: <a href=\"https:\/\/uzletem.hu\/vallalkozo\/ujabb-online-program-indul-noi-gazdalkodoknak\" target=\"_blank\" rel=\"nofollow noopener noreferrer\">uzletem.hu<\/a><\/p>\n","protected":false},"excerpt":{"rendered":"<p>Hazai szak\u00e9rt\u0151ket \u00e9s t\u00e1mogat\u00f3kat vonnak be abba programba, mellyel seg\u00edteni szeretn\u00e9k haz\u00e1nkban a mez\u0151gazdas\u00e1ggal foglalkoz\u00f3 n\u0151ket. Szakmai ismeretek b\u0151v\u00edt\u00e9s\u00e9t \u00e9s p\u00e9nz\u00fcgyi forr\u00e1sokat is biztos\u00edtanak a p\u00e1ly\u00e1zatban. \u00c1prilis 16-ig lehet jelentkezni a \u201eTalentA Magyarorsz\u00e1g \u2013 2023 oktat\u00e1si \u00e9s t\u00e1mogat\u00e1si programra\u201d. A Corteva Agriscience nemzetk\u00f6zi mez\u0151gazdas\u00e1gi v\u00e1llalat a Magyar N\u0151i Uni\u00f3 egy\u00fcttm\u0171k\u00f6d\u00e9s\u00e9vel Magyarorsz\u00e1gon m\u00e1rcius 8-\u00e1n m\u00e1sodok alkalommal [&hellip;]<\/p>\n","protected":false},"author":1,"featured_media":6379,"comment_status":"closed","ping_status":"closed","sticky":false,"template":"","format":"standard","meta":{"_monsterinsights_skip_tracking":false,"footnotes":""},"categories":[200],"tags":[458,459,460],"class_list":["post-6378","post","type-post","status-publish","format-standard","has-post-thumbnail","hentry","category-munkaeropiac","tag-mezogazdasag","tag-oktatasi-program","tag-talenta-magyarorszag"],"aioseo_notices":[],"aioseo_head":"\n\t\t<!-- All in One SEO 5.0.0.1 - aioseo.com -->\n\t<meta name=\"description\" content=\"Hazai szak\u00e9rt\u0151ket \u00e9s t\u00e1mogat\u00f3kat vonnak be abba programba, mellyel seg\u00edteni szeretn\u00e9k haz\u00e1nkban a mez\u0151gazdas\u00e1ggal foglalkoz\u00f3 n\u0151ket.\" \/>\n\t<meta name=\"robots\" content=\"max-image-preview:large\" \/>\n\t<meta name=\"author\" content=\"Juh\u00e1sz P\u00e9ter\"\/>\n\t<meta name=\"keywords\" content=\"mez\u0151gazdas\u00e1g,oktat\u00e1si program,talenta magyarorsz\u00e1g\" \/>\n\t<link rel=\"canonical\" href=\"https:\/\/allasorias.hu\/hirek\/segitenek-a-nok-foglalkoztatasat-mezogazdasagban\/\" \/>\n\t<meta name=\"generator\" content=\"All in One SEO (AIOSEO) 5.0.0.1\" \/>\n\t\t<meta property=\"og:locale\" content=\"hu_HU\" \/>\n\t\t<meta property=\"og:site_name\" content=\"AllasOrias.hu | H\u00edrek-lapszemle | \u00dczleti h\u00edrek az \u00e1ll\u00e1s \u00e9s a munka vil\u00e1g\u00e1b\u00f3l\" \/>\n\t\t<meta property=\"og:type\" content=\"article\" \/>\n\t\t<meta property=\"og:title\" content=\"N\u0151k mez\u0151gazdas\u00e1gi foglalkoztat\u00e1s\u00e1t is seg\u00edtik\" \/>\n\t\t<meta property=\"og:description\" content=\"Hazai szak\u00e9rt\u0151ket \u00e9s t\u00e1mogat\u00f3kat vonnak be abba programba, mellyel seg\u00edteni szeretn\u00e9k haz\u00e1nkban a mez\u0151gazdas\u00e1ggal foglalkoz\u00f3 n\u0151ket.\" \/>\n\t\t<meta property=\"og:url\" content=\"https:\/\/allasorias.hu\/hirek\/segitenek-a-nok-foglalkoztatasat-mezogazdasagban\/\" \/>\n\t\t<meta property=\"og:image\" content=\"https:\/\/allasorias.hu\/hirek\/wp-content\/uploads\/2023\/04\/nok-a-mezogazdasagban.jpg\" \/>\n\t\t<meta property=\"og:image:secure_url\" content=\"https:\/\/allasorias.hu\/hirek\/wp-content\/uploads\/2023\/04\/nok-a-mezogazdasagban.jpg\" \/>\n\t\t<meta property=\"og:image:width\" content=\"1280\" \/>\n\t\t<meta property=\"og:image:height\" content=\"853\" \/>\n\t\t<meta property=\"article:published_time\" content=\"2023-04-06T07:28:24+00:00\" \/>\n\t\t<meta property=\"article:modified_time\" content=\"2025-05-13T12:35:49+00:00\" \/>\n\t\t<meta property=\"article:publisher\" content=\"https:\/\/www.facebook.com\/allasorias\" \/>\n\t\t<meta name=\"twitter:card\" content=\"summary_large_image\" \/>\n\t\t<meta name=\"twitter:title\" content=\"N\u0151k mez\u0151gazdas\u00e1gi foglalkoztat\u00e1s\u00e1t is seg\u00edtik\" \/>\n\t\t<meta name=\"twitter:description\" content=\"Hazai szak\u00e9rt\u0151ket \u00e9s t\u00e1mogat\u00f3kat vonnak be abba programba, mellyel seg\u00edteni szeretn\u00e9k haz\u00e1nkban a mez\u0151gazdas\u00e1ggal foglalkoz\u00f3 n\u0151ket.\" \/>\n\t\t<meta name=\"twitter:image\" content=\"https:\/\/allasorias.hu\/hirek\/wp-content\/uploads\/2023\/04\/nok-a-mezogazdasagban.jpg\" \/>\n\t\t<meta name=\"twitter:label1\" content=\"Written by\" \/>\n\t\t<meta name=\"twitter:data1\" content=\"Juh\u00e1sz P\u00e9ter\" \/>\n\t\t<meta name=\"twitter:label2\" content=\"Est. reading time\" \/>\n\t\t<meta name=\"twitter:data2\" content=\"1 minute\" \/>\n\t\t<script type=\"application\/ld+json\" class=\"aioseo-schema\">\n\t\t\t{\"@context\":\"https:\\\/\\\/schema.org\",\"@graph\":[{\"@type\":\"Article\",\"@id\":\"https:\\\/\\\/allasorias.hu\\\/hirek\\\/segitenek-a-nok-foglalkoztatasat-mezogazdasagban\\\/#article\",\"name\":\"N\\u0151k mez\\u0151gazdas\\u00e1gi foglalkoztat\\u00e1s\\u00e1t is seg\\u00edtik\",\"headline\":\"Seg\\u00edten\\u00e9k a n\\u0151k foglalkoztat\\u00e1s\\u00e1t mez\\u0151gazdas\\u00e1gban\",\"author\":{\"@id\":\"https:\\\/\\\/allasorias.hu\\\/hirek\\\/author\\\/admin-allasorias\\\/#author\"},\"publisher\":{\"@id\":\"https:\\\/\\\/allasorias.hu\\\/hirek\\\/#organization\"},\"image\":{\"@type\":\"ImageObject\",\"url\":\"https:\\\/\\\/allasorias.hu\\\/hirek\\\/wp-content\\\/uploads\\\/2023\\\/04\\\/nok-a-mezogazdasagban.jpg\",\"width\":1280,\"height\":853,\"caption\":\"Seg\\u00edten\\u00e9k a n\\u0151k foglalkoztat\\u00e1s\\u00e1t mez\\u0151gazdas\\u00e1gban - Allasorias.hu\\\/hirek\"},\"datePublished\":\"2023-04-06T07:28:24+02:00\",\"dateModified\":\"2025-05-13T14:35:49+02:00\",\"inLanguage\":\"hu-HU\",\"mainEntityOfPage\":{\"@id\":\"https:\\\/\\\/allasorias.hu\\\/hirek\\\/segitenek-a-nok-foglalkoztatasat-mezogazdasagban\\\/#webpage\"},\"isPartOf\":{\"@id\":\"https:\\\/\\\/allasorias.hu\\\/hirek\\\/segitenek-a-nok-foglalkoztatasat-mezogazdasagban\\\/#webpage\"},\"articleSection\":\"Munkaer\\u0151piac, mez\\u0151gazdas\\u00e1g, oktat\\u00e1si program, TalentA Magyarorsz\\u00e1g\"},{\"@type\":\"BreadcrumbList\",\"@id\":\"https:\\\/\\\/allasorias.hu\\\/hirek\\\/segitenek-a-nok-foglalkoztatasat-mezogazdasagban\\\/#breadcrumblist\",\"itemListElement\":[{\"@type\":\"ListItem\",\"@id\":\"https:\\\/\\\/allasorias.hu\\\/hirek#listItem\",\"position\":1,\"name\":\"Home\",\"item\":\"https:\\\/\\\/allasorias.hu\\\/hirek\",\"nextItem\":{\"@type\":\"ListItem\",\"@id\":\"https:\\\/\\\/allasorias.hu\\\/hirek\\\/temak\\\/munkaeropiac\\\/#listItem\",\"name\":\"Munkaer\\u0151piac\"}},{\"@type\":\"ListItem\",\"@id\":\"https:\\\/\\\/allasorias.hu\\\/hirek\\\/temak\\\/munkaeropiac\\\/#listItem\",\"position\":2,\"name\":\"Munkaer\\u0151piac\",\"item\":\"https:\\\/\\\/allasorias.hu\\\/hirek\\\/temak\\\/munkaeropiac\\\/\",\"nextItem\":{\"@type\":\"ListItem\",\"@id\":\"https:\\\/\\\/allasorias.hu\\\/hirek\\\/segitenek-a-nok-foglalkoztatasat-mezogazdasagban\\\/#listItem\",\"name\":\"Seg\\u00edten\\u00e9k a n\\u0151k foglalkoztat\\u00e1s\\u00e1t mez\\u0151gazdas\\u00e1gban\"},\"previousItem\":{\"@type\":\"ListItem\",\"@id\":\"https:\\\/\\\/allasorias.hu\\\/hirek#listItem\",\"name\":\"Home\"}},{\"@type\":\"ListItem\",\"@id\":\"https:\\\/\\\/allasorias.hu\\\/hirek\\\/segitenek-a-nok-foglalkoztatasat-mezogazdasagban\\\/#listItem\",\"position\":3,\"name\":\"Seg\\u00edten\\u00e9k a n\\u0151k foglalkoztat\\u00e1s\\u00e1t mez\\u0151gazdas\\u00e1gban\",\"previousItem\":{\"@type\":\"ListItem\",\"@id\":\"https:\\\/\\\/allasorias.hu\\\/hirek\\\/temak\\\/munkaeropiac\\\/#listItem\",\"name\":\"Munkaer\\u0151piac\"}}]},{\"@type\":\"Organization\",\"@id\":\"https:\\\/\\\/allasorias.hu\\\/hirek\\\/#organization\",\"name\":\"AllasOrias.hu | H\\u00edrek-lapszemle\",\"description\":\"\\u00dczleti h\\u00edrek az \\u00e1ll\\u00e1s \\u00e9s a munka vil\\u00e1g\\u00e1b\\u00f3l\",\"url\":\"https:\\\/\\\/allasorias.hu\\\/hirek\\\/\",\"logo\":{\"@type\":\"ImageObject\",\"url\":\"https:\\\/\\\/allasorias.hu\\\/hirek\\\/wp-content\\\/uploads\\\/2022\\\/10\\\/allasorias_site_facebok_logo.png\",\"@id\":\"https:\\\/\\\/allasorias.hu\\\/hirek\\\/segitenek-a-nok-foglalkoztatasat-mezogazdasagban\\\/#organizationLogo\"},\"image\":{\"@id\":\"https:\\\/\\\/allasorias.hu\\\/hirek\\\/segitenek-a-nok-foglalkoztatasat-mezogazdasagban\\\/#organizationLogo\"},\"sameAs\":[\"https:\\\/\\\/www.facebook.com\\\/allasorias\",\"https:\\\/\\\/www.linkedin.com\\\/company\\\/allasorias\"]},{\"@type\":\"Person\",\"@id\":\"https:\\\/\\\/allasorias.hu\\\/hirek\\\/author\\\/admin-allasorias\\\/#author\",\"url\":\"https:\\\/\\\/allasorias.hu\\\/hirek\\\/author\\\/admin-allasorias\\\/\",\"name\":\"Juh\\u00e1sz P\\u00e9ter\",\"image\":{\"@type\":\"ImageObject\",\"@id\":\"https:\\\/\\\/allasorias.hu\\\/hirek\\\/segitenek-a-nok-foglalkoztatasat-mezogazdasagban\\\/#authorImage\",\"url\":\"https:\\\/\\\/secure.gravatar.com\\\/avatar\\\/36e6bcb83148978b992977cb0f54d22feb0cce8a0a849a9410532bb2623ba4c6?s=96&d=mm&r=g\",\"width\":96,\"height\":96,\"caption\":\"Juh\\u00e1sz P\\u00e9ter\"}},{\"@type\":\"WebPage\",\"@id\":\"https:\\\/\\\/allasorias.hu\\\/hirek\\\/segitenek-a-nok-foglalkoztatasat-mezogazdasagban\\\/#webpage\",\"url\":\"https:\\\/\\\/allasorias.hu\\\/hirek\\\/segitenek-a-nok-foglalkoztatasat-mezogazdasagban\\\/\",\"name\":\"N\\u0151k mez\\u0151gazdas\\u00e1gi foglalkoztat\\u00e1s\\u00e1t is seg\\u00edtik\",\"description\":\"Hazai szak\\u00e9rt\\u0151ket \\u00e9s t\\u00e1mogat\\u00f3kat vonnak be abba programba, mellyel seg\\u00edteni szeretn\\u00e9k haz\\u00e1nkban a mez\\u0151gazdas\\u00e1ggal foglalkoz\\u00f3 n\\u0151ket.\",\"inLanguage\":\"hu-HU\",\"isPartOf\":{\"@id\":\"https:\\\/\\\/allasorias.hu\\\/hirek\\\/#website\"},\"breadcrumb\":{\"@id\":\"https:\\\/\\\/allasorias.hu\\\/hirek\\\/segitenek-a-nok-foglalkoztatasat-mezogazdasagban\\\/#breadcrumblist\"},\"author\":{\"@id\":\"https:\\\/\\\/allasorias.hu\\\/hirek\\\/author\\\/admin-allasorias\\\/#author\"},\"creator\":{\"@id\":\"https:\\\/\\\/allasorias.hu\\\/hirek\\\/author\\\/admin-allasorias\\\/#author\"},\"image\":{\"@type\":\"ImageObject\",\"url\":\"https:\\\/\\\/allasorias.hu\\\/hirek\\\/wp-content\\\/uploads\\\/2023\\\/04\\\/nok-a-mezogazdasagban.jpg\",\"@id\":\"https:\\\/\\\/allasorias.hu\\\/hirek\\\/segitenek-a-nok-foglalkoztatasat-mezogazdasagban\\\/#mainImage\",\"width\":1280,\"height\":853,\"caption\":\"Seg\\u00edten\\u00e9k a n\\u0151k foglalkoztat\\u00e1s\\u00e1t mez\\u0151gazdas\\u00e1gban - Allasorias.hu\\\/hirek\"},\"primaryImageOfPage\":{\"@id\":\"https:\\\/\\\/allasorias.hu\\\/hirek\\\/segitenek-a-nok-foglalkoztatasat-mezogazdasagban\\\/#mainImage\"},\"datePublished\":\"2023-04-06T07:28:24+02:00\",\"dateModified\":\"2025-05-13T14:35:49+02:00\"},{\"@type\":\"WebSite\",\"@id\":\"https:\\\/\\\/allasorias.hu\\\/hirek\\\/#website\",\"url\":\"https:\\\/\\\/allasorias.hu\\\/hirek\\\/\",\"name\":\"AllasOrias.hu | H\\u00edrek-lapszemle\",\"description\":\"\\u00dczleti h\\u00edrek az \\u00e1ll\\u00e1s \\u00e9s a munka vil\\u00e1g\\u00e1b\\u00f3l\",\"inLanguage\":\"hu-HU\",\"publisher\":{\"@id\":\"https:\\\/\\\/allasorias.hu\\\/hirek\\\/#organization\"}}]}\n\t\t<\/script>\n\t\t<!-- All in One SEO -->\n\n","aioseo_head_json":{"title":"N\u0151k mez\u0151gazdas\u00e1gi foglalkoztat\u00e1s\u00e1t is seg\u00edtik","description":"Hazai szak\u00e9rt\u0151ket \u00e9s t\u00e1mogat\u00f3kat vonnak be abba programba, mellyel seg\u00edteni szeretn\u00e9k haz\u00e1nkban a mez\u0151gazdas\u00e1ggal foglalkoz\u00f3 n\u0151ket.","canonical_url":"https:\/\/allasorias.hu\/hirek\/segitenek-a-nok-foglalkoztatasat-mezogazdasagban\/","robots":"max-image-preview:large","keywords":"mez\u0151gazdas\u00e1g,oktat\u00e1si program,talenta magyarorsz\u00e1g","webmasterTools":{"miscellaneous":""},"schema":{"@context":"https:\/\/schema.org","@graph":[{"@type":"Article","@id":"https:\/\/allasorias.hu\/hirek\/segitenek-a-nok-foglalkoztatasat-mezogazdasagban\/#article","name":"N\u0151k mez\u0151gazdas\u00e1gi foglalkoztat\u00e1s\u00e1t is seg\u00edtik","headline":"Seg\u00edten\u00e9k a n\u0151k foglalkoztat\u00e1s\u00e1t mez\u0151gazdas\u00e1gban","author":{"@id":"https:\/\/allasorias.hu\/hirek\/author\/admin-allasorias\/#author"},"publisher":{"@id":"https:\/\/allasorias.hu\/hirek\/#organization"},"image":{"@type":"ImageObject","url":"https:\/\/allasorias.hu\/hirek\/wp-content\/uploads\/2023\/04\/nok-a-mezogazdasagban.jpg","width":1280,"height":853,"caption":"Seg\u00edten\u00e9k a n\u0151k foglalkoztat\u00e1s\u00e1t mez\u0151gazdas\u00e1gban - Allasorias.hu\/hirek"},"datePublished":"2023-04-06T07:28:24+02:00","dateModified":"2025-05-13T14:35:49+02:00","inLanguage":"hu-HU","mainEntityOfPage":{"@id":"https:\/\/allasorias.hu\/hirek\/segitenek-a-nok-foglalkoztatasat-mezogazdasagban\/#webpage"},"isPartOf":{"@id":"https:\/\/allasorias.hu\/hirek\/segitenek-a-nok-foglalkoztatasat-mezogazdasagban\/#webpage"},"articleSection":"Munkaer\u0151piac, mez\u0151gazdas\u00e1g, oktat\u00e1si program, TalentA Magyarorsz\u00e1g"},{"@type":"BreadcrumbList","@id":"https:\/\/allasorias.hu\/hirek\/segitenek-a-nok-foglalkoztatasat-mezogazdasagban\/#breadcrumblist","itemListElement":[{"@type":"ListItem","@id":"https:\/\/allasorias.hu\/hirek#listItem","position":1,"name":"Home","item":"https:\/\/allasorias.hu\/hirek","nextItem":{"@type":"ListItem","@id":"https:\/\/allasorias.hu\/hirek\/temak\/munkaeropiac\/#listItem","name":"Munkaer\u0151piac"}},{"@type":"ListItem","@id":"https:\/\/allasorias.hu\/hirek\/temak\/munkaeropiac\/#listItem","position":2,"name":"Munkaer\u0151piac","item":"https:\/\/allasorias.hu\/hirek\/temak\/munkaeropiac\/","nextItem":{"@type":"ListItem","@id":"https:\/\/allasorias.hu\/hirek\/segitenek-a-nok-foglalkoztatasat-mezogazdasagban\/#listItem","name":"Seg\u00edten\u00e9k a n\u0151k foglalkoztat\u00e1s\u00e1t mez\u0151gazdas\u00e1gban"},"previousItem":{"@type":"ListItem","@id":"https:\/\/allasorias.hu\/hirek#listItem","name":"Home"}},{"@type":"ListItem","@id":"https:\/\/allasorias.hu\/hirek\/segitenek-a-nok-foglalkoztatasat-mezogazdasagban\/#listItem","position":3,"name":"Seg\u00edten\u00e9k a n\u0151k foglalkoztat\u00e1s\u00e1t mez\u0151gazdas\u00e1gban","previousItem":{"@type":"ListItem","@id":"https:\/\/allasorias.hu\/hirek\/temak\/munkaeropiac\/#listItem","name":"Munkaer\u0151piac"}}]},{"@type":"Organization","@id":"https:\/\/allasorias.hu\/hirek\/#organization","name":"AllasOrias.hu | H\u00edrek-lapszemle","description":"\u00dczleti h\u00edrek az \u00e1ll\u00e1s \u00e9s a munka vil\u00e1g\u00e1b\u00f3l","url":"https:\/\/allasorias.hu\/hirek\/","logo":{"@type":"ImageObject","url":"https:\/\/allasorias.hu\/hirek\/wp-content\/uploads\/2022\/10\/allasorias_site_facebok_logo.png","@id":"https:\/\/allasorias.hu\/hirek\/segitenek-a-nok-foglalkoztatasat-mezogazdasagban\/#organizationLogo"},"image":{"@id":"https:\/\/allasorias.hu\/hirek\/segitenek-a-nok-foglalkoztatasat-mezogazdasagban\/#organizationLogo"},"sameAs":["https:\/\/www.facebook.com\/allasorias","https:\/\/www.linkedin.com\/company\/allasorias"]},{"@type":"Person","@id":"https:\/\/allasorias.hu\/hirek\/author\/admin-allasorias\/#author","url":"https:\/\/allasorias.hu\/hirek\/author\/admin-allasorias\/","name":"Juh\u00e1sz P\u00e9ter","image":{"@type":"ImageObject","@id":"https:\/\/allasorias.hu\/hirek\/segitenek-a-nok-foglalkoztatasat-mezogazdasagban\/#authorImage","url":"https:\/\/secure.gravatar.com\/avatar\/36e6bcb83148978b992977cb0f54d22feb0cce8a0a849a9410532bb2623ba4c6?s=96&d=mm&r=g","width":96,"height":96,"caption":"Juh\u00e1sz P\u00e9ter"}},{"@type":"WebPage","@id":"https:\/\/allasorias.hu\/hirek\/segitenek-a-nok-foglalkoztatasat-mezogazdasagban\/#webpage","url":"https:\/\/allasorias.hu\/hirek\/segitenek-a-nok-foglalkoztatasat-mezogazdasagban\/","name":"N\u0151k mez\u0151gazdas\u00e1gi foglalkoztat\u00e1s\u00e1t is seg\u00edtik","description":"Hazai szak\u00e9rt\u0151ket \u00e9s t\u00e1mogat\u00f3kat vonnak be abba programba, mellyel seg\u00edteni szeretn\u00e9k haz\u00e1nkban a mez\u0151gazdas\u00e1ggal foglalkoz\u00f3 n\u0151ket.","inLanguage":"hu-HU","isPartOf":{"@id":"https:\/\/allasorias.hu\/hirek\/#website"},"breadcrumb":{"@id":"https:\/\/allasorias.hu\/hirek\/segitenek-a-nok-foglalkoztatasat-mezogazdasagban\/#breadcrumblist"},"author":{"@id":"https:\/\/allasorias.hu\/hirek\/author\/admin-allasorias\/#author"},"creator":{"@id":"https:\/\/allasorias.hu\/hirek\/author\/admin-allasorias\/#author"},"image":{"@type":"ImageObject","url":"https:\/\/allasorias.hu\/hirek\/wp-content\/uploads\/2023\/04\/nok-a-mezogazdasagban.jpg","@id":"https:\/\/allasorias.hu\/hirek\/segitenek-a-nok-foglalkoztatasat-mezogazdasagban\/#mainImage","width":1280,"height":853,"caption":"Seg\u00edten\u00e9k a n\u0151k foglalkoztat\u00e1s\u00e1t mez\u0151gazdas\u00e1gban - Allasorias.hu\/hirek"},"primaryImageOfPage":{"@id":"https:\/\/allasorias.hu\/hirek\/segitenek-a-nok-foglalkoztatasat-mezogazdasagban\/#mainImage"},"datePublished":"2023-04-06T07:28:24+02:00","dateModified":"2025-05-13T14:35:49+02:00"},{"@type":"WebSite","@id":"https:\/\/allasorias.hu\/hirek\/#website","url":"https:\/\/allasorias.hu\/hirek\/","name":"AllasOrias.hu | H\u00edrek-lapszemle","description":"\u00dczleti h\u00edrek az \u00e1ll\u00e1s \u00e9s a munka vil\u00e1g\u00e1b\u00f3l","inLanguage":"hu-HU","publisher":{"@id":"https:\/\/allasorias.hu\/hirek\/#organization"}}]},"og:locale":"hu_HU","og:site_name":"AllasOrias.hu | H\u00edrek-lapszemle | \u00dczleti h\u00edrek az \u00e1ll\u00e1s \u00e9s a munka vil\u00e1g\u00e1b\u00f3l","og:type":"article","og:title":"N\u0151k mez\u0151gazdas\u00e1gi foglalkoztat\u00e1s\u00e1t is seg\u00edtik","og:description":"Hazai szak\u00e9rt\u0151ket \u00e9s t\u00e1mogat\u00f3kat vonnak be abba programba, mellyel seg\u00edteni szeretn\u00e9k haz\u00e1nkban a mez\u0151gazdas\u00e1ggal foglalkoz\u00f3 n\u0151ket.","og:url":"https:\/\/allasorias.hu\/hirek\/segitenek-a-nok-foglalkoztatasat-mezogazdasagban\/","og:image":"https:\/\/allasorias.hu\/hirek\/wp-content\/uploads\/2023\/04\/nok-a-mezogazdasagban.jpg","og:image:secure_url":"https:\/\/allasorias.hu\/hirek\/wp-content\/uploads\/2023\/04\/nok-a-mezogazdasagban.jpg","og:image:width":1280,"og:image:height":853,"article:published_time":"2023-04-06T07:28:24+00:00","article:modified_time":"2025-05-13T12:35:49+00:00","article:publisher":"https:\/\/www.facebook.com\/allasorias","twitter:card":"summary_large_image","twitter:title":"N\u0151k mez\u0151gazdas\u00e1gi foglalkoztat\u00e1s\u00e1t is seg\u00edtik","twitter:description":"Hazai szak\u00e9rt\u0151ket \u00e9s t\u00e1mogat\u00f3kat vonnak be abba programba, mellyel seg\u00edteni szeretn\u00e9k haz\u00e1nkban a mez\u0151gazdas\u00e1ggal foglalkoz\u00f3 n\u0151ket.","twitter:image":"https:\/\/allasorias.hu\/hirek\/wp-content\/uploads\/2023\/04\/nok-a-mezogazdasagban.jpg","twitter:label1":"Written by","twitter:data1":"Juh\u00e1sz P\u00e9ter","twitter:label2":"Est. reading time","twitter:data2":"1 minute"},"aioseo_meta_data":{"post_id":"6378","title":"N\u0151k mez\u0151gazdas\u00e1gi foglalkoztat\u00e1s\u00e1t is seg\u00edtik","description":"Hazai szak\u00e9rt\u0151ket \u00e9s t\u00e1mogat\u00f3kat vonnak be abba programba, mellyel seg\u00edteni szeretn\u00e9k haz\u00e1nkban a mez\u0151gazdas\u00e1ggal foglalkoz\u00f3 n\u0151ket.","keywords":null,"keyphrases":{"focus":{"keyphrase":"","score":0,"analysis":{"keyphraseInTitle":{"score":0,"maxScore":9,"error":1}}},"additional":[]},"primary_term":null,"canonical_url":null,"og_title":null,"og_description":null,"og_object_type":"default","og_image_type":"default","og_image_url":null,"og_image_width":null,"og_image_height":null,"og_image_custom_url":null,"og_image_custom_fields":null,"og_video":"","og_custom_url":null,"og_article_section":null,"og_article_tags":null,"twitter_use_og":true,"twitter_card":"default","twitter_image_type":"default","twitter_image_url":null,"twitter_image_custom_url":null,"twitter_image_custom_fields":null,"twitter_title":null,"twitter_description":null,"schema":{"blockGraphs":[],"customGraphs":[],"default":{"data":{"Article":[],"Course":[],"Dataset":[],"FAQPage":[],"Movie":[],"Person":[],"Product":[],"ProductReview":[],"Car":[],"Recipe":[],"Service":[],"SoftwareApplication":[],"WebPage":[]},"graphName":"Article","isEnabled":true},"graphs":[]},"schema_type":"default","schema_type_options":null,"pillar_content":false,"robots_default":true,"robots_noindex":false,"robots_noarchive":false,"robots_nosnippet":false,"robots_nofollow":false,"robots_noimageindex":false,"robots_noodp":false,"robots_notranslate":false,"robots_max_snippet":"-1","robots_max_videopreview":"-1","robots_max_imagepreview":"large","priority":null,"frequency":"default","location":null,"local_seo":null,"breadcrumb_settings":null,"limit_modified_date":false,"ai":null,"created":"2023-04-11 07:28:24","updated":"2025-10-02 18:20:36","seo_analyzer_scan_date":null,"focus_keyword":null,"additional_keywords":null,"truseo_locale":null},"aioseo_breadcrumb":"<div class=\"aioseo-breadcrumbs\"><span class=\"aioseo-breadcrumb\">\n\t\t\t<a href=\"https:\/\/allasorias.hu\/hirek\" title=\"Home\">Home<\/a>\n\t\t<\/span><span class=\"aioseo-breadcrumb-separator\">&raquo;<\/span><span class=\"aioseo-breadcrumb\">\n\t\t\t<a href=\"https:\/\/allasorias.hu\/hirek\/temak\/munkaeropiac\/\" title=\"Munkaer\u0151piac\">Munkaer\u0151piac<\/a>\n\t\t<\/span><span class=\"aioseo-breadcrumb-separator\">&raquo;<\/span><span class=\"aioseo-breadcrumb\">\n\t\t\tSeg\u00edten\u00e9k a n\u0151k foglalkoztat\u00e1s\u00e1t mez\u0151gazdas\u00e1gban\n\t\t<\/span><\/div>","aioseo_breadcrumb_json":[{"label":"Home","link":"https:\/\/allasorias.hu\/hirek"},{"label":"Munkaer\u0151piac","link":"https:\/\/allasorias.hu\/hirek\/temak\/munkaeropiac\/"},{"label":"Seg\u00edten\u00e9k a n\u0151k foglalkoztat\u00e1s\u00e1t mez\u0151gazdas\u00e1gban","link":"https:\/\/allasorias.hu\/hirek\/segitenek-a-nok-foglalkoztatasat-mezogazdasagban\/"}],"_links":{"self":[{"href":"https:\/\/allasorias.hu\/hirek\/wp-json\/wp\/v2\/posts\/6378","targetHints":{"allow":["GET"]}}],"collection":[{"href":"https:\/\/allasorias.hu\/hirek\/wp-json\/wp\/v2\/posts"}],"about":[{"href":"https:\/\/allasorias.hu\/hirek\/wp-json\/wp\/v2\/types\/post"}],"author":[{"embeddable":true,"href":"https:\/\/allasorias.hu\/hirek\/wp-json\/wp\/v2\/users\/1"}],"replies":[{"embeddable":true,"href":"https:\/\/allasorias.hu\/hirek\/wp-json\/wp\/v2\/comments?post=6378"}],"version-history":[{"count":1,"href":"https:\/\/allasorias.hu\/hirek\/wp-json\/wp\/v2\/posts\/6378\/revisions"}],"predecessor-version":[{"id":6380,"href":"https:\/\/allasorias.hu\/hirek\/wp-json\/wp\/v2\/posts\/6378\/revisions\/6380"}],"wp:featuredmedia":[{"embeddable":true,"href":"https:\/\/allasorias.hu\/hirek\/wp-json\/wp\/v2\/media\/6379"}],"wp:attachment":[{"href":"https:\/\/allasorias.hu\/hirek\/wp-json\/wp\/v2\/media?parent=6378"}],"wp:term":[{"taxonomy":"category","embeddable":true,"href":"https:\/\/allasorias.hu\/hirek\/wp-json\/wp\/v2\/categories?post=6378"},{"taxonomy":"post_tag","embeddable":true,"href":"https:\/\/allasorias.hu\/hirek\/wp-json\/wp\/v2\/tags?post=6378"}],"curies":[{"name":"wp","href":"https:\/\/api.w.org\/{rel}","templated":true}]}}