{"id":6331,"date":"2023-03-21T09:35:58","date_gmt":"2023-03-21T09:35:58","guid":{"rendered":"https:\/\/allasorias.hu\/hirek\/?p=6331"},"modified":"2025-05-09T15:37:42","modified_gmt":"2025-05-09T13:37:42","slug":"mar-gyermekkorban-el-kell-kezdeni-a-penzugyi-edukaciot","status":"publish","type":"post","link":"https:\/\/allasorias.hu\/hirek\/mar-gyermekkorban-el-kell-kezdeni-a-penzugyi-edukaciot\/","title":{"rendered":"M\u00e1r gyermekkorban el kell kezdeni a p\u00e9nz\u00fcgyi eduk\u00e1ci\u00f3t"},"content":{"rendered":"<p><strong>Folyamatosan n\u0151 azon fiatalok sz\u00e1ma, akik banksz\u00e1ml\u00e1t nyitnak \u00e9s egyre t\u00f6bb sz\u00fcl\u0151 nyit banksz\u00e1ml\u00e1t gyermek\u00e9nek. A szak\u00e9rt\u0151k szerint m\u00e1r gyermekkorban el kell kezdeni a p\u00e9nzzel val\u00f3 b\u00e1n\u00e1s tan\u00edt\u00e1s\u00e1t.<\/strong><\/p>\n<p>A technol\u00f3gia fejl\u0151d\u00e9s\u00e9vel egy\u00fctt j\u00e1r\u00f3 term\u00e9szetes folyamat, hogy ma m\u00e1r kis t\u00falz\u00e1ssal minden feln\u0151ttnek van banksz\u00e1ml\u00e1ja, aki akt\u00edv a munkaer\u0151piacon. A sz\u00e1mlanyit\u00e1s azonban ma m\u00e1r a di\u00e1kok, hallgat\u00f3k k\u00f6r\u00e9ben is egyre elterjedtebb, s\u0151t gyermekek r\u00e9sz\u00e9re is lehets\u00e9ges. Megk\u00e9rdezt\u00fck a nagyobb <a href=\"https:\/\/allasorias.hu\/hirek\/varjak-a-bankok-az-allaskeresoket\/\">hazai bankokat<\/a>, milyen tendenci\u00e1kat tapasztalnak a fiatalok banksz\u00e1mlanyit\u00e1sa ter\u00e9n \u00e9s h\u00e1ny \u00e9ves korban lesz jellemz\u0151en el\u0151sz\u00f6r banksz\u00e1ml\u00e1ja a gyermekeknek. Mutatjuk milyen kedvezm\u00e9nyeket k\u00edn\u00e1lnak a fiataloknak.<\/p>\n<p>M\u00e1rcius 6. \u00e9s 10. k\u00f6z\u00f6tt zajlott a 2023-as P\u00e9nz7 di\u00e1koknak sz\u00f3l\u00f3 p\u00e9nz\u00fcgyi \u00e9s v\u00e1llalkoz\u00f3i t\u00e9mah\u00e9t. A 2015 \u00f3ta minden \u00e9vben t\u00f6bbek k\u00f6zt a P\u00e9nzir\u00e1nyt\u0171 Alap\u00edtv\u00e1ny k\u00f6zrem\u0171k\u00f6d\u00e9s\u00e9vel megszervez\u00e9sre ker\u00fcl\u0151 programok sor\u00e1n a magyar di\u00e1kok az iskol\u00e1kban olyan p\u00e9nz\u00fcgyi \u00e9s v\u00e1llalkoz\u00f3i ismerteket szerezhetnek k\u00fcl\u00f6nb\u00f6z\u0151 \u00e9lm\u00e9nyalap\u00fa k\u00e9pz\u00e9sek seg\u00edts\u00e9g\u00e9vel, amelyek a k\u00e9s\u0151bbiekben nagy hasznukra v\u00e1lhatnak. Erre sz\u00fcks\u00e9g\u00fck is van, hiszen ma m\u00e1r egyre hamarabb megismerkednek a gyermekek, fiatalok a banksz\u00e1mlanyit\u00e1ssal, az e-kereskedelemmel, vagy \u00e9ppen az online bankol\u00e1ssal.<\/p>\n<h2>6 \u00e9ves kort\u00f3l nyithatnak sz\u00e1ml\u00e1t<\/h2>\n<p>Az esem\u00e9ny kapcs\u00e1n megkerest\u00fck a legnagyobb hazai bankokat, hogy megtudjuk, hogyan v\u00e1ltoztak meg az elm\u00falt \u00e9vekben a fiatalok banksz\u00e1mlanyit\u00e1si szok\u00e1sai, \u00e9s h\u00e1ny \u00e9ves kort\u00f3l nyitnak ma banksz\u00e1ml\u00e1t a sz\u00fcl\u0151k a gyermekeiknek. Az Erste Bankn\u00e1l Magyarorsz\u00e1gon 2021-r\u0151l 2022-re nagys\u00e1grendileg 20 sz\u00e1zal\u00e9kkal n\u0151tt a fiatalok (6-24 \u00e9ves koroszt\u00e1ly) \u00e1ltal nyitott sz\u00e1ml\u00e1k sz\u00e1ma. Mi t\u00f6bb a tavalyi \u00e9v sz\u00e1mlanyit\u00e1sainak megk\u00f6zel\u00edt\u0151leg 27 sz\u00e1zal\u00e9k\u00e1t tett\u00e9k ki a fiatalok. Az Erste eset\u00e9ben nem \u00faj folyamatr\u00f3l, hanem r\u00e9gebb \u00f3ta tart\u00f3 tendenci\u00e1r\u00f3l besz\u00e9lhet\u00fcnk. A bankn\u00e1l a di\u00e1k sz\u00e1mlanyit\u00e1sok sz\u00e1ma folyamatosan n\u00f6vekszik. Az elm\u00falt \u00e9vek sor\u00e1n a di\u00e1k sz\u00e1mlanyit\u00e1sok sz\u00e1m\u00e1nak n\u00f6vekm\u00e9nye \u00e9vr\u0151l \u00e9vre 10-25% k\u00f6z\u00e9 tehet\u0151.<\/p>\n<p>A tavaly a bankn\u00e1l indult \u00faj Csepered\u0151 kamp\u00e1ny hat\u00e1s\u00e1ra a fiatalabb, 6-14 \u00e9ves koroszt\u00e1ly sz\u00e1m\u00e1ban is jelent\u0151s n\u00f6veked\u00e9st tapasztalnak az Erst\u00e9n\u00e9l. M\u00edg kor\u00e1bban gyermek sz\u00e1ml\u00e1k nyit\u00e1sa stagn\u00e1lt, a tavalyi \u00e9vben a kor\u00e1bbi, 2021-es \u00e9vhez k\u00e9pest plusz 200 sz\u00e1zal\u00e9kos n\u00f6vekm\u00e9nyt tapasztaltak a 14 \u00e9vn\u00e9l fiatalabb koroszt\u00e1ly k\u00f6r\u00e9ben. A Raiffeisen Bankn\u00e1l szint\u00e9n emelked\u00e9st tapasztalnak a fiatalok (18-25 \u00e9ves koroszt\u00e1ly) sz\u00e1mlanyit\u00e1sa tekintet\u00e9ben. Az emelked\u00e9s k\u00fcl\u00f6n\u00f6sen megugrott az\u00f3ta, hogy kedvezm\u00e9nyes sz\u00e1ml\u00e1t hoztak l\u00e9tre a fiatalok sz\u00e1m\u00e1ra.\u00a0 Az el\u0151z\u0151ekhez hasonl\u00f3an v\u00e1laszaik alapj\u00e1n a Magyar Bankholding \u00e9s az OTP eset\u00e9ben is n\u00f6vekszik a fiatalok \u00e1ltal nyitott banksz\u00e1ml\u00e1k volumene.<\/p>\n<h2>A t\u00f6bbs\u00e9g a k\u00f6z\u00e9piskolai tanulm\u00e1nyok megkezd\u00e9se el\u0151tt nyit sz\u00e1ml\u00e1t<\/h2>\n<p>Az OTP-bankn\u00e1l \u00fagy l\u00e1tj\u00e1k, egyre fiatalabb korban fogalmaz\u00f3dik meg az ig\u00e9ny mind a sz\u00fcl\u0151, mind a gyermek oldal\u00e1r\u00f3l a sz\u00e1mlanyit\u00e1sra, a t\u00f6bbs\u00e9g a k\u00f6z\u00e9piskolai vagy a fels\u0151oktat\u00e1si tanulm\u00e1nyok megkezd\u00e9se el\u0151tt nyit <a href=\"https:\/\/www.otpbank.hu\/portal\/hu\/Junior\">OTP Junior<\/a> sz\u00e1ml\u00e1t. A Raiffeisen Bank tapasztalatai alapj\u00e1n jellemz\u0151en 14 \u00e9ves kort\u00f3l n\u0151 meg az \u00e9rdekl\u0151d\u00e9s a banksz\u00e1mlanyit\u00e1s ir\u00e1nt. Ugyanakkor v\u00e1laszukban kiemelik, hogy ekkor m\u00e9g a sz\u00fcl\u0151 nyit banksz\u00e1ml\u00e1t a gyermek\u00e9nek, hiszen \u00f6n\u00e1ll\u00f3an csak 18 \u00e9ves kort\u00f3l lehet sz\u00e1ml\u00e1t nyitni. A v\u00e1laszokb\u00f3l j\u00f3l kit\u0171nik, hogy mind a n\u00e9gy \u00e1ltalunk megkeresett bank k\u00fcl\u00f6n egyedi sz\u00e1mlacsomagokkal gondol a fiatalokra, ebb\u0151l is l\u00e1tszik, hogy egyre n\u0151 a fiatal koroszt\u00e1ly jelent\u0151s\u00e9ge a piacon.<\/p>\n<h2>Egyedi sz\u00e1mlacsomagok a fiataloknak<\/h2>\n<p>\u00d6sszess\u00e9g\u00e9ben elmondhat\u00f3, hogy a megk\u00e9rdezett bankok v\u00e1laszai alapj\u00e1n egyre hamarabb nyitnak sz\u00e1ml\u00e1t a sz\u00fcl\u0151k a gyermekeik r\u00e9sz\u00e9re \u00e9s dinamikusan n\u0151 a fiatalok \u00e1ltal maguknak nyitott banksz\u00e1ml\u00e1k sz\u00e1ma is. Bankok a keresletre reag\u00e1lva k\u00fcl\u00f6nb\u00f6z\u0151 egyedi sz\u00e1mlacsomagokat is k\u00edn\u00e1lnak a fiatal koroszt\u00e1ly sz\u00e1m\u00e1ra. Mindez j\u00f3l mutatja, hogy a gyerekek, egyre hamarabb tal\u00e1lkoznak a p\u00e9nz\u00fcgyek \u00e9s bankok vil\u00e1g\u00e1val, \u00edgy val\u00f3ban nagy sz\u00fcks\u00e9g van a p\u00e9nz\u00fcgyi eduk\u00e1ci\u00f3s programokra.<\/p>\n<p>Forr\u00e1s: <a href=\"https:\/\/novekedes.hu\/penzugy\/a-gyermekek-mar-nem-malacperselybe-gyujtik-a-zsebpenzt-akar-egy-6-evesnek-is-lehet-szamlaja\" target=\"_blank\" rel=\"nofollow noopener noreferrer\">novekedes.hu<\/a><\/p>\n","protected":false},"excerpt":{"rendered":"<p>Folyamatosan n\u0151 azon fiatalok sz\u00e1ma, akik banksz\u00e1ml\u00e1t nyitnak \u00e9s egyre t\u00f6bb sz\u00fcl\u0151 nyit banksz\u00e1ml\u00e1t gyermek\u00e9nek. A szak\u00e9rt\u0151k szerint m\u00e1r gyermekkorban el kell kezdeni a p\u00e9nzzel val\u00f3 b\u00e1n\u00e1s tan\u00edt\u00e1s\u00e1t. A technol\u00f3gia fejl\u0151d\u00e9s\u00e9vel egy\u00fctt j\u00e1r\u00f3 term\u00e9szetes folyamat, hogy ma m\u00e1r kis t\u00falz\u00e1ssal minden feln\u0151ttnek van banksz\u00e1ml\u00e1ja, aki akt\u00edv a munkaer\u0151piacon. A sz\u00e1mlanyit\u00e1s azonban ma m\u00e1r a di\u00e1kok, [&hellip;]<\/p>\n","protected":false},"author":1,"featured_media":6332,"comment_status":"closed","ping_status":"closed","sticky":false,"template":"","format":"standard","meta":{"_monsterinsights_skip_tracking":false,"footnotes":""},"categories":[198],"tags":[433,434,435],"class_list":["post-6331","post","type-post","status-publish","format-standard","has-post-thumbnail","hentry","category-gazdasag","tag-bankszamla","tag-fiatal","tag-gyermek"],"aioseo_notices":[],"aioseo_head":"\n\t\t<!-- All in One SEO 5.0.0.1 - aioseo.com -->\n\t<meta name=\"description\" content=\"Folyamatosan n\u0151 azon fiatalok sz\u00e1ma, akik banksz\u00e1ml\u00e1t nyitnak \u00e9s egyre t\u00f6bb sz\u00fcl\u0151 nyit banksz\u00e1ml\u00e1t gyermek\u00e9nek.\" \/>\n\t<meta name=\"robots\" content=\"max-image-preview:large\" \/>\n\t<meta name=\"author\" content=\"Juh\u00e1sz P\u00e9ter\"\/>\n\t<meta name=\"keywords\" content=\"banksz\u00e1mla,fiatal,gyermek\" \/>\n\t<link rel=\"canonical\" href=\"https:\/\/allasorias.hu\/hirek\/mar-gyermekkorban-el-kell-kezdeni-a-penzugyi-edukaciot\/\" \/>\n\t<meta name=\"generator\" content=\"All in One SEO (AIOSEO) 5.0.0.1\" \/>\n\t\t<meta property=\"og:locale\" content=\"hu_HU\" \/>\n\t\t<meta property=\"og:site_name\" content=\"AllasOrias.hu | H\u00edrek-lapszemle | \u00dczleti h\u00edrek az \u00e1ll\u00e1s \u00e9s a munka vil\u00e1g\u00e1b\u00f3l\" \/>\n\t\t<meta property=\"og:type\" content=\"article\" \/>\n\t\t<meta property=\"og:title\" content=\"P\u00e9nz\u00fcgyi eduk\u00e1ci\u00f3t gyermekkorban \u00e9rdemes kezdeni\" \/>\n\t\t<meta property=\"og:description\" content=\"Folyamatosan n\u0151 azon fiatalok sz\u00e1ma, akik banksz\u00e1ml\u00e1t nyitnak \u00e9s egyre t\u00f6bb sz\u00fcl\u0151 nyit banksz\u00e1ml\u00e1t gyermek\u00e9nek.\" \/>\n\t\t<meta property=\"og:url\" content=\"https:\/\/allasorias.hu\/hirek\/mar-gyermekkorban-el-kell-kezdeni-a-penzugyi-edukaciot\/\" \/>\n\t\t<meta property=\"og:image\" content=\"https:\/\/allasorias.hu\/hirek\/wp-content\/uploads\/2023\/03\/szamlanyitas-fiataloknak.jpg\" \/>\n\t\t<meta property=\"og:image:secure_url\" content=\"https:\/\/allasorias.hu\/hirek\/wp-content\/uploads\/2023\/03\/szamlanyitas-fiataloknak.jpg\" \/>\n\t\t<meta property=\"og:image:width\" content=\"1280\" \/>\n\t\t<meta property=\"og:image:height\" content=\"853\" \/>\n\t\t<meta property=\"article:published_time\" content=\"2023-03-21T09:35:58+00:00\" \/>\n\t\t<meta property=\"article:modified_time\" content=\"2025-05-09T13:37:42+00:00\" \/>\n\t\t<meta property=\"article:publisher\" content=\"https:\/\/www.facebook.com\/allasorias\" \/>\n\t\t<meta name=\"twitter:card\" content=\"summary_large_image\" \/>\n\t\t<meta name=\"twitter:title\" content=\"P\u00e9nz\u00fcgyi eduk\u00e1ci\u00f3t gyermekkorban \u00e9rdemes kezdeni\" \/>\n\t\t<meta name=\"twitter:description\" content=\"Folyamatosan n\u0151 azon fiatalok sz\u00e1ma, akik banksz\u00e1ml\u00e1t nyitnak \u00e9s egyre t\u00f6bb sz\u00fcl\u0151 nyit banksz\u00e1ml\u00e1t gyermek\u00e9nek.\" \/>\n\t\t<meta name=\"twitter:image\" content=\"https:\/\/allasorias.hu\/hirek\/wp-content\/uploads\/2023\/03\/szamlanyitas-fiataloknak.jpg\" \/>\n\t\t<meta name=\"twitter:label1\" content=\"Written by\" \/>\n\t\t<meta name=\"twitter:data1\" content=\"Juh\u00e1sz P\u00e9ter\" \/>\n\t\t<meta name=\"twitter:label2\" content=\"Est. reading time\" \/>\n\t\t<meta name=\"twitter:data2\" content=\"4 minutes\" \/>\n\t\t<script type=\"application\/ld+json\" class=\"aioseo-schema\">\n\t\t\t{\"@context\":\"https:\\\/\\\/schema.org\",\"@graph\":[{\"@type\":\"Article\",\"@id\":\"https:\\\/\\\/allasorias.hu\\\/hirek\\\/mar-gyermekkorban-el-kell-kezdeni-a-penzugyi-edukaciot\\\/#article\",\"name\":\"P\\u00e9nz\\u00fcgyi eduk\\u00e1ci\\u00f3t gyermekkorban \\u00e9rdemes kezdeni\",\"headline\":\"M\\u00e1r gyermekkorban el kell kezdeni a p\\u00e9nz\\u00fcgyi eduk\\u00e1ci\\u00f3t\",\"author\":{\"@id\":\"https:\\\/\\\/allasorias.hu\\\/hirek\\\/author\\\/admin-allasorias\\\/#author\"},\"publisher\":{\"@id\":\"https:\\\/\\\/allasorias.hu\\\/hirek\\\/#organization\"},\"image\":{\"@type\":\"ImageObject\",\"url\":\"https:\\\/\\\/allasorias.hu\\\/hirek\\\/wp-content\\\/uploads\\\/2023\\\/03\\\/szamlanyitas-fiataloknak.jpg\",\"width\":1280,\"height\":853,\"caption\":\"M\\u00e1r gyermekkorban el kell kezdeni a p\\u00e9nz\\u00fcgyi eduk\\u00e1ci\\u00f3t - Allasorias.hu\\\/Hirek\"},\"datePublished\":\"2023-03-21T09:35:58+02:00\",\"dateModified\":\"2025-05-09T15:37:42+02:00\",\"inLanguage\":\"hu-HU\",\"mainEntityOfPage\":{\"@id\":\"https:\\\/\\\/allasorias.hu\\\/hirek\\\/mar-gyermekkorban-el-kell-kezdeni-a-penzugyi-edukaciot\\\/#webpage\"},\"isPartOf\":{\"@id\":\"https:\\\/\\\/allasorias.hu\\\/hirek\\\/mar-gyermekkorban-el-kell-kezdeni-a-penzugyi-edukaciot\\\/#webpage\"},\"articleSection\":\"Gazdas\\u00e1g, banksz\\u00e1mla, fiatal, gyermek\"},{\"@type\":\"BreadcrumbList\",\"@id\":\"https:\\\/\\\/allasorias.hu\\\/hirek\\\/mar-gyermekkorban-el-kell-kezdeni-a-penzugyi-edukaciot\\\/#breadcrumblist\",\"itemListElement\":[{\"@type\":\"ListItem\",\"@id\":\"https:\\\/\\\/allasorias.hu\\\/hirek#listItem\",\"position\":1,\"name\":\"Home\",\"item\":\"https:\\\/\\\/allasorias.hu\\\/hirek\",\"nextItem\":{\"@type\":\"ListItem\",\"@id\":\"https:\\\/\\\/allasorias.hu\\\/hirek\\\/temak\\\/gazdasag\\\/#listItem\",\"name\":\"Gazdas\\u00e1g\"}},{\"@type\":\"ListItem\",\"@id\":\"https:\\\/\\\/allasorias.hu\\\/hirek\\\/temak\\\/gazdasag\\\/#listItem\",\"position\":2,\"name\":\"Gazdas\\u00e1g\",\"item\":\"https:\\\/\\\/allasorias.hu\\\/hirek\\\/temak\\\/gazdasag\\\/\",\"nextItem\":{\"@type\":\"ListItem\",\"@id\":\"https:\\\/\\\/allasorias.hu\\\/hirek\\\/mar-gyermekkorban-el-kell-kezdeni-a-penzugyi-edukaciot\\\/#listItem\",\"name\":\"M\\u00e1r gyermekkorban el kell kezdeni a p\\u00e9nz\\u00fcgyi eduk\\u00e1ci\\u00f3t\"},\"previousItem\":{\"@type\":\"ListItem\",\"@id\":\"https:\\\/\\\/allasorias.hu\\\/hirek#listItem\",\"name\":\"Home\"}},{\"@type\":\"ListItem\",\"@id\":\"https:\\\/\\\/allasorias.hu\\\/hirek\\\/mar-gyermekkorban-el-kell-kezdeni-a-penzugyi-edukaciot\\\/#listItem\",\"position\":3,\"name\":\"M\\u00e1r gyermekkorban el kell kezdeni a p\\u00e9nz\\u00fcgyi eduk\\u00e1ci\\u00f3t\",\"previousItem\":{\"@type\":\"ListItem\",\"@id\":\"https:\\\/\\\/allasorias.hu\\\/hirek\\\/temak\\\/gazdasag\\\/#listItem\",\"name\":\"Gazdas\\u00e1g\"}}]},{\"@type\":\"Organization\",\"@id\":\"https:\\\/\\\/allasorias.hu\\\/hirek\\\/#organization\",\"name\":\"AllasOrias.hu | H\\u00edrek-lapszemle\",\"description\":\"\\u00dczleti h\\u00edrek az \\u00e1ll\\u00e1s \\u00e9s a munka vil\\u00e1g\\u00e1b\\u00f3l\",\"url\":\"https:\\\/\\\/allasorias.hu\\\/hirek\\\/\",\"logo\":{\"@type\":\"ImageObject\",\"url\":\"https:\\\/\\\/allasorias.hu\\\/hirek\\\/wp-content\\\/uploads\\\/2022\\\/10\\\/allasorias_site_facebok_logo.png\",\"@id\":\"https:\\\/\\\/allasorias.hu\\\/hirek\\\/mar-gyermekkorban-el-kell-kezdeni-a-penzugyi-edukaciot\\\/#organizationLogo\"},\"image\":{\"@id\":\"https:\\\/\\\/allasorias.hu\\\/hirek\\\/mar-gyermekkorban-el-kell-kezdeni-a-penzugyi-edukaciot\\\/#organizationLogo\"},\"sameAs\":[\"https:\\\/\\\/www.facebook.com\\\/allasorias\",\"https:\\\/\\\/www.linkedin.com\\\/company\\\/allasorias\"]},{\"@type\":\"Person\",\"@id\":\"https:\\\/\\\/allasorias.hu\\\/hirek\\\/author\\\/admin-allasorias\\\/#author\",\"url\":\"https:\\\/\\\/allasorias.hu\\\/hirek\\\/author\\\/admin-allasorias\\\/\",\"name\":\"Juh\\u00e1sz P\\u00e9ter\",\"image\":{\"@type\":\"ImageObject\",\"@id\":\"https:\\\/\\\/allasorias.hu\\\/hirek\\\/mar-gyermekkorban-el-kell-kezdeni-a-penzugyi-edukaciot\\\/#authorImage\",\"url\":\"https:\\\/\\\/secure.gravatar.com\\\/avatar\\\/36e6bcb83148978b992977cb0f54d22feb0cce8a0a849a9410532bb2623ba4c6?s=96&d=mm&r=g\",\"width\":96,\"height\":96,\"caption\":\"Juh\\u00e1sz P\\u00e9ter\"}},{\"@type\":\"WebPage\",\"@id\":\"https:\\\/\\\/allasorias.hu\\\/hirek\\\/mar-gyermekkorban-el-kell-kezdeni-a-penzugyi-edukaciot\\\/#webpage\",\"url\":\"https:\\\/\\\/allasorias.hu\\\/hirek\\\/mar-gyermekkorban-el-kell-kezdeni-a-penzugyi-edukaciot\\\/\",\"name\":\"P\\u00e9nz\\u00fcgyi eduk\\u00e1ci\\u00f3t gyermekkorban \\u00e9rdemes kezdeni\",\"description\":\"Folyamatosan n\\u0151 azon fiatalok sz\\u00e1ma, akik banksz\\u00e1ml\\u00e1t nyitnak \\u00e9s egyre t\\u00f6bb sz\\u00fcl\\u0151 nyit banksz\\u00e1ml\\u00e1t gyermek\\u00e9nek.\",\"inLanguage\":\"hu-HU\",\"isPartOf\":{\"@id\":\"https:\\\/\\\/allasorias.hu\\\/hirek\\\/#website\"},\"breadcrumb\":{\"@id\":\"https:\\\/\\\/allasorias.hu\\\/hirek\\\/mar-gyermekkorban-el-kell-kezdeni-a-penzugyi-edukaciot\\\/#breadcrumblist\"},\"author\":{\"@id\":\"https:\\\/\\\/allasorias.hu\\\/hirek\\\/author\\\/admin-allasorias\\\/#author\"},\"creator\":{\"@id\":\"https:\\\/\\\/allasorias.hu\\\/hirek\\\/author\\\/admin-allasorias\\\/#author\"},\"image\":{\"@type\":\"ImageObject\",\"url\":\"https:\\\/\\\/allasorias.hu\\\/hirek\\\/wp-content\\\/uploads\\\/2023\\\/03\\\/szamlanyitas-fiataloknak.jpg\",\"@id\":\"https:\\\/\\\/allasorias.hu\\\/hirek\\\/mar-gyermekkorban-el-kell-kezdeni-a-penzugyi-edukaciot\\\/#mainImage\",\"width\":1280,\"height\":853,\"caption\":\"M\\u00e1r gyermekkorban el kell kezdeni a p\\u00e9nz\\u00fcgyi eduk\\u00e1ci\\u00f3t - Allasorias.hu\\\/Hirek\"},\"primaryImageOfPage\":{\"@id\":\"https:\\\/\\\/allasorias.hu\\\/hirek\\\/mar-gyermekkorban-el-kell-kezdeni-a-penzugyi-edukaciot\\\/#mainImage\"},\"datePublished\":\"2023-03-21T09:35:58+02:00\",\"dateModified\":\"2025-05-09T15:37:42+02:00\"},{\"@type\":\"WebSite\",\"@id\":\"https:\\\/\\\/allasorias.hu\\\/hirek\\\/#website\",\"url\":\"https:\\\/\\\/allasorias.hu\\\/hirek\\\/\",\"name\":\"AllasOrias.hu | H\\u00edrek-lapszemle\",\"description\":\"\\u00dczleti h\\u00edrek az \\u00e1ll\\u00e1s \\u00e9s a munka vil\\u00e1g\\u00e1b\\u00f3l\",\"inLanguage\":\"hu-HU\",\"publisher\":{\"@id\":\"https:\\\/\\\/allasorias.hu\\\/hirek\\\/#organization\"}}]}\n\t\t<\/script>\n\t\t<!-- All in One SEO -->\n\n","aioseo_head_json":{"title":"P\u00e9nz\u00fcgyi eduk\u00e1ci\u00f3t gyermekkorban \u00e9rdemes kezdeni","description":"Folyamatosan n\u0151 azon fiatalok sz\u00e1ma, akik banksz\u00e1ml\u00e1t nyitnak \u00e9s egyre t\u00f6bb sz\u00fcl\u0151 nyit banksz\u00e1ml\u00e1t gyermek\u00e9nek.","canonical_url":"https:\/\/allasorias.hu\/hirek\/mar-gyermekkorban-el-kell-kezdeni-a-penzugyi-edukaciot\/","robots":"max-image-preview:large","keywords":"banksz\u00e1mla,fiatal,gyermek","webmasterTools":{"miscellaneous":""},"schema":{"@context":"https:\/\/schema.org","@graph":[{"@type":"Article","@id":"https:\/\/allasorias.hu\/hirek\/mar-gyermekkorban-el-kell-kezdeni-a-penzugyi-edukaciot\/#article","name":"P\u00e9nz\u00fcgyi eduk\u00e1ci\u00f3t gyermekkorban \u00e9rdemes kezdeni","headline":"M\u00e1r gyermekkorban el kell kezdeni a p\u00e9nz\u00fcgyi eduk\u00e1ci\u00f3t","author":{"@id":"https:\/\/allasorias.hu\/hirek\/author\/admin-allasorias\/#author"},"publisher":{"@id":"https:\/\/allasorias.hu\/hirek\/#organization"},"image":{"@type":"ImageObject","url":"https:\/\/allasorias.hu\/hirek\/wp-content\/uploads\/2023\/03\/szamlanyitas-fiataloknak.jpg","width":1280,"height":853,"caption":"M\u00e1r gyermekkorban el kell kezdeni a p\u00e9nz\u00fcgyi eduk\u00e1ci\u00f3t - Allasorias.hu\/Hirek"},"datePublished":"2023-03-21T09:35:58+02:00","dateModified":"2025-05-09T15:37:42+02:00","inLanguage":"hu-HU","mainEntityOfPage":{"@id":"https:\/\/allasorias.hu\/hirek\/mar-gyermekkorban-el-kell-kezdeni-a-penzugyi-edukaciot\/#webpage"},"isPartOf":{"@id":"https:\/\/allasorias.hu\/hirek\/mar-gyermekkorban-el-kell-kezdeni-a-penzugyi-edukaciot\/#webpage"},"articleSection":"Gazdas\u00e1g, banksz\u00e1mla, fiatal, gyermek"},{"@type":"BreadcrumbList","@id":"https:\/\/allasorias.hu\/hirek\/mar-gyermekkorban-el-kell-kezdeni-a-penzugyi-edukaciot\/#breadcrumblist","itemListElement":[{"@type":"ListItem","@id":"https:\/\/allasorias.hu\/hirek#listItem","position":1,"name":"Home","item":"https:\/\/allasorias.hu\/hirek","nextItem":{"@type":"ListItem","@id":"https:\/\/allasorias.hu\/hirek\/temak\/gazdasag\/#listItem","name":"Gazdas\u00e1g"}},{"@type":"ListItem","@id":"https:\/\/allasorias.hu\/hirek\/temak\/gazdasag\/#listItem","position":2,"name":"Gazdas\u00e1g","item":"https:\/\/allasorias.hu\/hirek\/temak\/gazdasag\/","nextItem":{"@type":"ListItem","@id":"https:\/\/allasorias.hu\/hirek\/mar-gyermekkorban-el-kell-kezdeni-a-penzugyi-edukaciot\/#listItem","name":"M\u00e1r gyermekkorban el kell kezdeni a p\u00e9nz\u00fcgyi eduk\u00e1ci\u00f3t"},"previousItem":{"@type":"ListItem","@id":"https:\/\/allasorias.hu\/hirek#listItem","name":"Home"}},{"@type":"ListItem","@id":"https:\/\/allasorias.hu\/hirek\/mar-gyermekkorban-el-kell-kezdeni-a-penzugyi-edukaciot\/#listItem","position":3,"name":"M\u00e1r gyermekkorban el kell kezdeni a p\u00e9nz\u00fcgyi eduk\u00e1ci\u00f3t","previousItem":{"@type":"ListItem","@id":"https:\/\/allasorias.hu\/hirek\/temak\/gazdasag\/#listItem","name":"Gazdas\u00e1g"}}]},{"@type":"Organization","@id":"https:\/\/allasorias.hu\/hirek\/#organization","name":"AllasOrias.hu | H\u00edrek-lapszemle","description":"\u00dczleti h\u00edrek az \u00e1ll\u00e1s \u00e9s a munka vil\u00e1g\u00e1b\u00f3l","url":"https:\/\/allasorias.hu\/hirek\/","logo":{"@type":"ImageObject","url":"https:\/\/allasorias.hu\/hirek\/wp-content\/uploads\/2022\/10\/allasorias_site_facebok_logo.png","@id":"https:\/\/allasorias.hu\/hirek\/mar-gyermekkorban-el-kell-kezdeni-a-penzugyi-edukaciot\/#organizationLogo"},"image":{"@id":"https:\/\/allasorias.hu\/hirek\/mar-gyermekkorban-el-kell-kezdeni-a-penzugyi-edukaciot\/#organizationLogo"},"sameAs":["https:\/\/www.facebook.com\/allasorias","https:\/\/www.linkedin.com\/company\/allasorias"]},{"@type":"Person","@id":"https:\/\/allasorias.hu\/hirek\/author\/admin-allasorias\/#author","url":"https:\/\/allasorias.hu\/hirek\/author\/admin-allasorias\/","name":"Juh\u00e1sz P\u00e9ter","image":{"@type":"ImageObject","@id":"https:\/\/allasorias.hu\/hirek\/mar-gyermekkorban-el-kell-kezdeni-a-penzugyi-edukaciot\/#authorImage","url":"https:\/\/secure.gravatar.com\/avatar\/36e6bcb83148978b992977cb0f54d22feb0cce8a0a849a9410532bb2623ba4c6?s=96&d=mm&r=g","width":96,"height":96,"caption":"Juh\u00e1sz P\u00e9ter"}},{"@type":"WebPage","@id":"https:\/\/allasorias.hu\/hirek\/mar-gyermekkorban-el-kell-kezdeni-a-penzugyi-edukaciot\/#webpage","url":"https:\/\/allasorias.hu\/hirek\/mar-gyermekkorban-el-kell-kezdeni-a-penzugyi-edukaciot\/","name":"P\u00e9nz\u00fcgyi eduk\u00e1ci\u00f3t gyermekkorban \u00e9rdemes kezdeni","description":"Folyamatosan n\u0151 azon fiatalok sz\u00e1ma, akik banksz\u00e1ml\u00e1t nyitnak \u00e9s egyre t\u00f6bb sz\u00fcl\u0151 nyit banksz\u00e1ml\u00e1t gyermek\u00e9nek.","inLanguage":"hu-HU","isPartOf":{"@id":"https:\/\/allasorias.hu\/hirek\/#website"},"breadcrumb":{"@id":"https:\/\/allasorias.hu\/hirek\/mar-gyermekkorban-el-kell-kezdeni-a-penzugyi-edukaciot\/#breadcrumblist"},"author":{"@id":"https:\/\/allasorias.hu\/hirek\/author\/admin-allasorias\/#author"},"creator":{"@id":"https:\/\/allasorias.hu\/hirek\/author\/admin-allasorias\/#author"},"image":{"@type":"ImageObject","url":"https:\/\/allasorias.hu\/hirek\/wp-content\/uploads\/2023\/03\/szamlanyitas-fiataloknak.jpg","@id":"https:\/\/allasorias.hu\/hirek\/mar-gyermekkorban-el-kell-kezdeni-a-penzugyi-edukaciot\/#mainImage","width":1280,"height":853,"caption":"M\u00e1r gyermekkorban el kell kezdeni a p\u00e9nz\u00fcgyi eduk\u00e1ci\u00f3t - Allasorias.hu\/Hirek"},"primaryImageOfPage":{"@id":"https:\/\/allasorias.hu\/hirek\/mar-gyermekkorban-el-kell-kezdeni-a-penzugyi-edukaciot\/#mainImage"},"datePublished":"2023-03-21T09:35:58+02:00","dateModified":"2025-05-09T15:37:42+02:00"},{"@type":"WebSite","@id":"https:\/\/allasorias.hu\/hirek\/#website","url":"https:\/\/allasorias.hu\/hirek\/","name":"AllasOrias.hu | H\u00edrek-lapszemle","description":"\u00dczleti h\u00edrek az \u00e1ll\u00e1s \u00e9s a munka vil\u00e1g\u00e1b\u00f3l","inLanguage":"hu-HU","publisher":{"@id":"https:\/\/allasorias.hu\/hirek\/#organization"}}]},"og:locale":"hu_HU","og:site_name":"AllasOrias.hu | H\u00edrek-lapszemle | \u00dczleti h\u00edrek az \u00e1ll\u00e1s \u00e9s a munka vil\u00e1g\u00e1b\u00f3l","og:type":"article","og:title":"P\u00e9nz\u00fcgyi eduk\u00e1ci\u00f3t gyermekkorban \u00e9rdemes kezdeni","og:description":"Folyamatosan n\u0151 azon fiatalok sz\u00e1ma, akik banksz\u00e1ml\u00e1t nyitnak \u00e9s egyre t\u00f6bb sz\u00fcl\u0151 nyit banksz\u00e1ml\u00e1t gyermek\u00e9nek.","og:url":"https:\/\/allasorias.hu\/hirek\/mar-gyermekkorban-el-kell-kezdeni-a-penzugyi-edukaciot\/","og:image":"https:\/\/allasorias.hu\/hirek\/wp-content\/uploads\/2023\/03\/szamlanyitas-fiataloknak.jpg","og:image:secure_url":"https:\/\/allasorias.hu\/hirek\/wp-content\/uploads\/2023\/03\/szamlanyitas-fiataloknak.jpg","og:image:width":1280,"og:image:height":853,"article:published_time":"2023-03-21T09:35:58+00:00","article:modified_time":"2025-05-09T13:37:42+00:00","article:publisher":"https:\/\/www.facebook.com\/allasorias","twitter:card":"summary_large_image","twitter:title":"P\u00e9nz\u00fcgyi eduk\u00e1ci\u00f3t gyermekkorban \u00e9rdemes kezdeni","twitter:description":"Folyamatosan n\u0151 azon fiatalok sz\u00e1ma, akik banksz\u00e1ml\u00e1t nyitnak \u00e9s egyre t\u00f6bb sz\u00fcl\u0151 nyit banksz\u00e1ml\u00e1t gyermek\u00e9nek.","twitter:image":"https:\/\/allasorias.hu\/hirek\/wp-content\/uploads\/2023\/03\/szamlanyitas-fiataloknak.jpg","twitter:label1":"Written by","twitter:data1":"Juh\u00e1sz P\u00e9ter","twitter:label2":"Est. reading time","twitter:data2":"4 minutes"},"aioseo_meta_data":{"post_id":"6331","title":"P\u00e9nz\u00fcgyi eduk\u00e1ci\u00f3t gyermekkorban \u00e9rdemes kezdeni","description":"Folyamatosan n\u0151 azon fiatalok sz\u00e1ma, akik banksz\u00e1ml\u00e1t nyitnak \u00e9s egyre t\u00f6bb sz\u00fcl\u0151 nyit banksz\u00e1ml\u00e1t gyermek\u00e9nek.","keywords":null,"keyphrases":{"focus":{"keyphrase":"","score":0,"analysis":{"keyphraseInTitle":{"score":0,"maxScore":9,"error":1}}},"additional":[]},"primary_term":null,"canonical_url":null,"og_title":null,"og_description":null,"og_object_type":"default","og_image_type":"default","og_image_url":null,"og_image_width":null,"og_image_height":null,"og_image_custom_url":null,"og_image_custom_fields":null,"og_video":"","og_custom_url":null,"og_article_section":null,"og_article_tags":null,"twitter_use_og":true,"twitter_card":"default","twitter_image_type":"default","twitter_image_url":null,"twitter_image_custom_url":null,"twitter_image_custom_fields":null,"twitter_title":null,"twitter_description":null,"schema":{"blockGraphs":[],"customGraphs":[],"default":{"data":{"Article":[],"Course":[],"Dataset":[],"FAQPage":[],"Movie":[],"Person":[],"Product":[],"ProductReview":[],"Car":[],"Recipe":[],"Service":[],"SoftwareApplication":[],"WebPage":[]},"graphName":"Article","isEnabled":true},"graphs":[]},"schema_type":"default","schema_type_options":null,"pillar_content":false,"robots_default":true,"robots_noindex":false,"robots_noarchive":false,"robots_nosnippet":false,"robots_nofollow":false,"robots_noimageindex":false,"robots_noodp":false,"robots_notranslate":false,"robots_max_snippet":"-1","robots_max_videopreview":"-1","robots_max_imagepreview":"large","priority":null,"frequency":"default","location":null,"local_seo":null,"breadcrumb_settings":null,"limit_modified_date":false,"ai":null,"created":"2023-03-21 09:09:59","updated":"2025-10-02 18:13:06","seo_analyzer_scan_date":null,"focus_keyword":null,"additional_keywords":null,"truseo_locale":null},"aioseo_breadcrumb":"<div class=\"aioseo-breadcrumbs\"><span class=\"aioseo-breadcrumb\">\n\t\t\t<a href=\"https:\/\/allasorias.hu\/hirek\" title=\"Home\">Home<\/a>\n\t\t<\/span><span class=\"aioseo-breadcrumb-separator\">&raquo;<\/span><span class=\"aioseo-breadcrumb\">\n\t\t\t<a href=\"https:\/\/allasorias.hu\/hirek\/temak\/gazdasag\/\" title=\"Gazdas\u00e1g\">Gazdas\u00e1g<\/a>\n\t\t<\/span><span class=\"aioseo-breadcrumb-separator\">&raquo;<\/span><span class=\"aioseo-breadcrumb\">\n\t\t\tM\u00e1r gyermekkorban el kell kezdeni a p\u00e9nz\u00fcgyi eduk\u00e1ci\u00f3t\n\t\t<\/span><\/div>","aioseo_breadcrumb_json":[{"label":"Home","link":"https:\/\/allasorias.hu\/hirek"},{"label":"Gazdas\u00e1g","link":"https:\/\/allasorias.hu\/hirek\/temak\/gazdasag\/"},{"label":"M\u00e1r gyermekkorban el kell kezdeni a p\u00e9nz\u00fcgyi eduk\u00e1ci\u00f3t","link":"https:\/\/allasorias.hu\/hirek\/mar-gyermekkorban-el-kell-kezdeni-a-penzugyi-edukaciot\/"}],"_links":{"self":[{"href":"https:\/\/allasorias.hu\/hirek\/wp-json\/wp\/v2\/posts\/6331","targetHints":{"allow":["GET"]}}],"collection":[{"href":"https:\/\/allasorias.hu\/hirek\/wp-json\/wp\/v2\/posts"}],"about":[{"href":"https:\/\/allasorias.hu\/hirek\/wp-json\/wp\/v2\/types\/post"}],"author":[{"embeddable":true,"href":"https:\/\/allasorias.hu\/hirek\/wp-json\/wp\/v2\/users\/1"}],"replies":[{"embeddable":true,"href":"https:\/\/allasorias.hu\/hirek\/wp-json\/wp\/v2\/comments?post=6331"}],"version-history":[{"count":2,"href":"https:\/\/allasorias.hu\/hirek\/wp-json\/wp\/v2\/posts\/6331\/revisions"}],"predecessor-version":[{"id":8437,"href":"https:\/\/allasorias.hu\/hirek\/wp-json\/wp\/v2\/posts\/6331\/revisions\/8437"}],"wp:featuredmedia":[{"embeddable":true,"href":"https:\/\/allasorias.hu\/hirek\/wp-json\/wp\/v2\/media\/6332"}],"wp:attachment":[{"href":"https:\/\/allasorias.hu\/hirek\/wp-json\/wp\/v2\/media?parent=6331"}],"wp:term":[{"taxonomy":"category","embeddable":true,"href":"https:\/\/allasorias.hu\/hirek\/wp-json\/wp\/v2\/categories?post=6331"},{"taxonomy":"post_tag","embeddable":true,"href":"https:\/\/allasorias.hu\/hirek\/wp-json\/wp\/v2\/tags?post=6331"}],"curies":[{"name":"wp","href":"https:\/\/api.w.org\/{rel}","templated":true}]}}