{"id":6313,"date":"2023-03-14T08:36:59","date_gmt":"2023-03-14T08:36:59","guid":{"rendered":"https:\/\/allasorias.hu\/hirek\/?p=6313"},"modified":"2023-03-14T08:36:59","modified_gmt":"2023-03-14T08:36:59","slug":"mennyit-keresunk-valojaban","status":"publish","type":"post","link":"https:\/\/allasorias.hu\/hirek\/mennyit-keresunk-valojaban\/","title":{"rendered":"Mennyit keres\u00fcnk val\u00f3j\u00e1ban?"},"content":{"rendered":"<p><strong>\u00dagy t\u0171nik a statisztik\u00e1k nem mindig a val\u00f3s k\u00e9pet mutatj\u00e1k, \u00edgy van ez a b\u00e9rek eset\u00e9ben is. A Gazdas\u00e1gkutat\u00f3 Zrt legut\u00f3bbi elemz\u00e9se szerint az elt\u00e9r\u0151 vizsg\u00e1lati m\u00f3dszertanok adj\u00e1k a m\u00e1s-m\u00e1s eredm\u00e9nyt.<\/strong><\/p>\n<p>Mik\u00f6zben 2010-2021 k\u00f6z\u00f6tt a brutt\u00f3 keresetek k\u00f6zel 2,17-szeres\u00fckre emelkedtek, addig a nemzeti sz\u00e1ml\u00e1k szerinti brutt\u00f3 keresetek eset\u00e9ben a n\u00f6veked\u00e9s csak 1,65-szeres volt. A keresetek t\u00e9nyleges <a href=\"https:\/\/allasorias.hu\/hirek\/nottek-a-berek-magyarorszagon\/\">n\u00f6veked\u00e9se<\/a> j\u00f3val kisebb, mint a havi adatok szerinti &#8211; der\u00fcl ki a GKI Gazdas\u00e1gkutat\u00f3 Zrt. elemz\u00e9s\u00e9b\u0151l. A GKI sz\u00e1m\u00edt\u00e1s\u00e1hoz azt vette alapul, hogy a K\u00f6zponti Statisztikai Hivatal a brutt\u00f3 b\u00e9rekr\u0151l t\u00f6bb statisztik\u00e1val is rendelkezik: Egyfel\u0151l a foglalkoztatottak egy sz\u0171kebb k\u00f6r\u00e9r\u0151l havi kereseti, illetve brutt\u00f3 munkaj\u00f6vedelemi adatokat szolg\u00e1ltat, m\u00e1sfel\u0151l a nemzeti sz\u00e1ml\u00e1k keret\u00e9ben \u00e9vente becsli a brutt\u00f3 kereseti adatokat a teljes foglalkoztatotti k\u00f6rre.<\/p>\n<h2>Befoly\u00e1sol\u00f3 a fekete \u00e9s sz\u00fcrke foglalkoztat\u00e1s<\/h2>\n<p>Az adatszolg\u00e1ltat\u00e1s kor\u00e1bban saj\u00e1t felm\u00e9r\u00e9seken alapult, de 2019-t\u00f3l a NAV adatokat haszn\u00e1lj\u00e1k els\u0151sorban, ugyanakkor a hivatalos adatok sem adnak teljes k\u00e9pet a keresetekr\u0151l, mivel a fekete \u00e9s sz\u00fcrke foglalkoztat\u00e1s m\u00e9g mindig jellemz\u0151 egyes szakm\u00e1kban. Ezeket a hi\u00e1nyz\u00f3 adatokat a KSH felm\u00e9r\u00e9sekkel \u00e9s szakmai becsl\u00e9sekkel p\u00f3tolja, amik a nemzeti sz\u00e1ml\u00e1k adataiban jelennek meg legink\u00e1bb. A GKI \u00f6sszehasonl\u00edt\u00e1sa alapj\u00e1n az egyes KSH adatk\u00f6zl\u00e9sek inform\u00e1ci\u00f3i elt\u00e9rnek egym\u00e1st\u00f3l, mik\u00f6zben \u00f6nmagukban az egyes id\u0151sorok j\u00f3l \u00e9rtelmezhet\u0151k a megadott korl\u00e1tok k\u00f6z\u00f6tt.<\/p>\n<p>A havi adatk\u00f6zl\u00e9sek jellemz\u0151en k\u00f6zel \u00e1llnak egym\u00e1shoz, 2010-2022 k\u00f6z\u00f6tt pl. a havi brutt\u00f3 kereseti \u00e9s brutt\u00f3 munkaj\u00f6vedelmi adatok n\u00f6veked\u00e9se k\u00f6z\u00f6tt \u00f6sszesen 6 sz\u00e1zal\u00e9kpontos elt\u00e9r\u00e9s volt. Ugyanakkor a nemzeti sz\u00e1ml\u00e1k (teljesk\u00f6r\u0171) adatai m\u00e1r m\u00e1s k\u00e9pest rajzolnak ki. Mik\u00f6zben 2010-2021 k\u00f6z\u00f6tt a brutt\u00f3 keresetek k\u00f6zel 2,17-szeres\u00fckre emelkedtek, addig a nemzeti sz\u00e1ml\u00e1k szerinti brutt\u00f3 keresetek eset\u00e9ben a n\u00f6veked\u00e9s csak 1,65-szeres volt, \u00edgy a havi k\u00f6zl\u00e9sekben szerepl\u0151 \u00e9vi 7,3%-os nomin\u00e1lis n\u00f6veked\u00e9s mind\u00f6ssze 4,7%-ra cs\u00f6kken. A fogyaszt\u00f3i \u00e1rindex a vizsg\u00e1lt id\u0151szakban 32,1%-kal emelkedett, \u00edgy a nemzeti sz\u00e1ml\u00e1k szerinti keresetek re\u00e1l\u00e9rt\u00e9kben 25%-kal (\u00e9vi 2%-kal) b\u0151v\u00fcltek (a kereseti statisztika 64%-\u00e1val &#8211; \u00e9vi 4,6%-kal &#8211; szemben).<\/p>\n<h2>A keresetek re\u00e1l\u00e9rt\u00e9ke cs\u00f6kkent<\/h2>\n<p>A teljes foglalkoztatotti k\u00f6rre becs\u00fclt 2022-es adatok alapj\u00e1n a keresetek re\u00e1l\u00e9rt\u00e9ke cs\u00f6kkent. Mint \u00edrj\u00e1k, az elt\u00e9r\u0151 m\u00f3dszertanok a brutt\u00f3 keresetekre is kihat\u00e1ssal vannak. A kereseti statisztika alapj\u00e1n a brutt\u00f3 kereset 2022-ben 516 ezer forintra emelkedett (a brutt\u00f3 munkaj\u00f6vedelem pedig 537 ezer forintra), ugyanakkor a nemzeti sz\u00e1ml\u00e1k adatai alapj\u00e1n a keresetek \u00e1tlaga 404 ezer forint lehetett. (2021-ben a brutt\u00f3 kereset 439, a brutt\u00f3 munkaj\u00f6vedelem 458, a nemzeti sz\u00e1ml\u00e1k szerinti kereset pedig 351 ezer forint volt.)<\/p>\n<p>A k\u00fcl\u00f6nbs\u00e9g 2016 ut\u00e1n er\u0151s\u00f6d\u00f6tt fel, aminek egyik oka, hogy a korm\u00e1ny gazdas\u00e1gfeh\u00e9r\u00edt\u0151 l\u00e9p\u00e9sei miatt a kimutatott \u00e9s a val\u00f3s keresetek k\u00f6z\u00f6tti k\u00fcl\u00f6nbs\u00e9g er\u0151teljesen cs\u00f6kkent.A nemzeti sz\u00e1mlarendszerben megjelen\u0151, teljes foglalkoztatotti k\u00f6rre vonatkoz\u00f3 adatok \u00f6sszhangban vannak a gyakorlati tapasztalatokkal, \u00e9s az \u00e9letsz\u00ednvonal mutat\u00f3inak alakul\u00e1s\u00e1val. Eszerint b\u00e1r k\u00e9ts\u00e9gtelen\u00fcl volt javul\u00e1s 2010-2021 k\u00f6z\u00f6tt, azonban ennek m\u00e9rt\u00e9ke j\u00f3val kisebb, mint amit a havi kereseti adatok sugallnak<\/p>\n<p>Forr\u00e1s: <a href=\"https:\/\/hvg.hu\/gazdasag\/20230314_GKI_A_keresetek_tenyleges_novekedese_joval_kisebb_mint_a_havi_adatok_szerinti\">hvg.hu<\/a><\/p>\n","protected":false},"excerpt":{"rendered":"<p>\u00dagy t\u0171nik a statisztik\u00e1k nem mindig a val\u00f3s k\u00e9pet mutatj\u00e1k, \u00edgy van ez a b\u00e9rek eset\u00e9ben is. A Gazdas\u00e1gkutat\u00f3 Zrt legut\u00f3bbi elemz\u00e9se szerint az elt\u00e9r\u0151 vizsg\u00e1lati m\u00f3dszertanok adj\u00e1k a m\u00e1s-m\u00e1s eredm\u00e9nyt. Mik\u00f6zben 2010-2021 k\u00f6z\u00f6tt a brutt\u00f3 keresetek k\u00f6zel 2,17-szeres\u00fckre emelkedtek, addig a nemzeti sz\u00e1ml\u00e1k szerinti brutt\u00f3 keresetek eset\u00e9ben a n\u00f6veked\u00e9s csak 1,65-szeres volt. A keresetek [&hellip;]<\/p>\n","protected":false},"author":1,"featured_media":6314,"comment_status":"open","ping_status":"open","sticky":false,"template":"","format":"standard","meta":{"_monsterinsights_skip_tracking":false,"footnotes":""},"categories":[200],"tags":[428,267],"class_list":["post-6313","post","type-post","status-publish","format-standard","has-post-thumbnail","hentry","category-munkaeropiac","tag-kereset","tag-statisztika"],"aioseo_notices":[],"aioseo_head":"\n\t\t<!-- All in One SEO 5.0.0.1 - aioseo.com -->\n\t<meta name=\"description\" content=\"\u00dagy t\u0171nik a statisztik\u00e1k nem mindig a val\u00f3s k\u00e9pet mutatj\u00e1k, \u00edgy van ez a b\u00e9rek eset\u00e9ben is. Az elt\u00e9r\u0151 vizsg\u00e1lati m\u00f3dszertanok adj\u00e1k a m\u00e1s-m\u00e1s eredm\u00e9nyt.\" \/>\n\t<meta name=\"robots\" content=\"max-image-preview:large\" \/>\n\t<meta name=\"author\" content=\"Juh\u00e1sz P\u00e9ter\"\/>\n\t<meta name=\"keywords\" content=\"kereset,statisztika\" \/>\n\t<link rel=\"canonical\" href=\"https:\/\/allasorias.hu\/hirek\/mennyit-keresunk-valojaban\/\" \/>\n\t<meta name=\"generator\" content=\"All in One SEO (AIOSEO) 5.0.0.1\" \/>\n\t\t<meta property=\"og:locale\" content=\"hu_HU\" \/>\n\t\t<meta property=\"og:site_name\" content=\"AllasOrias.hu | H\u00edrek-lapszemle | \u00dczleti h\u00edrek az \u00e1ll\u00e1s \u00e9s a munka vil\u00e1g\u00e1b\u00f3l\" \/>\n\t\t<meta property=\"og:type\" content=\"article\" \/>\n\t\t<meta property=\"og:title\" content=\"Mennyit keres\u00fcnk val\u00f3j\u00e1ban? | Allasorias.hu\/Hirek\" \/>\n\t\t<meta property=\"og:description\" content=\"\u00dagy t\u0171nik a statisztik\u00e1k nem mindig a val\u00f3s k\u00e9pet mutatj\u00e1k, \u00edgy van ez a b\u00e9rek eset\u00e9ben is. Az elt\u00e9r\u0151 vizsg\u00e1lati m\u00f3dszertanok adj\u00e1k a m\u00e1s-m\u00e1s eredm\u00e9nyt.\" \/>\n\t\t<meta property=\"og:url\" content=\"https:\/\/allasorias.hu\/hirek\/mennyit-keresunk-valojaban\/\" \/>\n\t\t<meta property=\"og:image\" content=\"https:\/\/allasorias.hu\/hirek\/wp-content\/uploads\/2023\/03\/kereset-statisztika.jpg\" \/>\n\t\t<meta property=\"og:image:secure_url\" content=\"https:\/\/allasorias.hu\/hirek\/wp-content\/uploads\/2023\/03\/kereset-statisztika.jpg\" \/>\n\t\t<meta property=\"og:image:width\" content=\"1280\" \/>\n\t\t<meta property=\"og:image:height\" content=\"855\" \/>\n\t\t<meta property=\"article:published_time\" content=\"2023-03-14T08:36:59+00:00\" \/>\n\t\t<meta property=\"article:modified_time\" content=\"2023-03-14T08:36:59+00:00\" \/>\n\t\t<meta property=\"article:publisher\" content=\"https:\/\/www.facebook.com\/allasorias\" \/>\n\t\t<meta name=\"twitter:card\" content=\"summary_large_image\" \/>\n\t\t<meta name=\"twitter:title\" content=\"Mennyit keres\u00fcnk val\u00f3j\u00e1ban? | Allasorias.hu\/Hirek\" \/>\n\t\t<meta name=\"twitter:description\" content=\"\u00dagy t\u0171nik a statisztik\u00e1k nem mindig a val\u00f3s k\u00e9pet mutatj\u00e1k, \u00edgy van ez a b\u00e9rek eset\u00e9ben is. Az elt\u00e9r\u0151 vizsg\u00e1lati m\u00f3dszertanok adj\u00e1k a m\u00e1s-m\u00e1s eredm\u00e9nyt.\" \/>\n\t\t<meta name=\"twitter:image\" content=\"https:\/\/allasorias.hu\/hirek\/wp-content\/uploads\/2023\/03\/kereset-statisztika.jpg\" \/>\n\t\t<meta name=\"twitter:label1\" content=\"Written by\" \/>\n\t\t<meta name=\"twitter:data1\" content=\"Juh\u00e1sz P\u00e9ter\" \/>\n\t\t<meta name=\"twitter:label2\" content=\"Est. reading time\" \/>\n\t\t<meta name=\"twitter:data2\" content=\"3 minutes\" \/>\n\t\t<script type=\"application\/ld+json\" class=\"aioseo-schema\">\n\t\t\t{\"@context\":\"https:\\\/\\\/schema.org\",\"@graph\":[{\"@type\":\"Article\",\"@id\":\"https:\\\/\\\/allasorias.hu\\\/hirek\\\/mennyit-keresunk-valojaban\\\/#article\",\"name\":\"Mennyit keres\\u00fcnk val\\u00f3j\\u00e1ban? | Allasorias.hu\\\/Hirek\",\"headline\":\"Mennyit keres\\u00fcnk val\\u00f3j\\u00e1ban?\",\"author\":{\"@id\":\"https:\\\/\\\/allasorias.hu\\\/hirek\\\/author\\\/admin-allasorias\\\/#author\"},\"publisher\":{\"@id\":\"https:\\\/\\\/allasorias.hu\\\/hirek\\\/#organization\"},\"image\":{\"@type\":\"ImageObject\",\"url\":\"https:\\\/\\\/allasorias.hu\\\/hirek\\\/wp-content\\\/uploads\\\/2023\\\/03\\\/kereset-statisztika.jpg\",\"width\":1280,\"height\":855,\"caption\":\"Mennyit keres\\u00fcnk val\\u00f3j\\u00e1ban? - Allasorias.hu\\\/Hirek\"},\"datePublished\":\"2023-03-14T08:36:59+02:00\",\"dateModified\":\"2023-03-14T08:36:59+02:00\",\"inLanguage\":\"hu-HU\",\"mainEntityOfPage\":{\"@id\":\"https:\\\/\\\/allasorias.hu\\\/hirek\\\/mennyit-keresunk-valojaban\\\/#webpage\"},\"isPartOf\":{\"@id\":\"https:\\\/\\\/allasorias.hu\\\/hirek\\\/mennyit-keresunk-valojaban\\\/#webpage\"},\"articleSection\":\"Munkaer\\u0151piac, kereset, statisztika\"},{\"@type\":\"BreadcrumbList\",\"@id\":\"https:\\\/\\\/allasorias.hu\\\/hirek\\\/mennyit-keresunk-valojaban\\\/#breadcrumblist\",\"itemListElement\":[{\"@type\":\"ListItem\",\"@id\":\"https:\\\/\\\/allasorias.hu\\\/hirek#listItem\",\"position\":1,\"name\":\"Home\",\"item\":\"https:\\\/\\\/allasorias.hu\\\/hirek\",\"nextItem\":{\"@type\":\"ListItem\",\"@id\":\"https:\\\/\\\/allasorias.hu\\\/hirek\\\/temak\\\/munkaeropiac\\\/#listItem\",\"name\":\"Munkaer\\u0151piac\"}},{\"@type\":\"ListItem\",\"@id\":\"https:\\\/\\\/allasorias.hu\\\/hirek\\\/temak\\\/munkaeropiac\\\/#listItem\",\"position\":2,\"name\":\"Munkaer\\u0151piac\",\"item\":\"https:\\\/\\\/allasorias.hu\\\/hirek\\\/temak\\\/munkaeropiac\\\/\",\"nextItem\":{\"@type\":\"ListItem\",\"@id\":\"https:\\\/\\\/allasorias.hu\\\/hirek\\\/mennyit-keresunk-valojaban\\\/#listItem\",\"name\":\"Mennyit keres\\u00fcnk val\\u00f3j\\u00e1ban?\"},\"previousItem\":{\"@type\":\"ListItem\",\"@id\":\"https:\\\/\\\/allasorias.hu\\\/hirek#listItem\",\"name\":\"Home\"}},{\"@type\":\"ListItem\",\"@id\":\"https:\\\/\\\/allasorias.hu\\\/hirek\\\/mennyit-keresunk-valojaban\\\/#listItem\",\"position\":3,\"name\":\"Mennyit keres\\u00fcnk val\\u00f3j\\u00e1ban?\",\"previousItem\":{\"@type\":\"ListItem\",\"@id\":\"https:\\\/\\\/allasorias.hu\\\/hirek\\\/temak\\\/munkaeropiac\\\/#listItem\",\"name\":\"Munkaer\\u0151piac\"}}]},{\"@type\":\"Organization\",\"@id\":\"https:\\\/\\\/allasorias.hu\\\/hirek\\\/#organization\",\"name\":\"AllasOrias.hu | H\\u00edrek-lapszemle\",\"description\":\"\\u00dczleti h\\u00edrek az \\u00e1ll\\u00e1s \\u00e9s a munka vil\\u00e1g\\u00e1b\\u00f3l\",\"url\":\"https:\\\/\\\/allasorias.hu\\\/hirek\\\/\",\"logo\":{\"@type\":\"ImageObject\",\"url\":\"https:\\\/\\\/allasorias.hu\\\/hirek\\\/wp-content\\\/uploads\\\/2022\\\/10\\\/allasorias_site_facebok_logo.png\",\"@id\":\"https:\\\/\\\/allasorias.hu\\\/hirek\\\/mennyit-keresunk-valojaban\\\/#organizationLogo\"},\"image\":{\"@id\":\"https:\\\/\\\/allasorias.hu\\\/hirek\\\/mennyit-keresunk-valojaban\\\/#organizationLogo\"},\"sameAs\":[\"https:\\\/\\\/www.facebook.com\\\/allasorias\",\"https:\\\/\\\/www.linkedin.com\\\/company\\\/allasorias\"]},{\"@type\":\"Person\",\"@id\":\"https:\\\/\\\/allasorias.hu\\\/hirek\\\/author\\\/admin-allasorias\\\/#author\",\"url\":\"https:\\\/\\\/allasorias.hu\\\/hirek\\\/author\\\/admin-allasorias\\\/\",\"name\":\"Juh\\u00e1sz P\\u00e9ter\",\"image\":{\"@type\":\"ImageObject\",\"@id\":\"https:\\\/\\\/allasorias.hu\\\/hirek\\\/mennyit-keresunk-valojaban\\\/#authorImage\",\"url\":\"https:\\\/\\\/secure.gravatar.com\\\/avatar\\\/36e6bcb83148978b992977cb0f54d22feb0cce8a0a849a9410532bb2623ba4c6?s=96&d=mm&r=g\",\"width\":96,\"height\":96,\"caption\":\"Juh\\u00e1sz P\\u00e9ter\"}},{\"@type\":\"WebPage\",\"@id\":\"https:\\\/\\\/allasorias.hu\\\/hirek\\\/mennyit-keresunk-valojaban\\\/#webpage\",\"url\":\"https:\\\/\\\/allasorias.hu\\\/hirek\\\/mennyit-keresunk-valojaban\\\/\",\"name\":\"Mennyit keres\\u00fcnk val\\u00f3j\\u00e1ban? | Allasorias.hu\\\/Hirek\",\"description\":\"\\u00dagy t\\u0171nik a statisztik\\u00e1k nem mindig a val\\u00f3s k\\u00e9pet mutatj\\u00e1k, \\u00edgy van ez a b\\u00e9rek eset\\u00e9ben is. Az elt\\u00e9r\\u0151 vizsg\\u00e1lati m\\u00f3dszertanok adj\\u00e1k a m\\u00e1s-m\\u00e1s eredm\\u00e9nyt.\",\"inLanguage\":\"hu-HU\",\"isPartOf\":{\"@id\":\"https:\\\/\\\/allasorias.hu\\\/hirek\\\/#website\"},\"breadcrumb\":{\"@id\":\"https:\\\/\\\/allasorias.hu\\\/hirek\\\/mennyit-keresunk-valojaban\\\/#breadcrumblist\"},\"author\":{\"@id\":\"https:\\\/\\\/allasorias.hu\\\/hirek\\\/author\\\/admin-allasorias\\\/#author\"},\"creator\":{\"@id\":\"https:\\\/\\\/allasorias.hu\\\/hirek\\\/author\\\/admin-allasorias\\\/#author\"},\"image\":{\"@type\":\"ImageObject\",\"url\":\"https:\\\/\\\/allasorias.hu\\\/hirek\\\/wp-content\\\/uploads\\\/2023\\\/03\\\/kereset-statisztika.jpg\",\"@id\":\"https:\\\/\\\/allasorias.hu\\\/hirek\\\/mennyit-keresunk-valojaban\\\/#mainImage\",\"width\":1280,\"height\":855,\"caption\":\"Mennyit keres\\u00fcnk val\\u00f3j\\u00e1ban? - Allasorias.hu\\\/Hirek\"},\"primaryImageOfPage\":{\"@id\":\"https:\\\/\\\/allasorias.hu\\\/hirek\\\/mennyit-keresunk-valojaban\\\/#mainImage\"},\"datePublished\":\"2023-03-14T08:36:59+02:00\",\"dateModified\":\"2023-03-14T08:36:59+02:00\"},{\"@type\":\"WebSite\",\"@id\":\"https:\\\/\\\/allasorias.hu\\\/hirek\\\/#website\",\"url\":\"https:\\\/\\\/allasorias.hu\\\/hirek\\\/\",\"name\":\"AllasOrias.hu | H\\u00edrek-lapszemle\",\"description\":\"\\u00dczleti h\\u00edrek az \\u00e1ll\\u00e1s \\u00e9s a munka vil\\u00e1g\\u00e1b\\u00f3l\",\"inLanguage\":\"hu-HU\",\"publisher\":{\"@id\":\"https:\\\/\\\/allasorias.hu\\\/hirek\\\/#organization\"}}]}\n\t\t<\/script>\n\t\t<!-- All in One SEO -->\n\n","aioseo_head_json":{"title":"Mennyit keres\u00fcnk val\u00f3j\u00e1ban? | Allasorias.hu\/Hirek","description":"\u00dagy t\u0171nik a statisztik\u00e1k nem mindig a val\u00f3s k\u00e9pet mutatj\u00e1k, \u00edgy van ez a b\u00e9rek eset\u00e9ben is. Az elt\u00e9r\u0151 vizsg\u00e1lati m\u00f3dszertanok adj\u00e1k a m\u00e1s-m\u00e1s eredm\u00e9nyt.","canonical_url":"https:\/\/allasorias.hu\/hirek\/mennyit-keresunk-valojaban\/","robots":"max-image-preview:large","keywords":"kereset,statisztika","webmasterTools":{"miscellaneous":""},"schema":{"@context":"https:\/\/schema.org","@graph":[{"@type":"Article","@id":"https:\/\/allasorias.hu\/hirek\/mennyit-keresunk-valojaban\/#article","name":"Mennyit keres\u00fcnk val\u00f3j\u00e1ban? | Allasorias.hu\/Hirek","headline":"Mennyit keres\u00fcnk val\u00f3j\u00e1ban?","author":{"@id":"https:\/\/allasorias.hu\/hirek\/author\/admin-allasorias\/#author"},"publisher":{"@id":"https:\/\/allasorias.hu\/hirek\/#organization"},"image":{"@type":"ImageObject","url":"https:\/\/allasorias.hu\/hirek\/wp-content\/uploads\/2023\/03\/kereset-statisztika.jpg","width":1280,"height":855,"caption":"Mennyit keres\u00fcnk val\u00f3j\u00e1ban? - Allasorias.hu\/Hirek"},"datePublished":"2023-03-14T08:36:59+02:00","dateModified":"2023-03-14T08:36:59+02:00","inLanguage":"hu-HU","mainEntityOfPage":{"@id":"https:\/\/allasorias.hu\/hirek\/mennyit-keresunk-valojaban\/#webpage"},"isPartOf":{"@id":"https:\/\/allasorias.hu\/hirek\/mennyit-keresunk-valojaban\/#webpage"},"articleSection":"Munkaer\u0151piac, kereset, statisztika"},{"@type":"BreadcrumbList","@id":"https:\/\/allasorias.hu\/hirek\/mennyit-keresunk-valojaban\/#breadcrumblist","itemListElement":[{"@type":"ListItem","@id":"https:\/\/allasorias.hu\/hirek#listItem","position":1,"name":"Home","item":"https:\/\/allasorias.hu\/hirek","nextItem":{"@type":"ListItem","@id":"https:\/\/allasorias.hu\/hirek\/temak\/munkaeropiac\/#listItem","name":"Munkaer\u0151piac"}},{"@type":"ListItem","@id":"https:\/\/allasorias.hu\/hirek\/temak\/munkaeropiac\/#listItem","position":2,"name":"Munkaer\u0151piac","item":"https:\/\/allasorias.hu\/hirek\/temak\/munkaeropiac\/","nextItem":{"@type":"ListItem","@id":"https:\/\/allasorias.hu\/hirek\/mennyit-keresunk-valojaban\/#listItem","name":"Mennyit keres\u00fcnk val\u00f3j\u00e1ban?"},"previousItem":{"@type":"ListItem","@id":"https:\/\/allasorias.hu\/hirek#listItem","name":"Home"}},{"@type":"ListItem","@id":"https:\/\/allasorias.hu\/hirek\/mennyit-keresunk-valojaban\/#listItem","position":3,"name":"Mennyit keres\u00fcnk val\u00f3j\u00e1ban?","previousItem":{"@type":"ListItem","@id":"https:\/\/allasorias.hu\/hirek\/temak\/munkaeropiac\/#listItem","name":"Munkaer\u0151piac"}}]},{"@type":"Organization","@id":"https:\/\/allasorias.hu\/hirek\/#organization","name":"AllasOrias.hu | H\u00edrek-lapszemle","description":"\u00dczleti h\u00edrek az \u00e1ll\u00e1s \u00e9s a munka vil\u00e1g\u00e1b\u00f3l","url":"https:\/\/allasorias.hu\/hirek\/","logo":{"@type":"ImageObject","url":"https:\/\/allasorias.hu\/hirek\/wp-content\/uploads\/2022\/10\/allasorias_site_facebok_logo.png","@id":"https:\/\/allasorias.hu\/hirek\/mennyit-keresunk-valojaban\/#organizationLogo"},"image":{"@id":"https:\/\/allasorias.hu\/hirek\/mennyit-keresunk-valojaban\/#organizationLogo"},"sameAs":["https:\/\/www.facebook.com\/allasorias","https:\/\/www.linkedin.com\/company\/allasorias"]},{"@type":"Person","@id":"https:\/\/allasorias.hu\/hirek\/author\/admin-allasorias\/#author","url":"https:\/\/allasorias.hu\/hirek\/author\/admin-allasorias\/","name":"Juh\u00e1sz P\u00e9ter","image":{"@type":"ImageObject","@id":"https:\/\/allasorias.hu\/hirek\/mennyit-keresunk-valojaban\/#authorImage","url":"https:\/\/secure.gravatar.com\/avatar\/36e6bcb83148978b992977cb0f54d22feb0cce8a0a849a9410532bb2623ba4c6?s=96&d=mm&r=g","width":96,"height":96,"caption":"Juh\u00e1sz P\u00e9ter"}},{"@type":"WebPage","@id":"https:\/\/allasorias.hu\/hirek\/mennyit-keresunk-valojaban\/#webpage","url":"https:\/\/allasorias.hu\/hirek\/mennyit-keresunk-valojaban\/","name":"Mennyit keres\u00fcnk val\u00f3j\u00e1ban? | Allasorias.hu\/Hirek","description":"\u00dagy t\u0171nik a statisztik\u00e1k nem mindig a val\u00f3s k\u00e9pet mutatj\u00e1k, \u00edgy van ez a b\u00e9rek eset\u00e9ben is. Az elt\u00e9r\u0151 vizsg\u00e1lati m\u00f3dszertanok adj\u00e1k a m\u00e1s-m\u00e1s eredm\u00e9nyt.","inLanguage":"hu-HU","isPartOf":{"@id":"https:\/\/allasorias.hu\/hirek\/#website"},"breadcrumb":{"@id":"https:\/\/allasorias.hu\/hirek\/mennyit-keresunk-valojaban\/#breadcrumblist"},"author":{"@id":"https:\/\/allasorias.hu\/hirek\/author\/admin-allasorias\/#author"},"creator":{"@id":"https:\/\/allasorias.hu\/hirek\/author\/admin-allasorias\/#author"},"image":{"@type":"ImageObject","url":"https:\/\/allasorias.hu\/hirek\/wp-content\/uploads\/2023\/03\/kereset-statisztika.jpg","@id":"https:\/\/allasorias.hu\/hirek\/mennyit-keresunk-valojaban\/#mainImage","width":1280,"height":855,"caption":"Mennyit keres\u00fcnk val\u00f3j\u00e1ban? - Allasorias.hu\/Hirek"},"primaryImageOfPage":{"@id":"https:\/\/allasorias.hu\/hirek\/mennyit-keresunk-valojaban\/#mainImage"},"datePublished":"2023-03-14T08:36:59+02:00","dateModified":"2023-03-14T08:36:59+02:00"},{"@type":"WebSite","@id":"https:\/\/allasorias.hu\/hirek\/#website","url":"https:\/\/allasorias.hu\/hirek\/","name":"AllasOrias.hu | H\u00edrek-lapszemle","description":"\u00dczleti h\u00edrek az \u00e1ll\u00e1s \u00e9s a munka vil\u00e1g\u00e1b\u00f3l","inLanguage":"hu-HU","publisher":{"@id":"https:\/\/allasorias.hu\/hirek\/#organization"}}]},"og:locale":"hu_HU","og:site_name":"AllasOrias.hu | H\u00edrek-lapszemle | \u00dczleti h\u00edrek az \u00e1ll\u00e1s \u00e9s a munka vil\u00e1g\u00e1b\u00f3l","og:type":"article","og:title":"Mennyit keres\u00fcnk val\u00f3j\u00e1ban? | Allasorias.hu\/Hirek","og:description":"\u00dagy t\u0171nik a statisztik\u00e1k nem mindig a val\u00f3s k\u00e9pet mutatj\u00e1k, \u00edgy van ez a b\u00e9rek eset\u00e9ben is. Az elt\u00e9r\u0151 vizsg\u00e1lati m\u00f3dszertanok adj\u00e1k a m\u00e1s-m\u00e1s eredm\u00e9nyt.","og:url":"https:\/\/allasorias.hu\/hirek\/mennyit-keresunk-valojaban\/","og:image":"https:\/\/allasorias.hu\/hirek\/wp-content\/uploads\/2023\/03\/kereset-statisztika.jpg","og:image:secure_url":"https:\/\/allasorias.hu\/hirek\/wp-content\/uploads\/2023\/03\/kereset-statisztika.jpg","og:image:width":1280,"og:image:height":855,"article:published_time":"2023-03-14T08:36:59+00:00","article:modified_time":"2023-03-14T08:36:59+00:00","article:publisher":"https:\/\/www.facebook.com\/allasorias","twitter:card":"summary_large_image","twitter:title":"Mennyit keres\u00fcnk val\u00f3j\u00e1ban? | Allasorias.hu\/Hirek","twitter:description":"\u00dagy t\u0171nik a statisztik\u00e1k nem mindig a val\u00f3s k\u00e9pet mutatj\u00e1k, \u00edgy van ez a b\u00e9rek eset\u00e9ben is. Az elt\u00e9r\u0151 vizsg\u00e1lati m\u00f3dszertanok adj\u00e1k a m\u00e1s-m\u00e1s eredm\u00e9nyt.","twitter:image":"https:\/\/allasorias.hu\/hirek\/wp-content\/uploads\/2023\/03\/kereset-statisztika.jpg","twitter:label1":"Written by","twitter:data1":"Juh\u00e1sz P\u00e9ter","twitter:label2":"Est. reading time","twitter:data2":"3 minutes"},"aioseo_meta_data":{"post_id":"6313","title":"#post_title | Allasorias.hu\/Hirek","description":"\u00dagy t\u0171nik a statisztik\u00e1k nem mindig a val\u00f3s k\u00e9pet mutatj\u00e1k, \u00edgy van ez a b\u00e9rek eset\u00e9ben is. Az elt\u00e9r\u0151 vizsg\u00e1lati m\u00f3dszertanok adj\u00e1k a m\u00e1s-m\u00e1s eredm\u00e9nyt.","keywords":[],"keyphrases":{"focus":{"keyphrase":"","score":0,"analysis":{"keyphraseInTitle":{"score":0,"maxScore":9,"error":1}}},"additional":[]},"primary_term":null,"canonical_url":null,"og_title":null,"og_description":null,"og_object_type":"default","og_image_type":"default","og_image_url":null,"og_image_width":null,"og_image_height":null,"og_image_custom_url":null,"og_image_custom_fields":null,"og_video":"","og_custom_url":null,"og_article_section":null,"og_article_tags":[],"twitter_use_og":true,"twitter_card":"default","twitter_image_type":"default","twitter_image_url":null,"twitter_image_custom_url":null,"twitter_image_custom_fields":null,"twitter_title":null,"twitter_description":null,"schema":{"blockGraphs":[],"customGraphs":[],"default":{"data":{"Article":[],"Course":[],"Dataset":[],"FAQPage":[],"Movie":[],"Person":[],"Product":[],"ProductReview":[],"Car":[],"Recipe":[],"Service":[],"SoftwareApplication":[],"WebPage":[]},"graphName":"Article","isEnabled":true},"graphs":[]},"schema_type":"default","schema_type_options":null,"pillar_content":false,"robots_default":true,"robots_noindex":false,"robots_noarchive":false,"robots_nosnippet":false,"robots_nofollow":false,"robots_noimageindex":false,"robots_noodp":false,"robots_notranslate":false,"robots_max_snippet":"-1","robots_max_videopreview":"-1","robots_max_imagepreview":"large","priority":null,"frequency":"default","location":null,"local_seo":null,"breadcrumb_settings":null,"limit_modified_date":false,"ai":null,"created":"2023-03-14 08:12:28","updated":"2025-10-02 18:12:01","seo_analyzer_scan_date":null,"focus_keyword":null,"additional_keywords":null,"truseo_locale":null},"aioseo_breadcrumb":"<div class=\"aioseo-breadcrumbs\"><span class=\"aioseo-breadcrumb\">\n\t\t\t<a href=\"https:\/\/allasorias.hu\/hirek\" title=\"Home\">Home<\/a>\n\t\t<\/span><span class=\"aioseo-breadcrumb-separator\">&raquo;<\/span><span class=\"aioseo-breadcrumb\">\n\t\t\t<a href=\"https:\/\/allasorias.hu\/hirek\/temak\/munkaeropiac\/\" title=\"Munkaer\u0151piac\">Munkaer\u0151piac<\/a>\n\t\t<\/span><span class=\"aioseo-breadcrumb-separator\">&raquo;<\/span><span class=\"aioseo-breadcrumb\">\n\t\t\tMennyit keres\u00fcnk val\u00f3j\u00e1ban?\n\t\t<\/span><\/div>","aioseo_breadcrumb_json":[{"label":"Home","link":"https:\/\/allasorias.hu\/hirek"},{"label":"Munkaer\u0151piac","link":"https:\/\/allasorias.hu\/hirek\/temak\/munkaeropiac\/"},{"label":"Mennyit keres\u00fcnk val\u00f3j\u00e1ban?","link":"https:\/\/allasorias.hu\/hirek\/mennyit-keresunk-valojaban\/"}],"_links":{"self":[{"href":"https:\/\/allasorias.hu\/hirek\/wp-json\/wp\/v2\/posts\/6313","targetHints":{"allow":["GET"]}}],"collection":[{"href":"https:\/\/allasorias.hu\/hirek\/wp-json\/wp\/v2\/posts"}],"about":[{"href":"https:\/\/allasorias.hu\/hirek\/wp-json\/wp\/v2\/types\/post"}],"author":[{"embeddable":true,"href":"https:\/\/allasorias.hu\/hirek\/wp-json\/wp\/v2\/users\/1"}],"replies":[{"embeddable":true,"href":"https:\/\/allasorias.hu\/hirek\/wp-json\/wp\/v2\/comments?post=6313"}],"version-history":[{"count":1,"href":"https:\/\/allasorias.hu\/hirek\/wp-json\/wp\/v2\/posts\/6313\/revisions"}],"predecessor-version":[{"id":6315,"href":"https:\/\/allasorias.hu\/hirek\/wp-json\/wp\/v2\/posts\/6313\/revisions\/6315"}],"wp:featuredmedia":[{"embeddable":true,"href":"https:\/\/allasorias.hu\/hirek\/wp-json\/wp\/v2\/media\/6314"}],"wp:attachment":[{"href":"https:\/\/allasorias.hu\/hirek\/wp-json\/wp\/v2\/media?parent=6313"}],"wp:term":[{"taxonomy":"category","embeddable":true,"href":"https:\/\/allasorias.hu\/hirek\/wp-json\/wp\/v2\/categories?post=6313"},{"taxonomy":"post_tag","embeddable":true,"href":"https:\/\/allasorias.hu\/hirek\/wp-json\/wp\/v2\/tags?post=6313"}],"curies":[{"name":"wp","href":"https:\/\/api.w.org\/{rel}","templated":true}]}}