{"id":6306,"date":"2023-03-10T09:37:17","date_gmt":"2023-03-10T09:37:17","guid":{"rendered":"https:\/\/allasorias.hu\/hirek\/?p=6306"},"modified":"2025-05-09T15:37:20","modified_gmt":"2025-05-09T13:37:20","slug":"magyarorszagon-a-legiforgalom-iranyitok-keresnek-a-legtobbet","status":"publish","type":"post","link":"https:\/\/allasorias.hu\/hirek\/magyarorszagon-a-legiforgalom-iranyitok-keresnek-a-legtobbet\/","title":{"rendered":"Magyarorsz\u00e1gon a l\u00e9giforgalom ir\u00e1ny\u00edt\u00f3k keresnek a legt\u00f6bbet"},"content":{"rendered":"<p><strong>Haz\u00e1nkban legt\u00f6bbet a l\u00e9gi forgalmi \u00a0ir\u00e1ny\u00edt\u00f3k keresnek, \u0151ket a szakorvosok k\u00f6vetik, majd k\u00f6vetkeznek az \u00e1llamtitk\u00e1rok. A l\u00e9gi forgalmi ir\u00e1ny\u00edt\u00f3kat egy\u00e9bk\u00e9nt k\u00e9t \u00e9v alatt k\u00e9pzik ki.<\/strong><\/p>\n<p>A K\u00f6zponti Statisztikai Hivatal (KSH) list\u00e1ba szedte azokat a foglalkoz\u00e1sokat, amelyekkel most a legt\u00f6bb p\u00e9nzt lehet keresni Magyarorsz\u00e1gon. A hivatal a 2022-es \u00e9v brutt\u00f3 <a href=\"https:\/\/allasorias.hu\/hirek\/nott-az-atlagkereset-magyarorszagon-a-ksh-szerint\/\">\u00e1tlagkereseteit<\/a> \u00f6sszes\u00edtette. Az els\u0151 helyen a <strong>l\u00e9gi forgalmi ir\u00e1ny\u00edt\u00f3k<\/strong> \u00e1llnak, eset\u00fckben a brutt\u00f3 \u00e1tlagkereset majdnem el\u00e9ri a k\u00e9tmilli\u00f3 forintot. A m\u00e1sodik helyen a <strong>szakorvosok<\/strong> \u00e1llnak 1,7 milli\u00f3 forint brutt\u00f3 \u00e1tlagkeresettel, de a <strong>miniszterek<\/strong>, az <strong>\u00e1llamtitk\u00e1rok<\/strong> \u00e9s a <strong>t\u00f6rv\u00e9nyhoz\u00f3k<\/strong> is nagyon j\u00f3l keresnek, \u0151k 1,6 milli\u00f3 forint brutt\u00f3 \u00e1tlagkeresettel sz\u00e1molhatnak &#8211; \u00edrja a KSH adatai alapj\u00e1n az Index.hu.<\/p>\n<p>L\u00e9gi forgalmi ir\u00e1ny\u00edt\u00f3kat a HungaroControl Zrt. k\u00e9pez ki itthon. Az \u00e1llami c\u00e9g t\u00e1j\u00e9koztat\u00e1sa szerint az \u00e1ll\u00e1s bet\u00f6lt\u00e9s\u00e9hez a kiv\u00e1laszt\u00e1s sor\u00e1n felm\u00e9rik a jelentkez\u0151k kognit\u00edv k\u00e9pess\u00e9geit, angolnyelv tud\u00e1s\u00e1t, gondolkod\u00e1sm\u00f3dj\u00e1t, d\u00f6nt\u00e9shozatali k\u00e9pess\u00e9geit. A HungaroControl k\u00e9pz\u00e9se 24 h\u00f3napig tart, ami mellett ak\u00e1r dolgozni is lehet, b\u00e1r a v\u00e1llalat ezt nem tan\u00e1csolja a jelentkez\u0151knek.<\/p>\n<p>Forr\u00e1s: <a href=\"https:\/\/index.hu\/belfold\/2023\/03\/09\/allas-fizetes-forint-penz-legiforgalom-ksh-lista\/\" target=\"_blank\" rel=\"nofollow noopener\">index.hu<\/a>, atv.hu<\/p>\n","protected":false},"excerpt":{"rendered":"<p>Haz\u00e1nkban legt\u00f6bbet a l\u00e9gi forgalmi \u00a0ir\u00e1ny\u00edt\u00f3k keresnek, \u0151ket a szakorvosok k\u00f6vetik, majd k\u00f6vetkeznek az \u00e1llamtitk\u00e1rok. A l\u00e9gi forgalmi ir\u00e1ny\u00edt\u00f3kat egy\u00e9bk\u00e9nt k\u00e9t \u00e9v alatt k\u00e9pzik ki. A K\u00f6zponti Statisztikai Hivatal (KSH) list\u00e1ba szedte azokat a foglalkoz\u00e1sokat, amelyekkel most a legt\u00f6bb p\u00e9nzt lehet keresni Magyarorsz\u00e1gon. A hivatal a 2022-es \u00e9v brutt\u00f3 \u00e1tlagkereseteit \u00f6sszes\u00edtette. Az els\u0151 helyen a [&hellip;]<\/p>\n","protected":false},"author":1,"featured_media":6307,"comment_status":"closed","ping_status":"closed","sticky":false,"template":"","format":"standard","meta":{"_monsterinsights_skip_tracking":false,"footnotes":""},"categories":[200],"tags":[330,425],"class_list":["post-6306","post","type-post","status-publish","format-standard","has-post-thumbnail","hentry","category-munkaeropiac","tag-atlagkereset","tag-legiforgalom-iranyitok"],"aioseo_notices":[],"aioseo_head":"\n\t\t<!-- All in One SEO 5.0.0.1 - aioseo.com -->\n\t<meta name=\"description\" content=\"Haz\u00e1nkban legt\u00f6bbet a l\u00e9gi forgalmi ir\u00e1ny\u00edt\u00f3k keresnek, \u0151ket a szakorvosok k\u00f6vetik, majd k\u00f6vetkeznek az \u00e1llamtitk\u00e1rok.\" \/>\n\t<meta name=\"robots\" content=\"max-image-preview:large\" \/>\n\t<meta name=\"author\" content=\"Juh\u00e1sz P\u00e9ter\"\/>\n\t<meta name=\"keywords\" content=\"\u00e1tlagkereset,l\u00e9giforgalom ir\u00e1ny\u00edt\u00f3k\" \/>\n\t<link rel=\"canonical\" href=\"https:\/\/allasorias.hu\/hirek\/magyarorszagon-a-legiforgalom-iranyitok-keresnek-a-legtobbet\/\" \/>\n\t<meta name=\"generator\" content=\"All in One SEO (AIOSEO) 5.0.0.1\" \/>\n\t\t<meta property=\"og:locale\" content=\"hu_HU\" \/>\n\t\t<meta property=\"og:site_name\" content=\"AllasOrias.hu | H\u00edrek-lapszemle | \u00dczleti h\u00edrek az \u00e1ll\u00e1s \u00e9s a munka vil\u00e1g\u00e1b\u00f3l\" \/>\n\t\t<meta property=\"og:type\" content=\"article\" \/>\n\t\t<meta property=\"og:title\" content=\"L\u00e9giforgalmi ir\u00e1ny\u00edt\u00f3k keresnek a legt\u00f6bbet\" \/>\n\t\t<meta property=\"og:description\" content=\"Haz\u00e1nkban legt\u00f6bbet a l\u00e9gi forgalmi ir\u00e1ny\u00edt\u00f3k keresnek, \u0151ket a szakorvosok k\u00f6vetik, majd k\u00f6vetkeznek az \u00e1llamtitk\u00e1rok.\" \/>\n\t\t<meta property=\"og:url\" content=\"https:\/\/allasorias.hu\/hirek\/magyarorszagon-a-legiforgalom-iranyitok-keresnek-a-legtobbet\/\" \/>\n\t\t<meta property=\"og:image\" content=\"https:\/\/allasorias.hu\/hirek\/wp-content\/uploads\/2023\/03\/legiforgalom-iranyitas.jpg\" \/>\n\t\t<meta property=\"og:image:secure_url\" content=\"https:\/\/allasorias.hu\/hirek\/wp-content\/uploads\/2023\/03\/legiforgalom-iranyitas.jpg\" \/>\n\t\t<meta property=\"og:image:width\" content=\"1280\" \/>\n\t\t<meta property=\"og:image:height\" content=\"855\" \/>\n\t\t<meta property=\"article:published_time\" content=\"2023-03-10T09:37:17+00:00\" \/>\n\t\t<meta property=\"article:modified_time\" content=\"2025-05-09T13:37:20+00:00\" \/>\n\t\t<meta property=\"article:publisher\" content=\"https:\/\/www.facebook.com\/allasorias\" \/>\n\t\t<meta name=\"twitter:card\" content=\"summary_large_image\" \/>\n\t\t<meta name=\"twitter:title\" content=\"L\u00e9giforgalmi ir\u00e1ny\u00edt\u00f3k keresnek a legt\u00f6bbet\" \/>\n\t\t<meta name=\"twitter:description\" content=\"Haz\u00e1nkban legt\u00f6bbet a l\u00e9gi forgalmi ir\u00e1ny\u00edt\u00f3k keresnek, \u0151ket a szakorvosok k\u00f6vetik, majd k\u00f6vetkeznek az \u00e1llamtitk\u00e1rok.\" \/>\n\t\t<meta name=\"twitter:image\" content=\"https:\/\/allasorias.hu\/hirek\/wp-content\/uploads\/2023\/03\/legiforgalom-iranyitas.jpg\" \/>\n\t\t<meta name=\"twitter:label1\" content=\"Written by\" \/>\n\t\t<meta name=\"twitter:data1\" content=\"Juh\u00e1sz P\u00e9ter\" \/>\n\t\t<meta name=\"twitter:label2\" content=\"Est. reading time\" \/>\n\t\t<meta name=\"twitter:data2\" content=\"1 minute\" \/>\n\t\t<script type=\"application\/ld+json\" class=\"aioseo-schema\">\n\t\t\t{\"@context\":\"https:\\\/\\\/schema.org\",\"@graph\":[{\"@type\":\"Article\",\"@id\":\"https:\\\/\\\/allasorias.hu\\\/hirek\\\/magyarorszagon-a-legiforgalom-iranyitok-keresnek-a-legtobbet\\\/#article\",\"name\":\"L\\u00e9giforgalmi ir\\u00e1ny\\u00edt\\u00f3k keresnek a legt\\u00f6bbet\",\"headline\":\"Magyarorsz\\u00e1gon a l\\u00e9giforgalom ir\\u00e1ny\\u00edt\\u00f3k keresnek a legt\\u00f6bbet\",\"author\":{\"@id\":\"https:\\\/\\\/allasorias.hu\\\/hirek\\\/author\\\/admin-allasorias\\\/#author\"},\"publisher\":{\"@id\":\"https:\\\/\\\/allasorias.hu\\\/hirek\\\/#organization\"},\"image\":{\"@type\":\"ImageObject\",\"url\":\"https:\\\/\\\/allasorias.hu\\\/hirek\\\/wp-content\\\/uploads\\\/2023\\\/03\\\/legiforgalom-iranyitas.jpg\",\"width\":1280,\"height\":855,\"caption\":\"Magyarorsz\\u00e1gon a l\\u00e9giforgalom ir\\u00e1ny\\u00edt\\u00f3k keresnek a legt\\u00f6bbet - Allasorias.hu\\\/Hirek\"},\"datePublished\":\"2023-03-10T09:37:17+02:00\",\"dateModified\":\"2025-05-09T15:37:20+02:00\",\"inLanguage\":\"hu-HU\",\"mainEntityOfPage\":{\"@id\":\"https:\\\/\\\/allasorias.hu\\\/hirek\\\/magyarorszagon-a-legiforgalom-iranyitok-keresnek-a-legtobbet\\\/#webpage\"},\"isPartOf\":{\"@id\":\"https:\\\/\\\/allasorias.hu\\\/hirek\\\/magyarorszagon-a-legiforgalom-iranyitok-keresnek-a-legtobbet\\\/#webpage\"},\"articleSection\":\"Munkaer\\u0151piac, \\u00e1tlagkereset, l\\u00e9giforgalom ir\\u00e1ny\\u00edt\\u00f3k\"},{\"@type\":\"BreadcrumbList\",\"@id\":\"https:\\\/\\\/allasorias.hu\\\/hirek\\\/magyarorszagon-a-legiforgalom-iranyitok-keresnek-a-legtobbet\\\/#breadcrumblist\",\"itemListElement\":[{\"@type\":\"ListItem\",\"@id\":\"https:\\\/\\\/allasorias.hu\\\/hirek#listItem\",\"position\":1,\"name\":\"Home\",\"item\":\"https:\\\/\\\/allasorias.hu\\\/hirek\",\"nextItem\":{\"@type\":\"ListItem\",\"@id\":\"https:\\\/\\\/allasorias.hu\\\/hirek\\\/temak\\\/munkaeropiac\\\/#listItem\",\"name\":\"Munkaer\\u0151piac\"}},{\"@type\":\"ListItem\",\"@id\":\"https:\\\/\\\/allasorias.hu\\\/hirek\\\/temak\\\/munkaeropiac\\\/#listItem\",\"position\":2,\"name\":\"Munkaer\\u0151piac\",\"item\":\"https:\\\/\\\/allasorias.hu\\\/hirek\\\/temak\\\/munkaeropiac\\\/\",\"nextItem\":{\"@type\":\"ListItem\",\"@id\":\"https:\\\/\\\/allasorias.hu\\\/hirek\\\/magyarorszagon-a-legiforgalom-iranyitok-keresnek-a-legtobbet\\\/#listItem\",\"name\":\"Magyarorsz\\u00e1gon a l\\u00e9giforgalom ir\\u00e1ny\\u00edt\\u00f3k keresnek a legt\\u00f6bbet\"},\"previousItem\":{\"@type\":\"ListItem\",\"@id\":\"https:\\\/\\\/allasorias.hu\\\/hirek#listItem\",\"name\":\"Home\"}},{\"@type\":\"ListItem\",\"@id\":\"https:\\\/\\\/allasorias.hu\\\/hirek\\\/magyarorszagon-a-legiforgalom-iranyitok-keresnek-a-legtobbet\\\/#listItem\",\"position\":3,\"name\":\"Magyarorsz\\u00e1gon a l\\u00e9giforgalom ir\\u00e1ny\\u00edt\\u00f3k keresnek a legt\\u00f6bbet\",\"previousItem\":{\"@type\":\"ListItem\",\"@id\":\"https:\\\/\\\/allasorias.hu\\\/hirek\\\/temak\\\/munkaeropiac\\\/#listItem\",\"name\":\"Munkaer\\u0151piac\"}}]},{\"@type\":\"Organization\",\"@id\":\"https:\\\/\\\/allasorias.hu\\\/hirek\\\/#organization\",\"name\":\"AllasOrias.hu | H\\u00edrek-lapszemle\",\"description\":\"\\u00dczleti h\\u00edrek az \\u00e1ll\\u00e1s \\u00e9s a munka vil\\u00e1g\\u00e1b\\u00f3l\",\"url\":\"https:\\\/\\\/allasorias.hu\\\/hirek\\\/\",\"logo\":{\"@type\":\"ImageObject\",\"url\":\"https:\\\/\\\/allasorias.hu\\\/hirek\\\/wp-content\\\/uploads\\\/2022\\\/10\\\/allasorias_site_facebok_logo.png\",\"@id\":\"https:\\\/\\\/allasorias.hu\\\/hirek\\\/magyarorszagon-a-legiforgalom-iranyitok-keresnek-a-legtobbet\\\/#organizationLogo\"},\"image\":{\"@id\":\"https:\\\/\\\/allasorias.hu\\\/hirek\\\/magyarorszagon-a-legiforgalom-iranyitok-keresnek-a-legtobbet\\\/#organizationLogo\"},\"sameAs\":[\"https:\\\/\\\/www.facebook.com\\\/allasorias\",\"https:\\\/\\\/www.linkedin.com\\\/company\\\/allasorias\"]},{\"@type\":\"Person\",\"@id\":\"https:\\\/\\\/allasorias.hu\\\/hirek\\\/author\\\/admin-allasorias\\\/#author\",\"url\":\"https:\\\/\\\/allasorias.hu\\\/hirek\\\/author\\\/admin-allasorias\\\/\",\"name\":\"Juh\\u00e1sz P\\u00e9ter\",\"image\":{\"@type\":\"ImageObject\",\"@id\":\"https:\\\/\\\/allasorias.hu\\\/hirek\\\/magyarorszagon-a-legiforgalom-iranyitok-keresnek-a-legtobbet\\\/#authorImage\",\"url\":\"https:\\\/\\\/secure.gravatar.com\\\/avatar\\\/36e6bcb83148978b992977cb0f54d22feb0cce8a0a849a9410532bb2623ba4c6?s=96&d=mm&r=g\",\"width\":96,\"height\":96,\"caption\":\"Juh\\u00e1sz P\\u00e9ter\"}},{\"@type\":\"WebPage\",\"@id\":\"https:\\\/\\\/allasorias.hu\\\/hirek\\\/magyarorszagon-a-legiforgalom-iranyitok-keresnek-a-legtobbet\\\/#webpage\",\"url\":\"https:\\\/\\\/allasorias.hu\\\/hirek\\\/magyarorszagon-a-legiforgalom-iranyitok-keresnek-a-legtobbet\\\/\",\"name\":\"L\\u00e9giforgalmi ir\\u00e1ny\\u00edt\\u00f3k keresnek a legt\\u00f6bbet\",\"description\":\"Haz\\u00e1nkban legt\\u00f6bbet a l\\u00e9gi forgalmi ir\\u00e1ny\\u00edt\\u00f3k keresnek, \\u0151ket a szakorvosok k\\u00f6vetik, majd k\\u00f6vetkeznek az \\u00e1llamtitk\\u00e1rok.\",\"inLanguage\":\"hu-HU\",\"isPartOf\":{\"@id\":\"https:\\\/\\\/allasorias.hu\\\/hirek\\\/#website\"},\"breadcrumb\":{\"@id\":\"https:\\\/\\\/allasorias.hu\\\/hirek\\\/magyarorszagon-a-legiforgalom-iranyitok-keresnek-a-legtobbet\\\/#breadcrumblist\"},\"author\":{\"@id\":\"https:\\\/\\\/allasorias.hu\\\/hirek\\\/author\\\/admin-allasorias\\\/#author\"},\"creator\":{\"@id\":\"https:\\\/\\\/allasorias.hu\\\/hirek\\\/author\\\/admin-allasorias\\\/#author\"},\"image\":{\"@type\":\"ImageObject\",\"url\":\"https:\\\/\\\/allasorias.hu\\\/hirek\\\/wp-content\\\/uploads\\\/2023\\\/03\\\/legiforgalom-iranyitas.jpg\",\"@id\":\"https:\\\/\\\/allasorias.hu\\\/hirek\\\/magyarorszagon-a-legiforgalom-iranyitok-keresnek-a-legtobbet\\\/#mainImage\",\"width\":1280,\"height\":855,\"caption\":\"Magyarorsz\\u00e1gon a l\\u00e9giforgalom ir\\u00e1ny\\u00edt\\u00f3k keresnek a legt\\u00f6bbet - Allasorias.hu\\\/Hirek\"},\"primaryImageOfPage\":{\"@id\":\"https:\\\/\\\/allasorias.hu\\\/hirek\\\/magyarorszagon-a-legiforgalom-iranyitok-keresnek-a-legtobbet\\\/#mainImage\"},\"datePublished\":\"2023-03-10T09:37:17+02:00\",\"dateModified\":\"2025-05-09T15:37:20+02:00\"},{\"@type\":\"WebSite\",\"@id\":\"https:\\\/\\\/allasorias.hu\\\/hirek\\\/#website\",\"url\":\"https:\\\/\\\/allasorias.hu\\\/hirek\\\/\",\"name\":\"AllasOrias.hu | H\\u00edrek-lapszemle\",\"description\":\"\\u00dczleti h\\u00edrek az \\u00e1ll\\u00e1s \\u00e9s a munka vil\\u00e1g\\u00e1b\\u00f3l\",\"inLanguage\":\"hu-HU\",\"publisher\":{\"@id\":\"https:\\\/\\\/allasorias.hu\\\/hirek\\\/#organization\"}}]}\n\t\t<\/script>\n\t\t<!-- All in One SEO -->\n\n","aioseo_head_json":{"title":"L\u00e9giforgalmi ir\u00e1ny\u00edt\u00f3k keresnek a legt\u00f6bbet","description":"Haz\u00e1nkban legt\u00f6bbet a l\u00e9gi forgalmi ir\u00e1ny\u00edt\u00f3k keresnek, \u0151ket a szakorvosok k\u00f6vetik, majd k\u00f6vetkeznek az \u00e1llamtitk\u00e1rok.","canonical_url":"https:\/\/allasorias.hu\/hirek\/magyarorszagon-a-legiforgalom-iranyitok-keresnek-a-legtobbet\/","robots":"max-image-preview:large","keywords":"\u00e1tlagkereset,l\u00e9giforgalom ir\u00e1ny\u00edt\u00f3k","webmasterTools":{"miscellaneous":""},"schema":{"@context":"https:\/\/schema.org","@graph":[{"@type":"Article","@id":"https:\/\/allasorias.hu\/hirek\/magyarorszagon-a-legiforgalom-iranyitok-keresnek-a-legtobbet\/#article","name":"L\u00e9giforgalmi ir\u00e1ny\u00edt\u00f3k keresnek a legt\u00f6bbet","headline":"Magyarorsz\u00e1gon a l\u00e9giforgalom ir\u00e1ny\u00edt\u00f3k keresnek a legt\u00f6bbet","author":{"@id":"https:\/\/allasorias.hu\/hirek\/author\/admin-allasorias\/#author"},"publisher":{"@id":"https:\/\/allasorias.hu\/hirek\/#organization"},"image":{"@type":"ImageObject","url":"https:\/\/allasorias.hu\/hirek\/wp-content\/uploads\/2023\/03\/legiforgalom-iranyitas.jpg","width":1280,"height":855,"caption":"Magyarorsz\u00e1gon a l\u00e9giforgalom ir\u00e1ny\u00edt\u00f3k keresnek a legt\u00f6bbet - Allasorias.hu\/Hirek"},"datePublished":"2023-03-10T09:37:17+02:00","dateModified":"2025-05-09T15:37:20+02:00","inLanguage":"hu-HU","mainEntityOfPage":{"@id":"https:\/\/allasorias.hu\/hirek\/magyarorszagon-a-legiforgalom-iranyitok-keresnek-a-legtobbet\/#webpage"},"isPartOf":{"@id":"https:\/\/allasorias.hu\/hirek\/magyarorszagon-a-legiforgalom-iranyitok-keresnek-a-legtobbet\/#webpage"},"articleSection":"Munkaer\u0151piac, \u00e1tlagkereset, l\u00e9giforgalom ir\u00e1ny\u00edt\u00f3k"},{"@type":"BreadcrumbList","@id":"https:\/\/allasorias.hu\/hirek\/magyarorszagon-a-legiforgalom-iranyitok-keresnek-a-legtobbet\/#breadcrumblist","itemListElement":[{"@type":"ListItem","@id":"https:\/\/allasorias.hu\/hirek#listItem","position":1,"name":"Home","item":"https:\/\/allasorias.hu\/hirek","nextItem":{"@type":"ListItem","@id":"https:\/\/allasorias.hu\/hirek\/temak\/munkaeropiac\/#listItem","name":"Munkaer\u0151piac"}},{"@type":"ListItem","@id":"https:\/\/allasorias.hu\/hirek\/temak\/munkaeropiac\/#listItem","position":2,"name":"Munkaer\u0151piac","item":"https:\/\/allasorias.hu\/hirek\/temak\/munkaeropiac\/","nextItem":{"@type":"ListItem","@id":"https:\/\/allasorias.hu\/hirek\/magyarorszagon-a-legiforgalom-iranyitok-keresnek-a-legtobbet\/#listItem","name":"Magyarorsz\u00e1gon a l\u00e9giforgalom ir\u00e1ny\u00edt\u00f3k keresnek a legt\u00f6bbet"},"previousItem":{"@type":"ListItem","@id":"https:\/\/allasorias.hu\/hirek#listItem","name":"Home"}},{"@type":"ListItem","@id":"https:\/\/allasorias.hu\/hirek\/magyarorszagon-a-legiforgalom-iranyitok-keresnek-a-legtobbet\/#listItem","position":3,"name":"Magyarorsz\u00e1gon a l\u00e9giforgalom ir\u00e1ny\u00edt\u00f3k keresnek a legt\u00f6bbet","previousItem":{"@type":"ListItem","@id":"https:\/\/allasorias.hu\/hirek\/temak\/munkaeropiac\/#listItem","name":"Munkaer\u0151piac"}}]},{"@type":"Organization","@id":"https:\/\/allasorias.hu\/hirek\/#organization","name":"AllasOrias.hu | H\u00edrek-lapszemle","description":"\u00dczleti h\u00edrek az \u00e1ll\u00e1s \u00e9s a munka vil\u00e1g\u00e1b\u00f3l","url":"https:\/\/allasorias.hu\/hirek\/","logo":{"@type":"ImageObject","url":"https:\/\/allasorias.hu\/hirek\/wp-content\/uploads\/2022\/10\/allasorias_site_facebok_logo.png","@id":"https:\/\/allasorias.hu\/hirek\/magyarorszagon-a-legiforgalom-iranyitok-keresnek-a-legtobbet\/#organizationLogo"},"image":{"@id":"https:\/\/allasorias.hu\/hirek\/magyarorszagon-a-legiforgalom-iranyitok-keresnek-a-legtobbet\/#organizationLogo"},"sameAs":["https:\/\/www.facebook.com\/allasorias","https:\/\/www.linkedin.com\/company\/allasorias"]},{"@type":"Person","@id":"https:\/\/allasorias.hu\/hirek\/author\/admin-allasorias\/#author","url":"https:\/\/allasorias.hu\/hirek\/author\/admin-allasorias\/","name":"Juh\u00e1sz P\u00e9ter","image":{"@type":"ImageObject","@id":"https:\/\/allasorias.hu\/hirek\/magyarorszagon-a-legiforgalom-iranyitok-keresnek-a-legtobbet\/#authorImage","url":"https:\/\/secure.gravatar.com\/avatar\/36e6bcb83148978b992977cb0f54d22feb0cce8a0a849a9410532bb2623ba4c6?s=96&d=mm&r=g","width":96,"height":96,"caption":"Juh\u00e1sz P\u00e9ter"}},{"@type":"WebPage","@id":"https:\/\/allasorias.hu\/hirek\/magyarorszagon-a-legiforgalom-iranyitok-keresnek-a-legtobbet\/#webpage","url":"https:\/\/allasorias.hu\/hirek\/magyarorszagon-a-legiforgalom-iranyitok-keresnek-a-legtobbet\/","name":"L\u00e9giforgalmi ir\u00e1ny\u00edt\u00f3k keresnek a legt\u00f6bbet","description":"Haz\u00e1nkban legt\u00f6bbet a l\u00e9gi forgalmi ir\u00e1ny\u00edt\u00f3k keresnek, \u0151ket a szakorvosok k\u00f6vetik, majd k\u00f6vetkeznek az \u00e1llamtitk\u00e1rok.","inLanguage":"hu-HU","isPartOf":{"@id":"https:\/\/allasorias.hu\/hirek\/#website"},"breadcrumb":{"@id":"https:\/\/allasorias.hu\/hirek\/magyarorszagon-a-legiforgalom-iranyitok-keresnek-a-legtobbet\/#breadcrumblist"},"author":{"@id":"https:\/\/allasorias.hu\/hirek\/author\/admin-allasorias\/#author"},"creator":{"@id":"https:\/\/allasorias.hu\/hirek\/author\/admin-allasorias\/#author"},"image":{"@type":"ImageObject","url":"https:\/\/allasorias.hu\/hirek\/wp-content\/uploads\/2023\/03\/legiforgalom-iranyitas.jpg","@id":"https:\/\/allasorias.hu\/hirek\/magyarorszagon-a-legiforgalom-iranyitok-keresnek-a-legtobbet\/#mainImage","width":1280,"height":855,"caption":"Magyarorsz\u00e1gon a l\u00e9giforgalom ir\u00e1ny\u00edt\u00f3k keresnek a legt\u00f6bbet - Allasorias.hu\/Hirek"},"primaryImageOfPage":{"@id":"https:\/\/allasorias.hu\/hirek\/magyarorszagon-a-legiforgalom-iranyitok-keresnek-a-legtobbet\/#mainImage"},"datePublished":"2023-03-10T09:37:17+02:00","dateModified":"2025-05-09T15:37:20+02:00"},{"@type":"WebSite","@id":"https:\/\/allasorias.hu\/hirek\/#website","url":"https:\/\/allasorias.hu\/hirek\/","name":"AllasOrias.hu | H\u00edrek-lapszemle","description":"\u00dczleti h\u00edrek az \u00e1ll\u00e1s \u00e9s a munka vil\u00e1g\u00e1b\u00f3l","inLanguage":"hu-HU","publisher":{"@id":"https:\/\/allasorias.hu\/hirek\/#organization"}}]},"og:locale":"hu_HU","og:site_name":"AllasOrias.hu | H\u00edrek-lapszemle | \u00dczleti h\u00edrek az \u00e1ll\u00e1s \u00e9s a munka vil\u00e1g\u00e1b\u00f3l","og:type":"article","og:title":"L\u00e9giforgalmi ir\u00e1ny\u00edt\u00f3k keresnek a legt\u00f6bbet","og:description":"Haz\u00e1nkban legt\u00f6bbet a l\u00e9gi forgalmi ir\u00e1ny\u00edt\u00f3k keresnek, \u0151ket a szakorvosok k\u00f6vetik, majd k\u00f6vetkeznek az \u00e1llamtitk\u00e1rok.","og:url":"https:\/\/allasorias.hu\/hirek\/magyarorszagon-a-legiforgalom-iranyitok-keresnek-a-legtobbet\/","og:image":"https:\/\/allasorias.hu\/hirek\/wp-content\/uploads\/2023\/03\/legiforgalom-iranyitas.jpg","og:image:secure_url":"https:\/\/allasorias.hu\/hirek\/wp-content\/uploads\/2023\/03\/legiforgalom-iranyitas.jpg","og:image:width":1280,"og:image:height":855,"article:published_time":"2023-03-10T09:37:17+00:00","article:modified_time":"2025-05-09T13:37:20+00:00","article:publisher":"https:\/\/www.facebook.com\/allasorias","twitter:card":"summary_large_image","twitter:title":"L\u00e9giforgalmi ir\u00e1ny\u00edt\u00f3k keresnek a legt\u00f6bbet","twitter:description":"Haz\u00e1nkban legt\u00f6bbet a l\u00e9gi forgalmi ir\u00e1ny\u00edt\u00f3k keresnek, \u0151ket a szakorvosok k\u00f6vetik, majd k\u00f6vetkeznek az \u00e1llamtitk\u00e1rok.","twitter:image":"https:\/\/allasorias.hu\/hirek\/wp-content\/uploads\/2023\/03\/legiforgalom-iranyitas.jpg","twitter:label1":"Written by","twitter:data1":"Juh\u00e1sz P\u00e9ter","twitter:label2":"Est. reading time","twitter:data2":"1 minute"},"aioseo_meta_data":{"post_id":"6306","title":"L\u00e9giforgalmi ir\u00e1ny\u00edt\u00f3k keresnek a legt\u00f6bbet","description":"Haz\u00e1nkban legt\u00f6bbet a l\u00e9gi forgalmi ir\u00e1ny\u00edt\u00f3k keresnek, \u0151ket a szakorvosok k\u00f6vetik, majd k\u00f6vetkeznek az \u00e1llamtitk\u00e1rok.","keywords":null,"keyphrases":{"focus":{"keyphrase":"","score":0,"analysis":{"keyphraseInTitle":{"score":0,"maxScore":9,"error":1}}},"additional":[]},"primary_term":null,"canonical_url":null,"og_title":null,"og_description":null,"og_object_type":"default","og_image_type":"default","og_image_url":null,"og_image_width":null,"og_image_height":null,"og_image_custom_url":null,"og_image_custom_fields":null,"og_video":"","og_custom_url":null,"og_article_section":null,"og_article_tags":null,"twitter_use_og":true,"twitter_card":"default","twitter_image_type":"default","twitter_image_url":null,"twitter_image_custom_url":null,"twitter_image_custom_fields":null,"twitter_title":null,"twitter_description":null,"schema":{"blockGraphs":[],"customGraphs":[],"default":{"data":{"Article":[],"Course":[],"Dataset":[],"FAQPage":[],"Movie":[],"Person":[],"Product":[],"ProductReview":[],"Car":[],"Recipe":[],"Service":[],"SoftwareApplication":[],"WebPage":[]},"graphName":"Article","isEnabled":true},"graphs":[]},"schema_type":"default","schema_type_options":null,"pillar_content":false,"robots_default":true,"robots_noindex":false,"robots_noarchive":false,"robots_nosnippet":false,"robots_nofollow":false,"robots_noimageindex":false,"robots_noodp":false,"robots_notranslate":false,"robots_max_snippet":"-1","robots_max_videopreview":"-1","robots_max_imagepreview":"large","priority":null,"frequency":"default","location":null,"local_seo":null,"breadcrumb_settings":null,"limit_modified_date":false,"ai":null,"created":"2023-03-10 09:26:38","updated":"2025-10-02 18:12:01","seo_analyzer_scan_date":null,"focus_keyword":null,"additional_keywords":null,"truseo_locale":null},"aioseo_breadcrumb":"<div class=\"aioseo-breadcrumbs\"><span class=\"aioseo-breadcrumb\">\n\t\t\t<a href=\"https:\/\/allasorias.hu\/hirek\" title=\"Home\">Home<\/a>\n\t\t<\/span><span class=\"aioseo-breadcrumb-separator\">&raquo;<\/span><span class=\"aioseo-breadcrumb\">\n\t\t\t<a href=\"https:\/\/allasorias.hu\/hirek\/temak\/munkaeropiac\/\" title=\"Munkaer\u0151piac\">Munkaer\u0151piac<\/a>\n\t\t<\/span><span class=\"aioseo-breadcrumb-separator\">&raquo;<\/span><span class=\"aioseo-breadcrumb\">\n\t\t\tMagyarorsz\u00e1gon a l\u00e9giforgalom ir\u00e1ny\u00edt\u00f3k keresnek a legt\u00f6bbet\n\t\t<\/span><\/div>","aioseo_breadcrumb_json":[{"label":"Home","link":"https:\/\/allasorias.hu\/hirek"},{"label":"Munkaer\u0151piac","link":"https:\/\/allasorias.hu\/hirek\/temak\/munkaeropiac\/"},{"label":"Magyarorsz\u00e1gon a l\u00e9giforgalom ir\u00e1ny\u00edt\u00f3k keresnek a legt\u00f6bbet","link":"https:\/\/allasorias.hu\/hirek\/magyarorszagon-a-legiforgalom-iranyitok-keresnek-a-legtobbet\/"}],"_links":{"self":[{"href":"https:\/\/allasorias.hu\/hirek\/wp-json\/wp\/v2\/posts\/6306","targetHints":{"allow":["GET"]}}],"collection":[{"href":"https:\/\/allasorias.hu\/hirek\/wp-json\/wp\/v2\/posts"}],"about":[{"href":"https:\/\/allasorias.hu\/hirek\/wp-json\/wp\/v2\/types\/post"}],"author":[{"embeddable":true,"href":"https:\/\/allasorias.hu\/hirek\/wp-json\/wp\/v2\/users\/1"}],"replies":[{"embeddable":true,"href":"https:\/\/allasorias.hu\/hirek\/wp-json\/wp\/v2\/comments?post=6306"}],"version-history":[{"count":1,"href":"https:\/\/allasorias.hu\/hirek\/wp-json\/wp\/v2\/posts\/6306\/revisions"}],"predecessor-version":[{"id":6308,"href":"https:\/\/allasorias.hu\/hirek\/wp-json\/wp\/v2\/posts\/6306\/revisions\/6308"}],"wp:featuredmedia":[{"embeddable":true,"href":"https:\/\/allasorias.hu\/hirek\/wp-json\/wp\/v2\/media\/6307"}],"wp:attachment":[{"href":"https:\/\/allasorias.hu\/hirek\/wp-json\/wp\/v2\/media?parent=6306"}],"wp:term":[{"taxonomy":"category","embeddable":true,"href":"https:\/\/allasorias.hu\/hirek\/wp-json\/wp\/v2\/categories?post=6306"},{"taxonomy":"post_tag","embeddable":true,"href":"https:\/\/allasorias.hu\/hirek\/wp-json\/wp\/v2\/tags?post=6306"}],"curies":[{"name":"wp","href":"https:\/\/api.w.org\/{rel}","templated":true}]}}